{"id":32532,"date":"2024-05-05T17:13:17","date_gmt":"2024-05-05T17:13:17","guid":{"rendered":"https:\/\/www.public.sn\/?p=32532"},"modified":"2024-05-05T17:13:17","modified_gmt":"2024-05-05T17:13:17","slug":"saint-louis-deux-fillettes-de-4-et-6-ans-decedent-dans-leffondrement-dune-dalle","status":"publish","type":"post","link":"https:\/\/www.public.sn\/index.php\/2024\/05\/05\/saint-louis-deux-fillettes-de-4-et-6-ans-decedent-dans-leffondrement-dune-dalle\/","title":{"rendered":"Saint-Louis : Deux fillettes de 4 et 6 ans d\u00e9c\u00e8dent dans l\u2019effondrement d\u2019une dalle"},"content":{"rendered":"<div class=\"texte\">\n<div class=\"access firstletter\">\n<div><strong>Les populations de la Cit\u00e9 Niakh de Saint-Louis sont dans la tristesse et la consternation. Selon les informations de Ndarinfo, une dalle d\u2019une maison en \u00e9tat de d\u00e9labrement avanc\u00e9 s\u2019est affaiss\u00e9e sur une famille, emportant deux fillettes de 4 et 6 ans, ce dimanche 05 mai 2024.<\/strong><\/div>\n<div><\/div>\n<div>\nLa m\u00eame source renseigne que leur m\u00e8re a \u00e9t\u00e9 admise aux urgences de l\u2019h\u00f4pital r\u00e9gional de Saint-Louis. Selon un responsable du quartier joint par Ndarinfo, la concession \u00e9tait en chantier et les occupants n\u2019y passaient que la nuit.<\/div>\n<\/div>\n<\/div>\n<div class=\"hide_module_inside\">\n<div id=\"mod_4047092\" class=\"mod_4047092 wm-module fullbackground  module-article_connexe\">\n<div class=\"entete\"><\/div>\n<\/div>\n<\/div>\n<div class=\"publi-apres-le-contenu\" style=\"margin-top: 10px;margin-bottom: 10px;margin-left: auto;margin-right: auto;text-align: center;\" id=\"publi-1585061548\"><div class=\"publi-adlabel\">Publicit\u00e9<\/div><script async src=\"\/\/pagead2.googlesyndication.com\/pagead\/js\/adsbygoogle.js?client=ca-pub-4089586018074219\" crossorigin=\"anonymous\"><\/script><ins class=\"adsbygoogle\" style=\"display:block;\" data-ad-client=\"ca-pub-4089586018074219\" \ndata-ad-slot=\"2087940154\" \ndata-ad-format=\"auto\"><\/ins>\n<script> \n(adsbygoogle = window.adsbygoogle || []).push({}); \n<\/script>\n<\/div>","protected":false},"excerpt":{"rendered":"<p>Les populations de la Cit\u00e9 Niakh de Saint-Louis sont dans la tristesse et la consternation. Selon les informations de Ndarinfo, une dalle d\u2019une maison en \u00e9tat de d\u00e9labrement avanc\u00e9 s\u2019est affaiss\u00e9e sur une famille, emportant deux fillettes de 4 et 6 ans, ce dimanche 05 mai 2024. La m\u00eame source renseigne que leur m\u00e8re a \u00e9t\u00e9 admise aux urgences de l\u2019h\u00f4pital r\u00e9gional de Saint-Louis. Selon un responsable du quartier joint par Ndarinfo, la concession \u00e9tait en chantier et les occupants n\u2019y passaient que la nuit.<\/p>\n","protected":false},"author":13,"featured_media":32533,"comment_status":"open","ping_status":"open","sticky":false,"template":"","format":"standard","meta":{"_jetpack_memberships_contains_paid_content":false,"footnotes":""},"categories":[375],"tags":[102,99,827,744,12,68,112,33,30,353],"class_list":["post-32532","post","type-post","status-publish","format-standard","has-post-thumbnail","hentry","category-actualites","tag-accident","tag-adji-sarr","tag-aliou-cisse","tag-amadou-ba","tag-assemblee-nationale","tag-football","tag-guy-marius-sagna","tag-kaolack","tag-khalifa-sall","tag-lonase","entry","has-media","owp-thumbs-layout-horizontal","owp-btn-normal","owp-tabs-layout-horizontal","has-no-thumbnails","has-product-nav"],"yoast_head":"<!-- This site is optimized with the Yoast SEO plugin v25.5 - https:\/\/yoast.com\/wordpress\/plugins\/seo\/ -->\n<title>Saint-Louis : Deux fillettes de 4 et 6 ans d\u00e9c\u00e8dent dans l\u2019effondrement d\u2019une dalle - LE PUBLIC<\/title>\n<meta name=\"description\" content=\"Les populations de la Cit\u00e9 Niakh de Saint-Louis sont dans la tristesse et la consternation. Selon les informations de Ndarinfo, une dalle d\u2019une maison en \u00e9tat de d\u00e9labrement avanc\u00e9 s\u2019est affaiss\u00e9e sur une famille, emportant deux fillettes de 4 et 6 ans, ce dimanche 05 mai 2024.\" \/>\n<meta name=\"robots\" content=\"index, follow, max-snippet:-1, max-image-preview:large, max-video-preview:-1\" \/>\n<link rel=\"canonical\" href=\"https:\/\/www.public.sn\/index.php\/2024\/05\/05\/saint-louis-deux-fillettes-de-4-et-6-ans-decedent-dans-leffondrement-dune-dalle\/\" \/>\n<meta property=\"og:locale\" content=\"fr_FR\" \/>\n<meta property=\"og:type\" content=\"article\" \/>\n<meta property=\"og:title\" content=\"Saint-Louis : Deux fillettes de 4 et 6 ans d\u00e9c\u00e8dent dans l\u2019effondrement d\u2019une dalle - LE PUBLIC\" \/>\n<meta property=\"og:description\" content=\"Les populations de la Cit\u00e9 Niakh de Saint-Louis sont dans la tristesse et la consternation. Selon les informations de Ndarinfo, une dalle d\u2019une maison en \u00e9tat de d\u00e9labrement avanc\u00e9 s\u2019est affaiss\u00e9e sur une famille, emportant deux fillettes de 4 et 6 ans, ce dimanche 05 mai 2024.\" \/>\n<meta property=\"og:url\" content=\"https:\/\/www.public.sn\/index.php\/2024\/05\/05\/saint-louis-deux-fillettes-de-4-et-6-ans-decedent-dans-leffondrement-dune-dalle\/\" \/>\n<meta property=\"og:site_name\" content=\"LE PUBLIC\" \/>\n<meta property=\"article:published_time\" content=\"2024-05-05T17:13:17+00:00\" \/>\n<meta property=\"og:image\" content=\"https:\/\/www.public.sn\/wp-content\/uploads\/2024\/05\/images-1.jpeg\" \/>\n\t<meta property=\"og:image:width\" content=\"287\" \/>\n\t<meta property=\"og:image:height\" content=\"176\" \/>\n\t<meta property=\"og:image:type\" content=\"image\/jpeg\" \/>\n<meta name=\"author\" content=\"Abdou SARR\" \/>\n<meta name=\"twitter:card\" content=\"summary_large_image\" \/>\n<meta name=\"twitter:label1\" content=\"\u00c9crit par\" \/>\n\t<meta name=\"twitter:data1\" content=\"Abdou SARR\" \/>\n\t<meta name=\"twitter:label2\" content=\"Dur\u00e9e de lecture estim\u00e9e\" \/>\n\t<meta name=\"twitter:data2\" content=\"1 minute\" \/>\n<script type=\"application\/ld+json\" class=\"yoast-schema-graph\">{\"@context\":\"https:\/\/schema.org\",\"@graph\":[{\"@type\":\"Article\",\"@id\":\"https:\/\/www.public.sn\/index.php\/2024\/05\/05\/saint-louis-deux-fillettes-de-4-et-6-ans-decedent-dans-leffondrement-dune-dalle\/#article\",\"isPartOf\":{\"@id\":\"https:\/\/www.public.sn\/index.php\/2024\/05\/05\/saint-louis-deux-fillettes-de-4-et-6-ans-decedent-dans-leffondrement-dune-dalle\/\"},\"author\":{\"name\":\"Abdou SARR\",\"@id\":\"https:\/\/www.public.sn\/#\/schema\/person\/8fc5465b19f9ea9cf2212d8ca13397e3\"},\"headline\":\"Saint-Louis : Deux fillettes de 4 et 6 ans d\u00e9c\u00e8dent dans l\u2019effondrement d\u2019une dalle\",\"datePublished\":\"2024-05-05T17:13:17+00:00\",\"mainEntityOfPage\":{\"@id\":\"https:\/\/www.public.sn\/index.php\/2024\/05\/05\/saint-louis-deux-fillettes-de-4-et-6-ans-decedent-dans-leffondrement-dune-dalle\/\"},\"wordCount\":106,\"commentCount\":0,\"publisher\":{\"@id\":\"https:\/\/www.public.sn\/#organization\"},\"image\":{\"@id\":\"https:\/\/www.public.sn\/index.php\/2024\/05\/05\/saint-louis-deux-fillettes-de-4-et-6-ans-decedent-dans-leffondrement-dune-dalle\/#primaryimage\"},\"thumbnailUrl\":\"https:\/\/www.public.sn\/wp-content\/uploads\/2024\/05\/images-1.jpeg\",\"keywords\":[\"Accident\",\"Adji Sarr\",\"Aliou Ciss\u00e9\",\"Amadou Ba\",\"Assembl\u00e9e Nationale\",\"Football\",\"Guy Marius Sagna\",\"Kaolack\",\"Khalifa Sall\",\"Lonase\"],\"articleSection\":[\"ACTUALIT\u00c9S\"],\"inLanguage\":\"fr-FR\",\"potentialAction\":[{\"@type\":\"CommentAction\",\"name\":\"Comment\",\"target\":[\"https:\/\/www.public.sn\/index.php\/2024\/05\/05\/saint-louis-deux-fillettes-de-4-et-6-ans-decedent-dans-leffondrement-dune-dalle\/#respond\"]}]},{\"@type\":\"WebPage\",\"@id\":\"https:\/\/www.public.sn\/index.php\/2024\/05\/05\/saint-louis-deux-fillettes-de-4-et-6-ans-decedent-dans-leffondrement-dune-dalle\/\",\"url\":\"https:\/\/www.public.sn\/index.php\/2024\/05\/05\/saint-louis-deux-fillettes-de-4-et-6-ans-decedent-dans-leffondrement-dune-dalle\/\",\"name\":\"Saint-Louis : Deux fillettes de 4 et 6 ans d\u00e9c\u00e8dent dans l\u2019effondrement d\u2019une dalle - LE PUBLIC\",\"isPartOf\":{\"@id\":\"https:\/\/www.public.sn\/#website\"},\"primaryImageOfPage\":{\"@id\":\"https:\/\/www.public.sn\/index.php\/2024\/05\/05\/saint-louis-deux-fillettes-de-4-et-6-ans-decedent-dans-leffondrement-dune-dalle\/#primaryimage\"},\"image\":{\"@id\":\"https:\/\/www.public.sn\/index.php\/2024\/05\/05\/saint-louis-deux-fillettes-de-4-et-6-ans-decedent-dans-leffondrement-dune-dalle\/#primaryimage\"},\"thumbnailUrl\":\"https:\/\/www.public.sn\/wp-content\/uploads\/2024\/05\/images-1.jpeg\",\"datePublished\":\"2024-05-05T17:13:17+00:00\",\"description\":\"Les populations de la Cit\u00e9 Niakh de Saint-Louis sont dans la tristesse et la consternation. Selon les informations de Ndarinfo, une dalle d\u2019une maison en \u00e9tat de d\u00e9labrement avanc\u00e9 s\u2019est affaiss\u00e9e sur une famille, emportant deux fillettes de 4 et 6 ans, ce dimanche 05 mai 2024.\",\"breadcrumb\":{\"@id\":\"https:\/\/www.public.sn\/index.php\/2024\/05\/05\/saint-louis-deux-fillettes-de-4-et-6-ans-decedent-dans-leffondrement-dune-dalle\/#breadcrumb\"},\"inLanguage\":\"fr-FR\",\"potentialAction\":[{\"@type\":\"ReadAction\",\"target\":[\"https:\/\/www.public.sn\/index.php\/2024\/05\/05\/saint-louis-deux-fillettes-de-4-et-6-ans-decedent-dans-leffondrement-dune-dalle\/\"]}]},{\"@type\":\"ImageObject\",\"inLanguage\":\"fr-FR\",\"@id\":\"https:\/\/www.public.sn\/index.php\/2024\/05\/05\/saint-louis-deux-fillettes-de-4-et-6-ans-decedent-dans-leffondrement-dune-dalle\/#primaryimage\",\"url\":\"https:\/\/www.public.sn\/wp-content\/uploads\/2024\/05\/images-1.jpeg\",\"contentUrl\":\"https:\/\/www.public.sn\/wp-content\/uploads\/2024\/05\/images-1.jpeg\",\"width\":287,\"height\":176},{\"@type\":\"BreadcrumbList\",\"@id\":\"https:\/\/www.public.sn\/index.php\/2024\/05\/05\/saint-louis-deux-fillettes-de-4-et-6-ans-decedent-dans-leffondrement-dune-dalle\/#breadcrumb\",\"itemListElement\":[{\"@type\":\"ListItem\",\"position\":1,\"name\":\"Accueil\",\"item\":\"https:\/\/www.public.sn\/\"},{\"@type\":\"ListItem\",\"position\":2,\"name\":\"Saint-Louis : Deux fillettes de 4 et 6 ans d\u00e9c\u00e8dent dans l\u2019effondrement d\u2019une dalle\"}]},{\"@type\":\"WebSite\",\"@id\":\"https:\/\/www.public.sn\/#website\",\"url\":\"https:\/\/www.public.sn\/\",\"name\":\"LE PUBLIC\",\"description\":\"\",\"publisher\":{\"@id\":\"https:\/\/www.public.sn\/#organization\"},\"potentialAction\":[{\"@type\":\"SearchAction\",\"target\":{\"@type\":\"EntryPoint\",\"urlTemplate\":\"https:\/\/www.public.sn\/?s={search_term_string}\"},\"query-input\":{\"@type\":\"PropertyValueSpecification\",\"valueRequired\":true,\"valueName\":\"search_term_string\"}}],\"inLanguage\":\"fr-FR\"},{\"@type\":\"Organization\",\"@id\":\"https:\/\/www.public.sn\/#organization\",\"name\":\"LE PUBLIC\",\"url\":\"https:\/\/www.public.sn\/\",\"logo\":{\"@type\":\"ImageObject\",\"inLanguage\":\"fr-FR\",\"@id\":\"https:\/\/www.public.sn\/#\/schema\/logo\/image\/\",\"url\":\"https:\/\/www.public.sn\/wp-content\/uploads\/2024\/05\/cropped-LOGO-PUBLIC.SN_.png\",\"contentUrl\":\"https:\/\/www.public.sn\/wp-content\/uploads\/2024\/05\/cropped-LOGO-PUBLIC.SN_.png\",\"width\":682,\"height\":192,\"caption\":\"LE PUBLIC\"},\"image\":{\"@id\":\"https:\/\/www.public.sn\/#\/schema\/logo\/image\/\"}},{\"@type\":\"Person\",\"@id\":\"https:\/\/www.public.sn\/#\/schema\/person\/8fc5465b19f9ea9cf2212d8ca13397e3\",\"name\":\"Abdou SARR\",\"image\":{\"@type\":\"ImageObject\",\"inLanguage\":\"fr-FR\",\"@id\":\"https:\/\/www.public.sn\/#\/schema\/person\/image\/\",\"url\":\"https:\/\/secure.gravatar.com\/avatar\/1d5c1e6773c91217fbf1820ce89547e8b07a0eaffc48d779672f06c28be4b151?s=96&d=mm&r=g\",\"contentUrl\":\"https:\/\/secure.gravatar.com\/avatar\/1d5c1e6773c91217fbf1820ce89547e8b07a0eaffc48d779672f06c28be4b151?s=96&d=mm&r=g\",\"caption\":\"Abdou SARR\"},\"url\":\"https:\/\/www.public.sn\/index.php\/author\/dousarr24\/\"}]}<\/script>\n<!-- \/ Yoast SEO plugin. -->","yoast_head_json":{"title":"Saint-Louis : Deux fillettes de 4 et 6 ans d\u00e9c\u00e8dent dans l\u2019effondrement d\u2019une dalle - LE PUBLIC","description":"Les populations de la Cit\u00e9 Niakh de Saint-Louis sont dans la tristesse et la consternation. Selon les informations de Ndarinfo, une dalle d\u2019une maison en \u00e9tat de d\u00e9labrement avanc\u00e9 s\u2019est affaiss\u00e9e sur une famille, emportant deux fillettes de 4 et 6 ans, ce dimanche 05 mai 2024.","robots":{"index":"index","follow":"follow","max-snippet":"max-snippet:-1","max-image-preview":"max-image-preview:large","max-video-preview":"max-video-preview:-1"},"canonical":"https:\/\/www.public.sn\/index.php\/2024\/05\/05\/saint-louis-deux-fillettes-de-4-et-6-ans-decedent-dans-leffondrement-dune-dalle\/","og_locale":"fr_FR","og_type":"article","og_title":"Saint-Louis : Deux fillettes de 4 et 6 ans d\u00e9c\u00e8dent dans l\u2019effondrement d\u2019une dalle - LE PUBLIC","og_description":"Les populations de la Cit\u00e9 Niakh de Saint-Louis sont dans la tristesse et la consternation. Selon les informations de Ndarinfo, une dalle d\u2019une maison en \u00e9tat de d\u00e9labrement avanc\u00e9 s\u2019est affaiss\u00e9e sur une famille, emportant deux fillettes de 4 et 6 ans, ce dimanche 05 mai 2024.","og_url":"https:\/\/www.public.sn\/index.php\/2024\/05\/05\/saint-louis-deux-fillettes-de-4-et-6-ans-decedent-dans-leffondrement-dune-dalle\/","og_site_name":"LE PUBLIC","article_published_time":"2024-05-05T17:13:17+00:00","og_image":[{"width":287,"height":176,"url":"https:\/\/www.public.sn\/wp-content\/uploads\/2024\/05\/images-1.jpeg","type":"image\/jpeg"}],"author":"Abdou SARR","twitter_card":"summary_large_image","twitter_misc":{"\u00c9crit par":"Abdou SARR","Dur\u00e9e de lecture estim\u00e9e":"1 minute"},"schema":{"@context":"https:\/\/schema.org","@graph":[{"@type":"Article","@id":"https:\/\/www.public.sn\/index.php\/2024\/05\/05\/saint-louis-deux-fillettes-de-4-et-6-ans-decedent-dans-leffondrement-dune-dalle\/#article","isPartOf":{"@id":"https:\/\/www.public.sn\/index.php\/2024\/05\/05\/saint-louis-deux-fillettes-de-4-et-6-ans-decedent-dans-leffondrement-dune-dalle\/"},"author":{"name":"Abdou SARR","@id":"https:\/\/www.public.sn\/#\/schema\/person\/8fc5465b19f9ea9cf2212d8ca13397e3"},"headline":"Saint-Louis : Deux fillettes de 4 et 6 ans d\u00e9c\u00e8dent dans l\u2019effondrement d\u2019une dalle","datePublished":"2024-05-05T17:13:17+00:00","mainEntityOfPage":{"@id":"https:\/\/www.public.sn\/index.php\/2024\/05\/05\/saint-louis-deux-fillettes-de-4-et-6-ans-decedent-dans-leffondrement-dune-dalle\/"},"wordCount":106,"commentCount":0,"publisher":{"@id":"https:\/\/www.public.sn\/#organization"},"image":{"@id":"https:\/\/www.public.sn\/index.php\/2024\/05\/05\/saint-louis-deux-fillettes-de-4-et-6-ans-decedent-dans-leffondrement-dune-dalle\/#primaryimage"},"thumbnailUrl":"https:\/\/www.public.sn\/wp-content\/uploads\/2024\/05\/images-1.jpeg","keywords":["Accident","Adji Sarr","Aliou Ciss\u00e9","Amadou Ba","Assembl\u00e9e Nationale","Football","Guy Marius Sagna","Kaolack","Khalifa Sall","Lonase"],"articleSection":["ACTUALIT\u00c9S"],"inLanguage":"fr-FR","potentialAction":[{"@type":"CommentAction","name":"Comment","target":["https:\/\/www.public.sn\/index.php\/2024\/05\/05\/saint-louis-deux-fillettes-de-4-et-6-ans-decedent-dans-leffondrement-dune-dalle\/#respond"]}]},{"@type":"WebPage","@id":"https:\/\/www.public.sn\/index.php\/2024\/05\/05\/saint-louis-deux-fillettes-de-4-et-6-ans-decedent-dans-leffondrement-dune-dalle\/","url":"https:\/\/www.public.sn\/index.php\/2024\/05\/05\/saint-louis-deux-fillettes-de-4-et-6-ans-decedent-dans-leffondrement-dune-dalle\/","name":"Saint-Louis : Deux fillettes de 4 et 6 ans d\u00e9c\u00e8dent dans l\u2019effondrement d\u2019une dalle - LE PUBLIC","isPartOf":{"@id":"https:\/\/www.public.sn\/#website"},"primaryImageOfPage":{"@id":"https:\/\/www.public.sn\/index.php\/2024\/05\/05\/saint-louis-deux-fillettes-de-4-et-6-ans-decedent-dans-leffondrement-dune-dalle\/#primaryimage"},"image":{"@id":"https:\/\/www.public.sn\/index.php\/2024\/05\/05\/saint-louis-deux-fillettes-de-4-et-6-ans-decedent-dans-leffondrement-dune-dalle\/#primaryimage"},"thumbnailUrl":"https:\/\/www.public.sn\/wp-content\/uploads\/2024\/05\/images-1.jpeg","datePublished":"2024-05-05T17:13:17+00:00","description":"Les populations de la Cit\u00e9 Niakh de Saint-Louis sont dans la tristesse et la consternation. Selon les informations de Ndarinfo, une dalle d\u2019une maison en \u00e9tat de d\u00e9labrement avanc\u00e9 s\u2019est affaiss\u00e9e sur une famille, emportant deux fillettes de 4 et 6 ans, ce dimanche 05 mai 2024.","breadcrumb":{"@id":"https:\/\/www.public.sn\/index.php\/2024\/05\/05\/saint-louis-deux-fillettes-de-4-et-6-ans-decedent-dans-leffondrement-dune-dalle\/#breadcrumb"},"inLanguage":"fr-FR","potentialAction":[{"@type":"ReadAction","target":["https:\/\/www.public.sn\/index.php\/2024\/05\/05\/saint-louis-deux-fillettes-de-4-et-6-ans-decedent-dans-leffondrement-dune-dalle\/"]}]},{"@type":"ImageObject","inLanguage":"fr-FR","@id":"https:\/\/www.public.sn\/index.php\/2024\/05\/05\/saint-louis-deux-fillettes-de-4-et-6-ans-decedent-dans-leffondrement-dune-dalle\/#primaryimage","url":"https:\/\/www.public.sn\/wp-content\/uploads\/2024\/05\/images-1.jpeg","contentUrl":"https:\/\/www.public.sn\/wp-content\/uploads\/2024\/05\/images-1.jpeg","width":287,"height":176},{"@type":"BreadcrumbList","@id":"https:\/\/www.public.sn\/index.php\/2024\/05\/05\/saint-louis-deux-fillettes-de-4-et-6-ans-decedent-dans-leffondrement-dune-dalle\/#breadcrumb","itemListElement":[{"@type":"ListItem","position":1,"name":"Accueil","item":"https:\/\/www.public.sn\/"},{"@type":"ListItem","position":2,"name":"Saint-Louis : Deux fillettes de 4 et 6 ans d\u00e9c\u00e8dent dans l\u2019effondrement d\u2019une dalle"}]},{"@type":"WebSite","@id":"https:\/\/www.public.sn\/#website","url":"https:\/\/www.public.sn\/","name":"LE PUBLIC","description":"","publisher":{"@id":"https:\/\/www.public.sn\/#organization"},"potentialAction":[{"@type":"SearchAction","target":{"@type":"EntryPoint","urlTemplate":"https:\/\/www.public.sn\/?s={search_term_string}"},"query-input":{"@type":"PropertyValueSpecification","valueRequired":true,"valueName":"search_term_string"}}],"inLanguage":"fr-FR"},{"@type":"Organization","@id":"https:\/\/www.public.sn\/#organization","name":"LE PUBLIC","url":"https:\/\/www.public.sn\/","logo":{"@type":"ImageObject","inLanguage":"fr-FR","@id":"https:\/\/www.public.sn\/#\/schema\/logo\/image\/","url":"https:\/\/www.public.sn\/wp-content\/uploads\/2024\/05\/cropped-LOGO-PUBLIC.SN_.png","contentUrl":"https:\/\/www.public.sn\/wp-content\/uploads\/2024\/05\/cropped-LOGO-PUBLIC.SN_.png","width":682,"height":192,"caption":"LE PUBLIC"},"image":{"@id":"https:\/\/www.public.sn\/#\/schema\/logo\/image\/"}},{"@type":"Person","@id":"https:\/\/www.public.sn\/#\/schema\/person\/8fc5465b19f9ea9cf2212d8ca13397e3","name":"Abdou SARR","image":{"@type":"ImageObject","inLanguage":"fr-FR","@id":"https:\/\/www.public.sn\/#\/schema\/person\/image\/","url":"https:\/\/secure.gravatar.com\/avatar\/1d5c1e6773c91217fbf1820ce89547e8b07a0eaffc48d779672f06c28be4b151?s=96&d=mm&r=g","contentUrl":"https:\/\/secure.gravatar.com\/avatar\/1d5c1e6773c91217fbf1820ce89547e8b07a0eaffc48d779672f06c28be4b151?s=96&d=mm&r=g","caption":"Abdou SARR"},"url":"https:\/\/www.public.sn\/index.php\/author\/dousarr24\/"}]}},"jetpack_featured_media_url":"https:\/\/www.public.sn\/wp-content\/uploads\/2024\/05\/images-1.jpeg","jetpack_sharing_enabled":true,"_links":{"self":[{"href":"https:\/\/www.public.sn\/index.php\/wp-json\/wp\/v2\/posts\/32532","targetHints":{"allow":["GET"]}}],"collection":[{"href":"https:\/\/www.public.sn\/index.php\/wp-json\/wp\/v2\/posts"}],"about":[{"href":"https:\/\/www.public.sn\/index.php\/wp-json\/wp\/v2\/types\/post"}],"author":[{"embeddable":true,"href":"https:\/\/www.public.sn\/index.php\/wp-json\/wp\/v2\/users\/13"}],"replies":[{"embeddable":true,"href":"https:\/\/www.public.sn\/index.php\/wp-json\/wp\/v2\/comments?post=32532"}],"version-history":[{"count":1,"href":"https:\/\/www.public.sn\/index.php\/wp-json\/wp\/v2\/posts\/32532\/revisions"}],"predecessor-version":[{"id":32534,"href":"https:\/\/www.public.sn\/index.php\/wp-json\/wp\/v2\/posts\/32532\/revisions\/32534"}],"wp:featuredmedia":[{"embeddable":true,"href":"https:\/\/www.public.sn\/index.php\/wp-json\/wp\/v2\/media\/32533"}],"wp:attachment":[{"href":"https:\/\/www.public.sn\/index.php\/wp-json\/wp\/v2\/media?parent=32532"}],"wp:term":[{"taxonomy":"category","embeddable":true,"href":"https:\/\/www.public.sn\/index.php\/wp-json\/wp\/v2\/categories?post=32532"},{"taxonomy":"post_tag","embeddable":true,"href":"https:\/\/www.public.sn\/index.php\/wp-json\/wp\/v2\/tags?post=32532"}],"curies":[{"name":"wp","href":"https:\/\/api.w.org\/{rel}","templated":true}]}}