{"id":32546,"date":"2024-05-06T12:03:33","date_gmt":"2024-05-06T12:03:33","guid":{"rendered":"https:\/\/www.public.sn\/?p=32546"},"modified":"2024-05-06T12:03:33","modified_gmt":"2024-05-06T12:03:33","slug":"maimouna-dieye-refuse-de-demissionner-a-la-mairie","status":"publish","type":"post","link":"https:\/\/www.public.sn\/index.php\/2024\/05\/06\/maimouna-dieye-refuse-de-demissionner-a-la-mairie\/","title":{"rendered":"Ma\u00efmouna Di\u00e8ye refuse de d\u00e9missionner \u00e0 la mairie"},"content":{"rendered":"<p class=\"firstp\">La mairesse de Patte D\u2019oie Maimouna Di\u00e8ye d\u00e9fierait-il le PM Ousmane Sonko qui a demand\u00e9 \u00e0 ses ministres de se d\u00e9charger de toutes responsabilit\u00e9s \u00e9lectives ?<\/p><div class=\"publi-paragraphe1\" style=\"margin-top: 10px;margin-bottom: 10px;margin-left: auto;margin-right: auto;text-align: center;\" id=\"publi-3624347031\"><div class=\"publi-adlabel\">Publicit\u00e9<\/div><script async src=\"\/\/pagead2.googlesyndication.com\/pagead\/js\/adsbygoogle.js?client=ca-pub-4089586018074219\" crossorigin=\"anonymous\"><\/script><ins class=\"adsbygoogle\" style=\"display:block;\" data-ad-client=\"ca-pub-4089586018074219\" \ndata-ad-slot=\"2087940154\" \ndata-ad-format=\"auto\"><\/ins>\n<script> \n(adsbygoogle = window.adsbygoogle || []).push({}); \n<\/script>\n<\/div>\n<p>&nbsp;<\/p>\n<div id=\"responsiveinpost\" class=\"homeAds\">C\u2019est SourceA qui balance l\u2019info. Maimouna Di\u00e8ye refuse de d\u00e9missionner de son poste de maire de la commune de Patte d\u2019Oie. Pourtant le chef du gouvernement avait annonc\u00e9 que tous les ministres doivent quitter leur poste \u00e9lectif pour se consacrer \u00e0 leur mission de ministre de la R\u00e9publique. Ce faisant, il avait donn\u00e9 un d\u00e9lai d\u2019un mois \u00e0 tous les ministres qui cumule un mandat \u00e9lectif.<\/div>\n<div><\/div>\n<div>\n<p>Le d\u00e9lai a expir\u00e9 ce dimanche. Seulement, il faut le dire, tous les ministres n\u2019ont pas respect\u00e9 cette instruction. C\u2019est le cas de la mairesse de la commune de la Patte d\u2019Oie qui\u00a0 reste toujours l\u2019\u00e9dile de sa commune.<\/p>\n<div class=\"homeAds\"><\/div>\n<\/div>\n<div class=\"publi-apres-le-contenu\" style=\"margin-top: 10px;margin-bottom: 10px;margin-left: auto;margin-right: auto;text-align: center;\" id=\"publi-741827151\"><div class=\"publi-adlabel\">Publicit\u00e9<\/div><script async src=\"\/\/pagead2.googlesyndication.com\/pagead\/js\/adsbygoogle.js?client=ca-pub-4089586018074219\" crossorigin=\"anonymous\"><\/script><ins class=\"adsbygoogle\" style=\"display:block;\" data-ad-client=\"ca-pub-4089586018074219\" \ndata-ad-slot=\"2087940154\" \ndata-ad-format=\"auto\"><\/ins>\n<script> \n(adsbygoogle = window.adsbygoogle || []).push({}); \n<\/script>\n<\/div>","protected":false},"excerpt":{"rendered":"<p>La mairesse de Patte D\u2019oie Maimouna Di\u00e8ye d\u00e9fierait-il le PM Ousmane Sonko qui a demand\u00e9 \u00e0 ses ministres de se d\u00e9charger de toutes responsabilit\u00e9s \u00e9lectives ? &nbsp; C\u2019est SourceA qui balance l\u2019info. Maimouna Di\u00e8ye refuse de d\u00e9missionner de son poste de maire de la commune de Patte d\u2019Oie. Pourtant le chef du gouvernement avait annonc\u00e9 que tous les ministres doivent quitter leur poste \u00e9lectif pour se consacrer \u00e0 leur mission de ministre de la R\u00e9publique. Ce faisant, il avait donn\u00e9 un d\u00e9lai d\u2019un mois \u00e0 tous les ministres qui cumule un mandat \u00e9lectif. Le d\u00e9lai a expir\u00e9 ce dimanche. Seulement, il faut le dire, tous les ministres n\u2019ont pas respect\u00e9 cette instruction. C\u2019est le cas de la mairesse de la commune de la Patte d\u2019Oie qui\u00a0 reste toujours l\u2019\u00e9dile de sa commune.<\/p>\n","protected":false},"author":12,"featured_media":32547,"comment_status":"open","ping_status":"open","sticky":false,"template":"","format":"standard","meta":{"_jetpack_memberships_contains_paid_content":false,"footnotes":""},"categories":[375,3,8],"tags":[5636,4336],"class_list":["post-32546","post","type-post","status-publish","format-standard","has-post-thumbnail","hentry","category-actualites","category-politique","category-public-tv","tag-demisison","tag-maimouna-dieye","entry","has-media","owp-thumbs-layout-horizontal","owp-btn-normal","owp-tabs-layout-horizontal","has-no-thumbnails","has-product-nav"],"yoast_head":"<!-- This site is optimized with the Yoast SEO plugin v25.5 - https:\/\/yoast.com\/wordpress\/plugins\/seo\/ -->\n<title>Ma\u00efmouna Di\u00e8ye refuse de d\u00e9missionner \u00e0 la mairie - LE PUBLIC<\/title>\n<meta name=\"robots\" content=\"index, follow, max-snippet:-1, max-image-preview:large, max-video-preview:-1\" \/>\n<link rel=\"canonical\" href=\"https:\/\/www.public.sn\/index.php\/2024\/05\/06\/maimouna-dieye-refuse-de-demissionner-a-la-mairie\/\" \/>\n<meta property=\"og:locale\" content=\"fr_FR\" \/>\n<meta property=\"og:type\" content=\"article\" \/>\n<meta property=\"og:title\" content=\"Ma\u00efmouna Di\u00e8ye refuse de d\u00e9missionner \u00e0 la mairie - LE PUBLIC\" \/>\n<meta property=\"og:description\" content=\"La mairesse de Patte D\u2019oie Maimouna Di\u00e8ye d\u00e9fierait-il le PM Ousmane Sonko qui a demand\u00e9 \u00e0 ses ministres de se d\u00e9charger de toutes responsabilit\u00e9s \u00e9lectives ? &nbsp; C\u2019est SourceA qui balance l\u2019info. Maimouna Di\u00e8ye refuse de d\u00e9missionner de son poste de maire de la commune de Patte d\u2019Oie. Pourtant le chef du gouvernement avait annonc\u00e9 que tous les ministres doivent quitter leur poste \u00e9lectif pour se consacrer \u00e0 leur mission de ministre de la R\u00e9publique. Ce faisant, il avait donn\u00e9 un d\u00e9lai d\u2019un mois \u00e0 tous les ministres qui cumule un mandat \u00e9lectif. Le d\u00e9lai a expir\u00e9 ce dimanche. Seulement, il faut le dire, tous les ministres n\u2019ont pas respect\u00e9 cette instruction. C\u2019est le cas de la mairesse de la commune de la Patte d\u2019Oie qui\u00a0 reste toujours l\u2019\u00e9dile de sa commune.\" \/>\n<meta property=\"og:url\" content=\"https:\/\/www.public.sn\/index.php\/2024\/05\/06\/maimouna-dieye-refuse-de-demissionner-a-la-mairie\/\" \/>\n<meta property=\"og:site_name\" content=\"LE PUBLIC\" \/>\n<meta property=\"article:published_time\" content=\"2024-05-06T12:03:33+00:00\" \/>\n<meta property=\"og:image\" content=\"https:\/\/www.public.sn\/wp-content\/uploads\/2024\/05\/f927bd48112fdfc850b84ccfb8d2731b7c59ac30.png\" \/>\n\t<meta property=\"og:image:width\" content=\"612\" \/>\n\t<meta property=\"og:image:height\" content=\"298\" \/>\n\t<meta property=\"og:image:type\" content=\"image\/png\" \/>\n<meta name=\"author\" content=\"Man\u00e9 Ba\" \/>\n<meta name=\"twitter:card\" content=\"summary_large_image\" \/>\n<meta name=\"twitter:label1\" content=\"\u00c9crit par\" \/>\n\t<meta name=\"twitter:data1\" content=\"Man\u00e9 Ba\" \/>\n\t<meta name=\"twitter:label2\" content=\"Dur\u00e9e de lecture estim\u00e9e\" \/>\n\t<meta name=\"twitter:data2\" content=\"1 minute\" \/>\n<script type=\"application\/ld+json\" class=\"yoast-schema-graph\">{\"@context\":\"https:\/\/schema.org\",\"@graph\":[{\"@type\":\"Article\",\"@id\":\"https:\/\/www.public.sn\/index.php\/2024\/05\/06\/maimouna-dieye-refuse-de-demissionner-a-la-mairie\/#article\",\"isPartOf\":{\"@id\":\"https:\/\/www.public.sn\/index.php\/2024\/05\/06\/maimouna-dieye-refuse-de-demissionner-a-la-mairie\/\"},\"author\":{\"name\":\"Man\u00e9 Ba\",\"@id\":\"https:\/\/www.public.sn\/#\/schema\/person\/0cb769602dc17ecb89fd54a2197a221a\"},\"headline\":\"Ma\u00efmouna Di\u00e8ye refuse de d\u00e9missionner \u00e0 la mairie\",\"datePublished\":\"2024-05-06T12:03:33+00:00\",\"mainEntityOfPage\":{\"@id\":\"https:\/\/www.public.sn\/index.php\/2024\/05\/06\/maimouna-dieye-refuse-de-demissionner-a-la-mairie\/\"},\"wordCount\":156,\"commentCount\":0,\"publisher\":{\"@id\":\"https:\/\/www.public.sn\/#organization\"},\"image\":{\"@id\":\"https:\/\/www.public.sn\/index.php\/2024\/05\/06\/maimouna-dieye-refuse-de-demissionner-a-la-mairie\/#primaryimage\"},\"thumbnailUrl\":\"https:\/\/www.public.sn\/wp-content\/uploads\/2024\/05\/f927bd48112fdfc850b84ccfb8d2731b7c59ac30.png\",\"keywords\":[\"d\u00e9misison\",\"Ma\u00efmouna Di\u00e9ye\"],\"articleSection\":[\"ACTUALIT\u00c9S\",\"POLITIQUE\",\"PUBLIC TV\"],\"inLanguage\":\"fr-FR\",\"potentialAction\":[{\"@type\":\"CommentAction\",\"name\":\"Comment\",\"target\":[\"https:\/\/www.public.sn\/index.php\/2024\/05\/06\/maimouna-dieye-refuse-de-demissionner-a-la-mairie\/#respond\"]}]},{\"@type\":\"WebPage\",\"@id\":\"https:\/\/www.public.sn\/index.php\/2024\/05\/06\/maimouna-dieye-refuse-de-demissionner-a-la-mairie\/\",\"url\":\"https:\/\/www.public.sn\/index.php\/2024\/05\/06\/maimouna-dieye-refuse-de-demissionner-a-la-mairie\/\",\"name\":\"Ma\u00efmouna Di\u00e8ye refuse de d\u00e9missionner \u00e0 la mairie - LE PUBLIC\",\"isPartOf\":{\"@id\":\"https:\/\/www.public.sn\/#website\"},\"primaryImageOfPage\":{\"@id\":\"https:\/\/www.public.sn\/index.php\/2024\/05\/06\/maimouna-dieye-refuse-de-demissionner-a-la-mairie\/#primaryimage\"},\"image\":{\"@id\":\"https:\/\/www.public.sn\/index.php\/2024\/05\/06\/maimouna-dieye-refuse-de-demissionner-a-la-mairie\/#primaryimage\"},\"thumbnailUrl\":\"https:\/\/www.public.sn\/wp-content\/uploads\/2024\/05\/f927bd48112fdfc850b84ccfb8d2731b7c59ac30.png\",\"datePublished\":\"2024-05-06T12:03:33+00:00\",\"breadcrumb\":{\"@id\":\"https:\/\/www.public.sn\/index.php\/2024\/05\/06\/maimouna-dieye-refuse-de-demissionner-a-la-mairie\/#breadcrumb\"},\"inLanguage\":\"fr-FR\",\"potentialAction\":[{\"@type\":\"ReadAction\",\"target\":[\"https:\/\/www.public.sn\/index.php\/2024\/05\/06\/maimouna-dieye-refuse-de-demissionner-a-la-mairie\/\"]}]},{\"@type\":\"ImageObject\",\"inLanguage\":\"fr-FR\",\"@id\":\"https:\/\/www.public.sn\/index.php\/2024\/05\/06\/maimouna-dieye-refuse-de-demissionner-a-la-mairie\/#primaryimage\",\"url\":\"https:\/\/www.public.sn\/wp-content\/uploads\/2024\/05\/f927bd48112fdfc850b84ccfb8d2731b7c59ac30.png\",\"contentUrl\":\"https:\/\/www.public.sn\/wp-content\/uploads\/2024\/05\/f927bd48112fdfc850b84ccfb8d2731b7c59ac30.png\",\"width\":612,\"height\":298},{\"@type\":\"BreadcrumbList\",\"@id\":\"https:\/\/www.public.sn\/index.php\/2024\/05\/06\/maimouna-dieye-refuse-de-demissionner-a-la-mairie\/#breadcrumb\",\"itemListElement\":[{\"@type\":\"ListItem\",\"position\":1,\"name\":\"Accueil\",\"item\":\"https:\/\/www.public.sn\/\"},{\"@type\":\"ListItem\",\"position\":2,\"name\":\"Ma\u00efmouna Di\u00e8ye refuse de d\u00e9missionner \u00e0 la mairie\"}]},{\"@type\":\"WebSite\",\"@id\":\"https:\/\/www.public.sn\/#website\",\"url\":\"https:\/\/www.public.sn\/\",\"name\":\"LE PUBLIC\",\"description\":\"\",\"publisher\":{\"@id\":\"https:\/\/www.public.sn\/#organization\"},\"potentialAction\":[{\"@type\":\"SearchAction\",\"target\":{\"@type\":\"EntryPoint\",\"urlTemplate\":\"https:\/\/www.public.sn\/?s={search_term_string}\"},\"query-input\":{\"@type\":\"PropertyValueSpecification\",\"valueRequired\":true,\"valueName\":\"search_term_string\"}}],\"inLanguage\":\"fr-FR\"},{\"@type\":\"Organization\",\"@id\":\"https:\/\/www.public.sn\/#organization\",\"name\":\"LE PUBLIC\",\"url\":\"https:\/\/www.public.sn\/\",\"logo\":{\"@type\":\"ImageObject\",\"inLanguage\":\"fr-FR\",\"@id\":\"https:\/\/www.public.sn\/#\/schema\/logo\/image\/\",\"url\":\"https:\/\/www.public.sn\/wp-content\/uploads\/2024\/05\/cropped-LOGO-PUBLIC.SN_.png\",\"contentUrl\":\"https:\/\/www.public.sn\/wp-content\/uploads\/2024\/05\/cropped-LOGO-PUBLIC.SN_.png\",\"width\":682,\"height\":192,\"caption\":\"LE PUBLIC\"},\"image\":{\"@id\":\"https:\/\/www.public.sn\/#\/schema\/logo\/image\/\"}},{\"@type\":\"Person\",\"@id\":\"https:\/\/www.public.sn\/#\/schema\/person\/0cb769602dc17ecb89fd54a2197a221a\",\"name\":\"Man\u00e9 Ba\",\"image\":{\"@type\":\"ImageObject\",\"inLanguage\":\"fr-FR\",\"@id\":\"https:\/\/www.public.sn\/#\/schema\/person\/image\/\",\"url\":\"https:\/\/secure.gravatar.com\/avatar\/b31a37f6b2529b7e9303b5aacf26777a86815e524f04961246da8183f5e2535a?s=96&d=mm&r=g\",\"contentUrl\":\"https:\/\/secure.gravatar.com\/avatar\/b31a37f6b2529b7e9303b5aacf26777a86815e524f04961246da8183f5e2535a?s=96&d=mm&r=g\",\"caption\":\"Man\u00e9 Ba\"},\"url\":\"https:\/\/www.public.sn\/index.php\/author\/bamanesen\/\"}]}<\/script>\n<!-- \/ Yoast SEO plugin. -->","yoast_head_json":{"title":"Ma\u00efmouna Di\u00e8ye refuse de d\u00e9missionner \u00e0 la mairie - LE PUBLIC","robots":{"index":"index","follow":"follow","max-snippet":"max-snippet:-1","max-image-preview":"max-image-preview:large","max-video-preview":"max-video-preview:-1"},"canonical":"https:\/\/www.public.sn\/index.php\/2024\/05\/06\/maimouna-dieye-refuse-de-demissionner-a-la-mairie\/","og_locale":"fr_FR","og_type":"article","og_title":"Ma\u00efmouna Di\u00e8ye refuse de d\u00e9missionner \u00e0 la mairie - LE PUBLIC","og_description":"La mairesse de Patte D\u2019oie Maimouna Di\u00e8ye d\u00e9fierait-il le PM Ousmane Sonko qui a demand\u00e9 \u00e0 ses ministres de se d\u00e9charger de toutes responsabilit\u00e9s \u00e9lectives ? &nbsp; C\u2019est SourceA qui balance l\u2019info. Maimouna Di\u00e8ye refuse de d\u00e9missionner de son poste de maire de la commune de Patte d\u2019Oie. Pourtant le chef du gouvernement avait annonc\u00e9 que tous les ministres doivent quitter leur poste \u00e9lectif pour se consacrer \u00e0 leur mission de ministre de la R\u00e9publique. Ce faisant, il avait donn\u00e9 un d\u00e9lai d\u2019un mois \u00e0 tous les ministres qui cumule un mandat \u00e9lectif. Le d\u00e9lai a expir\u00e9 ce dimanche. Seulement, il faut le dire, tous les ministres n\u2019ont pas respect\u00e9 cette instruction. C\u2019est le cas de la mairesse de la commune de la Patte d\u2019Oie qui\u00a0 reste toujours l\u2019\u00e9dile de sa commune.","og_url":"https:\/\/www.public.sn\/index.php\/2024\/05\/06\/maimouna-dieye-refuse-de-demissionner-a-la-mairie\/","og_site_name":"LE PUBLIC","article_published_time":"2024-05-06T12:03:33+00:00","og_image":[{"width":612,"height":298,"url":"https:\/\/www.public.sn\/wp-content\/uploads\/2024\/05\/f927bd48112fdfc850b84ccfb8d2731b7c59ac30.png","type":"image\/png"}],"author":"Man\u00e9 Ba","twitter_card":"summary_large_image","twitter_misc":{"\u00c9crit par":"Man\u00e9 Ba","Dur\u00e9e de lecture estim\u00e9e":"1 minute"},"schema":{"@context":"https:\/\/schema.org","@graph":[{"@type":"Article","@id":"https:\/\/www.public.sn\/index.php\/2024\/05\/06\/maimouna-dieye-refuse-de-demissionner-a-la-mairie\/#article","isPartOf":{"@id":"https:\/\/www.public.sn\/index.php\/2024\/05\/06\/maimouna-dieye-refuse-de-demissionner-a-la-mairie\/"},"author":{"name":"Man\u00e9 Ba","@id":"https:\/\/www.public.sn\/#\/schema\/person\/0cb769602dc17ecb89fd54a2197a221a"},"headline":"Ma\u00efmouna Di\u00e8ye refuse de d\u00e9missionner \u00e0 la mairie","datePublished":"2024-05-06T12:03:33+00:00","mainEntityOfPage":{"@id":"https:\/\/www.public.sn\/index.php\/2024\/05\/06\/maimouna-dieye-refuse-de-demissionner-a-la-mairie\/"},"wordCount":156,"commentCount":0,"publisher":{"@id":"https:\/\/www.public.sn\/#organization"},"image":{"@id":"https:\/\/www.public.sn\/index.php\/2024\/05\/06\/maimouna-dieye-refuse-de-demissionner-a-la-mairie\/#primaryimage"},"thumbnailUrl":"https:\/\/www.public.sn\/wp-content\/uploads\/2024\/05\/f927bd48112fdfc850b84ccfb8d2731b7c59ac30.png","keywords":["d\u00e9misison","Ma\u00efmouna Di\u00e9ye"],"articleSection":["ACTUALIT\u00c9S","POLITIQUE","PUBLIC TV"],"inLanguage":"fr-FR","potentialAction":[{"@type":"CommentAction","name":"Comment","target":["https:\/\/www.public.sn\/index.php\/2024\/05\/06\/maimouna-dieye-refuse-de-demissionner-a-la-mairie\/#respond"]}]},{"@type":"WebPage","@id":"https:\/\/www.public.sn\/index.php\/2024\/05\/06\/maimouna-dieye-refuse-de-demissionner-a-la-mairie\/","url":"https:\/\/www.public.sn\/index.php\/2024\/05\/06\/maimouna-dieye-refuse-de-demissionner-a-la-mairie\/","name":"Ma\u00efmouna Di\u00e8ye refuse de d\u00e9missionner \u00e0 la mairie - LE PUBLIC","isPartOf":{"@id":"https:\/\/www.public.sn\/#website"},"primaryImageOfPage":{"@id":"https:\/\/www.public.sn\/index.php\/2024\/05\/06\/maimouna-dieye-refuse-de-demissionner-a-la-mairie\/#primaryimage"},"image":{"@id":"https:\/\/www.public.sn\/index.php\/2024\/05\/06\/maimouna-dieye-refuse-de-demissionner-a-la-mairie\/#primaryimage"},"thumbnailUrl":"https:\/\/www.public.sn\/wp-content\/uploads\/2024\/05\/f927bd48112fdfc850b84ccfb8d2731b7c59ac30.png","datePublished":"2024-05-06T12:03:33+00:00","breadcrumb":{"@id":"https:\/\/www.public.sn\/index.php\/2024\/05\/06\/maimouna-dieye-refuse-de-demissionner-a-la-mairie\/#breadcrumb"},"inLanguage":"fr-FR","potentialAction":[{"@type":"ReadAction","target":["https:\/\/www.public.sn\/index.php\/2024\/05\/06\/maimouna-dieye-refuse-de-demissionner-a-la-mairie\/"]}]},{"@type":"ImageObject","inLanguage":"fr-FR","@id":"https:\/\/www.public.sn\/index.php\/2024\/05\/06\/maimouna-dieye-refuse-de-demissionner-a-la-mairie\/#primaryimage","url":"https:\/\/www.public.sn\/wp-content\/uploads\/2024\/05\/f927bd48112fdfc850b84ccfb8d2731b7c59ac30.png","contentUrl":"https:\/\/www.public.sn\/wp-content\/uploads\/2024\/05\/f927bd48112fdfc850b84ccfb8d2731b7c59ac30.png","width":612,"height":298},{"@type":"BreadcrumbList","@id":"https:\/\/www.public.sn\/index.php\/2024\/05\/06\/maimouna-dieye-refuse-de-demissionner-a-la-mairie\/#breadcrumb","itemListElement":[{"@type":"ListItem","position":1,"name":"Accueil","item":"https:\/\/www.public.sn\/"},{"@type":"ListItem","position":2,"name":"Ma\u00efmouna Di\u00e8ye refuse de d\u00e9missionner \u00e0 la mairie"}]},{"@type":"WebSite","@id":"https:\/\/www.public.sn\/#website","url":"https:\/\/www.public.sn\/","name":"LE PUBLIC","description":"","publisher":{"@id":"https:\/\/www.public.sn\/#organization"},"potentialAction":[{"@type":"SearchAction","target":{"@type":"EntryPoint","urlTemplate":"https:\/\/www.public.sn\/?s={search_term_string}"},"query-input":{"@type":"PropertyValueSpecification","valueRequired":true,"valueName":"search_term_string"}}],"inLanguage":"fr-FR"},{"@type":"Organization","@id":"https:\/\/www.public.sn\/#organization","name":"LE PUBLIC","url":"https:\/\/www.public.sn\/","logo":{"@type":"ImageObject","inLanguage":"fr-FR","@id":"https:\/\/www.public.sn\/#\/schema\/logo\/image\/","url":"https:\/\/www.public.sn\/wp-content\/uploads\/2024\/05\/cropped-LOGO-PUBLIC.SN_.png","contentUrl":"https:\/\/www.public.sn\/wp-content\/uploads\/2024\/05\/cropped-LOGO-PUBLIC.SN_.png","width":682,"height":192,"caption":"LE PUBLIC"},"image":{"@id":"https:\/\/www.public.sn\/#\/schema\/logo\/image\/"}},{"@type":"Person","@id":"https:\/\/www.public.sn\/#\/schema\/person\/0cb769602dc17ecb89fd54a2197a221a","name":"Man\u00e9 Ba","image":{"@type":"ImageObject","inLanguage":"fr-FR","@id":"https:\/\/www.public.sn\/#\/schema\/person\/image\/","url":"https:\/\/secure.gravatar.com\/avatar\/b31a37f6b2529b7e9303b5aacf26777a86815e524f04961246da8183f5e2535a?s=96&d=mm&r=g","contentUrl":"https:\/\/secure.gravatar.com\/avatar\/b31a37f6b2529b7e9303b5aacf26777a86815e524f04961246da8183f5e2535a?s=96&d=mm&r=g","caption":"Man\u00e9 Ba"},"url":"https:\/\/www.public.sn\/index.php\/author\/bamanesen\/"}]}},"jetpack_featured_media_url":"https:\/\/www.public.sn\/wp-content\/uploads\/2024\/05\/f927bd48112fdfc850b84ccfb8d2731b7c59ac30.png","jetpack_sharing_enabled":true,"_links":{"self":[{"href":"https:\/\/www.public.sn\/index.php\/wp-json\/wp\/v2\/posts\/32546","targetHints":{"allow":["GET"]}}],"collection":[{"href":"https:\/\/www.public.sn\/index.php\/wp-json\/wp\/v2\/posts"}],"about":[{"href":"https:\/\/www.public.sn\/index.php\/wp-json\/wp\/v2\/types\/post"}],"author":[{"embeddable":true,"href":"https:\/\/www.public.sn\/index.php\/wp-json\/wp\/v2\/users\/12"}],"replies":[{"embeddable":true,"href":"https:\/\/www.public.sn\/index.php\/wp-json\/wp\/v2\/comments?post=32546"}],"version-history":[{"count":1,"href":"https:\/\/www.public.sn\/index.php\/wp-json\/wp\/v2\/posts\/32546\/revisions"}],"predecessor-version":[{"id":32548,"href":"https:\/\/www.public.sn\/index.php\/wp-json\/wp\/v2\/posts\/32546\/revisions\/32548"}],"wp:featuredmedia":[{"embeddable":true,"href":"https:\/\/www.public.sn\/index.php\/wp-json\/wp\/v2\/media\/32547"}],"wp:attachment":[{"href":"https:\/\/www.public.sn\/index.php\/wp-json\/wp\/v2\/media?parent=32546"}],"wp:term":[{"taxonomy":"category","embeddable":true,"href":"https:\/\/www.public.sn\/index.php\/wp-json\/wp\/v2\/categories?post=32546"},{"taxonomy":"post_tag","embeddable":true,"href":"https:\/\/www.public.sn\/index.php\/wp-json\/wp\/v2\/tags?post=32546"}],"curies":[{"name":"wp","href":"https:\/\/api.w.org\/{rel}","templated":true}]}}