{"id":32594,"date":"2024-05-08T19:32:56","date_gmt":"2024-05-08T19:32:56","guid":{"rendered":"https:\/\/www.public.sn\/?p=32594"},"modified":"2024-05-08T19:35:02","modified_gmt":"2024-05-08T19:35:02","slug":"chambre-criminelle-pour-une-affaire-de-tontine-un-tailleur-assene-7-coups-de-couteau-a-la-gerante","status":"publish","type":"post","link":"https:\/\/www.public.sn\/index.php\/2024\/05\/08\/chambre-criminelle-pour-une-affaire-de-tontine-un-tailleur-assene-7-coups-de-couteau-a-la-gerante\/","title":{"rendered":"Chambre criminelle : pour une affaire de tontine, un tailleur ass\u00e8ne 7 coups de couteau \u00e0 la g\u00e9rante"},"content":{"rendered":"<div class=\"texte\">\n<div class=\"access firstletter\">\n<div>\n<p><strong>Le tailleur Lamine D. domicili\u00e9 \u00e0 Ben Tally risque 5 ans de prison pour tentative d&rsquo;homicide volontaire sur la personne de A\u00efda Ndiaye qui a re\u00e7u sept coups de couteau du pr\u00e9venu. Comparaissant devant la barre de la Chambre criminelle, l&rsquo;accus\u00e9 sera \u00e9difi\u00e9 sur son sort le 21 mai prochain.<\/strong><\/p><div class=\"publi-paragraphe1\" style=\"margin-top: 10px;margin-bottom: 10px;margin-left: auto;margin-right: auto;text-align: center;\" id=\"publi-2372265198\"><div class=\"publi-adlabel\">Publicit\u00e9<\/div><script async src=\"\/\/pagead2.googlesyndication.com\/pagead\/js\/adsbygoogle.js?client=ca-pub-4089586018074219\" crossorigin=\"anonymous\"><\/script><ins class=\"adsbygoogle\" style=\"display:block;\" data-ad-client=\"ca-pub-4089586018074219\" \ndata-ad-slot=\"2087940154\" \ndata-ad-format=\"auto\"><\/ins>\n<script> \n(adsbygoogle = window.adsbygoogle || []).push({}); \n<\/script>\n<\/div>\n<p>La relation entre la septuag\u00e9naire A\u00efda Ndiaye et son tailleur Lamine D. s&rsquo;est d\u00e9t\u00e9rior\u00e9e \u00e0 jamais. Malgr\u00e9 tout ce que la bonne-dame a fait pour lui, l&rsquo;accus\u00e9 n&rsquo;a pas h\u00e9sit\u00e9 \u00e0 vouloir lui \u00f4ter la vie. Celle qui l&rsquo;a toujours couv\u00e9 comme sa propre m\u00e8re. Tout a commenc\u00e9 sur les histoires de tontine. En effet, il r\u00e9sulte de l&rsquo;\u00e9conomie des faits que la vielle dame avait int\u00e9gr\u00e9 le sieur Lamine dans son groupe de tontine. Laquelle tontine, il fallait participer pour 100 mille francs par mois. Un jour, il a accus\u00e9 du retard sur sa participation. Accul\u00e9 par la dame qui lui demande d&rsquo;apporter l&rsquo;argent, il a d\u00e9cid\u00e9 de passer \u00e0 l&rsquo;appartement de la partie civile pour d\u00e9poser la tontine. Le lendemain, il s\u2019est rendu au domicile de A\u00efda Ndiaye qui s&rsquo;appr\u00eatait \u00e0 aller au march\u00e9 pour acheter de la viande. Ils se sont crois\u00e9s devant les escaliers et la dame lui a demand\u00e9 de l&rsquo;attendre dans son appartement, mais l&rsquo;accus\u00e9 a pr\u00e9f\u00e9r\u00e9 l\u2019attendre dehors. Au retour de la dame, elle l&rsquo;a invit\u00e9 \u00e0 monter dans l&rsquo;appartement. Une fois \u00e0 l&rsquo;int\u00e9rieur, ils se sont disput\u00e9s dans le salon. Et c&rsquo;est l\u00e0 que le tailleur a commenc\u00e9 \u00e0 administrer 7 coups de couteau \u00e0 la dame A\u00efda Ndiaye. Cette derni\u00e8re n&rsquo;avait que sa bouche pour crier pour alerter le voisinage qui est venu \u00e0 sa rescousse.<\/p>\n<p>Devant le pr\u00e9toire, Lamine D. a contest\u00e9 les faits. \u00a0\u00bb Le jour des faits, je suis all\u00e9 chez elle et on s&rsquo;est crois\u00e9 sur les escaliers. Elle me faisait des avances afin qu&rsquo;on puisse entretenir des rapports sexuels, mais j&rsquo;ai refus\u00e9. Au d\u00e9but, je croyais qu&rsquo;elle blaguait jusqu&rsquo;\u00e0 ce qu&rsquo;elle brandisse un couteau en mena\u00e7ant de me tuer. Apr\u00e8s tiraillement, j&rsquo;ai r\u00e9ussi \u00e0 lui arracher le couteau\u00a0\u00bb, a-t-il d\u00e9clar\u00e9.<\/p>\n<p>Il a confi\u00e9 \u00e0 la chambre qu&rsquo;apr\u00e8s avoir commis son forfait, il est all\u00e9 directement \u00e0 la police de Grand Dakar pour expliquer les faits. \u00ab\u00a0Je n&rsquo;avais pas l&rsquo;intention de lui faire du mal\u00a0\u00bb, laisse-t-il entendre.<\/p>\n<p>\u00c0 l&rsquo;enqu\u00eate, l&rsquo;accus\u00e9 avait confi\u00e9 aux enqu\u00eateurs avoir agi de la sorte pour se venger, car la veille a \u00e9t\u00e9 trop agressive.<\/p>\n<p>\u00c0 son tour, la plaignante A\u00efda Ndiaye d\u00e9clare avoir consid\u00e9r\u00e9 Lamine D. comme son fils. \u00ab Je lui ai propos\u00e9 d&rsquo;adh\u00e9rer \u00e0 la tontine. Ce qu\u2019il a fait. D\u2019ailleurs, il a per\u00e7u son argent avec lequel il a entam\u00e9 la construction de sa maison. Le jour o\u00f9 il est venu chez moi, je lui ai dit d&rsquo;entrer dans l&rsquo;appartement o\u00f9 je vis avec mes deux enfants, en toute confiance. Il n&rsquo;y avait personne ce jour-l\u00e0, car mes enfants \u00e9taient partis au travail.\u00a0 Il m&rsquo;a poignard\u00e9 \u00e0 7 reprises jusqu&rsquo;\u00e0 ce que le couteau se brise. Heureusement pour moi, il n&rsquo;a pas atteint une partie vitale de mon corps\u00a0\u00bb, narre-t-elle.<\/p>\n<p>Le t\u00e9moin Mbackiyou Kane avoue avoir re\u00e7u un \u00e9l\u00e9ment des brisures du couteau des mains de sa voisine Fatima qu&rsquo;il a remis aux enqu\u00eateurs. Pour Me Amadou Aly Kane, conseil de la partie civile, il demande que le mis en cause soit condamn\u00e9 \u00e0 une peine m\u00e9morable et un montant de 20 millions de nos francs pour r\u00e9paration.<\/p>\n<p>Le procureur demande la disqualification des faits en Coups et blessures volontaires ayant occasionn\u00e9 une incapacit\u00e9 temporaire de travail de 45 jours. Sur ce, il requiert 5 ans de r\u00e9clusion criminelle contre Lamine D. La d\u00e9fense demande une application bienveillante de la loi p\u00e9nale.<\/p>\n<p>L&rsquo;affaire a \u00e9t\u00e9 mise en d\u00e9lib\u00e9r\u00e9 au 21 mai prochain.<\/p>\n<\/div>\n<\/div>\n<\/div>\n<div class=\"hide_module_inside\">\n<div id=\"mod_4047092\" class=\"mod_4047092 wm-module fullbackground module-article_connexe\">\n<div class=\"entete\"><\/div>\n<\/div>\n<\/div>\n<div class=\"publi-apres-le-contenu\" style=\"margin-top: 10px;margin-bottom: 10px;margin-left: auto;margin-right: auto;text-align: center;\" id=\"publi-3836024178\"><div class=\"publi-adlabel\">Publicit\u00e9<\/div><script async src=\"\/\/pagead2.googlesyndication.com\/pagead\/js\/adsbygoogle.js?client=ca-pub-4089586018074219\" crossorigin=\"anonymous\"><\/script><ins class=\"adsbygoogle\" style=\"display:block;\" data-ad-client=\"ca-pub-4089586018074219\" \ndata-ad-slot=\"2087940154\" \ndata-ad-format=\"auto\"><\/ins>\n<script> \n(adsbygoogle = window.adsbygoogle || []).push({}); \n<\/script>\n<\/div>","protected":false},"excerpt":{"rendered":"<p>Le tailleur Lamine D. domicili\u00e9 \u00e0 Ben Tally risque 5 ans de prison pour tentative d&rsquo;homicide volontaire sur la personne de A\u00efda Ndiaye qui a re\u00e7u sept coups de couteau du pr\u00e9venu. Comparaissant devant la barre de la Chambre criminelle, l&rsquo;accus\u00e9 sera \u00e9difi\u00e9 sur son sort le 21 mai prochain. La relation entre la septuag\u00e9naire A\u00efda Ndiaye et son tailleur Lamine D. s&rsquo;est d\u00e9t\u00e9rior\u00e9e \u00e0 jamais. Malgr\u00e9 tout ce que la bonne-dame a fait pour lui, l&rsquo;accus\u00e9 n&rsquo;a pas h\u00e9sit\u00e9 \u00e0 vouloir lui \u00f4ter la vie. Celle qui l&rsquo;a toujours couv\u00e9 comme sa propre m\u00e8re. Tout a commenc\u00e9 sur les histoires de tontine. En effet, il r\u00e9sulte de l&rsquo;\u00e9conomie des faits que la vielle dame avait int\u00e9gr\u00e9 le sieur Lamine dans son groupe de tontine. Laquelle tontine, il fallait participer pour 100 mille francs par mois. Un jour, il a accus\u00e9 du retard sur sa participation. Accul\u00e9 par la dame qui lui demande d&rsquo;apporter l&rsquo;argent, il a d\u00e9cid\u00e9 de passer \u00e0 l&rsquo;appartement de la partie civile pour d\u00e9poser la tontine. Le lendemain, il s\u2019est rendu au domicile de A\u00efda Ndiaye qui s&rsquo;appr\u00eatait \u00e0 aller au march\u00e9 pour acheter de la viande. Ils se sont crois\u00e9s devant les escaliers et la dame lui a demand\u00e9 de l&rsquo;attendre dans son appartement, mais l&rsquo;accus\u00e9 a pr\u00e9f\u00e9r\u00e9 l\u2019attendre dehors. Au retour de la dame, elle l&rsquo;a invit\u00e9 \u00e0 monter dans l&rsquo;appartement. Une fois \u00e0 l&rsquo;int\u00e9rieur, ils se sont disput\u00e9s dans le salon. Et c&rsquo;est l\u00e0 que le tailleur a commenc\u00e9 \u00e0 administrer 7 coups de couteau \u00e0 la dame A\u00efda Ndiaye. Cette derni\u00e8re n&rsquo;avait que sa bouche pour crier pour alerter le voisinage qui est venu \u00e0 sa rescousse. Devant le pr\u00e9toire, Lamine D. a contest\u00e9 les faits. \u00a0\u00bb Le jour des faits, je suis all\u00e9 chez elle et on s&rsquo;est crois\u00e9 sur les escaliers. Elle me faisait des avances afin qu&rsquo;on puisse entretenir des rapports sexuels, mais j&rsquo;ai refus\u00e9. Au d\u00e9but, je croyais qu&rsquo;elle blaguait jusqu&rsquo;\u00e0 ce qu&rsquo;elle brandisse un couteau en mena\u00e7ant de me tuer. Apr\u00e8s tiraillement, j&rsquo;ai r\u00e9ussi \u00e0 lui arracher le couteau\u00a0\u00bb, a-t-il d\u00e9clar\u00e9. Il a confi\u00e9 \u00e0 la chambre qu&rsquo;apr\u00e8s avoir commis son forfait, il est all\u00e9 directement \u00e0 la police de Grand Dakar pour expliquer les faits. \u00ab\u00a0Je n&rsquo;avais pas l&rsquo;intention de lui faire du mal\u00a0\u00bb, laisse-t-il entendre. \u00c0 l&rsquo;enqu\u00eate, l&rsquo;accus\u00e9 avait confi\u00e9 aux enqu\u00eateurs avoir agi de la sorte pour se venger, car la veille a \u00e9t\u00e9 trop agressive. \u00c0 son tour, la plaignante A\u00efda Ndiaye d\u00e9clare avoir consid\u00e9r\u00e9 Lamine D. comme son fils. \u00ab Je lui ai propos\u00e9 d&rsquo;adh\u00e9rer \u00e0 la tontine. Ce qu\u2019il a fait. D\u2019ailleurs, il a per\u00e7u son argent avec lequel il a entam\u00e9 la construction de sa maison. Le jour o\u00f9 il est venu chez moi, je lui ai dit d&rsquo;entrer dans l&rsquo;appartement o\u00f9 je vis avec mes deux enfants, en toute confiance. Il n&rsquo;y avait personne ce jour-l\u00e0, car mes enfants \u00e9taient partis au travail.\u00a0 Il m&rsquo;a poignard\u00e9 \u00e0 7 reprises jusqu&rsquo;\u00e0 ce que le couteau se brise. Heureusement pour moi, il n&rsquo;a pas atteint une partie vitale de mon corps\u00a0\u00bb, narre-t-elle. Le t\u00e9moin Mbackiyou Kane avoue avoir re\u00e7u un \u00e9l\u00e9ment des brisures du couteau des mains de sa voisine Fatima qu&rsquo;il a remis aux enqu\u00eateurs. Pour Me Amadou Aly Kane, conseil de la partie civile, il demande que le mis en cause soit condamn\u00e9 \u00e0 une peine m\u00e9morable et un montant de 20 millions de nos francs pour r\u00e9paration. Le procureur demande la disqualification des faits en Coups et blessures volontaires ayant occasionn\u00e9 une incapacit\u00e9 temporaire de travail de 45 jours. Sur ce, il requiert 5 ans de r\u00e9clusion criminelle contre Lamine D. La d\u00e9fense demande une application bienveillante de la loi p\u00e9nale. L&rsquo;affaire a \u00e9t\u00e9 mise en d\u00e9lib\u00e9r\u00e9 au 21 mai prochain.<\/p>\n","protected":false},"author":13,"featured_media":32597,"comment_status":"open","ping_status":"open","sticky":false,"template":"","format":"standard","meta":{"_jetpack_memberships_contains_paid_content":false,"footnotes":""},"categories":[375],"tags":[102,827,744,1473,12,68,351,112,30,353,1262],"class_list":["post-32594","post","type-post","status-publish","format-standard","has-post-thumbnail","hentry","category-actualites","tag-accident","tag-aliou-cisse","tag-amadou-ba","tag-arrestation","tag-assemblee-nationale","tag-football","tag-france","tag-guy-marius-sagna","tag-khalifa-sall","tag-lonase","tag-sport","entry","has-media","owp-thumbs-layout-horizontal","owp-btn-normal","owp-tabs-layout-horizontal","has-no-thumbnails","has-product-nav"],"yoast_head":"<!-- This site is optimized with the Yoast SEO plugin v25.5 - https:\/\/yoast.com\/wordpress\/plugins\/seo\/ -->\n<title>Chambre criminelle : pour une affaire de tontine, un tailleur ass\u00e8ne 7 coups de couteau \u00e0 la g\u00e9rante - LE PUBLIC<\/title>\n<meta name=\"description\" content=\"Le tailleur Lamine D. domicili\u00e9 \u00e0 Ben Tally risque 5 ans de prison pour tentative d&#039;homicide volontaire sur la personne de A\u00efda Ndiaye qui a re\u00e7u sept coups de couteau du pr\u00e9venu. Comparaissant devant la barre de la Chambre criminelle, l&#039;accus\u00e9 sera \u00e9difi\u00e9 sur son sort le 21 mai prochain.\" \/>\n<meta name=\"robots\" content=\"index, follow, max-snippet:-1, max-image-preview:large, max-video-preview:-1\" \/>\n<link rel=\"canonical\" href=\"https:\/\/www.public.sn\/index.php\/2024\/05\/08\/chambre-criminelle-pour-une-affaire-de-tontine-un-tailleur-assene-7-coups-de-couteau-a-la-gerante\/\" \/>\n<meta property=\"og:locale\" content=\"fr_FR\" \/>\n<meta property=\"og:type\" content=\"article\" \/>\n<meta property=\"og:title\" content=\"Chambre criminelle : pour une affaire de tontine, un tailleur ass\u00e8ne 7 coups de couteau \u00e0 la g\u00e9rante - LE PUBLIC\" \/>\n<meta property=\"og:description\" content=\"Le tailleur Lamine D. domicili\u00e9 \u00e0 Ben Tally risque 5 ans de prison pour tentative d&#039;homicide volontaire sur la personne de A\u00efda Ndiaye qui a re\u00e7u sept coups de couteau du pr\u00e9venu. Comparaissant devant la barre de la Chambre criminelle, l&#039;accus\u00e9 sera \u00e9difi\u00e9 sur son sort le 21 mai prochain.\" \/>\n<meta property=\"og:url\" content=\"https:\/\/www.public.sn\/index.php\/2024\/05\/08\/chambre-criminelle-pour-une-affaire-de-tontine-un-tailleur-assene-7-coups-de-couteau-a-la-gerante\/\" \/>\n<meta property=\"og:site_name\" content=\"LE PUBLIC\" \/>\n<meta property=\"article:published_time\" content=\"2024-05-08T19:32:56+00:00\" \/>\n<meta property=\"article:modified_time\" content=\"2024-05-08T19:35:02+00:00\" \/>\n<meta property=\"og:image\" content=\"https:\/\/www.public.sn\/wp-content\/uploads\/2024\/05\/police-kolda.webp\" \/>\n\t<meta property=\"og:image:width\" content=\"678\" \/>\n\t<meta property=\"og:image:height\" content=\"333\" \/>\n\t<meta property=\"og:image:type\" content=\"image\/webp\" \/>\n<meta name=\"author\" content=\"Abdou SARR\" \/>\n<meta name=\"twitter:card\" content=\"summary_large_image\" \/>\n<meta name=\"twitter:label1\" content=\"\u00c9crit par\" \/>\n\t<meta name=\"twitter:data1\" content=\"Abdou SARR\" \/>\n\t<meta name=\"twitter:label2\" content=\"Dur\u00e9e de lecture estim\u00e9e\" \/>\n\t<meta name=\"twitter:data2\" content=\"4 minutes\" \/>\n<script type=\"application\/ld+json\" class=\"yoast-schema-graph\">{\"@context\":\"https:\/\/schema.org\",\"@graph\":[{\"@type\":\"Article\",\"@id\":\"https:\/\/www.public.sn\/index.php\/2024\/05\/08\/chambre-criminelle-pour-une-affaire-de-tontine-un-tailleur-assene-7-coups-de-couteau-a-la-gerante\/#article\",\"isPartOf\":{\"@id\":\"https:\/\/www.public.sn\/index.php\/2024\/05\/08\/chambre-criminelle-pour-une-affaire-de-tontine-un-tailleur-assene-7-coups-de-couteau-a-la-gerante\/\"},\"author\":{\"name\":\"Abdou SARR\",\"@id\":\"https:\/\/www.public.sn\/#\/schema\/person\/8fc5465b19f9ea9cf2212d8ca13397e3\"},\"headline\":\"Chambre criminelle : pour une affaire de tontine, un tailleur ass\u00e8ne 7 coups de couteau \u00e0 la g\u00e9rante\",\"datePublished\":\"2024-05-08T19:32:56+00:00\",\"dateModified\":\"2024-05-08T19:35:02+00:00\",\"mainEntityOfPage\":{\"@id\":\"https:\/\/www.public.sn\/index.php\/2024\/05\/08\/chambre-criminelle-pour-une-affaire-de-tontine-un-tailleur-assene-7-coups-de-couteau-a-la-gerante\/\"},\"wordCount\":664,\"commentCount\":0,\"publisher\":{\"@id\":\"https:\/\/www.public.sn\/#organization\"},\"image\":{\"@id\":\"https:\/\/www.public.sn\/index.php\/2024\/05\/08\/chambre-criminelle-pour-une-affaire-de-tontine-un-tailleur-assene-7-coups-de-couteau-a-la-gerante\/#primaryimage\"},\"thumbnailUrl\":\"https:\/\/www.public.sn\/wp-content\/uploads\/2024\/05\/police-kolda.webp\",\"keywords\":[\"Accident\",\"Aliou Ciss\u00e9\",\"Amadou Ba\",\"arrestation\",\"Assembl\u00e9e Nationale\",\"Football\",\"France\",\"Guy Marius Sagna\",\"Khalifa Sall\",\"Lonase\",\"Sport\"],\"articleSection\":[\"ACTUALIT\u00c9S\"],\"inLanguage\":\"fr-FR\",\"potentialAction\":[{\"@type\":\"CommentAction\",\"name\":\"Comment\",\"target\":[\"https:\/\/www.public.sn\/index.php\/2024\/05\/08\/chambre-criminelle-pour-une-affaire-de-tontine-un-tailleur-assene-7-coups-de-couteau-a-la-gerante\/#respond\"]}]},{\"@type\":\"WebPage\",\"@id\":\"https:\/\/www.public.sn\/index.php\/2024\/05\/08\/chambre-criminelle-pour-une-affaire-de-tontine-un-tailleur-assene-7-coups-de-couteau-a-la-gerante\/\",\"url\":\"https:\/\/www.public.sn\/index.php\/2024\/05\/08\/chambre-criminelle-pour-une-affaire-de-tontine-un-tailleur-assene-7-coups-de-couteau-a-la-gerante\/\",\"name\":\"Chambre criminelle : pour une affaire de tontine, un tailleur ass\u00e8ne 7 coups de couteau \u00e0 la g\u00e9rante - LE PUBLIC\",\"isPartOf\":{\"@id\":\"https:\/\/www.public.sn\/#website\"},\"primaryImageOfPage\":{\"@id\":\"https:\/\/www.public.sn\/index.php\/2024\/05\/08\/chambre-criminelle-pour-une-affaire-de-tontine-un-tailleur-assene-7-coups-de-couteau-a-la-gerante\/#primaryimage\"},\"image\":{\"@id\":\"https:\/\/www.public.sn\/index.php\/2024\/05\/08\/chambre-criminelle-pour-une-affaire-de-tontine-un-tailleur-assene-7-coups-de-couteau-a-la-gerante\/#primaryimage\"},\"thumbnailUrl\":\"https:\/\/www.public.sn\/wp-content\/uploads\/2024\/05\/police-kolda.webp\",\"datePublished\":\"2024-05-08T19:32:56+00:00\",\"dateModified\":\"2024-05-08T19:35:02+00:00\",\"description\":\"Le tailleur Lamine D. domicili\u00e9 \u00e0 Ben Tally risque 5 ans de prison pour tentative d'homicide volontaire sur la personne de A\u00efda Ndiaye qui a re\u00e7u sept coups de couteau du pr\u00e9venu. Comparaissant devant la barre de la Chambre criminelle, l'accus\u00e9 sera \u00e9difi\u00e9 sur son sort le 21 mai prochain.\",\"breadcrumb\":{\"@id\":\"https:\/\/www.public.sn\/index.php\/2024\/05\/08\/chambre-criminelle-pour-une-affaire-de-tontine-un-tailleur-assene-7-coups-de-couteau-a-la-gerante\/#breadcrumb\"},\"inLanguage\":\"fr-FR\",\"potentialAction\":[{\"@type\":\"ReadAction\",\"target\":[\"https:\/\/www.public.sn\/index.php\/2024\/05\/08\/chambre-criminelle-pour-une-affaire-de-tontine-un-tailleur-assene-7-coups-de-couteau-a-la-gerante\/\"]}]},{\"@type\":\"ImageObject\",\"inLanguage\":\"fr-FR\",\"@id\":\"https:\/\/www.public.sn\/index.php\/2024\/05\/08\/chambre-criminelle-pour-une-affaire-de-tontine-un-tailleur-assene-7-coups-de-couteau-a-la-gerante\/#primaryimage\",\"url\":\"https:\/\/www.public.sn\/wp-content\/uploads\/2024\/05\/police-kolda.webp\",\"contentUrl\":\"https:\/\/www.public.sn\/wp-content\/uploads\/2024\/05\/police-kolda.webp\",\"width\":678,\"height\":333},{\"@type\":\"BreadcrumbList\",\"@id\":\"https:\/\/www.public.sn\/index.php\/2024\/05\/08\/chambre-criminelle-pour-une-affaire-de-tontine-un-tailleur-assene-7-coups-de-couteau-a-la-gerante\/#breadcrumb\",\"itemListElement\":[{\"@type\":\"ListItem\",\"position\":1,\"name\":\"Accueil\",\"item\":\"https:\/\/www.public.sn\/\"},{\"@type\":\"ListItem\",\"position\":2,\"name\":\"Chambre criminelle : pour une affaire de tontine, un tailleur ass\u00e8ne 7 coups de couteau \u00e0 la g\u00e9rante\"}]},{\"@type\":\"WebSite\",\"@id\":\"https:\/\/www.public.sn\/#website\",\"url\":\"https:\/\/www.public.sn\/\",\"name\":\"LE PUBLIC\",\"description\":\"\",\"publisher\":{\"@id\":\"https:\/\/www.public.sn\/#organization\"},\"potentialAction\":[{\"@type\":\"SearchAction\",\"target\":{\"@type\":\"EntryPoint\",\"urlTemplate\":\"https:\/\/www.public.sn\/?s={search_term_string}\"},\"query-input\":{\"@type\":\"PropertyValueSpecification\",\"valueRequired\":true,\"valueName\":\"search_term_string\"}}],\"inLanguage\":\"fr-FR\"},{\"@type\":\"Organization\",\"@id\":\"https:\/\/www.public.sn\/#organization\",\"name\":\"LE PUBLIC\",\"url\":\"https:\/\/www.public.sn\/\",\"logo\":{\"@type\":\"ImageObject\",\"inLanguage\":\"fr-FR\",\"@id\":\"https:\/\/www.public.sn\/#\/schema\/logo\/image\/\",\"url\":\"https:\/\/www.public.sn\/wp-content\/uploads\/2024\/05\/cropped-LOGO-PUBLIC.SN_.png\",\"contentUrl\":\"https:\/\/www.public.sn\/wp-content\/uploads\/2024\/05\/cropped-LOGO-PUBLIC.SN_.png\",\"width\":682,\"height\":192,\"caption\":\"LE PUBLIC\"},\"image\":{\"@id\":\"https:\/\/www.public.sn\/#\/schema\/logo\/image\/\"}},{\"@type\":\"Person\",\"@id\":\"https:\/\/www.public.sn\/#\/schema\/person\/8fc5465b19f9ea9cf2212d8ca13397e3\",\"name\":\"Abdou SARR\",\"image\":{\"@type\":\"ImageObject\",\"inLanguage\":\"fr-FR\",\"@id\":\"https:\/\/www.public.sn\/#\/schema\/person\/image\/\",\"url\":\"https:\/\/secure.gravatar.com\/avatar\/1d5c1e6773c91217fbf1820ce89547e8b07a0eaffc48d779672f06c28be4b151?s=96&d=mm&r=g\",\"contentUrl\":\"https:\/\/secure.gravatar.com\/avatar\/1d5c1e6773c91217fbf1820ce89547e8b07a0eaffc48d779672f06c28be4b151?s=96&d=mm&r=g\",\"caption\":\"Abdou SARR\"},\"url\":\"https:\/\/www.public.sn\/index.php\/author\/dousarr24\/\"}]}<\/script>\n<!-- \/ Yoast SEO plugin. -->","yoast_head_json":{"title":"Chambre criminelle : pour une affaire de tontine, un tailleur ass\u00e8ne 7 coups de couteau \u00e0 la g\u00e9rante - LE PUBLIC","description":"Le tailleur Lamine D. domicili\u00e9 \u00e0 Ben Tally risque 5 ans de prison pour tentative d'homicide volontaire sur la personne de A\u00efda Ndiaye qui a re\u00e7u sept coups de couteau du pr\u00e9venu. Comparaissant devant la barre de la Chambre criminelle, l'accus\u00e9 sera \u00e9difi\u00e9 sur son sort le 21 mai prochain.","robots":{"index":"index","follow":"follow","max-snippet":"max-snippet:-1","max-image-preview":"max-image-preview:large","max-video-preview":"max-video-preview:-1"},"canonical":"https:\/\/www.public.sn\/index.php\/2024\/05\/08\/chambre-criminelle-pour-une-affaire-de-tontine-un-tailleur-assene-7-coups-de-couteau-a-la-gerante\/","og_locale":"fr_FR","og_type":"article","og_title":"Chambre criminelle : pour une affaire de tontine, un tailleur ass\u00e8ne 7 coups de couteau \u00e0 la g\u00e9rante - LE PUBLIC","og_description":"Le tailleur Lamine D. domicili\u00e9 \u00e0 Ben Tally risque 5 ans de prison pour tentative d'homicide volontaire sur la personne de A\u00efda Ndiaye qui a re\u00e7u sept coups de couteau du pr\u00e9venu. Comparaissant devant la barre de la Chambre criminelle, l'accus\u00e9 sera \u00e9difi\u00e9 sur son sort le 21 mai prochain.","og_url":"https:\/\/www.public.sn\/index.php\/2024\/05\/08\/chambre-criminelle-pour-une-affaire-de-tontine-un-tailleur-assene-7-coups-de-couteau-a-la-gerante\/","og_site_name":"LE PUBLIC","article_published_time":"2024-05-08T19:32:56+00:00","article_modified_time":"2024-05-08T19:35:02+00:00","og_image":[{"width":678,"height":333,"url":"https:\/\/www.public.sn\/wp-content\/uploads\/2024\/05\/police-kolda.webp","type":"image\/webp"}],"author":"Abdou SARR","twitter_card":"summary_large_image","twitter_misc":{"\u00c9crit par":"Abdou SARR","Dur\u00e9e de lecture estim\u00e9e":"4 minutes"},"schema":{"@context":"https:\/\/schema.org","@graph":[{"@type":"Article","@id":"https:\/\/www.public.sn\/index.php\/2024\/05\/08\/chambre-criminelle-pour-une-affaire-de-tontine-un-tailleur-assene-7-coups-de-couteau-a-la-gerante\/#article","isPartOf":{"@id":"https:\/\/www.public.sn\/index.php\/2024\/05\/08\/chambre-criminelle-pour-une-affaire-de-tontine-un-tailleur-assene-7-coups-de-couteau-a-la-gerante\/"},"author":{"name":"Abdou SARR","@id":"https:\/\/www.public.sn\/#\/schema\/person\/8fc5465b19f9ea9cf2212d8ca13397e3"},"headline":"Chambre criminelle : pour une affaire de tontine, un tailleur ass\u00e8ne 7 coups de couteau \u00e0 la g\u00e9rante","datePublished":"2024-05-08T19:32:56+00:00","dateModified":"2024-05-08T19:35:02+00:00","mainEntityOfPage":{"@id":"https:\/\/www.public.sn\/index.php\/2024\/05\/08\/chambre-criminelle-pour-une-affaire-de-tontine-un-tailleur-assene-7-coups-de-couteau-a-la-gerante\/"},"wordCount":664,"commentCount":0,"publisher":{"@id":"https:\/\/www.public.sn\/#organization"},"image":{"@id":"https:\/\/www.public.sn\/index.php\/2024\/05\/08\/chambre-criminelle-pour-une-affaire-de-tontine-un-tailleur-assene-7-coups-de-couteau-a-la-gerante\/#primaryimage"},"thumbnailUrl":"https:\/\/www.public.sn\/wp-content\/uploads\/2024\/05\/police-kolda.webp","keywords":["Accident","Aliou Ciss\u00e9","Amadou Ba","arrestation","Assembl\u00e9e Nationale","Football","France","Guy Marius Sagna","Khalifa Sall","Lonase","Sport"],"articleSection":["ACTUALIT\u00c9S"],"inLanguage":"fr-FR","potentialAction":[{"@type":"CommentAction","name":"Comment","target":["https:\/\/www.public.sn\/index.php\/2024\/05\/08\/chambre-criminelle-pour-une-affaire-de-tontine-un-tailleur-assene-7-coups-de-couteau-a-la-gerante\/#respond"]}]},{"@type":"WebPage","@id":"https:\/\/www.public.sn\/index.php\/2024\/05\/08\/chambre-criminelle-pour-une-affaire-de-tontine-un-tailleur-assene-7-coups-de-couteau-a-la-gerante\/","url":"https:\/\/www.public.sn\/index.php\/2024\/05\/08\/chambre-criminelle-pour-une-affaire-de-tontine-un-tailleur-assene-7-coups-de-couteau-a-la-gerante\/","name":"Chambre criminelle : pour une affaire de tontine, un tailleur ass\u00e8ne 7 coups de couteau \u00e0 la g\u00e9rante - LE PUBLIC","isPartOf":{"@id":"https:\/\/www.public.sn\/#website"},"primaryImageOfPage":{"@id":"https:\/\/www.public.sn\/index.php\/2024\/05\/08\/chambre-criminelle-pour-une-affaire-de-tontine-un-tailleur-assene-7-coups-de-couteau-a-la-gerante\/#primaryimage"},"image":{"@id":"https:\/\/www.public.sn\/index.php\/2024\/05\/08\/chambre-criminelle-pour-une-affaire-de-tontine-un-tailleur-assene-7-coups-de-couteau-a-la-gerante\/#primaryimage"},"thumbnailUrl":"https:\/\/www.public.sn\/wp-content\/uploads\/2024\/05\/police-kolda.webp","datePublished":"2024-05-08T19:32:56+00:00","dateModified":"2024-05-08T19:35:02+00:00","description":"Le tailleur Lamine D. domicili\u00e9 \u00e0 Ben Tally risque 5 ans de prison pour tentative d'homicide volontaire sur la personne de A\u00efda Ndiaye qui a re\u00e7u sept coups de couteau du pr\u00e9venu. Comparaissant devant la barre de la Chambre criminelle, l'accus\u00e9 sera \u00e9difi\u00e9 sur son sort le 21 mai prochain.","breadcrumb":{"@id":"https:\/\/www.public.sn\/index.php\/2024\/05\/08\/chambre-criminelle-pour-une-affaire-de-tontine-un-tailleur-assene-7-coups-de-couteau-a-la-gerante\/#breadcrumb"},"inLanguage":"fr-FR","potentialAction":[{"@type":"ReadAction","target":["https:\/\/www.public.sn\/index.php\/2024\/05\/08\/chambre-criminelle-pour-une-affaire-de-tontine-un-tailleur-assene-7-coups-de-couteau-a-la-gerante\/"]}]},{"@type":"ImageObject","inLanguage":"fr-FR","@id":"https:\/\/www.public.sn\/index.php\/2024\/05\/08\/chambre-criminelle-pour-une-affaire-de-tontine-un-tailleur-assene-7-coups-de-couteau-a-la-gerante\/#primaryimage","url":"https:\/\/www.public.sn\/wp-content\/uploads\/2024\/05\/police-kolda.webp","contentUrl":"https:\/\/www.public.sn\/wp-content\/uploads\/2024\/05\/police-kolda.webp","width":678,"height":333},{"@type":"BreadcrumbList","@id":"https:\/\/www.public.sn\/index.php\/2024\/05\/08\/chambre-criminelle-pour-une-affaire-de-tontine-un-tailleur-assene-7-coups-de-couteau-a-la-gerante\/#breadcrumb","itemListElement":[{"@type":"ListItem","position":1,"name":"Accueil","item":"https:\/\/www.public.sn\/"},{"@type":"ListItem","position":2,"name":"Chambre criminelle : pour une affaire de tontine, un tailleur ass\u00e8ne 7 coups de couteau \u00e0 la g\u00e9rante"}]},{"@type":"WebSite","@id":"https:\/\/www.public.sn\/#website","url":"https:\/\/www.public.sn\/","name":"LE PUBLIC","description":"","publisher":{"@id":"https:\/\/www.public.sn\/#organization"},"potentialAction":[{"@type":"SearchAction","target":{"@type":"EntryPoint","urlTemplate":"https:\/\/www.public.sn\/?s={search_term_string}"},"query-input":{"@type":"PropertyValueSpecification","valueRequired":true,"valueName":"search_term_string"}}],"inLanguage":"fr-FR"},{"@type":"Organization","@id":"https:\/\/www.public.sn\/#organization","name":"LE PUBLIC","url":"https:\/\/www.public.sn\/","logo":{"@type":"ImageObject","inLanguage":"fr-FR","@id":"https:\/\/www.public.sn\/#\/schema\/logo\/image\/","url":"https:\/\/www.public.sn\/wp-content\/uploads\/2024\/05\/cropped-LOGO-PUBLIC.SN_.png","contentUrl":"https:\/\/www.public.sn\/wp-content\/uploads\/2024\/05\/cropped-LOGO-PUBLIC.SN_.png","width":682,"height":192,"caption":"LE PUBLIC"},"image":{"@id":"https:\/\/www.public.sn\/#\/schema\/logo\/image\/"}},{"@type":"Person","@id":"https:\/\/www.public.sn\/#\/schema\/person\/8fc5465b19f9ea9cf2212d8ca13397e3","name":"Abdou SARR","image":{"@type":"ImageObject","inLanguage":"fr-FR","@id":"https:\/\/www.public.sn\/#\/schema\/person\/image\/","url":"https:\/\/secure.gravatar.com\/avatar\/1d5c1e6773c91217fbf1820ce89547e8b07a0eaffc48d779672f06c28be4b151?s=96&d=mm&r=g","contentUrl":"https:\/\/secure.gravatar.com\/avatar\/1d5c1e6773c91217fbf1820ce89547e8b07a0eaffc48d779672f06c28be4b151?s=96&d=mm&r=g","caption":"Abdou SARR"},"url":"https:\/\/www.public.sn\/index.php\/author\/dousarr24\/"}]}},"jetpack_featured_media_url":"https:\/\/www.public.sn\/wp-content\/uploads\/2024\/05\/police-kolda.webp","jetpack_sharing_enabled":true,"_links":{"self":[{"href":"https:\/\/www.public.sn\/index.php\/wp-json\/wp\/v2\/posts\/32594","targetHints":{"allow":["GET"]}}],"collection":[{"href":"https:\/\/www.public.sn\/index.php\/wp-json\/wp\/v2\/posts"}],"about":[{"href":"https:\/\/www.public.sn\/index.php\/wp-json\/wp\/v2\/types\/post"}],"author":[{"embeddable":true,"href":"https:\/\/www.public.sn\/index.php\/wp-json\/wp\/v2\/users\/13"}],"replies":[{"embeddable":true,"href":"https:\/\/www.public.sn\/index.php\/wp-json\/wp\/v2\/comments?post=32594"}],"version-history":[{"count":2,"href":"https:\/\/www.public.sn\/index.php\/wp-json\/wp\/v2\/posts\/32594\/revisions"}],"predecessor-version":[{"id":32598,"href":"https:\/\/www.public.sn\/index.php\/wp-json\/wp\/v2\/posts\/32594\/revisions\/32598"}],"wp:featuredmedia":[{"embeddable":true,"href":"https:\/\/www.public.sn\/index.php\/wp-json\/wp\/v2\/media\/32597"}],"wp:attachment":[{"href":"https:\/\/www.public.sn\/index.php\/wp-json\/wp\/v2\/media?parent=32594"}],"wp:term":[{"taxonomy":"category","embeddable":true,"href":"https:\/\/www.public.sn\/index.php\/wp-json\/wp\/v2\/categories?post=32594"},{"taxonomy":"post_tag","embeddable":true,"href":"https:\/\/www.public.sn\/index.php\/wp-json\/wp\/v2\/tags?post=32594"}],"curies":[{"name":"wp","href":"https:\/\/api.w.org\/{rel}","templated":true}]}}