{"id":32612,"date":"2024-05-08T19:53:37","date_gmt":"2024-05-08T19:53:37","guid":{"rendered":"https:\/\/www.public.sn\/?p=32612"},"modified":"2024-05-08T19:53:37","modified_gmt":"2024-05-08T19:53:37","slug":"combat-eumeu-sa-thies-polemique-autour-du-deces-dun-jeune","status":"publish","type":"post","link":"https:\/\/www.public.sn\/index.php\/2024\/05\/08\/combat-eumeu-sa-thies-polemique-autour-du-deces-dun-jeune\/","title":{"rendered":"Combat Eumeu- Sa Thi\u00e8s : Pol\u00e9mique autour du d\u00e9c\u00e8s d&rsquo;un jeune."},"content":{"rendered":"<div class=\"texte\">\n<div class=\"access firstletter\">\n<div><strong>La liste des victimes du combat de lutte entre Eumeu S\u00e9ne et Sa-Thi\u00e9s, ce dimanche 5 Mai, se poursuit. Hormis les agressions not\u00e9es dans diff\u00e9rents endroits, un jeune homme a perdu la vie dans des circonstances n\u00e9buleuses.<\/strong><\/div>\n<div><\/div>\n<div><\/div>\n<div><\/div>\n<div>Mamadou Seck, puisque c&rsquo;est de lui qu&rsquo;il s&rsquo;agit, est d\u00e9c\u00e9d\u00e9 apr\u00e8s le combat. Il \u00e9tait venu supporter son lutteur \u00ab\u00a0Lys Ndiago\u00a0\u00bb, nous dit-on. Toutefois, les versions divergent sur la cause du d\u00e9c\u00e8s du menuisier aluminium, n\u00e9 en 2005. Si certains avancent qu\u00a0\u00bbil a \u00e9t\u00e9 victime d&rsquo;agression, d&rsquo;autres soutiennent qu&rsquo;il a eu un accident avec un scooter. Toutefois, le certificat de genre de mort de l&rsquo;h\u00f4pital Idrissa Pouye de Grand-Yoff r\u00e9v\u00e8le que le jeune amateur de lutte\u00a0 a \u00e9t\u00e9 tu\u00e9 par balle. D&rsquo;apr\u00e8s le journal le T\u00e9moin, le lutteur Lys Ndiago, va tenir un point de presse, ce mercredi pour parler du cas de\u00a0 son d\u00e9funt supporter.\u00a0 Une enqu\u00eate a \u00e9t\u00e9 ouverte par le procureur de la R\u00e9publique.<\/div>\n<\/div>\n<\/div>\n<div class=\"hide_module_inside\">\n<div id=\"mod_4047092\" class=\"mod_4047092 wm-module fullbackground  module-article_connexe\">\n<div class=\"entete\"><\/div>\n<\/div>\n<\/div>\n<div class=\"publi-apres-le-contenu\" style=\"margin-top: 10px;margin-bottom: 10px;margin-left: auto;margin-right: auto;text-align: center;\" id=\"publi-2575155088\"><div class=\"publi-adlabel\">Publicit\u00e9<\/div><script async src=\"\/\/pagead2.googlesyndication.com\/pagead\/js\/adsbygoogle.js?client=ca-pub-4089586018074219\" crossorigin=\"anonymous\"><\/script><ins class=\"adsbygoogle\" style=\"display:block;\" data-ad-client=\"ca-pub-4089586018074219\" \ndata-ad-slot=\"2087940154\" \ndata-ad-format=\"auto\"><\/ins>\n<script> \n(adsbygoogle = window.adsbygoogle || []).push({}); \n<\/script>\n<\/div>","protected":false},"excerpt":{"rendered":"<p>La liste des victimes du combat de lutte entre Eumeu S\u00e9ne et Sa-Thi\u00e9s, ce dimanche 5 Mai, se poursuit. Hormis les agressions not\u00e9es dans diff\u00e9rents endroits, un jeune homme a perdu la vie dans des circonstances n\u00e9buleuses. Mamadou Seck, puisque c&rsquo;est de lui qu&rsquo;il s&rsquo;agit, est d\u00e9c\u00e9d\u00e9 apr\u00e8s le combat. Il \u00e9tait venu supporter son lutteur \u00ab\u00a0Lys Ndiago\u00a0\u00bb, nous dit-on. Toutefois, les versions divergent sur la cause du d\u00e9c\u00e8s du menuisier aluminium, n\u00e9 en 2005. Si certains avancent qu\u00a0\u00bbil a \u00e9t\u00e9 victime d&rsquo;agression, d&rsquo;autres soutiennent qu&rsquo;il a eu un accident avec un scooter. Toutefois, le certificat de genre de mort de l&rsquo;h\u00f4pital Idrissa Pouye de Grand-Yoff r\u00e9v\u00e8le que le jeune amateur de lutte\u00a0 a \u00e9t\u00e9 tu\u00e9 par balle. D&rsquo;apr\u00e8s le journal le T\u00e9moin, le lutteur Lys Ndiago, va tenir un point de presse, ce mercredi pour parler du cas de\u00a0 son d\u00e9funt supporter.\u00a0 Une enqu\u00eate a \u00e9t\u00e9 ouverte par le procureur de la R\u00e9publique.<\/p>\n","protected":false},"author":13,"featured_media":32613,"comment_status":"open","ping_status":"open","sticky":false,"template":"","format":"standard","meta":{"_jetpack_memberships_contains_paid_content":false,"footnotes":""},"categories":[375],"tags":[102,11,724,492,17,16,672,20,5347],"class_list":["post-32612","post","type-post","status-publish","format-standard","has-post-thumbnail","hentry","category-actualites","tag-accident","tag-macky-sall","tag-mimi-toure","tag-mort","tag-opposition","tag-ousmane-sonko","tag-pastef","tag-presidentielle-2024","tag-une","entry","has-media","owp-thumbs-layout-horizontal","owp-btn-normal","owp-tabs-layout-horizontal","has-no-thumbnails","has-product-nav"],"yoast_head":"<!-- This site is optimized with the Yoast SEO plugin v25.5 - https:\/\/yoast.com\/wordpress\/plugins\/seo\/ -->\n<title>Combat Eumeu- Sa Thi\u00e8s : Pol\u00e9mique autour du d\u00e9c\u00e8s d&#039;un jeune. - LE PUBLIC<\/title>\n<meta name=\"description\" content=\"La liste des victimes du combat de lutte entre Eumeu S\u00e9ne et Sa-Thi\u00e9s, ce dimanche 5 Mai, se poursuit. Hormis les agressions not\u00e9es dans diff\u00e9rents endroits, un jeune homme a perdu la vie dans des circonstances n\u00e9buleuses.\" \/>\n<meta name=\"robots\" content=\"index, follow, max-snippet:-1, max-image-preview:large, max-video-preview:-1\" \/>\n<link rel=\"canonical\" href=\"https:\/\/www.public.sn\/index.php\/2024\/05\/08\/combat-eumeu-sa-thies-polemique-autour-du-deces-dun-jeune\/\" \/>\n<meta property=\"og:locale\" content=\"fr_FR\" \/>\n<meta property=\"og:type\" content=\"article\" \/>\n<meta property=\"og:title\" content=\"Combat Eumeu- Sa Thi\u00e8s : Pol\u00e9mique autour du d\u00e9c\u00e8s d&#039;un jeune. - LE PUBLIC\" \/>\n<meta property=\"og:description\" content=\"La liste des victimes du combat de lutte entre Eumeu S\u00e9ne et Sa-Thi\u00e9s, ce dimanche 5 Mai, se poursuit. Hormis les agressions not\u00e9es dans diff\u00e9rents endroits, un jeune homme a perdu la vie dans des circonstances n\u00e9buleuses.\" \/>\n<meta property=\"og:url\" content=\"https:\/\/www.public.sn\/index.php\/2024\/05\/08\/combat-eumeu-sa-thies-polemique-autour-du-deces-dun-jeune\/\" \/>\n<meta property=\"og:site_name\" content=\"LE PUBLIC\" \/>\n<meta property=\"article:published_time\" content=\"2024-05-08T19:53:37+00:00\" \/>\n<meta property=\"og:image\" content=\"https:\/\/www.public.sn\/wp-content\/uploads\/2024\/05\/ab7ab13f80957b39d3e981f531fb306d32d089a5.jpeg\" \/>\n\t<meta property=\"og:image:width\" content=\"612\" \/>\n\t<meta property=\"og:image:height\" content=\"298\" \/>\n\t<meta property=\"og:image:type\" content=\"image\/jpeg\" \/>\n<meta name=\"author\" content=\"Abdou SARR\" \/>\n<meta name=\"twitter:card\" content=\"summary_large_image\" \/>\n<meta name=\"twitter:label1\" content=\"\u00c9crit par\" \/>\n\t<meta name=\"twitter:data1\" content=\"Abdou SARR\" \/>\n\t<meta name=\"twitter:label2\" content=\"Dur\u00e9e de lecture estim\u00e9e\" \/>\n\t<meta name=\"twitter:data2\" content=\"1 minute\" \/>\n<script type=\"application\/ld+json\" class=\"yoast-schema-graph\">{\"@context\":\"https:\/\/schema.org\",\"@graph\":[{\"@type\":\"Article\",\"@id\":\"https:\/\/www.public.sn\/index.php\/2024\/05\/08\/combat-eumeu-sa-thies-polemique-autour-du-deces-dun-jeune\/#article\",\"isPartOf\":{\"@id\":\"https:\/\/www.public.sn\/index.php\/2024\/05\/08\/combat-eumeu-sa-thies-polemique-autour-du-deces-dun-jeune\/\"},\"author\":{\"name\":\"Abdou SARR\",\"@id\":\"https:\/\/www.public.sn\/#\/schema\/person\/8fc5465b19f9ea9cf2212d8ca13397e3\"},\"headline\":\"Combat Eumeu- Sa Thi\u00e8s : Pol\u00e9mique autour du d\u00e9c\u00e8s d&rsquo;un jeune.\",\"datePublished\":\"2024-05-08T19:53:37+00:00\",\"mainEntityOfPage\":{\"@id\":\"https:\/\/www.public.sn\/index.php\/2024\/05\/08\/combat-eumeu-sa-thies-polemique-autour-du-deces-dun-jeune\/\"},\"wordCount\":185,\"commentCount\":0,\"publisher\":{\"@id\":\"https:\/\/www.public.sn\/#organization\"},\"image\":{\"@id\":\"https:\/\/www.public.sn\/index.php\/2024\/05\/08\/combat-eumeu-sa-thies-polemique-autour-du-deces-dun-jeune\/#primaryimage\"},\"thumbnailUrl\":\"https:\/\/www.public.sn\/wp-content\/uploads\/2024\/05\/ab7ab13f80957b39d3e981f531fb306d32d089a5.jpeg\",\"keywords\":[\"Accident\",\"Macky Sall\",\"Mimi Tour\u00e9\",\"Mort\",\"Opposition\",\"Ousmane Sonko\",\"Pastef\",\"Pr\u00e9sidentielle 2024\",\"une\"],\"articleSection\":[\"ACTUALIT\u00c9S\"],\"inLanguage\":\"fr-FR\",\"potentialAction\":[{\"@type\":\"CommentAction\",\"name\":\"Comment\",\"target\":[\"https:\/\/www.public.sn\/index.php\/2024\/05\/08\/combat-eumeu-sa-thies-polemique-autour-du-deces-dun-jeune\/#respond\"]}]},{\"@type\":\"WebPage\",\"@id\":\"https:\/\/www.public.sn\/index.php\/2024\/05\/08\/combat-eumeu-sa-thies-polemique-autour-du-deces-dun-jeune\/\",\"url\":\"https:\/\/www.public.sn\/index.php\/2024\/05\/08\/combat-eumeu-sa-thies-polemique-autour-du-deces-dun-jeune\/\",\"name\":\"Combat Eumeu- Sa Thi\u00e8s : Pol\u00e9mique autour du d\u00e9c\u00e8s d'un jeune. - LE PUBLIC\",\"isPartOf\":{\"@id\":\"https:\/\/www.public.sn\/#website\"},\"primaryImageOfPage\":{\"@id\":\"https:\/\/www.public.sn\/index.php\/2024\/05\/08\/combat-eumeu-sa-thies-polemique-autour-du-deces-dun-jeune\/#primaryimage\"},\"image\":{\"@id\":\"https:\/\/www.public.sn\/index.php\/2024\/05\/08\/combat-eumeu-sa-thies-polemique-autour-du-deces-dun-jeune\/#primaryimage\"},\"thumbnailUrl\":\"https:\/\/www.public.sn\/wp-content\/uploads\/2024\/05\/ab7ab13f80957b39d3e981f531fb306d32d089a5.jpeg\",\"datePublished\":\"2024-05-08T19:53:37+00:00\",\"description\":\"La liste des victimes du combat de lutte entre Eumeu S\u00e9ne et Sa-Thi\u00e9s, ce dimanche 5 Mai, se poursuit. Hormis les agressions not\u00e9es dans diff\u00e9rents endroits, un jeune homme a perdu la vie dans des circonstances n\u00e9buleuses.\",\"breadcrumb\":{\"@id\":\"https:\/\/www.public.sn\/index.php\/2024\/05\/08\/combat-eumeu-sa-thies-polemique-autour-du-deces-dun-jeune\/#breadcrumb\"},\"inLanguage\":\"fr-FR\",\"potentialAction\":[{\"@type\":\"ReadAction\",\"target\":[\"https:\/\/www.public.sn\/index.php\/2024\/05\/08\/combat-eumeu-sa-thies-polemique-autour-du-deces-dun-jeune\/\"]}]},{\"@type\":\"ImageObject\",\"inLanguage\":\"fr-FR\",\"@id\":\"https:\/\/www.public.sn\/index.php\/2024\/05\/08\/combat-eumeu-sa-thies-polemique-autour-du-deces-dun-jeune\/#primaryimage\",\"url\":\"https:\/\/www.public.sn\/wp-content\/uploads\/2024\/05\/ab7ab13f80957b39d3e981f531fb306d32d089a5.jpeg\",\"contentUrl\":\"https:\/\/www.public.sn\/wp-content\/uploads\/2024\/05\/ab7ab13f80957b39d3e981f531fb306d32d089a5.jpeg\",\"width\":612,\"height\":298},{\"@type\":\"BreadcrumbList\",\"@id\":\"https:\/\/www.public.sn\/index.php\/2024\/05\/08\/combat-eumeu-sa-thies-polemique-autour-du-deces-dun-jeune\/#breadcrumb\",\"itemListElement\":[{\"@type\":\"ListItem\",\"position\":1,\"name\":\"Accueil\",\"item\":\"https:\/\/www.public.sn\/\"},{\"@type\":\"ListItem\",\"position\":2,\"name\":\"Combat Eumeu- Sa Thi\u00e8s : Pol\u00e9mique autour du d\u00e9c\u00e8s d&rsquo;un jeune.\"}]},{\"@type\":\"WebSite\",\"@id\":\"https:\/\/www.public.sn\/#website\",\"url\":\"https:\/\/www.public.sn\/\",\"name\":\"LE PUBLIC\",\"description\":\"\",\"publisher\":{\"@id\":\"https:\/\/www.public.sn\/#organization\"},\"potentialAction\":[{\"@type\":\"SearchAction\",\"target\":{\"@type\":\"EntryPoint\",\"urlTemplate\":\"https:\/\/www.public.sn\/?s={search_term_string}\"},\"query-input\":{\"@type\":\"PropertyValueSpecification\",\"valueRequired\":true,\"valueName\":\"search_term_string\"}}],\"inLanguage\":\"fr-FR\"},{\"@type\":\"Organization\",\"@id\":\"https:\/\/www.public.sn\/#organization\",\"name\":\"LE PUBLIC\",\"url\":\"https:\/\/www.public.sn\/\",\"logo\":{\"@type\":\"ImageObject\",\"inLanguage\":\"fr-FR\",\"@id\":\"https:\/\/www.public.sn\/#\/schema\/logo\/image\/\",\"url\":\"https:\/\/www.public.sn\/wp-content\/uploads\/2024\/05\/cropped-LOGO-PUBLIC.SN_.png\",\"contentUrl\":\"https:\/\/www.public.sn\/wp-content\/uploads\/2024\/05\/cropped-LOGO-PUBLIC.SN_.png\",\"width\":682,\"height\":192,\"caption\":\"LE PUBLIC\"},\"image\":{\"@id\":\"https:\/\/www.public.sn\/#\/schema\/logo\/image\/\"}},{\"@type\":\"Person\",\"@id\":\"https:\/\/www.public.sn\/#\/schema\/person\/8fc5465b19f9ea9cf2212d8ca13397e3\",\"name\":\"Abdou SARR\",\"image\":{\"@type\":\"ImageObject\",\"inLanguage\":\"fr-FR\",\"@id\":\"https:\/\/www.public.sn\/#\/schema\/person\/image\/\",\"url\":\"https:\/\/secure.gravatar.com\/avatar\/1d5c1e6773c91217fbf1820ce89547e8b07a0eaffc48d779672f06c28be4b151?s=96&d=mm&r=g\",\"contentUrl\":\"https:\/\/secure.gravatar.com\/avatar\/1d5c1e6773c91217fbf1820ce89547e8b07a0eaffc48d779672f06c28be4b151?s=96&d=mm&r=g\",\"caption\":\"Abdou SARR\"},\"url\":\"https:\/\/www.public.sn\/index.php\/author\/dousarr24\/\"}]}<\/script>\n<!-- \/ Yoast SEO plugin. -->","yoast_head_json":{"title":"Combat Eumeu- Sa Thi\u00e8s : Pol\u00e9mique autour du d\u00e9c\u00e8s d'un jeune. - LE PUBLIC","description":"La liste des victimes du combat de lutte entre Eumeu S\u00e9ne et Sa-Thi\u00e9s, ce dimanche 5 Mai, se poursuit. Hormis les agressions not\u00e9es dans diff\u00e9rents endroits, un jeune homme a perdu la vie dans des circonstances n\u00e9buleuses.","robots":{"index":"index","follow":"follow","max-snippet":"max-snippet:-1","max-image-preview":"max-image-preview:large","max-video-preview":"max-video-preview:-1"},"canonical":"https:\/\/www.public.sn\/index.php\/2024\/05\/08\/combat-eumeu-sa-thies-polemique-autour-du-deces-dun-jeune\/","og_locale":"fr_FR","og_type":"article","og_title":"Combat Eumeu- Sa Thi\u00e8s : Pol\u00e9mique autour du d\u00e9c\u00e8s d'un jeune. - LE PUBLIC","og_description":"La liste des victimes du combat de lutte entre Eumeu S\u00e9ne et Sa-Thi\u00e9s, ce dimanche 5 Mai, se poursuit. Hormis les agressions not\u00e9es dans diff\u00e9rents endroits, un jeune homme a perdu la vie dans des circonstances n\u00e9buleuses.","og_url":"https:\/\/www.public.sn\/index.php\/2024\/05\/08\/combat-eumeu-sa-thies-polemique-autour-du-deces-dun-jeune\/","og_site_name":"LE PUBLIC","article_published_time":"2024-05-08T19:53:37+00:00","og_image":[{"width":612,"height":298,"url":"https:\/\/www.public.sn\/wp-content\/uploads\/2024\/05\/ab7ab13f80957b39d3e981f531fb306d32d089a5.jpeg","type":"image\/jpeg"}],"author":"Abdou SARR","twitter_card":"summary_large_image","twitter_misc":{"\u00c9crit par":"Abdou SARR","Dur\u00e9e de lecture estim\u00e9e":"1 minute"},"schema":{"@context":"https:\/\/schema.org","@graph":[{"@type":"Article","@id":"https:\/\/www.public.sn\/index.php\/2024\/05\/08\/combat-eumeu-sa-thies-polemique-autour-du-deces-dun-jeune\/#article","isPartOf":{"@id":"https:\/\/www.public.sn\/index.php\/2024\/05\/08\/combat-eumeu-sa-thies-polemique-autour-du-deces-dun-jeune\/"},"author":{"name":"Abdou SARR","@id":"https:\/\/www.public.sn\/#\/schema\/person\/8fc5465b19f9ea9cf2212d8ca13397e3"},"headline":"Combat Eumeu- Sa Thi\u00e8s : Pol\u00e9mique autour du d\u00e9c\u00e8s d&rsquo;un jeune.","datePublished":"2024-05-08T19:53:37+00:00","mainEntityOfPage":{"@id":"https:\/\/www.public.sn\/index.php\/2024\/05\/08\/combat-eumeu-sa-thies-polemique-autour-du-deces-dun-jeune\/"},"wordCount":185,"commentCount":0,"publisher":{"@id":"https:\/\/www.public.sn\/#organization"},"image":{"@id":"https:\/\/www.public.sn\/index.php\/2024\/05\/08\/combat-eumeu-sa-thies-polemique-autour-du-deces-dun-jeune\/#primaryimage"},"thumbnailUrl":"https:\/\/www.public.sn\/wp-content\/uploads\/2024\/05\/ab7ab13f80957b39d3e981f531fb306d32d089a5.jpeg","keywords":["Accident","Macky Sall","Mimi Tour\u00e9","Mort","Opposition","Ousmane Sonko","Pastef","Pr\u00e9sidentielle 2024","une"],"articleSection":["ACTUALIT\u00c9S"],"inLanguage":"fr-FR","potentialAction":[{"@type":"CommentAction","name":"Comment","target":["https:\/\/www.public.sn\/index.php\/2024\/05\/08\/combat-eumeu-sa-thies-polemique-autour-du-deces-dun-jeune\/#respond"]}]},{"@type":"WebPage","@id":"https:\/\/www.public.sn\/index.php\/2024\/05\/08\/combat-eumeu-sa-thies-polemique-autour-du-deces-dun-jeune\/","url":"https:\/\/www.public.sn\/index.php\/2024\/05\/08\/combat-eumeu-sa-thies-polemique-autour-du-deces-dun-jeune\/","name":"Combat Eumeu- Sa Thi\u00e8s : Pol\u00e9mique autour du d\u00e9c\u00e8s d'un jeune. - LE PUBLIC","isPartOf":{"@id":"https:\/\/www.public.sn\/#website"},"primaryImageOfPage":{"@id":"https:\/\/www.public.sn\/index.php\/2024\/05\/08\/combat-eumeu-sa-thies-polemique-autour-du-deces-dun-jeune\/#primaryimage"},"image":{"@id":"https:\/\/www.public.sn\/index.php\/2024\/05\/08\/combat-eumeu-sa-thies-polemique-autour-du-deces-dun-jeune\/#primaryimage"},"thumbnailUrl":"https:\/\/www.public.sn\/wp-content\/uploads\/2024\/05\/ab7ab13f80957b39d3e981f531fb306d32d089a5.jpeg","datePublished":"2024-05-08T19:53:37+00:00","description":"La liste des victimes du combat de lutte entre Eumeu S\u00e9ne et Sa-Thi\u00e9s, ce dimanche 5 Mai, se poursuit. Hormis les agressions not\u00e9es dans diff\u00e9rents endroits, un jeune homme a perdu la vie dans des circonstances n\u00e9buleuses.","breadcrumb":{"@id":"https:\/\/www.public.sn\/index.php\/2024\/05\/08\/combat-eumeu-sa-thies-polemique-autour-du-deces-dun-jeune\/#breadcrumb"},"inLanguage":"fr-FR","potentialAction":[{"@type":"ReadAction","target":["https:\/\/www.public.sn\/index.php\/2024\/05\/08\/combat-eumeu-sa-thies-polemique-autour-du-deces-dun-jeune\/"]}]},{"@type":"ImageObject","inLanguage":"fr-FR","@id":"https:\/\/www.public.sn\/index.php\/2024\/05\/08\/combat-eumeu-sa-thies-polemique-autour-du-deces-dun-jeune\/#primaryimage","url":"https:\/\/www.public.sn\/wp-content\/uploads\/2024\/05\/ab7ab13f80957b39d3e981f531fb306d32d089a5.jpeg","contentUrl":"https:\/\/www.public.sn\/wp-content\/uploads\/2024\/05\/ab7ab13f80957b39d3e981f531fb306d32d089a5.jpeg","width":612,"height":298},{"@type":"BreadcrumbList","@id":"https:\/\/www.public.sn\/index.php\/2024\/05\/08\/combat-eumeu-sa-thies-polemique-autour-du-deces-dun-jeune\/#breadcrumb","itemListElement":[{"@type":"ListItem","position":1,"name":"Accueil","item":"https:\/\/www.public.sn\/"},{"@type":"ListItem","position":2,"name":"Combat Eumeu- Sa Thi\u00e8s : Pol\u00e9mique autour du d\u00e9c\u00e8s d&rsquo;un jeune."}]},{"@type":"WebSite","@id":"https:\/\/www.public.sn\/#website","url":"https:\/\/www.public.sn\/","name":"LE PUBLIC","description":"","publisher":{"@id":"https:\/\/www.public.sn\/#organization"},"potentialAction":[{"@type":"SearchAction","target":{"@type":"EntryPoint","urlTemplate":"https:\/\/www.public.sn\/?s={search_term_string}"},"query-input":{"@type":"PropertyValueSpecification","valueRequired":true,"valueName":"search_term_string"}}],"inLanguage":"fr-FR"},{"@type":"Organization","@id":"https:\/\/www.public.sn\/#organization","name":"LE PUBLIC","url":"https:\/\/www.public.sn\/","logo":{"@type":"ImageObject","inLanguage":"fr-FR","@id":"https:\/\/www.public.sn\/#\/schema\/logo\/image\/","url":"https:\/\/www.public.sn\/wp-content\/uploads\/2024\/05\/cropped-LOGO-PUBLIC.SN_.png","contentUrl":"https:\/\/www.public.sn\/wp-content\/uploads\/2024\/05\/cropped-LOGO-PUBLIC.SN_.png","width":682,"height":192,"caption":"LE PUBLIC"},"image":{"@id":"https:\/\/www.public.sn\/#\/schema\/logo\/image\/"}},{"@type":"Person","@id":"https:\/\/www.public.sn\/#\/schema\/person\/8fc5465b19f9ea9cf2212d8ca13397e3","name":"Abdou SARR","image":{"@type":"ImageObject","inLanguage":"fr-FR","@id":"https:\/\/www.public.sn\/#\/schema\/person\/image\/","url":"https:\/\/secure.gravatar.com\/avatar\/1d5c1e6773c91217fbf1820ce89547e8b07a0eaffc48d779672f06c28be4b151?s=96&d=mm&r=g","contentUrl":"https:\/\/secure.gravatar.com\/avatar\/1d5c1e6773c91217fbf1820ce89547e8b07a0eaffc48d779672f06c28be4b151?s=96&d=mm&r=g","caption":"Abdou SARR"},"url":"https:\/\/www.public.sn\/index.php\/author\/dousarr24\/"}]}},"jetpack_featured_media_url":"https:\/\/www.public.sn\/wp-content\/uploads\/2024\/05\/ab7ab13f80957b39d3e981f531fb306d32d089a5.jpeg","jetpack_sharing_enabled":true,"_links":{"self":[{"href":"https:\/\/www.public.sn\/index.php\/wp-json\/wp\/v2\/posts\/32612","targetHints":{"allow":["GET"]}}],"collection":[{"href":"https:\/\/www.public.sn\/index.php\/wp-json\/wp\/v2\/posts"}],"about":[{"href":"https:\/\/www.public.sn\/index.php\/wp-json\/wp\/v2\/types\/post"}],"author":[{"embeddable":true,"href":"https:\/\/www.public.sn\/index.php\/wp-json\/wp\/v2\/users\/13"}],"replies":[{"embeddable":true,"href":"https:\/\/www.public.sn\/index.php\/wp-json\/wp\/v2\/comments?post=32612"}],"version-history":[{"count":1,"href":"https:\/\/www.public.sn\/index.php\/wp-json\/wp\/v2\/posts\/32612\/revisions"}],"predecessor-version":[{"id":32614,"href":"https:\/\/www.public.sn\/index.php\/wp-json\/wp\/v2\/posts\/32612\/revisions\/32614"}],"wp:featuredmedia":[{"embeddable":true,"href":"https:\/\/www.public.sn\/index.php\/wp-json\/wp\/v2\/media\/32613"}],"wp:attachment":[{"href":"https:\/\/www.public.sn\/index.php\/wp-json\/wp\/v2\/media?parent=32612"}],"wp:term":[{"taxonomy":"category","embeddable":true,"href":"https:\/\/www.public.sn\/index.php\/wp-json\/wp\/v2\/categories?post=32612"},{"taxonomy":"post_tag","embeddable":true,"href":"https:\/\/www.public.sn\/index.php\/wp-json\/wp\/v2\/tags?post=32612"}],"curies":[{"name":"wp","href":"https:\/\/api.w.org\/{rel}","templated":true}]}}