{"id":32639,"date":"2024-05-10T18:33:34","date_gmt":"2024-05-10T18:33:34","guid":{"rendered":"https:\/\/www.public.sn\/?p=32639"},"modified":"2024-05-10T18:33:34","modified_gmt":"2024-05-10T18:33:34","slug":"aibd-accident-du-vol-hc301-de-air-senegal-une-enquete-technique-pour-determiner-les-causes-est-ouverte","status":"publish","type":"post","link":"https:\/\/www.public.sn\/index.php\/2024\/05\/10\/aibd-accident-du-vol-hc301-de-air-senegal-une-enquete-technique-pour-determiner-les-causes-est-ouverte\/","title":{"rendered":"AIBD \/ Accident du vol HC301 de Air S\u00e9n\u00e9gal : Une enqu\u00eate technique pour d\u00e9terminer les causes est ouverte"},"content":{"rendered":"<p><strong>Le gouvernement a pris des mesures suite \u00e0 l\u2019accident du vol HC301 de Air S\u00e9n\u00e9gal \u00e0 destination de Bamako, survenu ce 09 mai 2024 vers 01h 15mn \u00e0 l\u2019a\u00e9roport international Blaise Diagne de Diass. Le ministre Malick Ndiaye tient \u00e0 pr\u00e9ciser que le bureau d&rsquo;enqu\u00eate et analyse a d\u00e9j\u00e0 d\u00e9marr\u00e9 son enqu\u00eate technique pour d\u00e9terminer les causes de cet incident et prendre les mesures n\u00e9cessaires pour \u00e9viter de tels \u00e9v\u00e9nements \u00e0 l&rsquo;avenir.<\/strong><\/p><div class=\"publi-paragraphe1\" style=\"margin-top: 10px;margin-bottom: 10px;margin-left: auto;margin-right: auto;text-align: center;\" id=\"publi-219997286\"><div class=\"publi-adlabel\">Publicit\u00e9<\/div><script async src=\"\/\/pagead2.googlesyndication.com\/pagead\/js\/adsbygoogle.js?client=ca-pub-4089586018074219\" crossorigin=\"anonymous\"><\/script><ins class=\"adsbygoogle\" style=\"display:block;\" data-ad-client=\"ca-pub-4089586018074219\" \ndata-ad-slot=\"2087940154\" \ndata-ad-format=\"auto\"><\/ins>\n<script> \n(adsbygoogle = window.adsbygoogle || []).push({}); \n<\/script>\n<\/div>\n<p>Toutefois, le minist\u00e8re tient \u00e0 pr\u00e9ciser que \u00ab les bless\u00e9s ayant \u00e9t\u00e9 achemin\u00e9s dans les structures hospitali\u00e8res se portent mieux, et nous leur souhaitons un prompt r\u00e9tablissement \u00bb lit-on.<\/p>\n<p>En ce qui concerne les passagers du vol qui \u00e9taient \u00e0 l&rsquo;a\u00e9rogare p\u00e8lerins, le minist\u00e8re note qu\u2019il a pris en charge leur h\u00e9bergement dans des h\u00f4tels pour assurer leur confort et leur s\u00e9curit\u00e9. De plus, une \u00e9quipe de psychologues a \u00e9t\u00e9 mobilis\u00e9e pour les accompagner et les soutenir dans cette \u00e9preuve difficile.<\/p>\n<p>Enfin, le Minist\u00e8re des Infrastructures et des Transports terrestres et a\u00e9riens \u00ab tient \u00e0 exprimer ses regrets \u00e0 l&rsquo;ensemble des passagers impact\u00e9s par cette crise. Nous travaillons sans rel\u00e2che pour garantir la s\u00e9curit\u00e9, la r\u00e9gularit\u00e9 et la ponctualit\u00e9 des vols, et le bien-\u00eatre de tous les voyageurs \u00bb.<\/p>\n<div class=\"publi-apres-le-contenu\" style=\"margin-top: 10px;margin-bottom: 10px;margin-left: auto;margin-right: auto;text-align: center;\" id=\"publi-4260044269\"><div class=\"publi-adlabel\">Publicit\u00e9<\/div><script async src=\"\/\/pagead2.googlesyndication.com\/pagead\/js\/adsbygoogle.js?client=ca-pub-4089586018074219\" crossorigin=\"anonymous\"><\/script><ins class=\"adsbygoogle\" style=\"display:block;\" data-ad-client=\"ca-pub-4089586018074219\" \ndata-ad-slot=\"2087940154\" \ndata-ad-format=\"auto\"><\/ins>\n<script> \n(adsbygoogle = window.adsbygoogle || []).push({}); \n<\/script>\n<\/div>","protected":false},"excerpt":{"rendered":"<p>Le gouvernement a pris des mesures suite \u00e0 l\u2019accident du vol HC301 de Air S\u00e9n\u00e9gal \u00e0 destination de Bamako, survenu ce 09 mai 2024 vers 01h 15mn \u00e0 l\u2019a\u00e9roport international Blaise Diagne de Diass. Le ministre Malick Ndiaye tient \u00e0 pr\u00e9ciser que le bureau d&rsquo;enqu\u00eate et analyse a d\u00e9j\u00e0 d\u00e9marr\u00e9 son enqu\u00eate technique pour d\u00e9terminer les causes de cet incident et prendre les mesures n\u00e9cessaires pour \u00e9viter de tels \u00e9v\u00e9nements \u00e0 l&rsquo;avenir. Toutefois, le minist\u00e8re tient \u00e0 pr\u00e9ciser que \u00ab les bless\u00e9s ayant \u00e9t\u00e9 achemin\u00e9s dans les structures hospitali\u00e8res se portent mieux, et nous leur souhaitons un prompt r\u00e9tablissement \u00bb lit-on. En ce qui concerne les passagers du vol qui \u00e9taient \u00e0 l&rsquo;a\u00e9rogare p\u00e8lerins, le minist\u00e8re note qu\u2019il a pris en charge leur h\u00e9bergement dans des h\u00f4tels pour assurer leur confort et leur s\u00e9curit\u00e9. De plus, une \u00e9quipe de psychologues a \u00e9t\u00e9 mobilis\u00e9e pour les accompagner et les soutenir dans cette \u00e9preuve difficile. Enfin, le Minist\u00e8re des Infrastructures et des Transports terrestres et a\u00e9riens \u00ab tient \u00e0 exprimer ses regrets \u00e0 l&rsquo;ensemble des passagers impact\u00e9s par cette crise. Nous travaillons sans rel\u00e2che pour garantir la s\u00e9curit\u00e9, la r\u00e9gularit\u00e9 et la ponctualit\u00e9 des vols, et le bien-\u00eatre de tous les voyageurs \u00bb.<\/p>\n","protected":false},"author":13,"featured_media":32640,"comment_status":"open","ping_status":"open","sticky":false,"template":"","format":"standard","meta":{"_jetpack_memberships_contains_paid_content":false,"footnotes":""},"categories":[375],"tags":[102,4337,744,112,11,293,724,16,306],"class_list":["post-32639","post","type-post","status-publish","format-standard","has-post-thumbnail","hentry","category-actualites","tag-accident","tag-actualites-politiques","tag-amadou-ba","tag-guy-marius-sagna","tag-macky-sall","tag-mame-mbaye-niang","tag-mimi-toure","tag-ousmane-sonko","tag-sonko","entry","has-media","owp-thumbs-layout-horizontal","owp-btn-normal","owp-tabs-layout-horizontal","has-no-thumbnails","has-product-nav"],"yoast_head":"<!-- This site is optimized with the Yoast SEO plugin v25.5 - https:\/\/yoast.com\/wordpress\/plugins\/seo\/ -->\n<title>AIBD \/ Accident du vol HC301 de Air S\u00e9n\u00e9gal : Une enqu\u00eate technique pour d\u00e9terminer les causes est ouverte - LE PUBLIC<\/title>\n<meta name=\"description\" content=\"Le gouvernement a pris des mesures suite \u00e0 l\u2019accident du vol HC301 de Air S\u00e9n\u00e9gal \u00e0 destination de Bamako, survenu ce 09 mai 2024 vers 01h 15mn \u00e0 l\u2019a\u00e9roport international Blaise Diagne de Diass. Le ministre Malick Ndiaye tient \u00e0 pr\u00e9ciser que le bureau d&#039;enqu\u00eate et analyse a d\u00e9j\u00e0 d\u00e9marr\u00e9 son enqu\u00eate technique pour d\u00e9terminer les causes de cet incident et prendre les mesures n\u00e9cessaires pour \u00e9viter de tels \u00e9v\u00e9nements \u00e0 l&#039;avenir.\" \/>\n<meta name=\"robots\" content=\"index, follow, max-snippet:-1, max-image-preview:large, max-video-preview:-1\" \/>\n<link rel=\"canonical\" href=\"https:\/\/www.public.sn\/index.php\/2024\/05\/10\/aibd-accident-du-vol-hc301-de-air-senegal-une-enquete-technique-pour-determiner-les-causes-est-ouverte\/\" \/>\n<meta property=\"og:locale\" content=\"fr_FR\" \/>\n<meta property=\"og:type\" content=\"article\" \/>\n<meta property=\"og:title\" content=\"AIBD \/ Accident du vol HC301 de Air S\u00e9n\u00e9gal : Une enqu\u00eate technique pour d\u00e9terminer les causes est ouverte - LE PUBLIC\" \/>\n<meta property=\"og:description\" content=\"Le gouvernement a pris des mesures suite \u00e0 l\u2019accident du vol HC301 de Air S\u00e9n\u00e9gal \u00e0 destination de Bamako, survenu ce 09 mai 2024 vers 01h 15mn \u00e0 l\u2019a\u00e9roport international Blaise Diagne de Diass. Le ministre Malick Ndiaye tient \u00e0 pr\u00e9ciser que le bureau d&#039;enqu\u00eate et analyse a d\u00e9j\u00e0 d\u00e9marr\u00e9 son enqu\u00eate technique pour d\u00e9terminer les causes de cet incident et prendre les mesures n\u00e9cessaires pour \u00e9viter de tels \u00e9v\u00e9nements \u00e0 l&#039;avenir.\" \/>\n<meta property=\"og:url\" content=\"https:\/\/www.public.sn\/index.php\/2024\/05\/10\/aibd-accident-du-vol-hc301-de-air-senegal-une-enquete-technique-pour-determiner-les-causes-est-ouverte\/\" \/>\n<meta property=\"og:site_name\" content=\"LE PUBLIC\" \/>\n<meta property=\"article:published_time\" content=\"2024-05-10T18:33:34+00:00\" \/>\n<meta property=\"og:image\" content=\"https:\/\/www.public.sn\/wp-content\/uploads\/2024\/05\/BB1m6jbR.jpeg\" \/>\n\t<meta property=\"og:image:width\" content=\"768\" \/>\n\t<meta property=\"og:image:height\" content=\"444\" \/>\n\t<meta property=\"og:image:type\" content=\"image\/jpeg\" \/>\n<meta name=\"author\" content=\"Abdou SARR\" \/>\n<meta name=\"twitter:card\" content=\"summary_large_image\" \/>\n<meta name=\"twitter:label1\" content=\"\u00c9crit par\" \/>\n\t<meta name=\"twitter:data1\" content=\"Abdou SARR\" \/>\n\t<meta name=\"twitter:label2\" content=\"Dur\u00e9e de lecture estim\u00e9e\" \/>\n\t<meta name=\"twitter:data2\" content=\"2 minutes\" \/>\n<script type=\"application\/ld+json\" class=\"yoast-schema-graph\">{\"@context\":\"https:\/\/schema.org\",\"@graph\":[{\"@type\":\"Article\",\"@id\":\"https:\/\/www.public.sn\/index.php\/2024\/05\/10\/aibd-accident-du-vol-hc301-de-air-senegal-une-enquete-technique-pour-determiner-les-causes-est-ouverte\/#article\",\"isPartOf\":{\"@id\":\"https:\/\/www.public.sn\/index.php\/2024\/05\/10\/aibd-accident-du-vol-hc301-de-air-senegal-une-enquete-technique-pour-determiner-les-causes-est-ouverte\/\"},\"author\":{\"name\":\"Abdou SARR\",\"@id\":\"https:\/\/www.public.sn\/#\/schema\/person\/8fc5465b19f9ea9cf2212d8ca13397e3\"},\"headline\":\"AIBD \/ Accident du vol HC301 de Air S\u00e9n\u00e9gal : Une enqu\u00eate technique pour d\u00e9terminer les causes est ouverte\",\"datePublished\":\"2024-05-10T18:33:34+00:00\",\"mainEntityOfPage\":{\"@id\":\"https:\/\/www.public.sn\/index.php\/2024\/05\/10\/aibd-accident-du-vol-hc301-de-air-senegal-une-enquete-technique-pour-determiner-les-causes-est-ouverte\/\"},\"wordCount\":241,\"commentCount\":0,\"publisher\":{\"@id\":\"https:\/\/www.public.sn\/#organization\"},\"image\":{\"@id\":\"https:\/\/www.public.sn\/index.php\/2024\/05\/10\/aibd-accident-du-vol-hc301-de-air-senegal-une-enquete-technique-pour-determiner-les-causes-est-ouverte\/#primaryimage\"},\"thumbnailUrl\":\"https:\/\/www.public.sn\/wp-content\/uploads\/2024\/05\/BB1m6jbR.jpeg\",\"keywords\":[\"Accident\",\"Actualit\u00e9s Politiques\",\"Amadou Ba\",\"Guy Marius Sagna\",\"Macky Sall\",\"Mame Mbaye Niang\",\"Mimi Tour\u00e9\",\"Ousmane Sonko\",\"sonko\"],\"articleSection\":[\"ACTUALIT\u00c9S\"],\"inLanguage\":\"fr-FR\",\"potentialAction\":[{\"@type\":\"CommentAction\",\"name\":\"Comment\",\"target\":[\"https:\/\/www.public.sn\/index.php\/2024\/05\/10\/aibd-accident-du-vol-hc301-de-air-senegal-une-enquete-technique-pour-determiner-les-causes-est-ouverte\/#respond\"]}]},{\"@type\":\"WebPage\",\"@id\":\"https:\/\/www.public.sn\/index.php\/2024\/05\/10\/aibd-accident-du-vol-hc301-de-air-senegal-une-enquete-technique-pour-determiner-les-causes-est-ouverte\/\",\"url\":\"https:\/\/www.public.sn\/index.php\/2024\/05\/10\/aibd-accident-du-vol-hc301-de-air-senegal-une-enquete-technique-pour-determiner-les-causes-est-ouverte\/\",\"name\":\"AIBD \/ Accident du vol HC301 de Air S\u00e9n\u00e9gal : Une enqu\u00eate technique pour d\u00e9terminer les causes est ouverte - LE PUBLIC\",\"isPartOf\":{\"@id\":\"https:\/\/www.public.sn\/#website\"},\"primaryImageOfPage\":{\"@id\":\"https:\/\/www.public.sn\/index.php\/2024\/05\/10\/aibd-accident-du-vol-hc301-de-air-senegal-une-enquete-technique-pour-determiner-les-causes-est-ouverte\/#primaryimage\"},\"image\":{\"@id\":\"https:\/\/www.public.sn\/index.php\/2024\/05\/10\/aibd-accident-du-vol-hc301-de-air-senegal-une-enquete-technique-pour-determiner-les-causes-est-ouverte\/#primaryimage\"},\"thumbnailUrl\":\"https:\/\/www.public.sn\/wp-content\/uploads\/2024\/05\/BB1m6jbR.jpeg\",\"datePublished\":\"2024-05-10T18:33:34+00:00\",\"description\":\"Le gouvernement a pris des mesures suite \u00e0 l\u2019accident du vol HC301 de Air S\u00e9n\u00e9gal \u00e0 destination de Bamako, survenu ce 09 mai 2024 vers 01h 15mn \u00e0 l\u2019a\u00e9roport international Blaise Diagne de Diass. Le ministre Malick Ndiaye tient \u00e0 pr\u00e9ciser que le bureau d'enqu\u00eate et analyse a d\u00e9j\u00e0 d\u00e9marr\u00e9 son enqu\u00eate technique pour d\u00e9terminer les causes de cet incident et prendre les mesures n\u00e9cessaires pour \u00e9viter de tels \u00e9v\u00e9nements \u00e0 l'avenir.\",\"breadcrumb\":{\"@id\":\"https:\/\/www.public.sn\/index.php\/2024\/05\/10\/aibd-accident-du-vol-hc301-de-air-senegal-une-enquete-technique-pour-determiner-les-causes-est-ouverte\/#breadcrumb\"},\"inLanguage\":\"fr-FR\",\"potentialAction\":[{\"@type\":\"ReadAction\",\"target\":[\"https:\/\/www.public.sn\/index.php\/2024\/05\/10\/aibd-accident-du-vol-hc301-de-air-senegal-une-enquete-technique-pour-determiner-les-causes-est-ouverte\/\"]}]},{\"@type\":\"ImageObject\",\"inLanguage\":\"fr-FR\",\"@id\":\"https:\/\/www.public.sn\/index.php\/2024\/05\/10\/aibd-accident-du-vol-hc301-de-air-senegal-une-enquete-technique-pour-determiner-les-causes-est-ouverte\/#primaryimage\",\"url\":\"https:\/\/www.public.sn\/wp-content\/uploads\/2024\/05\/BB1m6jbR.jpeg\",\"contentUrl\":\"https:\/\/www.public.sn\/wp-content\/uploads\/2024\/05\/BB1m6jbR.jpeg\",\"width\":768,\"height\":444},{\"@type\":\"BreadcrumbList\",\"@id\":\"https:\/\/www.public.sn\/index.php\/2024\/05\/10\/aibd-accident-du-vol-hc301-de-air-senegal-une-enquete-technique-pour-determiner-les-causes-est-ouverte\/#breadcrumb\",\"itemListElement\":[{\"@type\":\"ListItem\",\"position\":1,\"name\":\"Accueil\",\"item\":\"https:\/\/www.public.sn\/\"},{\"@type\":\"ListItem\",\"position\":2,\"name\":\"AIBD \/ Accident du vol HC301 de Air S\u00e9n\u00e9gal : Une enqu\u00eate technique pour d\u00e9terminer les causes est ouverte\"}]},{\"@type\":\"WebSite\",\"@id\":\"https:\/\/www.public.sn\/#website\",\"url\":\"https:\/\/www.public.sn\/\",\"name\":\"LE PUBLIC\",\"description\":\"\",\"publisher\":{\"@id\":\"https:\/\/www.public.sn\/#organization\"},\"potentialAction\":[{\"@type\":\"SearchAction\",\"target\":{\"@type\":\"EntryPoint\",\"urlTemplate\":\"https:\/\/www.public.sn\/?s={search_term_string}\"},\"query-input\":{\"@type\":\"PropertyValueSpecification\",\"valueRequired\":true,\"valueName\":\"search_term_string\"}}],\"inLanguage\":\"fr-FR\"},{\"@type\":\"Organization\",\"@id\":\"https:\/\/www.public.sn\/#organization\",\"name\":\"LE PUBLIC\",\"url\":\"https:\/\/www.public.sn\/\",\"logo\":{\"@type\":\"ImageObject\",\"inLanguage\":\"fr-FR\",\"@id\":\"https:\/\/www.public.sn\/#\/schema\/logo\/image\/\",\"url\":\"https:\/\/www.public.sn\/wp-content\/uploads\/2024\/05\/cropped-LOGO-PUBLIC.SN_.png\",\"contentUrl\":\"https:\/\/www.public.sn\/wp-content\/uploads\/2024\/05\/cropped-LOGO-PUBLIC.SN_.png\",\"width\":682,\"height\":192,\"caption\":\"LE PUBLIC\"},\"image\":{\"@id\":\"https:\/\/www.public.sn\/#\/schema\/logo\/image\/\"}},{\"@type\":\"Person\",\"@id\":\"https:\/\/www.public.sn\/#\/schema\/person\/8fc5465b19f9ea9cf2212d8ca13397e3\",\"name\":\"Abdou SARR\",\"image\":{\"@type\":\"ImageObject\",\"inLanguage\":\"fr-FR\",\"@id\":\"https:\/\/www.public.sn\/#\/schema\/person\/image\/\",\"url\":\"https:\/\/secure.gravatar.com\/avatar\/1d5c1e6773c91217fbf1820ce89547e8b07a0eaffc48d779672f06c28be4b151?s=96&d=mm&r=g\",\"contentUrl\":\"https:\/\/secure.gravatar.com\/avatar\/1d5c1e6773c91217fbf1820ce89547e8b07a0eaffc48d779672f06c28be4b151?s=96&d=mm&r=g\",\"caption\":\"Abdou SARR\"},\"url\":\"https:\/\/www.public.sn\/index.php\/author\/dousarr24\/\"}]}<\/script>\n<!-- \/ Yoast SEO plugin. -->","yoast_head_json":{"title":"AIBD \/ Accident du vol HC301 de Air S\u00e9n\u00e9gal : Une enqu\u00eate technique pour d\u00e9terminer les causes est ouverte - LE PUBLIC","description":"Le gouvernement a pris des mesures suite \u00e0 l\u2019accident du vol HC301 de Air S\u00e9n\u00e9gal \u00e0 destination de Bamako, survenu ce 09 mai 2024 vers 01h 15mn \u00e0 l\u2019a\u00e9roport international Blaise Diagne de Diass. Le ministre Malick Ndiaye tient \u00e0 pr\u00e9ciser que le bureau d'enqu\u00eate et analyse a d\u00e9j\u00e0 d\u00e9marr\u00e9 son enqu\u00eate technique pour d\u00e9terminer les causes de cet incident et prendre les mesures n\u00e9cessaires pour \u00e9viter de tels \u00e9v\u00e9nements \u00e0 l'avenir.","robots":{"index":"index","follow":"follow","max-snippet":"max-snippet:-1","max-image-preview":"max-image-preview:large","max-video-preview":"max-video-preview:-1"},"canonical":"https:\/\/www.public.sn\/index.php\/2024\/05\/10\/aibd-accident-du-vol-hc301-de-air-senegal-une-enquete-technique-pour-determiner-les-causes-est-ouverte\/","og_locale":"fr_FR","og_type":"article","og_title":"AIBD \/ Accident du vol HC301 de Air S\u00e9n\u00e9gal : Une enqu\u00eate technique pour d\u00e9terminer les causes est ouverte - LE PUBLIC","og_description":"Le gouvernement a pris des mesures suite \u00e0 l\u2019accident du vol HC301 de Air S\u00e9n\u00e9gal \u00e0 destination de Bamako, survenu ce 09 mai 2024 vers 01h 15mn \u00e0 l\u2019a\u00e9roport international Blaise Diagne de Diass. Le ministre Malick Ndiaye tient \u00e0 pr\u00e9ciser que le bureau d'enqu\u00eate et analyse a d\u00e9j\u00e0 d\u00e9marr\u00e9 son enqu\u00eate technique pour d\u00e9terminer les causes de cet incident et prendre les mesures n\u00e9cessaires pour \u00e9viter de tels \u00e9v\u00e9nements \u00e0 l'avenir.","og_url":"https:\/\/www.public.sn\/index.php\/2024\/05\/10\/aibd-accident-du-vol-hc301-de-air-senegal-une-enquete-technique-pour-determiner-les-causes-est-ouverte\/","og_site_name":"LE PUBLIC","article_published_time":"2024-05-10T18:33:34+00:00","og_image":[{"width":768,"height":444,"url":"https:\/\/www.public.sn\/wp-content\/uploads\/2024\/05\/BB1m6jbR.jpeg","type":"image\/jpeg"}],"author":"Abdou SARR","twitter_card":"summary_large_image","twitter_misc":{"\u00c9crit par":"Abdou SARR","Dur\u00e9e de lecture estim\u00e9e":"2 minutes"},"schema":{"@context":"https:\/\/schema.org","@graph":[{"@type":"Article","@id":"https:\/\/www.public.sn\/index.php\/2024\/05\/10\/aibd-accident-du-vol-hc301-de-air-senegal-une-enquete-technique-pour-determiner-les-causes-est-ouverte\/#article","isPartOf":{"@id":"https:\/\/www.public.sn\/index.php\/2024\/05\/10\/aibd-accident-du-vol-hc301-de-air-senegal-une-enquete-technique-pour-determiner-les-causes-est-ouverte\/"},"author":{"name":"Abdou SARR","@id":"https:\/\/www.public.sn\/#\/schema\/person\/8fc5465b19f9ea9cf2212d8ca13397e3"},"headline":"AIBD \/ Accident du vol HC301 de Air S\u00e9n\u00e9gal : Une enqu\u00eate technique pour d\u00e9terminer les causes est ouverte","datePublished":"2024-05-10T18:33:34+00:00","mainEntityOfPage":{"@id":"https:\/\/www.public.sn\/index.php\/2024\/05\/10\/aibd-accident-du-vol-hc301-de-air-senegal-une-enquete-technique-pour-determiner-les-causes-est-ouverte\/"},"wordCount":241,"commentCount":0,"publisher":{"@id":"https:\/\/www.public.sn\/#organization"},"image":{"@id":"https:\/\/www.public.sn\/index.php\/2024\/05\/10\/aibd-accident-du-vol-hc301-de-air-senegal-une-enquete-technique-pour-determiner-les-causes-est-ouverte\/#primaryimage"},"thumbnailUrl":"https:\/\/www.public.sn\/wp-content\/uploads\/2024\/05\/BB1m6jbR.jpeg","keywords":["Accident","Actualit\u00e9s Politiques","Amadou Ba","Guy Marius Sagna","Macky Sall","Mame Mbaye Niang","Mimi Tour\u00e9","Ousmane Sonko","sonko"],"articleSection":["ACTUALIT\u00c9S"],"inLanguage":"fr-FR","potentialAction":[{"@type":"CommentAction","name":"Comment","target":["https:\/\/www.public.sn\/index.php\/2024\/05\/10\/aibd-accident-du-vol-hc301-de-air-senegal-une-enquete-technique-pour-determiner-les-causes-est-ouverte\/#respond"]}]},{"@type":"WebPage","@id":"https:\/\/www.public.sn\/index.php\/2024\/05\/10\/aibd-accident-du-vol-hc301-de-air-senegal-une-enquete-technique-pour-determiner-les-causes-est-ouverte\/","url":"https:\/\/www.public.sn\/index.php\/2024\/05\/10\/aibd-accident-du-vol-hc301-de-air-senegal-une-enquete-technique-pour-determiner-les-causes-est-ouverte\/","name":"AIBD \/ Accident du vol HC301 de Air S\u00e9n\u00e9gal : Une enqu\u00eate technique pour d\u00e9terminer les causes est ouverte - LE PUBLIC","isPartOf":{"@id":"https:\/\/www.public.sn\/#website"},"primaryImageOfPage":{"@id":"https:\/\/www.public.sn\/index.php\/2024\/05\/10\/aibd-accident-du-vol-hc301-de-air-senegal-une-enquete-technique-pour-determiner-les-causes-est-ouverte\/#primaryimage"},"image":{"@id":"https:\/\/www.public.sn\/index.php\/2024\/05\/10\/aibd-accident-du-vol-hc301-de-air-senegal-une-enquete-technique-pour-determiner-les-causes-est-ouverte\/#primaryimage"},"thumbnailUrl":"https:\/\/www.public.sn\/wp-content\/uploads\/2024\/05\/BB1m6jbR.jpeg","datePublished":"2024-05-10T18:33:34+00:00","description":"Le gouvernement a pris des mesures suite \u00e0 l\u2019accident du vol HC301 de Air S\u00e9n\u00e9gal \u00e0 destination de Bamako, survenu ce 09 mai 2024 vers 01h 15mn \u00e0 l\u2019a\u00e9roport international Blaise Diagne de Diass. Le ministre Malick Ndiaye tient \u00e0 pr\u00e9ciser que le bureau d'enqu\u00eate et analyse a d\u00e9j\u00e0 d\u00e9marr\u00e9 son enqu\u00eate technique pour d\u00e9terminer les causes de cet incident et prendre les mesures n\u00e9cessaires pour \u00e9viter de tels \u00e9v\u00e9nements \u00e0 l'avenir.","breadcrumb":{"@id":"https:\/\/www.public.sn\/index.php\/2024\/05\/10\/aibd-accident-du-vol-hc301-de-air-senegal-une-enquete-technique-pour-determiner-les-causes-est-ouverte\/#breadcrumb"},"inLanguage":"fr-FR","potentialAction":[{"@type":"ReadAction","target":["https:\/\/www.public.sn\/index.php\/2024\/05\/10\/aibd-accident-du-vol-hc301-de-air-senegal-une-enquete-technique-pour-determiner-les-causes-est-ouverte\/"]}]},{"@type":"ImageObject","inLanguage":"fr-FR","@id":"https:\/\/www.public.sn\/index.php\/2024\/05\/10\/aibd-accident-du-vol-hc301-de-air-senegal-une-enquete-technique-pour-determiner-les-causes-est-ouverte\/#primaryimage","url":"https:\/\/www.public.sn\/wp-content\/uploads\/2024\/05\/BB1m6jbR.jpeg","contentUrl":"https:\/\/www.public.sn\/wp-content\/uploads\/2024\/05\/BB1m6jbR.jpeg","width":768,"height":444},{"@type":"BreadcrumbList","@id":"https:\/\/www.public.sn\/index.php\/2024\/05\/10\/aibd-accident-du-vol-hc301-de-air-senegal-une-enquete-technique-pour-determiner-les-causes-est-ouverte\/#breadcrumb","itemListElement":[{"@type":"ListItem","position":1,"name":"Accueil","item":"https:\/\/www.public.sn\/"},{"@type":"ListItem","position":2,"name":"AIBD \/ Accident du vol HC301 de Air S\u00e9n\u00e9gal : Une enqu\u00eate technique pour d\u00e9terminer les causes est ouverte"}]},{"@type":"WebSite","@id":"https:\/\/www.public.sn\/#website","url":"https:\/\/www.public.sn\/","name":"LE PUBLIC","description":"","publisher":{"@id":"https:\/\/www.public.sn\/#organization"},"potentialAction":[{"@type":"SearchAction","target":{"@type":"EntryPoint","urlTemplate":"https:\/\/www.public.sn\/?s={search_term_string}"},"query-input":{"@type":"PropertyValueSpecification","valueRequired":true,"valueName":"search_term_string"}}],"inLanguage":"fr-FR"},{"@type":"Organization","@id":"https:\/\/www.public.sn\/#organization","name":"LE PUBLIC","url":"https:\/\/www.public.sn\/","logo":{"@type":"ImageObject","inLanguage":"fr-FR","@id":"https:\/\/www.public.sn\/#\/schema\/logo\/image\/","url":"https:\/\/www.public.sn\/wp-content\/uploads\/2024\/05\/cropped-LOGO-PUBLIC.SN_.png","contentUrl":"https:\/\/www.public.sn\/wp-content\/uploads\/2024\/05\/cropped-LOGO-PUBLIC.SN_.png","width":682,"height":192,"caption":"LE PUBLIC"},"image":{"@id":"https:\/\/www.public.sn\/#\/schema\/logo\/image\/"}},{"@type":"Person","@id":"https:\/\/www.public.sn\/#\/schema\/person\/8fc5465b19f9ea9cf2212d8ca13397e3","name":"Abdou SARR","image":{"@type":"ImageObject","inLanguage":"fr-FR","@id":"https:\/\/www.public.sn\/#\/schema\/person\/image\/","url":"https:\/\/secure.gravatar.com\/avatar\/1d5c1e6773c91217fbf1820ce89547e8b07a0eaffc48d779672f06c28be4b151?s=96&d=mm&r=g","contentUrl":"https:\/\/secure.gravatar.com\/avatar\/1d5c1e6773c91217fbf1820ce89547e8b07a0eaffc48d779672f06c28be4b151?s=96&d=mm&r=g","caption":"Abdou SARR"},"url":"https:\/\/www.public.sn\/index.php\/author\/dousarr24\/"}]}},"jetpack_featured_media_url":"https:\/\/www.public.sn\/wp-content\/uploads\/2024\/05\/BB1m6jbR.jpeg","jetpack_sharing_enabled":true,"_links":{"self":[{"href":"https:\/\/www.public.sn\/index.php\/wp-json\/wp\/v2\/posts\/32639","targetHints":{"allow":["GET"]}}],"collection":[{"href":"https:\/\/www.public.sn\/index.php\/wp-json\/wp\/v2\/posts"}],"about":[{"href":"https:\/\/www.public.sn\/index.php\/wp-json\/wp\/v2\/types\/post"}],"author":[{"embeddable":true,"href":"https:\/\/www.public.sn\/index.php\/wp-json\/wp\/v2\/users\/13"}],"replies":[{"embeddable":true,"href":"https:\/\/www.public.sn\/index.php\/wp-json\/wp\/v2\/comments?post=32639"}],"version-history":[{"count":1,"href":"https:\/\/www.public.sn\/index.php\/wp-json\/wp\/v2\/posts\/32639\/revisions"}],"predecessor-version":[{"id":32641,"href":"https:\/\/www.public.sn\/index.php\/wp-json\/wp\/v2\/posts\/32639\/revisions\/32641"}],"wp:featuredmedia":[{"embeddable":true,"href":"https:\/\/www.public.sn\/index.php\/wp-json\/wp\/v2\/media\/32640"}],"wp:attachment":[{"href":"https:\/\/www.public.sn\/index.php\/wp-json\/wp\/v2\/media?parent=32639"}],"wp:term":[{"taxonomy":"category","embeddable":true,"href":"https:\/\/www.public.sn\/index.php\/wp-json\/wp\/v2\/categories?post=32639"},{"taxonomy":"post_tag","embeddable":true,"href":"https:\/\/www.public.sn\/index.php\/wp-json\/wp\/v2\/tags?post=32639"}],"curies":[{"name":"wp","href":"https:\/\/api.w.org\/{rel}","templated":true}]}}