{"id":32676,"date":"2024-05-11T20:43:01","date_gmt":"2024-05-11T20:43:01","guid":{"rendered":"https:\/\/www.public.sn\/?p=32676"},"modified":"2024-05-11T20:43:01","modified_gmt":"2024-05-11T20:43:01","slug":"visite-au-senegal-le-president-paul-kagame-va-assister-ce-samedi-aux-matchs-du-bal-a-dakar-arena","status":"publish","type":"post","link":"https:\/\/www.public.sn\/index.php\/2024\/05\/11\/visite-au-senegal-le-president-paul-kagame-va-assister-ce-samedi-aux-matchs-du-bal-a-dakar-arena\/","title":{"rendered":"Visite au S\u00e9n\u00e9gal : Le pr\u00e9sident Paul Kagam\u00e9 va assister ce samedi aux matchs du BAL \u00e0 Dakar Arena"},"content":{"rendered":"<p><strong>Paul Kagam\u00e9 va assister ce samedi au Basketball African League (BAL) \u00e0 Ar\u00e9na Dakar. Une occasions pour le pr\u00e9sident Rwandais de regarder le match qui va opposer Rivers Hoopers du Nigeria contre APR du Rwanda \u00e0 14h30.<\/strong><\/p><div class=\"publi-paragraphe1\" style=\"margin-top: 10px;margin-bottom: 10px;margin-left: auto;margin-right: auto;text-align: center;\" id=\"publi-62302130\"><div class=\"publi-adlabel\">Publicit\u00e9<\/div><script async src=\"\/\/pagead2.googlesyndication.com\/pagead\/js\/adsbygoogle.js?client=ca-pub-4089586018074219\" crossorigin=\"anonymous\"><\/script><ins class=\"adsbygoogle\" style=\"display:block;\" data-ad-client=\"ca-pub-4089586018074219\" \ndata-ad-slot=\"2087940154\" \ndata-ad-format=\"auto\"><\/ins>\n<script> \n(adsbygoogle = window.adsbygoogle || []).push({}); \n<\/script>\n<\/div>\n<p>&nbsp;<\/p>\n<p>Pour rappel, le pr\u00e9sident natif de Ruhango est en visite au S\u00e9n\u00e9gal pour deux jours pour entre autres, rencontrer l\u2019autorit\u00e9 supr\u00eame dans le cadre de la coop\u00e9ration entre les deux pays.<\/p>\n<div class=\"publi-apres-le-contenu\" style=\"margin-top: 10px;margin-bottom: 10px;margin-left: auto;margin-right: auto;text-align: center;\" id=\"publi-1698255296\"><div class=\"publi-adlabel\">Publicit\u00e9<\/div><script async src=\"\/\/pagead2.googlesyndication.com\/pagead\/js\/adsbygoogle.js?client=ca-pub-4089586018074219\" crossorigin=\"anonymous\"><\/script><ins class=\"adsbygoogle\" style=\"display:block;\" data-ad-client=\"ca-pub-4089586018074219\" \ndata-ad-slot=\"2087940154\" \ndata-ad-format=\"auto\"><\/ins>\n<script> \n(adsbygoogle = window.adsbygoogle || []).push({}); \n<\/script>\n<\/div>","protected":false},"excerpt":{"rendered":"<p>Paul Kagam\u00e9 va assister ce samedi au Basketball African League (BAL) \u00e0 Ar\u00e9na Dakar. Une occasions pour le pr\u00e9sident Rwandais de regarder le match qui va opposer Rivers Hoopers du Nigeria contre APR du Rwanda \u00e0 14h30. &nbsp; Pour rappel, le pr\u00e9sident natif de Ruhango est en visite au S\u00e9n\u00e9gal pour deux jours pour entre autres, rencontrer l\u2019autorit\u00e9 supr\u00eame dans le cadre de la coop\u00e9ration entre les deux pays.<\/p>\n","protected":false},"author":13,"featured_media":32677,"comment_status":"open","ping_status":"open","sticky":false,"template":"","format":"standard","meta":{"_jetpack_memberships_contains_paid_content":false,"footnotes":""},"categories":[375],"tags":[102,744,12,479,1223,374,444,68,351],"class_list":["post-32676","post","type-post","status-publish","format-standard","has-post-thumbnail","hentry","category-actualites","tag-accident","tag-amadou-ba","tag-assemblee-nationale","tag-benno","tag-coupe-du-monde","tag-deces","tag-drame","tag-football","tag-france","entry","has-media","owp-thumbs-layout-horizontal","owp-btn-normal","owp-tabs-layout-horizontal","has-no-thumbnails","has-product-nav"],"yoast_head":"<!-- This site is optimized with the Yoast SEO plugin v25.5 - https:\/\/yoast.com\/wordpress\/plugins\/seo\/ -->\n<title>Visite au S\u00e9n\u00e9gal : Le pr\u00e9sident Paul Kagam\u00e9 va assister ce samedi aux matchs du BAL \u00e0 Dakar Arena - LE PUBLIC<\/title>\n<meta name=\"description\" content=\"Paul Kagam\u00e9 va assister ce samedi au Basketball African League (BAL) \u00e0 Ar\u00e9na Dakar. Une occasions pour le pr\u00e9sident Rwandais de regarder le match qui va opposer Rivers Hoopers du Nigeria contre APR du Rwanda \u00e0 14h30.\" \/>\n<meta name=\"robots\" content=\"index, follow, max-snippet:-1, max-image-preview:large, max-video-preview:-1\" \/>\n<link rel=\"canonical\" href=\"https:\/\/www.public.sn\/index.php\/2024\/05\/11\/visite-au-senegal-le-president-paul-kagame-va-assister-ce-samedi-aux-matchs-du-bal-a-dakar-arena\/\" \/>\n<meta property=\"og:locale\" content=\"fr_FR\" \/>\n<meta property=\"og:type\" content=\"article\" \/>\n<meta property=\"og:title\" content=\"Visite au S\u00e9n\u00e9gal : Le pr\u00e9sident Paul Kagam\u00e9 va assister ce samedi aux matchs du BAL \u00e0 Dakar Arena - LE PUBLIC\" \/>\n<meta property=\"og:description\" content=\"Paul Kagam\u00e9 va assister ce samedi au Basketball African League (BAL) \u00e0 Ar\u00e9na Dakar. Une occasions pour le pr\u00e9sident Rwandais de regarder le match qui va opposer Rivers Hoopers du Nigeria contre APR du Rwanda \u00e0 14h30.\" \/>\n<meta property=\"og:url\" content=\"https:\/\/www.public.sn\/index.php\/2024\/05\/11\/visite-au-senegal-le-president-paul-kagame-va-assister-ce-samedi-aux-matchs-du-bal-a-dakar-arena\/\" \/>\n<meta property=\"og:site_name\" content=\"LE PUBLIC\" \/>\n<meta property=\"article:published_time\" content=\"2024-05-11T20:43:01+00:00\" \/>\n<meta property=\"og:image\" content=\"https:\/\/www.public.sn\/wp-content\/uploads\/2024\/05\/80190559-57928560.jpeg\" \/>\n\t<meta property=\"og:image:width\" content=\"600\" \/>\n\t<meta property=\"og:image:height\" content=\"338\" \/>\n\t<meta property=\"og:image:type\" content=\"image\/jpeg\" \/>\n<meta name=\"author\" content=\"Abdou SARR\" \/>\n<meta name=\"twitter:card\" content=\"summary_large_image\" \/>\n<meta name=\"twitter:label1\" content=\"\u00c9crit par\" \/>\n\t<meta name=\"twitter:data1\" content=\"Abdou SARR\" \/>\n\t<meta name=\"twitter:label2\" content=\"Dur\u00e9e de lecture estim\u00e9e\" \/>\n\t<meta name=\"twitter:data2\" content=\"1 minute\" \/>\n<script type=\"application\/ld+json\" class=\"yoast-schema-graph\">{\"@context\":\"https:\/\/schema.org\",\"@graph\":[{\"@type\":\"Article\",\"@id\":\"https:\/\/www.public.sn\/index.php\/2024\/05\/11\/visite-au-senegal-le-president-paul-kagame-va-assister-ce-samedi-aux-matchs-du-bal-a-dakar-arena\/#article\",\"isPartOf\":{\"@id\":\"https:\/\/www.public.sn\/index.php\/2024\/05\/11\/visite-au-senegal-le-president-paul-kagame-va-assister-ce-samedi-aux-matchs-du-bal-a-dakar-arena\/\"},\"author\":{\"name\":\"Abdou SARR\",\"@id\":\"https:\/\/www.public.sn\/#\/schema\/person\/8fc5465b19f9ea9cf2212d8ca13397e3\"},\"headline\":\"Visite au S\u00e9n\u00e9gal : Le pr\u00e9sident Paul Kagam\u00e9 va assister ce samedi aux matchs du BAL \u00e0 Dakar Arena\",\"datePublished\":\"2024-05-11T20:43:01+00:00\",\"mainEntityOfPage\":{\"@id\":\"https:\/\/www.public.sn\/index.php\/2024\/05\/11\/visite-au-senegal-le-president-paul-kagame-va-assister-ce-samedi-aux-matchs-du-bal-a-dakar-arena\/\"},\"wordCount\":95,\"commentCount\":0,\"publisher\":{\"@id\":\"https:\/\/www.public.sn\/#organization\"},\"image\":{\"@id\":\"https:\/\/www.public.sn\/index.php\/2024\/05\/11\/visite-au-senegal-le-president-paul-kagame-va-assister-ce-samedi-aux-matchs-du-bal-a-dakar-arena\/#primaryimage\"},\"thumbnailUrl\":\"https:\/\/www.public.sn\/wp-content\/uploads\/2024\/05\/80190559-57928560.jpeg\",\"keywords\":[\"Accident\",\"Amadou Ba\",\"Assembl\u00e9e Nationale\",\"Benno\",\"coupe du monde\",\"d\u00e9c\u00e8s\",\"Drame\",\"Football\",\"France\"],\"articleSection\":[\"ACTUALIT\u00c9S\"],\"inLanguage\":\"fr-FR\",\"potentialAction\":[{\"@type\":\"CommentAction\",\"name\":\"Comment\",\"target\":[\"https:\/\/www.public.sn\/index.php\/2024\/05\/11\/visite-au-senegal-le-president-paul-kagame-va-assister-ce-samedi-aux-matchs-du-bal-a-dakar-arena\/#respond\"]}]},{\"@type\":\"WebPage\",\"@id\":\"https:\/\/www.public.sn\/index.php\/2024\/05\/11\/visite-au-senegal-le-president-paul-kagame-va-assister-ce-samedi-aux-matchs-du-bal-a-dakar-arena\/\",\"url\":\"https:\/\/www.public.sn\/index.php\/2024\/05\/11\/visite-au-senegal-le-president-paul-kagame-va-assister-ce-samedi-aux-matchs-du-bal-a-dakar-arena\/\",\"name\":\"Visite au S\u00e9n\u00e9gal : Le pr\u00e9sident Paul Kagam\u00e9 va assister ce samedi aux matchs du BAL \u00e0 Dakar Arena - LE PUBLIC\",\"isPartOf\":{\"@id\":\"https:\/\/www.public.sn\/#website\"},\"primaryImageOfPage\":{\"@id\":\"https:\/\/www.public.sn\/index.php\/2024\/05\/11\/visite-au-senegal-le-president-paul-kagame-va-assister-ce-samedi-aux-matchs-du-bal-a-dakar-arena\/#primaryimage\"},\"image\":{\"@id\":\"https:\/\/www.public.sn\/index.php\/2024\/05\/11\/visite-au-senegal-le-president-paul-kagame-va-assister-ce-samedi-aux-matchs-du-bal-a-dakar-arena\/#primaryimage\"},\"thumbnailUrl\":\"https:\/\/www.public.sn\/wp-content\/uploads\/2024\/05\/80190559-57928560.jpeg\",\"datePublished\":\"2024-05-11T20:43:01+00:00\",\"description\":\"Paul Kagam\u00e9 va assister ce samedi au Basketball African League (BAL) \u00e0 Ar\u00e9na Dakar. Une occasions pour le pr\u00e9sident Rwandais de regarder le match qui va opposer Rivers Hoopers du Nigeria contre APR du Rwanda \u00e0 14h30.\",\"breadcrumb\":{\"@id\":\"https:\/\/www.public.sn\/index.php\/2024\/05\/11\/visite-au-senegal-le-president-paul-kagame-va-assister-ce-samedi-aux-matchs-du-bal-a-dakar-arena\/#breadcrumb\"},\"inLanguage\":\"fr-FR\",\"potentialAction\":[{\"@type\":\"ReadAction\",\"target\":[\"https:\/\/www.public.sn\/index.php\/2024\/05\/11\/visite-au-senegal-le-president-paul-kagame-va-assister-ce-samedi-aux-matchs-du-bal-a-dakar-arena\/\"]}]},{\"@type\":\"ImageObject\",\"inLanguage\":\"fr-FR\",\"@id\":\"https:\/\/www.public.sn\/index.php\/2024\/05\/11\/visite-au-senegal-le-president-paul-kagame-va-assister-ce-samedi-aux-matchs-du-bal-a-dakar-arena\/#primaryimage\",\"url\":\"https:\/\/www.public.sn\/wp-content\/uploads\/2024\/05\/80190559-57928560.jpeg\",\"contentUrl\":\"https:\/\/www.public.sn\/wp-content\/uploads\/2024\/05\/80190559-57928560.jpeg\",\"width\":600,\"height\":338},{\"@type\":\"BreadcrumbList\",\"@id\":\"https:\/\/www.public.sn\/index.php\/2024\/05\/11\/visite-au-senegal-le-president-paul-kagame-va-assister-ce-samedi-aux-matchs-du-bal-a-dakar-arena\/#breadcrumb\",\"itemListElement\":[{\"@type\":\"ListItem\",\"position\":1,\"name\":\"Accueil\",\"item\":\"https:\/\/www.public.sn\/\"},{\"@type\":\"ListItem\",\"position\":2,\"name\":\"Visite au S\u00e9n\u00e9gal : Le pr\u00e9sident Paul Kagam\u00e9 va assister ce samedi aux matchs du BAL \u00e0 Dakar Arena\"}]},{\"@type\":\"WebSite\",\"@id\":\"https:\/\/www.public.sn\/#website\",\"url\":\"https:\/\/www.public.sn\/\",\"name\":\"LE PUBLIC\",\"description\":\"\",\"publisher\":{\"@id\":\"https:\/\/www.public.sn\/#organization\"},\"potentialAction\":[{\"@type\":\"SearchAction\",\"target\":{\"@type\":\"EntryPoint\",\"urlTemplate\":\"https:\/\/www.public.sn\/?s={search_term_string}\"},\"query-input\":{\"@type\":\"PropertyValueSpecification\",\"valueRequired\":true,\"valueName\":\"search_term_string\"}}],\"inLanguage\":\"fr-FR\"},{\"@type\":\"Organization\",\"@id\":\"https:\/\/www.public.sn\/#organization\",\"name\":\"LE PUBLIC\",\"url\":\"https:\/\/www.public.sn\/\",\"logo\":{\"@type\":\"ImageObject\",\"inLanguage\":\"fr-FR\",\"@id\":\"https:\/\/www.public.sn\/#\/schema\/logo\/image\/\",\"url\":\"https:\/\/www.public.sn\/wp-content\/uploads\/2024\/05\/cropped-LOGO-PUBLIC.SN_.png\",\"contentUrl\":\"https:\/\/www.public.sn\/wp-content\/uploads\/2024\/05\/cropped-LOGO-PUBLIC.SN_.png\",\"width\":682,\"height\":192,\"caption\":\"LE PUBLIC\"},\"image\":{\"@id\":\"https:\/\/www.public.sn\/#\/schema\/logo\/image\/\"}},{\"@type\":\"Person\",\"@id\":\"https:\/\/www.public.sn\/#\/schema\/person\/8fc5465b19f9ea9cf2212d8ca13397e3\",\"name\":\"Abdou SARR\",\"image\":{\"@type\":\"ImageObject\",\"inLanguage\":\"fr-FR\",\"@id\":\"https:\/\/www.public.sn\/#\/schema\/person\/image\/\",\"url\":\"https:\/\/secure.gravatar.com\/avatar\/1d5c1e6773c91217fbf1820ce89547e8b07a0eaffc48d779672f06c28be4b151?s=96&d=mm&r=g\",\"contentUrl\":\"https:\/\/secure.gravatar.com\/avatar\/1d5c1e6773c91217fbf1820ce89547e8b07a0eaffc48d779672f06c28be4b151?s=96&d=mm&r=g\",\"caption\":\"Abdou SARR\"},\"url\":\"https:\/\/www.public.sn\/index.php\/author\/dousarr24\/\"}]}<\/script>\n<!-- \/ Yoast SEO plugin. -->","yoast_head_json":{"title":"Visite au S\u00e9n\u00e9gal : Le pr\u00e9sident Paul Kagam\u00e9 va assister ce samedi aux matchs du BAL \u00e0 Dakar Arena - LE PUBLIC","description":"Paul Kagam\u00e9 va assister ce samedi au Basketball African League (BAL) \u00e0 Ar\u00e9na Dakar. Une occasions pour le pr\u00e9sident Rwandais de regarder le match qui va opposer Rivers Hoopers du Nigeria contre APR du Rwanda \u00e0 14h30.","robots":{"index":"index","follow":"follow","max-snippet":"max-snippet:-1","max-image-preview":"max-image-preview:large","max-video-preview":"max-video-preview:-1"},"canonical":"https:\/\/www.public.sn\/index.php\/2024\/05\/11\/visite-au-senegal-le-president-paul-kagame-va-assister-ce-samedi-aux-matchs-du-bal-a-dakar-arena\/","og_locale":"fr_FR","og_type":"article","og_title":"Visite au S\u00e9n\u00e9gal : Le pr\u00e9sident Paul Kagam\u00e9 va assister ce samedi aux matchs du BAL \u00e0 Dakar Arena - LE PUBLIC","og_description":"Paul Kagam\u00e9 va assister ce samedi au Basketball African League (BAL) \u00e0 Ar\u00e9na Dakar. Une occasions pour le pr\u00e9sident Rwandais de regarder le match qui va opposer Rivers Hoopers du Nigeria contre APR du Rwanda \u00e0 14h30.","og_url":"https:\/\/www.public.sn\/index.php\/2024\/05\/11\/visite-au-senegal-le-president-paul-kagame-va-assister-ce-samedi-aux-matchs-du-bal-a-dakar-arena\/","og_site_name":"LE PUBLIC","article_published_time":"2024-05-11T20:43:01+00:00","og_image":[{"width":600,"height":338,"url":"https:\/\/www.public.sn\/wp-content\/uploads\/2024\/05\/80190559-57928560.jpeg","type":"image\/jpeg"}],"author":"Abdou SARR","twitter_card":"summary_large_image","twitter_misc":{"\u00c9crit par":"Abdou SARR","Dur\u00e9e de lecture estim\u00e9e":"1 minute"},"schema":{"@context":"https:\/\/schema.org","@graph":[{"@type":"Article","@id":"https:\/\/www.public.sn\/index.php\/2024\/05\/11\/visite-au-senegal-le-president-paul-kagame-va-assister-ce-samedi-aux-matchs-du-bal-a-dakar-arena\/#article","isPartOf":{"@id":"https:\/\/www.public.sn\/index.php\/2024\/05\/11\/visite-au-senegal-le-president-paul-kagame-va-assister-ce-samedi-aux-matchs-du-bal-a-dakar-arena\/"},"author":{"name":"Abdou SARR","@id":"https:\/\/www.public.sn\/#\/schema\/person\/8fc5465b19f9ea9cf2212d8ca13397e3"},"headline":"Visite au S\u00e9n\u00e9gal : Le pr\u00e9sident Paul Kagam\u00e9 va assister ce samedi aux matchs du BAL \u00e0 Dakar Arena","datePublished":"2024-05-11T20:43:01+00:00","mainEntityOfPage":{"@id":"https:\/\/www.public.sn\/index.php\/2024\/05\/11\/visite-au-senegal-le-president-paul-kagame-va-assister-ce-samedi-aux-matchs-du-bal-a-dakar-arena\/"},"wordCount":95,"commentCount":0,"publisher":{"@id":"https:\/\/www.public.sn\/#organization"},"image":{"@id":"https:\/\/www.public.sn\/index.php\/2024\/05\/11\/visite-au-senegal-le-president-paul-kagame-va-assister-ce-samedi-aux-matchs-du-bal-a-dakar-arena\/#primaryimage"},"thumbnailUrl":"https:\/\/www.public.sn\/wp-content\/uploads\/2024\/05\/80190559-57928560.jpeg","keywords":["Accident","Amadou Ba","Assembl\u00e9e Nationale","Benno","coupe du monde","d\u00e9c\u00e8s","Drame","Football","France"],"articleSection":["ACTUALIT\u00c9S"],"inLanguage":"fr-FR","potentialAction":[{"@type":"CommentAction","name":"Comment","target":["https:\/\/www.public.sn\/index.php\/2024\/05\/11\/visite-au-senegal-le-president-paul-kagame-va-assister-ce-samedi-aux-matchs-du-bal-a-dakar-arena\/#respond"]}]},{"@type":"WebPage","@id":"https:\/\/www.public.sn\/index.php\/2024\/05\/11\/visite-au-senegal-le-president-paul-kagame-va-assister-ce-samedi-aux-matchs-du-bal-a-dakar-arena\/","url":"https:\/\/www.public.sn\/index.php\/2024\/05\/11\/visite-au-senegal-le-president-paul-kagame-va-assister-ce-samedi-aux-matchs-du-bal-a-dakar-arena\/","name":"Visite au S\u00e9n\u00e9gal : Le pr\u00e9sident Paul Kagam\u00e9 va assister ce samedi aux matchs du BAL \u00e0 Dakar Arena - LE PUBLIC","isPartOf":{"@id":"https:\/\/www.public.sn\/#website"},"primaryImageOfPage":{"@id":"https:\/\/www.public.sn\/index.php\/2024\/05\/11\/visite-au-senegal-le-president-paul-kagame-va-assister-ce-samedi-aux-matchs-du-bal-a-dakar-arena\/#primaryimage"},"image":{"@id":"https:\/\/www.public.sn\/index.php\/2024\/05\/11\/visite-au-senegal-le-president-paul-kagame-va-assister-ce-samedi-aux-matchs-du-bal-a-dakar-arena\/#primaryimage"},"thumbnailUrl":"https:\/\/www.public.sn\/wp-content\/uploads\/2024\/05\/80190559-57928560.jpeg","datePublished":"2024-05-11T20:43:01+00:00","description":"Paul Kagam\u00e9 va assister ce samedi au Basketball African League (BAL) \u00e0 Ar\u00e9na Dakar. Une occasions pour le pr\u00e9sident Rwandais de regarder le match qui va opposer Rivers Hoopers du Nigeria contre APR du Rwanda \u00e0 14h30.","breadcrumb":{"@id":"https:\/\/www.public.sn\/index.php\/2024\/05\/11\/visite-au-senegal-le-president-paul-kagame-va-assister-ce-samedi-aux-matchs-du-bal-a-dakar-arena\/#breadcrumb"},"inLanguage":"fr-FR","potentialAction":[{"@type":"ReadAction","target":["https:\/\/www.public.sn\/index.php\/2024\/05\/11\/visite-au-senegal-le-president-paul-kagame-va-assister-ce-samedi-aux-matchs-du-bal-a-dakar-arena\/"]}]},{"@type":"ImageObject","inLanguage":"fr-FR","@id":"https:\/\/www.public.sn\/index.php\/2024\/05\/11\/visite-au-senegal-le-president-paul-kagame-va-assister-ce-samedi-aux-matchs-du-bal-a-dakar-arena\/#primaryimage","url":"https:\/\/www.public.sn\/wp-content\/uploads\/2024\/05\/80190559-57928560.jpeg","contentUrl":"https:\/\/www.public.sn\/wp-content\/uploads\/2024\/05\/80190559-57928560.jpeg","width":600,"height":338},{"@type":"BreadcrumbList","@id":"https:\/\/www.public.sn\/index.php\/2024\/05\/11\/visite-au-senegal-le-president-paul-kagame-va-assister-ce-samedi-aux-matchs-du-bal-a-dakar-arena\/#breadcrumb","itemListElement":[{"@type":"ListItem","position":1,"name":"Accueil","item":"https:\/\/www.public.sn\/"},{"@type":"ListItem","position":2,"name":"Visite au S\u00e9n\u00e9gal : Le pr\u00e9sident Paul Kagam\u00e9 va assister ce samedi aux matchs du BAL \u00e0 Dakar Arena"}]},{"@type":"WebSite","@id":"https:\/\/www.public.sn\/#website","url":"https:\/\/www.public.sn\/","name":"LE PUBLIC","description":"","publisher":{"@id":"https:\/\/www.public.sn\/#organization"},"potentialAction":[{"@type":"SearchAction","target":{"@type":"EntryPoint","urlTemplate":"https:\/\/www.public.sn\/?s={search_term_string}"},"query-input":{"@type":"PropertyValueSpecification","valueRequired":true,"valueName":"search_term_string"}}],"inLanguage":"fr-FR"},{"@type":"Organization","@id":"https:\/\/www.public.sn\/#organization","name":"LE PUBLIC","url":"https:\/\/www.public.sn\/","logo":{"@type":"ImageObject","inLanguage":"fr-FR","@id":"https:\/\/www.public.sn\/#\/schema\/logo\/image\/","url":"https:\/\/www.public.sn\/wp-content\/uploads\/2024\/05\/cropped-LOGO-PUBLIC.SN_.png","contentUrl":"https:\/\/www.public.sn\/wp-content\/uploads\/2024\/05\/cropped-LOGO-PUBLIC.SN_.png","width":682,"height":192,"caption":"LE PUBLIC"},"image":{"@id":"https:\/\/www.public.sn\/#\/schema\/logo\/image\/"}},{"@type":"Person","@id":"https:\/\/www.public.sn\/#\/schema\/person\/8fc5465b19f9ea9cf2212d8ca13397e3","name":"Abdou SARR","image":{"@type":"ImageObject","inLanguage":"fr-FR","@id":"https:\/\/www.public.sn\/#\/schema\/person\/image\/","url":"https:\/\/secure.gravatar.com\/avatar\/1d5c1e6773c91217fbf1820ce89547e8b07a0eaffc48d779672f06c28be4b151?s=96&d=mm&r=g","contentUrl":"https:\/\/secure.gravatar.com\/avatar\/1d5c1e6773c91217fbf1820ce89547e8b07a0eaffc48d779672f06c28be4b151?s=96&d=mm&r=g","caption":"Abdou SARR"},"url":"https:\/\/www.public.sn\/index.php\/author\/dousarr24\/"}]}},"jetpack_featured_media_url":"https:\/\/www.public.sn\/wp-content\/uploads\/2024\/05\/80190559-57928560.jpeg","jetpack_sharing_enabled":true,"_links":{"self":[{"href":"https:\/\/www.public.sn\/index.php\/wp-json\/wp\/v2\/posts\/32676","targetHints":{"allow":["GET"]}}],"collection":[{"href":"https:\/\/www.public.sn\/index.php\/wp-json\/wp\/v2\/posts"}],"about":[{"href":"https:\/\/www.public.sn\/index.php\/wp-json\/wp\/v2\/types\/post"}],"author":[{"embeddable":true,"href":"https:\/\/www.public.sn\/index.php\/wp-json\/wp\/v2\/users\/13"}],"replies":[{"embeddable":true,"href":"https:\/\/www.public.sn\/index.php\/wp-json\/wp\/v2\/comments?post=32676"}],"version-history":[{"count":1,"href":"https:\/\/www.public.sn\/index.php\/wp-json\/wp\/v2\/posts\/32676\/revisions"}],"predecessor-version":[{"id":32678,"href":"https:\/\/www.public.sn\/index.php\/wp-json\/wp\/v2\/posts\/32676\/revisions\/32678"}],"wp:featuredmedia":[{"embeddable":true,"href":"https:\/\/www.public.sn\/index.php\/wp-json\/wp\/v2\/media\/32677"}],"wp:attachment":[{"href":"https:\/\/www.public.sn\/index.php\/wp-json\/wp\/v2\/media?parent=32676"}],"wp:term":[{"taxonomy":"category","embeddable":true,"href":"https:\/\/www.public.sn\/index.php\/wp-json\/wp\/v2\/categories?post=32676"},{"taxonomy":"post_tag","embeddable":true,"href":"https:\/\/www.public.sn\/index.php\/wp-json\/wp\/v2\/tags?post=32676"}],"curies":[{"name":"wp","href":"https:\/\/api.w.org\/{rel}","templated":true}]}}