{"id":32679,"date":"2024-05-11T20:51:19","date_gmt":"2024-05-11T20:51:19","guid":{"rendered":"https:\/\/www.public.sn\/?p=32679"},"modified":"2024-05-11T20:51:19","modified_gmt":"2024-05-11T20:51:19","slug":"visite-de-paul-kagame-au-senegal-le-president-bassirou-diomaye-faye-accueille-son-homologue-rwandais-ce-samedi","status":"publish","type":"post","link":"https:\/\/www.public.sn\/index.php\/2024\/05\/11\/visite-de-paul-kagame-au-senegal-le-president-bassirou-diomaye-faye-accueille-son-homologue-rwandais-ce-samedi\/","title":{"rendered":"Visite de Paul Kagam\u00e9 au S\u00e9n\u00e9gal : Le pr\u00e9sident Bassirou Diomaye Faye accueille son homologue Rwandais ce samedi"},"content":{"rendered":"<div class=\"texte\">\n<div class=\"access firstletter\">\n<div><strong>\u00c0 l\u2019occasion de la visite de 48h qu\u2019il effectue au S\u00e9n\u00e9gal, le pr\u00e9sident de la R\u00e9publique Rwandaise sera re\u00e7u ce samedi par le chef de l\u2019Etat, Bassirou Diomaye Faye. Les deux chefs d\u2019Etat auront un entretien sur plusieurs points de coop\u00e9ration entre les deux pays.\u00a0<\/strong><\/div>\n<div>\nLe renforcement des moyens d\u2019\u0153uvrer ensemble pour raffermir les relations d\u2019amiti\u00e9 fraternelle et de coop\u00e9ration conviviale entre les deux pays sera au c\u0153ur de cette visite symbolique qui entre dans la perspective de l\u2019int\u00e9gration africaine.<\/div>\n<\/div>\n<\/div>\n<div class=\"hide_module_inside\">\n<div id=\"mod_4047092\" class=\"mod_4047092 wm-module fullbackground  module-article_connexe\">\n<div class=\"entete\"><\/div>\n<\/div>\n<\/div>\n<div class=\"publi-apres-le-contenu\" style=\"margin-top: 10px;margin-bottom: 10px;margin-left: auto;margin-right: auto;text-align: center;\" id=\"publi-2000271919\"><div class=\"publi-adlabel\">Publicit\u00e9<\/div><script async src=\"\/\/pagead2.googlesyndication.com\/pagead\/js\/adsbygoogle.js?client=ca-pub-4089586018074219\" crossorigin=\"anonymous\"><\/script><ins class=\"adsbygoogle\" style=\"display:block;\" data-ad-client=\"ca-pub-4089586018074219\" \ndata-ad-slot=\"2087940154\" \ndata-ad-format=\"auto\"><\/ins>\n<script> \n(adsbygoogle = window.adsbygoogle || []).push({}); \n<\/script>\n<\/div>","protected":false},"excerpt":{"rendered":"<p>\u00c0 l\u2019occasion de la visite de 48h qu\u2019il effectue au S\u00e9n\u00e9gal, le pr\u00e9sident de la R\u00e9publique Rwandaise sera re\u00e7u ce samedi par le chef de l\u2019Etat, Bassirou Diomaye Faye. Les deux chefs d\u2019Etat auront un entretien sur plusieurs points de coop\u00e9ration entre les deux pays.\u00a0 Le renforcement des moyens d\u2019\u0153uvrer ensemble pour raffermir les relations d\u2019amiti\u00e9 fraternelle et de coop\u00e9ration conviviale entre les deux pays sera au c\u0153ur de cette visite symbolique qui entre dans la perspective de l\u2019int\u00e9gration africaine.<\/p>\n","protected":false},"author":13,"featured_media":32680,"comment_status":"open","ping_status":"open","sticky":false,"template":"","format":"standard","meta":{"_jetpack_memberships_contains_paid_content":false,"footnotes":""},"categories":[375],"tags":[102,4337,99,827,744,12,20,5347,237],"class_list":["post-32679","post","type-post","status-publish","format-standard","has-post-thumbnail","hentry","category-actualites","tag-accident","tag-actualites-politiques","tag-adji-sarr","tag-aliou-cisse","tag-amadou-ba","tag-assemblee-nationale","tag-presidentielle-2024","tag-une","tag-vol","entry","has-media","owp-thumbs-layout-horizontal","owp-btn-normal","owp-tabs-layout-horizontal","has-no-thumbnails","has-product-nav"],"yoast_head":"<!-- This site is optimized with the Yoast SEO plugin v25.5 - https:\/\/yoast.com\/wordpress\/plugins\/seo\/ -->\n<title>Visite de Paul Kagam\u00e9 au S\u00e9n\u00e9gal : Le pr\u00e9sident Bassirou Diomaye Faye accueille son homologue Rwandais ce samedi - LE PUBLIC<\/title>\n<meta name=\"description\" content=\"\u00c0 l\u2019occasion de la visite de 48h qu\u2019il effectue au S\u00e9n\u00e9gal, le pr\u00e9sident de la R\u00e9publique Rwandaise sera re\u00e7u ce samedi par le chef de l\u2019Etat, Bassirou Diomaye Faye. Les deux chefs d\u2019Etat auront un entretien sur plusieurs points de coop\u00e9ration entre les deux pays.\u00a0\" \/>\n<meta name=\"robots\" content=\"index, follow, max-snippet:-1, max-image-preview:large, max-video-preview:-1\" \/>\n<link rel=\"canonical\" href=\"https:\/\/www.public.sn\/index.php\/2024\/05\/11\/visite-de-paul-kagame-au-senegal-le-president-bassirou-diomaye-faye-accueille-son-homologue-rwandais-ce-samedi\/\" \/>\n<meta property=\"og:locale\" content=\"fr_FR\" \/>\n<meta property=\"og:type\" content=\"article\" \/>\n<meta property=\"og:title\" content=\"Visite de Paul Kagam\u00e9 au S\u00e9n\u00e9gal : Le pr\u00e9sident Bassirou Diomaye Faye accueille son homologue Rwandais ce samedi - LE PUBLIC\" \/>\n<meta property=\"og:description\" content=\"\u00c0 l\u2019occasion de la visite de 48h qu\u2019il effectue au S\u00e9n\u00e9gal, le pr\u00e9sident de la R\u00e9publique Rwandaise sera re\u00e7u ce samedi par le chef de l\u2019Etat, Bassirou Diomaye Faye. Les deux chefs d\u2019Etat auront un entretien sur plusieurs points de coop\u00e9ration entre les deux pays.\u00a0\" \/>\n<meta property=\"og:url\" content=\"https:\/\/www.public.sn\/index.php\/2024\/05\/11\/visite-de-paul-kagame-au-senegal-le-president-bassirou-diomaye-faye-accueille-son-homologue-rwandais-ce-samedi\/\" \/>\n<meta property=\"og:site_name\" content=\"LE PUBLIC\" \/>\n<meta property=\"article:published_time\" content=\"2024-05-11T20:51:19+00:00\" \/>\n<meta property=\"og:image\" content=\"https:\/\/www.public.sn\/wp-content\/uploads\/2024\/05\/gnumv_twgaapb0x.webp\" \/>\n\t<meta property=\"og:image:width\" content=\"2560\" \/>\n\t<meta property=\"og:image:height\" content=\"1676\" \/>\n\t<meta property=\"og:image:type\" content=\"image\/webp\" \/>\n<meta name=\"author\" content=\"Abdou SARR\" \/>\n<meta name=\"twitter:card\" content=\"summary_large_image\" \/>\n<meta name=\"twitter:label1\" content=\"\u00c9crit par\" \/>\n\t<meta name=\"twitter:data1\" content=\"Abdou SARR\" \/>\n\t<meta name=\"twitter:label2\" content=\"Dur\u00e9e de lecture estim\u00e9e\" \/>\n\t<meta name=\"twitter:data2\" content=\"1 minute\" \/>\n<script type=\"application\/ld+json\" class=\"yoast-schema-graph\">{\"@context\":\"https:\/\/schema.org\",\"@graph\":[{\"@type\":\"Article\",\"@id\":\"https:\/\/www.public.sn\/index.php\/2024\/05\/11\/visite-de-paul-kagame-au-senegal-le-president-bassirou-diomaye-faye-accueille-son-homologue-rwandais-ce-samedi\/#article\",\"isPartOf\":{\"@id\":\"https:\/\/www.public.sn\/index.php\/2024\/05\/11\/visite-de-paul-kagame-au-senegal-le-president-bassirou-diomaye-faye-accueille-son-homologue-rwandais-ce-samedi\/\"},\"author\":{\"name\":\"Abdou SARR\",\"@id\":\"https:\/\/www.public.sn\/#\/schema\/person\/8fc5465b19f9ea9cf2212d8ca13397e3\"},\"headline\":\"Visite de Paul Kagam\u00e9 au S\u00e9n\u00e9gal : Le pr\u00e9sident Bassirou Diomaye Faye accueille son homologue Rwandais ce samedi\",\"datePublished\":\"2024-05-11T20:51:19+00:00\",\"mainEntityOfPage\":{\"@id\":\"https:\/\/www.public.sn\/index.php\/2024\/05\/11\/visite-de-paul-kagame-au-senegal-le-president-bassirou-diomaye-faye-accueille-son-homologue-rwandais-ce-samedi\/\"},\"wordCount\":115,\"commentCount\":0,\"publisher\":{\"@id\":\"https:\/\/www.public.sn\/#organization\"},\"image\":{\"@id\":\"https:\/\/www.public.sn\/index.php\/2024\/05\/11\/visite-de-paul-kagame-au-senegal-le-president-bassirou-diomaye-faye-accueille-son-homologue-rwandais-ce-samedi\/#primaryimage\"},\"thumbnailUrl\":\"https:\/\/www.public.sn\/wp-content\/uploads\/2024\/05\/gnumv_twgaapb0x.webp\",\"keywords\":[\"Accident\",\"Actualit\u00e9s Politiques\",\"Adji Sarr\",\"Aliou Ciss\u00e9\",\"Amadou Ba\",\"Assembl\u00e9e Nationale\",\"Pr\u00e9sidentielle 2024\",\"une\",\"Vol\"],\"articleSection\":[\"ACTUALIT\u00c9S\"],\"inLanguage\":\"fr-FR\",\"potentialAction\":[{\"@type\":\"CommentAction\",\"name\":\"Comment\",\"target\":[\"https:\/\/www.public.sn\/index.php\/2024\/05\/11\/visite-de-paul-kagame-au-senegal-le-president-bassirou-diomaye-faye-accueille-son-homologue-rwandais-ce-samedi\/#respond\"]}]},{\"@type\":\"WebPage\",\"@id\":\"https:\/\/www.public.sn\/index.php\/2024\/05\/11\/visite-de-paul-kagame-au-senegal-le-president-bassirou-diomaye-faye-accueille-son-homologue-rwandais-ce-samedi\/\",\"url\":\"https:\/\/www.public.sn\/index.php\/2024\/05\/11\/visite-de-paul-kagame-au-senegal-le-president-bassirou-diomaye-faye-accueille-son-homologue-rwandais-ce-samedi\/\",\"name\":\"Visite de Paul Kagam\u00e9 au S\u00e9n\u00e9gal : Le pr\u00e9sident Bassirou Diomaye Faye accueille son homologue Rwandais ce samedi - LE PUBLIC\",\"isPartOf\":{\"@id\":\"https:\/\/www.public.sn\/#website\"},\"primaryImageOfPage\":{\"@id\":\"https:\/\/www.public.sn\/index.php\/2024\/05\/11\/visite-de-paul-kagame-au-senegal-le-president-bassirou-diomaye-faye-accueille-son-homologue-rwandais-ce-samedi\/#primaryimage\"},\"image\":{\"@id\":\"https:\/\/www.public.sn\/index.php\/2024\/05\/11\/visite-de-paul-kagame-au-senegal-le-president-bassirou-diomaye-faye-accueille-son-homologue-rwandais-ce-samedi\/#primaryimage\"},\"thumbnailUrl\":\"https:\/\/www.public.sn\/wp-content\/uploads\/2024\/05\/gnumv_twgaapb0x.webp\",\"datePublished\":\"2024-05-11T20:51:19+00:00\",\"description\":\"\u00c0 l\u2019occasion de la visite de 48h qu\u2019il effectue au S\u00e9n\u00e9gal, le pr\u00e9sident de la R\u00e9publique Rwandaise sera re\u00e7u ce samedi par le chef de l\u2019Etat, Bassirou Diomaye Faye. Les deux chefs d\u2019Etat auront un entretien sur plusieurs points de coop\u00e9ration entre les deux pays.\u00a0\",\"breadcrumb\":{\"@id\":\"https:\/\/www.public.sn\/index.php\/2024\/05\/11\/visite-de-paul-kagame-au-senegal-le-president-bassirou-diomaye-faye-accueille-son-homologue-rwandais-ce-samedi\/#breadcrumb\"},\"inLanguage\":\"fr-FR\",\"potentialAction\":[{\"@type\":\"ReadAction\",\"target\":[\"https:\/\/www.public.sn\/index.php\/2024\/05\/11\/visite-de-paul-kagame-au-senegal-le-president-bassirou-diomaye-faye-accueille-son-homologue-rwandais-ce-samedi\/\"]}]},{\"@type\":\"ImageObject\",\"inLanguage\":\"fr-FR\",\"@id\":\"https:\/\/www.public.sn\/index.php\/2024\/05\/11\/visite-de-paul-kagame-au-senegal-le-president-bassirou-diomaye-faye-accueille-son-homologue-rwandais-ce-samedi\/#primaryimage\",\"url\":\"https:\/\/www.public.sn\/wp-content\/uploads\/2024\/05\/gnumv_twgaapb0x.webp\",\"contentUrl\":\"https:\/\/www.public.sn\/wp-content\/uploads\/2024\/05\/gnumv_twgaapb0x.webp\",\"width\":2560,\"height\":1676},{\"@type\":\"BreadcrumbList\",\"@id\":\"https:\/\/www.public.sn\/index.php\/2024\/05\/11\/visite-de-paul-kagame-au-senegal-le-president-bassirou-diomaye-faye-accueille-son-homologue-rwandais-ce-samedi\/#breadcrumb\",\"itemListElement\":[{\"@type\":\"ListItem\",\"position\":1,\"name\":\"Accueil\",\"item\":\"https:\/\/www.public.sn\/\"},{\"@type\":\"ListItem\",\"position\":2,\"name\":\"Visite de Paul Kagam\u00e9 au S\u00e9n\u00e9gal : Le pr\u00e9sident Bassirou Diomaye Faye accueille son homologue Rwandais ce samedi\"}]},{\"@type\":\"WebSite\",\"@id\":\"https:\/\/www.public.sn\/#website\",\"url\":\"https:\/\/www.public.sn\/\",\"name\":\"LE PUBLIC\",\"description\":\"\",\"publisher\":{\"@id\":\"https:\/\/www.public.sn\/#organization\"},\"potentialAction\":[{\"@type\":\"SearchAction\",\"target\":{\"@type\":\"EntryPoint\",\"urlTemplate\":\"https:\/\/www.public.sn\/?s={search_term_string}\"},\"query-input\":{\"@type\":\"PropertyValueSpecification\",\"valueRequired\":true,\"valueName\":\"search_term_string\"}}],\"inLanguage\":\"fr-FR\"},{\"@type\":\"Organization\",\"@id\":\"https:\/\/www.public.sn\/#organization\",\"name\":\"LE PUBLIC\",\"url\":\"https:\/\/www.public.sn\/\",\"logo\":{\"@type\":\"ImageObject\",\"inLanguage\":\"fr-FR\",\"@id\":\"https:\/\/www.public.sn\/#\/schema\/logo\/image\/\",\"url\":\"https:\/\/www.public.sn\/wp-content\/uploads\/2024\/05\/cropped-LOGO-PUBLIC.SN_.png\",\"contentUrl\":\"https:\/\/www.public.sn\/wp-content\/uploads\/2024\/05\/cropped-LOGO-PUBLIC.SN_.png\",\"width\":682,\"height\":192,\"caption\":\"LE PUBLIC\"},\"image\":{\"@id\":\"https:\/\/www.public.sn\/#\/schema\/logo\/image\/\"}},{\"@type\":\"Person\",\"@id\":\"https:\/\/www.public.sn\/#\/schema\/person\/8fc5465b19f9ea9cf2212d8ca13397e3\",\"name\":\"Abdou SARR\",\"image\":{\"@type\":\"ImageObject\",\"inLanguage\":\"fr-FR\",\"@id\":\"https:\/\/www.public.sn\/#\/schema\/person\/image\/\",\"url\":\"https:\/\/secure.gravatar.com\/avatar\/1d5c1e6773c91217fbf1820ce89547e8b07a0eaffc48d779672f06c28be4b151?s=96&d=mm&r=g\",\"contentUrl\":\"https:\/\/secure.gravatar.com\/avatar\/1d5c1e6773c91217fbf1820ce89547e8b07a0eaffc48d779672f06c28be4b151?s=96&d=mm&r=g\",\"caption\":\"Abdou SARR\"},\"url\":\"https:\/\/www.public.sn\/index.php\/author\/dousarr24\/\"}]}<\/script>\n<!-- \/ Yoast SEO plugin. -->","yoast_head_json":{"title":"Visite de Paul Kagam\u00e9 au S\u00e9n\u00e9gal : Le pr\u00e9sident Bassirou Diomaye Faye accueille son homologue Rwandais ce samedi - LE PUBLIC","description":"\u00c0 l\u2019occasion de la visite de 48h qu\u2019il effectue au S\u00e9n\u00e9gal, le pr\u00e9sident de la R\u00e9publique Rwandaise sera re\u00e7u ce samedi par le chef de l\u2019Etat, Bassirou Diomaye Faye. Les deux chefs d\u2019Etat auront un entretien sur plusieurs points de coop\u00e9ration entre les deux pays.\u00a0","robots":{"index":"index","follow":"follow","max-snippet":"max-snippet:-1","max-image-preview":"max-image-preview:large","max-video-preview":"max-video-preview:-1"},"canonical":"https:\/\/www.public.sn\/index.php\/2024\/05\/11\/visite-de-paul-kagame-au-senegal-le-president-bassirou-diomaye-faye-accueille-son-homologue-rwandais-ce-samedi\/","og_locale":"fr_FR","og_type":"article","og_title":"Visite de Paul Kagam\u00e9 au S\u00e9n\u00e9gal : Le pr\u00e9sident Bassirou Diomaye Faye accueille son homologue Rwandais ce samedi - LE PUBLIC","og_description":"\u00c0 l\u2019occasion de la visite de 48h qu\u2019il effectue au S\u00e9n\u00e9gal, le pr\u00e9sident de la R\u00e9publique Rwandaise sera re\u00e7u ce samedi par le chef de l\u2019Etat, Bassirou Diomaye Faye. Les deux chefs d\u2019Etat auront un entretien sur plusieurs points de coop\u00e9ration entre les deux pays.\u00a0","og_url":"https:\/\/www.public.sn\/index.php\/2024\/05\/11\/visite-de-paul-kagame-au-senegal-le-president-bassirou-diomaye-faye-accueille-son-homologue-rwandais-ce-samedi\/","og_site_name":"LE PUBLIC","article_published_time":"2024-05-11T20:51:19+00:00","og_image":[{"width":2560,"height":1676,"url":"https:\/\/www.public.sn\/wp-content\/uploads\/2024\/05\/gnumv_twgaapb0x.webp","type":"image\/webp"}],"author":"Abdou SARR","twitter_card":"summary_large_image","twitter_misc":{"\u00c9crit par":"Abdou SARR","Dur\u00e9e de lecture estim\u00e9e":"1 minute"},"schema":{"@context":"https:\/\/schema.org","@graph":[{"@type":"Article","@id":"https:\/\/www.public.sn\/index.php\/2024\/05\/11\/visite-de-paul-kagame-au-senegal-le-president-bassirou-diomaye-faye-accueille-son-homologue-rwandais-ce-samedi\/#article","isPartOf":{"@id":"https:\/\/www.public.sn\/index.php\/2024\/05\/11\/visite-de-paul-kagame-au-senegal-le-president-bassirou-diomaye-faye-accueille-son-homologue-rwandais-ce-samedi\/"},"author":{"name":"Abdou SARR","@id":"https:\/\/www.public.sn\/#\/schema\/person\/8fc5465b19f9ea9cf2212d8ca13397e3"},"headline":"Visite de Paul Kagam\u00e9 au S\u00e9n\u00e9gal : Le pr\u00e9sident Bassirou Diomaye Faye accueille son homologue Rwandais ce samedi","datePublished":"2024-05-11T20:51:19+00:00","mainEntityOfPage":{"@id":"https:\/\/www.public.sn\/index.php\/2024\/05\/11\/visite-de-paul-kagame-au-senegal-le-president-bassirou-diomaye-faye-accueille-son-homologue-rwandais-ce-samedi\/"},"wordCount":115,"commentCount":0,"publisher":{"@id":"https:\/\/www.public.sn\/#organization"},"image":{"@id":"https:\/\/www.public.sn\/index.php\/2024\/05\/11\/visite-de-paul-kagame-au-senegal-le-president-bassirou-diomaye-faye-accueille-son-homologue-rwandais-ce-samedi\/#primaryimage"},"thumbnailUrl":"https:\/\/www.public.sn\/wp-content\/uploads\/2024\/05\/gnumv_twgaapb0x.webp","keywords":["Accident","Actualit\u00e9s Politiques","Adji Sarr","Aliou Ciss\u00e9","Amadou Ba","Assembl\u00e9e Nationale","Pr\u00e9sidentielle 2024","une","Vol"],"articleSection":["ACTUALIT\u00c9S"],"inLanguage":"fr-FR","potentialAction":[{"@type":"CommentAction","name":"Comment","target":["https:\/\/www.public.sn\/index.php\/2024\/05\/11\/visite-de-paul-kagame-au-senegal-le-president-bassirou-diomaye-faye-accueille-son-homologue-rwandais-ce-samedi\/#respond"]}]},{"@type":"WebPage","@id":"https:\/\/www.public.sn\/index.php\/2024\/05\/11\/visite-de-paul-kagame-au-senegal-le-president-bassirou-diomaye-faye-accueille-son-homologue-rwandais-ce-samedi\/","url":"https:\/\/www.public.sn\/index.php\/2024\/05\/11\/visite-de-paul-kagame-au-senegal-le-president-bassirou-diomaye-faye-accueille-son-homologue-rwandais-ce-samedi\/","name":"Visite de Paul Kagam\u00e9 au S\u00e9n\u00e9gal : Le pr\u00e9sident Bassirou Diomaye Faye accueille son homologue Rwandais ce samedi - LE PUBLIC","isPartOf":{"@id":"https:\/\/www.public.sn\/#website"},"primaryImageOfPage":{"@id":"https:\/\/www.public.sn\/index.php\/2024\/05\/11\/visite-de-paul-kagame-au-senegal-le-president-bassirou-diomaye-faye-accueille-son-homologue-rwandais-ce-samedi\/#primaryimage"},"image":{"@id":"https:\/\/www.public.sn\/index.php\/2024\/05\/11\/visite-de-paul-kagame-au-senegal-le-president-bassirou-diomaye-faye-accueille-son-homologue-rwandais-ce-samedi\/#primaryimage"},"thumbnailUrl":"https:\/\/www.public.sn\/wp-content\/uploads\/2024\/05\/gnumv_twgaapb0x.webp","datePublished":"2024-05-11T20:51:19+00:00","description":"\u00c0 l\u2019occasion de la visite de 48h qu\u2019il effectue au S\u00e9n\u00e9gal, le pr\u00e9sident de la R\u00e9publique Rwandaise sera re\u00e7u ce samedi par le chef de l\u2019Etat, Bassirou Diomaye Faye. Les deux chefs d\u2019Etat auront un entretien sur plusieurs points de coop\u00e9ration entre les deux pays.\u00a0","breadcrumb":{"@id":"https:\/\/www.public.sn\/index.php\/2024\/05\/11\/visite-de-paul-kagame-au-senegal-le-president-bassirou-diomaye-faye-accueille-son-homologue-rwandais-ce-samedi\/#breadcrumb"},"inLanguage":"fr-FR","potentialAction":[{"@type":"ReadAction","target":["https:\/\/www.public.sn\/index.php\/2024\/05\/11\/visite-de-paul-kagame-au-senegal-le-president-bassirou-diomaye-faye-accueille-son-homologue-rwandais-ce-samedi\/"]}]},{"@type":"ImageObject","inLanguage":"fr-FR","@id":"https:\/\/www.public.sn\/index.php\/2024\/05\/11\/visite-de-paul-kagame-au-senegal-le-president-bassirou-diomaye-faye-accueille-son-homologue-rwandais-ce-samedi\/#primaryimage","url":"https:\/\/www.public.sn\/wp-content\/uploads\/2024\/05\/gnumv_twgaapb0x.webp","contentUrl":"https:\/\/www.public.sn\/wp-content\/uploads\/2024\/05\/gnumv_twgaapb0x.webp","width":2560,"height":1676},{"@type":"BreadcrumbList","@id":"https:\/\/www.public.sn\/index.php\/2024\/05\/11\/visite-de-paul-kagame-au-senegal-le-president-bassirou-diomaye-faye-accueille-son-homologue-rwandais-ce-samedi\/#breadcrumb","itemListElement":[{"@type":"ListItem","position":1,"name":"Accueil","item":"https:\/\/www.public.sn\/"},{"@type":"ListItem","position":2,"name":"Visite de Paul Kagam\u00e9 au S\u00e9n\u00e9gal : Le pr\u00e9sident Bassirou Diomaye Faye accueille son homologue Rwandais ce samedi"}]},{"@type":"WebSite","@id":"https:\/\/www.public.sn\/#website","url":"https:\/\/www.public.sn\/","name":"LE PUBLIC","description":"","publisher":{"@id":"https:\/\/www.public.sn\/#organization"},"potentialAction":[{"@type":"SearchAction","target":{"@type":"EntryPoint","urlTemplate":"https:\/\/www.public.sn\/?s={search_term_string}"},"query-input":{"@type":"PropertyValueSpecification","valueRequired":true,"valueName":"search_term_string"}}],"inLanguage":"fr-FR"},{"@type":"Organization","@id":"https:\/\/www.public.sn\/#organization","name":"LE PUBLIC","url":"https:\/\/www.public.sn\/","logo":{"@type":"ImageObject","inLanguage":"fr-FR","@id":"https:\/\/www.public.sn\/#\/schema\/logo\/image\/","url":"https:\/\/www.public.sn\/wp-content\/uploads\/2024\/05\/cropped-LOGO-PUBLIC.SN_.png","contentUrl":"https:\/\/www.public.sn\/wp-content\/uploads\/2024\/05\/cropped-LOGO-PUBLIC.SN_.png","width":682,"height":192,"caption":"LE PUBLIC"},"image":{"@id":"https:\/\/www.public.sn\/#\/schema\/logo\/image\/"}},{"@type":"Person","@id":"https:\/\/www.public.sn\/#\/schema\/person\/8fc5465b19f9ea9cf2212d8ca13397e3","name":"Abdou SARR","image":{"@type":"ImageObject","inLanguage":"fr-FR","@id":"https:\/\/www.public.sn\/#\/schema\/person\/image\/","url":"https:\/\/secure.gravatar.com\/avatar\/1d5c1e6773c91217fbf1820ce89547e8b07a0eaffc48d779672f06c28be4b151?s=96&d=mm&r=g","contentUrl":"https:\/\/secure.gravatar.com\/avatar\/1d5c1e6773c91217fbf1820ce89547e8b07a0eaffc48d779672f06c28be4b151?s=96&d=mm&r=g","caption":"Abdou SARR"},"url":"https:\/\/www.public.sn\/index.php\/author\/dousarr24\/"}]}},"jetpack_featured_media_url":"https:\/\/www.public.sn\/wp-content\/uploads\/2024\/05\/gnumv_twgaapb0x.webp","jetpack_sharing_enabled":true,"_links":{"self":[{"href":"https:\/\/www.public.sn\/index.php\/wp-json\/wp\/v2\/posts\/32679","targetHints":{"allow":["GET"]}}],"collection":[{"href":"https:\/\/www.public.sn\/index.php\/wp-json\/wp\/v2\/posts"}],"about":[{"href":"https:\/\/www.public.sn\/index.php\/wp-json\/wp\/v2\/types\/post"}],"author":[{"embeddable":true,"href":"https:\/\/www.public.sn\/index.php\/wp-json\/wp\/v2\/users\/13"}],"replies":[{"embeddable":true,"href":"https:\/\/www.public.sn\/index.php\/wp-json\/wp\/v2\/comments?post=32679"}],"version-history":[{"count":1,"href":"https:\/\/www.public.sn\/index.php\/wp-json\/wp\/v2\/posts\/32679\/revisions"}],"predecessor-version":[{"id":32681,"href":"https:\/\/www.public.sn\/index.php\/wp-json\/wp\/v2\/posts\/32679\/revisions\/32681"}],"wp:featuredmedia":[{"embeddable":true,"href":"https:\/\/www.public.sn\/index.php\/wp-json\/wp\/v2\/media\/32680"}],"wp:attachment":[{"href":"https:\/\/www.public.sn\/index.php\/wp-json\/wp\/v2\/media?parent=32679"}],"wp:term":[{"taxonomy":"category","embeddable":true,"href":"https:\/\/www.public.sn\/index.php\/wp-json\/wp\/v2\/categories?post=32679"},{"taxonomy":"post_tag","embeddable":true,"href":"https:\/\/www.public.sn\/index.php\/wp-json\/wp\/v2\/tags?post=32679"}],"curies":[{"name":"wp","href":"https:\/\/api.w.org\/{rel}","templated":true}]}}