{"id":32765,"date":"2024-05-16T13:47:50","date_gmt":"2024-05-16T13:47:50","guid":{"rendered":"https:\/\/www.public.sn\/?p=32765"},"modified":"2024-05-16T13:47:50","modified_gmt":"2024-05-16T13:47:50","slug":"visite-de-travail-le-president-diomaye-au-nigeria-et-au-ghana","status":"publish","type":"post","link":"https:\/\/www.public.sn\/index.php\/2024\/05\/16\/visite-de-travail-le-president-diomaye-au-nigeria-et-au-ghana\/","title":{"rendered":"VISITE DE TRAVAIL: LE PR\u00c9SIDENT DIOMAYE AU NIGERIA ET AU GHANA"},"content":{"rendered":"<p><strong>Le Pr\u00e9sident de la R\u00e9publique, Bassirou Diomaye Faye a quitt\u00e9 Dakar, ce matin, pour des visites de travail au Nigeria et au Ghana les 16 et 17 mai 2024.<\/strong><\/p><div class=\"publi-paragraphe1\" style=\"margin-top: 10px;margin-bottom: 10px;margin-left: auto;margin-right: auto;text-align: center;\" id=\"publi-3274837942\"><div class=\"publi-adlabel\">Publicit\u00e9<\/div><script async src=\"\/\/pagead2.googlesyndication.com\/pagead\/js\/adsbygoogle.js?client=ca-pub-4089586018074219\" crossorigin=\"anonymous\"><\/script><ins class=\"adsbygoogle\" style=\"display:block;\" data-ad-client=\"ca-pub-4089586018074219\" \ndata-ad-slot=\"2087940154\" \ndata-ad-format=\"auto\"><\/ins>\n<script> \n(adsbygoogle = window.adsbygoogle || []).push({}); \n<\/script>\n<\/div>\n<p>Pendant cette tourn\u00e9e de 48 heures, le Chef de l\u2019Etat aura des entretiens avec ses homologues de ces pays sur des sujets relatifs au renforcement de la coop\u00e9ration bilat\u00e9rale et de l\u2019int\u00e9gration r\u00e9gionale.<\/p>\n<div class=\"publi-apres-le-contenu\" style=\"margin-top: 10px;margin-bottom: 10px;margin-left: auto;margin-right: auto;text-align: center;\" id=\"publi-1559013542\"><div class=\"publi-adlabel\">Publicit\u00e9<\/div><script async src=\"\/\/pagead2.googlesyndication.com\/pagead\/js\/adsbygoogle.js?client=ca-pub-4089586018074219\" crossorigin=\"anonymous\"><\/script><ins class=\"adsbygoogle\" style=\"display:block;\" data-ad-client=\"ca-pub-4089586018074219\" \ndata-ad-slot=\"2087940154\" \ndata-ad-format=\"auto\"><\/ins>\n<script> \n(adsbygoogle = window.adsbygoogle || []).push({}); \n<\/script>\n<\/div>","protected":false},"excerpt":{"rendered":"<p>Le Pr\u00e9sident de la R\u00e9publique, Bassirou Diomaye Faye a quitt\u00e9 Dakar, ce matin, pour des visites de travail au Nigeria et au Ghana les 16 et 17 mai 2024. Pendant cette tourn\u00e9e de 48 heures, le Chef de l\u2019Etat aura des entretiens avec ses homologues de ces pays sur des sujets relatifs au renforcement de la coop\u00e9ration bilat\u00e9rale et de l\u2019int\u00e9gration r\u00e9gionale.<\/p>\n","protected":false},"author":12,"featured_media":32766,"comment_status":"open","ping_status":"open","sticky":false,"template":"","format":"standard","meta":{"_jetpack_memberships_contains_paid_content":false,"footnotes":""},"categories":[375,373,8],"tags":[5430,5644,123],"class_list":["post-32765","post","type-post","status-publish","format-standard","has-post-thumbnail","hentry","category-actualites","category-environnement","category-public-tv","tag-diomaye","tag-guana","tag-nigeria","entry","has-media","owp-thumbs-layout-horizontal","owp-btn-normal","owp-tabs-layout-horizontal","has-no-thumbnails","has-product-nav"],"yoast_head":"<!-- This site is optimized with the Yoast SEO plugin v25.5 - https:\/\/yoast.com\/wordpress\/plugins\/seo\/ -->\n<title>VISITE DE TRAVAIL: LE PR\u00c9SIDENT DIOMAYE AU NIGERIA ET AU GHANA - LE PUBLIC<\/title>\n<meta name=\"robots\" content=\"index, follow, max-snippet:-1, max-image-preview:large, max-video-preview:-1\" \/>\n<link rel=\"canonical\" href=\"https:\/\/www.public.sn\/index.php\/2024\/05\/16\/visite-de-travail-le-president-diomaye-au-nigeria-et-au-ghana\/\" \/>\n<meta property=\"og:locale\" content=\"fr_FR\" \/>\n<meta property=\"og:type\" content=\"article\" \/>\n<meta property=\"og:title\" content=\"VISITE DE TRAVAIL: LE PR\u00c9SIDENT DIOMAYE AU NIGERIA ET AU GHANA - LE PUBLIC\" \/>\n<meta property=\"og:description\" content=\"Le Pr\u00e9sident de la R\u00e9publique, Bassirou Diomaye Faye a quitt\u00e9 Dakar, ce matin, pour des visites de travail au Nigeria et au Ghana les 16 et 17 mai 2024. Pendant cette tourn\u00e9e de 48 heures, le Chef de l\u2019Etat aura des entretiens avec ses homologues de ces pays sur des sujets relatifs au renforcement de la coop\u00e9ration bilat\u00e9rale et de l\u2019int\u00e9gration r\u00e9gionale.\" \/>\n<meta property=\"og:url\" content=\"https:\/\/www.public.sn\/index.php\/2024\/05\/16\/visite-de-travail-le-president-diomaye-au-nigeria-et-au-ghana\/\" \/>\n<meta property=\"og:site_name\" content=\"LE PUBLIC\" \/>\n<meta property=\"article:published_time\" content=\"2024-05-16T13:47:50+00:00\" \/>\n<meta property=\"og:image\" content=\"https:\/\/www.public.sn\/wp-content\/uploads\/2024\/05\/Capture-decran-2024-05-16-a-13.38.35.png\" \/>\n\t<meta property=\"og:image:width\" content=\"746\" \/>\n\t<meta property=\"og:image:height\" content=\"432\" \/>\n\t<meta property=\"og:image:type\" content=\"image\/png\" \/>\n<meta name=\"author\" content=\"Man\u00e9 Ba\" \/>\n<meta name=\"twitter:card\" content=\"summary_large_image\" \/>\n<meta name=\"twitter:label1\" content=\"\u00c9crit par\" \/>\n\t<meta name=\"twitter:data1\" content=\"Man\u00e9 Ba\" \/>\n\t<meta name=\"twitter:label2\" content=\"Dur\u00e9e de lecture estim\u00e9e\" \/>\n\t<meta name=\"twitter:data2\" content=\"1 minute\" \/>\n<script type=\"application\/ld+json\" class=\"yoast-schema-graph\">{\"@context\":\"https:\/\/schema.org\",\"@graph\":[{\"@type\":\"Article\",\"@id\":\"https:\/\/www.public.sn\/index.php\/2024\/05\/16\/visite-de-travail-le-president-diomaye-au-nigeria-et-au-ghana\/#article\",\"isPartOf\":{\"@id\":\"https:\/\/www.public.sn\/index.php\/2024\/05\/16\/visite-de-travail-le-president-diomaye-au-nigeria-et-au-ghana\/\"},\"author\":{\"name\":\"Man\u00e9 Ba\",\"@id\":\"https:\/\/www.public.sn\/#\/schema\/person\/0cb769602dc17ecb89fd54a2197a221a\"},\"headline\":\"VISITE DE TRAVAIL: LE PR\u00c9SIDENT DIOMAYE AU NIGERIA ET AU GHANA\",\"datePublished\":\"2024-05-16T13:47:50+00:00\",\"mainEntityOfPage\":{\"@id\":\"https:\/\/www.public.sn\/index.php\/2024\/05\/16\/visite-de-travail-le-president-diomaye-au-nigeria-et-au-ghana\/\"},\"wordCount\":79,\"commentCount\":0,\"publisher\":{\"@id\":\"https:\/\/www.public.sn\/#organization\"},\"image\":{\"@id\":\"https:\/\/www.public.sn\/index.php\/2024\/05\/16\/visite-de-travail-le-president-diomaye-au-nigeria-et-au-ghana\/#primaryimage\"},\"thumbnailUrl\":\"https:\/\/www.public.sn\/wp-content\/uploads\/2024\/05\/Capture-decran-2024-05-16-a-13.38.35.png\",\"keywords\":[\"Diomaye\",\"GUANA\",\"Nig\u00e9ria\"],\"articleSection\":[\"ACTUALIT\u00c9S\",\"ENVIRONNEMENT\",\"PUBLIC TV\"],\"inLanguage\":\"fr-FR\",\"potentialAction\":[{\"@type\":\"CommentAction\",\"name\":\"Comment\",\"target\":[\"https:\/\/www.public.sn\/index.php\/2024\/05\/16\/visite-de-travail-le-president-diomaye-au-nigeria-et-au-ghana\/#respond\"]}]},{\"@type\":\"WebPage\",\"@id\":\"https:\/\/www.public.sn\/index.php\/2024\/05\/16\/visite-de-travail-le-president-diomaye-au-nigeria-et-au-ghana\/\",\"url\":\"https:\/\/www.public.sn\/index.php\/2024\/05\/16\/visite-de-travail-le-president-diomaye-au-nigeria-et-au-ghana\/\",\"name\":\"VISITE DE TRAVAIL: LE PR\u00c9SIDENT DIOMAYE AU NIGERIA ET AU GHANA - LE PUBLIC\",\"isPartOf\":{\"@id\":\"https:\/\/www.public.sn\/#website\"},\"primaryImageOfPage\":{\"@id\":\"https:\/\/www.public.sn\/index.php\/2024\/05\/16\/visite-de-travail-le-president-diomaye-au-nigeria-et-au-ghana\/#primaryimage\"},\"image\":{\"@id\":\"https:\/\/www.public.sn\/index.php\/2024\/05\/16\/visite-de-travail-le-president-diomaye-au-nigeria-et-au-ghana\/#primaryimage\"},\"thumbnailUrl\":\"https:\/\/www.public.sn\/wp-content\/uploads\/2024\/05\/Capture-decran-2024-05-16-a-13.38.35.png\",\"datePublished\":\"2024-05-16T13:47:50+00:00\",\"breadcrumb\":{\"@id\":\"https:\/\/www.public.sn\/index.php\/2024\/05\/16\/visite-de-travail-le-president-diomaye-au-nigeria-et-au-ghana\/#breadcrumb\"},\"inLanguage\":\"fr-FR\",\"potentialAction\":[{\"@type\":\"ReadAction\",\"target\":[\"https:\/\/www.public.sn\/index.php\/2024\/05\/16\/visite-de-travail-le-president-diomaye-au-nigeria-et-au-ghana\/\"]}]},{\"@type\":\"ImageObject\",\"inLanguage\":\"fr-FR\",\"@id\":\"https:\/\/www.public.sn\/index.php\/2024\/05\/16\/visite-de-travail-le-president-diomaye-au-nigeria-et-au-ghana\/#primaryimage\",\"url\":\"https:\/\/www.public.sn\/wp-content\/uploads\/2024\/05\/Capture-decran-2024-05-16-a-13.38.35.png\",\"contentUrl\":\"https:\/\/www.public.sn\/wp-content\/uploads\/2024\/05\/Capture-decran-2024-05-16-a-13.38.35.png\",\"width\":746,\"height\":432},{\"@type\":\"BreadcrumbList\",\"@id\":\"https:\/\/www.public.sn\/index.php\/2024\/05\/16\/visite-de-travail-le-president-diomaye-au-nigeria-et-au-ghana\/#breadcrumb\",\"itemListElement\":[{\"@type\":\"ListItem\",\"position\":1,\"name\":\"Accueil\",\"item\":\"https:\/\/www.public.sn\/\"},{\"@type\":\"ListItem\",\"position\":2,\"name\":\"VISITE DE TRAVAIL: LE PR\u00c9SIDENT DIOMAYE AU NIGERIA ET AU GHANA\"}]},{\"@type\":\"WebSite\",\"@id\":\"https:\/\/www.public.sn\/#website\",\"url\":\"https:\/\/www.public.sn\/\",\"name\":\"LE PUBLIC\",\"description\":\"\",\"publisher\":{\"@id\":\"https:\/\/www.public.sn\/#organization\"},\"potentialAction\":[{\"@type\":\"SearchAction\",\"target\":{\"@type\":\"EntryPoint\",\"urlTemplate\":\"https:\/\/www.public.sn\/?s={search_term_string}\"},\"query-input\":{\"@type\":\"PropertyValueSpecification\",\"valueRequired\":true,\"valueName\":\"search_term_string\"}}],\"inLanguage\":\"fr-FR\"},{\"@type\":\"Organization\",\"@id\":\"https:\/\/www.public.sn\/#organization\",\"name\":\"LE PUBLIC\",\"url\":\"https:\/\/www.public.sn\/\",\"logo\":{\"@type\":\"ImageObject\",\"inLanguage\":\"fr-FR\",\"@id\":\"https:\/\/www.public.sn\/#\/schema\/logo\/image\/\",\"url\":\"https:\/\/www.public.sn\/wp-content\/uploads\/2024\/05\/cropped-LOGO-PUBLIC.SN_.png\",\"contentUrl\":\"https:\/\/www.public.sn\/wp-content\/uploads\/2024\/05\/cropped-LOGO-PUBLIC.SN_.png\",\"width\":682,\"height\":192,\"caption\":\"LE PUBLIC\"},\"image\":{\"@id\":\"https:\/\/www.public.sn\/#\/schema\/logo\/image\/\"}},{\"@type\":\"Person\",\"@id\":\"https:\/\/www.public.sn\/#\/schema\/person\/0cb769602dc17ecb89fd54a2197a221a\",\"name\":\"Man\u00e9 Ba\",\"image\":{\"@type\":\"ImageObject\",\"inLanguage\":\"fr-FR\",\"@id\":\"https:\/\/www.public.sn\/#\/schema\/person\/image\/\",\"url\":\"https:\/\/secure.gravatar.com\/avatar\/b31a37f6b2529b7e9303b5aacf26777a86815e524f04961246da8183f5e2535a?s=96&d=mm&r=g\",\"contentUrl\":\"https:\/\/secure.gravatar.com\/avatar\/b31a37f6b2529b7e9303b5aacf26777a86815e524f04961246da8183f5e2535a?s=96&d=mm&r=g\",\"caption\":\"Man\u00e9 Ba\"},\"url\":\"https:\/\/www.public.sn\/index.php\/author\/bamanesen\/\"}]}<\/script>\n<!-- \/ Yoast SEO plugin. -->","yoast_head_json":{"title":"VISITE DE TRAVAIL: LE PR\u00c9SIDENT DIOMAYE AU NIGERIA ET AU GHANA - LE PUBLIC","robots":{"index":"index","follow":"follow","max-snippet":"max-snippet:-1","max-image-preview":"max-image-preview:large","max-video-preview":"max-video-preview:-1"},"canonical":"https:\/\/www.public.sn\/index.php\/2024\/05\/16\/visite-de-travail-le-president-diomaye-au-nigeria-et-au-ghana\/","og_locale":"fr_FR","og_type":"article","og_title":"VISITE DE TRAVAIL: LE PR\u00c9SIDENT DIOMAYE AU NIGERIA ET AU GHANA - LE PUBLIC","og_description":"Le Pr\u00e9sident de la R\u00e9publique, Bassirou Diomaye Faye a quitt\u00e9 Dakar, ce matin, pour des visites de travail au Nigeria et au Ghana les 16 et 17 mai 2024. Pendant cette tourn\u00e9e de 48 heures, le Chef de l\u2019Etat aura des entretiens avec ses homologues de ces pays sur des sujets relatifs au renforcement de la coop\u00e9ration bilat\u00e9rale et de l\u2019int\u00e9gration r\u00e9gionale.","og_url":"https:\/\/www.public.sn\/index.php\/2024\/05\/16\/visite-de-travail-le-president-diomaye-au-nigeria-et-au-ghana\/","og_site_name":"LE PUBLIC","article_published_time":"2024-05-16T13:47:50+00:00","og_image":[{"width":746,"height":432,"url":"https:\/\/www.public.sn\/wp-content\/uploads\/2024\/05\/Capture-decran-2024-05-16-a-13.38.35.png","type":"image\/png"}],"author":"Man\u00e9 Ba","twitter_card":"summary_large_image","twitter_misc":{"\u00c9crit par":"Man\u00e9 Ba","Dur\u00e9e de lecture estim\u00e9e":"1 minute"},"schema":{"@context":"https:\/\/schema.org","@graph":[{"@type":"Article","@id":"https:\/\/www.public.sn\/index.php\/2024\/05\/16\/visite-de-travail-le-president-diomaye-au-nigeria-et-au-ghana\/#article","isPartOf":{"@id":"https:\/\/www.public.sn\/index.php\/2024\/05\/16\/visite-de-travail-le-president-diomaye-au-nigeria-et-au-ghana\/"},"author":{"name":"Man\u00e9 Ba","@id":"https:\/\/www.public.sn\/#\/schema\/person\/0cb769602dc17ecb89fd54a2197a221a"},"headline":"VISITE DE TRAVAIL: LE PR\u00c9SIDENT DIOMAYE AU NIGERIA ET AU GHANA","datePublished":"2024-05-16T13:47:50+00:00","mainEntityOfPage":{"@id":"https:\/\/www.public.sn\/index.php\/2024\/05\/16\/visite-de-travail-le-president-diomaye-au-nigeria-et-au-ghana\/"},"wordCount":79,"commentCount":0,"publisher":{"@id":"https:\/\/www.public.sn\/#organization"},"image":{"@id":"https:\/\/www.public.sn\/index.php\/2024\/05\/16\/visite-de-travail-le-president-diomaye-au-nigeria-et-au-ghana\/#primaryimage"},"thumbnailUrl":"https:\/\/www.public.sn\/wp-content\/uploads\/2024\/05\/Capture-decran-2024-05-16-a-13.38.35.png","keywords":["Diomaye","GUANA","Nig\u00e9ria"],"articleSection":["ACTUALIT\u00c9S","ENVIRONNEMENT","PUBLIC TV"],"inLanguage":"fr-FR","potentialAction":[{"@type":"CommentAction","name":"Comment","target":["https:\/\/www.public.sn\/index.php\/2024\/05\/16\/visite-de-travail-le-president-diomaye-au-nigeria-et-au-ghana\/#respond"]}]},{"@type":"WebPage","@id":"https:\/\/www.public.sn\/index.php\/2024\/05\/16\/visite-de-travail-le-president-diomaye-au-nigeria-et-au-ghana\/","url":"https:\/\/www.public.sn\/index.php\/2024\/05\/16\/visite-de-travail-le-president-diomaye-au-nigeria-et-au-ghana\/","name":"VISITE DE TRAVAIL: LE PR\u00c9SIDENT DIOMAYE AU NIGERIA ET AU GHANA - LE PUBLIC","isPartOf":{"@id":"https:\/\/www.public.sn\/#website"},"primaryImageOfPage":{"@id":"https:\/\/www.public.sn\/index.php\/2024\/05\/16\/visite-de-travail-le-president-diomaye-au-nigeria-et-au-ghana\/#primaryimage"},"image":{"@id":"https:\/\/www.public.sn\/index.php\/2024\/05\/16\/visite-de-travail-le-president-diomaye-au-nigeria-et-au-ghana\/#primaryimage"},"thumbnailUrl":"https:\/\/www.public.sn\/wp-content\/uploads\/2024\/05\/Capture-decran-2024-05-16-a-13.38.35.png","datePublished":"2024-05-16T13:47:50+00:00","breadcrumb":{"@id":"https:\/\/www.public.sn\/index.php\/2024\/05\/16\/visite-de-travail-le-president-diomaye-au-nigeria-et-au-ghana\/#breadcrumb"},"inLanguage":"fr-FR","potentialAction":[{"@type":"ReadAction","target":["https:\/\/www.public.sn\/index.php\/2024\/05\/16\/visite-de-travail-le-president-diomaye-au-nigeria-et-au-ghana\/"]}]},{"@type":"ImageObject","inLanguage":"fr-FR","@id":"https:\/\/www.public.sn\/index.php\/2024\/05\/16\/visite-de-travail-le-president-diomaye-au-nigeria-et-au-ghana\/#primaryimage","url":"https:\/\/www.public.sn\/wp-content\/uploads\/2024\/05\/Capture-decran-2024-05-16-a-13.38.35.png","contentUrl":"https:\/\/www.public.sn\/wp-content\/uploads\/2024\/05\/Capture-decran-2024-05-16-a-13.38.35.png","width":746,"height":432},{"@type":"BreadcrumbList","@id":"https:\/\/www.public.sn\/index.php\/2024\/05\/16\/visite-de-travail-le-president-diomaye-au-nigeria-et-au-ghana\/#breadcrumb","itemListElement":[{"@type":"ListItem","position":1,"name":"Accueil","item":"https:\/\/www.public.sn\/"},{"@type":"ListItem","position":2,"name":"VISITE DE TRAVAIL: LE PR\u00c9SIDENT DIOMAYE AU NIGERIA ET AU GHANA"}]},{"@type":"WebSite","@id":"https:\/\/www.public.sn\/#website","url":"https:\/\/www.public.sn\/","name":"LE PUBLIC","description":"","publisher":{"@id":"https:\/\/www.public.sn\/#organization"},"potentialAction":[{"@type":"SearchAction","target":{"@type":"EntryPoint","urlTemplate":"https:\/\/www.public.sn\/?s={search_term_string}"},"query-input":{"@type":"PropertyValueSpecification","valueRequired":true,"valueName":"search_term_string"}}],"inLanguage":"fr-FR"},{"@type":"Organization","@id":"https:\/\/www.public.sn\/#organization","name":"LE PUBLIC","url":"https:\/\/www.public.sn\/","logo":{"@type":"ImageObject","inLanguage":"fr-FR","@id":"https:\/\/www.public.sn\/#\/schema\/logo\/image\/","url":"https:\/\/www.public.sn\/wp-content\/uploads\/2024\/05\/cropped-LOGO-PUBLIC.SN_.png","contentUrl":"https:\/\/www.public.sn\/wp-content\/uploads\/2024\/05\/cropped-LOGO-PUBLIC.SN_.png","width":682,"height":192,"caption":"LE PUBLIC"},"image":{"@id":"https:\/\/www.public.sn\/#\/schema\/logo\/image\/"}},{"@type":"Person","@id":"https:\/\/www.public.sn\/#\/schema\/person\/0cb769602dc17ecb89fd54a2197a221a","name":"Man\u00e9 Ba","image":{"@type":"ImageObject","inLanguage":"fr-FR","@id":"https:\/\/www.public.sn\/#\/schema\/person\/image\/","url":"https:\/\/secure.gravatar.com\/avatar\/b31a37f6b2529b7e9303b5aacf26777a86815e524f04961246da8183f5e2535a?s=96&d=mm&r=g","contentUrl":"https:\/\/secure.gravatar.com\/avatar\/b31a37f6b2529b7e9303b5aacf26777a86815e524f04961246da8183f5e2535a?s=96&d=mm&r=g","caption":"Man\u00e9 Ba"},"url":"https:\/\/www.public.sn\/index.php\/author\/bamanesen\/"}]}},"jetpack_featured_media_url":"https:\/\/www.public.sn\/wp-content\/uploads\/2024\/05\/Capture-decran-2024-05-16-a-13.38.35.png","jetpack_sharing_enabled":true,"_links":{"self":[{"href":"https:\/\/www.public.sn\/index.php\/wp-json\/wp\/v2\/posts\/32765","targetHints":{"allow":["GET"]}}],"collection":[{"href":"https:\/\/www.public.sn\/index.php\/wp-json\/wp\/v2\/posts"}],"about":[{"href":"https:\/\/www.public.sn\/index.php\/wp-json\/wp\/v2\/types\/post"}],"author":[{"embeddable":true,"href":"https:\/\/www.public.sn\/index.php\/wp-json\/wp\/v2\/users\/12"}],"replies":[{"embeddable":true,"href":"https:\/\/www.public.sn\/index.php\/wp-json\/wp\/v2\/comments?post=32765"}],"version-history":[{"count":1,"href":"https:\/\/www.public.sn\/index.php\/wp-json\/wp\/v2\/posts\/32765\/revisions"}],"predecessor-version":[{"id":32767,"href":"https:\/\/www.public.sn\/index.php\/wp-json\/wp\/v2\/posts\/32765\/revisions\/32767"}],"wp:featuredmedia":[{"embeddable":true,"href":"https:\/\/www.public.sn\/index.php\/wp-json\/wp\/v2\/media\/32766"}],"wp:attachment":[{"href":"https:\/\/www.public.sn\/index.php\/wp-json\/wp\/v2\/media?parent=32765"}],"wp:term":[{"taxonomy":"category","embeddable":true,"href":"https:\/\/www.public.sn\/index.php\/wp-json\/wp\/v2\/categories?post=32765"},{"taxonomy":"post_tag","embeddable":true,"href":"https:\/\/www.public.sn\/index.php\/wp-json\/wp\/v2\/tags?post=32765"}],"curies":[{"name":"wp","href":"https:\/\/api.w.org\/{rel}","templated":true}]}}