{"id":32796,"date":"2024-05-20T10:36:29","date_gmt":"2024-05-20T10:36:29","guid":{"rendered":"https:\/\/www.public.sn\/?p=32796"},"modified":"2024-05-20T10:36:29","modified_gmt":"2024-05-20T10:36:29","slug":"crash-dhelicoptere-les-corps-du-president-iranien-ebrahim-raissi-et-des-autres-victimes-recuperes-par-les-secours","status":"publish","type":"post","link":"https:\/\/www.public.sn\/index.php\/2024\/05\/20\/crash-dhelicoptere-les-corps-du-president-iranien-ebrahim-raissi-et-des-autres-victimes-recuperes-par-les-secours\/","title":{"rendered":"Crash d\u2019h\u00e9licopt\u00e8re : les corps du pr\u00e9sident iranien Ebrahim Ra\u00efssi et des autres victimes r\u00e9cup\u00e9r\u00e9s par les secours"},"content":{"rendered":"<p>Le pr\u00e9sident iranien Ebrahim Ra\u00efssi et son ministre des Affaires \u00e9trang\u00e8res sont tous les deux d\u00e9c\u00e9d\u00e9s dans l\u2019accident de l\u2019h\u00e9licopt\u00e8re qui les transportait, dimanche, dans le nord de l\u2019Iran, annoncent ce lundi les m\u00e9dias d\u2019\u00c9tat iraniens. Un repr\u00e9sentant iranien a confirm\u00e9 l\u2019information aupr\u00e8s de Reuters. L\u2019appareil avait \u00e9t\u00e9 localis\u00e9 lundi matin apr\u00e8s plusieurs heures de recherches. Les corps des huit passagers ont \u00e9t\u00e9 retrouv\u00e9s par les secours.<\/p><div class=\"publi-paragraphe1\" style=\"margin-top: 10px;margin-bottom: 10px;margin-left: auto;margin-right: auto;text-align: center;\" id=\"publi-3800990424\"><div class=\"publi-adlabel\">Publicit\u00e9<\/div><script async src=\"\/\/pagead2.googlesyndication.com\/pagead\/js\/adsbygoogle.js?client=ca-pub-4089586018074219\" crossorigin=\"anonymous\"><\/script><ins class=\"adsbygoogle\" style=\"display:block;\" data-ad-client=\"ca-pub-4089586018074219\" \ndata-ad-slot=\"2087940154\" \ndata-ad-format=\"auto\"><\/ins>\n<script> \n(adsbygoogle = window.adsbygoogle || []).push({}); \n<\/script>\n<\/div>\n<p>La carcasse de l\u2019appareil avait \u00e9t\u00e9 retrouv\u00e9e ce lundi, en d\u00e9but de matin\u00e9e, par les secours. Ces derniers ont annonc\u00e9 avoir retrouv\u00e9 le corps d\u2019Ebrahim Ra\u00efssi ainsi que des huit autres passagers, mettant fin aux op\u00e9rations de recherche. La d\u00e9pouille est en train d\u2019\u00eatre transf\u00e9r\u00e9e \u00e0 Tabriz, au nord-ouest du pays, a d\u00e9clar\u00e9 \u00e0 la t\u00e9l\u00e9vision le chef du Croissant rouge, Pirhossein Koulivand.<\/p>\n<p>Tous les passagers de l\u2019appareil, parmi lesquels figurait notamment le ministre iranien des Affaires \u00e9trang\u00e8res, Hossein Amirabdollahian, ont p\u00e9ri dans l\u2019accident, a rapport\u00e9 l\u2019agence de presse Mehr.<\/p>\n<p>Plus t\u00f4t ce lundi, un repr\u00e9sentant iranien avait indiqu\u00e9 \u00e0 Reuters que l\u2019h\u00e9licopt\u00e8re avait compl\u00e8tement br\u00fbl\u00e9 dans l\u2019accident.<\/p>\n<div class=\"publi-apres-le-contenu\" style=\"margin-top: 10px;margin-bottom: 10px;margin-left: auto;margin-right: auto;text-align: center;\" id=\"publi-4034193250\"><div class=\"publi-adlabel\">Publicit\u00e9<\/div><script async src=\"\/\/pagead2.googlesyndication.com\/pagead\/js\/adsbygoogle.js?client=ca-pub-4089586018074219\" crossorigin=\"anonymous\"><\/script><ins class=\"adsbygoogle\" style=\"display:block;\" data-ad-client=\"ca-pub-4089586018074219\" \ndata-ad-slot=\"2087940154\" \ndata-ad-format=\"auto\"><\/ins>\n<script> \n(adsbygoogle = window.adsbygoogle || []).push({}); \n<\/script>\n<\/div>","protected":false},"excerpt":{"rendered":"<p>Le pr\u00e9sident iranien Ebrahim Ra\u00efssi et son ministre des Affaires \u00e9trang\u00e8res sont tous les deux d\u00e9c\u00e9d\u00e9s dans l\u2019accident de l\u2019h\u00e9licopt\u00e8re qui les transportait, dimanche, dans le nord de l\u2019Iran, annoncent ce lundi les m\u00e9dias d\u2019\u00c9tat iraniens. Un repr\u00e9sentant iranien a confirm\u00e9 l\u2019information aupr\u00e8s de Reuters. L\u2019appareil avait \u00e9t\u00e9 localis\u00e9 lundi matin apr\u00e8s plusieurs heures de recherches. Les corps des huit passagers ont \u00e9t\u00e9 retrouv\u00e9s par les secours. La carcasse de l\u2019appareil avait \u00e9t\u00e9 retrouv\u00e9e ce lundi, en d\u00e9but de matin\u00e9e, par les secours. Ces derniers ont annonc\u00e9 avoir retrouv\u00e9 le corps d\u2019Ebrahim Ra\u00efssi ainsi que des huit autres passagers, mettant fin aux op\u00e9rations de recherche. La d\u00e9pouille est en train d\u2019\u00eatre transf\u00e9r\u00e9e \u00e0 Tabriz, au nord-ouest du pays, a d\u00e9clar\u00e9 \u00e0 la t\u00e9l\u00e9vision le chef du Croissant rouge, Pirhossein Koulivand. Tous les passagers de l\u2019appareil, parmi lesquels figurait notamment le ministre iranien des Affaires \u00e9trang\u00e8res, Hossein Amirabdollahian, ont p\u00e9ri dans l\u2019accident, a rapport\u00e9 l\u2019agence de presse Mehr. Plus t\u00f4t ce lundi, un repr\u00e9sentant iranien avait indiqu\u00e9 \u00e0 Reuters que l\u2019h\u00e9licopt\u00e8re avait compl\u00e8tement br\u00fbl\u00e9 dans l\u2019accident.<\/p>\n","protected":false},"author":12,"featured_media":32797,"comment_status":"open","ping_status":"open","sticky":false,"template":"","format":"standard","meta":{"_jetpack_memberships_contains_paid_content":false,"footnotes":""},"categories":[375,550,371,372],"tags":[5648,5647,374,971,492],"class_list":["post-32796","post","type-post","status-publish","format-standard","has-post-thumbnail","hentry","category-actualites","category-afrique-monde","category-necrologie","category-vedette","tag-air","tag-crash","tag-deces","tag-iran","tag-mort","entry","has-media","owp-thumbs-layout-horizontal","owp-btn-normal","owp-tabs-layout-horizontal","has-no-thumbnails","has-product-nav"],"yoast_head":"<!-- This site is optimized with the Yoast SEO plugin v25.5 - https:\/\/yoast.com\/wordpress\/plugins\/seo\/ -->\n<title>Crash d\u2019h\u00e9licopt\u00e8re : les corps du pr\u00e9sident iranien Ebrahim Ra\u00efssi et des autres victimes r\u00e9cup\u00e9r\u00e9s par les secours - LE PUBLIC<\/title>\n<meta name=\"robots\" content=\"index, follow, max-snippet:-1, max-image-preview:large, max-video-preview:-1\" \/>\n<link rel=\"canonical\" href=\"https:\/\/www.public.sn\/index.php\/2024\/05\/20\/crash-dhelicoptere-les-corps-du-president-iranien-ebrahim-raissi-et-des-autres-victimes-recuperes-par-les-secours\/\" \/>\n<meta property=\"og:locale\" content=\"fr_FR\" \/>\n<meta property=\"og:type\" content=\"article\" \/>\n<meta property=\"og:title\" content=\"Crash d\u2019h\u00e9licopt\u00e8re : les corps du pr\u00e9sident iranien Ebrahim Ra\u00efssi et des autres victimes r\u00e9cup\u00e9r\u00e9s par les secours - LE PUBLIC\" \/>\n<meta property=\"og:description\" content=\"Le pr\u00e9sident iranien Ebrahim Ra\u00efssi et son ministre des Affaires \u00e9trang\u00e8res sont tous les deux d\u00e9c\u00e9d\u00e9s dans l\u2019accident de l\u2019h\u00e9licopt\u00e8re qui les transportait, dimanche, dans le nord de l\u2019Iran, annoncent ce lundi les m\u00e9dias d\u2019\u00c9tat iraniens. Un repr\u00e9sentant iranien a confirm\u00e9 l\u2019information aupr\u00e8s de Reuters. L\u2019appareil avait \u00e9t\u00e9 localis\u00e9 lundi matin apr\u00e8s plusieurs heures de recherches. Les corps des huit passagers ont \u00e9t\u00e9 retrouv\u00e9s par les secours. La carcasse de l\u2019appareil avait \u00e9t\u00e9 retrouv\u00e9e ce lundi, en d\u00e9but de matin\u00e9e, par les secours. Ces derniers ont annonc\u00e9 avoir retrouv\u00e9 le corps d\u2019Ebrahim Ra\u00efssi ainsi que des huit autres passagers, mettant fin aux op\u00e9rations de recherche. La d\u00e9pouille est en train d\u2019\u00eatre transf\u00e9r\u00e9e \u00e0 Tabriz, au nord-ouest du pays, a d\u00e9clar\u00e9 \u00e0 la t\u00e9l\u00e9vision le chef du Croissant rouge, Pirhossein Koulivand. Tous les passagers de l\u2019appareil, parmi lesquels figurait notamment le ministre iranien des Affaires \u00e9trang\u00e8res, Hossein Amirabdollahian, ont p\u00e9ri dans l\u2019accident, a rapport\u00e9 l\u2019agence de presse Mehr. Plus t\u00f4t ce lundi, un repr\u00e9sentant iranien avait indiqu\u00e9 \u00e0 Reuters que l\u2019h\u00e9licopt\u00e8re avait compl\u00e8tement br\u00fbl\u00e9 dans l\u2019accident.\" \/>\n<meta property=\"og:url\" content=\"https:\/\/www.public.sn\/index.php\/2024\/05\/20\/crash-dhelicoptere-les-corps-du-president-iranien-ebrahim-raissi-et-des-autres-victimes-recuperes-par-les-secours\/\" \/>\n<meta property=\"og:site_name\" content=\"LE PUBLIC\" \/>\n<meta property=\"article:published_time\" content=\"2024-05-20T10:36:29+00:00\" \/>\n<meta property=\"og:image\" content=\"https:\/\/www.public.sn\/wp-content\/uploads\/2024\/05\/3560bae_imago-st-0923-13340002-0169891715.jpeg\" \/>\n\t<meta property=\"og:image:width\" content=\"854\" \/>\n\t<meta property=\"og:image:height\" content=\"480\" \/>\n\t<meta property=\"og:image:type\" content=\"image\/jpeg\" \/>\n<meta name=\"author\" content=\"Man\u00e9 Ba\" \/>\n<meta name=\"twitter:card\" content=\"summary_large_image\" \/>\n<meta name=\"twitter:label1\" content=\"\u00c9crit par\" \/>\n\t<meta name=\"twitter:data1\" content=\"Man\u00e9 Ba\" \/>\n\t<meta name=\"twitter:label2\" content=\"Dur\u00e9e de lecture estim\u00e9e\" \/>\n\t<meta name=\"twitter:data2\" content=\"2 minutes\" \/>\n<script type=\"application\/ld+json\" class=\"yoast-schema-graph\">{\"@context\":\"https:\/\/schema.org\",\"@graph\":[{\"@type\":\"Article\",\"@id\":\"https:\/\/www.public.sn\/index.php\/2024\/05\/20\/crash-dhelicoptere-les-corps-du-president-iranien-ebrahim-raissi-et-des-autres-victimes-recuperes-par-les-secours\/#article\",\"isPartOf\":{\"@id\":\"https:\/\/www.public.sn\/index.php\/2024\/05\/20\/crash-dhelicoptere-les-corps-du-president-iranien-ebrahim-raissi-et-des-autres-victimes-recuperes-par-les-secours\/\"},\"author\":{\"name\":\"Man\u00e9 Ba\",\"@id\":\"https:\/\/www.public.sn\/#\/schema\/person\/0cb769602dc17ecb89fd54a2197a221a\"},\"headline\":\"Crash d\u2019h\u00e9licopt\u00e8re : les corps du pr\u00e9sident iranien Ebrahim Ra\u00efssi et des autres victimes r\u00e9cup\u00e9r\u00e9s par les secours\",\"datePublished\":\"2024-05-20T10:36:29+00:00\",\"mainEntityOfPage\":{\"@id\":\"https:\/\/www.public.sn\/index.php\/2024\/05\/20\/crash-dhelicoptere-les-corps-du-president-iranien-ebrahim-raissi-et-des-autres-victimes-recuperes-par-les-secours\/\"},\"wordCount\":243,\"commentCount\":0,\"publisher\":{\"@id\":\"https:\/\/www.public.sn\/#organization\"},\"image\":{\"@id\":\"https:\/\/www.public.sn\/index.php\/2024\/05\/20\/crash-dhelicoptere-les-corps-du-president-iranien-ebrahim-raissi-et-des-autres-victimes-recuperes-par-les-secours\/#primaryimage\"},\"thumbnailUrl\":\"https:\/\/www.public.sn\/wp-content\/uploads\/2024\/05\/3560bae_imago-st-0923-13340002-0169891715.jpeg\",\"keywords\":[\"air\",\"crash\",\"d\u00e9c\u00e8s\",\"Iran\",\"Mort\"],\"articleSection\":[\"ACTUALIT\u00c9S\",\"AFRIQUE &amp; MONDE\",\"N\u00c9CROLOGIE\",\"VEDETTE\"],\"inLanguage\":\"fr-FR\",\"potentialAction\":[{\"@type\":\"CommentAction\",\"name\":\"Comment\",\"target\":[\"https:\/\/www.public.sn\/index.php\/2024\/05\/20\/crash-dhelicoptere-les-corps-du-president-iranien-ebrahim-raissi-et-des-autres-victimes-recuperes-par-les-secours\/#respond\"]}]},{\"@type\":\"WebPage\",\"@id\":\"https:\/\/www.public.sn\/index.php\/2024\/05\/20\/crash-dhelicoptere-les-corps-du-president-iranien-ebrahim-raissi-et-des-autres-victimes-recuperes-par-les-secours\/\",\"url\":\"https:\/\/www.public.sn\/index.php\/2024\/05\/20\/crash-dhelicoptere-les-corps-du-president-iranien-ebrahim-raissi-et-des-autres-victimes-recuperes-par-les-secours\/\",\"name\":\"Crash d\u2019h\u00e9licopt\u00e8re : les corps du pr\u00e9sident iranien Ebrahim Ra\u00efssi et des autres victimes r\u00e9cup\u00e9r\u00e9s par les secours - LE PUBLIC\",\"isPartOf\":{\"@id\":\"https:\/\/www.public.sn\/#website\"},\"primaryImageOfPage\":{\"@id\":\"https:\/\/www.public.sn\/index.php\/2024\/05\/20\/crash-dhelicoptere-les-corps-du-president-iranien-ebrahim-raissi-et-des-autres-victimes-recuperes-par-les-secours\/#primaryimage\"},\"image\":{\"@id\":\"https:\/\/www.public.sn\/index.php\/2024\/05\/20\/crash-dhelicoptere-les-corps-du-president-iranien-ebrahim-raissi-et-des-autres-victimes-recuperes-par-les-secours\/#primaryimage\"},\"thumbnailUrl\":\"https:\/\/www.public.sn\/wp-content\/uploads\/2024\/05\/3560bae_imago-st-0923-13340002-0169891715.jpeg\",\"datePublished\":\"2024-05-20T10:36:29+00:00\",\"breadcrumb\":{\"@id\":\"https:\/\/www.public.sn\/index.php\/2024\/05\/20\/crash-dhelicoptere-les-corps-du-president-iranien-ebrahim-raissi-et-des-autres-victimes-recuperes-par-les-secours\/#breadcrumb\"},\"inLanguage\":\"fr-FR\",\"potentialAction\":[{\"@type\":\"ReadAction\",\"target\":[\"https:\/\/www.public.sn\/index.php\/2024\/05\/20\/crash-dhelicoptere-les-corps-du-president-iranien-ebrahim-raissi-et-des-autres-victimes-recuperes-par-les-secours\/\"]}]},{\"@type\":\"ImageObject\",\"inLanguage\":\"fr-FR\",\"@id\":\"https:\/\/www.public.sn\/index.php\/2024\/05\/20\/crash-dhelicoptere-les-corps-du-president-iranien-ebrahim-raissi-et-des-autres-victimes-recuperes-par-les-secours\/#primaryimage\",\"url\":\"https:\/\/www.public.sn\/wp-content\/uploads\/2024\/05\/3560bae_imago-st-0923-13340002-0169891715.jpeg\",\"contentUrl\":\"https:\/\/www.public.sn\/wp-content\/uploads\/2024\/05\/3560bae_imago-st-0923-13340002-0169891715.jpeg\",\"width\":854,\"height\":480},{\"@type\":\"BreadcrumbList\",\"@id\":\"https:\/\/www.public.sn\/index.php\/2024\/05\/20\/crash-dhelicoptere-les-corps-du-president-iranien-ebrahim-raissi-et-des-autres-victimes-recuperes-par-les-secours\/#breadcrumb\",\"itemListElement\":[{\"@type\":\"ListItem\",\"position\":1,\"name\":\"Accueil\",\"item\":\"https:\/\/www.public.sn\/\"},{\"@type\":\"ListItem\",\"position\":2,\"name\":\"Crash d\u2019h\u00e9licopt\u00e8re : les corps du pr\u00e9sident iranien Ebrahim Ra\u00efssi et des autres victimes r\u00e9cup\u00e9r\u00e9s par les secours\"}]},{\"@type\":\"WebSite\",\"@id\":\"https:\/\/www.public.sn\/#website\",\"url\":\"https:\/\/www.public.sn\/\",\"name\":\"LE PUBLIC\",\"description\":\"\",\"publisher\":{\"@id\":\"https:\/\/www.public.sn\/#organization\"},\"potentialAction\":[{\"@type\":\"SearchAction\",\"target\":{\"@type\":\"EntryPoint\",\"urlTemplate\":\"https:\/\/www.public.sn\/?s={search_term_string}\"},\"query-input\":{\"@type\":\"PropertyValueSpecification\",\"valueRequired\":true,\"valueName\":\"search_term_string\"}}],\"inLanguage\":\"fr-FR\"},{\"@type\":\"Organization\",\"@id\":\"https:\/\/www.public.sn\/#organization\",\"name\":\"LE PUBLIC\",\"url\":\"https:\/\/www.public.sn\/\",\"logo\":{\"@type\":\"ImageObject\",\"inLanguage\":\"fr-FR\",\"@id\":\"https:\/\/www.public.sn\/#\/schema\/logo\/image\/\",\"url\":\"https:\/\/www.public.sn\/wp-content\/uploads\/2024\/05\/cropped-LOGO-PUBLIC.SN_.png\",\"contentUrl\":\"https:\/\/www.public.sn\/wp-content\/uploads\/2024\/05\/cropped-LOGO-PUBLIC.SN_.png\",\"width\":682,\"height\":192,\"caption\":\"LE PUBLIC\"},\"image\":{\"@id\":\"https:\/\/www.public.sn\/#\/schema\/logo\/image\/\"}},{\"@type\":\"Person\",\"@id\":\"https:\/\/www.public.sn\/#\/schema\/person\/0cb769602dc17ecb89fd54a2197a221a\",\"name\":\"Man\u00e9 Ba\",\"image\":{\"@type\":\"ImageObject\",\"inLanguage\":\"fr-FR\",\"@id\":\"https:\/\/www.public.sn\/#\/schema\/person\/image\/\",\"url\":\"https:\/\/secure.gravatar.com\/avatar\/b31a37f6b2529b7e9303b5aacf26777a86815e524f04961246da8183f5e2535a?s=96&d=mm&r=g\",\"contentUrl\":\"https:\/\/secure.gravatar.com\/avatar\/b31a37f6b2529b7e9303b5aacf26777a86815e524f04961246da8183f5e2535a?s=96&d=mm&r=g\",\"caption\":\"Man\u00e9 Ba\"},\"url\":\"https:\/\/www.public.sn\/index.php\/author\/bamanesen\/\"}]}<\/script>\n<!-- \/ Yoast SEO plugin. -->","yoast_head_json":{"title":"Crash d\u2019h\u00e9licopt\u00e8re : les corps du pr\u00e9sident iranien Ebrahim Ra\u00efssi et des autres victimes r\u00e9cup\u00e9r\u00e9s par les secours - LE PUBLIC","robots":{"index":"index","follow":"follow","max-snippet":"max-snippet:-1","max-image-preview":"max-image-preview:large","max-video-preview":"max-video-preview:-1"},"canonical":"https:\/\/www.public.sn\/index.php\/2024\/05\/20\/crash-dhelicoptere-les-corps-du-president-iranien-ebrahim-raissi-et-des-autres-victimes-recuperes-par-les-secours\/","og_locale":"fr_FR","og_type":"article","og_title":"Crash d\u2019h\u00e9licopt\u00e8re : les corps du pr\u00e9sident iranien Ebrahim Ra\u00efssi et des autres victimes r\u00e9cup\u00e9r\u00e9s par les secours - LE PUBLIC","og_description":"Le pr\u00e9sident iranien Ebrahim Ra\u00efssi et son ministre des Affaires \u00e9trang\u00e8res sont tous les deux d\u00e9c\u00e9d\u00e9s dans l\u2019accident de l\u2019h\u00e9licopt\u00e8re qui les transportait, dimanche, dans le nord de l\u2019Iran, annoncent ce lundi les m\u00e9dias d\u2019\u00c9tat iraniens. Un repr\u00e9sentant iranien a confirm\u00e9 l\u2019information aupr\u00e8s de Reuters. L\u2019appareil avait \u00e9t\u00e9 localis\u00e9 lundi matin apr\u00e8s plusieurs heures de recherches. Les corps des huit passagers ont \u00e9t\u00e9 retrouv\u00e9s par les secours. La carcasse de l\u2019appareil avait \u00e9t\u00e9 retrouv\u00e9e ce lundi, en d\u00e9but de matin\u00e9e, par les secours. Ces derniers ont annonc\u00e9 avoir retrouv\u00e9 le corps d\u2019Ebrahim Ra\u00efssi ainsi que des huit autres passagers, mettant fin aux op\u00e9rations de recherche. La d\u00e9pouille est en train d\u2019\u00eatre transf\u00e9r\u00e9e \u00e0 Tabriz, au nord-ouest du pays, a d\u00e9clar\u00e9 \u00e0 la t\u00e9l\u00e9vision le chef du Croissant rouge, Pirhossein Koulivand. Tous les passagers de l\u2019appareil, parmi lesquels figurait notamment le ministre iranien des Affaires \u00e9trang\u00e8res, Hossein Amirabdollahian, ont p\u00e9ri dans l\u2019accident, a rapport\u00e9 l\u2019agence de presse Mehr. Plus t\u00f4t ce lundi, un repr\u00e9sentant iranien avait indiqu\u00e9 \u00e0 Reuters que l\u2019h\u00e9licopt\u00e8re avait compl\u00e8tement br\u00fbl\u00e9 dans l\u2019accident.","og_url":"https:\/\/www.public.sn\/index.php\/2024\/05\/20\/crash-dhelicoptere-les-corps-du-president-iranien-ebrahim-raissi-et-des-autres-victimes-recuperes-par-les-secours\/","og_site_name":"LE PUBLIC","article_published_time":"2024-05-20T10:36:29+00:00","og_image":[{"width":854,"height":480,"url":"https:\/\/www.public.sn\/wp-content\/uploads\/2024\/05\/3560bae_imago-st-0923-13340002-0169891715.jpeg","type":"image\/jpeg"}],"author":"Man\u00e9 Ba","twitter_card":"summary_large_image","twitter_misc":{"\u00c9crit par":"Man\u00e9 Ba","Dur\u00e9e de lecture estim\u00e9e":"2 minutes"},"schema":{"@context":"https:\/\/schema.org","@graph":[{"@type":"Article","@id":"https:\/\/www.public.sn\/index.php\/2024\/05\/20\/crash-dhelicoptere-les-corps-du-president-iranien-ebrahim-raissi-et-des-autres-victimes-recuperes-par-les-secours\/#article","isPartOf":{"@id":"https:\/\/www.public.sn\/index.php\/2024\/05\/20\/crash-dhelicoptere-les-corps-du-president-iranien-ebrahim-raissi-et-des-autres-victimes-recuperes-par-les-secours\/"},"author":{"name":"Man\u00e9 Ba","@id":"https:\/\/www.public.sn\/#\/schema\/person\/0cb769602dc17ecb89fd54a2197a221a"},"headline":"Crash d\u2019h\u00e9licopt\u00e8re : les corps du pr\u00e9sident iranien Ebrahim Ra\u00efssi et des autres victimes r\u00e9cup\u00e9r\u00e9s par les secours","datePublished":"2024-05-20T10:36:29+00:00","mainEntityOfPage":{"@id":"https:\/\/www.public.sn\/index.php\/2024\/05\/20\/crash-dhelicoptere-les-corps-du-president-iranien-ebrahim-raissi-et-des-autres-victimes-recuperes-par-les-secours\/"},"wordCount":243,"commentCount":0,"publisher":{"@id":"https:\/\/www.public.sn\/#organization"},"image":{"@id":"https:\/\/www.public.sn\/index.php\/2024\/05\/20\/crash-dhelicoptere-les-corps-du-president-iranien-ebrahim-raissi-et-des-autres-victimes-recuperes-par-les-secours\/#primaryimage"},"thumbnailUrl":"https:\/\/www.public.sn\/wp-content\/uploads\/2024\/05\/3560bae_imago-st-0923-13340002-0169891715.jpeg","keywords":["air","crash","d\u00e9c\u00e8s","Iran","Mort"],"articleSection":["ACTUALIT\u00c9S","AFRIQUE &amp; MONDE","N\u00c9CROLOGIE","VEDETTE"],"inLanguage":"fr-FR","potentialAction":[{"@type":"CommentAction","name":"Comment","target":["https:\/\/www.public.sn\/index.php\/2024\/05\/20\/crash-dhelicoptere-les-corps-du-president-iranien-ebrahim-raissi-et-des-autres-victimes-recuperes-par-les-secours\/#respond"]}]},{"@type":"WebPage","@id":"https:\/\/www.public.sn\/index.php\/2024\/05\/20\/crash-dhelicoptere-les-corps-du-president-iranien-ebrahim-raissi-et-des-autres-victimes-recuperes-par-les-secours\/","url":"https:\/\/www.public.sn\/index.php\/2024\/05\/20\/crash-dhelicoptere-les-corps-du-president-iranien-ebrahim-raissi-et-des-autres-victimes-recuperes-par-les-secours\/","name":"Crash d\u2019h\u00e9licopt\u00e8re : les corps du pr\u00e9sident iranien Ebrahim Ra\u00efssi et des autres victimes r\u00e9cup\u00e9r\u00e9s par les secours - LE PUBLIC","isPartOf":{"@id":"https:\/\/www.public.sn\/#website"},"primaryImageOfPage":{"@id":"https:\/\/www.public.sn\/index.php\/2024\/05\/20\/crash-dhelicoptere-les-corps-du-president-iranien-ebrahim-raissi-et-des-autres-victimes-recuperes-par-les-secours\/#primaryimage"},"image":{"@id":"https:\/\/www.public.sn\/index.php\/2024\/05\/20\/crash-dhelicoptere-les-corps-du-president-iranien-ebrahim-raissi-et-des-autres-victimes-recuperes-par-les-secours\/#primaryimage"},"thumbnailUrl":"https:\/\/www.public.sn\/wp-content\/uploads\/2024\/05\/3560bae_imago-st-0923-13340002-0169891715.jpeg","datePublished":"2024-05-20T10:36:29+00:00","breadcrumb":{"@id":"https:\/\/www.public.sn\/index.php\/2024\/05\/20\/crash-dhelicoptere-les-corps-du-president-iranien-ebrahim-raissi-et-des-autres-victimes-recuperes-par-les-secours\/#breadcrumb"},"inLanguage":"fr-FR","potentialAction":[{"@type":"ReadAction","target":["https:\/\/www.public.sn\/index.php\/2024\/05\/20\/crash-dhelicoptere-les-corps-du-president-iranien-ebrahim-raissi-et-des-autres-victimes-recuperes-par-les-secours\/"]}]},{"@type":"ImageObject","inLanguage":"fr-FR","@id":"https:\/\/www.public.sn\/index.php\/2024\/05\/20\/crash-dhelicoptere-les-corps-du-president-iranien-ebrahim-raissi-et-des-autres-victimes-recuperes-par-les-secours\/#primaryimage","url":"https:\/\/www.public.sn\/wp-content\/uploads\/2024\/05\/3560bae_imago-st-0923-13340002-0169891715.jpeg","contentUrl":"https:\/\/www.public.sn\/wp-content\/uploads\/2024\/05\/3560bae_imago-st-0923-13340002-0169891715.jpeg","width":854,"height":480},{"@type":"BreadcrumbList","@id":"https:\/\/www.public.sn\/index.php\/2024\/05\/20\/crash-dhelicoptere-les-corps-du-president-iranien-ebrahim-raissi-et-des-autres-victimes-recuperes-par-les-secours\/#breadcrumb","itemListElement":[{"@type":"ListItem","position":1,"name":"Accueil","item":"https:\/\/www.public.sn\/"},{"@type":"ListItem","position":2,"name":"Crash d\u2019h\u00e9licopt\u00e8re : les corps du pr\u00e9sident iranien Ebrahim Ra\u00efssi et des autres victimes r\u00e9cup\u00e9r\u00e9s par les secours"}]},{"@type":"WebSite","@id":"https:\/\/www.public.sn\/#website","url":"https:\/\/www.public.sn\/","name":"LE PUBLIC","description":"","publisher":{"@id":"https:\/\/www.public.sn\/#organization"},"potentialAction":[{"@type":"SearchAction","target":{"@type":"EntryPoint","urlTemplate":"https:\/\/www.public.sn\/?s={search_term_string}"},"query-input":{"@type":"PropertyValueSpecification","valueRequired":true,"valueName":"search_term_string"}}],"inLanguage":"fr-FR"},{"@type":"Organization","@id":"https:\/\/www.public.sn\/#organization","name":"LE PUBLIC","url":"https:\/\/www.public.sn\/","logo":{"@type":"ImageObject","inLanguage":"fr-FR","@id":"https:\/\/www.public.sn\/#\/schema\/logo\/image\/","url":"https:\/\/www.public.sn\/wp-content\/uploads\/2024\/05\/cropped-LOGO-PUBLIC.SN_.png","contentUrl":"https:\/\/www.public.sn\/wp-content\/uploads\/2024\/05\/cropped-LOGO-PUBLIC.SN_.png","width":682,"height":192,"caption":"LE PUBLIC"},"image":{"@id":"https:\/\/www.public.sn\/#\/schema\/logo\/image\/"}},{"@type":"Person","@id":"https:\/\/www.public.sn\/#\/schema\/person\/0cb769602dc17ecb89fd54a2197a221a","name":"Man\u00e9 Ba","image":{"@type":"ImageObject","inLanguage":"fr-FR","@id":"https:\/\/www.public.sn\/#\/schema\/person\/image\/","url":"https:\/\/secure.gravatar.com\/avatar\/b31a37f6b2529b7e9303b5aacf26777a86815e524f04961246da8183f5e2535a?s=96&d=mm&r=g","contentUrl":"https:\/\/secure.gravatar.com\/avatar\/b31a37f6b2529b7e9303b5aacf26777a86815e524f04961246da8183f5e2535a?s=96&d=mm&r=g","caption":"Man\u00e9 Ba"},"url":"https:\/\/www.public.sn\/index.php\/author\/bamanesen\/"}]}},"jetpack_featured_media_url":"https:\/\/www.public.sn\/wp-content\/uploads\/2024\/05\/3560bae_imago-st-0923-13340002-0169891715.jpeg","jetpack_sharing_enabled":true,"_links":{"self":[{"href":"https:\/\/www.public.sn\/index.php\/wp-json\/wp\/v2\/posts\/32796","targetHints":{"allow":["GET"]}}],"collection":[{"href":"https:\/\/www.public.sn\/index.php\/wp-json\/wp\/v2\/posts"}],"about":[{"href":"https:\/\/www.public.sn\/index.php\/wp-json\/wp\/v2\/types\/post"}],"author":[{"embeddable":true,"href":"https:\/\/www.public.sn\/index.php\/wp-json\/wp\/v2\/users\/12"}],"replies":[{"embeddable":true,"href":"https:\/\/www.public.sn\/index.php\/wp-json\/wp\/v2\/comments?post=32796"}],"version-history":[{"count":2,"href":"https:\/\/www.public.sn\/index.php\/wp-json\/wp\/v2\/posts\/32796\/revisions"}],"predecessor-version":[{"id":32799,"href":"https:\/\/www.public.sn\/index.php\/wp-json\/wp\/v2\/posts\/32796\/revisions\/32799"}],"wp:featuredmedia":[{"embeddable":true,"href":"https:\/\/www.public.sn\/index.php\/wp-json\/wp\/v2\/media\/32797"}],"wp:attachment":[{"href":"https:\/\/www.public.sn\/index.php\/wp-json\/wp\/v2\/media?parent=32796"}],"wp:term":[{"taxonomy":"category","embeddable":true,"href":"https:\/\/www.public.sn\/index.php\/wp-json\/wp\/v2\/categories?post=32796"},{"taxonomy":"post_tag","embeddable":true,"href":"https:\/\/www.public.sn\/index.php\/wp-json\/wp\/v2\/tags?post=32796"}],"curies":[{"name":"wp","href":"https:\/\/api.w.org\/{rel}","templated":true}]}}