{"id":32826,"date":"2024-05-21T11:14:13","date_gmt":"2024-05-21T11:14:13","guid":{"rendered":"https:\/\/www.public.sn\/?p=32826"},"modified":"2024-05-21T11:14:13","modified_gmt":"2024-05-21T11:14:13","slug":"mondial-2026-aliou-cisse-devoilera-sa-liste-de-joueurs-vendredi-prochain","status":"publish","type":"post","link":"https:\/\/www.public.sn\/index.php\/2024\/05\/21\/mondial-2026-aliou-cisse-devoilera-sa-liste-de-joueurs-vendredi-prochain\/","title":{"rendered":"Mondial 2026 : Aliou Ciss\u00e9 d\u00e9voilera sa liste de joueurs vendredi prochain"},"content":{"rendered":"<div class=\"intro-text\">\n<p>Les qualifications pour le Mondial 2026 reprendront le mois prochain, et l\u2019\u00e9quipe nationale du S\u00e9n\u00e9gal se pr\u00e9pare pour deux matchs importants. Le s\u00e9lectionneur national, Aliou Ciss\u00e9, annoncera la liste des joueurs retenus lors d\u2019une conf\u00e9rence de presse pr\u00e9vue pour vendredi prochain, selon Le Quotidien.<\/p><div class=\"publi-paragraphe1\" style=\"margin-top: 10px;margin-bottom: 10px;margin-left: auto;margin-right: auto;text-align: center;\" id=\"publi-1679911769\"><div class=\"publi-adlabel\">Publicit\u00e9<\/div><script async src=\"\/\/pagead2.googlesyndication.com\/pagead\/js\/adsbygoogle.js?client=ca-pub-4089586018074219\" crossorigin=\"anonymous\"><\/script><ins class=\"adsbygoogle\" style=\"display:block;\" data-ad-client=\"ca-pub-4089586018074219\" \ndata-ad-slot=\"2087940154\" \ndata-ad-format=\"auto\"><\/ins>\n<script> \n(adsbygoogle = window.adsbygoogle || []).push({}); \n<\/script>\n<\/div>\n<\/div>\n<p>En t\u00eate du groupe B avec 4 points, les Lions du S\u00e9n\u00e9gal affronteront les L\u00e9opards de la RD Congo, actuellement troisi\u00e8me avec 3 points, le jeudi 6 juin au stade Abdoulaye-Wade de Diamniadio. Trois jours plus tard, le dimanche 9 juin, ils se rendront en Mauritanie pour d\u00e9fier les Mourabitounes, qui sont cinqui\u00e8mes avec 1 point. Le S\u00e9n\u00e9gal a d\u00e9but\u00e9 ses qualifications avec une victoire impressionnante \u00e0 domicile contre le Soudan du Sud (4-0), avant de faire match nul (0-0) contre le Togo \u00e0 Lom\u00e9. Actuellement, le Soudan est deuxi\u00e8me du groupe B avec 4 points.<\/p>\n<div class=\"publi-apres-le-contenu\" style=\"margin-top: 10px;margin-bottom: 10px;margin-left: auto;margin-right: auto;text-align: center;\" id=\"publi-3865980484\"><div class=\"publi-adlabel\">Publicit\u00e9<\/div><script async src=\"\/\/pagead2.googlesyndication.com\/pagead\/js\/adsbygoogle.js?client=ca-pub-4089586018074219\" crossorigin=\"anonymous\"><\/script><ins class=\"adsbygoogle\" style=\"display:block;\" data-ad-client=\"ca-pub-4089586018074219\" \ndata-ad-slot=\"2087940154\" \ndata-ad-format=\"auto\"><\/ins>\n<script> \n(adsbygoogle = window.adsbygoogle || []).push({}); \n<\/script>\n<\/div>","protected":false},"excerpt":{"rendered":"<p>Les qualifications pour le Mondial 2026 reprendront le mois prochain, et l\u2019\u00e9quipe nationale du S\u00e9n\u00e9gal se pr\u00e9pare pour deux matchs importants. Le s\u00e9lectionneur national, Aliou Ciss\u00e9, annoncera la liste des joueurs retenus lors d\u2019une conf\u00e9rence de presse pr\u00e9vue pour vendredi prochain, selon Le Quotidien. En t\u00eate du groupe B avec 4 points, les Lions du S\u00e9n\u00e9gal affronteront les L\u00e9opards de la RD Congo, actuellement troisi\u00e8me avec 3 points, le jeudi 6 juin au stade Abdoulaye-Wade de Diamniadio. Trois jours plus tard, le dimanche 9 juin, ils se rendront en Mauritanie pour d\u00e9fier les Mourabitounes, qui sont cinqui\u00e8mes avec 1 point. Le S\u00e9n\u00e9gal a d\u00e9but\u00e9 ses qualifications avec une victoire impressionnante \u00e0 domicile contre le Soudan du Sud (4-0), avant de faire match nul (0-0) contre le Togo \u00e0 Lom\u00e9. Actuellement, le Soudan est deuxi\u00e8me du groupe B avec 4 points.<\/p>\n","protected":false},"author":7,"featured_media":32827,"comment_status":"open","ping_status":"open","sticky":false,"template":"","format":"standard","meta":{"_jetpack_memberships_contains_paid_content":false,"footnotes":""},"categories":[375,550],"tags":[5651,827,68,1725],"class_list":["post-32826","post","type-post","status-publish","format-standard","has-post-thumbnail","hentry","category-actualites","category-afrique-monde","tag-5651","tag-aliou-cisse","tag-football","tag-mondial","entry","has-media","owp-thumbs-layout-horizontal","owp-btn-normal","owp-tabs-layout-horizontal","has-no-thumbnails","has-product-nav"],"yoast_head":"<!-- This site is optimized with the Yoast SEO plugin v25.5 - https:\/\/yoast.com\/wordpress\/plugins\/seo\/ -->\n<title>Mondial 2026 : Aliou Ciss\u00e9 d\u00e9voilera sa liste de joueurs vendredi prochain - LE PUBLIC<\/title>\n<meta name=\"robots\" content=\"index, follow, max-snippet:-1, max-image-preview:large, max-video-preview:-1\" \/>\n<link rel=\"canonical\" href=\"https:\/\/www.public.sn\/index.php\/2024\/05\/21\/mondial-2026-aliou-cisse-devoilera-sa-liste-de-joueurs-vendredi-prochain\/\" \/>\n<meta property=\"og:locale\" content=\"fr_FR\" \/>\n<meta property=\"og:type\" content=\"article\" \/>\n<meta property=\"og:title\" content=\"Mondial 2026 : Aliou Ciss\u00e9 d\u00e9voilera sa liste de joueurs vendredi prochain - LE PUBLIC\" \/>\n<meta property=\"og:description\" content=\"Les qualifications pour le Mondial 2026 reprendront le mois prochain, et l\u2019\u00e9quipe nationale du S\u00e9n\u00e9gal se pr\u00e9pare pour deux matchs importants. Le s\u00e9lectionneur national, Aliou Ciss\u00e9, annoncera la liste des joueurs retenus lors d\u2019une conf\u00e9rence de presse pr\u00e9vue pour vendredi prochain, selon Le Quotidien. En t\u00eate du groupe B avec 4 points, les Lions du S\u00e9n\u00e9gal affronteront les L\u00e9opards de la RD Congo, actuellement troisi\u00e8me avec 3 points, le jeudi 6 juin au stade Abdoulaye-Wade de Diamniadio. Trois jours plus tard, le dimanche 9 juin, ils se rendront en Mauritanie pour d\u00e9fier les Mourabitounes, qui sont cinqui\u00e8mes avec 1 point. Le S\u00e9n\u00e9gal a d\u00e9but\u00e9 ses qualifications avec une victoire impressionnante \u00e0 domicile contre le Soudan du Sud (4-0), avant de faire match nul (0-0) contre le Togo \u00e0 Lom\u00e9. Actuellement, le Soudan est deuxi\u00e8me du groupe B avec 4 points.\" \/>\n<meta property=\"og:url\" content=\"https:\/\/www.public.sn\/index.php\/2024\/05\/21\/mondial-2026-aliou-cisse-devoilera-sa-liste-de-joueurs-vendredi-prochain\/\" \/>\n<meta property=\"og:site_name\" content=\"LE PUBLIC\" \/>\n<meta property=\"article:published_time\" content=\"2024-05-21T11:14:13+00:00\" \/>\n<meta property=\"og:image\" content=\"https:\/\/www.public.sn\/wp-content\/uploads\/2024\/05\/aliou-cisse-33.jpeg\" \/>\n\t<meta property=\"og:image:width\" content=\"1200\" \/>\n\t<meta property=\"og:image:height\" content=\"675\" \/>\n\t<meta property=\"og:image:type\" content=\"image\/jpeg\" \/>\n<meta name=\"author\" content=\"LA REDACTION\" \/>\n<meta name=\"twitter:card\" content=\"summary_large_image\" \/>\n<meta name=\"twitter:label1\" content=\"\u00c9crit par\" \/>\n\t<meta name=\"twitter:data1\" content=\"LA REDACTION\" \/>\n\t<meta name=\"twitter:label2\" content=\"Dur\u00e9e de lecture estim\u00e9e\" \/>\n\t<meta name=\"twitter:data2\" content=\"1 minute\" \/>\n<script type=\"application\/ld+json\" class=\"yoast-schema-graph\">{\"@context\":\"https:\/\/schema.org\",\"@graph\":[{\"@type\":\"Article\",\"@id\":\"https:\/\/www.public.sn\/index.php\/2024\/05\/21\/mondial-2026-aliou-cisse-devoilera-sa-liste-de-joueurs-vendredi-prochain\/#article\",\"isPartOf\":{\"@id\":\"https:\/\/www.public.sn\/index.php\/2024\/05\/21\/mondial-2026-aliou-cisse-devoilera-sa-liste-de-joueurs-vendredi-prochain\/\"},\"author\":{\"name\":\"LA REDACTION\",\"@id\":\"https:\/\/www.public.sn\/#\/schema\/person\/cb76c8e1b8becc6be61fb5e92d6d0224\"},\"headline\":\"Mondial 2026 : Aliou Ciss\u00e9 d\u00e9voilera sa liste de joueurs vendredi prochain\",\"datePublished\":\"2024-05-21T11:14:13+00:00\",\"mainEntityOfPage\":{\"@id\":\"https:\/\/www.public.sn\/index.php\/2024\/05\/21\/mondial-2026-aliou-cisse-devoilera-sa-liste-de-joueurs-vendredi-prochain\/\"},\"wordCount\":161,\"commentCount\":0,\"publisher\":{\"@id\":\"https:\/\/www.public.sn\/#organization\"},\"image\":{\"@id\":\"https:\/\/www.public.sn\/index.php\/2024\/05\/21\/mondial-2026-aliou-cisse-devoilera-sa-liste-de-joueurs-vendredi-prochain\/#primaryimage\"},\"thumbnailUrl\":\"https:\/\/www.public.sn\/wp-content\/uploads\/2024\/05\/aliou-cisse-33.jpeg\",\"keywords\":[\"2026\",\"Aliou Ciss\u00e9\",\"Football\",\"mondial\"],\"articleSection\":[\"ACTUALIT\u00c9S\",\"AFRIQUE &amp; MONDE\"],\"inLanguage\":\"fr-FR\",\"potentialAction\":[{\"@type\":\"CommentAction\",\"name\":\"Comment\",\"target\":[\"https:\/\/www.public.sn\/index.php\/2024\/05\/21\/mondial-2026-aliou-cisse-devoilera-sa-liste-de-joueurs-vendredi-prochain\/#respond\"]}]},{\"@type\":\"WebPage\",\"@id\":\"https:\/\/www.public.sn\/index.php\/2024\/05\/21\/mondial-2026-aliou-cisse-devoilera-sa-liste-de-joueurs-vendredi-prochain\/\",\"url\":\"https:\/\/www.public.sn\/index.php\/2024\/05\/21\/mondial-2026-aliou-cisse-devoilera-sa-liste-de-joueurs-vendredi-prochain\/\",\"name\":\"Mondial 2026 : Aliou Ciss\u00e9 d\u00e9voilera sa liste de joueurs vendredi prochain - LE PUBLIC\",\"isPartOf\":{\"@id\":\"https:\/\/www.public.sn\/#website\"},\"primaryImageOfPage\":{\"@id\":\"https:\/\/www.public.sn\/index.php\/2024\/05\/21\/mondial-2026-aliou-cisse-devoilera-sa-liste-de-joueurs-vendredi-prochain\/#primaryimage\"},\"image\":{\"@id\":\"https:\/\/www.public.sn\/index.php\/2024\/05\/21\/mondial-2026-aliou-cisse-devoilera-sa-liste-de-joueurs-vendredi-prochain\/#primaryimage\"},\"thumbnailUrl\":\"https:\/\/www.public.sn\/wp-content\/uploads\/2024\/05\/aliou-cisse-33.jpeg\",\"datePublished\":\"2024-05-21T11:14:13+00:00\",\"breadcrumb\":{\"@id\":\"https:\/\/www.public.sn\/index.php\/2024\/05\/21\/mondial-2026-aliou-cisse-devoilera-sa-liste-de-joueurs-vendredi-prochain\/#breadcrumb\"},\"inLanguage\":\"fr-FR\",\"potentialAction\":[{\"@type\":\"ReadAction\",\"target\":[\"https:\/\/www.public.sn\/index.php\/2024\/05\/21\/mondial-2026-aliou-cisse-devoilera-sa-liste-de-joueurs-vendredi-prochain\/\"]}]},{\"@type\":\"ImageObject\",\"inLanguage\":\"fr-FR\",\"@id\":\"https:\/\/www.public.sn\/index.php\/2024\/05\/21\/mondial-2026-aliou-cisse-devoilera-sa-liste-de-joueurs-vendredi-prochain\/#primaryimage\",\"url\":\"https:\/\/www.public.sn\/wp-content\/uploads\/2024\/05\/aliou-cisse-33.jpeg\",\"contentUrl\":\"https:\/\/www.public.sn\/wp-content\/uploads\/2024\/05\/aliou-cisse-33.jpeg\",\"width\":1200,\"height\":675},{\"@type\":\"BreadcrumbList\",\"@id\":\"https:\/\/www.public.sn\/index.php\/2024\/05\/21\/mondial-2026-aliou-cisse-devoilera-sa-liste-de-joueurs-vendredi-prochain\/#breadcrumb\",\"itemListElement\":[{\"@type\":\"ListItem\",\"position\":1,\"name\":\"Accueil\",\"item\":\"https:\/\/www.public.sn\/\"},{\"@type\":\"ListItem\",\"position\":2,\"name\":\"Mondial 2026 : Aliou Ciss\u00e9 d\u00e9voilera sa liste de joueurs vendredi prochain\"}]},{\"@type\":\"WebSite\",\"@id\":\"https:\/\/www.public.sn\/#website\",\"url\":\"https:\/\/www.public.sn\/\",\"name\":\"LE PUBLIC\",\"description\":\"\",\"publisher\":{\"@id\":\"https:\/\/www.public.sn\/#organization\"},\"potentialAction\":[{\"@type\":\"SearchAction\",\"target\":{\"@type\":\"EntryPoint\",\"urlTemplate\":\"https:\/\/www.public.sn\/?s={search_term_string}\"},\"query-input\":{\"@type\":\"PropertyValueSpecification\",\"valueRequired\":true,\"valueName\":\"search_term_string\"}}],\"inLanguage\":\"fr-FR\"},{\"@type\":\"Organization\",\"@id\":\"https:\/\/www.public.sn\/#organization\",\"name\":\"LE PUBLIC\",\"url\":\"https:\/\/www.public.sn\/\",\"logo\":{\"@type\":\"ImageObject\",\"inLanguage\":\"fr-FR\",\"@id\":\"https:\/\/www.public.sn\/#\/schema\/logo\/image\/\",\"url\":\"https:\/\/www.public.sn\/wp-content\/uploads\/2024\/05\/cropped-LOGO-PUBLIC.SN_.png\",\"contentUrl\":\"https:\/\/www.public.sn\/wp-content\/uploads\/2024\/05\/cropped-LOGO-PUBLIC.SN_.png\",\"width\":682,\"height\":192,\"caption\":\"LE PUBLIC\"},\"image\":{\"@id\":\"https:\/\/www.public.sn\/#\/schema\/logo\/image\/\"}},{\"@type\":\"Person\",\"@id\":\"https:\/\/www.public.sn\/#\/schema\/person\/cb76c8e1b8becc6be61fb5e92d6d0224\",\"name\":\"LA REDACTION\",\"image\":{\"@type\":\"ImageObject\",\"inLanguage\":\"fr-FR\",\"@id\":\"https:\/\/www.public.sn\/#\/schema\/person\/image\/\",\"url\":\"https:\/\/secure.gravatar.com\/avatar\/2dce5ddd34b8fef0180efe03aa2a9bee7d953856048f9a16b298190a3178407c?s=96&d=mm&r=g\",\"contentUrl\":\"https:\/\/secure.gravatar.com\/avatar\/2dce5ddd34b8fef0180efe03aa2a9bee7d953856048f9a16b298190a3178407c?s=96&d=mm&r=g\",\"caption\":\"LA REDACTION\"},\"url\":\"https:\/\/www.public.sn\/index.php\/author\/editeurpsn\/\"}]}<\/script>\n<!-- \/ Yoast SEO plugin. -->","yoast_head_json":{"title":"Mondial 2026 : Aliou Ciss\u00e9 d\u00e9voilera sa liste de joueurs vendredi prochain - LE PUBLIC","robots":{"index":"index","follow":"follow","max-snippet":"max-snippet:-1","max-image-preview":"max-image-preview:large","max-video-preview":"max-video-preview:-1"},"canonical":"https:\/\/www.public.sn\/index.php\/2024\/05\/21\/mondial-2026-aliou-cisse-devoilera-sa-liste-de-joueurs-vendredi-prochain\/","og_locale":"fr_FR","og_type":"article","og_title":"Mondial 2026 : Aliou Ciss\u00e9 d\u00e9voilera sa liste de joueurs vendredi prochain - LE PUBLIC","og_description":"Les qualifications pour le Mondial 2026 reprendront le mois prochain, et l\u2019\u00e9quipe nationale du S\u00e9n\u00e9gal se pr\u00e9pare pour deux matchs importants. Le s\u00e9lectionneur national, Aliou Ciss\u00e9, annoncera la liste des joueurs retenus lors d\u2019une conf\u00e9rence de presse pr\u00e9vue pour vendredi prochain, selon Le Quotidien. En t\u00eate du groupe B avec 4 points, les Lions du S\u00e9n\u00e9gal affronteront les L\u00e9opards de la RD Congo, actuellement troisi\u00e8me avec 3 points, le jeudi 6 juin au stade Abdoulaye-Wade de Diamniadio. Trois jours plus tard, le dimanche 9 juin, ils se rendront en Mauritanie pour d\u00e9fier les Mourabitounes, qui sont cinqui\u00e8mes avec 1 point. Le S\u00e9n\u00e9gal a d\u00e9but\u00e9 ses qualifications avec une victoire impressionnante \u00e0 domicile contre le Soudan du Sud (4-0), avant de faire match nul (0-0) contre le Togo \u00e0 Lom\u00e9. Actuellement, le Soudan est deuxi\u00e8me du groupe B avec 4 points.","og_url":"https:\/\/www.public.sn\/index.php\/2024\/05\/21\/mondial-2026-aliou-cisse-devoilera-sa-liste-de-joueurs-vendredi-prochain\/","og_site_name":"LE PUBLIC","article_published_time":"2024-05-21T11:14:13+00:00","og_image":[{"width":1200,"height":675,"url":"https:\/\/www.public.sn\/wp-content\/uploads\/2024\/05\/aliou-cisse-33.jpeg","type":"image\/jpeg"}],"author":"LA REDACTION","twitter_card":"summary_large_image","twitter_misc":{"\u00c9crit par":"LA REDACTION","Dur\u00e9e de lecture estim\u00e9e":"1 minute"},"schema":{"@context":"https:\/\/schema.org","@graph":[{"@type":"Article","@id":"https:\/\/www.public.sn\/index.php\/2024\/05\/21\/mondial-2026-aliou-cisse-devoilera-sa-liste-de-joueurs-vendredi-prochain\/#article","isPartOf":{"@id":"https:\/\/www.public.sn\/index.php\/2024\/05\/21\/mondial-2026-aliou-cisse-devoilera-sa-liste-de-joueurs-vendredi-prochain\/"},"author":{"name":"LA REDACTION","@id":"https:\/\/www.public.sn\/#\/schema\/person\/cb76c8e1b8becc6be61fb5e92d6d0224"},"headline":"Mondial 2026 : Aliou Ciss\u00e9 d\u00e9voilera sa liste de joueurs vendredi prochain","datePublished":"2024-05-21T11:14:13+00:00","mainEntityOfPage":{"@id":"https:\/\/www.public.sn\/index.php\/2024\/05\/21\/mondial-2026-aliou-cisse-devoilera-sa-liste-de-joueurs-vendredi-prochain\/"},"wordCount":161,"commentCount":0,"publisher":{"@id":"https:\/\/www.public.sn\/#organization"},"image":{"@id":"https:\/\/www.public.sn\/index.php\/2024\/05\/21\/mondial-2026-aliou-cisse-devoilera-sa-liste-de-joueurs-vendredi-prochain\/#primaryimage"},"thumbnailUrl":"https:\/\/www.public.sn\/wp-content\/uploads\/2024\/05\/aliou-cisse-33.jpeg","keywords":["2026","Aliou Ciss\u00e9","Football","mondial"],"articleSection":["ACTUALIT\u00c9S","AFRIQUE &amp; MONDE"],"inLanguage":"fr-FR","potentialAction":[{"@type":"CommentAction","name":"Comment","target":["https:\/\/www.public.sn\/index.php\/2024\/05\/21\/mondial-2026-aliou-cisse-devoilera-sa-liste-de-joueurs-vendredi-prochain\/#respond"]}]},{"@type":"WebPage","@id":"https:\/\/www.public.sn\/index.php\/2024\/05\/21\/mondial-2026-aliou-cisse-devoilera-sa-liste-de-joueurs-vendredi-prochain\/","url":"https:\/\/www.public.sn\/index.php\/2024\/05\/21\/mondial-2026-aliou-cisse-devoilera-sa-liste-de-joueurs-vendredi-prochain\/","name":"Mondial 2026 : Aliou Ciss\u00e9 d\u00e9voilera sa liste de joueurs vendredi prochain - LE PUBLIC","isPartOf":{"@id":"https:\/\/www.public.sn\/#website"},"primaryImageOfPage":{"@id":"https:\/\/www.public.sn\/index.php\/2024\/05\/21\/mondial-2026-aliou-cisse-devoilera-sa-liste-de-joueurs-vendredi-prochain\/#primaryimage"},"image":{"@id":"https:\/\/www.public.sn\/index.php\/2024\/05\/21\/mondial-2026-aliou-cisse-devoilera-sa-liste-de-joueurs-vendredi-prochain\/#primaryimage"},"thumbnailUrl":"https:\/\/www.public.sn\/wp-content\/uploads\/2024\/05\/aliou-cisse-33.jpeg","datePublished":"2024-05-21T11:14:13+00:00","breadcrumb":{"@id":"https:\/\/www.public.sn\/index.php\/2024\/05\/21\/mondial-2026-aliou-cisse-devoilera-sa-liste-de-joueurs-vendredi-prochain\/#breadcrumb"},"inLanguage":"fr-FR","potentialAction":[{"@type":"ReadAction","target":["https:\/\/www.public.sn\/index.php\/2024\/05\/21\/mondial-2026-aliou-cisse-devoilera-sa-liste-de-joueurs-vendredi-prochain\/"]}]},{"@type":"ImageObject","inLanguage":"fr-FR","@id":"https:\/\/www.public.sn\/index.php\/2024\/05\/21\/mondial-2026-aliou-cisse-devoilera-sa-liste-de-joueurs-vendredi-prochain\/#primaryimage","url":"https:\/\/www.public.sn\/wp-content\/uploads\/2024\/05\/aliou-cisse-33.jpeg","contentUrl":"https:\/\/www.public.sn\/wp-content\/uploads\/2024\/05\/aliou-cisse-33.jpeg","width":1200,"height":675},{"@type":"BreadcrumbList","@id":"https:\/\/www.public.sn\/index.php\/2024\/05\/21\/mondial-2026-aliou-cisse-devoilera-sa-liste-de-joueurs-vendredi-prochain\/#breadcrumb","itemListElement":[{"@type":"ListItem","position":1,"name":"Accueil","item":"https:\/\/www.public.sn\/"},{"@type":"ListItem","position":2,"name":"Mondial 2026 : Aliou Ciss\u00e9 d\u00e9voilera sa liste de joueurs vendredi prochain"}]},{"@type":"WebSite","@id":"https:\/\/www.public.sn\/#website","url":"https:\/\/www.public.sn\/","name":"LE PUBLIC","description":"","publisher":{"@id":"https:\/\/www.public.sn\/#organization"},"potentialAction":[{"@type":"SearchAction","target":{"@type":"EntryPoint","urlTemplate":"https:\/\/www.public.sn\/?s={search_term_string}"},"query-input":{"@type":"PropertyValueSpecification","valueRequired":true,"valueName":"search_term_string"}}],"inLanguage":"fr-FR"},{"@type":"Organization","@id":"https:\/\/www.public.sn\/#organization","name":"LE PUBLIC","url":"https:\/\/www.public.sn\/","logo":{"@type":"ImageObject","inLanguage":"fr-FR","@id":"https:\/\/www.public.sn\/#\/schema\/logo\/image\/","url":"https:\/\/www.public.sn\/wp-content\/uploads\/2024\/05\/cropped-LOGO-PUBLIC.SN_.png","contentUrl":"https:\/\/www.public.sn\/wp-content\/uploads\/2024\/05\/cropped-LOGO-PUBLIC.SN_.png","width":682,"height":192,"caption":"LE PUBLIC"},"image":{"@id":"https:\/\/www.public.sn\/#\/schema\/logo\/image\/"}},{"@type":"Person","@id":"https:\/\/www.public.sn\/#\/schema\/person\/cb76c8e1b8becc6be61fb5e92d6d0224","name":"LA REDACTION","image":{"@type":"ImageObject","inLanguage":"fr-FR","@id":"https:\/\/www.public.sn\/#\/schema\/person\/image\/","url":"https:\/\/secure.gravatar.com\/avatar\/2dce5ddd34b8fef0180efe03aa2a9bee7d953856048f9a16b298190a3178407c?s=96&d=mm&r=g","contentUrl":"https:\/\/secure.gravatar.com\/avatar\/2dce5ddd34b8fef0180efe03aa2a9bee7d953856048f9a16b298190a3178407c?s=96&d=mm&r=g","caption":"LA REDACTION"},"url":"https:\/\/www.public.sn\/index.php\/author\/editeurpsn\/"}]}},"jetpack_featured_media_url":"https:\/\/www.public.sn\/wp-content\/uploads\/2024\/05\/aliou-cisse-33.jpeg","jetpack_sharing_enabled":true,"_links":{"self":[{"href":"https:\/\/www.public.sn\/index.php\/wp-json\/wp\/v2\/posts\/32826","targetHints":{"allow":["GET"]}}],"collection":[{"href":"https:\/\/www.public.sn\/index.php\/wp-json\/wp\/v2\/posts"}],"about":[{"href":"https:\/\/www.public.sn\/index.php\/wp-json\/wp\/v2\/types\/post"}],"author":[{"embeddable":true,"href":"https:\/\/www.public.sn\/index.php\/wp-json\/wp\/v2\/users\/7"}],"replies":[{"embeddable":true,"href":"https:\/\/www.public.sn\/index.php\/wp-json\/wp\/v2\/comments?post=32826"}],"version-history":[{"count":1,"href":"https:\/\/www.public.sn\/index.php\/wp-json\/wp\/v2\/posts\/32826\/revisions"}],"predecessor-version":[{"id":32828,"href":"https:\/\/www.public.sn\/index.php\/wp-json\/wp\/v2\/posts\/32826\/revisions\/32828"}],"wp:featuredmedia":[{"embeddable":true,"href":"https:\/\/www.public.sn\/index.php\/wp-json\/wp\/v2\/media\/32827"}],"wp:attachment":[{"href":"https:\/\/www.public.sn\/index.php\/wp-json\/wp\/v2\/media?parent=32826"}],"wp:term":[{"taxonomy":"category","embeddable":true,"href":"https:\/\/www.public.sn\/index.php\/wp-json\/wp\/v2\/categories?post=32826"},{"taxonomy":"post_tag","embeddable":true,"href":"https:\/\/www.public.sn\/index.php\/wp-json\/wp\/v2\/tags?post=32826"}],"curies":[{"name":"wp","href":"https:\/\/api.w.org\/{rel}","templated":true}]}}