{"id":32840,"date":"2024-05-21T14:36:37","date_gmt":"2024-05-21T14:36:37","guid":{"rendered":"https:\/\/www.public.sn\/?p=32840"},"modified":"2024-05-21T14:36:37","modified_gmt":"2024-05-21T14:36:37","slug":"la-sortie-emouvante-de-mia-guisse-may-mere-celibataire-done-ndeye-done-baye","status":"publish","type":"post","link":"https:\/\/www.public.sn\/index.php\/2024\/05\/21\/la-sortie-emouvante-de-mia-guisse-may-mere-celibataire-done-ndeye-done-baye\/","title":{"rendered":"La sortie \u00e9mouvante de Mia Guiss\u00e9 : \u00abMay m\u00e8re c\u00e9libataire done nd\u00e8ye, done baye \u00bb"},"content":{"rendered":"<p>Le divorce est une \u00e9tape de la vie difficile \u00e0 g\u00e9rer pour certains et toujours fragilisante pour les enfants. Ces derniers sont souvent les victimes collat\u00e9rales de cette rupture, alors qu\u2019ils n\u2019ont rien demand\u00e9.<\/p><div class=\"publi-paragraphe1\" style=\"margin-top: 10px;margin-bottom: 10px;margin-left: auto;margin-right: auto;text-align: center;\" id=\"publi-1945284146\"><div class=\"publi-adlabel\">Publicit\u00e9<\/div><script async src=\"\/\/pagead2.googlesyndication.com\/pagead\/js\/adsbygoogle.js?client=ca-pub-4089586018074219\" crossorigin=\"anonymous\"><\/script><ins class=\"adsbygoogle\" style=\"display:block;\" data-ad-client=\"ca-pub-4089586018074219\" \ndata-ad-slot=\"2087940154\" \ndata-ad-format=\"auto\"><\/ins>\n<script> \n(adsbygoogle = window.adsbygoogle || []).push({}); \n<\/script>\n<\/div>\n<p>Lors de sa derni\u00e8re sortie, la chanteuse Mia Guiss\u00e9, divorc\u00e9e depuis deux ans maintenant, a effleur\u00e9 une phase attendrissante de sa nouvelle vie de m\u00e8re c\u00e9libataire. C\u2019est sur de bonnes notes musicales que la chanteuse a r\u00e9v\u00e9l\u00e9 son statut de \u00ab m\u00e8re c\u00e9libataire devant jouer le r\u00f4le du p\u00e8re \u00e9galement \u00bb.<\/p>\n<div class=\"publi-apres-le-contenu\" style=\"margin-top: 10px;margin-bottom: 10px;margin-left: auto;margin-right: auto;text-align: center;\" id=\"publi-3412740625\"><div class=\"publi-adlabel\">Publicit\u00e9<\/div><script async src=\"\/\/pagead2.googlesyndication.com\/pagead\/js\/adsbygoogle.js?client=ca-pub-4089586018074219\" crossorigin=\"anonymous\"><\/script><ins class=\"adsbygoogle\" style=\"display:block;\" data-ad-client=\"ca-pub-4089586018074219\" \ndata-ad-slot=\"2087940154\" \ndata-ad-format=\"auto\"><\/ins>\n<script> \n(adsbygoogle = window.adsbygoogle || []).push({}); \n<\/script>\n<\/div>","protected":false},"excerpt":{"rendered":"<p>Le divorce est une \u00e9tape de la vie difficile \u00e0 g\u00e9rer pour certains et toujours fragilisante pour les enfants. Ces derniers sont souvent les victimes collat\u00e9rales de cette rupture, alors qu\u2019ils n\u2019ont rien demand\u00e9. Lors de sa derni\u00e8re sortie, la chanteuse Mia Guiss\u00e9, divorc\u00e9e depuis deux ans maintenant, a effleur\u00e9 une phase attendrissante de sa nouvelle vie de m\u00e8re c\u00e9libataire. C\u2019est sur de bonnes notes musicales que la chanteuse a r\u00e9v\u00e9l\u00e9 son statut de \u00ab m\u00e8re c\u00e9libataire devant jouer le r\u00f4le du p\u00e8re \u00e9galement \u00bb.<\/p>\n","protected":false},"author":7,"featured_media":32841,"comment_status":"open","ping_status":"open","sticky":false,"template":"","format":"standard","meta":{"_jetpack_memberships_contains_paid_content":false,"footnotes":""},"categories":[375,550,1023,5],"tags":[3060,258,1374,2509,2759,2710,5652],"class_list":["post-32840","post","type-post","status-publish","format-standard","has-post-thumbnail","hentry","category-actualites","category-afrique-monde","category-buzz","category-people","tag-chanteuse","tag-divorce","tag-mariage","tag-mere","tag-mya-guisse","tag-pere","tag-relation","entry","has-media","owp-thumbs-layout-horizontal","owp-btn-normal","owp-tabs-layout-horizontal","has-no-thumbnails","has-product-nav"],"yoast_head":"<!-- This site is optimized with the Yoast SEO plugin v25.5 - https:\/\/yoast.com\/wordpress\/plugins\/seo\/ -->\n<title>La sortie \u00e9mouvante de Mia Guiss\u00e9 : \u00abMay m\u00e8re c\u00e9libataire done nd\u00e8ye, done baye \u00bb - LE PUBLIC<\/title>\n<meta name=\"robots\" content=\"index, follow, max-snippet:-1, max-image-preview:large, max-video-preview:-1\" \/>\n<link rel=\"canonical\" href=\"https:\/\/www.public.sn\/index.php\/2024\/05\/21\/la-sortie-emouvante-de-mia-guisse-may-mere-celibataire-done-ndeye-done-baye\/\" \/>\n<meta property=\"og:locale\" content=\"fr_FR\" \/>\n<meta property=\"og:type\" content=\"article\" \/>\n<meta property=\"og:title\" content=\"La sortie \u00e9mouvante de Mia Guiss\u00e9 : \u00abMay m\u00e8re c\u00e9libataire done nd\u00e8ye, done baye \u00bb - LE PUBLIC\" \/>\n<meta property=\"og:description\" content=\"Le divorce est une \u00e9tape de la vie difficile \u00e0 g\u00e9rer pour certains et toujours fragilisante pour les enfants. Ces derniers sont souvent les victimes collat\u00e9rales de cette rupture, alors qu\u2019ils n\u2019ont rien demand\u00e9. Lors de sa derni\u00e8re sortie, la chanteuse Mia Guiss\u00e9, divorc\u00e9e depuis deux ans maintenant, a effleur\u00e9 une phase attendrissante de sa nouvelle vie de m\u00e8re c\u00e9libataire. C\u2019est sur de bonnes notes musicales que la chanteuse a r\u00e9v\u00e9l\u00e9 son statut de \u00ab m\u00e8re c\u00e9libataire devant jouer le r\u00f4le du p\u00e8re \u00e9galement \u00bb.\" \/>\n<meta property=\"og:url\" content=\"https:\/\/www.public.sn\/index.php\/2024\/05\/21\/la-sortie-emouvante-de-mia-guisse-may-mere-celibataire-done-ndeye-done-baye\/\" \/>\n<meta property=\"og:site_name\" content=\"LE PUBLIC\" \/>\n<meta property=\"article:published_time\" content=\"2024-05-21T14:36:37+00:00\" \/>\n<meta property=\"og:image\" content=\"https:\/\/www.public.sn\/wp-content\/uploads\/2024\/05\/img_7688-2-1.jpeg\" \/>\n\t<meta property=\"og:image:width\" content=\"1125\" \/>\n\t<meta property=\"og:image:height\" content=\"571\" \/>\n\t<meta property=\"og:image:type\" content=\"image\/jpeg\" \/>\n<meta name=\"author\" content=\"LA REDACTION\" \/>\n<meta name=\"twitter:card\" content=\"summary_large_image\" \/>\n<meta name=\"twitter:label1\" content=\"\u00c9crit par\" \/>\n\t<meta name=\"twitter:data1\" content=\"LA REDACTION\" \/>\n\t<meta name=\"twitter:label2\" content=\"Dur\u00e9e de lecture estim\u00e9e\" \/>\n\t<meta name=\"twitter:data2\" content=\"1 minute\" \/>\n<script type=\"application\/ld+json\" class=\"yoast-schema-graph\">{\"@context\":\"https:\/\/schema.org\",\"@graph\":[{\"@type\":\"Article\",\"@id\":\"https:\/\/www.public.sn\/index.php\/2024\/05\/21\/la-sortie-emouvante-de-mia-guisse-may-mere-celibataire-done-ndeye-done-baye\/#article\",\"isPartOf\":{\"@id\":\"https:\/\/www.public.sn\/index.php\/2024\/05\/21\/la-sortie-emouvante-de-mia-guisse-may-mere-celibataire-done-ndeye-done-baye\/\"},\"author\":{\"name\":\"LA REDACTION\",\"@id\":\"https:\/\/www.public.sn\/#\/schema\/person\/cb76c8e1b8becc6be61fb5e92d6d0224\"},\"headline\":\"La sortie \u00e9mouvante de Mia Guiss\u00e9 : \u00abMay m\u00e8re c\u00e9libataire done nd\u00e8ye, done baye \u00bb\",\"datePublished\":\"2024-05-21T14:36:37+00:00\",\"mainEntityOfPage\":{\"@id\":\"https:\/\/www.public.sn\/index.php\/2024\/05\/21\/la-sortie-emouvante-de-mia-guisse-may-mere-celibataire-done-ndeye-done-baye\/\"},\"wordCount\":113,\"commentCount\":0,\"publisher\":{\"@id\":\"https:\/\/www.public.sn\/#organization\"},\"image\":{\"@id\":\"https:\/\/www.public.sn\/index.php\/2024\/05\/21\/la-sortie-emouvante-de-mia-guisse-may-mere-celibataire-done-ndeye-done-baye\/#primaryimage\"},\"thumbnailUrl\":\"https:\/\/www.public.sn\/wp-content\/uploads\/2024\/05\/img_7688-2-1.jpeg\",\"keywords\":[\"chanteuse\",\"Divorce\",\"mariage\",\"MERE\",\"mya guisse\",\"pere\",\"Relation\"],\"articleSection\":[\"ACTUALIT\u00c9S\",\"AFRIQUE &amp; MONDE\",\"BUZZ\",\"PEOPLE\"],\"inLanguage\":\"fr-FR\",\"potentialAction\":[{\"@type\":\"CommentAction\",\"name\":\"Comment\",\"target\":[\"https:\/\/www.public.sn\/index.php\/2024\/05\/21\/la-sortie-emouvante-de-mia-guisse-may-mere-celibataire-done-ndeye-done-baye\/#respond\"]}]},{\"@type\":\"WebPage\",\"@id\":\"https:\/\/www.public.sn\/index.php\/2024\/05\/21\/la-sortie-emouvante-de-mia-guisse-may-mere-celibataire-done-ndeye-done-baye\/\",\"url\":\"https:\/\/www.public.sn\/index.php\/2024\/05\/21\/la-sortie-emouvante-de-mia-guisse-may-mere-celibataire-done-ndeye-done-baye\/\",\"name\":\"La sortie \u00e9mouvante de Mia Guiss\u00e9 : \u00abMay m\u00e8re c\u00e9libataire done nd\u00e8ye, done baye \u00bb - LE PUBLIC\",\"isPartOf\":{\"@id\":\"https:\/\/www.public.sn\/#website\"},\"primaryImageOfPage\":{\"@id\":\"https:\/\/www.public.sn\/index.php\/2024\/05\/21\/la-sortie-emouvante-de-mia-guisse-may-mere-celibataire-done-ndeye-done-baye\/#primaryimage\"},\"image\":{\"@id\":\"https:\/\/www.public.sn\/index.php\/2024\/05\/21\/la-sortie-emouvante-de-mia-guisse-may-mere-celibataire-done-ndeye-done-baye\/#primaryimage\"},\"thumbnailUrl\":\"https:\/\/www.public.sn\/wp-content\/uploads\/2024\/05\/img_7688-2-1.jpeg\",\"datePublished\":\"2024-05-21T14:36:37+00:00\",\"breadcrumb\":{\"@id\":\"https:\/\/www.public.sn\/index.php\/2024\/05\/21\/la-sortie-emouvante-de-mia-guisse-may-mere-celibataire-done-ndeye-done-baye\/#breadcrumb\"},\"inLanguage\":\"fr-FR\",\"potentialAction\":[{\"@type\":\"ReadAction\",\"target\":[\"https:\/\/www.public.sn\/index.php\/2024\/05\/21\/la-sortie-emouvante-de-mia-guisse-may-mere-celibataire-done-ndeye-done-baye\/\"]}]},{\"@type\":\"ImageObject\",\"inLanguage\":\"fr-FR\",\"@id\":\"https:\/\/www.public.sn\/index.php\/2024\/05\/21\/la-sortie-emouvante-de-mia-guisse-may-mere-celibataire-done-ndeye-done-baye\/#primaryimage\",\"url\":\"https:\/\/www.public.sn\/wp-content\/uploads\/2024\/05\/img_7688-2-1.jpeg\",\"contentUrl\":\"https:\/\/www.public.sn\/wp-content\/uploads\/2024\/05\/img_7688-2-1.jpeg\",\"width\":1125,\"height\":571},{\"@type\":\"BreadcrumbList\",\"@id\":\"https:\/\/www.public.sn\/index.php\/2024\/05\/21\/la-sortie-emouvante-de-mia-guisse-may-mere-celibataire-done-ndeye-done-baye\/#breadcrumb\",\"itemListElement\":[{\"@type\":\"ListItem\",\"position\":1,\"name\":\"Accueil\",\"item\":\"https:\/\/www.public.sn\/\"},{\"@type\":\"ListItem\",\"position\":2,\"name\":\"La sortie \u00e9mouvante de Mia Guiss\u00e9 : \u00abMay m\u00e8re c\u00e9libataire done nd\u00e8ye, done baye \u00bb\"}]},{\"@type\":\"WebSite\",\"@id\":\"https:\/\/www.public.sn\/#website\",\"url\":\"https:\/\/www.public.sn\/\",\"name\":\"LE PUBLIC\",\"description\":\"\",\"publisher\":{\"@id\":\"https:\/\/www.public.sn\/#organization\"},\"potentialAction\":[{\"@type\":\"SearchAction\",\"target\":{\"@type\":\"EntryPoint\",\"urlTemplate\":\"https:\/\/www.public.sn\/?s={search_term_string}\"},\"query-input\":{\"@type\":\"PropertyValueSpecification\",\"valueRequired\":true,\"valueName\":\"search_term_string\"}}],\"inLanguage\":\"fr-FR\"},{\"@type\":\"Organization\",\"@id\":\"https:\/\/www.public.sn\/#organization\",\"name\":\"LE PUBLIC\",\"url\":\"https:\/\/www.public.sn\/\",\"logo\":{\"@type\":\"ImageObject\",\"inLanguage\":\"fr-FR\",\"@id\":\"https:\/\/www.public.sn\/#\/schema\/logo\/image\/\",\"url\":\"https:\/\/www.public.sn\/wp-content\/uploads\/2024\/05\/cropped-LOGO-PUBLIC.SN_.png\",\"contentUrl\":\"https:\/\/www.public.sn\/wp-content\/uploads\/2024\/05\/cropped-LOGO-PUBLIC.SN_.png\",\"width\":682,\"height\":192,\"caption\":\"LE PUBLIC\"},\"image\":{\"@id\":\"https:\/\/www.public.sn\/#\/schema\/logo\/image\/\"}},{\"@type\":\"Person\",\"@id\":\"https:\/\/www.public.sn\/#\/schema\/person\/cb76c8e1b8becc6be61fb5e92d6d0224\",\"name\":\"LA REDACTION\",\"image\":{\"@type\":\"ImageObject\",\"inLanguage\":\"fr-FR\",\"@id\":\"https:\/\/www.public.sn\/#\/schema\/person\/image\/\",\"url\":\"https:\/\/secure.gravatar.com\/avatar\/2dce5ddd34b8fef0180efe03aa2a9bee7d953856048f9a16b298190a3178407c?s=96&d=mm&r=g\",\"contentUrl\":\"https:\/\/secure.gravatar.com\/avatar\/2dce5ddd34b8fef0180efe03aa2a9bee7d953856048f9a16b298190a3178407c?s=96&d=mm&r=g\",\"caption\":\"LA REDACTION\"},\"url\":\"https:\/\/www.public.sn\/index.php\/author\/editeurpsn\/\"}]}<\/script>\n<!-- \/ Yoast SEO plugin. -->","yoast_head_json":{"title":"La sortie \u00e9mouvante de Mia Guiss\u00e9 : \u00abMay m\u00e8re c\u00e9libataire done nd\u00e8ye, done baye \u00bb - LE PUBLIC","robots":{"index":"index","follow":"follow","max-snippet":"max-snippet:-1","max-image-preview":"max-image-preview:large","max-video-preview":"max-video-preview:-1"},"canonical":"https:\/\/www.public.sn\/index.php\/2024\/05\/21\/la-sortie-emouvante-de-mia-guisse-may-mere-celibataire-done-ndeye-done-baye\/","og_locale":"fr_FR","og_type":"article","og_title":"La sortie \u00e9mouvante de Mia Guiss\u00e9 : \u00abMay m\u00e8re c\u00e9libataire done nd\u00e8ye, done baye \u00bb - LE PUBLIC","og_description":"Le divorce est une \u00e9tape de la vie difficile \u00e0 g\u00e9rer pour certains et toujours fragilisante pour les enfants. Ces derniers sont souvent les victimes collat\u00e9rales de cette rupture, alors qu\u2019ils n\u2019ont rien demand\u00e9. Lors de sa derni\u00e8re sortie, la chanteuse Mia Guiss\u00e9, divorc\u00e9e depuis deux ans maintenant, a effleur\u00e9 une phase attendrissante de sa nouvelle vie de m\u00e8re c\u00e9libataire. C\u2019est sur de bonnes notes musicales que la chanteuse a r\u00e9v\u00e9l\u00e9 son statut de \u00ab m\u00e8re c\u00e9libataire devant jouer le r\u00f4le du p\u00e8re \u00e9galement \u00bb.","og_url":"https:\/\/www.public.sn\/index.php\/2024\/05\/21\/la-sortie-emouvante-de-mia-guisse-may-mere-celibataire-done-ndeye-done-baye\/","og_site_name":"LE PUBLIC","article_published_time":"2024-05-21T14:36:37+00:00","og_image":[{"width":1125,"height":571,"url":"https:\/\/www.public.sn\/wp-content\/uploads\/2024\/05\/img_7688-2-1.jpeg","type":"image\/jpeg"}],"author":"LA REDACTION","twitter_card":"summary_large_image","twitter_misc":{"\u00c9crit par":"LA REDACTION","Dur\u00e9e de lecture estim\u00e9e":"1 minute"},"schema":{"@context":"https:\/\/schema.org","@graph":[{"@type":"Article","@id":"https:\/\/www.public.sn\/index.php\/2024\/05\/21\/la-sortie-emouvante-de-mia-guisse-may-mere-celibataire-done-ndeye-done-baye\/#article","isPartOf":{"@id":"https:\/\/www.public.sn\/index.php\/2024\/05\/21\/la-sortie-emouvante-de-mia-guisse-may-mere-celibataire-done-ndeye-done-baye\/"},"author":{"name":"LA REDACTION","@id":"https:\/\/www.public.sn\/#\/schema\/person\/cb76c8e1b8becc6be61fb5e92d6d0224"},"headline":"La sortie \u00e9mouvante de Mia Guiss\u00e9 : \u00abMay m\u00e8re c\u00e9libataire done nd\u00e8ye, done baye \u00bb","datePublished":"2024-05-21T14:36:37+00:00","mainEntityOfPage":{"@id":"https:\/\/www.public.sn\/index.php\/2024\/05\/21\/la-sortie-emouvante-de-mia-guisse-may-mere-celibataire-done-ndeye-done-baye\/"},"wordCount":113,"commentCount":0,"publisher":{"@id":"https:\/\/www.public.sn\/#organization"},"image":{"@id":"https:\/\/www.public.sn\/index.php\/2024\/05\/21\/la-sortie-emouvante-de-mia-guisse-may-mere-celibataire-done-ndeye-done-baye\/#primaryimage"},"thumbnailUrl":"https:\/\/www.public.sn\/wp-content\/uploads\/2024\/05\/img_7688-2-1.jpeg","keywords":["chanteuse","Divorce","mariage","MERE","mya guisse","pere","Relation"],"articleSection":["ACTUALIT\u00c9S","AFRIQUE &amp; MONDE","BUZZ","PEOPLE"],"inLanguage":"fr-FR","potentialAction":[{"@type":"CommentAction","name":"Comment","target":["https:\/\/www.public.sn\/index.php\/2024\/05\/21\/la-sortie-emouvante-de-mia-guisse-may-mere-celibataire-done-ndeye-done-baye\/#respond"]}]},{"@type":"WebPage","@id":"https:\/\/www.public.sn\/index.php\/2024\/05\/21\/la-sortie-emouvante-de-mia-guisse-may-mere-celibataire-done-ndeye-done-baye\/","url":"https:\/\/www.public.sn\/index.php\/2024\/05\/21\/la-sortie-emouvante-de-mia-guisse-may-mere-celibataire-done-ndeye-done-baye\/","name":"La sortie \u00e9mouvante de Mia Guiss\u00e9 : \u00abMay m\u00e8re c\u00e9libataire done nd\u00e8ye, done baye \u00bb - LE PUBLIC","isPartOf":{"@id":"https:\/\/www.public.sn\/#website"},"primaryImageOfPage":{"@id":"https:\/\/www.public.sn\/index.php\/2024\/05\/21\/la-sortie-emouvante-de-mia-guisse-may-mere-celibataire-done-ndeye-done-baye\/#primaryimage"},"image":{"@id":"https:\/\/www.public.sn\/index.php\/2024\/05\/21\/la-sortie-emouvante-de-mia-guisse-may-mere-celibataire-done-ndeye-done-baye\/#primaryimage"},"thumbnailUrl":"https:\/\/www.public.sn\/wp-content\/uploads\/2024\/05\/img_7688-2-1.jpeg","datePublished":"2024-05-21T14:36:37+00:00","breadcrumb":{"@id":"https:\/\/www.public.sn\/index.php\/2024\/05\/21\/la-sortie-emouvante-de-mia-guisse-may-mere-celibataire-done-ndeye-done-baye\/#breadcrumb"},"inLanguage":"fr-FR","potentialAction":[{"@type":"ReadAction","target":["https:\/\/www.public.sn\/index.php\/2024\/05\/21\/la-sortie-emouvante-de-mia-guisse-may-mere-celibataire-done-ndeye-done-baye\/"]}]},{"@type":"ImageObject","inLanguage":"fr-FR","@id":"https:\/\/www.public.sn\/index.php\/2024\/05\/21\/la-sortie-emouvante-de-mia-guisse-may-mere-celibataire-done-ndeye-done-baye\/#primaryimage","url":"https:\/\/www.public.sn\/wp-content\/uploads\/2024\/05\/img_7688-2-1.jpeg","contentUrl":"https:\/\/www.public.sn\/wp-content\/uploads\/2024\/05\/img_7688-2-1.jpeg","width":1125,"height":571},{"@type":"BreadcrumbList","@id":"https:\/\/www.public.sn\/index.php\/2024\/05\/21\/la-sortie-emouvante-de-mia-guisse-may-mere-celibataire-done-ndeye-done-baye\/#breadcrumb","itemListElement":[{"@type":"ListItem","position":1,"name":"Accueil","item":"https:\/\/www.public.sn\/"},{"@type":"ListItem","position":2,"name":"La sortie \u00e9mouvante de Mia Guiss\u00e9 : \u00abMay m\u00e8re c\u00e9libataire done nd\u00e8ye, done baye \u00bb"}]},{"@type":"WebSite","@id":"https:\/\/www.public.sn\/#website","url":"https:\/\/www.public.sn\/","name":"LE PUBLIC","description":"","publisher":{"@id":"https:\/\/www.public.sn\/#organization"},"potentialAction":[{"@type":"SearchAction","target":{"@type":"EntryPoint","urlTemplate":"https:\/\/www.public.sn\/?s={search_term_string}"},"query-input":{"@type":"PropertyValueSpecification","valueRequired":true,"valueName":"search_term_string"}}],"inLanguage":"fr-FR"},{"@type":"Organization","@id":"https:\/\/www.public.sn\/#organization","name":"LE PUBLIC","url":"https:\/\/www.public.sn\/","logo":{"@type":"ImageObject","inLanguage":"fr-FR","@id":"https:\/\/www.public.sn\/#\/schema\/logo\/image\/","url":"https:\/\/www.public.sn\/wp-content\/uploads\/2024\/05\/cropped-LOGO-PUBLIC.SN_.png","contentUrl":"https:\/\/www.public.sn\/wp-content\/uploads\/2024\/05\/cropped-LOGO-PUBLIC.SN_.png","width":682,"height":192,"caption":"LE PUBLIC"},"image":{"@id":"https:\/\/www.public.sn\/#\/schema\/logo\/image\/"}},{"@type":"Person","@id":"https:\/\/www.public.sn\/#\/schema\/person\/cb76c8e1b8becc6be61fb5e92d6d0224","name":"LA REDACTION","image":{"@type":"ImageObject","inLanguage":"fr-FR","@id":"https:\/\/www.public.sn\/#\/schema\/person\/image\/","url":"https:\/\/secure.gravatar.com\/avatar\/2dce5ddd34b8fef0180efe03aa2a9bee7d953856048f9a16b298190a3178407c?s=96&d=mm&r=g","contentUrl":"https:\/\/secure.gravatar.com\/avatar\/2dce5ddd34b8fef0180efe03aa2a9bee7d953856048f9a16b298190a3178407c?s=96&d=mm&r=g","caption":"LA REDACTION"},"url":"https:\/\/www.public.sn\/index.php\/author\/editeurpsn\/"}]}},"jetpack_featured_media_url":"https:\/\/www.public.sn\/wp-content\/uploads\/2024\/05\/img_7688-2-1.jpeg","jetpack_sharing_enabled":true,"_links":{"self":[{"href":"https:\/\/www.public.sn\/index.php\/wp-json\/wp\/v2\/posts\/32840","targetHints":{"allow":["GET"]}}],"collection":[{"href":"https:\/\/www.public.sn\/index.php\/wp-json\/wp\/v2\/posts"}],"about":[{"href":"https:\/\/www.public.sn\/index.php\/wp-json\/wp\/v2\/types\/post"}],"author":[{"embeddable":true,"href":"https:\/\/www.public.sn\/index.php\/wp-json\/wp\/v2\/users\/7"}],"replies":[{"embeddable":true,"href":"https:\/\/www.public.sn\/index.php\/wp-json\/wp\/v2\/comments?post=32840"}],"version-history":[{"count":1,"href":"https:\/\/www.public.sn\/index.php\/wp-json\/wp\/v2\/posts\/32840\/revisions"}],"predecessor-version":[{"id":32842,"href":"https:\/\/www.public.sn\/index.php\/wp-json\/wp\/v2\/posts\/32840\/revisions\/32842"}],"wp:featuredmedia":[{"embeddable":true,"href":"https:\/\/www.public.sn\/index.php\/wp-json\/wp\/v2\/media\/32841"}],"wp:attachment":[{"href":"https:\/\/www.public.sn\/index.php\/wp-json\/wp\/v2\/media?parent=32840"}],"wp:term":[{"taxonomy":"category","embeddable":true,"href":"https:\/\/www.public.sn\/index.php\/wp-json\/wp\/v2\/categories?post=32840"},{"taxonomy":"post_tag","embeddable":true,"href":"https:\/\/www.public.sn\/index.php\/wp-json\/wp\/v2\/tags?post=32840"}],"curies":[{"name":"wp","href":"https:\/\/api.w.org\/{rel}","templated":true}]}}