{"id":32893,"date":"2024-05-25T16:39:55","date_gmt":"2024-05-25T16:39:55","guid":{"rendered":"https:\/\/www.public.sn\/?p=32893"},"modified":"2024-05-25T16:39:55","modified_gmt":"2024-05-25T16:39:55","slug":"cesti-demande-la-liberation-immediate-du-journaliste-armando-lona-detenu-en-guinee-bissau","status":"publish","type":"post","link":"https:\/\/www.public.sn\/index.php\/2024\/05\/25\/cesti-demande-la-liberation-immediate-du-journaliste-armando-lona-detenu-en-guinee-bissau\/","title":{"rendered":"CESTI demande la lib\u00e9ration imm\u00e9diate du journaliste Armando Lona, d\u00e9tenu en Guin\u00e9e-Bissau"},"content":{"rendered":"<p>Apres l&rsquo;arrestation du journaliste du Bissau Guin\u00e9en, La 37\u00e8me promotion du Centre d&rsquo;\u00c9tude des Sciences et Techniques de l&rsquo;Information (CESTI) de Dakar exprime son indignation face \u00e0 la d\u00e9tention du journaliste bissau-guin\u00e9en Armando Lona, cofondateur du journal O Democrata et Coordonnateur du Front Populaire, par les autorit\u00e9s du pr\u00e9sident Umaru Sissoco Embalo.<\/p><div class=\"publi-paragraphe1\" style=\"margin-top: 10px;margin-bottom: 10px;margin-left: auto;margin-right: auto;text-align: center;\" id=\"publi-1762852366\"><div class=\"publi-adlabel\">Publicit\u00e9<\/div><script async src=\"\/\/pagead2.googlesyndication.com\/pagead\/js\/adsbygoogle.js?client=ca-pub-4089586018074219\" crossorigin=\"anonymous\"><\/script><ins class=\"adsbygoogle\" style=\"display:block;\" data-ad-client=\"ca-pub-4089586018074219\" \ndata-ad-slot=\"2087940154\" \ndata-ad-format=\"auto\"><\/ins>\n<script> \n(adsbygoogle = window.adsbygoogle || []).push({}); \n<\/script>\n<\/div>\n<p>Armando Lona a \u00e9t\u00e9 arr\u00eat\u00e9 apr\u00e8s avoir particip\u00e9 \u00e0 une manifestation contre la vie ch\u00e8re le samedi 19 mai dans la capitale bissau-guin\u00e9enne. Ses camarades de promotion d\u00e9noncent fermement les actes de torture et les s\u00e9vices corporels qu&rsquo;il aurait subis, des images insoutenables circulant sur les r\u00e9seaux sociaux.<\/p>\n<p>Dans un communiqu\u00e9 publi\u00e9, la 37\u00e8me promotion du CESTI lance un appel pressant \u00e0 tous les \u00ab\u00a0d\u00e9fenseurs de la d\u00e9mocratie, de la libert\u00e9 d&rsquo;expression et de l&rsquo;\u00e9largissement de l&rsquo;espace civique pour exiger la lib\u00e9ration imm\u00e9diate d&rsquo;Armando Lona. Ils soulignent que son \u00e9tat de sant\u00e9 ne permet pas une d\u00e9tention prolong\u00e9e.\u00a0\u00bb \u00a0la promotion du CESTI envisage de &lsquo;saisir les juridictions internationales\u00a0\u00bb et \u00ab\u00a0d&rsquo;explorer les voies l\u00e9gales\u00a0\u00bb pour lancer une enqu\u00eate ind\u00e9pendante sur les responsabilit\u00e9s concernant les actes de torture inflig\u00e9s \u00e0 leur camarade.<\/p>\n<p>Cette affaire soul\u00e8ve des pr\u00e9occupations majeures quant au respect des droits de l&rsquo;homme et de la libert\u00e9 de la presse en Guin\u00e9e-Bissau. La mobilisation de la communaut\u00e9 internationale est jug\u00e9e cruciale pour faire pression sur les autorit\u00e9s et obtenir la lib\u00e9ration d&rsquo;Armando Lona<\/p>\n<div class=\"publi-apres-le-contenu\" style=\"margin-top: 10px;margin-bottom: 10px;margin-left: auto;margin-right: auto;text-align: center;\" id=\"publi-3674639102\"><div class=\"publi-adlabel\">Publicit\u00e9<\/div><script async src=\"\/\/pagead2.googlesyndication.com\/pagead\/js\/adsbygoogle.js?client=ca-pub-4089586018074219\" crossorigin=\"anonymous\"><\/script><ins class=\"adsbygoogle\" style=\"display:block;\" data-ad-client=\"ca-pub-4089586018074219\" \ndata-ad-slot=\"2087940154\" \ndata-ad-format=\"auto\"><\/ins>\n<script> \n(adsbygoogle = window.adsbygoogle || []).push({}); \n<\/script>\n<\/div>","protected":false},"excerpt":{"rendered":"<p>Apres l&rsquo;arrestation du journaliste du Bissau Guin\u00e9en, La 37\u00e8me promotion du Centre d&rsquo;\u00c9tude des Sciences et Techniques de l&rsquo;Information (CESTI) de Dakar exprime son indignation face \u00e0 la d\u00e9tention du journaliste bissau-guin\u00e9en Armando Lona, cofondateur du journal O Democrata et Coordonnateur du Front Populaire, par les autorit\u00e9s du pr\u00e9sident Umaru Sissoco Embalo. Armando Lona a \u00e9t\u00e9 arr\u00eat\u00e9 apr\u00e8s avoir particip\u00e9 \u00e0 une manifestation contre la vie ch\u00e8re le samedi 19 mai dans la capitale bissau-guin\u00e9enne. Ses camarades de promotion d\u00e9noncent fermement les actes de torture et les s\u00e9vices corporels qu&rsquo;il aurait subis, des images insoutenables circulant sur les r\u00e9seaux sociaux. Dans un communiqu\u00e9 publi\u00e9, la 37\u00e8me promotion du CESTI lance un appel pressant \u00e0 tous les \u00ab\u00a0d\u00e9fenseurs de la d\u00e9mocratie, de la libert\u00e9 d&rsquo;expression et de l&rsquo;\u00e9largissement de l&rsquo;espace civique pour exiger la lib\u00e9ration imm\u00e9diate d&rsquo;Armando Lona. Ils soulignent que son \u00e9tat de sant\u00e9 ne permet pas une d\u00e9tention prolong\u00e9e.\u00a0\u00bb \u00a0la promotion du CESTI envisage de &lsquo;saisir les juridictions internationales\u00a0\u00bb et \u00ab\u00a0d&rsquo;explorer les voies l\u00e9gales\u00a0\u00bb pour lancer une enqu\u00eate ind\u00e9pendante sur les responsabilit\u00e9s concernant les actes de torture inflig\u00e9s \u00e0 leur camarade. Cette affaire soul\u00e8ve des pr\u00e9occupations majeures quant au respect des droits de l&rsquo;homme et de la libert\u00e9 de la presse en Guin\u00e9e-Bissau. La mobilisation de la communaut\u00e9 internationale est jug\u00e9e cruciale pour faire pression sur les autorit\u00e9s et obtenir la lib\u00e9ration d&rsquo;Armando Lona<\/p>\n","protected":false},"author":15,"featured_media":32894,"comment_status":"open","ping_status":"open","sticky":false,"template":"","format":"standard","meta":{"_jetpack_memberships_contains_paid_content":false,"footnotes":""},"categories":[375,550,9,3724,1],"tags":[5662,241,5661,516,24,2067],"class_list":["post-32893","post","type-post","status-publish","format-standard","has-post-thumbnail","hentry","category-actualites","category-afrique-monde","category-communique","category-justice","category-non-classe","tag-5662","tag-bissau","tag-cesti","tag-guinee","tag-justice","tag-liberation","entry","has-media","owp-thumbs-layout-horizontal","owp-btn-normal","owp-tabs-layout-horizontal","has-no-thumbnails","has-product-nav"],"yoast_head":"<!-- This site is optimized with the Yoast SEO plugin v25.5 - https:\/\/yoast.com\/wordpress\/plugins\/seo\/ -->\n<title>CESTI demande la lib\u00e9ration imm\u00e9diate du journaliste Armando Lona, d\u00e9tenu en Guin\u00e9e-Bissau - LE PUBLIC<\/title>\n<meta name=\"robots\" content=\"index, follow, max-snippet:-1, max-image-preview:large, max-video-preview:-1\" \/>\n<link rel=\"canonical\" href=\"https:\/\/www.public.sn\/index.php\/2024\/05\/25\/cesti-demande-la-liberation-immediate-du-journaliste-armando-lona-detenu-en-guinee-bissau\/\" \/>\n<meta property=\"og:locale\" content=\"fr_FR\" \/>\n<meta property=\"og:type\" content=\"article\" \/>\n<meta property=\"og:title\" content=\"CESTI demande la lib\u00e9ration imm\u00e9diate du journaliste Armando Lona, d\u00e9tenu en Guin\u00e9e-Bissau - LE PUBLIC\" \/>\n<meta property=\"og:description\" content=\"Apres l&rsquo;arrestation du journaliste du Bissau Guin\u00e9en, La 37\u00e8me promotion du Centre d&rsquo;\u00c9tude des Sciences et Techniques de l&rsquo;Information (CESTI) de Dakar exprime son indignation face \u00e0 la d\u00e9tention du journaliste bissau-guin\u00e9en Armando Lona, cofondateur du journal O Democrata et Coordonnateur du Front Populaire, par les autorit\u00e9s du pr\u00e9sident Umaru Sissoco Embalo. Armando Lona a \u00e9t\u00e9 arr\u00eat\u00e9 apr\u00e8s avoir particip\u00e9 \u00e0 une manifestation contre la vie ch\u00e8re le samedi 19 mai dans la capitale bissau-guin\u00e9enne. Ses camarades de promotion d\u00e9noncent fermement les actes de torture et les s\u00e9vices corporels qu&rsquo;il aurait subis, des images insoutenables circulant sur les r\u00e9seaux sociaux. Dans un communiqu\u00e9 publi\u00e9, la 37\u00e8me promotion du CESTI lance un appel pressant \u00e0 tous les \u00ab\u00a0d\u00e9fenseurs de la d\u00e9mocratie, de la libert\u00e9 d&rsquo;expression et de l&rsquo;\u00e9largissement de l&rsquo;espace civique pour exiger la lib\u00e9ration imm\u00e9diate d&rsquo;Armando Lona. Ils soulignent que son \u00e9tat de sant\u00e9 ne permet pas une d\u00e9tention prolong\u00e9e.\u00a0\u00bb \u00a0la promotion du CESTI envisage de &lsquo;saisir les juridictions internationales\u00a0\u00bb et \u00ab\u00a0d&rsquo;explorer les voies l\u00e9gales\u00a0\u00bb pour lancer une enqu\u00eate ind\u00e9pendante sur les responsabilit\u00e9s concernant les actes de torture inflig\u00e9s \u00e0 leur camarade. Cette affaire soul\u00e8ve des pr\u00e9occupations majeures quant au respect des droits de l&rsquo;homme et de la libert\u00e9 de la presse en Guin\u00e9e-Bissau. La mobilisation de la communaut\u00e9 internationale est jug\u00e9e cruciale pour faire pression sur les autorit\u00e9s et obtenir la lib\u00e9ration d&rsquo;Armando Lona\" \/>\n<meta property=\"og:url\" content=\"https:\/\/www.public.sn\/index.php\/2024\/05\/25\/cesti-demande-la-liberation-immediate-du-journaliste-armando-lona-detenu-en-guinee-bissau\/\" \/>\n<meta property=\"og:site_name\" content=\"LE PUBLIC\" \/>\n<meta property=\"article:published_time\" content=\"2024-05-25T16:39:55+00:00\" \/>\n<meta property=\"og:image\" content=\"https:\/\/www.public.sn\/wp-content\/uploads\/2024\/05\/72543520-50467704.jpeg\" \/>\n\t<meta property=\"og:image:width\" content=\"588\" \/>\n\t<meta property=\"og:image:height\" content=\"437\" \/>\n\t<meta property=\"og:image:type\" content=\"image\/jpeg\" \/>\n<meta name=\"author\" content=\"Baye Amath THIAM\" \/>\n<meta name=\"twitter:card\" content=\"summary_large_image\" \/>\n<meta name=\"twitter:label1\" content=\"\u00c9crit par\" \/>\n\t<meta name=\"twitter:data1\" content=\"Baye Amath THIAM\" \/>\n\t<meta name=\"twitter:label2\" content=\"Dur\u00e9e de lecture estim\u00e9e\" \/>\n\t<meta name=\"twitter:data2\" content=\"2 minutes\" \/>\n<script type=\"application\/ld+json\" class=\"yoast-schema-graph\">{\"@context\":\"https:\/\/schema.org\",\"@graph\":[{\"@type\":\"Article\",\"@id\":\"https:\/\/www.public.sn\/index.php\/2024\/05\/25\/cesti-demande-la-liberation-immediate-du-journaliste-armando-lona-detenu-en-guinee-bissau\/#article\",\"isPartOf\":{\"@id\":\"https:\/\/www.public.sn\/index.php\/2024\/05\/25\/cesti-demande-la-liberation-immediate-du-journaliste-armando-lona-detenu-en-guinee-bissau\/\"},\"author\":{\"name\":\"Baye Amath THIAM\",\"@id\":\"https:\/\/www.public.sn\/#\/schema\/person\/f77cd9ce05d8fb925eb038378ee6899d\"},\"headline\":\"CESTI demande la lib\u00e9ration imm\u00e9diate du journaliste Armando Lona, d\u00e9tenu en Guin\u00e9e-Bissau\",\"datePublished\":\"2024-05-25T16:39:55+00:00\",\"mainEntityOfPage\":{\"@id\":\"https:\/\/www.public.sn\/index.php\/2024\/05\/25\/cesti-demande-la-liberation-immediate-du-journaliste-armando-lona-detenu-en-guinee-bissau\/\"},\"wordCount\":267,\"commentCount\":0,\"publisher\":{\"@id\":\"https:\/\/www.public.sn\/#organization\"},\"image\":{\"@id\":\"https:\/\/www.public.sn\/index.php\/2024\/05\/25\/cesti-demande-la-liberation-immediate-du-journaliste-armando-lona-detenu-en-guinee-bissau\/#primaryimage\"},\"thumbnailUrl\":\"https:\/\/www.public.sn\/wp-content\/uploads\/2024\/05\/72543520-50467704.jpeg\",\"keywords\":[\"37\",\"Bissau\",\"CESTI\",\"Guin\u00e9e\",\"Justice\",\"liberation\"],\"articleSection\":[\"ACTUALIT\u00c9S\",\"AFRIQUE &amp; MONDE\",\"COMMUNIQU\u00c9\",\"justice\",\"S\u00c9N\u00c9GAL\"],\"inLanguage\":\"fr-FR\",\"potentialAction\":[{\"@type\":\"CommentAction\",\"name\":\"Comment\",\"target\":[\"https:\/\/www.public.sn\/index.php\/2024\/05\/25\/cesti-demande-la-liberation-immediate-du-journaliste-armando-lona-detenu-en-guinee-bissau\/#respond\"]}]},{\"@type\":\"WebPage\",\"@id\":\"https:\/\/www.public.sn\/index.php\/2024\/05\/25\/cesti-demande-la-liberation-immediate-du-journaliste-armando-lona-detenu-en-guinee-bissau\/\",\"url\":\"https:\/\/www.public.sn\/index.php\/2024\/05\/25\/cesti-demande-la-liberation-immediate-du-journaliste-armando-lona-detenu-en-guinee-bissau\/\",\"name\":\"CESTI demande la lib\u00e9ration imm\u00e9diate du journaliste Armando Lona, d\u00e9tenu en Guin\u00e9e-Bissau - LE PUBLIC\",\"isPartOf\":{\"@id\":\"https:\/\/www.public.sn\/#website\"},\"primaryImageOfPage\":{\"@id\":\"https:\/\/www.public.sn\/index.php\/2024\/05\/25\/cesti-demande-la-liberation-immediate-du-journaliste-armando-lona-detenu-en-guinee-bissau\/#primaryimage\"},\"image\":{\"@id\":\"https:\/\/www.public.sn\/index.php\/2024\/05\/25\/cesti-demande-la-liberation-immediate-du-journaliste-armando-lona-detenu-en-guinee-bissau\/#primaryimage\"},\"thumbnailUrl\":\"https:\/\/www.public.sn\/wp-content\/uploads\/2024\/05\/72543520-50467704.jpeg\",\"datePublished\":\"2024-05-25T16:39:55+00:00\",\"breadcrumb\":{\"@id\":\"https:\/\/www.public.sn\/index.php\/2024\/05\/25\/cesti-demande-la-liberation-immediate-du-journaliste-armando-lona-detenu-en-guinee-bissau\/#breadcrumb\"},\"inLanguage\":\"fr-FR\",\"potentialAction\":[{\"@type\":\"ReadAction\",\"target\":[\"https:\/\/www.public.sn\/index.php\/2024\/05\/25\/cesti-demande-la-liberation-immediate-du-journaliste-armando-lona-detenu-en-guinee-bissau\/\"]}]},{\"@type\":\"ImageObject\",\"inLanguage\":\"fr-FR\",\"@id\":\"https:\/\/www.public.sn\/index.php\/2024\/05\/25\/cesti-demande-la-liberation-immediate-du-journaliste-armando-lona-detenu-en-guinee-bissau\/#primaryimage\",\"url\":\"https:\/\/www.public.sn\/wp-content\/uploads\/2024\/05\/72543520-50467704.jpeg\",\"contentUrl\":\"https:\/\/www.public.sn\/wp-content\/uploads\/2024\/05\/72543520-50467704.jpeg\",\"width\":588,\"height\":437},{\"@type\":\"BreadcrumbList\",\"@id\":\"https:\/\/www.public.sn\/index.php\/2024\/05\/25\/cesti-demande-la-liberation-immediate-du-journaliste-armando-lona-detenu-en-guinee-bissau\/#breadcrumb\",\"itemListElement\":[{\"@type\":\"ListItem\",\"position\":1,\"name\":\"Accueil\",\"item\":\"https:\/\/www.public.sn\/\"},{\"@type\":\"ListItem\",\"position\":2,\"name\":\"CESTI demande la lib\u00e9ration imm\u00e9diate du journaliste Armando Lona, d\u00e9tenu en Guin\u00e9e-Bissau\"}]},{\"@type\":\"WebSite\",\"@id\":\"https:\/\/www.public.sn\/#website\",\"url\":\"https:\/\/www.public.sn\/\",\"name\":\"LE PUBLIC\",\"description\":\"\",\"publisher\":{\"@id\":\"https:\/\/www.public.sn\/#organization\"},\"potentialAction\":[{\"@type\":\"SearchAction\",\"target\":{\"@type\":\"EntryPoint\",\"urlTemplate\":\"https:\/\/www.public.sn\/?s={search_term_string}\"},\"query-input\":{\"@type\":\"PropertyValueSpecification\",\"valueRequired\":true,\"valueName\":\"search_term_string\"}}],\"inLanguage\":\"fr-FR\"},{\"@type\":\"Organization\",\"@id\":\"https:\/\/www.public.sn\/#organization\",\"name\":\"LE PUBLIC\",\"url\":\"https:\/\/www.public.sn\/\",\"logo\":{\"@type\":\"ImageObject\",\"inLanguage\":\"fr-FR\",\"@id\":\"https:\/\/www.public.sn\/#\/schema\/logo\/image\/\",\"url\":\"https:\/\/www.public.sn\/wp-content\/uploads\/2024\/05\/cropped-LOGO-PUBLIC.SN_.png\",\"contentUrl\":\"https:\/\/www.public.sn\/wp-content\/uploads\/2024\/05\/cropped-LOGO-PUBLIC.SN_.png\",\"width\":682,\"height\":192,\"caption\":\"LE PUBLIC\"},\"image\":{\"@id\":\"https:\/\/www.public.sn\/#\/schema\/logo\/image\/\"}},{\"@type\":\"Person\",\"@id\":\"https:\/\/www.public.sn\/#\/schema\/person\/f77cd9ce05d8fb925eb038378ee6899d\",\"name\":\"Baye Amath THIAM\",\"image\":{\"@type\":\"ImageObject\",\"inLanguage\":\"fr-FR\",\"@id\":\"https:\/\/www.public.sn\/#\/schema\/person\/image\/\",\"url\":\"https:\/\/secure.gravatar.com\/avatar\/7eb863ef1336b6f8a2ad921469701e52f094a61c698fab02f5af742ed813612d?s=96&d=mm&r=g\",\"contentUrl\":\"https:\/\/secure.gravatar.com\/avatar\/7eb863ef1336b6f8a2ad921469701e52f094a61c698fab02f5af742ed813612d?s=96&d=mm&r=g\",\"caption\":\"Baye Amath THIAM\"},\"url\":\"https:\/\/www.public.sn\/index.php\/author\/thiamba24\/\"}]}<\/script>\n<!-- \/ Yoast SEO plugin. -->","yoast_head_json":{"title":"CESTI demande la lib\u00e9ration imm\u00e9diate du journaliste Armando Lona, d\u00e9tenu en Guin\u00e9e-Bissau - LE PUBLIC","robots":{"index":"index","follow":"follow","max-snippet":"max-snippet:-1","max-image-preview":"max-image-preview:large","max-video-preview":"max-video-preview:-1"},"canonical":"https:\/\/www.public.sn\/index.php\/2024\/05\/25\/cesti-demande-la-liberation-immediate-du-journaliste-armando-lona-detenu-en-guinee-bissau\/","og_locale":"fr_FR","og_type":"article","og_title":"CESTI demande la lib\u00e9ration imm\u00e9diate du journaliste Armando Lona, d\u00e9tenu en Guin\u00e9e-Bissau - LE PUBLIC","og_description":"Apres l&rsquo;arrestation du journaliste du Bissau Guin\u00e9en, La 37\u00e8me promotion du Centre d&rsquo;\u00c9tude des Sciences et Techniques de l&rsquo;Information (CESTI) de Dakar exprime son indignation face \u00e0 la d\u00e9tention du journaliste bissau-guin\u00e9en Armando Lona, cofondateur du journal O Democrata et Coordonnateur du Front Populaire, par les autorit\u00e9s du pr\u00e9sident Umaru Sissoco Embalo. Armando Lona a \u00e9t\u00e9 arr\u00eat\u00e9 apr\u00e8s avoir particip\u00e9 \u00e0 une manifestation contre la vie ch\u00e8re le samedi 19 mai dans la capitale bissau-guin\u00e9enne. Ses camarades de promotion d\u00e9noncent fermement les actes de torture et les s\u00e9vices corporels qu&rsquo;il aurait subis, des images insoutenables circulant sur les r\u00e9seaux sociaux. Dans un communiqu\u00e9 publi\u00e9, la 37\u00e8me promotion du CESTI lance un appel pressant \u00e0 tous les \u00ab\u00a0d\u00e9fenseurs de la d\u00e9mocratie, de la libert\u00e9 d&rsquo;expression et de l&rsquo;\u00e9largissement de l&rsquo;espace civique pour exiger la lib\u00e9ration imm\u00e9diate d&rsquo;Armando Lona. Ils soulignent que son \u00e9tat de sant\u00e9 ne permet pas une d\u00e9tention prolong\u00e9e.\u00a0\u00bb \u00a0la promotion du CESTI envisage de &lsquo;saisir les juridictions internationales\u00a0\u00bb et \u00ab\u00a0d&rsquo;explorer les voies l\u00e9gales\u00a0\u00bb pour lancer une enqu\u00eate ind\u00e9pendante sur les responsabilit\u00e9s concernant les actes de torture inflig\u00e9s \u00e0 leur camarade. Cette affaire soul\u00e8ve des pr\u00e9occupations majeures quant au respect des droits de l&rsquo;homme et de la libert\u00e9 de la presse en Guin\u00e9e-Bissau. La mobilisation de la communaut\u00e9 internationale est jug\u00e9e cruciale pour faire pression sur les autorit\u00e9s et obtenir la lib\u00e9ration d&rsquo;Armando Lona","og_url":"https:\/\/www.public.sn\/index.php\/2024\/05\/25\/cesti-demande-la-liberation-immediate-du-journaliste-armando-lona-detenu-en-guinee-bissau\/","og_site_name":"LE PUBLIC","article_published_time":"2024-05-25T16:39:55+00:00","og_image":[{"width":588,"height":437,"url":"https:\/\/www.public.sn\/wp-content\/uploads\/2024\/05\/72543520-50467704.jpeg","type":"image\/jpeg"}],"author":"Baye Amath THIAM","twitter_card":"summary_large_image","twitter_misc":{"\u00c9crit par":"Baye Amath THIAM","Dur\u00e9e de lecture estim\u00e9e":"2 minutes"},"schema":{"@context":"https:\/\/schema.org","@graph":[{"@type":"Article","@id":"https:\/\/www.public.sn\/index.php\/2024\/05\/25\/cesti-demande-la-liberation-immediate-du-journaliste-armando-lona-detenu-en-guinee-bissau\/#article","isPartOf":{"@id":"https:\/\/www.public.sn\/index.php\/2024\/05\/25\/cesti-demande-la-liberation-immediate-du-journaliste-armando-lona-detenu-en-guinee-bissau\/"},"author":{"name":"Baye Amath THIAM","@id":"https:\/\/www.public.sn\/#\/schema\/person\/f77cd9ce05d8fb925eb038378ee6899d"},"headline":"CESTI demande la lib\u00e9ration imm\u00e9diate du journaliste Armando Lona, d\u00e9tenu en Guin\u00e9e-Bissau","datePublished":"2024-05-25T16:39:55+00:00","mainEntityOfPage":{"@id":"https:\/\/www.public.sn\/index.php\/2024\/05\/25\/cesti-demande-la-liberation-immediate-du-journaliste-armando-lona-detenu-en-guinee-bissau\/"},"wordCount":267,"commentCount":0,"publisher":{"@id":"https:\/\/www.public.sn\/#organization"},"image":{"@id":"https:\/\/www.public.sn\/index.php\/2024\/05\/25\/cesti-demande-la-liberation-immediate-du-journaliste-armando-lona-detenu-en-guinee-bissau\/#primaryimage"},"thumbnailUrl":"https:\/\/www.public.sn\/wp-content\/uploads\/2024\/05\/72543520-50467704.jpeg","keywords":["37","Bissau","CESTI","Guin\u00e9e","Justice","liberation"],"articleSection":["ACTUALIT\u00c9S","AFRIQUE &amp; MONDE","COMMUNIQU\u00c9","justice","S\u00c9N\u00c9GAL"],"inLanguage":"fr-FR","potentialAction":[{"@type":"CommentAction","name":"Comment","target":["https:\/\/www.public.sn\/index.php\/2024\/05\/25\/cesti-demande-la-liberation-immediate-du-journaliste-armando-lona-detenu-en-guinee-bissau\/#respond"]}]},{"@type":"WebPage","@id":"https:\/\/www.public.sn\/index.php\/2024\/05\/25\/cesti-demande-la-liberation-immediate-du-journaliste-armando-lona-detenu-en-guinee-bissau\/","url":"https:\/\/www.public.sn\/index.php\/2024\/05\/25\/cesti-demande-la-liberation-immediate-du-journaliste-armando-lona-detenu-en-guinee-bissau\/","name":"CESTI demande la lib\u00e9ration imm\u00e9diate du journaliste Armando Lona, d\u00e9tenu en Guin\u00e9e-Bissau - LE PUBLIC","isPartOf":{"@id":"https:\/\/www.public.sn\/#website"},"primaryImageOfPage":{"@id":"https:\/\/www.public.sn\/index.php\/2024\/05\/25\/cesti-demande-la-liberation-immediate-du-journaliste-armando-lona-detenu-en-guinee-bissau\/#primaryimage"},"image":{"@id":"https:\/\/www.public.sn\/index.php\/2024\/05\/25\/cesti-demande-la-liberation-immediate-du-journaliste-armando-lona-detenu-en-guinee-bissau\/#primaryimage"},"thumbnailUrl":"https:\/\/www.public.sn\/wp-content\/uploads\/2024\/05\/72543520-50467704.jpeg","datePublished":"2024-05-25T16:39:55+00:00","breadcrumb":{"@id":"https:\/\/www.public.sn\/index.php\/2024\/05\/25\/cesti-demande-la-liberation-immediate-du-journaliste-armando-lona-detenu-en-guinee-bissau\/#breadcrumb"},"inLanguage":"fr-FR","potentialAction":[{"@type":"ReadAction","target":["https:\/\/www.public.sn\/index.php\/2024\/05\/25\/cesti-demande-la-liberation-immediate-du-journaliste-armando-lona-detenu-en-guinee-bissau\/"]}]},{"@type":"ImageObject","inLanguage":"fr-FR","@id":"https:\/\/www.public.sn\/index.php\/2024\/05\/25\/cesti-demande-la-liberation-immediate-du-journaliste-armando-lona-detenu-en-guinee-bissau\/#primaryimage","url":"https:\/\/www.public.sn\/wp-content\/uploads\/2024\/05\/72543520-50467704.jpeg","contentUrl":"https:\/\/www.public.sn\/wp-content\/uploads\/2024\/05\/72543520-50467704.jpeg","width":588,"height":437},{"@type":"BreadcrumbList","@id":"https:\/\/www.public.sn\/index.php\/2024\/05\/25\/cesti-demande-la-liberation-immediate-du-journaliste-armando-lona-detenu-en-guinee-bissau\/#breadcrumb","itemListElement":[{"@type":"ListItem","position":1,"name":"Accueil","item":"https:\/\/www.public.sn\/"},{"@type":"ListItem","position":2,"name":"CESTI demande la lib\u00e9ration imm\u00e9diate du journaliste Armando Lona, d\u00e9tenu en Guin\u00e9e-Bissau"}]},{"@type":"WebSite","@id":"https:\/\/www.public.sn\/#website","url":"https:\/\/www.public.sn\/","name":"LE PUBLIC","description":"","publisher":{"@id":"https:\/\/www.public.sn\/#organization"},"potentialAction":[{"@type":"SearchAction","target":{"@type":"EntryPoint","urlTemplate":"https:\/\/www.public.sn\/?s={search_term_string}"},"query-input":{"@type":"PropertyValueSpecification","valueRequired":true,"valueName":"search_term_string"}}],"inLanguage":"fr-FR"},{"@type":"Organization","@id":"https:\/\/www.public.sn\/#organization","name":"LE PUBLIC","url":"https:\/\/www.public.sn\/","logo":{"@type":"ImageObject","inLanguage":"fr-FR","@id":"https:\/\/www.public.sn\/#\/schema\/logo\/image\/","url":"https:\/\/www.public.sn\/wp-content\/uploads\/2024\/05\/cropped-LOGO-PUBLIC.SN_.png","contentUrl":"https:\/\/www.public.sn\/wp-content\/uploads\/2024\/05\/cropped-LOGO-PUBLIC.SN_.png","width":682,"height":192,"caption":"LE PUBLIC"},"image":{"@id":"https:\/\/www.public.sn\/#\/schema\/logo\/image\/"}},{"@type":"Person","@id":"https:\/\/www.public.sn\/#\/schema\/person\/f77cd9ce05d8fb925eb038378ee6899d","name":"Baye Amath THIAM","image":{"@type":"ImageObject","inLanguage":"fr-FR","@id":"https:\/\/www.public.sn\/#\/schema\/person\/image\/","url":"https:\/\/secure.gravatar.com\/avatar\/7eb863ef1336b6f8a2ad921469701e52f094a61c698fab02f5af742ed813612d?s=96&d=mm&r=g","contentUrl":"https:\/\/secure.gravatar.com\/avatar\/7eb863ef1336b6f8a2ad921469701e52f094a61c698fab02f5af742ed813612d?s=96&d=mm&r=g","caption":"Baye Amath THIAM"},"url":"https:\/\/www.public.sn\/index.php\/author\/thiamba24\/"}]}},"jetpack_featured_media_url":"https:\/\/www.public.sn\/wp-content\/uploads\/2024\/05\/72543520-50467704.jpeg","jetpack_sharing_enabled":true,"_links":{"self":[{"href":"https:\/\/www.public.sn\/index.php\/wp-json\/wp\/v2\/posts\/32893","targetHints":{"allow":["GET"]}}],"collection":[{"href":"https:\/\/www.public.sn\/index.php\/wp-json\/wp\/v2\/posts"}],"about":[{"href":"https:\/\/www.public.sn\/index.php\/wp-json\/wp\/v2\/types\/post"}],"author":[{"embeddable":true,"href":"https:\/\/www.public.sn\/index.php\/wp-json\/wp\/v2\/users\/15"}],"replies":[{"embeddable":true,"href":"https:\/\/www.public.sn\/index.php\/wp-json\/wp\/v2\/comments?post=32893"}],"version-history":[{"count":1,"href":"https:\/\/www.public.sn\/index.php\/wp-json\/wp\/v2\/posts\/32893\/revisions"}],"predecessor-version":[{"id":32895,"href":"https:\/\/www.public.sn\/index.php\/wp-json\/wp\/v2\/posts\/32893\/revisions\/32895"}],"wp:featuredmedia":[{"embeddable":true,"href":"https:\/\/www.public.sn\/index.php\/wp-json\/wp\/v2\/media\/32894"}],"wp:attachment":[{"href":"https:\/\/www.public.sn\/index.php\/wp-json\/wp\/v2\/media?parent=32893"}],"wp:term":[{"taxonomy":"category","embeddable":true,"href":"https:\/\/www.public.sn\/index.php\/wp-json\/wp\/v2\/categories?post=32893"},{"taxonomy":"post_tag","embeddable":true,"href":"https:\/\/www.public.sn\/index.php\/wp-json\/wp\/v2\/tags?post=32893"}],"curies":[{"name":"wp","href":"https:\/\/api.w.org\/{rel}","templated":true}]}}