{"id":32897,"date":"2024-05-25T17:02:26","date_gmt":"2024-05-25T17:02:26","guid":{"rendered":"https:\/\/www.public.sn\/?p=32897"},"modified":"2024-05-25T17:02:26","modified_gmt":"2024-05-25T17:02:26","slug":"apr-une-decision-surprenante-prise-par-amadou-ba","status":"publish","type":"post","link":"https:\/\/www.public.sn\/index.php\/2024\/05\/25\/apr-une-decision-surprenante-prise-par-amadou-ba\/","title":{"rendered":"APR : Une d\u00e9cision surprenante prise par Amadou Ba\u00a0"},"content":{"rendered":"<p>Une sortie de l\u2019ancien Premier ministre et candidat malheureux \u00e0 la Pr\u00e9sidentielle du 24 mars dernier est toujours attendue surtout en ce qui concerne son avenir politique et ses objectifs \u00e0 atteindre<\/p><div class=\"publi-paragraphe1\" style=\"margin-top: 10px;margin-bottom: 10px;margin-left: auto;margin-right: auto;text-align: center;\" id=\"publi-2408511251\"><div class=\"publi-adlabel\">Publicit\u00e9<\/div><script async src=\"\/\/pagead2.googlesyndication.com\/pagead\/js\/adsbygoogle.js?client=ca-pub-4089586018074219\" crossorigin=\"anonymous\"><\/script><ins class=\"adsbygoogle\" style=\"display:block;\" data-ad-client=\"ca-pub-4089586018074219\" \ndata-ad-slot=\"2087940154\" \ndata-ad-format=\"auto\"><\/ins>\n<script> \n(adsbygoogle = window.adsbygoogle || []).push({}); \n<\/script>\n<\/div>\n<p>Repris par le quotidien L\u2019AS, l\u2019ancien parlementaire Cheikh Oumar Sy annonce toutefois qu\u2019Amadou Ba a d\u00e9j\u00e0 pris sa d\u00e9cision. \u00ab Il va rester dans l\u2019opposition \u00bb mais, \u00ab pour assumer cette posture, il va quitter l\u2019Alliance pour la R\u00e9publique (APR) \u00bb, d\u00e9clare Oumar Sy.<\/p>\n<p>Selon lui:\u00ab Je consid\u00e8re que Amadou Ba n\u2019a aucun avenir dans (l\u2019APR), d\u00e9fend-il. Il peut entra\u00eener avec lui beaucoup de formations politiques de Benno Bokk Yakaar. Puis, il peut r\u00e9unir une bonne partie de l\u2019opposition. Amadou Ba est pr\u00eat \u00e0 assumer son r\u00f4le de chef de l\u2019opposition. Maintenant, il va falloir le mat\u00e9rialiser pour pr\u00e9parer les \u00e9lections l\u00e9gislatives.\u00bb affirme-t-il<\/p>\n<p>Le d\u00e9put\u00e9 de la douzi\u00e8me l\u00e9gislature (2012-2017) \u00e9tait l\u2019invit\u00e9 de l\u2019\u00e9mission pulaar \u00ab Fandu \u00bb sur la cha\u00eene L\u2019AS TV.<\/p>\n<div class=\"publi-apres-le-contenu\" style=\"margin-top: 10px;margin-bottom: 10px;margin-left: auto;margin-right: auto;text-align: center;\" id=\"publi-2245068716\"><div class=\"publi-adlabel\">Publicit\u00e9<\/div><script async src=\"\/\/pagead2.googlesyndication.com\/pagead\/js\/adsbygoogle.js?client=ca-pub-4089586018074219\" crossorigin=\"anonymous\"><\/script><ins class=\"adsbygoogle\" style=\"display:block;\" data-ad-client=\"ca-pub-4089586018074219\" \ndata-ad-slot=\"2087940154\" \ndata-ad-format=\"auto\"><\/ins>\n<script> \n(adsbygoogle = window.adsbygoogle || []).push({}); \n<\/script>\n<\/div>","protected":false},"excerpt":{"rendered":"<p>Une sortie de l\u2019ancien Premier ministre et candidat malheureux \u00e0 la Pr\u00e9sidentielle du 24 mars dernier est toujours attendue surtout en ce qui concerne son avenir politique et ses objectifs \u00e0 atteindre Repris par le quotidien L\u2019AS, l\u2019ancien parlementaire Cheikh Oumar Sy annonce toutefois qu\u2019Amadou Ba a d\u00e9j\u00e0 pris sa d\u00e9cision. \u00ab Il va rester dans l\u2019opposition \u00bb mais, \u00ab pour assumer cette posture, il va quitter l\u2019Alliance pour la R\u00e9publique (APR) \u00bb, d\u00e9clare Oumar Sy. Selon lui:\u00ab Je consid\u00e8re que Amadou Ba n\u2019a aucun avenir dans (l\u2019APR), d\u00e9fend-il. Il peut entra\u00eener avec lui beaucoup de formations politiques de Benno Bokk Yakaar. Puis, il peut r\u00e9unir une bonne partie de l\u2019opposition. Amadou Ba est pr\u00eat \u00e0 assumer son r\u00f4le de chef de l\u2019opposition. Maintenant, il va falloir le mat\u00e9rialiser pour pr\u00e9parer les \u00e9lections l\u00e9gislatives.\u00bb affirme-t-il Le d\u00e9put\u00e9 de la douzi\u00e8me l\u00e9gislature (2012-2017) \u00e9tait l\u2019invit\u00e9 de l\u2019\u00e9mission pulaar \u00ab Fandu \u00bb sur la cha\u00eene L\u2019AS TV.<\/p>\n","protected":false},"author":15,"featured_media":32898,"comment_status":"open","ping_status":"open","sticky":false,"template":"","format":"standard","meta":{"_jetpack_memberships_contains_paid_content":false,"footnotes":""},"categories":[375,550,3,1],"tags":[744,742,762,5664,5663],"class_list":["post-32897","post","type-post","status-publish","format-standard","has-post-thumbnail","hentry","category-actualites","category-afrique-monde","category-politique","category-non-classe","tag-amadou-ba","tag-apr","tag-cheikh-oumar-sy","tag-demissionner","tag-quitter","entry","has-media","owp-thumbs-layout-horizontal","owp-btn-normal","owp-tabs-layout-horizontal","has-no-thumbnails","has-product-nav"],"yoast_head":"<!-- This site is optimized with the Yoast SEO plugin v25.5 - https:\/\/yoast.com\/wordpress\/plugins\/seo\/ -->\n<title>APR : Une d\u00e9cision surprenante prise par Amadou Ba\u00a0 - LE PUBLIC<\/title>\n<meta name=\"robots\" content=\"index, follow, max-snippet:-1, max-image-preview:large, max-video-preview:-1\" \/>\n<link rel=\"canonical\" href=\"https:\/\/www.public.sn\/index.php\/2024\/05\/25\/apr-une-decision-surprenante-prise-par-amadou-ba\/\" \/>\n<meta property=\"og:locale\" content=\"fr_FR\" \/>\n<meta property=\"og:type\" content=\"article\" \/>\n<meta property=\"og:title\" content=\"APR : Une d\u00e9cision surprenante prise par Amadou Ba\u00a0 - LE PUBLIC\" \/>\n<meta property=\"og:description\" content=\"Une sortie de l\u2019ancien Premier ministre et candidat malheureux \u00e0 la Pr\u00e9sidentielle du 24 mars dernier est toujours attendue surtout en ce qui concerne son avenir politique et ses objectifs \u00e0 atteindre Repris par le quotidien L\u2019AS, l\u2019ancien parlementaire Cheikh Oumar Sy annonce toutefois qu\u2019Amadou Ba a d\u00e9j\u00e0 pris sa d\u00e9cision. \u00ab Il va rester dans l\u2019opposition \u00bb mais, \u00ab pour assumer cette posture, il va quitter l\u2019Alliance pour la R\u00e9publique (APR) \u00bb, d\u00e9clare Oumar Sy. Selon lui:\u00ab Je consid\u00e8re que Amadou Ba n\u2019a aucun avenir dans (l\u2019APR), d\u00e9fend-il. Il peut entra\u00eener avec lui beaucoup de formations politiques de Benno Bokk Yakaar. Puis, il peut r\u00e9unir une bonne partie de l\u2019opposition. Amadou Ba est pr\u00eat \u00e0 assumer son r\u00f4le de chef de l\u2019opposition. Maintenant, il va falloir le mat\u00e9rialiser pour pr\u00e9parer les \u00e9lections l\u00e9gislatives.\u00bb affirme-t-il Le d\u00e9put\u00e9 de la douzi\u00e8me l\u00e9gislature (2012-2017) \u00e9tait l\u2019invit\u00e9 de l\u2019\u00e9mission pulaar \u00ab Fandu \u00bb sur la cha\u00eene L\u2019AS TV.\" \/>\n<meta property=\"og:url\" content=\"https:\/\/www.public.sn\/index.php\/2024\/05\/25\/apr-une-decision-surprenante-prise-par-amadou-ba\/\" \/>\n<meta property=\"og:site_name\" content=\"LE PUBLIC\" \/>\n<meta property=\"article:published_time\" content=\"2024-05-25T17:02:26+00:00\" \/>\n<meta property=\"og:image\" content=\"https:\/\/www.public.sn\/wp-content\/uploads\/2024\/05\/13780040463_8c3bbaeef7_k-e1701869170266-1200x800-1.jpeg\" \/>\n\t<meta property=\"og:image:width\" content=\"1200\" \/>\n\t<meta property=\"og:image:height\" content=\"800\" \/>\n\t<meta property=\"og:image:type\" content=\"image\/jpeg\" \/>\n<meta name=\"author\" content=\"Baye Amath THIAM\" \/>\n<meta name=\"twitter:card\" content=\"summary_large_image\" \/>\n<meta name=\"twitter:label1\" content=\"\u00c9crit par\" \/>\n\t<meta name=\"twitter:data1\" content=\"Baye Amath THIAM\" \/>\n\t<meta name=\"twitter:label2\" content=\"Dur\u00e9e de lecture estim\u00e9e\" \/>\n\t<meta name=\"twitter:data2\" content=\"1 minute\" \/>\n<script type=\"application\/ld+json\" class=\"yoast-schema-graph\">{\"@context\":\"https:\/\/schema.org\",\"@graph\":[{\"@type\":\"Article\",\"@id\":\"https:\/\/www.public.sn\/index.php\/2024\/05\/25\/apr-une-decision-surprenante-prise-par-amadou-ba\/#article\",\"isPartOf\":{\"@id\":\"https:\/\/www.public.sn\/index.php\/2024\/05\/25\/apr-une-decision-surprenante-prise-par-amadou-ba\/\"},\"author\":{\"name\":\"Baye Amath THIAM\",\"@id\":\"https:\/\/www.public.sn\/#\/schema\/person\/f77cd9ce05d8fb925eb038378ee6899d\"},\"headline\":\"APR : Une d\u00e9cision surprenante prise par Amadou Ba\u00a0\",\"datePublished\":\"2024-05-25T17:02:26+00:00\",\"mainEntityOfPage\":{\"@id\":\"https:\/\/www.public.sn\/index.php\/2024\/05\/25\/apr-une-decision-surprenante-prise-par-amadou-ba\/\"},\"wordCount\":185,\"commentCount\":0,\"publisher\":{\"@id\":\"https:\/\/www.public.sn\/#organization\"},\"image\":{\"@id\":\"https:\/\/www.public.sn\/index.php\/2024\/05\/25\/apr-une-decision-surprenante-prise-par-amadou-ba\/#primaryimage\"},\"thumbnailUrl\":\"https:\/\/www.public.sn\/wp-content\/uploads\/2024\/05\/13780040463_8c3bbaeef7_k-e1701869170266-1200x800-1.jpeg\",\"keywords\":[\"Amadou Ba\",\"Apr\",\"Cheikh Oumar Sy\",\"D\u00e9missionner\",\"Quitter\"],\"articleSection\":[\"ACTUALIT\u00c9S\",\"AFRIQUE &amp; MONDE\",\"POLITIQUE\",\"S\u00c9N\u00c9GAL\"],\"inLanguage\":\"fr-FR\",\"potentialAction\":[{\"@type\":\"CommentAction\",\"name\":\"Comment\",\"target\":[\"https:\/\/www.public.sn\/index.php\/2024\/05\/25\/apr-une-decision-surprenante-prise-par-amadou-ba\/#respond\"]}]},{\"@type\":\"WebPage\",\"@id\":\"https:\/\/www.public.sn\/index.php\/2024\/05\/25\/apr-une-decision-surprenante-prise-par-amadou-ba\/\",\"url\":\"https:\/\/www.public.sn\/index.php\/2024\/05\/25\/apr-une-decision-surprenante-prise-par-amadou-ba\/\",\"name\":\"APR : Une d\u00e9cision surprenante prise par Amadou Ba\u00a0 - LE PUBLIC\",\"isPartOf\":{\"@id\":\"https:\/\/www.public.sn\/#website\"},\"primaryImageOfPage\":{\"@id\":\"https:\/\/www.public.sn\/index.php\/2024\/05\/25\/apr-une-decision-surprenante-prise-par-amadou-ba\/#primaryimage\"},\"image\":{\"@id\":\"https:\/\/www.public.sn\/index.php\/2024\/05\/25\/apr-une-decision-surprenante-prise-par-amadou-ba\/#primaryimage\"},\"thumbnailUrl\":\"https:\/\/www.public.sn\/wp-content\/uploads\/2024\/05\/13780040463_8c3bbaeef7_k-e1701869170266-1200x800-1.jpeg\",\"datePublished\":\"2024-05-25T17:02:26+00:00\",\"breadcrumb\":{\"@id\":\"https:\/\/www.public.sn\/index.php\/2024\/05\/25\/apr-une-decision-surprenante-prise-par-amadou-ba\/#breadcrumb\"},\"inLanguage\":\"fr-FR\",\"potentialAction\":[{\"@type\":\"ReadAction\",\"target\":[\"https:\/\/www.public.sn\/index.php\/2024\/05\/25\/apr-une-decision-surprenante-prise-par-amadou-ba\/\"]}]},{\"@type\":\"ImageObject\",\"inLanguage\":\"fr-FR\",\"@id\":\"https:\/\/www.public.sn\/index.php\/2024\/05\/25\/apr-une-decision-surprenante-prise-par-amadou-ba\/#primaryimage\",\"url\":\"https:\/\/www.public.sn\/wp-content\/uploads\/2024\/05\/13780040463_8c3bbaeef7_k-e1701869170266-1200x800-1.jpeg\",\"contentUrl\":\"https:\/\/www.public.sn\/wp-content\/uploads\/2024\/05\/13780040463_8c3bbaeef7_k-e1701869170266-1200x800-1.jpeg\",\"width\":1200,\"height\":800},{\"@type\":\"BreadcrumbList\",\"@id\":\"https:\/\/www.public.sn\/index.php\/2024\/05\/25\/apr-une-decision-surprenante-prise-par-amadou-ba\/#breadcrumb\",\"itemListElement\":[{\"@type\":\"ListItem\",\"position\":1,\"name\":\"Accueil\",\"item\":\"https:\/\/www.public.sn\/\"},{\"@type\":\"ListItem\",\"position\":2,\"name\":\"APR : Une d\u00e9cision surprenante prise par Amadou Ba\u00a0\"}]},{\"@type\":\"WebSite\",\"@id\":\"https:\/\/www.public.sn\/#website\",\"url\":\"https:\/\/www.public.sn\/\",\"name\":\"LE PUBLIC\",\"description\":\"\",\"publisher\":{\"@id\":\"https:\/\/www.public.sn\/#organization\"},\"potentialAction\":[{\"@type\":\"SearchAction\",\"target\":{\"@type\":\"EntryPoint\",\"urlTemplate\":\"https:\/\/www.public.sn\/?s={search_term_string}\"},\"query-input\":{\"@type\":\"PropertyValueSpecification\",\"valueRequired\":true,\"valueName\":\"search_term_string\"}}],\"inLanguage\":\"fr-FR\"},{\"@type\":\"Organization\",\"@id\":\"https:\/\/www.public.sn\/#organization\",\"name\":\"LE PUBLIC\",\"url\":\"https:\/\/www.public.sn\/\",\"logo\":{\"@type\":\"ImageObject\",\"inLanguage\":\"fr-FR\",\"@id\":\"https:\/\/www.public.sn\/#\/schema\/logo\/image\/\",\"url\":\"https:\/\/www.public.sn\/wp-content\/uploads\/2024\/05\/cropped-LOGO-PUBLIC.SN_.png\",\"contentUrl\":\"https:\/\/www.public.sn\/wp-content\/uploads\/2024\/05\/cropped-LOGO-PUBLIC.SN_.png\",\"width\":682,\"height\":192,\"caption\":\"LE PUBLIC\"},\"image\":{\"@id\":\"https:\/\/www.public.sn\/#\/schema\/logo\/image\/\"}},{\"@type\":\"Person\",\"@id\":\"https:\/\/www.public.sn\/#\/schema\/person\/f77cd9ce05d8fb925eb038378ee6899d\",\"name\":\"Baye Amath THIAM\",\"image\":{\"@type\":\"ImageObject\",\"inLanguage\":\"fr-FR\",\"@id\":\"https:\/\/www.public.sn\/#\/schema\/person\/image\/\",\"url\":\"https:\/\/secure.gravatar.com\/avatar\/7eb863ef1336b6f8a2ad921469701e52f094a61c698fab02f5af742ed813612d?s=96&d=mm&r=g\",\"contentUrl\":\"https:\/\/secure.gravatar.com\/avatar\/7eb863ef1336b6f8a2ad921469701e52f094a61c698fab02f5af742ed813612d?s=96&d=mm&r=g\",\"caption\":\"Baye Amath THIAM\"},\"url\":\"https:\/\/www.public.sn\/index.php\/author\/thiamba24\/\"}]}<\/script>\n<!-- \/ Yoast SEO plugin. -->","yoast_head_json":{"title":"APR : Une d\u00e9cision surprenante prise par Amadou Ba\u00a0 - LE PUBLIC","robots":{"index":"index","follow":"follow","max-snippet":"max-snippet:-1","max-image-preview":"max-image-preview:large","max-video-preview":"max-video-preview:-1"},"canonical":"https:\/\/www.public.sn\/index.php\/2024\/05\/25\/apr-une-decision-surprenante-prise-par-amadou-ba\/","og_locale":"fr_FR","og_type":"article","og_title":"APR : Une d\u00e9cision surprenante prise par Amadou Ba\u00a0 - LE PUBLIC","og_description":"Une sortie de l\u2019ancien Premier ministre et candidat malheureux \u00e0 la Pr\u00e9sidentielle du 24 mars dernier est toujours attendue surtout en ce qui concerne son avenir politique et ses objectifs \u00e0 atteindre Repris par le quotidien L\u2019AS, l\u2019ancien parlementaire Cheikh Oumar Sy annonce toutefois qu\u2019Amadou Ba a d\u00e9j\u00e0 pris sa d\u00e9cision. \u00ab Il va rester dans l\u2019opposition \u00bb mais, \u00ab pour assumer cette posture, il va quitter l\u2019Alliance pour la R\u00e9publique (APR) \u00bb, d\u00e9clare Oumar Sy. Selon lui:\u00ab Je consid\u00e8re que Amadou Ba n\u2019a aucun avenir dans (l\u2019APR), d\u00e9fend-il. Il peut entra\u00eener avec lui beaucoup de formations politiques de Benno Bokk Yakaar. Puis, il peut r\u00e9unir une bonne partie de l\u2019opposition. Amadou Ba est pr\u00eat \u00e0 assumer son r\u00f4le de chef de l\u2019opposition. Maintenant, il va falloir le mat\u00e9rialiser pour pr\u00e9parer les \u00e9lections l\u00e9gislatives.\u00bb affirme-t-il Le d\u00e9put\u00e9 de la douzi\u00e8me l\u00e9gislature (2012-2017) \u00e9tait l\u2019invit\u00e9 de l\u2019\u00e9mission pulaar \u00ab Fandu \u00bb sur la cha\u00eene L\u2019AS TV.","og_url":"https:\/\/www.public.sn\/index.php\/2024\/05\/25\/apr-une-decision-surprenante-prise-par-amadou-ba\/","og_site_name":"LE PUBLIC","article_published_time":"2024-05-25T17:02:26+00:00","og_image":[{"width":1200,"height":800,"url":"https:\/\/www.public.sn\/wp-content\/uploads\/2024\/05\/13780040463_8c3bbaeef7_k-e1701869170266-1200x800-1.jpeg","type":"image\/jpeg"}],"author":"Baye Amath THIAM","twitter_card":"summary_large_image","twitter_misc":{"\u00c9crit par":"Baye Amath THIAM","Dur\u00e9e de lecture estim\u00e9e":"1 minute"},"schema":{"@context":"https:\/\/schema.org","@graph":[{"@type":"Article","@id":"https:\/\/www.public.sn\/index.php\/2024\/05\/25\/apr-une-decision-surprenante-prise-par-amadou-ba\/#article","isPartOf":{"@id":"https:\/\/www.public.sn\/index.php\/2024\/05\/25\/apr-une-decision-surprenante-prise-par-amadou-ba\/"},"author":{"name":"Baye Amath THIAM","@id":"https:\/\/www.public.sn\/#\/schema\/person\/f77cd9ce05d8fb925eb038378ee6899d"},"headline":"APR : Une d\u00e9cision surprenante prise par Amadou Ba\u00a0","datePublished":"2024-05-25T17:02:26+00:00","mainEntityOfPage":{"@id":"https:\/\/www.public.sn\/index.php\/2024\/05\/25\/apr-une-decision-surprenante-prise-par-amadou-ba\/"},"wordCount":185,"commentCount":0,"publisher":{"@id":"https:\/\/www.public.sn\/#organization"},"image":{"@id":"https:\/\/www.public.sn\/index.php\/2024\/05\/25\/apr-une-decision-surprenante-prise-par-amadou-ba\/#primaryimage"},"thumbnailUrl":"https:\/\/www.public.sn\/wp-content\/uploads\/2024\/05\/13780040463_8c3bbaeef7_k-e1701869170266-1200x800-1.jpeg","keywords":["Amadou Ba","Apr","Cheikh Oumar Sy","D\u00e9missionner","Quitter"],"articleSection":["ACTUALIT\u00c9S","AFRIQUE &amp; MONDE","POLITIQUE","S\u00c9N\u00c9GAL"],"inLanguage":"fr-FR","potentialAction":[{"@type":"CommentAction","name":"Comment","target":["https:\/\/www.public.sn\/index.php\/2024\/05\/25\/apr-une-decision-surprenante-prise-par-amadou-ba\/#respond"]}]},{"@type":"WebPage","@id":"https:\/\/www.public.sn\/index.php\/2024\/05\/25\/apr-une-decision-surprenante-prise-par-amadou-ba\/","url":"https:\/\/www.public.sn\/index.php\/2024\/05\/25\/apr-une-decision-surprenante-prise-par-amadou-ba\/","name":"APR : Une d\u00e9cision surprenante prise par Amadou Ba\u00a0 - LE PUBLIC","isPartOf":{"@id":"https:\/\/www.public.sn\/#website"},"primaryImageOfPage":{"@id":"https:\/\/www.public.sn\/index.php\/2024\/05\/25\/apr-une-decision-surprenante-prise-par-amadou-ba\/#primaryimage"},"image":{"@id":"https:\/\/www.public.sn\/index.php\/2024\/05\/25\/apr-une-decision-surprenante-prise-par-amadou-ba\/#primaryimage"},"thumbnailUrl":"https:\/\/www.public.sn\/wp-content\/uploads\/2024\/05\/13780040463_8c3bbaeef7_k-e1701869170266-1200x800-1.jpeg","datePublished":"2024-05-25T17:02:26+00:00","breadcrumb":{"@id":"https:\/\/www.public.sn\/index.php\/2024\/05\/25\/apr-une-decision-surprenante-prise-par-amadou-ba\/#breadcrumb"},"inLanguage":"fr-FR","potentialAction":[{"@type":"ReadAction","target":["https:\/\/www.public.sn\/index.php\/2024\/05\/25\/apr-une-decision-surprenante-prise-par-amadou-ba\/"]}]},{"@type":"ImageObject","inLanguage":"fr-FR","@id":"https:\/\/www.public.sn\/index.php\/2024\/05\/25\/apr-une-decision-surprenante-prise-par-amadou-ba\/#primaryimage","url":"https:\/\/www.public.sn\/wp-content\/uploads\/2024\/05\/13780040463_8c3bbaeef7_k-e1701869170266-1200x800-1.jpeg","contentUrl":"https:\/\/www.public.sn\/wp-content\/uploads\/2024\/05\/13780040463_8c3bbaeef7_k-e1701869170266-1200x800-1.jpeg","width":1200,"height":800},{"@type":"BreadcrumbList","@id":"https:\/\/www.public.sn\/index.php\/2024\/05\/25\/apr-une-decision-surprenante-prise-par-amadou-ba\/#breadcrumb","itemListElement":[{"@type":"ListItem","position":1,"name":"Accueil","item":"https:\/\/www.public.sn\/"},{"@type":"ListItem","position":2,"name":"APR : Une d\u00e9cision surprenante prise par Amadou Ba\u00a0"}]},{"@type":"WebSite","@id":"https:\/\/www.public.sn\/#website","url":"https:\/\/www.public.sn\/","name":"LE PUBLIC","description":"","publisher":{"@id":"https:\/\/www.public.sn\/#organization"},"potentialAction":[{"@type":"SearchAction","target":{"@type":"EntryPoint","urlTemplate":"https:\/\/www.public.sn\/?s={search_term_string}"},"query-input":{"@type":"PropertyValueSpecification","valueRequired":true,"valueName":"search_term_string"}}],"inLanguage":"fr-FR"},{"@type":"Organization","@id":"https:\/\/www.public.sn\/#organization","name":"LE PUBLIC","url":"https:\/\/www.public.sn\/","logo":{"@type":"ImageObject","inLanguage":"fr-FR","@id":"https:\/\/www.public.sn\/#\/schema\/logo\/image\/","url":"https:\/\/www.public.sn\/wp-content\/uploads\/2024\/05\/cropped-LOGO-PUBLIC.SN_.png","contentUrl":"https:\/\/www.public.sn\/wp-content\/uploads\/2024\/05\/cropped-LOGO-PUBLIC.SN_.png","width":682,"height":192,"caption":"LE PUBLIC"},"image":{"@id":"https:\/\/www.public.sn\/#\/schema\/logo\/image\/"}},{"@type":"Person","@id":"https:\/\/www.public.sn\/#\/schema\/person\/f77cd9ce05d8fb925eb038378ee6899d","name":"Baye Amath THIAM","image":{"@type":"ImageObject","inLanguage":"fr-FR","@id":"https:\/\/www.public.sn\/#\/schema\/person\/image\/","url":"https:\/\/secure.gravatar.com\/avatar\/7eb863ef1336b6f8a2ad921469701e52f094a61c698fab02f5af742ed813612d?s=96&d=mm&r=g","contentUrl":"https:\/\/secure.gravatar.com\/avatar\/7eb863ef1336b6f8a2ad921469701e52f094a61c698fab02f5af742ed813612d?s=96&d=mm&r=g","caption":"Baye Amath THIAM"},"url":"https:\/\/www.public.sn\/index.php\/author\/thiamba24\/"}]}},"jetpack_featured_media_url":"https:\/\/www.public.sn\/wp-content\/uploads\/2024\/05\/13780040463_8c3bbaeef7_k-e1701869170266-1200x800-1.jpeg","jetpack_sharing_enabled":true,"_links":{"self":[{"href":"https:\/\/www.public.sn\/index.php\/wp-json\/wp\/v2\/posts\/32897","targetHints":{"allow":["GET"]}}],"collection":[{"href":"https:\/\/www.public.sn\/index.php\/wp-json\/wp\/v2\/posts"}],"about":[{"href":"https:\/\/www.public.sn\/index.php\/wp-json\/wp\/v2\/types\/post"}],"author":[{"embeddable":true,"href":"https:\/\/www.public.sn\/index.php\/wp-json\/wp\/v2\/users\/15"}],"replies":[{"embeddable":true,"href":"https:\/\/www.public.sn\/index.php\/wp-json\/wp\/v2\/comments?post=32897"}],"version-history":[{"count":1,"href":"https:\/\/www.public.sn\/index.php\/wp-json\/wp\/v2\/posts\/32897\/revisions"}],"predecessor-version":[{"id":32899,"href":"https:\/\/www.public.sn\/index.php\/wp-json\/wp\/v2\/posts\/32897\/revisions\/32899"}],"wp:featuredmedia":[{"embeddable":true,"href":"https:\/\/www.public.sn\/index.php\/wp-json\/wp\/v2\/media\/32898"}],"wp:attachment":[{"href":"https:\/\/www.public.sn\/index.php\/wp-json\/wp\/v2\/media?parent=32897"}],"wp:term":[{"taxonomy":"category","embeddable":true,"href":"https:\/\/www.public.sn\/index.php\/wp-json\/wp\/v2\/categories?post=32897"},{"taxonomy":"post_tag","embeddable":true,"href":"https:\/\/www.public.sn\/index.php\/wp-json\/wp\/v2\/tags?post=32897"}],"curies":[{"name":"wp","href":"https:\/\/api.w.org\/{rel}","templated":true}]}}