{"id":32912,"date":"2024-05-26T18:05:54","date_gmt":"2024-05-26T18:05:54","guid":{"rendered":"https:\/\/www.public.sn\/?p=32912"},"modified":"2024-05-26T18:05:54","modified_gmt":"2024-05-26T18:05:54","slug":"assises-de-la-justice-un-attentat-contre-la-republique","status":"publish","type":"post","link":"https:\/\/www.public.sn\/index.php\/2024\/05\/26\/assises-de-la-justice-un-attentat-contre-la-republique\/","title":{"rendered":"Assises de la justice: Un attentat contre la R\u00e9publique&#8230;"},"content":{"rendered":"<p>Dans sa premi\u00e8re adresse \u00e0 la Nation, en tant que chef de l\u2019Etat, Monsieur Bassirou Diomaye Faye a prononc\u00e9 un discours irrespectueux de la s\u00e9paration des pouvoirs et de l\u2019ind\u00e9pendance de la justice. En annon\u00e7ant la tenue des \u00abAssises\u00bb du syst\u00e8me judiciaire pour redorer son blason et le r\u00e9concilier avec le peuple, le Pr\u00e9sident Diomaye Faye a outrepass\u00e9 ses pr\u00e9rogatives r\u00e9galiennes.<\/p><div class=\"publi-paragraphe1\" style=\"margin-top: 10px;margin-bottom: 10px;margin-left: auto;margin-right: auto;text-align: center;\" id=\"publi-4055507518\"><div class=\"publi-adlabel\">Publicit\u00e9<\/div><script async src=\"\/\/pagead2.googlesyndication.com\/pagead\/js\/adsbygoogle.js?client=ca-pub-4089586018074219\" crossorigin=\"anonymous\"><\/script><ins class=\"adsbygoogle\" style=\"display:block;\" data-ad-client=\"ca-pub-4089586018074219\" \ndata-ad-slot=\"2087940154\" \ndata-ad-format=\"auto\"><\/ins>\n<script> \n(adsbygoogle = window.adsbygoogle || []).push({}); \n<\/script>\n<\/div>\n<p>Monsieur Diomaye Faye ignore manifestement qu\u2019au S\u00e9n\u00e9gal la Constitution d\u00e9signe la Justice comme un pouvoir ind\u00e9pendant de l\u2019Ex\u00e9cutif et non comme une administration d\u2019Etat.<\/p>\n<p>Notre charte fondamentale dispose, en effet, que \u00ab Le pouvoir judiciaire est ind\u00e9pendant du pouvoir l\u00e9gislatif et du pouvoir ex\u00e9cutif. Il est exerc\u00e9 par le Conseil constitutionnel, la Cour supr\u00eame, la Cour des Comptes et les Cours et Tribunaux \u00bb.<\/p>\n<p>Il est incongru voire g\u00eanant de devoir rappeler au Gardien de la Constitution que le S\u00e9n\u00e9gal est une R\u00e9publique dont le principe fondateur est la s\u00e9paration des pouvoirs.<br \/>\nIl ne peut dicter aux juges ce qu\u2019ils doivent faire.<\/p>\n<p>La t\u00e2che de r\u00e9former et moderniser la justice incombe aux Pr\u00e9sidents du Conseil constitutionnel, de la Cour supr\u00eame et de la Cour des comptes et \u00e0 la famille judiciaire.<\/p>\n<p>En plus d\u2019\u00eatre une profanation de la Constitution, les Assises constituent une insulte \u00e0 la magistrature et \u00e0 toute la famille judiciaire en ce sens que le Pr\u00e9sident Diomaye Faye a invit\u00e9 d\u2019anciens d\u00e9tenus pour crimes parmi lesquels un des assassins de Me Babacar Seye, Juge constitutionnel et par ailleurs \u00e9minent membre du Barreau du S\u00e9n\u00e9gal et d\u2019autres voyous arr\u00eat\u00e9s lors de l\u2019insurrection de votre parti le Pastef.<\/p>\n<p>La longue liste de participants permet aussi de retrouver tous ceux qui s\u2019\u00e9taient engag\u00e9s pour le Pastef tout en ne s\u2019assumant pas.<\/p>\n<p>Ils se disaient membres de la soci\u00e9t\u00e9 civile, universitaires, chercheurs, activistes, etc.<\/p>\n<p>Nous les retrouvons ici pris en flagrant d\u00e9lit de conflit d\u2019int\u00e9r\u00eat r\u00e9troactif.<\/p>\n<p>L\u2019Ums, l\u2019ordre des avocats et les syndicats de greffiers doivent exiger l\u2019annulation de ce cirque populiste.<\/p>\n<p>Ce que le pouvoir judiciaire attend du Pr\u00e9sident de la R\u00e9publique Diomaye Faye c\u2019est d\u2019accro\u00eetre ses moyens humains et mat\u00e9riels pour mieux remplir son r\u00f4le de gardien des libert\u00e9s des citoyens face au pouvoir politique.<\/p>\n<p>La justice n\u2019est pas une administration d\u2019Etat mais un pouvoir ind\u00e9pendant. Il lui revient le r\u00f4le de prot\u00e9ger les citoyens contre les abus des gouvernements et non de plaire aux politiciens fussent-ils au pouvoir.<\/p>\n<p>Vive la R\u00e9publique !<\/p>\n<p>Vive le S\u00e9n\u00e9gal !<\/p>\n<p>Dakar, le 26 mai 2024<\/p>\n<p><b>Moustapha Diakhat\u00e9<\/b><\/p>\n<div class=\"publi-apres-le-contenu\" style=\"margin-top: 10px;margin-bottom: 10px;margin-left: auto;margin-right: auto;text-align: center;\" id=\"publi-77325810\"><div class=\"publi-adlabel\">Publicit\u00e9<\/div><script async src=\"\/\/pagead2.googlesyndication.com\/pagead\/js\/adsbygoogle.js?client=ca-pub-4089586018074219\" crossorigin=\"anonymous\"><\/script><ins class=\"adsbygoogle\" style=\"display:block;\" data-ad-client=\"ca-pub-4089586018074219\" \ndata-ad-slot=\"2087940154\" \ndata-ad-format=\"auto\"><\/ins>\n<script> \n(adsbygoogle = window.adsbygoogle || []).push({}); \n<\/script>\n<\/div>","protected":false},"excerpt":{"rendered":"<p>Dans sa premi\u00e8re adresse \u00e0 la Nation, en tant que chef de l\u2019Etat, Monsieur Bassirou Diomaye Faye a prononc\u00e9 un discours irrespectueux de la s\u00e9paration des pouvoirs et de l\u2019ind\u00e9pendance de la justice. En annon\u00e7ant la tenue des \u00abAssises\u00bb du syst\u00e8me judiciaire pour redorer son blason et le r\u00e9concilier avec le peuple, le Pr\u00e9sident Diomaye Faye a outrepass\u00e9 ses pr\u00e9rogatives r\u00e9galiennes. Monsieur Diomaye Faye ignore manifestement qu\u2019au S\u00e9n\u00e9gal la Constitution d\u00e9signe la Justice comme un pouvoir ind\u00e9pendant de l\u2019Ex\u00e9cutif et non comme une administration d\u2019Etat. Notre charte fondamentale dispose, en effet, que \u00ab Le pouvoir judiciaire est ind\u00e9pendant du pouvoir l\u00e9gislatif et du pouvoir ex\u00e9cutif. Il est exerc\u00e9 par le Conseil constitutionnel, la Cour supr\u00eame, la Cour des Comptes et les Cours et Tribunaux \u00bb. Il est incongru voire g\u00eanant de devoir rappeler au Gardien de la Constitution que le S\u00e9n\u00e9gal est une R\u00e9publique dont le principe fondateur est la s\u00e9paration des pouvoirs. Il ne peut dicter aux juges ce qu\u2019ils doivent faire. La t\u00e2che de r\u00e9former et moderniser la justice incombe aux Pr\u00e9sidents du Conseil constitutionnel, de la Cour supr\u00eame et de la Cour des comptes et \u00e0 la famille judiciaire. En plus d\u2019\u00eatre une profanation de la Constitution, les Assises constituent une insulte \u00e0 la magistrature et \u00e0 toute la famille judiciaire en ce sens que le Pr\u00e9sident Diomaye Faye a invit\u00e9 d\u2019anciens d\u00e9tenus pour crimes parmi lesquels un des assassins de Me Babacar Seye, Juge constitutionnel et par ailleurs \u00e9minent membre du Barreau du S\u00e9n\u00e9gal et d\u2019autres voyous arr\u00eat\u00e9s lors de l\u2019insurrection de votre parti le Pastef. La longue liste de participants permet aussi de retrouver tous ceux qui s\u2019\u00e9taient engag\u00e9s pour le Pastef tout en ne s\u2019assumant pas. Ils se disaient membres de la soci\u00e9t\u00e9 civile, universitaires, chercheurs, activistes, etc. Nous les retrouvons ici pris en flagrant d\u00e9lit de conflit d\u2019int\u00e9r\u00eat r\u00e9troactif. L\u2019Ums, l\u2019ordre des avocats et les syndicats de greffiers doivent exiger l\u2019annulation de ce cirque populiste. Ce que le pouvoir judiciaire attend du Pr\u00e9sident de la R\u00e9publique Diomaye Faye c\u2019est d\u2019accro\u00eetre ses moyens humains et mat\u00e9riels pour mieux remplir son r\u00f4le de gardien des libert\u00e9s des citoyens face au pouvoir politique. La justice n\u2019est pas une administration d\u2019Etat mais un pouvoir ind\u00e9pendant. Il lui revient le r\u00f4le de prot\u00e9ger les citoyens contre les abus des gouvernements et non de plaire aux politiciens fussent-ils au pouvoir. Vive la R\u00e9publique ! Vive le S\u00e9n\u00e9gal ! Dakar, le 26 mai 2024 Moustapha Diakhat\u00e9<\/p>\n","protected":false},"author":15,"featured_media":32913,"comment_status":"open","ping_status":"open","sticky":false,"template":"","format":"standard","meta":{"_jetpack_memberships_contains_paid_content":false,"footnotes":""},"categories":[375,550,3724,3,376,1],"tags":[3678,24,2606,525,716],"class_list":["post-32912","post","type-post","status-publish","format-standard","has-post-thumbnail","hentry","category-actualites","category-afrique-monde","category-justice","category-politique","category-securite-justice","category-non-classe","tag-bassirou-diomaye-faye","tag-justice","tag-moustapha-diakhate","tag-paix","tag-president","entry","has-media","owp-thumbs-layout-horizontal","owp-btn-normal","owp-tabs-layout-horizontal","has-no-thumbnails","has-product-nav"],"yoast_head":"<!-- This site is optimized with the Yoast SEO plugin v25.5 - https:\/\/yoast.com\/wordpress\/plugins\/seo\/ -->\n<title>Assises de la justice: Un attentat contre la R\u00e9publique... - LE PUBLIC<\/title>\n<meta name=\"robots\" content=\"index, follow, max-snippet:-1, max-image-preview:large, max-video-preview:-1\" \/>\n<link rel=\"canonical\" href=\"https:\/\/www.public.sn\/index.php\/2024\/05\/26\/assises-de-la-justice-un-attentat-contre-la-republique\/\" \/>\n<meta property=\"og:locale\" content=\"fr_FR\" \/>\n<meta property=\"og:type\" content=\"article\" \/>\n<meta property=\"og:title\" content=\"Assises de la justice: Un attentat contre la R\u00e9publique... - LE PUBLIC\" \/>\n<meta property=\"og:description\" content=\"Dans sa premi\u00e8re adresse \u00e0 la Nation, en tant que chef de l\u2019Etat, Monsieur Bassirou Diomaye Faye a prononc\u00e9 un discours irrespectueux de la s\u00e9paration des pouvoirs et de l\u2019ind\u00e9pendance de la justice. En annon\u00e7ant la tenue des \u00abAssises\u00bb du syst\u00e8me judiciaire pour redorer son blason et le r\u00e9concilier avec le peuple, le Pr\u00e9sident Diomaye Faye a outrepass\u00e9 ses pr\u00e9rogatives r\u00e9galiennes. Monsieur Diomaye Faye ignore manifestement qu\u2019au S\u00e9n\u00e9gal la Constitution d\u00e9signe la Justice comme un pouvoir ind\u00e9pendant de l\u2019Ex\u00e9cutif et non comme une administration d\u2019Etat. Notre charte fondamentale dispose, en effet, que \u00ab Le pouvoir judiciaire est ind\u00e9pendant du pouvoir l\u00e9gislatif et du pouvoir ex\u00e9cutif. Il est exerc\u00e9 par le Conseil constitutionnel, la Cour supr\u00eame, la Cour des Comptes et les Cours et Tribunaux \u00bb. Il est incongru voire g\u00eanant de devoir rappeler au Gardien de la Constitution que le S\u00e9n\u00e9gal est une R\u00e9publique dont le principe fondateur est la s\u00e9paration des pouvoirs. Il ne peut dicter aux juges ce qu\u2019ils doivent faire. La t\u00e2che de r\u00e9former et moderniser la justice incombe aux Pr\u00e9sidents du Conseil constitutionnel, de la Cour supr\u00eame et de la Cour des comptes et \u00e0 la famille judiciaire. En plus d\u2019\u00eatre une profanation de la Constitution, les Assises constituent une insulte \u00e0 la magistrature et \u00e0 toute la famille judiciaire en ce sens que le Pr\u00e9sident Diomaye Faye a invit\u00e9 d\u2019anciens d\u00e9tenus pour crimes parmi lesquels un des assassins de Me Babacar Seye, Juge constitutionnel et par ailleurs \u00e9minent membre du Barreau du S\u00e9n\u00e9gal et d\u2019autres voyous arr\u00eat\u00e9s lors de l\u2019insurrection de votre parti le Pastef. La longue liste de participants permet aussi de retrouver tous ceux qui s\u2019\u00e9taient engag\u00e9s pour le Pastef tout en ne s\u2019assumant pas. Ils se disaient membres de la soci\u00e9t\u00e9 civile, universitaires, chercheurs, activistes, etc. Nous les retrouvons ici pris en flagrant d\u00e9lit de conflit d\u2019int\u00e9r\u00eat r\u00e9troactif. L\u2019Ums, l\u2019ordre des avocats et les syndicats de greffiers doivent exiger l\u2019annulation de ce cirque populiste. Ce que le pouvoir judiciaire attend du Pr\u00e9sident de la R\u00e9publique Diomaye Faye c\u2019est d\u2019accro\u00eetre ses moyens humains et mat\u00e9riels pour mieux remplir son r\u00f4le de gardien des libert\u00e9s des citoyens face au pouvoir politique. La justice n\u2019est pas une administration d\u2019Etat mais un pouvoir ind\u00e9pendant. Il lui revient le r\u00f4le de prot\u00e9ger les citoyens contre les abus des gouvernements et non de plaire aux politiciens fussent-ils au pouvoir. Vive la R\u00e9publique ! Vive le S\u00e9n\u00e9gal ! Dakar, le 26 mai 2024 Moustapha Diakhat\u00e9\" \/>\n<meta property=\"og:url\" content=\"https:\/\/www.public.sn\/index.php\/2024\/05\/26\/assises-de-la-justice-un-attentat-contre-la-republique\/\" \/>\n<meta property=\"og:site_name\" content=\"LE PUBLIC\" \/>\n<meta property=\"article:published_time\" content=\"2024-05-26T18:05:54+00:00\" \/>\n<meta property=\"og:image\" content=\"https:\/\/www.public.sn\/wp-content\/uploads\/2024\/05\/Moustapha-Diakhate.png\" \/>\n\t<meta property=\"og:image:width\" content=\"1153\" \/>\n\t<meta property=\"og:image:height\" content=\"648\" \/>\n\t<meta property=\"og:image:type\" content=\"image\/png\" \/>\n<meta name=\"author\" content=\"Baye Amath THIAM\" \/>\n<meta name=\"twitter:card\" content=\"summary_large_image\" \/>\n<meta name=\"twitter:label1\" content=\"\u00c9crit par\" \/>\n\t<meta name=\"twitter:data1\" content=\"Baye Amath THIAM\" \/>\n\t<meta name=\"twitter:label2\" content=\"Dur\u00e9e de lecture estim\u00e9e\" \/>\n\t<meta name=\"twitter:data2\" content=\"3 minutes\" \/>\n<script type=\"application\/ld+json\" class=\"yoast-schema-graph\">{\"@context\":\"https:\/\/schema.org\",\"@graph\":[{\"@type\":\"Article\",\"@id\":\"https:\/\/www.public.sn\/index.php\/2024\/05\/26\/assises-de-la-justice-un-attentat-contre-la-republique\/#article\",\"isPartOf\":{\"@id\":\"https:\/\/www.public.sn\/index.php\/2024\/05\/26\/assises-de-la-justice-un-attentat-contre-la-republique\/\"},\"author\":{\"name\":\"Baye Amath THIAM\",\"@id\":\"https:\/\/www.public.sn\/#\/schema\/person\/f77cd9ce05d8fb925eb038378ee6899d\"},\"headline\":\"Assises de la justice: Un attentat contre la R\u00e9publique&#8230;\",\"datePublished\":\"2024-05-26T18:05:54+00:00\",\"mainEntityOfPage\":{\"@id\":\"https:\/\/www.public.sn\/index.php\/2024\/05\/26\/assises-de-la-justice-un-attentat-contre-la-republique\/\"},\"wordCount\":477,\"commentCount\":0,\"publisher\":{\"@id\":\"https:\/\/www.public.sn\/#organization\"},\"image\":{\"@id\":\"https:\/\/www.public.sn\/index.php\/2024\/05\/26\/assises-de-la-justice-un-attentat-contre-la-republique\/#primaryimage\"},\"thumbnailUrl\":\"https:\/\/www.public.sn\/wp-content\/uploads\/2024\/05\/Moustapha-Diakhate.png\",\"keywords\":[\"bassirou diomaye faye\",\"Justice\",\"moustapha diakhate\",\"Paix\",\"Pr\u00e9sident\"],\"articleSection\":[\"ACTUALIT\u00c9S\",\"AFRIQUE &amp; MONDE\",\"justice\",\"POLITIQUE\",\"S\u00c9CURIT\u00c9 &amp; JUSTICE\",\"S\u00c9N\u00c9GAL\"],\"inLanguage\":\"fr-FR\",\"potentialAction\":[{\"@type\":\"CommentAction\",\"name\":\"Comment\",\"target\":[\"https:\/\/www.public.sn\/index.php\/2024\/05\/26\/assises-de-la-justice-un-attentat-contre-la-republique\/#respond\"]}]},{\"@type\":\"WebPage\",\"@id\":\"https:\/\/www.public.sn\/index.php\/2024\/05\/26\/assises-de-la-justice-un-attentat-contre-la-republique\/\",\"url\":\"https:\/\/www.public.sn\/index.php\/2024\/05\/26\/assises-de-la-justice-un-attentat-contre-la-republique\/\",\"name\":\"Assises de la justice: Un attentat contre la R\u00e9publique... - LE PUBLIC\",\"isPartOf\":{\"@id\":\"https:\/\/www.public.sn\/#website\"},\"primaryImageOfPage\":{\"@id\":\"https:\/\/www.public.sn\/index.php\/2024\/05\/26\/assises-de-la-justice-un-attentat-contre-la-republique\/#primaryimage\"},\"image\":{\"@id\":\"https:\/\/www.public.sn\/index.php\/2024\/05\/26\/assises-de-la-justice-un-attentat-contre-la-republique\/#primaryimage\"},\"thumbnailUrl\":\"https:\/\/www.public.sn\/wp-content\/uploads\/2024\/05\/Moustapha-Diakhate.png\",\"datePublished\":\"2024-05-26T18:05:54+00:00\",\"breadcrumb\":{\"@id\":\"https:\/\/www.public.sn\/index.php\/2024\/05\/26\/assises-de-la-justice-un-attentat-contre-la-republique\/#breadcrumb\"},\"inLanguage\":\"fr-FR\",\"potentialAction\":[{\"@type\":\"ReadAction\",\"target\":[\"https:\/\/www.public.sn\/index.php\/2024\/05\/26\/assises-de-la-justice-un-attentat-contre-la-republique\/\"]}]},{\"@type\":\"ImageObject\",\"inLanguage\":\"fr-FR\",\"@id\":\"https:\/\/www.public.sn\/index.php\/2024\/05\/26\/assises-de-la-justice-un-attentat-contre-la-republique\/#primaryimage\",\"url\":\"https:\/\/www.public.sn\/wp-content\/uploads\/2024\/05\/Moustapha-Diakhate.png\",\"contentUrl\":\"https:\/\/www.public.sn\/wp-content\/uploads\/2024\/05\/Moustapha-Diakhate.png\",\"width\":1153,\"height\":648},{\"@type\":\"BreadcrumbList\",\"@id\":\"https:\/\/www.public.sn\/index.php\/2024\/05\/26\/assises-de-la-justice-un-attentat-contre-la-republique\/#breadcrumb\",\"itemListElement\":[{\"@type\":\"ListItem\",\"position\":1,\"name\":\"Accueil\",\"item\":\"https:\/\/www.public.sn\/\"},{\"@type\":\"ListItem\",\"position\":2,\"name\":\"Assises de la justice: Un attentat contre la R\u00e9publique&#8230;\"}]},{\"@type\":\"WebSite\",\"@id\":\"https:\/\/www.public.sn\/#website\",\"url\":\"https:\/\/www.public.sn\/\",\"name\":\"LE PUBLIC\",\"description\":\"\",\"publisher\":{\"@id\":\"https:\/\/www.public.sn\/#organization\"},\"potentialAction\":[{\"@type\":\"SearchAction\",\"target\":{\"@type\":\"EntryPoint\",\"urlTemplate\":\"https:\/\/www.public.sn\/?s={search_term_string}\"},\"query-input\":{\"@type\":\"PropertyValueSpecification\",\"valueRequired\":true,\"valueName\":\"search_term_string\"}}],\"inLanguage\":\"fr-FR\"},{\"@type\":\"Organization\",\"@id\":\"https:\/\/www.public.sn\/#organization\",\"name\":\"LE PUBLIC\",\"url\":\"https:\/\/www.public.sn\/\",\"logo\":{\"@type\":\"ImageObject\",\"inLanguage\":\"fr-FR\",\"@id\":\"https:\/\/www.public.sn\/#\/schema\/logo\/image\/\",\"url\":\"https:\/\/www.public.sn\/wp-content\/uploads\/2024\/05\/cropped-LOGO-PUBLIC.SN_.png\",\"contentUrl\":\"https:\/\/www.public.sn\/wp-content\/uploads\/2024\/05\/cropped-LOGO-PUBLIC.SN_.png\",\"width\":682,\"height\":192,\"caption\":\"LE PUBLIC\"},\"image\":{\"@id\":\"https:\/\/www.public.sn\/#\/schema\/logo\/image\/\"}},{\"@type\":\"Person\",\"@id\":\"https:\/\/www.public.sn\/#\/schema\/person\/f77cd9ce05d8fb925eb038378ee6899d\",\"name\":\"Baye Amath THIAM\",\"image\":{\"@type\":\"ImageObject\",\"inLanguage\":\"fr-FR\",\"@id\":\"https:\/\/www.public.sn\/#\/schema\/person\/image\/\",\"url\":\"https:\/\/secure.gravatar.com\/avatar\/7eb863ef1336b6f8a2ad921469701e52f094a61c698fab02f5af742ed813612d?s=96&d=mm&r=g\",\"contentUrl\":\"https:\/\/secure.gravatar.com\/avatar\/7eb863ef1336b6f8a2ad921469701e52f094a61c698fab02f5af742ed813612d?s=96&d=mm&r=g\",\"caption\":\"Baye Amath THIAM\"},\"url\":\"https:\/\/www.public.sn\/index.php\/author\/thiamba24\/\"}]}<\/script>\n<!-- \/ Yoast SEO plugin. -->","yoast_head_json":{"title":"Assises de la justice: Un attentat contre la R\u00e9publique... - LE PUBLIC","robots":{"index":"index","follow":"follow","max-snippet":"max-snippet:-1","max-image-preview":"max-image-preview:large","max-video-preview":"max-video-preview:-1"},"canonical":"https:\/\/www.public.sn\/index.php\/2024\/05\/26\/assises-de-la-justice-un-attentat-contre-la-republique\/","og_locale":"fr_FR","og_type":"article","og_title":"Assises de la justice: Un attentat contre la R\u00e9publique... - LE PUBLIC","og_description":"Dans sa premi\u00e8re adresse \u00e0 la Nation, en tant que chef de l\u2019Etat, Monsieur Bassirou Diomaye Faye a prononc\u00e9 un discours irrespectueux de la s\u00e9paration des pouvoirs et de l\u2019ind\u00e9pendance de la justice. En annon\u00e7ant la tenue des \u00abAssises\u00bb du syst\u00e8me judiciaire pour redorer son blason et le r\u00e9concilier avec le peuple, le Pr\u00e9sident Diomaye Faye a outrepass\u00e9 ses pr\u00e9rogatives r\u00e9galiennes. Monsieur Diomaye Faye ignore manifestement qu\u2019au S\u00e9n\u00e9gal la Constitution d\u00e9signe la Justice comme un pouvoir ind\u00e9pendant de l\u2019Ex\u00e9cutif et non comme une administration d\u2019Etat. Notre charte fondamentale dispose, en effet, que \u00ab Le pouvoir judiciaire est ind\u00e9pendant du pouvoir l\u00e9gislatif et du pouvoir ex\u00e9cutif. Il est exerc\u00e9 par le Conseil constitutionnel, la Cour supr\u00eame, la Cour des Comptes et les Cours et Tribunaux \u00bb. Il est incongru voire g\u00eanant de devoir rappeler au Gardien de la Constitution que le S\u00e9n\u00e9gal est une R\u00e9publique dont le principe fondateur est la s\u00e9paration des pouvoirs. Il ne peut dicter aux juges ce qu\u2019ils doivent faire. La t\u00e2che de r\u00e9former et moderniser la justice incombe aux Pr\u00e9sidents du Conseil constitutionnel, de la Cour supr\u00eame et de la Cour des comptes et \u00e0 la famille judiciaire. En plus d\u2019\u00eatre une profanation de la Constitution, les Assises constituent une insulte \u00e0 la magistrature et \u00e0 toute la famille judiciaire en ce sens que le Pr\u00e9sident Diomaye Faye a invit\u00e9 d\u2019anciens d\u00e9tenus pour crimes parmi lesquels un des assassins de Me Babacar Seye, Juge constitutionnel et par ailleurs \u00e9minent membre du Barreau du S\u00e9n\u00e9gal et d\u2019autres voyous arr\u00eat\u00e9s lors de l\u2019insurrection de votre parti le Pastef. La longue liste de participants permet aussi de retrouver tous ceux qui s\u2019\u00e9taient engag\u00e9s pour le Pastef tout en ne s\u2019assumant pas. Ils se disaient membres de la soci\u00e9t\u00e9 civile, universitaires, chercheurs, activistes, etc. Nous les retrouvons ici pris en flagrant d\u00e9lit de conflit d\u2019int\u00e9r\u00eat r\u00e9troactif. L\u2019Ums, l\u2019ordre des avocats et les syndicats de greffiers doivent exiger l\u2019annulation de ce cirque populiste. Ce que le pouvoir judiciaire attend du Pr\u00e9sident de la R\u00e9publique Diomaye Faye c\u2019est d\u2019accro\u00eetre ses moyens humains et mat\u00e9riels pour mieux remplir son r\u00f4le de gardien des libert\u00e9s des citoyens face au pouvoir politique. La justice n\u2019est pas une administration d\u2019Etat mais un pouvoir ind\u00e9pendant. Il lui revient le r\u00f4le de prot\u00e9ger les citoyens contre les abus des gouvernements et non de plaire aux politiciens fussent-ils au pouvoir. Vive la R\u00e9publique ! Vive le S\u00e9n\u00e9gal ! Dakar, le 26 mai 2024 Moustapha Diakhat\u00e9","og_url":"https:\/\/www.public.sn\/index.php\/2024\/05\/26\/assises-de-la-justice-un-attentat-contre-la-republique\/","og_site_name":"LE PUBLIC","article_published_time":"2024-05-26T18:05:54+00:00","og_image":[{"width":1153,"height":648,"url":"https:\/\/www.public.sn\/wp-content\/uploads\/2024\/05\/Moustapha-Diakhate.png","type":"image\/png"}],"author":"Baye Amath THIAM","twitter_card":"summary_large_image","twitter_misc":{"\u00c9crit par":"Baye Amath THIAM","Dur\u00e9e de lecture estim\u00e9e":"3 minutes"},"schema":{"@context":"https:\/\/schema.org","@graph":[{"@type":"Article","@id":"https:\/\/www.public.sn\/index.php\/2024\/05\/26\/assises-de-la-justice-un-attentat-contre-la-republique\/#article","isPartOf":{"@id":"https:\/\/www.public.sn\/index.php\/2024\/05\/26\/assises-de-la-justice-un-attentat-contre-la-republique\/"},"author":{"name":"Baye Amath THIAM","@id":"https:\/\/www.public.sn\/#\/schema\/person\/f77cd9ce05d8fb925eb038378ee6899d"},"headline":"Assises de la justice: Un attentat contre la R\u00e9publique&#8230;","datePublished":"2024-05-26T18:05:54+00:00","mainEntityOfPage":{"@id":"https:\/\/www.public.sn\/index.php\/2024\/05\/26\/assises-de-la-justice-un-attentat-contre-la-republique\/"},"wordCount":477,"commentCount":0,"publisher":{"@id":"https:\/\/www.public.sn\/#organization"},"image":{"@id":"https:\/\/www.public.sn\/index.php\/2024\/05\/26\/assises-de-la-justice-un-attentat-contre-la-republique\/#primaryimage"},"thumbnailUrl":"https:\/\/www.public.sn\/wp-content\/uploads\/2024\/05\/Moustapha-Diakhate.png","keywords":["bassirou diomaye faye","Justice","moustapha diakhate","Paix","Pr\u00e9sident"],"articleSection":["ACTUALIT\u00c9S","AFRIQUE &amp; MONDE","justice","POLITIQUE","S\u00c9CURIT\u00c9 &amp; JUSTICE","S\u00c9N\u00c9GAL"],"inLanguage":"fr-FR","potentialAction":[{"@type":"CommentAction","name":"Comment","target":["https:\/\/www.public.sn\/index.php\/2024\/05\/26\/assises-de-la-justice-un-attentat-contre-la-republique\/#respond"]}]},{"@type":"WebPage","@id":"https:\/\/www.public.sn\/index.php\/2024\/05\/26\/assises-de-la-justice-un-attentat-contre-la-republique\/","url":"https:\/\/www.public.sn\/index.php\/2024\/05\/26\/assises-de-la-justice-un-attentat-contre-la-republique\/","name":"Assises de la justice: Un attentat contre la R\u00e9publique... - LE PUBLIC","isPartOf":{"@id":"https:\/\/www.public.sn\/#website"},"primaryImageOfPage":{"@id":"https:\/\/www.public.sn\/index.php\/2024\/05\/26\/assises-de-la-justice-un-attentat-contre-la-republique\/#primaryimage"},"image":{"@id":"https:\/\/www.public.sn\/index.php\/2024\/05\/26\/assises-de-la-justice-un-attentat-contre-la-republique\/#primaryimage"},"thumbnailUrl":"https:\/\/www.public.sn\/wp-content\/uploads\/2024\/05\/Moustapha-Diakhate.png","datePublished":"2024-05-26T18:05:54+00:00","breadcrumb":{"@id":"https:\/\/www.public.sn\/index.php\/2024\/05\/26\/assises-de-la-justice-un-attentat-contre-la-republique\/#breadcrumb"},"inLanguage":"fr-FR","potentialAction":[{"@type":"ReadAction","target":["https:\/\/www.public.sn\/index.php\/2024\/05\/26\/assises-de-la-justice-un-attentat-contre-la-republique\/"]}]},{"@type":"ImageObject","inLanguage":"fr-FR","@id":"https:\/\/www.public.sn\/index.php\/2024\/05\/26\/assises-de-la-justice-un-attentat-contre-la-republique\/#primaryimage","url":"https:\/\/www.public.sn\/wp-content\/uploads\/2024\/05\/Moustapha-Diakhate.png","contentUrl":"https:\/\/www.public.sn\/wp-content\/uploads\/2024\/05\/Moustapha-Diakhate.png","width":1153,"height":648},{"@type":"BreadcrumbList","@id":"https:\/\/www.public.sn\/index.php\/2024\/05\/26\/assises-de-la-justice-un-attentat-contre-la-republique\/#breadcrumb","itemListElement":[{"@type":"ListItem","position":1,"name":"Accueil","item":"https:\/\/www.public.sn\/"},{"@type":"ListItem","position":2,"name":"Assises de la justice: Un attentat contre la R\u00e9publique&#8230;"}]},{"@type":"WebSite","@id":"https:\/\/www.public.sn\/#website","url":"https:\/\/www.public.sn\/","name":"LE PUBLIC","description":"","publisher":{"@id":"https:\/\/www.public.sn\/#organization"},"potentialAction":[{"@type":"SearchAction","target":{"@type":"EntryPoint","urlTemplate":"https:\/\/www.public.sn\/?s={search_term_string}"},"query-input":{"@type":"PropertyValueSpecification","valueRequired":true,"valueName":"search_term_string"}}],"inLanguage":"fr-FR"},{"@type":"Organization","@id":"https:\/\/www.public.sn\/#organization","name":"LE PUBLIC","url":"https:\/\/www.public.sn\/","logo":{"@type":"ImageObject","inLanguage":"fr-FR","@id":"https:\/\/www.public.sn\/#\/schema\/logo\/image\/","url":"https:\/\/www.public.sn\/wp-content\/uploads\/2024\/05\/cropped-LOGO-PUBLIC.SN_.png","contentUrl":"https:\/\/www.public.sn\/wp-content\/uploads\/2024\/05\/cropped-LOGO-PUBLIC.SN_.png","width":682,"height":192,"caption":"LE PUBLIC"},"image":{"@id":"https:\/\/www.public.sn\/#\/schema\/logo\/image\/"}},{"@type":"Person","@id":"https:\/\/www.public.sn\/#\/schema\/person\/f77cd9ce05d8fb925eb038378ee6899d","name":"Baye Amath THIAM","image":{"@type":"ImageObject","inLanguage":"fr-FR","@id":"https:\/\/www.public.sn\/#\/schema\/person\/image\/","url":"https:\/\/secure.gravatar.com\/avatar\/7eb863ef1336b6f8a2ad921469701e52f094a61c698fab02f5af742ed813612d?s=96&d=mm&r=g","contentUrl":"https:\/\/secure.gravatar.com\/avatar\/7eb863ef1336b6f8a2ad921469701e52f094a61c698fab02f5af742ed813612d?s=96&d=mm&r=g","caption":"Baye Amath THIAM"},"url":"https:\/\/www.public.sn\/index.php\/author\/thiamba24\/"}]}},"jetpack_featured_media_url":"https:\/\/www.public.sn\/wp-content\/uploads\/2024\/05\/Moustapha-Diakhate.png","jetpack_sharing_enabled":true,"_links":{"self":[{"href":"https:\/\/www.public.sn\/index.php\/wp-json\/wp\/v2\/posts\/32912","targetHints":{"allow":["GET"]}}],"collection":[{"href":"https:\/\/www.public.sn\/index.php\/wp-json\/wp\/v2\/posts"}],"about":[{"href":"https:\/\/www.public.sn\/index.php\/wp-json\/wp\/v2\/types\/post"}],"author":[{"embeddable":true,"href":"https:\/\/www.public.sn\/index.php\/wp-json\/wp\/v2\/users\/15"}],"replies":[{"embeddable":true,"href":"https:\/\/www.public.sn\/index.php\/wp-json\/wp\/v2\/comments?post=32912"}],"version-history":[{"count":1,"href":"https:\/\/www.public.sn\/index.php\/wp-json\/wp\/v2\/posts\/32912\/revisions"}],"predecessor-version":[{"id":32914,"href":"https:\/\/www.public.sn\/index.php\/wp-json\/wp\/v2\/posts\/32912\/revisions\/32914"}],"wp:featuredmedia":[{"embeddable":true,"href":"https:\/\/www.public.sn\/index.php\/wp-json\/wp\/v2\/media\/32913"}],"wp:attachment":[{"href":"https:\/\/www.public.sn\/index.php\/wp-json\/wp\/v2\/media?parent=32912"}],"wp:term":[{"taxonomy":"category","embeddable":true,"href":"https:\/\/www.public.sn\/index.php\/wp-json\/wp\/v2\/categories?post=32912"},{"taxonomy":"post_tag","embeddable":true,"href":"https:\/\/www.public.sn\/index.php\/wp-json\/wp\/v2\/tags?post=32912"}],"curies":[{"name":"wp","href":"https:\/\/api.w.org\/{rel}","templated":true}]}}