{"id":32917,"date":"2024-05-26T19:41:09","date_gmt":"2024-05-26T19:41:09","guid":{"rendered":"https:\/\/www.public.sn\/?p=32917"},"modified":"2024-05-26T19:41:09","modified_gmt":"2024-05-26T19:41:09","slug":"obseques-dhenri-konan-bedie-le-president-wade-represente-par-son-chef-de-protocole-alioune-diop-et-les-deputes-m-ibrahima-diop-et-mme-nafissatou-diallo","status":"publish","type":"post","link":"https:\/\/www.public.sn\/index.php\/2024\/05\/26\/obseques-dhenri-konan-bedie-le-president-wade-represente-par-son-chef-de-protocole-alioune-diop-et-les-deputes-m-ibrahima-diop-et-mme-nafissatou-diallo\/","title":{"rendered":"Obs\u00e8ques d&rsquo;Henri Konan B\u00e9di\u00e9 : le Pr\u00e9sident Wade repr\u00e9sent\u00e9 par son Chef de protocole, Alioune Diop et les d\u00e9put\u00e9s M. Ibrahima Diop et Mme Nafissatou Diallo"},"content":{"rendered":"<div><strong>Grand serviteur de l\u2019Etat au plus haut niveau (six ans au pouvoir apr\u00e8s treize ann\u00e9es pass\u00e9es \u00e0 la t\u00eate du Parlement) entre 1980 et 1999, M. B\u00e9di\u00e9 a rassembl\u00e9 pouvoir, opposition et pays-fr\u00e8res. Le Parti D\u00e9mocratique S\u00e9n\u00e9galais n&rsquo;a pas rat\u00e9 la c\u00e9r\u00e9monie puisque le Pr\u00e9sident Abdoulaye Wade a envoy\u00e9 une forte d\u00e9l\u00e9gation pour rendre un dernier hommage au Pr\u00e9sident B\u00e9di\u00e9 avec qui il entretenait de bonnes relations.\u00a0<\/strong>&nbsp;<\/p>\n<p>Un communiqu\u00e9 sign\u00e9 la cellule de communication du Parti D\u00e9mocratique S\u00e9n\u00e9galais, annonce que le Pr\u00e9sident Abdoulaye Wade a \u00e9t\u00e9 invit\u00e9 par le PDCI-RDA \u00e0 participer aux obs\u00e8ques nationales du Pr\u00e9sident Henri Konan B\u00e9di\u00e9. En r\u00e9ponse \u00e0 cette invitation, le Pr\u00e9sident Wade a envoy\u00e9 une d\u00e9l\u00e9gation importante, compos\u00e9e de son Chef de protocole, Alioune Diop et de deux d\u00e9put\u00e9s, les honorables Ibrahima Diop et Nafissatou Diallo.<\/p>\n<p>\u00ab\u00a0Le Pr\u00e9sident Abdoulaye Wade, en raison des relations exceptionnelles qu&rsquo;il entretient avec la C\u00f4te d&rsquo;Ivoire et le Pr\u00e9sident B\u00e9di\u00e9, a \u00e9t\u00e9 invit\u00e9 par le PDCI-RDA \u00e0 participer aux obs\u00e8ques nationales du Pr\u00e9sident Henri Konan B\u00e9di\u00e9. Ces obs\u00e8ques, marqu\u00e9es par l&rsquo;hommage de la nation ivoirienne, ont c\u00e9l\u00e9br\u00e9 celui qui fut Pr\u00e9sident de l&rsquo;Assembl\u00e9e nationale de C\u00f4te d&rsquo;Ivoire puis Pr\u00e9sident de la R\u00e9publique.\u00a0\u00bb, annonce le communiqu\u00e9 dont Public.sn d\u00e9tient copie.<\/p><div class=\"publi-paragraphe1\" style=\"margin-top: 10px;margin-bottom: 10px;margin-left: auto;margin-right: auto;text-align: center;\" id=\"publi-3243076509\"><div class=\"publi-adlabel\">Publicit\u00e9<\/div><script async src=\"\/\/pagead2.googlesyndication.com\/pagead\/js\/adsbygoogle.js?client=ca-pub-4089586018074219\" crossorigin=\"anonymous\"><\/script><ins class=\"adsbygoogle\" style=\"display:block;\" data-ad-client=\"ca-pub-4089586018074219\" \ndata-ad-slot=\"2087940154\" \ndata-ad-format=\"auto\"><\/ins>\n<script> \n(adsbygoogle = window.adsbygoogle || []).push({}); \n<\/script>\n<\/div>\n<\/div>\n<p>En r\u00e9ponse \u00e0 cette invitation, nous r\u00e9v\u00e8le la note : \u00ab\u00a0Le Pr\u00e9sident Wade a envoy\u00e9 une d\u00e9l\u00e9gation importante, compos\u00e9e de son Chef de protocole, Alioune Diop et de deux d\u00e9put\u00e9s, les honorables Ibrahima Diop et Nafissatou Diallo. Cette d\u00e9l\u00e9gation a assist\u00e9 \u00e0 la lev\u00e9e du corps le jeudi 23 mai, puis \u00e0 l&rsquo;hommage solennel de l&rsquo;Assembl\u00e9e nationale de C\u00f4te d&rsquo;Ivoire le lendemain.\u00a0\u00bb<\/p>\n<p>Toujours dans le communiqu\u00e9, le Parti D\u00e9mocratique S\u00e9n\u00e9galais revient sur le d\u00e9roulement de la c\u00e9r\u00e9monie des obs\u00e8ques qui a c\u00e9l\u00e9br\u00e9 l&rsquo;engagement du Pr\u00e9sident B\u00e9di\u00e9 pour sa patrie, la C\u00f4te d&rsquo;Ivoire.<\/p>\n<p>\u00ab\u00a0Conform\u00e9ment au programme des obs\u00e8ques, la d\u00e9pouille mortelle de l&rsquo;ancien Pr\u00e9sident de l&rsquo;Assembl\u00e9e nationale a \u00e9t\u00e9 accueillie solennellement le vendredi 24 mai 2024, en pr\u00e9sence de d\u00e9put\u00e9s, de personnalit\u00e9s politiques, de d\u00e9l\u00e9gations \u00e9trang\u00e8res, ainsi que de membres de sa famille biologique et politique. Cette c\u00e9r\u00e9monie a c\u00e9l\u00e9br\u00e9 l&rsquo;engagement du Pr\u00e9sident B\u00e9di\u00e9 pour sa patrie, la C\u00f4te d&rsquo;Ivoire. Lors de l&rsquo;oraison fun\u00e8bre, une collaboratrice du Pr\u00e9sident B\u00e9di\u00e9 a t\u00e9moign\u00e9 de ses valeurs. Ensuite, les groupes parlementaires pr\u00e9sents, \u00e0 savoir le Ppa-Ci, le Pdci-Rda et le Rhdp, ont tour \u00e0 tour rendu hommage \u00e0 cet homme d&rsquo;\u00c9tat qui a marqu\u00e9 l&rsquo;histoire politique de la C\u00f4te d&rsquo;Ivoire. Le Pr\u00e9sident de l&rsquo;Assembl\u00e9e Nationale, M. Bictogo, a conclu en rendant un vibrant hommage \u00e0 M. B\u00e9di\u00e9. Tous les orateurs ont salu\u00e9 la pr\u00e9sence de la d\u00e9l\u00e9gation du Pr\u00e9sident Wade, avec \u00e0 sa t\u00eate Alioune Diop, install\u00e9 \u00e0 la droite du Pr\u00e9sident de l\u2019Assembl\u00e9e Nationale.\u00a0\u00bb, lit-on dans la note.<\/p>\n<p>Le Pr\u00e9sident Wade par la voix de ses \u00e9missaires, \u00a0\u00bb a remercie les autorit\u00e9s politiques de C\u00f4te d&rsquo;Ivoire, le comit\u00e9 d&rsquo;organisation, et particuli\u00e8rement le Pr\u00e9sident du PDCI, M. Tidiane Thiam, ami de longue date de notre candidat Karim Wade.\u00a0\u00bb a fait savoir le PDS.Par la suite, \u00ab\u00a0M. Thiam a envoy\u00e9 son chef de protocole \u00e0 l&rsquo;h\u00f4tel de la d\u00e9l\u00e9gation pour remercier personnellement, au nom de la famille B\u00e9di\u00e9 et du PDCI-RDA, le Pr\u00e9sident Wade.\u00a0\u00bb<\/p>\n<p>\u00ab\u00a0Le Parti D\u00e9mocratique S\u00e9n\u00e9galais renouvelle ses condol\u00e9ances attrist\u00e9es \u00e0 son Excellence le Pr\u00e9sident Alassane Ouattara, \u00e0 la C\u00f4te d&rsquo;Ivoire toute enti\u00e8re, ainsi qu&rsquo;\u00e0 la famille biologique et politique de feu Henri Konan B\u00e9di\u00e9, qui a toujours appel\u00e9 chaleureusement le Pr\u00e9sident Wade \u00ab\u00a0Grand fr\u00e8re\u00a0\u00bb.\u00a0\u00bb, conclut la note parvenue \u00e0 notre r\u00e9daction.<\/p>\n<p><img fetchpriority=\"high\" decoding=\"async\" class=\"alignnone size-full wp-image-32918\" src=\"https:\/\/www.public.sn\/wp-content\/uploads\/2024\/05\/WhatsApp-Image-2024-05-26-at-18.21.19-3.jpeg\" alt=\"\" width=\"720\" height=\"480\" srcset=\"https:\/\/www.public.sn\/wp-content\/uploads\/2024\/05\/WhatsApp-Image-2024-05-26-at-18.21.19-3.jpeg 720w, https:\/\/www.public.sn\/wp-content\/uploads\/2024\/05\/WhatsApp-Image-2024-05-26-at-18.21.19-3-300x200.jpeg 300w, https:\/\/www.public.sn\/wp-content\/uploads\/2024\/05\/WhatsApp-Image-2024-05-26-at-18.21.19-3-600x400.jpeg 600w\" sizes=\"(max-width: 720px) 100vw, 720px\" \/><\/p>\n<p><img decoding=\"async\" class=\"alignnone size-full wp-image-32919\" src=\"https:\/\/www.public.sn\/wp-content\/uploads\/2024\/05\/WhatsApp-Image-2024-05-26-at-18.21.19-2.jpeg\" alt=\"\" width=\"720\" height=\"480\" srcset=\"https:\/\/www.public.sn\/wp-content\/uploads\/2024\/05\/WhatsApp-Image-2024-05-26-at-18.21.19-2.jpeg 720w, https:\/\/www.public.sn\/wp-content\/uploads\/2024\/05\/WhatsApp-Image-2024-05-26-at-18.21.19-2-300x200.jpeg 300w, https:\/\/www.public.sn\/wp-content\/uploads\/2024\/05\/WhatsApp-Image-2024-05-26-at-18.21.19-2-600x400.jpeg 600w\" sizes=\"(max-width: 720px) 100vw, 720px\" \/><\/p>\n<p><img decoding=\"async\" class=\"alignnone size-full wp-image-32920\" src=\"https:\/\/www.public.sn\/wp-content\/uploads\/2024\/05\/WhatsApp-Image-2024-05-26-at-18.21.19-1.jpeg\" alt=\"\" width=\"1280\" height=\"722\" srcset=\"https:\/\/www.public.sn\/wp-content\/uploads\/2024\/05\/WhatsApp-Image-2024-05-26-at-18.21.19-1.jpeg 1280w, https:\/\/www.public.sn\/wp-content\/uploads\/2024\/05\/WhatsApp-Image-2024-05-26-at-18.21.19-1-300x169.jpeg 300w, https:\/\/www.public.sn\/wp-content\/uploads\/2024\/05\/WhatsApp-Image-2024-05-26-at-18.21.19-1-1024x578.jpeg 1024w, https:\/\/www.public.sn\/wp-content\/uploads\/2024\/05\/WhatsApp-Image-2024-05-26-at-18.21.19-1-768x433.jpeg 768w, https:\/\/www.public.sn\/wp-content\/uploads\/2024\/05\/WhatsApp-Image-2024-05-26-at-18.21.19-1-800x450.jpeg 800w, https:\/\/www.public.sn\/wp-content\/uploads\/2024\/05\/WhatsApp-Image-2024-05-26-at-18.21.19-1-600x338.jpeg 600w\" sizes=\"(max-width: 1280px) 100vw, 1280px\" \/><\/p>\n<p><img loading=\"lazy\" decoding=\"async\" class=\"alignnone size-full wp-image-32921\" src=\"https:\/\/www.public.sn\/wp-content\/uploads\/2024\/05\/WhatsApp-Image-2024-05-26-at-18.21.19.jpeg\" alt=\"\" width=\"1080\" height=\"720\" srcset=\"https:\/\/www.public.sn\/wp-content\/uploads\/2024\/05\/WhatsApp-Image-2024-05-26-at-18.21.19.jpeg 1080w, https:\/\/www.public.sn\/wp-content\/uploads\/2024\/05\/WhatsApp-Image-2024-05-26-at-18.21.19-300x200.jpeg 300w, https:\/\/www.public.sn\/wp-content\/uploads\/2024\/05\/WhatsApp-Image-2024-05-26-at-18.21.19-1024x683.jpeg 1024w, https:\/\/www.public.sn\/wp-content\/uploads\/2024\/05\/WhatsApp-Image-2024-05-26-at-18.21.19-768x512.jpeg 768w, https:\/\/www.public.sn\/wp-content\/uploads\/2024\/05\/WhatsApp-Image-2024-05-26-at-18.21.19-600x400.jpeg 600w\" sizes=\"(max-width: 1080px) 100vw, 1080px\" \/><\/p>\n<p><img loading=\"lazy\" decoding=\"async\" class=\"alignnone size-full wp-image-32922\" src=\"https:\/\/www.public.sn\/wp-content\/uploads\/2024\/05\/WhatsApp-Image-2024-05-26-at-18.21.18-6.jpeg\" alt=\"\" width=\"1081\" height=\"720\" srcset=\"https:\/\/www.public.sn\/wp-content\/uploads\/2024\/05\/WhatsApp-Image-2024-05-26-at-18.21.18-6.jpeg 1081w, https:\/\/www.public.sn\/wp-content\/uploads\/2024\/05\/WhatsApp-Image-2024-05-26-at-18.21.18-6-300x200.jpeg 300w, https:\/\/www.public.sn\/wp-content\/uploads\/2024\/05\/WhatsApp-Image-2024-05-26-at-18.21.18-6-1024x682.jpeg 1024w, https:\/\/www.public.sn\/wp-content\/uploads\/2024\/05\/WhatsApp-Image-2024-05-26-at-18.21.18-6-768x512.jpeg 768w, https:\/\/www.public.sn\/wp-content\/uploads\/2024\/05\/WhatsApp-Image-2024-05-26-at-18.21.18-6-600x400.jpeg 600w\" sizes=\"(max-width: 1081px) 100vw, 1081px\" \/><\/p>\n<p><img loading=\"lazy\" decoding=\"async\" class=\"alignnone size-full wp-image-32923\" src=\"https:\/\/www.public.sn\/wp-content\/uploads\/2024\/05\/WhatsApp-Image-2024-05-26-at-18.21.18-5.jpeg\" alt=\"\" width=\"1081\" height=\"720\" srcset=\"https:\/\/www.public.sn\/wp-content\/uploads\/2024\/05\/WhatsApp-Image-2024-05-26-at-18.21.18-5.jpeg 1081w, https:\/\/www.public.sn\/wp-content\/uploads\/2024\/05\/WhatsApp-Image-2024-05-26-at-18.21.18-5-300x200.jpeg 300w, https:\/\/www.public.sn\/wp-content\/uploads\/2024\/05\/WhatsApp-Image-2024-05-26-at-18.21.18-5-1024x682.jpeg 1024w, https:\/\/www.public.sn\/wp-content\/uploads\/2024\/05\/WhatsApp-Image-2024-05-26-at-18.21.18-5-768x512.jpeg 768w, https:\/\/www.public.sn\/wp-content\/uploads\/2024\/05\/WhatsApp-Image-2024-05-26-at-18.21.18-5-600x400.jpeg 600w\" sizes=\"(max-width: 1081px) 100vw, 1081px\" \/><\/p>\n<p><img loading=\"lazy\" decoding=\"async\" class=\"alignnone size-full wp-image-32924\" src=\"https:\/\/www.public.sn\/wp-content\/uploads\/2024\/05\/WhatsApp-Image-2024-05-26-at-18.21.18-4.jpeg\" alt=\"\" width=\"1080\" height=\"702\" srcset=\"https:\/\/www.public.sn\/wp-content\/uploads\/2024\/05\/WhatsApp-Image-2024-05-26-at-18.21.18-4.jpeg 1080w, https:\/\/www.public.sn\/wp-content\/uploads\/2024\/05\/WhatsApp-Image-2024-05-26-at-18.21.18-4-300x195.jpeg 300w, https:\/\/www.public.sn\/wp-content\/uploads\/2024\/05\/WhatsApp-Image-2024-05-26-at-18.21.18-4-1024x666.jpeg 1024w, https:\/\/www.public.sn\/wp-content\/uploads\/2024\/05\/WhatsApp-Image-2024-05-26-at-18.21.18-4-768x499.jpeg 768w, https:\/\/www.public.sn\/wp-content\/uploads\/2024\/05\/WhatsApp-Image-2024-05-26-at-18.21.18-4-600x390.jpeg 600w\" sizes=\"(max-width: 1080px) 100vw, 1080px\" \/><\/p>\n<p><img loading=\"lazy\" decoding=\"async\" class=\"alignnone size-full wp-image-32925\" src=\"https:\/\/www.public.sn\/wp-content\/uploads\/2024\/05\/WhatsApp-Image-2024-05-26-at-18.21.18-3.jpeg\" alt=\"\" width=\"1081\" height=\"720\" srcset=\"https:\/\/www.public.sn\/wp-content\/uploads\/2024\/05\/WhatsApp-Image-2024-05-26-at-18.21.18-3.jpeg 1081w, https:\/\/www.public.sn\/wp-content\/uploads\/2024\/05\/WhatsApp-Image-2024-05-26-at-18.21.18-3-300x200.jpeg 300w, https:\/\/www.public.sn\/wp-content\/uploads\/2024\/05\/WhatsApp-Image-2024-05-26-at-18.21.18-3-1024x682.jpeg 1024w, https:\/\/www.public.sn\/wp-content\/uploads\/2024\/05\/WhatsApp-Image-2024-05-26-at-18.21.18-3-768x512.jpeg 768w, https:\/\/www.public.sn\/wp-content\/uploads\/2024\/05\/WhatsApp-Image-2024-05-26-at-18.21.18-3-600x400.jpeg 600w\" sizes=\"(max-width: 1081px) 100vw, 1081px\" \/><\/p>\n<p><img loading=\"lazy\" decoding=\"async\" class=\"alignnone size-full wp-image-32926\" src=\"https:\/\/www.public.sn\/wp-content\/uploads\/2024\/05\/WhatsApp-Image-2024-05-26-at-18.21.18-2.jpeg\" alt=\"\" width=\"1081\" height=\"720\" srcset=\"https:\/\/www.public.sn\/wp-content\/uploads\/2024\/05\/WhatsApp-Image-2024-05-26-at-18.21.18-2.jpeg 1081w, https:\/\/www.public.sn\/wp-content\/uploads\/2024\/05\/WhatsApp-Image-2024-05-26-at-18.21.18-2-300x200.jpeg 300w, https:\/\/www.public.sn\/wp-content\/uploads\/2024\/05\/WhatsApp-Image-2024-05-26-at-18.21.18-2-1024x682.jpeg 1024w, https:\/\/www.public.sn\/wp-content\/uploads\/2024\/05\/WhatsApp-Image-2024-05-26-at-18.21.18-2-768x512.jpeg 768w, https:\/\/www.public.sn\/wp-content\/uploads\/2024\/05\/WhatsApp-Image-2024-05-26-at-18.21.18-2-600x400.jpeg 600w\" sizes=\"(max-width: 1081px) 100vw, 1081px\" \/><\/p>\n<p><img loading=\"lazy\" decoding=\"async\" class=\"alignnone size-full wp-image-32927\" src=\"https:\/\/www.public.sn\/wp-content\/uploads\/2024\/05\/WhatsApp-Image-2024-05-26-at-18.21.18-1.jpeg\" alt=\"\" width=\"498\" height=\"509\" srcset=\"https:\/\/www.public.sn\/wp-content\/uploads\/2024\/05\/WhatsApp-Image-2024-05-26-at-18.21.18-1.jpeg 498w, https:\/\/www.public.sn\/wp-content\/uploads\/2024\/05\/WhatsApp-Image-2024-05-26-at-18.21.18-1-294x300.jpeg 294w\" sizes=\"(max-width: 498px) 100vw, 498px\" \/><\/p>\n<p><img loading=\"lazy\" decoding=\"async\" class=\"alignnone size-full wp-image-32928\" src=\"https:\/\/www.public.sn\/wp-content\/uploads\/2024\/05\/WhatsApp-Image-2024-05-26-at-18.21.18.jpeg\" alt=\"\" width=\"1080\" height=\"607\" srcset=\"https:\/\/www.public.sn\/wp-content\/uploads\/2024\/05\/WhatsApp-Image-2024-05-26-at-18.21.18.jpeg 1080w, https:\/\/www.public.sn\/wp-content\/uploads\/2024\/05\/WhatsApp-Image-2024-05-26-at-18.21.18-300x169.jpeg 300w, https:\/\/www.public.sn\/wp-content\/uploads\/2024\/05\/WhatsApp-Image-2024-05-26-at-18.21.18-1024x576.jpeg 1024w, https:\/\/www.public.sn\/wp-content\/uploads\/2024\/05\/WhatsApp-Image-2024-05-26-at-18.21.18-768x432.jpeg 768w, https:\/\/www.public.sn\/wp-content\/uploads\/2024\/05\/WhatsApp-Image-2024-05-26-at-18.21.18-800x450.jpeg 800w, https:\/\/www.public.sn\/wp-content\/uploads\/2024\/05\/WhatsApp-Image-2024-05-26-at-18.21.18-600x337.jpeg 600w\" sizes=\"(max-width: 1080px) 100vw, 1080px\" \/><\/p>\n<p><img loading=\"lazy\" decoding=\"async\" class=\"alignnone size-full wp-image-32929\" src=\"https:\/\/www.public.sn\/wp-content\/uploads\/2024\/05\/WhatsApp-Image-2024-05-26-at-18.21.17-5.jpeg\" alt=\"\" width=\"1080\" height=\"607\" srcset=\"https:\/\/www.public.sn\/wp-content\/uploads\/2024\/05\/WhatsApp-Image-2024-05-26-at-18.21.17-5.jpeg 1080w, https:\/\/www.public.sn\/wp-content\/uploads\/2024\/05\/WhatsApp-Image-2024-05-26-at-18.21.17-5-300x169.jpeg 300w, https:\/\/www.public.sn\/wp-content\/uploads\/2024\/05\/WhatsApp-Image-2024-05-26-at-18.21.17-5-1024x576.jpeg 1024w, https:\/\/www.public.sn\/wp-content\/uploads\/2024\/05\/WhatsApp-Image-2024-05-26-at-18.21.17-5-768x432.jpeg 768w, https:\/\/www.public.sn\/wp-content\/uploads\/2024\/05\/WhatsApp-Image-2024-05-26-at-18.21.17-5-800x450.jpeg 800w, https:\/\/www.public.sn\/wp-content\/uploads\/2024\/05\/WhatsApp-Image-2024-05-26-at-18.21.17-5-600x337.jpeg 600w\" sizes=\"(max-width: 1080px) 100vw, 1080px\" \/><\/p>\n<p><img loading=\"lazy\" decoding=\"async\" class=\"alignnone size-full wp-image-32930\" src=\"https:\/\/www.public.sn\/wp-content\/uploads\/2024\/05\/WhatsApp-Image-2024-05-26-at-18.21.17-4.jpeg\" alt=\"\" width=\"1036\" height=\"1280\" srcset=\"https:\/\/www.public.sn\/wp-content\/uploads\/2024\/05\/WhatsApp-Image-2024-05-26-at-18.21.17-4.jpeg 1036w, https:\/\/www.public.sn\/wp-content\/uploads\/2024\/05\/WhatsApp-Image-2024-05-26-at-18.21.17-4-243x300.jpeg 243w, https:\/\/www.public.sn\/wp-content\/uploads\/2024\/05\/WhatsApp-Image-2024-05-26-at-18.21.17-4-829x1024.jpeg 829w, https:\/\/www.public.sn\/wp-content\/uploads\/2024\/05\/WhatsApp-Image-2024-05-26-at-18.21.17-4-768x949.jpeg 768w, https:\/\/www.public.sn\/wp-content\/uploads\/2024\/05\/WhatsApp-Image-2024-05-26-at-18.21.17-4-600x741.jpeg 600w\" sizes=\"(max-width: 1036px) 100vw, 1036px\" \/><\/p>\n<p><img loading=\"lazy\" decoding=\"async\" class=\"alignnone size-full wp-image-32931\" src=\"https:\/\/www.public.sn\/wp-content\/uploads\/2024\/05\/WhatsApp-Image-2024-05-26-at-18.21.17-3.jpeg\" alt=\"\" width=\"917\" height=\"1280\" srcset=\"https:\/\/www.public.sn\/wp-content\/uploads\/2024\/05\/WhatsApp-Image-2024-05-26-at-18.21.17-3.jpeg 917w, https:\/\/www.public.sn\/wp-content\/uploads\/2024\/05\/WhatsApp-Image-2024-05-26-at-18.21.17-3-215x300.jpeg 215w, https:\/\/www.public.sn\/wp-content\/uploads\/2024\/05\/WhatsApp-Image-2024-05-26-at-18.21.17-3-734x1024.jpeg 734w, https:\/\/www.public.sn\/wp-content\/uploads\/2024\/05\/WhatsApp-Image-2024-05-26-at-18.21.17-3-768x1072.jpeg 768w, https:\/\/www.public.sn\/wp-content\/uploads\/2024\/05\/WhatsApp-Image-2024-05-26-at-18.21.17-3-600x838.jpeg 600w\" sizes=\"(max-width: 917px) 100vw, 917px\" \/><\/p>\n<p><img loading=\"lazy\" decoding=\"async\" class=\"alignnone size-full wp-image-32932\" src=\"https:\/\/www.public.sn\/wp-content\/uploads\/2024\/05\/WhatsApp-Image-2024-05-26-at-18.21.17-2.jpeg\" alt=\"\" width=\"1080\" height=\"607\" srcset=\"https:\/\/www.public.sn\/wp-content\/uploads\/2024\/05\/WhatsApp-Image-2024-05-26-at-18.21.17-2.jpeg 1080w, https:\/\/www.public.sn\/wp-content\/uploads\/2024\/05\/WhatsApp-Image-2024-05-26-at-18.21.17-2-300x169.jpeg 300w, https:\/\/www.public.sn\/wp-content\/uploads\/2024\/05\/WhatsApp-Image-2024-05-26-at-18.21.17-2-1024x576.jpeg 1024w, https:\/\/www.public.sn\/wp-content\/uploads\/2024\/05\/WhatsApp-Image-2024-05-26-at-18.21.17-2-768x432.jpeg 768w, https:\/\/www.public.sn\/wp-content\/uploads\/2024\/05\/WhatsApp-Image-2024-05-26-at-18.21.17-2-800x450.jpeg 800w, https:\/\/www.public.sn\/wp-content\/uploads\/2024\/05\/WhatsApp-Image-2024-05-26-at-18.21.17-2-600x337.jpeg 600w\" sizes=\"(max-width: 1080px) 100vw, 1080px\" \/><\/p>\n<p><img loading=\"lazy\" decoding=\"async\" class=\"alignnone size-full wp-image-32933\" src=\"https:\/\/www.public.sn\/wp-content\/uploads\/2024\/05\/WhatsApp-Image-2024-05-26-at-18.21.17-1.jpeg\" alt=\"\" width=\"1280\" height=\"748\" srcset=\"https:\/\/www.public.sn\/wp-content\/uploads\/2024\/05\/WhatsApp-Image-2024-05-26-at-18.21.17-1.jpeg 1280w, https:\/\/www.public.sn\/wp-content\/uploads\/2024\/05\/WhatsApp-Image-2024-05-26-at-18.21.17-1-300x175.jpeg 300w, https:\/\/www.public.sn\/wp-content\/uploads\/2024\/05\/WhatsApp-Image-2024-05-26-at-18.21.17-1-1024x598.jpeg 1024w, https:\/\/www.public.sn\/wp-content\/uploads\/2024\/05\/WhatsApp-Image-2024-05-26-at-18.21.17-1-768x449.jpeg 768w, https:\/\/www.public.sn\/wp-content\/uploads\/2024\/05\/WhatsApp-Image-2024-05-26-at-18.21.17-1-1200x700.jpeg 1200w, https:\/\/www.public.sn\/wp-content\/uploads\/2024\/05\/WhatsApp-Image-2024-05-26-at-18.21.17-1-600x351.jpeg 600w\" sizes=\"(max-width: 1280px) 100vw, 1280px\" \/><\/p>\n<p><img loading=\"lazy\" decoding=\"async\" class=\"alignnone size-full wp-image-32934\" src=\"https:\/\/www.public.sn\/wp-content\/uploads\/2024\/05\/WhatsApp-Image-2024-05-26-at-18.21.17.jpeg\" alt=\"\" width=\"960\" height=\"540\" srcset=\"https:\/\/www.public.sn\/wp-content\/uploads\/2024\/05\/WhatsApp-Image-2024-05-26-at-18.21.17.jpeg 960w, https:\/\/www.public.sn\/wp-content\/uploads\/2024\/05\/WhatsApp-Image-2024-05-26-at-18.21.17-300x169.jpeg 300w, https:\/\/www.public.sn\/wp-content\/uploads\/2024\/05\/WhatsApp-Image-2024-05-26-at-18.21.17-768x432.jpeg 768w, https:\/\/www.public.sn\/wp-content\/uploads\/2024\/05\/WhatsApp-Image-2024-05-26-at-18.21.17-800x450.jpeg 800w, https:\/\/www.public.sn\/wp-content\/uploads\/2024\/05\/WhatsApp-Image-2024-05-26-at-18.21.17-600x338.jpeg 600w\" sizes=\"(max-width: 960px) 100vw, 960px\" \/><\/p>\n<div class=\"publi-apres-le-contenu\" style=\"margin-top: 10px;margin-bottom: 10px;margin-left: auto;margin-right: auto;text-align: center;\" id=\"publi-2834876383\"><div class=\"publi-adlabel\">Publicit\u00e9<\/div><script async src=\"\/\/pagead2.googlesyndication.com\/pagead\/js\/adsbygoogle.js?client=ca-pub-4089586018074219\" crossorigin=\"anonymous\"><\/script><ins class=\"adsbygoogle\" style=\"display:block;\" data-ad-client=\"ca-pub-4089586018074219\" \ndata-ad-slot=\"2087940154\" \ndata-ad-format=\"auto\"><\/ins>\n<script> \n(adsbygoogle = window.adsbygoogle || []).push({}); \n<\/script>\n<\/div>","protected":false},"excerpt":{"rendered":"<p>Grand serviteur de l\u2019Etat au plus haut niveau (six ans au pouvoir apr\u00e8s treize ann\u00e9es pass\u00e9es \u00e0 la t\u00eate du Parlement) entre 1980 et 1999, M. B\u00e9di\u00e9 a rassembl\u00e9 pouvoir, opposition et pays-fr\u00e8res. Le Parti D\u00e9mocratique S\u00e9n\u00e9galais n&rsquo;a pas rat\u00e9 la c\u00e9r\u00e9monie puisque le Pr\u00e9sident Abdoulaye Wade a envoy\u00e9 une forte d\u00e9l\u00e9gation pour rendre un dernier hommage au Pr\u00e9sident B\u00e9di\u00e9 avec qui il entretenait de bonnes relations.\u00a0&nbsp; Un communiqu\u00e9 sign\u00e9 la cellule de communication du Parti D\u00e9mocratique S\u00e9n\u00e9galais, annonce que le Pr\u00e9sident Abdoulaye Wade a \u00e9t\u00e9 invit\u00e9 par le PDCI-RDA \u00e0 participer aux obs\u00e8ques nationales du Pr\u00e9sident Henri Konan B\u00e9di\u00e9. En r\u00e9ponse \u00e0 cette invitation, le Pr\u00e9sident Wade a envoy\u00e9 une d\u00e9l\u00e9gation importante, compos\u00e9e de son Chef de protocole, Alioune Diop et de deux d\u00e9put\u00e9s, les honorables Ibrahima Diop et Nafissatou Diallo. \u00ab\u00a0Le Pr\u00e9sident Abdoulaye Wade, en raison des relations exceptionnelles qu&rsquo;il entretient avec la C\u00f4te d&rsquo;Ivoire et le Pr\u00e9sident B\u00e9di\u00e9, a \u00e9t\u00e9 invit\u00e9 par le PDCI-RDA \u00e0 participer aux obs\u00e8ques nationales du Pr\u00e9sident Henri Konan B\u00e9di\u00e9. Ces obs\u00e8ques, marqu\u00e9es par l&rsquo;hommage de la nation ivoirienne, ont c\u00e9l\u00e9br\u00e9 celui qui fut Pr\u00e9sident de l&rsquo;Assembl\u00e9e nationale de C\u00f4te d&rsquo;Ivoire puis Pr\u00e9sident de la R\u00e9publique.\u00a0\u00bb, annonce le communiqu\u00e9 dont Public.sn d\u00e9tient copie. En r\u00e9ponse \u00e0 cette invitation, nous r\u00e9v\u00e8le la note : \u00ab\u00a0Le Pr\u00e9sident Wade a envoy\u00e9 une d\u00e9l\u00e9gation importante, compos\u00e9e de son Chef de protocole, Alioune Diop et de deux d\u00e9put\u00e9s, les honorables Ibrahima Diop et Nafissatou Diallo. Cette d\u00e9l\u00e9gation a assist\u00e9 \u00e0 la lev\u00e9e du corps le jeudi 23 mai, puis \u00e0 l&rsquo;hommage solennel de l&rsquo;Assembl\u00e9e nationale de C\u00f4te d&rsquo;Ivoire le lendemain.\u00a0\u00bb Toujours dans le communiqu\u00e9, le Parti D\u00e9mocratique S\u00e9n\u00e9galais revient sur le d\u00e9roulement de la c\u00e9r\u00e9monie des obs\u00e8ques qui a c\u00e9l\u00e9br\u00e9 l&rsquo;engagement du Pr\u00e9sident B\u00e9di\u00e9 pour sa patrie, la C\u00f4te d&rsquo;Ivoire. \u00ab\u00a0Conform\u00e9ment au programme des obs\u00e8ques, la d\u00e9pouille mortelle de l&rsquo;ancien Pr\u00e9sident de l&rsquo;Assembl\u00e9e nationale a \u00e9t\u00e9 accueillie solennellement le vendredi 24 mai 2024, en pr\u00e9sence de d\u00e9put\u00e9s, de personnalit\u00e9s politiques, de d\u00e9l\u00e9gations \u00e9trang\u00e8res, ainsi que de membres de sa famille biologique et politique. Cette c\u00e9r\u00e9monie a c\u00e9l\u00e9br\u00e9 l&rsquo;engagement du Pr\u00e9sident B\u00e9di\u00e9 pour sa patrie, la C\u00f4te d&rsquo;Ivoire. Lors de l&rsquo;oraison fun\u00e8bre, une collaboratrice du Pr\u00e9sident B\u00e9di\u00e9 a t\u00e9moign\u00e9 de ses valeurs. Ensuite, les groupes parlementaires pr\u00e9sents, \u00e0 savoir le Ppa-Ci, le Pdci-Rda et le Rhdp, ont tour \u00e0 tour rendu hommage \u00e0 cet homme d&rsquo;\u00c9tat qui a marqu\u00e9 l&rsquo;histoire politique de la C\u00f4te d&rsquo;Ivoire. Le Pr\u00e9sident de l&rsquo;Assembl\u00e9e Nationale, M. Bictogo, a conclu en rendant un vibrant hommage \u00e0 M. B\u00e9di\u00e9. Tous les orateurs ont salu\u00e9 la pr\u00e9sence de la d\u00e9l\u00e9gation du Pr\u00e9sident Wade, avec \u00e0 sa t\u00eate Alioune Diop, install\u00e9 \u00e0 la droite du Pr\u00e9sident de l\u2019Assembl\u00e9e Nationale.\u00a0\u00bb, lit-on dans la note. Le Pr\u00e9sident Wade par la voix de ses \u00e9missaires, \u00a0\u00bb a remercie les autorit\u00e9s politiques de C\u00f4te d&rsquo;Ivoire, le comit\u00e9 d&rsquo;organisation, et particuli\u00e8rement le Pr\u00e9sident du PDCI, M. Tidiane Thiam, ami de longue date de notre candidat Karim Wade.\u00a0\u00bb a fait savoir le PDS.Par la suite, \u00ab\u00a0M. Thiam a envoy\u00e9 son chef de protocole \u00e0 l&rsquo;h\u00f4tel de la d\u00e9l\u00e9gation pour remercier personnellement, au nom de la famille B\u00e9di\u00e9 et du PDCI-RDA, le Pr\u00e9sident Wade.\u00a0\u00bb \u00ab\u00a0Le Parti D\u00e9mocratique S\u00e9n\u00e9galais renouvelle ses condol\u00e9ances attrist\u00e9es \u00e0 son Excellence le Pr\u00e9sident Alassane Ouattara, \u00e0 la C\u00f4te d&rsquo;Ivoire toute enti\u00e8re, ainsi qu&rsquo;\u00e0 la famille biologique et politique de feu Henri Konan B\u00e9di\u00e9, qui a toujours appel\u00e9 chaleureusement le Pr\u00e9sident Wade \u00ab\u00a0Grand fr\u00e8re\u00a0\u00bb.\u00a0\u00bb, conclut la note parvenue \u00e0 notre r\u00e9daction.<\/p>\n","protected":false},"author":1,"featured_media":32934,"comment_status":"open","ping_status":"open","sticky":false,"template":"","format":"standard","meta":{"_jetpack_memberships_contains_paid_content":false,"footnotes":""},"categories":[375,1],"tags":[5674,297,1766],"class_list":["post-32917","post","type-post","status-publish","format-standard","has-post-thumbnail","hentry","category-actualites","category-non-classe","tag-henri-konan-bedie","tag-pds","tag-wade","entry","has-media","owp-thumbs-layout-horizontal","owp-btn-normal","owp-tabs-layout-horizontal","has-no-thumbnails","has-product-nav"],"yoast_head":"<!-- This site is optimized with the Yoast SEO plugin v25.5 - https:\/\/yoast.com\/wordpress\/plugins\/seo\/ -->\n<title>Obs\u00e8ques d&#039;Henri Konan B\u00e9di\u00e9 : le Pr\u00e9sident Wade repr\u00e9sent\u00e9 par son Chef de protocole, Alioune Diop et les d\u00e9put\u00e9s M. Ibrahima Diop et Mme Nafissatou Diallo - LE PUBLIC<\/title>\n<meta name=\"description\" content=\"Grand serviteur de l\u2019Etat au plus haut niveau (six ans au pouvoir apr\u00e8s treize ann\u00e9es pass\u00e9es \u00e0 la t\u00eate du Parlement) entre 1980 et 1999, M. B\u00e9di\u00e9 a rassembl\u00e9 pouvoir, opposition et pays-fr\u00e8res. Le Parti D\u00e9mocratique S\u00e9n\u00e9galais n&#039;a pas rat\u00e9 la c\u00e9r\u00e9monie puisque le Pr\u00e9sident Abdoulaye Wade a envoy\u00e9 une forte d\u00e9l\u00e9gation pour rendre un dernier hommage au Pr\u00e9sident B\u00e9di\u00e9 avec qui il entretenait de bonnes relations.\u00a0\" \/>\n<meta name=\"robots\" content=\"index, follow, max-snippet:-1, max-image-preview:large, max-video-preview:-1\" \/>\n<link rel=\"canonical\" href=\"https:\/\/www.public.sn\/index.php\/2024\/05\/26\/obseques-dhenri-konan-bedie-le-president-wade-represente-par-son-chef-de-protocole-alioune-diop-et-les-deputes-m-ibrahima-diop-et-mme-nafissatou-diallo\/\" \/>\n<meta property=\"og:locale\" content=\"fr_FR\" \/>\n<meta property=\"og:type\" content=\"article\" \/>\n<meta property=\"og:title\" content=\"Obs\u00e8ques d&#039;Henri Konan B\u00e9di\u00e9 : le Pr\u00e9sident Wade repr\u00e9sent\u00e9 par son Chef de protocole, Alioune Diop et les d\u00e9put\u00e9s M. Ibrahima Diop et Mme Nafissatou Diallo - LE PUBLIC\" \/>\n<meta property=\"og:description\" content=\"Grand serviteur de l\u2019Etat au plus haut niveau (six ans au pouvoir apr\u00e8s treize ann\u00e9es pass\u00e9es \u00e0 la t\u00eate du Parlement) entre 1980 et 1999, M. B\u00e9di\u00e9 a rassembl\u00e9 pouvoir, opposition et pays-fr\u00e8res. Le Parti D\u00e9mocratique S\u00e9n\u00e9galais n&#039;a pas rat\u00e9 la c\u00e9r\u00e9monie puisque le Pr\u00e9sident Abdoulaye Wade a envoy\u00e9 une forte d\u00e9l\u00e9gation pour rendre un dernier hommage au Pr\u00e9sident B\u00e9di\u00e9 avec qui il entretenait de bonnes relations.\u00a0\" \/>\n<meta property=\"og:url\" content=\"https:\/\/www.public.sn\/index.php\/2024\/05\/26\/obseques-dhenri-konan-bedie-le-president-wade-represente-par-son-chef-de-protocole-alioune-diop-et-les-deputes-m-ibrahima-diop-et-mme-nafissatou-diallo\/\" \/>\n<meta property=\"og:site_name\" content=\"LE PUBLIC\" \/>\n<meta property=\"article:published_time\" content=\"2024-05-26T19:41:09+00:00\" \/>\n<meta property=\"og:image\" content=\"https:\/\/www.public.sn\/wp-content\/uploads\/2024\/05\/WhatsApp-Image-2024-05-26-at-18.21.17.jpeg\" \/>\n\t<meta property=\"og:image:width\" content=\"960\" \/>\n\t<meta property=\"og:image:height\" content=\"540\" \/>\n\t<meta property=\"og:image:type\" content=\"image\/jpeg\" \/>\n<meta name=\"author\" content=\"LA REDACTION\" \/>\n<meta name=\"twitter:card\" content=\"summary_large_image\" \/>\n<meta name=\"twitter:label1\" content=\"\u00c9crit par\" \/>\n\t<meta name=\"twitter:data1\" content=\"LA REDACTION\" \/>\n\t<meta name=\"twitter:label2\" content=\"Dur\u00e9e de lecture estim\u00e9e\" \/>\n\t<meta name=\"twitter:data2\" content=\"7 minutes\" \/>\n<script type=\"application\/ld+json\" class=\"yoast-schema-graph\">{\"@context\":\"https:\/\/schema.org\",\"@graph\":[{\"@type\":\"Article\",\"@id\":\"https:\/\/www.public.sn\/index.php\/2024\/05\/26\/obseques-dhenri-konan-bedie-le-president-wade-represente-par-son-chef-de-protocole-alioune-diop-et-les-deputes-m-ibrahima-diop-et-mme-nafissatou-diallo\/#article\",\"isPartOf\":{\"@id\":\"https:\/\/www.public.sn\/index.php\/2024\/05\/26\/obseques-dhenri-konan-bedie-le-president-wade-represente-par-son-chef-de-protocole-alioune-diop-et-les-deputes-m-ibrahima-diop-et-mme-nafissatou-diallo\/\"},\"author\":{\"name\":\"LA REDACTION\",\"@id\":\"https:\/\/www.public.sn\/#\/schema\/person\/e3f4a11b037d4203902db148f9bc8d5a\"},\"headline\":\"Obs\u00e8ques d&rsquo;Henri Konan B\u00e9di\u00e9 : le Pr\u00e9sident Wade repr\u00e9sent\u00e9 par son Chef de protocole, Alioune Diop et les d\u00e9put\u00e9s M. Ibrahima Diop et Mme Nafissatou Diallo\",\"datePublished\":\"2024-05-26T19:41:09+00:00\",\"mainEntityOfPage\":{\"@id\":\"https:\/\/www.public.sn\/index.php\/2024\/05\/26\/obseques-dhenri-konan-bedie-le-president-wade-represente-par-son-chef-de-protocole-alioune-diop-et-les-deputes-m-ibrahima-diop-et-mme-nafissatou-diallo\/\"},\"wordCount\":712,\"commentCount\":0,\"publisher\":{\"@id\":\"https:\/\/www.public.sn\/#organization\"},\"image\":{\"@id\":\"https:\/\/www.public.sn\/index.php\/2024\/05\/26\/obseques-dhenri-konan-bedie-le-president-wade-represente-par-son-chef-de-protocole-alioune-diop-et-les-deputes-m-ibrahima-diop-et-mme-nafissatou-diallo\/#primaryimage\"},\"thumbnailUrl\":\"https:\/\/www.public.sn\/wp-content\/uploads\/2024\/05\/WhatsApp-Image-2024-05-26-at-18.21.17.jpeg\",\"keywords\":[\"Henri Konan B\u00e9di\u00e9\",\"Pds\",\"wade\"],\"articleSection\":[\"ACTUALIT\u00c9S\",\"S\u00c9N\u00c9GAL\"],\"inLanguage\":\"fr-FR\",\"potentialAction\":[{\"@type\":\"CommentAction\",\"name\":\"Comment\",\"target\":[\"https:\/\/www.public.sn\/index.php\/2024\/05\/26\/obseques-dhenri-konan-bedie-le-president-wade-represente-par-son-chef-de-protocole-alioune-diop-et-les-deputes-m-ibrahima-diop-et-mme-nafissatou-diallo\/#respond\"]}]},{\"@type\":\"WebPage\",\"@id\":\"https:\/\/www.public.sn\/index.php\/2024\/05\/26\/obseques-dhenri-konan-bedie-le-president-wade-represente-par-son-chef-de-protocole-alioune-diop-et-les-deputes-m-ibrahima-diop-et-mme-nafissatou-diallo\/\",\"url\":\"https:\/\/www.public.sn\/index.php\/2024\/05\/26\/obseques-dhenri-konan-bedie-le-president-wade-represente-par-son-chef-de-protocole-alioune-diop-et-les-deputes-m-ibrahima-diop-et-mme-nafissatou-diallo\/\",\"name\":\"Obs\u00e8ques d'Henri Konan B\u00e9di\u00e9 : le Pr\u00e9sident Wade repr\u00e9sent\u00e9 par son Chef de protocole, Alioune Diop et les d\u00e9put\u00e9s M. Ibrahima Diop et Mme Nafissatou Diallo - LE PUBLIC\",\"isPartOf\":{\"@id\":\"https:\/\/www.public.sn\/#website\"},\"primaryImageOfPage\":{\"@id\":\"https:\/\/www.public.sn\/index.php\/2024\/05\/26\/obseques-dhenri-konan-bedie-le-president-wade-represente-par-son-chef-de-protocole-alioune-diop-et-les-deputes-m-ibrahima-diop-et-mme-nafissatou-diallo\/#primaryimage\"},\"image\":{\"@id\":\"https:\/\/www.public.sn\/index.php\/2024\/05\/26\/obseques-dhenri-konan-bedie-le-president-wade-represente-par-son-chef-de-protocole-alioune-diop-et-les-deputes-m-ibrahima-diop-et-mme-nafissatou-diallo\/#primaryimage\"},\"thumbnailUrl\":\"https:\/\/www.public.sn\/wp-content\/uploads\/2024\/05\/WhatsApp-Image-2024-05-26-at-18.21.17.jpeg\",\"datePublished\":\"2024-05-26T19:41:09+00:00\",\"description\":\"Grand serviteur de l\u2019Etat au plus haut niveau (six ans au pouvoir apr\u00e8s treize ann\u00e9es pass\u00e9es \u00e0 la t\u00eate du Parlement) entre 1980 et 1999, M. B\u00e9di\u00e9 a rassembl\u00e9 pouvoir, opposition et pays-fr\u00e8res. Le Parti D\u00e9mocratique S\u00e9n\u00e9galais n'a pas rat\u00e9 la c\u00e9r\u00e9monie puisque le Pr\u00e9sident Abdoulaye Wade a envoy\u00e9 une forte d\u00e9l\u00e9gation pour rendre un dernier hommage au Pr\u00e9sident B\u00e9di\u00e9 avec qui il entretenait de bonnes relations.\u00a0\",\"breadcrumb\":{\"@id\":\"https:\/\/www.public.sn\/index.php\/2024\/05\/26\/obseques-dhenri-konan-bedie-le-president-wade-represente-par-son-chef-de-protocole-alioune-diop-et-les-deputes-m-ibrahima-diop-et-mme-nafissatou-diallo\/#breadcrumb\"},\"inLanguage\":\"fr-FR\",\"potentialAction\":[{\"@type\":\"ReadAction\",\"target\":[\"https:\/\/www.public.sn\/index.php\/2024\/05\/26\/obseques-dhenri-konan-bedie-le-president-wade-represente-par-son-chef-de-protocole-alioune-diop-et-les-deputes-m-ibrahima-diop-et-mme-nafissatou-diallo\/\"]}]},{\"@type\":\"ImageObject\",\"inLanguage\":\"fr-FR\",\"@id\":\"https:\/\/www.public.sn\/index.php\/2024\/05\/26\/obseques-dhenri-konan-bedie-le-president-wade-represente-par-son-chef-de-protocole-alioune-diop-et-les-deputes-m-ibrahima-diop-et-mme-nafissatou-diallo\/#primaryimage\",\"url\":\"https:\/\/www.public.sn\/wp-content\/uploads\/2024\/05\/WhatsApp-Image-2024-05-26-at-18.21.17.jpeg\",\"contentUrl\":\"https:\/\/www.public.sn\/wp-content\/uploads\/2024\/05\/WhatsApp-Image-2024-05-26-at-18.21.17.jpeg\",\"width\":960,\"height\":540},{\"@type\":\"BreadcrumbList\",\"@id\":\"https:\/\/www.public.sn\/index.php\/2024\/05\/26\/obseques-dhenri-konan-bedie-le-president-wade-represente-par-son-chef-de-protocole-alioune-diop-et-les-deputes-m-ibrahima-diop-et-mme-nafissatou-diallo\/#breadcrumb\",\"itemListElement\":[{\"@type\":\"ListItem\",\"position\":1,\"name\":\"Accueil\",\"item\":\"https:\/\/www.public.sn\/\"},{\"@type\":\"ListItem\",\"position\":2,\"name\":\"Obs\u00e8ques d&rsquo;Henri Konan B\u00e9di\u00e9 : le Pr\u00e9sident Wade repr\u00e9sent\u00e9 par son Chef de protocole, Alioune Diop et les d\u00e9put\u00e9s M. Ibrahima Diop et Mme Nafissatou Diallo\"}]},{\"@type\":\"WebSite\",\"@id\":\"https:\/\/www.public.sn\/#website\",\"url\":\"https:\/\/www.public.sn\/\",\"name\":\"LE PUBLIC\",\"description\":\"\",\"publisher\":{\"@id\":\"https:\/\/www.public.sn\/#organization\"},\"potentialAction\":[{\"@type\":\"SearchAction\",\"target\":{\"@type\":\"EntryPoint\",\"urlTemplate\":\"https:\/\/www.public.sn\/?s={search_term_string}\"},\"query-input\":{\"@type\":\"PropertyValueSpecification\",\"valueRequired\":true,\"valueName\":\"search_term_string\"}}],\"inLanguage\":\"fr-FR\"},{\"@type\":\"Organization\",\"@id\":\"https:\/\/www.public.sn\/#organization\",\"name\":\"LE PUBLIC\",\"url\":\"https:\/\/www.public.sn\/\",\"logo\":{\"@type\":\"ImageObject\",\"inLanguage\":\"fr-FR\",\"@id\":\"https:\/\/www.public.sn\/#\/schema\/logo\/image\/\",\"url\":\"https:\/\/www.public.sn\/wp-content\/uploads\/2024\/05\/cropped-LOGO-PUBLIC.SN_.png\",\"contentUrl\":\"https:\/\/www.public.sn\/wp-content\/uploads\/2024\/05\/cropped-LOGO-PUBLIC.SN_.png\",\"width\":682,\"height\":192,\"caption\":\"LE PUBLIC\"},\"image\":{\"@id\":\"https:\/\/www.public.sn\/#\/schema\/logo\/image\/\"}},{\"@type\":\"Person\",\"@id\":\"https:\/\/www.public.sn\/#\/schema\/person\/e3f4a11b037d4203902db148f9bc8d5a\",\"name\":\"LA REDACTION\",\"image\":{\"@type\":\"ImageObject\",\"inLanguage\":\"fr-FR\",\"@id\":\"https:\/\/www.public.sn\/#\/schema\/person\/image\/\",\"url\":\"https:\/\/secure.gravatar.com\/avatar\/d6c030db45db2883c075085c5d6c6258654a801a93766b49af0b82d4f454e2a5?s=96&d=mm&r=g\",\"contentUrl\":\"https:\/\/secure.gravatar.com\/avatar\/d6c030db45db2883c075085c5d6c6258654a801a93766b49af0b82d4f454e2a5?s=96&d=mm&r=g\",\"caption\":\"LA REDACTION\"},\"sameAs\":[\"http:\/\/www.public.sn\"],\"url\":\"https:\/\/www.public.sn\/index.php\/author\/admin7324\/\"}]}<\/script>\n<!-- \/ Yoast SEO plugin. -->","yoast_head_json":{"title":"Obs\u00e8ques d'Henri Konan B\u00e9di\u00e9 : le Pr\u00e9sident Wade repr\u00e9sent\u00e9 par son Chef de protocole, Alioune Diop et les d\u00e9put\u00e9s M. Ibrahima Diop et Mme Nafissatou Diallo - LE PUBLIC","description":"Grand serviteur de l\u2019Etat au plus haut niveau (six ans au pouvoir apr\u00e8s treize ann\u00e9es pass\u00e9es \u00e0 la t\u00eate du Parlement) entre 1980 et 1999, M. B\u00e9di\u00e9 a rassembl\u00e9 pouvoir, opposition et pays-fr\u00e8res. Le Parti D\u00e9mocratique S\u00e9n\u00e9galais n'a pas rat\u00e9 la c\u00e9r\u00e9monie puisque le Pr\u00e9sident Abdoulaye Wade a envoy\u00e9 une forte d\u00e9l\u00e9gation pour rendre un dernier hommage au Pr\u00e9sident B\u00e9di\u00e9 avec qui il entretenait de bonnes relations.\u00a0","robots":{"index":"index","follow":"follow","max-snippet":"max-snippet:-1","max-image-preview":"max-image-preview:large","max-video-preview":"max-video-preview:-1"},"canonical":"https:\/\/www.public.sn\/index.php\/2024\/05\/26\/obseques-dhenri-konan-bedie-le-president-wade-represente-par-son-chef-de-protocole-alioune-diop-et-les-deputes-m-ibrahima-diop-et-mme-nafissatou-diallo\/","og_locale":"fr_FR","og_type":"article","og_title":"Obs\u00e8ques d'Henri Konan B\u00e9di\u00e9 : le Pr\u00e9sident Wade repr\u00e9sent\u00e9 par son Chef de protocole, Alioune Diop et les d\u00e9put\u00e9s M. Ibrahima Diop et Mme Nafissatou Diallo - LE PUBLIC","og_description":"Grand serviteur de l\u2019Etat au plus haut niveau (six ans au pouvoir apr\u00e8s treize ann\u00e9es pass\u00e9es \u00e0 la t\u00eate du Parlement) entre 1980 et 1999, M. B\u00e9di\u00e9 a rassembl\u00e9 pouvoir, opposition et pays-fr\u00e8res. Le Parti D\u00e9mocratique S\u00e9n\u00e9galais n'a pas rat\u00e9 la c\u00e9r\u00e9monie puisque le Pr\u00e9sident Abdoulaye Wade a envoy\u00e9 une forte d\u00e9l\u00e9gation pour rendre un dernier hommage au Pr\u00e9sident B\u00e9di\u00e9 avec qui il entretenait de bonnes relations.\u00a0","og_url":"https:\/\/www.public.sn\/index.php\/2024\/05\/26\/obseques-dhenri-konan-bedie-le-president-wade-represente-par-son-chef-de-protocole-alioune-diop-et-les-deputes-m-ibrahima-diop-et-mme-nafissatou-diallo\/","og_site_name":"LE PUBLIC","article_published_time":"2024-05-26T19:41:09+00:00","og_image":[{"width":960,"height":540,"url":"https:\/\/www.public.sn\/wp-content\/uploads\/2024\/05\/WhatsApp-Image-2024-05-26-at-18.21.17.jpeg","type":"image\/jpeg"}],"author":"LA REDACTION","twitter_card":"summary_large_image","twitter_misc":{"\u00c9crit par":"LA REDACTION","Dur\u00e9e de lecture estim\u00e9e":"7 minutes"},"schema":{"@context":"https:\/\/schema.org","@graph":[{"@type":"Article","@id":"https:\/\/www.public.sn\/index.php\/2024\/05\/26\/obseques-dhenri-konan-bedie-le-president-wade-represente-par-son-chef-de-protocole-alioune-diop-et-les-deputes-m-ibrahima-diop-et-mme-nafissatou-diallo\/#article","isPartOf":{"@id":"https:\/\/www.public.sn\/index.php\/2024\/05\/26\/obseques-dhenri-konan-bedie-le-president-wade-represente-par-son-chef-de-protocole-alioune-diop-et-les-deputes-m-ibrahima-diop-et-mme-nafissatou-diallo\/"},"author":{"name":"LA REDACTION","@id":"https:\/\/www.public.sn\/#\/schema\/person\/e3f4a11b037d4203902db148f9bc8d5a"},"headline":"Obs\u00e8ques d&rsquo;Henri Konan B\u00e9di\u00e9 : le Pr\u00e9sident Wade repr\u00e9sent\u00e9 par son Chef de protocole, Alioune Diop et les d\u00e9put\u00e9s M. Ibrahima Diop et Mme Nafissatou Diallo","datePublished":"2024-05-26T19:41:09+00:00","mainEntityOfPage":{"@id":"https:\/\/www.public.sn\/index.php\/2024\/05\/26\/obseques-dhenri-konan-bedie-le-president-wade-represente-par-son-chef-de-protocole-alioune-diop-et-les-deputes-m-ibrahima-diop-et-mme-nafissatou-diallo\/"},"wordCount":712,"commentCount":0,"publisher":{"@id":"https:\/\/www.public.sn\/#organization"},"image":{"@id":"https:\/\/www.public.sn\/index.php\/2024\/05\/26\/obseques-dhenri-konan-bedie-le-president-wade-represente-par-son-chef-de-protocole-alioune-diop-et-les-deputes-m-ibrahima-diop-et-mme-nafissatou-diallo\/#primaryimage"},"thumbnailUrl":"https:\/\/www.public.sn\/wp-content\/uploads\/2024\/05\/WhatsApp-Image-2024-05-26-at-18.21.17.jpeg","keywords":["Henri Konan B\u00e9di\u00e9","Pds","wade"],"articleSection":["ACTUALIT\u00c9S","S\u00c9N\u00c9GAL"],"inLanguage":"fr-FR","potentialAction":[{"@type":"CommentAction","name":"Comment","target":["https:\/\/www.public.sn\/index.php\/2024\/05\/26\/obseques-dhenri-konan-bedie-le-president-wade-represente-par-son-chef-de-protocole-alioune-diop-et-les-deputes-m-ibrahima-diop-et-mme-nafissatou-diallo\/#respond"]}]},{"@type":"WebPage","@id":"https:\/\/www.public.sn\/index.php\/2024\/05\/26\/obseques-dhenri-konan-bedie-le-president-wade-represente-par-son-chef-de-protocole-alioune-diop-et-les-deputes-m-ibrahima-diop-et-mme-nafissatou-diallo\/","url":"https:\/\/www.public.sn\/index.php\/2024\/05\/26\/obseques-dhenri-konan-bedie-le-president-wade-represente-par-son-chef-de-protocole-alioune-diop-et-les-deputes-m-ibrahima-diop-et-mme-nafissatou-diallo\/","name":"Obs\u00e8ques d'Henri Konan B\u00e9di\u00e9 : le Pr\u00e9sident Wade repr\u00e9sent\u00e9 par son Chef de protocole, Alioune Diop et les d\u00e9put\u00e9s M. Ibrahima Diop et Mme Nafissatou Diallo - LE PUBLIC","isPartOf":{"@id":"https:\/\/www.public.sn\/#website"},"primaryImageOfPage":{"@id":"https:\/\/www.public.sn\/index.php\/2024\/05\/26\/obseques-dhenri-konan-bedie-le-president-wade-represente-par-son-chef-de-protocole-alioune-diop-et-les-deputes-m-ibrahima-diop-et-mme-nafissatou-diallo\/#primaryimage"},"image":{"@id":"https:\/\/www.public.sn\/index.php\/2024\/05\/26\/obseques-dhenri-konan-bedie-le-president-wade-represente-par-son-chef-de-protocole-alioune-diop-et-les-deputes-m-ibrahima-diop-et-mme-nafissatou-diallo\/#primaryimage"},"thumbnailUrl":"https:\/\/www.public.sn\/wp-content\/uploads\/2024\/05\/WhatsApp-Image-2024-05-26-at-18.21.17.jpeg","datePublished":"2024-05-26T19:41:09+00:00","description":"Grand serviteur de l\u2019Etat au plus haut niveau (six ans au pouvoir apr\u00e8s treize ann\u00e9es pass\u00e9es \u00e0 la t\u00eate du Parlement) entre 1980 et 1999, M. B\u00e9di\u00e9 a rassembl\u00e9 pouvoir, opposition et pays-fr\u00e8res. Le Parti D\u00e9mocratique S\u00e9n\u00e9galais n'a pas rat\u00e9 la c\u00e9r\u00e9monie puisque le Pr\u00e9sident Abdoulaye Wade a envoy\u00e9 une forte d\u00e9l\u00e9gation pour rendre un dernier hommage au Pr\u00e9sident B\u00e9di\u00e9 avec qui il entretenait de bonnes relations.\u00a0","breadcrumb":{"@id":"https:\/\/www.public.sn\/index.php\/2024\/05\/26\/obseques-dhenri-konan-bedie-le-president-wade-represente-par-son-chef-de-protocole-alioune-diop-et-les-deputes-m-ibrahima-diop-et-mme-nafissatou-diallo\/#breadcrumb"},"inLanguage":"fr-FR","potentialAction":[{"@type":"ReadAction","target":["https:\/\/www.public.sn\/index.php\/2024\/05\/26\/obseques-dhenri-konan-bedie-le-president-wade-represente-par-son-chef-de-protocole-alioune-diop-et-les-deputes-m-ibrahima-diop-et-mme-nafissatou-diallo\/"]}]},{"@type":"ImageObject","inLanguage":"fr-FR","@id":"https:\/\/www.public.sn\/index.php\/2024\/05\/26\/obseques-dhenri-konan-bedie-le-president-wade-represente-par-son-chef-de-protocole-alioune-diop-et-les-deputes-m-ibrahima-diop-et-mme-nafissatou-diallo\/#primaryimage","url":"https:\/\/www.public.sn\/wp-content\/uploads\/2024\/05\/WhatsApp-Image-2024-05-26-at-18.21.17.jpeg","contentUrl":"https:\/\/www.public.sn\/wp-content\/uploads\/2024\/05\/WhatsApp-Image-2024-05-26-at-18.21.17.jpeg","width":960,"height":540},{"@type":"BreadcrumbList","@id":"https:\/\/www.public.sn\/index.php\/2024\/05\/26\/obseques-dhenri-konan-bedie-le-president-wade-represente-par-son-chef-de-protocole-alioune-diop-et-les-deputes-m-ibrahima-diop-et-mme-nafissatou-diallo\/#breadcrumb","itemListElement":[{"@type":"ListItem","position":1,"name":"Accueil","item":"https:\/\/www.public.sn\/"},{"@type":"ListItem","position":2,"name":"Obs\u00e8ques d&rsquo;Henri Konan B\u00e9di\u00e9 : le Pr\u00e9sident Wade repr\u00e9sent\u00e9 par son Chef de protocole, Alioune Diop et les d\u00e9put\u00e9s M. Ibrahima Diop et Mme Nafissatou Diallo"}]},{"@type":"WebSite","@id":"https:\/\/www.public.sn\/#website","url":"https:\/\/www.public.sn\/","name":"LE PUBLIC","description":"","publisher":{"@id":"https:\/\/www.public.sn\/#organization"},"potentialAction":[{"@type":"SearchAction","target":{"@type":"EntryPoint","urlTemplate":"https:\/\/www.public.sn\/?s={search_term_string}"},"query-input":{"@type":"PropertyValueSpecification","valueRequired":true,"valueName":"search_term_string"}}],"inLanguage":"fr-FR"},{"@type":"Organization","@id":"https:\/\/www.public.sn\/#organization","name":"LE PUBLIC","url":"https:\/\/www.public.sn\/","logo":{"@type":"ImageObject","inLanguage":"fr-FR","@id":"https:\/\/www.public.sn\/#\/schema\/logo\/image\/","url":"https:\/\/www.public.sn\/wp-content\/uploads\/2024\/05\/cropped-LOGO-PUBLIC.SN_.png","contentUrl":"https:\/\/www.public.sn\/wp-content\/uploads\/2024\/05\/cropped-LOGO-PUBLIC.SN_.png","width":682,"height":192,"caption":"LE PUBLIC"},"image":{"@id":"https:\/\/www.public.sn\/#\/schema\/logo\/image\/"}},{"@type":"Person","@id":"https:\/\/www.public.sn\/#\/schema\/person\/e3f4a11b037d4203902db148f9bc8d5a","name":"LA REDACTION","image":{"@type":"ImageObject","inLanguage":"fr-FR","@id":"https:\/\/www.public.sn\/#\/schema\/person\/image\/","url":"https:\/\/secure.gravatar.com\/avatar\/d6c030db45db2883c075085c5d6c6258654a801a93766b49af0b82d4f454e2a5?s=96&d=mm&r=g","contentUrl":"https:\/\/secure.gravatar.com\/avatar\/d6c030db45db2883c075085c5d6c6258654a801a93766b49af0b82d4f454e2a5?s=96&d=mm&r=g","caption":"LA REDACTION"},"sameAs":["http:\/\/www.public.sn"],"url":"https:\/\/www.public.sn\/index.php\/author\/admin7324\/"}]}},"jetpack_featured_media_url":"https:\/\/www.public.sn\/wp-content\/uploads\/2024\/05\/WhatsApp-Image-2024-05-26-at-18.21.17.jpeg","jetpack_sharing_enabled":true,"_links":{"self":[{"href":"https:\/\/www.public.sn\/index.php\/wp-json\/wp\/v2\/posts\/32917","targetHints":{"allow":["GET"]}}],"collection":[{"href":"https:\/\/www.public.sn\/index.php\/wp-json\/wp\/v2\/posts"}],"about":[{"href":"https:\/\/www.public.sn\/index.php\/wp-json\/wp\/v2\/types\/post"}],"author":[{"embeddable":true,"href":"https:\/\/www.public.sn\/index.php\/wp-json\/wp\/v2\/users\/1"}],"replies":[{"embeddable":true,"href":"https:\/\/www.public.sn\/index.php\/wp-json\/wp\/v2\/comments?post=32917"}],"version-history":[{"count":2,"href":"https:\/\/www.public.sn\/index.php\/wp-json\/wp\/v2\/posts\/32917\/revisions"}],"predecessor-version":[{"id":32943,"href":"https:\/\/www.public.sn\/index.php\/wp-json\/wp\/v2\/posts\/32917\/revisions\/32943"}],"wp:featuredmedia":[{"embeddable":true,"href":"https:\/\/www.public.sn\/index.php\/wp-json\/wp\/v2\/media\/32934"}],"wp:attachment":[{"href":"https:\/\/www.public.sn\/index.php\/wp-json\/wp\/v2\/media?parent=32917"}],"wp:term":[{"taxonomy":"category","embeddable":true,"href":"https:\/\/www.public.sn\/index.php\/wp-json\/wp\/v2\/categories?post=32917"},{"taxonomy":"post_tag","embeddable":true,"href":"https:\/\/www.public.sn\/index.php\/wp-json\/wp\/v2\/tags?post=32917"}],"curies":[{"name":"wp","href":"https:\/\/api.w.org\/{rel}","templated":true}]}}