{"id":32944,"date":"2024-05-26T20:04:15","date_gmt":"2024-05-26T20:04:15","guid":{"rendered":"https:\/\/www.public.sn\/?p=32944"},"modified":"2024-05-26T20:05:12","modified_gmt":"2024-05-26T20:05:12","slug":"lettre-au-president-diomaye-gagnons-du-temps-passons-nous-des-assises-de-la-distraction-par-bachir-fofana","status":"publish","type":"post","link":"https:\/\/www.public.sn\/index.php\/2024\/05\/26\/lettre-au-president-diomaye-gagnons-du-temps-passons-nous-des-assises-de-la-distraction-par-bachir-fofana\/","title":{"rendered":"Lettre au pr\u00e9sident Diomaye :  \u00ab\u00a0Gagnons du temps, passons-nous des assises de la distraction!!!\u00a0\u00bb (Par Bachir FOFANA)"},"content":{"rendered":"<p><strong>Lettre au pr\u00e9sident Diomaye<\/strong><br \/>\n<strong>Gagnons du temps, passons-nous des assises de la distraction!!!<\/strong><\/p><div class=\"publi-paragraphe1\" style=\"margin-top: 10px;margin-bottom: 10px;margin-left: auto;margin-right: auto;text-align: center;\" id=\"publi-382774925\"><div class=\"publi-adlabel\">Publicit\u00e9<\/div><script async src=\"\/\/pagead2.googlesyndication.com\/pagead\/js\/adsbygoogle.js?client=ca-pub-4089586018074219\" crossorigin=\"anonymous\"><\/script><ins class=\"adsbygoogle\" style=\"display:block;\" data-ad-client=\"ca-pub-4089586018074219\" \ndata-ad-slot=\"2087940154\" \ndata-ad-format=\"auto\"><\/ins>\n<script> \n(adsbygoogle = window.adsbygoogle || []).push({}); \n<\/script>\n<\/div>\n<p>L&rsquo;affaire Bah Diakhat\u00e9 est la preuve finalement que la Justice n&rsquo;a pas de probl\u00e8mes, mais ce sont les Hommes, principalement les Hommes politiques qui ont un probl\u00e8me avec elle.<\/p>\n<p>Ceux qui disaient hier que \u00ab\u00a0force doit rester \u00e0 la loi\u00a0\u00bb sont en train de crier \u00e0 l&rsquo;acharnement contre un opposant. Et ceux qui criaient hier \u00e0 l&rsquo;acharnement et au z\u00e8le du procureur de la R\u00e9publique, sont en train de saluer le travail de l&rsquo;avocat de la soci\u00e9t\u00e9!!! Ceci est la preuve que la justice reste elle-m\u00eame et que les opinions des hommes politiques changent en fonction de leur position par rapport au pouvoir!!<\/p>\n<p>C&rsquo;est dans ce contexte que s&rsquo;ouvrent ce lundi 27 mai le proc\u00e8s de Bah Diakhat\u00e9 et mardi 28 mai, les assises de la justice, dans le cadre de la Journ\u00e9e nationale du dialogue.<\/p>\n<p>Pour le cas de \u00ab\u00a0l&rsquo;activiste r\u00e9publicain\u00a0\u00bb, il est tout de m\u00eame incongru de poursuivre quelqu&rsquo;un pour un d\u00e9lit pour lequel la personne suppos\u00e9e offens\u00e9e a clairement indiqu\u00e9 n&rsquo;avoir pas parl\u00e9 en tant que Chef du gouvernement mais en tant que chef d&rsquo;un parti politique!! D&rsquo;ailleurs, lui-m\u00eame (Ousmane Sonko) dans pareil cas hier, disait que le d\u00e9lit d&rsquo;offense ne saurait prosp\u00e9rer si la personne offens\u00e9e n&rsquo;a pas port\u00e9 plainte!!<\/p>\n<p>Pour les Assises de la justice, il serait bien d&rsquo;inviter Monsieur le pr\u00e9sident de la R\u00e9publique et les 263 invit\u00e9s \u00e0 \u00e9viter de perdre leur temps en allant d\u00e9poussi\u00e9rer \u00ab\u00a0le Rapport du Comit\u00e9 de Concertation sur la Modernisation de la Justice\u00a0\u00bb d&rsquo;avril 2018!!! Tout y est, il ne reste qu&rsquo;\u00e0 les appliquer pour une justice r\u00e9concili\u00e9e avec les citoyens.<\/p>\n<p>Avec les Assises de la Justice, le pr\u00e9sident Diomaye devrait s&rsquo;\u00e9viter de tomber dans une d\u00e9marche qui ne tient pas compte du sens des urgences ni de l&rsquo;ordre des priorit\u00e9s, et surtout de nous faire perdre du temps en voulant r\u00e9inventer la roue. \u00c9vitons de faire de ces assises une arme de distraction massive pour d\u00e9tourner l&rsquo;attention du peuple des vraies questions et des vraies urgences.<\/p>\n<p>Tout est dans ce rapport de 2018 \u00e9labor\u00e9 sous le magist\u00e8re de Souleymane Teliko, pr\u00e9sident de l&rsquo;Union des magistrats du S\u00e9n\u00e9gal (UMS). D&rsquo;ailleurs bon nombre de ceux qui participeront aux conclaves des nouvelles autorit\u00e9s ont eu \u00e0 participer aux assises de 2018. On peut citer Pr Isaac Yankhoba Ndiaye, Pr Babacar Gueye, Serigne Diop, Badio Camara, &#8230;.<\/p>\n<p><strong>Par Bachir Fofana<\/strong><\/p>\n<div class=\"publi-apres-le-contenu\" style=\"margin-top: 10px;margin-bottom: 10px;margin-left: auto;margin-right: auto;text-align: center;\" id=\"publi-1917613342\"><div class=\"publi-adlabel\">Publicit\u00e9<\/div><script async src=\"\/\/pagead2.googlesyndication.com\/pagead\/js\/adsbygoogle.js?client=ca-pub-4089586018074219\" crossorigin=\"anonymous\"><\/script><ins class=\"adsbygoogle\" style=\"display:block;\" data-ad-client=\"ca-pub-4089586018074219\" \ndata-ad-slot=\"2087940154\" \ndata-ad-format=\"auto\"><\/ins>\n<script> \n(adsbygoogle = window.adsbygoogle || []).push({}); \n<\/script>\n<\/div>","protected":false},"excerpt":{"rendered":"<p>Lettre au pr\u00e9sident Diomaye Gagnons du temps, passons-nous des assises de la distraction!!! L&rsquo;affaire Bah Diakhat\u00e9 est la preuve finalement que la Justice n&rsquo;a pas de probl\u00e8mes, mais ce sont les Hommes, principalement les Hommes politiques qui ont un probl\u00e8me avec elle. Ceux qui disaient hier que \u00ab\u00a0force doit rester \u00e0 la loi\u00a0\u00bb sont en train de crier \u00e0 l&rsquo;acharnement contre un opposant. Et ceux qui criaient hier \u00e0 l&rsquo;acharnement et au z\u00e8le du procureur de la R\u00e9publique, sont en train de saluer le travail de l&rsquo;avocat de la soci\u00e9t\u00e9!!! Ceci est la preuve que la justice reste elle-m\u00eame et que les opinions des hommes politiques changent en fonction de leur position par rapport au pouvoir!! C&rsquo;est dans ce contexte que s&rsquo;ouvrent ce lundi 27 mai le proc\u00e8s de Bah Diakhat\u00e9 et mardi 28 mai, les assises de la justice, dans le cadre de la Journ\u00e9e nationale du dialogue. Pour le cas de \u00ab\u00a0l&rsquo;activiste r\u00e9publicain\u00a0\u00bb, il est tout de m\u00eame incongru de poursuivre quelqu&rsquo;un pour un d\u00e9lit pour lequel la personne suppos\u00e9e offens\u00e9e a clairement indiqu\u00e9 n&rsquo;avoir pas parl\u00e9 en tant que Chef du gouvernement mais en tant que chef d&rsquo;un parti politique!! D&rsquo;ailleurs, lui-m\u00eame (Ousmane Sonko) dans pareil cas hier, disait que le d\u00e9lit d&rsquo;offense ne saurait prosp\u00e9rer si la personne offens\u00e9e n&rsquo;a pas port\u00e9 plainte!! Pour les Assises de la justice, il serait bien d&rsquo;inviter Monsieur le pr\u00e9sident de la R\u00e9publique et les 263 invit\u00e9s \u00e0 \u00e9viter de perdre leur temps en allant d\u00e9poussi\u00e9rer \u00ab\u00a0le Rapport du Comit\u00e9 de Concertation sur la Modernisation de la Justice\u00a0\u00bb d&rsquo;avril 2018!!! Tout y est, il ne reste qu&rsquo;\u00e0 les appliquer pour une justice r\u00e9concili\u00e9e avec les citoyens. Avec les Assises de la Justice, le pr\u00e9sident Diomaye devrait s&rsquo;\u00e9viter de tomber dans une d\u00e9marche qui ne tient pas compte du sens des urgences ni de l&rsquo;ordre des priorit\u00e9s, et surtout de nous faire perdre du temps en voulant r\u00e9inventer la roue. \u00c9vitons de faire de ces assises une arme de distraction massive pour d\u00e9tourner l&rsquo;attention du peuple des vraies questions et des vraies urgences. Tout est dans ce rapport de 2018 \u00e9labor\u00e9 sous le magist\u00e8re de Souleymane Teliko, pr\u00e9sident de l&rsquo;Union des magistrats du S\u00e9n\u00e9gal (UMS). D&rsquo;ailleurs bon nombre de ceux qui participeront aux conclaves des nouvelles autorit\u00e9s ont eu \u00e0 participer aux assises de 2018. On peut citer Pr Isaac Yankhoba Ndiaye, Pr Babacar Gueye, Serigne Diop, Badio Camara, &#8230;. Par Bachir Fofana<\/p>\n","protected":false},"author":1,"featured_media":32945,"comment_status":"open","ping_status":"open","sticky":false,"template":"","format":"standard","meta":{"_jetpack_memberships_contains_paid_content":false,"footnotes":""},"categories":[1575],"tags":[5675],"class_list":["post-32944","post","type-post","status-publish","format-standard","has-post-thumbnail","hentry","category-contributions","tag-bachir-fofana","entry","has-media","owp-thumbs-layout-horizontal","owp-btn-normal","owp-tabs-layout-horizontal","has-no-thumbnails","has-product-nav"],"yoast_head":"<!-- This site is optimized with the Yoast SEO plugin v25.5 - https:\/\/yoast.com\/wordpress\/plugins\/seo\/ -->\n<title>Lettre au pr\u00e9sident Diomaye : &quot;Gagnons du temps, passons-nous des assises de la distraction!!!&quot; (Par Bachir FOFANA) - LE PUBLIC<\/title>\n<meta name=\"robots\" content=\"index, follow, max-snippet:-1, max-image-preview:large, max-video-preview:-1\" \/>\n<link rel=\"canonical\" href=\"https:\/\/www.public.sn\/index.php\/2024\/05\/26\/lettre-au-president-diomaye-gagnons-du-temps-passons-nous-des-assises-de-la-distraction-par-bachir-fofana\/\" \/>\n<meta property=\"og:locale\" content=\"fr_FR\" \/>\n<meta property=\"og:type\" content=\"article\" \/>\n<meta property=\"og:title\" content=\"Lettre au pr\u00e9sident Diomaye : &quot;Gagnons du temps, passons-nous des assises de la distraction!!!&quot; (Par Bachir FOFANA) - LE PUBLIC\" \/>\n<meta property=\"og:description\" content=\"Lettre au pr\u00e9sident Diomaye Gagnons du temps, passons-nous des assises de la distraction!!! L&rsquo;affaire Bah Diakhat\u00e9 est la preuve finalement que la Justice n&rsquo;a pas de probl\u00e8mes, mais ce sont les Hommes, principalement les Hommes politiques qui ont un probl\u00e8me avec elle. Ceux qui disaient hier que \u00ab\u00a0force doit rester \u00e0 la loi\u00a0\u00bb sont en train de crier \u00e0 l&rsquo;acharnement contre un opposant. Et ceux qui criaient hier \u00e0 l&rsquo;acharnement et au z\u00e8le du procureur de la R\u00e9publique, sont en train de saluer le travail de l&rsquo;avocat de la soci\u00e9t\u00e9!!! Ceci est la preuve que la justice reste elle-m\u00eame et que les opinions des hommes politiques changent en fonction de leur position par rapport au pouvoir!! C&rsquo;est dans ce contexte que s&rsquo;ouvrent ce lundi 27 mai le proc\u00e8s de Bah Diakhat\u00e9 et mardi 28 mai, les assises de la justice, dans le cadre de la Journ\u00e9e nationale du dialogue. Pour le cas de \u00ab\u00a0l&rsquo;activiste r\u00e9publicain\u00a0\u00bb, il est tout de m\u00eame incongru de poursuivre quelqu&rsquo;un pour un d\u00e9lit pour lequel la personne suppos\u00e9e offens\u00e9e a clairement indiqu\u00e9 n&rsquo;avoir pas parl\u00e9 en tant que Chef du gouvernement mais en tant que chef d&rsquo;un parti politique!! D&rsquo;ailleurs, lui-m\u00eame (Ousmane Sonko) dans pareil cas hier, disait que le d\u00e9lit d&rsquo;offense ne saurait prosp\u00e9rer si la personne offens\u00e9e n&rsquo;a pas port\u00e9 plainte!! Pour les Assises de la justice, il serait bien d&rsquo;inviter Monsieur le pr\u00e9sident de la R\u00e9publique et les 263 invit\u00e9s \u00e0 \u00e9viter de perdre leur temps en allant d\u00e9poussi\u00e9rer \u00ab\u00a0le Rapport du Comit\u00e9 de Concertation sur la Modernisation de la Justice\u00a0\u00bb d&rsquo;avril 2018!!! Tout y est, il ne reste qu&rsquo;\u00e0 les appliquer pour une justice r\u00e9concili\u00e9e avec les citoyens. Avec les Assises de la Justice, le pr\u00e9sident Diomaye devrait s&rsquo;\u00e9viter de tomber dans une d\u00e9marche qui ne tient pas compte du sens des urgences ni de l&rsquo;ordre des priorit\u00e9s, et surtout de nous faire perdre du temps en voulant r\u00e9inventer la roue. \u00c9vitons de faire de ces assises une arme de distraction massive pour d\u00e9tourner l&rsquo;attention du peuple des vraies questions et des vraies urgences. Tout est dans ce rapport de 2018 \u00e9labor\u00e9 sous le magist\u00e8re de Souleymane Teliko, pr\u00e9sident de l&rsquo;Union des magistrats du S\u00e9n\u00e9gal (UMS). D&rsquo;ailleurs bon nombre de ceux qui participeront aux conclaves des nouvelles autorit\u00e9s ont eu \u00e0 participer aux assises de 2018. On peut citer Pr Isaac Yankhoba Ndiaye, Pr Babacar Gueye, Serigne Diop, Badio Camara, &#8230;. Par Bachir Fofana\" \/>\n<meta property=\"og:url\" content=\"https:\/\/www.public.sn\/index.php\/2024\/05\/26\/lettre-au-president-diomaye-gagnons-du-temps-passons-nous-des-assises-de-la-distraction-par-bachir-fofana\/\" \/>\n<meta property=\"og:site_name\" content=\"LE PUBLIC\" \/>\n<meta property=\"article:published_time\" content=\"2024-05-26T20:04:15+00:00\" \/>\n<meta property=\"article:modified_time\" content=\"2024-05-26T20:05:12+00:00\" \/>\n<meta property=\"og:image\" content=\"https:\/\/www.public.sn\/wp-content\/uploads\/2024\/05\/Bachir-Fofana-g.jpg\" \/>\n\t<meta property=\"og:image:width\" content=\"924\" \/>\n\t<meta property=\"og:image:height\" content=\"612\" \/>\n\t<meta property=\"og:image:type\" content=\"image\/jpeg\" \/>\n<meta name=\"author\" content=\"LA REDACTION\" \/>\n<meta name=\"twitter:card\" content=\"summary_large_image\" \/>\n<meta name=\"twitter:label1\" content=\"\u00c9crit par\" \/>\n\t<meta name=\"twitter:data1\" content=\"LA REDACTION\" \/>\n\t<meta name=\"twitter:label2\" content=\"Dur\u00e9e de lecture estim\u00e9e\" \/>\n\t<meta name=\"twitter:data2\" content=\"3 minutes\" \/>\n<script type=\"application\/ld+json\" class=\"yoast-schema-graph\">{\"@context\":\"https:\/\/schema.org\",\"@graph\":[{\"@type\":\"Article\",\"@id\":\"https:\/\/www.public.sn\/index.php\/2024\/05\/26\/lettre-au-president-diomaye-gagnons-du-temps-passons-nous-des-assises-de-la-distraction-par-bachir-fofana\/#article\",\"isPartOf\":{\"@id\":\"https:\/\/www.public.sn\/index.php\/2024\/05\/26\/lettre-au-president-diomaye-gagnons-du-temps-passons-nous-des-assises-de-la-distraction-par-bachir-fofana\/\"},\"author\":{\"name\":\"LA REDACTION\",\"@id\":\"https:\/\/www.public.sn\/#\/schema\/person\/e3f4a11b037d4203902db148f9bc8d5a\"},\"headline\":\"Lettre au pr\u00e9sident Diomaye : \u00ab\u00a0Gagnons du temps, passons-nous des assises de la distraction!!!\u00a0\u00bb (Par Bachir FOFANA)\",\"datePublished\":\"2024-05-26T20:04:15+00:00\",\"dateModified\":\"2024-05-26T20:05:12+00:00\",\"mainEntityOfPage\":{\"@id\":\"https:\/\/www.public.sn\/index.php\/2024\/05\/26\/lettre-au-president-diomaye-gagnons-du-temps-passons-nous-des-assises-de-la-distraction-par-bachir-fofana\/\"},\"wordCount\":443,\"commentCount\":0,\"publisher\":{\"@id\":\"https:\/\/www.public.sn\/#organization\"},\"image\":{\"@id\":\"https:\/\/www.public.sn\/index.php\/2024\/05\/26\/lettre-au-president-diomaye-gagnons-du-temps-passons-nous-des-assises-de-la-distraction-par-bachir-fofana\/#primaryimage\"},\"thumbnailUrl\":\"https:\/\/www.public.sn\/wp-content\/uploads\/2024\/05\/Bachir-Fofana-g.jpg\",\"keywords\":[\"Bachir Fofana\"],\"articleSection\":[\"CONTRIBUTIONS\"],\"inLanguage\":\"fr-FR\",\"potentialAction\":[{\"@type\":\"CommentAction\",\"name\":\"Comment\",\"target\":[\"https:\/\/www.public.sn\/index.php\/2024\/05\/26\/lettre-au-president-diomaye-gagnons-du-temps-passons-nous-des-assises-de-la-distraction-par-bachir-fofana\/#respond\"]}]},{\"@type\":\"WebPage\",\"@id\":\"https:\/\/www.public.sn\/index.php\/2024\/05\/26\/lettre-au-president-diomaye-gagnons-du-temps-passons-nous-des-assises-de-la-distraction-par-bachir-fofana\/\",\"url\":\"https:\/\/www.public.sn\/index.php\/2024\/05\/26\/lettre-au-president-diomaye-gagnons-du-temps-passons-nous-des-assises-de-la-distraction-par-bachir-fofana\/\",\"name\":\"Lettre au pr\u00e9sident Diomaye : \\\"Gagnons du temps, passons-nous des assises de la distraction!!!\\\" (Par Bachir FOFANA) - LE PUBLIC\",\"isPartOf\":{\"@id\":\"https:\/\/www.public.sn\/#website\"},\"primaryImageOfPage\":{\"@id\":\"https:\/\/www.public.sn\/index.php\/2024\/05\/26\/lettre-au-president-diomaye-gagnons-du-temps-passons-nous-des-assises-de-la-distraction-par-bachir-fofana\/#primaryimage\"},\"image\":{\"@id\":\"https:\/\/www.public.sn\/index.php\/2024\/05\/26\/lettre-au-president-diomaye-gagnons-du-temps-passons-nous-des-assises-de-la-distraction-par-bachir-fofana\/#primaryimage\"},\"thumbnailUrl\":\"https:\/\/www.public.sn\/wp-content\/uploads\/2024\/05\/Bachir-Fofana-g.jpg\",\"datePublished\":\"2024-05-26T20:04:15+00:00\",\"dateModified\":\"2024-05-26T20:05:12+00:00\",\"breadcrumb\":{\"@id\":\"https:\/\/www.public.sn\/index.php\/2024\/05\/26\/lettre-au-president-diomaye-gagnons-du-temps-passons-nous-des-assises-de-la-distraction-par-bachir-fofana\/#breadcrumb\"},\"inLanguage\":\"fr-FR\",\"potentialAction\":[{\"@type\":\"ReadAction\",\"target\":[\"https:\/\/www.public.sn\/index.php\/2024\/05\/26\/lettre-au-president-diomaye-gagnons-du-temps-passons-nous-des-assises-de-la-distraction-par-bachir-fofana\/\"]}]},{\"@type\":\"ImageObject\",\"inLanguage\":\"fr-FR\",\"@id\":\"https:\/\/www.public.sn\/index.php\/2024\/05\/26\/lettre-au-president-diomaye-gagnons-du-temps-passons-nous-des-assises-de-la-distraction-par-bachir-fofana\/#primaryimage\",\"url\":\"https:\/\/www.public.sn\/wp-content\/uploads\/2024\/05\/Bachir-Fofana-g.jpg\",\"contentUrl\":\"https:\/\/www.public.sn\/wp-content\/uploads\/2024\/05\/Bachir-Fofana-g.jpg\",\"width\":924,\"height\":612},{\"@type\":\"BreadcrumbList\",\"@id\":\"https:\/\/www.public.sn\/index.php\/2024\/05\/26\/lettre-au-president-diomaye-gagnons-du-temps-passons-nous-des-assises-de-la-distraction-par-bachir-fofana\/#breadcrumb\",\"itemListElement\":[{\"@type\":\"ListItem\",\"position\":1,\"name\":\"Accueil\",\"item\":\"https:\/\/www.public.sn\/\"},{\"@type\":\"ListItem\",\"position\":2,\"name\":\"Lettre au pr\u00e9sident Diomaye : \u00ab\u00a0Gagnons du temps, passons-nous des assises de la distraction!!!\u00a0\u00bb (Par Bachir FOFANA)\"}]},{\"@type\":\"WebSite\",\"@id\":\"https:\/\/www.public.sn\/#website\",\"url\":\"https:\/\/www.public.sn\/\",\"name\":\"LE PUBLIC\",\"description\":\"\",\"publisher\":{\"@id\":\"https:\/\/www.public.sn\/#organization\"},\"potentialAction\":[{\"@type\":\"SearchAction\",\"target\":{\"@type\":\"EntryPoint\",\"urlTemplate\":\"https:\/\/www.public.sn\/?s={search_term_string}\"},\"query-input\":{\"@type\":\"PropertyValueSpecification\",\"valueRequired\":true,\"valueName\":\"search_term_string\"}}],\"inLanguage\":\"fr-FR\"},{\"@type\":\"Organization\",\"@id\":\"https:\/\/www.public.sn\/#organization\",\"name\":\"LE PUBLIC\",\"url\":\"https:\/\/www.public.sn\/\",\"logo\":{\"@type\":\"ImageObject\",\"inLanguage\":\"fr-FR\",\"@id\":\"https:\/\/www.public.sn\/#\/schema\/logo\/image\/\",\"url\":\"https:\/\/www.public.sn\/wp-content\/uploads\/2024\/05\/cropped-LOGO-PUBLIC.SN_.png\",\"contentUrl\":\"https:\/\/www.public.sn\/wp-content\/uploads\/2024\/05\/cropped-LOGO-PUBLIC.SN_.png\",\"width\":682,\"height\":192,\"caption\":\"LE PUBLIC\"},\"image\":{\"@id\":\"https:\/\/www.public.sn\/#\/schema\/logo\/image\/\"}},{\"@type\":\"Person\",\"@id\":\"https:\/\/www.public.sn\/#\/schema\/person\/e3f4a11b037d4203902db148f9bc8d5a\",\"name\":\"LA REDACTION\",\"image\":{\"@type\":\"ImageObject\",\"inLanguage\":\"fr-FR\",\"@id\":\"https:\/\/www.public.sn\/#\/schema\/person\/image\/\",\"url\":\"https:\/\/secure.gravatar.com\/avatar\/d6c030db45db2883c075085c5d6c6258654a801a93766b49af0b82d4f454e2a5?s=96&d=mm&r=g\",\"contentUrl\":\"https:\/\/secure.gravatar.com\/avatar\/d6c030db45db2883c075085c5d6c6258654a801a93766b49af0b82d4f454e2a5?s=96&d=mm&r=g\",\"caption\":\"LA REDACTION\"},\"sameAs\":[\"http:\/\/www.public.sn\"],\"url\":\"https:\/\/www.public.sn\/index.php\/author\/admin7324\/\"}]}<\/script>\n<!-- \/ Yoast SEO plugin. -->","yoast_head_json":{"title":"Lettre au pr\u00e9sident Diomaye : \"Gagnons du temps, passons-nous des assises de la distraction!!!\" (Par Bachir FOFANA) - LE PUBLIC","robots":{"index":"index","follow":"follow","max-snippet":"max-snippet:-1","max-image-preview":"max-image-preview:large","max-video-preview":"max-video-preview:-1"},"canonical":"https:\/\/www.public.sn\/index.php\/2024\/05\/26\/lettre-au-president-diomaye-gagnons-du-temps-passons-nous-des-assises-de-la-distraction-par-bachir-fofana\/","og_locale":"fr_FR","og_type":"article","og_title":"Lettre au pr\u00e9sident Diomaye : \"Gagnons du temps, passons-nous des assises de la distraction!!!\" (Par Bachir FOFANA) - LE PUBLIC","og_description":"Lettre au pr\u00e9sident Diomaye Gagnons du temps, passons-nous des assises de la distraction!!! L&rsquo;affaire Bah Diakhat\u00e9 est la preuve finalement que la Justice n&rsquo;a pas de probl\u00e8mes, mais ce sont les Hommes, principalement les Hommes politiques qui ont un probl\u00e8me avec elle. Ceux qui disaient hier que \u00ab\u00a0force doit rester \u00e0 la loi\u00a0\u00bb sont en train de crier \u00e0 l&rsquo;acharnement contre un opposant. Et ceux qui criaient hier \u00e0 l&rsquo;acharnement et au z\u00e8le du procureur de la R\u00e9publique, sont en train de saluer le travail de l&rsquo;avocat de la soci\u00e9t\u00e9!!! Ceci est la preuve que la justice reste elle-m\u00eame et que les opinions des hommes politiques changent en fonction de leur position par rapport au pouvoir!! C&rsquo;est dans ce contexte que s&rsquo;ouvrent ce lundi 27 mai le proc\u00e8s de Bah Diakhat\u00e9 et mardi 28 mai, les assises de la justice, dans le cadre de la Journ\u00e9e nationale du dialogue. Pour le cas de \u00ab\u00a0l&rsquo;activiste r\u00e9publicain\u00a0\u00bb, il est tout de m\u00eame incongru de poursuivre quelqu&rsquo;un pour un d\u00e9lit pour lequel la personne suppos\u00e9e offens\u00e9e a clairement indiqu\u00e9 n&rsquo;avoir pas parl\u00e9 en tant que Chef du gouvernement mais en tant que chef d&rsquo;un parti politique!! D&rsquo;ailleurs, lui-m\u00eame (Ousmane Sonko) dans pareil cas hier, disait que le d\u00e9lit d&rsquo;offense ne saurait prosp\u00e9rer si la personne offens\u00e9e n&rsquo;a pas port\u00e9 plainte!! Pour les Assises de la justice, il serait bien d&rsquo;inviter Monsieur le pr\u00e9sident de la R\u00e9publique et les 263 invit\u00e9s \u00e0 \u00e9viter de perdre leur temps en allant d\u00e9poussi\u00e9rer \u00ab\u00a0le Rapport du Comit\u00e9 de Concertation sur la Modernisation de la Justice\u00a0\u00bb d&rsquo;avril 2018!!! Tout y est, il ne reste qu&rsquo;\u00e0 les appliquer pour une justice r\u00e9concili\u00e9e avec les citoyens. Avec les Assises de la Justice, le pr\u00e9sident Diomaye devrait s&rsquo;\u00e9viter de tomber dans une d\u00e9marche qui ne tient pas compte du sens des urgences ni de l&rsquo;ordre des priorit\u00e9s, et surtout de nous faire perdre du temps en voulant r\u00e9inventer la roue. \u00c9vitons de faire de ces assises une arme de distraction massive pour d\u00e9tourner l&rsquo;attention du peuple des vraies questions et des vraies urgences. Tout est dans ce rapport de 2018 \u00e9labor\u00e9 sous le magist\u00e8re de Souleymane Teliko, pr\u00e9sident de l&rsquo;Union des magistrats du S\u00e9n\u00e9gal (UMS). D&rsquo;ailleurs bon nombre de ceux qui participeront aux conclaves des nouvelles autorit\u00e9s ont eu \u00e0 participer aux assises de 2018. On peut citer Pr Isaac Yankhoba Ndiaye, Pr Babacar Gueye, Serigne Diop, Badio Camara, &#8230;. Par Bachir Fofana","og_url":"https:\/\/www.public.sn\/index.php\/2024\/05\/26\/lettre-au-president-diomaye-gagnons-du-temps-passons-nous-des-assises-de-la-distraction-par-bachir-fofana\/","og_site_name":"LE PUBLIC","article_published_time":"2024-05-26T20:04:15+00:00","article_modified_time":"2024-05-26T20:05:12+00:00","og_image":[{"width":924,"height":612,"url":"https:\/\/www.public.sn\/wp-content\/uploads\/2024\/05\/Bachir-Fofana-g.jpg","type":"image\/jpeg"}],"author":"LA REDACTION","twitter_card":"summary_large_image","twitter_misc":{"\u00c9crit par":"LA REDACTION","Dur\u00e9e de lecture estim\u00e9e":"3 minutes"},"schema":{"@context":"https:\/\/schema.org","@graph":[{"@type":"Article","@id":"https:\/\/www.public.sn\/index.php\/2024\/05\/26\/lettre-au-president-diomaye-gagnons-du-temps-passons-nous-des-assises-de-la-distraction-par-bachir-fofana\/#article","isPartOf":{"@id":"https:\/\/www.public.sn\/index.php\/2024\/05\/26\/lettre-au-president-diomaye-gagnons-du-temps-passons-nous-des-assises-de-la-distraction-par-bachir-fofana\/"},"author":{"name":"LA REDACTION","@id":"https:\/\/www.public.sn\/#\/schema\/person\/e3f4a11b037d4203902db148f9bc8d5a"},"headline":"Lettre au pr\u00e9sident Diomaye : \u00ab\u00a0Gagnons du temps, passons-nous des assises de la distraction!!!\u00a0\u00bb (Par Bachir FOFANA)","datePublished":"2024-05-26T20:04:15+00:00","dateModified":"2024-05-26T20:05:12+00:00","mainEntityOfPage":{"@id":"https:\/\/www.public.sn\/index.php\/2024\/05\/26\/lettre-au-president-diomaye-gagnons-du-temps-passons-nous-des-assises-de-la-distraction-par-bachir-fofana\/"},"wordCount":443,"commentCount":0,"publisher":{"@id":"https:\/\/www.public.sn\/#organization"},"image":{"@id":"https:\/\/www.public.sn\/index.php\/2024\/05\/26\/lettre-au-president-diomaye-gagnons-du-temps-passons-nous-des-assises-de-la-distraction-par-bachir-fofana\/#primaryimage"},"thumbnailUrl":"https:\/\/www.public.sn\/wp-content\/uploads\/2024\/05\/Bachir-Fofana-g.jpg","keywords":["Bachir Fofana"],"articleSection":["CONTRIBUTIONS"],"inLanguage":"fr-FR","potentialAction":[{"@type":"CommentAction","name":"Comment","target":["https:\/\/www.public.sn\/index.php\/2024\/05\/26\/lettre-au-president-diomaye-gagnons-du-temps-passons-nous-des-assises-de-la-distraction-par-bachir-fofana\/#respond"]}]},{"@type":"WebPage","@id":"https:\/\/www.public.sn\/index.php\/2024\/05\/26\/lettre-au-president-diomaye-gagnons-du-temps-passons-nous-des-assises-de-la-distraction-par-bachir-fofana\/","url":"https:\/\/www.public.sn\/index.php\/2024\/05\/26\/lettre-au-president-diomaye-gagnons-du-temps-passons-nous-des-assises-de-la-distraction-par-bachir-fofana\/","name":"Lettre au pr\u00e9sident Diomaye : \"Gagnons du temps, passons-nous des assises de la distraction!!!\" (Par Bachir FOFANA) - LE PUBLIC","isPartOf":{"@id":"https:\/\/www.public.sn\/#website"},"primaryImageOfPage":{"@id":"https:\/\/www.public.sn\/index.php\/2024\/05\/26\/lettre-au-president-diomaye-gagnons-du-temps-passons-nous-des-assises-de-la-distraction-par-bachir-fofana\/#primaryimage"},"image":{"@id":"https:\/\/www.public.sn\/index.php\/2024\/05\/26\/lettre-au-president-diomaye-gagnons-du-temps-passons-nous-des-assises-de-la-distraction-par-bachir-fofana\/#primaryimage"},"thumbnailUrl":"https:\/\/www.public.sn\/wp-content\/uploads\/2024\/05\/Bachir-Fofana-g.jpg","datePublished":"2024-05-26T20:04:15+00:00","dateModified":"2024-05-26T20:05:12+00:00","breadcrumb":{"@id":"https:\/\/www.public.sn\/index.php\/2024\/05\/26\/lettre-au-president-diomaye-gagnons-du-temps-passons-nous-des-assises-de-la-distraction-par-bachir-fofana\/#breadcrumb"},"inLanguage":"fr-FR","potentialAction":[{"@type":"ReadAction","target":["https:\/\/www.public.sn\/index.php\/2024\/05\/26\/lettre-au-president-diomaye-gagnons-du-temps-passons-nous-des-assises-de-la-distraction-par-bachir-fofana\/"]}]},{"@type":"ImageObject","inLanguage":"fr-FR","@id":"https:\/\/www.public.sn\/index.php\/2024\/05\/26\/lettre-au-president-diomaye-gagnons-du-temps-passons-nous-des-assises-de-la-distraction-par-bachir-fofana\/#primaryimage","url":"https:\/\/www.public.sn\/wp-content\/uploads\/2024\/05\/Bachir-Fofana-g.jpg","contentUrl":"https:\/\/www.public.sn\/wp-content\/uploads\/2024\/05\/Bachir-Fofana-g.jpg","width":924,"height":612},{"@type":"BreadcrumbList","@id":"https:\/\/www.public.sn\/index.php\/2024\/05\/26\/lettre-au-president-diomaye-gagnons-du-temps-passons-nous-des-assises-de-la-distraction-par-bachir-fofana\/#breadcrumb","itemListElement":[{"@type":"ListItem","position":1,"name":"Accueil","item":"https:\/\/www.public.sn\/"},{"@type":"ListItem","position":2,"name":"Lettre au pr\u00e9sident Diomaye : \u00ab\u00a0Gagnons du temps, passons-nous des assises de la distraction!!!\u00a0\u00bb (Par Bachir FOFANA)"}]},{"@type":"WebSite","@id":"https:\/\/www.public.sn\/#website","url":"https:\/\/www.public.sn\/","name":"LE PUBLIC","description":"","publisher":{"@id":"https:\/\/www.public.sn\/#organization"},"potentialAction":[{"@type":"SearchAction","target":{"@type":"EntryPoint","urlTemplate":"https:\/\/www.public.sn\/?s={search_term_string}"},"query-input":{"@type":"PropertyValueSpecification","valueRequired":true,"valueName":"search_term_string"}}],"inLanguage":"fr-FR"},{"@type":"Organization","@id":"https:\/\/www.public.sn\/#organization","name":"LE PUBLIC","url":"https:\/\/www.public.sn\/","logo":{"@type":"ImageObject","inLanguage":"fr-FR","@id":"https:\/\/www.public.sn\/#\/schema\/logo\/image\/","url":"https:\/\/www.public.sn\/wp-content\/uploads\/2024\/05\/cropped-LOGO-PUBLIC.SN_.png","contentUrl":"https:\/\/www.public.sn\/wp-content\/uploads\/2024\/05\/cropped-LOGO-PUBLIC.SN_.png","width":682,"height":192,"caption":"LE PUBLIC"},"image":{"@id":"https:\/\/www.public.sn\/#\/schema\/logo\/image\/"}},{"@type":"Person","@id":"https:\/\/www.public.sn\/#\/schema\/person\/e3f4a11b037d4203902db148f9bc8d5a","name":"LA REDACTION","image":{"@type":"ImageObject","inLanguage":"fr-FR","@id":"https:\/\/www.public.sn\/#\/schema\/person\/image\/","url":"https:\/\/secure.gravatar.com\/avatar\/d6c030db45db2883c075085c5d6c6258654a801a93766b49af0b82d4f454e2a5?s=96&d=mm&r=g","contentUrl":"https:\/\/secure.gravatar.com\/avatar\/d6c030db45db2883c075085c5d6c6258654a801a93766b49af0b82d4f454e2a5?s=96&d=mm&r=g","caption":"LA REDACTION"},"sameAs":["http:\/\/www.public.sn"],"url":"https:\/\/www.public.sn\/index.php\/author\/admin7324\/"}]}},"jetpack_featured_media_url":"https:\/\/www.public.sn\/wp-content\/uploads\/2024\/05\/Bachir-Fofana-g.jpg","jetpack_sharing_enabled":true,"_links":{"self":[{"href":"https:\/\/www.public.sn\/index.php\/wp-json\/wp\/v2\/posts\/32944","targetHints":{"allow":["GET"]}}],"collection":[{"href":"https:\/\/www.public.sn\/index.php\/wp-json\/wp\/v2\/posts"}],"about":[{"href":"https:\/\/www.public.sn\/index.php\/wp-json\/wp\/v2\/types\/post"}],"author":[{"embeddable":true,"href":"https:\/\/www.public.sn\/index.php\/wp-json\/wp\/v2\/users\/1"}],"replies":[{"embeddable":true,"href":"https:\/\/www.public.sn\/index.php\/wp-json\/wp\/v2\/comments?post=32944"}],"version-history":[{"count":2,"href":"https:\/\/www.public.sn\/index.php\/wp-json\/wp\/v2\/posts\/32944\/revisions"}],"predecessor-version":[{"id":32947,"href":"https:\/\/www.public.sn\/index.php\/wp-json\/wp\/v2\/posts\/32944\/revisions\/32947"}],"wp:featuredmedia":[{"embeddable":true,"href":"https:\/\/www.public.sn\/index.php\/wp-json\/wp\/v2\/media\/32945"}],"wp:attachment":[{"href":"https:\/\/www.public.sn\/index.php\/wp-json\/wp\/v2\/media?parent=32944"}],"wp:term":[{"taxonomy":"category","embeddable":true,"href":"https:\/\/www.public.sn\/index.php\/wp-json\/wp\/v2\/categories?post=32944"},{"taxonomy":"post_tag","embeddable":true,"href":"https:\/\/www.public.sn\/index.php\/wp-json\/wp\/v2\/tags?post=32944"}],"curies":[{"name":"wp","href":"https:\/\/api.w.org\/{rel}","templated":true}]}}