{"id":32957,"date":"2024-05-27T13:06:13","date_gmt":"2024-05-27T13:06:13","guid":{"rendered":"https:\/\/www.public.sn\/?p=32957"},"modified":"2024-05-27T13:06:13","modified_gmt":"2024-05-27T13:06:13","slug":"mouhamadou-lamine-massaly-assises-de-la-justice-sont-des-enfantillages-une-farce-de-mauvais-gout","status":"publish","type":"post","link":"https:\/\/www.public.sn\/index.php\/2024\/05\/27\/mouhamadou-lamine-massaly-assises-de-la-justice-sont-des-enfantillages-une-farce-de-mauvais-gout\/","title":{"rendered":"Mouhamadou Lamine Massaly: \u00ab\u00a0Assises de la justice sont des enfantillages, une farce de mauvais go\u00fbt\u00a0\u00bb"},"content":{"rendered":"<div class=\"titre\">\n<h3 class=\"access\">Les assises dites de la justice annonc\u00e9e par les nouvelles autorit\u00e9s gouvernementales ne rencontrent pas l&rsquo;assentiment d&rsquo;une bonne frange d&rsquo;acteurs politiques et, surtout, les opposants. Le leader du parti Union Pour une Nouvelle R\u00e9publique (UNR) ne s&rsquo;est pas dans la dentelle pour d\u00e9noncer ce qu&rsquo;il appelle \u00ab\u00a0de la diversion, des enfantillages et une farce de mauvais go\u00fbt.<\/h3>\n<\/div>\n<div class=\"chapeau\">\n<h3>Mouhamadou Lamine Massaly d\u00e9clare:\u00a0\u00bbAu S\u00e9n\u00e9gal, le ridicule ne tue vraiment pas sinon comment comprendre l&rsquo;attitude des nouveaux tenants du pouvoir? Ceux-l\u00e0 qui appellent \u00e0 des assises de la justice, aujourd&rsquo;hui, ont \u00e9t\u00e9 les premiers \u00e0 faire entorse \u00e0 la marche de notre justice.<\/h3>\n<h3 class=\"access\">Ousmane Sonko et Cie ont toujours tenu des propos r\u00e9dhibitoires, voire irr\u00e9v\u00e9rencieux \u00e0 l&rsquo;\u00e9gard de la loi et de ceux qui l&rsquo;incarnent. Ils n&rsquo;ont jamais vou\u00e9 du respect \u00e0 nos braves magistrats. Ils sont mal plac\u00e9s pour nous parler d&rsquo;assises de la justice par ce qu&rsquo;ils ont honteusement particip\u00e9 \u00e0 ternir l&rsquo;image lisse de nos juridictions\u00a0\u00bb, lance Mouhamadou Lamine Massaly.<\/h3>\n<h3 class=\"access\">Ainsi, il corse son argumentaire, en pr\u00e9cisant que les insultes et injures de Sonko et ses partisans \u00e0 l&rsquo;endroit de la Police, de la Gendarmerie et de nos magistrats sont encore fra\u00eeches dans nos m\u00e9moires. Cela ne date pas de l&rsquo;\u00e9poque des dinosaures. \u00ab Qu&rsquo;ils arr\u00eatent donc leurs enfantillages et farce de mauvais go\u00fbt. Le comble de l&rsquo;ironie, c&rsquo;est que sur plus de 300 partis politiques au S\u00e9n\u00e9gal, ils ont d\u00e9cid\u00e9 de convoquer une dizaine pour mener concertations allant dans ce sens. \u00c7a, c&rsquo;est tout sauf s\u00e9rieux\u00a0\u00bb, se d\u00e9sole le leader de l&rsquo;UNR.<\/h3>\n<\/div>\n<div class=\"publi-apres-le-contenu\" style=\"margin-top: 10px;margin-bottom: 10px;margin-left: auto;margin-right: auto;text-align: center;\" id=\"publi-3313339447\"><div class=\"publi-adlabel\">Publicit\u00e9<\/div><script async src=\"\/\/pagead2.googlesyndication.com\/pagead\/js\/adsbygoogle.js?client=ca-pub-4089586018074219\" crossorigin=\"anonymous\"><\/script><ins class=\"adsbygoogle\" style=\"display:block;\" data-ad-client=\"ca-pub-4089586018074219\" \ndata-ad-slot=\"2087940154\" \ndata-ad-format=\"auto\"><\/ins>\n<script> \n(adsbygoogle = window.adsbygoogle || []).push({}); \n<\/script>\n<\/div>","protected":false},"excerpt":{"rendered":"<p>Les assises dites de la justice annonc\u00e9e par les nouvelles autorit\u00e9s gouvernementales ne rencontrent pas l&rsquo;assentiment d&rsquo;une bonne frange d&rsquo;acteurs politiques et, surtout, les opposants. Le leader du parti Union Pour une Nouvelle R\u00e9publique (UNR) ne s&rsquo;est pas dans la dentelle pour d\u00e9noncer ce qu&rsquo;il appelle \u00ab\u00a0de la diversion, des enfantillages et une farce de mauvais go\u00fbt. Mouhamadou Lamine Massaly d\u00e9clare:\u00a0\u00bbAu S\u00e9n\u00e9gal, le ridicule ne tue vraiment pas sinon comment comprendre l&rsquo;attitude des nouveaux tenants du pouvoir? Ceux-l\u00e0 qui appellent \u00e0 des assises de la justice, aujourd&rsquo;hui, ont \u00e9t\u00e9 les premiers \u00e0 faire entorse \u00e0 la marche de notre justice. Ousmane Sonko et Cie ont toujours tenu des propos r\u00e9dhibitoires, voire irr\u00e9v\u00e9rencieux \u00e0 l&rsquo;\u00e9gard de la loi et de ceux qui l&rsquo;incarnent. Ils n&rsquo;ont jamais vou\u00e9 du respect \u00e0 nos braves magistrats. Ils sont mal plac\u00e9s pour nous parler d&rsquo;assises de la justice par ce qu&rsquo;ils ont honteusement particip\u00e9 \u00e0 ternir l&rsquo;image lisse de nos juridictions\u00a0\u00bb, lance Mouhamadou Lamine Massaly. Ainsi, il corse son argumentaire, en pr\u00e9cisant que les insultes et injures de Sonko et ses partisans \u00e0 l&rsquo;endroit de la Police, de la Gendarmerie et de nos magistrats sont encore fra\u00eeches dans nos m\u00e9moires. Cela ne date pas de l&rsquo;\u00e9poque des dinosaures. \u00ab Qu&rsquo;ils arr\u00eatent donc leurs enfantillages et farce de mauvais go\u00fbt. Le comble de l&rsquo;ironie, c&rsquo;est que sur plus de 300 partis politiques au S\u00e9n\u00e9gal, ils ont d\u00e9cid\u00e9 de convoquer une dizaine pour mener concertations allant dans ce sens. \u00c7a, c&rsquo;est tout sauf s\u00e9rieux\u00a0\u00bb, se d\u00e9sole le leader de l&rsquo;UNR.<\/p>\n","protected":false},"author":15,"featured_media":32958,"comment_status":"open","ping_status":"open","sticky":false,"template":"","format":"standard","meta":{"_jetpack_memberships_contains_paid_content":false,"footnotes":""},"categories":[375,3724,376,1],"tags":[24,5678,16,1158,5679],"class_list":["post-32957","post","type-post","status-publish","format-standard","has-post-thumbnail","hentry","category-actualites","category-justice","category-securite-justice","category-non-classe","tag-justice","tag-mouhamadou-lamine-massaly","tag-ousmane-sonko","tag-politique","tag-propos-redhibitoires","entry","has-media","owp-thumbs-layout-horizontal","owp-btn-normal","owp-tabs-layout-horizontal","has-no-thumbnails","has-product-nav"],"yoast_head":"<!-- This site is optimized with the Yoast SEO plugin v25.5 - https:\/\/yoast.com\/wordpress\/plugins\/seo\/ -->\n<title>Mouhamadou Lamine Massaly: &quot;Assises de la justice sont des enfantillages, une farce de mauvais go\u00fbt&quot; - LE PUBLIC<\/title>\n<meta name=\"robots\" content=\"index, follow, max-snippet:-1, max-image-preview:large, max-video-preview:-1\" \/>\n<link rel=\"canonical\" href=\"https:\/\/www.public.sn\/index.php\/2024\/05\/27\/mouhamadou-lamine-massaly-assises-de-la-justice-sont-des-enfantillages-une-farce-de-mauvais-gout\/\" \/>\n<meta property=\"og:locale\" content=\"fr_FR\" \/>\n<meta property=\"og:type\" content=\"article\" \/>\n<meta property=\"og:title\" content=\"Mouhamadou Lamine Massaly: &quot;Assises de la justice sont des enfantillages, une farce de mauvais go\u00fbt&quot; - LE PUBLIC\" \/>\n<meta property=\"og:description\" content=\"Les assises dites de la justice annonc\u00e9e par les nouvelles autorit\u00e9s gouvernementales ne rencontrent pas l&rsquo;assentiment d&rsquo;une bonne frange d&rsquo;acteurs politiques et, surtout, les opposants. Le leader du parti Union Pour une Nouvelle R\u00e9publique (UNR) ne s&rsquo;est pas dans la dentelle pour d\u00e9noncer ce qu&rsquo;il appelle \u00ab\u00a0de la diversion, des enfantillages et une farce de mauvais go\u00fbt. Mouhamadou Lamine Massaly d\u00e9clare:\u00a0\u00bbAu S\u00e9n\u00e9gal, le ridicule ne tue vraiment pas sinon comment comprendre l&rsquo;attitude des nouveaux tenants du pouvoir? Ceux-l\u00e0 qui appellent \u00e0 des assises de la justice, aujourd&rsquo;hui, ont \u00e9t\u00e9 les premiers \u00e0 faire entorse \u00e0 la marche de notre justice. Ousmane Sonko et Cie ont toujours tenu des propos r\u00e9dhibitoires, voire irr\u00e9v\u00e9rencieux \u00e0 l&rsquo;\u00e9gard de la loi et de ceux qui l&rsquo;incarnent. Ils n&rsquo;ont jamais vou\u00e9 du respect \u00e0 nos braves magistrats. Ils sont mal plac\u00e9s pour nous parler d&rsquo;assises de la justice par ce qu&rsquo;ils ont honteusement particip\u00e9 \u00e0 ternir l&rsquo;image lisse de nos juridictions\u00a0\u00bb, lance Mouhamadou Lamine Massaly. Ainsi, il corse son argumentaire, en pr\u00e9cisant que les insultes et injures de Sonko et ses partisans \u00e0 l&rsquo;endroit de la Police, de la Gendarmerie et de nos magistrats sont encore fra\u00eeches dans nos m\u00e9moires. Cela ne date pas de l&rsquo;\u00e9poque des dinosaures. \u00ab Qu&rsquo;ils arr\u00eatent donc leurs enfantillages et farce de mauvais go\u00fbt. Le comble de l&rsquo;ironie, c&rsquo;est que sur plus de 300 partis politiques au S\u00e9n\u00e9gal, ils ont d\u00e9cid\u00e9 de convoquer une dizaine pour mener concertations allant dans ce sens. \u00c7a, c&rsquo;est tout sauf s\u00e9rieux\u00a0\u00bb, se d\u00e9sole le leader de l&rsquo;UNR.\" \/>\n<meta property=\"og:url\" content=\"https:\/\/www.public.sn\/index.php\/2024\/05\/27\/mouhamadou-lamine-massaly-assises-de-la-justice-sont-des-enfantillages-une-farce-de-mauvais-gout\/\" \/>\n<meta property=\"og:site_name\" content=\"LE PUBLIC\" \/>\n<meta property=\"article:published_time\" content=\"2024-05-27T13:06:13+00:00\" \/>\n<meta property=\"og:image\" content=\"https:\/\/www.public.sn\/wp-content\/uploads\/2024\/05\/3506.jpeg\" \/>\n\t<meta property=\"og:image:width\" content=\"371\" \/>\n\t<meta property=\"og:image:height\" content=\"221\" \/>\n\t<meta property=\"og:image:type\" content=\"image\/jpeg\" \/>\n<meta name=\"author\" content=\"Baye Amath THIAM\" \/>\n<meta name=\"twitter:card\" content=\"summary_large_image\" \/>\n<meta name=\"twitter:label1\" content=\"\u00c9crit par\" \/>\n\t<meta name=\"twitter:data1\" content=\"Baye Amath THIAM\" \/>\n\t<meta name=\"twitter:label2\" content=\"Dur\u00e9e de lecture estim\u00e9e\" \/>\n\t<meta name=\"twitter:data2\" content=\"2 minutes\" \/>\n<script type=\"application\/ld+json\" class=\"yoast-schema-graph\">{\"@context\":\"https:\/\/schema.org\",\"@graph\":[{\"@type\":\"Article\",\"@id\":\"https:\/\/www.public.sn\/index.php\/2024\/05\/27\/mouhamadou-lamine-massaly-assises-de-la-justice-sont-des-enfantillages-une-farce-de-mauvais-gout\/#article\",\"isPartOf\":{\"@id\":\"https:\/\/www.public.sn\/index.php\/2024\/05\/27\/mouhamadou-lamine-massaly-assises-de-la-justice-sont-des-enfantillages-une-farce-de-mauvais-gout\/\"},\"author\":{\"name\":\"Baye Amath THIAM\",\"@id\":\"https:\/\/www.public.sn\/#\/schema\/person\/f77cd9ce05d8fb925eb038378ee6899d\"},\"headline\":\"Mouhamadou Lamine Massaly: \u00ab\u00a0Assises de la justice sont des enfantillages, une farce de mauvais go\u00fbt\u00a0\u00bb\",\"datePublished\":\"2024-05-27T13:06:13+00:00\",\"mainEntityOfPage\":{\"@id\":\"https:\/\/www.public.sn\/index.php\/2024\/05\/27\/mouhamadou-lamine-massaly-assises-de-la-justice-sont-des-enfantillages-une-farce-de-mauvais-gout\/\"},\"wordCount\":285,\"commentCount\":0,\"publisher\":{\"@id\":\"https:\/\/www.public.sn\/#organization\"},\"image\":{\"@id\":\"https:\/\/www.public.sn\/index.php\/2024\/05\/27\/mouhamadou-lamine-massaly-assises-de-la-justice-sont-des-enfantillages-une-farce-de-mauvais-gout\/#primaryimage\"},\"thumbnailUrl\":\"https:\/\/www.public.sn\/wp-content\/uploads\/2024\/05\/3506.jpeg\",\"keywords\":[\"Justice\",\"Mouhamadou Lamine Massaly\",\"Ousmane Sonko\",\"politique\",\"propos r\u00e9dhibitoires\"],\"articleSection\":[\"ACTUALIT\u00c9S\",\"justice\",\"S\u00c9CURIT\u00c9 &amp; JUSTICE\",\"S\u00c9N\u00c9GAL\"],\"inLanguage\":\"fr-FR\",\"potentialAction\":[{\"@type\":\"CommentAction\",\"name\":\"Comment\",\"target\":[\"https:\/\/www.public.sn\/index.php\/2024\/05\/27\/mouhamadou-lamine-massaly-assises-de-la-justice-sont-des-enfantillages-une-farce-de-mauvais-gout\/#respond\"]}]},{\"@type\":\"WebPage\",\"@id\":\"https:\/\/www.public.sn\/index.php\/2024\/05\/27\/mouhamadou-lamine-massaly-assises-de-la-justice-sont-des-enfantillages-une-farce-de-mauvais-gout\/\",\"url\":\"https:\/\/www.public.sn\/index.php\/2024\/05\/27\/mouhamadou-lamine-massaly-assises-de-la-justice-sont-des-enfantillages-une-farce-de-mauvais-gout\/\",\"name\":\"Mouhamadou Lamine Massaly: \\\"Assises de la justice sont des enfantillages, une farce de mauvais go\u00fbt\\\" - LE PUBLIC\",\"isPartOf\":{\"@id\":\"https:\/\/www.public.sn\/#website\"},\"primaryImageOfPage\":{\"@id\":\"https:\/\/www.public.sn\/index.php\/2024\/05\/27\/mouhamadou-lamine-massaly-assises-de-la-justice-sont-des-enfantillages-une-farce-de-mauvais-gout\/#primaryimage\"},\"image\":{\"@id\":\"https:\/\/www.public.sn\/index.php\/2024\/05\/27\/mouhamadou-lamine-massaly-assises-de-la-justice-sont-des-enfantillages-une-farce-de-mauvais-gout\/#primaryimage\"},\"thumbnailUrl\":\"https:\/\/www.public.sn\/wp-content\/uploads\/2024\/05\/3506.jpeg\",\"datePublished\":\"2024-05-27T13:06:13+00:00\",\"breadcrumb\":{\"@id\":\"https:\/\/www.public.sn\/index.php\/2024\/05\/27\/mouhamadou-lamine-massaly-assises-de-la-justice-sont-des-enfantillages-une-farce-de-mauvais-gout\/#breadcrumb\"},\"inLanguage\":\"fr-FR\",\"potentialAction\":[{\"@type\":\"ReadAction\",\"target\":[\"https:\/\/www.public.sn\/index.php\/2024\/05\/27\/mouhamadou-lamine-massaly-assises-de-la-justice-sont-des-enfantillages-une-farce-de-mauvais-gout\/\"]}]},{\"@type\":\"ImageObject\",\"inLanguage\":\"fr-FR\",\"@id\":\"https:\/\/www.public.sn\/index.php\/2024\/05\/27\/mouhamadou-lamine-massaly-assises-de-la-justice-sont-des-enfantillages-une-farce-de-mauvais-gout\/#primaryimage\",\"url\":\"https:\/\/www.public.sn\/wp-content\/uploads\/2024\/05\/3506.jpeg\",\"contentUrl\":\"https:\/\/www.public.sn\/wp-content\/uploads\/2024\/05\/3506.jpeg\",\"width\":371,\"height\":221},{\"@type\":\"BreadcrumbList\",\"@id\":\"https:\/\/www.public.sn\/index.php\/2024\/05\/27\/mouhamadou-lamine-massaly-assises-de-la-justice-sont-des-enfantillages-une-farce-de-mauvais-gout\/#breadcrumb\",\"itemListElement\":[{\"@type\":\"ListItem\",\"position\":1,\"name\":\"Accueil\",\"item\":\"https:\/\/www.public.sn\/\"},{\"@type\":\"ListItem\",\"position\":2,\"name\":\"Mouhamadou Lamine Massaly: \u00ab\u00a0Assises de la justice sont des enfantillages, une farce de mauvais go\u00fbt\u00a0\u00bb\"}]},{\"@type\":\"WebSite\",\"@id\":\"https:\/\/www.public.sn\/#website\",\"url\":\"https:\/\/www.public.sn\/\",\"name\":\"LE PUBLIC\",\"description\":\"\",\"publisher\":{\"@id\":\"https:\/\/www.public.sn\/#organization\"},\"potentialAction\":[{\"@type\":\"SearchAction\",\"target\":{\"@type\":\"EntryPoint\",\"urlTemplate\":\"https:\/\/www.public.sn\/?s={search_term_string}\"},\"query-input\":{\"@type\":\"PropertyValueSpecification\",\"valueRequired\":true,\"valueName\":\"search_term_string\"}}],\"inLanguage\":\"fr-FR\"},{\"@type\":\"Organization\",\"@id\":\"https:\/\/www.public.sn\/#organization\",\"name\":\"LE PUBLIC\",\"url\":\"https:\/\/www.public.sn\/\",\"logo\":{\"@type\":\"ImageObject\",\"inLanguage\":\"fr-FR\",\"@id\":\"https:\/\/www.public.sn\/#\/schema\/logo\/image\/\",\"url\":\"https:\/\/www.public.sn\/wp-content\/uploads\/2024\/05\/cropped-LOGO-PUBLIC.SN_.png\",\"contentUrl\":\"https:\/\/www.public.sn\/wp-content\/uploads\/2024\/05\/cropped-LOGO-PUBLIC.SN_.png\",\"width\":682,\"height\":192,\"caption\":\"LE PUBLIC\"},\"image\":{\"@id\":\"https:\/\/www.public.sn\/#\/schema\/logo\/image\/\"}},{\"@type\":\"Person\",\"@id\":\"https:\/\/www.public.sn\/#\/schema\/person\/f77cd9ce05d8fb925eb038378ee6899d\",\"name\":\"Baye Amath THIAM\",\"image\":{\"@type\":\"ImageObject\",\"inLanguage\":\"fr-FR\",\"@id\":\"https:\/\/www.public.sn\/#\/schema\/person\/image\/\",\"url\":\"https:\/\/secure.gravatar.com\/avatar\/7eb863ef1336b6f8a2ad921469701e52f094a61c698fab02f5af742ed813612d?s=96&d=mm&r=g\",\"contentUrl\":\"https:\/\/secure.gravatar.com\/avatar\/7eb863ef1336b6f8a2ad921469701e52f094a61c698fab02f5af742ed813612d?s=96&d=mm&r=g\",\"caption\":\"Baye Amath THIAM\"},\"url\":\"https:\/\/www.public.sn\/index.php\/author\/thiamba24\/\"}]}<\/script>\n<!-- \/ Yoast SEO plugin. -->","yoast_head_json":{"title":"Mouhamadou Lamine Massaly: \"Assises de la justice sont des enfantillages, une farce de mauvais go\u00fbt\" - LE PUBLIC","robots":{"index":"index","follow":"follow","max-snippet":"max-snippet:-1","max-image-preview":"max-image-preview:large","max-video-preview":"max-video-preview:-1"},"canonical":"https:\/\/www.public.sn\/index.php\/2024\/05\/27\/mouhamadou-lamine-massaly-assises-de-la-justice-sont-des-enfantillages-une-farce-de-mauvais-gout\/","og_locale":"fr_FR","og_type":"article","og_title":"Mouhamadou Lamine Massaly: \"Assises de la justice sont des enfantillages, une farce de mauvais go\u00fbt\" - LE PUBLIC","og_description":"Les assises dites de la justice annonc\u00e9e par les nouvelles autorit\u00e9s gouvernementales ne rencontrent pas l&rsquo;assentiment d&rsquo;une bonne frange d&rsquo;acteurs politiques et, surtout, les opposants. Le leader du parti Union Pour une Nouvelle R\u00e9publique (UNR) ne s&rsquo;est pas dans la dentelle pour d\u00e9noncer ce qu&rsquo;il appelle \u00ab\u00a0de la diversion, des enfantillages et une farce de mauvais go\u00fbt. Mouhamadou Lamine Massaly d\u00e9clare:\u00a0\u00bbAu S\u00e9n\u00e9gal, le ridicule ne tue vraiment pas sinon comment comprendre l&rsquo;attitude des nouveaux tenants du pouvoir? Ceux-l\u00e0 qui appellent \u00e0 des assises de la justice, aujourd&rsquo;hui, ont \u00e9t\u00e9 les premiers \u00e0 faire entorse \u00e0 la marche de notre justice. Ousmane Sonko et Cie ont toujours tenu des propos r\u00e9dhibitoires, voire irr\u00e9v\u00e9rencieux \u00e0 l&rsquo;\u00e9gard de la loi et de ceux qui l&rsquo;incarnent. Ils n&rsquo;ont jamais vou\u00e9 du respect \u00e0 nos braves magistrats. Ils sont mal plac\u00e9s pour nous parler d&rsquo;assises de la justice par ce qu&rsquo;ils ont honteusement particip\u00e9 \u00e0 ternir l&rsquo;image lisse de nos juridictions\u00a0\u00bb, lance Mouhamadou Lamine Massaly. Ainsi, il corse son argumentaire, en pr\u00e9cisant que les insultes et injures de Sonko et ses partisans \u00e0 l&rsquo;endroit de la Police, de la Gendarmerie et de nos magistrats sont encore fra\u00eeches dans nos m\u00e9moires. Cela ne date pas de l&rsquo;\u00e9poque des dinosaures. \u00ab Qu&rsquo;ils arr\u00eatent donc leurs enfantillages et farce de mauvais go\u00fbt. Le comble de l&rsquo;ironie, c&rsquo;est que sur plus de 300 partis politiques au S\u00e9n\u00e9gal, ils ont d\u00e9cid\u00e9 de convoquer une dizaine pour mener concertations allant dans ce sens. \u00c7a, c&rsquo;est tout sauf s\u00e9rieux\u00a0\u00bb, se d\u00e9sole le leader de l&rsquo;UNR.","og_url":"https:\/\/www.public.sn\/index.php\/2024\/05\/27\/mouhamadou-lamine-massaly-assises-de-la-justice-sont-des-enfantillages-une-farce-de-mauvais-gout\/","og_site_name":"LE PUBLIC","article_published_time":"2024-05-27T13:06:13+00:00","og_image":[{"width":371,"height":221,"url":"https:\/\/www.public.sn\/wp-content\/uploads\/2024\/05\/3506.jpeg","type":"image\/jpeg"}],"author":"Baye Amath THIAM","twitter_card":"summary_large_image","twitter_misc":{"\u00c9crit par":"Baye Amath THIAM","Dur\u00e9e de lecture estim\u00e9e":"2 minutes"},"schema":{"@context":"https:\/\/schema.org","@graph":[{"@type":"Article","@id":"https:\/\/www.public.sn\/index.php\/2024\/05\/27\/mouhamadou-lamine-massaly-assises-de-la-justice-sont-des-enfantillages-une-farce-de-mauvais-gout\/#article","isPartOf":{"@id":"https:\/\/www.public.sn\/index.php\/2024\/05\/27\/mouhamadou-lamine-massaly-assises-de-la-justice-sont-des-enfantillages-une-farce-de-mauvais-gout\/"},"author":{"name":"Baye Amath THIAM","@id":"https:\/\/www.public.sn\/#\/schema\/person\/f77cd9ce05d8fb925eb038378ee6899d"},"headline":"Mouhamadou Lamine Massaly: \u00ab\u00a0Assises de la justice sont des enfantillages, une farce de mauvais go\u00fbt\u00a0\u00bb","datePublished":"2024-05-27T13:06:13+00:00","mainEntityOfPage":{"@id":"https:\/\/www.public.sn\/index.php\/2024\/05\/27\/mouhamadou-lamine-massaly-assises-de-la-justice-sont-des-enfantillages-une-farce-de-mauvais-gout\/"},"wordCount":285,"commentCount":0,"publisher":{"@id":"https:\/\/www.public.sn\/#organization"},"image":{"@id":"https:\/\/www.public.sn\/index.php\/2024\/05\/27\/mouhamadou-lamine-massaly-assises-de-la-justice-sont-des-enfantillages-une-farce-de-mauvais-gout\/#primaryimage"},"thumbnailUrl":"https:\/\/www.public.sn\/wp-content\/uploads\/2024\/05\/3506.jpeg","keywords":["Justice","Mouhamadou Lamine Massaly","Ousmane Sonko","politique","propos r\u00e9dhibitoires"],"articleSection":["ACTUALIT\u00c9S","justice","S\u00c9CURIT\u00c9 &amp; JUSTICE","S\u00c9N\u00c9GAL"],"inLanguage":"fr-FR","potentialAction":[{"@type":"CommentAction","name":"Comment","target":["https:\/\/www.public.sn\/index.php\/2024\/05\/27\/mouhamadou-lamine-massaly-assises-de-la-justice-sont-des-enfantillages-une-farce-de-mauvais-gout\/#respond"]}]},{"@type":"WebPage","@id":"https:\/\/www.public.sn\/index.php\/2024\/05\/27\/mouhamadou-lamine-massaly-assises-de-la-justice-sont-des-enfantillages-une-farce-de-mauvais-gout\/","url":"https:\/\/www.public.sn\/index.php\/2024\/05\/27\/mouhamadou-lamine-massaly-assises-de-la-justice-sont-des-enfantillages-une-farce-de-mauvais-gout\/","name":"Mouhamadou Lamine Massaly: \"Assises de la justice sont des enfantillages, une farce de mauvais go\u00fbt\" - LE PUBLIC","isPartOf":{"@id":"https:\/\/www.public.sn\/#website"},"primaryImageOfPage":{"@id":"https:\/\/www.public.sn\/index.php\/2024\/05\/27\/mouhamadou-lamine-massaly-assises-de-la-justice-sont-des-enfantillages-une-farce-de-mauvais-gout\/#primaryimage"},"image":{"@id":"https:\/\/www.public.sn\/index.php\/2024\/05\/27\/mouhamadou-lamine-massaly-assises-de-la-justice-sont-des-enfantillages-une-farce-de-mauvais-gout\/#primaryimage"},"thumbnailUrl":"https:\/\/www.public.sn\/wp-content\/uploads\/2024\/05\/3506.jpeg","datePublished":"2024-05-27T13:06:13+00:00","breadcrumb":{"@id":"https:\/\/www.public.sn\/index.php\/2024\/05\/27\/mouhamadou-lamine-massaly-assises-de-la-justice-sont-des-enfantillages-une-farce-de-mauvais-gout\/#breadcrumb"},"inLanguage":"fr-FR","potentialAction":[{"@type":"ReadAction","target":["https:\/\/www.public.sn\/index.php\/2024\/05\/27\/mouhamadou-lamine-massaly-assises-de-la-justice-sont-des-enfantillages-une-farce-de-mauvais-gout\/"]}]},{"@type":"ImageObject","inLanguage":"fr-FR","@id":"https:\/\/www.public.sn\/index.php\/2024\/05\/27\/mouhamadou-lamine-massaly-assises-de-la-justice-sont-des-enfantillages-une-farce-de-mauvais-gout\/#primaryimage","url":"https:\/\/www.public.sn\/wp-content\/uploads\/2024\/05\/3506.jpeg","contentUrl":"https:\/\/www.public.sn\/wp-content\/uploads\/2024\/05\/3506.jpeg","width":371,"height":221},{"@type":"BreadcrumbList","@id":"https:\/\/www.public.sn\/index.php\/2024\/05\/27\/mouhamadou-lamine-massaly-assises-de-la-justice-sont-des-enfantillages-une-farce-de-mauvais-gout\/#breadcrumb","itemListElement":[{"@type":"ListItem","position":1,"name":"Accueil","item":"https:\/\/www.public.sn\/"},{"@type":"ListItem","position":2,"name":"Mouhamadou Lamine Massaly: \u00ab\u00a0Assises de la justice sont des enfantillages, une farce de mauvais go\u00fbt\u00a0\u00bb"}]},{"@type":"WebSite","@id":"https:\/\/www.public.sn\/#website","url":"https:\/\/www.public.sn\/","name":"LE PUBLIC","description":"","publisher":{"@id":"https:\/\/www.public.sn\/#organization"},"potentialAction":[{"@type":"SearchAction","target":{"@type":"EntryPoint","urlTemplate":"https:\/\/www.public.sn\/?s={search_term_string}"},"query-input":{"@type":"PropertyValueSpecification","valueRequired":true,"valueName":"search_term_string"}}],"inLanguage":"fr-FR"},{"@type":"Organization","@id":"https:\/\/www.public.sn\/#organization","name":"LE PUBLIC","url":"https:\/\/www.public.sn\/","logo":{"@type":"ImageObject","inLanguage":"fr-FR","@id":"https:\/\/www.public.sn\/#\/schema\/logo\/image\/","url":"https:\/\/www.public.sn\/wp-content\/uploads\/2024\/05\/cropped-LOGO-PUBLIC.SN_.png","contentUrl":"https:\/\/www.public.sn\/wp-content\/uploads\/2024\/05\/cropped-LOGO-PUBLIC.SN_.png","width":682,"height":192,"caption":"LE PUBLIC"},"image":{"@id":"https:\/\/www.public.sn\/#\/schema\/logo\/image\/"}},{"@type":"Person","@id":"https:\/\/www.public.sn\/#\/schema\/person\/f77cd9ce05d8fb925eb038378ee6899d","name":"Baye Amath THIAM","image":{"@type":"ImageObject","inLanguage":"fr-FR","@id":"https:\/\/www.public.sn\/#\/schema\/person\/image\/","url":"https:\/\/secure.gravatar.com\/avatar\/7eb863ef1336b6f8a2ad921469701e52f094a61c698fab02f5af742ed813612d?s=96&d=mm&r=g","contentUrl":"https:\/\/secure.gravatar.com\/avatar\/7eb863ef1336b6f8a2ad921469701e52f094a61c698fab02f5af742ed813612d?s=96&d=mm&r=g","caption":"Baye Amath THIAM"},"url":"https:\/\/www.public.sn\/index.php\/author\/thiamba24\/"}]}},"jetpack_featured_media_url":"https:\/\/www.public.sn\/wp-content\/uploads\/2024\/05\/3506.jpeg","jetpack_sharing_enabled":true,"_links":{"self":[{"href":"https:\/\/www.public.sn\/index.php\/wp-json\/wp\/v2\/posts\/32957","targetHints":{"allow":["GET"]}}],"collection":[{"href":"https:\/\/www.public.sn\/index.php\/wp-json\/wp\/v2\/posts"}],"about":[{"href":"https:\/\/www.public.sn\/index.php\/wp-json\/wp\/v2\/types\/post"}],"author":[{"embeddable":true,"href":"https:\/\/www.public.sn\/index.php\/wp-json\/wp\/v2\/users\/15"}],"replies":[{"embeddable":true,"href":"https:\/\/www.public.sn\/index.php\/wp-json\/wp\/v2\/comments?post=32957"}],"version-history":[{"count":1,"href":"https:\/\/www.public.sn\/index.php\/wp-json\/wp\/v2\/posts\/32957\/revisions"}],"predecessor-version":[{"id":32959,"href":"https:\/\/www.public.sn\/index.php\/wp-json\/wp\/v2\/posts\/32957\/revisions\/32959"}],"wp:featuredmedia":[{"embeddable":true,"href":"https:\/\/www.public.sn\/index.php\/wp-json\/wp\/v2\/media\/32958"}],"wp:attachment":[{"href":"https:\/\/www.public.sn\/index.php\/wp-json\/wp\/v2\/media?parent=32957"}],"wp:term":[{"taxonomy":"category","embeddable":true,"href":"https:\/\/www.public.sn\/index.php\/wp-json\/wp\/v2\/categories?post=32957"},{"taxonomy":"post_tag","embeddable":true,"href":"https:\/\/www.public.sn\/index.php\/wp-json\/wp\/v2\/tags?post=32957"}],"curies":[{"name":"wp","href":"https:\/\/api.w.org\/{rel}","templated":true}]}}