{"id":32960,"date":"2024-05-27T13:15:33","date_gmt":"2024-05-27T13:15:33","guid":{"rendered":"https:\/\/www.public.sn\/?p=32960"},"modified":"2024-05-27T13:15:33","modified_gmt":"2024-05-27T13:15:33","slug":"le-pm-ousmane-sonko-a-la-fiara-nous-allons-reussir-le-pari-de-lautosuffisance-alimentaire","status":"publish","type":"post","link":"https:\/\/www.public.sn\/index.php\/2024\/05\/27\/le-pm-ousmane-sonko-a-la-fiara-nous-allons-reussir-le-pari-de-lautosuffisance-alimentaire\/","title":{"rendered":"Le Pm Ousmane Sonko \u00e0 la Fiara : \u00ab Nous allons r\u00e9ussir le pari de l\u2019autosuffisance alimentaire \u00bb"},"content":{"rendered":"<p>Le Premier ministre Ousmane Sonko reste convaincu que l\u2019autosuffisance alimentaire est \u00e0 port\u00e9e de main pour le S\u00e9n\u00e9gal. \u00ab\u00a0Le pr\u00e9sident de la R\u00e9publique Bassirou Diomaye Diakhar Faye ne cesse de rappeler toute l\u2019importance du secteur primaire dans le PROJET. Et je peux vous dire que nous allons r\u00e9ussir le pari de l\u2019autosuffisance alimentaire, s\u2019il plait \u00e0 Dieu\u00a0\u00bb, a dit avec assurance, le Pm Ousmane Sonko, samedi dernier, au terme d\u2019une visite guid\u00e9e \u00e0 la Foire internationale de l\u2019agriculture et des ressources animales (Fiara).<\/p><div class=\"publi-paragraphe1\" style=\"margin-top: 10px;margin-bottom: 10px;margin-left: auto;margin-right: auto;text-align: center;\" id=\"publi-3663238884\"><div class=\"publi-adlabel\">Publicit\u00e9<\/div><script async src=\"\/\/pagead2.googlesyndication.com\/pagead\/js\/adsbygoogle.js?client=ca-pub-4089586018074219\" crossorigin=\"anonymous\"><\/script><ins class=\"adsbygoogle\" style=\"display:block;\" data-ad-client=\"ca-pub-4089586018074219\" \ndata-ad-slot=\"2087940154\" \ndata-ad-format=\"auto\"><\/ins>\n<script> \n(adsbygoogle = window.adsbygoogle || []).push({}); \n<\/script>\n<\/div>\n<p>Au cours de cette visite \u00e0 la Fiara organis\u00e9e du 4 au 26 mai courant au Centre international du commerce ext\u00e9rieur du S\u00e9n\u00e9gal (Cices), Ousmane Sonko pense mordicus que l\u2019atteinte de l\u2019autosuffisance alimentaire n\u2019est pas une \u00ab\u00a0t\u00e2che impossible pour le S\u00e9n\u00e9gal, si l\u2019on joue sur plusieurs leviers au rang desquels : Replacer ce secteur au c\u0153ur des pr\u00e9occupations de l\u2019Etat ; consacrer une part importante des ressources budg\u00e9taires \u00e0 cet objectif tout comme d\u2019autres initiatives de financements venant de l\u2019ext\u00e9rieur et surtout bien orienter ces ressources et les utiliser de mani\u00e8re rationnelle\u00a0\u00bb.<\/p>\n<p>Tout ceci devra reposer sur une parfaite \u00ab\u00a0organisation du secteur et la diversification\u00a0\u00bb. Et c\u2019est ce qui explique, selon le Pm, la cr\u00e9ation d\u2019un secr\u00e9tariat d\u2019Etat aux coop\u00e9ratives et \u00e0 l\u2019encadrement paysan, pour mieux organiser ce secteur. \u00ab\u00a0Je suis heureux de voir dans le premier stand des femmes, une bonne repr\u00e9sentation des vari\u00e9t\u00e9s, notamment avec des plats \u00e0 base de riz, de mil, de ma\u00efs, de fonio\u00a0\u00bb. Mieux, \u00ab\u00a0dans le stand de l\u2019Isra, nous avons vu l\u2019exp\u00e9rimentation de la culture du bl\u00e9 sur notre sol, dans la mesure o\u00f9, c\u2019est devenu une question cruciale puisque nous en importons l\u2019int\u00e9gralit\u00e9 de nos besoins. Et \u00e0 chaque fois qu\u2019il y a probl\u00e8me, nous sommes en difficult\u00e9\u00a0\u00bb. Tout ceci ajout\u00e9 \u00e0 l\u2019importance que \u00ab\u00a0nous accordons \u00e0 la recherche, nous am\u00e8ne \u00e0 croire, voire avoir la certitude que nous allons atteindre pour la premi\u00e8re fois, l\u2019autosuffisance alimentaire\u00a0\u00bb, a dit le chef du premier gouvernement du Pr\u00e9sident Bassirou Diomaye Faye.<\/p>\n<p><b>Source: Sud Quotidien<\/b><\/p>\n<div class=\"publi-apres-le-contenu\" style=\"margin-top: 10px;margin-bottom: 10px;margin-left: auto;margin-right: auto;text-align: center;\" id=\"publi-3182057386\"><div class=\"publi-adlabel\">Publicit\u00e9<\/div><script async src=\"\/\/pagead2.googlesyndication.com\/pagead\/js\/adsbygoogle.js?client=ca-pub-4089586018074219\" crossorigin=\"anonymous\"><\/script><ins class=\"adsbygoogle\" style=\"display:block;\" data-ad-client=\"ca-pub-4089586018074219\" \ndata-ad-slot=\"2087940154\" \ndata-ad-format=\"auto\"><\/ins>\n<script> \n(adsbygoogle = window.adsbygoogle || []).push({}); \n<\/script>\n<\/div>","protected":false},"excerpt":{"rendered":"<p>Le Premier ministre Ousmane Sonko reste convaincu que l\u2019autosuffisance alimentaire est \u00e0 port\u00e9e de main pour le S\u00e9n\u00e9gal. \u00ab\u00a0Le pr\u00e9sident de la R\u00e9publique Bassirou Diomaye Diakhar Faye ne cesse de rappeler toute l\u2019importance du secteur primaire dans le PROJET. Et je peux vous dire que nous allons r\u00e9ussir le pari de l\u2019autosuffisance alimentaire, s\u2019il plait \u00e0 Dieu\u00a0\u00bb, a dit avec assurance, le Pm Ousmane Sonko, samedi dernier, au terme d\u2019une visite guid\u00e9e \u00e0 la Foire internationale de l\u2019agriculture et des ressources animales (Fiara). Au cours de cette visite \u00e0 la Fiara organis\u00e9e du 4 au 26 mai courant au Centre international du commerce ext\u00e9rieur du S\u00e9n\u00e9gal (Cices), Ousmane Sonko pense mordicus que l\u2019atteinte de l\u2019autosuffisance alimentaire n\u2019est pas une \u00ab\u00a0t\u00e2che impossible pour le S\u00e9n\u00e9gal, si l\u2019on joue sur plusieurs leviers au rang desquels : Replacer ce secteur au c\u0153ur des pr\u00e9occupations de l\u2019Etat ; consacrer une part importante des ressources budg\u00e9taires \u00e0 cet objectif tout comme d\u2019autres initiatives de financements venant de l\u2019ext\u00e9rieur et surtout bien orienter ces ressources et les utiliser de mani\u00e8re rationnelle\u00a0\u00bb. Tout ceci devra reposer sur une parfaite \u00ab\u00a0organisation du secteur et la diversification\u00a0\u00bb. Et c\u2019est ce qui explique, selon le Pm, la cr\u00e9ation d\u2019un secr\u00e9tariat d\u2019Etat aux coop\u00e9ratives et \u00e0 l\u2019encadrement paysan, pour mieux organiser ce secteur. \u00ab\u00a0Je suis heureux de voir dans le premier stand des femmes, une bonne repr\u00e9sentation des vari\u00e9t\u00e9s, notamment avec des plats \u00e0 base de riz, de mil, de ma\u00efs, de fonio\u00a0\u00bb. Mieux, \u00ab\u00a0dans le stand de l\u2019Isra, nous avons vu l\u2019exp\u00e9rimentation de la culture du bl\u00e9 sur notre sol, dans la mesure o\u00f9, c\u2019est devenu une question cruciale puisque nous en importons l\u2019int\u00e9gralit\u00e9 de nos besoins. Et \u00e0 chaque fois qu\u2019il y a probl\u00e8me, nous sommes en difficult\u00e9\u00a0\u00bb. Tout ceci ajout\u00e9 \u00e0 l\u2019importance que \u00ab\u00a0nous accordons \u00e0 la recherche, nous am\u00e8ne \u00e0 croire, voire avoir la certitude que nous allons atteindre pour la premi\u00e8re fois, l\u2019autosuffisance alimentaire\u00a0\u00bb, a dit le chef du premier gouvernement du Pr\u00e9sident Bassirou Diomaye Faye. Source: Sud Quotidien<\/p>\n","protected":false},"author":15,"featured_media":32961,"comment_status":"open","ping_status":"open","sticky":false,"template":"","format":"standard","meta":{"_jetpack_memberships_contains_paid_content":false,"footnotes":""},"categories":[1],"tags":[5683,5680,5682,16,5681],"class_list":["post-32960","post","type-post","status-publish","format-standard","has-post-thumbnail","hentry","category-non-classe","tag-foire-internationale-de-lagriculture-et-des-ressources-animales-fiara","tag-lautosuffisance-alimentaire","tag-le-president-de-la-republique-bassirou-diomaye-diakhar-faye","tag-ousmane-sonko","tag-visite-a-la-fiara","entry","has-media","owp-thumbs-layout-horizontal","owp-btn-normal","owp-tabs-layout-horizontal","has-no-thumbnails","has-product-nav"],"yoast_head":"<!-- This site is optimized with the Yoast SEO plugin v25.5 - https:\/\/yoast.com\/wordpress\/plugins\/seo\/ -->\n<title>Le Pm Ousmane Sonko \u00e0 la Fiara : \u00ab Nous allons r\u00e9ussir le pari de l\u2019autosuffisance alimentaire \u00bb - LE PUBLIC<\/title>\n<meta name=\"robots\" content=\"index, follow, max-snippet:-1, max-image-preview:large, max-video-preview:-1\" \/>\n<link rel=\"canonical\" href=\"https:\/\/www.public.sn\/index.php\/2024\/05\/27\/le-pm-ousmane-sonko-a-la-fiara-nous-allons-reussir-le-pari-de-lautosuffisance-alimentaire\/\" \/>\n<meta property=\"og:locale\" content=\"fr_FR\" \/>\n<meta property=\"og:type\" content=\"article\" \/>\n<meta property=\"og:title\" content=\"Le Pm Ousmane Sonko \u00e0 la Fiara : \u00ab Nous allons r\u00e9ussir le pari de l\u2019autosuffisance alimentaire \u00bb - LE PUBLIC\" \/>\n<meta property=\"og:description\" content=\"Le Premier ministre Ousmane Sonko reste convaincu que l\u2019autosuffisance alimentaire est \u00e0 port\u00e9e de main pour le S\u00e9n\u00e9gal. \u00ab\u00a0Le pr\u00e9sident de la R\u00e9publique Bassirou Diomaye Diakhar Faye ne cesse de rappeler toute l\u2019importance du secteur primaire dans le PROJET. Et je peux vous dire que nous allons r\u00e9ussir le pari de l\u2019autosuffisance alimentaire, s\u2019il plait \u00e0 Dieu\u00a0\u00bb, a dit avec assurance, le Pm Ousmane Sonko, samedi dernier, au terme d\u2019une visite guid\u00e9e \u00e0 la Foire internationale de l\u2019agriculture et des ressources animales (Fiara). Au cours de cette visite \u00e0 la Fiara organis\u00e9e du 4 au 26 mai courant au Centre international du commerce ext\u00e9rieur du S\u00e9n\u00e9gal (Cices), Ousmane Sonko pense mordicus que l\u2019atteinte de l\u2019autosuffisance alimentaire n\u2019est pas une \u00ab\u00a0t\u00e2che impossible pour le S\u00e9n\u00e9gal, si l\u2019on joue sur plusieurs leviers au rang desquels : Replacer ce secteur au c\u0153ur des pr\u00e9occupations de l\u2019Etat ; consacrer une part importante des ressources budg\u00e9taires \u00e0 cet objectif tout comme d\u2019autres initiatives de financements venant de l\u2019ext\u00e9rieur et surtout bien orienter ces ressources et les utiliser de mani\u00e8re rationnelle\u00a0\u00bb. Tout ceci devra reposer sur une parfaite \u00ab\u00a0organisation du secteur et la diversification\u00a0\u00bb. Et c\u2019est ce qui explique, selon le Pm, la cr\u00e9ation d\u2019un secr\u00e9tariat d\u2019Etat aux coop\u00e9ratives et \u00e0 l\u2019encadrement paysan, pour mieux organiser ce secteur. \u00ab\u00a0Je suis heureux de voir dans le premier stand des femmes, une bonne repr\u00e9sentation des vari\u00e9t\u00e9s, notamment avec des plats \u00e0 base de riz, de mil, de ma\u00efs, de fonio\u00a0\u00bb. Mieux, \u00ab\u00a0dans le stand de l\u2019Isra, nous avons vu l\u2019exp\u00e9rimentation de la culture du bl\u00e9 sur notre sol, dans la mesure o\u00f9, c\u2019est devenu une question cruciale puisque nous en importons l\u2019int\u00e9gralit\u00e9 de nos besoins. Et \u00e0 chaque fois qu\u2019il y a probl\u00e8me, nous sommes en difficult\u00e9\u00a0\u00bb. Tout ceci ajout\u00e9 \u00e0 l\u2019importance que \u00ab\u00a0nous accordons \u00e0 la recherche, nous am\u00e8ne \u00e0 croire, voire avoir la certitude que nous allons atteindre pour la premi\u00e8re fois, l\u2019autosuffisance alimentaire\u00a0\u00bb, a dit le chef du premier gouvernement du Pr\u00e9sident Bassirou Diomaye Faye. Source: Sud Quotidien\" \/>\n<meta property=\"og:url\" content=\"https:\/\/www.public.sn\/index.php\/2024\/05\/27\/le-pm-ousmane-sonko-a-la-fiara-nous-allons-reussir-le-pari-de-lautosuffisance-alimentaire\/\" \/>\n<meta property=\"og:site_name\" content=\"LE PUBLIC\" \/>\n<meta property=\"article:published_time\" content=\"2024-05-27T13:15:33+00:00\" \/>\n<meta property=\"og:image\" content=\"https:\/\/www.public.sn\/wp-content\/uploads\/2024\/05\/Ousmane-Sonko-FIARA.jpeg\" \/>\n\t<meta property=\"og:image:width\" content=\"1280\" \/>\n\t<meta property=\"og:image:height\" content=\"847\" \/>\n\t<meta property=\"og:image:type\" content=\"image\/jpeg\" \/>\n<meta name=\"author\" content=\"Baye Amath THIAM\" \/>\n<meta name=\"twitter:card\" content=\"summary_large_image\" \/>\n<meta name=\"twitter:label1\" content=\"\u00c9crit par\" \/>\n\t<meta name=\"twitter:data1\" content=\"Baye Amath THIAM\" \/>\n\t<meta name=\"twitter:label2\" content=\"Dur\u00e9e de lecture estim\u00e9e\" \/>\n\t<meta name=\"twitter:data2\" content=\"2 minutes\" \/>\n<script type=\"application\/ld+json\" class=\"yoast-schema-graph\">{\"@context\":\"https:\/\/schema.org\",\"@graph\":[{\"@type\":\"Article\",\"@id\":\"https:\/\/www.public.sn\/index.php\/2024\/05\/27\/le-pm-ousmane-sonko-a-la-fiara-nous-allons-reussir-le-pari-de-lautosuffisance-alimentaire\/#article\",\"isPartOf\":{\"@id\":\"https:\/\/www.public.sn\/index.php\/2024\/05\/27\/le-pm-ousmane-sonko-a-la-fiara-nous-allons-reussir-le-pari-de-lautosuffisance-alimentaire\/\"},\"author\":{\"name\":\"Baye Amath THIAM\",\"@id\":\"https:\/\/www.public.sn\/#\/schema\/person\/f77cd9ce05d8fb925eb038378ee6899d\"},\"headline\":\"Le Pm Ousmane Sonko \u00e0 la Fiara : \u00ab Nous allons r\u00e9ussir le pari de l\u2019autosuffisance alimentaire \u00bb\",\"datePublished\":\"2024-05-27T13:15:33+00:00\",\"mainEntityOfPage\":{\"@id\":\"https:\/\/www.public.sn\/index.php\/2024\/05\/27\/le-pm-ousmane-sonko-a-la-fiara-nous-allons-reussir-le-pari-de-lautosuffisance-alimentaire\/\"},\"wordCount\":390,\"commentCount\":0,\"publisher\":{\"@id\":\"https:\/\/www.public.sn\/#organization\"},\"image\":{\"@id\":\"https:\/\/www.public.sn\/index.php\/2024\/05\/27\/le-pm-ousmane-sonko-a-la-fiara-nous-allons-reussir-le-pari-de-lautosuffisance-alimentaire\/#primaryimage\"},\"thumbnailUrl\":\"https:\/\/www.public.sn\/wp-content\/uploads\/2024\/05\/Ousmane-Sonko-FIARA.jpeg\",\"keywords\":[\"Foire internationale de l\u2019agriculture et des ressources animales (Fiara).\",\"l\u2019autosuffisance alimentaire\",\"Le pr\u00e9sident de la R\u00e9publique Bassirou Diomaye Diakhar Faye\",\"Ousmane Sonko\",\"visite \u00e0 la Fiara\"],\"articleSection\":[\"S\u00c9N\u00c9GAL\"],\"inLanguage\":\"fr-FR\",\"potentialAction\":[{\"@type\":\"CommentAction\",\"name\":\"Comment\",\"target\":[\"https:\/\/www.public.sn\/index.php\/2024\/05\/27\/le-pm-ousmane-sonko-a-la-fiara-nous-allons-reussir-le-pari-de-lautosuffisance-alimentaire\/#respond\"]}]},{\"@type\":\"WebPage\",\"@id\":\"https:\/\/www.public.sn\/index.php\/2024\/05\/27\/le-pm-ousmane-sonko-a-la-fiara-nous-allons-reussir-le-pari-de-lautosuffisance-alimentaire\/\",\"url\":\"https:\/\/www.public.sn\/index.php\/2024\/05\/27\/le-pm-ousmane-sonko-a-la-fiara-nous-allons-reussir-le-pari-de-lautosuffisance-alimentaire\/\",\"name\":\"Le Pm Ousmane Sonko \u00e0 la Fiara : \u00ab Nous allons r\u00e9ussir le pari de l\u2019autosuffisance alimentaire \u00bb - LE PUBLIC\",\"isPartOf\":{\"@id\":\"https:\/\/www.public.sn\/#website\"},\"primaryImageOfPage\":{\"@id\":\"https:\/\/www.public.sn\/index.php\/2024\/05\/27\/le-pm-ousmane-sonko-a-la-fiara-nous-allons-reussir-le-pari-de-lautosuffisance-alimentaire\/#primaryimage\"},\"image\":{\"@id\":\"https:\/\/www.public.sn\/index.php\/2024\/05\/27\/le-pm-ousmane-sonko-a-la-fiara-nous-allons-reussir-le-pari-de-lautosuffisance-alimentaire\/#primaryimage\"},\"thumbnailUrl\":\"https:\/\/www.public.sn\/wp-content\/uploads\/2024\/05\/Ousmane-Sonko-FIARA.jpeg\",\"datePublished\":\"2024-05-27T13:15:33+00:00\",\"breadcrumb\":{\"@id\":\"https:\/\/www.public.sn\/index.php\/2024\/05\/27\/le-pm-ousmane-sonko-a-la-fiara-nous-allons-reussir-le-pari-de-lautosuffisance-alimentaire\/#breadcrumb\"},\"inLanguage\":\"fr-FR\",\"potentialAction\":[{\"@type\":\"ReadAction\",\"target\":[\"https:\/\/www.public.sn\/index.php\/2024\/05\/27\/le-pm-ousmane-sonko-a-la-fiara-nous-allons-reussir-le-pari-de-lautosuffisance-alimentaire\/\"]}]},{\"@type\":\"ImageObject\",\"inLanguage\":\"fr-FR\",\"@id\":\"https:\/\/www.public.sn\/index.php\/2024\/05\/27\/le-pm-ousmane-sonko-a-la-fiara-nous-allons-reussir-le-pari-de-lautosuffisance-alimentaire\/#primaryimage\",\"url\":\"https:\/\/www.public.sn\/wp-content\/uploads\/2024\/05\/Ousmane-Sonko-FIARA.jpeg\",\"contentUrl\":\"https:\/\/www.public.sn\/wp-content\/uploads\/2024\/05\/Ousmane-Sonko-FIARA.jpeg\",\"width\":1280,\"height\":847},{\"@type\":\"BreadcrumbList\",\"@id\":\"https:\/\/www.public.sn\/index.php\/2024\/05\/27\/le-pm-ousmane-sonko-a-la-fiara-nous-allons-reussir-le-pari-de-lautosuffisance-alimentaire\/#breadcrumb\",\"itemListElement\":[{\"@type\":\"ListItem\",\"position\":1,\"name\":\"Accueil\",\"item\":\"https:\/\/www.public.sn\/\"},{\"@type\":\"ListItem\",\"position\":2,\"name\":\"Le Pm Ousmane Sonko \u00e0 la Fiara : \u00ab Nous allons r\u00e9ussir le pari de l\u2019autosuffisance alimentaire \u00bb\"}]},{\"@type\":\"WebSite\",\"@id\":\"https:\/\/www.public.sn\/#website\",\"url\":\"https:\/\/www.public.sn\/\",\"name\":\"LE PUBLIC\",\"description\":\"\",\"publisher\":{\"@id\":\"https:\/\/www.public.sn\/#organization\"},\"potentialAction\":[{\"@type\":\"SearchAction\",\"target\":{\"@type\":\"EntryPoint\",\"urlTemplate\":\"https:\/\/www.public.sn\/?s={search_term_string}\"},\"query-input\":{\"@type\":\"PropertyValueSpecification\",\"valueRequired\":true,\"valueName\":\"search_term_string\"}}],\"inLanguage\":\"fr-FR\"},{\"@type\":\"Organization\",\"@id\":\"https:\/\/www.public.sn\/#organization\",\"name\":\"LE PUBLIC\",\"url\":\"https:\/\/www.public.sn\/\",\"logo\":{\"@type\":\"ImageObject\",\"inLanguage\":\"fr-FR\",\"@id\":\"https:\/\/www.public.sn\/#\/schema\/logo\/image\/\",\"url\":\"https:\/\/www.public.sn\/wp-content\/uploads\/2024\/05\/cropped-LOGO-PUBLIC.SN_.png\",\"contentUrl\":\"https:\/\/www.public.sn\/wp-content\/uploads\/2024\/05\/cropped-LOGO-PUBLIC.SN_.png\",\"width\":682,\"height\":192,\"caption\":\"LE PUBLIC\"},\"image\":{\"@id\":\"https:\/\/www.public.sn\/#\/schema\/logo\/image\/\"}},{\"@type\":\"Person\",\"@id\":\"https:\/\/www.public.sn\/#\/schema\/person\/f77cd9ce05d8fb925eb038378ee6899d\",\"name\":\"Baye Amath THIAM\",\"image\":{\"@type\":\"ImageObject\",\"inLanguage\":\"fr-FR\",\"@id\":\"https:\/\/www.public.sn\/#\/schema\/person\/image\/\",\"url\":\"https:\/\/secure.gravatar.com\/avatar\/7eb863ef1336b6f8a2ad921469701e52f094a61c698fab02f5af742ed813612d?s=96&d=mm&r=g\",\"contentUrl\":\"https:\/\/secure.gravatar.com\/avatar\/7eb863ef1336b6f8a2ad921469701e52f094a61c698fab02f5af742ed813612d?s=96&d=mm&r=g\",\"caption\":\"Baye Amath THIAM\"},\"url\":\"https:\/\/www.public.sn\/index.php\/author\/thiamba24\/\"}]}<\/script>\n<!-- \/ Yoast SEO plugin. -->","yoast_head_json":{"title":"Le Pm Ousmane Sonko \u00e0 la Fiara : \u00ab Nous allons r\u00e9ussir le pari de l\u2019autosuffisance alimentaire \u00bb - LE PUBLIC","robots":{"index":"index","follow":"follow","max-snippet":"max-snippet:-1","max-image-preview":"max-image-preview:large","max-video-preview":"max-video-preview:-1"},"canonical":"https:\/\/www.public.sn\/index.php\/2024\/05\/27\/le-pm-ousmane-sonko-a-la-fiara-nous-allons-reussir-le-pari-de-lautosuffisance-alimentaire\/","og_locale":"fr_FR","og_type":"article","og_title":"Le Pm Ousmane Sonko \u00e0 la Fiara : \u00ab Nous allons r\u00e9ussir le pari de l\u2019autosuffisance alimentaire \u00bb - LE PUBLIC","og_description":"Le Premier ministre Ousmane Sonko reste convaincu que l\u2019autosuffisance alimentaire est \u00e0 port\u00e9e de main pour le S\u00e9n\u00e9gal. \u00ab\u00a0Le pr\u00e9sident de la R\u00e9publique Bassirou Diomaye Diakhar Faye ne cesse de rappeler toute l\u2019importance du secteur primaire dans le PROJET. Et je peux vous dire que nous allons r\u00e9ussir le pari de l\u2019autosuffisance alimentaire, s\u2019il plait \u00e0 Dieu\u00a0\u00bb, a dit avec assurance, le Pm Ousmane Sonko, samedi dernier, au terme d\u2019une visite guid\u00e9e \u00e0 la Foire internationale de l\u2019agriculture et des ressources animales (Fiara). Au cours de cette visite \u00e0 la Fiara organis\u00e9e du 4 au 26 mai courant au Centre international du commerce ext\u00e9rieur du S\u00e9n\u00e9gal (Cices), Ousmane Sonko pense mordicus que l\u2019atteinte de l\u2019autosuffisance alimentaire n\u2019est pas une \u00ab\u00a0t\u00e2che impossible pour le S\u00e9n\u00e9gal, si l\u2019on joue sur plusieurs leviers au rang desquels : Replacer ce secteur au c\u0153ur des pr\u00e9occupations de l\u2019Etat ; consacrer une part importante des ressources budg\u00e9taires \u00e0 cet objectif tout comme d\u2019autres initiatives de financements venant de l\u2019ext\u00e9rieur et surtout bien orienter ces ressources et les utiliser de mani\u00e8re rationnelle\u00a0\u00bb. Tout ceci devra reposer sur une parfaite \u00ab\u00a0organisation du secteur et la diversification\u00a0\u00bb. Et c\u2019est ce qui explique, selon le Pm, la cr\u00e9ation d\u2019un secr\u00e9tariat d\u2019Etat aux coop\u00e9ratives et \u00e0 l\u2019encadrement paysan, pour mieux organiser ce secteur. \u00ab\u00a0Je suis heureux de voir dans le premier stand des femmes, une bonne repr\u00e9sentation des vari\u00e9t\u00e9s, notamment avec des plats \u00e0 base de riz, de mil, de ma\u00efs, de fonio\u00a0\u00bb. Mieux, \u00ab\u00a0dans le stand de l\u2019Isra, nous avons vu l\u2019exp\u00e9rimentation de la culture du bl\u00e9 sur notre sol, dans la mesure o\u00f9, c\u2019est devenu une question cruciale puisque nous en importons l\u2019int\u00e9gralit\u00e9 de nos besoins. Et \u00e0 chaque fois qu\u2019il y a probl\u00e8me, nous sommes en difficult\u00e9\u00a0\u00bb. Tout ceci ajout\u00e9 \u00e0 l\u2019importance que \u00ab\u00a0nous accordons \u00e0 la recherche, nous am\u00e8ne \u00e0 croire, voire avoir la certitude que nous allons atteindre pour la premi\u00e8re fois, l\u2019autosuffisance alimentaire\u00a0\u00bb, a dit le chef du premier gouvernement du Pr\u00e9sident Bassirou Diomaye Faye. Source: Sud Quotidien","og_url":"https:\/\/www.public.sn\/index.php\/2024\/05\/27\/le-pm-ousmane-sonko-a-la-fiara-nous-allons-reussir-le-pari-de-lautosuffisance-alimentaire\/","og_site_name":"LE PUBLIC","article_published_time":"2024-05-27T13:15:33+00:00","og_image":[{"width":1280,"height":847,"url":"https:\/\/www.public.sn\/wp-content\/uploads\/2024\/05\/Ousmane-Sonko-FIARA.jpeg","type":"image\/jpeg"}],"author":"Baye Amath THIAM","twitter_card":"summary_large_image","twitter_misc":{"\u00c9crit par":"Baye Amath THIAM","Dur\u00e9e de lecture estim\u00e9e":"2 minutes"},"schema":{"@context":"https:\/\/schema.org","@graph":[{"@type":"Article","@id":"https:\/\/www.public.sn\/index.php\/2024\/05\/27\/le-pm-ousmane-sonko-a-la-fiara-nous-allons-reussir-le-pari-de-lautosuffisance-alimentaire\/#article","isPartOf":{"@id":"https:\/\/www.public.sn\/index.php\/2024\/05\/27\/le-pm-ousmane-sonko-a-la-fiara-nous-allons-reussir-le-pari-de-lautosuffisance-alimentaire\/"},"author":{"name":"Baye Amath THIAM","@id":"https:\/\/www.public.sn\/#\/schema\/person\/f77cd9ce05d8fb925eb038378ee6899d"},"headline":"Le Pm Ousmane Sonko \u00e0 la Fiara : \u00ab Nous allons r\u00e9ussir le pari de l\u2019autosuffisance alimentaire \u00bb","datePublished":"2024-05-27T13:15:33+00:00","mainEntityOfPage":{"@id":"https:\/\/www.public.sn\/index.php\/2024\/05\/27\/le-pm-ousmane-sonko-a-la-fiara-nous-allons-reussir-le-pari-de-lautosuffisance-alimentaire\/"},"wordCount":390,"commentCount":0,"publisher":{"@id":"https:\/\/www.public.sn\/#organization"},"image":{"@id":"https:\/\/www.public.sn\/index.php\/2024\/05\/27\/le-pm-ousmane-sonko-a-la-fiara-nous-allons-reussir-le-pari-de-lautosuffisance-alimentaire\/#primaryimage"},"thumbnailUrl":"https:\/\/www.public.sn\/wp-content\/uploads\/2024\/05\/Ousmane-Sonko-FIARA.jpeg","keywords":["Foire internationale de l\u2019agriculture et des ressources animales (Fiara).","l\u2019autosuffisance alimentaire","Le pr\u00e9sident de la R\u00e9publique Bassirou Diomaye Diakhar Faye","Ousmane Sonko","visite \u00e0 la Fiara"],"articleSection":["S\u00c9N\u00c9GAL"],"inLanguage":"fr-FR","potentialAction":[{"@type":"CommentAction","name":"Comment","target":["https:\/\/www.public.sn\/index.php\/2024\/05\/27\/le-pm-ousmane-sonko-a-la-fiara-nous-allons-reussir-le-pari-de-lautosuffisance-alimentaire\/#respond"]}]},{"@type":"WebPage","@id":"https:\/\/www.public.sn\/index.php\/2024\/05\/27\/le-pm-ousmane-sonko-a-la-fiara-nous-allons-reussir-le-pari-de-lautosuffisance-alimentaire\/","url":"https:\/\/www.public.sn\/index.php\/2024\/05\/27\/le-pm-ousmane-sonko-a-la-fiara-nous-allons-reussir-le-pari-de-lautosuffisance-alimentaire\/","name":"Le Pm Ousmane Sonko \u00e0 la Fiara : \u00ab Nous allons r\u00e9ussir le pari de l\u2019autosuffisance alimentaire \u00bb - LE PUBLIC","isPartOf":{"@id":"https:\/\/www.public.sn\/#website"},"primaryImageOfPage":{"@id":"https:\/\/www.public.sn\/index.php\/2024\/05\/27\/le-pm-ousmane-sonko-a-la-fiara-nous-allons-reussir-le-pari-de-lautosuffisance-alimentaire\/#primaryimage"},"image":{"@id":"https:\/\/www.public.sn\/index.php\/2024\/05\/27\/le-pm-ousmane-sonko-a-la-fiara-nous-allons-reussir-le-pari-de-lautosuffisance-alimentaire\/#primaryimage"},"thumbnailUrl":"https:\/\/www.public.sn\/wp-content\/uploads\/2024\/05\/Ousmane-Sonko-FIARA.jpeg","datePublished":"2024-05-27T13:15:33+00:00","breadcrumb":{"@id":"https:\/\/www.public.sn\/index.php\/2024\/05\/27\/le-pm-ousmane-sonko-a-la-fiara-nous-allons-reussir-le-pari-de-lautosuffisance-alimentaire\/#breadcrumb"},"inLanguage":"fr-FR","potentialAction":[{"@type":"ReadAction","target":["https:\/\/www.public.sn\/index.php\/2024\/05\/27\/le-pm-ousmane-sonko-a-la-fiara-nous-allons-reussir-le-pari-de-lautosuffisance-alimentaire\/"]}]},{"@type":"ImageObject","inLanguage":"fr-FR","@id":"https:\/\/www.public.sn\/index.php\/2024\/05\/27\/le-pm-ousmane-sonko-a-la-fiara-nous-allons-reussir-le-pari-de-lautosuffisance-alimentaire\/#primaryimage","url":"https:\/\/www.public.sn\/wp-content\/uploads\/2024\/05\/Ousmane-Sonko-FIARA.jpeg","contentUrl":"https:\/\/www.public.sn\/wp-content\/uploads\/2024\/05\/Ousmane-Sonko-FIARA.jpeg","width":1280,"height":847},{"@type":"BreadcrumbList","@id":"https:\/\/www.public.sn\/index.php\/2024\/05\/27\/le-pm-ousmane-sonko-a-la-fiara-nous-allons-reussir-le-pari-de-lautosuffisance-alimentaire\/#breadcrumb","itemListElement":[{"@type":"ListItem","position":1,"name":"Accueil","item":"https:\/\/www.public.sn\/"},{"@type":"ListItem","position":2,"name":"Le Pm Ousmane Sonko \u00e0 la Fiara : \u00ab Nous allons r\u00e9ussir le pari de l\u2019autosuffisance alimentaire \u00bb"}]},{"@type":"WebSite","@id":"https:\/\/www.public.sn\/#website","url":"https:\/\/www.public.sn\/","name":"LE PUBLIC","description":"","publisher":{"@id":"https:\/\/www.public.sn\/#organization"},"potentialAction":[{"@type":"SearchAction","target":{"@type":"EntryPoint","urlTemplate":"https:\/\/www.public.sn\/?s={search_term_string}"},"query-input":{"@type":"PropertyValueSpecification","valueRequired":true,"valueName":"search_term_string"}}],"inLanguage":"fr-FR"},{"@type":"Organization","@id":"https:\/\/www.public.sn\/#organization","name":"LE PUBLIC","url":"https:\/\/www.public.sn\/","logo":{"@type":"ImageObject","inLanguage":"fr-FR","@id":"https:\/\/www.public.sn\/#\/schema\/logo\/image\/","url":"https:\/\/www.public.sn\/wp-content\/uploads\/2024\/05\/cropped-LOGO-PUBLIC.SN_.png","contentUrl":"https:\/\/www.public.sn\/wp-content\/uploads\/2024\/05\/cropped-LOGO-PUBLIC.SN_.png","width":682,"height":192,"caption":"LE PUBLIC"},"image":{"@id":"https:\/\/www.public.sn\/#\/schema\/logo\/image\/"}},{"@type":"Person","@id":"https:\/\/www.public.sn\/#\/schema\/person\/f77cd9ce05d8fb925eb038378ee6899d","name":"Baye Amath THIAM","image":{"@type":"ImageObject","inLanguage":"fr-FR","@id":"https:\/\/www.public.sn\/#\/schema\/person\/image\/","url":"https:\/\/secure.gravatar.com\/avatar\/7eb863ef1336b6f8a2ad921469701e52f094a61c698fab02f5af742ed813612d?s=96&d=mm&r=g","contentUrl":"https:\/\/secure.gravatar.com\/avatar\/7eb863ef1336b6f8a2ad921469701e52f094a61c698fab02f5af742ed813612d?s=96&d=mm&r=g","caption":"Baye Amath THIAM"},"url":"https:\/\/www.public.sn\/index.php\/author\/thiamba24\/"}]}},"jetpack_featured_media_url":"https:\/\/www.public.sn\/wp-content\/uploads\/2024\/05\/Ousmane-Sonko-FIARA.jpeg","jetpack_sharing_enabled":true,"_links":{"self":[{"href":"https:\/\/www.public.sn\/index.php\/wp-json\/wp\/v2\/posts\/32960","targetHints":{"allow":["GET"]}}],"collection":[{"href":"https:\/\/www.public.sn\/index.php\/wp-json\/wp\/v2\/posts"}],"about":[{"href":"https:\/\/www.public.sn\/index.php\/wp-json\/wp\/v2\/types\/post"}],"author":[{"embeddable":true,"href":"https:\/\/www.public.sn\/index.php\/wp-json\/wp\/v2\/users\/15"}],"replies":[{"embeddable":true,"href":"https:\/\/www.public.sn\/index.php\/wp-json\/wp\/v2\/comments?post=32960"}],"version-history":[{"count":1,"href":"https:\/\/www.public.sn\/index.php\/wp-json\/wp\/v2\/posts\/32960\/revisions"}],"predecessor-version":[{"id":32962,"href":"https:\/\/www.public.sn\/index.php\/wp-json\/wp\/v2\/posts\/32960\/revisions\/32962"}],"wp:featuredmedia":[{"embeddable":true,"href":"https:\/\/www.public.sn\/index.php\/wp-json\/wp\/v2\/media\/32961"}],"wp:attachment":[{"href":"https:\/\/www.public.sn\/index.php\/wp-json\/wp\/v2\/media?parent=32960"}],"wp:term":[{"taxonomy":"category","embeddable":true,"href":"https:\/\/www.public.sn\/index.php\/wp-json\/wp\/v2\/categories?post=32960"},{"taxonomy":"post_tag","embeddable":true,"href":"https:\/\/www.public.sn\/index.php\/wp-json\/wp\/v2\/tags?post=32960"}],"curies":[{"name":"wp","href":"https:\/\/api.w.org\/{rel}","templated":true}]}}