{"id":32983,"date":"2024-05-28T18:14:12","date_gmt":"2024-05-28T18:14:12","guid":{"rendered":"https:\/\/www.public.sn\/?p=32983"},"modified":"2024-05-28T18:14:12","modified_gmt":"2024-05-28T18:14:12","slug":"assises-de-la-justice-les-nouveaux-chantiers-du-president-diomaye-faye","status":"publish","type":"post","link":"https:\/\/www.public.sn\/index.php\/2024\/05\/28\/assises-de-la-justice-les-nouveaux-chantiers-du-president-diomaye-faye\/","title":{"rendered":"Assises de la justice: Les nouveaux chantiers du pr\u00e9sident Diomaye Faye !"},"content":{"rendered":"<div dir=\"auto\">A l&rsquo;occasion de la c\u00e9r\u00e9monie d&rsquo;ouverture des Assises nationales de la justice, ce Mardi, \u00e0 Diamniadio, le pr\u00e9sident Bassirou Diomaye Faye a d\u00e9voil\u00e9 les grandes lignes de son ambitieux programme de r\u00e9forme en profondeur du syst\u00e8me judiciaire s\u00e9n\u00e9galais.<\/div>\n<div dir=\"auto\"><\/div>\n<div dir=\"auto\">Inspir\u00e9 par une volont\u00e9 in\u00e9branlable de rendre la justice plus accessible et plus \u00e9quitable pour tous les citoyens, le chef de l&rsquo;\u00c9tat a expos\u00e9 sa vision d&rsquo;une justice plus transparente et plus proche des pr\u00e9occupations du peuple. la finalit\u00e9 de cet exercice, selon lui, est de baliser la voie pour une r\u00e9forme pragmatique de notre syst\u00e8me judiciaire, afin qu&rsquo;il inspire davantage confiance aux justiciables et pr\u00e9serve leur dignit\u00e9.<\/div>\n<div dir=\"auto\"><\/div>\n<div dir=\"auto\">Pour ce faire, le pr\u00e9sident Diomaye Faye entend travailler \u00e0 la mise en place d&rsquo;un syst\u00e8me plus transparent de gestion de la carri\u00e8re des magistrats, d&rsquo;un r\u00e9gime de privation de libert\u00e9 mieux encadr\u00e9 et d&rsquo;un dispositif l\u00e9gislatif et institutionnel favorisant la c\u00e9l\u00e9rit\u00e9 dans le traitement des proc\u00e9dures judiciaires.<\/div>\n<div dir=\"auto\"><\/div>\n<div dir=\"auto\">De plus, l&rsquo;humanisation de l&rsquo;univers carc\u00e9ral figure en bonne place dans les priorit\u00e9s du chef de l&rsquo;\u00c9tat. Celui-ci souhaite en effet instituer des plateformes fonctionnelles et am\u00e9liorer le fonctionnement des syst\u00e8mes p\u00e9nitentiaires par l&rsquo;allocation de budgets suffisants et la poursuite des programmes de construction et de r\u00e9habilitation des infrastructures carc\u00e9rales.<\/div>\n<div class=\"publi-apres-le-contenu\" style=\"margin-top: 10px;margin-bottom: 10px;margin-left: auto;margin-right: auto;text-align: center;\" id=\"publi-1049655363\"><div class=\"publi-adlabel\">Publicit\u00e9<\/div><script async src=\"\/\/pagead2.googlesyndication.com\/pagead\/js\/adsbygoogle.js?client=ca-pub-4089586018074219\" crossorigin=\"anonymous\"><\/script><ins class=\"adsbygoogle\" style=\"display:block;\" data-ad-client=\"ca-pub-4089586018074219\" \ndata-ad-slot=\"2087940154\" \ndata-ad-format=\"auto\"><\/ins>\n<script> \n(adsbygoogle = window.adsbygoogle || []).push({}); \n<\/script>\n<\/div>","protected":false},"excerpt":{"rendered":"<p>A l&rsquo;occasion de la c\u00e9r\u00e9monie d&rsquo;ouverture des Assises nationales de la justice, ce Mardi, \u00e0 Diamniadio, le pr\u00e9sident Bassirou Diomaye Faye a d\u00e9voil\u00e9 les grandes lignes de son ambitieux programme de r\u00e9forme en profondeur du syst\u00e8me judiciaire s\u00e9n\u00e9galais. Inspir\u00e9 par une volont\u00e9 in\u00e9branlable de rendre la justice plus accessible et plus \u00e9quitable pour tous les citoyens, le chef de l&rsquo;\u00c9tat a expos\u00e9 sa vision d&rsquo;une justice plus transparente et plus proche des pr\u00e9occupations du peuple. la finalit\u00e9 de cet exercice, selon lui, est de baliser la voie pour une r\u00e9forme pragmatique de notre syst\u00e8me judiciaire, afin qu&rsquo;il inspire davantage confiance aux justiciables et pr\u00e9serve leur dignit\u00e9. Pour ce faire, le pr\u00e9sident Diomaye Faye entend travailler \u00e0 la mise en place d&rsquo;un syst\u00e8me plus transparent de gestion de la carri\u00e8re des magistrats, d&rsquo;un r\u00e9gime de privation de libert\u00e9 mieux encadr\u00e9 et d&rsquo;un dispositif l\u00e9gislatif et institutionnel favorisant la c\u00e9l\u00e9rit\u00e9 dans le traitement des proc\u00e9dures judiciaires. De plus, l&rsquo;humanisation de l&rsquo;univers carc\u00e9ral figure en bonne place dans les priorit\u00e9s du chef de l&rsquo;\u00c9tat. Celui-ci souhaite en effet instituer des plateformes fonctionnelles et am\u00e9liorer le fonctionnement des syst\u00e8mes p\u00e9nitentiaires par l&rsquo;allocation de budgets suffisants et la poursuite des programmes de construction et de r\u00e9habilitation des infrastructures carc\u00e9rales.<\/p>\n","protected":false},"author":15,"featured_media":32984,"comment_status":"open","ping_status":"open","sticky":false,"template":"","format":"standard","meta":{"_jetpack_memberships_contains_paid_content":false,"footnotes":""},"categories":[375,550,3724,376,1],"tags":[5694,283,5692,5693,5695],"class_list":["post-32983","post","type-post","status-publish","format-standard","has-post-thumbnail","hentry","category-actualites","category-afrique-monde","category-justice","category-securite-justice","category-non-classe","tag-assises-de-la-justice","tag-diamniadio","tag-la-ceremonie-douverture-des-assises-nationales-de-la-justice","tag-le-president-bassirou-diomaye-faye","tag-systeme-judiciaire-senegalais","entry","has-media","owp-thumbs-layout-horizontal","owp-btn-normal","owp-tabs-layout-horizontal","has-no-thumbnails","has-product-nav"],"yoast_head":"<!-- This site is optimized with the Yoast SEO plugin v25.5 - https:\/\/yoast.com\/wordpress\/plugins\/seo\/ -->\n<title>Assises de la justice: Les nouveaux chantiers du pr\u00e9sident Diomaye Faye ! - LE PUBLIC<\/title>\n<meta name=\"robots\" content=\"index, follow, max-snippet:-1, max-image-preview:large, max-video-preview:-1\" \/>\n<link rel=\"canonical\" href=\"https:\/\/www.public.sn\/index.php\/2024\/05\/28\/assises-de-la-justice-les-nouveaux-chantiers-du-president-diomaye-faye\/\" \/>\n<meta property=\"og:locale\" content=\"fr_FR\" \/>\n<meta property=\"og:type\" content=\"article\" \/>\n<meta property=\"og:title\" content=\"Assises de la justice: Les nouveaux chantiers du pr\u00e9sident Diomaye Faye ! - LE PUBLIC\" \/>\n<meta property=\"og:description\" content=\"A l&rsquo;occasion de la c\u00e9r\u00e9monie d&rsquo;ouverture des Assises nationales de la justice, ce Mardi, \u00e0 Diamniadio, le pr\u00e9sident Bassirou Diomaye Faye a d\u00e9voil\u00e9 les grandes lignes de son ambitieux programme de r\u00e9forme en profondeur du syst\u00e8me judiciaire s\u00e9n\u00e9galais. Inspir\u00e9 par une volont\u00e9 in\u00e9branlable de rendre la justice plus accessible et plus \u00e9quitable pour tous les citoyens, le chef de l&rsquo;\u00c9tat a expos\u00e9 sa vision d&rsquo;une justice plus transparente et plus proche des pr\u00e9occupations du peuple. la finalit\u00e9 de cet exercice, selon lui, est de baliser la voie pour une r\u00e9forme pragmatique de notre syst\u00e8me judiciaire, afin qu&rsquo;il inspire davantage confiance aux justiciables et pr\u00e9serve leur dignit\u00e9. Pour ce faire, le pr\u00e9sident Diomaye Faye entend travailler \u00e0 la mise en place d&rsquo;un syst\u00e8me plus transparent de gestion de la carri\u00e8re des magistrats, d&rsquo;un r\u00e9gime de privation de libert\u00e9 mieux encadr\u00e9 et d&rsquo;un dispositif l\u00e9gislatif et institutionnel favorisant la c\u00e9l\u00e9rit\u00e9 dans le traitement des proc\u00e9dures judiciaires. De plus, l&rsquo;humanisation de l&rsquo;univers carc\u00e9ral figure en bonne place dans les priorit\u00e9s du chef de l&rsquo;\u00c9tat. Celui-ci souhaite en effet instituer des plateformes fonctionnelles et am\u00e9liorer le fonctionnement des syst\u00e8mes p\u00e9nitentiaires par l&rsquo;allocation de budgets suffisants et la poursuite des programmes de construction et de r\u00e9habilitation des infrastructures carc\u00e9rales.\" \/>\n<meta property=\"og:url\" content=\"https:\/\/www.public.sn\/index.php\/2024\/05\/28\/assises-de-la-justice-les-nouveaux-chantiers-du-president-diomaye-faye\/\" \/>\n<meta property=\"og:site_name\" content=\"LE PUBLIC\" \/>\n<meta property=\"article:published_time\" content=\"2024-05-28T18:14:12+00:00\" \/>\n<meta property=\"og:image\" content=\"https:\/\/www.public.sn\/wp-content\/uploads\/2024\/05\/80595038-58150869.jpeg\" \/>\n\t<meta property=\"og:image:width\" content=\"853\" \/>\n\t<meta property=\"og:image:height\" content=\"853\" \/>\n\t<meta property=\"og:image:type\" content=\"image\/jpeg\" \/>\n<meta name=\"author\" content=\"Baye Amath THIAM\" \/>\n<meta name=\"twitter:card\" content=\"summary_large_image\" \/>\n<meta name=\"twitter:label1\" content=\"\u00c9crit par\" \/>\n\t<meta name=\"twitter:data1\" content=\"Baye Amath THIAM\" \/>\n\t<meta name=\"twitter:label2\" content=\"Dur\u00e9e de lecture estim\u00e9e\" \/>\n\t<meta name=\"twitter:data2\" content=\"2 minutes\" \/>\n<script type=\"application\/ld+json\" class=\"yoast-schema-graph\">{\"@context\":\"https:\/\/schema.org\",\"@graph\":[{\"@type\":\"Article\",\"@id\":\"https:\/\/www.public.sn\/index.php\/2024\/05\/28\/assises-de-la-justice-les-nouveaux-chantiers-du-president-diomaye-faye\/#article\",\"isPartOf\":{\"@id\":\"https:\/\/www.public.sn\/index.php\/2024\/05\/28\/assises-de-la-justice-les-nouveaux-chantiers-du-president-diomaye-faye\/\"},\"author\":{\"name\":\"Baye Amath THIAM\",\"@id\":\"https:\/\/www.public.sn\/#\/schema\/person\/f77cd9ce05d8fb925eb038378ee6899d\"},\"headline\":\"Assises de la justice: Les nouveaux chantiers du pr\u00e9sident Diomaye Faye !\",\"datePublished\":\"2024-05-28T18:14:12+00:00\",\"mainEntityOfPage\":{\"@id\":\"https:\/\/www.public.sn\/index.php\/2024\/05\/28\/assises-de-la-justice-les-nouveaux-chantiers-du-president-diomaye-faye\/\"},\"wordCount\":244,\"commentCount\":0,\"publisher\":{\"@id\":\"https:\/\/www.public.sn\/#organization\"},\"image\":{\"@id\":\"https:\/\/www.public.sn\/index.php\/2024\/05\/28\/assises-de-la-justice-les-nouveaux-chantiers-du-president-diomaye-faye\/#primaryimage\"},\"thumbnailUrl\":\"https:\/\/www.public.sn\/wp-content\/uploads\/2024\/05\/80595038-58150869.jpeg\",\"keywords\":[\"Assises de la justice\",\"Diamniadio\",\"la c\u00e9r\u00e9monie d'ouverture des Assises nationales de la justice\",\"le pr\u00e9sident Bassirou Diomaye Faye\",\"syst\u00e8me judiciaire s\u00e9n\u00e9galais.\"],\"articleSection\":[\"ACTUALIT\u00c9S\",\"AFRIQUE &amp; MONDE\",\"justice\",\"S\u00c9CURIT\u00c9 &amp; JUSTICE\",\"S\u00c9N\u00c9GAL\"],\"inLanguage\":\"fr-FR\",\"potentialAction\":[{\"@type\":\"CommentAction\",\"name\":\"Comment\",\"target\":[\"https:\/\/www.public.sn\/index.php\/2024\/05\/28\/assises-de-la-justice-les-nouveaux-chantiers-du-president-diomaye-faye\/#respond\"]}]},{\"@type\":\"WebPage\",\"@id\":\"https:\/\/www.public.sn\/index.php\/2024\/05\/28\/assises-de-la-justice-les-nouveaux-chantiers-du-president-diomaye-faye\/\",\"url\":\"https:\/\/www.public.sn\/index.php\/2024\/05\/28\/assises-de-la-justice-les-nouveaux-chantiers-du-president-diomaye-faye\/\",\"name\":\"Assises de la justice: Les nouveaux chantiers du pr\u00e9sident Diomaye Faye ! - LE PUBLIC\",\"isPartOf\":{\"@id\":\"https:\/\/www.public.sn\/#website\"},\"primaryImageOfPage\":{\"@id\":\"https:\/\/www.public.sn\/index.php\/2024\/05\/28\/assises-de-la-justice-les-nouveaux-chantiers-du-president-diomaye-faye\/#primaryimage\"},\"image\":{\"@id\":\"https:\/\/www.public.sn\/index.php\/2024\/05\/28\/assises-de-la-justice-les-nouveaux-chantiers-du-president-diomaye-faye\/#primaryimage\"},\"thumbnailUrl\":\"https:\/\/www.public.sn\/wp-content\/uploads\/2024\/05\/80595038-58150869.jpeg\",\"datePublished\":\"2024-05-28T18:14:12+00:00\",\"breadcrumb\":{\"@id\":\"https:\/\/www.public.sn\/index.php\/2024\/05\/28\/assises-de-la-justice-les-nouveaux-chantiers-du-president-diomaye-faye\/#breadcrumb\"},\"inLanguage\":\"fr-FR\",\"potentialAction\":[{\"@type\":\"ReadAction\",\"target\":[\"https:\/\/www.public.sn\/index.php\/2024\/05\/28\/assises-de-la-justice-les-nouveaux-chantiers-du-president-diomaye-faye\/\"]}]},{\"@type\":\"ImageObject\",\"inLanguage\":\"fr-FR\",\"@id\":\"https:\/\/www.public.sn\/index.php\/2024\/05\/28\/assises-de-la-justice-les-nouveaux-chantiers-du-president-diomaye-faye\/#primaryimage\",\"url\":\"https:\/\/www.public.sn\/wp-content\/uploads\/2024\/05\/80595038-58150869.jpeg\",\"contentUrl\":\"https:\/\/www.public.sn\/wp-content\/uploads\/2024\/05\/80595038-58150869.jpeg\",\"width\":853,\"height\":853},{\"@type\":\"BreadcrumbList\",\"@id\":\"https:\/\/www.public.sn\/index.php\/2024\/05\/28\/assises-de-la-justice-les-nouveaux-chantiers-du-president-diomaye-faye\/#breadcrumb\",\"itemListElement\":[{\"@type\":\"ListItem\",\"position\":1,\"name\":\"Accueil\",\"item\":\"https:\/\/www.public.sn\/\"},{\"@type\":\"ListItem\",\"position\":2,\"name\":\"Assises de la justice: Les nouveaux chantiers du pr\u00e9sident Diomaye Faye !\"}]},{\"@type\":\"WebSite\",\"@id\":\"https:\/\/www.public.sn\/#website\",\"url\":\"https:\/\/www.public.sn\/\",\"name\":\"LE PUBLIC\",\"description\":\"\",\"publisher\":{\"@id\":\"https:\/\/www.public.sn\/#organization\"},\"potentialAction\":[{\"@type\":\"SearchAction\",\"target\":{\"@type\":\"EntryPoint\",\"urlTemplate\":\"https:\/\/www.public.sn\/?s={search_term_string}\"},\"query-input\":{\"@type\":\"PropertyValueSpecification\",\"valueRequired\":true,\"valueName\":\"search_term_string\"}}],\"inLanguage\":\"fr-FR\"},{\"@type\":\"Organization\",\"@id\":\"https:\/\/www.public.sn\/#organization\",\"name\":\"LE PUBLIC\",\"url\":\"https:\/\/www.public.sn\/\",\"logo\":{\"@type\":\"ImageObject\",\"inLanguage\":\"fr-FR\",\"@id\":\"https:\/\/www.public.sn\/#\/schema\/logo\/image\/\",\"url\":\"https:\/\/www.public.sn\/wp-content\/uploads\/2024\/05\/cropped-LOGO-PUBLIC.SN_.png\",\"contentUrl\":\"https:\/\/www.public.sn\/wp-content\/uploads\/2024\/05\/cropped-LOGO-PUBLIC.SN_.png\",\"width\":682,\"height\":192,\"caption\":\"LE PUBLIC\"},\"image\":{\"@id\":\"https:\/\/www.public.sn\/#\/schema\/logo\/image\/\"}},{\"@type\":\"Person\",\"@id\":\"https:\/\/www.public.sn\/#\/schema\/person\/f77cd9ce05d8fb925eb038378ee6899d\",\"name\":\"Baye Amath THIAM\",\"image\":{\"@type\":\"ImageObject\",\"inLanguage\":\"fr-FR\",\"@id\":\"https:\/\/www.public.sn\/#\/schema\/person\/image\/\",\"url\":\"https:\/\/secure.gravatar.com\/avatar\/7eb863ef1336b6f8a2ad921469701e52f094a61c698fab02f5af742ed813612d?s=96&d=mm&r=g\",\"contentUrl\":\"https:\/\/secure.gravatar.com\/avatar\/7eb863ef1336b6f8a2ad921469701e52f094a61c698fab02f5af742ed813612d?s=96&d=mm&r=g\",\"caption\":\"Baye Amath THIAM\"},\"url\":\"https:\/\/www.public.sn\/index.php\/author\/thiamba24\/\"}]}<\/script>\n<!-- \/ Yoast SEO plugin. -->","yoast_head_json":{"title":"Assises de la justice: Les nouveaux chantiers du pr\u00e9sident Diomaye Faye ! - LE PUBLIC","robots":{"index":"index","follow":"follow","max-snippet":"max-snippet:-1","max-image-preview":"max-image-preview:large","max-video-preview":"max-video-preview:-1"},"canonical":"https:\/\/www.public.sn\/index.php\/2024\/05\/28\/assises-de-la-justice-les-nouveaux-chantiers-du-president-diomaye-faye\/","og_locale":"fr_FR","og_type":"article","og_title":"Assises de la justice: Les nouveaux chantiers du pr\u00e9sident Diomaye Faye ! - LE PUBLIC","og_description":"A l&rsquo;occasion de la c\u00e9r\u00e9monie d&rsquo;ouverture des Assises nationales de la justice, ce Mardi, \u00e0 Diamniadio, le pr\u00e9sident Bassirou Diomaye Faye a d\u00e9voil\u00e9 les grandes lignes de son ambitieux programme de r\u00e9forme en profondeur du syst\u00e8me judiciaire s\u00e9n\u00e9galais. Inspir\u00e9 par une volont\u00e9 in\u00e9branlable de rendre la justice plus accessible et plus \u00e9quitable pour tous les citoyens, le chef de l&rsquo;\u00c9tat a expos\u00e9 sa vision d&rsquo;une justice plus transparente et plus proche des pr\u00e9occupations du peuple. la finalit\u00e9 de cet exercice, selon lui, est de baliser la voie pour une r\u00e9forme pragmatique de notre syst\u00e8me judiciaire, afin qu&rsquo;il inspire davantage confiance aux justiciables et pr\u00e9serve leur dignit\u00e9. Pour ce faire, le pr\u00e9sident Diomaye Faye entend travailler \u00e0 la mise en place d&rsquo;un syst\u00e8me plus transparent de gestion de la carri\u00e8re des magistrats, d&rsquo;un r\u00e9gime de privation de libert\u00e9 mieux encadr\u00e9 et d&rsquo;un dispositif l\u00e9gislatif et institutionnel favorisant la c\u00e9l\u00e9rit\u00e9 dans le traitement des proc\u00e9dures judiciaires. De plus, l&rsquo;humanisation de l&rsquo;univers carc\u00e9ral figure en bonne place dans les priorit\u00e9s du chef de l&rsquo;\u00c9tat. Celui-ci souhaite en effet instituer des plateformes fonctionnelles et am\u00e9liorer le fonctionnement des syst\u00e8mes p\u00e9nitentiaires par l&rsquo;allocation de budgets suffisants et la poursuite des programmes de construction et de r\u00e9habilitation des infrastructures carc\u00e9rales.","og_url":"https:\/\/www.public.sn\/index.php\/2024\/05\/28\/assises-de-la-justice-les-nouveaux-chantiers-du-president-diomaye-faye\/","og_site_name":"LE PUBLIC","article_published_time":"2024-05-28T18:14:12+00:00","og_image":[{"width":853,"height":853,"url":"https:\/\/www.public.sn\/wp-content\/uploads\/2024\/05\/80595038-58150869.jpeg","type":"image\/jpeg"}],"author":"Baye Amath THIAM","twitter_card":"summary_large_image","twitter_misc":{"\u00c9crit par":"Baye Amath THIAM","Dur\u00e9e de lecture estim\u00e9e":"2 minutes"},"schema":{"@context":"https:\/\/schema.org","@graph":[{"@type":"Article","@id":"https:\/\/www.public.sn\/index.php\/2024\/05\/28\/assises-de-la-justice-les-nouveaux-chantiers-du-president-diomaye-faye\/#article","isPartOf":{"@id":"https:\/\/www.public.sn\/index.php\/2024\/05\/28\/assises-de-la-justice-les-nouveaux-chantiers-du-president-diomaye-faye\/"},"author":{"name":"Baye Amath THIAM","@id":"https:\/\/www.public.sn\/#\/schema\/person\/f77cd9ce05d8fb925eb038378ee6899d"},"headline":"Assises de la justice: Les nouveaux chantiers du pr\u00e9sident Diomaye Faye !","datePublished":"2024-05-28T18:14:12+00:00","mainEntityOfPage":{"@id":"https:\/\/www.public.sn\/index.php\/2024\/05\/28\/assises-de-la-justice-les-nouveaux-chantiers-du-president-diomaye-faye\/"},"wordCount":244,"commentCount":0,"publisher":{"@id":"https:\/\/www.public.sn\/#organization"},"image":{"@id":"https:\/\/www.public.sn\/index.php\/2024\/05\/28\/assises-de-la-justice-les-nouveaux-chantiers-du-president-diomaye-faye\/#primaryimage"},"thumbnailUrl":"https:\/\/www.public.sn\/wp-content\/uploads\/2024\/05\/80595038-58150869.jpeg","keywords":["Assises de la justice","Diamniadio","la c\u00e9r\u00e9monie d'ouverture des Assises nationales de la justice","le pr\u00e9sident Bassirou Diomaye Faye","syst\u00e8me judiciaire s\u00e9n\u00e9galais."],"articleSection":["ACTUALIT\u00c9S","AFRIQUE &amp; MONDE","justice","S\u00c9CURIT\u00c9 &amp; JUSTICE","S\u00c9N\u00c9GAL"],"inLanguage":"fr-FR","potentialAction":[{"@type":"CommentAction","name":"Comment","target":["https:\/\/www.public.sn\/index.php\/2024\/05\/28\/assises-de-la-justice-les-nouveaux-chantiers-du-president-diomaye-faye\/#respond"]}]},{"@type":"WebPage","@id":"https:\/\/www.public.sn\/index.php\/2024\/05\/28\/assises-de-la-justice-les-nouveaux-chantiers-du-president-diomaye-faye\/","url":"https:\/\/www.public.sn\/index.php\/2024\/05\/28\/assises-de-la-justice-les-nouveaux-chantiers-du-president-diomaye-faye\/","name":"Assises de la justice: Les nouveaux chantiers du pr\u00e9sident Diomaye Faye ! - LE PUBLIC","isPartOf":{"@id":"https:\/\/www.public.sn\/#website"},"primaryImageOfPage":{"@id":"https:\/\/www.public.sn\/index.php\/2024\/05\/28\/assises-de-la-justice-les-nouveaux-chantiers-du-president-diomaye-faye\/#primaryimage"},"image":{"@id":"https:\/\/www.public.sn\/index.php\/2024\/05\/28\/assises-de-la-justice-les-nouveaux-chantiers-du-president-diomaye-faye\/#primaryimage"},"thumbnailUrl":"https:\/\/www.public.sn\/wp-content\/uploads\/2024\/05\/80595038-58150869.jpeg","datePublished":"2024-05-28T18:14:12+00:00","breadcrumb":{"@id":"https:\/\/www.public.sn\/index.php\/2024\/05\/28\/assises-de-la-justice-les-nouveaux-chantiers-du-president-diomaye-faye\/#breadcrumb"},"inLanguage":"fr-FR","potentialAction":[{"@type":"ReadAction","target":["https:\/\/www.public.sn\/index.php\/2024\/05\/28\/assises-de-la-justice-les-nouveaux-chantiers-du-president-diomaye-faye\/"]}]},{"@type":"ImageObject","inLanguage":"fr-FR","@id":"https:\/\/www.public.sn\/index.php\/2024\/05\/28\/assises-de-la-justice-les-nouveaux-chantiers-du-president-diomaye-faye\/#primaryimage","url":"https:\/\/www.public.sn\/wp-content\/uploads\/2024\/05\/80595038-58150869.jpeg","contentUrl":"https:\/\/www.public.sn\/wp-content\/uploads\/2024\/05\/80595038-58150869.jpeg","width":853,"height":853},{"@type":"BreadcrumbList","@id":"https:\/\/www.public.sn\/index.php\/2024\/05\/28\/assises-de-la-justice-les-nouveaux-chantiers-du-president-diomaye-faye\/#breadcrumb","itemListElement":[{"@type":"ListItem","position":1,"name":"Accueil","item":"https:\/\/www.public.sn\/"},{"@type":"ListItem","position":2,"name":"Assises de la justice: Les nouveaux chantiers du pr\u00e9sident Diomaye Faye !"}]},{"@type":"WebSite","@id":"https:\/\/www.public.sn\/#website","url":"https:\/\/www.public.sn\/","name":"LE PUBLIC","description":"","publisher":{"@id":"https:\/\/www.public.sn\/#organization"},"potentialAction":[{"@type":"SearchAction","target":{"@type":"EntryPoint","urlTemplate":"https:\/\/www.public.sn\/?s={search_term_string}"},"query-input":{"@type":"PropertyValueSpecification","valueRequired":true,"valueName":"search_term_string"}}],"inLanguage":"fr-FR"},{"@type":"Organization","@id":"https:\/\/www.public.sn\/#organization","name":"LE PUBLIC","url":"https:\/\/www.public.sn\/","logo":{"@type":"ImageObject","inLanguage":"fr-FR","@id":"https:\/\/www.public.sn\/#\/schema\/logo\/image\/","url":"https:\/\/www.public.sn\/wp-content\/uploads\/2024\/05\/cropped-LOGO-PUBLIC.SN_.png","contentUrl":"https:\/\/www.public.sn\/wp-content\/uploads\/2024\/05\/cropped-LOGO-PUBLIC.SN_.png","width":682,"height":192,"caption":"LE PUBLIC"},"image":{"@id":"https:\/\/www.public.sn\/#\/schema\/logo\/image\/"}},{"@type":"Person","@id":"https:\/\/www.public.sn\/#\/schema\/person\/f77cd9ce05d8fb925eb038378ee6899d","name":"Baye Amath THIAM","image":{"@type":"ImageObject","inLanguage":"fr-FR","@id":"https:\/\/www.public.sn\/#\/schema\/person\/image\/","url":"https:\/\/secure.gravatar.com\/avatar\/7eb863ef1336b6f8a2ad921469701e52f094a61c698fab02f5af742ed813612d?s=96&d=mm&r=g","contentUrl":"https:\/\/secure.gravatar.com\/avatar\/7eb863ef1336b6f8a2ad921469701e52f094a61c698fab02f5af742ed813612d?s=96&d=mm&r=g","caption":"Baye Amath THIAM"},"url":"https:\/\/www.public.sn\/index.php\/author\/thiamba24\/"}]}},"jetpack_featured_media_url":"https:\/\/www.public.sn\/wp-content\/uploads\/2024\/05\/80595038-58150869.jpeg","jetpack_sharing_enabled":true,"_links":{"self":[{"href":"https:\/\/www.public.sn\/index.php\/wp-json\/wp\/v2\/posts\/32983","targetHints":{"allow":["GET"]}}],"collection":[{"href":"https:\/\/www.public.sn\/index.php\/wp-json\/wp\/v2\/posts"}],"about":[{"href":"https:\/\/www.public.sn\/index.php\/wp-json\/wp\/v2\/types\/post"}],"author":[{"embeddable":true,"href":"https:\/\/www.public.sn\/index.php\/wp-json\/wp\/v2\/users\/15"}],"replies":[{"embeddable":true,"href":"https:\/\/www.public.sn\/index.php\/wp-json\/wp\/v2\/comments?post=32983"}],"version-history":[{"count":1,"href":"https:\/\/www.public.sn\/index.php\/wp-json\/wp\/v2\/posts\/32983\/revisions"}],"predecessor-version":[{"id":32985,"href":"https:\/\/www.public.sn\/index.php\/wp-json\/wp\/v2\/posts\/32983\/revisions\/32985"}],"wp:featuredmedia":[{"embeddable":true,"href":"https:\/\/www.public.sn\/index.php\/wp-json\/wp\/v2\/media\/32984"}],"wp:attachment":[{"href":"https:\/\/www.public.sn\/index.php\/wp-json\/wp\/v2\/media?parent=32983"}],"wp:term":[{"taxonomy":"category","embeddable":true,"href":"https:\/\/www.public.sn\/index.php\/wp-json\/wp\/v2\/categories?post=32983"},{"taxonomy":"post_tag","embeddable":true,"href":"https:\/\/www.public.sn\/index.php\/wp-json\/wp\/v2\/tags?post=32983"}],"curies":[{"name":"wp","href":"https:\/\/api.w.org\/{rel}","templated":true}]}}