{"id":33023,"date":"2024-05-29T15:31:37","date_gmt":"2024-05-29T15:31:37","guid":{"rendered":"https:\/\/www.public.sn\/?p=33023"},"modified":"2024-05-29T15:31:37","modified_gmt":"2024-05-29T15:31:37","slug":"la-ville-de-guediawaye-a-rabat-pour-le-lancement-de-la-fondation-africaine-pour-lapprentissage-tout-au-long-de-la-vie-photos","status":"publish","type":"post","link":"https:\/\/www.public.sn\/index.php\/2024\/05\/29\/la-ville-de-guediawaye-a-rabat-pour-le-lancement-de-la-fondation-africaine-pour-lapprentissage-tout-au-long-de-la-vie-photos\/","title":{"rendered":"La ville de Gu\u00e9diawaye \u00e0 Rabat pour le lancement de la Fondation Africaine pour l\u2019Apprentissage tout au long de la vie (Photos)"},"content":{"rendered":"<p><strong>Lancement ce mercredi \u00e0 Rabat de la Fondation Africaine pour l\u2019Apprentissage tout au long de la vie. La Ville de Gu\u00e9diawaye qui est membre fondatrice de l\u2019Alliance des Commissions Nationales et des Villes Apprenantes de l\u2019UNESCO est repr\u00e9sent\u00e9e \u00e0 cet important rendez-vous Africain par Mme Ndongo Aminata Ndiaye, cheffe de la Division des comp\u00e9tences transf\u00e9r\u00e9es.<\/strong><\/p><div class=\"publi-paragraphe1\" style=\"margin-top: 10px;margin-bottom: 10px;margin-left: auto;margin-right: auto;text-align: center;\" id=\"publi-429180489\"><div class=\"publi-adlabel\">Publicit\u00e9<\/div><script async src=\"\/\/pagead2.googlesyndication.com\/pagead\/js\/adsbygoogle.js?client=ca-pub-4089586018074219\" crossorigin=\"anonymous\"><\/script><ins class=\"adsbygoogle\" style=\"display:block;\" data-ad-client=\"ca-pub-4089586018074219\" \ndata-ad-slot=\"2087940154\" \ndata-ad-format=\"auto\"><\/ins>\n<script> \n(adsbygoogle = window.adsbygoogle || []).push({}); \n<\/script>\n<\/div>\n<p>L\u2019apprentissage tout au long de la vie est la poursuite continue et volontaire de l\u2019apprentissage, que ce soit pour des raisons personnelles ou professionnelles. Alors la Ville de Gu\u00e9diawaye s\u2019engage \u00e0 favoriser l\u2019apprentissage continue pour toutes les couches de sa population.<br \/>\nLa ville de Gu\u00e9diawaye travaille pour ses mandants.<\/p>\n<p><img fetchpriority=\"high\" decoding=\"async\" class=\"alignnone size-full wp-image-33024\" src=\"https:\/\/www.public.sn\/wp-content\/uploads\/2024\/05\/WhatsApp-Image-2024-05-29-at-11.42.17-5.jpeg\" alt=\"\" width=\"1080\" height=\"845\" srcset=\"https:\/\/www.public.sn\/wp-content\/uploads\/2024\/05\/WhatsApp-Image-2024-05-29-at-11.42.17-5.jpeg 1080w, https:\/\/www.public.sn\/wp-content\/uploads\/2024\/05\/WhatsApp-Image-2024-05-29-at-11.42.17-5-300x235.jpeg 300w, https:\/\/www.public.sn\/wp-content\/uploads\/2024\/05\/WhatsApp-Image-2024-05-29-at-11.42.17-5-1024x801.jpeg 1024w, https:\/\/www.public.sn\/wp-content\/uploads\/2024\/05\/WhatsApp-Image-2024-05-29-at-11.42.17-5-768x601.jpeg 768w, https:\/\/www.public.sn\/wp-content\/uploads\/2024\/05\/WhatsApp-Image-2024-05-29-at-11.42.17-5-600x469.jpeg 600w\" sizes=\"(max-width: 1080px) 100vw, 1080px\" \/><\/p>\n<p><img decoding=\"async\" class=\"alignnone size-full wp-image-33025\" src=\"https:\/\/www.public.sn\/wp-content\/uploads\/2024\/05\/WhatsApp-Image-2024-05-29-at-11.42.17-4.jpeg\" alt=\"\" width=\"810\" height=\"1080\" srcset=\"https:\/\/www.public.sn\/wp-content\/uploads\/2024\/05\/WhatsApp-Image-2024-05-29-at-11.42.17-4.jpeg 810w, https:\/\/www.public.sn\/wp-content\/uploads\/2024\/05\/WhatsApp-Image-2024-05-29-at-11.42.17-4-225x300.jpeg 225w, https:\/\/www.public.sn\/wp-content\/uploads\/2024\/05\/WhatsApp-Image-2024-05-29-at-11.42.17-4-768x1024.jpeg 768w, https:\/\/www.public.sn\/wp-content\/uploads\/2024\/05\/WhatsApp-Image-2024-05-29-at-11.42.17-4-600x800.jpeg 600w\" sizes=\"(max-width: 810px) 100vw, 810px\" \/><\/p>\n<p><img decoding=\"async\" class=\"alignnone size-full wp-image-33026\" src=\"https:\/\/www.public.sn\/wp-content\/uploads\/2024\/05\/WhatsApp-Image-2024-05-29-at-11.42.17-3.jpeg\" alt=\"\" width=\"953\" height=\"1280\" srcset=\"https:\/\/www.public.sn\/wp-content\/uploads\/2024\/05\/WhatsApp-Image-2024-05-29-at-11.42.17-3.jpeg 953w, https:\/\/www.public.sn\/wp-content\/uploads\/2024\/05\/WhatsApp-Image-2024-05-29-at-11.42.17-3-223x300.jpeg 223w, https:\/\/www.public.sn\/wp-content\/uploads\/2024\/05\/WhatsApp-Image-2024-05-29-at-11.42.17-3-762x1024.jpeg 762w, https:\/\/www.public.sn\/wp-content\/uploads\/2024\/05\/WhatsApp-Image-2024-05-29-at-11.42.17-3-768x1032.jpeg 768w, https:\/\/www.public.sn\/wp-content\/uploads\/2024\/05\/WhatsApp-Image-2024-05-29-at-11.42.17-3-600x806.jpeg 600w\" sizes=\"(max-width: 953px) 100vw, 953px\" \/><\/p>\n<p><img loading=\"lazy\" decoding=\"async\" class=\"alignnone size-full wp-image-33027\" src=\"https:\/\/www.public.sn\/wp-content\/uploads\/2024\/05\/WhatsApp-Image-2024-05-29-at-11.42.17-2.jpeg\" alt=\"\" width=\"1080\" height=\"810\" srcset=\"https:\/\/www.public.sn\/wp-content\/uploads\/2024\/05\/WhatsApp-Image-2024-05-29-at-11.42.17-2.jpeg 1080w, https:\/\/www.public.sn\/wp-content\/uploads\/2024\/05\/WhatsApp-Image-2024-05-29-at-11.42.17-2-300x225.jpeg 300w, https:\/\/www.public.sn\/wp-content\/uploads\/2024\/05\/WhatsApp-Image-2024-05-29-at-11.42.17-2-1024x768.jpeg 1024w, https:\/\/www.public.sn\/wp-content\/uploads\/2024\/05\/WhatsApp-Image-2024-05-29-at-11.42.17-2-768x576.jpeg 768w, https:\/\/www.public.sn\/wp-content\/uploads\/2024\/05\/WhatsApp-Image-2024-05-29-at-11.42.17-2-600x450.jpeg 600w\" sizes=\"(max-width: 1080px) 100vw, 1080px\" \/><\/p>\n<p><img loading=\"lazy\" decoding=\"async\" class=\"alignnone size-full wp-image-33028\" src=\"https:\/\/www.public.sn\/wp-content\/uploads\/2024\/05\/WhatsApp-Image-2024-05-29-at-11.42.17-1.jpeg\" alt=\"\" width=\"1080\" height=\"810\" srcset=\"https:\/\/www.public.sn\/wp-content\/uploads\/2024\/05\/WhatsApp-Image-2024-05-29-at-11.42.17-1.jpeg 1080w, https:\/\/www.public.sn\/wp-content\/uploads\/2024\/05\/WhatsApp-Image-2024-05-29-at-11.42.17-1-300x225.jpeg 300w, https:\/\/www.public.sn\/wp-content\/uploads\/2024\/05\/WhatsApp-Image-2024-05-29-at-11.42.17-1-1024x768.jpeg 1024w, https:\/\/www.public.sn\/wp-content\/uploads\/2024\/05\/WhatsApp-Image-2024-05-29-at-11.42.17-1-768x576.jpeg 768w, https:\/\/www.public.sn\/wp-content\/uploads\/2024\/05\/WhatsApp-Image-2024-05-29-at-11.42.17-1-600x450.jpeg 600w\" sizes=\"(max-width: 1080px) 100vw, 1080px\" \/><\/p>\n<p><img loading=\"lazy\" decoding=\"async\" class=\"alignnone size-full wp-image-33029\" src=\"https:\/\/www.public.sn\/wp-content\/uploads\/2024\/05\/WhatsApp-Image-2024-05-29-at-11.42.17.jpeg\" alt=\"\" width=\"810\" height=\"1080\" srcset=\"https:\/\/www.public.sn\/wp-content\/uploads\/2024\/05\/WhatsApp-Image-2024-05-29-at-11.42.17.jpeg 810w, https:\/\/www.public.sn\/wp-content\/uploads\/2024\/05\/WhatsApp-Image-2024-05-29-at-11.42.17-225x300.jpeg 225w, https:\/\/www.public.sn\/wp-content\/uploads\/2024\/05\/WhatsApp-Image-2024-05-29-at-11.42.17-768x1024.jpeg 768w, https:\/\/www.public.sn\/wp-content\/uploads\/2024\/05\/WhatsApp-Image-2024-05-29-at-11.42.17-600x800.jpeg 600w\" sizes=\"(max-width: 810px) 100vw, 810px\" \/><\/p>\n<p><img loading=\"lazy\" decoding=\"async\" class=\"alignnone size-full wp-image-33030\" src=\"https:\/\/www.public.sn\/wp-content\/uploads\/2024\/05\/WhatsApp-Image-2024-05-29-at-11.42.16-2.jpeg\" alt=\"\" width=\"1080\" height=\"1040\" srcset=\"https:\/\/www.public.sn\/wp-content\/uploads\/2024\/05\/WhatsApp-Image-2024-05-29-at-11.42.16-2.jpeg 1080w, https:\/\/www.public.sn\/wp-content\/uploads\/2024\/05\/WhatsApp-Image-2024-05-29-at-11.42.16-2-300x289.jpeg 300w, https:\/\/www.public.sn\/wp-content\/uploads\/2024\/05\/WhatsApp-Image-2024-05-29-at-11.42.16-2-1024x986.jpeg 1024w, https:\/\/www.public.sn\/wp-content\/uploads\/2024\/05\/WhatsApp-Image-2024-05-29-at-11.42.16-2-768x740.jpeg 768w, https:\/\/www.public.sn\/wp-content\/uploads\/2024\/05\/WhatsApp-Image-2024-05-29-at-11.42.16-2-600x578.jpeg 600w\" sizes=\"(max-width: 1080px) 100vw, 1080px\" \/><\/p>\n<p><img loading=\"lazy\" decoding=\"async\" class=\"alignnone size-full wp-image-33031\" src=\"https:\/\/www.public.sn\/wp-content\/uploads\/2024\/05\/WhatsApp-Image-2024-05-29-at-11.42.16-1.jpeg\" alt=\"\" width=\"1080\" height=\"883\" srcset=\"https:\/\/www.public.sn\/wp-content\/uploads\/2024\/05\/WhatsApp-Image-2024-05-29-at-11.42.16-1.jpeg 1080w, https:\/\/www.public.sn\/wp-content\/uploads\/2024\/05\/WhatsApp-Image-2024-05-29-at-11.42.16-1-300x245.jpeg 300w, https:\/\/www.public.sn\/wp-content\/uploads\/2024\/05\/WhatsApp-Image-2024-05-29-at-11.42.16-1-1024x837.jpeg 1024w, https:\/\/www.public.sn\/wp-content\/uploads\/2024\/05\/WhatsApp-Image-2024-05-29-at-11.42.16-1-768x628.jpeg 768w, https:\/\/www.public.sn\/wp-content\/uploads\/2024\/05\/WhatsApp-Image-2024-05-29-at-11.42.16-1-600x491.jpeg 600w\" sizes=\"(max-width: 1080px) 100vw, 1080px\" \/><\/p>\n<p><img loading=\"lazy\" decoding=\"async\" class=\"alignnone size-full wp-image-33032\" src=\"https:\/\/www.public.sn\/wp-content\/uploads\/2024\/05\/WhatsApp-Image-2024-05-29-at-11.42.16.jpeg\" alt=\"\" width=\"1080\" height=\"704\" srcset=\"https:\/\/www.public.sn\/wp-content\/uploads\/2024\/05\/WhatsApp-Image-2024-05-29-at-11.42.16.jpeg 1080w, https:\/\/www.public.sn\/wp-content\/uploads\/2024\/05\/WhatsApp-Image-2024-05-29-at-11.42.16-300x196.jpeg 300w, https:\/\/www.public.sn\/wp-content\/uploads\/2024\/05\/WhatsApp-Image-2024-05-29-at-11.42.16-1024x667.jpeg 1024w, https:\/\/www.public.sn\/wp-content\/uploads\/2024\/05\/WhatsApp-Image-2024-05-29-at-11.42.16-768x501.jpeg 768w, https:\/\/www.public.sn\/wp-content\/uploads\/2024\/05\/WhatsApp-Image-2024-05-29-at-11.42.16-600x391.jpeg 600w\" sizes=\"(max-width: 1080px) 100vw, 1080px\" \/><\/p>\n<div class=\"publi-apres-le-contenu\" style=\"margin-top: 10px;margin-bottom: 10px;margin-left: auto;margin-right: auto;text-align: center;\" id=\"publi-1530192850\"><div class=\"publi-adlabel\">Publicit\u00e9<\/div><script async src=\"\/\/pagead2.googlesyndication.com\/pagead\/js\/adsbygoogle.js?client=ca-pub-4089586018074219\" crossorigin=\"anonymous\"><\/script><ins class=\"adsbygoogle\" style=\"display:block;\" data-ad-client=\"ca-pub-4089586018074219\" \ndata-ad-slot=\"2087940154\" \ndata-ad-format=\"auto\"><\/ins>\n<script> \n(adsbygoogle = window.adsbygoogle || []).push({}); \n<\/script>\n<\/div>","protected":false},"excerpt":{"rendered":"<p>Lancement ce mercredi \u00e0 Rabat de la Fondation Africaine pour l\u2019Apprentissage tout au long de la vie. La Ville de Gu\u00e9diawaye qui est membre fondatrice de l\u2019Alliance des Commissions Nationales et des Villes Apprenantes de l\u2019UNESCO est repr\u00e9sent\u00e9e \u00e0 cet important rendez-vous Africain par Mme Ndongo Aminata Ndiaye, cheffe de la Division des comp\u00e9tences transf\u00e9r\u00e9es. L\u2019apprentissage tout au long de la vie est la poursuite continue et volontaire de l\u2019apprentissage, que ce soit pour des raisons personnelles ou professionnelles. Alors la Ville de Gu\u00e9diawaye s\u2019engage \u00e0 favoriser l\u2019apprentissage continue pour toutes les couches de sa population. La ville de Gu\u00e9diawaye travaille pour ses mandants.<\/p>\n","protected":false},"author":1,"featured_media":33032,"comment_status":"open","ping_status":"open","sticky":false,"template":"","format":"standard","meta":{"_jetpack_memberships_contains_paid_content":false,"footnotes":""},"categories":[872,3],"tags":[331,5723],"class_list":["post-33023","post","type-post","status-publish","format-standard","has-post-thumbnail","hentry","category-photos","category-politique","tag-guediawaye","tag-rabat","entry","has-media","owp-thumbs-layout-horizontal","owp-btn-normal","owp-tabs-layout-horizontal","has-no-thumbnails","has-product-nav"],"yoast_head":"<!-- This site is optimized with the Yoast SEO plugin v25.5 - https:\/\/yoast.com\/wordpress\/plugins\/seo\/ -->\n<title>La ville de Gu\u00e9diawaye \u00e0 Rabat pour le lancement de la Fondation Africaine pour l\u2019Apprentissage tout au long de la vie (Photos) - LE PUBLIC<\/title>\n<meta name=\"description\" content=\"Lancement ce mercredi \u00e0 Rabat de la Fondation Africaine pour l\u2019Apprentissage tout au long de la vie. La Ville de Gu\u00e9diawaye qui est membre fondatrice de l\u2019Alliance des Commissions Nationales et des Villes Apprenantes de l\u2019UNESCO est repr\u00e9sent\u00e9e \u00e0 cet important rendez-vous Africain par Mme Ndongo Aminata Ndiaye, cheffe de la Division des comp\u00e9tences transf\u00e9r\u00e9es.\" \/>\n<meta name=\"robots\" content=\"index, follow, max-snippet:-1, max-image-preview:large, max-video-preview:-1\" \/>\n<link rel=\"canonical\" href=\"https:\/\/www.public.sn\/index.php\/2024\/05\/29\/la-ville-de-guediawaye-a-rabat-pour-le-lancement-de-la-fondation-africaine-pour-lapprentissage-tout-au-long-de-la-vie-photos\/\" \/>\n<meta property=\"og:locale\" content=\"fr_FR\" \/>\n<meta property=\"og:type\" content=\"article\" \/>\n<meta property=\"og:title\" content=\"La ville de Gu\u00e9diawaye \u00e0 Rabat pour le lancement de la Fondation Africaine pour l\u2019Apprentissage tout au long de la vie (Photos) - LE PUBLIC\" \/>\n<meta property=\"og:description\" content=\"Lancement ce mercredi \u00e0 Rabat de la Fondation Africaine pour l\u2019Apprentissage tout au long de la vie. La Ville de Gu\u00e9diawaye qui est membre fondatrice de l\u2019Alliance des Commissions Nationales et des Villes Apprenantes de l\u2019UNESCO est repr\u00e9sent\u00e9e \u00e0 cet important rendez-vous Africain par Mme Ndongo Aminata Ndiaye, cheffe de la Division des comp\u00e9tences transf\u00e9r\u00e9es.\" \/>\n<meta property=\"og:url\" content=\"https:\/\/www.public.sn\/index.php\/2024\/05\/29\/la-ville-de-guediawaye-a-rabat-pour-le-lancement-de-la-fondation-africaine-pour-lapprentissage-tout-au-long-de-la-vie-photos\/\" \/>\n<meta property=\"og:site_name\" content=\"LE PUBLIC\" \/>\n<meta property=\"article:published_time\" content=\"2024-05-29T15:31:37+00:00\" \/>\n<meta property=\"og:image\" content=\"https:\/\/www.public.sn\/wp-content\/uploads\/2024\/05\/WhatsApp-Image-2024-05-29-at-11.42.16.jpeg\" \/>\n\t<meta property=\"og:image:width\" content=\"1080\" \/>\n\t<meta property=\"og:image:height\" content=\"704\" \/>\n\t<meta property=\"og:image:type\" content=\"image\/jpeg\" \/>\n<meta name=\"author\" content=\"LA REDACTION\" \/>\n<meta name=\"twitter:card\" content=\"summary_large_image\" \/>\n<meta name=\"twitter:label1\" content=\"\u00c9crit par\" \/>\n\t<meta name=\"twitter:data1\" content=\"LA REDACTION\" \/>\n\t<meta name=\"twitter:label2\" content=\"Dur\u00e9e de lecture estim\u00e9e\" \/>\n\t<meta name=\"twitter:data2\" content=\"3 minutes\" \/>\n<script type=\"application\/ld+json\" class=\"yoast-schema-graph\">{\"@context\":\"https:\/\/schema.org\",\"@graph\":[{\"@type\":\"Article\",\"@id\":\"https:\/\/www.public.sn\/index.php\/2024\/05\/29\/la-ville-de-guediawaye-a-rabat-pour-le-lancement-de-la-fondation-africaine-pour-lapprentissage-tout-au-long-de-la-vie-photos\/#article\",\"isPartOf\":{\"@id\":\"https:\/\/www.public.sn\/index.php\/2024\/05\/29\/la-ville-de-guediawaye-a-rabat-pour-le-lancement-de-la-fondation-africaine-pour-lapprentissage-tout-au-long-de-la-vie-photos\/\"},\"author\":{\"name\":\"LA REDACTION\",\"@id\":\"https:\/\/www.public.sn\/#\/schema\/person\/e3f4a11b037d4203902db148f9bc8d5a\"},\"headline\":\"La ville de Gu\u00e9diawaye \u00e0 Rabat pour le lancement de la Fondation Africaine pour l\u2019Apprentissage tout au long de la vie (Photos)\",\"datePublished\":\"2024-05-29T15:31:37+00:00\",\"mainEntityOfPage\":{\"@id\":\"https:\/\/www.public.sn\/index.php\/2024\/05\/29\/la-ville-de-guediawaye-a-rabat-pour-le-lancement-de-la-fondation-africaine-pour-lapprentissage-tout-au-long-de-la-vie-photos\/\"},\"wordCount\":139,\"commentCount\":0,\"publisher\":{\"@id\":\"https:\/\/www.public.sn\/#organization\"},\"image\":{\"@id\":\"https:\/\/www.public.sn\/index.php\/2024\/05\/29\/la-ville-de-guediawaye-a-rabat-pour-le-lancement-de-la-fondation-africaine-pour-lapprentissage-tout-au-long-de-la-vie-photos\/#primaryimage\"},\"thumbnailUrl\":\"https:\/\/www.public.sn\/wp-content\/uploads\/2024\/05\/WhatsApp-Image-2024-05-29-at-11.42.16.jpeg\",\"keywords\":[\"Gu\u00e9diawaye\",\"Rabat\"],\"articleSection\":[\"PHOTOS\",\"POLITIQUE\"],\"inLanguage\":\"fr-FR\",\"potentialAction\":[{\"@type\":\"CommentAction\",\"name\":\"Comment\",\"target\":[\"https:\/\/www.public.sn\/index.php\/2024\/05\/29\/la-ville-de-guediawaye-a-rabat-pour-le-lancement-de-la-fondation-africaine-pour-lapprentissage-tout-au-long-de-la-vie-photos\/#respond\"]}]},{\"@type\":\"WebPage\",\"@id\":\"https:\/\/www.public.sn\/index.php\/2024\/05\/29\/la-ville-de-guediawaye-a-rabat-pour-le-lancement-de-la-fondation-africaine-pour-lapprentissage-tout-au-long-de-la-vie-photos\/\",\"url\":\"https:\/\/www.public.sn\/index.php\/2024\/05\/29\/la-ville-de-guediawaye-a-rabat-pour-le-lancement-de-la-fondation-africaine-pour-lapprentissage-tout-au-long-de-la-vie-photos\/\",\"name\":\"La ville de Gu\u00e9diawaye \u00e0 Rabat pour le lancement de la Fondation Africaine pour l\u2019Apprentissage tout au long de la vie (Photos) - LE PUBLIC\",\"isPartOf\":{\"@id\":\"https:\/\/www.public.sn\/#website\"},\"primaryImageOfPage\":{\"@id\":\"https:\/\/www.public.sn\/index.php\/2024\/05\/29\/la-ville-de-guediawaye-a-rabat-pour-le-lancement-de-la-fondation-africaine-pour-lapprentissage-tout-au-long-de-la-vie-photos\/#primaryimage\"},\"image\":{\"@id\":\"https:\/\/www.public.sn\/index.php\/2024\/05\/29\/la-ville-de-guediawaye-a-rabat-pour-le-lancement-de-la-fondation-africaine-pour-lapprentissage-tout-au-long-de-la-vie-photos\/#primaryimage\"},\"thumbnailUrl\":\"https:\/\/www.public.sn\/wp-content\/uploads\/2024\/05\/WhatsApp-Image-2024-05-29-at-11.42.16.jpeg\",\"datePublished\":\"2024-05-29T15:31:37+00:00\",\"description\":\"Lancement ce mercredi \u00e0 Rabat de la Fondation Africaine pour l\u2019Apprentissage tout au long de la vie. La Ville de Gu\u00e9diawaye qui est membre fondatrice de l\u2019Alliance des Commissions Nationales et des Villes Apprenantes de l\u2019UNESCO est repr\u00e9sent\u00e9e \u00e0 cet important rendez-vous Africain par Mme Ndongo Aminata Ndiaye, cheffe de la Division des comp\u00e9tences transf\u00e9r\u00e9es.\",\"breadcrumb\":{\"@id\":\"https:\/\/www.public.sn\/index.php\/2024\/05\/29\/la-ville-de-guediawaye-a-rabat-pour-le-lancement-de-la-fondation-africaine-pour-lapprentissage-tout-au-long-de-la-vie-photos\/#breadcrumb\"},\"inLanguage\":\"fr-FR\",\"potentialAction\":[{\"@type\":\"ReadAction\",\"target\":[\"https:\/\/www.public.sn\/index.php\/2024\/05\/29\/la-ville-de-guediawaye-a-rabat-pour-le-lancement-de-la-fondation-africaine-pour-lapprentissage-tout-au-long-de-la-vie-photos\/\"]}]},{\"@type\":\"ImageObject\",\"inLanguage\":\"fr-FR\",\"@id\":\"https:\/\/www.public.sn\/index.php\/2024\/05\/29\/la-ville-de-guediawaye-a-rabat-pour-le-lancement-de-la-fondation-africaine-pour-lapprentissage-tout-au-long-de-la-vie-photos\/#primaryimage\",\"url\":\"https:\/\/www.public.sn\/wp-content\/uploads\/2024\/05\/WhatsApp-Image-2024-05-29-at-11.42.16.jpeg\",\"contentUrl\":\"https:\/\/www.public.sn\/wp-content\/uploads\/2024\/05\/WhatsApp-Image-2024-05-29-at-11.42.16.jpeg\",\"width\":1080,\"height\":704},{\"@type\":\"BreadcrumbList\",\"@id\":\"https:\/\/www.public.sn\/index.php\/2024\/05\/29\/la-ville-de-guediawaye-a-rabat-pour-le-lancement-de-la-fondation-africaine-pour-lapprentissage-tout-au-long-de-la-vie-photos\/#breadcrumb\",\"itemListElement\":[{\"@type\":\"ListItem\",\"position\":1,\"name\":\"Accueil\",\"item\":\"https:\/\/www.public.sn\/\"},{\"@type\":\"ListItem\",\"position\":2,\"name\":\"La ville de Gu\u00e9diawaye \u00e0 Rabat pour le lancement de la Fondation Africaine pour l\u2019Apprentissage tout au long de la vie (Photos)\"}]},{\"@type\":\"WebSite\",\"@id\":\"https:\/\/www.public.sn\/#website\",\"url\":\"https:\/\/www.public.sn\/\",\"name\":\"LE PUBLIC\",\"description\":\"\",\"publisher\":{\"@id\":\"https:\/\/www.public.sn\/#organization\"},\"potentialAction\":[{\"@type\":\"SearchAction\",\"target\":{\"@type\":\"EntryPoint\",\"urlTemplate\":\"https:\/\/www.public.sn\/?s={search_term_string}\"},\"query-input\":{\"@type\":\"PropertyValueSpecification\",\"valueRequired\":true,\"valueName\":\"search_term_string\"}}],\"inLanguage\":\"fr-FR\"},{\"@type\":\"Organization\",\"@id\":\"https:\/\/www.public.sn\/#organization\",\"name\":\"LE PUBLIC\",\"url\":\"https:\/\/www.public.sn\/\",\"logo\":{\"@type\":\"ImageObject\",\"inLanguage\":\"fr-FR\",\"@id\":\"https:\/\/www.public.sn\/#\/schema\/logo\/image\/\",\"url\":\"https:\/\/www.public.sn\/wp-content\/uploads\/2024\/05\/cropped-LOGO-PUBLIC.SN_.png\",\"contentUrl\":\"https:\/\/www.public.sn\/wp-content\/uploads\/2024\/05\/cropped-LOGO-PUBLIC.SN_.png\",\"width\":682,\"height\":192,\"caption\":\"LE PUBLIC\"},\"image\":{\"@id\":\"https:\/\/www.public.sn\/#\/schema\/logo\/image\/\"}},{\"@type\":\"Person\",\"@id\":\"https:\/\/www.public.sn\/#\/schema\/person\/e3f4a11b037d4203902db148f9bc8d5a\",\"name\":\"LA REDACTION\",\"image\":{\"@type\":\"ImageObject\",\"inLanguage\":\"fr-FR\",\"@id\":\"https:\/\/www.public.sn\/#\/schema\/person\/image\/\",\"url\":\"https:\/\/secure.gravatar.com\/avatar\/d6c030db45db2883c075085c5d6c6258654a801a93766b49af0b82d4f454e2a5?s=96&d=mm&r=g\",\"contentUrl\":\"https:\/\/secure.gravatar.com\/avatar\/d6c030db45db2883c075085c5d6c6258654a801a93766b49af0b82d4f454e2a5?s=96&d=mm&r=g\",\"caption\":\"LA REDACTION\"},\"sameAs\":[\"http:\/\/www.public.sn\"],\"url\":\"https:\/\/www.public.sn\/index.php\/author\/admin7324\/\"}]}<\/script>\n<!-- \/ Yoast SEO plugin. -->","yoast_head_json":{"title":"La ville de Gu\u00e9diawaye \u00e0 Rabat pour le lancement de la Fondation Africaine pour l\u2019Apprentissage tout au long de la vie (Photos) - LE PUBLIC","description":"Lancement ce mercredi \u00e0 Rabat de la Fondation Africaine pour l\u2019Apprentissage tout au long de la vie. La Ville de Gu\u00e9diawaye qui est membre fondatrice de l\u2019Alliance des Commissions Nationales et des Villes Apprenantes de l\u2019UNESCO est repr\u00e9sent\u00e9e \u00e0 cet important rendez-vous Africain par Mme Ndongo Aminata Ndiaye, cheffe de la Division des comp\u00e9tences transf\u00e9r\u00e9es.","robots":{"index":"index","follow":"follow","max-snippet":"max-snippet:-1","max-image-preview":"max-image-preview:large","max-video-preview":"max-video-preview:-1"},"canonical":"https:\/\/www.public.sn\/index.php\/2024\/05\/29\/la-ville-de-guediawaye-a-rabat-pour-le-lancement-de-la-fondation-africaine-pour-lapprentissage-tout-au-long-de-la-vie-photos\/","og_locale":"fr_FR","og_type":"article","og_title":"La ville de Gu\u00e9diawaye \u00e0 Rabat pour le lancement de la Fondation Africaine pour l\u2019Apprentissage tout au long de la vie (Photos) - LE PUBLIC","og_description":"Lancement ce mercredi \u00e0 Rabat de la Fondation Africaine pour l\u2019Apprentissage tout au long de la vie. La Ville de Gu\u00e9diawaye qui est membre fondatrice de l\u2019Alliance des Commissions Nationales et des Villes Apprenantes de l\u2019UNESCO est repr\u00e9sent\u00e9e \u00e0 cet important rendez-vous Africain par Mme Ndongo Aminata Ndiaye, cheffe de la Division des comp\u00e9tences transf\u00e9r\u00e9es.","og_url":"https:\/\/www.public.sn\/index.php\/2024\/05\/29\/la-ville-de-guediawaye-a-rabat-pour-le-lancement-de-la-fondation-africaine-pour-lapprentissage-tout-au-long-de-la-vie-photos\/","og_site_name":"LE PUBLIC","article_published_time":"2024-05-29T15:31:37+00:00","og_image":[{"width":1080,"height":704,"url":"https:\/\/www.public.sn\/wp-content\/uploads\/2024\/05\/WhatsApp-Image-2024-05-29-at-11.42.16.jpeg","type":"image\/jpeg"}],"author":"LA REDACTION","twitter_card":"summary_large_image","twitter_misc":{"\u00c9crit par":"LA REDACTION","Dur\u00e9e de lecture estim\u00e9e":"3 minutes"},"schema":{"@context":"https:\/\/schema.org","@graph":[{"@type":"Article","@id":"https:\/\/www.public.sn\/index.php\/2024\/05\/29\/la-ville-de-guediawaye-a-rabat-pour-le-lancement-de-la-fondation-africaine-pour-lapprentissage-tout-au-long-de-la-vie-photos\/#article","isPartOf":{"@id":"https:\/\/www.public.sn\/index.php\/2024\/05\/29\/la-ville-de-guediawaye-a-rabat-pour-le-lancement-de-la-fondation-africaine-pour-lapprentissage-tout-au-long-de-la-vie-photos\/"},"author":{"name":"LA REDACTION","@id":"https:\/\/www.public.sn\/#\/schema\/person\/e3f4a11b037d4203902db148f9bc8d5a"},"headline":"La ville de Gu\u00e9diawaye \u00e0 Rabat pour le lancement de la Fondation Africaine pour l\u2019Apprentissage tout au long de la vie (Photos)","datePublished":"2024-05-29T15:31:37+00:00","mainEntityOfPage":{"@id":"https:\/\/www.public.sn\/index.php\/2024\/05\/29\/la-ville-de-guediawaye-a-rabat-pour-le-lancement-de-la-fondation-africaine-pour-lapprentissage-tout-au-long-de-la-vie-photos\/"},"wordCount":139,"commentCount":0,"publisher":{"@id":"https:\/\/www.public.sn\/#organization"},"image":{"@id":"https:\/\/www.public.sn\/index.php\/2024\/05\/29\/la-ville-de-guediawaye-a-rabat-pour-le-lancement-de-la-fondation-africaine-pour-lapprentissage-tout-au-long-de-la-vie-photos\/#primaryimage"},"thumbnailUrl":"https:\/\/www.public.sn\/wp-content\/uploads\/2024\/05\/WhatsApp-Image-2024-05-29-at-11.42.16.jpeg","keywords":["Gu\u00e9diawaye","Rabat"],"articleSection":["PHOTOS","POLITIQUE"],"inLanguage":"fr-FR","potentialAction":[{"@type":"CommentAction","name":"Comment","target":["https:\/\/www.public.sn\/index.php\/2024\/05\/29\/la-ville-de-guediawaye-a-rabat-pour-le-lancement-de-la-fondation-africaine-pour-lapprentissage-tout-au-long-de-la-vie-photos\/#respond"]}]},{"@type":"WebPage","@id":"https:\/\/www.public.sn\/index.php\/2024\/05\/29\/la-ville-de-guediawaye-a-rabat-pour-le-lancement-de-la-fondation-africaine-pour-lapprentissage-tout-au-long-de-la-vie-photos\/","url":"https:\/\/www.public.sn\/index.php\/2024\/05\/29\/la-ville-de-guediawaye-a-rabat-pour-le-lancement-de-la-fondation-africaine-pour-lapprentissage-tout-au-long-de-la-vie-photos\/","name":"La ville de Gu\u00e9diawaye \u00e0 Rabat pour le lancement de la Fondation Africaine pour l\u2019Apprentissage tout au long de la vie (Photos) - LE PUBLIC","isPartOf":{"@id":"https:\/\/www.public.sn\/#website"},"primaryImageOfPage":{"@id":"https:\/\/www.public.sn\/index.php\/2024\/05\/29\/la-ville-de-guediawaye-a-rabat-pour-le-lancement-de-la-fondation-africaine-pour-lapprentissage-tout-au-long-de-la-vie-photos\/#primaryimage"},"image":{"@id":"https:\/\/www.public.sn\/index.php\/2024\/05\/29\/la-ville-de-guediawaye-a-rabat-pour-le-lancement-de-la-fondation-africaine-pour-lapprentissage-tout-au-long-de-la-vie-photos\/#primaryimage"},"thumbnailUrl":"https:\/\/www.public.sn\/wp-content\/uploads\/2024\/05\/WhatsApp-Image-2024-05-29-at-11.42.16.jpeg","datePublished":"2024-05-29T15:31:37+00:00","description":"Lancement ce mercredi \u00e0 Rabat de la Fondation Africaine pour l\u2019Apprentissage tout au long de la vie. La Ville de Gu\u00e9diawaye qui est membre fondatrice de l\u2019Alliance des Commissions Nationales et des Villes Apprenantes de l\u2019UNESCO est repr\u00e9sent\u00e9e \u00e0 cet important rendez-vous Africain par Mme Ndongo Aminata Ndiaye, cheffe de la Division des comp\u00e9tences transf\u00e9r\u00e9es.","breadcrumb":{"@id":"https:\/\/www.public.sn\/index.php\/2024\/05\/29\/la-ville-de-guediawaye-a-rabat-pour-le-lancement-de-la-fondation-africaine-pour-lapprentissage-tout-au-long-de-la-vie-photos\/#breadcrumb"},"inLanguage":"fr-FR","potentialAction":[{"@type":"ReadAction","target":["https:\/\/www.public.sn\/index.php\/2024\/05\/29\/la-ville-de-guediawaye-a-rabat-pour-le-lancement-de-la-fondation-africaine-pour-lapprentissage-tout-au-long-de-la-vie-photos\/"]}]},{"@type":"ImageObject","inLanguage":"fr-FR","@id":"https:\/\/www.public.sn\/index.php\/2024\/05\/29\/la-ville-de-guediawaye-a-rabat-pour-le-lancement-de-la-fondation-africaine-pour-lapprentissage-tout-au-long-de-la-vie-photos\/#primaryimage","url":"https:\/\/www.public.sn\/wp-content\/uploads\/2024\/05\/WhatsApp-Image-2024-05-29-at-11.42.16.jpeg","contentUrl":"https:\/\/www.public.sn\/wp-content\/uploads\/2024\/05\/WhatsApp-Image-2024-05-29-at-11.42.16.jpeg","width":1080,"height":704},{"@type":"BreadcrumbList","@id":"https:\/\/www.public.sn\/index.php\/2024\/05\/29\/la-ville-de-guediawaye-a-rabat-pour-le-lancement-de-la-fondation-africaine-pour-lapprentissage-tout-au-long-de-la-vie-photos\/#breadcrumb","itemListElement":[{"@type":"ListItem","position":1,"name":"Accueil","item":"https:\/\/www.public.sn\/"},{"@type":"ListItem","position":2,"name":"La ville de Gu\u00e9diawaye \u00e0 Rabat pour le lancement de la Fondation Africaine pour l\u2019Apprentissage tout au long de la vie (Photos)"}]},{"@type":"WebSite","@id":"https:\/\/www.public.sn\/#website","url":"https:\/\/www.public.sn\/","name":"LE PUBLIC","description":"","publisher":{"@id":"https:\/\/www.public.sn\/#organization"},"potentialAction":[{"@type":"SearchAction","target":{"@type":"EntryPoint","urlTemplate":"https:\/\/www.public.sn\/?s={search_term_string}"},"query-input":{"@type":"PropertyValueSpecification","valueRequired":true,"valueName":"search_term_string"}}],"inLanguage":"fr-FR"},{"@type":"Organization","@id":"https:\/\/www.public.sn\/#organization","name":"LE PUBLIC","url":"https:\/\/www.public.sn\/","logo":{"@type":"ImageObject","inLanguage":"fr-FR","@id":"https:\/\/www.public.sn\/#\/schema\/logo\/image\/","url":"https:\/\/www.public.sn\/wp-content\/uploads\/2024\/05\/cropped-LOGO-PUBLIC.SN_.png","contentUrl":"https:\/\/www.public.sn\/wp-content\/uploads\/2024\/05\/cropped-LOGO-PUBLIC.SN_.png","width":682,"height":192,"caption":"LE PUBLIC"},"image":{"@id":"https:\/\/www.public.sn\/#\/schema\/logo\/image\/"}},{"@type":"Person","@id":"https:\/\/www.public.sn\/#\/schema\/person\/e3f4a11b037d4203902db148f9bc8d5a","name":"LA REDACTION","image":{"@type":"ImageObject","inLanguage":"fr-FR","@id":"https:\/\/www.public.sn\/#\/schema\/person\/image\/","url":"https:\/\/secure.gravatar.com\/avatar\/d6c030db45db2883c075085c5d6c6258654a801a93766b49af0b82d4f454e2a5?s=96&d=mm&r=g","contentUrl":"https:\/\/secure.gravatar.com\/avatar\/d6c030db45db2883c075085c5d6c6258654a801a93766b49af0b82d4f454e2a5?s=96&d=mm&r=g","caption":"LA REDACTION"},"sameAs":["http:\/\/www.public.sn"],"url":"https:\/\/www.public.sn\/index.php\/author\/admin7324\/"}]}},"jetpack_featured_media_url":"https:\/\/www.public.sn\/wp-content\/uploads\/2024\/05\/WhatsApp-Image-2024-05-29-at-11.42.16.jpeg","jetpack_sharing_enabled":true,"_links":{"self":[{"href":"https:\/\/www.public.sn\/index.php\/wp-json\/wp\/v2\/posts\/33023","targetHints":{"allow":["GET"]}}],"collection":[{"href":"https:\/\/www.public.sn\/index.php\/wp-json\/wp\/v2\/posts"}],"about":[{"href":"https:\/\/www.public.sn\/index.php\/wp-json\/wp\/v2\/types\/post"}],"author":[{"embeddable":true,"href":"https:\/\/www.public.sn\/index.php\/wp-json\/wp\/v2\/users\/1"}],"replies":[{"embeddable":true,"href":"https:\/\/www.public.sn\/index.php\/wp-json\/wp\/v2\/comments?post=33023"}],"version-history":[{"count":1,"href":"https:\/\/www.public.sn\/index.php\/wp-json\/wp\/v2\/posts\/33023\/revisions"}],"predecessor-version":[{"id":33033,"href":"https:\/\/www.public.sn\/index.php\/wp-json\/wp\/v2\/posts\/33023\/revisions\/33033"}],"wp:featuredmedia":[{"embeddable":true,"href":"https:\/\/www.public.sn\/index.php\/wp-json\/wp\/v2\/media\/33032"}],"wp:attachment":[{"href":"https:\/\/www.public.sn\/index.php\/wp-json\/wp\/v2\/media?parent=33023"}],"wp:term":[{"taxonomy":"category","embeddable":true,"href":"https:\/\/www.public.sn\/index.php\/wp-json\/wp\/v2\/categories?post=33023"},{"taxonomy":"post_tag","embeddable":true,"href":"https:\/\/www.public.sn\/index.php\/wp-json\/wp\/v2\/tags?post=33023"}],"curies":[{"name":"wp","href":"https:\/\/api.w.org\/{rel}","templated":true}]}}