{"id":33037,"date":"2024-05-30T13:16:57","date_gmt":"2024-05-30T13:16:57","guid":{"rendered":"https:\/\/www.public.sn\/?p=33037"},"modified":"2024-05-30T13:16:57","modified_gmt":"2024-05-30T13:16:57","slug":"escroquerie-fonciere-le-dossier-de-dora-gaye-en-mediation-penale-devant-le-procureur-de-la-republique","status":"publish","type":"post","link":"https:\/\/www.public.sn\/index.php\/2024\/05\/30\/escroquerie-fonciere-le-dossier-de-dora-gaye-en-mediation-penale-devant-le-procureur-de-la-republique\/","title":{"rendered":"Escroquerie fonci\u00e8re: le dossier de Dora Gaye en m\u00e9diation p\u00e9nale devant le Procureur de la R\u00e9publique"},"content":{"rendered":"<p>L&rsquo;homme d&rsquo;affaires Dora Gueye a b\u00e9n\u00e9fici\u00e9 d&rsquo;un retour de parquet, ce mercredi. Poursuivi \u00ab escroquerie fonci\u00e8re \u00bb portant sur 1,2 milliard de francs CFA, il a propos\u00e9 une m\u00e9diation au Procureur de la R\u00e9publique.<\/p><div class=\"publi-paragraphe1\" style=\"margin-top: 10px;margin-bottom: 10px;margin-left: auto;margin-right: auto;text-align: center;\" id=\"publi-2868267584\"><div class=\"publi-adlabel\">Publicit\u00e9<\/div><script async src=\"\/\/pagead2.googlesyndication.com\/pagead\/js\/adsbygoogle.js?client=ca-pub-4089586018074219\" crossorigin=\"anonymous\"><\/script><ins class=\"adsbygoogle\" style=\"display:block;\" data-ad-client=\"ca-pub-4089586018074219\" \ndata-ad-slot=\"2087940154\" \ndata-ad-format=\"auto\"><\/ins>\n<script> \n(adsbygoogle = window.adsbygoogle || []).push({}); \n<\/script>\n<\/div>\n<p>Selon L\u2019Observateur dans sa parution de ce jeudi, le procureur n\u2019a pas encore pris des d\u00e9cisions par rapport au dossier. Dora Gueye a pass\u00e9 la journ\u00e9e \u00e0 la cave du tribunal de Dakar hier. B\u00e9n\u00e9ficiant d\u2019un retour de parquet, ses avocats sont en train de s\u2019organiser afin de faire une m\u00e9diation p\u00e9nale. Le plaignant se dit disposait du r\u00e8glement.<\/p>\n<p>Ce jeudi, Dora Gueye sera \u00e0 nouveau pr\u00e9sent\u00e9 au ma\u00eetre des poursuites. Pour rappel, il avait propos\u00e9 au plaignant Zakiloulahi Sow, mandat\u00e9 par plusieurs investisseurs, le paiement d&rsquo;une avance de 500 millions puis du restant de la somme sous forme de moratoire.<\/p>\n<p>Lors de son audition, l\u2019homme d\u2019affaires avait reconnu les faits avant de citer l\u2019ancien pr\u00e9sident Macky Sall. Il a d\u00e9clar\u00e9 qu\u2019il \u00e9tait sur les missions de ce dernier et, c\u2019est ce cadre que l\u2019ancien chef de l\u2019Etat lui avait donn\u00e9 des baux sis \u00e0 l\u2019a\u00e9roport L\u00e9opold S\u00e9dar Senghor. Il avait pour mission de les vendre apr\u00e8s r\u00e9gulation. Mais, il s\u2019est confront\u00e9 \u00e0 un litige.<\/p>\n<div class=\"publi-apres-le-contenu\" style=\"margin-top: 10px;margin-bottom: 10px;margin-left: auto;margin-right: auto;text-align: center;\" id=\"publi-2042803013\"><div class=\"publi-adlabel\">Publicit\u00e9<\/div><script async src=\"\/\/pagead2.googlesyndication.com\/pagead\/js\/adsbygoogle.js?client=ca-pub-4089586018074219\" crossorigin=\"anonymous\"><\/script><ins class=\"adsbygoogle\" style=\"display:block;\" data-ad-client=\"ca-pub-4089586018074219\" \ndata-ad-slot=\"2087940154\" \ndata-ad-format=\"auto\"><\/ins>\n<script> \n(adsbygoogle = window.adsbygoogle || []).push({}); \n<\/script>\n<\/div>","protected":false},"excerpt":{"rendered":"<p>L&rsquo;homme d&rsquo;affaires Dora Gueye a b\u00e9n\u00e9fici\u00e9 d&rsquo;un retour de parquet, ce mercredi. Poursuivi \u00ab escroquerie fonci\u00e8re \u00bb portant sur 1,2 milliard de francs CFA, il a propos\u00e9 une m\u00e9diation au Procureur de la R\u00e9publique. Selon L\u2019Observateur dans sa parution de ce jeudi, le procureur n\u2019a pas encore pris des d\u00e9cisions par rapport au dossier. Dora Gueye a pass\u00e9 la journ\u00e9e \u00e0 la cave du tribunal de Dakar hier. B\u00e9n\u00e9ficiant d\u2019un retour de parquet, ses avocats sont en train de s\u2019organiser afin de faire une m\u00e9diation p\u00e9nale. Le plaignant se dit disposait du r\u00e8glement. Ce jeudi, Dora Gueye sera \u00e0 nouveau pr\u00e9sent\u00e9 au ma\u00eetre des poursuites. Pour rappel, il avait propos\u00e9 au plaignant Zakiloulahi Sow, mandat\u00e9 par plusieurs investisseurs, le paiement d&rsquo;une avance de 500 millions puis du restant de la somme sous forme de moratoire. Lors de son audition, l\u2019homme d\u2019affaires avait reconnu les faits avant de citer l\u2019ancien pr\u00e9sident Macky Sall. Il a d\u00e9clar\u00e9 qu\u2019il \u00e9tait sur les missions de ce dernier et, c\u2019est ce cadre que l\u2019ancien chef de l\u2019Etat lui avait donn\u00e9 des baux sis \u00e0 l\u2019a\u00e9roport L\u00e9opold S\u00e9dar Senghor. Il avait pour mission de les vendre apr\u00e8s r\u00e9gulation. Mais, il s\u2019est confront\u00e9 \u00e0 un litige.<\/p>\n","protected":false},"author":15,"featured_media":33038,"comment_status":"open","ping_status":"open","sticky":false,"template":"","format":"standard","meta":{"_jetpack_memberships_contains_paid_content":false,"footnotes":""},"categories":[375,550,3724,3,376,1],"tags":[5726,5728,5729,5724,5727,5725],"class_list":["post-33037","post","type-post","status-publish","format-standard","has-post-thumbnail","hentry","category-actualites","category-afrique-monde","category-justice","category-politique","category-securite-justice","category-non-classe","tag-2-milliard-de-francs-cfa","tag-dora-gueye-a-passe-la-journee-a-la-cave-du-tribunal-de-dakar-hier","tag-eneficiant-dun-retour-de-parquet","tag-lhomme-daffaires-doro-gueye","tag-le-procureur-na-pas-encore-pris-des-decisions-par-rapport-au-dossier","tag-poursuivi-escroquerie-fonciere-portant-sur-1","entry","has-media","owp-thumbs-layout-horizontal","owp-btn-normal","owp-tabs-layout-horizontal","has-no-thumbnails","has-product-nav"],"yoast_head":"<!-- This site is optimized with the Yoast SEO plugin v25.5 - https:\/\/yoast.com\/wordpress\/plugins\/seo\/ -->\n<title>Escroquerie fonci\u00e8re: le dossier de Dora Gaye en m\u00e9diation p\u00e9nale devant le Procureur de la R\u00e9publique - LE PUBLIC<\/title>\n<meta name=\"robots\" content=\"index, follow, max-snippet:-1, max-image-preview:large, max-video-preview:-1\" \/>\n<link rel=\"canonical\" href=\"https:\/\/www.public.sn\/index.php\/2024\/05\/30\/escroquerie-fonciere-le-dossier-de-dora-gaye-en-mediation-penale-devant-le-procureur-de-la-republique\/\" \/>\n<meta property=\"og:locale\" content=\"fr_FR\" \/>\n<meta property=\"og:type\" content=\"article\" \/>\n<meta property=\"og:title\" content=\"Escroquerie fonci\u00e8re: le dossier de Dora Gaye en m\u00e9diation p\u00e9nale devant le Procureur de la R\u00e9publique - LE PUBLIC\" \/>\n<meta property=\"og:description\" content=\"L&rsquo;homme d&rsquo;affaires Dora Gueye a b\u00e9n\u00e9fici\u00e9 d&rsquo;un retour de parquet, ce mercredi. Poursuivi \u00ab escroquerie fonci\u00e8re \u00bb portant sur 1,2 milliard de francs CFA, il a propos\u00e9 une m\u00e9diation au Procureur de la R\u00e9publique. Selon L\u2019Observateur dans sa parution de ce jeudi, le procureur n\u2019a pas encore pris des d\u00e9cisions par rapport au dossier. Dora Gueye a pass\u00e9 la journ\u00e9e \u00e0 la cave du tribunal de Dakar hier. B\u00e9n\u00e9ficiant d\u2019un retour de parquet, ses avocats sont en train de s\u2019organiser afin de faire une m\u00e9diation p\u00e9nale. Le plaignant se dit disposait du r\u00e8glement. Ce jeudi, Dora Gueye sera \u00e0 nouveau pr\u00e9sent\u00e9 au ma\u00eetre des poursuites. Pour rappel, il avait propos\u00e9 au plaignant Zakiloulahi Sow, mandat\u00e9 par plusieurs investisseurs, le paiement d&rsquo;une avance de 500 millions puis du restant de la somme sous forme de moratoire. Lors de son audition, l\u2019homme d\u2019affaires avait reconnu les faits avant de citer l\u2019ancien pr\u00e9sident Macky Sall. Il a d\u00e9clar\u00e9 qu\u2019il \u00e9tait sur les missions de ce dernier et, c\u2019est ce cadre que l\u2019ancien chef de l\u2019Etat lui avait donn\u00e9 des baux sis \u00e0 l\u2019a\u00e9roport L\u00e9opold S\u00e9dar Senghor. Il avait pour mission de les vendre apr\u00e8s r\u00e9gulation. Mais, il s\u2019est confront\u00e9 \u00e0 un litige.\" \/>\n<meta property=\"og:url\" content=\"https:\/\/www.public.sn\/index.php\/2024\/05\/30\/escroquerie-fonciere-le-dossier-de-dora-gaye-en-mediation-penale-devant-le-procureur-de-la-republique\/\" \/>\n<meta property=\"og:site_name\" content=\"LE PUBLIC\" \/>\n<meta property=\"article:published_time\" content=\"2024-05-30T13:16:57+00:00\" \/>\n<meta property=\"og:image\" content=\"https:\/\/www.public.sn\/wp-content\/uploads\/2024\/05\/dora-gueye-e1716882752291-2.webp\" \/>\n\t<meta property=\"og:image:width\" content=\"1280\" \/>\n\t<meta property=\"og:image:height\" content=\"622\" \/>\n\t<meta property=\"og:image:type\" content=\"image\/webp\" \/>\n<meta name=\"author\" content=\"Baye Amath THIAM\" \/>\n<meta name=\"twitter:card\" content=\"summary_large_image\" \/>\n<meta name=\"twitter:label1\" content=\"\u00c9crit par\" \/>\n\t<meta name=\"twitter:data1\" content=\"Baye Amath THIAM\" \/>\n\t<meta name=\"twitter:label2\" content=\"Dur\u00e9e de lecture estim\u00e9e\" \/>\n\t<meta name=\"twitter:data2\" content=\"2 minutes\" \/>\n<script type=\"application\/ld+json\" class=\"yoast-schema-graph\">{\"@context\":\"https:\/\/schema.org\",\"@graph\":[{\"@type\":\"Article\",\"@id\":\"https:\/\/www.public.sn\/index.php\/2024\/05\/30\/escroquerie-fonciere-le-dossier-de-dora-gaye-en-mediation-penale-devant-le-procureur-de-la-republique\/#article\",\"isPartOf\":{\"@id\":\"https:\/\/www.public.sn\/index.php\/2024\/05\/30\/escroquerie-fonciere-le-dossier-de-dora-gaye-en-mediation-penale-devant-le-procureur-de-la-republique\/\"},\"author\":{\"name\":\"Baye Amath THIAM\",\"@id\":\"https:\/\/www.public.sn\/#\/schema\/person\/f77cd9ce05d8fb925eb038378ee6899d\"},\"headline\":\"Escroquerie fonci\u00e8re: le dossier de Dora Gaye en m\u00e9diation p\u00e9nale devant le Procureur de la R\u00e9publique\",\"datePublished\":\"2024-05-30T13:16:57+00:00\",\"mainEntityOfPage\":{\"@id\":\"https:\/\/www.public.sn\/index.php\/2024\/05\/30\/escroquerie-fonciere-le-dossier-de-dora-gaye-en-mediation-penale-devant-le-procureur-de-la-republique\/\"},\"wordCount\":245,\"commentCount\":0,\"publisher\":{\"@id\":\"https:\/\/www.public.sn\/#organization\"},\"image\":{\"@id\":\"https:\/\/www.public.sn\/index.php\/2024\/05\/30\/escroquerie-fonciere-le-dossier-de-dora-gaye-en-mediation-penale-devant-le-procureur-de-la-republique\/#primaryimage\"},\"thumbnailUrl\":\"https:\/\/www.public.sn\/wp-content\/uploads\/2024\/05\/dora-gueye-e1716882752291-2.webp\",\"keywords\":[\"2 milliard de francs CFA\",\"Dora Gueye a pass\u00e9 la journ\u00e9e \u00e0 la cave du tribunal de Dakar hier\",\"\u00e9n\u00e9ficiant d\u2019un retour de parquet\",\"L'homme d'affaires Doro Gueye\",\"le procureur n\u2019a pas encore pris des d\u00e9cisions par rapport au dossier.\",\"Poursuivi \u00ab escroquerie fonci\u00e8re \u00bb portant sur 1\"],\"articleSection\":[\"ACTUALIT\u00c9S\",\"AFRIQUE &amp; MONDE\",\"justice\",\"POLITIQUE\",\"S\u00c9CURIT\u00c9 &amp; JUSTICE\",\"S\u00c9N\u00c9GAL\"],\"inLanguage\":\"fr-FR\",\"potentialAction\":[{\"@type\":\"CommentAction\",\"name\":\"Comment\",\"target\":[\"https:\/\/www.public.sn\/index.php\/2024\/05\/30\/escroquerie-fonciere-le-dossier-de-dora-gaye-en-mediation-penale-devant-le-procureur-de-la-republique\/#respond\"]}]},{\"@type\":\"WebPage\",\"@id\":\"https:\/\/www.public.sn\/index.php\/2024\/05\/30\/escroquerie-fonciere-le-dossier-de-dora-gaye-en-mediation-penale-devant-le-procureur-de-la-republique\/\",\"url\":\"https:\/\/www.public.sn\/index.php\/2024\/05\/30\/escroquerie-fonciere-le-dossier-de-dora-gaye-en-mediation-penale-devant-le-procureur-de-la-republique\/\",\"name\":\"Escroquerie fonci\u00e8re: le dossier de Dora Gaye en m\u00e9diation p\u00e9nale devant le Procureur de la R\u00e9publique - LE PUBLIC\",\"isPartOf\":{\"@id\":\"https:\/\/www.public.sn\/#website\"},\"primaryImageOfPage\":{\"@id\":\"https:\/\/www.public.sn\/index.php\/2024\/05\/30\/escroquerie-fonciere-le-dossier-de-dora-gaye-en-mediation-penale-devant-le-procureur-de-la-republique\/#primaryimage\"},\"image\":{\"@id\":\"https:\/\/www.public.sn\/index.php\/2024\/05\/30\/escroquerie-fonciere-le-dossier-de-dora-gaye-en-mediation-penale-devant-le-procureur-de-la-republique\/#primaryimage\"},\"thumbnailUrl\":\"https:\/\/www.public.sn\/wp-content\/uploads\/2024\/05\/dora-gueye-e1716882752291-2.webp\",\"datePublished\":\"2024-05-30T13:16:57+00:00\",\"breadcrumb\":{\"@id\":\"https:\/\/www.public.sn\/index.php\/2024\/05\/30\/escroquerie-fonciere-le-dossier-de-dora-gaye-en-mediation-penale-devant-le-procureur-de-la-republique\/#breadcrumb\"},\"inLanguage\":\"fr-FR\",\"potentialAction\":[{\"@type\":\"ReadAction\",\"target\":[\"https:\/\/www.public.sn\/index.php\/2024\/05\/30\/escroquerie-fonciere-le-dossier-de-dora-gaye-en-mediation-penale-devant-le-procureur-de-la-republique\/\"]}]},{\"@type\":\"ImageObject\",\"inLanguage\":\"fr-FR\",\"@id\":\"https:\/\/www.public.sn\/index.php\/2024\/05\/30\/escroquerie-fonciere-le-dossier-de-dora-gaye-en-mediation-penale-devant-le-procureur-de-la-republique\/#primaryimage\",\"url\":\"https:\/\/www.public.sn\/wp-content\/uploads\/2024\/05\/dora-gueye-e1716882752291-2.webp\",\"contentUrl\":\"https:\/\/www.public.sn\/wp-content\/uploads\/2024\/05\/dora-gueye-e1716882752291-2.webp\",\"width\":1280,\"height\":622},{\"@type\":\"BreadcrumbList\",\"@id\":\"https:\/\/www.public.sn\/index.php\/2024\/05\/30\/escroquerie-fonciere-le-dossier-de-dora-gaye-en-mediation-penale-devant-le-procureur-de-la-republique\/#breadcrumb\",\"itemListElement\":[{\"@type\":\"ListItem\",\"position\":1,\"name\":\"Accueil\",\"item\":\"https:\/\/www.public.sn\/\"},{\"@type\":\"ListItem\",\"position\":2,\"name\":\"Escroquerie fonci\u00e8re: le dossier de Dora Gaye en m\u00e9diation p\u00e9nale devant le Procureur de la R\u00e9publique\"}]},{\"@type\":\"WebSite\",\"@id\":\"https:\/\/www.public.sn\/#website\",\"url\":\"https:\/\/www.public.sn\/\",\"name\":\"LE PUBLIC\",\"description\":\"\",\"publisher\":{\"@id\":\"https:\/\/www.public.sn\/#organization\"},\"potentialAction\":[{\"@type\":\"SearchAction\",\"target\":{\"@type\":\"EntryPoint\",\"urlTemplate\":\"https:\/\/www.public.sn\/?s={search_term_string}\"},\"query-input\":{\"@type\":\"PropertyValueSpecification\",\"valueRequired\":true,\"valueName\":\"search_term_string\"}}],\"inLanguage\":\"fr-FR\"},{\"@type\":\"Organization\",\"@id\":\"https:\/\/www.public.sn\/#organization\",\"name\":\"LE PUBLIC\",\"url\":\"https:\/\/www.public.sn\/\",\"logo\":{\"@type\":\"ImageObject\",\"inLanguage\":\"fr-FR\",\"@id\":\"https:\/\/www.public.sn\/#\/schema\/logo\/image\/\",\"url\":\"https:\/\/www.public.sn\/wp-content\/uploads\/2024\/05\/cropped-LOGO-PUBLIC.SN_.png\",\"contentUrl\":\"https:\/\/www.public.sn\/wp-content\/uploads\/2024\/05\/cropped-LOGO-PUBLIC.SN_.png\",\"width\":682,\"height\":192,\"caption\":\"LE PUBLIC\"},\"image\":{\"@id\":\"https:\/\/www.public.sn\/#\/schema\/logo\/image\/\"}},{\"@type\":\"Person\",\"@id\":\"https:\/\/www.public.sn\/#\/schema\/person\/f77cd9ce05d8fb925eb038378ee6899d\",\"name\":\"Baye Amath THIAM\",\"image\":{\"@type\":\"ImageObject\",\"inLanguage\":\"fr-FR\",\"@id\":\"https:\/\/www.public.sn\/#\/schema\/person\/image\/\",\"url\":\"https:\/\/secure.gravatar.com\/avatar\/7eb863ef1336b6f8a2ad921469701e52f094a61c698fab02f5af742ed813612d?s=96&d=mm&r=g\",\"contentUrl\":\"https:\/\/secure.gravatar.com\/avatar\/7eb863ef1336b6f8a2ad921469701e52f094a61c698fab02f5af742ed813612d?s=96&d=mm&r=g\",\"caption\":\"Baye Amath THIAM\"},\"url\":\"https:\/\/www.public.sn\/index.php\/author\/thiamba24\/\"}]}<\/script>\n<!-- \/ Yoast SEO plugin. -->","yoast_head_json":{"title":"Escroquerie fonci\u00e8re: le dossier de Dora Gaye en m\u00e9diation p\u00e9nale devant le Procureur de la R\u00e9publique - LE PUBLIC","robots":{"index":"index","follow":"follow","max-snippet":"max-snippet:-1","max-image-preview":"max-image-preview:large","max-video-preview":"max-video-preview:-1"},"canonical":"https:\/\/www.public.sn\/index.php\/2024\/05\/30\/escroquerie-fonciere-le-dossier-de-dora-gaye-en-mediation-penale-devant-le-procureur-de-la-republique\/","og_locale":"fr_FR","og_type":"article","og_title":"Escroquerie fonci\u00e8re: le dossier de Dora Gaye en m\u00e9diation p\u00e9nale devant le Procureur de la R\u00e9publique - LE PUBLIC","og_description":"L&rsquo;homme d&rsquo;affaires Dora Gueye a b\u00e9n\u00e9fici\u00e9 d&rsquo;un retour de parquet, ce mercredi. Poursuivi \u00ab escroquerie fonci\u00e8re \u00bb portant sur 1,2 milliard de francs CFA, il a propos\u00e9 une m\u00e9diation au Procureur de la R\u00e9publique. Selon L\u2019Observateur dans sa parution de ce jeudi, le procureur n\u2019a pas encore pris des d\u00e9cisions par rapport au dossier. Dora Gueye a pass\u00e9 la journ\u00e9e \u00e0 la cave du tribunal de Dakar hier. B\u00e9n\u00e9ficiant d\u2019un retour de parquet, ses avocats sont en train de s\u2019organiser afin de faire une m\u00e9diation p\u00e9nale. Le plaignant se dit disposait du r\u00e8glement. Ce jeudi, Dora Gueye sera \u00e0 nouveau pr\u00e9sent\u00e9 au ma\u00eetre des poursuites. Pour rappel, il avait propos\u00e9 au plaignant Zakiloulahi Sow, mandat\u00e9 par plusieurs investisseurs, le paiement d&rsquo;une avance de 500 millions puis du restant de la somme sous forme de moratoire. Lors de son audition, l\u2019homme d\u2019affaires avait reconnu les faits avant de citer l\u2019ancien pr\u00e9sident Macky Sall. Il a d\u00e9clar\u00e9 qu\u2019il \u00e9tait sur les missions de ce dernier et, c\u2019est ce cadre que l\u2019ancien chef de l\u2019Etat lui avait donn\u00e9 des baux sis \u00e0 l\u2019a\u00e9roport L\u00e9opold S\u00e9dar Senghor. Il avait pour mission de les vendre apr\u00e8s r\u00e9gulation. Mais, il s\u2019est confront\u00e9 \u00e0 un litige.","og_url":"https:\/\/www.public.sn\/index.php\/2024\/05\/30\/escroquerie-fonciere-le-dossier-de-dora-gaye-en-mediation-penale-devant-le-procureur-de-la-republique\/","og_site_name":"LE PUBLIC","article_published_time":"2024-05-30T13:16:57+00:00","og_image":[{"width":1280,"height":622,"url":"https:\/\/www.public.sn\/wp-content\/uploads\/2024\/05\/dora-gueye-e1716882752291-2.webp","type":"image\/webp"}],"author":"Baye Amath THIAM","twitter_card":"summary_large_image","twitter_misc":{"\u00c9crit par":"Baye Amath THIAM","Dur\u00e9e de lecture estim\u00e9e":"2 minutes"},"schema":{"@context":"https:\/\/schema.org","@graph":[{"@type":"Article","@id":"https:\/\/www.public.sn\/index.php\/2024\/05\/30\/escroquerie-fonciere-le-dossier-de-dora-gaye-en-mediation-penale-devant-le-procureur-de-la-republique\/#article","isPartOf":{"@id":"https:\/\/www.public.sn\/index.php\/2024\/05\/30\/escroquerie-fonciere-le-dossier-de-dora-gaye-en-mediation-penale-devant-le-procureur-de-la-republique\/"},"author":{"name":"Baye Amath THIAM","@id":"https:\/\/www.public.sn\/#\/schema\/person\/f77cd9ce05d8fb925eb038378ee6899d"},"headline":"Escroquerie fonci\u00e8re: le dossier de Dora Gaye en m\u00e9diation p\u00e9nale devant le Procureur de la R\u00e9publique","datePublished":"2024-05-30T13:16:57+00:00","mainEntityOfPage":{"@id":"https:\/\/www.public.sn\/index.php\/2024\/05\/30\/escroquerie-fonciere-le-dossier-de-dora-gaye-en-mediation-penale-devant-le-procureur-de-la-republique\/"},"wordCount":245,"commentCount":0,"publisher":{"@id":"https:\/\/www.public.sn\/#organization"},"image":{"@id":"https:\/\/www.public.sn\/index.php\/2024\/05\/30\/escroquerie-fonciere-le-dossier-de-dora-gaye-en-mediation-penale-devant-le-procureur-de-la-republique\/#primaryimage"},"thumbnailUrl":"https:\/\/www.public.sn\/wp-content\/uploads\/2024\/05\/dora-gueye-e1716882752291-2.webp","keywords":["2 milliard de francs CFA","Dora Gueye a pass\u00e9 la journ\u00e9e \u00e0 la cave du tribunal de Dakar hier","\u00e9n\u00e9ficiant d\u2019un retour de parquet","L'homme d'affaires Doro Gueye","le procureur n\u2019a pas encore pris des d\u00e9cisions par rapport au dossier.","Poursuivi \u00ab escroquerie fonci\u00e8re \u00bb portant sur 1"],"articleSection":["ACTUALIT\u00c9S","AFRIQUE &amp; MONDE","justice","POLITIQUE","S\u00c9CURIT\u00c9 &amp; JUSTICE","S\u00c9N\u00c9GAL"],"inLanguage":"fr-FR","potentialAction":[{"@type":"CommentAction","name":"Comment","target":["https:\/\/www.public.sn\/index.php\/2024\/05\/30\/escroquerie-fonciere-le-dossier-de-dora-gaye-en-mediation-penale-devant-le-procureur-de-la-republique\/#respond"]}]},{"@type":"WebPage","@id":"https:\/\/www.public.sn\/index.php\/2024\/05\/30\/escroquerie-fonciere-le-dossier-de-dora-gaye-en-mediation-penale-devant-le-procureur-de-la-republique\/","url":"https:\/\/www.public.sn\/index.php\/2024\/05\/30\/escroquerie-fonciere-le-dossier-de-dora-gaye-en-mediation-penale-devant-le-procureur-de-la-republique\/","name":"Escroquerie fonci\u00e8re: le dossier de Dora Gaye en m\u00e9diation p\u00e9nale devant le Procureur de la R\u00e9publique - LE PUBLIC","isPartOf":{"@id":"https:\/\/www.public.sn\/#website"},"primaryImageOfPage":{"@id":"https:\/\/www.public.sn\/index.php\/2024\/05\/30\/escroquerie-fonciere-le-dossier-de-dora-gaye-en-mediation-penale-devant-le-procureur-de-la-republique\/#primaryimage"},"image":{"@id":"https:\/\/www.public.sn\/index.php\/2024\/05\/30\/escroquerie-fonciere-le-dossier-de-dora-gaye-en-mediation-penale-devant-le-procureur-de-la-republique\/#primaryimage"},"thumbnailUrl":"https:\/\/www.public.sn\/wp-content\/uploads\/2024\/05\/dora-gueye-e1716882752291-2.webp","datePublished":"2024-05-30T13:16:57+00:00","breadcrumb":{"@id":"https:\/\/www.public.sn\/index.php\/2024\/05\/30\/escroquerie-fonciere-le-dossier-de-dora-gaye-en-mediation-penale-devant-le-procureur-de-la-republique\/#breadcrumb"},"inLanguage":"fr-FR","potentialAction":[{"@type":"ReadAction","target":["https:\/\/www.public.sn\/index.php\/2024\/05\/30\/escroquerie-fonciere-le-dossier-de-dora-gaye-en-mediation-penale-devant-le-procureur-de-la-republique\/"]}]},{"@type":"ImageObject","inLanguage":"fr-FR","@id":"https:\/\/www.public.sn\/index.php\/2024\/05\/30\/escroquerie-fonciere-le-dossier-de-dora-gaye-en-mediation-penale-devant-le-procureur-de-la-republique\/#primaryimage","url":"https:\/\/www.public.sn\/wp-content\/uploads\/2024\/05\/dora-gueye-e1716882752291-2.webp","contentUrl":"https:\/\/www.public.sn\/wp-content\/uploads\/2024\/05\/dora-gueye-e1716882752291-2.webp","width":1280,"height":622},{"@type":"BreadcrumbList","@id":"https:\/\/www.public.sn\/index.php\/2024\/05\/30\/escroquerie-fonciere-le-dossier-de-dora-gaye-en-mediation-penale-devant-le-procureur-de-la-republique\/#breadcrumb","itemListElement":[{"@type":"ListItem","position":1,"name":"Accueil","item":"https:\/\/www.public.sn\/"},{"@type":"ListItem","position":2,"name":"Escroquerie fonci\u00e8re: le dossier de Dora Gaye en m\u00e9diation p\u00e9nale devant le Procureur de la R\u00e9publique"}]},{"@type":"WebSite","@id":"https:\/\/www.public.sn\/#website","url":"https:\/\/www.public.sn\/","name":"LE PUBLIC","description":"","publisher":{"@id":"https:\/\/www.public.sn\/#organization"},"potentialAction":[{"@type":"SearchAction","target":{"@type":"EntryPoint","urlTemplate":"https:\/\/www.public.sn\/?s={search_term_string}"},"query-input":{"@type":"PropertyValueSpecification","valueRequired":true,"valueName":"search_term_string"}}],"inLanguage":"fr-FR"},{"@type":"Organization","@id":"https:\/\/www.public.sn\/#organization","name":"LE PUBLIC","url":"https:\/\/www.public.sn\/","logo":{"@type":"ImageObject","inLanguage":"fr-FR","@id":"https:\/\/www.public.sn\/#\/schema\/logo\/image\/","url":"https:\/\/www.public.sn\/wp-content\/uploads\/2024\/05\/cropped-LOGO-PUBLIC.SN_.png","contentUrl":"https:\/\/www.public.sn\/wp-content\/uploads\/2024\/05\/cropped-LOGO-PUBLIC.SN_.png","width":682,"height":192,"caption":"LE PUBLIC"},"image":{"@id":"https:\/\/www.public.sn\/#\/schema\/logo\/image\/"}},{"@type":"Person","@id":"https:\/\/www.public.sn\/#\/schema\/person\/f77cd9ce05d8fb925eb038378ee6899d","name":"Baye Amath THIAM","image":{"@type":"ImageObject","inLanguage":"fr-FR","@id":"https:\/\/www.public.sn\/#\/schema\/person\/image\/","url":"https:\/\/secure.gravatar.com\/avatar\/7eb863ef1336b6f8a2ad921469701e52f094a61c698fab02f5af742ed813612d?s=96&d=mm&r=g","contentUrl":"https:\/\/secure.gravatar.com\/avatar\/7eb863ef1336b6f8a2ad921469701e52f094a61c698fab02f5af742ed813612d?s=96&d=mm&r=g","caption":"Baye Amath THIAM"},"url":"https:\/\/www.public.sn\/index.php\/author\/thiamba24\/"}]}},"jetpack_featured_media_url":"https:\/\/www.public.sn\/wp-content\/uploads\/2024\/05\/dora-gueye-e1716882752291-2.webp","jetpack_sharing_enabled":true,"_links":{"self":[{"href":"https:\/\/www.public.sn\/index.php\/wp-json\/wp\/v2\/posts\/33037","targetHints":{"allow":["GET"]}}],"collection":[{"href":"https:\/\/www.public.sn\/index.php\/wp-json\/wp\/v2\/posts"}],"about":[{"href":"https:\/\/www.public.sn\/index.php\/wp-json\/wp\/v2\/types\/post"}],"author":[{"embeddable":true,"href":"https:\/\/www.public.sn\/index.php\/wp-json\/wp\/v2\/users\/15"}],"replies":[{"embeddable":true,"href":"https:\/\/www.public.sn\/index.php\/wp-json\/wp\/v2\/comments?post=33037"}],"version-history":[{"count":1,"href":"https:\/\/www.public.sn\/index.php\/wp-json\/wp\/v2\/posts\/33037\/revisions"}],"predecessor-version":[{"id":33039,"href":"https:\/\/www.public.sn\/index.php\/wp-json\/wp\/v2\/posts\/33037\/revisions\/33039"}],"wp:featuredmedia":[{"embeddable":true,"href":"https:\/\/www.public.sn\/index.php\/wp-json\/wp\/v2\/media\/33038"}],"wp:attachment":[{"href":"https:\/\/www.public.sn\/index.php\/wp-json\/wp\/v2\/media?parent=33037"}],"wp:term":[{"taxonomy":"category","embeddable":true,"href":"https:\/\/www.public.sn\/index.php\/wp-json\/wp\/v2\/categories?post=33037"},{"taxonomy":"post_tag","embeddable":true,"href":"https:\/\/www.public.sn\/index.php\/wp-json\/wp\/v2\/tags?post=33037"}],"curies":[{"name":"wp","href":"https:\/\/api.w.org\/{rel}","templated":true}]}}