{"id":33040,"date":"2024-05-30T13:33:31","date_gmt":"2024-05-30T13:33:31","guid":{"rendered":"https:\/\/www.public.sn\/?p=33040"},"modified":"2024-05-30T13:33:31","modified_gmt":"2024-05-30T13:33:31","slug":"operation-pre-hivernage-un-programme-national-de-promotion-de-la-citoyennete-en-gestation","status":"publish","type":"post","link":"https:\/\/www.public.sn\/index.php\/2024\/05\/30\/operation-pre-hivernage-un-programme-national-de-promotion-de-la-citoyennete-en-gestation\/","title":{"rendered":"Op\u00e9ration pr\u00e9-hivernage: un programme national de promotion de la citoyennet\u00e9 en gestation"},"content":{"rendered":"<div class=\"texte\">\n<div class=\"access firstletter\">Le pr\u00e9sident de la R\u00e9publique a invit\u00e9 en conseil ce mercredi, le Gouvernement a lanc\u00e9 une \u00ab\u00a0campagne d&rsquo;information et de sensibilisation des populations sur l&rsquo;\u00e9ducation environnementale et la pr\u00e9servation de leur cadre de vie\u00a0\u00bb.<\/p><div class=\"publi-paragraphe1\" style=\"margin-top: 10px;margin-bottom: 10px;margin-left: auto;margin-right: auto;text-align: center;\" id=\"publi-3095905173\"><div class=\"publi-adlabel\">Publicit\u00e9<\/div><script async src=\"\/\/pagead2.googlesyndication.com\/pagead\/js\/adsbygoogle.js?client=ca-pub-4089586018074219\" crossorigin=\"anonymous\"><\/script><ins class=\"adsbygoogle\" style=\"display:block;\" data-ad-client=\"ca-pub-4089586018074219\" \ndata-ad-slot=\"2087940154\" \ndata-ad-format=\"auto\"><\/ins>\n<script> \n(adsbygoogle = window.adsbygoogle || []).push({}); \n<\/script>\n<\/div>\n<p>A ce sujet, le Chef de l&rsquo;Etat a engag\u00e9 le Premier ministre \u00e0 initier un \u00ab\u00a0programme national de promotion de la citoyennet\u00e9 avec des composantes op\u00e9rationnelles et institutionnelles rationalis\u00e9es, soutenues par la mobilisation effective de ressources budg\u00e9taires cons\u00e9quentes\u00a0\u00bb.<\/p><\/div>\n<div><\/div>\n<div class=\"access firstletter\">En ce qui concerne cet acte citoyen, il a indiqu\u00e9 la \u00ab\u00a0n\u00e9cessit\u00e9 pour chaque minist\u00e8re, d&rsquo;initier, sous la supervision du Premier Ministre, des actions majeures pour asseoir la mobilisation citoyenne des populations notamment des jeunes\u00a0\u00bb.<\/p>\n<p>Le Pr\u00e9sident Bassirou Diomaye a inform\u00e9 le \u00ab\u00a0Conseil qu&rsquo;il participera, le samedi 1 juin 2024, avec l&rsquo;ensemble du Gouvernement, \u00e0 une journ\u00e9e nationale d&rsquo;investissement humain dans le domaine de l&rsquo;assainissement, en vue d&rsquo;accentuer l&rsquo;implication des populations locales, des communes, des Forces arm\u00e9es et des services de l&rsquo;Etat, dans l&rsquo;ex\u00e9cution des op\u00e9rations retenues en pr\u00e9vision de l&rsquo;hivernage\u00a0\u00bb.<\/p>\n<p>En d\u00e9finitive, le chef de l&rsquo;Etat a pr\u00f4n\u00e9 \u00ab\u00a0l&rsquo;organisation r\u00e9guli\u00e8re d&rsquo;une journ\u00e9e nationale mensuelle de mobilisation de toutes les forces vives de la Nation ax\u00e9e sur un th\u00e8me sp\u00e9cifique et pilot\u00e9e par le minist\u00e8re comp\u00e9tent.<\/p><\/div>\n<\/div>\n<div class=\"hide_module_inside\">\n<div id=\"mod_10001169\" class=\"mod_10001169 wm-module fullbackground  module-article_connexe\">\n<div class=\"entete\"><\/div>\n<\/div>\n<\/div>\n<div class=\"publi-apres-le-contenu\" style=\"margin-top: 10px;margin-bottom: 10px;margin-left: auto;margin-right: auto;text-align: center;\" id=\"publi-3438112985\"><div class=\"publi-adlabel\">Publicit\u00e9<\/div><script async src=\"\/\/pagead2.googlesyndication.com\/pagead\/js\/adsbygoogle.js?client=ca-pub-4089586018074219\" crossorigin=\"anonymous\"><\/script><ins class=\"adsbygoogle\" style=\"display:block;\" data-ad-client=\"ca-pub-4089586018074219\" \ndata-ad-slot=\"2087940154\" \ndata-ad-format=\"auto\"><\/ins>\n<script> \n(adsbygoogle = window.adsbygoogle || []).push({}); \n<\/script>\n<\/div>","protected":false},"excerpt":{"rendered":"<p>Le pr\u00e9sident de la R\u00e9publique a invit\u00e9 en conseil ce mercredi, le Gouvernement a lanc\u00e9 une \u00ab\u00a0campagne d&rsquo;information et de sensibilisation des populations sur l&rsquo;\u00e9ducation environnementale et la pr\u00e9servation de leur cadre de vie\u00a0\u00bb. A ce sujet, le Chef de l&rsquo;Etat a engag\u00e9 le Premier ministre \u00e0 initier un \u00ab\u00a0programme national de promotion de la citoyennet\u00e9 avec des composantes op\u00e9rationnelles et institutionnelles rationalis\u00e9es, soutenues par la mobilisation effective de ressources budg\u00e9taires cons\u00e9quentes\u00a0\u00bb. En ce qui concerne cet acte citoyen, il a indiqu\u00e9 la \u00ab\u00a0n\u00e9cessit\u00e9 pour chaque minist\u00e8re, d&rsquo;initier, sous la supervision du Premier Ministre, des actions majeures pour asseoir la mobilisation citoyenne des populations notamment des jeunes\u00a0\u00bb. Le Pr\u00e9sident Bassirou Diomaye a inform\u00e9 le \u00ab\u00a0Conseil qu&rsquo;il participera, le samedi 1 juin 2024, avec l&rsquo;ensemble du Gouvernement, \u00e0 une journ\u00e9e nationale d&rsquo;investissement humain dans le domaine de l&rsquo;assainissement, en vue d&rsquo;accentuer l&rsquo;implication des populations locales, des communes, des Forces arm\u00e9es et des services de l&rsquo;Etat, dans l&rsquo;ex\u00e9cution des op\u00e9rations retenues en pr\u00e9vision de l&rsquo;hivernage\u00a0\u00bb. En d\u00e9finitive, le chef de l&rsquo;Etat a pr\u00f4n\u00e9 \u00ab\u00a0l&rsquo;organisation r\u00e9guli\u00e8re d&rsquo;une journ\u00e9e nationale mensuelle de mobilisation de toutes les forces vives de la Nation ax\u00e9e sur un th\u00e8me sp\u00e9cifique et pilot\u00e9e par le minist\u00e8re comp\u00e9tent.<\/p>\n","protected":false},"author":15,"featured_media":33041,"comment_status":"open","ping_status":"open","sticky":false,"template":"","format":"standard","meta":{"_jetpack_memberships_contains_paid_content":false,"footnotes":""},"categories":[375,550,9,373,3,376,1],"tags":[5730,5731,5718,5732],"class_list":["post-33040","post","type-post","status-publish","format-standard","has-post-thumbnail","hentry","category-actualites","category-afrique-monde","category-communique","category-environnement","category-politique","category-securite-justice","category-non-classe","tag-campagne-dinformation-et-de-sensibilisation-des-populations-sur-leducation-environnementale-et-la-preservation-de-leur-cadre-de-vie","tag-le-chef-de-letat-a-engage-le-premier-ministre-a-initier-un-programme-national-de-promotion-de-la-citoyennete","tag-le-president-de-la-republique","tag-sous-la-supervision-du-premier-ministre","entry","has-media","owp-thumbs-layout-horizontal","owp-btn-normal","owp-tabs-layout-horizontal","has-no-thumbnails","has-product-nav"],"yoast_head":"<!-- This site is optimized with the Yoast SEO plugin v25.5 - https:\/\/yoast.com\/wordpress\/plugins\/seo\/ -->\n<title>Op\u00e9ration pr\u00e9-hivernage: un programme national de promotion de la citoyennet\u00e9 en gestation - LE PUBLIC<\/title>\n<meta name=\"robots\" content=\"index, follow, max-snippet:-1, max-image-preview:large, max-video-preview:-1\" \/>\n<link rel=\"canonical\" href=\"https:\/\/www.public.sn\/index.php\/2024\/05\/30\/operation-pre-hivernage-un-programme-national-de-promotion-de-la-citoyennete-en-gestation\/\" \/>\n<meta property=\"og:locale\" content=\"fr_FR\" \/>\n<meta property=\"og:type\" content=\"article\" \/>\n<meta property=\"og:title\" content=\"Op\u00e9ration pr\u00e9-hivernage: un programme national de promotion de la citoyennet\u00e9 en gestation - LE PUBLIC\" \/>\n<meta property=\"og:description\" content=\"Le pr\u00e9sident de la R\u00e9publique a invit\u00e9 en conseil ce mercredi, le Gouvernement a lanc\u00e9 une \u00ab\u00a0campagne d&rsquo;information et de sensibilisation des populations sur l&rsquo;\u00e9ducation environnementale et la pr\u00e9servation de leur cadre de vie\u00a0\u00bb. A ce sujet, le Chef de l&rsquo;Etat a engag\u00e9 le Premier ministre \u00e0 initier un \u00ab\u00a0programme national de promotion de la citoyennet\u00e9 avec des composantes op\u00e9rationnelles et institutionnelles rationalis\u00e9es, soutenues par la mobilisation effective de ressources budg\u00e9taires cons\u00e9quentes\u00a0\u00bb. En ce qui concerne cet acte citoyen, il a indiqu\u00e9 la \u00ab\u00a0n\u00e9cessit\u00e9 pour chaque minist\u00e8re, d&rsquo;initier, sous la supervision du Premier Ministre, des actions majeures pour asseoir la mobilisation citoyenne des populations notamment des jeunes\u00a0\u00bb. Le Pr\u00e9sident Bassirou Diomaye a inform\u00e9 le \u00ab\u00a0Conseil qu&rsquo;il participera, le samedi 1 juin 2024, avec l&rsquo;ensemble du Gouvernement, \u00e0 une journ\u00e9e nationale d&rsquo;investissement humain dans le domaine de l&rsquo;assainissement, en vue d&rsquo;accentuer l&rsquo;implication des populations locales, des communes, des Forces arm\u00e9es et des services de l&rsquo;Etat, dans l&rsquo;ex\u00e9cution des op\u00e9rations retenues en pr\u00e9vision de l&rsquo;hivernage\u00a0\u00bb. En d\u00e9finitive, le chef de l&rsquo;Etat a pr\u00f4n\u00e9 \u00ab\u00a0l&rsquo;organisation r\u00e9guli\u00e8re d&rsquo;une journ\u00e9e nationale mensuelle de mobilisation de toutes les forces vives de la Nation ax\u00e9e sur un th\u00e8me sp\u00e9cifique et pilot\u00e9e par le minist\u00e8re comp\u00e9tent.\" \/>\n<meta property=\"og:url\" content=\"https:\/\/www.public.sn\/index.php\/2024\/05\/30\/operation-pre-hivernage-un-programme-national-de-promotion-de-la-citoyennete-en-gestation\/\" \/>\n<meta property=\"og:site_name\" content=\"LE PUBLIC\" \/>\n<meta property=\"article:published_time\" content=\"2024-05-30T13:33:31+00:00\" \/>\n<meta property=\"og:image\" content=\"https:\/\/www.public.sn\/wp-content\/uploads\/2024\/05\/telechargement-10.jpeg\" \/>\n\t<meta property=\"og:image:width\" content=\"800\" \/>\n\t<meta property=\"og:image:height\" content=\"533\" \/>\n\t<meta property=\"og:image:type\" content=\"image\/jpeg\" \/>\n<meta name=\"author\" content=\"Baye Amath THIAM\" \/>\n<meta name=\"twitter:card\" content=\"summary_large_image\" \/>\n<meta name=\"twitter:label1\" content=\"\u00c9crit par\" \/>\n\t<meta name=\"twitter:data1\" content=\"Baye Amath THIAM\" \/>\n\t<meta name=\"twitter:label2\" content=\"Dur\u00e9e de lecture estim\u00e9e\" \/>\n\t<meta name=\"twitter:data2\" content=\"2 minutes\" \/>\n<script type=\"application\/ld+json\" class=\"yoast-schema-graph\">{\"@context\":\"https:\/\/schema.org\",\"@graph\":[{\"@type\":\"Article\",\"@id\":\"https:\/\/www.public.sn\/index.php\/2024\/05\/30\/operation-pre-hivernage-un-programme-national-de-promotion-de-la-citoyennete-en-gestation\/#article\",\"isPartOf\":{\"@id\":\"https:\/\/www.public.sn\/index.php\/2024\/05\/30\/operation-pre-hivernage-un-programme-national-de-promotion-de-la-citoyennete-en-gestation\/\"},\"author\":{\"name\":\"Baye Amath THIAM\",\"@id\":\"https:\/\/www.public.sn\/#\/schema\/person\/f77cd9ce05d8fb925eb038378ee6899d\"},\"headline\":\"Op\u00e9ration pr\u00e9-hivernage: un programme national de promotion de la citoyennet\u00e9 en gestation\",\"datePublished\":\"2024-05-30T13:33:31+00:00\",\"mainEntityOfPage\":{\"@id\":\"https:\/\/www.public.sn\/index.php\/2024\/05\/30\/operation-pre-hivernage-un-programme-national-de-promotion-de-la-citoyennete-en-gestation\/\"},\"wordCount\":235,\"commentCount\":0,\"publisher\":{\"@id\":\"https:\/\/www.public.sn\/#organization\"},\"image\":{\"@id\":\"https:\/\/www.public.sn\/index.php\/2024\/05\/30\/operation-pre-hivernage-un-programme-national-de-promotion-de-la-citoyennete-en-gestation\/#primaryimage\"},\"thumbnailUrl\":\"https:\/\/www.public.sn\/wp-content\/uploads\/2024\/05\/telechargement-10.jpeg\",\"keywords\":[\"campagne d'information et de sensibilisation des populations sur l'\u00e9ducation environnementale et la pr\u00e9servation de leur cadre de vie\\\"\",\"le Chef de l'Etat a engag\u00e9 le Premier ministre \u00e0 initier un \\\"programme national de promotion de la citoyennet\u00e9\",\"le Pr\u00e9sident de la R\u00e9publique\",\"sous la supervision du Premier Ministre\"],\"articleSection\":[\"ACTUALIT\u00c9S\",\"AFRIQUE &amp; MONDE\",\"COMMUNIQU\u00c9\",\"ENVIRONNEMENT\",\"POLITIQUE\",\"S\u00c9CURIT\u00c9 &amp; JUSTICE\",\"S\u00c9N\u00c9GAL\"],\"inLanguage\":\"fr-FR\",\"potentialAction\":[{\"@type\":\"CommentAction\",\"name\":\"Comment\",\"target\":[\"https:\/\/www.public.sn\/index.php\/2024\/05\/30\/operation-pre-hivernage-un-programme-national-de-promotion-de-la-citoyennete-en-gestation\/#respond\"]}]},{\"@type\":\"WebPage\",\"@id\":\"https:\/\/www.public.sn\/index.php\/2024\/05\/30\/operation-pre-hivernage-un-programme-national-de-promotion-de-la-citoyennete-en-gestation\/\",\"url\":\"https:\/\/www.public.sn\/index.php\/2024\/05\/30\/operation-pre-hivernage-un-programme-national-de-promotion-de-la-citoyennete-en-gestation\/\",\"name\":\"Op\u00e9ration pr\u00e9-hivernage: un programme national de promotion de la citoyennet\u00e9 en gestation - LE PUBLIC\",\"isPartOf\":{\"@id\":\"https:\/\/www.public.sn\/#website\"},\"primaryImageOfPage\":{\"@id\":\"https:\/\/www.public.sn\/index.php\/2024\/05\/30\/operation-pre-hivernage-un-programme-national-de-promotion-de-la-citoyennete-en-gestation\/#primaryimage\"},\"image\":{\"@id\":\"https:\/\/www.public.sn\/index.php\/2024\/05\/30\/operation-pre-hivernage-un-programme-national-de-promotion-de-la-citoyennete-en-gestation\/#primaryimage\"},\"thumbnailUrl\":\"https:\/\/www.public.sn\/wp-content\/uploads\/2024\/05\/telechargement-10.jpeg\",\"datePublished\":\"2024-05-30T13:33:31+00:00\",\"breadcrumb\":{\"@id\":\"https:\/\/www.public.sn\/index.php\/2024\/05\/30\/operation-pre-hivernage-un-programme-national-de-promotion-de-la-citoyennete-en-gestation\/#breadcrumb\"},\"inLanguage\":\"fr-FR\",\"potentialAction\":[{\"@type\":\"ReadAction\",\"target\":[\"https:\/\/www.public.sn\/index.php\/2024\/05\/30\/operation-pre-hivernage-un-programme-national-de-promotion-de-la-citoyennete-en-gestation\/\"]}]},{\"@type\":\"ImageObject\",\"inLanguage\":\"fr-FR\",\"@id\":\"https:\/\/www.public.sn\/index.php\/2024\/05\/30\/operation-pre-hivernage-un-programme-national-de-promotion-de-la-citoyennete-en-gestation\/#primaryimage\",\"url\":\"https:\/\/www.public.sn\/wp-content\/uploads\/2024\/05\/telechargement-10.jpeg\",\"contentUrl\":\"https:\/\/www.public.sn\/wp-content\/uploads\/2024\/05\/telechargement-10.jpeg\",\"width\":800,\"height\":533},{\"@type\":\"BreadcrumbList\",\"@id\":\"https:\/\/www.public.sn\/index.php\/2024\/05\/30\/operation-pre-hivernage-un-programme-national-de-promotion-de-la-citoyennete-en-gestation\/#breadcrumb\",\"itemListElement\":[{\"@type\":\"ListItem\",\"position\":1,\"name\":\"Accueil\",\"item\":\"https:\/\/www.public.sn\/\"},{\"@type\":\"ListItem\",\"position\":2,\"name\":\"Op\u00e9ration pr\u00e9-hivernage: un programme national de promotion de la citoyennet\u00e9 en gestation\"}]},{\"@type\":\"WebSite\",\"@id\":\"https:\/\/www.public.sn\/#website\",\"url\":\"https:\/\/www.public.sn\/\",\"name\":\"LE PUBLIC\",\"description\":\"\",\"publisher\":{\"@id\":\"https:\/\/www.public.sn\/#organization\"},\"potentialAction\":[{\"@type\":\"SearchAction\",\"target\":{\"@type\":\"EntryPoint\",\"urlTemplate\":\"https:\/\/www.public.sn\/?s={search_term_string}\"},\"query-input\":{\"@type\":\"PropertyValueSpecification\",\"valueRequired\":true,\"valueName\":\"search_term_string\"}}],\"inLanguage\":\"fr-FR\"},{\"@type\":\"Organization\",\"@id\":\"https:\/\/www.public.sn\/#organization\",\"name\":\"LE PUBLIC\",\"url\":\"https:\/\/www.public.sn\/\",\"logo\":{\"@type\":\"ImageObject\",\"inLanguage\":\"fr-FR\",\"@id\":\"https:\/\/www.public.sn\/#\/schema\/logo\/image\/\",\"url\":\"https:\/\/www.public.sn\/wp-content\/uploads\/2024\/05\/cropped-LOGO-PUBLIC.SN_.png\",\"contentUrl\":\"https:\/\/www.public.sn\/wp-content\/uploads\/2024\/05\/cropped-LOGO-PUBLIC.SN_.png\",\"width\":682,\"height\":192,\"caption\":\"LE PUBLIC\"},\"image\":{\"@id\":\"https:\/\/www.public.sn\/#\/schema\/logo\/image\/\"}},{\"@type\":\"Person\",\"@id\":\"https:\/\/www.public.sn\/#\/schema\/person\/f77cd9ce05d8fb925eb038378ee6899d\",\"name\":\"Baye Amath THIAM\",\"image\":{\"@type\":\"ImageObject\",\"inLanguage\":\"fr-FR\",\"@id\":\"https:\/\/www.public.sn\/#\/schema\/person\/image\/\",\"url\":\"https:\/\/secure.gravatar.com\/avatar\/7eb863ef1336b6f8a2ad921469701e52f094a61c698fab02f5af742ed813612d?s=96&d=mm&r=g\",\"contentUrl\":\"https:\/\/secure.gravatar.com\/avatar\/7eb863ef1336b6f8a2ad921469701e52f094a61c698fab02f5af742ed813612d?s=96&d=mm&r=g\",\"caption\":\"Baye Amath THIAM\"},\"url\":\"https:\/\/www.public.sn\/index.php\/author\/thiamba24\/\"}]}<\/script>\n<!-- \/ Yoast SEO plugin. -->","yoast_head_json":{"title":"Op\u00e9ration pr\u00e9-hivernage: un programme national de promotion de la citoyennet\u00e9 en gestation - LE PUBLIC","robots":{"index":"index","follow":"follow","max-snippet":"max-snippet:-1","max-image-preview":"max-image-preview:large","max-video-preview":"max-video-preview:-1"},"canonical":"https:\/\/www.public.sn\/index.php\/2024\/05\/30\/operation-pre-hivernage-un-programme-national-de-promotion-de-la-citoyennete-en-gestation\/","og_locale":"fr_FR","og_type":"article","og_title":"Op\u00e9ration pr\u00e9-hivernage: un programme national de promotion de la citoyennet\u00e9 en gestation - LE PUBLIC","og_description":"Le pr\u00e9sident de la R\u00e9publique a invit\u00e9 en conseil ce mercredi, le Gouvernement a lanc\u00e9 une \u00ab\u00a0campagne d&rsquo;information et de sensibilisation des populations sur l&rsquo;\u00e9ducation environnementale et la pr\u00e9servation de leur cadre de vie\u00a0\u00bb. A ce sujet, le Chef de l&rsquo;Etat a engag\u00e9 le Premier ministre \u00e0 initier un \u00ab\u00a0programme national de promotion de la citoyennet\u00e9 avec des composantes op\u00e9rationnelles et institutionnelles rationalis\u00e9es, soutenues par la mobilisation effective de ressources budg\u00e9taires cons\u00e9quentes\u00a0\u00bb. En ce qui concerne cet acte citoyen, il a indiqu\u00e9 la \u00ab\u00a0n\u00e9cessit\u00e9 pour chaque minist\u00e8re, d&rsquo;initier, sous la supervision du Premier Ministre, des actions majeures pour asseoir la mobilisation citoyenne des populations notamment des jeunes\u00a0\u00bb. Le Pr\u00e9sident Bassirou Diomaye a inform\u00e9 le \u00ab\u00a0Conseil qu&rsquo;il participera, le samedi 1 juin 2024, avec l&rsquo;ensemble du Gouvernement, \u00e0 une journ\u00e9e nationale d&rsquo;investissement humain dans le domaine de l&rsquo;assainissement, en vue d&rsquo;accentuer l&rsquo;implication des populations locales, des communes, des Forces arm\u00e9es et des services de l&rsquo;Etat, dans l&rsquo;ex\u00e9cution des op\u00e9rations retenues en pr\u00e9vision de l&rsquo;hivernage\u00a0\u00bb. En d\u00e9finitive, le chef de l&rsquo;Etat a pr\u00f4n\u00e9 \u00ab\u00a0l&rsquo;organisation r\u00e9guli\u00e8re d&rsquo;une journ\u00e9e nationale mensuelle de mobilisation de toutes les forces vives de la Nation ax\u00e9e sur un th\u00e8me sp\u00e9cifique et pilot\u00e9e par le minist\u00e8re comp\u00e9tent.","og_url":"https:\/\/www.public.sn\/index.php\/2024\/05\/30\/operation-pre-hivernage-un-programme-national-de-promotion-de-la-citoyennete-en-gestation\/","og_site_name":"LE PUBLIC","article_published_time":"2024-05-30T13:33:31+00:00","og_image":[{"width":800,"height":533,"url":"https:\/\/www.public.sn\/wp-content\/uploads\/2024\/05\/telechargement-10.jpeg","type":"image\/jpeg"}],"author":"Baye Amath THIAM","twitter_card":"summary_large_image","twitter_misc":{"\u00c9crit par":"Baye Amath THIAM","Dur\u00e9e de lecture estim\u00e9e":"2 minutes"},"schema":{"@context":"https:\/\/schema.org","@graph":[{"@type":"Article","@id":"https:\/\/www.public.sn\/index.php\/2024\/05\/30\/operation-pre-hivernage-un-programme-national-de-promotion-de-la-citoyennete-en-gestation\/#article","isPartOf":{"@id":"https:\/\/www.public.sn\/index.php\/2024\/05\/30\/operation-pre-hivernage-un-programme-national-de-promotion-de-la-citoyennete-en-gestation\/"},"author":{"name":"Baye Amath THIAM","@id":"https:\/\/www.public.sn\/#\/schema\/person\/f77cd9ce05d8fb925eb038378ee6899d"},"headline":"Op\u00e9ration pr\u00e9-hivernage: un programme national de promotion de la citoyennet\u00e9 en gestation","datePublished":"2024-05-30T13:33:31+00:00","mainEntityOfPage":{"@id":"https:\/\/www.public.sn\/index.php\/2024\/05\/30\/operation-pre-hivernage-un-programme-national-de-promotion-de-la-citoyennete-en-gestation\/"},"wordCount":235,"commentCount":0,"publisher":{"@id":"https:\/\/www.public.sn\/#organization"},"image":{"@id":"https:\/\/www.public.sn\/index.php\/2024\/05\/30\/operation-pre-hivernage-un-programme-national-de-promotion-de-la-citoyennete-en-gestation\/#primaryimage"},"thumbnailUrl":"https:\/\/www.public.sn\/wp-content\/uploads\/2024\/05\/telechargement-10.jpeg","keywords":["campagne d'information et de sensibilisation des populations sur l'\u00e9ducation environnementale et la pr\u00e9servation de leur cadre de vie\"","le Chef de l'Etat a engag\u00e9 le Premier ministre \u00e0 initier un \"programme national de promotion de la citoyennet\u00e9","le Pr\u00e9sident de la R\u00e9publique","sous la supervision du Premier Ministre"],"articleSection":["ACTUALIT\u00c9S","AFRIQUE &amp; MONDE","COMMUNIQU\u00c9","ENVIRONNEMENT","POLITIQUE","S\u00c9CURIT\u00c9 &amp; JUSTICE","S\u00c9N\u00c9GAL"],"inLanguage":"fr-FR","potentialAction":[{"@type":"CommentAction","name":"Comment","target":["https:\/\/www.public.sn\/index.php\/2024\/05\/30\/operation-pre-hivernage-un-programme-national-de-promotion-de-la-citoyennete-en-gestation\/#respond"]}]},{"@type":"WebPage","@id":"https:\/\/www.public.sn\/index.php\/2024\/05\/30\/operation-pre-hivernage-un-programme-national-de-promotion-de-la-citoyennete-en-gestation\/","url":"https:\/\/www.public.sn\/index.php\/2024\/05\/30\/operation-pre-hivernage-un-programme-national-de-promotion-de-la-citoyennete-en-gestation\/","name":"Op\u00e9ration pr\u00e9-hivernage: un programme national de promotion de la citoyennet\u00e9 en gestation - LE PUBLIC","isPartOf":{"@id":"https:\/\/www.public.sn\/#website"},"primaryImageOfPage":{"@id":"https:\/\/www.public.sn\/index.php\/2024\/05\/30\/operation-pre-hivernage-un-programme-national-de-promotion-de-la-citoyennete-en-gestation\/#primaryimage"},"image":{"@id":"https:\/\/www.public.sn\/index.php\/2024\/05\/30\/operation-pre-hivernage-un-programme-national-de-promotion-de-la-citoyennete-en-gestation\/#primaryimage"},"thumbnailUrl":"https:\/\/www.public.sn\/wp-content\/uploads\/2024\/05\/telechargement-10.jpeg","datePublished":"2024-05-30T13:33:31+00:00","breadcrumb":{"@id":"https:\/\/www.public.sn\/index.php\/2024\/05\/30\/operation-pre-hivernage-un-programme-national-de-promotion-de-la-citoyennete-en-gestation\/#breadcrumb"},"inLanguage":"fr-FR","potentialAction":[{"@type":"ReadAction","target":["https:\/\/www.public.sn\/index.php\/2024\/05\/30\/operation-pre-hivernage-un-programme-national-de-promotion-de-la-citoyennete-en-gestation\/"]}]},{"@type":"ImageObject","inLanguage":"fr-FR","@id":"https:\/\/www.public.sn\/index.php\/2024\/05\/30\/operation-pre-hivernage-un-programme-national-de-promotion-de-la-citoyennete-en-gestation\/#primaryimage","url":"https:\/\/www.public.sn\/wp-content\/uploads\/2024\/05\/telechargement-10.jpeg","contentUrl":"https:\/\/www.public.sn\/wp-content\/uploads\/2024\/05\/telechargement-10.jpeg","width":800,"height":533},{"@type":"BreadcrumbList","@id":"https:\/\/www.public.sn\/index.php\/2024\/05\/30\/operation-pre-hivernage-un-programme-national-de-promotion-de-la-citoyennete-en-gestation\/#breadcrumb","itemListElement":[{"@type":"ListItem","position":1,"name":"Accueil","item":"https:\/\/www.public.sn\/"},{"@type":"ListItem","position":2,"name":"Op\u00e9ration pr\u00e9-hivernage: un programme national de promotion de la citoyennet\u00e9 en gestation"}]},{"@type":"WebSite","@id":"https:\/\/www.public.sn\/#website","url":"https:\/\/www.public.sn\/","name":"LE PUBLIC","description":"","publisher":{"@id":"https:\/\/www.public.sn\/#organization"},"potentialAction":[{"@type":"SearchAction","target":{"@type":"EntryPoint","urlTemplate":"https:\/\/www.public.sn\/?s={search_term_string}"},"query-input":{"@type":"PropertyValueSpecification","valueRequired":true,"valueName":"search_term_string"}}],"inLanguage":"fr-FR"},{"@type":"Organization","@id":"https:\/\/www.public.sn\/#organization","name":"LE PUBLIC","url":"https:\/\/www.public.sn\/","logo":{"@type":"ImageObject","inLanguage":"fr-FR","@id":"https:\/\/www.public.sn\/#\/schema\/logo\/image\/","url":"https:\/\/www.public.sn\/wp-content\/uploads\/2024\/05\/cropped-LOGO-PUBLIC.SN_.png","contentUrl":"https:\/\/www.public.sn\/wp-content\/uploads\/2024\/05\/cropped-LOGO-PUBLIC.SN_.png","width":682,"height":192,"caption":"LE PUBLIC"},"image":{"@id":"https:\/\/www.public.sn\/#\/schema\/logo\/image\/"}},{"@type":"Person","@id":"https:\/\/www.public.sn\/#\/schema\/person\/f77cd9ce05d8fb925eb038378ee6899d","name":"Baye Amath THIAM","image":{"@type":"ImageObject","inLanguage":"fr-FR","@id":"https:\/\/www.public.sn\/#\/schema\/person\/image\/","url":"https:\/\/secure.gravatar.com\/avatar\/7eb863ef1336b6f8a2ad921469701e52f094a61c698fab02f5af742ed813612d?s=96&d=mm&r=g","contentUrl":"https:\/\/secure.gravatar.com\/avatar\/7eb863ef1336b6f8a2ad921469701e52f094a61c698fab02f5af742ed813612d?s=96&d=mm&r=g","caption":"Baye Amath THIAM"},"url":"https:\/\/www.public.sn\/index.php\/author\/thiamba24\/"}]}},"jetpack_featured_media_url":"https:\/\/www.public.sn\/wp-content\/uploads\/2024\/05\/telechargement-10.jpeg","jetpack_sharing_enabled":true,"_links":{"self":[{"href":"https:\/\/www.public.sn\/index.php\/wp-json\/wp\/v2\/posts\/33040","targetHints":{"allow":["GET"]}}],"collection":[{"href":"https:\/\/www.public.sn\/index.php\/wp-json\/wp\/v2\/posts"}],"about":[{"href":"https:\/\/www.public.sn\/index.php\/wp-json\/wp\/v2\/types\/post"}],"author":[{"embeddable":true,"href":"https:\/\/www.public.sn\/index.php\/wp-json\/wp\/v2\/users\/15"}],"replies":[{"embeddable":true,"href":"https:\/\/www.public.sn\/index.php\/wp-json\/wp\/v2\/comments?post=33040"}],"version-history":[{"count":1,"href":"https:\/\/www.public.sn\/index.php\/wp-json\/wp\/v2\/posts\/33040\/revisions"}],"predecessor-version":[{"id":33042,"href":"https:\/\/www.public.sn\/index.php\/wp-json\/wp\/v2\/posts\/33040\/revisions\/33042"}],"wp:featuredmedia":[{"embeddable":true,"href":"https:\/\/www.public.sn\/index.php\/wp-json\/wp\/v2\/media\/33041"}],"wp:attachment":[{"href":"https:\/\/www.public.sn\/index.php\/wp-json\/wp\/v2\/media?parent=33040"}],"wp:term":[{"taxonomy":"category","embeddable":true,"href":"https:\/\/www.public.sn\/index.php\/wp-json\/wp\/v2\/categories?post=33040"},{"taxonomy":"post_tag","embeddable":true,"href":"https:\/\/www.public.sn\/index.php\/wp-json\/wp\/v2\/tags?post=33040"}],"curies":[{"name":"wp","href":"https:\/\/api.w.org\/{rel}","templated":true}]}}