{"id":33107,"date":"2024-06-01T20:44:08","date_gmt":"2024-06-01T20:44:08","guid":{"rendered":"https:\/\/www.public.sn\/?p=33107"},"modified":"2024-06-01T20:44:08","modified_gmt":"2024-06-01T20:44:08","slug":"environnement-lancement-de-la-journee-setal-sunu-rew-le-president-de-la-republique-invite-les-senegalais-a-sy-mettre","status":"publish","type":"post","link":"https:\/\/www.public.sn\/index.php\/2024\/06\/01\/environnement-lancement-de-la-journee-setal-sunu-rew-le-president-de-la-republique-invite-les-senegalais-a-sy-mettre\/","title":{"rendered":"Environnement: Lancement de la journ\u00e9e \u00ab Setal Sunu Rew \u00bb : le Pr\u00e9sident de la R\u00e9publique invite les s\u00e9n\u00e9galais \u00e0 s&rsquo;y mettre"},"content":{"rendered":"<p>\u00ab Setal Sunu Rew \u00bb initi\u00e9 par le pr\u00e9sident de la R\u00e9publique Bassirou Diomaye Faye, Son Excellence, lui qui a proc\u00e9d\u00e9 d\u00e9placement \u00e0 Thioroye, ce samedi pour lancement de la journ\u00e9e \u00ab Setal Sunu Rew \u00bb. Une initiative \u00ab d\u2019investissement humain, communautaire, allant dans le sens d&rsquo;anticiper les inondations \u00bb. Lors de son discours, le Chef de l\u2019Etat a rappel\u00e9 l\u2019importance de cette journ\u00e9e, avant d\u2019appeler les populations \u00e0 s\u2019en approprier.<\/p><div class=\"publi-paragraphe1\" style=\"margin-top: 10px;margin-bottom: 10px;margin-left: auto;margin-right: auto;text-align: center;\" id=\"publi-342189161\"><div class=\"publi-adlabel\">Publicit\u00e9<\/div><script async src=\"\/\/pagead2.googlesyndication.com\/pagead\/js\/adsbygoogle.js?client=ca-pub-4089586018074219\" crossorigin=\"anonymous\"><\/script><ins class=\"adsbygoogle\" style=\"display:block;\" data-ad-client=\"ca-pub-4089586018074219\" \ndata-ad-slot=\"2087940154\" \ndata-ad-format=\"auto\"><\/ins>\n<script> \n(adsbygoogle = window.adsbygoogle || []).push({}); \n<\/script>\n<\/div>\n<p>Par la m\u00eame, il a fait un discours pour montrer l&rsquo;importance de cet acte citoyen: \u00ab Je remercie le peuple s\u00e9n\u00e9galais qui s&rsquo;est massivement mobilis\u00e9 pour nous rejoindre dans cette journ\u00e9e de \u00ab Setal Sunu Rew \u00bb qui est une journ\u00e9e d&rsquo;investissement humaine, communautaire allant dans le sens d&rsquo;anticiper les inondations. Parce que c\u2019est dans le cadre des op\u00e9rations pr\u00e9-hivernales que cette journ\u00e9e se tient. Nous avons appel\u00e9 au redressement, ce qui veut dire, nous comptons le faire avec le peuple s\u00e9n\u00e9galais qui reste notre unique alli\u00e9. Nous avons demand\u00e9 des assises, pour demander au peuple de nous dire ce qu\u2019il pense et ce qu\u2019il regarde. L\u2019assainissement doit \u00eatre une affaire de tous. L\u2019hygi\u00e8ne et la propret\u00e9 doivent aussi \u00eatre une affaire de tous. Nous devons l\u2019int\u00e9rioriser dans nos comportements au quotidien. \u00c9viter de salir et quand nous constatons que c\u2019est salle de syst\u00e9matiquement penser \u00e0 nettoyer. Il y va de notre sant\u00e9, de notre bien-\u00eatre \u00bb, a d\u00e9clar\u00e9 Bassirou Diomaye Faye.<\/p>\n<p>Le pr\u00e9sident de la R\u00e9publique d\u2019ajouter : \u00ab Je continue \u00e0 appeler les S\u00e9n\u00e9galais \u00e0 ne pas faire de cette journ\u00e9e, une journ\u00e9e circonstancielle. C\u2019est un d\u00e9fi permanent, c\u2019est un comportement que nous cherchons \u00e0 imprimer dans notre ADN permanant, collective et nous devons tous, ou que nous nous retrouvons nous sentir concern\u00e9. \u00c0 travers ce symbole, nous appelons les S\u00e9n\u00e9galais, partout o\u00f9 qu\u2019ils soient, qu\u2019ils comprennent que tout acte que nous posons dans la vie quel que soit le domaine, \u00e0 forc\u00e9ment quelques r\u00e9percussions dans le vivre-ensemble et nous devons toujours nous poser la question de savoir quand nous posons ces actes-l\u00e0, quand serait-il si tout le monde faisait exactement le m\u00eame acte. On verrait la diff\u00e9rence dans les cons\u00e9quences, entre celui qui salit et qui \u00e9vite de salir \u00bb.<\/p>\n<p>Cette premi\u00e8re \u00e9dition entre dans le cadre d\u2019investissement humain vise \u00e0 encourager les S\u00e9n\u00e9galais \u00e0 s\u2019en approprier et \u00e0 participer activement \u00e0 la gestion et \u00e0 la pr\u00e9vention des inondations.<\/p>\n<p>La c\u00e9r\u00e9monie de lancement s\u2019est d\u00e9roul\u00e9e \u00e0 Thiaroye en pr\u00e9sence du ministre de l\u2019Hydraulique et de l\u2019Assainissement, Cheikh Tidiane Di\u00e8ye. Plusieurs membres du gouvernement ont pris part \u00e0 cette journ\u00e9e d\u2019engagement communautaire.<\/p>\n<div class=\"publi-apres-le-contenu\" style=\"margin-top: 10px;margin-bottom: 10px;margin-left: auto;margin-right: auto;text-align: center;\" id=\"publi-2055557534\"><div class=\"publi-adlabel\">Publicit\u00e9<\/div><script async src=\"\/\/pagead2.googlesyndication.com\/pagead\/js\/adsbygoogle.js?client=ca-pub-4089586018074219\" crossorigin=\"anonymous\"><\/script><ins class=\"adsbygoogle\" style=\"display:block;\" data-ad-client=\"ca-pub-4089586018074219\" \ndata-ad-slot=\"2087940154\" \ndata-ad-format=\"auto\"><\/ins>\n<script> \n(adsbygoogle = window.adsbygoogle || []).push({}); \n<\/script>\n<\/div>","protected":false},"excerpt":{"rendered":"<p>\u00ab Setal Sunu Rew \u00bb initi\u00e9 par le pr\u00e9sident de la R\u00e9publique Bassirou Diomaye Faye, Son Excellence, lui qui a proc\u00e9d\u00e9 d\u00e9placement \u00e0 Thioroye, ce samedi pour lancement de la journ\u00e9e \u00ab Setal Sunu Rew \u00bb. Une initiative \u00ab d\u2019investissement humain, communautaire, allant dans le sens d&rsquo;anticiper les inondations \u00bb. Lors de son discours, le Chef de l\u2019Etat a rappel\u00e9 l\u2019importance de cette journ\u00e9e, avant d\u2019appeler les populations \u00e0 s\u2019en approprier. Par la m\u00eame, il a fait un discours pour montrer l&rsquo;importance de cet acte citoyen: \u00ab Je remercie le peuple s\u00e9n\u00e9galais qui s&rsquo;est massivement mobilis\u00e9 pour nous rejoindre dans cette journ\u00e9e de \u00ab Setal Sunu Rew \u00bb qui est une journ\u00e9e d&rsquo;investissement humaine, communautaire allant dans le sens d&rsquo;anticiper les inondations. Parce que c\u2019est dans le cadre des op\u00e9rations pr\u00e9-hivernales que cette journ\u00e9e se tient. Nous avons appel\u00e9 au redressement, ce qui veut dire, nous comptons le faire avec le peuple s\u00e9n\u00e9galais qui reste notre unique alli\u00e9. Nous avons demand\u00e9 des assises, pour demander au peuple de nous dire ce qu\u2019il pense et ce qu\u2019il regarde. L\u2019assainissement doit \u00eatre une affaire de tous. L\u2019hygi\u00e8ne et la propret\u00e9 doivent aussi \u00eatre une affaire de tous. Nous devons l\u2019int\u00e9rioriser dans nos comportements au quotidien. \u00c9viter de salir et quand nous constatons que c\u2019est salle de syst\u00e9matiquement penser \u00e0 nettoyer. Il y va de notre sant\u00e9, de notre bien-\u00eatre \u00bb, a d\u00e9clar\u00e9 Bassirou Diomaye Faye. Le pr\u00e9sident de la R\u00e9publique d\u2019ajouter : \u00ab Je continue \u00e0 appeler les S\u00e9n\u00e9galais \u00e0 ne pas faire de cette journ\u00e9e, une journ\u00e9e circonstancielle. C\u2019est un d\u00e9fi permanent, c\u2019est un comportement que nous cherchons \u00e0 imprimer dans notre ADN permanant, collective et nous devons tous, ou que nous nous retrouvons nous sentir concern\u00e9. \u00c0 travers ce symbole, nous appelons les S\u00e9n\u00e9galais, partout o\u00f9 qu\u2019ils soient, qu\u2019ils comprennent que tout acte que nous posons dans la vie quel que soit le domaine, \u00e0 forc\u00e9ment quelques r\u00e9percussions dans le vivre-ensemble et nous devons toujours nous poser la question de savoir quand nous posons ces actes-l\u00e0, quand serait-il si tout le monde faisait exactement le m\u00eame acte. On verrait la diff\u00e9rence dans les cons\u00e9quences, entre celui qui salit et qui \u00e9vite de salir \u00bb. Cette premi\u00e8re \u00e9dition entre dans le cadre d\u2019investissement humain vise \u00e0 encourager les S\u00e9n\u00e9galais \u00e0 s\u2019en approprier et \u00e0 participer activement \u00e0 la gestion et \u00e0 la pr\u00e9vention des inondations. La c\u00e9r\u00e9monie de lancement s\u2019est d\u00e9roul\u00e9e \u00e0 Thiaroye en pr\u00e9sence du ministre de l\u2019Hydraulique et de l\u2019Assainissement, Cheikh Tidiane Di\u00e8ye. Plusieurs membres du gouvernement ont pris part \u00e0 cette journ\u00e9e d\u2019engagement communautaire.<\/p>\n","protected":false},"author":15,"featured_media":33109,"comment_status":"open","ping_status":"open","sticky":false,"template":"","format":"standard","meta":{"_jetpack_memberships_contains_paid_content":false,"footnotes":""},"categories":[375,550,373,3728,3,1],"tags":[5830,5834,5833,5831,5829,5835,5832,5828],"class_list":["post-33107","post","type-post","status-publish","format-standard","has-post-thumbnail","hentry","category-actualites","category-afrique-monde","category-environnement","category-internationale","category-politique","category-non-classe","tag-a-thioroye","tag-cest-un-defi-permanent","tag-lhygiene-et-la-proprete","tag-le-chef-de-letat-a-rappele-limportance-de-cette-journee","tag-le-president-de-la-republique-bassirou-diomaye-faye","tag-ministre-de-lhydraulique-et-de-lassainissement","tag-operations-pre-hivernales","tag-setal-sunu-rew","entry","has-media","owp-thumbs-layout-horizontal","owp-btn-normal","owp-tabs-layout-horizontal","has-no-thumbnails","has-product-nav"],"yoast_head":"<!-- This site is optimized with the Yoast SEO plugin v25.5 - https:\/\/yoast.com\/wordpress\/plugins\/seo\/ -->\n<title>Environnement: Lancement de la journ\u00e9e \u00ab Setal Sunu Rew \u00bb : le Pr\u00e9sident de la R\u00e9publique invite les s\u00e9n\u00e9galais \u00e0 s&#039;y mettre - LE PUBLIC<\/title>\n<meta name=\"robots\" content=\"index, follow, max-snippet:-1, max-image-preview:large, max-video-preview:-1\" \/>\n<link rel=\"canonical\" href=\"https:\/\/www.public.sn\/index.php\/2024\/06\/01\/environnement-lancement-de-la-journee-setal-sunu-rew-le-president-de-la-republique-invite-les-senegalais-a-sy-mettre\/\" \/>\n<meta property=\"og:locale\" content=\"fr_FR\" \/>\n<meta property=\"og:type\" content=\"article\" \/>\n<meta property=\"og:title\" content=\"Environnement: Lancement de la journ\u00e9e \u00ab Setal Sunu Rew \u00bb : le Pr\u00e9sident de la R\u00e9publique invite les s\u00e9n\u00e9galais \u00e0 s&#039;y mettre - LE PUBLIC\" \/>\n<meta property=\"og:description\" content=\"\u00ab Setal Sunu Rew \u00bb initi\u00e9 par le pr\u00e9sident de la R\u00e9publique Bassirou Diomaye Faye, Son Excellence, lui qui a proc\u00e9d\u00e9 d\u00e9placement \u00e0 Thioroye, ce samedi pour lancement de la journ\u00e9e \u00ab Setal Sunu Rew \u00bb. Une initiative \u00ab d\u2019investissement humain, communautaire, allant dans le sens d&rsquo;anticiper les inondations \u00bb. Lors de son discours, le Chef de l\u2019Etat a rappel\u00e9 l\u2019importance de cette journ\u00e9e, avant d\u2019appeler les populations \u00e0 s\u2019en approprier. Par la m\u00eame, il a fait un discours pour montrer l&rsquo;importance de cet acte citoyen: \u00ab Je remercie le peuple s\u00e9n\u00e9galais qui s&rsquo;est massivement mobilis\u00e9 pour nous rejoindre dans cette journ\u00e9e de \u00ab Setal Sunu Rew \u00bb qui est une journ\u00e9e d&rsquo;investissement humaine, communautaire allant dans le sens d&rsquo;anticiper les inondations. Parce que c\u2019est dans le cadre des op\u00e9rations pr\u00e9-hivernales que cette journ\u00e9e se tient. Nous avons appel\u00e9 au redressement, ce qui veut dire, nous comptons le faire avec le peuple s\u00e9n\u00e9galais qui reste notre unique alli\u00e9. Nous avons demand\u00e9 des assises, pour demander au peuple de nous dire ce qu\u2019il pense et ce qu\u2019il regarde. L\u2019assainissement doit \u00eatre une affaire de tous. L\u2019hygi\u00e8ne et la propret\u00e9 doivent aussi \u00eatre une affaire de tous. Nous devons l\u2019int\u00e9rioriser dans nos comportements au quotidien. \u00c9viter de salir et quand nous constatons que c\u2019est salle de syst\u00e9matiquement penser \u00e0 nettoyer. Il y va de notre sant\u00e9, de notre bien-\u00eatre \u00bb, a d\u00e9clar\u00e9 Bassirou Diomaye Faye. Le pr\u00e9sident de la R\u00e9publique d\u2019ajouter : \u00ab Je continue \u00e0 appeler les S\u00e9n\u00e9galais \u00e0 ne pas faire de cette journ\u00e9e, une journ\u00e9e circonstancielle. C\u2019est un d\u00e9fi permanent, c\u2019est un comportement que nous cherchons \u00e0 imprimer dans notre ADN permanant, collective et nous devons tous, ou que nous nous retrouvons nous sentir concern\u00e9. \u00c0 travers ce symbole, nous appelons les S\u00e9n\u00e9galais, partout o\u00f9 qu\u2019ils soient, qu\u2019ils comprennent que tout acte que nous posons dans la vie quel que soit le domaine, \u00e0 forc\u00e9ment quelques r\u00e9percussions dans le vivre-ensemble et nous devons toujours nous poser la question de savoir quand nous posons ces actes-l\u00e0, quand serait-il si tout le monde faisait exactement le m\u00eame acte. On verrait la diff\u00e9rence dans les cons\u00e9quences, entre celui qui salit et qui \u00e9vite de salir \u00bb. Cette premi\u00e8re \u00e9dition entre dans le cadre d\u2019investissement humain vise \u00e0 encourager les S\u00e9n\u00e9galais \u00e0 s\u2019en approprier et \u00e0 participer activement \u00e0 la gestion et \u00e0 la pr\u00e9vention des inondations. La c\u00e9r\u00e9monie de lancement s\u2019est d\u00e9roul\u00e9e \u00e0 Thiaroye en pr\u00e9sence du ministre de l\u2019Hydraulique et de l\u2019Assainissement, Cheikh Tidiane Di\u00e8ye. Plusieurs membres du gouvernement ont pris part \u00e0 cette journ\u00e9e d\u2019engagement communautaire.\" \/>\n<meta property=\"og:url\" content=\"https:\/\/www.public.sn\/index.php\/2024\/06\/01\/environnement-lancement-de-la-journee-setal-sunu-rew-le-president-de-la-republique-invite-les-senegalais-a-sy-mettre\/\" \/>\n<meta property=\"og:site_name\" content=\"LE PUBLIC\" \/>\n<meta property=\"article:published_time\" content=\"2024-06-01T20:44:08+00:00\" \/>\n<meta property=\"og:image\" content=\"https:\/\/www.public.sn\/wp-content\/uploads\/2024\/06\/diomaye-.jpeg\" \/>\n\t<meta property=\"og:image:width\" content=\"1280\" \/>\n\t<meta property=\"og:image:height\" content=\"960\" \/>\n\t<meta property=\"og:image:type\" content=\"image\/jpeg\" \/>\n<meta name=\"author\" content=\"Baye Amath THIAM\" \/>\n<meta name=\"twitter:card\" content=\"summary_large_image\" \/>\n<meta name=\"twitter:label1\" content=\"\u00c9crit par\" \/>\n\t<meta name=\"twitter:data1\" content=\"Baye Amath THIAM\" \/>\n\t<meta name=\"twitter:label2\" content=\"Dur\u00e9e de lecture estim\u00e9e\" \/>\n\t<meta name=\"twitter:data2\" content=\"3 minutes\" \/>\n<script type=\"application\/ld+json\" class=\"yoast-schema-graph\">{\"@context\":\"https:\/\/schema.org\",\"@graph\":[{\"@type\":\"Article\",\"@id\":\"https:\/\/www.public.sn\/index.php\/2024\/06\/01\/environnement-lancement-de-la-journee-setal-sunu-rew-le-president-de-la-republique-invite-les-senegalais-a-sy-mettre\/#article\",\"isPartOf\":{\"@id\":\"https:\/\/www.public.sn\/index.php\/2024\/06\/01\/environnement-lancement-de-la-journee-setal-sunu-rew-le-president-de-la-republique-invite-les-senegalais-a-sy-mettre\/\"},\"author\":{\"name\":\"Baye Amath THIAM\",\"@id\":\"https:\/\/www.public.sn\/#\/schema\/person\/f77cd9ce05d8fb925eb038378ee6899d\"},\"headline\":\"Environnement: Lancement de la journ\u00e9e \u00ab Setal Sunu Rew \u00bb : le Pr\u00e9sident de la R\u00e9publique invite les s\u00e9n\u00e9galais \u00e0 s&rsquo;y mettre\",\"datePublished\":\"2024-06-01T20:44:08+00:00\",\"mainEntityOfPage\":{\"@id\":\"https:\/\/www.public.sn\/index.php\/2024\/06\/01\/environnement-lancement-de-la-journee-setal-sunu-rew-le-president-de-la-republique-invite-les-senegalais-a-sy-mettre\/\"},\"wordCount\":490,\"commentCount\":0,\"publisher\":{\"@id\":\"https:\/\/www.public.sn\/#organization\"},\"image\":{\"@id\":\"https:\/\/www.public.sn\/index.php\/2024\/06\/01\/environnement-lancement-de-la-journee-setal-sunu-rew-le-president-de-la-republique-invite-les-senegalais-a-sy-mettre\/#primaryimage\"},\"thumbnailUrl\":\"https:\/\/www.public.sn\/wp-content\/uploads\/2024\/06\/diomaye-.jpeg\",\"keywords\":[\"\u00e0 Thioroye\",\"C\u2019est un d\u00e9fi permanent\",\"L\u2019hygi\u00e8ne et la propret\u00e9\",\"le Chef de l\u2019Etat a rappel\u00e9 l\u2019importance de cette journ\u00e9e\",\"le pr\u00e9sident de la R\u00e9publique Bassirou Diomaye Faye\",\"ministre de l\u2019Hydraulique et de l\u2019Assainissement\",\"op\u00e9rations pr\u00e9-hivernales\",\"Setal Sunu Rew\"],\"articleSection\":[\"ACTUALIT\u00c9S\",\"AFRIQUE &amp; MONDE\",\"ENVIRONNEMENT\",\"internationale\",\"POLITIQUE\",\"S\u00c9N\u00c9GAL\"],\"inLanguage\":\"fr-FR\",\"potentialAction\":[{\"@type\":\"CommentAction\",\"name\":\"Comment\",\"target\":[\"https:\/\/www.public.sn\/index.php\/2024\/06\/01\/environnement-lancement-de-la-journee-setal-sunu-rew-le-president-de-la-republique-invite-les-senegalais-a-sy-mettre\/#respond\"]}]},{\"@type\":\"WebPage\",\"@id\":\"https:\/\/www.public.sn\/index.php\/2024\/06\/01\/environnement-lancement-de-la-journee-setal-sunu-rew-le-president-de-la-republique-invite-les-senegalais-a-sy-mettre\/\",\"url\":\"https:\/\/www.public.sn\/index.php\/2024\/06\/01\/environnement-lancement-de-la-journee-setal-sunu-rew-le-president-de-la-republique-invite-les-senegalais-a-sy-mettre\/\",\"name\":\"Environnement: Lancement de la journ\u00e9e \u00ab Setal Sunu Rew \u00bb : le Pr\u00e9sident de la R\u00e9publique invite les s\u00e9n\u00e9galais \u00e0 s'y mettre - LE PUBLIC\",\"isPartOf\":{\"@id\":\"https:\/\/www.public.sn\/#website\"},\"primaryImageOfPage\":{\"@id\":\"https:\/\/www.public.sn\/index.php\/2024\/06\/01\/environnement-lancement-de-la-journee-setal-sunu-rew-le-president-de-la-republique-invite-les-senegalais-a-sy-mettre\/#primaryimage\"},\"image\":{\"@id\":\"https:\/\/www.public.sn\/index.php\/2024\/06\/01\/environnement-lancement-de-la-journee-setal-sunu-rew-le-president-de-la-republique-invite-les-senegalais-a-sy-mettre\/#primaryimage\"},\"thumbnailUrl\":\"https:\/\/www.public.sn\/wp-content\/uploads\/2024\/06\/diomaye-.jpeg\",\"datePublished\":\"2024-06-01T20:44:08+00:00\",\"breadcrumb\":{\"@id\":\"https:\/\/www.public.sn\/index.php\/2024\/06\/01\/environnement-lancement-de-la-journee-setal-sunu-rew-le-president-de-la-republique-invite-les-senegalais-a-sy-mettre\/#breadcrumb\"},\"inLanguage\":\"fr-FR\",\"potentialAction\":[{\"@type\":\"ReadAction\",\"target\":[\"https:\/\/www.public.sn\/index.php\/2024\/06\/01\/environnement-lancement-de-la-journee-setal-sunu-rew-le-president-de-la-republique-invite-les-senegalais-a-sy-mettre\/\"]}]},{\"@type\":\"ImageObject\",\"inLanguage\":\"fr-FR\",\"@id\":\"https:\/\/www.public.sn\/index.php\/2024\/06\/01\/environnement-lancement-de-la-journee-setal-sunu-rew-le-president-de-la-republique-invite-les-senegalais-a-sy-mettre\/#primaryimage\",\"url\":\"https:\/\/www.public.sn\/wp-content\/uploads\/2024\/06\/diomaye-.jpeg\",\"contentUrl\":\"https:\/\/www.public.sn\/wp-content\/uploads\/2024\/06\/diomaye-.jpeg\",\"width\":1280,\"height\":960},{\"@type\":\"BreadcrumbList\",\"@id\":\"https:\/\/www.public.sn\/index.php\/2024\/06\/01\/environnement-lancement-de-la-journee-setal-sunu-rew-le-president-de-la-republique-invite-les-senegalais-a-sy-mettre\/#breadcrumb\",\"itemListElement\":[{\"@type\":\"ListItem\",\"position\":1,\"name\":\"Accueil\",\"item\":\"https:\/\/www.public.sn\/\"},{\"@type\":\"ListItem\",\"position\":2,\"name\":\"Environnement: Lancement de la journ\u00e9e \u00ab Setal Sunu Rew \u00bb : le Pr\u00e9sident de la R\u00e9publique invite les s\u00e9n\u00e9galais \u00e0 s&rsquo;y mettre\"}]},{\"@type\":\"WebSite\",\"@id\":\"https:\/\/www.public.sn\/#website\",\"url\":\"https:\/\/www.public.sn\/\",\"name\":\"LE PUBLIC\",\"description\":\"\",\"publisher\":{\"@id\":\"https:\/\/www.public.sn\/#organization\"},\"potentialAction\":[{\"@type\":\"SearchAction\",\"target\":{\"@type\":\"EntryPoint\",\"urlTemplate\":\"https:\/\/www.public.sn\/?s={search_term_string}\"},\"query-input\":{\"@type\":\"PropertyValueSpecification\",\"valueRequired\":true,\"valueName\":\"search_term_string\"}}],\"inLanguage\":\"fr-FR\"},{\"@type\":\"Organization\",\"@id\":\"https:\/\/www.public.sn\/#organization\",\"name\":\"LE PUBLIC\",\"url\":\"https:\/\/www.public.sn\/\",\"logo\":{\"@type\":\"ImageObject\",\"inLanguage\":\"fr-FR\",\"@id\":\"https:\/\/www.public.sn\/#\/schema\/logo\/image\/\",\"url\":\"https:\/\/www.public.sn\/wp-content\/uploads\/2024\/05\/cropped-LOGO-PUBLIC.SN_.png\",\"contentUrl\":\"https:\/\/www.public.sn\/wp-content\/uploads\/2024\/05\/cropped-LOGO-PUBLIC.SN_.png\",\"width\":682,\"height\":192,\"caption\":\"LE PUBLIC\"},\"image\":{\"@id\":\"https:\/\/www.public.sn\/#\/schema\/logo\/image\/\"}},{\"@type\":\"Person\",\"@id\":\"https:\/\/www.public.sn\/#\/schema\/person\/f77cd9ce05d8fb925eb038378ee6899d\",\"name\":\"Baye Amath THIAM\",\"image\":{\"@type\":\"ImageObject\",\"inLanguage\":\"fr-FR\",\"@id\":\"https:\/\/www.public.sn\/#\/schema\/person\/image\/\",\"url\":\"https:\/\/secure.gravatar.com\/avatar\/7eb863ef1336b6f8a2ad921469701e52f094a61c698fab02f5af742ed813612d?s=96&d=mm&r=g\",\"contentUrl\":\"https:\/\/secure.gravatar.com\/avatar\/7eb863ef1336b6f8a2ad921469701e52f094a61c698fab02f5af742ed813612d?s=96&d=mm&r=g\",\"caption\":\"Baye Amath THIAM\"},\"url\":\"https:\/\/www.public.sn\/index.php\/author\/thiamba24\/\"}]}<\/script>\n<!-- \/ Yoast SEO plugin. -->","yoast_head_json":{"title":"Environnement: Lancement de la journ\u00e9e \u00ab Setal Sunu Rew \u00bb : le Pr\u00e9sident de la R\u00e9publique invite les s\u00e9n\u00e9galais \u00e0 s'y mettre - LE PUBLIC","robots":{"index":"index","follow":"follow","max-snippet":"max-snippet:-1","max-image-preview":"max-image-preview:large","max-video-preview":"max-video-preview:-1"},"canonical":"https:\/\/www.public.sn\/index.php\/2024\/06\/01\/environnement-lancement-de-la-journee-setal-sunu-rew-le-president-de-la-republique-invite-les-senegalais-a-sy-mettre\/","og_locale":"fr_FR","og_type":"article","og_title":"Environnement: Lancement de la journ\u00e9e \u00ab Setal Sunu Rew \u00bb : le Pr\u00e9sident de la R\u00e9publique invite les s\u00e9n\u00e9galais \u00e0 s'y mettre - LE PUBLIC","og_description":"\u00ab Setal Sunu Rew \u00bb initi\u00e9 par le pr\u00e9sident de la R\u00e9publique Bassirou Diomaye Faye, Son Excellence, lui qui a proc\u00e9d\u00e9 d\u00e9placement \u00e0 Thioroye, ce samedi pour lancement de la journ\u00e9e \u00ab Setal Sunu Rew \u00bb. Une initiative \u00ab d\u2019investissement humain, communautaire, allant dans le sens d&rsquo;anticiper les inondations \u00bb. Lors de son discours, le Chef de l\u2019Etat a rappel\u00e9 l\u2019importance de cette journ\u00e9e, avant d\u2019appeler les populations \u00e0 s\u2019en approprier. Par la m\u00eame, il a fait un discours pour montrer l&rsquo;importance de cet acte citoyen: \u00ab Je remercie le peuple s\u00e9n\u00e9galais qui s&rsquo;est massivement mobilis\u00e9 pour nous rejoindre dans cette journ\u00e9e de \u00ab Setal Sunu Rew \u00bb qui est une journ\u00e9e d&rsquo;investissement humaine, communautaire allant dans le sens d&rsquo;anticiper les inondations. Parce que c\u2019est dans le cadre des op\u00e9rations pr\u00e9-hivernales que cette journ\u00e9e se tient. Nous avons appel\u00e9 au redressement, ce qui veut dire, nous comptons le faire avec le peuple s\u00e9n\u00e9galais qui reste notre unique alli\u00e9. Nous avons demand\u00e9 des assises, pour demander au peuple de nous dire ce qu\u2019il pense et ce qu\u2019il regarde. L\u2019assainissement doit \u00eatre une affaire de tous. L\u2019hygi\u00e8ne et la propret\u00e9 doivent aussi \u00eatre une affaire de tous. Nous devons l\u2019int\u00e9rioriser dans nos comportements au quotidien. \u00c9viter de salir et quand nous constatons que c\u2019est salle de syst\u00e9matiquement penser \u00e0 nettoyer. Il y va de notre sant\u00e9, de notre bien-\u00eatre \u00bb, a d\u00e9clar\u00e9 Bassirou Diomaye Faye. Le pr\u00e9sident de la R\u00e9publique d\u2019ajouter : \u00ab Je continue \u00e0 appeler les S\u00e9n\u00e9galais \u00e0 ne pas faire de cette journ\u00e9e, une journ\u00e9e circonstancielle. C\u2019est un d\u00e9fi permanent, c\u2019est un comportement que nous cherchons \u00e0 imprimer dans notre ADN permanant, collective et nous devons tous, ou que nous nous retrouvons nous sentir concern\u00e9. \u00c0 travers ce symbole, nous appelons les S\u00e9n\u00e9galais, partout o\u00f9 qu\u2019ils soient, qu\u2019ils comprennent que tout acte que nous posons dans la vie quel que soit le domaine, \u00e0 forc\u00e9ment quelques r\u00e9percussions dans le vivre-ensemble et nous devons toujours nous poser la question de savoir quand nous posons ces actes-l\u00e0, quand serait-il si tout le monde faisait exactement le m\u00eame acte. On verrait la diff\u00e9rence dans les cons\u00e9quences, entre celui qui salit et qui \u00e9vite de salir \u00bb. Cette premi\u00e8re \u00e9dition entre dans le cadre d\u2019investissement humain vise \u00e0 encourager les S\u00e9n\u00e9galais \u00e0 s\u2019en approprier et \u00e0 participer activement \u00e0 la gestion et \u00e0 la pr\u00e9vention des inondations. La c\u00e9r\u00e9monie de lancement s\u2019est d\u00e9roul\u00e9e \u00e0 Thiaroye en pr\u00e9sence du ministre de l\u2019Hydraulique et de l\u2019Assainissement, Cheikh Tidiane Di\u00e8ye. Plusieurs membres du gouvernement ont pris part \u00e0 cette journ\u00e9e d\u2019engagement communautaire.","og_url":"https:\/\/www.public.sn\/index.php\/2024\/06\/01\/environnement-lancement-de-la-journee-setal-sunu-rew-le-president-de-la-republique-invite-les-senegalais-a-sy-mettre\/","og_site_name":"LE PUBLIC","article_published_time":"2024-06-01T20:44:08+00:00","og_image":[{"width":1280,"height":960,"url":"https:\/\/www.public.sn\/wp-content\/uploads\/2024\/06\/diomaye-.jpeg","type":"image\/jpeg"}],"author":"Baye Amath THIAM","twitter_card":"summary_large_image","twitter_misc":{"\u00c9crit par":"Baye Amath THIAM","Dur\u00e9e de lecture estim\u00e9e":"3 minutes"},"schema":{"@context":"https:\/\/schema.org","@graph":[{"@type":"Article","@id":"https:\/\/www.public.sn\/index.php\/2024\/06\/01\/environnement-lancement-de-la-journee-setal-sunu-rew-le-president-de-la-republique-invite-les-senegalais-a-sy-mettre\/#article","isPartOf":{"@id":"https:\/\/www.public.sn\/index.php\/2024\/06\/01\/environnement-lancement-de-la-journee-setal-sunu-rew-le-president-de-la-republique-invite-les-senegalais-a-sy-mettre\/"},"author":{"name":"Baye Amath THIAM","@id":"https:\/\/www.public.sn\/#\/schema\/person\/f77cd9ce05d8fb925eb038378ee6899d"},"headline":"Environnement: Lancement de la journ\u00e9e \u00ab Setal Sunu Rew \u00bb : le Pr\u00e9sident de la R\u00e9publique invite les s\u00e9n\u00e9galais \u00e0 s&rsquo;y mettre","datePublished":"2024-06-01T20:44:08+00:00","mainEntityOfPage":{"@id":"https:\/\/www.public.sn\/index.php\/2024\/06\/01\/environnement-lancement-de-la-journee-setal-sunu-rew-le-president-de-la-republique-invite-les-senegalais-a-sy-mettre\/"},"wordCount":490,"commentCount":0,"publisher":{"@id":"https:\/\/www.public.sn\/#organization"},"image":{"@id":"https:\/\/www.public.sn\/index.php\/2024\/06\/01\/environnement-lancement-de-la-journee-setal-sunu-rew-le-president-de-la-republique-invite-les-senegalais-a-sy-mettre\/#primaryimage"},"thumbnailUrl":"https:\/\/www.public.sn\/wp-content\/uploads\/2024\/06\/diomaye-.jpeg","keywords":["\u00e0 Thioroye","C\u2019est un d\u00e9fi permanent","L\u2019hygi\u00e8ne et la propret\u00e9","le Chef de l\u2019Etat a rappel\u00e9 l\u2019importance de cette journ\u00e9e","le pr\u00e9sident de la R\u00e9publique Bassirou Diomaye Faye","ministre de l\u2019Hydraulique et de l\u2019Assainissement","op\u00e9rations pr\u00e9-hivernales","Setal Sunu Rew"],"articleSection":["ACTUALIT\u00c9S","AFRIQUE &amp; MONDE","ENVIRONNEMENT","internationale","POLITIQUE","S\u00c9N\u00c9GAL"],"inLanguage":"fr-FR","potentialAction":[{"@type":"CommentAction","name":"Comment","target":["https:\/\/www.public.sn\/index.php\/2024\/06\/01\/environnement-lancement-de-la-journee-setal-sunu-rew-le-president-de-la-republique-invite-les-senegalais-a-sy-mettre\/#respond"]}]},{"@type":"WebPage","@id":"https:\/\/www.public.sn\/index.php\/2024\/06\/01\/environnement-lancement-de-la-journee-setal-sunu-rew-le-president-de-la-republique-invite-les-senegalais-a-sy-mettre\/","url":"https:\/\/www.public.sn\/index.php\/2024\/06\/01\/environnement-lancement-de-la-journee-setal-sunu-rew-le-president-de-la-republique-invite-les-senegalais-a-sy-mettre\/","name":"Environnement: Lancement de la journ\u00e9e \u00ab Setal Sunu Rew \u00bb : le Pr\u00e9sident de la R\u00e9publique invite les s\u00e9n\u00e9galais \u00e0 s'y mettre - LE PUBLIC","isPartOf":{"@id":"https:\/\/www.public.sn\/#website"},"primaryImageOfPage":{"@id":"https:\/\/www.public.sn\/index.php\/2024\/06\/01\/environnement-lancement-de-la-journee-setal-sunu-rew-le-president-de-la-republique-invite-les-senegalais-a-sy-mettre\/#primaryimage"},"image":{"@id":"https:\/\/www.public.sn\/index.php\/2024\/06\/01\/environnement-lancement-de-la-journee-setal-sunu-rew-le-president-de-la-republique-invite-les-senegalais-a-sy-mettre\/#primaryimage"},"thumbnailUrl":"https:\/\/www.public.sn\/wp-content\/uploads\/2024\/06\/diomaye-.jpeg","datePublished":"2024-06-01T20:44:08+00:00","breadcrumb":{"@id":"https:\/\/www.public.sn\/index.php\/2024\/06\/01\/environnement-lancement-de-la-journee-setal-sunu-rew-le-president-de-la-republique-invite-les-senegalais-a-sy-mettre\/#breadcrumb"},"inLanguage":"fr-FR","potentialAction":[{"@type":"ReadAction","target":["https:\/\/www.public.sn\/index.php\/2024\/06\/01\/environnement-lancement-de-la-journee-setal-sunu-rew-le-president-de-la-republique-invite-les-senegalais-a-sy-mettre\/"]}]},{"@type":"ImageObject","inLanguage":"fr-FR","@id":"https:\/\/www.public.sn\/index.php\/2024\/06\/01\/environnement-lancement-de-la-journee-setal-sunu-rew-le-president-de-la-republique-invite-les-senegalais-a-sy-mettre\/#primaryimage","url":"https:\/\/www.public.sn\/wp-content\/uploads\/2024\/06\/diomaye-.jpeg","contentUrl":"https:\/\/www.public.sn\/wp-content\/uploads\/2024\/06\/diomaye-.jpeg","width":1280,"height":960},{"@type":"BreadcrumbList","@id":"https:\/\/www.public.sn\/index.php\/2024\/06\/01\/environnement-lancement-de-la-journee-setal-sunu-rew-le-president-de-la-republique-invite-les-senegalais-a-sy-mettre\/#breadcrumb","itemListElement":[{"@type":"ListItem","position":1,"name":"Accueil","item":"https:\/\/www.public.sn\/"},{"@type":"ListItem","position":2,"name":"Environnement: Lancement de la journ\u00e9e \u00ab Setal Sunu Rew \u00bb : le Pr\u00e9sident de la R\u00e9publique invite les s\u00e9n\u00e9galais \u00e0 s&rsquo;y mettre"}]},{"@type":"WebSite","@id":"https:\/\/www.public.sn\/#website","url":"https:\/\/www.public.sn\/","name":"LE PUBLIC","description":"","publisher":{"@id":"https:\/\/www.public.sn\/#organization"},"potentialAction":[{"@type":"SearchAction","target":{"@type":"EntryPoint","urlTemplate":"https:\/\/www.public.sn\/?s={search_term_string}"},"query-input":{"@type":"PropertyValueSpecification","valueRequired":true,"valueName":"search_term_string"}}],"inLanguage":"fr-FR"},{"@type":"Organization","@id":"https:\/\/www.public.sn\/#organization","name":"LE PUBLIC","url":"https:\/\/www.public.sn\/","logo":{"@type":"ImageObject","inLanguage":"fr-FR","@id":"https:\/\/www.public.sn\/#\/schema\/logo\/image\/","url":"https:\/\/www.public.sn\/wp-content\/uploads\/2024\/05\/cropped-LOGO-PUBLIC.SN_.png","contentUrl":"https:\/\/www.public.sn\/wp-content\/uploads\/2024\/05\/cropped-LOGO-PUBLIC.SN_.png","width":682,"height":192,"caption":"LE PUBLIC"},"image":{"@id":"https:\/\/www.public.sn\/#\/schema\/logo\/image\/"}},{"@type":"Person","@id":"https:\/\/www.public.sn\/#\/schema\/person\/f77cd9ce05d8fb925eb038378ee6899d","name":"Baye Amath THIAM","image":{"@type":"ImageObject","inLanguage":"fr-FR","@id":"https:\/\/www.public.sn\/#\/schema\/person\/image\/","url":"https:\/\/secure.gravatar.com\/avatar\/7eb863ef1336b6f8a2ad921469701e52f094a61c698fab02f5af742ed813612d?s=96&d=mm&r=g","contentUrl":"https:\/\/secure.gravatar.com\/avatar\/7eb863ef1336b6f8a2ad921469701e52f094a61c698fab02f5af742ed813612d?s=96&d=mm&r=g","caption":"Baye Amath THIAM"},"url":"https:\/\/www.public.sn\/index.php\/author\/thiamba24\/"}]}},"jetpack_featured_media_url":"https:\/\/www.public.sn\/wp-content\/uploads\/2024\/06\/diomaye-.jpeg","jetpack_sharing_enabled":true,"_links":{"self":[{"href":"https:\/\/www.public.sn\/index.php\/wp-json\/wp\/v2\/posts\/33107","targetHints":{"allow":["GET"]}}],"collection":[{"href":"https:\/\/www.public.sn\/index.php\/wp-json\/wp\/v2\/posts"}],"about":[{"href":"https:\/\/www.public.sn\/index.php\/wp-json\/wp\/v2\/types\/post"}],"author":[{"embeddable":true,"href":"https:\/\/www.public.sn\/index.php\/wp-json\/wp\/v2\/users\/15"}],"replies":[{"embeddable":true,"href":"https:\/\/www.public.sn\/index.php\/wp-json\/wp\/v2\/comments?post=33107"}],"version-history":[{"count":1,"href":"https:\/\/www.public.sn\/index.php\/wp-json\/wp\/v2\/posts\/33107\/revisions"}],"predecessor-version":[{"id":33110,"href":"https:\/\/www.public.sn\/index.php\/wp-json\/wp\/v2\/posts\/33107\/revisions\/33110"}],"wp:featuredmedia":[{"embeddable":true,"href":"https:\/\/www.public.sn\/index.php\/wp-json\/wp\/v2\/media\/33109"}],"wp:attachment":[{"href":"https:\/\/www.public.sn\/index.php\/wp-json\/wp\/v2\/media?parent=33107"}],"wp:term":[{"taxonomy":"category","embeddable":true,"href":"https:\/\/www.public.sn\/index.php\/wp-json\/wp\/v2\/categories?post=33107"},{"taxonomy":"post_tag","embeddable":true,"href":"https:\/\/www.public.sn\/index.php\/wp-json\/wp\/v2\/tags?post=33107"}],"curies":[{"name":"wp","href":"https:\/\/api.w.org\/{rel}","templated":true}]}}