{"id":33126,"date":"2024-06-03T10:21:03","date_gmt":"2024-06-03T10:21:03","guid":{"rendered":"https:\/\/www.public.sn\/?p=33126"},"modified":"2024-06-03T10:21:03","modified_gmt":"2024-06-03T10:21:03","slug":"affaire-general-kande-doudou-wade-invite-les-senegalais-de-parler-avec-beaucoup-de-precautions","status":"publish","type":"post","link":"https:\/\/www.public.sn\/index.php\/2024\/06\/03\/affaire-general-kande-doudou-wade-invite-les-senegalais-de-parler-avec-beaucoup-de-precautions\/","title":{"rendered":"Affaire G\u00e9n\u00e9ral Kand\u00e9 : Doudou Wade invite les s\u00e9n\u00e9galais de parler avec \u00ab\u00a0beaucoup de pr\u00e9cautions\u00a0\u00bb"},"content":{"rendered":"<div class=\"texte\">\n<div class=\"access firstletter\">L&rsquo;affaire G\u00e9n\u00e9ral Souleymane Kand\u00e9, du nom du Chef d&rsquo;Etat-major de l&rsquo;arm\u00e9e de terre, r\u00e9v\u00e9l\u00e9e par Le Quotidien et La Tribune et qui s&rsquo;est sold\u00e9e par la convocation des deux Directeurs de publication de ces deux journaux, anime les d\u00e9bats. Interrog\u00e9 sur cette affaire \u00e0 l&rsquo;\u00e9mission Grand Jury du dimanche sur la RFM ce 02 juin, Doudou Wade du Parti d\u00e9mocratique S\u00e9n\u00e9gal (Pds) a d\u00e9clar\u00e9 : \u00a0\u00bb Nous n&rsquo;avons pas besoin de ce qui est en train de se passer et qui concerne le corps militaire de notre pays compte tenu de plusieurs aspects\u00a0\u00bb. Cependant, il a invit\u00e9 l&rsquo;\u00c9tat, la soci\u00e9t\u00e9 civile ainsi que les journalistes \u00e0 parler de ce dossier avec beaucoup de \u00ab\u00a0pr\u00e9cautions\u00a0\u00bb.<\/p><div class=\"publi-paragraphe1\" style=\"margin-top: 10px;margin-bottom: 10px;margin-left: auto;margin-right: auto;text-align: center;\" id=\"publi-2708327203\"><div class=\"publi-adlabel\">Publicit\u00e9<\/div><script async src=\"\/\/pagead2.googlesyndication.com\/pagead\/js\/adsbygoogle.js?client=ca-pub-4089586018074219\" crossorigin=\"anonymous\"><\/script><ins class=\"adsbygoogle\" style=\"display:block;\" data-ad-client=\"ca-pub-4089586018074219\" \ndata-ad-slot=\"2087940154\" \ndata-ad-format=\"auto\"><\/ins>\n<script> \n(adsbygoogle = window.adsbygoogle || []).push({}); \n<\/script>\n<\/div>\n<div><\/div>\n<div>En poursuivant, Mr Wade rappelle que: \u00ab\u00a0Compte tenu de ce que l&rsquo;arm\u00e9e repr\u00e9sente pour notre s\u00e9curit\u00e9 mais aussi compte tenu du contexte politique au S\u00e9n\u00e9gal avec l&rsquo;arriv\u00e9e du nouveau r\u00e9gime depuis 2 mois et qui n&rsquo;a pas encore d\u00e9fini sa politique g\u00e9n\u00e9rale par son Premier ministre ( Ousmane Sonko) qui est un peu dans le flou et le flou obscure. Et compte tenu du contexte africain dans lequel nous sommes avec la situation au Mali, au Niger et la formation de cette organisation des Etats du Sahel, nous sommes tr\u00e8s loin des objectifs que nous nous sommes fix\u00e9s. Sinon, on commence \u00e0 s&rsquo;\u00e9carter concernant notre politique d&rsquo;int\u00e9gration sous r\u00e9gionale. Nous n&rsquo;avons pas besoin de \u00e7a. C&rsquo;est la premi\u00e8re chose\u00a0\u00bb, a-il estim\u00e9.<\/div>\n<div><\/div>\n<div>La deuxi\u00e8me chose, a ajout\u00e9 l&rsquo;ancien pr\u00e9sident\u00a0du groupe parlementaire lib\u00e9ral : \u00a0\u00bb \u00e7a\u00a0\u00e9tait mal coach\u00e9e, mal deroul\u00e9e. Le moment ne s&rsquo;y pr\u00eate pas\u00a0\u00bb.<\/div>\n<div><\/div>\n<div>M. Wade n&rsquo;a pas manqu\u00e9 de faire les \u00e9loges du chef d&rsquo;Etat-major de l&rsquo;arm\u00e9e de terre. \u00ab\u00a0Le g\u00e9n\u00e9ral Kand\u00e9 est un homme valeureux, en tout cas aux derni\u00e8res informations que nous avons, il a fait d&rsquo;excellentes choses du c\u00f4t\u00e9 de la Casamance\u00a0\u00bb, a-t-il t\u00e9moign\u00e9.<\/div>\n<div><\/div>\n<div>Avant de souligner : \u00ab\u00a0La Casamance \u00e9tant ce qu&rsquo;elle est, aujourd&rsquo;hui il \u00e9tait encore plus prudent de ne pas s&rsquo;engager dans cette affaire l\u00e0\u00a0\u00bb.<\/div>\n<div>\nMembre du parti Pds de l&rsquo;ancien pr\u00e9sident Me Abdoulaye Wade, Doudou Wade a invit\u00e9\u00a0tout le monde \u00e0 faire preuve de prudence. \u00ab\u00a0Aujourd&rsquo;hui, l&rsquo;\u00c9tat du S\u00e9n\u00e9gal, le pr\u00e9sident de la R\u00e9publique, particuli\u00e8rement le Premier ministre, la soci\u00e9t\u00e9 civile, la radio et les t\u00e9l\u00e9visions et les journalistes doivent faire beaucoup attention et d&rsquo;en parler avec beaucoup, beaucoup de pr\u00e9cautions\u00a0\u00bb, a-t-il lanc\u00e9.<\/div>\n<div><\/div>\n<div>Les articles de presse du Quotidien et de la Tribune affirment que le Pm, Ousmane Sonko, a adress\u00e9 une lettre au ministre des Forces arm\u00e9es pour lui demander une \u00e9valuation des accords militaires entre le S\u00e9n\u00e9gal et une certaine puissance (Etats-Unis, la France, Canada). Une demande que le G\u00e9n\u00e9ral Kand\u00e9 aurait dit son opposition\u00a0d&rsquo;o\u00f9 son \u00ab\u00a0affection\u00a0\u00bb.<\/div>\n<div>\nSur cette question, Doudou Wade d&rsquo;avancer : \u00ab\u00a0Si tel est le cas, Ousmane Sonko aurait outrepass\u00e9 \u00e0 ses pr\u00e9rogatives\u00a0\u00bb.<\/p>\n<p>II\u00a0a expliqu\u00e9 : \u00ab\u00a0La politique \u00e9trang\u00e8re comme la politique militaire sont du domaine du chef de l&rsquo;\u00c9tat. La seule pr\u00e9caution que le pr\u00e9sident de la R\u00e9publique peut prendre dans ses actions pour l&rsquo;arm\u00e9e, c&rsquo;est qu&rsquo;en cas de d\u00e9claration de guerre, il lui faut obligatoirement l&rsquo;autorisation de l&rsquo;Assembl\u00e9e nationale. C&rsquo;est un domaine r\u00e9serv\u00e9. Et c&rsquo;est un domaine d&rsquo;un grand mutisme souhait\u00e9. Par cons\u00e9quent, Je ne pense pas que le Pm puisse faire une telle demande. Ce n&rsquo;est pas de son ressort\u00a0\u00bb, persiste et signe M.Wade.<\/p><\/div>\n<div><\/div>\n<div>Qui de conclure : \u00ab\u00a0Dans ce cas, il ne faut pas aller loin, nous sommes dans une anormalit\u00e9\u00a0\u00bb.<\/div>\n<\/div>\n<\/div>\n<div class=\"hide_module_inside\">\n<div id=\"mod_10001169\" class=\"mod_10001169 wm-module fullbackground  module-article_connexe\">\n<div class=\"entete\">\n<div class=\"fullmod\">Autres articles<\/div>\n<\/div>\n<\/div>\n<\/div>\n<div class=\"publi-apres-le-contenu\" style=\"margin-top: 10px;margin-bottom: 10px;margin-left: auto;margin-right: auto;text-align: center;\" id=\"publi-2320392478\"><div class=\"publi-adlabel\">Publicit\u00e9<\/div><script async src=\"\/\/pagead2.googlesyndication.com\/pagead\/js\/adsbygoogle.js?client=ca-pub-4089586018074219\" crossorigin=\"anonymous\"><\/script><ins class=\"adsbygoogle\" style=\"display:block;\" data-ad-client=\"ca-pub-4089586018074219\" \ndata-ad-slot=\"2087940154\" \ndata-ad-format=\"auto\"><\/ins>\n<script> \n(adsbygoogle = window.adsbygoogle || []).push({}); \n<\/script>\n<\/div>","protected":false},"excerpt":{"rendered":"<p>L&rsquo;affaire G\u00e9n\u00e9ral Souleymane Kand\u00e9, du nom du Chef d&rsquo;Etat-major de l&rsquo;arm\u00e9e de terre, r\u00e9v\u00e9l\u00e9e par Le Quotidien et La Tribune et qui s&rsquo;est sold\u00e9e par la convocation des deux Directeurs de publication de ces deux journaux, anime les d\u00e9bats. Interrog\u00e9 sur cette affaire \u00e0 l&rsquo;\u00e9mission Grand Jury du dimanche sur la RFM ce 02 juin, Doudou Wade du Parti d\u00e9mocratique S\u00e9n\u00e9gal (Pds) a d\u00e9clar\u00e9 : \u00a0\u00bb Nous n&rsquo;avons pas besoin de ce qui est en train de se passer et qui concerne le corps militaire de notre pays compte tenu de plusieurs aspects\u00a0\u00bb. Cependant, il a invit\u00e9 l&rsquo;\u00c9tat, la soci\u00e9t\u00e9 civile ainsi que les journalistes \u00e0 parler de ce dossier avec beaucoup de \u00ab\u00a0pr\u00e9cautions\u00a0\u00bb. En poursuivant, Mr Wade rappelle que: \u00ab\u00a0Compte tenu de ce que l&rsquo;arm\u00e9e repr\u00e9sente pour notre s\u00e9curit\u00e9 mais aussi compte tenu du contexte politique au S\u00e9n\u00e9gal avec l&rsquo;arriv\u00e9e du nouveau r\u00e9gime depuis 2 mois et qui n&rsquo;a pas encore d\u00e9fini sa politique g\u00e9n\u00e9rale par son Premier ministre ( Ousmane Sonko) qui est un peu dans le flou et le flou obscure. Et compte tenu du contexte africain dans lequel nous sommes avec la situation au Mali, au Niger et la formation de cette organisation des Etats du Sahel, nous sommes tr\u00e8s loin des objectifs que nous nous sommes fix\u00e9s. Sinon, on commence \u00e0 s&rsquo;\u00e9carter concernant notre politique d&rsquo;int\u00e9gration sous r\u00e9gionale. Nous n&rsquo;avons pas besoin de \u00e7a. C&rsquo;est la premi\u00e8re chose\u00a0\u00bb, a-il estim\u00e9. La deuxi\u00e8me chose, a ajout\u00e9 l&rsquo;ancien pr\u00e9sident\u00a0du groupe parlementaire lib\u00e9ral : \u00a0\u00bb \u00e7a\u00a0\u00e9tait mal coach\u00e9e, mal deroul\u00e9e. Le moment ne s&rsquo;y pr\u00eate pas\u00a0\u00bb. M. Wade n&rsquo;a pas manqu\u00e9 de faire les \u00e9loges du chef d&rsquo;Etat-major de l&rsquo;arm\u00e9e de terre. \u00ab\u00a0Le g\u00e9n\u00e9ral Kand\u00e9 est un homme valeureux, en tout cas aux derni\u00e8res informations que nous avons, il a fait d&rsquo;excellentes choses du c\u00f4t\u00e9 de la Casamance\u00a0\u00bb, a-t-il t\u00e9moign\u00e9. Avant de souligner : \u00ab\u00a0La Casamance \u00e9tant ce qu&rsquo;elle est, aujourd&rsquo;hui il \u00e9tait encore plus prudent de ne pas s&rsquo;engager dans cette affaire l\u00e0\u00a0\u00bb. Membre du parti Pds de l&rsquo;ancien pr\u00e9sident Me Abdoulaye Wade, Doudou Wade a invit\u00e9\u00a0tout le monde \u00e0 faire preuve de prudence. \u00ab\u00a0Aujourd&rsquo;hui, l&rsquo;\u00c9tat du S\u00e9n\u00e9gal, le pr\u00e9sident de la R\u00e9publique, particuli\u00e8rement le Premier ministre, la soci\u00e9t\u00e9 civile, la radio et les t\u00e9l\u00e9visions et les journalistes doivent faire beaucoup attention et d&rsquo;en parler avec beaucoup, beaucoup de pr\u00e9cautions\u00a0\u00bb, a-t-il lanc\u00e9. Les articles de presse du Quotidien et de la Tribune affirment que le Pm, Ousmane Sonko, a adress\u00e9 une lettre au ministre des Forces arm\u00e9es pour lui demander une \u00e9valuation des accords militaires entre le S\u00e9n\u00e9gal et une certaine puissance (Etats-Unis, la France, Canada). Une demande que le G\u00e9n\u00e9ral Kand\u00e9 aurait dit son opposition\u00a0d&rsquo;o\u00f9 son \u00ab\u00a0affection\u00a0\u00bb. Sur cette question, Doudou Wade d&rsquo;avancer : \u00ab\u00a0Si tel est le cas, Ousmane Sonko aurait outrepass\u00e9 \u00e0 ses pr\u00e9rogatives\u00a0\u00bb. II\u00a0a expliqu\u00e9 : \u00ab\u00a0La politique \u00e9trang\u00e8re comme la politique militaire sont du domaine du chef de l&rsquo;\u00c9tat. La seule pr\u00e9caution que le pr\u00e9sident de la R\u00e9publique peut prendre dans ses actions pour l&rsquo;arm\u00e9e, c&rsquo;est qu&rsquo;en cas de d\u00e9claration de guerre, il lui faut obligatoirement l&rsquo;autorisation de l&rsquo;Assembl\u00e9e nationale. C&rsquo;est un domaine r\u00e9serv\u00e9. Et c&rsquo;est un domaine d&rsquo;un grand mutisme souhait\u00e9. Par cons\u00e9quent, Je ne pense pas que le Pm puisse faire une telle demande. Ce n&rsquo;est pas de son ressort\u00a0\u00bb, persiste et signe M.Wade. Qui de conclure : \u00ab\u00a0Dans ce cas, il ne faut pas aller loin, nous sommes dans une anormalit\u00e9\u00a0\u00bb. Autres articles<\/p>\n","protected":false},"author":15,"featured_media":33127,"comment_status":"open","ping_status":"open","sticky":false,"template":"","format":"standard","meta":{"_jetpack_memberships_contains_paid_content":false,"footnotes":""},"categories":[375,550,3,1],"tags":[5855,5859,5858,5854,5861,5857,5860,5862,5856],"class_list":["post-33126","post","type-post","status-publish","format-standard","has-post-thumbnail","hentry","category-actualites","category-afrique-monde","category-politique","category-non-classe","tag-chef-detat-major-de-larmee-de-terre","tag-doudou-wade-du-parti-democratique-senegal-pds","tag-interroge-sur-cette-affaire-a-lemission-grand-jury-du-dimanche-sur-la-rfm","tag-laffaire-general-souleymane-kande","tag-larrivee-du-nouveau-regime-depuis-2-mois","tag-la-convocation-des-deux-directeurs-de-publication-de-ces-deux-journaux","tag-la-societe-civile-ainsi-que-les-journalistes","tag-ousmane-sonko-aurait-outrepasse-a-ses-prerogative","tag-revelee-par-le-quotidien-et-la-tribune","entry","has-media","owp-thumbs-layout-horizontal","owp-btn-normal","owp-tabs-layout-horizontal","has-no-thumbnails","has-product-nav"],"yoast_head":"<!-- This site is optimized with the Yoast SEO plugin v25.5 - https:\/\/yoast.com\/wordpress\/plugins\/seo\/ -->\n<title>Affaire G\u00e9n\u00e9ral Kand\u00e9 : Doudou Wade invite les s\u00e9n\u00e9galais de parler avec &quot;beaucoup de pr\u00e9cautions&quot; - LE PUBLIC<\/title>\n<meta name=\"robots\" content=\"index, follow, max-snippet:-1, max-image-preview:large, max-video-preview:-1\" \/>\n<link rel=\"canonical\" href=\"https:\/\/www.public.sn\/index.php\/2024\/06\/03\/affaire-general-kande-doudou-wade-invite-les-senegalais-de-parler-avec-beaucoup-de-precautions\/\" \/>\n<meta property=\"og:locale\" content=\"fr_FR\" \/>\n<meta property=\"og:type\" content=\"article\" \/>\n<meta property=\"og:title\" content=\"Affaire G\u00e9n\u00e9ral Kand\u00e9 : Doudou Wade invite les s\u00e9n\u00e9galais de parler avec &quot;beaucoup de pr\u00e9cautions&quot; - LE PUBLIC\" \/>\n<meta property=\"og:description\" content=\"L&rsquo;affaire G\u00e9n\u00e9ral Souleymane Kand\u00e9, du nom du Chef d&rsquo;Etat-major de l&rsquo;arm\u00e9e de terre, r\u00e9v\u00e9l\u00e9e par Le Quotidien et La Tribune et qui s&rsquo;est sold\u00e9e par la convocation des deux Directeurs de publication de ces deux journaux, anime les d\u00e9bats. Interrog\u00e9 sur cette affaire \u00e0 l&rsquo;\u00e9mission Grand Jury du dimanche sur la RFM ce 02 juin, Doudou Wade du Parti d\u00e9mocratique S\u00e9n\u00e9gal (Pds) a d\u00e9clar\u00e9 : \u00a0\u00bb Nous n&rsquo;avons pas besoin de ce qui est en train de se passer et qui concerne le corps militaire de notre pays compte tenu de plusieurs aspects\u00a0\u00bb. Cependant, il a invit\u00e9 l&rsquo;\u00c9tat, la soci\u00e9t\u00e9 civile ainsi que les journalistes \u00e0 parler de ce dossier avec beaucoup de \u00ab\u00a0pr\u00e9cautions\u00a0\u00bb. En poursuivant, Mr Wade rappelle que: \u00ab\u00a0Compte tenu de ce que l&rsquo;arm\u00e9e repr\u00e9sente pour notre s\u00e9curit\u00e9 mais aussi compte tenu du contexte politique au S\u00e9n\u00e9gal avec l&rsquo;arriv\u00e9e du nouveau r\u00e9gime depuis 2 mois et qui n&rsquo;a pas encore d\u00e9fini sa politique g\u00e9n\u00e9rale par son Premier ministre ( Ousmane Sonko) qui est un peu dans le flou et le flou obscure. Et compte tenu du contexte africain dans lequel nous sommes avec la situation au Mali, au Niger et la formation de cette organisation des Etats du Sahel, nous sommes tr\u00e8s loin des objectifs que nous nous sommes fix\u00e9s. Sinon, on commence \u00e0 s&rsquo;\u00e9carter concernant notre politique d&rsquo;int\u00e9gration sous r\u00e9gionale. Nous n&rsquo;avons pas besoin de \u00e7a. C&rsquo;est la premi\u00e8re chose\u00a0\u00bb, a-il estim\u00e9. La deuxi\u00e8me chose, a ajout\u00e9 l&rsquo;ancien pr\u00e9sident\u00a0du groupe parlementaire lib\u00e9ral : \u00a0\u00bb \u00e7a\u00a0\u00e9tait mal coach\u00e9e, mal deroul\u00e9e. Le moment ne s&rsquo;y pr\u00eate pas\u00a0\u00bb. M. Wade n&rsquo;a pas manqu\u00e9 de faire les \u00e9loges du chef d&rsquo;Etat-major de l&rsquo;arm\u00e9e de terre. \u00ab\u00a0Le g\u00e9n\u00e9ral Kand\u00e9 est un homme valeureux, en tout cas aux derni\u00e8res informations que nous avons, il a fait d&rsquo;excellentes choses du c\u00f4t\u00e9 de la Casamance\u00a0\u00bb, a-t-il t\u00e9moign\u00e9. Avant de souligner : \u00ab\u00a0La Casamance \u00e9tant ce qu&rsquo;elle est, aujourd&rsquo;hui il \u00e9tait encore plus prudent de ne pas s&rsquo;engager dans cette affaire l\u00e0\u00a0\u00bb. Membre du parti Pds de l&rsquo;ancien pr\u00e9sident Me Abdoulaye Wade, Doudou Wade a invit\u00e9\u00a0tout le monde \u00e0 faire preuve de prudence. \u00ab\u00a0Aujourd&rsquo;hui, l&rsquo;\u00c9tat du S\u00e9n\u00e9gal, le pr\u00e9sident de la R\u00e9publique, particuli\u00e8rement le Premier ministre, la soci\u00e9t\u00e9 civile, la radio et les t\u00e9l\u00e9visions et les journalistes doivent faire beaucoup attention et d&rsquo;en parler avec beaucoup, beaucoup de pr\u00e9cautions\u00a0\u00bb, a-t-il lanc\u00e9. Les articles de presse du Quotidien et de la Tribune affirment que le Pm, Ousmane Sonko, a adress\u00e9 une lettre au ministre des Forces arm\u00e9es pour lui demander une \u00e9valuation des accords militaires entre le S\u00e9n\u00e9gal et une certaine puissance (Etats-Unis, la France, Canada). Une demande que le G\u00e9n\u00e9ral Kand\u00e9 aurait dit son opposition\u00a0d&rsquo;o\u00f9 son \u00ab\u00a0affection\u00a0\u00bb. Sur cette question, Doudou Wade d&rsquo;avancer : \u00ab\u00a0Si tel est le cas, Ousmane Sonko aurait outrepass\u00e9 \u00e0 ses pr\u00e9rogatives\u00a0\u00bb. II\u00a0a expliqu\u00e9 : \u00ab\u00a0La politique \u00e9trang\u00e8re comme la politique militaire sont du domaine du chef de l&rsquo;\u00c9tat. La seule pr\u00e9caution que le pr\u00e9sident de la R\u00e9publique peut prendre dans ses actions pour l&rsquo;arm\u00e9e, c&rsquo;est qu&rsquo;en cas de d\u00e9claration de guerre, il lui faut obligatoirement l&rsquo;autorisation de l&rsquo;Assembl\u00e9e nationale. C&rsquo;est un domaine r\u00e9serv\u00e9. Et c&rsquo;est un domaine d&rsquo;un grand mutisme souhait\u00e9. Par cons\u00e9quent, Je ne pense pas que le Pm puisse faire une telle demande. Ce n&rsquo;est pas de son ressort\u00a0\u00bb, persiste et signe M.Wade. Qui de conclure : \u00ab\u00a0Dans ce cas, il ne faut pas aller loin, nous sommes dans une anormalit\u00e9\u00a0\u00bb. Autres articles\" \/>\n<meta property=\"og:url\" content=\"https:\/\/www.public.sn\/index.php\/2024\/06\/03\/affaire-general-kande-doudou-wade-invite-les-senegalais-de-parler-avec-beaucoup-de-precautions\/\" \/>\n<meta property=\"og:site_name\" content=\"LE PUBLIC\" \/>\n<meta property=\"article:published_time\" content=\"2024-06-03T10:21:03+00:00\" \/>\n<meta property=\"og:image\" content=\"https:\/\/www.public.sn\/wp-content\/uploads\/2024\/06\/jad20211105-ass-senegal-itv-doudou-wade-592x296-1636121844.jpeg\" \/>\n\t<meta property=\"og:image:width\" content=\"592\" \/>\n\t<meta property=\"og:image:height\" content=\"296\" \/>\n\t<meta property=\"og:image:type\" content=\"image\/jpeg\" \/>\n<meta name=\"author\" content=\"Baye Amath THIAM\" \/>\n<meta name=\"twitter:card\" content=\"summary_large_image\" \/>\n<meta name=\"twitter:label1\" content=\"\u00c9crit par\" \/>\n\t<meta name=\"twitter:data1\" content=\"Baye Amath THIAM\" \/>\n\t<meta name=\"twitter:label2\" content=\"Dur\u00e9e de lecture estim\u00e9e\" \/>\n\t<meta name=\"twitter:data2\" content=\"4 minutes\" \/>\n<script type=\"application\/ld+json\" class=\"yoast-schema-graph\">{\"@context\":\"https:\/\/schema.org\",\"@graph\":[{\"@type\":\"Article\",\"@id\":\"https:\/\/www.public.sn\/index.php\/2024\/06\/03\/affaire-general-kande-doudou-wade-invite-les-senegalais-de-parler-avec-beaucoup-de-precautions\/#article\",\"isPartOf\":{\"@id\":\"https:\/\/www.public.sn\/index.php\/2024\/06\/03\/affaire-general-kande-doudou-wade-invite-les-senegalais-de-parler-avec-beaucoup-de-precautions\/\"},\"author\":{\"name\":\"Baye Amath THIAM\",\"@id\":\"https:\/\/www.public.sn\/#\/schema\/person\/f77cd9ce05d8fb925eb038378ee6899d\"},\"headline\":\"Affaire G\u00e9n\u00e9ral Kand\u00e9 : Doudou Wade invite les s\u00e9n\u00e9galais de parler avec \u00ab\u00a0beaucoup de pr\u00e9cautions\u00a0\u00bb\",\"datePublished\":\"2024-06-03T10:21:03+00:00\",\"mainEntityOfPage\":{\"@id\":\"https:\/\/www.public.sn\/index.php\/2024\/06\/03\/affaire-general-kande-doudou-wade-invite-les-senegalais-de-parler-avec-beaucoup-de-precautions\/\"},\"wordCount\":644,\"commentCount\":0,\"publisher\":{\"@id\":\"https:\/\/www.public.sn\/#organization\"},\"image\":{\"@id\":\"https:\/\/www.public.sn\/index.php\/2024\/06\/03\/affaire-general-kande-doudou-wade-invite-les-senegalais-de-parler-avec-beaucoup-de-precautions\/#primaryimage\"},\"thumbnailUrl\":\"https:\/\/www.public.sn\/wp-content\/uploads\/2024\/06\/jad20211105-ass-senegal-itv-doudou-wade-592x296-1636121844.jpeg\",\"keywords\":[\"Chef d'Etat-major de l'arm\u00e9e de terre\",\"Doudou Wade du Parti d\u00e9mocratique S\u00e9n\u00e9gal (Pds)\",\"Interrog\u00e9 sur cette affaire \u00e0 l'\u00e9mission Grand Jury du dimanche sur la RFM\",\"L'affaire G\u00e9n\u00e9ral Souleymane Kand\u00e9\",\"l'arriv\u00e9e du nouveau r\u00e9gime depuis 2 mois\",\"la convocation des deux Directeurs de publication de ces deux journaux\",\"la soci\u00e9t\u00e9 civile ainsi que les journalistes\",\"Ousmane Sonko aurait outrepass\u00e9 \u00e0 ses pr\u00e9rogative\",\"r\u00e9v\u00e9l\u00e9e par Le Quotidien et La Tribune\"],\"articleSection\":[\"ACTUALIT\u00c9S\",\"AFRIQUE &amp; MONDE\",\"POLITIQUE\",\"S\u00c9N\u00c9GAL\"],\"inLanguage\":\"fr-FR\",\"potentialAction\":[{\"@type\":\"CommentAction\",\"name\":\"Comment\",\"target\":[\"https:\/\/www.public.sn\/index.php\/2024\/06\/03\/affaire-general-kande-doudou-wade-invite-les-senegalais-de-parler-avec-beaucoup-de-precautions\/#respond\"]}]},{\"@type\":\"WebPage\",\"@id\":\"https:\/\/www.public.sn\/index.php\/2024\/06\/03\/affaire-general-kande-doudou-wade-invite-les-senegalais-de-parler-avec-beaucoup-de-precautions\/\",\"url\":\"https:\/\/www.public.sn\/index.php\/2024\/06\/03\/affaire-general-kande-doudou-wade-invite-les-senegalais-de-parler-avec-beaucoup-de-precautions\/\",\"name\":\"Affaire G\u00e9n\u00e9ral Kand\u00e9 : Doudou Wade invite les s\u00e9n\u00e9galais de parler avec \\\"beaucoup de pr\u00e9cautions\\\" - LE PUBLIC\",\"isPartOf\":{\"@id\":\"https:\/\/www.public.sn\/#website\"},\"primaryImageOfPage\":{\"@id\":\"https:\/\/www.public.sn\/index.php\/2024\/06\/03\/affaire-general-kande-doudou-wade-invite-les-senegalais-de-parler-avec-beaucoup-de-precautions\/#primaryimage\"},\"image\":{\"@id\":\"https:\/\/www.public.sn\/index.php\/2024\/06\/03\/affaire-general-kande-doudou-wade-invite-les-senegalais-de-parler-avec-beaucoup-de-precautions\/#primaryimage\"},\"thumbnailUrl\":\"https:\/\/www.public.sn\/wp-content\/uploads\/2024\/06\/jad20211105-ass-senegal-itv-doudou-wade-592x296-1636121844.jpeg\",\"datePublished\":\"2024-06-03T10:21:03+00:00\",\"breadcrumb\":{\"@id\":\"https:\/\/www.public.sn\/index.php\/2024\/06\/03\/affaire-general-kande-doudou-wade-invite-les-senegalais-de-parler-avec-beaucoup-de-precautions\/#breadcrumb\"},\"inLanguage\":\"fr-FR\",\"potentialAction\":[{\"@type\":\"ReadAction\",\"target\":[\"https:\/\/www.public.sn\/index.php\/2024\/06\/03\/affaire-general-kande-doudou-wade-invite-les-senegalais-de-parler-avec-beaucoup-de-precautions\/\"]}]},{\"@type\":\"ImageObject\",\"inLanguage\":\"fr-FR\",\"@id\":\"https:\/\/www.public.sn\/index.php\/2024\/06\/03\/affaire-general-kande-doudou-wade-invite-les-senegalais-de-parler-avec-beaucoup-de-precautions\/#primaryimage\",\"url\":\"https:\/\/www.public.sn\/wp-content\/uploads\/2024\/06\/jad20211105-ass-senegal-itv-doudou-wade-592x296-1636121844.jpeg\",\"contentUrl\":\"https:\/\/www.public.sn\/wp-content\/uploads\/2024\/06\/jad20211105-ass-senegal-itv-doudou-wade-592x296-1636121844.jpeg\",\"width\":592,\"height\":296},{\"@type\":\"BreadcrumbList\",\"@id\":\"https:\/\/www.public.sn\/index.php\/2024\/06\/03\/affaire-general-kande-doudou-wade-invite-les-senegalais-de-parler-avec-beaucoup-de-precautions\/#breadcrumb\",\"itemListElement\":[{\"@type\":\"ListItem\",\"position\":1,\"name\":\"Accueil\",\"item\":\"https:\/\/www.public.sn\/\"},{\"@type\":\"ListItem\",\"position\":2,\"name\":\"Affaire G\u00e9n\u00e9ral Kand\u00e9 : Doudou Wade invite les s\u00e9n\u00e9galais de parler avec \u00ab\u00a0beaucoup de pr\u00e9cautions\u00a0\u00bb\"}]},{\"@type\":\"WebSite\",\"@id\":\"https:\/\/www.public.sn\/#website\",\"url\":\"https:\/\/www.public.sn\/\",\"name\":\"LE PUBLIC\",\"description\":\"\",\"publisher\":{\"@id\":\"https:\/\/www.public.sn\/#organization\"},\"potentialAction\":[{\"@type\":\"SearchAction\",\"target\":{\"@type\":\"EntryPoint\",\"urlTemplate\":\"https:\/\/www.public.sn\/?s={search_term_string}\"},\"query-input\":{\"@type\":\"PropertyValueSpecification\",\"valueRequired\":true,\"valueName\":\"search_term_string\"}}],\"inLanguage\":\"fr-FR\"},{\"@type\":\"Organization\",\"@id\":\"https:\/\/www.public.sn\/#organization\",\"name\":\"LE PUBLIC\",\"url\":\"https:\/\/www.public.sn\/\",\"logo\":{\"@type\":\"ImageObject\",\"inLanguage\":\"fr-FR\",\"@id\":\"https:\/\/www.public.sn\/#\/schema\/logo\/image\/\",\"url\":\"https:\/\/www.public.sn\/wp-content\/uploads\/2024\/05\/cropped-LOGO-PUBLIC.SN_.png\",\"contentUrl\":\"https:\/\/www.public.sn\/wp-content\/uploads\/2024\/05\/cropped-LOGO-PUBLIC.SN_.png\",\"width\":682,\"height\":192,\"caption\":\"LE PUBLIC\"},\"image\":{\"@id\":\"https:\/\/www.public.sn\/#\/schema\/logo\/image\/\"}},{\"@type\":\"Person\",\"@id\":\"https:\/\/www.public.sn\/#\/schema\/person\/f77cd9ce05d8fb925eb038378ee6899d\",\"name\":\"Baye Amath THIAM\",\"image\":{\"@type\":\"ImageObject\",\"inLanguage\":\"fr-FR\",\"@id\":\"https:\/\/www.public.sn\/#\/schema\/person\/image\/\",\"url\":\"https:\/\/secure.gravatar.com\/avatar\/7eb863ef1336b6f8a2ad921469701e52f094a61c698fab02f5af742ed813612d?s=96&d=mm&r=g\",\"contentUrl\":\"https:\/\/secure.gravatar.com\/avatar\/7eb863ef1336b6f8a2ad921469701e52f094a61c698fab02f5af742ed813612d?s=96&d=mm&r=g\",\"caption\":\"Baye Amath THIAM\"},\"url\":\"https:\/\/www.public.sn\/index.php\/author\/thiamba24\/\"}]}<\/script>\n<!-- \/ Yoast SEO plugin. -->","yoast_head_json":{"title":"Affaire G\u00e9n\u00e9ral Kand\u00e9 : Doudou Wade invite les s\u00e9n\u00e9galais de parler avec \"beaucoup de pr\u00e9cautions\" - LE PUBLIC","robots":{"index":"index","follow":"follow","max-snippet":"max-snippet:-1","max-image-preview":"max-image-preview:large","max-video-preview":"max-video-preview:-1"},"canonical":"https:\/\/www.public.sn\/index.php\/2024\/06\/03\/affaire-general-kande-doudou-wade-invite-les-senegalais-de-parler-avec-beaucoup-de-precautions\/","og_locale":"fr_FR","og_type":"article","og_title":"Affaire G\u00e9n\u00e9ral Kand\u00e9 : Doudou Wade invite les s\u00e9n\u00e9galais de parler avec \"beaucoup de pr\u00e9cautions\" - LE PUBLIC","og_description":"L&rsquo;affaire G\u00e9n\u00e9ral Souleymane Kand\u00e9, du nom du Chef d&rsquo;Etat-major de l&rsquo;arm\u00e9e de terre, r\u00e9v\u00e9l\u00e9e par Le Quotidien et La Tribune et qui s&rsquo;est sold\u00e9e par la convocation des deux Directeurs de publication de ces deux journaux, anime les d\u00e9bats. Interrog\u00e9 sur cette affaire \u00e0 l&rsquo;\u00e9mission Grand Jury du dimanche sur la RFM ce 02 juin, Doudou Wade du Parti d\u00e9mocratique S\u00e9n\u00e9gal (Pds) a d\u00e9clar\u00e9 : \u00a0\u00bb Nous n&rsquo;avons pas besoin de ce qui est en train de se passer et qui concerne le corps militaire de notre pays compte tenu de plusieurs aspects\u00a0\u00bb. Cependant, il a invit\u00e9 l&rsquo;\u00c9tat, la soci\u00e9t\u00e9 civile ainsi que les journalistes \u00e0 parler de ce dossier avec beaucoup de \u00ab\u00a0pr\u00e9cautions\u00a0\u00bb. En poursuivant, Mr Wade rappelle que: \u00ab\u00a0Compte tenu de ce que l&rsquo;arm\u00e9e repr\u00e9sente pour notre s\u00e9curit\u00e9 mais aussi compte tenu du contexte politique au S\u00e9n\u00e9gal avec l&rsquo;arriv\u00e9e du nouveau r\u00e9gime depuis 2 mois et qui n&rsquo;a pas encore d\u00e9fini sa politique g\u00e9n\u00e9rale par son Premier ministre ( Ousmane Sonko) qui est un peu dans le flou et le flou obscure. Et compte tenu du contexte africain dans lequel nous sommes avec la situation au Mali, au Niger et la formation de cette organisation des Etats du Sahel, nous sommes tr\u00e8s loin des objectifs que nous nous sommes fix\u00e9s. Sinon, on commence \u00e0 s&rsquo;\u00e9carter concernant notre politique d&rsquo;int\u00e9gration sous r\u00e9gionale. Nous n&rsquo;avons pas besoin de \u00e7a. C&rsquo;est la premi\u00e8re chose\u00a0\u00bb, a-il estim\u00e9. La deuxi\u00e8me chose, a ajout\u00e9 l&rsquo;ancien pr\u00e9sident\u00a0du groupe parlementaire lib\u00e9ral : \u00a0\u00bb \u00e7a\u00a0\u00e9tait mal coach\u00e9e, mal deroul\u00e9e. Le moment ne s&rsquo;y pr\u00eate pas\u00a0\u00bb. M. Wade n&rsquo;a pas manqu\u00e9 de faire les \u00e9loges du chef d&rsquo;Etat-major de l&rsquo;arm\u00e9e de terre. \u00ab\u00a0Le g\u00e9n\u00e9ral Kand\u00e9 est un homme valeureux, en tout cas aux derni\u00e8res informations que nous avons, il a fait d&rsquo;excellentes choses du c\u00f4t\u00e9 de la Casamance\u00a0\u00bb, a-t-il t\u00e9moign\u00e9. Avant de souligner : \u00ab\u00a0La Casamance \u00e9tant ce qu&rsquo;elle est, aujourd&rsquo;hui il \u00e9tait encore plus prudent de ne pas s&rsquo;engager dans cette affaire l\u00e0\u00a0\u00bb. Membre du parti Pds de l&rsquo;ancien pr\u00e9sident Me Abdoulaye Wade, Doudou Wade a invit\u00e9\u00a0tout le monde \u00e0 faire preuve de prudence. \u00ab\u00a0Aujourd&rsquo;hui, l&rsquo;\u00c9tat du S\u00e9n\u00e9gal, le pr\u00e9sident de la R\u00e9publique, particuli\u00e8rement le Premier ministre, la soci\u00e9t\u00e9 civile, la radio et les t\u00e9l\u00e9visions et les journalistes doivent faire beaucoup attention et d&rsquo;en parler avec beaucoup, beaucoup de pr\u00e9cautions\u00a0\u00bb, a-t-il lanc\u00e9. Les articles de presse du Quotidien et de la Tribune affirment que le Pm, Ousmane Sonko, a adress\u00e9 une lettre au ministre des Forces arm\u00e9es pour lui demander une \u00e9valuation des accords militaires entre le S\u00e9n\u00e9gal et une certaine puissance (Etats-Unis, la France, Canada). Une demande que le G\u00e9n\u00e9ral Kand\u00e9 aurait dit son opposition\u00a0d&rsquo;o\u00f9 son \u00ab\u00a0affection\u00a0\u00bb. Sur cette question, Doudou Wade d&rsquo;avancer : \u00ab\u00a0Si tel est le cas, Ousmane Sonko aurait outrepass\u00e9 \u00e0 ses pr\u00e9rogatives\u00a0\u00bb. II\u00a0a expliqu\u00e9 : \u00ab\u00a0La politique \u00e9trang\u00e8re comme la politique militaire sont du domaine du chef de l&rsquo;\u00c9tat. La seule pr\u00e9caution que le pr\u00e9sident de la R\u00e9publique peut prendre dans ses actions pour l&rsquo;arm\u00e9e, c&rsquo;est qu&rsquo;en cas de d\u00e9claration de guerre, il lui faut obligatoirement l&rsquo;autorisation de l&rsquo;Assembl\u00e9e nationale. C&rsquo;est un domaine r\u00e9serv\u00e9. Et c&rsquo;est un domaine d&rsquo;un grand mutisme souhait\u00e9. Par cons\u00e9quent, Je ne pense pas que le Pm puisse faire une telle demande. Ce n&rsquo;est pas de son ressort\u00a0\u00bb, persiste et signe M.Wade. Qui de conclure : \u00ab\u00a0Dans ce cas, il ne faut pas aller loin, nous sommes dans une anormalit\u00e9\u00a0\u00bb. Autres articles","og_url":"https:\/\/www.public.sn\/index.php\/2024\/06\/03\/affaire-general-kande-doudou-wade-invite-les-senegalais-de-parler-avec-beaucoup-de-precautions\/","og_site_name":"LE PUBLIC","article_published_time":"2024-06-03T10:21:03+00:00","og_image":[{"width":592,"height":296,"url":"https:\/\/www.public.sn\/wp-content\/uploads\/2024\/06\/jad20211105-ass-senegal-itv-doudou-wade-592x296-1636121844.jpeg","type":"image\/jpeg"}],"author":"Baye Amath THIAM","twitter_card":"summary_large_image","twitter_misc":{"\u00c9crit par":"Baye Amath THIAM","Dur\u00e9e de lecture estim\u00e9e":"4 minutes"},"schema":{"@context":"https:\/\/schema.org","@graph":[{"@type":"Article","@id":"https:\/\/www.public.sn\/index.php\/2024\/06\/03\/affaire-general-kande-doudou-wade-invite-les-senegalais-de-parler-avec-beaucoup-de-precautions\/#article","isPartOf":{"@id":"https:\/\/www.public.sn\/index.php\/2024\/06\/03\/affaire-general-kande-doudou-wade-invite-les-senegalais-de-parler-avec-beaucoup-de-precautions\/"},"author":{"name":"Baye Amath THIAM","@id":"https:\/\/www.public.sn\/#\/schema\/person\/f77cd9ce05d8fb925eb038378ee6899d"},"headline":"Affaire G\u00e9n\u00e9ral Kand\u00e9 : Doudou Wade invite les s\u00e9n\u00e9galais de parler avec \u00ab\u00a0beaucoup de pr\u00e9cautions\u00a0\u00bb","datePublished":"2024-06-03T10:21:03+00:00","mainEntityOfPage":{"@id":"https:\/\/www.public.sn\/index.php\/2024\/06\/03\/affaire-general-kande-doudou-wade-invite-les-senegalais-de-parler-avec-beaucoup-de-precautions\/"},"wordCount":644,"commentCount":0,"publisher":{"@id":"https:\/\/www.public.sn\/#organization"},"image":{"@id":"https:\/\/www.public.sn\/index.php\/2024\/06\/03\/affaire-general-kande-doudou-wade-invite-les-senegalais-de-parler-avec-beaucoup-de-precautions\/#primaryimage"},"thumbnailUrl":"https:\/\/www.public.sn\/wp-content\/uploads\/2024\/06\/jad20211105-ass-senegal-itv-doudou-wade-592x296-1636121844.jpeg","keywords":["Chef d'Etat-major de l'arm\u00e9e de terre","Doudou Wade du Parti d\u00e9mocratique S\u00e9n\u00e9gal (Pds)","Interrog\u00e9 sur cette affaire \u00e0 l'\u00e9mission Grand Jury du dimanche sur la RFM","L'affaire G\u00e9n\u00e9ral Souleymane Kand\u00e9","l'arriv\u00e9e du nouveau r\u00e9gime depuis 2 mois","la convocation des deux Directeurs de publication de ces deux journaux","la soci\u00e9t\u00e9 civile ainsi que les journalistes","Ousmane Sonko aurait outrepass\u00e9 \u00e0 ses pr\u00e9rogative","r\u00e9v\u00e9l\u00e9e par Le Quotidien et La Tribune"],"articleSection":["ACTUALIT\u00c9S","AFRIQUE &amp; MONDE","POLITIQUE","S\u00c9N\u00c9GAL"],"inLanguage":"fr-FR","potentialAction":[{"@type":"CommentAction","name":"Comment","target":["https:\/\/www.public.sn\/index.php\/2024\/06\/03\/affaire-general-kande-doudou-wade-invite-les-senegalais-de-parler-avec-beaucoup-de-precautions\/#respond"]}]},{"@type":"WebPage","@id":"https:\/\/www.public.sn\/index.php\/2024\/06\/03\/affaire-general-kande-doudou-wade-invite-les-senegalais-de-parler-avec-beaucoup-de-precautions\/","url":"https:\/\/www.public.sn\/index.php\/2024\/06\/03\/affaire-general-kande-doudou-wade-invite-les-senegalais-de-parler-avec-beaucoup-de-precautions\/","name":"Affaire G\u00e9n\u00e9ral Kand\u00e9 : Doudou Wade invite les s\u00e9n\u00e9galais de parler avec \"beaucoup de pr\u00e9cautions\" - LE PUBLIC","isPartOf":{"@id":"https:\/\/www.public.sn\/#website"},"primaryImageOfPage":{"@id":"https:\/\/www.public.sn\/index.php\/2024\/06\/03\/affaire-general-kande-doudou-wade-invite-les-senegalais-de-parler-avec-beaucoup-de-precautions\/#primaryimage"},"image":{"@id":"https:\/\/www.public.sn\/index.php\/2024\/06\/03\/affaire-general-kande-doudou-wade-invite-les-senegalais-de-parler-avec-beaucoup-de-precautions\/#primaryimage"},"thumbnailUrl":"https:\/\/www.public.sn\/wp-content\/uploads\/2024\/06\/jad20211105-ass-senegal-itv-doudou-wade-592x296-1636121844.jpeg","datePublished":"2024-06-03T10:21:03+00:00","breadcrumb":{"@id":"https:\/\/www.public.sn\/index.php\/2024\/06\/03\/affaire-general-kande-doudou-wade-invite-les-senegalais-de-parler-avec-beaucoup-de-precautions\/#breadcrumb"},"inLanguage":"fr-FR","potentialAction":[{"@type":"ReadAction","target":["https:\/\/www.public.sn\/index.php\/2024\/06\/03\/affaire-general-kande-doudou-wade-invite-les-senegalais-de-parler-avec-beaucoup-de-precautions\/"]}]},{"@type":"ImageObject","inLanguage":"fr-FR","@id":"https:\/\/www.public.sn\/index.php\/2024\/06\/03\/affaire-general-kande-doudou-wade-invite-les-senegalais-de-parler-avec-beaucoup-de-precautions\/#primaryimage","url":"https:\/\/www.public.sn\/wp-content\/uploads\/2024\/06\/jad20211105-ass-senegal-itv-doudou-wade-592x296-1636121844.jpeg","contentUrl":"https:\/\/www.public.sn\/wp-content\/uploads\/2024\/06\/jad20211105-ass-senegal-itv-doudou-wade-592x296-1636121844.jpeg","width":592,"height":296},{"@type":"BreadcrumbList","@id":"https:\/\/www.public.sn\/index.php\/2024\/06\/03\/affaire-general-kande-doudou-wade-invite-les-senegalais-de-parler-avec-beaucoup-de-precautions\/#breadcrumb","itemListElement":[{"@type":"ListItem","position":1,"name":"Accueil","item":"https:\/\/www.public.sn\/"},{"@type":"ListItem","position":2,"name":"Affaire G\u00e9n\u00e9ral Kand\u00e9 : Doudou Wade invite les s\u00e9n\u00e9galais de parler avec \u00ab\u00a0beaucoup de pr\u00e9cautions\u00a0\u00bb"}]},{"@type":"WebSite","@id":"https:\/\/www.public.sn\/#website","url":"https:\/\/www.public.sn\/","name":"LE PUBLIC","description":"","publisher":{"@id":"https:\/\/www.public.sn\/#organization"},"potentialAction":[{"@type":"SearchAction","target":{"@type":"EntryPoint","urlTemplate":"https:\/\/www.public.sn\/?s={search_term_string}"},"query-input":{"@type":"PropertyValueSpecification","valueRequired":true,"valueName":"search_term_string"}}],"inLanguage":"fr-FR"},{"@type":"Organization","@id":"https:\/\/www.public.sn\/#organization","name":"LE PUBLIC","url":"https:\/\/www.public.sn\/","logo":{"@type":"ImageObject","inLanguage":"fr-FR","@id":"https:\/\/www.public.sn\/#\/schema\/logo\/image\/","url":"https:\/\/www.public.sn\/wp-content\/uploads\/2024\/05\/cropped-LOGO-PUBLIC.SN_.png","contentUrl":"https:\/\/www.public.sn\/wp-content\/uploads\/2024\/05\/cropped-LOGO-PUBLIC.SN_.png","width":682,"height":192,"caption":"LE PUBLIC"},"image":{"@id":"https:\/\/www.public.sn\/#\/schema\/logo\/image\/"}},{"@type":"Person","@id":"https:\/\/www.public.sn\/#\/schema\/person\/f77cd9ce05d8fb925eb038378ee6899d","name":"Baye Amath THIAM","image":{"@type":"ImageObject","inLanguage":"fr-FR","@id":"https:\/\/www.public.sn\/#\/schema\/person\/image\/","url":"https:\/\/secure.gravatar.com\/avatar\/7eb863ef1336b6f8a2ad921469701e52f094a61c698fab02f5af742ed813612d?s=96&d=mm&r=g","contentUrl":"https:\/\/secure.gravatar.com\/avatar\/7eb863ef1336b6f8a2ad921469701e52f094a61c698fab02f5af742ed813612d?s=96&d=mm&r=g","caption":"Baye Amath THIAM"},"url":"https:\/\/www.public.sn\/index.php\/author\/thiamba24\/"}]}},"jetpack_featured_media_url":"https:\/\/www.public.sn\/wp-content\/uploads\/2024\/06\/jad20211105-ass-senegal-itv-doudou-wade-592x296-1636121844.jpeg","jetpack_sharing_enabled":true,"_links":{"self":[{"href":"https:\/\/www.public.sn\/index.php\/wp-json\/wp\/v2\/posts\/33126","targetHints":{"allow":["GET"]}}],"collection":[{"href":"https:\/\/www.public.sn\/index.php\/wp-json\/wp\/v2\/posts"}],"about":[{"href":"https:\/\/www.public.sn\/index.php\/wp-json\/wp\/v2\/types\/post"}],"author":[{"embeddable":true,"href":"https:\/\/www.public.sn\/index.php\/wp-json\/wp\/v2\/users\/15"}],"replies":[{"embeddable":true,"href":"https:\/\/www.public.sn\/index.php\/wp-json\/wp\/v2\/comments?post=33126"}],"version-history":[{"count":1,"href":"https:\/\/www.public.sn\/index.php\/wp-json\/wp\/v2\/posts\/33126\/revisions"}],"predecessor-version":[{"id":33128,"href":"https:\/\/www.public.sn\/index.php\/wp-json\/wp\/v2\/posts\/33126\/revisions\/33128"}],"wp:featuredmedia":[{"embeddable":true,"href":"https:\/\/www.public.sn\/index.php\/wp-json\/wp\/v2\/media\/33127"}],"wp:attachment":[{"href":"https:\/\/www.public.sn\/index.php\/wp-json\/wp\/v2\/media?parent=33126"}],"wp:term":[{"taxonomy":"category","embeddable":true,"href":"https:\/\/www.public.sn\/index.php\/wp-json\/wp\/v2\/categories?post=33126"},{"taxonomy":"post_tag","embeddable":true,"href":"https:\/\/www.public.sn\/index.php\/wp-json\/wp\/v2\/tags?post=33126"}],"curies":[{"name":"wp","href":"https:\/\/api.w.org\/{rel}","templated":true}]}}