{"id":33129,"date":"2024-06-03T10:43:12","date_gmt":"2024-06-03T10:43:12","guid":{"rendered":"https:\/\/www.public.sn\/?p=33129"},"modified":"2024-06-03T10:44:16","modified_gmt":"2024-06-03T10:44:16","slug":"passeports-diplomatiques-une-suspension-de-130-titres-de-voyage-prevu","status":"publish","type":"post","link":"https:\/\/www.public.sn\/index.php\/2024\/06\/03\/passeports-diplomatiques-une-suspension-de-130-titres-de-voyage-prevu\/","title":{"rendered":"Passeports diplomatiques : une suspension de 130 titres de voyage pr\u00e9vu"},"content":{"rendered":"<div class=\"texte\">\n<div class=\"access firstletter\">\n<p>Le Premier ministre, Ousmane Sonko, a pris de nouvelles mesures concernant les passeports diplomatiques. En effet, les titulaires des 130 titres d\u00e9livr\u00e9s entre le 1er f\u00e9vrier et le 31 mars 2024, pourraient perdre ce document officiel. Une d\u00e9cision prise \u00e0 la suite d\u2019un rapport de v\u00e9rification produit par les Affaires \u00e9trang\u00e8res.<\/p><div class=\"publi-paragraphe1\" style=\"margin-top: 10px;margin-bottom: 10px;margin-left: auto;margin-right: auto;text-align: center;\" id=\"publi-2564452929\"><div class=\"publi-adlabel\">Publicit\u00e9<\/div><script async src=\"\/\/pagead2.googlesyndication.com\/pagead\/js\/adsbygoogle.js?client=ca-pub-4089586018074219\" crossorigin=\"anonymous\"><\/script><ins class=\"adsbygoogle\" style=\"display:block;\" data-ad-client=\"ca-pub-4089586018074219\" \ndata-ad-slot=\"2087940154\" \ndata-ad-format=\"auto\"><\/ins>\n<script> \n(adsbygoogle = window.adsbygoogle || []).push({}); \n<\/script>\n<\/div>\n<p>Selon L\u2019observateur qui donne l\u2019information dans sa parution de ce lundi 03 juin 2024, cette mesure fait partie des premi\u00e8res prises par l\u2019autorit\u00e9 dans le cadre du suivi de la direction pr\u00e9sidentielle issue de la r\u00e9union du Conseil des ministres du 17 avril 2024. Le chef de l\u2019Etat avait demand\u00e9 \u00e0 son gouvernement d\u2019auditer le fonctionnement des diff\u00e9rents minist\u00e8res.<\/p>\n<p>Au minist\u00e8re de l\u2019Int\u00e9gration africaine et des Affaires \u00e9trang\u00e8res, la ministre Yassine Fall a appliqu\u00e9 la directive par une note confidentielle r\u00e9f\u00e9renc\u00e9e 00417\/Miaae\/IS en date du 22 avril 2024.<\/p>\n<p>Dans sa lettre de mission, visit\u00e9e par le journal, la ministre instruit l\u2019Inspection des services de \u00ab proc\u00e9der, pour la p\u00e9riode du 1er octobre 2023 au 31 mars 2024, \u00e0 la v\u00e9rification administrative et financi\u00e8re des directions et services sur la gestion des ressources humaines, financi\u00e8res et mat\u00e9rielles ainsi que les actes administratifs \u00e0 incidence organisationnelle et fonctionnelle \u00bb.<\/p>\n<p>Mieux, r\u00e9v\u00e8le le canard, l\u2019Ambassadeur Boubacar Sow, en sa qualit\u00e9 de chef de l\u2019Inspection interne et t\u00eate de la mission, a produit un rapport qui fait le point sur la d\u00e9livrance des passeports diplomatiques du 1er f\u00e9vrier au 31 mars 2024.<\/p>\n<p>L\u2019Observateur informe que la liste des b\u00e9n\u00e9ficiaires de ces passeports diplomatiques laisse apparaitre des incoh\u00e9rences.<\/p>\n<p>A rappeler que la m\u00eame d\u00e9marche avait \u00e9t\u00e9 entreprise en 2012 par l&rsquo;ancien pr\u00e9sident Macky Sall. Ce dernier avait annul\u00e9 la presque totalit\u00e9 des passeports diplomatiques en circulation.<\/p>\n<\/div>\n<\/div>\n<div class=\"hide_module_inside\">\n<div id=\"mod_10001169\" class=\"mod_10001169 wm-module fullbackground module-article_connexe\">\n<div class=\"entete\"><\/div>\n<\/div>\n<\/div>\n<div class=\"publi-apres-le-contenu\" style=\"margin-top: 10px;margin-bottom: 10px;margin-left: auto;margin-right: auto;text-align: center;\" id=\"publi-3620283423\"><div class=\"publi-adlabel\">Publicit\u00e9<\/div><script async src=\"\/\/pagead2.googlesyndication.com\/pagead\/js\/adsbygoogle.js?client=ca-pub-4089586018074219\" crossorigin=\"anonymous\"><\/script><ins class=\"adsbygoogle\" style=\"display:block;\" data-ad-client=\"ca-pub-4089586018074219\" \ndata-ad-slot=\"2087940154\" \ndata-ad-format=\"auto\"><\/ins>\n<script> \n(adsbygoogle = window.adsbygoogle || []).push({}); \n<\/script>\n<\/div>","protected":false},"excerpt":{"rendered":"<p>Le Premier ministre, Ousmane Sonko, a pris de nouvelles mesures concernant les passeports diplomatiques. En effet, les titulaires des 130 titres d\u00e9livr\u00e9s entre le 1er f\u00e9vrier et le 31 mars 2024, pourraient perdre ce document officiel. Une d\u00e9cision prise \u00e0 la suite d\u2019un rapport de v\u00e9rification produit par les Affaires \u00e9trang\u00e8res. Selon L\u2019observateur qui donne l\u2019information dans sa parution de ce lundi 03 juin 2024, cette mesure fait partie des premi\u00e8res prises par l\u2019autorit\u00e9 dans le cadre du suivi de la direction pr\u00e9sidentielle issue de la r\u00e9union du Conseil des ministres du 17 avril 2024. Le chef de l\u2019Etat avait demand\u00e9 \u00e0 son gouvernement d\u2019auditer le fonctionnement des diff\u00e9rents minist\u00e8res. Au minist\u00e8re de l\u2019Int\u00e9gration africaine et des Affaires \u00e9trang\u00e8res, la ministre Yassine Fall a appliqu\u00e9 la directive par une note confidentielle r\u00e9f\u00e9renc\u00e9e 00417\/Miaae\/IS en date du 22 avril 2024. Dans sa lettre de mission, visit\u00e9e par le journal, la ministre instruit l\u2019Inspection des services de \u00ab proc\u00e9der, pour la p\u00e9riode du 1er octobre 2023 au 31 mars 2024, \u00e0 la v\u00e9rification administrative et financi\u00e8re des directions et services sur la gestion des ressources humaines, financi\u00e8res et mat\u00e9rielles ainsi que les actes administratifs \u00e0 incidence organisationnelle et fonctionnelle \u00bb. Mieux, r\u00e9v\u00e8le le canard, l\u2019Ambassadeur Boubacar Sow, en sa qualit\u00e9 de chef de l\u2019Inspection interne et t\u00eate de la mission, a produit un rapport qui fait le point sur la d\u00e9livrance des passeports diplomatiques du 1er f\u00e9vrier au 31 mars 2024. L\u2019Observateur informe que la liste des b\u00e9n\u00e9ficiaires de ces passeports diplomatiques laisse apparaitre des incoh\u00e9rences. A rappeler que la m\u00eame d\u00e9marche avait \u00e9t\u00e9 entreprise en 2012 par l&rsquo;ancien pr\u00e9sident Macky Sall. Ce dernier avait annul\u00e9 la presque totalit\u00e9 des passeports diplomatiques en circulation.<\/p>\n","protected":false},"author":15,"featured_media":33130,"comment_status":"open","ping_status":"open","sticky":false,"template":"","format":"standard","meta":{"_jetpack_memberships_contains_paid_content":false,"footnotes":""},"categories":[375,550,3728,3724,3,376,1],"tags":[5867,5870,5868,5869,5807,5864,5863,16,5865,5866],"class_list":["post-33129","post","type-post","status-publish","format-standard","has-post-thumbnail","hentry","category-actualites","category-afrique-monde","category-internationale","category-justice","category-politique","category-securite-justice","category-non-classe","tag-cette-mesure-fait-partie-des-premieres-prises-par-lautorite-dans-le-cadre-du-suivi-de-la-direction-presidentielle","tag-la-ministre-yassine-fall-a-applique-la-directive-par-une-note-confidentielle-referencee-00417-miaae-is-en-date-du-22-avril-2024","tag-la-reunion-du-conseil-des-ministres-du-17-avril-2024","tag-le-chef-de-letat-avait-demande-a-son-gouvernement-dauditer-le-fonctionnement-des-differents-ministeres","tag-le-premier-ministre","tag-les-titulaires-des-130-titres-delivres-entre-le-1er-fevrier-et-le-31-mars-2024","tag-nouvelles-mesures-concernant-les-passeports-diplomatiques","tag-ousmane-sonko","tag-pourraient-perdre-ce-document-officiel","tag-une-decision-prise-a-la-suite-dun-rapport-de-verification-produit-par-les-affaires-etrangeres","entry","has-media","owp-thumbs-layout-horizontal","owp-btn-normal","owp-tabs-layout-horizontal","has-no-thumbnails","has-product-nav"],"yoast_head":"<!-- This site is optimized with the Yoast SEO plugin v25.5 - https:\/\/yoast.com\/wordpress\/plugins\/seo\/ -->\n<title>Passeports diplomatiques : une suspension de 130 titres de voyage pr\u00e9vu - LE PUBLIC<\/title>\n<meta name=\"robots\" content=\"index, follow, max-snippet:-1, max-image-preview:large, max-video-preview:-1\" \/>\n<link rel=\"canonical\" href=\"https:\/\/www.public.sn\/index.php\/2024\/06\/03\/passeports-diplomatiques-une-suspension-de-130-titres-de-voyage-prevu\/\" \/>\n<meta property=\"og:locale\" content=\"fr_FR\" \/>\n<meta property=\"og:type\" content=\"article\" \/>\n<meta property=\"og:title\" content=\"Passeports diplomatiques : une suspension de 130 titres de voyage pr\u00e9vu - LE PUBLIC\" \/>\n<meta property=\"og:description\" content=\"Le Premier ministre, Ousmane Sonko, a pris de nouvelles mesures concernant les passeports diplomatiques. En effet, les titulaires des 130 titres d\u00e9livr\u00e9s entre le 1er f\u00e9vrier et le 31 mars 2024, pourraient perdre ce document officiel. Une d\u00e9cision prise \u00e0 la suite d\u2019un rapport de v\u00e9rification produit par les Affaires \u00e9trang\u00e8res. Selon L\u2019observateur qui donne l\u2019information dans sa parution de ce lundi 03 juin 2024, cette mesure fait partie des premi\u00e8res prises par l\u2019autorit\u00e9 dans le cadre du suivi de la direction pr\u00e9sidentielle issue de la r\u00e9union du Conseil des ministres du 17 avril 2024. Le chef de l\u2019Etat avait demand\u00e9 \u00e0 son gouvernement d\u2019auditer le fonctionnement des diff\u00e9rents minist\u00e8res. Au minist\u00e8re de l\u2019Int\u00e9gration africaine et des Affaires \u00e9trang\u00e8res, la ministre Yassine Fall a appliqu\u00e9 la directive par une note confidentielle r\u00e9f\u00e9renc\u00e9e 00417\/Miaae\/IS en date du 22 avril 2024. Dans sa lettre de mission, visit\u00e9e par le journal, la ministre instruit l\u2019Inspection des services de \u00ab proc\u00e9der, pour la p\u00e9riode du 1er octobre 2023 au 31 mars 2024, \u00e0 la v\u00e9rification administrative et financi\u00e8re des directions et services sur la gestion des ressources humaines, financi\u00e8res et mat\u00e9rielles ainsi que les actes administratifs \u00e0 incidence organisationnelle et fonctionnelle \u00bb. Mieux, r\u00e9v\u00e8le le canard, l\u2019Ambassadeur Boubacar Sow, en sa qualit\u00e9 de chef de l\u2019Inspection interne et t\u00eate de la mission, a produit un rapport qui fait le point sur la d\u00e9livrance des passeports diplomatiques du 1er f\u00e9vrier au 31 mars 2024. L\u2019Observateur informe que la liste des b\u00e9n\u00e9ficiaires de ces passeports diplomatiques laisse apparaitre des incoh\u00e9rences. A rappeler que la m\u00eame d\u00e9marche avait \u00e9t\u00e9 entreprise en 2012 par l&rsquo;ancien pr\u00e9sident Macky Sall. Ce dernier avait annul\u00e9 la presque totalit\u00e9 des passeports diplomatiques en circulation.\" \/>\n<meta property=\"og:url\" content=\"https:\/\/www.public.sn\/index.php\/2024\/06\/03\/passeports-diplomatiques-une-suspension-de-130-titres-de-voyage-prevu\/\" \/>\n<meta property=\"og:site_name\" content=\"LE PUBLIC\" \/>\n<meta property=\"article:published_time\" content=\"2024-06-03T10:43:12+00:00\" \/>\n<meta property=\"article:modified_time\" content=\"2024-06-03T10:44:16+00:00\" \/>\n<meta property=\"og:image\" content=\"https:\/\/www.public.sn\/wp-content\/uploads\/2024\/06\/fotojet-3-4-696x319-1.webp\" \/>\n\t<meta property=\"og:image:width\" content=\"696\" \/>\n\t<meta property=\"og:image:height\" content=\"319\" \/>\n\t<meta property=\"og:image:type\" content=\"image\/webp\" \/>\n<meta name=\"author\" content=\"Baye Amath THIAM\" \/>\n<meta name=\"twitter:card\" content=\"summary_large_image\" \/>\n<meta name=\"twitter:label1\" content=\"\u00c9crit par\" \/>\n\t<meta name=\"twitter:data1\" content=\"Baye Amath THIAM\" \/>\n\t<meta name=\"twitter:label2\" content=\"Dur\u00e9e de lecture estim\u00e9e\" \/>\n\t<meta name=\"twitter:data2\" content=\"2 minutes\" \/>\n<script type=\"application\/ld+json\" class=\"yoast-schema-graph\">{\"@context\":\"https:\/\/schema.org\",\"@graph\":[{\"@type\":\"Article\",\"@id\":\"https:\/\/www.public.sn\/index.php\/2024\/06\/03\/passeports-diplomatiques-une-suspension-de-130-titres-de-voyage-prevu\/#article\",\"isPartOf\":{\"@id\":\"https:\/\/www.public.sn\/index.php\/2024\/06\/03\/passeports-diplomatiques-une-suspension-de-130-titres-de-voyage-prevu\/\"},\"author\":{\"name\":\"Baye Amath THIAM\",\"@id\":\"https:\/\/www.public.sn\/#\/schema\/person\/f77cd9ce05d8fb925eb038378ee6899d\"},\"headline\":\"Passeports diplomatiques : une suspension de 130 titres de voyage pr\u00e9vu\",\"datePublished\":\"2024-06-03T10:43:12+00:00\",\"dateModified\":\"2024-06-03T10:44:16+00:00\",\"mainEntityOfPage\":{\"@id\":\"https:\/\/www.public.sn\/index.php\/2024\/06\/03\/passeports-diplomatiques-une-suspension-de-130-titres-de-voyage-prevu\/\"},\"wordCount\":318,\"commentCount\":0,\"publisher\":{\"@id\":\"https:\/\/www.public.sn\/#organization\"},\"image\":{\"@id\":\"https:\/\/www.public.sn\/index.php\/2024\/06\/03\/passeports-diplomatiques-une-suspension-de-130-titres-de-voyage-prevu\/#primaryimage\"},\"thumbnailUrl\":\"https:\/\/www.public.sn\/wp-content\/uploads\/2024\/06\/fotojet-3-4-696x319-1.webp\",\"keywords\":[\"cette mesure fait partie des premi\u00e8res prises par l\u2019autorit\u00e9 dans le cadre du suivi de la direction pr\u00e9sidentielle\",\"la ministre Yassine Fall a appliqu\u00e9 la directive par une note confidentielle r\u00e9f\u00e9renc\u00e9e 00417\/Miaae\/IS en date du 22 avril 2024.\",\"la r\u00e9union du Conseil des ministres du 17 avril 2024\",\"Le chef de l\u2019Etat avait demand\u00e9 \u00e0 son gouvernement d\u2019auditer le fonctionnement des diff\u00e9rents minist\u00e8res.\",\"le Premier ministre\",\"les titulaires des 130 titres d\u00e9livr\u00e9s entre le 1er f\u00e9vrier et le 31 mars 2024\",\"nouvelles mesures concernant les passeports diplomatiques\",\"Ousmane Sonko\",\"pourraient perdre ce document officiel.\",\"Une d\u00e9cision prise \u00e0 la suite d\u2019un rapport de v\u00e9rification produit par les Affaires \u00e9trang\u00e8res\"],\"articleSection\":[\"ACTUALIT\u00c9S\",\"AFRIQUE &amp; MONDE\",\"internationale\",\"justice\",\"POLITIQUE\",\"S\u00c9CURIT\u00c9 &amp; JUSTICE\",\"S\u00c9N\u00c9GAL\"],\"inLanguage\":\"fr-FR\",\"potentialAction\":[{\"@type\":\"CommentAction\",\"name\":\"Comment\",\"target\":[\"https:\/\/www.public.sn\/index.php\/2024\/06\/03\/passeports-diplomatiques-une-suspension-de-130-titres-de-voyage-prevu\/#respond\"]}]},{\"@type\":\"WebPage\",\"@id\":\"https:\/\/www.public.sn\/index.php\/2024\/06\/03\/passeports-diplomatiques-une-suspension-de-130-titres-de-voyage-prevu\/\",\"url\":\"https:\/\/www.public.sn\/index.php\/2024\/06\/03\/passeports-diplomatiques-une-suspension-de-130-titres-de-voyage-prevu\/\",\"name\":\"Passeports diplomatiques : une suspension de 130 titres de voyage pr\u00e9vu - LE PUBLIC\",\"isPartOf\":{\"@id\":\"https:\/\/www.public.sn\/#website\"},\"primaryImageOfPage\":{\"@id\":\"https:\/\/www.public.sn\/index.php\/2024\/06\/03\/passeports-diplomatiques-une-suspension-de-130-titres-de-voyage-prevu\/#primaryimage\"},\"image\":{\"@id\":\"https:\/\/www.public.sn\/index.php\/2024\/06\/03\/passeports-diplomatiques-une-suspension-de-130-titres-de-voyage-prevu\/#primaryimage\"},\"thumbnailUrl\":\"https:\/\/www.public.sn\/wp-content\/uploads\/2024\/06\/fotojet-3-4-696x319-1.webp\",\"datePublished\":\"2024-06-03T10:43:12+00:00\",\"dateModified\":\"2024-06-03T10:44:16+00:00\",\"breadcrumb\":{\"@id\":\"https:\/\/www.public.sn\/index.php\/2024\/06\/03\/passeports-diplomatiques-une-suspension-de-130-titres-de-voyage-prevu\/#breadcrumb\"},\"inLanguage\":\"fr-FR\",\"potentialAction\":[{\"@type\":\"ReadAction\",\"target\":[\"https:\/\/www.public.sn\/index.php\/2024\/06\/03\/passeports-diplomatiques-une-suspension-de-130-titres-de-voyage-prevu\/\"]}]},{\"@type\":\"ImageObject\",\"inLanguage\":\"fr-FR\",\"@id\":\"https:\/\/www.public.sn\/index.php\/2024\/06\/03\/passeports-diplomatiques-une-suspension-de-130-titres-de-voyage-prevu\/#primaryimage\",\"url\":\"https:\/\/www.public.sn\/wp-content\/uploads\/2024\/06\/fotojet-3-4-696x319-1.webp\",\"contentUrl\":\"https:\/\/www.public.sn\/wp-content\/uploads\/2024\/06\/fotojet-3-4-696x319-1.webp\",\"width\":696,\"height\":319},{\"@type\":\"BreadcrumbList\",\"@id\":\"https:\/\/www.public.sn\/index.php\/2024\/06\/03\/passeports-diplomatiques-une-suspension-de-130-titres-de-voyage-prevu\/#breadcrumb\",\"itemListElement\":[{\"@type\":\"ListItem\",\"position\":1,\"name\":\"Accueil\",\"item\":\"https:\/\/www.public.sn\/\"},{\"@type\":\"ListItem\",\"position\":2,\"name\":\"Passeports diplomatiques : une suspension de 130 titres de voyage pr\u00e9vu\"}]},{\"@type\":\"WebSite\",\"@id\":\"https:\/\/www.public.sn\/#website\",\"url\":\"https:\/\/www.public.sn\/\",\"name\":\"LE PUBLIC\",\"description\":\"\",\"publisher\":{\"@id\":\"https:\/\/www.public.sn\/#organization\"},\"potentialAction\":[{\"@type\":\"SearchAction\",\"target\":{\"@type\":\"EntryPoint\",\"urlTemplate\":\"https:\/\/www.public.sn\/?s={search_term_string}\"},\"query-input\":{\"@type\":\"PropertyValueSpecification\",\"valueRequired\":true,\"valueName\":\"search_term_string\"}}],\"inLanguage\":\"fr-FR\"},{\"@type\":\"Organization\",\"@id\":\"https:\/\/www.public.sn\/#organization\",\"name\":\"LE PUBLIC\",\"url\":\"https:\/\/www.public.sn\/\",\"logo\":{\"@type\":\"ImageObject\",\"inLanguage\":\"fr-FR\",\"@id\":\"https:\/\/www.public.sn\/#\/schema\/logo\/image\/\",\"url\":\"https:\/\/www.public.sn\/wp-content\/uploads\/2024\/05\/cropped-LOGO-PUBLIC.SN_.png\",\"contentUrl\":\"https:\/\/www.public.sn\/wp-content\/uploads\/2024\/05\/cropped-LOGO-PUBLIC.SN_.png\",\"width\":682,\"height\":192,\"caption\":\"LE PUBLIC\"},\"image\":{\"@id\":\"https:\/\/www.public.sn\/#\/schema\/logo\/image\/\"}},{\"@type\":\"Person\",\"@id\":\"https:\/\/www.public.sn\/#\/schema\/person\/f77cd9ce05d8fb925eb038378ee6899d\",\"name\":\"Baye Amath THIAM\",\"image\":{\"@type\":\"ImageObject\",\"inLanguage\":\"fr-FR\",\"@id\":\"https:\/\/www.public.sn\/#\/schema\/person\/image\/\",\"url\":\"https:\/\/secure.gravatar.com\/avatar\/7eb863ef1336b6f8a2ad921469701e52f094a61c698fab02f5af742ed813612d?s=96&d=mm&r=g\",\"contentUrl\":\"https:\/\/secure.gravatar.com\/avatar\/7eb863ef1336b6f8a2ad921469701e52f094a61c698fab02f5af742ed813612d?s=96&d=mm&r=g\",\"caption\":\"Baye Amath THIAM\"},\"url\":\"https:\/\/www.public.sn\/index.php\/author\/thiamba24\/\"}]}<\/script>\n<!-- \/ Yoast SEO plugin. -->","yoast_head_json":{"title":"Passeports diplomatiques : une suspension de 130 titres de voyage pr\u00e9vu - LE PUBLIC","robots":{"index":"index","follow":"follow","max-snippet":"max-snippet:-1","max-image-preview":"max-image-preview:large","max-video-preview":"max-video-preview:-1"},"canonical":"https:\/\/www.public.sn\/index.php\/2024\/06\/03\/passeports-diplomatiques-une-suspension-de-130-titres-de-voyage-prevu\/","og_locale":"fr_FR","og_type":"article","og_title":"Passeports diplomatiques : une suspension de 130 titres de voyage pr\u00e9vu - LE PUBLIC","og_description":"Le Premier ministre, Ousmane Sonko, a pris de nouvelles mesures concernant les passeports diplomatiques. En effet, les titulaires des 130 titres d\u00e9livr\u00e9s entre le 1er f\u00e9vrier et le 31 mars 2024, pourraient perdre ce document officiel. Une d\u00e9cision prise \u00e0 la suite d\u2019un rapport de v\u00e9rification produit par les Affaires \u00e9trang\u00e8res. Selon L\u2019observateur qui donne l\u2019information dans sa parution de ce lundi 03 juin 2024, cette mesure fait partie des premi\u00e8res prises par l\u2019autorit\u00e9 dans le cadre du suivi de la direction pr\u00e9sidentielle issue de la r\u00e9union du Conseil des ministres du 17 avril 2024. Le chef de l\u2019Etat avait demand\u00e9 \u00e0 son gouvernement d\u2019auditer le fonctionnement des diff\u00e9rents minist\u00e8res. Au minist\u00e8re de l\u2019Int\u00e9gration africaine et des Affaires \u00e9trang\u00e8res, la ministre Yassine Fall a appliqu\u00e9 la directive par une note confidentielle r\u00e9f\u00e9renc\u00e9e 00417\/Miaae\/IS en date du 22 avril 2024. Dans sa lettre de mission, visit\u00e9e par le journal, la ministre instruit l\u2019Inspection des services de \u00ab proc\u00e9der, pour la p\u00e9riode du 1er octobre 2023 au 31 mars 2024, \u00e0 la v\u00e9rification administrative et financi\u00e8re des directions et services sur la gestion des ressources humaines, financi\u00e8res et mat\u00e9rielles ainsi que les actes administratifs \u00e0 incidence organisationnelle et fonctionnelle \u00bb. Mieux, r\u00e9v\u00e8le le canard, l\u2019Ambassadeur Boubacar Sow, en sa qualit\u00e9 de chef de l\u2019Inspection interne et t\u00eate de la mission, a produit un rapport qui fait le point sur la d\u00e9livrance des passeports diplomatiques du 1er f\u00e9vrier au 31 mars 2024. L\u2019Observateur informe que la liste des b\u00e9n\u00e9ficiaires de ces passeports diplomatiques laisse apparaitre des incoh\u00e9rences. A rappeler que la m\u00eame d\u00e9marche avait \u00e9t\u00e9 entreprise en 2012 par l&rsquo;ancien pr\u00e9sident Macky Sall. Ce dernier avait annul\u00e9 la presque totalit\u00e9 des passeports diplomatiques en circulation.","og_url":"https:\/\/www.public.sn\/index.php\/2024\/06\/03\/passeports-diplomatiques-une-suspension-de-130-titres-de-voyage-prevu\/","og_site_name":"LE PUBLIC","article_published_time":"2024-06-03T10:43:12+00:00","article_modified_time":"2024-06-03T10:44:16+00:00","og_image":[{"width":696,"height":319,"url":"https:\/\/www.public.sn\/wp-content\/uploads\/2024\/06\/fotojet-3-4-696x319-1.webp","type":"image\/webp"}],"author":"Baye Amath THIAM","twitter_card":"summary_large_image","twitter_misc":{"\u00c9crit par":"Baye Amath THIAM","Dur\u00e9e de lecture estim\u00e9e":"2 minutes"},"schema":{"@context":"https:\/\/schema.org","@graph":[{"@type":"Article","@id":"https:\/\/www.public.sn\/index.php\/2024\/06\/03\/passeports-diplomatiques-une-suspension-de-130-titres-de-voyage-prevu\/#article","isPartOf":{"@id":"https:\/\/www.public.sn\/index.php\/2024\/06\/03\/passeports-diplomatiques-une-suspension-de-130-titres-de-voyage-prevu\/"},"author":{"name":"Baye Amath THIAM","@id":"https:\/\/www.public.sn\/#\/schema\/person\/f77cd9ce05d8fb925eb038378ee6899d"},"headline":"Passeports diplomatiques : une suspension de 130 titres de voyage pr\u00e9vu","datePublished":"2024-06-03T10:43:12+00:00","dateModified":"2024-06-03T10:44:16+00:00","mainEntityOfPage":{"@id":"https:\/\/www.public.sn\/index.php\/2024\/06\/03\/passeports-diplomatiques-une-suspension-de-130-titres-de-voyage-prevu\/"},"wordCount":318,"commentCount":0,"publisher":{"@id":"https:\/\/www.public.sn\/#organization"},"image":{"@id":"https:\/\/www.public.sn\/index.php\/2024\/06\/03\/passeports-diplomatiques-une-suspension-de-130-titres-de-voyage-prevu\/#primaryimage"},"thumbnailUrl":"https:\/\/www.public.sn\/wp-content\/uploads\/2024\/06\/fotojet-3-4-696x319-1.webp","keywords":["cette mesure fait partie des premi\u00e8res prises par l\u2019autorit\u00e9 dans le cadre du suivi de la direction pr\u00e9sidentielle","la ministre Yassine Fall a appliqu\u00e9 la directive par une note confidentielle r\u00e9f\u00e9renc\u00e9e 00417\/Miaae\/IS en date du 22 avril 2024.","la r\u00e9union du Conseil des ministres du 17 avril 2024","Le chef de l\u2019Etat avait demand\u00e9 \u00e0 son gouvernement d\u2019auditer le fonctionnement des diff\u00e9rents minist\u00e8res.","le Premier ministre","les titulaires des 130 titres d\u00e9livr\u00e9s entre le 1er f\u00e9vrier et le 31 mars 2024","nouvelles mesures concernant les passeports diplomatiques","Ousmane Sonko","pourraient perdre ce document officiel.","Une d\u00e9cision prise \u00e0 la suite d\u2019un rapport de v\u00e9rification produit par les Affaires \u00e9trang\u00e8res"],"articleSection":["ACTUALIT\u00c9S","AFRIQUE &amp; MONDE","internationale","justice","POLITIQUE","S\u00c9CURIT\u00c9 &amp; JUSTICE","S\u00c9N\u00c9GAL"],"inLanguage":"fr-FR","potentialAction":[{"@type":"CommentAction","name":"Comment","target":["https:\/\/www.public.sn\/index.php\/2024\/06\/03\/passeports-diplomatiques-une-suspension-de-130-titres-de-voyage-prevu\/#respond"]}]},{"@type":"WebPage","@id":"https:\/\/www.public.sn\/index.php\/2024\/06\/03\/passeports-diplomatiques-une-suspension-de-130-titres-de-voyage-prevu\/","url":"https:\/\/www.public.sn\/index.php\/2024\/06\/03\/passeports-diplomatiques-une-suspension-de-130-titres-de-voyage-prevu\/","name":"Passeports diplomatiques : une suspension de 130 titres de voyage pr\u00e9vu - LE PUBLIC","isPartOf":{"@id":"https:\/\/www.public.sn\/#website"},"primaryImageOfPage":{"@id":"https:\/\/www.public.sn\/index.php\/2024\/06\/03\/passeports-diplomatiques-une-suspension-de-130-titres-de-voyage-prevu\/#primaryimage"},"image":{"@id":"https:\/\/www.public.sn\/index.php\/2024\/06\/03\/passeports-diplomatiques-une-suspension-de-130-titres-de-voyage-prevu\/#primaryimage"},"thumbnailUrl":"https:\/\/www.public.sn\/wp-content\/uploads\/2024\/06\/fotojet-3-4-696x319-1.webp","datePublished":"2024-06-03T10:43:12+00:00","dateModified":"2024-06-03T10:44:16+00:00","breadcrumb":{"@id":"https:\/\/www.public.sn\/index.php\/2024\/06\/03\/passeports-diplomatiques-une-suspension-de-130-titres-de-voyage-prevu\/#breadcrumb"},"inLanguage":"fr-FR","potentialAction":[{"@type":"ReadAction","target":["https:\/\/www.public.sn\/index.php\/2024\/06\/03\/passeports-diplomatiques-une-suspension-de-130-titres-de-voyage-prevu\/"]}]},{"@type":"ImageObject","inLanguage":"fr-FR","@id":"https:\/\/www.public.sn\/index.php\/2024\/06\/03\/passeports-diplomatiques-une-suspension-de-130-titres-de-voyage-prevu\/#primaryimage","url":"https:\/\/www.public.sn\/wp-content\/uploads\/2024\/06\/fotojet-3-4-696x319-1.webp","contentUrl":"https:\/\/www.public.sn\/wp-content\/uploads\/2024\/06\/fotojet-3-4-696x319-1.webp","width":696,"height":319},{"@type":"BreadcrumbList","@id":"https:\/\/www.public.sn\/index.php\/2024\/06\/03\/passeports-diplomatiques-une-suspension-de-130-titres-de-voyage-prevu\/#breadcrumb","itemListElement":[{"@type":"ListItem","position":1,"name":"Accueil","item":"https:\/\/www.public.sn\/"},{"@type":"ListItem","position":2,"name":"Passeports diplomatiques : une suspension de 130 titres de voyage pr\u00e9vu"}]},{"@type":"WebSite","@id":"https:\/\/www.public.sn\/#website","url":"https:\/\/www.public.sn\/","name":"LE PUBLIC","description":"","publisher":{"@id":"https:\/\/www.public.sn\/#organization"},"potentialAction":[{"@type":"SearchAction","target":{"@type":"EntryPoint","urlTemplate":"https:\/\/www.public.sn\/?s={search_term_string}"},"query-input":{"@type":"PropertyValueSpecification","valueRequired":true,"valueName":"search_term_string"}}],"inLanguage":"fr-FR"},{"@type":"Organization","@id":"https:\/\/www.public.sn\/#organization","name":"LE PUBLIC","url":"https:\/\/www.public.sn\/","logo":{"@type":"ImageObject","inLanguage":"fr-FR","@id":"https:\/\/www.public.sn\/#\/schema\/logo\/image\/","url":"https:\/\/www.public.sn\/wp-content\/uploads\/2024\/05\/cropped-LOGO-PUBLIC.SN_.png","contentUrl":"https:\/\/www.public.sn\/wp-content\/uploads\/2024\/05\/cropped-LOGO-PUBLIC.SN_.png","width":682,"height":192,"caption":"LE PUBLIC"},"image":{"@id":"https:\/\/www.public.sn\/#\/schema\/logo\/image\/"}},{"@type":"Person","@id":"https:\/\/www.public.sn\/#\/schema\/person\/f77cd9ce05d8fb925eb038378ee6899d","name":"Baye Amath THIAM","image":{"@type":"ImageObject","inLanguage":"fr-FR","@id":"https:\/\/www.public.sn\/#\/schema\/person\/image\/","url":"https:\/\/secure.gravatar.com\/avatar\/7eb863ef1336b6f8a2ad921469701e52f094a61c698fab02f5af742ed813612d?s=96&d=mm&r=g","contentUrl":"https:\/\/secure.gravatar.com\/avatar\/7eb863ef1336b6f8a2ad921469701e52f094a61c698fab02f5af742ed813612d?s=96&d=mm&r=g","caption":"Baye Amath THIAM"},"url":"https:\/\/www.public.sn\/index.php\/author\/thiamba24\/"}]}},"jetpack_featured_media_url":"https:\/\/www.public.sn\/wp-content\/uploads\/2024\/06\/fotojet-3-4-696x319-1.webp","jetpack_sharing_enabled":true,"_links":{"self":[{"href":"https:\/\/www.public.sn\/index.php\/wp-json\/wp\/v2\/posts\/33129","targetHints":{"allow":["GET"]}}],"collection":[{"href":"https:\/\/www.public.sn\/index.php\/wp-json\/wp\/v2\/posts"}],"about":[{"href":"https:\/\/www.public.sn\/index.php\/wp-json\/wp\/v2\/types\/post"}],"author":[{"embeddable":true,"href":"https:\/\/www.public.sn\/index.php\/wp-json\/wp\/v2\/users\/15"}],"replies":[{"embeddable":true,"href":"https:\/\/www.public.sn\/index.php\/wp-json\/wp\/v2\/comments?post=33129"}],"version-history":[{"count":2,"href":"https:\/\/www.public.sn\/index.php\/wp-json\/wp\/v2\/posts\/33129\/revisions"}],"predecessor-version":[{"id":33132,"href":"https:\/\/www.public.sn\/index.php\/wp-json\/wp\/v2\/posts\/33129\/revisions\/33132"}],"wp:featuredmedia":[{"embeddable":true,"href":"https:\/\/www.public.sn\/index.php\/wp-json\/wp\/v2\/media\/33130"}],"wp:attachment":[{"href":"https:\/\/www.public.sn\/index.php\/wp-json\/wp\/v2\/media?parent=33129"}],"wp:term":[{"taxonomy":"category","embeddable":true,"href":"https:\/\/www.public.sn\/index.php\/wp-json\/wp\/v2\/categories?post=33129"},{"taxonomy":"post_tag","embeddable":true,"href":"https:\/\/www.public.sn\/index.php\/wp-json\/wp\/v2\/tags?post=33129"}],"curies":[{"name":"wp","href":"https:\/\/api.w.org\/{rel}","templated":true}]}}