{"id":33152,"date":"2024-06-03T14:29:45","date_gmt":"2024-06-03T14:29:45","guid":{"rendered":"https:\/\/www.public.sn\/?p=33152"},"modified":"2024-06-03T14:29:45","modified_gmt":"2024-06-03T14:29:45","slug":"tribunal-de-dakar-lhomme-daffaires-dora-gaye-envoye-en-prison","status":"publish","type":"post","link":"https:\/\/www.public.sn\/index.php\/2024\/06\/03\/tribunal-de-dakar-lhomme-daffaires-dora-gaye-envoye-en-prison\/","title":{"rendered":"Tribunal de Dakar : l&rsquo;homme d&rsquo;affaires Dora Gaye envoy\u00e9 en prison"},"content":{"rendered":"<p>L&rsquo;homme d&rsquo;affaires Dora Gaye fait face \u00e0 de graves complications judiciaires. Le juge du 3e cabinet a ordonn\u00e9 son placement sous mandat de d\u00e9p\u00f4t suite aux accusations port\u00e9es contre lui par Zakiloulahi Sow. PublicSn a appris qu&rsquo;une information judiciaire a \u00e9t\u00e9 ouverte pour faire la lumi\u00e8re sur cette affaire.<\/p><div class=\"publi-paragraphe1\" style=\"margin-top: 10px;margin-bottom: 10px;margin-left: auto;margin-right: auto;text-align: center;\" id=\"publi-789999526\"><div class=\"publi-adlabel\">Publicit\u00e9<\/div><script async src=\"\/\/pagead2.googlesyndication.com\/pagead\/js\/adsbygoogle.js?client=ca-pub-4089586018074219\" crossorigin=\"anonymous\"><\/script><ins class=\"adsbygoogle\" style=\"display:block;\" data-ad-client=\"ca-pub-4089586018074219\" \ndata-ad-slot=\"2087940154\" \ndata-ad-format=\"auto\"><\/ins>\n<script> \n(adsbygoogle = window.adsbygoogle || []).push({}); \n<\/script>\n<\/div>\n<p>Dora Gaye, figure bien connue du monde des affaires s\u00e9n\u00e9galais, a \u00e9t\u00e9 arr\u00eat\u00e9 lundi\u00a0 27 mai au Terrou-Bi avant d&rsquo;\u00eatre conduit \u00e0 la Section de Recherches (SR) apr\u00e8s une plainte d\u00e9pos\u00e9e par l&rsquo;homme d&rsquo;affaires Zakiloulahi Sow. Les accusations portent sur un montant faramineux de 1,2 milliard de francs CFA, empoch\u00e9 \u00ab\u00a0ill\u00e9galement\u00a0\u00bb dans le cadre de transactions immobili\u00e8res dont les terrains se situent \u00e0 l&rsquo;a\u00e9roport L\u00e9opold S\u00e9dar Senghor.<\/p>\n<p>Gaye, surnomm\u00e9 \u00ab Pdg \u00bb dans les milieux d&rsquo;affaires, a \u00e9t\u00e9 confront\u00e9 \u00e0 des preuves accablantes lors de son interrogatoire \u00e0 la Section de recherches. Les baux en question, sur le site de l&rsquo;ancien a\u00e9roport, \u00e9taient destin\u00e9s \u00e0 \u00eatre vendus pour financer des pr\u00e9tendues \u00ab missions secr\u00e8tes \u00bb du gouvernement, sous la direction du pr\u00e9sident Macky Sall, comme affichait le 28 mai Lib\u00e9ration \u00e0 sa Une.<\/p>\n<p>Toutefois, Gaye s&rsquo;est d\u00e9fendu en d\u00e9non\u00e7ant l&rsquo;ancien chef de l&rsquo;\u00c9tat Sall comme \u00e9tant le v\u00e9ritable instigateur de ces transactions frauduleuses.<\/p>\n<div class=\"publi-apres-le-contenu\" style=\"margin-top: 10px;margin-bottom: 10px;margin-left: auto;margin-right: auto;text-align: center;\" id=\"publi-4009866629\"><div class=\"publi-adlabel\">Publicit\u00e9<\/div><script async src=\"\/\/pagead2.googlesyndication.com\/pagead\/js\/adsbygoogle.js?client=ca-pub-4089586018074219\" crossorigin=\"anonymous\"><\/script><ins class=\"adsbygoogle\" style=\"display:block;\" data-ad-client=\"ca-pub-4089586018074219\" \ndata-ad-slot=\"2087940154\" \ndata-ad-format=\"auto\"><\/ins>\n<script> \n(adsbygoogle = window.adsbygoogle || []).push({}); \n<\/script>\n<\/div>","protected":false},"excerpt":{"rendered":"<p>L&rsquo;homme d&rsquo;affaires Dora Gaye fait face \u00e0 de graves complications judiciaires. Le juge du 3e cabinet a ordonn\u00e9 son placement sous mandat de d\u00e9p\u00f4t suite aux accusations port\u00e9es contre lui par Zakiloulahi Sow. PublicSn a appris qu&rsquo;une information judiciaire a \u00e9t\u00e9 ouverte pour faire la lumi\u00e8re sur cette affaire. Dora Gaye, figure bien connue du monde des affaires s\u00e9n\u00e9galais, a \u00e9t\u00e9 arr\u00eat\u00e9 lundi\u00a0 27 mai au Terrou-Bi avant d&rsquo;\u00eatre conduit \u00e0 la Section de Recherches (SR) apr\u00e8s une plainte d\u00e9pos\u00e9e par l&rsquo;homme d&rsquo;affaires Zakiloulahi Sow. Les accusations portent sur un montant faramineux de 1,2 milliard de francs CFA, empoch\u00e9 \u00ab\u00a0ill\u00e9galement\u00a0\u00bb dans le cadre de transactions immobili\u00e8res dont les terrains se situent \u00e0 l&rsquo;a\u00e9roport L\u00e9opold S\u00e9dar Senghor. Gaye, surnomm\u00e9 \u00ab Pdg \u00bb dans les milieux d&rsquo;affaires, a \u00e9t\u00e9 confront\u00e9 \u00e0 des preuves accablantes lors de son interrogatoire \u00e0 la Section de recherches. Les baux en question, sur le site de l&rsquo;ancien a\u00e9roport, \u00e9taient destin\u00e9s \u00e0 \u00eatre vendus pour financer des pr\u00e9tendues \u00ab missions secr\u00e8tes \u00bb du gouvernement, sous la direction du pr\u00e9sident Macky Sall, comme affichait le 28 mai Lib\u00e9ration \u00e0 sa Une. Toutefois, Gaye s&rsquo;est d\u00e9fendu en d\u00e9non\u00e7ant l&rsquo;ancien chef de l&rsquo;\u00c9tat Sall comme \u00e9tant le v\u00e9ritable instigateur de ces transactions frauduleuses.<\/p>\n","protected":false},"author":15,"featured_media":0,"comment_status":"open","ping_status":"open","sticky":false,"template":"","format":"standard","meta":{"_jetpack_memberships_contains_paid_content":false,"footnotes":""},"categories":[375,550,3728,3724,3,376,1],"tags":[5726,5904,5900,5906,5907,5901,5902,5905,5903,5908],"class_list":["post-33152","post","type-post","status-publish","format-standard","hentry","category-actualites","category-afrique-monde","category-internationale","category-justice","category-politique","category-securite-justice","category-non-classe","tag-2-milliard-de-francs-cfa","tag-a-ete-arrete-lundi-27-mai-au-terrou-bi-avant-detre-conduit-a-la-section-de-recherches-sr","tag-dora-gaye","tag-empoche-illegalement","tag-gaye","tag-lhomme-daffaires-dora-gaye","tag-le-juge-du-3e-cabinet-a-ordonne-son-placement-sous-mandat-de-depot","tag-les-accusations-portent-sur-un-montant-faramineux-de-1","tag-suite-aux-accusations-portees-contre-lui-par-zakiloulahi-sow","tag-surnomme-pdg-dans-les-milieux-daffaires","entry","owp-thumbs-layout-horizontal","owp-btn-normal","owp-tabs-layout-horizontal","has-no-thumbnails","has-product-nav"],"yoast_head":"<!-- This site is optimized with the Yoast SEO plugin v25.5 - https:\/\/yoast.com\/wordpress\/plugins\/seo\/ -->\n<title>Tribunal de Dakar : l&#039;homme d&#039;affaires Dora Gaye envoy\u00e9 en prison - LE PUBLIC<\/title>\n<meta name=\"robots\" content=\"index, follow, max-snippet:-1, max-image-preview:large, max-video-preview:-1\" \/>\n<link rel=\"canonical\" href=\"https:\/\/www.public.sn\/index.php\/2024\/06\/03\/tribunal-de-dakar-lhomme-daffaires-dora-gaye-envoye-en-prison\/\" \/>\n<meta property=\"og:locale\" content=\"fr_FR\" \/>\n<meta property=\"og:type\" content=\"article\" \/>\n<meta property=\"og:title\" content=\"Tribunal de Dakar : l&#039;homme d&#039;affaires Dora Gaye envoy\u00e9 en prison - LE PUBLIC\" \/>\n<meta property=\"og:description\" content=\"L&rsquo;homme d&rsquo;affaires Dora Gaye fait face \u00e0 de graves complications judiciaires. Le juge du 3e cabinet a ordonn\u00e9 son placement sous mandat de d\u00e9p\u00f4t suite aux accusations port\u00e9es contre lui par Zakiloulahi Sow. PublicSn a appris qu&rsquo;une information judiciaire a \u00e9t\u00e9 ouverte pour faire la lumi\u00e8re sur cette affaire. Dora Gaye, figure bien connue du monde des affaires s\u00e9n\u00e9galais, a \u00e9t\u00e9 arr\u00eat\u00e9 lundi\u00a0 27 mai au Terrou-Bi avant d&rsquo;\u00eatre conduit \u00e0 la Section de Recherches (SR) apr\u00e8s une plainte d\u00e9pos\u00e9e par l&rsquo;homme d&rsquo;affaires Zakiloulahi Sow. Les accusations portent sur un montant faramineux de 1,2 milliard de francs CFA, empoch\u00e9 \u00ab\u00a0ill\u00e9galement\u00a0\u00bb dans le cadre de transactions immobili\u00e8res dont les terrains se situent \u00e0 l&rsquo;a\u00e9roport L\u00e9opold S\u00e9dar Senghor. Gaye, surnomm\u00e9 \u00ab Pdg \u00bb dans les milieux d&rsquo;affaires, a \u00e9t\u00e9 confront\u00e9 \u00e0 des preuves accablantes lors de son interrogatoire \u00e0 la Section de recherches. Les baux en question, sur le site de l&rsquo;ancien a\u00e9roport, \u00e9taient destin\u00e9s \u00e0 \u00eatre vendus pour financer des pr\u00e9tendues \u00ab missions secr\u00e8tes \u00bb du gouvernement, sous la direction du pr\u00e9sident Macky Sall, comme affichait le 28 mai Lib\u00e9ration \u00e0 sa Une. Toutefois, Gaye s&rsquo;est d\u00e9fendu en d\u00e9non\u00e7ant l&rsquo;ancien chef de l&rsquo;\u00c9tat Sall comme \u00e9tant le v\u00e9ritable instigateur de ces transactions frauduleuses.\" \/>\n<meta property=\"og:url\" content=\"https:\/\/www.public.sn\/index.php\/2024\/06\/03\/tribunal-de-dakar-lhomme-daffaires-dora-gaye-envoye-en-prison\/\" \/>\n<meta property=\"og:site_name\" content=\"LE PUBLIC\" \/>\n<meta property=\"article:published_time\" content=\"2024-06-03T14:29:45+00:00\" \/>\n<meta name=\"author\" content=\"Baye Amath THIAM\" \/>\n<meta name=\"twitter:card\" content=\"summary_large_image\" \/>\n<meta name=\"twitter:label1\" content=\"\u00c9crit par\" \/>\n\t<meta name=\"twitter:data1\" content=\"Baye Amath THIAM\" \/>\n\t<meta name=\"twitter:label2\" content=\"Dur\u00e9e de lecture estim\u00e9e\" \/>\n\t<meta name=\"twitter:data2\" content=\"2 minutes\" \/>\n<script type=\"application\/ld+json\" class=\"yoast-schema-graph\">{\"@context\":\"https:\/\/schema.org\",\"@graph\":[{\"@type\":\"Article\",\"@id\":\"https:\/\/www.public.sn\/index.php\/2024\/06\/03\/tribunal-de-dakar-lhomme-daffaires-dora-gaye-envoye-en-prison\/#article\",\"isPartOf\":{\"@id\":\"https:\/\/www.public.sn\/index.php\/2024\/06\/03\/tribunal-de-dakar-lhomme-daffaires-dora-gaye-envoye-en-prison\/\"},\"author\":{\"name\":\"Baye Amath THIAM\",\"@id\":\"https:\/\/www.public.sn\/#\/schema\/person\/f77cd9ce05d8fb925eb038378ee6899d\"},\"headline\":\"Tribunal de Dakar : l&rsquo;homme d&rsquo;affaires Dora Gaye envoy\u00e9 en prison\",\"datePublished\":\"2024-06-03T14:29:45+00:00\",\"mainEntityOfPage\":{\"@id\":\"https:\/\/www.public.sn\/index.php\/2024\/06\/03\/tribunal-de-dakar-lhomme-daffaires-dora-gaye-envoye-en-prison\/\"},\"wordCount\":225,\"commentCount\":0,\"publisher\":{\"@id\":\"https:\/\/www.public.sn\/#organization\"},\"keywords\":[\"2 milliard de francs CFA\",\"a \u00e9t\u00e9 arr\u00eat\u00e9 lundi\u00a0 27 mai au Terrou-Bi avant d'\u00eatre conduit \u00e0 la Section de Recherches (SR)\",\"Dora Gaye\",\"empoch\u00e9 \\\"ill\u00e9galement\\\"\",\"Gaye\",\"L'homme d'affaires Dora Gaye\",\"Le juge du 3e cabinet a ordonn\u00e9 son placement sous mandat de d\u00e9p\u00f4t\",\"Les accusations portent sur un montant faramineux de 1\",\"suite aux accusations port\u00e9es contre lui par Zakiloulahi Sow.\",\"surnomm\u00e9 \u00ab Pdg \u00bb dans les milieux d'affaires\"],\"articleSection\":[\"ACTUALIT\u00c9S\",\"AFRIQUE &amp; MONDE\",\"internationale\",\"justice\",\"POLITIQUE\",\"S\u00c9CURIT\u00c9 &amp; JUSTICE\",\"S\u00c9N\u00c9GAL\"],\"inLanguage\":\"fr-FR\",\"potentialAction\":[{\"@type\":\"CommentAction\",\"name\":\"Comment\",\"target\":[\"https:\/\/www.public.sn\/index.php\/2024\/06\/03\/tribunal-de-dakar-lhomme-daffaires-dora-gaye-envoye-en-prison\/#respond\"]}]},{\"@type\":\"WebPage\",\"@id\":\"https:\/\/www.public.sn\/index.php\/2024\/06\/03\/tribunal-de-dakar-lhomme-daffaires-dora-gaye-envoye-en-prison\/\",\"url\":\"https:\/\/www.public.sn\/index.php\/2024\/06\/03\/tribunal-de-dakar-lhomme-daffaires-dora-gaye-envoye-en-prison\/\",\"name\":\"Tribunal de Dakar : l'homme d'affaires Dora Gaye envoy\u00e9 en prison - LE PUBLIC\",\"isPartOf\":{\"@id\":\"https:\/\/www.public.sn\/#website\"},\"datePublished\":\"2024-06-03T14:29:45+00:00\",\"breadcrumb\":{\"@id\":\"https:\/\/www.public.sn\/index.php\/2024\/06\/03\/tribunal-de-dakar-lhomme-daffaires-dora-gaye-envoye-en-prison\/#breadcrumb\"},\"inLanguage\":\"fr-FR\",\"potentialAction\":[{\"@type\":\"ReadAction\",\"target\":[\"https:\/\/www.public.sn\/index.php\/2024\/06\/03\/tribunal-de-dakar-lhomme-daffaires-dora-gaye-envoye-en-prison\/\"]}]},{\"@type\":\"BreadcrumbList\",\"@id\":\"https:\/\/www.public.sn\/index.php\/2024\/06\/03\/tribunal-de-dakar-lhomme-daffaires-dora-gaye-envoye-en-prison\/#breadcrumb\",\"itemListElement\":[{\"@type\":\"ListItem\",\"position\":1,\"name\":\"Accueil\",\"item\":\"https:\/\/www.public.sn\/\"},{\"@type\":\"ListItem\",\"position\":2,\"name\":\"Tribunal de Dakar : l&rsquo;homme d&rsquo;affaires Dora Gaye envoy\u00e9 en prison\"}]},{\"@type\":\"WebSite\",\"@id\":\"https:\/\/www.public.sn\/#website\",\"url\":\"https:\/\/www.public.sn\/\",\"name\":\"LE PUBLIC\",\"description\":\"\",\"publisher\":{\"@id\":\"https:\/\/www.public.sn\/#organization\"},\"potentialAction\":[{\"@type\":\"SearchAction\",\"target\":{\"@type\":\"EntryPoint\",\"urlTemplate\":\"https:\/\/www.public.sn\/?s={search_term_string}\"},\"query-input\":{\"@type\":\"PropertyValueSpecification\",\"valueRequired\":true,\"valueName\":\"search_term_string\"}}],\"inLanguage\":\"fr-FR\"},{\"@type\":\"Organization\",\"@id\":\"https:\/\/www.public.sn\/#organization\",\"name\":\"LE PUBLIC\",\"url\":\"https:\/\/www.public.sn\/\",\"logo\":{\"@type\":\"ImageObject\",\"inLanguage\":\"fr-FR\",\"@id\":\"https:\/\/www.public.sn\/#\/schema\/logo\/image\/\",\"url\":\"https:\/\/www.public.sn\/wp-content\/uploads\/2024\/05\/cropped-LOGO-PUBLIC.SN_.png\",\"contentUrl\":\"https:\/\/www.public.sn\/wp-content\/uploads\/2024\/05\/cropped-LOGO-PUBLIC.SN_.png\",\"width\":682,\"height\":192,\"caption\":\"LE PUBLIC\"},\"image\":{\"@id\":\"https:\/\/www.public.sn\/#\/schema\/logo\/image\/\"}},{\"@type\":\"Person\",\"@id\":\"https:\/\/www.public.sn\/#\/schema\/person\/f77cd9ce05d8fb925eb038378ee6899d\",\"name\":\"Baye Amath THIAM\",\"image\":{\"@type\":\"ImageObject\",\"inLanguage\":\"fr-FR\",\"@id\":\"https:\/\/www.public.sn\/#\/schema\/person\/image\/\",\"url\":\"https:\/\/secure.gravatar.com\/avatar\/7eb863ef1336b6f8a2ad921469701e52f094a61c698fab02f5af742ed813612d?s=96&d=mm&r=g\",\"contentUrl\":\"https:\/\/secure.gravatar.com\/avatar\/7eb863ef1336b6f8a2ad921469701e52f094a61c698fab02f5af742ed813612d?s=96&d=mm&r=g\",\"caption\":\"Baye Amath THIAM\"},\"url\":\"https:\/\/www.public.sn\/index.php\/author\/thiamba24\/\"}]}<\/script>\n<!-- \/ Yoast SEO plugin. -->","yoast_head_json":{"title":"Tribunal de Dakar : l'homme d'affaires Dora Gaye envoy\u00e9 en prison - LE PUBLIC","robots":{"index":"index","follow":"follow","max-snippet":"max-snippet:-1","max-image-preview":"max-image-preview:large","max-video-preview":"max-video-preview:-1"},"canonical":"https:\/\/www.public.sn\/index.php\/2024\/06\/03\/tribunal-de-dakar-lhomme-daffaires-dora-gaye-envoye-en-prison\/","og_locale":"fr_FR","og_type":"article","og_title":"Tribunal de Dakar : l'homme d'affaires Dora Gaye envoy\u00e9 en prison - LE PUBLIC","og_description":"L&rsquo;homme d&rsquo;affaires Dora Gaye fait face \u00e0 de graves complications judiciaires. Le juge du 3e cabinet a ordonn\u00e9 son placement sous mandat de d\u00e9p\u00f4t suite aux accusations port\u00e9es contre lui par Zakiloulahi Sow. PublicSn a appris qu&rsquo;une information judiciaire a \u00e9t\u00e9 ouverte pour faire la lumi\u00e8re sur cette affaire. Dora Gaye, figure bien connue du monde des affaires s\u00e9n\u00e9galais, a \u00e9t\u00e9 arr\u00eat\u00e9 lundi\u00a0 27 mai au Terrou-Bi avant d&rsquo;\u00eatre conduit \u00e0 la Section de Recherches (SR) apr\u00e8s une plainte d\u00e9pos\u00e9e par l&rsquo;homme d&rsquo;affaires Zakiloulahi Sow. Les accusations portent sur un montant faramineux de 1,2 milliard de francs CFA, empoch\u00e9 \u00ab\u00a0ill\u00e9galement\u00a0\u00bb dans le cadre de transactions immobili\u00e8res dont les terrains se situent \u00e0 l&rsquo;a\u00e9roport L\u00e9opold S\u00e9dar Senghor. Gaye, surnomm\u00e9 \u00ab Pdg \u00bb dans les milieux d&rsquo;affaires, a \u00e9t\u00e9 confront\u00e9 \u00e0 des preuves accablantes lors de son interrogatoire \u00e0 la Section de recherches. Les baux en question, sur le site de l&rsquo;ancien a\u00e9roport, \u00e9taient destin\u00e9s \u00e0 \u00eatre vendus pour financer des pr\u00e9tendues \u00ab missions secr\u00e8tes \u00bb du gouvernement, sous la direction du pr\u00e9sident Macky Sall, comme affichait le 28 mai Lib\u00e9ration \u00e0 sa Une. Toutefois, Gaye s&rsquo;est d\u00e9fendu en d\u00e9non\u00e7ant l&rsquo;ancien chef de l&rsquo;\u00c9tat Sall comme \u00e9tant le v\u00e9ritable instigateur de ces transactions frauduleuses.","og_url":"https:\/\/www.public.sn\/index.php\/2024\/06\/03\/tribunal-de-dakar-lhomme-daffaires-dora-gaye-envoye-en-prison\/","og_site_name":"LE PUBLIC","article_published_time":"2024-06-03T14:29:45+00:00","author":"Baye Amath THIAM","twitter_card":"summary_large_image","twitter_misc":{"\u00c9crit par":"Baye Amath THIAM","Dur\u00e9e de lecture estim\u00e9e":"2 minutes"},"schema":{"@context":"https:\/\/schema.org","@graph":[{"@type":"Article","@id":"https:\/\/www.public.sn\/index.php\/2024\/06\/03\/tribunal-de-dakar-lhomme-daffaires-dora-gaye-envoye-en-prison\/#article","isPartOf":{"@id":"https:\/\/www.public.sn\/index.php\/2024\/06\/03\/tribunal-de-dakar-lhomme-daffaires-dora-gaye-envoye-en-prison\/"},"author":{"name":"Baye Amath THIAM","@id":"https:\/\/www.public.sn\/#\/schema\/person\/f77cd9ce05d8fb925eb038378ee6899d"},"headline":"Tribunal de Dakar : l&rsquo;homme d&rsquo;affaires Dora Gaye envoy\u00e9 en prison","datePublished":"2024-06-03T14:29:45+00:00","mainEntityOfPage":{"@id":"https:\/\/www.public.sn\/index.php\/2024\/06\/03\/tribunal-de-dakar-lhomme-daffaires-dora-gaye-envoye-en-prison\/"},"wordCount":225,"commentCount":0,"publisher":{"@id":"https:\/\/www.public.sn\/#organization"},"keywords":["2 milliard de francs CFA","a \u00e9t\u00e9 arr\u00eat\u00e9 lundi\u00a0 27 mai au Terrou-Bi avant d'\u00eatre conduit \u00e0 la Section de Recherches (SR)","Dora Gaye","empoch\u00e9 \"ill\u00e9galement\"","Gaye","L'homme d'affaires Dora Gaye","Le juge du 3e cabinet a ordonn\u00e9 son placement sous mandat de d\u00e9p\u00f4t","Les accusations portent sur un montant faramineux de 1","suite aux accusations port\u00e9es contre lui par Zakiloulahi Sow.","surnomm\u00e9 \u00ab Pdg \u00bb dans les milieux d'affaires"],"articleSection":["ACTUALIT\u00c9S","AFRIQUE &amp; MONDE","internationale","justice","POLITIQUE","S\u00c9CURIT\u00c9 &amp; JUSTICE","S\u00c9N\u00c9GAL"],"inLanguage":"fr-FR","potentialAction":[{"@type":"CommentAction","name":"Comment","target":["https:\/\/www.public.sn\/index.php\/2024\/06\/03\/tribunal-de-dakar-lhomme-daffaires-dora-gaye-envoye-en-prison\/#respond"]}]},{"@type":"WebPage","@id":"https:\/\/www.public.sn\/index.php\/2024\/06\/03\/tribunal-de-dakar-lhomme-daffaires-dora-gaye-envoye-en-prison\/","url":"https:\/\/www.public.sn\/index.php\/2024\/06\/03\/tribunal-de-dakar-lhomme-daffaires-dora-gaye-envoye-en-prison\/","name":"Tribunal de Dakar : l'homme d'affaires Dora Gaye envoy\u00e9 en prison - LE PUBLIC","isPartOf":{"@id":"https:\/\/www.public.sn\/#website"},"datePublished":"2024-06-03T14:29:45+00:00","breadcrumb":{"@id":"https:\/\/www.public.sn\/index.php\/2024\/06\/03\/tribunal-de-dakar-lhomme-daffaires-dora-gaye-envoye-en-prison\/#breadcrumb"},"inLanguage":"fr-FR","potentialAction":[{"@type":"ReadAction","target":["https:\/\/www.public.sn\/index.php\/2024\/06\/03\/tribunal-de-dakar-lhomme-daffaires-dora-gaye-envoye-en-prison\/"]}]},{"@type":"BreadcrumbList","@id":"https:\/\/www.public.sn\/index.php\/2024\/06\/03\/tribunal-de-dakar-lhomme-daffaires-dora-gaye-envoye-en-prison\/#breadcrumb","itemListElement":[{"@type":"ListItem","position":1,"name":"Accueil","item":"https:\/\/www.public.sn\/"},{"@type":"ListItem","position":2,"name":"Tribunal de Dakar : l&rsquo;homme d&rsquo;affaires Dora Gaye envoy\u00e9 en prison"}]},{"@type":"WebSite","@id":"https:\/\/www.public.sn\/#website","url":"https:\/\/www.public.sn\/","name":"LE PUBLIC","description":"","publisher":{"@id":"https:\/\/www.public.sn\/#organization"},"potentialAction":[{"@type":"SearchAction","target":{"@type":"EntryPoint","urlTemplate":"https:\/\/www.public.sn\/?s={search_term_string}"},"query-input":{"@type":"PropertyValueSpecification","valueRequired":true,"valueName":"search_term_string"}}],"inLanguage":"fr-FR"},{"@type":"Organization","@id":"https:\/\/www.public.sn\/#organization","name":"LE PUBLIC","url":"https:\/\/www.public.sn\/","logo":{"@type":"ImageObject","inLanguage":"fr-FR","@id":"https:\/\/www.public.sn\/#\/schema\/logo\/image\/","url":"https:\/\/www.public.sn\/wp-content\/uploads\/2024\/05\/cropped-LOGO-PUBLIC.SN_.png","contentUrl":"https:\/\/www.public.sn\/wp-content\/uploads\/2024\/05\/cropped-LOGO-PUBLIC.SN_.png","width":682,"height":192,"caption":"LE PUBLIC"},"image":{"@id":"https:\/\/www.public.sn\/#\/schema\/logo\/image\/"}},{"@type":"Person","@id":"https:\/\/www.public.sn\/#\/schema\/person\/f77cd9ce05d8fb925eb038378ee6899d","name":"Baye Amath THIAM","image":{"@type":"ImageObject","inLanguage":"fr-FR","@id":"https:\/\/www.public.sn\/#\/schema\/person\/image\/","url":"https:\/\/secure.gravatar.com\/avatar\/7eb863ef1336b6f8a2ad921469701e52f094a61c698fab02f5af742ed813612d?s=96&d=mm&r=g","contentUrl":"https:\/\/secure.gravatar.com\/avatar\/7eb863ef1336b6f8a2ad921469701e52f094a61c698fab02f5af742ed813612d?s=96&d=mm&r=g","caption":"Baye Amath THIAM"},"url":"https:\/\/www.public.sn\/index.php\/author\/thiamba24\/"}]}},"jetpack_featured_media_url":"","jetpack_sharing_enabled":true,"_links":{"self":[{"href":"https:\/\/www.public.sn\/index.php\/wp-json\/wp\/v2\/posts\/33152","targetHints":{"allow":["GET"]}}],"collection":[{"href":"https:\/\/www.public.sn\/index.php\/wp-json\/wp\/v2\/posts"}],"about":[{"href":"https:\/\/www.public.sn\/index.php\/wp-json\/wp\/v2\/types\/post"}],"author":[{"embeddable":true,"href":"https:\/\/www.public.sn\/index.php\/wp-json\/wp\/v2\/users\/15"}],"replies":[{"embeddable":true,"href":"https:\/\/www.public.sn\/index.php\/wp-json\/wp\/v2\/comments?post=33152"}],"version-history":[{"count":1,"href":"https:\/\/www.public.sn\/index.php\/wp-json\/wp\/v2\/posts\/33152\/revisions"}],"predecessor-version":[{"id":33154,"href":"https:\/\/www.public.sn\/index.php\/wp-json\/wp\/v2\/posts\/33152\/revisions\/33154"}],"wp:attachment":[{"href":"https:\/\/www.public.sn\/index.php\/wp-json\/wp\/v2\/media?parent=33152"}],"wp:term":[{"taxonomy":"category","embeddable":true,"href":"https:\/\/www.public.sn\/index.php\/wp-json\/wp\/v2\/categories?post=33152"},{"taxonomy":"post_tag","embeddable":true,"href":"https:\/\/www.public.sn\/index.php\/wp-json\/wp\/v2\/tags?post=33152"}],"curies":[{"name":"wp","href":"https:\/\/api.w.org\/{rel}","templated":true}]}}