{"id":3317,"date":"2022-09-30T23:38:59","date_gmt":"2022-09-30T23:38:59","guid":{"rendered":"https:\/\/www.public.sn\/?p=3317"},"modified":"2022-09-30T23:39:00","modified_gmt":"2022-09-30T23:39:00","slug":"guinee-equatoriale-arrestation-de-lopposant-gabriel-nse-obiang-obono","status":"publish","type":"post","link":"https:\/\/www.public.sn\/index.php\/2022\/09\/30\/guinee-equatoriale-arrestation-de-lopposant-gabriel-nse-obiang-obono\/","title":{"rendered":"Guin\u00e9e \u00e9quatoriale: arrestation de l&rsquo;opposant Gabriel Nse Obiang Obono"},"content":{"rendered":"\n<p>Le si\u00e8ge du parti Citoyens pour l&rsquo;innovation \u00e9tait assi\u00e9g\u00e9 depuis plusieurs jours par la police, qui a finalement lanc\u00e9 un assaut jeudi 29 septembre, selon les informations donn\u00e9es par la t\u00e9l\u00e9vision d&rsquo;\u00c9tat. La TVGE affirme qu&rsquo;un policier a \u00e9t\u00e9 tu\u00e9 au cours de l&rsquo;op\u00e9ration et \u00e9voque plusieurs bless\u00e9s.<br><br>Selon cette m\u00eame cha\u00eene, Gabriel Nse Obiang a \u00e9t\u00e9 arr\u00eat\u00e9 parce qu&rsquo;il n&rsquo;a pas r\u00e9pondu \u00e0 une convocation du procureur de la R\u00e9publique dans le cadre d&rsquo;une enqu\u00eate sur des attaques, que le pouvoir affirme avoir d\u00e9jou\u00e9es, contre des ambassades et domiciles de ministres. Des sympathisants, qui se trouvaient au si\u00e8ge du parti, ont \u00e9galement \u00e9t\u00e9 interpell\u00e9s.<br><br>Citoyens pour l&rsquo;innovation a obtenu un si\u00e8ge, aux l\u00e9gislatives de 2017, les 99 autres ont \u00e9t\u00e9 remport\u00e9s par le PDGE, du pr\u00e9sident Teodoro Obiang Nguema. Le parti de Gabriel Nse Obiang a \u00e9t\u00e9 interdit quelques mois plus tard, en f\u00e9vrier 2018.<br> <br>Source RFI<\/p><div class=\"publi-paragraphe1\" style=\"margin-top: 10px;margin-bottom: 10px;margin-left: auto;margin-right: auto;text-align: center;\" id=\"publi-1806784540\"><div class=\"publi-adlabel\">Publicit\u00e9<\/div><script async src=\"\/\/pagead2.googlesyndication.com\/pagead\/js\/adsbygoogle.js?client=ca-pub-4089586018074219\" crossorigin=\"anonymous\"><\/script><ins class=\"adsbygoogle\" style=\"display:block;\" data-ad-client=\"ca-pub-4089586018074219\" \ndata-ad-slot=\"2087940154\" \ndata-ad-format=\"auto\"><\/ins>\n<script> \n(adsbygoogle = window.adsbygoogle || []).push({}); \n<\/script>\n<\/div>\n<div class=\"publi-apres-le-contenu\" style=\"margin-top: 10px;margin-bottom: 10px;margin-left: auto;margin-right: auto;text-align: center;\" id=\"publi-2481694610\"><div class=\"publi-adlabel\">Publicit\u00e9<\/div><script async src=\"\/\/pagead2.googlesyndication.com\/pagead\/js\/adsbygoogle.js?client=ca-pub-4089586018074219\" crossorigin=\"anonymous\"><\/script><ins class=\"adsbygoogle\" style=\"display:block;\" data-ad-client=\"ca-pub-4089586018074219\" \ndata-ad-slot=\"2087940154\" \ndata-ad-format=\"auto\"><\/ins>\n<script> \n(adsbygoogle = window.adsbygoogle || []).push({}); \n<\/script>\n<\/div>","protected":false},"excerpt":{"rendered":"<p>Le si\u00e8ge du parti Citoyens pour l&rsquo;innovation \u00e9tait assi\u00e9g\u00e9 depuis plusieurs jours par la police, qui a finalement lanc\u00e9 un assaut jeudi 29 septembre, selon les informations donn\u00e9es par la t\u00e9l\u00e9vision d&rsquo;\u00c9tat. La TVGE affirme qu&rsquo;un policier a \u00e9t\u00e9 tu\u00e9 au cours de l&rsquo;op\u00e9ration et \u00e9voque plusieurs bless\u00e9s. Selon cette m\u00eame cha\u00eene, Gabriel Nse Obiang a \u00e9t\u00e9 arr\u00eat\u00e9 parce qu&rsquo;il n&rsquo;a pas r\u00e9pondu \u00e0 une convocation du procureur de la R\u00e9publique dans le cadre d&rsquo;une enqu\u00eate sur des attaques, que le pouvoir affirme avoir d\u00e9jou\u00e9es, contre des ambassades et domiciles de ministres. Des sympathisants, qui se trouvaient au si\u00e8ge du parti, ont \u00e9galement \u00e9t\u00e9 interpell\u00e9s. Citoyens pour l&rsquo;innovation a obtenu un si\u00e8ge, aux l\u00e9gislatives de 2017, les 99 autres ont \u00e9t\u00e9 remport\u00e9s par le PDGE, du pr\u00e9sident Teodoro Obiang Nguema. Le parti de Gabriel Nse Obiang a \u00e9t\u00e9 interdit quelques mois plus tard, en f\u00e9vrier 2018. Source RFI<\/p>\n","protected":false},"author":1,"featured_media":3321,"comment_status":"open","ping_status":"open","sticky":false,"template":"","format":"standard","meta":{"_jetpack_memberships_contains_paid_content":false,"footnotes":""},"categories":[375,550,3,1,372],"tags":[1107,516,1106],"class_list":["post-3317","post","type-post","status-publish","format-standard","has-post-thumbnail","hentry","category-actualites","category-afrique-monde","category-politique","category-non-classe","category-vedette","tag-arrete","tag-guinee","tag-opposant","entry","has-media","owp-thumbs-layout-horizontal","owp-btn-normal","owp-tabs-layout-horizontal","has-no-thumbnails","has-product-nav"],"yoast_head":"<!-- This site is optimized with the Yoast SEO plugin v25.5 - https:\/\/yoast.com\/wordpress\/plugins\/seo\/ -->\n<title>Guin\u00e9e \u00e9quatoriale: arrestation de l&#039;opposant Gabriel Nse Obiang Obono - LE PUBLIC<\/title>\n<meta name=\"robots\" content=\"index, follow, max-snippet:-1, max-image-preview:large, max-video-preview:-1\" \/>\n<link rel=\"canonical\" href=\"https:\/\/www.public.sn\/index.php\/2022\/09\/30\/guinee-equatoriale-arrestation-de-lopposant-gabriel-nse-obiang-obono\/\" \/>\n<meta property=\"og:locale\" content=\"fr_FR\" \/>\n<meta property=\"og:type\" content=\"article\" \/>\n<meta property=\"og:title\" content=\"Guin\u00e9e \u00e9quatoriale: arrestation de l&#039;opposant Gabriel Nse Obiang Obono - LE PUBLIC\" \/>\n<meta property=\"og:description\" content=\"Le si\u00e8ge du parti Citoyens pour l&rsquo;innovation \u00e9tait assi\u00e9g\u00e9 depuis plusieurs jours par la police, qui a finalement lanc\u00e9 un assaut jeudi 29 septembre, selon les informations donn\u00e9es par la t\u00e9l\u00e9vision d&rsquo;\u00c9tat. La TVGE affirme qu&rsquo;un policier a \u00e9t\u00e9 tu\u00e9 au cours de l&rsquo;op\u00e9ration et \u00e9voque plusieurs bless\u00e9s. Selon cette m\u00eame cha\u00eene, Gabriel Nse Obiang a \u00e9t\u00e9 arr\u00eat\u00e9 parce qu&rsquo;il n&rsquo;a pas r\u00e9pondu \u00e0 une convocation du procureur de la R\u00e9publique dans le cadre d&rsquo;une enqu\u00eate sur des attaques, que le pouvoir affirme avoir d\u00e9jou\u00e9es, contre des ambassades et domiciles de ministres. Des sympathisants, qui se trouvaient au si\u00e8ge du parti, ont \u00e9galement \u00e9t\u00e9 interpell\u00e9s. Citoyens pour l&rsquo;innovation a obtenu un si\u00e8ge, aux l\u00e9gislatives de 2017, les 99 autres ont \u00e9t\u00e9 remport\u00e9s par le PDGE, du pr\u00e9sident Teodoro Obiang Nguema. Le parti de Gabriel Nse Obiang a \u00e9t\u00e9 interdit quelques mois plus tard, en f\u00e9vrier 2018. Source RFI\" \/>\n<meta property=\"og:url\" content=\"https:\/\/www.public.sn\/index.php\/2022\/09\/30\/guinee-equatoriale-arrestation-de-lopposant-gabriel-nse-obiang-obono\/\" \/>\n<meta property=\"og:site_name\" content=\"LE PUBLIC\" \/>\n<meta property=\"article:published_time\" content=\"2022-09-30T23:38:59+00:00\" \/>\n<meta property=\"article:modified_time\" content=\"2022-09-30T23:39:00+00:00\" \/>\n<meta property=\"og:image\" content=\"https:\/\/www.public.sn\/wp-content\/uploads\/2022\/09\/Gabriel-NSE-obiang-ObonoJagoran-yan-adawa-na-Equatorial-gUINEA.webp\" \/>\n\t<meta property=\"og:image:width\" content=\"1280\" \/>\n\t<meta property=\"og:image:height\" content=\"720\" \/>\n\t<meta property=\"og:image:type\" content=\"image\/webp\" \/>\n<meta name=\"author\" content=\"LA REDACTION\" \/>\n<meta name=\"twitter:card\" content=\"summary_large_image\" \/>\n<meta name=\"twitter:label1\" content=\"\u00c9crit par\" \/>\n\t<meta name=\"twitter:data1\" content=\"LA REDACTION\" \/>\n\t<meta name=\"twitter:label2\" content=\"Dur\u00e9e de lecture estim\u00e9e\" \/>\n\t<meta name=\"twitter:data2\" content=\"1 minute\" \/>\n<script type=\"application\/ld+json\" class=\"yoast-schema-graph\">{\"@context\":\"https:\/\/schema.org\",\"@graph\":[{\"@type\":\"Article\",\"@id\":\"https:\/\/www.public.sn\/index.php\/2022\/09\/30\/guinee-equatoriale-arrestation-de-lopposant-gabriel-nse-obiang-obono\/#article\",\"isPartOf\":{\"@id\":\"https:\/\/www.public.sn\/index.php\/2022\/09\/30\/guinee-equatoriale-arrestation-de-lopposant-gabriel-nse-obiang-obono\/\"},\"author\":{\"name\":\"LA REDACTION\",\"@id\":\"https:\/\/www.public.sn\/#\/schema\/person\/e3f4a11b037d4203902db148f9bc8d5a\"},\"headline\":\"Guin\u00e9e \u00e9quatoriale: arrestation de l&rsquo;opposant Gabriel Nse Obiang Obono\",\"datePublished\":\"2022-09-30T23:38:59+00:00\",\"dateModified\":\"2022-09-30T23:39:00+00:00\",\"mainEntityOfPage\":{\"@id\":\"https:\/\/www.public.sn\/index.php\/2022\/09\/30\/guinee-equatoriale-arrestation-de-lopposant-gabriel-nse-obiang-obono\/\"},\"wordCount\":176,\"commentCount\":0,\"publisher\":{\"@id\":\"https:\/\/www.public.sn\/#organization\"},\"image\":{\"@id\":\"https:\/\/www.public.sn\/index.php\/2022\/09\/30\/guinee-equatoriale-arrestation-de-lopposant-gabriel-nse-obiang-obono\/#primaryimage\"},\"thumbnailUrl\":\"https:\/\/www.public.sn\/wp-content\/uploads\/2022\/09\/Gabriel-NSE-obiang-ObonoJagoran-yan-adawa-na-Equatorial-gUINEA.webp\",\"keywords\":[\"ARRETE\",\"Guin\u00e9e\",\"OPPOSANT\"],\"articleSection\":[\"ACTUALIT\u00c9S\",\"AFRIQUE &amp; MONDE\",\"POLITIQUE\",\"S\u00c9N\u00c9GAL\",\"VEDETTE\"],\"inLanguage\":\"fr-FR\",\"potentialAction\":[{\"@type\":\"CommentAction\",\"name\":\"Comment\",\"target\":[\"https:\/\/www.public.sn\/index.php\/2022\/09\/30\/guinee-equatoriale-arrestation-de-lopposant-gabriel-nse-obiang-obono\/#respond\"]}]},{\"@type\":\"WebPage\",\"@id\":\"https:\/\/www.public.sn\/index.php\/2022\/09\/30\/guinee-equatoriale-arrestation-de-lopposant-gabriel-nse-obiang-obono\/\",\"url\":\"https:\/\/www.public.sn\/index.php\/2022\/09\/30\/guinee-equatoriale-arrestation-de-lopposant-gabriel-nse-obiang-obono\/\",\"name\":\"Guin\u00e9e \u00e9quatoriale: arrestation de l'opposant Gabriel Nse Obiang Obono - LE PUBLIC\",\"isPartOf\":{\"@id\":\"https:\/\/www.public.sn\/#website\"},\"primaryImageOfPage\":{\"@id\":\"https:\/\/www.public.sn\/index.php\/2022\/09\/30\/guinee-equatoriale-arrestation-de-lopposant-gabriel-nse-obiang-obono\/#primaryimage\"},\"image\":{\"@id\":\"https:\/\/www.public.sn\/index.php\/2022\/09\/30\/guinee-equatoriale-arrestation-de-lopposant-gabriel-nse-obiang-obono\/#primaryimage\"},\"thumbnailUrl\":\"https:\/\/www.public.sn\/wp-content\/uploads\/2022\/09\/Gabriel-NSE-obiang-ObonoJagoran-yan-adawa-na-Equatorial-gUINEA.webp\",\"datePublished\":\"2022-09-30T23:38:59+00:00\",\"dateModified\":\"2022-09-30T23:39:00+00:00\",\"breadcrumb\":{\"@id\":\"https:\/\/www.public.sn\/index.php\/2022\/09\/30\/guinee-equatoriale-arrestation-de-lopposant-gabriel-nse-obiang-obono\/#breadcrumb\"},\"inLanguage\":\"fr-FR\",\"potentialAction\":[{\"@type\":\"ReadAction\",\"target\":[\"https:\/\/www.public.sn\/index.php\/2022\/09\/30\/guinee-equatoriale-arrestation-de-lopposant-gabriel-nse-obiang-obono\/\"]}]},{\"@type\":\"ImageObject\",\"inLanguage\":\"fr-FR\",\"@id\":\"https:\/\/www.public.sn\/index.php\/2022\/09\/30\/guinee-equatoriale-arrestation-de-lopposant-gabriel-nse-obiang-obono\/#primaryimage\",\"url\":\"https:\/\/www.public.sn\/wp-content\/uploads\/2022\/09\/Gabriel-NSE-obiang-ObonoJagoran-yan-adawa-na-Equatorial-gUINEA.webp\",\"contentUrl\":\"https:\/\/www.public.sn\/wp-content\/uploads\/2022\/09\/Gabriel-NSE-obiang-ObonoJagoran-yan-adawa-na-Equatorial-gUINEA.webp\",\"width\":1280,\"height\":720},{\"@type\":\"BreadcrumbList\",\"@id\":\"https:\/\/www.public.sn\/index.php\/2022\/09\/30\/guinee-equatoriale-arrestation-de-lopposant-gabriel-nse-obiang-obono\/#breadcrumb\",\"itemListElement\":[{\"@type\":\"ListItem\",\"position\":1,\"name\":\"Accueil\",\"item\":\"https:\/\/www.public.sn\/\"},{\"@type\":\"ListItem\",\"position\":2,\"name\":\"Guin\u00e9e \u00e9quatoriale: arrestation de l&rsquo;opposant Gabriel Nse Obiang Obono\"}]},{\"@type\":\"WebSite\",\"@id\":\"https:\/\/www.public.sn\/#website\",\"url\":\"https:\/\/www.public.sn\/\",\"name\":\"LE PUBLIC\",\"description\":\"\",\"publisher\":{\"@id\":\"https:\/\/www.public.sn\/#organization\"},\"potentialAction\":[{\"@type\":\"SearchAction\",\"target\":{\"@type\":\"EntryPoint\",\"urlTemplate\":\"https:\/\/www.public.sn\/?s={search_term_string}\"},\"query-input\":{\"@type\":\"PropertyValueSpecification\",\"valueRequired\":true,\"valueName\":\"search_term_string\"}}],\"inLanguage\":\"fr-FR\"},{\"@type\":\"Organization\",\"@id\":\"https:\/\/www.public.sn\/#organization\",\"name\":\"LE PUBLIC\",\"url\":\"https:\/\/www.public.sn\/\",\"logo\":{\"@type\":\"ImageObject\",\"inLanguage\":\"fr-FR\",\"@id\":\"https:\/\/www.public.sn\/#\/schema\/logo\/image\/\",\"url\":\"https:\/\/www.public.sn\/wp-content\/uploads\/2024\/05\/cropped-LOGO-PUBLIC.SN_.png\",\"contentUrl\":\"https:\/\/www.public.sn\/wp-content\/uploads\/2024\/05\/cropped-LOGO-PUBLIC.SN_.png\",\"width\":682,\"height\":192,\"caption\":\"LE PUBLIC\"},\"image\":{\"@id\":\"https:\/\/www.public.sn\/#\/schema\/logo\/image\/\"}},{\"@type\":\"Person\",\"@id\":\"https:\/\/www.public.sn\/#\/schema\/person\/e3f4a11b037d4203902db148f9bc8d5a\",\"name\":\"LA REDACTION\",\"image\":{\"@type\":\"ImageObject\",\"inLanguage\":\"fr-FR\",\"@id\":\"https:\/\/www.public.sn\/#\/schema\/person\/image\/\",\"url\":\"https:\/\/secure.gravatar.com\/avatar\/d6c030db45db2883c075085c5d6c6258654a801a93766b49af0b82d4f454e2a5?s=96&d=mm&r=g\",\"contentUrl\":\"https:\/\/secure.gravatar.com\/avatar\/d6c030db45db2883c075085c5d6c6258654a801a93766b49af0b82d4f454e2a5?s=96&d=mm&r=g\",\"caption\":\"LA REDACTION\"},\"sameAs\":[\"http:\/\/www.public.sn\"],\"url\":\"https:\/\/www.public.sn\/index.php\/author\/admin7324\/\"}]}<\/script>\n<!-- \/ Yoast SEO plugin. -->","yoast_head_json":{"title":"Guin\u00e9e \u00e9quatoriale: arrestation de l'opposant Gabriel Nse Obiang Obono - LE PUBLIC","robots":{"index":"index","follow":"follow","max-snippet":"max-snippet:-1","max-image-preview":"max-image-preview:large","max-video-preview":"max-video-preview:-1"},"canonical":"https:\/\/www.public.sn\/index.php\/2022\/09\/30\/guinee-equatoriale-arrestation-de-lopposant-gabriel-nse-obiang-obono\/","og_locale":"fr_FR","og_type":"article","og_title":"Guin\u00e9e \u00e9quatoriale: arrestation de l'opposant Gabriel Nse Obiang Obono - LE PUBLIC","og_description":"Le si\u00e8ge du parti Citoyens pour l&rsquo;innovation \u00e9tait assi\u00e9g\u00e9 depuis plusieurs jours par la police, qui a finalement lanc\u00e9 un assaut jeudi 29 septembre, selon les informations donn\u00e9es par la t\u00e9l\u00e9vision d&rsquo;\u00c9tat. La TVGE affirme qu&rsquo;un policier a \u00e9t\u00e9 tu\u00e9 au cours de l&rsquo;op\u00e9ration et \u00e9voque plusieurs bless\u00e9s. Selon cette m\u00eame cha\u00eene, Gabriel Nse Obiang a \u00e9t\u00e9 arr\u00eat\u00e9 parce qu&rsquo;il n&rsquo;a pas r\u00e9pondu \u00e0 une convocation du procureur de la R\u00e9publique dans le cadre d&rsquo;une enqu\u00eate sur des attaques, que le pouvoir affirme avoir d\u00e9jou\u00e9es, contre des ambassades et domiciles de ministres. Des sympathisants, qui se trouvaient au si\u00e8ge du parti, ont \u00e9galement \u00e9t\u00e9 interpell\u00e9s. Citoyens pour l&rsquo;innovation a obtenu un si\u00e8ge, aux l\u00e9gislatives de 2017, les 99 autres ont \u00e9t\u00e9 remport\u00e9s par le PDGE, du pr\u00e9sident Teodoro Obiang Nguema. Le parti de Gabriel Nse Obiang a \u00e9t\u00e9 interdit quelques mois plus tard, en f\u00e9vrier 2018. Source RFI","og_url":"https:\/\/www.public.sn\/index.php\/2022\/09\/30\/guinee-equatoriale-arrestation-de-lopposant-gabriel-nse-obiang-obono\/","og_site_name":"LE PUBLIC","article_published_time":"2022-09-30T23:38:59+00:00","article_modified_time":"2022-09-30T23:39:00+00:00","og_image":[{"width":1280,"height":720,"url":"https:\/\/www.public.sn\/wp-content\/uploads\/2022\/09\/Gabriel-NSE-obiang-ObonoJagoran-yan-adawa-na-Equatorial-gUINEA.webp","type":"image\/webp"}],"author":"LA REDACTION","twitter_card":"summary_large_image","twitter_misc":{"\u00c9crit par":"LA REDACTION","Dur\u00e9e de lecture estim\u00e9e":"1 minute"},"schema":{"@context":"https:\/\/schema.org","@graph":[{"@type":"Article","@id":"https:\/\/www.public.sn\/index.php\/2022\/09\/30\/guinee-equatoriale-arrestation-de-lopposant-gabriel-nse-obiang-obono\/#article","isPartOf":{"@id":"https:\/\/www.public.sn\/index.php\/2022\/09\/30\/guinee-equatoriale-arrestation-de-lopposant-gabriel-nse-obiang-obono\/"},"author":{"name":"LA REDACTION","@id":"https:\/\/www.public.sn\/#\/schema\/person\/e3f4a11b037d4203902db148f9bc8d5a"},"headline":"Guin\u00e9e \u00e9quatoriale: arrestation de l&rsquo;opposant Gabriel Nse Obiang Obono","datePublished":"2022-09-30T23:38:59+00:00","dateModified":"2022-09-30T23:39:00+00:00","mainEntityOfPage":{"@id":"https:\/\/www.public.sn\/index.php\/2022\/09\/30\/guinee-equatoriale-arrestation-de-lopposant-gabriel-nse-obiang-obono\/"},"wordCount":176,"commentCount":0,"publisher":{"@id":"https:\/\/www.public.sn\/#organization"},"image":{"@id":"https:\/\/www.public.sn\/index.php\/2022\/09\/30\/guinee-equatoriale-arrestation-de-lopposant-gabriel-nse-obiang-obono\/#primaryimage"},"thumbnailUrl":"https:\/\/www.public.sn\/wp-content\/uploads\/2022\/09\/Gabriel-NSE-obiang-ObonoJagoran-yan-adawa-na-Equatorial-gUINEA.webp","keywords":["ARRETE","Guin\u00e9e","OPPOSANT"],"articleSection":["ACTUALIT\u00c9S","AFRIQUE &amp; MONDE","POLITIQUE","S\u00c9N\u00c9GAL","VEDETTE"],"inLanguage":"fr-FR","potentialAction":[{"@type":"CommentAction","name":"Comment","target":["https:\/\/www.public.sn\/index.php\/2022\/09\/30\/guinee-equatoriale-arrestation-de-lopposant-gabriel-nse-obiang-obono\/#respond"]}]},{"@type":"WebPage","@id":"https:\/\/www.public.sn\/index.php\/2022\/09\/30\/guinee-equatoriale-arrestation-de-lopposant-gabriel-nse-obiang-obono\/","url":"https:\/\/www.public.sn\/index.php\/2022\/09\/30\/guinee-equatoriale-arrestation-de-lopposant-gabriel-nse-obiang-obono\/","name":"Guin\u00e9e \u00e9quatoriale: arrestation de l'opposant Gabriel Nse Obiang Obono - LE PUBLIC","isPartOf":{"@id":"https:\/\/www.public.sn\/#website"},"primaryImageOfPage":{"@id":"https:\/\/www.public.sn\/index.php\/2022\/09\/30\/guinee-equatoriale-arrestation-de-lopposant-gabriel-nse-obiang-obono\/#primaryimage"},"image":{"@id":"https:\/\/www.public.sn\/index.php\/2022\/09\/30\/guinee-equatoriale-arrestation-de-lopposant-gabriel-nse-obiang-obono\/#primaryimage"},"thumbnailUrl":"https:\/\/www.public.sn\/wp-content\/uploads\/2022\/09\/Gabriel-NSE-obiang-ObonoJagoran-yan-adawa-na-Equatorial-gUINEA.webp","datePublished":"2022-09-30T23:38:59+00:00","dateModified":"2022-09-30T23:39:00+00:00","breadcrumb":{"@id":"https:\/\/www.public.sn\/index.php\/2022\/09\/30\/guinee-equatoriale-arrestation-de-lopposant-gabriel-nse-obiang-obono\/#breadcrumb"},"inLanguage":"fr-FR","potentialAction":[{"@type":"ReadAction","target":["https:\/\/www.public.sn\/index.php\/2022\/09\/30\/guinee-equatoriale-arrestation-de-lopposant-gabriel-nse-obiang-obono\/"]}]},{"@type":"ImageObject","inLanguage":"fr-FR","@id":"https:\/\/www.public.sn\/index.php\/2022\/09\/30\/guinee-equatoriale-arrestation-de-lopposant-gabriel-nse-obiang-obono\/#primaryimage","url":"https:\/\/www.public.sn\/wp-content\/uploads\/2022\/09\/Gabriel-NSE-obiang-ObonoJagoran-yan-adawa-na-Equatorial-gUINEA.webp","contentUrl":"https:\/\/www.public.sn\/wp-content\/uploads\/2022\/09\/Gabriel-NSE-obiang-ObonoJagoran-yan-adawa-na-Equatorial-gUINEA.webp","width":1280,"height":720},{"@type":"BreadcrumbList","@id":"https:\/\/www.public.sn\/index.php\/2022\/09\/30\/guinee-equatoriale-arrestation-de-lopposant-gabriel-nse-obiang-obono\/#breadcrumb","itemListElement":[{"@type":"ListItem","position":1,"name":"Accueil","item":"https:\/\/www.public.sn\/"},{"@type":"ListItem","position":2,"name":"Guin\u00e9e \u00e9quatoriale: arrestation de l&rsquo;opposant Gabriel Nse Obiang Obono"}]},{"@type":"WebSite","@id":"https:\/\/www.public.sn\/#website","url":"https:\/\/www.public.sn\/","name":"LE PUBLIC","description":"","publisher":{"@id":"https:\/\/www.public.sn\/#organization"},"potentialAction":[{"@type":"SearchAction","target":{"@type":"EntryPoint","urlTemplate":"https:\/\/www.public.sn\/?s={search_term_string}"},"query-input":{"@type":"PropertyValueSpecification","valueRequired":true,"valueName":"search_term_string"}}],"inLanguage":"fr-FR"},{"@type":"Organization","@id":"https:\/\/www.public.sn\/#organization","name":"LE PUBLIC","url":"https:\/\/www.public.sn\/","logo":{"@type":"ImageObject","inLanguage":"fr-FR","@id":"https:\/\/www.public.sn\/#\/schema\/logo\/image\/","url":"https:\/\/www.public.sn\/wp-content\/uploads\/2024\/05\/cropped-LOGO-PUBLIC.SN_.png","contentUrl":"https:\/\/www.public.sn\/wp-content\/uploads\/2024\/05\/cropped-LOGO-PUBLIC.SN_.png","width":682,"height":192,"caption":"LE PUBLIC"},"image":{"@id":"https:\/\/www.public.sn\/#\/schema\/logo\/image\/"}},{"@type":"Person","@id":"https:\/\/www.public.sn\/#\/schema\/person\/e3f4a11b037d4203902db148f9bc8d5a","name":"LA REDACTION","image":{"@type":"ImageObject","inLanguage":"fr-FR","@id":"https:\/\/www.public.sn\/#\/schema\/person\/image\/","url":"https:\/\/secure.gravatar.com\/avatar\/d6c030db45db2883c075085c5d6c6258654a801a93766b49af0b82d4f454e2a5?s=96&d=mm&r=g","contentUrl":"https:\/\/secure.gravatar.com\/avatar\/d6c030db45db2883c075085c5d6c6258654a801a93766b49af0b82d4f454e2a5?s=96&d=mm&r=g","caption":"LA REDACTION"},"sameAs":["http:\/\/www.public.sn"],"url":"https:\/\/www.public.sn\/index.php\/author\/admin7324\/"}]}},"jetpack_featured_media_url":"https:\/\/www.public.sn\/wp-content\/uploads\/2022\/09\/Gabriel-NSE-obiang-ObonoJagoran-yan-adawa-na-Equatorial-gUINEA.webp","jetpack_sharing_enabled":true,"_links":{"self":[{"href":"https:\/\/www.public.sn\/index.php\/wp-json\/wp\/v2\/posts\/3317","targetHints":{"allow":["GET"]}}],"collection":[{"href":"https:\/\/www.public.sn\/index.php\/wp-json\/wp\/v2\/posts"}],"about":[{"href":"https:\/\/www.public.sn\/index.php\/wp-json\/wp\/v2\/types\/post"}],"author":[{"embeddable":true,"href":"https:\/\/www.public.sn\/index.php\/wp-json\/wp\/v2\/users\/1"}],"replies":[{"embeddable":true,"href":"https:\/\/www.public.sn\/index.php\/wp-json\/wp\/v2\/comments?post=3317"}],"version-history":[{"count":2,"href":"https:\/\/www.public.sn\/index.php\/wp-json\/wp\/v2\/posts\/3317\/revisions"}],"predecessor-version":[{"id":3322,"href":"https:\/\/www.public.sn\/index.php\/wp-json\/wp\/v2\/posts\/3317\/revisions\/3322"}],"wp:featuredmedia":[{"embeddable":true,"href":"https:\/\/www.public.sn\/index.php\/wp-json\/wp\/v2\/media\/3321"}],"wp:attachment":[{"href":"https:\/\/www.public.sn\/index.php\/wp-json\/wp\/v2\/media?parent=3317"}],"wp:term":[{"taxonomy":"category","embeddable":true,"href":"https:\/\/www.public.sn\/index.php\/wp-json\/wp\/v2\/categories?post=3317"},{"taxonomy":"post_tag","embeddable":true,"href":"https:\/\/www.public.sn\/index.php\/wp-json\/wp\/v2\/tags?post=3317"}],"curies":[{"name":"wp","href":"https:\/\/api.w.org\/{rel}","templated":true}]}}