{"id":33172,"date":"2024-06-05T16:24:32","date_gmt":"2024-06-05T16:24:32","guid":{"rendered":"https:\/\/www.public.sn\/?p=33172"},"modified":"2024-06-05T16:24:32","modified_gmt":"2024-06-05T16:24:32","slug":"aida-mbodji-a-pris-ses-propres-responsablites-tous-les-creanciers-qui-ont-beneficie-dun-financement-vont-payer","status":"publish","type":"post","link":"https:\/\/www.public.sn\/index.php\/2024\/06\/05\/aida-mbodji-a-pris-ses-propres-responsablites-tous-les-creanciers-qui-ont-beneficie-dun-financement-vont-payer\/","title":{"rendered":"A\u00efda Mbodji a pris ses propres r\u00e9sponsablit\u00e9s: \u00ab\u00a0Tous les cr\u00e9anciers qui ont b\u00e9n\u00e9fici\u00e9 d&rsquo;un financement vont payer\u00a0\u00bb"},"content":{"rendered":"<div class=\"texte\">\n<div class=\"access firstletter\">La nouvelle patronne de\u00a0(Der\/Fj)\u00a0Aida Mbodji, r\u00e9cemment nomm\u00e9e responsable de la D\u00e9l\u00e9gation de l\u2019entreprenariat rapide pour les femmes et des jeunes, a officiellement pris fonction mardi.\u00a0 Aby S\u00e8ye lui a pass\u00e9 le t\u00e9moin, en pr\u00e9sence des collaborateurs, amis, familles et sympathisants. Prenant la parole, la nouvelle directrice de la DER\/FJ a tenu \u00e0 avertir tous ceux qui ont eu \u00e0 b\u00e9n\u00e9ficier des financements de la structure et qui tardent \u00e0 payer. \u00ab Tout le monde va payer \u00bb, a-t-elle promis.<\/p><div class=\"publi-paragraphe1\" style=\"margin-top: 10px;margin-bottom: 10px;margin-left: auto;margin-right: auto;text-align: center;\" id=\"publi-770999780\"><div class=\"publi-adlabel\">Publicit\u00e9<\/div><script async src=\"\/\/pagead2.googlesyndication.com\/pagead\/js\/adsbygoogle.js?client=ca-pub-4089586018074219\" crossorigin=\"anonymous\"><\/script><ins class=\"adsbygoogle\" style=\"display:block;\" data-ad-client=\"ca-pub-4089586018074219\" \ndata-ad-slot=\"2087940154\" \ndata-ad-format=\"auto\"><\/ins>\n<script> \n(adsbygoogle = window.adsbygoogle || []).push({}); \n<\/script>\n<\/div>\n<p>Tout en \u00e9tant consciencente de la situation actuelle, Aida Mbodj clarifie les choses: \u00ab Les cr\u00e9anciers vont payer. Tous ceux qui ont eu \u00e0 b\u00e9n\u00e9ficier d\u2019un financement vont payer. Ils vont tous payer sans exception ! Il n\u2019y aura aucune d\u00e9rogation. Les gens ne peuvent pas b\u00e9n\u00e9ficier de financement et refusent de payer le moment venu \u00bb, a-t-elle d\u00e9clar\u00e9.<\/p>\n<p>Sur la m\u00eame lanc\u00e9e, elle a ajout\u00e9 : \u00ab en portant Bassirou Diomaye Faye \u00e0 la t\u00eate du pays, nous avons approuv\u00e9 la reddition des comptes et banni le gaspillage ! Nous avons travers\u00e9 des moments difficiles et nous devons remettre le pays sur les rails \u00bb.<\/p>\n<p>En outre, concernant l\u2019exercice de sa mission \u00e0 la t\u00eate de la Der\/Fj, A\u00efda Mbodji, qui n\u2019a pas manqu\u00e9 de lancer une pique \u00e0 son pr\u00e9d\u00e9cesseur, promet de ne pas faire de favoritisme dans le traitement des dossiers. \u00ab J\u2019ai jur\u00e9 de n\u2019\u00e9carter personne. Je n\u2019en ai m\u00eame pas le droit parce que ce n\u2019est pas ce qu\u2019on m\u2019a demand\u00e9 d&rsquo;avoir de la tol\u00e9rance, de la compr\u00e9hension \u00e0 tous les niveaux aussi bien au niveau des b\u00e9n\u00e9ficiaires que le personnel de la Der (\u2026) \u00bb.<\/p>\n<p>Toutefois, Mme Mbodji de rassurer : \u00ab Je serai l\u00e0 pour vous et nous serons \u00e0 la disponibilit\u00e9 de la population. Les b\u00e9n\u00e9ficiaires sauront que l\u2019argent leur appartient et tous les dossiers seront trait\u00e9s sans tenir compte de la coloration politique \u00bb.<\/p><\/div>\n<\/div>\n<div class=\"hide_module_inside\">\n<div id=\"mod_10001169\" class=\"mod_10001169 wm-module fullbackground  module-article_connexe\">\n<div class=\"entete\"><\/div>\n<\/div>\n<\/div>\n<div class=\"publi-apres-le-contenu\" style=\"margin-top: 10px;margin-bottom: 10px;margin-left: auto;margin-right: auto;text-align: center;\" id=\"publi-2668458054\"><div class=\"publi-adlabel\">Publicit\u00e9<\/div><script async src=\"\/\/pagead2.googlesyndication.com\/pagead\/js\/adsbygoogle.js?client=ca-pub-4089586018074219\" crossorigin=\"anonymous\"><\/script><ins class=\"adsbygoogle\" style=\"display:block;\" data-ad-client=\"ca-pub-4089586018074219\" \ndata-ad-slot=\"2087940154\" \ndata-ad-format=\"auto\"><\/ins>\n<script> \n(adsbygoogle = window.adsbygoogle || []).push({}); \n<\/script>\n<\/div>","protected":false},"excerpt":{"rendered":"<p>La nouvelle patronne de\u00a0(Der\/Fj)\u00a0Aida Mbodji, r\u00e9cemment nomm\u00e9e responsable de la D\u00e9l\u00e9gation de l\u2019entreprenariat rapide pour les femmes et des jeunes, a officiellement pris fonction mardi.\u00a0 Aby S\u00e8ye lui a pass\u00e9 le t\u00e9moin, en pr\u00e9sence des collaborateurs, amis, familles et sympathisants. Prenant la parole, la nouvelle directrice de la DER\/FJ a tenu \u00e0 avertir tous ceux qui ont eu \u00e0 b\u00e9n\u00e9ficier des financements de la structure et qui tardent \u00e0 payer. \u00ab Tout le monde va payer \u00bb, a-t-elle promis. Tout en \u00e9tant consciencente de la situation actuelle, Aida Mbodj clarifie les choses: \u00ab Les cr\u00e9anciers vont payer. Tous ceux qui ont eu \u00e0 b\u00e9n\u00e9ficier d\u2019un financement vont payer. Ils vont tous payer sans exception ! Il n\u2019y aura aucune d\u00e9rogation. Les gens ne peuvent pas b\u00e9n\u00e9ficier de financement et refusent de payer le moment venu \u00bb, a-t-elle d\u00e9clar\u00e9. Sur la m\u00eame lanc\u00e9e, elle a ajout\u00e9 : \u00ab en portant Bassirou Diomaye Faye \u00e0 la t\u00eate du pays, nous avons approuv\u00e9 la reddition des comptes et banni le gaspillage ! Nous avons travers\u00e9 des moments difficiles et nous devons remettre le pays sur les rails \u00bb. En outre, concernant l\u2019exercice de sa mission \u00e0 la t\u00eate de la Der\/Fj, A\u00efda Mbodji, qui n\u2019a pas manqu\u00e9 de lancer une pique \u00e0 son pr\u00e9d\u00e9cesseur, promet de ne pas faire de favoritisme dans le traitement des dossiers. \u00ab J\u2019ai jur\u00e9 de n\u2019\u00e9carter personne. Je n\u2019en ai m\u00eame pas le droit parce que ce n\u2019est pas ce qu\u2019on m\u2019a demand\u00e9 d&rsquo;avoir de la tol\u00e9rance, de la compr\u00e9hension \u00e0 tous les niveaux aussi bien au niveau des b\u00e9n\u00e9ficiaires que le personnel de la Der (\u2026) \u00bb. Toutefois, Mme Mbodji de rassurer : \u00ab Je serai l\u00e0 pour vous et nous serons \u00e0 la disponibilit\u00e9 de la population. Les b\u00e9n\u00e9ficiaires sauront que l\u2019argent leur appartient et tous les dossiers seront trait\u00e9s sans tenir compte de la coloration politique \u00bb.<\/p>\n","protected":false},"author":15,"featured_media":33173,"comment_status":"open","ping_status":"open","sticky":false,"template":"","format":"standard","meta":{"_jetpack_memberships_contains_paid_content":false,"footnotes":""},"categories":[375,550,549,602,3,1,4],"tags":[5927,3678,5926,5929,5928],"class_list":["post-33172","post","type-post","status-publish","format-standard","has-post-thumbnail","hentry","category-actualites","category-afrique-monde","category-economie","category-partenaires","category-politique","category-non-classe","category-societe","tag-aida-mbodji","tag-bassirou-diomaye-faye","tag-der-fj","tag-les-creanciers-vont-payer","tag-tout-le-monde-va-payer","entry","has-media","owp-thumbs-layout-horizontal","owp-btn-normal","owp-tabs-layout-horizontal","has-no-thumbnails","has-product-nav"],"yoast_head":"<!-- This site is optimized with the Yoast SEO plugin v25.5 - https:\/\/yoast.com\/wordpress\/plugins\/seo\/ -->\n<title>A\u00efda Mbodji a pris ses propres r\u00e9sponsablit\u00e9s: &quot;Tous les cr\u00e9anciers qui ont b\u00e9n\u00e9fici\u00e9 d&#039;un financement vont payer&quot; - LE PUBLIC<\/title>\n<meta name=\"robots\" content=\"index, follow, max-snippet:-1, max-image-preview:large, max-video-preview:-1\" \/>\n<link rel=\"canonical\" href=\"https:\/\/www.public.sn\/index.php\/2024\/06\/05\/aida-mbodji-a-pris-ses-propres-responsablites-tous-les-creanciers-qui-ont-beneficie-dun-financement-vont-payer\/\" \/>\n<meta property=\"og:locale\" content=\"fr_FR\" \/>\n<meta property=\"og:type\" content=\"article\" \/>\n<meta property=\"og:title\" content=\"A\u00efda Mbodji a pris ses propres r\u00e9sponsablit\u00e9s: &quot;Tous les cr\u00e9anciers qui ont b\u00e9n\u00e9fici\u00e9 d&#039;un financement vont payer&quot; - LE PUBLIC\" \/>\n<meta property=\"og:description\" content=\"La nouvelle patronne de\u00a0(Der\/Fj)\u00a0Aida Mbodji, r\u00e9cemment nomm\u00e9e responsable de la D\u00e9l\u00e9gation de l\u2019entreprenariat rapide pour les femmes et des jeunes, a officiellement pris fonction mardi.\u00a0 Aby S\u00e8ye lui a pass\u00e9 le t\u00e9moin, en pr\u00e9sence des collaborateurs, amis, familles et sympathisants. Prenant la parole, la nouvelle directrice de la DER\/FJ a tenu \u00e0 avertir tous ceux qui ont eu \u00e0 b\u00e9n\u00e9ficier des financements de la structure et qui tardent \u00e0 payer. \u00ab Tout le monde va payer \u00bb, a-t-elle promis. Tout en \u00e9tant consciencente de la situation actuelle, Aida Mbodj clarifie les choses: \u00ab Les cr\u00e9anciers vont payer. Tous ceux qui ont eu \u00e0 b\u00e9n\u00e9ficier d\u2019un financement vont payer. Ils vont tous payer sans exception ! Il n\u2019y aura aucune d\u00e9rogation. Les gens ne peuvent pas b\u00e9n\u00e9ficier de financement et refusent de payer le moment venu \u00bb, a-t-elle d\u00e9clar\u00e9. Sur la m\u00eame lanc\u00e9e, elle a ajout\u00e9 : \u00ab en portant Bassirou Diomaye Faye \u00e0 la t\u00eate du pays, nous avons approuv\u00e9 la reddition des comptes et banni le gaspillage ! Nous avons travers\u00e9 des moments difficiles et nous devons remettre le pays sur les rails \u00bb. En outre, concernant l\u2019exercice de sa mission \u00e0 la t\u00eate de la Der\/Fj, A\u00efda Mbodji, qui n\u2019a pas manqu\u00e9 de lancer une pique \u00e0 son pr\u00e9d\u00e9cesseur, promet de ne pas faire de favoritisme dans le traitement des dossiers. \u00ab J\u2019ai jur\u00e9 de n\u2019\u00e9carter personne. Je n\u2019en ai m\u00eame pas le droit parce que ce n\u2019est pas ce qu\u2019on m\u2019a demand\u00e9 d&rsquo;avoir de la tol\u00e9rance, de la compr\u00e9hension \u00e0 tous les niveaux aussi bien au niveau des b\u00e9n\u00e9ficiaires que le personnel de la Der (\u2026) \u00bb. Toutefois, Mme Mbodji de rassurer : \u00ab Je serai l\u00e0 pour vous et nous serons \u00e0 la disponibilit\u00e9 de la population. Les b\u00e9n\u00e9ficiaires sauront que l\u2019argent leur appartient et tous les dossiers seront trait\u00e9s sans tenir compte de la coloration politique \u00bb.\" \/>\n<meta property=\"og:url\" content=\"https:\/\/www.public.sn\/index.php\/2024\/06\/05\/aida-mbodji-a-pris-ses-propres-responsablites-tous-les-creanciers-qui-ont-beneficie-dun-financement-vont-payer\/\" \/>\n<meta property=\"og:site_name\" content=\"LE PUBLIC\" \/>\n<meta property=\"article:published_time\" content=\"2024-06-05T16:24:32+00:00\" \/>\n<meta property=\"og:image\" content=\"https:\/\/www.public.sn\/wp-content\/uploads\/2024\/06\/Capture-decran-1445-09-26-a-15.33.16.png\" \/>\n\t<meta property=\"og:image:width\" content=\"1286\" \/>\n\t<meta property=\"og:image:height\" content=\"726\" \/>\n\t<meta property=\"og:image:type\" content=\"image\/png\" \/>\n<meta name=\"author\" content=\"Baye Amath THIAM\" \/>\n<meta name=\"twitter:card\" content=\"summary_large_image\" \/>\n<meta name=\"twitter:label1\" content=\"\u00c9crit par\" \/>\n\t<meta name=\"twitter:data1\" content=\"Baye Amath THIAM\" \/>\n\t<meta name=\"twitter:label2\" content=\"Dur\u00e9e de lecture estim\u00e9e\" \/>\n\t<meta name=\"twitter:data2\" content=\"2 minutes\" \/>\n<script type=\"application\/ld+json\" class=\"yoast-schema-graph\">{\"@context\":\"https:\/\/schema.org\",\"@graph\":[{\"@type\":\"Article\",\"@id\":\"https:\/\/www.public.sn\/index.php\/2024\/06\/05\/aida-mbodji-a-pris-ses-propres-responsablites-tous-les-creanciers-qui-ont-beneficie-dun-financement-vont-payer\/#article\",\"isPartOf\":{\"@id\":\"https:\/\/www.public.sn\/index.php\/2024\/06\/05\/aida-mbodji-a-pris-ses-propres-responsablites-tous-les-creanciers-qui-ont-beneficie-dun-financement-vont-payer\/\"},\"author\":{\"name\":\"Baye Amath THIAM\",\"@id\":\"https:\/\/www.public.sn\/#\/schema\/person\/f77cd9ce05d8fb925eb038378ee6899d\"},\"headline\":\"A\u00efda Mbodji a pris ses propres r\u00e9sponsablit\u00e9s: \u00ab\u00a0Tous les cr\u00e9anciers qui ont b\u00e9n\u00e9fici\u00e9 d&rsquo;un financement vont payer\u00a0\u00bb\",\"datePublished\":\"2024-06-05T16:24:32+00:00\",\"mainEntityOfPage\":{\"@id\":\"https:\/\/www.public.sn\/index.php\/2024\/06\/05\/aida-mbodji-a-pris-ses-propres-responsablites-tous-les-creanciers-qui-ont-beneficie-dun-financement-vont-payer\/\"},\"wordCount\":359,\"commentCount\":0,\"publisher\":{\"@id\":\"https:\/\/www.public.sn\/#organization\"},\"image\":{\"@id\":\"https:\/\/www.public.sn\/index.php\/2024\/06\/05\/aida-mbodji-a-pris-ses-propres-responsablites-tous-les-creanciers-qui-ont-beneficie-dun-financement-vont-payer\/#primaryimage\"},\"thumbnailUrl\":\"https:\/\/www.public.sn\/wp-content\/uploads\/2024\/06\/Capture-decran-1445-09-26-a-15.33.16.png\",\"keywords\":[\"Aida Mbodji\",\"bassirou diomaye faye\",\"Der\/Fj\",\"Les cr\u00e9anciers vont payer\",\"Tout le monde va payer\"],\"articleSection\":[\"ACTUALIT\u00c9S\",\"AFRIQUE &amp; MONDE\",\"\u00c9CONOMIE\",\"PARTENAIRES\",\"POLITIQUE\",\"S\u00c9N\u00c9GAL\",\"SOCIETE\"],\"inLanguage\":\"fr-FR\",\"potentialAction\":[{\"@type\":\"CommentAction\",\"name\":\"Comment\",\"target\":[\"https:\/\/www.public.sn\/index.php\/2024\/06\/05\/aida-mbodji-a-pris-ses-propres-responsablites-tous-les-creanciers-qui-ont-beneficie-dun-financement-vont-payer\/#respond\"]}]},{\"@type\":\"WebPage\",\"@id\":\"https:\/\/www.public.sn\/index.php\/2024\/06\/05\/aida-mbodji-a-pris-ses-propres-responsablites-tous-les-creanciers-qui-ont-beneficie-dun-financement-vont-payer\/\",\"url\":\"https:\/\/www.public.sn\/index.php\/2024\/06\/05\/aida-mbodji-a-pris-ses-propres-responsablites-tous-les-creanciers-qui-ont-beneficie-dun-financement-vont-payer\/\",\"name\":\"A\u00efda Mbodji a pris ses propres r\u00e9sponsablit\u00e9s: \\\"Tous les cr\u00e9anciers qui ont b\u00e9n\u00e9fici\u00e9 d'un financement vont payer\\\" - LE PUBLIC\",\"isPartOf\":{\"@id\":\"https:\/\/www.public.sn\/#website\"},\"primaryImageOfPage\":{\"@id\":\"https:\/\/www.public.sn\/index.php\/2024\/06\/05\/aida-mbodji-a-pris-ses-propres-responsablites-tous-les-creanciers-qui-ont-beneficie-dun-financement-vont-payer\/#primaryimage\"},\"image\":{\"@id\":\"https:\/\/www.public.sn\/index.php\/2024\/06\/05\/aida-mbodji-a-pris-ses-propres-responsablites-tous-les-creanciers-qui-ont-beneficie-dun-financement-vont-payer\/#primaryimage\"},\"thumbnailUrl\":\"https:\/\/www.public.sn\/wp-content\/uploads\/2024\/06\/Capture-decran-1445-09-26-a-15.33.16.png\",\"datePublished\":\"2024-06-05T16:24:32+00:00\",\"breadcrumb\":{\"@id\":\"https:\/\/www.public.sn\/index.php\/2024\/06\/05\/aida-mbodji-a-pris-ses-propres-responsablites-tous-les-creanciers-qui-ont-beneficie-dun-financement-vont-payer\/#breadcrumb\"},\"inLanguage\":\"fr-FR\",\"potentialAction\":[{\"@type\":\"ReadAction\",\"target\":[\"https:\/\/www.public.sn\/index.php\/2024\/06\/05\/aida-mbodji-a-pris-ses-propres-responsablites-tous-les-creanciers-qui-ont-beneficie-dun-financement-vont-payer\/\"]}]},{\"@type\":\"ImageObject\",\"inLanguage\":\"fr-FR\",\"@id\":\"https:\/\/www.public.sn\/index.php\/2024\/06\/05\/aida-mbodji-a-pris-ses-propres-responsablites-tous-les-creanciers-qui-ont-beneficie-dun-financement-vont-payer\/#primaryimage\",\"url\":\"https:\/\/www.public.sn\/wp-content\/uploads\/2024\/06\/Capture-decran-1445-09-26-a-15.33.16.png\",\"contentUrl\":\"https:\/\/www.public.sn\/wp-content\/uploads\/2024\/06\/Capture-decran-1445-09-26-a-15.33.16.png\",\"width\":1286,\"height\":726},{\"@type\":\"BreadcrumbList\",\"@id\":\"https:\/\/www.public.sn\/index.php\/2024\/06\/05\/aida-mbodji-a-pris-ses-propres-responsablites-tous-les-creanciers-qui-ont-beneficie-dun-financement-vont-payer\/#breadcrumb\",\"itemListElement\":[{\"@type\":\"ListItem\",\"position\":1,\"name\":\"Accueil\",\"item\":\"https:\/\/www.public.sn\/\"},{\"@type\":\"ListItem\",\"position\":2,\"name\":\"A\u00efda Mbodji a pris ses propres r\u00e9sponsablit\u00e9s: \u00ab\u00a0Tous les cr\u00e9anciers qui ont b\u00e9n\u00e9fici\u00e9 d&rsquo;un financement vont payer\u00a0\u00bb\"}]},{\"@type\":\"WebSite\",\"@id\":\"https:\/\/www.public.sn\/#website\",\"url\":\"https:\/\/www.public.sn\/\",\"name\":\"LE PUBLIC\",\"description\":\"\",\"publisher\":{\"@id\":\"https:\/\/www.public.sn\/#organization\"},\"potentialAction\":[{\"@type\":\"SearchAction\",\"target\":{\"@type\":\"EntryPoint\",\"urlTemplate\":\"https:\/\/www.public.sn\/?s={search_term_string}\"},\"query-input\":{\"@type\":\"PropertyValueSpecification\",\"valueRequired\":true,\"valueName\":\"search_term_string\"}}],\"inLanguage\":\"fr-FR\"},{\"@type\":\"Organization\",\"@id\":\"https:\/\/www.public.sn\/#organization\",\"name\":\"LE PUBLIC\",\"url\":\"https:\/\/www.public.sn\/\",\"logo\":{\"@type\":\"ImageObject\",\"inLanguage\":\"fr-FR\",\"@id\":\"https:\/\/www.public.sn\/#\/schema\/logo\/image\/\",\"url\":\"https:\/\/www.public.sn\/wp-content\/uploads\/2024\/05\/cropped-LOGO-PUBLIC.SN_.png\",\"contentUrl\":\"https:\/\/www.public.sn\/wp-content\/uploads\/2024\/05\/cropped-LOGO-PUBLIC.SN_.png\",\"width\":682,\"height\":192,\"caption\":\"LE PUBLIC\"},\"image\":{\"@id\":\"https:\/\/www.public.sn\/#\/schema\/logo\/image\/\"}},{\"@type\":\"Person\",\"@id\":\"https:\/\/www.public.sn\/#\/schema\/person\/f77cd9ce05d8fb925eb038378ee6899d\",\"name\":\"Baye Amath THIAM\",\"image\":{\"@type\":\"ImageObject\",\"inLanguage\":\"fr-FR\",\"@id\":\"https:\/\/www.public.sn\/#\/schema\/person\/image\/\",\"url\":\"https:\/\/secure.gravatar.com\/avatar\/7eb863ef1336b6f8a2ad921469701e52f094a61c698fab02f5af742ed813612d?s=96&d=mm&r=g\",\"contentUrl\":\"https:\/\/secure.gravatar.com\/avatar\/7eb863ef1336b6f8a2ad921469701e52f094a61c698fab02f5af742ed813612d?s=96&d=mm&r=g\",\"caption\":\"Baye Amath THIAM\"},\"url\":\"https:\/\/www.public.sn\/index.php\/author\/thiamba24\/\"}]}<\/script>\n<!-- \/ Yoast SEO plugin. -->","yoast_head_json":{"title":"A\u00efda Mbodji a pris ses propres r\u00e9sponsablit\u00e9s: \"Tous les cr\u00e9anciers qui ont b\u00e9n\u00e9fici\u00e9 d'un financement vont payer\" - LE PUBLIC","robots":{"index":"index","follow":"follow","max-snippet":"max-snippet:-1","max-image-preview":"max-image-preview:large","max-video-preview":"max-video-preview:-1"},"canonical":"https:\/\/www.public.sn\/index.php\/2024\/06\/05\/aida-mbodji-a-pris-ses-propres-responsablites-tous-les-creanciers-qui-ont-beneficie-dun-financement-vont-payer\/","og_locale":"fr_FR","og_type":"article","og_title":"A\u00efda Mbodji a pris ses propres r\u00e9sponsablit\u00e9s: \"Tous les cr\u00e9anciers qui ont b\u00e9n\u00e9fici\u00e9 d'un financement vont payer\" - LE PUBLIC","og_description":"La nouvelle patronne de\u00a0(Der\/Fj)\u00a0Aida Mbodji, r\u00e9cemment nomm\u00e9e responsable de la D\u00e9l\u00e9gation de l\u2019entreprenariat rapide pour les femmes et des jeunes, a officiellement pris fonction mardi.\u00a0 Aby S\u00e8ye lui a pass\u00e9 le t\u00e9moin, en pr\u00e9sence des collaborateurs, amis, familles et sympathisants. Prenant la parole, la nouvelle directrice de la DER\/FJ a tenu \u00e0 avertir tous ceux qui ont eu \u00e0 b\u00e9n\u00e9ficier des financements de la structure et qui tardent \u00e0 payer. \u00ab Tout le monde va payer \u00bb, a-t-elle promis. Tout en \u00e9tant consciencente de la situation actuelle, Aida Mbodj clarifie les choses: \u00ab Les cr\u00e9anciers vont payer. Tous ceux qui ont eu \u00e0 b\u00e9n\u00e9ficier d\u2019un financement vont payer. Ils vont tous payer sans exception ! Il n\u2019y aura aucune d\u00e9rogation. Les gens ne peuvent pas b\u00e9n\u00e9ficier de financement et refusent de payer le moment venu \u00bb, a-t-elle d\u00e9clar\u00e9. Sur la m\u00eame lanc\u00e9e, elle a ajout\u00e9 : \u00ab en portant Bassirou Diomaye Faye \u00e0 la t\u00eate du pays, nous avons approuv\u00e9 la reddition des comptes et banni le gaspillage ! Nous avons travers\u00e9 des moments difficiles et nous devons remettre le pays sur les rails \u00bb. En outre, concernant l\u2019exercice de sa mission \u00e0 la t\u00eate de la Der\/Fj, A\u00efda Mbodji, qui n\u2019a pas manqu\u00e9 de lancer une pique \u00e0 son pr\u00e9d\u00e9cesseur, promet de ne pas faire de favoritisme dans le traitement des dossiers. \u00ab J\u2019ai jur\u00e9 de n\u2019\u00e9carter personne. Je n\u2019en ai m\u00eame pas le droit parce que ce n\u2019est pas ce qu\u2019on m\u2019a demand\u00e9 d&rsquo;avoir de la tol\u00e9rance, de la compr\u00e9hension \u00e0 tous les niveaux aussi bien au niveau des b\u00e9n\u00e9ficiaires que le personnel de la Der (\u2026) \u00bb. Toutefois, Mme Mbodji de rassurer : \u00ab Je serai l\u00e0 pour vous et nous serons \u00e0 la disponibilit\u00e9 de la population. Les b\u00e9n\u00e9ficiaires sauront que l\u2019argent leur appartient et tous les dossiers seront trait\u00e9s sans tenir compte de la coloration politique \u00bb.","og_url":"https:\/\/www.public.sn\/index.php\/2024\/06\/05\/aida-mbodji-a-pris-ses-propres-responsablites-tous-les-creanciers-qui-ont-beneficie-dun-financement-vont-payer\/","og_site_name":"LE PUBLIC","article_published_time":"2024-06-05T16:24:32+00:00","og_image":[{"width":1286,"height":726,"url":"https:\/\/www.public.sn\/wp-content\/uploads\/2024\/06\/Capture-decran-1445-09-26-a-15.33.16.png","type":"image\/png"}],"author":"Baye Amath THIAM","twitter_card":"summary_large_image","twitter_misc":{"\u00c9crit par":"Baye Amath THIAM","Dur\u00e9e de lecture estim\u00e9e":"2 minutes"},"schema":{"@context":"https:\/\/schema.org","@graph":[{"@type":"Article","@id":"https:\/\/www.public.sn\/index.php\/2024\/06\/05\/aida-mbodji-a-pris-ses-propres-responsablites-tous-les-creanciers-qui-ont-beneficie-dun-financement-vont-payer\/#article","isPartOf":{"@id":"https:\/\/www.public.sn\/index.php\/2024\/06\/05\/aida-mbodji-a-pris-ses-propres-responsablites-tous-les-creanciers-qui-ont-beneficie-dun-financement-vont-payer\/"},"author":{"name":"Baye Amath THIAM","@id":"https:\/\/www.public.sn\/#\/schema\/person\/f77cd9ce05d8fb925eb038378ee6899d"},"headline":"A\u00efda Mbodji a pris ses propres r\u00e9sponsablit\u00e9s: \u00ab\u00a0Tous les cr\u00e9anciers qui ont b\u00e9n\u00e9fici\u00e9 d&rsquo;un financement vont payer\u00a0\u00bb","datePublished":"2024-06-05T16:24:32+00:00","mainEntityOfPage":{"@id":"https:\/\/www.public.sn\/index.php\/2024\/06\/05\/aida-mbodji-a-pris-ses-propres-responsablites-tous-les-creanciers-qui-ont-beneficie-dun-financement-vont-payer\/"},"wordCount":359,"commentCount":0,"publisher":{"@id":"https:\/\/www.public.sn\/#organization"},"image":{"@id":"https:\/\/www.public.sn\/index.php\/2024\/06\/05\/aida-mbodji-a-pris-ses-propres-responsablites-tous-les-creanciers-qui-ont-beneficie-dun-financement-vont-payer\/#primaryimage"},"thumbnailUrl":"https:\/\/www.public.sn\/wp-content\/uploads\/2024\/06\/Capture-decran-1445-09-26-a-15.33.16.png","keywords":["Aida Mbodji","bassirou diomaye faye","Der\/Fj","Les cr\u00e9anciers vont payer","Tout le monde va payer"],"articleSection":["ACTUALIT\u00c9S","AFRIQUE &amp; MONDE","\u00c9CONOMIE","PARTENAIRES","POLITIQUE","S\u00c9N\u00c9GAL","SOCIETE"],"inLanguage":"fr-FR","potentialAction":[{"@type":"CommentAction","name":"Comment","target":["https:\/\/www.public.sn\/index.php\/2024\/06\/05\/aida-mbodji-a-pris-ses-propres-responsablites-tous-les-creanciers-qui-ont-beneficie-dun-financement-vont-payer\/#respond"]}]},{"@type":"WebPage","@id":"https:\/\/www.public.sn\/index.php\/2024\/06\/05\/aida-mbodji-a-pris-ses-propres-responsablites-tous-les-creanciers-qui-ont-beneficie-dun-financement-vont-payer\/","url":"https:\/\/www.public.sn\/index.php\/2024\/06\/05\/aida-mbodji-a-pris-ses-propres-responsablites-tous-les-creanciers-qui-ont-beneficie-dun-financement-vont-payer\/","name":"A\u00efda Mbodji a pris ses propres r\u00e9sponsablit\u00e9s: \"Tous les cr\u00e9anciers qui ont b\u00e9n\u00e9fici\u00e9 d'un financement vont payer\" - LE PUBLIC","isPartOf":{"@id":"https:\/\/www.public.sn\/#website"},"primaryImageOfPage":{"@id":"https:\/\/www.public.sn\/index.php\/2024\/06\/05\/aida-mbodji-a-pris-ses-propres-responsablites-tous-les-creanciers-qui-ont-beneficie-dun-financement-vont-payer\/#primaryimage"},"image":{"@id":"https:\/\/www.public.sn\/index.php\/2024\/06\/05\/aida-mbodji-a-pris-ses-propres-responsablites-tous-les-creanciers-qui-ont-beneficie-dun-financement-vont-payer\/#primaryimage"},"thumbnailUrl":"https:\/\/www.public.sn\/wp-content\/uploads\/2024\/06\/Capture-decran-1445-09-26-a-15.33.16.png","datePublished":"2024-06-05T16:24:32+00:00","breadcrumb":{"@id":"https:\/\/www.public.sn\/index.php\/2024\/06\/05\/aida-mbodji-a-pris-ses-propres-responsablites-tous-les-creanciers-qui-ont-beneficie-dun-financement-vont-payer\/#breadcrumb"},"inLanguage":"fr-FR","potentialAction":[{"@type":"ReadAction","target":["https:\/\/www.public.sn\/index.php\/2024\/06\/05\/aida-mbodji-a-pris-ses-propres-responsablites-tous-les-creanciers-qui-ont-beneficie-dun-financement-vont-payer\/"]}]},{"@type":"ImageObject","inLanguage":"fr-FR","@id":"https:\/\/www.public.sn\/index.php\/2024\/06\/05\/aida-mbodji-a-pris-ses-propres-responsablites-tous-les-creanciers-qui-ont-beneficie-dun-financement-vont-payer\/#primaryimage","url":"https:\/\/www.public.sn\/wp-content\/uploads\/2024\/06\/Capture-decran-1445-09-26-a-15.33.16.png","contentUrl":"https:\/\/www.public.sn\/wp-content\/uploads\/2024\/06\/Capture-decran-1445-09-26-a-15.33.16.png","width":1286,"height":726},{"@type":"BreadcrumbList","@id":"https:\/\/www.public.sn\/index.php\/2024\/06\/05\/aida-mbodji-a-pris-ses-propres-responsablites-tous-les-creanciers-qui-ont-beneficie-dun-financement-vont-payer\/#breadcrumb","itemListElement":[{"@type":"ListItem","position":1,"name":"Accueil","item":"https:\/\/www.public.sn\/"},{"@type":"ListItem","position":2,"name":"A\u00efda Mbodji a pris ses propres r\u00e9sponsablit\u00e9s: \u00ab\u00a0Tous les cr\u00e9anciers qui ont b\u00e9n\u00e9fici\u00e9 d&rsquo;un financement vont payer\u00a0\u00bb"}]},{"@type":"WebSite","@id":"https:\/\/www.public.sn\/#website","url":"https:\/\/www.public.sn\/","name":"LE PUBLIC","description":"","publisher":{"@id":"https:\/\/www.public.sn\/#organization"},"potentialAction":[{"@type":"SearchAction","target":{"@type":"EntryPoint","urlTemplate":"https:\/\/www.public.sn\/?s={search_term_string}"},"query-input":{"@type":"PropertyValueSpecification","valueRequired":true,"valueName":"search_term_string"}}],"inLanguage":"fr-FR"},{"@type":"Organization","@id":"https:\/\/www.public.sn\/#organization","name":"LE PUBLIC","url":"https:\/\/www.public.sn\/","logo":{"@type":"ImageObject","inLanguage":"fr-FR","@id":"https:\/\/www.public.sn\/#\/schema\/logo\/image\/","url":"https:\/\/www.public.sn\/wp-content\/uploads\/2024\/05\/cropped-LOGO-PUBLIC.SN_.png","contentUrl":"https:\/\/www.public.sn\/wp-content\/uploads\/2024\/05\/cropped-LOGO-PUBLIC.SN_.png","width":682,"height":192,"caption":"LE PUBLIC"},"image":{"@id":"https:\/\/www.public.sn\/#\/schema\/logo\/image\/"}},{"@type":"Person","@id":"https:\/\/www.public.sn\/#\/schema\/person\/f77cd9ce05d8fb925eb038378ee6899d","name":"Baye Amath THIAM","image":{"@type":"ImageObject","inLanguage":"fr-FR","@id":"https:\/\/www.public.sn\/#\/schema\/person\/image\/","url":"https:\/\/secure.gravatar.com\/avatar\/7eb863ef1336b6f8a2ad921469701e52f094a61c698fab02f5af742ed813612d?s=96&d=mm&r=g","contentUrl":"https:\/\/secure.gravatar.com\/avatar\/7eb863ef1336b6f8a2ad921469701e52f094a61c698fab02f5af742ed813612d?s=96&d=mm&r=g","caption":"Baye Amath THIAM"},"url":"https:\/\/www.public.sn\/index.php\/author\/thiamba24\/"}]}},"jetpack_featured_media_url":"https:\/\/www.public.sn\/wp-content\/uploads\/2024\/06\/Capture-decran-1445-09-26-a-15.33.16.png","jetpack_sharing_enabled":true,"_links":{"self":[{"href":"https:\/\/www.public.sn\/index.php\/wp-json\/wp\/v2\/posts\/33172","targetHints":{"allow":["GET"]}}],"collection":[{"href":"https:\/\/www.public.sn\/index.php\/wp-json\/wp\/v2\/posts"}],"about":[{"href":"https:\/\/www.public.sn\/index.php\/wp-json\/wp\/v2\/types\/post"}],"author":[{"embeddable":true,"href":"https:\/\/www.public.sn\/index.php\/wp-json\/wp\/v2\/users\/15"}],"replies":[{"embeddable":true,"href":"https:\/\/www.public.sn\/index.php\/wp-json\/wp\/v2\/comments?post=33172"}],"version-history":[{"count":1,"href":"https:\/\/www.public.sn\/index.php\/wp-json\/wp\/v2\/posts\/33172\/revisions"}],"predecessor-version":[{"id":33174,"href":"https:\/\/www.public.sn\/index.php\/wp-json\/wp\/v2\/posts\/33172\/revisions\/33174"}],"wp:featuredmedia":[{"embeddable":true,"href":"https:\/\/www.public.sn\/index.php\/wp-json\/wp\/v2\/media\/33173"}],"wp:attachment":[{"href":"https:\/\/www.public.sn\/index.php\/wp-json\/wp\/v2\/media?parent=33172"}],"wp:term":[{"taxonomy":"category","embeddable":true,"href":"https:\/\/www.public.sn\/index.php\/wp-json\/wp\/v2\/categories?post=33172"},{"taxonomy":"post_tag","embeddable":true,"href":"https:\/\/www.public.sn\/index.php\/wp-json\/wp\/v2\/tags?post=33172"}],"curies":[{"name":"wp","href":"https:\/\/api.w.org\/{rel}","templated":true}]}}