{"id":33203,"date":"2024-06-07T12:14:21","date_gmt":"2024-06-07T12:14:21","guid":{"rendered":"https:\/\/www.public.sn\/?p=33203"},"modified":"2024-06-07T12:14:21","modified_gmt":"2024-06-07T12:14:21","slug":"juan-branco-me-bamba-cisse-en-conference-lavocat-franco-espagnol-vide-son-sac-pour-sa-presence-au-senegal","status":"publish","type":"post","link":"https:\/\/www.public.sn\/index.php\/2024\/06\/07\/juan-branco-me-bamba-cisse-en-conference-lavocat-franco-espagnol-vide-son-sac-pour-sa-presence-au-senegal\/","title":{"rendered":"Juan Branco-Me Bamba Ciss\u00e9 en conf\u00e9rence : l&rsquo;avocat franco-espagnol vide son sac pour sa pr\u00e9sence au s\u00e9n\u00e9gal"},"content":{"rendered":"<p>A l&rsquo;occasion de la conf\u00e9rence de presse organis\u00e9, l&rsquo;avocat fran\u00e7ais et son homologue Me Bamba Ciss\u00e9; Juan Branco se fait remarqu\u00e9: \u00ab\u00a0Je ne viens pas vous apaiser comme je l\u2019esp\u00e9rais, car nous avons eu droit \u00e0 quelques heures \u00e0 peine, \u00e0 l\u2019expression la plus directe et spectaculaire de la subsistance de l\u2019ennemi. Une subsistance bravade, pitoyable, cr\u00e9pusculaire. L\u2019\u00eatre qui a un an durant a priv\u00e9 les \u00e9tudiants de la plus prestigieuse universit\u00e9 du continent sur instruction politique de leur acc\u00e8s \u00e0 leur campus a pu aujourd\u2019hui encore de l\u2019interdiction de cette conf\u00e9rence et de cette prise de parole\u00a0\u00bb, tels sont les propos de Juan Branco \u00e0 l&rsquo;entame de son intervention, lors de la conf\u00e9rence qu&rsquo;il a coanim\u00e9 avec Me Bamba Ciss\u00e9. Ces d\u00e9clarations font r\u00e9f\u00e9rence \u00e0 l&rsquo;interdiction du recteur de l&rsquo;Ucad de tenir cette rencontre au sein de l&rsquo;Universit\u00e9 Cheikh Anta Diop de Dakar, finalement tenue au Cices.<\/p><div class=\"publi-paragraphe1\" style=\"margin-top: 10px;margin-bottom: 10px;margin-left: auto;margin-right: auto;text-align: center;\" id=\"publi-1371397002\"><div class=\"publi-adlabel\">Publicit\u00e9<\/div><script async src=\"\/\/pagead2.googlesyndication.com\/pagead\/js\/adsbygoogle.js?client=ca-pub-4089586018074219\" crossorigin=\"anonymous\"><\/script><ins class=\"adsbygoogle\" style=\"display:block;\" data-ad-client=\"ca-pub-4089586018074219\" \ndata-ad-slot=\"2087940154\" \ndata-ad-format=\"auto\"><\/ins>\n<script> \n(adsbygoogle = window.adsbygoogle || []).push({}); \n<\/script>\n<\/div>\n<p>Avec des \u00e9clairecissements, comme pour dire que l&rsquo;avocat franco-espagnol n&rsquo;\u00e9tait pas tendre avec le recteur de l&rsquo;Ucad, au regard des propos susnomm\u00e9s. En outre, me Branco a tenu \u00e0 rappeler les sacrifices consentis par une frange de la population s\u00e9n\u00e9galaise pour lib\u00e9rer le peuple sous le joug d&rsquo;un pouvoir qui ne reculait devant rien. \u00a0\u00bb Soixante (60) enfants et adultes sont morts d\u2019un cri rauque qui r\u00e9clamaient souverainet\u00e9 et il parut essentielle de commencer cette prise de parole par une pens\u00e9e \u00e0 leur \u00e9gard et l\u2019affirmation d\u2019une certitude \u00e0 l\u2019\u00e9gard de leurs proches, ils ne seront pas oubli\u00e9s\u00a0\u00bb, a promis l&rsquo;ancien pensionnaire de Rebeuss.<\/p>\n<p>Toujours dans sa prise de parole, Juan Branco est revenu sur la relation des faits de sa \u00ab\u00a0capture\u00a0\u00bb en Mauritanie et amen\u00e9 manu militari \u00e0 Dakar, pour \u00eatre enferm\u00e9 \u00e0 la Mac de Rebeuss. \u00ab\u00a0Je viens \u00e0 un pays o\u00f9 ceux\u00a0 qui m\u2019ont fait kidnapp\u00e9 \u00e0 300 kilom\u00e8tres de la fronti\u00e8re s\u00e9n\u00e9galaise, en plein c\u0153ur de la Mauritanie, ont formellement encore entre leurs mains le pouvoir de me faire arr\u00eater enfermer, expulser. J\u2019\u00e9tais a mon arriv\u00e9 soumis a un contr\u00f4le approfondi de mon identit\u00e9. J\u2019\u00e9tais venu en ami simple, sans privil\u00e8ge, sans invitation des autorit\u00e9s, mais par deux personnes qui ont connu les ge\u00f4les et qui sont pour moi des h\u00e9ros de l\u2019humanit\u00e9\u00a0\u00bb a dit me Branco faisant r\u00e9f\u00e9rence \u00e0 Ousmane Sonko et Bassirou Diomaye Faye.<\/p>\n<p>Avec un langage charg\u00e9 de symbolisme et usant de m\u00e9taphores , Juan Branco dira, \u00ab\u00a0en ce pays que je consid\u00e8re aujourd\u2019hui, mien, ceux qui ont ob\u00e9i n\u2019ont pas \u00e9t\u00e9 encore sanctionn\u00e9s et celui qui a ordonn\u00e9 que la mort se repende par des violences politiques a \u00e9t\u00e9 en mesure de quitter le territoire en jet priv\u00e9 et de jouir aujourd\u2019hui encore de son impunit\u00e9. Je suis venu aujourd\u2019hui \u00e0 \u00e9galit\u00e9 avec des confr\u00e8res qui comme moi se sont sacrifi\u00e9s, tendis qu\u2019en face on payait jusqu\u2019\u00e0 100 mille euros l\u2019audience \u00e0 des fran\u00e7ais, des sorciers blancs, pour venir l\u00e9gitimer la r\u00e9pression, et la violence qui s\u2019abattait sur un peuple. Et j\u2019ai vu des confr\u00e8res accepter cet argent pour l\u00e9gitimer la mort, l\u2019emprisonnement, la d\u00e9tention de citoyens innocents\u00a0\u00bb.<\/p>\n<div class=\"publi-apres-le-contenu\" style=\"margin-top: 10px;margin-bottom: 10px;margin-left: auto;margin-right: auto;text-align: center;\" id=\"publi-2383915195\"><div class=\"publi-adlabel\">Publicit\u00e9<\/div><script async src=\"\/\/pagead2.googlesyndication.com\/pagead\/js\/adsbygoogle.js?client=ca-pub-4089586018074219\" crossorigin=\"anonymous\"><\/script><ins class=\"adsbygoogle\" style=\"display:block;\" data-ad-client=\"ca-pub-4089586018074219\" \ndata-ad-slot=\"2087940154\" \ndata-ad-format=\"auto\"><\/ins>\n<script> \n(adsbygoogle = window.adsbygoogle || []).push({}); \n<\/script>\n<\/div>","protected":false},"excerpt":{"rendered":"<p>A l&rsquo;occasion de la conf\u00e9rence de presse organis\u00e9, l&rsquo;avocat fran\u00e7ais et son homologue Me Bamba Ciss\u00e9; Juan Branco se fait remarqu\u00e9: \u00ab\u00a0Je ne viens pas vous apaiser comme je l\u2019esp\u00e9rais, car nous avons eu droit \u00e0 quelques heures \u00e0 peine, \u00e0 l\u2019expression la plus directe et spectaculaire de la subsistance de l\u2019ennemi. Une subsistance bravade, pitoyable, cr\u00e9pusculaire. L\u2019\u00eatre qui a un an durant a priv\u00e9 les \u00e9tudiants de la plus prestigieuse universit\u00e9 du continent sur instruction politique de leur acc\u00e8s \u00e0 leur campus a pu aujourd\u2019hui encore de l\u2019interdiction de cette conf\u00e9rence et de cette prise de parole\u00a0\u00bb, tels sont les propos de Juan Branco \u00e0 l&rsquo;entame de son intervention, lors de la conf\u00e9rence qu&rsquo;il a coanim\u00e9 avec Me Bamba Ciss\u00e9. Ces d\u00e9clarations font r\u00e9f\u00e9rence \u00e0 l&rsquo;interdiction du recteur de l&rsquo;Ucad de tenir cette rencontre au sein de l&rsquo;Universit\u00e9 Cheikh Anta Diop de Dakar, finalement tenue au Cices. Avec des \u00e9clairecissements, comme pour dire que l&rsquo;avocat franco-espagnol n&rsquo;\u00e9tait pas tendre avec le recteur de l&rsquo;Ucad, au regard des propos susnomm\u00e9s. En outre, me Branco a tenu \u00e0 rappeler les sacrifices consentis par une frange de la population s\u00e9n\u00e9galaise pour lib\u00e9rer le peuple sous le joug d&rsquo;un pouvoir qui ne reculait devant rien. \u00a0\u00bb Soixante (60) enfants et adultes sont morts d\u2019un cri rauque qui r\u00e9clamaient souverainet\u00e9 et il parut essentielle de commencer cette prise de parole par une pens\u00e9e \u00e0 leur \u00e9gard et l\u2019affirmation d\u2019une certitude \u00e0 l\u2019\u00e9gard de leurs proches, ils ne seront pas oubli\u00e9s\u00a0\u00bb, a promis l&rsquo;ancien pensionnaire de Rebeuss. Toujours dans sa prise de parole, Juan Branco est revenu sur la relation des faits de sa \u00ab\u00a0capture\u00a0\u00bb en Mauritanie et amen\u00e9 manu militari \u00e0 Dakar, pour \u00eatre enferm\u00e9 \u00e0 la Mac de Rebeuss. \u00ab\u00a0Je viens \u00e0 un pays o\u00f9 ceux\u00a0 qui m\u2019ont fait kidnapp\u00e9 \u00e0 300 kilom\u00e8tres de la fronti\u00e8re s\u00e9n\u00e9galaise, en plein c\u0153ur de la Mauritanie, ont formellement encore entre leurs mains le pouvoir de me faire arr\u00eater enfermer, expulser. J\u2019\u00e9tais a mon arriv\u00e9 soumis a un contr\u00f4le approfondi de mon identit\u00e9. J\u2019\u00e9tais venu en ami simple, sans privil\u00e8ge, sans invitation des autorit\u00e9s, mais par deux personnes qui ont connu les ge\u00f4les et qui sont pour moi des h\u00e9ros de l\u2019humanit\u00e9\u00a0\u00bb a dit me Branco faisant r\u00e9f\u00e9rence \u00e0 Ousmane Sonko et Bassirou Diomaye Faye. Avec un langage charg\u00e9 de symbolisme et usant de m\u00e9taphores , Juan Branco dira, \u00ab\u00a0en ce pays que je consid\u00e8re aujourd\u2019hui, mien, ceux qui ont ob\u00e9i n\u2019ont pas \u00e9t\u00e9 encore sanctionn\u00e9s et celui qui a ordonn\u00e9 que la mort se repende par des violences politiques a \u00e9t\u00e9 en mesure de quitter le territoire en jet priv\u00e9 et de jouir aujourd\u2019hui encore de son impunit\u00e9. Je suis venu aujourd\u2019hui \u00e0 \u00e9galit\u00e9 avec des confr\u00e8res qui comme moi se sont sacrifi\u00e9s, tendis qu\u2019en face on payait jusqu\u2019\u00e0 100 mille euros l\u2019audience \u00e0 des fran\u00e7ais, des sorciers blancs, pour venir l\u00e9gitimer la r\u00e9pression, et la violence qui s\u2019abattait sur un peuple. Et j\u2019ai vu des confr\u00e8res accepter cet argent pour l\u00e9gitimer la mort, l\u2019emprisonnement, la d\u00e9tention de citoyens innocents\u00a0\u00bb.<\/p>\n","protected":false},"author":15,"featured_media":33210,"comment_status":"open","ping_status":"open","sticky":false,"template":"","format":"standard","meta":{"_jetpack_memberships_contains_paid_content":false,"footnotes":""},"categories":[375,550,854,3728,3724,376,1],"tags":[5966,5967,5008,5965,2391,5968],"class_list":["post-33203","post","type-post","status-publish","format-standard","has-post-thumbnail","hentry","category-actualites","category-afrique-monde","category-education","category-internationale","category-justice","category-securite-justice","category-non-classe","tag-au-sein-de-luniversite-cheikh-anta-diop-de-dakar","tag-finalement-tenue-au-cices","tag-juan-branco","tag-la-conference-de-presse-organise","tag-me-bamba-cisse","tag-ousmane-sonko-et-bassirou-diomaye-faye","entry","has-media","owp-thumbs-layout-horizontal","owp-btn-normal","owp-tabs-layout-horizontal","has-no-thumbnails","has-product-nav"],"yoast_head":"<!-- This site is optimized with the Yoast SEO plugin v25.5 - https:\/\/yoast.com\/wordpress\/plugins\/seo\/ -->\n<title>Juan Branco-Me Bamba Ciss\u00e9 en conf\u00e9rence : l&#039;avocat franco-espagnol vide son sac pour sa pr\u00e9sence au s\u00e9n\u00e9gal - LE PUBLIC<\/title>\n<meta name=\"robots\" content=\"index, follow, max-snippet:-1, max-image-preview:large, max-video-preview:-1\" \/>\n<link rel=\"canonical\" href=\"https:\/\/www.public.sn\/index.php\/2024\/06\/07\/juan-branco-me-bamba-cisse-en-conference-lavocat-franco-espagnol-vide-son-sac-pour-sa-presence-au-senegal\/\" \/>\n<meta property=\"og:locale\" content=\"fr_FR\" \/>\n<meta property=\"og:type\" content=\"article\" \/>\n<meta property=\"og:title\" content=\"Juan Branco-Me Bamba Ciss\u00e9 en conf\u00e9rence : l&#039;avocat franco-espagnol vide son sac pour sa pr\u00e9sence au s\u00e9n\u00e9gal - LE PUBLIC\" \/>\n<meta property=\"og:description\" content=\"A l&rsquo;occasion de la conf\u00e9rence de presse organis\u00e9, l&rsquo;avocat fran\u00e7ais et son homologue Me Bamba Ciss\u00e9; Juan Branco se fait remarqu\u00e9: \u00ab\u00a0Je ne viens pas vous apaiser comme je l\u2019esp\u00e9rais, car nous avons eu droit \u00e0 quelques heures \u00e0 peine, \u00e0 l\u2019expression la plus directe et spectaculaire de la subsistance de l\u2019ennemi. Une subsistance bravade, pitoyable, cr\u00e9pusculaire. L\u2019\u00eatre qui a un an durant a priv\u00e9 les \u00e9tudiants de la plus prestigieuse universit\u00e9 du continent sur instruction politique de leur acc\u00e8s \u00e0 leur campus a pu aujourd\u2019hui encore de l\u2019interdiction de cette conf\u00e9rence et de cette prise de parole\u00a0\u00bb, tels sont les propos de Juan Branco \u00e0 l&rsquo;entame de son intervention, lors de la conf\u00e9rence qu&rsquo;il a coanim\u00e9 avec Me Bamba Ciss\u00e9. Ces d\u00e9clarations font r\u00e9f\u00e9rence \u00e0 l&rsquo;interdiction du recteur de l&rsquo;Ucad de tenir cette rencontre au sein de l&rsquo;Universit\u00e9 Cheikh Anta Diop de Dakar, finalement tenue au Cices. Avec des \u00e9clairecissements, comme pour dire que l&rsquo;avocat franco-espagnol n&rsquo;\u00e9tait pas tendre avec le recteur de l&rsquo;Ucad, au regard des propos susnomm\u00e9s. En outre, me Branco a tenu \u00e0 rappeler les sacrifices consentis par une frange de la population s\u00e9n\u00e9galaise pour lib\u00e9rer le peuple sous le joug d&rsquo;un pouvoir qui ne reculait devant rien. \u00a0\u00bb Soixante (60) enfants et adultes sont morts d\u2019un cri rauque qui r\u00e9clamaient souverainet\u00e9 et il parut essentielle de commencer cette prise de parole par une pens\u00e9e \u00e0 leur \u00e9gard et l\u2019affirmation d\u2019une certitude \u00e0 l\u2019\u00e9gard de leurs proches, ils ne seront pas oubli\u00e9s\u00a0\u00bb, a promis l&rsquo;ancien pensionnaire de Rebeuss. Toujours dans sa prise de parole, Juan Branco est revenu sur la relation des faits de sa \u00ab\u00a0capture\u00a0\u00bb en Mauritanie et amen\u00e9 manu militari \u00e0 Dakar, pour \u00eatre enferm\u00e9 \u00e0 la Mac de Rebeuss. \u00ab\u00a0Je viens \u00e0 un pays o\u00f9 ceux\u00a0 qui m\u2019ont fait kidnapp\u00e9 \u00e0 300 kilom\u00e8tres de la fronti\u00e8re s\u00e9n\u00e9galaise, en plein c\u0153ur de la Mauritanie, ont formellement encore entre leurs mains le pouvoir de me faire arr\u00eater enfermer, expulser. J\u2019\u00e9tais a mon arriv\u00e9 soumis a un contr\u00f4le approfondi de mon identit\u00e9. J\u2019\u00e9tais venu en ami simple, sans privil\u00e8ge, sans invitation des autorit\u00e9s, mais par deux personnes qui ont connu les ge\u00f4les et qui sont pour moi des h\u00e9ros de l\u2019humanit\u00e9\u00a0\u00bb a dit me Branco faisant r\u00e9f\u00e9rence \u00e0 Ousmane Sonko et Bassirou Diomaye Faye. Avec un langage charg\u00e9 de symbolisme et usant de m\u00e9taphores , Juan Branco dira, \u00ab\u00a0en ce pays que je consid\u00e8re aujourd\u2019hui, mien, ceux qui ont ob\u00e9i n\u2019ont pas \u00e9t\u00e9 encore sanctionn\u00e9s et celui qui a ordonn\u00e9 que la mort se repende par des violences politiques a \u00e9t\u00e9 en mesure de quitter le territoire en jet priv\u00e9 et de jouir aujourd\u2019hui encore de son impunit\u00e9. Je suis venu aujourd\u2019hui \u00e0 \u00e9galit\u00e9 avec des confr\u00e8res qui comme moi se sont sacrifi\u00e9s, tendis qu\u2019en face on payait jusqu\u2019\u00e0 100 mille euros l\u2019audience \u00e0 des fran\u00e7ais, des sorciers blancs, pour venir l\u00e9gitimer la r\u00e9pression, et la violence qui s\u2019abattait sur un peuple. Et j\u2019ai vu des confr\u00e8res accepter cet argent pour l\u00e9gitimer la mort, l\u2019emprisonnement, la d\u00e9tention de citoyens innocents\u00a0\u00bb.\" \/>\n<meta property=\"og:url\" content=\"https:\/\/www.public.sn\/index.php\/2024\/06\/07\/juan-branco-me-bamba-cisse-en-conference-lavocat-franco-espagnol-vide-son-sac-pour-sa-presence-au-senegal\/\" \/>\n<meta property=\"og:site_name\" content=\"LE PUBLIC\" \/>\n<meta property=\"article:published_time\" content=\"2024-06-07T12:14:21+00:00\" \/>\n<meta property=\"og:image\" content=\"https:\/\/www.public.sn\/wp-content\/uploads\/2024\/06\/Branco.jpeg\" \/>\n\t<meta property=\"og:image:width\" content=\"800\" \/>\n\t<meta property=\"og:image:height\" content=\"511\" \/>\n\t<meta property=\"og:image:type\" content=\"image\/jpeg\" \/>\n<meta name=\"author\" content=\"Baye Amath THIAM\" \/>\n<meta name=\"twitter:card\" content=\"summary_large_image\" \/>\n<meta name=\"twitter:label1\" content=\"\u00c9crit par\" \/>\n\t<meta name=\"twitter:data1\" content=\"Baye Amath THIAM\" \/>\n\t<meta name=\"twitter:label2\" content=\"Dur\u00e9e de lecture estim\u00e9e\" \/>\n\t<meta name=\"twitter:data2\" content=\"3 minutes\" \/>\n<script type=\"application\/ld+json\" class=\"yoast-schema-graph\">{\"@context\":\"https:\/\/schema.org\",\"@graph\":[{\"@type\":\"Article\",\"@id\":\"https:\/\/www.public.sn\/index.php\/2024\/06\/07\/juan-branco-me-bamba-cisse-en-conference-lavocat-franco-espagnol-vide-son-sac-pour-sa-presence-au-senegal\/#article\",\"isPartOf\":{\"@id\":\"https:\/\/www.public.sn\/index.php\/2024\/06\/07\/juan-branco-me-bamba-cisse-en-conference-lavocat-franco-espagnol-vide-son-sac-pour-sa-presence-au-senegal\/\"},\"author\":{\"name\":\"Baye Amath THIAM\",\"@id\":\"https:\/\/www.public.sn\/#\/schema\/person\/f77cd9ce05d8fb925eb038378ee6899d\"},\"headline\":\"Juan Branco-Me Bamba Ciss\u00e9 en conf\u00e9rence : l&rsquo;avocat franco-espagnol vide son sac pour sa pr\u00e9sence au s\u00e9n\u00e9gal\",\"datePublished\":\"2024-06-07T12:14:21+00:00\",\"mainEntityOfPage\":{\"@id\":\"https:\/\/www.public.sn\/index.php\/2024\/06\/07\/juan-branco-me-bamba-cisse-en-conference-lavocat-franco-espagnol-vide-son-sac-pour-sa-presence-au-senegal\/\"},\"wordCount\":569,\"commentCount\":0,\"publisher\":{\"@id\":\"https:\/\/www.public.sn\/#organization\"},\"image\":{\"@id\":\"https:\/\/www.public.sn\/index.php\/2024\/06\/07\/juan-branco-me-bamba-cisse-en-conference-lavocat-franco-espagnol-vide-son-sac-pour-sa-presence-au-senegal\/#primaryimage\"},\"thumbnailUrl\":\"https:\/\/www.public.sn\/wp-content\/uploads\/2024\/06\/Branco.jpeg\",\"keywords\":[\"au sein de l'Universit\u00e9 Cheikh Anta Diop de Dakar\",\"finalement tenue au Cices.\",\"Juan Branco\",\"la conf\u00e9rence de presse organis\u00e9\",\"me bamba cisse\",\"Ousmane Sonko et Bassirou Diomaye Faye.\"],\"articleSection\":[\"ACTUALIT\u00c9S\",\"AFRIQUE &amp; MONDE\",\"\u00c9DUCATION\",\"internationale\",\"justice\",\"S\u00c9CURIT\u00c9 &amp; JUSTICE\",\"S\u00c9N\u00c9GAL\"],\"inLanguage\":\"fr-FR\",\"potentialAction\":[{\"@type\":\"CommentAction\",\"name\":\"Comment\",\"target\":[\"https:\/\/www.public.sn\/index.php\/2024\/06\/07\/juan-branco-me-bamba-cisse-en-conference-lavocat-franco-espagnol-vide-son-sac-pour-sa-presence-au-senegal\/#respond\"]}]},{\"@type\":\"WebPage\",\"@id\":\"https:\/\/www.public.sn\/index.php\/2024\/06\/07\/juan-branco-me-bamba-cisse-en-conference-lavocat-franco-espagnol-vide-son-sac-pour-sa-presence-au-senegal\/\",\"url\":\"https:\/\/www.public.sn\/index.php\/2024\/06\/07\/juan-branco-me-bamba-cisse-en-conference-lavocat-franco-espagnol-vide-son-sac-pour-sa-presence-au-senegal\/\",\"name\":\"Juan Branco-Me Bamba Ciss\u00e9 en conf\u00e9rence : l'avocat franco-espagnol vide son sac pour sa pr\u00e9sence au s\u00e9n\u00e9gal - LE PUBLIC\",\"isPartOf\":{\"@id\":\"https:\/\/www.public.sn\/#website\"},\"primaryImageOfPage\":{\"@id\":\"https:\/\/www.public.sn\/index.php\/2024\/06\/07\/juan-branco-me-bamba-cisse-en-conference-lavocat-franco-espagnol-vide-son-sac-pour-sa-presence-au-senegal\/#primaryimage\"},\"image\":{\"@id\":\"https:\/\/www.public.sn\/index.php\/2024\/06\/07\/juan-branco-me-bamba-cisse-en-conference-lavocat-franco-espagnol-vide-son-sac-pour-sa-presence-au-senegal\/#primaryimage\"},\"thumbnailUrl\":\"https:\/\/www.public.sn\/wp-content\/uploads\/2024\/06\/Branco.jpeg\",\"datePublished\":\"2024-06-07T12:14:21+00:00\",\"breadcrumb\":{\"@id\":\"https:\/\/www.public.sn\/index.php\/2024\/06\/07\/juan-branco-me-bamba-cisse-en-conference-lavocat-franco-espagnol-vide-son-sac-pour-sa-presence-au-senegal\/#breadcrumb\"},\"inLanguage\":\"fr-FR\",\"potentialAction\":[{\"@type\":\"ReadAction\",\"target\":[\"https:\/\/www.public.sn\/index.php\/2024\/06\/07\/juan-branco-me-bamba-cisse-en-conference-lavocat-franco-espagnol-vide-son-sac-pour-sa-presence-au-senegal\/\"]}]},{\"@type\":\"ImageObject\",\"inLanguage\":\"fr-FR\",\"@id\":\"https:\/\/www.public.sn\/index.php\/2024\/06\/07\/juan-branco-me-bamba-cisse-en-conference-lavocat-franco-espagnol-vide-son-sac-pour-sa-presence-au-senegal\/#primaryimage\",\"url\":\"https:\/\/www.public.sn\/wp-content\/uploads\/2024\/06\/Branco.jpeg\",\"contentUrl\":\"https:\/\/www.public.sn\/wp-content\/uploads\/2024\/06\/Branco.jpeg\",\"width\":800,\"height\":511},{\"@type\":\"BreadcrumbList\",\"@id\":\"https:\/\/www.public.sn\/index.php\/2024\/06\/07\/juan-branco-me-bamba-cisse-en-conference-lavocat-franco-espagnol-vide-son-sac-pour-sa-presence-au-senegal\/#breadcrumb\",\"itemListElement\":[{\"@type\":\"ListItem\",\"position\":1,\"name\":\"Accueil\",\"item\":\"https:\/\/www.public.sn\/\"},{\"@type\":\"ListItem\",\"position\":2,\"name\":\"Juan Branco-Me Bamba Ciss\u00e9 en conf\u00e9rence : l&rsquo;avocat franco-espagnol vide son sac pour sa pr\u00e9sence au s\u00e9n\u00e9gal\"}]},{\"@type\":\"WebSite\",\"@id\":\"https:\/\/www.public.sn\/#website\",\"url\":\"https:\/\/www.public.sn\/\",\"name\":\"LE PUBLIC\",\"description\":\"\",\"publisher\":{\"@id\":\"https:\/\/www.public.sn\/#organization\"},\"potentialAction\":[{\"@type\":\"SearchAction\",\"target\":{\"@type\":\"EntryPoint\",\"urlTemplate\":\"https:\/\/www.public.sn\/?s={search_term_string}\"},\"query-input\":{\"@type\":\"PropertyValueSpecification\",\"valueRequired\":true,\"valueName\":\"search_term_string\"}}],\"inLanguage\":\"fr-FR\"},{\"@type\":\"Organization\",\"@id\":\"https:\/\/www.public.sn\/#organization\",\"name\":\"LE PUBLIC\",\"url\":\"https:\/\/www.public.sn\/\",\"logo\":{\"@type\":\"ImageObject\",\"inLanguage\":\"fr-FR\",\"@id\":\"https:\/\/www.public.sn\/#\/schema\/logo\/image\/\",\"url\":\"https:\/\/www.public.sn\/wp-content\/uploads\/2024\/05\/cropped-LOGO-PUBLIC.SN_.png\",\"contentUrl\":\"https:\/\/www.public.sn\/wp-content\/uploads\/2024\/05\/cropped-LOGO-PUBLIC.SN_.png\",\"width\":682,\"height\":192,\"caption\":\"LE PUBLIC\"},\"image\":{\"@id\":\"https:\/\/www.public.sn\/#\/schema\/logo\/image\/\"}},{\"@type\":\"Person\",\"@id\":\"https:\/\/www.public.sn\/#\/schema\/person\/f77cd9ce05d8fb925eb038378ee6899d\",\"name\":\"Baye Amath THIAM\",\"image\":{\"@type\":\"ImageObject\",\"inLanguage\":\"fr-FR\",\"@id\":\"https:\/\/www.public.sn\/#\/schema\/person\/image\/\",\"url\":\"https:\/\/secure.gravatar.com\/avatar\/7eb863ef1336b6f8a2ad921469701e52f094a61c698fab02f5af742ed813612d?s=96&d=mm&r=g\",\"contentUrl\":\"https:\/\/secure.gravatar.com\/avatar\/7eb863ef1336b6f8a2ad921469701e52f094a61c698fab02f5af742ed813612d?s=96&d=mm&r=g\",\"caption\":\"Baye Amath THIAM\"},\"url\":\"https:\/\/www.public.sn\/index.php\/author\/thiamba24\/\"}]}<\/script>\n<!-- \/ Yoast SEO plugin. -->","yoast_head_json":{"title":"Juan Branco-Me Bamba Ciss\u00e9 en conf\u00e9rence : l'avocat franco-espagnol vide son sac pour sa pr\u00e9sence au s\u00e9n\u00e9gal - LE PUBLIC","robots":{"index":"index","follow":"follow","max-snippet":"max-snippet:-1","max-image-preview":"max-image-preview:large","max-video-preview":"max-video-preview:-1"},"canonical":"https:\/\/www.public.sn\/index.php\/2024\/06\/07\/juan-branco-me-bamba-cisse-en-conference-lavocat-franco-espagnol-vide-son-sac-pour-sa-presence-au-senegal\/","og_locale":"fr_FR","og_type":"article","og_title":"Juan Branco-Me Bamba Ciss\u00e9 en conf\u00e9rence : l'avocat franco-espagnol vide son sac pour sa pr\u00e9sence au s\u00e9n\u00e9gal - LE PUBLIC","og_description":"A l&rsquo;occasion de la conf\u00e9rence de presse organis\u00e9, l&rsquo;avocat fran\u00e7ais et son homologue Me Bamba Ciss\u00e9; Juan Branco se fait remarqu\u00e9: \u00ab\u00a0Je ne viens pas vous apaiser comme je l\u2019esp\u00e9rais, car nous avons eu droit \u00e0 quelques heures \u00e0 peine, \u00e0 l\u2019expression la plus directe et spectaculaire de la subsistance de l\u2019ennemi. Une subsistance bravade, pitoyable, cr\u00e9pusculaire. L\u2019\u00eatre qui a un an durant a priv\u00e9 les \u00e9tudiants de la plus prestigieuse universit\u00e9 du continent sur instruction politique de leur acc\u00e8s \u00e0 leur campus a pu aujourd\u2019hui encore de l\u2019interdiction de cette conf\u00e9rence et de cette prise de parole\u00a0\u00bb, tels sont les propos de Juan Branco \u00e0 l&rsquo;entame de son intervention, lors de la conf\u00e9rence qu&rsquo;il a coanim\u00e9 avec Me Bamba Ciss\u00e9. Ces d\u00e9clarations font r\u00e9f\u00e9rence \u00e0 l&rsquo;interdiction du recteur de l&rsquo;Ucad de tenir cette rencontre au sein de l&rsquo;Universit\u00e9 Cheikh Anta Diop de Dakar, finalement tenue au Cices. Avec des \u00e9clairecissements, comme pour dire que l&rsquo;avocat franco-espagnol n&rsquo;\u00e9tait pas tendre avec le recteur de l&rsquo;Ucad, au regard des propos susnomm\u00e9s. En outre, me Branco a tenu \u00e0 rappeler les sacrifices consentis par une frange de la population s\u00e9n\u00e9galaise pour lib\u00e9rer le peuple sous le joug d&rsquo;un pouvoir qui ne reculait devant rien. \u00a0\u00bb Soixante (60) enfants et adultes sont morts d\u2019un cri rauque qui r\u00e9clamaient souverainet\u00e9 et il parut essentielle de commencer cette prise de parole par une pens\u00e9e \u00e0 leur \u00e9gard et l\u2019affirmation d\u2019une certitude \u00e0 l\u2019\u00e9gard de leurs proches, ils ne seront pas oubli\u00e9s\u00a0\u00bb, a promis l&rsquo;ancien pensionnaire de Rebeuss. Toujours dans sa prise de parole, Juan Branco est revenu sur la relation des faits de sa \u00ab\u00a0capture\u00a0\u00bb en Mauritanie et amen\u00e9 manu militari \u00e0 Dakar, pour \u00eatre enferm\u00e9 \u00e0 la Mac de Rebeuss. \u00ab\u00a0Je viens \u00e0 un pays o\u00f9 ceux\u00a0 qui m\u2019ont fait kidnapp\u00e9 \u00e0 300 kilom\u00e8tres de la fronti\u00e8re s\u00e9n\u00e9galaise, en plein c\u0153ur de la Mauritanie, ont formellement encore entre leurs mains le pouvoir de me faire arr\u00eater enfermer, expulser. J\u2019\u00e9tais a mon arriv\u00e9 soumis a un contr\u00f4le approfondi de mon identit\u00e9. J\u2019\u00e9tais venu en ami simple, sans privil\u00e8ge, sans invitation des autorit\u00e9s, mais par deux personnes qui ont connu les ge\u00f4les et qui sont pour moi des h\u00e9ros de l\u2019humanit\u00e9\u00a0\u00bb a dit me Branco faisant r\u00e9f\u00e9rence \u00e0 Ousmane Sonko et Bassirou Diomaye Faye. Avec un langage charg\u00e9 de symbolisme et usant de m\u00e9taphores , Juan Branco dira, \u00ab\u00a0en ce pays que je consid\u00e8re aujourd\u2019hui, mien, ceux qui ont ob\u00e9i n\u2019ont pas \u00e9t\u00e9 encore sanctionn\u00e9s et celui qui a ordonn\u00e9 que la mort se repende par des violences politiques a \u00e9t\u00e9 en mesure de quitter le territoire en jet priv\u00e9 et de jouir aujourd\u2019hui encore de son impunit\u00e9. Je suis venu aujourd\u2019hui \u00e0 \u00e9galit\u00e9 avec des confr\u00e8res qui comme moi se sont sacrifi\u00e9s, tendis qu\u2019en face on payait jusqu\u2019\u00e0 100 mille euros l\u2019audience \u00e0 des fran\u00e7ais, des sorciers blancs, pour venir l\u00e9gitimer la r\u00e9pression, et la violence qui s\u2019abattait sur un peuple. Et j\u2019ai vu des confr\u00e8res accepter cet argent pour l\u00e9gitimer la mort, l\u2019emprisonnement, la d\u00e9tention de citoyens innocents\u00a0\u00bb.","og_url":"https:\/\/www.public.sn\/index.php\/2024\/06\/07\/juan-branco-me-bamba-cisse-en-conference-lavocat-franco-espagnol-vide-son-sac-pour-sa-presence-au-senegal\/","og_site_name":"LE PUBLIC","article_published_time":"2024-06-07T12:14:21+00:00","og_image":[{"width":800,"height":511,"url":"https:\/\/www.public.sn\/wp-content\/uploads\/2024\/06\/Branco.jpeg","type":"image\/jpeg"}],"author":"Baye Amath THIAM","twitter_card":"summary_large_image","twitter_misc":{"\u00c9crit par":"Baye Amath THIAM","Dur\u00e9e de lecture estim\u00e9e":"3 minutes"},"schema":{"@context":"https:\/\/schema.org","@graph":[{"@type":"Article","@id":"https:\/\/www.public.sn\/index.php\/2024\/06\/07\/juan-branco-me-bamba-cisse-en-conference-lavocat-franco-espagnol-vide-son-sac-pour-sa-presence-au-senegal\/#article","isPartOf":{"@id":"https:\/\/www.public.sn\/index.php\/2024\/06\/07\/juan-branco-me-bamba-cisse-en-conference-lavocat-franco-espagnol-vide-son-sac-pour-sa-presence-au-senegal\/"},"author":{"name":"Baye Amath THIAM","@id":"https:\/\/www.public.sn\/#\/schema\/person\/f77cd9ce05d8fb925eb038378ee6899d"},"headline":"Juan Branco-Me Bamba Ciss\u00e9 en conf\u00e9rence : l&rsquo;avocat franco-espagnol vide son sac pour sa pr\u00e9sence au s\u00e9n\u00e9gal","datePublished":"2024-06-07T12:14:21+00:00","mainEntityOfPage":{"@id":"https:\/\/www.public.sn\/index.php\/2024\/06\/07\/juan-branco-me-bamba-cisse-en-conference-lavocat-franco-espagnol-vide-son-sac-pour-sa-presence-au-senegal\/"},"wordCount":569,"commentCount":0,"publisher":{"@id":"https:\/\/www.public.sn\/#organization"},"image":{"@id":"https:\/\/www.public.sn\/index.php\/2024\/06\/07\/juan-branco-me-bamba-cisse-en-conference-lavocat-franco-espagnol-vide-son-sac-pour-sa-presence-au-senegal\/#primaryimage"},"thumbnailUrl":"https:\/\/www.public.sn\/wp-content\/uploads\/2024\/06\/Branco.jpeg","keywords":["au sein de l'Universit\u00e9 Cheikh Anta Diop de Dakar","finalement tenue au Cices.","Juan Branco","la conf\u00e9rence de presse organis\u00e9","me bamba cisse","Ousmane Sonko et Bassirou Diomaye Faye."],"articleSection":["ACTUALIT\u00c9S","AFRIQUE &amp; MONDE","\u00c9DUCATION","internationale","justice","S\u00c9CURIT\u00c9 &amp; JUSTICE","S\u00c9N\u00c9GAL"],"inLanguage":"fr-FR","potentialAction":[{"@type":"CommentAction","name":"Comment","target":["https:\/\/www.public.sn\/index.php\/2024\/06\/07\/juan-branco-me-bamba-cisse-en-conference-lavocat-franco-espagnol-vide-son-sac-pour-sa-presence-au-senegal\/#respond"]}]},{"@type":"WebPage","@id":"https:\/\/www.public.sn\/index.php\/2024\/06\/07\/juan-branco-me-bamba-cisse-en-conference-lavocat-franco-espagnol-vide-son-sac-pour-sa-presence-au-senegal\/","url":"https:\/\/www.public.sn\/index.php\/2024\/06\/07\/juan-branco-me-bamba-cisse-en-conference-lavocat-franco-espagnol-vide-son-sac-pour-sa-presence-au-senegal\/","name":"Juan Branco-Me Bamba Ciss\u00e9 en conf\u00e9rence : l'avocat franco-espagnol vide son sac pour sa pr\u00e9sence au s\u00e9n\u00e9gal - LE PUBLIC","isPartOf":{"@id":"https:\/\/www.public.sn\/#website"},"primaryImageOfPage":{"@id":"https:\/\/www.public.sn\/index.php\/2024\/06\/07\/juan-branco-me-bamba-cisse-en-conference-lavocat-franco-espagnol-vide-son-sac-pour-sa-presence-au-senegal\/#primaryimage"},"image":{"@id":"https:\/\/www.public.sn\/index.php\/2024\/06\/07\/juan-branco-me-bamba-cisse-en-conference-lavocat-franco-espagnol-vide-son-sac-pour-sa-presence-au-senegal\/#primaryimage"},"thumbnailUrl":"https:\/\/www.public.sn\/wp-content\/uploads\/2024\/06\/Branco.jpeg","datePublished":"2024-06-07T12:14:21+00:00","breadcrumb":{"@id":"https:\/\/www.public.sn\/index.php\/2024\/06\/07\/juan-branco-me-bamba-cisse-en-conference-lavocat-franco-espagnol-vide-son-sac-pour-sa-presence-au-senegal\/#breadcrumb"},"inLanguage":"fr-FR","potentialAction":[{"@type":"ReadAction","target":["https:\/\/www.public.sn\/index.php\/2024\/06\/07\/juan-branco-me-bamba-cisse-en-conference-lavocat-franco-espagnol-vide-son-sac-pour-sa-presence-au-senegal\/"]}]},{"@type":"ImageObject","inLanguage":"fr-FR","@id":"https:\/\/www.public.sn\/index.php\/2024\/06\/07\/juan-branco-me-bamba-cisse-en-conference-lavocat-franco-espagnol-vide-son-sac-pour-sa-presence-au-senegal\/#primaryimage","url":"https:\/\/www.public.sn\/wp-content\/uploads\/2024\/06\/Branco.jpeg","contentUrl":"https:\/\/www.public.sn\/wp-content\/uploads\/2024\/06\/Branco.jpeg","width":800,"height":511},{"@type":"BreadcrumbList","@id":"https:\/\/www.public.sn\/index.php\/2024\/06\/07\/juan-branco-me-bamba-cisse-en-conference-lavocat-franco-espagnol-vide-son-sac-pour-sa-presence-au-senegal\/#breadcrumb","itemListElement":[{"@type":"ListItem","position":1,"name":"Accueil","item":"https:\/\/www.public.sn\/"},{"@type":"ListItem","position":2,"name":"Juan Branco-Me Bamba Ciss\u00e9 en conf\u00e9rence : l&rsquo;avocat franco-espagnol vide son sac pour sa pr\u00e9sence au s\u00e9n\u00e9gal"}]},{"@type":"WebSite","@id":"https:\/\/www.public.sn\/#website","url":"https:\/\/www.public.sn\/","name":"LE PUBLIC","description":"","publisher":{"@id":"https:\/\/www.public.sn\/#organization"},"potentialAction":[{"@type":"SearchAction","target":{"@type":"EntryPoint","urlTemplate":"https:\/\/www.public.sn\/?s={search_term_string}"},"query-input":{"@type":"PropertyValueSpecification","valueRequired":true,"valueName":"search_term_string"}}],"inLanguage":"fr-FR"},{"@type":"Organization","@id":"https:\/\/www.public.sn\/#organization","name":"LE PUBLIC","url":"https:\/\/www.public.sn\/","logo":{"@type":"ImageObject","inLanguage":"fr-FR","@id":"https:\/\/www.public.sn\/#\/schema\/logo\/image\/","url":"https:\/\/www.public.sn\/wp-content\/uploads\/2024\/05\/cropped-LOGO-PUBLIC.SN_.png","contentUrl":"https:\/\/www.public.sn\/wp-content\/uploads\/2024\/05\/cropped-LOGO-PUBLIC.SN_.png","width":682,"height":192,"caption":"LE PUBLIC"},"image":{"@id":"https:\/\/www.public.sn\/#\/schema\/logo\/image\/"}},{"@type":"Person","@id":"https:\/\/www.public.sn\/#\/schema\/person\/f77cd9ce05d8fb925eb038378ee6899d","name":"Baye Amath THIAM","image":{"@type":"ImageObject","inLanguage":"fr-FR","@id":"https:\/\/www.public.sn\/#\/schema\/person\/image\/","url":"https:\/\/secure.gravatar.com\/avatar\/7eb863ef1336b6f8a2ad921469701e52f094a61c698fab02f5af742ed813612d?s=96&d=mm&r=g","contentUrl":"https:\/\/secure.gravatar.com\/avatar\/7eb863ef1336b6f8a2ad921469701e52f094a61c698fab02f5af742ed813612d?s=96&d=mm&r=g","caption":"Baye Amath THIAM"},"url":"https:\/\/www.public.sn\/index.php\/author\/thiamba24\/"}]}},"jetpack_featured_media_url":"https:\/\/www.public.sn\/wp-content\/uploads\/2024\/06\/Branco.jpeg","jetpack_sharing_enabled":true,"_links":{"self":[{"href":"https:\/\/www.public.sn\/index.php\/wp-json\/wp\/v2\/posts\/33203","targetHints":{"allow":["GET"]}}],"collection":[{"href":"https:\/\/www.public.sn\/index.php\/wp-json\/wp\/v2\/posts"}],"about":[{"href":"https:\/\/www.public.sn\/index.php\/wp-json\/wp\/v2\/types\/post"}],"author":[{"embeddable":true,"href":"https:\/\/www.public.sn\/index.php\/wp-json\/wp\/v2\/users\/15"}],"replies":[{"embeddable":true,"href":"https:\/\/www.public.sn\/index.php\/wp-json\/wp\/v2\/comments?post=33203"}],"version-history":[{"count":1,"href":"https:\/\/www.public.sn\/index.php\/wp-json\/wp\/v2\/posts\/33203\/revisions"}],"predecessor-version":[{"id":33211,"href":"https:\/\/www.public.sn\/index.php\/wp-json\/wp\/v2\/posts\/33203\/revisions\/33211"}],"wp:featuredmedia":[{"embeddable":true,"href":"https:\/\/www.public.sn\/index.php\/wp-json\/wp\/v2\/media\/33210"}],"wp:attachment":[{"href":"https:\/\/www.public.sn\/index.php\/wp-json\/wp\/v2\/media?parent=33203"}],"wp:term":[{"taxonomy":"category","embeddable":true,"href":"https:\/\/www.public.sn\/index.php\/wp-json\/wp\/v2\/categories?post=33203"},{"taxonomy":"post_tag","embeddable":true,"href":"https:\/\/www.public.sn\/index.php\/wp-json\/wp\/v2\/tags?post=33203"}],"curies":[{"name":"wp","href":"https:\/\/api.w.org\/{rel}","templated":true}]}}