{"id":33237,"date":"2024-06-07T17:27:42","date_gmt":"2024-06-07T17:27:42","guid":{"rendered":"https:\/\/www.public.sn\/?p=33237"},"modified":"2024-06-07T17:27:42","modified_gmt":"2024-06-07T17:27:42","slug":"alioune-tine-surcharge-de-legitimite-et-etat-pastefien","status":"publish","type":"post","link":"https:\/\/www.public.sn\/index.php\/2024\/06\/07\/alioune-tine-surcharge-de-legitimite-et-etat-pastefien\/","title":{"rendered":"Alioune Tine: \u00ab\u00a0Surcharge de l\u00e9gitimit\u00e9\u00a0\u00bb et \u00a0\u00bb Etat pastefien\u00a0\u00bb"},"content":{"rendered":"<p>Alioune Tine met en garde contre la surcharge de l\u00e9gitimit\u00e9 et un probable \u00c9tat past\u00e9fien. En deux mois d&rsquo;exercice au pouvoir, la rupture de syst\u00e8me annonc\u00e9e par le gouvernement du pr\u00e9sident Bassirou Diomaye Faye reste un effet d&rsquo;annonce. D\u00e9rogeant \u00e0 la r\u00e8gle des 100 jours, Alioune Tine s&rsquo;interroge sur les\u00a0 premiers actes pos\u00e9s par le nouveau r\u00e9gime.<\/p><div class=\"publi-paragraphe1\" style=\"margin-top: 10px;margin-bottom: 10px;margin-left: auto;margin-right: auto;text-align: center;\" id=\"publi-2383646989\"><div class=\"publi-adlabel\">Publicit\u00e9<\/div><script async src=\"\/\/pagead2.googlesyndication.com\/pagead\/js\/adsbygoogle.js?client=ca-pub-4089586018074219\" crossorigin=\"anonymous\"><\/script><ins class=\"adsbygoogle\" style=\"display:block;\" data-ad-client=\"ca-pub-4089586018074219\" \ndata-ad-slot=\"2087940154\" \ndata-ad-format=\"auto\"><\/ins>\n<script> \n(adsbygoogle = window.adsbygoogle || []).push({}); \n<\/script>\n<\/div>\n<p>Lors d&rsquo;une table ronde organis\u00e9e par l&rsquo;Association S\u00e9n\u00e9galaise de Droit Constitutionnel (A.S.D.C), le fondateur d&rsquo;Afrikajom center \u00e9voque un syst\u00e8me entrain de phagocyter l&rsquo;anti-syst\u00e8me. Apr\u00e8s la nomination de plusieurs past\u00e9fiens \u00e0 des postes cl\u00e9s, il affirme\u00a0 qu&rsquo;un probable \u00ab\u00a0\u00e9tat past\u00e9fien\u00a0\u00bb se met en place petit \u00e0 petit en ces mots: \u00ab Pour en venir \u00e0 l\u2019id\u00e9al d\u2019un gouvernement d\u00e9mocratique qui est notre plus grand d\u00e9fi, il nous faut un \u00c9tat neutre, impartial pour que le crit\u00e8re de la transparence et de l\u2019\u00e9galit\u00e9 des citoyens puisse \u00eatre respect\u00e9. De mon point de vue, apr\u00e8s avoir assist\u00e9 \u00e0 ce qu\u2019on peut appeler un \u00c9tat agressif, nous n\u2019avons pas l\u2019impression d\u2019avoir tourn\u00e9 la page de l\u2019\u00c9tat-partisan. On a l\u2019impression qu\u2019il se met en place petit \u00e0 petit un \u00c9tat pastefien. Le d\u00e9fi c\u2019est de voir comment on peut traverser cette nouvelle mutation de la d\u00e9mocratie, et ne pas r\u00e9duire notre d\u00e9mocratie \u00e0 une d\u00e9mocratie \u00e9lectorale. Et ne pas r\u00e9duire la l\u00e9gitimit\u00e9 \u00e0 une seule l\u00e9gitimit\u00e9 de ceux qui sont \u00e9lus. Il y a de nouvelles l\u00e9gitimit\u00e9s qui \u00e9mergent, qui sont fortes \u00bb.<\/p>\n<p>L&rsquo;acteur cl\u00e9 dans la r\u00e9solution de la crise politico-\u00e9lectorale de f\u00e9vrier-mars 2024 met l&rsquo;accent sur une dualit\u00e9 au sein du pouvoir entre le pr\u00e9sident Bassirou Diomaye Faye avec une cons\u00e9quente dette politique sur les \u00e9paules et le premier ministre Ousmane Sonko qui est en surcharge de l\u00e9gitimit\u00e9. Il d\u00e9c\u00e8le ainsi une faille dans le r\u00e9gime pr\u00e9sent plongeant le pays dans l&rsquo;abime.<\/p>\n<div class=\"publi-apres-le-contenu\" style=\"margin-top: 10px;margin-bottom: 10px;margin-left: auto;margin-right: auto;text-align: center;\" id=\"publi-2686317491\"><div class=\"publi-adlabel\">Publicit\u00e9<\/div><script async src=\"\/\/pagead2.googlesyndication.com\/pagead\/js\/adsbygoogle.js?client=ca-pub-4089586018074219\" crossorigin=\"anonymous\"><\/script><ins class=\"adsbygoogle\" style=\"display:block;\" data-ad-client=\"ca-pub-4089586018074219\" \ndata-ad-slot=\"2087940154\" \ndata-ad-format=\"auto\"><\/ins>\n<script> \n(adsbygoogle = window.adsbygoogle || []).push({}); \n<\/script>\n<\/div>","protected":false},"excerpt":{"rendered":"<p>Alioune Tine met en garde contre la surcharge de l\u00e9gitimit\u00e9 et un probable \u00c9tat past\u00e9fien. En deux mois d&rsquo;exercice au pouvoir, la rupture de syst\u00e8me annonc\u00e9e par le gouvernement du pr\u00e9sident Bassirou Diomaye Faye reste un effet d&rsquo;annonce. D\u00e9rogeant \u00e0 la r\u00e8gle des 100 jours, Alioune Tine s&rsquo;interroge sur les\u00a0 premiers actes pos\u00e9s par le nouveau r\u00e9gime. Lors d&rsquo;une table ronde organis\u00e9e par l&rsquo;Association S\u00e9n\u00e9galaise de Droit Constitutionnel (A.S.D.C), le fondateur d&rsquo;Afrikajom center \u00e9voque un syst\u00e8me entrain de phagocyter l&rsquo;anti-syst\u00e8me. Apr\u00e8s la nomination de plusieurs past\u00e9fiens \u00e0 des postes cl\u00e9s, il affirme\u00a0 qu&rsquo;un probable \u00ab\u00a0\u00e9tat past\u00e9fien\u00a0\u00bb se met en place petit \u00e0 petit en ces mots: \u00ab Pour en venir \u00e0 l\u2019id\u00e9al d\u2019un gouvernement d\u00e9mocratique qui est notre plus grand d\u00e9fi, il nous faut un \u00c9tat neutre, impartial pour que le crit\u00e8re de la transparence et de l\u2019\u00e9galit\u00e9 des citoyens puisse \u00eatre respect\u00e9. De mon point de vue, apr\u00e8s avoir assist\u00e9 \u00e0 ce qu\u2019on peut appeler un \u00c9tat agressif, nous n\u2019avons pas l\u2019impression d\u2019avoir tourn\u00e9 la page de l\u2019\u00c9tat-partisan. On a l\u2019impression qu\u2019il se met en place petit \u00e0 petit un \u00c9tat pastefien. Le d\u00e9fi c\u2019est de voir comment on peut traverser cette nouvelle mutation de la d\u00e9mocratie, et ne pas r\u00e9duire notre d\u00e9mocratie \u00e0 une d\u00e9mocratie \u00e9lectorale. Et ne pas r\u00e9duire la l\u00e9gitimit\u00e9 \u00e0 une seule l\u00e9gitimit\u00e9 de ceux qui sont \u00e9lus. Il y a de nouvelles l\u00e9gitimit\u00e9s qui \u00e9mergent, qui sont fortes \u00bb. L&rsquo;acteur cl\u00e9 dans la r\u00e9solution de la crise politico-\u00e9lectorale de f\u00e9vrier-mars 2024 met l&rsquo;accent sur une dualit\u00e9 au sein du pouvoir entre le pr\u00e9sident Bassirou Diomaye Faye avec une cons\u00e9quente dette politique sur les \u00e9paules et le premier ministre Ousmane Sonko qui est en surcharge de l\u00e9gitimit\u00e9. Il d\u00e9c\u00e8le ainsi une faille dans le r\u00e9gime pr\u00e9sent plongeant le pays dans l&rsquo;abime.<\/p>\n","protected":false},"author":15,"featured_media":33017,"comment_status":"open","ping_status":"open","sticky":false,"template":"","format":"standard","meta":{"_jetpack_memberships_contains_paid_content":false,"footnotes":""},"categories":[375,3,1,4],"tags":[5993,42,5992,16,5994],"class_list":["post-33237","post","type-post","status-publish","format-standard","has-post-thumbnail","hentry","category-actualites","category-politique","category-non-classe","category-societe","tag-a-s-d-c","tag-alioune-tine","tag-bassirou-d-faye","tag-ousmane-sonko","tag-pastefiens","entry","has-media","owp-thumbs-layout-horizontal","owp-btn-normal","owp-tabs-layout-horizontal","has-no-thumbnails","has-product-nav"],"yoast_head":"<!-- This site is optimized with the Yoast SEO plugin v25.5 - https:\/\/yoast.com\/wordpress\/plugins\/seo\/ -->\n<title>Alioune Tine: &quot;Surcharge de l\u00e9gitimit\u00e9&quot; et &quot; Etat pastefien&quot; - LE PUBLIC<\/title>\n<meta name=\"robots\" content=\"index, follow, max-snippet:-1, max-image-preview:large, max-video-preview:-1\" \/>\n<link rel=\"canonical\" href=\"https:\/\/www.public.sn\/index.php\/2024\/06\/07\/alioune-tine-surcharge-de-legitimite-et-etat-pastefien\/\" \/>\n<meta property=\"og:locale\" content=\"fr_FR\" \/>\n<meta property=\"og:type\" content=\"article\" \/>\n<meta property=\"og:title\" content=\"Alioune Tine: &quot;Surcharge de l\u00e9gitimit\u00e9&quot; et &quot; Etat pastefien&quot; - LE PUBLIC\" \/>\n<meta property=\"og:description\" content=\"Alioune Tine met en garde contre la surcharge de l\u00e9gitimit\u00e9 et un probable \u00c9tat past\u00e9fien. En deux mois d&rsquo;exercice au pouvoir, la rupture de syst\u00e8me annonc\u00e9e par le gouvernement du pr\u00e9sident Bassirou Diomaye Faye reste un effet d&rsquo;annonce. D\u00e9rogeant \u00e0 la r\u00e8gle des 100 jours, Alioune Tine s&rsquo;interroge sur les\u00a0 premiers actes pos\u00e9s par le nouveau r\u00e9gime. Lors d&rsquo;une table ronde organis\u00e9e par l&rsquo;Association S\u00e9n\u00e9galaise de Droit Constitutionnel (A.S.D.C), le fondateur d&rsquo;Afrikajom center \u00e9voque un syst\u00e8me entrain de phagocyter l&rsquo;anti-syst\u00e8me. Apr\u00e8s la nomination de plusieurs past\u00e9fiens \u00e0 des postes cl\u00e9s, il affirme\u00a0 qu&rsquo;un probable \u00ab\u00a0\u00e9tat past\u00e9fien\u00a0\u00bb se met en place petit \u00e0 petit en ces mots: \u00ab Pour en venir \u00e0 l\u2019id\u00e9al d\u2019un gouvernement d\u00e9mocratique qui est notre plus grand d\u00e9fi, il nous faut un \u00c9tat neutre, impartial pour que le crit\u00e8re de la transparence et de l\u2019\u00e9galit\u00e9 des citoyens puisse \u00eatre respect\u00e9. De mon point de vue, apr\u00e8s avoir assist\u00e9 \u00e0 ce qu\u2019on peut appeler un \u00c9tat agressif, nous n\u2019avons pas l\u2019impression d\u2019avoir tourn\u00e9 la page de l\u2019\u00c9tat-partisan. On a l\u2019impression qu\u2019il se met en place petit \u00e0 petit un \u00c9tat pastefien. Le d\u00e9fi c\u2019est de voir comment on peut traverser cette nouvelle mutation de la d\u00e9mocratie, et ne pas r\u00e9duire notre d\u00e9mocratie \u00e0 une d\u00e9mocratie \u00e9lectorale. Et ne pas r\u00e9duire la l\u00e9gitimit\u00e9 \u00e0 une seule l\u00e9gitimit\u00e9 de ceux qui sont \u00e9lus. Il y a de nouvelles l\u00e9gitimit\u00e9s qui \u00e9mergent, qui sont fortes \u00bb. L&rsquo;acteur cl\u00e9 dans la r\u00e9solution de la crise politico-\u00e9lectorale de f\u00e9vrier-mars 2024 met l&rsquo;accent sur une dualit\u00e9 au sein du pouvoir entre le pr\u00e9sident Bassirou Diomaye Faye avec une cons\u00e9quente dette politique sur les \u00e9paules et le premier ministre Ousmane Sonko qui est en surcharge de l\u00e9gitimit\u00e9. Il d\u00e9c\u00e8le ainsi une faille dans le r\u00e9gime pr\u00e9sent plongeant le pays dans l&rsquo;abime.\" \/>\n<meta property=\"og:url\" content=\"https:\/\/www.public.sn\/index.php\/2024\/06\/07\/alioune-tine-surcharge-de-legitimite-et-etat-pastefien\/\" \/>\n<meta property=\"og:site_name\" content=\"LE PUBLIC\" \/>\n<meta property=\"article:published_time\" content=\"2024-06-07T17:27:42+00:00\" \/>\n<meta property=\"og:image\" content=\"https:\/\/www.public.sn\/wp-content\/uploads\/2024\/05\/Alioune-Tine.png\" \/>\n\t<meta property=\"og:image:width\" content=\"1200\" \/>\n\t<meta property=\"og:image:height\" content=\"1000\" \/>\n\t<meta property=\"og:image:type\" content=\"image\/png\" \/>\n<meta name=\"author\" content=\"Baye Amath THIAM\" \/>\n<meta name=\"twitter:card\" content=\"summary_large_image\" \/>\n<meta name=\"twitter:label1\" content=\"\u00c9crit par\" \/>\n\t<meta name=\"twitter:data1\" content=\"Baye Amath THIAM\" \/>\n\t<meta name=\"twitter:label2\" content=\"Dur\u00e9e de lecture estim\u00e9e\" \/>\n\t<meta name=\"twitter:data2\" content=\"2 minutes\" \/>\n<script type=\"application\/ld+json\" class=\"yoast-schema-graph\">{\"@context\":\"https:\/\/schema.org\",\"@graph\":[{\"@type\":\"Article\",\"@id\":\"https:\/\/www.public.sn\/index.php\/2024\/06\/07\/alioune-tine-surcharge-de-legitimite-et-etat-pastefien\/#article\",\"isPartOf\":{\"@id\":\"https:\/\/www.public.sn\/index.php\/2024\/06\/07\/alioune-tine-surcharge-de-legitimite-et-etat-pastefien\/\"},\"author\":{\"name\":\"Baye Amath THIAM\",\"@id\":\"https:\/\/www.public.sn\/#\/schema\/person\/f77cd9ce05d8fb925eb038378ee6899d\"},\"headline\":\"Alioune Tine: \u00ab\u00a0Surcharge de l\u00e9gitimit\u00e9\u00a0\u00bb et \u00a0\u00bb Etat pastefien\u00a0\u00bb\",\"datePublished\":\"2024-06-07T17:27:42+00:00\",\"mainEntityOfPage\":{\"@id\":\"https:\/\/www.public.sn\/index.php\/2024\/06\/07\/alioune-tine-surcharge-de-legitimite-et-etat-pastefien\/\"},\"wordCount\":350,\"commentCount\":0,\"publisher\":{\"@id\":\"https:\/\/www.public.sn\/#organization\"},\"image\":{\"@id\":\"https:\/\/www.public.sn\/index.php\/2024\/06\/07\/alioune-tine-surcharge-de-legitimite-et-etat-pastefien\/#primaryimage\"},\"thumbnailUrl\":\"https:\/\/www.public.sn\/wp-content\/uploads\/2024\/05\/Alioune-Tine.png\",\"keywords\":[\"A.S.D.C\",\"Alioune Tine\",\"Bassirou D. Faye\",\"Ousmane Sonko\",\"past\u00e9fiens\"],\"articleSection\":[\"ACTUALIT\u00c9S\",\"POLITIQUE\",\"S\u00c9N\u00c9GAL\",\"SOCIETE\"],\"inLanguage\":\"fr-FR\",\"potentialAction\":[{\"@type\":\"CommentAction\",\"name\":\"Comment\",\"target\":[\"https:\/\/www.public.sn\/index.php\/2024\/06\/07\/alioune-tine-surcharge-de-legitimite-et-etat-pastefien\/#respond\"]}]},{\"@type\":\"WebPage\",\"@id\":\"https:\/\/www.public.sn\/index.php\/2024\/06\/07\/alioune-tine-surcharge-de-legitimite-et-etat-pastefien\/\",\"url\":\"https:\/\/www.public.sn\/index.php\/2024\/06\/07\/alioune-tine-surcharge-de-legitimite-et-etat-pastefien\/\",\"name\":\"Alioune Tine: \\\"Surcharge de l\u00e9gitimit\u00e9\\\" et \\\" Etat pastefien\\\" - LE PUBLIC\",\"isPartOf\":{\"@id\":\"https:\/\/www.public.sn\/#website\"},\"primaryImageOfPage\":{\"@id\":\"https:\/\/www.public.sn\/index.php\/2024\/06\/07\/alioune-tine-surcharge-de-legitimite-et-etat-pastefien\/#primaryimage\"},\"image\":{\"@id\":\"https:\/\/www.public.sn\/index.php\/2024\/06\/07\/alioune-tine-surcharge-de-legitimite-et-etat-pastefien\/#primaryimage\"},\"thumbnailUrl\":\"https:\/\/www.public.sn\/wp-content\/uploads\/2024\/05\/Alioune-Tine.png\",\"datePublished\":\"2024-06-07T17:27:42+00:00\",\"breadcrumb\":{\"@id\":\"https:\/\/www.public.sn\/index.php\/2024\/06\/07\/alioune-tine-surcharge-de-legitimite-et-etat-pastefien\/#breadcrumb\"},\"inLanguage\":\"fr-FR\",\"potentialAction\":[{\"@type\":\"ReadAction\",\"target\":[\"https:\/\/www.public.sn\/index.php\/2024\/06\/07\/alioune-tine-surcharge-de-legitimite-et-etat-pastefien\/\"]}]},{\"@type\":\"ImageObject\",\"inLanguage\":\"fr-FR\",\"@id\":\"https:\/\/www.public.sn\/index.php\/2024\/06\/07\/alioune-tine-surcharge-de-legitimite-et-etat-pastefien\/#primaryimage\",\"url\":\"https:\/\/www.public.sn\/wp-content\/uploads\/2024\/05\/Alioune-Tine.png\",\"contentUrl\":\"https:\/\/www.public.sn\/wp-content\/uploads\/2024\/05\/Alioune-Tine.png\",\"width\":1200,\"height\":1000},{\"@type\":\"BreadcrumbList\",\"@id\":\"https:\/\/www.public.sn\/index.php\/2024\/06\/07\/alioune-tine-surcharge-de-legitimite-et-etat-pastefien\/#breadcrumb\",\"itemListElement\":[{\"@type\":\"ListItem\",\"position\":1,\"name\":\"Accueil\",\"item\":\"https:\/\/www.public.sn\/\"},{\"@type\":\"ListItem\",\"position\":2,\"name\":\"Alioune Tine: \u00ab\u00a0Surcharge de l\u00e9gitimit\u00e9\u00a0\u00bb et \u00a0\u00bb Etat pastefien\u00a0\u00bb\"}]},{\"@type\":\"WebSite\",\"@id\":\"https:\/\/www.public.sn\/#website\",\"url\":\"https:\/\/www.public.sn\/\",\"name\":\"LE PUBLIC\",\"description\":\"\",\"publisher\":{\"@id\":\"https:\/\/www.public.sn\/#organization\"},\"potentialAction\":[{\"@type\":\"SearchAction\",\"target\":{\"@type\":\"EntryPoint\",\"urlTemplate\":\"https:\/\/www.public.sn\/?s={search_term_string}\"},\"query-input\":{\"@type\":\"PropertyValueSpecification\",\"valueRequired\":true,\"valueName\":\"search_term_string\"}}],\"inLanguage\":\"fr-FR\"},{\"@type\":\"Organization\",\"@id\":\"https:\/\/www.public.sn\/#organization\",\"name\":\"LE PUBLIC\",\"url\":\"https:\/\/www.public.sn\/\",\"logo\":{\"@type\":\"ImageObject\",\"inLanguage\":\"fr-FR\",\"@id\":\"https:\/\/www.public.sn\/#\/schema\/logo\/image\/\",\"url\":\"https:\/\/www.public.sn\/wp-content\/uploads\/2024\/05\/cropped-LOGO-PUBLIC.SN_.png\",\"contentUrl\":\"https:\/\/www.public.sn\/wp-content\/uploads\/2024\/05\/cropped-LOGO-PUBLIC.SN_.png\",\"width\":682,\"height\":192,\"caption\":\"LE PUBLIC\"},\"image\":{\"@id\":\"https:\/\/www.public.sn\/#\/schema\/logo\/image\/\"}},{\"@type\":\"Person\",\"@id\":\"https:\/\/www.public.sn\/#\/schema\/person\/f77cd9ce05d8fb925eb038378ee6899d\",\"name\":\"Baye Amath THIAM\",\"image\":{\"@type\":\"ImageObject\",\"inLanguage\":\"fr-FR\",\"@id\":\"https:\/\/www.public.sn\/#\/schema\/person\/image\/\",\"url\":\"https:\/\/secure.gravatar.com\/avatar\/7eb863ef1336b6f8a2ad921469701e52f094a61c698fab02f5af742ed813612d?s=96&d=mm&r=g\",\"contentUrl\":\"https:\/\/secure.gravatar.com\/avatar\/7eb863ef1336b6f8a2ad921469701e52f094a61c698fab02f5af742ed813612d?s=96&d=mm&r=g\",\"caption\":\"Baye Amath THIAM\"},\"url\":\"https:\/\/www.public.sn\/index.php\/author\/thiamba24\/\"}]}<\/script>\n<!-- \/ Yoast SEO plugin. -->","yoast_head_json":{"title":"Alioune Tine: \"Surcharge de l\u00e9gitimit\u00e9\" et \" Etat pastefien\" - LE PUBLIC","robots":{"index":"index","follow":"follow","max-snippet":"max-snippet:-1","max-image-preview":"max-image-preview:large","max-video-preview":"max-video-preview:-1"},"canonical":"https:\/\/www.public.sn\/index.php\/2024\/06\/07\/alioune-tine-surcharge-de-legitimite-et-etat-pastefien\/","og_locale":"fr_FR","og_type":"article","og_title":"Alioune Tine: \"Surcharge de l\u00e9gitimit\u00e9\" et \" Etat pastefien\" - LE PUBLIC","og_description":"Alioune Tine met en garde contre la surcharge de l\u00e9gitimit\u00e9 et un probable \u00c9tat past\u00e9fien. En deux mois d&rsquo;exercice au pouvoir, la rupture de syst\u00e8me annonc\u00e9e par le gouvernement du pr\u00e9sident Bassirou Diomaye Faye reste un effet d&rsquo;annonce. D\u00e9rogeant \u00e0 la r\u00e8gle des 100 jours, Alioune Tine s&rsquo;interroge sur les\u00a0 premiers actes pos\u00e9s par le nouveau r\u00e9gime. Lors d&rsquo;une table ronde organis\u00e9e par l&rsquo;Association S\u00e9n\u00e9galaise de Droit Constitutionnel (A.S.D.C), le fondateur d&rsquo;Afrikajom center \u00e9voque un syst\u00e8me entrain de phagocyter l&rsquo;anti-syst\u00e8me. Apr\u00e8s la nomination de plusieurs past\u00e9fiens \u00e0 des postes cl\u00e9s, il affirme\u00a0 qu&rsquo;un probable \u00ab\u00a0\u00e9tat past\u00e9fien\u00a0\u00bb se met en place petit \u00e0 petit en ces mots: \u00ab Pour en venir \u00e0 l\u2019id\u00e9al d\u2019un gouvernement d\u00e9mocratique qui est notre plus grand d\u00e9fi, il nous faut un \u00c9tat neutre, impartial pour que le crit\u00e8re de la transparence et de l\u2019\u00e9galit\u00e9 des citoyens puisse \u00eatre respect\u00e9. De mon point de vue, apr\u00e8s avoir assist\u00e9 \u00e0 ce qu\u2019on peut appeler un \u00c9tat agressif, nous n\u2019avons pas l\u2019impression d\u2019avoir tourn\u00e9 la page de l\u2019\u00c9tat-partisan. On a l\u2019impression qu\u2019il se met en place petit \u00e0 petit un \u00c9tat pastefien. Le d\u00e9fi c\u2019est de voir comment on peut traverser cette nouvelle mutation de la d\u00e9mocratie, et ne pas r\u00e9duire notre d\u00e9mocratie \u00e0 une d\u00e9mocratie \u00e9lectorale. Et ne pas r\u00e9duire la l\u00e9gitimit\u00e9 \u00e0 une seule l\u00e9gitimit\u00e9 de ceux qui sont \u00e9lus. Il y a de nouvelles l\u00e9gitimit\u00e9s qui \u00e9mergent, qui sont fortes \u00bb. L&rsquo;acteur cl\u00e9 dans la r\u00e9solution de la crise politico-\u00e9lectorale de f\u00e9vrier-mars 2024 met l&rsquo;accent sur une dualit\u00e9 au sein du pouvoir entre le pr\u00e9sident Bassirou Diomaye Faye avec une cons\u00e9quente dette politique sur les \u00e9paules et le premier ministre Ousmane Sonko qui est en surcharge de l\u00e9gitimit\u00e9. Il d\u00e9c\u00e8le ainsi une faille dans le r\u00e9gime pr\u00e9sent plongeant le pays dans l&rsquo;abime.","og_url":"https:\/\/www.public.sn\/index.php\/2024\/06\/07\/alioune-tine-surcharge-de-legitimite-et-etat-pastefien\/","og_site_name":"LE PUBLIC","article_published_time":"2024-06-07T17:27:42+00:00","og_image":[{"width":1200,"height":1000,"url":"https:\/\/www.public.sn\/wp-content\/uploads\/2024\/05\/Alioune-Tine.png","type":"image\/png"}],"author":"Baye Amath THIAM","twitter_card":"summary_large_image","twitter_misc":{"\u00c9crit par":"Baye Amath THIAM","Dur\u00e9e de lecture estim\u00e9e":"2 minutes"},"schema":{"@context":"https:\/\/schema.org","@graph":[{"@type":"Article","@id":"https:\/\/www.public.sn\/index.php\/2024\/06\/07\/alioune-tine-surcharge-de-legitimite-et-etat-pastefien\/#article","isPartOf":{"@id":"https:\/\/www.public.sn\/index.php\/2024\/06\/07\/alioune-tine-surcharge-de-legitimite-et-etat-pastefien\/"},"author":{"name":"Baye Amath THIAM","@id":"https:\/\/www.public.sn\/#\/schema\/person\/f77cd9ce05d8fb925eb038378ee6899d"},"headline":"Alioune Tine: \u00ab\u00a0Surcharge de l\u00e9gitimit\u00e9\u00a0\u00bb et \u00a0\u00bb Etat pastefien\u00a0\u00bb","datePublished":"2024-06-07T17:27:42+00:00","mainEntityOfPage":{"@id":"https:\/\/www.public.sn\/index.php\/2024\/06\/07\/alioune-tine-surcharge-de-legitimite-et-etat-pastefien\/"},"wordCount":350,"commentCount":0,"publisher":{"@id":"https:\/\/www.public.sn\/#organization"},"image":{"@id":"https:\/\/www.public.sn\/index.php\/2024\/06\/07\/alioune-tine-surcharge-de-legitimite-et-etat-pastefien\/#primaryimage"},"thumbnailUrl":"https:\/\/www.public.sn\/wp-content\/uploads\/2024\/05\/Alioune-Tine.png","keywords":["A.S.D.C","Alioune Tine","Bassirou D. Faye","Ousmane Sonko","past\u00e9fiens"],"articleSection":["ACTUALIT\u00c9S","POLITIQUE","S\u00c9N\u00c9GAL","SOCIETE"],"inLanguage":"fr-FR","potentialAction":[{"@type":"CommentAction","name":"Comment","target":["https:\/\/www.public.sn\/index.php\/2024\/06\/07\/alioune-tine-surcharge-de-legitimite-et-etat-pastefien\/#respond"]}]},{"@type":"WebPage","@id":"https:\/\/www.public.sn\/index.php\/2024\/06\/07\/alioune-tine-surcharge-de-legitimite-et-etat-pastefien\/","url":"https:\/\/www.public.sn\/index.php\/2024\/06\/07\/alioune-tine-surcharge-de-legitimite-et-etat-pastefien\/","name":"Alioune Tine: \"Surcharge de l\u00e9gitimit\u00e9\" et \" Etat pastefien\" - LE PUBLIC","isPartOf":{"@id":"https:\/\/www.public.sn\/#website"},"primaryImageOfPage":{"@id":"https:\/\/www.public.sn\/index.php\/2024\/06\/07\/alioune-tine-surcharge-de-legitimite-et-etat-pastefien\/#primaryimage"},"image":{"@id":"https:\/\/www.public.sn\/index.php\/2024\/06\/07\/alioune-tine-surcharge-de-legitimite-et-etat-pastefien\/#primaryimage"},"thumbnailUrl":"https:\/\/www.public.sn\/wp-content\/uploads\/2024\/05\/Alioune-Tine.png","datePublished":"2024-06-07T17:27:42+00:00","breadcrumb":{"@id":"https:\/\/www.public.sn\/index.php\/2024\/06\/07\/alioune-tine-surcharge-de-legitimite-et-etat-pastefien\/#breadcrumb"},"inLanguage":"fr-FR","potentialAction":[{"@type":"ReadAction","target":["https:\/\/www.public.sn\/index.php\/2024\/06\/07\/alioune-tine-surcharge-de-legitimite-et-etat-pastefien\/"]}]},{"@type":"ImageObject","inLanguage":"fr-FR","@id":"https:\/\/www.public.sn\/index.php\/2024\/06\/07\/alioune-tine-surcharge-de-legitimite-et-etat-pastefien\/#primaryimage","url":"https:\/\/www.public.sn\/wp-content\/uploads\/2024\/05\/Alioune-Tine.png","contentUrl":"https:\/\/www.public.sn\/wp-content\/uploads\/2024\/05\/Alioune-Tine.png","width":1200,"height":1000},{"@type":"BreadcrumbList","@id":"https:\/\/www.public.sn\/index.php\/2024\/06\/07\/alioune-tine-surcharge-de-legitimite-et-etat-pastefien\/#breadcrumb","itemListElement":[{"@type":"ListItem","position":1,"name":"Accueil","item":"https:\/\/www.public.sn\/"},{"@type":"ListItem","position":2,"name":"Alioune Tine: \u00ab\u00a0Surcharge de l\u00e9gitimit\u00e9\u00a0\u00bb et \u00a0\u00bb Etat pastefien\u00a0\u00bb"}]},{"@type":"WebSite","@id":"https:\/\/www.public.sn\/#website","url":"https:\/\/www.public.sn\/","name":"LE PUBLIC","description":"","publisher":{"@id":"https:\/\/www.public.sn\/#organization"},"potentialAction":[{"@type":"SearchAction","target":{"@type":"EntryPoint","urlTemplate":"https:\/\/www.public.sn\/?s={search_term_string}"},"query-input":{"@type":"PropertyValueSpecification","valueRequired":true,"valueName":"search_term_string"}}],"inLanguage":"fr-FR"},{"@type":"Organization","@id":"https:\/\/www.public.sn\/#organization","name":"LE PUBLIC","url":"https:\/\/www.public.sn\/","logo":{"@type":"ImageObject","inLanguage":"fr-FR","@id":"https:\/\/www.public.sn\/#\/schema\/logo\/image\/","url":"https:\/\/www.public.sn\/wp-content\/uploads\/2024\/05\/cropped-LOGO-PUBLIC.SN_.png","contentUrl":"https:\/\/www.public.sn\/wp-content\/uploads\/2024\/05\/cropped-LOGO-PUBLIC.SN_.png","width":682,"height":192,"caption":"LE PUBLIC"},"image":{"@id":"https:\/\/www.public.sn\/#\/schema\/logo\/image\/"}},{"@type":"Person","@id":"https:\/\/www.public.sn\/#\/schema\/person\/f77cd9ce05d8fb925eb038378ee6899d","name":"Baye Amath THIAM","image":{"@type":"ImageObject","inLanguage":"fr-FR","@id":"https:\/\/www.public.sn\/#\/schema\/person\/image\/","url":"https:\/\/secure.gravatar.com\/avatar\/7eb863ef1336b6f8a2ad921469701e52f094a61c698fab02f5af742ed813612d?s=96&d=mm&r=g","contentUrl":"https:\/\/secure.gravatar.com\/avatar\/7eb863ef1336b6f8a2ad921469701e52f094a61c698fab02f5af742ed813612d?s=96&d=mm&r=g","caption":"Baye Amath THIAM"},"url":"https:\/\/www.public.sn\/index.php\/author\/thiamba24\/"}]}},"jetpack_featured_media_url":"https:\/\/www.public.sn\/wp-content\/uploads\/2024\/05\/Alioune-Tine.png","jetpack_sharing_enabled":true,"_links":{"self":[{"href":"https:\/\/www.public.sn\/index.php\/wp-json\/wp\/v2\/posts\/33237","targetHints":{"allow":["GET"]}}],"collection":[{"href":"https:\/\/www.public.sn\/index.php\/wp-json\/wp\/v2\/posts"}],"about":[{"href":"https:\/\/www.public.sn\/index.php\/wp-json\/wp\/v2\/types\/post"}],"author":[{"embeddable":true,"href":"https:\/\/www.public.sn\/index.php\/wp-json\/wp\/v2\/users\/15"}],"replies":[{"embeddable":true,"href":"https:\/\/www.public.sn\/index.php\/wp-json\/wp\/v2\/comments?post=33237"}],"version-history":[{"count":1,"href":"https:\/\/www.public.sn\/index.php\/wp-json\/wp\/v2\/posts\/33237\/revisions"}],"predecessor-version":[{"id":33238,"href":"https:\/\/www.public.sn\/index.php\/wp-json\/wp\/v2\/posts\/33237\/revisions\/33238"}],"wp:featuredmedia":[{"embeddable":true,"href":"https:\/\/www.public.sn\/index.php\/wp-json\/wp\/v2\/media\/33017"}],"wp:attachment":[{"href":"https:\/\/www.public.sn\/index.php\/wp-json\/wp\/v2\/media?parent=33237"}],"wp:term":[{"taxonomy":"category","embeddable":true,"href":"https:\/\/www.public.sn\/index.php\/wp-json\/wp\/v2\/categories?post=33237"},{"taxonomy":"post_tag","embeddable":true,"href":"https:\/\/www.public.sn\/index.php\/wp-json\/wp\/v2\/tags?post=33237"}],"curies":[{"name":"wp","href":"https:\/\/api.w.org\/{rel}","templated":true}]}}