{"id":33308,"date":"2024-06-09T15:02:41","date_gmt":"2024-06-09T15:02:41","guid":{"rendered":"https:\/\/www.public.sn\/?p=33308"},"modified":"2024-06-09T15:02:41","modified_gmt":"2024-06-09T15:02:41","slug":"tabaski-2024-une-fete-dans-la-divergence","status":"publish","type":"post","link":"https:\/\/www.public.sn\/index.php\/2024\/06\/09\/tabaski-2024-une-fete-dans-la-divergence\/","title":{"rendered":"Tabaski 2024: Une f\u00eate dans la divergence"},"content":{"rendered":"<p>Comme \u00e0 l&rsquo;accoutum\u00e9e, les s\u00e9n\u00e9galais risquent de f\u00eater l&rsquo;aid-el-kabir en deux dates.<\/p><div class=\"publi-paragraphe1\" style=\"margin-top: 10px;margin-bottom: 10px;margin-left: auto;margin-right: auto;text-align: center;\" id=\"publi-1343847757\"><div class=\"publi-adlabel\">Publicit\u00e9<\/div><script async src=\"\/\/pagead2.googlesyndication.com\/pagead\/js\/adsbygoogle.js?client=ca-pub-4089586018074219\" crossorigin=\"anonymous\"><\/script><ins class=\"adsbygoogle\" style=\"display:block;\" data-ad-client=\"ca-pub-4089586018074219\" \ndata-ad-slot=\"2087940154\" \ndata-ad-format=\"auto\"><\/ins>\n<script> \n(adsbygoogle = window.adsbygoogle || []).push({}); \n<\/script>\n<\/div>\n<p>Apr\u00e8s avoir\u00a0 observ\u00e9 le croissant lunaire et collect\u00e9 les informations en provenance de ses partenaires et repr\u00e9sentants nationaux et internationaux, la Coordination des Musulmans du S\u00e9n\u00e9gal (C.M.S) avait d\u00e9clar\u00e9 dans un communiqu\u00e9 que la tabaski se tiendrait le dimanche 16 juin .<\/p>\n<p>Cependant, la Commission nationale de concertation sur le croissant lunaire (CONACOC) a retenu la date du lundi 17 juin\u00a0 pour la f\u00eate. Dans un communiqu\u00e9, elle a indiqu\u00e9 que la lune n&rsquo;a pas \u00e9t\u00e9 aper\u00e7ue et que le samedi 8 juin correspond au premier jour du mois lunaire de la tabaski.<\/p>\n<p>Ces deux d\u00e9clarations divergentes plongent le pays dans une pol\u00e9mique habituelle. Certains voient dans cette situation un moyen de mettre fin aux doubles c\u00e9l\u00e9brations au S\u00e9n\u00e9gal.<\/p>\n<p>En revanche, d&rsquo;autres appellent les fid\u00e8les s\u00e9n\u00e9galais \u00e0 de r\u00e9f\u00e9rer aux enseignements de la \u00ab\u00a0Mecque\u00a0\u00bb pour r\u00e9gler ce diff\u00e9rend.<\/p>\n<div class=\"publi-apres-le-contenu\" style=\"margin-top: 10px;margin-bottom: 10px;margin-left: auto;margin-right: auto;text-align: center;\" id=\"publi-4100338118\"><div class=\"publi-adlabel\">Publicit\u00e9<\/div><script async src=\"\/\/pagead2.googlesyndication.com\/pagead\/js\/adsbygoogle.js?client=ca-pub-4089586018074219\" crossorigin=\"anonymous\"><\/script><ins class=\"adsbygoogle\" style=\"display:block;\" data-ad-client=\"ca-pub-4089586018074219\" \ndata-ad-slot=\"2087940154\" \ndata-ad-format=\"auto\"><\/ins>\n<script> \n(adsbygoogle = window.adsbygoogle || []).push({}); \n<\/script>\n<\/div>","protected":false},"excerpt":{"rendered":"<p>Comme \u00e0 l&rsquo;accoutum\u00e9e, les s\u00e9n\u00e9galais risquent de f\u00eater l&rsquo;aid-el-kabir en deux dates. Apr\u00e8s avoir\u00a0 observ\u00e9 le croissant lunaire et collect\u00e9 les informations en provenance de ses partenaires et repr\u00e9sentants nationaux et internationaux, la Coordination des Musulmans du S\u00e9n\u00e9gal (C.M.S) avait d\u00e9clar\u00e9 dans un communiqu\u00e9 que la tabaski se tiendrait le dimanche 16 juin . Cependant, la Commission nationale de concertation sur le croissant lunaire (CONACOC) a retenu la date du lundi 17 juin\u00a0 pour la f\u00eate. Dans un communiqu\u00e9, elle a indiqu\u00e9 que la lune n&rsquo;a pas \u00e9t\u00e9 aper\u00e7ue et que le samedi 8 juin correspond au premier jour du mois lunaire de la tabaski. Ces deux d\u00e9clarations divergentes plongent le pays dans une pol\u00e9mique habituelle. Certains voient dans cette situation un moyen de mettre fin aux doubles c\u00e9l\u00e9brations au S\u00e9n\u00e9gal. En revanche, d&rsquo;autres appellent les fid\u00e8les s\u00e9n\u00e9galais \u00e0 de r\u00e9f\u00e9rer aux enseignements de la \u00ab\u00a0Mecque\u00a0\u00bb pour r\u00e9gler ce diff\u00e9rend.<\/p>\n","protected":false},"author":15,"featured_media":33309,"comment_status":"open","ping_status":"open","sticky":false,"template":"","format":"standard","meta":{"_jetpack_memberships_contains_paid_content":false,"footnotes":""},"categories":[375,9,878,1,4],"tags":[5971,6034,6035,766,5486],"class_list":["post-33308","post","type-post","status-publish","format-standard","has-post-thumbnail","hentry","category-actualites","category-communique","category-religion","category-non-classe","category-societe","tag-conacoc","tag-coordination-des-musulmans-du-senegal","tag-fete-dans-la-divergence","tag-senegal","tag-tabaski-2024","entry","has-media","owp-thumbs-layout-horizontal","owp-btn-normal","owp-tabs-layout-horizontal","has-no-thumbnails","has-product-nav"],"yoast_head":"<!-- This site is optimized with the Yoast SEO plugin v25.5 - https:\/\/yoast.com\/wordpress\/plugins\/seo\/ -->\n<title>Tabaski 2024: Une f\u00eate dans la divergence - LE PUBLIC<\/title>\n<meta name=\"robots\" content=\"index, follow, max-snippet:-1, max-image-preview:large, max-video-preview:-1\" \/>\n<link rel=\"canonical\" href=\"https:\/\/www.public.sn\/index.php\/2024\/06\/09\/tabaski-2024-une-fete-dans-la-divergence\/\" \/>\n<meta property=\"og:locale\" content=\"fr_FR\" \/>\n<meta property=\"og:type\" content=\"article\" \/>\n<meta property=\"og:title\" content=\"Tabaski 2024: Une f\u00eate dans la divergence - LE PUBLIC\" \/>\n<meta property=\"og:description\" content=\"Comme \u00e0 l&rsquo;accoutum\u00e9e, les s\u00e9n\u00e9galais risquent de f\u00eater l&rsquo;aid-el-kabir en deux dates. Apr\u00e8s avoir\u00a0 observ\u00e9 le croissant lunaire et collect\u00e9 les informations en provenance de ses partenaires et repr\u00e9sentants nationaux et internationaux, la Coordination des Musulmans du S\u00e9n\u00e9gal (C.M.S) avait d\u00e9clar\u00e9 dans un communiqu\u00e9 que la tabaski se tiendrait le dimanche 16 juin . Cependant, la Commission nationale de concertation sur le croissant lunaire (CONACOC) a retenu la date du lundi 17 juin\u00a0 pour la f\u00eate. Dans un communiqu\u00e9, elle a indiqu\u00e9 que la lune n&rsquo;a pas \u00e9t\u00e9 aper\u00e7ue et que le samedi 8 juin correspond au premier jour du mois lunaire de la tabaski. Ces deux d\u00e9clarations divergentes plongent le pays dans une pol\u00e9mique habituelle. Certains voient dans cette situation un moyen de mettre fin aux doubles c\u00e9l\u00e9brations au S\u00e9n\u00e9gal. En revanche, d&rsquo;autres appellent les fid\u00e8les s\u00e9n\u00e9galais \u00e0 de r\u00e9f\u00e9rer aux enseignements de la \u00ab\u00a0Mecque\u00a0\u00bb pour r\u00e9gler ce diff\u00e9rend.\" \/>\n<meta property=\"og:url\" content=\"https:\/\/www.public.sn\/index.php\/2024\/06\/09\/tabaski-2024-une-fete-dans-la-divergence\/\" \/>\n<meta property=\"og:site_name\" content=\"LE PUBLIC\" \/>\n<meta property=\"article:published_time\" content=\"2024-06-09T15:02:41+00:00\" \/>\n<meta property=\"og:image\" content=\"https:\/\/www.public.sn\/wp-content\/uploads\/2024\/06\/80803631-58270829.jpeg\" \/>\n\t<meta property=\"og:image:width\" content=\"1280\" \/>\n\t<meta property=\"og:image:height\" content=\"960\" \/>\n\t<meta property=\"og:image:type\" content=\"image\/jpeg\" \/>\n<meta name=\"author\" content=\"Baye Amath THIAM\" \/>\n<meta name=\"twitter:card\" content=\"summary_large_image\" \/>\n<meta name=\"twitter:label1\" content=\"\u00c9crit par\" \/>\n\t<meta name=\"twitter:data1\" content=\"Baye Amath THIAM\" \/>\n\t<meta name=\"twitter:label2\" content=\"Dur\u00e9e de lecture estim\u00e9e\" \/>\n\t<meta name=\"twitter:data2\" content=\"1 minute\" \/>\n<script type=\"application\/ld+json\" class=\"yoast-schema-graph\">{\"@context\":\"https:\/\/schema.org\",\"@graph\":[{\"@type\":\"Article\",\"@id\":\"https:\/\/www.public.sn\/index.php\/2024\/06\/09\/tabaski-2024-une-fete-dans-la-divergence\/#article\",\"isPartOf\":{\"@id\":\"https:\/\/www.public.sn\/index.php\/2024\/06\/09\/tabaski-2024-une-fete-dans-la-divergence\/\"},\"author\":{\"name\":\"Baye Amath THIAM\",\"@id\":\"https:\/\/www.public.sn\/#\/schema\/person\/f77cd9ce05d8fb925eb038378ee6899d\"},\"headline\":\"Tabaski 2024: Une f\u00eate dans la divergence\",\"datePublished\":\"2024-06-09T15:02:41+00:00\",\"mainEntityOfPage\":{\"@id\":\"https:\/\/www.public.sn\/index.php\/2024\/06\/09\/tabaski-2024-une-fete-dans-la-divergence\/\"},\"wordCount\":177,\"commentCount\":0,\"publisher\":{\"@id\":\"https:\/\/www.public.sn\/#organization\"},\"image\":{\"@id\":\"https:\/\/www.public.sn\/index.php\/2024\/06\/09\/tabaski-2024-une-fete-dans-la-divergence\/#primaryimage\"},\"thumbnailUrl\":\"https:\/\/www.public.sn\/wp-content\/uploads\/2024\/06\/80803631-58270829.jpeg\",\"keywords\":[\"Conacoc\",\"Coordination des Musulmans du S\u00e9n\u00e9gal\",\"f\u00eate dans la divergence\",\"S\u00e9n\u00e9gal\",\"tabaski 2024\"],\"articleSection\":[\"ACTUALIT\u00c9S\",\"COMMUNIQU\u00c9\",\"RELIGION\",\"S\u00c9N\u00c9GAL\",\"SOCIETE\"],\"inLanguage\":\"fr-FR\",\"potentialAction\":[{\"@type\":\"CommentAction\",\"name\":\"Comment\",\"target\":[\"https:\/\/www.public.sn\/index.php\/2024\/06\/09\/tabaski-2024-une-fete-dans-la-divergence\/#respond\"]}]},{\"@type\":\"WebPage\",\"@id\":\"https:\/\/www.public.sn\/index.php\/2024\/06\/09\/tabaski-2024-une-fete-dans-la-divergence\/\",\"url\":\"https:\/\/www.public.sn\/index.php\/2024\/06\/09\/tabaski-2024-une-fete-dans-la-divergence\/\",\"name\":\"Tabaski 2024: Une f\u00eate dans la divergence - LE PUBLIC\",\"isPartOf\":{\"@id\":\"https:\/\/www.public.sn\/#website\"},\"primaryImageOfPage\":{\"@id\":\"https:\/\/www.public.sn\/index.php\/2024\/06\/09\/tabaski-2024-une-fete-dans-la-divergence\/#primaryimage\"},\"image\":{\"@id\":\"https:\/\/www.public.sn\/index.php\/2024\/06\/09\/tabaski-2024-une-fete-dans-la-divergence\/#primaryimage\"},\"thumbnailUrl\":\"https:\/\/www.public.sn\/wp-content\/uploads\/2024\/06\/80803631-58270829.jpeg\",\"datePublished\":\"2024-06-09T15:02:41+00:00\",\"breadcrumb\":{\"@id\":\"https:\/\/www.public.sn\/index.php\/2024\/06\/09\/tabaski-2024-une-fete-dans-la-divergence\/#breadcrumb\"},\"inLanguage\":\"fr-FR\",\"potentialAction\":[{\"@type\":\"ReadAction\",\"target\":[\"https:\/\/www.public.sn\/index.php\/2024\/06\/09\/tabaski-2024-une-fete-dans-la-divergence\/\"]}]},{\"@type\":\"ImageObject\",\"inLanguage\":\"fr-FR\",\"@id\":\"https:\/\/www.public.sn\/index.php\/2024\/06\/09\/tabaski-2024-une-fete-dans-la-divergence\/#primaryimage\",\"url\":\"https:\/\/www.public.sn\/wp-content\/uploads\/2024\/06\/80803631-58270829.jpeg\",\"contentUrl\":\"https:\/\/www.public.sn\/wp-content\/uploads\/2024\/06\/80803631-58270829.jpeg\",\"width\":1280,\"height\":960},{\"@type\":\"BreadcrumbList\",\"@id\":\"https:\/\/www.public.sn\/index.php\/2024\/06\/09\/tabaski-2024-une-fete-dans-la-divergence\/#breadcrumb\",\"itemListElement\":[{\"@type\":\"ListItem\",\"position\":1,\"name\":\"Accueil\",\"item\":\"https:\/\/www.public.sn\/\"},{\"@type\":\"ListItem\",\"position\":2,\"name\":\"Tabaski 2024: Une f\u00eate dans la divergence\"}]},{\"@type\":\"WebSite\",\"@id\":\"https:\/\/www.public.sn\/#website\",\"url\":\"https:\/\/www.public.sn\/\",\"name\":\"LE PUBLIC\",\"description\":\"\",\"publisher\":{\"@id\":\"https:\/\/www.public.sn\/#organization\"},\"potentialAction\":[{\"@type\":\"SearchAction\",\"target\":{\"@type\":\"EntryPoint\",\"urlTemplate\":\"https:\/\/www.public.sn\/?s={search_term_string}\"},\"query-input\":{\"@type\":\"PropertyValueSpecification\",\"valueRequired\":true,\"valueName\":\"search_term_string\"}}],\"inLanguage\":\"fr-FR\"},{\"@type\":\"Organization\",\"@id\":\"https:\/\/www.public.sn\/#organization\",\"name\":\"LE PUBLIC\",\"url\":\"https:\/\/www.public.sn\/\",\"logo\":{\"@type\":\"ImageObject\",\"inLanguage\":\"fr-FR\",\"@id\":\"https:\/\/www.public.sn\/#\/schema\/logo\/image\/\",\"url\":\"https:\/\/www.public.sn\/wp-content\/uploads\/2024\/05\/cropped-LOGO-PUBLIC.SN_.png\",\"contentUrl\":\"https:\/\/www.public.sn\/wp-content\/uploads\/2024\/05\/cropped-LOGO-PUBLIC.SN_.png\",\"width\":682,\"height\":192,\"caption\":\"LE PUBLIC\"},\"image\":{\"@id\":\"https:\/\/www.public.sn\/#\/schema\/logo\/image\/\"}},{\"@type\":\"Person\",\"@id\":\"https:\/\/www.public.sn\/#\/schema\/person\/f77cd9ce05d8fb925eb038378ee6899d\",\"name\":\"Baye Amath THIAM\",\"image\":{\"@type\":\"ImageObject\",\"inLanguage\":\"fr-FR\",\"@id\":\"https:\/\/www.public.sn\/#\/schema\/person\/image\/\",\"url\":\"https:\/\/secure.gravatar.com\/avatar\/7eb863ef1336b6f8a2ad921469701e52f094a61c698fab02f5af742ed813612d?s=96&d=mm&r=g\",\"contentUrl\":\"https:\/\/secure.gravatar.com\/avatar\/7eb863ef1336b6f8a2ad921469701e52f094a61c698fab02f5af742ed813612d?s=96&d=mm&r=g\",\"caption\":\"Baye Amath THIAM\"},\"url\":\"https:\/\/www.public.sn\/index.php\/author\/thiamba24\/\"}]}<\/script>\n<!-- \/ Yoast SEO plugin. -->","yoast_head_json":{"title":"Tabaski 2024: Une f\u00eate dans la divergence - LE PUBLIC","robots":{"index":"index","follow":"follow","max-snippet":"max-snippet:-1","max-image-preview":"max-image-preview:large","max-video-preview":"max-video-preview:-1"},"canonical":"https:\/\/www.public.sn\/index.php\/2024\/06\/09\/tabaski-2024-une-fete-dans-la-divergence\/","og_locale":"fr_FR","og_type":"article","og_title":"Tabaski 2024: Une f\u00eate dans la divergence - LE PUBLIC","og_description":"Comme \u00e0 l&rsquo;accoutum\u00e9e, les s\u00e9n\u00e9galais risquent de f\u00eater l&rsquo;aid-el-kabir en deux dates. Apr\u00e8s avoir\u00a0 observ\u00e9 le croissant lunaire et collect\u00e9 les informations en provenance de ses partenaires et repr\u00e9sentants nationaux et internationaux, la Coordination des Musulmans du S\u00e9n\u00e9gal (C.M.S) avait d\u00e9clar\u00e9 dans un communiqu\u00e9 que la tabaski se tiendrait le dimanche 16 juin . Cependant, la Commission nationale de concertation sur le croissant lunaire (CONACOC) a retenu la date du lundi 17 juin\u00a0 pour la f\u00eate. Dans un communiqu\u00e9, elle a indiqu\u00e9 que la lune n&rsquo;a pas \u00e9t\u00e9 aper\u00e7ue et que le samedi 8 juin correspond au premier jour du mois lunaire de la tabaski. Ces deux d\u00e9clarations divergentes plongent le pays dans une pol\u00e9mique habituelle. Certains voient dans cette situation un moyen de mettre fin aux doubles c\u00e9l\u00e9brations au S\u00e9n\u00e9gal. En revanche, d&rsquo;autres appellent les fid\u00e8les s\u00e9n\u00e9galais \u00e0 de r\u00e9f\u00e9rer aux enseignements de la \u00ab\u00a0Mecque\u00a0\u00bb pour r\u00e9gler ce diff\u00e9rend.","og_url":"https:\/\/www.public.sn\/index.php\/2024\/06\/09\/tabaski-2024-une-fete-dans-la-divergence\/","og_site_name":"LE PUBLIC","article_published_time":"2024-06-09T15:02:41+00:00","og_image":[{"width":1280,"height":960,"url":"https:\/\/www.public.sn\/wp-content\/uploads\/2024\/06\/80803631-58270829.jpeg","type":"image\/jpeg"}],"author":"Baye Amath THIAM","twitter_card":"summary_large_image","twitter_misc":{"\u00c9crit par":"Baye Amath THIAM","Dur\u00e9e de lecture estim\u00e9e":"1 minute"},"schema":{"@context":"https:\/\/schema.org","@graph":[{"@type":"Article","@id":"https:\/\/www.public.sn\/index.php\/2024\/06\/09\/tabaski-2024-une-fete-dans-la-divergence\/#article","isPartOf":{"@id":"https:\/\/www.public.sn\/index.php\/2024\/06\/09\/tabaski-2024-une-fete-dans-la-divergence\/"},"author":{"name":"Baye Amath THIAM","@id":"https:\/\/www.public.sn\/#\/schema\/person\/f77cd9ce05d8fb925eb038378ee6899d"},"headline":"Tabaski 2024: Une f\u00eate dans la divergence","datePublished":"2024-06-09T15:02:41+00:00","mainEntityOfPage":{"@id":"https:\/\/www.public.sn\/index.php\/2024\/06\/09\/tabaski-2024-une-fete-dans-la-divergence\/"},"wordCount":177,"commentCount":0,"publisher":{"@id":"https:\/\/www.public.sn\/#organization"},"image":{"@id":"https:\/\/www.public.sn\/index.php\/2024\/06\/09\/tabaski-2024-une-fete-dans-la-divergence\/#primaryimage"},"thumbnailUrl":"https:\/\/www.public.sn\/wp-content\/uploads\/2024\/06\/80803631-58270829.jpeg","keywords":["Conacoc","Coordination des Musulmans du S\u00e9n\u00e9gal","f\u00eate dans la divergence","S\u00e9n\u00e9gal","tabaski 2024"],"articleSection":["ACTUALIT\u00c9S","COMMUNIQU\u00c9","RELIGION","S\u00c9N\u00c9GAL","SOCIETE"],"inLanguage":"fr-FR","potentialAction":[{"@type":"CommentAction","name":"Comment","target":["https:\/\/www.public.sn\/index.php\/2024\/06\/09\/tabaski-2024-une-fete-dans-la-divergence\/#respond"]}]},{"@type":"WebPage","@id":"https:\/\/www.public.sn\/index.php\/2024\/06\/09\/tabaski-2024-une-fete-dans-la-divergence\/","url":"https:\/\/www.public.sn\/index.php\/2024\/06\/09\/tabaski-2024-une-fete-dans-la-divergence\/","name":"Tabaski 2024: Une f\u00eate dans la divergence - LE PUBLIC","isPartOf":{"@id":"https:\/\/www.public.sn\/#website"},"primaryImageOfPage":{"@id":"https:\/\/www.public.sn\/index.php\/2024\/06\/09\/tabaski-2024-une-fete-dans-la-divergence\/#primaryimage"},"image":{"@id":"https:\/\/www.public.sn\/index.php\/2024\/06\/09\/tabaski-2024-une-fete-dans-la-divergence\/#primaryimage"},"thumbnailUrl":"https:\/\/www.public.sn\/wp-content\/uploads\/2024\/06\/80803631-58270829.jpeg","datePublished":"2024-06-09T15:02:41+00:00","breadcrumb":{"@id":"https:\/\/www.public.sn\/index.php\/2024\/06\/09\/tabaski-2024-une-fete-dans-la-divergence\/#breadcrumb"},"inLanguage":"fr-FR","potentialAction":[{"@type":"ReadAction","target":["https:\/\/www.public.sn\/index.php\/2024\/06\/09\/tabaski-2024-une-fete-dans-la-divergence\/"]}]},{"@type":"ImageObject","inLanguage":"fr-FR","@id":"https:\/\/www.public.sn\/index.php\/2024\/06\/09\/tabaski-2024-une-fete-dans-la-divergence\/#primaryimage","url":"https:\/\/www.public.sn\/wp-content\/uploads\/2024\/06\/80803631-58270829.jpeg","contentUrl":"https:\/\/www.public.sn\/wp-content\/uploads\/2024\/06\/80803631-58270829.jpeg","width":1280,"height":960},{"@type":"BreadcrumbList","@id":"https:\/\/www.public.sn\/index.php\/2024\/06\/09\/tabaski-2024-une-fete-dans-la-divergence\/#breadcrumb","itemListElement":[{"@type":"ListItem","position":1,"name":"Accueil","item":"https:\/\/www.public.sn\/"},{"@type":"ListItem","position":2,"name":"Tabaski 2024: Une f\u00eate dans la divergence"}]},{"@type":"WebSite","@id":"https:\/\/www.public.sn\/#website","url":"https:\/\/www.public.sn\/","name":"LE PUBLIC","description":"","publisher":{"@id":"https:\/\/www.public.sn\/#organization"},"potentialAction":[{"@type":"SearchAction","target":{"@type":"EntryPoint","urlTemplate":"https:\/\/www.public.sn\/?s={search_term_string}"},"query-input":{"@type":"PropertyValueSpecification","valueRequired":true,"valueName":"search_term_string"}}],"inLanguage":"fr-FR"},{"@type":"Organization","@id":"https:\/\/www.public.sn\/#organization","name":"LE PUBLIC","url":"https:\/\/www.public.sn\/","logo":{"@type":"ImageObject","inLanguage":"fr-FR","@id":"https:\/\/www.public.sn\/#\/schema\/logo\/image\/","url":"https:\/\/www.public.sn\/wp-content\/uploads\/2024\/05\/cropped-LOGO-PUBLIC.SN_.png","contentUrl":"https:\/\/www.public.sn\/wp-content\/uploads\/2024\/05\/cropped-LOGO-PUBLIC.SN_.png","width":682,"height":192,"caption":"LE PUBLIC"},"image":{"@id":"https:\/\/www.public.sn\/#\/schema\/logo\/image\/"}},{"@type":"Person","@id":"https:\/\/www.public.sn\/#\/schema\/person\/f77cd9ce05d8fb925eb038378ee6899d","name":"Baye Amath THIAM","image":{"@type":"ImageObject","inLanguage":"fr-FR","@id":"https:\/\/www.public.sn\/#\/schema\/person\/image\/","url":"https:\/\/secure.gravatar.com\/avatar\/7eb863ef1336b6f8a2ad921469701e52f094a61c698fab02f5af742ed813612d?s=96&d=mm&r=g","contentUrl":"https:\/\/secure.gravatar.com\/avatar\/7eb863ef1336b6f8a2ad921469701e52f094a61c698fab02f5af742ed813612d?s=96&d=mm&r=g","caption":"Baye Amath THIAM"},"url":"https:\/\/www.public.sn\/index.php\/author\/thiamba24\/"}]}},"jetpack_featured_media_url":"https:\/\/www.public.sn\/wp-content\/uploads\/2024\/06\/80803631-58270829.jpeg","jetpack_sharing_enabled":true,"_links":{"self":[{"href":"https:\/\/www.public.sn\/index.php\/wp-json\/wp\/v2\/posts\/33308","targetHints":{"allow":["GET"]}}],"collection":[{"href":"https:\/\/www.public.sn\/index.php\/wp-json\/wp\/v2\/posts"}],"about":[{"href":"https:\/\/www.public.sn\/index.php\/wp-json\/wp\/v2\/types\/post"}],"author":[{"embeddable":true,"href":"https:\/\/www.public.sn\/index.php\/wp-json\/wp\/v2\/users\/15"}],"replies":[{"embeddable":true,"href":"https:\/\/www.public.sn\/index.php\/wp-json\/wp\/v2\/comments?post=33308"}],"version-history":[{"count":1,"href":"https:\/\/www.public.sn\/index.php\/wp-json\/wp\/v2\/posts\/33308\/revisions"}],"predecessor-version":[{"id":33310,"href":"https:\/\/www.public.sn\/index.php\/wp-json\/wp\/v2\/posts\/33308\/revisions\/33310"}],"wp:featuredmedia":[{"embeddable":true,"href":"https:\/\/www.public.sn\/index.php\/wp-json\/wp\/v2\/media\/33309"}],"wp:attachment":[{"href":"https:\/\/www.public.sn\/index.php\/wp-json\/wp\/v2\/media?parent=33308"}],"wp:term":[{"taxonomy":"category","embeddable":true,"href":"https:\/\/www.public.sn\/index.php\/wp-json\/wp\/v2\/categories?post=33308"},{"taxonomy":"post_tag","embeddable":true,"href":"https:\/\/www.public.sn\/index.php\/wp-json\/wp\/v2\/tags?post=33308"}],"curies":[{"name":"wp","href":"https:\/\/api.w.org\/{rel}","templated":true}]}}