{"id":33357,"date":"2024-06-12T09:37:35","date_gmt":"2024-06-12T09:37:35","guid":{"rendered":"https:\/\/www.public.sn\/?p=33357"},"modified":"2024-06-12T09:37:35","modified_gmt":"2024-06-12T09:37:35","slug":"palestine-israel-la-lettre-adressee-a-diomaye","status":"publish","type":"post","link":"https:\/\/www.public.sn\/index.php\/2024\/06\/12\/palestine-israel-la-lettre-adressee-a-diomaye\/","title":{"rendered":"Palestine, Israel: La lettre adress\u00e9e \u00e0 Diomaye"},"content":{"rendered":"<p>Suite aux attaques r\u00e9p\u00e9t\u00e9es d&rsquo;Isra\u00ebl en Palestine, pas moins de 19 organisations dont la Coalition s\u00e9n\u00e9galaise pour la cause palestinienne, Frapp, le Comit\u00e9 S\u00e9n\u00e9gal Palestine, Amnesty International\/Section S\u00e9n\u00e9gal, la Ligue s\u00e9n\u00e9galaise des droits humains (Lsdh), entre autres, ont \u00e9crit au pr\u00e9sident de la R\u00e9publique, Bassirou Diomaye Faye.<\/p><div class=\"publi-paragraphe1\" style=\"margin-top: 10px;margin-bottom: 10px;margin-left: auto;margin-right: auto;text-align: center;\" id=\"publi-1885948449\"><div class=\"publi-adlabel\">Publicit\u00e9<\/div><script async src=\"\/\/pagead2.googlesyndication.com\/pagead\/js\/adsbygoogle.js?client=ca-pub-4089586018074219\" crossorigin=\"anonymous\"><\/script><ins class=\"adsbygoogle\" style=\"display:block;\" data-ad-client=\"ca-pub-4089586018074219\" \ndata-ad-slot=\"2087940154\" \ndata-ad-format=\"auto\"><\/ins>\n<script> \n(adsbygoogle = window.adsbygoogle || []).push({}); \n<\/script>\n<\/div>\n<p>Dans leur missive dont Les \u00c9chos d\u00e9tiennent une copie, les r\u00e9dacteurs d\u00e9noncent les \u00ab exactions et violences \u00bb que subit le peuple palestinien depuis plusieurs mois :\u00abNous, organisations d\u00e9mocratiques, associations de d\u00e9fense des droits humains et de solidarit\u00e9 avec la juste cause du peuple fr\u00e8re de Palestine, nous nous tournons respectueusement vers vous, en vos qualit\u00e9s de pr\u00e9sident de la R\u00e9publique du S\u00e9n\u00e9gal et de chef de l\u2019\u00c9tat de ce pays assurant depuis pr\u00e8s de 50 ans la pr\u00e9sidence du Comit\u00e9 des Nations-Unies pour l&rsquo;exercice des droits inali\u00e9nables du peuple palestinien, et sollicitons votre haute autorit\u00e9 en vue de faire prendre et de faire mettre en \u0153uvre les mesures salutaires suivantes: La proposition \u00e0 la Conf\u00e9rence des chefs d\u2019\u00c9tat de l\u2019UA (Union africaine) d\u2019un soutien total aux initiatives et proc\u00e9dures judiciaires internationales men\u00e9es par l\u2019Afrique du Sud \u00e0 l\u2019encontre d\u2019Isra\u00ebl pour g\u00e9nocide et crime contre l\u2019humanit\u00e9.\u00bb<\/p>\n<p>Ils r\u00e9clament aussi \u00ab l\u2019expulsion imm\u00e9diate de l\u2019Ambassadeur de l\u2019\u00c9tat g\u00e9nocidaire d\u2019Isra\u00ebl de notre pays, le S\u00e9n\u00e9gal \u00bb, ainsi que \u00ab le r\u00e9examen de tous les accords et conventions sign\u00e9s avec le gouvernement de ce pays \u00bb, entre autres.<\/p>\n<p>Ces organisations veulent que le S\u00e9n\u00e9gal rompe tous partenariats et liens qui unissent la nation et Isra\u00ebl.<\/p>\n<div class=\"publi-apres-le-contenu\" style=\"margin-top: 10px;margin-bottom: 10px;margin-left: auto;margin-right: auto;text-align: center;\" id=\"publi-1831903352\"><div class=\"publi-adlabel\">Publicit\u00e9<\/div><script async src=\"\/\/pagead2.googlesyndication.com\/pagead\/js\/adsbygoogle.js?client=ca-pub-4089586018074219\" crossorigin=\"anonymous\"><\/script><ins class=\"adsbygoogle\" style=\"display:block;\" data-ad-client=\"ca-pub-4089586018074219\" \ndata-ad-slot=\"2087940154\" \ndata-ad-format=\"auto\"><\/ins>\n<script> \n(adsbygoogle = window.adsbygoogle || []).push({}); \n<\/script>\n<\/div>","protected":false},"excerpt":{"rendered":"<p>Suite aux attaques r\u00e9p\u00e9t\u00e9es d&rsquo;Isra\u00ebl en Palestine, pas moins de 19 organisations dont la Coalition s\u00e9n\u00e9galaise pour la cause palestinienne, Frapp, le Comit\u00e9 S\u00e9n\u00e9gal Palestine, Amnesty International\/Section S\u00e9n\u00e9gal, la Ligue s\u00e9n\u00e9galaise des droits humains (Lsdh), entre autres, ont \u00e9crit au pr\u00e9sident de la R\u00e9publique, Bassirou Diomaye Faye. Dans leur missive dont Les \u00c9chos d\u00e9tiennent une copie, les r\u00e9dacteurs d\u00e9noncent les \u00ab exactions et violences \u00bb que subit le peuple palestinien depuis plusieurs mois :\u00abNous, organisations d\u00e9mocratiques, associations de d\u00e9fense des droits humains et de solidarit\u00e9 avec la juste cause du peuple fr\u00e8re de Palestine, nous nous tournons respectueusement vers vous, en vos qualit\u00e9s de pr\u00e9sident de la R\u00e9publique du S\u00e9n\u00e9gal et de chef de l\u2019\u00c9tat de ce pays assurant depuis pr\u00e8s de 50 ans la pr\u00e9sidence du Comit\u00e9 des Nations-Unies pour l&rsquo;exercice des droits inali\u00e9nables du peuple palestinien, et sollicitons votre haute autorit\u00e9 en vue de faire prendre et de faire mettre en \u0153uvre les mesures salutaires suivantes: La proposition \u00e0 la Conf\u00e9rence des chefs d\u2019\u00c9tat de l\u2019UA (Union africaine) d\u2019un soutien total aux initiatives et proc\u00e9dures judiciaires internationales men\u00e9es par l\u2019Afrique du Sud \u00e0 l\u2019encontre d\u2019Isra\u00ebl pour g\u00e9nocide et crime contre l\u2019humanit\u00e9.\u00bb Ils r\u00e9clament aussi \u00ab l\u2019expulsion imm\u00e9diate de l\u2019Ambassadeur de l\u2019\u00c9tat g\u00e9nocidaire d\u2019Isra\u00ebl de notre pays, le S\u00e9n\u00e9gal \u00bb, ainsi que \u00ab le r\u00e9examen de tous les accords et conventions sign\u00e9s avec le gouvernement de ce pays \u00bb, entre autres. Ces organisations veulent que le S\u00e9n\u00e9gal rompe tous partenariats et liens qui unissent la nation et Isra\u00ebl.<\/p>\n","protected":false},"author":15,"featured_media":33358,"comment_status":"open","ping_status":"open","sticky":false,"template":"","format":"standard","meta":{"_jetpack_memberships_contains_paid_content":false,"footnotes":""},"categories":[375,550,3728,3724,602,3,1,4],"tags":[3678,4949,2016,4948,766],"class_list":["post-33357","post","type-post","status-publish","format-standard","has-post-thumbnail","hentry","category-actualites","category-afrique-monde","category-internationale","category-justice","category-partenaires","category-politique","category-non-classe","category-societe","tag-bassirou-diomaye-faye","tag-israel","tag-lettre","tag-palestine","tag-senegal","entry","has-media","owp-thumbs-layout-horizontal","owp-btn-normal","owp-tabs-layout-horizontal","has-no-thumbnails","has-product-nav"],"yoast_head":"<!-- This site is optimized with the Yoast SEO plugin v25.5 - https:\/\/yoast.com\/wordpress\/plugins\/seo\/ -->\n<title>Palestine, Israel: La lettre adress\u00e9e \u00e0 Diomaye - LE PUBLIC<\/title>\n<meta name=\"robots\" content=\"index, follow, max-snippet:-1, max-image-preview:large, max-video-preview:-1\" \/>\n<link rel=\"canonical\" href=\"https:\/\/www.public.sn\/index.php\/2024\/06\/12\/palestine-israel-la-lettre-adressee-a-diomaye\/\" \/>\n<meta property=\"og:locale\" content=\"fr_FR\" \/>\n<meta property=\"og:type\" content=\"article\" \/>\n<meta property=\"og:title\" content=\"Palestine, Israel: La lettre adress\u00e9e \u00e0 Diomaye - LE PUBLIC\" \/>\n<meta property=\"og:description\" content=\"Suite aux attaques r\u00e9p\u00e9t\u00e9es d&rsquo;Isra\u00ebl en Palestine, pas moins de 19 organisations dont la Coalition s\u00e9n\u00e9galaise pour la cause palestinienne, Frapp, le Comit\u00e9 S\u00e9n\u00e9gal Palestine, Amnesty International\/Section S\u00e9n\u00e9gal, la Ligue s\u00e9n\u00e9galaise des droits humains (Lsdh), entre autres, ont \u00e9crit au pr\u00e9sident de la R\u00e9publique, Bassirou Diomaye Faye. Dans leur missive dont Les \u00c9chos d\u00e9tiennent une copie, les r\u00e9dacteurs d\u00e9noncent les \u00ab exactions et violences \u00bb que subit le peuple palestinien depuis plusieurs mois :\u00abNous, organisations d\u00e9mocratiques, associations de d\u00e9fense des droits humains et de solidarit\u00e9 avec la juste cause du peuple fr\u00e8re de Palestine, nous nous tournons respectueusement vers vous, en vos qualit\u00e9s de pr\u00e9sident de la R\u00e9publique du S\u00e9n\u00e9gal et de chef de l\u2019\u00c9tat de ce pays assurant depuis pr\u00e8s de 50 ans la pr\u00e9sidence du Comit\u00e9 des Nations-Unies pour l&rsquo;exercice des droits inali\u00e9nables du peuple palestinien, et sollicitons votre haute autorit\u00e9 en vue de faire prendre et de faire mettre en \u0153uvre les mesures salutaires suivantes: La proposition \u00e0 la Conf\u00e9rence des chefs d\u2019\u00c9tat de l\u2019UA (Union africaine) d\u2019un soutien total aux initiatives et proc\u00e9dures judiciaires internationales men\u00e9es par l\u2019Afrique du Sud \u00e0 l\u2019encontre d\u2019Isra\u00ebl pour g\u00e9nocide et crime contre l\u2019humanit\u00e9.\u00bb Ils r\u00e9clament aussi \u00ab l\u2019expulsion imm\u00e9diate de l\u2019Ambassadeur de l\u2019\u00c9tat g\u00e9nocidaire d\u2019Isra\u00ebl de notre pays, le S\u00e9n\u00e9gal \u00bb, ainsi que \u00ab le r\u00e9examen de tous les accords et conventions sign\u00e9s avec le gouvernement de ce pays \u00bb, entre autres. Ces organisations veulent que le S\u00e9n\u00e9gal rompe tous partenariats et liens qui unissent la nation et Isra\u00ebl.\" \/>\n<meta property=\"og:url\" content=\"https:\/\/www.public.sn\/index.php\/2024\/06\/12\/palestine-israel-la-lettre-adressee-a-diomaye\/\" \/>\n<meta property=\"og:site_name\" content=\"LE PUBLIC\" \/>\n<meta property=\"article:published_time\" content=\"2024-06-12T09:37:35+00:00\" \/>\n<meta property=\"og:image\" content=\"https:\/\/www.public.sn\/wp-content\/uploads\/2024\/06\/bassirou-diomaye-faye-1-696x325-1.webp\" \/>\n\t<meta property=\"og:image:width\" content=\"696\" \/>\n\t<meta property=\"og:image:height\" content=\"325\" \/>\n\t<meta property=\"og:image:type\" content=\"image\/webp\" \/>\n<meta name=\"author\" content=\"Baye Amath THIAM\" \/>\n<meta name=\"twitter:card\" content=\"summary_large_image\" \/>\n<meta name=\"twitter:label1\" content=\"\u00c9crit par\" \/>\n\t<meta name=\"twitter:data1\" content=\"Baye Amath THIAM\" \/>\n\t<meta name=\"twitter:label2\" content=\"Dur\u00e9e de lecture estim\u00e9e\" \/>\n\t<meta name=\"twitter:data2\" content=\"2 minutes\" \/>\n<script type=\"application\/ld+json\" class=\"yoast-schema-graph\">{\"@context\":\"https:\/\/schema.org\",\"@graph\":[{\"@type\":\"Article\",\"@id\":\"https:\/\/www.public.sn\/index.php\/2024\/06\/12\/palestine-israel-la-lettre-adressee-a-diomaye\/#article\",\"isPartOf\":{\"@id\":\"https:\/\/www.public.sn\/index.php\/2024\/06\/12\/palestine-israel-la-lettre-adressee-a-diomaye\/\"},\"author\":{\"name\":\"Baye Amath THIAM\",\"@id\":\"https:\/\/www.public.sn\/#\/schema\/person\/f77cd9ce05d8fb925eb038378ee6899d\"},\"headline\":\"Palestine, Israel: La lettre adress\u00e9e \u00e0 Diomaye\",\"datePublished\":\"2024-06-12T09:37:35+00:00\",\"mainEntityOfPage\":{\"@id\":\"https:\/\/www.public.sn\/index.php\/2024\/06\/12\/palestine-israel-la-lettre-adressee-a-diomaye\/\"},\"wordCount\":303,\"commentCount\":0,\"publisher\":{\"@id\":\"https:\/\/www.public.sn\/#organization\"},\"image\":{\"@id\":\"https:\/\/www.public.sn\/index.php\/2024\/06\/12\/palestine-israel-la-lettre-adressee-a-diomaye\/#primaryimage\"},\"thumbnailUrl\":\"https:\/\/www.public.sn\/wp-content\/uploads\/2024\/06\/bassirou-diomaye-faye-1-696x325-1.webp\",\"keywords\":[\"bassirou diomaye faye\",\"israel\",\"lettre\",\"palestine\",\"S\u00e9n\u00e9gal\"],\"articleSection\":[\"ACTUALIT\u00c9S\",\"AFRIQUE &amp; MONDE\",\"internationale\",\"justice\",\"PARTENAIRES\",\"POLITIQUE\",\"S\u00c9N\u00c9GAL\",\"SOCIETE\"],\"inLanguage\":\"fr-FR\",\"potentialAction\":[{\"@type\":\"CommentAction\",\"name\":\"Comment\",\"target\":[\"https:\/\/www.public.sn\/index.php\/2024\/06\/12\/palestine-israel-la-lettre-adressee-a-diomaye\/#respond\"]}]},{\"@type\":\"WebPage\",\"@id\":\"https:\/\/www.public.sn\/index.php\/2024\/06\/12\/palestine-israel-la-lettre-adressee-a-diomaye\/\",\"url\":\"https:\/\/www.public.sn\/index.php\/2024\/06\/12\/palestine-israel-la-lettre-adressee-a-diomaye\/\",\"name\":\"Palestine, Israel: La lettre adress\u00e9e \u00e0 Diomaye - LE PUBLIC\",\"isPartOf\":{\"@id\":\"https:\/\/www.public.sn\/#website\"},\"primaryImageOfPage\":{\"@id\":\"https:\/\/www.public.sn\/index.php\/2024\/06\/12\/palestine-israel-la-lettre-adressee-a-diomaye\/#primaryimage\"},\"image\":{\"@id\":\"https:\/\/www.public.sn\/index.php\/2024\/06\/12\/palestine-israel-la-lettre-adressee-a-diomaye\/#primaryimage\"},\"thumbnailUrl\":\"https:\/\/www.public.sn\/wp-content\/uploads\/2024\/06\/bassirou-diomaye-faye-1-696x325-1.webp\",\"datePublished\":\"2024-06-12T09:37:35+00:00\",\"breadcrumb\":{\"@id\":\"https:\/\/www.public.sn\/index.php\/2024\/06\/12\/palestine-israel-la-lettre-adressee-a-diomaye\/#breadcrumb\"},\"inLanguage\":\"fr-FR\",\"potentialAction\":[{\"@type\":\"ReadAction\",\"target\":[\"https:\/\/www.public.sn\/index.php\/2024\/06\/12\/palestine-israel-la-lettre-adressee-a-diomaye\/\"]}]},{\"@type\":\"ImageObject\",\"inLanguage\":\"fr-FR\",\"@id\":\"https:\/\/www.public.sn\/index.php\/2024\/06\/12\/palestine-israel-la-lettre-adressee-a-diomaye\/#primaryimage\",\"url\":\"https:\/\/www.public.sn\/wp-content\/uploads\/2024\/06\/bassirou-diomaye-faye-1-696x325-1.webp\",\"contentUrl\":\"https:\/\/www.public.sn\/wp-content\/uploads\/2024\/06\/bassirou-diomaye-faye-1-696x325-1.webp\",\"width\":696,\"height\":325},{\"@type\":\"BreadcrumbList\",\"@id\":\"https:\/\/www.public.sn\/index.php\/2024\/06\/12\/palestine-israel-la-lettre-adressee-a-diomaye\/#breadcrumb\",\"itemListElement\":[{\"@type\":\"ListItem\",\"position\":1,\"name\":\"Accueil\",\"item\":\"https:\/\/www.public.sn\/\"},{\"@type\":\"ListItem\",\"position\":2,\"name\":\"Palestine, Israel: La lettre adress\u00e9e \u00e0 Diomaye\"}]},{\"@type\":\"WebSite\",\"@id\":\"https:\/\/www.public.sn\/#website\",\"url\":\"https:\/\/www.public.sn\/\",\"name\":\"LE PUBLIC\",\"description\":\"\",\"publisher\":{\"@id\":\"https:\/\/www.public.sn\/#organization\"},\"potentialAction\":[{\"@type\":\"SearchAction\",\"target\":{\"@type\":\"EntryPoint\",\"urlTemplate\":\"https:\/\/www.public.sn\/?s={search_term_string}\"},\"query-input\":{\"@type\":\"PropertyValueSpecification\",\"valueRequired\":true,\"valueName\":\"search_term_string\"}}],\"inLanguage\":\"fr-FR\"},{\"@type\":\"Organization\",\"@id\":\"https:\/\/www.public.sn\/#organization\",\"name\":\"LE PUBLIC\",\"url\":\"https:\/\/www.public.sn\/\",\"logo\":{\"@type\":\"ImageObject\",\"inLanguage\":\"fr-FR\",\"@id\":\"https:\/\/www.public.sn\/#\/schema\/logo\/image\/\",\"url\":\"https:\/\/www.public.sn\/wp-content\/uploads\/2024\/05\/cropped-LOGO-PUBLIC.SN_.png\",\"contentUrl\":\"https:\/\/www.public.sn\/wp-content\/uploads\/2024\/05\/cropped-LOGO-PUBLIC.SN_.png\",\"width\":682,\"height\":192,\"caption\":\"LE PUBLIC\"},\"image\":{\"@id\":\"https:\/\/www.public.sn\/#\/schema\/logo\/image\/\"}},{\"@type\":\"Person\",\"@id\":\"https:\/\/www.public.sn\/#\/schema\/person\/f77cd9ce05d8fb925eb038378ee6899d\",\"name\":\"Baye Amath THIAM\",\"image\":{\"@type\":\"ImageObject\",\"inLanguage\":\"fr-FR\",\"@id\":\"https:\/\/www.public.sn\/#\/schema\/person\/image\/\",\"url\":\"https:\/\/secure.gravatar.com\/avatar\/7eb863ef1336b6f8a2ad921469701e52f094a61c698fab02f5af742ed813612d?s=96&d=mm&r=g\",\"contentUrl\":\"https:\/\/secure.gravatar.com\/avatar\/7eb863ef1336b6f8a2ad921469701e52f094a61c698fab02f5af742ed813612d?s=96&d=mm&r=g\",\"caption\":\"Baye Amath THIAM\"},\"url\":\"https:\/\/www.public.sn\/index.php\/author\/thiamba24\/\"}]}<\/script>\n<!-- \/ Yoast SEO plugin. -->","yoast_head_json":{"title":"Palestine, Israel: La lettre adress\u00e9e \u00e0 Diomaye - LE PUBLIC","robots":{"index":"index","follow":"follow","max-snippet":"max-snippet:-1","max-image-preview":"max-image-preview:large","max-video-preview":"max-video-preview:-1"},"canonical":"https:\/\/www.public.sn\/index.php\/2024\/06\/12\/palestine-israel-la-lettre-adressee-a-diomaye\/","og_locale":"fr_FR","og_type":"article","og_title":"Palestine, Israel: La lettre adress\u00e9e \u00e0 Diomaye - LE PUBLIC","og_description":"Suite aux attaques r\u00e9p\u00e9t\u00e9es d&rsquo;Isra\u00ebl en Palestine, pas moins de 19 organisations dont la Coalition s\u00e9n\u00e9galaise pour la cause palestinienne, Frapp, le Comit\u00e9 S\u00e9n\u00e9gal Palestine, Amnesty International\/Section S\u00e9n\u00e9gal, la Ligue s\u00e9n\u00e9galaise des droits humains (Lsdh), entre autres, ont \u00e9crit au pr\u00e9sident de la R\u00e9publique, Bassirou Diomaye Faye. Dans leur missive dont Les \u00c9chos d\u00e9tiennent une copie, les r\u00e9dacteurs d\u00e9noncent les \u00ab exactions et violences \u00bb que subit le peuple palestinien depuis plusieurs mois :\u00abNous, organisations d\u00e9mocratiques, associations de d\u00e9fense des droits humains et de solidarit\u00e9 avec la juste cause du peuple fr\u00e8re de Palestine, nous nous tournons respectueusement vers vous, en vos qualit\u00e9s de pr\u00e9sident de la R\u00e9publique du S\u00e9n\u00e9gal et de chef de l\u2019\u00c9tat de ce pays assurant depuis pr\u00e8s de 50 ans la pr\u00e9sidence du Comit\u00e9 des Nations-Unies pour l&rsquo;exercice des droits inali\u00e9nables du peuple palestinien, et sollicitons votre haute autorit\u00e9 en vue de faire prendre et de faire mettre en \u0153uvre les mesures salutaires suivantes: La proposition \u00e0 la Conf\u00e9rence des chefs d\u2019\u00c9tat de l\u2019UA (Union africaine) d\u2019un soutien total aux initiatives et proc\u00e9dures judiciaires internationales men\u00e9es par l\u2019Afrique du Sud \u00e0 l\u2019encontre d\u2019Isra\u00ebl pour g\u00e9nocide et crime contre l\u2019humanit\u00e9.\u00bb Ils r\u00e9clament aussi \u00ab l\u2019expulsion imm\u00e9diate de l\u2019Ambassadeur de l\u2019\u00c9tat g\u00e9nocidaire d\u2019Isra\u00ebl de notre pays, le S\u00e9n\u00e9gal \u00bb, ainsi que \u00ab le r\u00e9examen de tous les accords et conventions sign\u00e9s avec le gouvernement de ce pays \u00bb, entre autres. Ces organisations veulent que le S\u00e9n\u00e9gal rompe tous partenariats et liens qui unissent la nation et Isra\u00ebl.","og_url":"https:\/\/www.public.sn\/index.php\/2024\/06\/12\/palestine-israel-la-lettre-adressee-a-diomaye\/","og_site_name":"LE PUBLIC","article_published_time":"2024-06-12T09:37:35+00:00","og_image":[{"width":696,"height":325,"url":"https:\/\/www.public.sn\/wp-content\/uploads\/2024\/06\/bassirou-diomaye-faye-1-696x325-1.webp","type":"image\/webp"}],"author":"Baye Amath THIAM","twitter_card":"summary_large_image","twitter_misc":{"\u00c9crit par":"Baye Amath THIAM","Dur\u00e9e de lecture estim\u00e9e":"2 minutes"},"schema":{"@context":"https:\/\/schema.org","@graph":[{"@type":"Article","@id":"https:\/\/www.public.sn\/index.php\/2024\/06\/12\/palestine-israel-la-lettre-adressee-a-diomaye\/#article","isPartOf":{"@id":"https:\/\/www.public.sn\/index.php\/2024\/06\/12\/palestine-israel-la-lettre-adressee-a-diomaye\/"},"author":{"name":"Baye Amath THIAM","@id":"https:\/\/www.public.sn\/#\/schema\/person\/f77cd9ce05d8fb925eb038378ee6899d"},"headline":"Palestine, Israel: La lettre adress\u00e9e \u00e0 Diomaye","datePublished":"2024-06-12T09:37:35+00:00","mainEntityOfPage":{"@id":"https:\/\/www.public.sn\/index.php\/2024\/06\/12\/palestine-israel-la-lettre-adressee-a-diomaye\/"},"wordCount":303,"commentCount":0,"publisher":{"@id":"https:\/\/www.public.sn\/#organization"},"image":{"@id":"https:\/\/www.public.sn\/index.php\/2024\/06\/12\/palestine-israel-la-lettre-adressee-a-diomaye\/#primaryimage"},"thumbnailUrl":"https:\/\/www.public.sn\/wp-content\/uploads\/2024\/06\/bassirou-diomaye-faye-1-696x325-1.webp","keywords":["bassirou diomaye faye","israel","lettre","palestine","S\u00e9n\u00e9gal"],"articleSection":["ACTUALIT\u00c9S","AFRIQUE &amp; MONDE","internationale","justice","PARTENAIRES","POLITIQUE","S\u00c9N\u00c9GAL","SOCIETE"],"inLanguage":"fr-FR","potentialAction":[{"@type":"CommentAction","name":"Comment","target":["https:\/\/www.public.sn\/index.php\/2024\/06\/12\/palestine-israel-la-lettre-adressee-a-diomaye\/#respond"]}]},{"@type":"WebPage","@id":"https:\/\/www.public.sn\/index.php\/2024\/06\/12\/palestine-israel-la-lettre-adressee-a-diomaye\/","url":"https:\/\/www.public.sn\/index.php\/2024\/06\/12\/palestine-israel-la-lettre-adressee-a-diomaye\/","name":"Palestine, Israel: La lettre adress\u00e9e \u00e0 Diomaye - LE PUBLIC","isPartOf":{"@id":"https:\/\/www.public.sn\/#website"},"primaryImageOfPage":{"@id":"https:\/\/www.public.sn\/index.php\/2024\/06\/12\/palestine-israel-la-lettre-adressee-a-diomaye\/#primaryimage"},"image":{"@id":"https:\/\/www.public.sn\/index.php\/2024\/06\/12\/palestine-israel-la-lettre-adressee-a-diomaye\/#primaryimage"},"thumbnailUrl":"https:\/\/www.public.sn\/wp-content\/uploads\/2024\/06\/bassirou-diomaye-faye-1-696x325-1.webp","datePublished":"2024-06-12T09:37:35+00:00","breadcrumb":{"@id":"https:\/\/www.public.sn\/index.php\/2024\/06\/12\/palestine-israel-la-lettre-adressee-a-diomaye\/#breadcrumb"},"inLanguage":"fr-FR","potentialAction":[{"@type":"ReadAction","target":["https:\/\/www.public.sn\/index.php\/2024\/06\/12\/palestine-israel-la-lettre-adressee-a-diomaye\/"]}]},{"@type":"ImageObject","inLanguage":"fr-FR","@id":"https:\/\/www.public.sn\/index.php\/2024\/06\/12\/palestine-israel-la-lettre-adressee-a-diomaye\/#primaryimage","url":"https:\/\/www.public.sn\/wp-content\/uploads\/2024\/06\/bassirou-diomaye-faye-1-696x325-1.webp","contentUrl":"https:\/\/www.public.sn\/wp-content\/uploads\/2024\/06\/bassirou-diomaye-faye-1-696x325-1.webp","width":696,"height":325},{"@type":"BreadcrumbList","@id":"https:\/\/www.public.sn\/index.php\/2024\/06\/12\/palestine-israel-la-lettre-adressee-a-diomaye\/#breadcrumb","itemListElement":[{"@type":"ListItem","position":1,"name":"Accueil","item":"https:\/\/www.public.sn\/"},{"@type":"ListItem","position":2,"name":"Palestine, Israel: La lettre adress\u00e9e \u00e0 Diomaye"}]},{"@type":"WebSite","@id":"https:\/\/www.public.sn\/#website","url":"https:\/\/www.public.sn\/","name":"LE PUBLIC","description":"","publisher":{"@id":"https:\/\/www.public.sn\/#organization"},"potentialAction":[{"@type":"SearchAction","target":{"@type":"EntryPoint","urlTemplate":"https:\/\/www.public.sn\/?s={search_term_string}"},"query-input":{"@type":"PropertyValueSpecification","valueRequired":true,"valueName":"search_term_string"}}],"inLanguage":"fr-FR"},{"@type":"Organization","@id":"https:\/\/www.public.sn\/#organization","name":"LE PUBLIC","url":"https:\/\/www.public.sn\/","logo":{"@type":"ImageObject","inLanguage":"fr-FR","@id":"https:\/\/www.public.sn\/#\/schema\/logo\/image\/","url":"https:\/\/www.public.sn\/wp-content\/uploads\/2024\/05\/cropped-LOGO-PUBLIC.SN_.png","contentUrl":"https:\/\/www.public.sn\/wp-content\/uploads\/2024\/05\/cropped-LOGO-PUBLIC.SN_.png","width":682,"height":192,"caption":"LE PUBLIC"},"image":{"@id":"https:\/\/www.public.sn\/#\/schema\/logo\/image\/"}},{"@type":"Person","@id":"https:\/\/www.public.sn\/#\/schema\/person\/f77cd9ce05d8fb925eb038378ee6899d","name":"Baye Amath THIAM","image":{"@type":"ImageObject","inLanguage":"fr-FR","@id":"https:\/\/www.public.sn\/#\/schema\/person\/image\/","url":"https:\/\/secure.gravatar.com\/avatar\/7eb863ef1336b6f8a2ad921469701e52f094a61c698fab02f5af742ed813612d?s=96&d=mm&r=g","contentUrl":"https:\/\/secure.gravatar.com\/avatar\/7eb863ef1336b6f8a2ad921469701e52f094a61c698fab02f5af742ed813612d?s=96&d=mm&r=g","caption":"Baye Amath THIAM"},"url":"https:\/\/www.public.sn\/index.php\/author\/thiamba24\/"}]}},"jetpack_featured_media_url":"https:\/\/www.public.sn\/wp-content\/uploads\/2024\/06\/bassirou-diomaye-faye-1-696x325-1.webp","jetpack_sharing_enabled":true,"_links":{"self":[{"href":"https:\/\/www.public.sn\/index.php\/wp-json\/wp\/v2\/posts\/33357","targetHints":{"allow":["GET"]}}],"collection":[{"href":"https:\/\/www.public.sn\/index.php\/wp-json\/wp\/v2\/posts"}],"about":[{"href":"https:\/\/www.public.sn\/index.php\/wp-json\/wp\/v2\/types\/post"}],"author":[{"embeddable":true,"href":"https:\/\/www.public.sn\/index.php\/wp-json\/wp\/v2\/users\/15"}],"replies":[{"embeddable":true,"href":"https:\/\/www.public.sn\/index.php\/wp-json\/wp\/v2\/comments?post=33357"}],"version-history":[{"count":1,"href":"https:\/\/www.public.sn\/index.php\/wp-json\/wp\/v2\/posts\/33357\/revisions"}],"predecessor-version":[{"id":33359,"href":"https:\/\/www.public.sn\/index.php\/wp-json\/wp\/v2\/posts\/33357\/revisions\/33359"}],"wp:featuredmedia":[{"embeddable":true,"href":"https:\/\/www.public.sn\/index.php\/wp-json\/wp\/v2\/media\/33358"}],"wp:attachment":[{"href":"https:\/\/www.public.sn\/index.php\/wp-json\/wp\/v2\/media?parent=33357"}],"wp:term":[{"taxonomy":"category","embeddable":true,"href":"https:\/\/www.public.sn\/index.php\/wp-json\/wp\/v2\/categories?post=33357"},{"taxonomy":"post_tag","embeddable":true,"href":"https:\/\/www.public.sn\/index.php\/wp-json\/wp\/v2\/tags?post=33357"}],"curies":[{"name":"wp","href":"https:\/\/api.w.org\/{rel}","templated":true}]}}