{"id":33389,"date":"2024-06-13T11:52:05","date_gmt":"2024-06-13T11:52:05","guid":{"rendered":"https:\/\/www.public.sn\/?p=33389"},"modified":"2024-06-13T11:52:31","modified_gmt":"2024-06-13T11:52:31","slug":"prix-des-denrees-de-premiere-necessite-la-publication-des-nouveaux-prix-attendu-ce-jeudi","status":"publish","type":"post","link":"https:\/\/www.public.sn\/index.php\/2024\/06\/13\/prix-des-denrees-de-premiere-necessite-la-publication-des-nouveaux-prix-attendu-ce-jeudi\/","title":{"rendered":"Prix des denr\u00e9es de premi\u00e8re n\u00e9cessit\u00e9\u2026 : La publication des nouveaux prix attendu, ce jeudi"},"content":{"rendered":"<div>\n<p><span style=\"font-size: x-large\">Tr\u00e8s attendus par beaucoup de S\u00e9n\u00e9galais, Ce sera un ouf de soulagement pour les m\u00e9nages. Une lueur d\u2019espoir aussi contre la vie ch\u00e8re, le Pr\u00e9sident de la R\u00e9publique, Bassirou Diomaye Faye, ce mercredi, en Conseil des ministres, \u00aba demande? au Premier Ministre de proc\u00e9der, dans les meilleurs d\u00e9lais, a? l\u2019annonce des d\u00e9cisions prises par le Gouvernement pour baisser les prix de certains produits et services de consommation courante\u00bb.<\/span><\/p><div class=\"publi-paragraphe1\" style=\"margin-top: 10px;margin-bottom: 10px;margin-left: auto;margin-right: auto;text-align: center;\" id=\"publi-1466189649\"><div class=\"publi-adlabel\">Publicit\u00e9<\/div><script async src=\"\/\/pagead2.googlesyndication.com\/pagead\/js\/adsbygoogle.js?client=ca-pub-4089586018074219\" crossorigin=\"anonymous\"><\/script><ins class=\"adsbygoogle\" style=\"display:block;\" data-ad-client=\"ca-pub-4089586018074219\" \ndata-ad-slot=\"2087940154\" \ndata-ad-format=\"auto\"><\/ins>\n<script> \n(adsbygoogle = window.adsbygoogle || []).push({}); \n<\/script>\n<\/div>\n<div id=\"r89-video-outstream-wrapper\"><\/div>\n<\/div>\n<div><span style=\"font-size: x-large\">\u00a0<\/span><\/div>\n<div><span style=\"font-size: x-large\">R\u00e9agissant \u00e0 l\u2019interpellation du Pr\u00e9sident, le Premier ministre \u00ab a pr\u00e9sent\u00e9 au Conseil les r\u00e9sultats des concertations organis\u00e9es avec l\u2019ensemble des parties prenantes, dans l\u2019objectif de soulager le budget des m\u00e9nages les plus d\u00e9favoris\u00e9s tout en veillant \u00e0 la soutenabilit\u00e9 budg\u00e9taire \u00bb.<\/span><\/div>\n<div><\/div>\n<div><span style=\"font-size: x-large\">\u00abCes mesures qui portent sur certaines denr\u00e9es de premi\u00e8re n\u00e9cessit\u00e9, des produits et services de grande consommation et la facilitation de l\u2019acc\u00e8s au logement seront rendues publiques ce jeudi 13 juin 2024 \u00bb, a d\u00e9clar\u00e9 Ousmane Sonko.<\/span><\/div>\n<div><\/div>\n<div><span style=\"font-size: x-large\">Les autorit\u00e9s comp\u00e9tentes sont invit\u00e9es a? prendre toutes les dispositions pour l\u2019application effective des prix homologu\u00e9s qui seront annonc\u00e9s.<\/span><\/div>\n<div class=\"publi-apres-le-contenu\" style=\"margin-top: 10px;margin-bottom: 10px;margin-left: auto;margin-right: auto;text-align: center;\" id=\"publi-2272179053\"><div class=\"publi-adlabel\">Publicit\u00e9<\/div><script async src=\"\/\/pagead2.googlesyndication.com\/pagead\/js\/adsbygoogle.js?client=ca-pub-4089586018074219\" crossorigin=\"anonymous\"><\/script><ins class=\"adsbygoogle\" style=\"display:block;\" data-ad-client=\"ca-pub-4089586018074219\" \ndata-ad-slot=\"2087940154\" \ndata-ad-format=\"auto\"><\/ins>\n<script> \n(adsbygoogle = window.adsbygoogle || []).push({}); \n<\/script>\n<\/div>","protected":false},"excerpt":{"rendered":"<p>Tr\u00e8s attendus par beaucoup de S\u00e9n\u00e9galais, Ce sera un ouf de soulagement pour les m\u00e9nages. Une lueur d\u2019espoir aussi contre la vie ch\u00e8re, le Pr\u00e9sident de la R\u00e9publique, Bassirou Diomaye Faye, ce mercredi, en Conseil des ministres, \u00aba demande? au Premier Ministre de proc\u00e9der, dans les meilleurs d\u00e9lais, a? l\u2019annonce des d\u00e9cisions prises par le Gouvernement pour baisser les prix de certains produits et services de consommation courante\u00bb. \u00a0 R\u00e9agissant \u00e0 l\u2019interpellation du Pr\u00e9sident, le Premier ministre \u00ab a pr\u00e9sent\u00e9 au Conseil les r\u00e9sultats des concertations organis\u00e9es avec l\u2019ensemble des parties prenantes, dans l\u2019objectif de soulager le budget des m\u00e9nages les plus d\u00e9favoris\u00e9s tout en veillant \u00e0 la soutenabilit\u00e9 budg\u00e9taire \u00bb. \u00abCes mesures qui portent sur certaines denr\u00e9es de premi\u00e8re n\u00e9cessit\u00e9, des produits et services de grande consommation et la facilitation de l\u2019acc\u00e8s au logement seront rendues publiques ce jeudi 13 juin 2024 \u00bb, a d\u00e9clar\u00e9 Ousmane Sonko. Les autorit\u00e9s comp\u00e9tentes sont invit\u00e9es a? prendre toutes les dispositions pour l\u2019application effective des prix homologu\u00e9s qui seront annonc\u00e9s.<\/p>\n","protected":false},"author":15,"featured_media":33390,"comment_status":"open","ping_status":"open","sticky":false,"template":"","format":"standard","meta":{"_jetpack_memberships_contains_paid_content":false,"footnotes":""},"categories":[375,550,9,549,3728,1,4],"tags":[3678,6083,6085,6086,6084,6087,5718,6080,6081,6082],"class_list":["post-33389","post","type-post","status-publish","format-standard","has-post-thumbnail","hentry","category-actualites","category-afrique-monde","category-communique","category-economie","category-internationale","category-non-classe","category-societe","tag-bassirou-diomaye-faye","tag-ce-mercredi","tag-ces-mesures-qui-portent-sur-certaines-denrees-de-premiere-necessite","tag-des-produits-et-services-de-grande-consommation","tag-en-conseil-des-ministres","tag-la-facilitation-de-lacces-au-logement-seront-rendues-publiques-ce-jeudi-13-juin-2024","tag-le-president-de-la-republique","tag-tres-attendus-par-beaucoup-de-senegalais","tag-un-ouf-de-soulagement-pour-les-menages","tag-une-lueur-despoir-aussi-contre-la-vie-chere","entry","has-media","owp-thumbs-layout-horizontal","owp-btn-normal","owp-tabs-layout-horizontal","has-no-thumbnails","has-product-nav"],"yoast_head":"<!-- This site is optimized with the Yoast SEO plugin v25.5 - https:\/\/yoast.com\/wordpress\/plugins\/seo\/ -->\n<title>Prix des denr\u00e9es de premi\u00e8re n\u00e9cessit\u00e9\u2026 : La publication des nouveaux prix attendu, ce jeudi - LE PUBLIC<\/title>\n<meta name=\"robots\" content=\"index, follow, max-snippet:-1, max-image-preview:large, max-video-preview:-1\" \/>\n<link rel=\"canonical\" href=\"https:\/\/www.public.sn\/index.php\/2024\/06\/13\/prix-des-denrees-de-premiere-necessite-la-publication-des-nouveaux-prix-attendu-ce-jeudi\/\" \/>\n<meta property=\"og:locale\" content=\"fr_FR\" \/>\n<meta property=\"og:type\" content=\"article\" \/>\n<meta property=\"og:title\" content=\"Prix des denr\u00e9es de premi\u00e8re n\u00e9cessit\u00e9\u2026 : La publication des nouveaux prix attendu, ce jeudi - LE PUBLIC\" \/>\n<meta property=\"og:description\" content=\"Tr\u00e8s attendus par beaucoup de S\u00e9n\u00e9galais, Ce sera un ouf de soulagement pour les m\u00e9nages. Une lueur d\u2019espoir aussi contre la vie ch\u00e8re, le Pr\u00e9sident de la R\u00e9publique, Bassirou Diomaye Faye, ce mercredi, en Conseil des ministres, \u00aba demande? au Premier Ministre de proc\u00e9der, dans les meilleurs d\u00e9lais, a? l\u2019annonce des d\u00e9cisions prises par le Gouvernement pour baisser les prix de certains produits et services de consommation courante\u00bb. \u00a0 R\u00e9agissant \u00e0 l\u2019interpellation du Pr\u00e9sident, le Premier ministre \u00ab a pr\u00e9sent\u00e9 au Conseil les r\u00e9sultats des concertations organis\u00e9es avec l\u2019ensemble des parties prenantes, dans l\u2019objectif de soulager le budget des m\u00e9nages les plus d\u00e9favoris\u00e9s tout en veillant \u00e0 la soutenabilit\u00e9 budg\u00e9taire \u00bb. \u00abCes mesures qui portent sur certaines denr\u00e9es de premi\u00e8re n\u00e9cessit\u00e9, des produits et services de grande consommation et la facilitation de l\u2019acc\u00e8s au logement seront rendues publiques ce jeudi 13 juin 2024 \u00bb, a d\u00e9clar\u00e9 Ousmane Sonko. Les autorit\u00e9s comp\u00e9tentes sont invit\u00e9es a? prendre toutes les dispositions pour l\u2019application effective des prix homologu\u00e9s qui seront annonc\u00e9s.\" \/>\n<meta property=\"og:url\" content=\"https:\/\/www.public.sn\/index.php\/2024\/06\/13\/prix-des-denrees-de-premiere-necessite-la-publication-des-nouveaux-prix-attendu-ce-jeudi\/\" \/>\n<meta property=\"og:site_name\" content=\"LE PUBLIC\" \/>\n<meta property=\"article:published_time\" content=\"2024-06-13T11:52:05+00:00\" \/>\n<meta property=\"article:modified_time\" content=\"2024-06-13T11:52:31+00:00\" \/>\n<meta name=\"author\" content=\"Baye Amath THIAM\" \/>\n<meta name=\"twitter:card\" content=\"summary_large_image\" \/>\n<meta name=\"twitter:label1\" content=\"\u00c9crit par\" \/>\n\t<meta name=\"twitter:data1\" content=\"Baye Amath THIAM\" \/>\n\t<meta name=\"twitter:label2\" content=\"Dur\u00e9e de lecture estim\u00e9e\" \/>\n\t<meta name=\"twitter:data2\" content=\"2 minutes\" \/>\n<script type=\"application\/ld+json\" class=\"yoast-schema-graph\">{\"@context\":\"https:\/\/schema.org\",\"@graph\":[{\"@type\":\"Article\",\"@id\":\"https:\/\/www.public.sn\/index.php\/2024\/06\/13\/prix-des-denrees-de-premiere-necessite-la-publication-des-nouveaux-prix-attendu-ce-jeudi\/#article\",\"isPartOf\":{\"@id\":\"https:\/\/www.public.sn\/index.php\/2024\/06\/13\/prix-des-denrees-de-premiere-necessite-la-publication-des-nouveaux-prix-attendu-ce-jeudi\/\"},\"author\":{\"name\":\"Baye Amath THIAM\",\"@id\":\"https:\/\/www.public.sn\/#\/schema\/person\/f77cd9ce05d8fb925eb038378ee6899d\"},\"headline\":\"Prix des denr\u00e9es de premi\u00e8re n\u00e9cessit\u00e9\u2026 : La publication des nouveaux prix attendu, ce jeudi\",\"datePublished\":\"2024-06-13T11:52:05+00:00\",\"dateModified\":\"2024-06-13T11:52:31+00:00\",\"mainEntityOfPage\":{\"@id\":\"https:\/\/www.public.sn\/index.php\/2024\/06\/13\/prix-des-denrees-de-premiere-necessite-la-publication-des-nouveaux-prix-attendu-ce-jeudi\/\"},\"wordCount\":212,\"commentCount\":0,\"publisher\":{\"@id\":\"https:\/\/www.public.sn\/#organization\"},\"image\":{\"@id\":\"https:\/\/www.public.sn\/index.php\/2024\/06\/13\/prix-des-denrees-de-premiere-necessite-la-publication-des-nouveaux-prix-attendu-ce-jeudi\/#primaryimage\"},\"thumbnailUrl\":\"https:\/\/www.public.sn\/wp-content\/uploads\/2024\/06\/SYH3P2BQYVCHLMWUTXDJOMDIRU.avif\",\"keywords\":[\"bassirou diomaye faye\",\"ce mercredi\",\"Ces mesures qui portent sur certaines denr\u00e9es de premi\u00e8re n\u00e9cessit\u00e9\",\"des produits et services de grande consommation\",\"en Conseil des ministres\",\"la facilitation de l\u2019acc\u00e8s au logement seront rendues publiques ce jeudi 13 juin 2024 \u00bb\",\"le Pr\u00e9sident de la R\u00e9publique\",\"Tr\u00e8s attendus par beaucoup de S\u00e9n\u00e9galais\",\"un ouf de soulagement pour les m\u00e9nages.\",\"Une lueur d\u2019espoir aussi contre la vie ch\u00e8re\"],\"articleSection\":[\"ACTUALIT\u00c9S\",\"AFRIQUE &amp; MONDE\",\"COMMUNIQU\u00c9\",\"\u00c9CONOMIE\",\"internationale\",\"S\u00c9N\u00c9GAL\",\"SOCIETE\"],\"inLanguage\":\"fr-FR\",\"potentialAction\":[{\"@type\":\"CommentAction\",\"name\":\"Comment\",\"target\":[\"https:\/\/www.public.sn\/index.php\/2024\/06\/13\/prix-des-denrees-de-premiere-necessite-la-publication-des-nouveaux-prix-attendu-ce-jeudi\/#respond\"]}]},{\"@type\":\"WebPage\",\"@id\":\"https:\/\/www.public.sn\/index.php\/2024\/06\/13\/prix-des-denrees-de-premiere-necessite-la-publication-des-nouveaux-prix-attendu-ce-jeudi\/\",\"url\":\"https:\/\/www.public.sn\/index.php\/2024\/06\/13\/prix-des-denrees-de-premiere-necessite-la-publication-des-nouveaux-prix-attendu-ce-jeudi\/\",\"name\":\"Prix des denr\u00e9es de premi\u00e8re n\u00e9cessit\u00e9\u2026 : La publication des nouveaux prix attendu, ce jeudi - LE PUBLIC\",\"isPartOf\":{\"@id\":\"https:\/\/www.public.sn\/#website\"},\"primaryImageOfPage\":{\"@id\":\"https:\/\/www.public.sn\/index.php\/2024\/06\/13\/prix-des-denrees-de-premiere-necessite-la-publication-des-nouveaux-prix-attendu-ce-jeudi\/#primaryimage\"},\"image\":{\"@id\":\"https:\/\/www.public.sn\/index.php\/2024\/06\/13\/prix-des-denrees-de-premiere-necessite-la-publication-des-nouveaux-prix-attendu-ce-jeudi\/#primaryimage\"},\"thumbnailUrl\":\"https:\/\/www.public.sn\/wp-content\/uploads\/2024\/06\/SYH3P2BQYVCHLMWUTXDJOMDIRU.avif\",\"datePublished\":\"2024-06-13T11:52:05+00:00\",\"dateModified\":\"2024-06-13T11:52:31+00:00\",\"breadcrumb\":{\"@id\":\"https:\/\/www.public.sn\/index.php\/2024\/06\/13\/prix-des-denrees-de-premiere-necessite-la-publication-des-nouveaux-prix-attendu-ce-jeudi\/#breadcrumb\"},\"inLanguage\":\"fr-FR\",\"potentialAction\":[{\"@type\":\"ReadAction\",\"target\":[\"https:\/\/www.public.sn\/index.php\/2024\/06\/13\/prix-des-denrees-de-premiere-necessite-la-publication-des-nouveaux-prix-attendu-ce-jeudi\/\"]}]},{\"@type\":\"ImageObject\",\"inLanguage\":\"fr-FR\",\"@id\":\"https:\/\/www.public.sn\/index.php\/2024\/06\/13\/prix-des-denrees-de-premiere-necessite-la-publication-des-nouveaux-prix-attendu-ce-jeudi\/#primaryimage\",\"url\":\"https:\/\/www.public.sn\/wp-content\/uploads\/2024\/06\/SYH3P2BQYVCHLMWUTXDJOMDIRU.avif\",\"contentUrl\":\"https:\/\/www.public.sn\/wp-content\/uploads\/2024\/06\/SYH3P2BQYVCHLMWUTXDJOMDIRU.avif\",\"width\":1216,\"height\":684},{\"@type\":\"BreadcrumbList\",\"@id\":\"https:\/\/www.public.sn\/index.php\/2024\/06\/13\/prix-des-denrees-de-premiere-necessite-la-publication-des-nouveaux-prix-attendu-ce-jeudi\/#breadcrumb\",\"itemListElement\":[{\"@type\":\"ListItem\",\"position\":1,\"name\":\"Accueil\",\"item\":\"https:\/\/www.public.sn\/\"},{\"@type\":\"ListItem\",\"position\":2,\"name\":\"Prix des denr\u00e9es de premi\u00e8re n\u00e9cessit\u00e9\u2026 : La publication des nouveaux prix attendu, ce jeudi\"}]},{\"@type\":\"WebSite\",\"@id\":\"https:\/\/www.public.sn\/#website\",\"url\":\"https:\/\/www.public.sn\/\",\"name\":\"LE PUBLIC\",\"description\":\"\",\"publisher\":{\"@id\":\"https:\/\/www.public.sn\/#organization\"},\"potentialAction\":[{\"@type\":\"SearchAction\",\"target\":{\"@type\":\"EntryPoint\",\"urlTemplate\":\"https:\/\/www.public.sn\/?s={search_term_string}\"},\"query-input\":{\"@type\":\"PropertyValueSpecification\",\"valueRequired\":true,\"valueName\":\"search_term_string\"}}],\"inLanguage\":\"fr-FR\"},{\"@type\":\"Organization\",\"@id\":\"https:\/\/www.public.sn\/#organization\",\"name\":\"LE PUBLIC\",\"url\":\"https:\/\/www.public.sn\/\",\"logo\":{\"@type\":\"ImageObject\",\"inLanguage\":\"fr-FR\",\"@id\":\"https:\/\/www.public.sn\/#\/schema\/logo\/image\/\",\"url\":\"https:\/\/www.public.sn\/wp-content\/uploads\/2024\/05\/cropped-LOGO-PUBLIC.SN_.png\",\"contentUrl\":\"https:\/\/www.public.sn\/wp-content\/uploads\/2024\/05\/cropped-LOGO-PUBLIC.SN_.png\",\"width\":682,\"height\":192,\"caption\":\"LE PUBLIC\"},\"image\":{\"@id\":\"https:\/\/www.public.sn\/#\/schema\/logo\/image\/\"}},{\"@type\":\"Person\",\"@id\":\"https:\/\/www.public.sn\/#\/schema\/person\/f77cd9ce05d8fb925eb038378ee6899d\",\"name\":\"Baye Amath THIAM\",\"image\":{\"@type\":\"ImageObject\",\"inLanguage\":\"fr-FR\",\"@id\":\"https:\/\/www.public.sn\/#\/schema\/person\/image\/\",\"url\":\"https:\/\/secure.gravatar.com\/avatar\/7eb863ef1336b6f8a2ad921469701e52f094a61c698fab02f5af742ed813612d?s=96&d=mm&r=g\",\"contentUrl\":\"https:\/\/secure.gravatar.com\/avatar\/7eb863ef1336b6f8a2ad921469701e52f094a61c698fab02f5af742ed813612d?s=96&d=mm&r=g\",\"caption\":\"Baye Amath THIAM\"},\"url\":\"https:\/\/www.public.sn\/index.php\/author\/thiamba24\/\"}]}<\/script>\n<!-- \/ Yoast SEO plugin. -->","yoast_head_json":{"title":"Prix des denr\u00e9es de premi\u00e8re n\u00e9cessit\u00e9\u2026 : La publication des nouveaux prix attendu, ce jeudi - LE PUBLIC","robots":{"index":"index","follow":"follow","max-snippet":"max-snippet:-1","max-image-preview":"max-image-preview:large","max-video-preview":"max-video-preview:-1"},"canonical":"https:\/\/www.public.sn\/index.php\/2024\/06\/13\/prix-des-denrees-de-premiere-necessite-la-publication-des-nouveaux-prix-attendu-ce-jeudi\/","og_locale":"fr_FR","og_type":"article","og_title":"Prix des denr\u00e9es de premi\u00e8re n\u00e9cessit\u00e9\u2026 : La publication des nouveaux prix attendu, ce jeudi - LE PUBLIC","og_description":"Tr\u00e8s attendus par beaucoup de S\u00e9n\u00e9galais, Ce sera un ouf de soulagement pour les m\u00e9nages. Une lueur d\u2019espoir aussi contre la vie ch\u00e8re, le Pr\u00e9sident de la R\u00e9publique, Bassirou Diomaye Faye, ce mercredi, en Conseil des ministres, \u00aba demande? au Premier Ministre de proc\u00e9der, dans les meilleurs d\u00e9lais, a? l\u2019annonce des d\u00e9cisions prises par le Gouvernement pour baisser les prix de certains produits et services de consommation courante\u00bb. \u00a0 R\u00e9agissant \u00e0 l\u2019interpellation du Pr\u00e9sident, le Premier ministre \u00ab a pr\u00e9sent\u00e9 au Conseil les r\u00e9sultats des concertations organis\u00e9es avec l\u2019ensemble des parties prenantes, dans l\u2019objectif de soulager le budget des m\u00e9nages les plus d\u00e9favoris\u00e9s tout en veillant \u00e0 la soutenabilit\u00e9 budg\u00e9taire \u00bb. \u00abCes mesures qui portent sur certaines denr\u00e9es de premi\u00e8re n\u00e9cessit\u00e9, des produits et services de grande consommation et la facilitation de l\u2019acc\u00e8s au logement seront rendues publiques ce jeudi 13 juin 2024 \u00bb, a d\u00e9clar\u00e9 Ousmane Sonko. Les autorit\u00e9s comp\u00e9tentes sont invit\u00e9es a? prendre toutes les dispositions pour l\u2019application effective des prix homologu\u00e9s qui seront annonc\u00e9s.","og_url":"https:\/\/www.public.sn\/index.php\/2024\/06\/13\/prix-des-denrees-de-premiere-necessite-la-publication-des-nouveaux-prix-attendu-ce-jeudi\/","og_site_name":"LE PUBLIC","article_published_time":"2024-06-13T11:52:05+00:00","article_modified_time":"2024-06-13T11:52:31+00:00","author":"Baye Amath THIAM","twitter_card":"summary_large_image","twitter_misc":{"\u00c9crit par":"Baye Amath THIAM","Dur\u00e9e de lecture estim\u00e9e":"2 minutes"},"schema":{"@context":"https:\/\/schema.org","@graph":[{"@type":"Article","@id":"https:\/\/www.public.sn\/index.php\/2024\/06\/13\/prix-des-denrees-de-premiere-necessite-la-publication-des-nouveaux-prix-attendu-ce-jeudi\/#article","isPartOf":{"@id":"https:\/\/www.public.sn\/index.php\/2024\/06\/13\/prix-des-denrees-de-premiere-necessite-la-publication-des-nouveaux-prix-attendu-ce-jeudi\/"},"author":{"name":"Baye Amath THIAM","@id":"https:\/\/www.public.sn\/#\/schema\/person\/f77cd9ce05d8fb925eb038378ee6899d"},"headline":"Prix des denr\u00e9es de premi\u00e8re n\u00e9cessit\u00e9\u2026 : La publication des nouveaux prix attendu, ce jeudi","datePublished":"2024-06-13T11:52:05+00:00","dateModified":"2024-06-13T11:52:31+00:00","mainEntityOfPage":{"@id":"https:\/\/www.public.sn\/index.php\/2024\/06\/13\/prix-des-denrees-de-premiere-necessite-la-publication-des-nouveaux-prix-attendu-ce-jeudi\/"},"wordCount":212,"commentCount":0,"publisher":{"@id":"https:\/\/www.public.sn\/#organization"},"image":{"@id":"https:\/\/www.public.sn\/index.php\/2024\/06\/13\/prix-des-denrees-de-premiere-necessite-la-publication-des-nouveaux-prix-attendu-ce-jeudi\/#primaryimage"},"thumbnailUrl":"https:\/\/www.public.sn\/wp-content\/uploads\/2024\/06\/SYH3P2BQYVCHLMWUTXDJOMDIRU.avif","keywords":["bassirou diomaye faye","ce mercredi","Ces mesures qui portent sur certaines denr\u00e9es de premi\u00e8re n\u00e9cessit\u00e9","des produits et services de grande consommation","en Conseil des ministres","la facilitation de l\u2019acc\u00e8s au logement seront rendues publiques ce jeudi 13 juin 2024 \u00bb","le Pr\u00e9sident de la R\u00e9publique","Tr\u00e8s attendus par beaucoup de S\u00e9n\u00e9galais","un ouf de soulagement pour les m\u00e9nages.","Une lueur d\u2019espoir aussi contre la vie ch\u00e8re"],"articleSection":["ACTUALIT\u00c9S","AFRIQUE &amp; MONDE","COMMUNIQU\u00c9","\u00c9CONOMIE","internationale","S\u00c9N\u00c9GAL","SOCIETE"],"inLanguage":"fr-FR","potentialAction":[{"@type":"CommentAction","name":"Comment","target":["https:\/\/www.public.sn\/index.php\/2024\/06\/13\/prix-des-denrees-de-premiere-necessite-la-publication-des-nouveaux-prix-attendu-ce-jeudi\/#respond"]}]},{"@type":"WebPage","@id":"https:\/\/www.public.sn\/index.php\/2024\/06\/13\/prix-des-denrees-de-premiere-necessite-la-publication-des-nouveaux-prix-attendu-ce-jeudi\/","url":"https:\/\/www.public.sn\/index.php\/2024\/06\/13\/prix-des-denrees-de-premiere-necessite-la-publication-des-nouveaux-prix-attendu-ce-jeudi\/","name":"Prix des denr\u00e9es de premi\u00e8re n\u00e9cessit\u00e9\u2026 : La publication des nouveaux prix attendu, ce jeudi - LE PUBLIC","isPartOf":{"@id":"https:\/\/www.public.sn\/#website"},"primaryImageOfPage":{"@id":"https:\/\/www.public.sn\/index.php\/2024\/06\/13\/prix-des-denrees-de-premiere-necessite-la-publication-des-nouveaux-prix-attendu-ce-jeudi\/#primaryimage"},"image":{"@id":"https:\/\/www.public.sn\/index.php\/2024\/06\/13\/prix-des-denrees-de-premiere-necessite-la-publication-des-nouveaux-prix-attendu-ce-jeudi\/#primaryimage"},"thumbnailUrl":"https:\/\/www.public.sn\/wp-content\/uploads\/2024\/06\/SYH3P2BQYVCHLMWUTXDJOMDIRU.avif","datePublished":"2024-06-13T11:52:05+00:00","dateModified":"2024-06-13T11:52:31+00:00","breadcrumb":{"@id":"https:\/\/www.public.sn\/index.php\/2024\/06\/13\/prix-des-denrees-de-premiere-necessite-la-publication-des-nouveaux-prix-attendu-ce-jeudi\/#breadcrumb"},"inLanguage":"fr-FR","potentialAction":[{"@type":"ReadAction","target":["https:\/\/www.public.sn\/index.php\/2024\/06\/13\/prix-des-denrees-de-premiere-necessite-la-publication-des-nouveaux-prix-attendu-ce-jeudi\/"]}]},{"@type":"ImageObject","inLanguage":"fr-FR","@id":"https:\/\/www.public.sn\/index.php\/2024\/06\/13\/prix-des-denrees-de-premiere-necessite-la-publication-des-nouveaux-prix-attendu-ce-jeudi\/#primaryimage","url":"https:\/\/www.public.sn\/wp-content\/uploads\/2024\/06\/SYH3P2BQYVCHLMWUTXDJOMDIRU.avif","contentUrl":"https:\/\/www.public.sn\/wp-content\/uploads\/2024\/06\/SYH3P2BQYVCHLMWUTXDJOMDIRU.avif","width":1216,"height":684},{"@type":"BreadcrumbList","@id":"https:\/\/www.public.sn\/index.php\/2024\/06\/13\/prix-des-denrees-de-premiere-necessite-la-publication-des-nouveaux-prix-attendu-ce-jeudi\/#breadcrumb","itemListElement":[{"@type":"ListItem","position":1,"name":"Accueil","item":"https:\/\/www.public.sn\/"},{"@type":"ListItem","position":2,"name":"Prix des denr\u00e9es de premi\u00e8re n\u00e9cessit\u00e9\u2026 : La publication des nouveaux prix attendu, ce jeudi"}]},{"@type":"WebSite","@id":"https:\/\/www.public.sn\/#website","url":"https:\/\/www.public.sn\/","name":"LE PUBLIC","description":"","publisher":{"@id":"https:\/\/www.public.sn\/#organization"},"potentialAction":[{"@type":"SearchAction","target":{"@type":"EntryPoint","urlTemplate":"https:\/\/www.public.sn\/?s={search_term_string}"},"query-input":{"@type":"PropertyValueSpecification","valueRequired":true,"valueName":"search_term_string"}}],"inLanguage":"fr-FR"},{"@type":"Organization","@id":"https:\/\/www.public.sn\/#organization","name":"LE PUBLIC","url":"https:\/\/www.public.sn\/","logo":{"@type":"ImageObject","inLanguage":"fr-FR","@id":"https:\/\/www.public.sn\/#\/schema\/logo\/image\/","url":"https:\/\/www.public.sn\/wp-content\/uploads\/2024\/05\/cropped-LOGO-PUBLIC.SN_.png","contentUrl":"https:\/\/www.public.sn\/wp-content\/uploads\/2024\/05\/cropped-LOGO-PUBLIC.SN_.png","width":682,"height":192,"caption":"LE PUBLIC"},"image":{"@id":"https:\/\/www.public.sn\/#\/schema\/logo\/image\/"}},{"@type":"Person","@id":"https:\/\/www.public.sn\/#\/schema\/person\/f77cd9ce05d8fb925eb038378ee6899d","name":"Baye Amath THIAM","image":{"@type":"ImageObject","inLanguage":"fr-FR","@id":"https:\/\/www.public.sn\/#\/schema\/person\/image\/","url":"https:\/\/secure.gravatar.com\/avatar\/7eb863ef1336b6f8a2ad921469701e52f094a61c698fab02f5af742ed813612d?s=96&d=mm&r=g","contentUrl":"https:\/\/secure.gravatar.com\/avatar\/7eb863ef1336b6f8a2ad921469701e52f094a61c698fab02f5af742ed813612d?s=96&d=mm&r=g","caption":"Baye Amath THIAM"},"url":"https:\/\/www.public.sn\/index.php\/author\/thiamba24\/"}]}},"jetpack_featured_media_url":"https:\/\/www.public.sn\/wp-content\/uploads\/2024\/06\/SYH3P2BQYVCHLMWUTXDJOMDIRU.avif","jetpack_sharing_enabled":true,"_links":{"self":[{"href":"https:\/\/www.public.sn\/index.php\/wp-json\/wp\/v2\/posts\/33389","targetHints":{"allow":["GET"]}}],"collection":[{"href":"https:\/\/www.public.sn\/index.php\/wp-json\/wp\/v2\/posts"}],"about":[{"href":"https:\/\/www.public.sn\/index.php\/wp-json\/wp\/v2\/types\/post"}],"author":[{"embeddable":true,"href":"https:\/\/www.public.sn\/index.php\/wp-json\/wp\/v2\/users\/15"}],"replies":[{"embeddable":true,"href":"https:\/\/www.public.sn\/index.php\/wp-json\/wp\/v2\/comments?post=33389"}],"version-history":[{"count":2,"href":"https:\/\/www.public.sn\/index.php\/wp-json\/wp\/v2\/posts\/33389\/revisions"}],"predecessor-version":[{"id":33392,"href":"https:\/\/www.public.sn\/index.php\/wp-json\/wp\/v2\/posts\/33389\/revisions\/33392"}],"wp:featuredmedia":[{"embeddable":true,"href":"https:\/\/www.public.sn\/index.php\/wp-json\/wp\/v2\/media\/33390"}],"wp:attachment":[{"href":"https:\/\/www.public.sn\/index.php\/wp-json\/wp\/v2\/media?parent=33389"}],"wp:term":[{"taxonomy":"category","embeddable":true,"href":"https:\/\/www.public.sn\/index.php\/wp-json\/wp\/v2\/categories?post=33389"},{"taxonomy":"post_tag","embeddable":true,"href":"https:\/\/www.public.sn\/index.php\/wp-json\/wp\/v2\/tags?post=33389"}],"curies":[{"name":"wp","href":"https:\/\/api.w.org\/{rel}","templated":true}]}}