{"id":33437,"date":"2024-06-15T16:30:04","date_gmt":"2024-06-15T16:30:04","guid":{"rendered":"https:\/\/www.public.sn\/?p=33437"},"modified":"2024-06-15T16:30:04","modified_gmt":"2024-06-15T16:30:04","slug":"necrologie-le-president-diomaye-rend-hommage-a-mademba-sock-une-figure-emblematique-de-la-lutte-syndicale","status":"publish","type":"post","link":"https:\/\/www.public.sn\/index.php\/2024\/06\/15\/necrologie-le-president-diomaye-rend-hommage-a-mademba-sock-une-figure-emblematique-de-la-lutte-syndicale\/","title":{"rendered":"N\u00e9crologie : Le Pr\u00e9sident Diomaye rend hommage \u00e0 Mademba Sock, une figure embl\u00e9matique de la lutte syndicale"},"content":{"rendered":"<h2>Le Pr\u00e9sident de la R\u00e9publique du S\u00e9n\u00e9gal, Bassirou Diomaye Faye dans un message publi\u00e9 sur son r\u00e9seau social Facebook a exprim\u00e9 ses condol\u00e9ances<\/h2>\n<h2>\u00ab C\u2019est avec une grande tristesse que nous apprenons le d\u00e9c\u00e8s de Mademba Sock, une figure embl\u00e9matique de la lutte syndicale au S\u00e9n\u00e9gal. Son engagement in\u00e9branlable pour les droits des travailleurs restera \u00e0 jamais grav\u00e9 dans nos m\u00e9moires \u00bb, a d\u00e9clar\u00e9 le Pr\u00e9sident.<\/h2>\n<h2>Mademba Sock \u00e9tait connu pour sa d\u00e9termination et son d\u00e9vouement en faveur des travailleurs s\u00e9n\u00e9galais, d\u00e9fendant ardemment leurs droits tout au long de sa vie.<\/h2>\n<h2>\u00ab Au nom de la nation, nous pr\u00e9sentons nos sinc\u00e8res condol\u00e9ances \u00e0 sa famille et \u00e0 tous ceux qu&rsquo;il a inspir\u00e9s. Que son \u00e2me repose en paix \u00bb, a ajout\u00e9 le Pr\u00e9sident, exprimant ainsi le respect et la gratitude de tout un pays envers cet homme dont l&rsquo;impact restera durable.<\/h2>\n<div class=\"publi-apres-le-contenu\" style=\"margin-top: 10px;margin-bottom: 10px;margin-left: auto;margin-right: auto;text-align: center;\" id=\"publi-621964595\"><div class=\"publi-adlabel\">Publicit\u00e9<\/div><script async src=\"\/\/pagead2.googlesyndication.com\/pagead\/js\/adsbygoogle.js?client=ca-pub-4089586018074219\" crossorigin=\"anonymous\"><\/script><ins class=\"adsbygoogle\" style=\"display:block;\" data-ad-client=\"ca-pub-4089586018074219\" \ndata-ad-slot=\"2087940154\" \ndata-ad-format=\"auto\"><\/ins>\n<script> \n(adsbygoogle = window.adsbygoogle || []).push({}); \n<\/script>\n<\/div>","protected":false},"excerpt":{"rendered":"<p>Le Pr\u00e9sident de la R\u00e9publique du S\u00e9n\u00e9gal, Bassirou Diomaye Faye dans un message publi\u00e9 sur son r\u00e9seau social Facebook a exprim\u00e9 ses condol\u00e9ances \u00ab C\u2019est avec une grande tristesse que nous apprenons le d\u00e9c\u00e8s de Mademba Sock, une figure embl\u00e9matique de la lutte syndicale au S\u00e9n\u00e9gal. Son engagement in\u00e9branlable pour les droits des travailleurs restera \u00e0 jamais grav\u00e9 dans nos m\u00e9moires \u00bb, a d\u00e9clar\u00e9 le Pr\u00e9sident. Mademba Sock \u00e9tait connu pour sa d\u00e9termination et son d\u00e9vouement en faveur des travailleurs s\u00e9n\u00e9galais, d\u00e9fendant ardemment leurs droits tout au long de sa vie. \u00ab Au nom de la nation, nous pr\u00e9sentons nos sinc\u00e8res condol\u00e9ances \u00e0 sa famille et \u00e0 tous ceux qu&rsquo;il a inspir\u00e9s. Que son \u00e2me repose en paix \u00bb, a ajout\u00e9 le Pr\u00e9sident, exprimant ainsi le respect et la gratitude de tout un pays envers cet homme dont l&rsquo;impact restera durable.<\/p>\n","protected":false},"author":15,"featured_media":33438,"comment_status":"open","ping_status":"open","sticky":false,"template":"","format":"standard","meta":{"_jetpack_memberships_contains_paid_content":false,"footnotes":""},"categories":[375,550,9,3728,371,1],"tags":[6110,3678,6109,6111,5718,6112],"class_list":["post-33437","post","type-post","status-publish","format-standard","has-post-thumbnail","hentry","category-actualites","category-afrique-monde","category-communique","category-internationale","category-necrologie","category-non-classe","tag-a-exprime-ses-condoleances","tag-bassirou-diomaye-faye","tag-dans-un-message-publie-sur-son-reseau","tag-le-deces-de-mademba-sock","tag-le-president-de-la-republique","tag-nous-presentons-nos-sinceres-condoleances-a-sa-famille","entry","has-media","owp-thumbs-layout-horizontal","owp-btn-normal","owp-tabs-layout-horizontal","has-no-thumbnails","has-product-nav"],"yoast_head":"<!-- This site is optimized with the Yoast SEO plugin v25.5 - https:\/\/yoast.com\/wordpress\/plugins\/seo\/ -->\n<title>N\u00e9crologie : Le Pr\u00e9sident Diomaye rend hommage \u00e0 Mademba Sock, une figure embl\u00e9matique de la lutte syndicale - LE PUBLIC<\/title>\n<meta name=\"robots\" content=\"index, follow, max-snippet:-1, max-image-preview:large, max-video-preview:-1\" \/>\n<link rel=\"canonical\" href=\"https:\/\/www.public.sn\/index.php\/2024\/06\/15\/necrologie-le-president-diomaye-rend-hommage-a-mademba-sock-une-figure-emblematique-de-la-lutte-syndicale\/\" \/>\n<meta property=\"og:locale\" content=\"fr_FR\" \/>\n<meta property=\"og:type\" content=\"article\" \/>\n<meta property=\"og:title\" content=\"N\u00e9crologie : Le Pr\u00e9sident Diomaye rend hommage \u00e0 Mademba Sock, une figure embl\u00e9matique de la lutte syndicale - LE PUBLIC\" \/>\n<meta property=\"og:description\" content=\"Le Pr\u00e9sident de la R\u00e9publique du S\u00e9n\u00e9gal, Bassirou Diomaye Faye dans un message publi\u00e9 sur son r\u00e9seau social Facebook a exprim\u00e9 ses condol\u00e9ances \u00ab C\u2019est avec une grande tristesse que nous apprenons le d\u00e9c\u00e8s de Mademba Sock, une figure embl\u00e9matique de la lutte syndicale au S\u00e9n\u00e9gal. Son engagement in\u00e9branlable pour les droits des travailleurs restera \u00e0 jamais grav\u00e9 dans nos m\u00e9moires \u00bb, a d\u00e9clar\u00e9 le Pr\u00e9sident. Mademba Sock \u00e9tait connu pour sa d\u00e9termination et son d\u00e9vouement en faveur des travailleurs s\u00e9n\u00e9galais, d\u00e9fendant ardemment leurs droits tout au long de sa vie. \u00ab Au nom de la nation, nous pr\u00e9sentons nos sinc\u00e8res condol\u00e9ances \u00e0 sa famille et \u00e0 tous ceux qu&rsquo;il a inspir\u00e9s. Que son \u00e2me repose en paix \u00bb, a ajout\u00e9 le Pr\u00e9sident, exprimant ainsi le respect et la gratitude de tout un pays envers cet homme dont l&rsquo;impact restera durable.\" \/>\n<meta property=\"og:url\" content=\"https:\/\/www.public.sn\/index.php\/2024\/06\/15\/necrologie-le-president-diomaye-rend-hommage-a-mademba-sock-une-figure-emblematique-de-la-lutte-syndicale\/\" \/>\n<meta property=\"og:site_name\" content=\"LE PUBLIC\" \/>\n<meta property=\"article:published_time\" content=\"2024-06-15T16:30:04+00:00\" \/>\n<meta property=\"og:image\" content=\"https:\/\/www.public.sn\/wp-content\/uploads\/2024\/06\/80990573-58385014.jpeg\" \/>\n\t<meta property=\"og:image:width\" content=\"860\" \/>\n\t<meta property=\"og:image:height\" content=\"537\" \/>\n\t<meta property=\"og:image:type\" content=\"image\/jpeg\" \/>\n<meta name=\"author\" content=\"Baye Amath THIAM\" \/>\n<meta name=\"twitter:card\" content=\"summary_large_image\" \/>\n<meta name=\"twitter:label1\" content=\"\u00c9crit par\" \/>\n\t<meta name=\"twitter:data1\" content=\"Baye Amath THIAM\" \/>\n\t<meta name=\"twitter:label2\" content=\"Dur\u00e9e de lecture estim\u00e9e\" \/>\n\t<meta name=\"twitter:data2\" content=\"1 minute\" \/>\n<script type=\"application\/ld+json\" class=\"yoast-schema-graph\">{\"@context\":\"https:\/\/schema.org\",\"@graph\":[{\"@type\":\"Article\",\"@id\":\"https:\/\/www.public.sn\/index.php\/2024\/06\/15\/necrologie-le-president-diomaye-rend-hommage-a-mademba-sock-une-figure-emblematique-de-la-lutte-syndicale\/#article\",\"isPartOf\":{\"@id\":\"https:\/\/www.public.sn\/index.php\/2024\/06\/15\/necrologie-le-president-diomaye-rend-hommage-a-mademba-sock-une-figure-emblematique-de-la-lutte-syndicale\/\"},\"author\":{\"name\":\"Baye Amath THIAM\",\"@id\":\"https:\/\/www.public.sn\/#\/schema\/person\/f77cd9ce05d8fb925eb038378ee6899d\"},\"headline\":\"N\u00e9crologie : Le Pr\u00e9sident Diomaye rend hommage \u00e0 Mademba Sock, une figure embl\u00e9matique de la lutte syndicale\",\"datePublished\":\"2024-06-15T16:30:04+00:00\",\"mainEntityOfPage\":{\"@id\":\"https:\/\/www.public.sn\/index.php\/2024\/06\/15\/necrologie-le-president-diomaye-rend-hommage-a-mademba-sock-une-figure-emblematique-de-la-lutte-syndicale\/\"},\"wordCount\":178,\"commentCount\":0,\"publisher\":{\"@id\":\"https:\/\/www.public.sn\/#organization\"},\"image\":{\"@id\":\"https:\/\/www.public.sn\/index.php\/2024\/06\/15\/necrologie-le-president-diomaye-rend-hommage-a-mademba-sock-une-figure-emblematique-de-la-lutte-syndicale\/#primaryimage\"},\"thumbnailUrl\":\"https:\/\/www.public.sn\/wp-content\/uploads\/2024\/06\/80990573-58385014.jpeg\",\"keywords\":[\"a exprim\u00e9 ses condol\u00e9ances\",\"bassirou diomaye faye\",\"dans un message publi\u00e9 sur son r\u00e9seau\",\"le d\u00e9c\u00e8s de Mademba Sock\",\"le Pr\u00e9sident de la R\u00e9publique\",\"nous pr\u00e9sentons nos sinc\u00e8res condol\u00e9ances \u00e0 sa famille\"],\"articleSection\":[\"ACTUALIT\u00c9S\",\"AFRIQUE &amp; MONDE\",\"COMMUNIQU\u00c9\",\"internationale\",\"N\u00c9CROLOGIE\",\"S\u00c9N\u00c9GAL\"],\"inLanguage\":\"fr-FR\",\"potentialAction\":[{\"@type\":\"CommentAction\",\"name\":\"Comment\",\"target\":[\"https:\/\/www.public.sn\/index.php\/2024\/06\/15\/necrologie-le-president-diomaye-rend-hommage-a-mademba-sock-une-figure-emblematique-de-la-lutte-syndicale\/#respond\"]}]},{\"@type\":\"WebPage\",\"@id\":\"https:\/\/www.public.sn\/index.php\/2024\/06\/15\/necrologie-le-president-diomaye-rend-hommage-a-mademba-sock-une-figure-emblematique-de-la-lutte-syndicale\/\",\"url\":\"https:\/\/www.public.sn\/index.php\/2024\/06\/15\/necrologie-le-president-diomaye-rend-hommage-a-mademba-sock-une-figure-emblematique-de-la-lutte-syndicale\/\",\"name\":\"N\u00e9crologie : Le Pr\u00e9sident Diomaye rend hommage \u00e0 Mademba Sock, une figure embl\u00e9matique de la lutte syndicale - LE PUBLIC\",\"isPartOf\":{\"@id\":\"https:\/\/www.public.sn\/#website\"},\"primaryImageOfPage\":{\"@id\":\"https:\/\/www.public.sn\/index.php\/2024\/06\/15\/necrologie-le-president-diomaye-rend-hommage-a-mademba-sock-une-figure-emblematique-de-la-lutte-syndicale\/#primaryimage\"},\"image\":{\"@id\":\"https:\/\/www.public.sn\/index.php\/2024\/06\/15\/necrologie-le-president-diomaye-rend-hommage-a-mademba-sock-une-figure-emblematique-de-la-lutte-syndicale\/#primaryimage\"},\"thumbnailUrl\":\"https:\/\/www.public.sn\/wp-content\/uploads\/2024\/06\/80990573-58385014.jpeg\",\"datePublished\":\"2024-06-15T16:30:04+00:00\",\"breadcrumb\":{\"@id\":\"https:\/\/www.public.sn\/index.php\/2024\/06\/15\/necrologie-le-president-diomaye-rend-hommage-a-mademba-sock-une-figure-emblematique-de-la-lutte-syndicale\/#breadcrumb\"},\"inLanguage\":\"fr-FR\",\"potentialAction\":[{\"@type\":\"ReadAction\",\"target\":[\"https:\/\/www.public.sn\/index.php\/2024\/06\/15\/necrologie-le-president-diomaye-rend-hommage-a-mademba-sock-une-figure-emblematique-de-la-lutte-syndicale\/\"]}]},{\"@type\":\"ImageObject\",\"inLanguage\":\"fr-FR\",\"@id\":\"https:\/\/www.public.sn\/index.php\/2024\/06\/15\/necrologie-le-president-diomaye-rend-hommage-a-mademba-sock-une-figure-emblematique-de-la-lutte-syndicale\/#primaryimage\",\"url\":\"https:\/\/www.public.sn\/wp-content\/uploads\/2024\/06\/80990573-58385014.jpeg\",\"contentUrl\":\"https:\/\/www.public.sn\/wp-content\/uploads\/2024\/06\/80990573-58385014.jpeg\",\"width\":860,\"height\":537},{\"@type\":\"BreadcrumbList\",\"@id\":\"https:\/\/www.public.sn\/index.php\/2024\/06\/15\/necrologie-le-president-diomaye-rend-hommage-a-mademba-sock-une-figure-emblematique-de-la-lutte-syndicale\/#breadcrumb\",\"itemListElement\":[{\"@type\":\"ListItem\",\"position\":1,\"name\":\"Accueil\",\"item\":\"https:\/\/www.public.sn\/\"},{\"@type\":\"ListItem\",\"position\":2,\"name\":\"N\u00e9crologie : Le Pr\u00e9sident Diomaye rend hommage \u00e0 Mademba Sock, une figure embl\u00e9matique de la lutte syndicale\"}]},{\"@type\":\"WebSite\",\"@id\":\"https:\/\/www.public.sn\/#website\",\"url\":\"https:\/\/www.public.sn\/\",\"name\":\"LE PUBLIC\",\"description\":\"\",\"publisher\":{\"@id\":\"https:\/\/www.public.sn\/#organization\"},\"potentialAction\":[{\"@type\":\"SearchAction\",\"target\":{\"@type\":\"EntryPoint\",\"urlTemplate\":\"https:\/\/www.public.sn\/?s={search_term_string}\"},\"query-input\":{\"@type\":\"PropertyValueSpecification\",\"valueRequired\":true,\"valueName\":\"search_term_string\"}}],\"inLanguage\":\"fr-FR\"},{\"@type\":\"Organization\",\"@id\":\"https:\/\/www.public.sn\/#organization\",\"name\":\"LE PUBLIC\",\"url\":\"https:\/\/www.public.sn\/\",\"logo\":{\"@type\":\"ImageObject\",\"inLanguage\":\"fr-FR\",\"@id\":\"https:\/\/www.public.sn\/#\/schema\/logo\/image\/\",\"url\":\"https:\/\/www.public.sn\/wp-content\/uploads\/2024\/05\/cropped-LOGO-PUBLIC.SN_.png\",\"contentUrl\":\"https:\/\/www.public.sn\/wp-content\/uploads\/2024\/05\/cropped-LOGO-PUBLIC.SN_.png\",\"width\":682,\"height\":192,\"caption\":\"LE PUBLIC\"},\"image\":{\"@id\":\"https:\/\/www.public.sn\/#\/schema\/logo\/image\/\"}},{\"@type\":\"Person\",\"@id\":\"https:\/\/www.public.sn\/#\/schema\/person\/f77cd9ce05d8fb925eb038378ee6899d\",\"name\":\"Baye Amath THIAM\",\"image\":{\"@type\":\"ImageObject\",\"inLanguage\":\"fr-FR\",\"@id\":\"https:\/\/www.public.sn\/#\/schema\/person\/image\/\",\"url\":\"https:\/\/secure.gravatar.com\/avatar\/7eb863ef1336b6f8a2ad921469701e52f094a61c698fab02f5af742ed813612d?s=96&d=mm&r=g\",\"contentUrl\":\"https:\/\/secure.gravatar.com\/avatar\/7eb863ef1336b6f8a2ad921469701e52f094a61c698fab02f5af742ed813612d?s=96&d=mm&r=g\",\"caption\":\"Baye Amath THIAM\"},\"url\":\"https:\/\/www.public.sn\/index.php\/author\/thiamba24\/\"}]}<\/script>\n<!-- \/ Yoast SEO plugin. -->","yoast_head_json":{"title":"N\u00e9crologie : Le Pr\u00e9sident Diomaye rend hommage \u00e0 Mademba Sock, une figure embl\u00e9matique de la lutte syndicale - LE PUBLIC","robots":{"index":"index","follow":"follow","max-snippet":"max-snippet:-1","max-image-preview":"max-image-preview:large","max-video-preview":"max-video-preview:-1"},"canonical":"https:\/\/www.public.sn\/index.php\/2024\/06\/15\/necrologie-le-president-diomaye-rend-hommage-a-mademba-sock-une-figure-emblematique-de-la-lutte-syndicale\/","og_locale":"fr_FR","og_type":"article","og_title":"N\u00e9crologie : Le Pr\u00e9sident Diomaye rend hommage \u00e0 Mademba Sock, une figure embl\u00e9matique de la lutte syndicale - LE PUBLIC","og_description":"Le Pr\u00e9sident de la R\u00e9publique du S\u00e9n\u00e9gal, Bassirou Diomaye Faye dans un message publi\u00e9 sur son r\u00e9seau social Facebook a exprim\u00e9 ses condol\u00e9ances \u00ab C\u2019est avec une grande tristesse que nous apprenons le d\u00e9c\u00e8s de Mademba Sock, une figure embl\u00e9matique de la lutte syndicale au S\u00e9n\u00e9gal. Son engagement in\u00e9branlable pour les droits des travailleurs restera \u00e0 jamais grav\u00e9 dans nos m\u00e9moires \u00bb, a d\u00e9clar\u00e9 le Pr\u00e9sident. Mademba Sock \u00e9tait connu pour sa d\u00e9termination et son d\u00e9vouement en faveur des travailleurs s\u00e9n\u00e9galais, d\u00e9fendant ardemment leurs droits tout au long de sa vie. \u00ab Au nom de la nation, nous pr\u00e9sentons nos sinc\u00e8res condol\u00e9ances \u00e0 sa famille et \u00e0 tous ceux qu&rsquo;il a inspir\u00e9s. Que son \u00e2me repose en paix \u00bb, a ajout\u00e9 le Pr\u00e9sident, exprimant ainsi le respect et la gratitude de tout un pays envers cet homme dont l&rsquo;impact restera durable.","og_url":"https:\/\/www.public.sn\/index.php\/2024\/06\/15\/necrologie-le-president-diomaye-rend-hommage-a-mademba-sock-une-figure-emblematique-de-la-lutte-syndicale\/","og_site_name":"LE PUBLIC","article_published_time":"2024-06-15T16:30:04+00:00","og_image":[{"width":860,"height":537,"url":"https:\/\/www.public.sn\/wp-content\/uploads\/2024\/06\/80990573-58385014.jpeg","type":"image\/jpeg"}],"author":"Baye Amath THIAM","twitter_card":"summary_large_image","twitter_misc":{"\u00c9crit par":"Baye Amath THIAM","Dur\u00e9e de lecture estim\u00e9e":"1 minute"},"schema":{"@context":"https:\/\/schema.org","@graph":[{"@type":"Article","@id":"https:\/\/www.public.sn\/index.php\/2024\/06\/15\/necrologie-le-president-diomaye-rend-hommage-a-mademba-sock-une-figure-emblematique-de-la-lutte-syndicale\/#article","isPartOf":{"@id":"https:\/\/www.public.sn\/index.php\/2024\/06\/15\/necrologie-le-president-diomaye-rend-hommage-a-mademba-sock-une-figure-emblematique-de-la-lutte-syndicale\/"},"author":{"name":"Baye Amath THIAM","@id":"https:\/\/www.public.sn\/#\/schema\/person\/f77cd9ce05d8fb925eb038378ee6899d"},"headline":"N\u00e9crologie : Le Pr\u00e9sident Diomaye rend hommage \u00e0 Mademba Sock, une figure embl\u00e9matique de la lutte syndicale","datePublished":"2024-06-15T16:30:04+00:00","mainEntityOfPage":{"@id":"https:\/\/www.public.sn\/index.php\/2024\/06\/15\/necrologie-le-president-diomaye-rend-hommage-a-mademba-sock-une-figure-emblematique-de-la-lutte-syndicale\/"},"wordCount":178,"commentCount":0,"publisher":{"@id":"https:\/\/www.public.sn\/#organization"},"image":{"@id":"https:\/\/www.public.sn\/index.php\/2024\/06\/15\/necrologie-le-president-diomaye-rend-hommage-a-mademba-sock-une-figure-emblematique-de-la-lutte-syndicale\/#primaryimage"},"thumbnailUrl":"https:\/\/www.public.sn\/wp-content\/uploads\/2024\/06\/80990573-58385014.jpeg","keywords":["a exprim\u00e9 ses condol\u00e9ances","bassirou diomaye faye","dans un message publi\u00e9 sur son r\u00e9seau","le d\u00e9c\u00e8s de Mademba Sock","le Pr\u00e9sident de la R\u00e9publique","nous pr\u00e9sentons nos sinc\u00e8res condol\u00e9ances \u00e0 sa famille"],"articleSection":["ACTUALIT\u00c9S","AFRIQUE &amp; MONDE","COMMUNIQU\u00c9","internationale","N\u00c9CROLOGIE","S\u00c9N\u00c9GAL"],"inLanguage":"fr-FR","potentialAction":[{"@type":"CommentAction","name":"Comment","target":["https:\/\/www.public.sn\/index.php\/2024\/06\/15\/necrologie-le-president-diomaye-rend-hommage-a-mademba-sock-une-figure-emblematique-de-la-lutte-syndicale\/#respond"]}]},{"@type":"WebPage","@id":"https:\/\/www.public.sn\/index.php\/2024\/06\/15\/necrologie-le-president-diomaye-rend-hommage-a-mademba-sock-une-figure-emblematique-de-la-lutte-syndicale\/","url":"https:\/\/www.public.sn\/index.php\/2024\/06\/15\/necrologie-le-president-diomaye-rend-hommage-a-mademba-sock-une-figure-emblematique-de-la-lutte-syndicale\/","name":"N\u00e9crologie : Le Pr\u00e9sident Diomaye rend hommage \u00e0 Mademba Sock, une figure embl\u00e9matique de la lutte syndicale - LE PUBLIC","isPartOf":{"@id":"https:\/\/www.public.sn\/#website"},"primaryImageOfPage":{"@id":"https:\/\/www.public.sn\/index.php\/2024\/06\/15\/necrologie-le-president-diomaye-rend-hommage-a-mademba-sock-une-figure-emblematique-de-la-lutte-syndicale\/#primaryimage"},"image":{"@id":"https:\/\/www.public.sn\/index.php\/2024\/06\/15\/necrologie-le-president-diomaye-rend-hommage-a-mademba-sock-une-figure-emblematique-de-la-lutte-syndicale\/#primaryimage"},"thumbnailUrl":"https:\/\/www.public.sn\/wp-content\/uploads\/2024\/06\/80990573-58385014.jpeg","datePublished":"2024-06-15T16:30:04+00:00","breadcrumb":{"@id":"https:\/\/www.public.sn\/index.php\/2024\/06\/15\/necrologie-le-president-diomaye-rend-hommage-a-mademba-sock-une-figure-emblematique-de-la-lutte-syndicale\/#breadcrumb"},"inLanguage":"fr-FR","potentialAction":[{"@type":"ReadAction","target":["https:\/\/www.public.sn\/index.php\/2024\/06\/15\/necrologie-le-president-diomaye-rend-hommage-a-mademba-sock-une-figure-emblematique-de-la-lutte-syndicale\/"]}]},{"@type":"ImageObject","inLanguage":"fr-FR","@id":"https:\/\/www.public.sn\/index.php\/2024\/06\/15\/necrologie-le-president-diomaye-rend-hommage-a-mademba-sock-une-figure-emblematique-de-la-lutte-syndicale\/#primaryimage","url":"https:\/\/www.public.sn\/wp-content\/uploads\/2024\/06\/80990573-58385014.jpeg","contentUrl":"https:\/\/www.public.sn\/wp-content\/uploads\/2024\/06\/80990573-58385014.jpeg","width":860,"height":537},{"@type":"BreadcrumbList","@id":"https:\/\/www.public.sn\/index.php\/2024\/06\/15\/necrologie-le-president-diomaye-rend-hommage-a-mademba-sock-une-figure-emblematique-de-la-lutte-syndicale\/#breadcrumb","itemListElement":[{"@type":"ListItem","position":1,"name":"Accueil","item":"https:\/\/www.public.sn\/"},{"@type":"ListItem","position":2,"name":"N\u00e9crologie : Le Pr\u00e9sident Diomaye rend hommage \u00e0 Mademba Sock, une figure embl\u00e9matique de la lutte syndicale"}]},{"@type":"WebSite","@id":"https:\/\/www.public.sn\/#website","url":"https:\/\/www.public.sn\/","name":"LE PUBLIC","description":"","publisher":{"@id":"https:\/\/www.public.sn\/#organization"},"potentialAction":[{"@type":"SearchAction","target":{"@type":"EntryPoint","urlTemplate":"https:\/\/www.public.sn\/?s={search_term_string}"},"query-input":{"@type":"PropertyValueSpecification","valueRequired":true,"valueName":"search_term_string"}}],"inLanguage":"fr-FR"},{"@type":"Organization","@id":"https:\/\/www.public.sn\/#organization","name":"LE PUBLIC","url":"https:\/\/www.public.sn\/","logo":{"@type":"ImageObject","inLanguage":"fr-FR","@id":"https:\/\/www.public.sn\/#\/schema\/logo\/image\/","url":"https:\/\/www.public.sn\/wp-content\/uploads\/2024\/05\/cropped-LOGO-PUBLIC.SN_.png","contentUrl":"https:\/\/www.public.sn\/wp-content\/uploads\/2024\/05\/cropped-LOGO-PUBLIC.SN_.png","width":682,"height":192,"caption":"LE PUBLIC"},"image":{"@id":"https:\/\/www.public.sn\/#\/schema\/logo\/image\/"}},{"@type":"Person","@id":"https:\/\/www.public.sn\/#\/schema\/person\/f77cd9ce05d8fb925eb038378ee6899d","name":"Baye Amath THIAM","image":{"@type":"ImageObject","inLanguage":"fr-FR","@id":"https:\/\/www.public.sn\/#\/schema\/person\/image\/","url":"https:\/\/secure.gravatar.com\/avatar\/7eb863ef1336b6f8a2ad921469701e52f094a61c698fab02f5af742ed813612d?s=96&d=mm&r=g","contentUrl":"https:\/\/secure.gravatar.com\/avatar\/7eb863ef1336b6f8a2ad921469701e52f094a61c698fab02f5af742ed813612d?s=96&d=mm&r=g","caption":"Baye Amath THIAM"},"url":"https:\/\/www.public.sn\/index.php\/author\/thiamba24\/"}]}},"jetpack_featured_media_url":"https:\/\/www.public.sn\/wp-content\/uploads\/2024\/06\/80990573-58385014.jpeg","jetpack_sharing_enabled":true,"_links":{"self":[{"href":"https:\/\/www.public.sn\/index.php\/wp-json\/wp\/v2\/posts\/33437","targetHints":{"allow":["GET"]}}],"collection":[{"href":"https:\/\/www.public.sn\/index.php\/wp-json\/wp\/v2\/posts"}],"about":[{"href":"https:\/\/www.public.sn\/index.php\/wp-json\/wp\/v2\/types\/post"}],"author":[{"embeddable":true,"href":"https:\/\/www.public.sn\/index.php\/wp-json\/wp\/v2\/users\/15"}],"replies":[{"embeddable":true,"href":"https:\/\/www.public.sn\/index.php\/wp-json\/wp\/v2\/comments?post=33437"}],"version-history":[{"count":2,"href":"https:\/\/www.public.sn\/index.php\/wp-json\/wp\/v2\/posts\/33437\/revisions"}],"predecessor-version":[{"id":33440,"href":"https:\/\/www.public.sn\/index.php\/wp-json\/wp\/v2\/posts\/33437\/revisions\/33440"}],"wp:featuredmedia":[{"embeddable":true,"href":"https:\/\/www.public.sn\/index.php\/wp-json\/wp\/v2\/media\/33438"}],"wp:attachment":[{"href":"https:\/\/www.public.sn\/index.php\/wp-json\/wp\/v2\/media?parent=33437"}],"wp:term":[{"taxonomy":"category","embeddable":true,"href":"https:\/\/www.public.sn\/index.php\/wp-json\/wp\/v2\/categories?post=33437"},{"taxonomy":"post_tag","embeddable":true,"href":"https:\/\/www.public.sn\/index.php\/wp-json\/wp\/v2\/tags?post=33437"}],"curies":[{"name":"wp","href":"https:\/\/api.w.org\/{rel}","templated":true}]}}