{"id":33481,"date":"2024-06-20T12:20:16","date_gmt":"2024-06-20T12:20:16","guid":{"rendered":"https:\/\/www.public.sn\/?p=33481"},"modified":"2024-06-20T12:20:16","modified_gmt":"2024-06-20T12:20:16","slug":"baisse-des-prix-une-reunion-cruciale-prevue-ce-vendredi","status":"publish","type":"post","link":"https:\/\/www.public.sn\/index.php\/2024\/06\/20\/baisse-des-prix-une-reunion-cruciale-prevue-ce-vendredi\/","title":{"rendered":"Baisse des prix : une r\u00e9union cruciale pr\u00e9vue ce vendredi"},"content":{"rendered":"<p>Dans un communiqu\u00e9 repris par Les \u00c9chos, le minist\u00e8re de l\u2019Industrie et du Commerce annonce la tenue, ce vendredi 21 juin, du Conseil national de la consommation. Le rendez-vous est pr\u00e9vu dans un h\u00f4tel de Dakar, signale la source. Qui ajoute qu\u2019on aura au menu \u00abla r\u00e9vision des prix de l\u2019huile de palme raffin\u00e9e, du riz bris\u00e9 ordinaire, du sucre cristallis\u00e9, du pain, de la farine de bl\u00e9 et du ciment, mais \u00e9galement d\u2019autres questions qui touchent aux pr\u00e9occupations des S\u00e9n\u00e9galais\u00bb.<\/p><div class=\"publi-paragraphe1\" style=\"margin-top: 10px;margin-bottom: 10px;margin-left: auto;margin-right: auto;text-align: center;\" id=\"publi-3749777847\"><div class=\"publi-adlabel\">Publicit\u00e9<\/div><script async src=\"\/\/pagead2.googlesyndication.com\/pagead\/js\/adsbygoogle.js?client=ca-pub-4089586018074219\" crossorigin=\"anonymous\"><\/script><ins class=\"adsbygoogle\" style=\"display:block;\" data-ad-client=\"ca-pub-4089586018074219\" \ndata-ad-slot=\"2087940154\" \ndata-ad-format=\"auto\"><\/ins>\n<script> \n(adsbygoogle = window.adsbygoogle || []).push({}); \n<\/script>\n<\/div>\n<div class=\"publi-apres-le-contenu\" style=\"margin-top: 10px;margin-bottom: 10px;margin-left: auto;margin-right: auto;text-align: center;\" id=\"publi-1486005988\"><div class=\"publi-adlabel\">Publicit\u00e9<\/div><script async src=\"\/\/pagead2.googlesyndication.com\/pagead\/js\/adsbygoogle.js?client=ca-pub-4089586018074219\" crossorigin=\"anonymous\"><\/script><ins class=\"adsbygoogle\" style=\"display:block;\" data-ad-client=\"ca-pub-4089586018074219\" \ndata-ad-slot=\"2087940154\" \ndata-ad-format=\"auto\"><\/ins>\n<script> \n(adsbygoogle = window.adsbygoogle || []).push({}); \n<\/script>\n<\/div>","protected":false},"excerpt":{"rendered":"<p>Dans un communiqu\u00e9 repris par Les \u00c9chos, le minist\u00e8re de l\u2019Industrie et du Commerce annonce la tenue, ce vendredi 21 juin, du Conseil national de la consommation. Le rendez-vous est pr\u00e9vu dans un h\u00f4tel de Dakar, signale la source. Qui ajoute qu\u2019on aura au menu \u00abla r\u00e9vision des prix de l\u2019huile de palme raffin\u00e9e, du riz bris\u00e9 ordinaire, du sucre cristallis\u00e9, du pain, de la farine de bl\u00e9 et du ciment, mais \u00e9galement d\u2019autres questions qui touchent aux pr\u00e9occupations des S\u00e9n\u00e9galais\u00bb.<\/p>\n","protected":false},"author":15,"featured_media":33483,"comment_status":"open","ping_status":"open","sticky":false,"template":"","format":"standard","meta":{"_jetpack_memberships_contains_paid_content":false,"footnotes":""},"categories":[375,9,5358,1],"tags":[2537,1062,6133,6132,1772],"class_list":["post-33481","post","type-post","status-publish","format-standard","has-post-thumbnail","hentry","category-actualites","category-communique","category-economie-2","category-non-classe","tag-baisse-des-prix","tag-communique","tag-conseil-national-de-la-consommation","tag-ministere-de-lindustrie-et-du-commerce","tag-senegalais","entry","has-media","owp-thumbs-layout-horizontal","owp-btn-normal","owp-tabs-layout-horizontal","has-no-thumbnails","has-product-nav"],"yoast_head":"<!-- This site is optimized with the Yoast SEO plugin v25.5 - https:\/\/yoast.com\/wordpress\/plugins\/seo\/ -->\n<title>Baisse des prix : une r\u00e9union cruciale pr\u00e9vue ce vendredi - LE PUBLIC<\/title>\n<meta name=\"robots\" content=\"index, follow, max-snippet:-1, max-image-preview:large, max-video-preview:-1\" \/>\n<link rel=\"canonical\" href=\"https:\/\/www.public.sn\/index.php\/2024\/06\/20\/baisse-des-prix-une-reunion-cruciale-prevue-ce-vendredi\/\" \/>\n<meta property=\"og:locale\" content=\"fr_FR\" \/>\n<meta property=\"og:type\" content=\"article\" \/>\n<meta property=\"og:title\" content=\"Baisse des prix : une r\u00e9union cruciale pr\u00e9vue ce vendredi - LE PUBLIC\" \/>\n<meta property=\"og:description\" content=\"Dans un communiqu\u00e9 repris par Les \u00c9chos, le minist\u00e8re de l\u2019Industrie et du Commerce annonce la tenue, ce vendredi 21 juin, du Conseil national de la consommation. Le rendez-vous est pr\u00e9vu dans un h\u00f4tel de Dakar, signale la source. Qui ajoute qu\u2019on aura au menu \u00abla r\u00e9vision des prix de l\u2019huile de palme raffin\u00e9e, du riz bris\u00e9 ordinaire, du sucre cristallis\u00e9, du pain, de la farine de bl\u00e9 et du ciment, mais \u00e9galement d\u2019autres questions qui touchent aux pr\u00e9occupations des S\u00e9n\u00e9galais\u00bb.\" \/>\n<meta property=\"og:url\" content=\"https:\/\/www.public.sn\/index.php\/2024\/06\/20\/baisse-des-prix-une-reunion-cruciale-prevue-ce-vendredi\/\" \/>\n<meta property=\"og:site_name\" content=\"LE PUBLIC\" \/>\n<meta property=\"article:published_time\" content=\"2024-06-20T12:20:16+00:00\" \/>\n<meta property=\"og:image\" content=\"https:\/\/www.public.sn\/wp-content\/uploads\/2024\/06\/58810628-43323757.jpeg\" \/>\n\t<meta property=\"og:image:width\" content=\"480\" \/>\n\t<meta property=\"og:image:height\" content=\"360\" \/>\n\t<meta property=\"og:image:type\" content=\"image\/jpeg\" \/>\n<meta name=\"author\" content=\"Baye Amath THIAM\" \/>\n<meta name=\"twitter:card\" content=\"summary_large_image\" \/>\n<meta name=\"twitter:label1\" content=\"\u00c9crit par\" \/>\n\t<meta name=\"twitter:data1\" content=\"Baye Amath THIAM\" \/>\n\t<meta name=\"twitter:label2\" content=\"Dur\u00e9e de lecture estim\u00e9e\" \/>\n\t<meta name=\"twitter:data2\" content=\"1 minute\" \/>\n<script type=\"application\/ld+json\" class=\"yoast-schema-graph\">{\"@context\":\"https:\/\/schema.org\",\"@graph\":[{\"@type\":\"Article\",\"@id\":\"https:\/\/www.public.sn\/index.php\/2024\/06\/20\/baisse-des-prix-une-reunion-cruciale-prevue-ce-vendredi\/#article\",\"isPartOf\":{\"@id\":\"https:\/\/www.public.sn\/index.php\/2024\/06\/20\/baisse-des-prix-une-reunion-cruciale-prevue-ce-vendredi\/\"},\"author\":{\"name\":\"Baye Amath THIAM\",\"@id\":\"https:\/\/www.public.sn\/#\/schema\/person\/f77cd9ce05d8fb925eb038378ee6899d\"},\"headline\":\"Baisse des prix : une r\u00e9union cruciale pr\u00e9vue ce vendredi\",\"datePublished\":\"2024-06-20T12:20:16+00:00\",\"mainEntityOfPage\":{\"@id\":\"https:\/\/www.public.sn\/index.php\/2024\/06\/20\/baisse-des-prix-une-reunion-cruciale-prevue-ce-vendredi\/\"},\"wordCount\":103,\"commentCount\":0,\"publisher\":{\"@id\":\"https:\/\/www.public.sn\/#organization\"},\"image\":{\"@id\":\"https:\/\/www.public.sn\/index.php\/2024\/06\/20\/baisse-des-prix-une-reunion-cruciale-prevue-ce-vendredi\/#primaryimage\"},\"thumbnailUrl\":\"https:\/\/www.public.sn\/wp-content\/uploads\/2024\/06\/58810628-43323757.jpeg\",\"keywords\":[\"baisse des prix\",\"communiqu\u00e9\",\"Conseil national de la consommation\",\"minist\u00e8re de l\u2019Industrie et du Commerce\",\"S\u00e9n\u00e9galais\"],\"articleSection\":[\"ACTUALIT\u00c9S\",\"COMMUNIQU\u00c9\",\"ECONOMIE\",\"S\u00c9N\u00c9GAL\"],\"inLanguage\":\"fr-FR\",\"potentialAction\":[{\"@type\":\"CommentAction\",\"name\":\"Comment\",\"target\":[\"https:\/\/www.public.sn\/index.php\/2024\/06\/20\/baisse-des-prix-une-reunion-cruciale-prevue-ce-vendredi\/#respond\"]}]},{\"@type\":\"WebPage\",\"@id\":\"https:\/\/www.public.sn\/index.php\/2024\/06\/20\/baisse-des-prix-une-reunion-cruciale-prevue-ce-vendredi\/\",\"url\":\"https:\/\/www.public.sn\/index.php\/2024\/06\/20\/baisse-des-prix-une-reunion-cruciale-prevue-ce-vendredi\/\",\"name\":\"Baisse des prix : une r\u00e9union cruciale pr\u00e9vue ce vendredi - LE PUBLIC\",\"isPartOf\":{\"@id\":\"https:\/\/www.public.sn\/#website\"},\"primaryImageOfPage\":{\"@id\":\"https:\/\/www.public.sn\/index.php\/2024\/06\/20\/baisse-des-prix-une-reunion-cruciale-prevue-ce-vendredi\/#primaryimage\"},\"image\":{\"@id\":\"https:\/\/www.public.sn\/index.php\/2024\/06\/20\/baisse-des-prix-une-reunion-cruciale-prevue-ce-vendredi\/#primaryimage\"},\"thumbnailUrl\":\"https:\/\/www.public.sn\/wp-content\/uploads\/2024\/06\/58810628-43323757.jpeg\",\"datePublished\":\"2024-06-20T12:20:16+00:00\",\"breadcrumb\":{\"@id\":\"https:\/\/www.public.sn\/index.php\/2024\/06\/20\/baisse-des-prix-une-reunion-cruciale-prevue-ce-vendredi\/#breadcrumb\"},\"inLanguage\":\"fr-FR\",\"potentialAction\":[{\"@type\":\"ReadAction\",\"target\":[\"https:\/\/www.public.sn\/index.php\/2024\/06\/20\/baisse-des-prix-une-reunion-cruciale-prevue-ce-vendredi\/\"]}]},{\"@type\":\"ImageObject\",\"inLanguage\":\"fr-FR\",\"@id\":\"https:\/\/www.public.sn\/index.php\/2024\/06\/20\/baisse-des-prix-une-reunion-cruciale-prevue-ce-vendredi\/#primaryimage\",\"url\":\"https:\/\/www.public.sn\/wp-content\/uploads\/2024\/06\/58810628-43323757.jpeg\",\"contentUrl\":\"https:\/\/www.public.sn\/wp-content\/uploads\/2024\/06\/58810628-43323757.jpeg\",\"width\":480,\"height\":360},{\"@type\":\"BreadcrumbList\",\"@id\":\"https:\/\/www.public.sn\/index.php\/2024\/06\/20\/baisse-des-prix-une-reunion-cruciale-prevue-ce-vendredi\/#breadcrumb\",\"itemListElement\":[{\"@type\":\"ListItem\",\"position\":1,\"name\":\"Accueil\",\"item\":\"https:\/\/www.public.sn\/\"},{\"@type\":\"ListItem\",\"position\":2,\"name\":\"Baisse des prix : une r\u00e9union cruciale pr\u00e9vue ce vendredi\"}]},{\"@type\":\"WebSite\",\"@id\":\"https:\/\/www.public.sn\/#website\",\"url\":\"https:\/\/www.public.sn\/\",\"name\":\"LE PUBLIC\",\"description\":\"\",\"publisher\":{\"@id\":\"https:\/\/www.public.sn\/#organization\"},\"potentialAction\":[{\"@type\":\"SearchAction\",\"target\":{\"@type\":\"EntryPoint\",\"urlTemplate\":\"https:\/\/www.public.sn\/?s={search_term_string}\"},\"query-input\":{\"@type\":\"PropertyValueSpecification\",\"valueRequired\":true,\"valueName\":\"search_term_string\"}}],\"inLanguage\":\"fr-FR\"},{\"@type\":\"Organization\",\"@id\":\"https:\/\/www.public.sn\/#organization\",\"name\":\"LE PUBLIC\",\"url\":\"https:\/\/www.public.sn\/\",\"logo\":{\"@type\":\"ImageObject\",\"inLanguage\":\"fr-FR\",\"@id\":\"https:\/\/www.public.sn\/#\/schema\/logo\/image\/\",\"url\":\"https:\/\/www.public.sn\/wp-content\/uploads\/2024\/05\/cropped-LOGO-PUBLIC.SN_.png\",\"contentUrl\":\"https:\/\/www.public.sn\/wp-content\/uploads\/2024\/05\/cropped-LOGO-PUBLIC.SN_.png\",\"width\":682,\"height\":192,\"caption\":\"LE PUBLIC\"},\"image\":{\"@id\":\"https:\/\/www.public.sn\/#\/schema\/logo\/image\/\"}},{\"@type\":\"Person\",\"@id\":\"https:\/\/www.public.sn\/#\/schema\/person\/f77cd9ce05d8fb925eb038378ee6899d\",\"name\":\"Baye Amath THIAM\",\"image\":{\"@type\":\"ImageObject\",\"inLanguage\":\"fr-FR\",\"@id\":\"https:\/\/www.public.sn\/#\/schema\/person\/image\/\",\"url\":\"https:\/\/secure.gravatar.com\/avatar\/7eb863ef1336b6f8a2ad921469701e52f094a61c698fab02f5af742ed813612d?s=96&d=mm&r=g\",\"contentUrl\":\"https:\/\/secure.gravatar.com\/avatar\/7eb863ef1336b6f8a2ad921469701e52f094a61c698fab02f5af742ed813612d?s=96&d=mm&r=g\",\"caption\":\"Baye Amath THIAM\"},\"url\":\"https:\/\/www.public.sn\/index.php\/author\/thiamba24\/\"}]}<\/script>\n<!-- \/ Yoast SEO plugin. -->","yoast_head_json":{"title":"Baisse des prix : une r\u00e9union cruciale pr\u00e9vue ce vendredi - LE PUBLIC","robots":{"index":"index","follow":"follow","max-snippet":"max-snippet:-1","max-image-preview":"max-image-preview:large","max-video-preview":"max-video-preview:-1"},"canonical":"https:\/\/www.public.sn\/index.php\/2024\/06\/20\/baisse-des-prix-une-reunion-cruciale-prevue-ce-vendredi\/","og_locale":"fr_FR","og_type":"article","og_title":"Baisse des prix : une r\u00e9union cruciale pr\u00e9vue ce vendredi - LE PUBLIC","og_description":"Dans un communiqu\u00e9 repris par Les \u00c9chos, le minist\u00e8re de l\u2019Industrie et du Commerce annonce la tenue, ce vendredi 21 juin, du Conseil national de la consommation. Le rendez-vous est pr\u00e9vu dans un h\u00f4tel de Dakar, signale la source. Qui ajoute qu\u2019on aura au menu \u00abla r\u00e9vision des prix de l\u2019huile de palme raffin\u00e9e, du riz bris\u00e9 ordinaire, du sucre cristallis\u00e9, du pain, de la farine de bl\u00e9 et du ciment, mais \u00e9galement d\u2019autres questions qui touchent aux pr\u00e9occupations des S\u00e9n\u00e9galais\u00bb.","og_url":"https:\/\/www.public.sn\/index.php\/2024\/06\/20\/baisse-des-prix-une-reunion-cruciale-prevue-ce-vendredi\/","og_site_name":"LE PUBLIC","article_published_time":"2024-06-20T12:20:16+00:00","og_image":[{"width":480,"height":360,"url":"https:\/\/www.public.sn\/wp-content\/uploads\/2024\/06\/58810628-43323757.jpeg","type":"image\/jpeg"}],"author":"Baye Amath THIAM","twitter_card":"summary_large_image","twitter_misc":{"\u00c9crit par":"Baye Amath THIAM","Dur\u00e9e de lecture estim\u00e9e":"1 minute"},"schema":{"@context":"https:\/\/schema.org","@graph":[{"@type":"Article","@id":"https:\/\/www.public.sn\/index.php\/2024\/06\/20\/baisse-des-prix-une-reunion-cruciale-prevue-ce-vendredi\/#article","isPartOf":{"@id":"https:\/\/www.public.sn\/index.php\/2024\/06\/20\/baisse-des-prix-une-reunion-cruciale-prevue-ce-vendredi\/"},"author":{"name":"Baye Amath THIAM","@id":"https:\/\/www.public.sn\/#\/schema\/person\/f77cd9ce05d8fb925eb038378ee6899d"},"headline":"Baisse des prix : une r\u00e9union cruciale pr\u00e9vue ce vendredi","datePublished":"2024-06-20T12:20:16+00:00","mainEntityOfPage":{"@id":"https:\/\/www.public.sn\/index.php\/2024\/06\/20\/baisse-des-prix-une-reunion-cruciale-prevue-ce-vendredi\/"},"wordCount":103,"commentCount":0,"publisher":{"@id":"https:\/\/www.public.sn\/#organization"},"image":{"@id":"https:\/\/www.public.sn\/index.php\/2024\/06\/20\/baisse-des-prix-une-reunion-cruciale-prevue-ce-vendredi\/#primaryimage"},"thumbnailUrl":"https:\/\/www.public.sn\/wp-content\/uploads\/2024\/06\/58810628-43323757.jpeg","keywords":["baisse des prix","communiqu\u00e9","Conseil national de la consommation","minist\u00e8re de l\u2019Industrie et du Commerce","S\u00e9n\u00e9galais"],"articleSection":["ACTUALIT\u00c9S","COMMUNIQU\u00c9","ECONOMIE","S\u00c9N\u00c9GAL"],"inLanguage":"fr-FR","potentialAction":[{"@type":"CommentAction","name":"Comment","target":["https:\/\/www.public.sn\/index.php\/2024\/06\/20\/baisse-des-prix-une-reunion-cruciale-prevue-ce-vendredi\/#respond"]}]},{"@type":"WebPage","@id":"https:\/\/www.public.sn\/index.php\/2024\/06\/20\/baisse-des-prix-une-reunion-cruciale-prevue-ce-vendredi\/","url":"https:\/\/www.public.sn\/index.php\/2024\/06\/20\/baisse-des-prix-une-reunion-cruciale-prevue-ce-vendredi\/","name":"Baisse des prix : une r\u00e9union cruciale pr\u00e9vue ce vendredi - LE PUBLIC","isPartOf":{"@id":"https:\/\/www.public.sn\/#website"},"primaryImageOfPage":{"@id":"https:\/\/www.public.sn\/index.php\/2024\/06\/20\/baisse-des-prix-une-reunion-cruciale-prevue-ce-vendredi\/#primaryimage"},"image":{"@id":"https:\/\/www.public.sn\/index.php\/2024\/06\/20\/baisse-des-prix-une-reunion-cruciale-prevue-ce-vendredi\/#primaryimage"},"thumbnailUrl":"https:\/\/www.public.sn\/wp-content\/uploads\/2024\/06\/58810628-43323757.jpeg","datePublished":"2024-06-20T12:20:16+00:00","breadcrumb":{"@id":"https:\/\/www.public.sn\/index.php\/2024\/06\/20\/baisse-des-prix-une-reunion-cruciale-prevue-ce-vendredi\/#breadcrumb"},"inLanguage":"fr-FR","potentialAction":[{"@type":"ReadAction","target":["https:\/\/www.public.sn\/index.php\/2024\/06\/20\/baisse-des-prix-une-reunion-cruciale-prevue-ce-vendredi\/"]}]},{"@type":"ImageObject","inLanguage":"fr-FR","@id":"https:\/\/www.public.sn\/index.php\/2024\/06\/20\/baisse-des-prix-une-reunion-cruciale-prevue-ce-vendredi\/#primaryimage","url":"https:\/\/www.public.sn\/wp-content\/uploads\/2024\/06\/58810628-43323757.jpeg","contentUrl":"https:\/\/www.public.sn\/wp-content\/uploads\/2024\/06\/58810628-43323757.jpeg","width":480,"height":360},{"@type":"BreadcrumbList","@id":"https:\/\/www.public.sn\/index.php\/2024\/06\/20\/baisse-des-prix-une-reunion-cruciale-prevue-ce-vendredi\/#breadcrumb","itemListElement":[{"@type":"ListItem","position":1,"name":"Accueil","item":"https:\/\/www.public.sn\/"},{"@type":"ListItem","position":2,"name":"Baisse des prix : une r\u00e9union cruciale pr\u00e9vue ce vendredi"}]},{"@type":"WebSite","@id":"https:\/\/www.public.sn\/#website","url":"https:\/\/www.public.sn\/","name":"LE PUBLIC","description":"","publisher":{"@id":"https:\/\/www.public.sn\/#organization"},"potentialAction":[{"@type":"SearchAction","target":{"@type":"EntryPoint","urlTemplate":"https:\/\/www.public.sn\/?s={search_term_string}"},"query-input":{"@type":"PropertyValueSpecification","valueRequired":true,"valueName":"search_term_string"}}],"inLanguage":"fr-FR"},{"@type":"Organization","@id":"https:\/\/www.public.sn\/#organization","name":"LE PUBLIC","url":"https:\/\/www.public.sn\/","logo":{"@type":"ImageObject","inLanguage":"fr-FR","@id":"https:\/\/www.public.sn\/#\/schema\/logo\/image\/","url":"https:\/\/www.public.sn\/wp-content\/uploads\/2024\/05\/cropped-LOGO-PUBLIC.SN_.png","contentUrl":"https:\/\/www.public.sn\/wp-content\/uploads\/2024\/05\/cropped-LOGO-PUBLIC.SN_.png","width":682,"height":192,"caption":"LE PUBLIC"},"image":{"@id":"https:\/\/www.public.sn\/#\/schema\/logo\/image\/"}},{"@type":"Person","@id":"https:\/\/www.public.sn\/#\/schema\/person\/f77cd9ce05d8fb925eb038378ee6899d","name":"Baye Amath THIAM","image":{"@type":"ImageObject","inLanguage":"fr-FR","@id":"https:\/\/www.public.sn\/#\/schema\/person\/image\/","url":"https:\/\/secure.gravatar.com\/avatar\/7eb863ef1336b6f8a2ad921469701e52f094a61c698fab02f5af742ed813612d?s=96&d=mm&r=g","contentUrl":"https:\/\/secure.gravatar.com\/avatar\/7eb863ef1336b6f8a2ad921469701e52f094a61c698fab02f5af742ed813612d?s=96&d=mm&r=g","caption":"Baye Amath THIAM"},"url":"https:\/\/www.public.sn\/index.php\/author\/thiamba24\/"}]}},"jetpack_featured_media_url":"https:\/\/www.public.sn\/wp-content\/uploads\/2024\/06\/58810628-43323757.jpeg","jetpack_sharing_enabled":true,"_links":{"self":[{"href":"https:\/\/www.public.sn\/index.php\/wp-json\/wp\/v2\/posts\/33481","targetHints":{"allow":["GET"]}}],"collection":[{"href":"https:\/\/www.public.sn\/index.php\/wp-json\/wp\/v2\/posts"}],"about":[{"href":"https:\/\/www.public.sn\/index.php\/wp-json\/wp\/v2\/types\/post"}],"author":[{"embeddable":true,"href":"https:\/\/www.public.sn\/index.php\/wp-json\/wp\/v2\/users\/15"}],"replies":[{"embeddable":true,"href":"https:\/\/www.public.sn\/index.php\/wp-json\/wp\/v2\/comments?post=33481"}],"version-history":[{"count":1,"href":"https:\/\/www.public.sn\/index.php\/wp-json\/wp\/v2\/posts\/33481\/revisions"}],"predecessor-version":[{"id":33484,"href":"https:\/\/www.public.sn\/index.php\/wp-json\/wp\/v2\/posts\/33481\/revisions\/33484"}],"wp:featuredmedia":[{"embeddable":true,"href":"https:\/\/www.public.sn\/index.php\/wp-json\/wp\/v2\/media\/33483"}],"wp:attachment":[{"href":"https:\/\/www.public.sn\/index.php\/wp-json\/wp\/v2\/media?parent=33481"}],"wp:term":[{"taxonomy":"category","embeddable":true,"href":"https:\/\/www.public.sn\/index.php\/wp-json\/wp\/v2\/categories?post=33481"},{"taxonomy":"post_tag","embeddable":true,"href":"https:\/\/www.public.sn\/index.php\/wp-json\/wp\/v2\/tags?post=33481"}],"curies":[{"name":"wp","href":"https:\/\/api.w.org\/{rel}","templated":true}]}}