{"id":33567,"date":"2024-06-25T13:19:24","date_gmt":"2024-06-25T13:19:24","guid":{"rendered":"https:\/\/www.public.sn\/?p=33567"},"modified":"2024-06-25T13:19:24","modified_gmt":"2024-06-25T13:19:24","slug":"production-de-la-farine-au-senegal-un-accord-signe-par-lamis-suite-a-une-mediation-reussie","status":"publish","type":"post","link":"https:\/\/www.public.sn\/index.php\/2024\/06\/25\/production-de-la-farine-au-senegal-un-accord-signe-par-lamis-suite-a-une-mediation-reussie\/","title":{"rendered":"Production de la farine au S\u00e9n\u00e9gal : Un accord sign\u00e9 par L\u2019AMIS suite \u00e0 une m\u00e9diation r\u00e9ussie"},"content":{"rendered":"<p>&nbsp;<\/p>\n<p>L\u2019Association des Meuniers Industriels du S\u00e9n\u00e9gal (AMIS) a pris acte de la r\u00e9cente d\u00e9claration du gouvernement concernant l\u2019homologation du prix de vente de la farine boulang\u00e8re au S\u00e9n\u00e9gal. Cette d\u00e9cision intervient \u00e0 un moment crucial o\u00f9 les pr\u00e9occupations des industriels sur les m\u00e9canismes de subvention sont au centre des discussions.<\/p><div class=\"publi-paragraphe1\" style=\"margin-top: 10px;margin-bottom: 10px;margin-left: auto;margin-right: auto;text-align: center;\" id=\"publi-455894304\"><div class=\"publi-adlabel\">Publicit\u00e9<\/div><script async src=\"\/\/pagead2.googlesyndication.com\/pagead\/js\/adsbygoogle.js?client=ca-pub-4089586018074219\" crossorigin=\"anonymous\"><\/script><ins class=\"adsbygoogle\" style=\"display:block;\" data-ad-client=\"ca-pub-4089586018074219\" \ndata-ad-slot=\"2087940154\" \ndata-ad-format=\"auto\"><\/ins>\n<script> \n(adsbygoogle = window.adsbygoogle || []).push({}); \n<\/script>\n<\/div>\n<p>Le gouvernement a finalement remport\u00e9 la bataille. Apr\u00e8s l&rsquo;intervention ferme du ministre du Commerce, Serigne Gueye Diop, hier-lundi, l&rsquo;Association des Meuniers Industriels du S\u00e9n\u00e9gal (AMIS) annonce la reprise de la production de farine. L&rsquo;AMIS indique que cette r\u00e9solution est le fruit d&rsquo;une m\u00e9diation initi\u00e9e par Ba\u00efdy Agne, Pr\u00e9sident du Conseil National du Patronat (CNP), et Ousmane Mbaye du Syndicat Professionnel des Industries du S\u00e9n\u00e9gal (SPIS). \u00ab\u00a0Ainsi, suite \u00e0 la m\u00e9diation de Ba\u00efdy Agne, Pr\u00e9sident du Conseil National du Patronat du S\u00e9n\u00e9gal (CNP), et d\u2019Ousmane Mbaye, Pr\u00e9sident du Syndicat Professionnel des Industries du S\u00e9n\u00e9gal (SPIS), l\u2019AMIS a demand\u00e9 aux entreprises concern\u00e9es de reprendre leurs activit\u00e9s de production\u00a0\u00bb, peut-on lire dans le communiqu\u00e9 sign\u00e9 par le pr\u00e9sident Claude Demba Diop. L\u2019Association explique que la d\u00e9cision prise auparavant par \u00ab\u00a0les Meuniers visait \u00e0 inciter le gouvernement \u00e0 clarifier les m\u00e9canismes de subvention afin de ne pas mettre en p\u00e9ril l\u2019activit\u00e9 des industriels\u00a0\u00bb, se justifient-ils. Mieux, les meuniers Industriels du S\u00e9n\u00e9gal se disent soucieux \u00ab\u00a0d\u2019am\u00e9liorer le pouvoir d\u2019achat des S\u00e9n\u00e9galais et leur acc\u00e8s aux produits de premi\u00e8re n\u00e9cessit\u00e9. C\u2019est pour cette raison qu\u2019ils ont constamment contribu\u00e9 \u00e0 la r\u00e9gulation des prix de ces denr\u00e9es.\u00a0\u00bb<\/p>\n<p>Dans un communiqu\u00e9 rendu public, l\u2019AMIS a rappel\u00e9 que la suspension temporaire de la production par les meuniers avait pour but d\u2019inciter le gouvernement \u00e0 clarifier les m\u00e9canismes de subvention, essentiels pour la viabilit\u00e9 \u00e9conomique des industriels.<\/p>\n<p>\u00ab\u00a0Cette d\u00e9cision \u00e9tait une invite au Gouvernement \u00e0 clarifier les m\u00e9canismes de subvention afin de ne pas mettre en p\u00e9ril l\u2019activit\u00e9 des industriels\u00a0\u00bb, a d\u00e9clar\u00e9 un porte-parole de l\u2019AMIS. Cette d\u00e9cision a \u00e9t\u00e9 prise suite \u00e0 une m\u00e9diation, deux personnes ont \u00e9t\u00e9 au centre des discussions : il s\u2019agit de Ba\u00efdy Agne et d\u2019Ousmane Mbaye, toujours selon le communiqu\u00e9 de l\u2019AMIS.<\/p>\n<div class=\"publi-apres-le-contenu\" style=\"margin-top: 10px;margin-bottom: 10px;margin-left: auto;margin-right: auto;text-align: center;\" id=\"publi-1697151548\"><div class=\"publi-adlabel\">Publicit\u00e9<\/div><script async src=\"\/\/pagead2.googlesyndication.com\/pagead\/js\/adsbygoogle.js?client=ca-pub-4089586018074219\" crossorigin=\"anonymous\"><\/script><ins class=\"adsbygoogle\" style=\"display:block;\" data-ad-client=\"ca-pub-4089586018074219\" \ndata-ad-slot=\"2087940154\" \ndata-ad-format=\"auto\"><\/ins>\n<script> \n(adsbygoogle = window.adsbygoogle || []).push({}); \n<\/script>\n<\/div>","protected":false},"excerpt":{"rendered":"<p>&nbsp; L\u2019Association des Meuniers Industriels du S\u00e9n\u00e9gal (AMIS) a pris acte de la r\u00e9cente d\u00e9claration du gouvernement concernant l\u2019homologation du prix de vente de la farine boulang\u00e8re au S\u00e9n\u00e9gal. Cette d\u00e9cision intervient \u00e0 un moment crucial o\u00f9 les pr\u00e9occupations des industriels sur les m\u00e9canismes de subvention sont au centre des discussions. Le gouvernement a finalement remport\u00e9 la bataille. Apr\u00e8s l&rsquo;intervention ferme du ministre du Commerce, Serigne Gueye Diop, hier-lundi, l&rsquo;Association des Meuniers Industriels du S\u00e9n\u00e9gal (AMIS) annonce la reprise de la production de farine. L&rsquo;AMIS indique que cette r\u00e9solution est le fruit d&rsquo;une m\u00e9diation initi\u00e9e par Ba\u00efdy Agne, Pr\u00e9sident du Conseil National du Patronat (CNP), et Ousmane Mbaye du Syndicat Professionnel des Industries du S\u00e9n\u00e9gal (SPIS). \u00ab\u00a0Ainsi, suite \u00e0 la m\u00e9diation de Ba\u00efdy Agne, Pr\u00e9sident du Conseil National du Patronat du S\u00e9n\u00e9gal (CNP), et d\u2019Ousmane Mbaye, Pr\u00e9sident du Syndicat Professionnel des Industries du S\u00e9n\u00e9gal (SPIS), l\u2019AMIS a demand\u00e9 aux entreprises concern\u00e9es de reprendre leurs activit\u00e9s de production\u00a0\u00bb, peut-on lire dans le communiqu\u00e9 sign\u00e9 par le pr\u00e9sident Claude Demba Diop. L\u2019Association explique que la d\u00e9cision prise auparavant par \u00ab\u00a0les Meuniers visait \u00e0 inciter le gouvernement \u00e0 clarifier les m\u00e9canismes de subvention afin de ne pas mettre en p\u00e9ril l\u2019activit\u00e9 des industriels\u00a0\u00bb, se justifient-ils. Mieux, les meuniers Industriels du S\u00e9n\u00e9gal se disent soucieux \u00ab\u00a0d\u2019am\u00e9liorer le pouvoir d\u2019achat des S\u00e9n\u00e9galais et leur acc\u00e8s aux produits de premi\u00e8re n\u00e9cessit\u00e9. C\u2019est pour cette raison qu\u2019ils ont constamment contribu\u00e9 \u00e0 la r\u00e9gulation des prix de ces denr\u00e9es.\u00a0\u00bb Dans un communiqu\u00e9 rendu public, l\u2019AMIS a rappel\u00e9 que la suspension temporaire de la production par les meuniers avait pour but d\u2019inciter le gouvernement \u00e0 clarifier les m\u00e9canismes de subvention, essentiels pour la viabilit\u00e9 \u00e9conomique des industriels. \u00ab\u00a0Cette d\u00e9cision \u00e9tait une invite au Gouvernement \u00e0 clarifier les m\u00e9canismes de subvention afin de ne pas mettre en p\u00e9ril l\u2019activit\u00e9 des industriels\u00a0\u00bb, a d\u00e9clar\u00e9 un porte-parole de l\u2019AMIS. Cette d\u00e9cision a \u00e9t\u00e9 prise suite \u00e0 une m\u00e9diation, deux personnes ont \u00e9t\u00e9 au centre des discussions : il s\u2019agit de Ba\u00efdy Agne et d\u2019Ousmane Mbaye, toujours selon le communiqu\u00e9 de l\u2019AMIS.<\/p>\n","protected":false},"author":15,"featured_media":33572,"comment_status":"open","ping_status":"open","sticky":false,"template":"","format":"standard","meta":{"_jetpack_memberships_contains_paid_content":false,"footnotes":""},"categories":[375,550,9,549,3728,1],"tags":[4490,6185,6184,6140,6186],"class_list":["post-33567","post","type-post","status-publish","format-standard","has-post-thumbnail","hentry","category-actualites","category-afrique-monde","category-communique","category-economie","category-internationale","category-non-classe","tag-accord-de-cooperation","tag-boulangerie","tag-lamis","tag-le-ministere-de-lindustrie-et-du-commerce","tag-pains","entry","has-media","owp-thumbs-layout-horizontal","owp-btn-normal","owp-tabs-layout-horizontal","has-no-thumbnails","has-product-nav"],"yoast_head":"<!-- This site is optimized with the Yoast SEO plugin v25.5 - https:\/\/yoast.com\/wordpress\/plugins\/seo\/ -->\n<title>Production de la farine au S\u00e9n\u00e9gal : Un accord sign\u00e9 par L\u2019AMIS suite \u00e0 une m\u00e9diation r\u00e9ussie - LE PUBLIC<\/title>\n<meta name=\"robots\" content=\"index, follow, max-snippet:-1, max-image-preview:large, max-video-preview:-1\" \/>\n<link rel=\"canonical\" href=\"https:\/\/www.public.sn\/index.php\/2024\/06\/25\/production-de-la-farine-au-senegal-un-accord-signe-par-lamis-suite-a-une-mediation-reussie\/\" \/>\n<meta property=\"og:locale\" content=\"fr_FR\" \/>\n<meta property=\"og:type\" content=\"article\" \/>\n<meta property=\"og:title\" content=\"Production de la farine au S\u00e9n\u00e9gal : Un accord sign\u00e9 par L\u2019AMIS suite \u00e0 une m\u00e9diation r\u00e9ussie - LE PUBLIC\" \/>\n<meta property=\"og:description\" content=\"&nbsp; L\u2019Association des Meuniers Industriels du S\u00e9n\u00e9gal (AMIS) a pris acte de la r\u00e9cente d\u00e9claration du gouvernement concernant l\u2019homologation du prix de vente de la farine boulang\u00e8re au S\u00e9n\u00e9gal. Cette d\u00e9cision intervient \u00e0 un moment crucial o\u00f9 les pr\u00e9occupations des industriels sur les m\u00e9canismes de subvention sont au centre des discussions. Le gouvernement a finalement remport\u00e9 la bataille. Apr\u00e8s l&rsquo;intervention ferme du ministre du Commerce, Serigne Gueye Diop, hier-lundi, l&rsquo;Association des Meuniers Industriels du S\u00e9n\u00e9gal (AMIS) annonce la reprise de la production de farine. L&rsquo;AMIS indique que cette r\u00e9solution est le fruit d&rsquo;une m\u00e9diation initi\u00e9e par Ba\u00efdy Agne, Pr\u00e9sident du Conseil National du Patronat (CNP), et Ousmane Mbaye du Syndicat Professionnel des Industries du S\u00e9n\u00e9gal (SPIS). \u00ab\u00a0Ainsi, suite \u00e0 la m\u00e9diation de Ba\u00efdy Agne, Pr\u00e9sident du Conseil National du Patronat du S\u00e9n\u00e9gal (CNP), et d\u2019Ousmane Mbaye, Pr\u00e9sident du Syndicat Professionnel des Industries du S\u00e9n\u00e9gal (SPIS), l\u2019AMIS a demand\u00e9 aux entreprises concern\u00e9es de reprendre leurs activit\u00e9s de production\u00a0\u00bb, peut-on lire dans le communiqu\u00e9 sign\u00e9 par le pr\u00e9sident Claude Demba Diop. L\u2019Association explique que la d\u00e9cision prise auparavant par \u00ab\u00a0les Meuniers visait \u00e0 inciter le gouvernement \u00e0 clarifier les m\u00e9canismes de subvention afin de ne pas mettre en p\u00e9ril l\u2019activit\u00e9 des industriels\u00a0\u00bb, se justifient-ils. Mieux, les meuniers Industriels du S\u00e9n\u00e9gal se disent soucieux \u00ab\u00a0d\u2019am\u00e9liorer le pouvoir d\u2019achat des S\u00e9n\u00e9galais et leur acc\u00e8s aux produits de premi\u00e8re n\u00e9cessit\u00e9. C\u2019est pour cette raison qu\u2019ils ont constamment contribu\u00e9 \u00e0 la r\u00e9gulation des prix de ces denr\u00e9es.\u00a0\u00bb Dans un communiqu\u00e9 rendu public, l\u2019AMIS a rappel\u00e9 que la suspension temporaire de la production par les meuniers avait pour but d\u2019inciter le gouvernement \u00e0 clarifier les m\u00e9canismes de subvention, essentiels pour la viabilit\u00e9 \u00e9conomique des industriels. \u00ab\u00a0Cette d\u00e9cision \u00e9tait une invite au Gouvernement \u00e0 clarifier les m\u00e9canismes de subvention afin de ne pas mettre en p\u00e9ril l\u2019activit\u00e9 des industriels\u00a0\u00bb, a d\u00e9clar\u00e9 un porte-parole de l\u2019AMIS. Cette d\u00e9cision a \u00e9t\u00e9 prise suite \u00e0 une m\u00e9diation, deux personnes ont \u00e9t\u00e9 au centre des discussions : il s\u2019agit de Ba\u00efdy Agne et d\u2019Ousmane Mbaye, toujours selon le communiqu\u00e9 de l\u2019AMIS.\" \/>\n<meta property=\"og:url\" content=\"https:\/\/www.public.sn\/index.php\/2024\/06\/25\/production-de-la-farine-au-senegal-un-accord-signe-par-lamis-suite-a-une-mediation-reussie\/\" \/>\n<meta property=\"og:site_name\" content=\"LE PUBLIC\" \/>\n<meta property=\"article:published_time\" content=\"2024-06-25T13:19:24+00:00\" \/>\n<meta property=\"og:image\" content=\"https:\/\/www.public.sn\/wp-content\/uploads\/2024\/06\/IMG_7804.jpeg\" \/>\n\t<meta property=\"og:image:width\" content=\"1200\" \/>\n\t<meta property=\"og:image:height\" content=\"630\" \/>\n\t<meta property=\"og:image:type\" content=\"image\/jpeg\" \/>\n<meta name=\"author\" content=\"Baye Amath THIAM\" \/>\n<meta name=\"twitter:card\" content=\"summary_large_image\" \/>\n<meta name=\"twitter:label1\" content=\"\u00c9crit par\" \/>\n\t<meta name=\"twitter:data1\" content=\"Baye Amath THIAM\" \/>\n\t<meta name=\"twitter:label2\" content=\"Dur\u00e9e de lecture estim\u00e9e\" \/>\n\t<meta name=\"twitter:data2\" content=\"2 minutes\" \/>\n<script type=\"application\/ld+json\" class=\"yoast-schema-graph\">{\"@context\":\"https:\/\/schema.org\",\"@graph\":[{\"@type\":\"Article\",\"@id\":\"https:\/\/www.public.sn\/index.php\/2024\/06\/25\/production-de-la-farine-au-senegal-un-accord-signe-par-lamis-suite-a-une-mediation-reussie\/#article\",\"isPartOf\":{\"@id\":\"https:\/\/www.public.sn\/index.php\/2024\/06\/25\/production-de-la-farine-au-senegal-un-accord-signe-par-lamis-suite-a-une-mediation-reussie\/\"},\"author\":{\"name\":\"Baye Amath THIAM\",\"@id\":\"https:\/\/www.public.sn\/#\/schema\/person\/f77cd9ce05d8fb925eb038378ee6899d\"},\"headline\":\"Production de la farine au S\u00e9n\u00e9gal : Un accord sign\u00e9 par L\u2019AMIS suite \u00e0 une m\u00e9diation r\u00e9ussie\",\"datePublished\":\"2024-06-25T13:19:24+00:00\",\"mainEntityOfPage\":{\"@id\":\"https:\/\/www.public.sn\/index.php\/2024\/06\/25\/production-de-la-farine-au-senegal-un-accord-signe-par-lamis-suite-a-une-mediation-reussie\/\"},\"wordCount\":419,\"commentCount\":0,\"publisher\":{\"@id\":\"https:\/\/www.public.sn\/#organization\"},\"image\":{\"@id\":\"https:\/\/www.public.sn\/index.php\/2024\/06\/25\/production-de-la-farine-au-senegal-un-accord-signe-par-lamis-suite-a-une-mediation-reussie\/#primaryimage\"},\"thumbnailUrl\":\"https:\/\/www.public.sn\/wp-content\/uploads\/2024\/06\/IMG_7804.jpeg\",\"keywords\":[\"accord de coop\u00e9ration\",\"Boulangerie\",\"L\u2019AMIS\",\"Le minist\u00e8re de l\u2019Industrie et du Commerce\",\"Pains\"],\"articleSection\":[\"ACTUALIT\u00c9S\",\"AFRIQUE &amp; MONDE\",\"COMMUNIQU\u00c9\",\"\u00c9CONOMIE\",\"internationale\",\"S\u00c9N\u00c9GAL\"],\"inLanguage\":\"fr-FR\",\"potentialAction\":[{\"@type\":\"CommentAction\",\"name\":\"Comment\",\"target\":[\"https:\/\/www.public.sn\/index.php\/2024\/06\/25\/production-de-la-farine-au-senegal-un-accord-signe-par-lamis-suite-a-une-mediation-reussie\/#respond\"]}]},{\"@type\":\"WebPage\",\"@id\":\"https:\/\/www.public.sn\/index.php\/2024\/06\/25\/production-de-la-farine-au-senegal-un-accord-signe-par-lamis-suite-a-une-mediation-reussie\/\",\"url\":\"https:\/\/www.public.sn\/index.php\/2024\/06\/25\/production-de-la-farine-au-senegal-un-accord-signe-par-lamis-suite-a-une-mediation-reussie\/\",\"name\":\"Production de la farine au S\u00e9n\u00e9gal : Un accord sign\u00e9 par L\u2019AMIS suite \u00e0 une m\u00e9diation r\u00e9ussie - LE PUBLIC\",\"isPartOf\":{\"@id\":\"https:\/\/www.public.sn\/#website\"},\"primaryImageOfPage\":{\"@id\":\"https:\/\/www.public.sn\/index.php\/2024\/06\/25\/production-de-la-farine-au-senegal-un-accord-signe-par-lamis-suite-a-une-mediation-reussie\/#primaryimage\"},\"image\":{\"@id\":\"https:\/\/www.public.sn\/index.php\/2024\/06\/25\/production-de-la-farine-au-senegal-un-accord-signe-par-lamis-suite-a-une-mediation-reussie\/#primaryimage\"},\"thumbnailUrl\":\"https:\/\/www.public.sn\/wp-content\/uploads\/2024\/06\/IMG_7804.jpeg\",\"datePublished\":\"2024-06-25T13:19:24+00:00\",\"breadcrumb\":{\"@id\":\"https:\/\/www.public.sn\/index.php\/2024\/06\/25\/production-de-la-farine-au-senegal-un-accord-signe-par-lamis-suite-a-une-mediation-reussie\/#breadcrumb\"},\"inLanguage\":\"fr-FR\",\"potentialAction\":[{\"@type\":\"ReadAction\",\"target\":[\"https:\/\/www.public.sn\/index.php\/2024\/06\/25\/production-de-la-farine-au-senegal-un-accord-signe-par-lamis-suite-a-une-mediation-reussie\/\"]}]},{\"@type\":\"ImageObject\",\"inLanguage\":\"fr-FR\",\"@id\":\"https:\/\/www.public.sn\/index.php\/2024\/06\/25\/production-de-la-farine-au-senegal-un-accord-signe-par-lamis-suite-a-une-mediation-reussie\/#primaryimage\",\"url\":\"https:\/\/www.public.sn\/wp-content\/uploads\/2024\/06\/IMG_7804.jpeg\",\"contentUrl\":\"https:\/\/www.public.sn\/wp-content\/uploads\/2024\/06\/IMG_7804.jpeg\",\"width\":1200,\"height\":630},{\"@type\":\"BreadcrumbList\",\"@id\":\"https:\/\/www.public.sn\/index.php\/2024\/06\/25\/production-de-la-farine-au-senegal-un-accord-signe-par-lamis-suite-a-une-mediation-reussie\/#breadcrumb\",\"itemListElement\":[{\"@type\":\"ListItem\",\"position\":1,\"name\":\"Accueil\",\"item\":\"https:\/\/www.public.sn\/\"},{\"@type\":\"ListItem\",\"position\":2,\"name\":\"Production de la farine au S\u00e9n\u00e9gal : Un accord sign\u00e9 par L\u2019AMIS suite \u00e0 une m\u00e9diation r\u00e9ussie\"}]},{\"@type\":\"WebSite\",\"@id\":\"https:\/\/www.public.sn\/#website\",\"url\":\"https:\/\/www.public.sn\/\",\"name\":\"LE PUBLIC\",\"description\":\"\",\"publisher\":{\"@id\":\"https:\/\/www.public.sn\/#organization\"},\"potentialAction\":[{\"@type\":\"SearchAction\",\"target\":{\"@type\":\"EntryPoint\",\"urlTemplate\":\"https:\/\/www.public.sn\/?s={search_term_string}\"},\"query-input\":{\"@type\":\"PropertyValueSpecification\",\"valueRequired\":true,\"valueName\":\"search_term_string\"}}],\"inLanguage\":\"fr-FR\"},{\"@type\":\"Organization\",\"@id\":\"https:\/\/www.public.sn\/#organization\",\"name\":\"LE PUBLIC\",\"url\":\"https:\/\/www.public.sn\/\",\"logo\":{\"@type\":\"ImageObject\",\"inLanguage\":\"fr-FR\",\"@id\":\"https:\/\/www.public.sn\/#\/schema\/logo\/image\/\",\"url\":\"https:\/\/www.public.sn\/wp-content\/uploads\/2024\/05\/cropped-LOGO-PUBLIC.SN_.png\",\"contentUrl\":\"https:\/\/www.public.sn\/wp-content\/uploads\/2024\/05\/cropped-LOGO-PUBLIC.SN_.png\",\"width\":682,\"height\":192,\"caption\":\"LE PUBLIC\"},\"image\":{\"@id\":\"https:\/\/www.public.sn\/#\/schema\/logo\/image\/\"}},{\"@type\":\"Person\",\"@id\":\"https:\/\/www.public.sn\/#\/schema\/person\/f77cd9ce05d8fb925eb038378ee6899d\",\"name\":\"Baye Amath THIAM\",\"image\":{\"@type\":\"ImageObject\",\"inLanguage\":\"fr-FR\",\"@id\":\"https:\/\/www.public.sn\/#\/schema\/person\/image\/\",\"url\":\"https:\/\/secure.gravatar.com\/avatar\/7eb863ef1336b6f8a2ad921469701e52f094a61c698fab02f5af742ed813612d?s=96&d=mm&r=g\",\"contentUrl\":\"https:\/\/secure.gravatar.com\/avatar\/7eb863ef1336b6f8a2ad921469701e52f094a61c698fab02f5af742ed813612d?s=96&d=mm&r=g\",\"caption\":\"Baye Amath THIAM\"},\"url\":\"https:\/\/www.public.sn\/index.php\/author\/thiamba24\/\"}]}<\/script>\n<!-- \/ Yoast SEO plugin. -->","yoast_head_json":{"title":"Production de la farine au S\u00e9n\u00e9gal : Un accord sign\u00e9 par L\u2019AMIS suite \u00e0 une m\u00e9diation r\u00e9ussie - LE PUBLIC","robots":{"index":"index","follow":"follow","max-snippet":"max-snippet:-1","max-image-preview":"max-image-preview:large","max-video-preview":"max-video-preview:-1"},"canonical":"https:\/\/www.public.sn\/index.php\/2024\/06\/25\/production-de-la-farine-au-senegal-un-accord-signe-par-lamis-suite-a-une-mediation-reussie\/","og_locale":"fr_FR","og_type":"article","og_title":"Production de la farine au S\u00e9n\u00e9gal : Un accord sign\u00e9 par L\u2019AMIS suite \u00e0 une m\u00e9diation r\u00e9ussie - LE PUBLIC","og_description":"&nbsp; L\u2019Association des Meuniers Industriels du S\u00e9n\u00e9gal (AMIS) a pris acte de la r\u00e9cente d\u00e9claration du gouvernement concernant l\u2019homologation du prix de vente de la farine boulang\u00e8re au S\u00e9n\u00e9gal. Cette d\u00e9cision intervient \u00e0 un moment crucial o\u00f9 les pr\u00e9occupations des industriels sur les m\u00e9canismes de subvention sont au centre des discussions. Le gouvernement a finalement remport\u00e9 la bataille. Apr\u00e8s l&rsquo;intervention ferme du ministre du Commerce, Serigne Gueye Diop, hier-lundi, l&rsquo;Association des Meuniers Industriels du S\u00e9n\u00e9gal (AMIS) annonce la reprise de la production de farine. L&rsquo;AMIS indique que cette r\u00e9solution est le fruit d&rsquo;une m\u00e9diation initi\u00e9e par Ba\u00efdy Agne, Pr\u00e9sident du Conseil National du Patronat (CNP), et Ousmane Mbaye du Syndicat Professionnel des Industries du S\u00e9n\u00e9gal (SPIS). \u00ab\u00a0Ainsi, suite \u00e0 la m\u00e9diation de Ba\u00efdy Agne, Pr\u00e9sident du Conseil National du Patronat du S\u00e9n\u00e9gal (CNP), et d\u2019Ousmane Mbaye, Pr\u00e9sident du Syndicat Professionnel des Industries du S\u00e9n\u00e9gal (SPIS), l\u2019AMIS a demand\u00e9 aux entreprises concern\u00e9es de reprendre leurs activit\u00e9s de production\u00a0\u00bb, peut-on lire dans le communiqu\u00e9 sign\u00e9 par le pr\u00e9sident Claude Demba Diop. L\u2019Association explique que la d\u00e9cision prise auparavant par \u00ab\u00a0les Meuniers visait \u00e0 inciter le gouvernement \u00e0 clarifier les m\u00e9canismes de subvention afin de ne pas mettre en p\u00e9ril l\u2019activit\u00e9 des industriels\u00a0\u00bb, se justifient-ils. Mieux, les meuniers Industriels du S\u00e9n\u00e9gal se disent soucieux \u00ab\u00a0d\u2019am\u00e9liorer le pouvoir d\u2019achat des S\u00e9n\u00e9galais et leur acc\u00e8s aux produits de premi\u00e8re n\u00e9cessit\u00e9. C\u2019est pour cette raison qu\u2019ils ont constamment contribu\u00e9 \u00e0 la r\u00e9gulation des prix de ces denr\u00e9es.\u00a0\u00bb Dans un communiqu\u00e9 rendu public, l\u2019AMIS a rappel\u00e9 que la suspension temporaire de la production par les meuniers avait pour but d\u2019inciter le gouvernement \u00e0 clarifier les m\u00e9canismes de subvention, essentiels pour la viabilit\u00e9 \u00e9conomique des industriels. \u00ab\u00a0Cette d\u00e9cision \u00e9tait une invite au Gouvernement \u00e0 clarifier les m\u00e9canismes de subvention afin de ne pas mettre en p\u00e9ril l\u2019activit\u00e9 des industriels\u00a0\u00bb, a d\u00e9clar\u00e9 un porte-parole de l\u2019AMIS. Cette d\u00e9cision a \u00e9t\u00e9 prise suite \u00e0 une m\u00e9diation, deux personnes ont \u00e9t\u00e9 au centre des discussions : il s\u2019agit de Ba\u00efdy Agne et d\u2019Ousmane Mbaye, toujours selon le communiqu\u00e9 de l\u2019AMIS.","og_url":"https:\/\/www.public.sn\/index.php\/2024\/06\/25\/production-de-la-farine-au-senegal-un-accord-signe-par-lamis-suite-a-une-mediation-reussie\/","og_site_name":"LE PUBLIC","article_published_time":"2024-06-25T13:19:24+00:00","og_image":[{"width":1200,"height":630,"url":"https:\/\/www.public.sn\/wp-content\/uploads\/2024\/06\/IMG_7804.jpeg","type":"image\/jpeg"}],"author":"Baye Amath THIAM","twitter_card":"summary_large_image","twitter_misc":{"\u00c9crit par":"Baye Amath THIAM","Dur\u00e9e de lecture estim\u00e9e":"2 minutes"},"schema":{"@context":"https:\/\/schema.org","@graph":[{"@type":"Article","@id":"https:\/\/www.public.sn\/index.php\/2024\/06\/25\/production-de-la-farine-au-senegal-un-accord-signe-par-lamis-suite-a-une-mediation-reussie\/#article","isPartOf":{"@id":"https:\/\/www.public.sn\/index.php\/2024\/06\/25\/production-de-la-farine-au-senegal-un-accord-signe-par-lamis-suite-a-une-mediation-reussie\/"},"author":{"name":"Baye Amath THIAM","@id":"https:\/\/www.public.sn\/#\/schema\/person\/f77cd9ce05d8fb925eb038378ee6899d"},"headline":"Production de la farine au S\u00e9n\u00e9gal : Un accord sign\u00e9 par L\u2019AMIS suite \u00e0 une m\u00e9diation r\u00e9ussie","datePublished":"2024-06-25T13:19:24+00:00","mainEntityOfPage":{"@id":"https:\/\/www.public.sn\/index.php\/2024\/06\/25\/production-de-la-farine-au-senegal-un-accord-signe-par-lamis-suite-a-une-mediation-reussie\/"},"wordCount":419,"commentCount":0,"publisher":{"@id":"https:\/\/www.public.sn\/#organization"},"image":{"@id":"https:\/\/www.public.sn\/index.php\/2024\/06\/25\/production-de-la-farine-au-senegal-un-accord-signe-par-lamis-suite-a-une-mediation-reussie\/#primaryimage"},"thumbnailUrl":"https:\/\/www.public.sn\/wp-content\/uploads\/2024\/06\/IMG_7804.jpeg","keywords":["accord de coop\u00e9ration","Boulangerie","L\u2019AMIS","Le minist\u00e8re de l\u2019Industrie et du Commerce","Pains"],"articleSection":["ACTUALIT\u00c9S","AFRIQUE &amp; MONDE","COMMUNIQU\u00c9","\u00c9CONOMIE","internationale","S\u00c9N\u00c9GAL"],"inLanguage":"fr-FR","potentialAction":[{"@type":"CommentAction","name":"Comment","target":["https:\/\/www.public.sn\/index.php\/2024\/06\/25\/production-de-la-farine-au-senegal-un-accord-signe-par-lamis-suite-a-une-mediation-reussie\/#respond"]}]},{"@type":"WebPage","@id":"https:\/\/www.public.sn\/index.php\/2024\/06\/25\/production-de-la-farine-au-senegal-un-accord-signe-par-lamis-suite-a-une-mediation-reussie\/","url":"https:\/\/www.public.sn\/index.php\/2024\/06\/25\/production-de-la-farine-au-senegal-un-accord-signe-par-lamis-suite-a-une-mediation-reussie\/","name":"Production de la farine au S\u00e9n\u00e9gal : Un accord sign\u00e9 par L\u2019AMIS suite \u00e0 une m\u00e9diation r\u00e9ussie - LE PUBLIC","isPartOf":{"@id":"https:\/\/www.public.sn\/#website"},"primaryImageOfPage":{"@id":"https:\/\/www.public.sn\/index.php\/2024\/06\/25\/production-de-la-farine-au-senegal-un-accord-signe-par-lamis-suite-a-une-mediation-reussie\/#primaryimage"},"image":{"@id":"https:\/\/www.public.sn\/index.php\/2024\/06\/25\/production-de-la-farine-au-senegal-un-accord-signe-par-lamis-suite-a-une-mediation-reussie\/#primaryimage"},"thumbnailUrl":"https:\/\/www.public.sn\/wp-content\/uploads\/2024\/06\/IMG_7804.jpeg","datePublished":"2024-06-25T13:19:24+00:00","breadcrumb":{"@id":"https:\/\/www.public.sn\/index.php\/2024\/06\/25\/production-de-la-farine-au-senegal-un-accord-signe-par-lamis-suite-a-une-mediation-reussie\/#breadcrumb"},"inLanguage":"fr-FR","potentialAction":[{"@type":"ReadAction","target":["https:\/\/www.public.sn\/index.php\/2024\/06\/25\/production-de-la-farine-au-senegal-un-accord-signe-par-lamis-suite-a-une-mediation-reussie\/"]}]},{"@type":"ImageObject","inLanguage":"fr-FR","@id":"https:\/\/www.public.sn\/index.php\/2024\/06\/25\/production-de-la-farine-au-senegal-un-accord-signe-par-lamis-suite-a-une-mediation-reussie\/#primaryimage","url":"https:\/\/www.public.sn\/wp-content\/uploads\/2024\/06\/IMG_7804.jpeg","contentUrl":"https:\/\/www.public.sn\/wp-content\/uploads\/2024\/06\/IMG_7804.jpeg","width":1200,"height":630},{"@type":"BreadcrumbList","@id":"https:\/\/www.public.sn\/index.php\/2024\/06\/25\/production-de-la-farine-au-senegal-un-accord-signe-par-lamis-suite-a-une-mediation-reussie\/#breadcrumb","itemListElement":[{"@type":"ListItem","position":1,"name":"Accueil","item":"https:\/\/www.public.sn\/"},{"@type":"ListItem","position":2,"name":"Production de la farine au S\u00e9n\u00e9gal : Un accord sign\u00e9 par L\u2019AMIS suite \u00e0 une m\u00e9diation r\u00e9ussie"}]},{"@type":"WebSite","@id":"https:\/\/www.public.sn\/#website","url":"https:\/\/www.public.sn\/","name":"LE PUBLIC","description":"","publisher":{"@id":"https:\/\/www.public.sn\/#organization"},"potentialAction":[{"@type":"SearchAction","target":{"@type":"EntryPoint","urlTemplate":"https:\/\/www.public.sn\/?s={search_term_string}"},"query-input":{"@type":"PropertyValueSpecification","valueRequired":true,"valueName":"search_term_string"}}],"inLanguage":"fr-FR"},{"@type":"Organization","@id":"https:\/\/www.public.sn\/#organization","name":"LE PUBLIC","url":"https:\/\/www.public.sn\/","logo":{"@type":"ImageObject","inLanguage":"fr-FR","@id":"https:\/\/www.public.sn\/#\/schema\/logo\/image\/","url":"https:\/\/www.public.sn\/wp-content\/uploads\/2024\/05\/cropped-LOGO-PUBLIC.SN_.png","contentUrl":"https:\/\/www.public.sn\/wp-content\/uploads\/2024\/05\/cropped-LOGO-PUBLIC.SN_.png","width":682,"height":192,"caption":"LE PUBLIC"},"image":{"@id":"https:\/\/www.public.sn\/#\/schema\/logo\/image\/"}},{"@type":"Person","@id":"https:\/\/www.public.sn\/#\/schema\/person\/f77cd9ce05d8fb925eb038378ee6899d","name":"Baye Amath THIAM","image":{"@type":"ImageObject","inLanguage":"fr-FR","@id":"https:\/\/www.public.sn\/#\/schema\/person\/image\/","url":"https:\/\/secure.gravatar.com\/avatar\/7eb863ef1336b6f8a2ad921469701e52f094a61c698fab02f5af742ed813612d?s=96&d=mm&r=g","contentUrl":"https:\/\/secure.gravatar.com\/avatar\/7eb863ef1336b6f8a2ad921469701e52f094a61c698fab02f5af742ed813612d?s=96&d=mm&r=g","caption":"Baye Amath THIAM"},"url":"https:\/\/www.public.sn\/index.php\/author\/thiamba24\/"}]}},"jetpack_featured_media_url":"https:\/\/www.public.sn\/wp-content\/uploads\/2024\/06\/IMG_7804.jpeg","jetpack_sharing_enabled":true,"_links":{"self":[{"href":"https:\/\/www.public.sn\/index.php\/wp-json\/wp\/v2\/posts\/33567","targetHints":{"allow":["GET"]}}],"collection":[{"href":"https:\/\/www.public.sn\/index.php\/wp-json\/wp\/v2\/posts"}],"about":[{"href":"https:\/\/www.public.sn\/index.php\/wp-json\/wp\/v2\/types\/post"}],"author":[{"embeddable":true,"href":"https:\/\/www.public.sn\/index.php\/wp-json\/wp\/v2\/users\/15"}],"replies":[{"embeddable":true,"href":"https:\/\/www.public.sn\/index.php\/wp-json\/wp\/v2\/comments?post=33567"}],"version-history":[{"count":1,"href":"https:\/\/www.public.sn\/index.php\/wp-json\/wp\/v2\/posts\/33567\/revisions"}],"predecessor-version":[{"id":33573,"href":"https:\/\/www.public.sn\/index.php\/wp-json\/wp\/v2\/posts\/33567\/revisions\/33573"}],"wp:featuredmedia":[{"embeddable":true,"href":"https:\/\/www.public.sn\/index.php\/wp-json\/wp\/v2\/media\/33572"}],"wp:attachment":[{"href":"https:\/\/www.public.sn\/index.php\/wp-json\/wp\/v2\/media?parent=33567"}],"wp:term":[{"taxonomy":"category","embeddable":true,"href":"https:\/\/www.public.sn\/index.php\/wp-json\/wp\/v2\/categories?post=33567"},{"taxonomy":"post_tag","embeddable":true,"href":"https:\/\/www.public.sn\/index.php\/wp-json\/wp\/v2\/tags?post=33567"}],"curies":[{"name":"wp","href":"https:\/\/api.w.org\/{rel}","templated":true}]}}