{"id":33571,"date":"2024-06-26T11:54:10","date_gmt":"2024-06-26T11:54:10","guid":{"rendered":"https:\/\/www.public.sn\/?p=33571"},"modified":"2024-06-26T11:54:10","modified_gmt":"2024-06-26T11:54:10","slug":"moussa-balla-fofana-donne-des-precisions-un-nouveau-regime-ne-peut-regler-un-probleme-de-21-milliards-en-2-mois","status":"publish","type":"post","link":"https:\/\/www.public.sn\/index.php\/2024\/06\/26\/moussa-balla-fofana-donne-des-precisions-un-nouveau-regime-ne-peut-regler-un-probleme-de-21-milliards-en-2-mois\/","title":{"rendered":"Moussa Balla Fofana donne des pr\u00e9cisions: \u00ab un nouveau r\u00e9gime ne peut r\u00e9gler un probl\u00e8me de 21 milliards en 2 mois \u00bb"},"content":{"rendered":"<p>La gr\u00e8ve des travailleurs des collectivit\u00e9s territoriales pourrait se prolonger. En effet, leur ministre de tutelle leur a tenu un discours de v\u00e9rit\u00e9 qui risque de ne pas les satisfaire. Moussa Bala Fofana a affirm\u00e9 que le nouveau gouvernement ne peut pas s&rsquo;acquitter de cette dette, qui s&rsquo;\u00e9l\u00e8ve \u00e0 21 milliards de FCFA, en l&rsquo;espace de deux mois.<\/p><div class=\"publi-paragraphe1\" style=\"margin-top: 10px;margin-bottom: 10px;margin-left: auto;margin-right: auto;text-align: center;\" id=\"publi-4097105691\"><div class=\"publi-adlabel\">Publicit\u00e9<\/div><script async src=\"\/\/pagead2.googlesyndication.com\/pagead\/js\/adsbygoogle.js?client=ca-pub-4089586018074219\" crossorigin=\"anonymous\"><\/script><ins class=\"adsbygoogle\" style=\"display:block;\" data-ad-client=\"ca-pub-4089586018074219\" \ndata-ad-slot=\"2087940154\" \ndata-ad-format=\"auto\"><\/ins>\n<script> \n(adsbygoogle = window.adsbygoogle || []).push({}); \n<\/script>\n<\/div>\n<p>D&#8217;embl\u00e9e, le ministre de\u00a0l&rsquo;Urbanisme, des Collectivit\u00e9s territoriales et de l&rsquo;Am\u00e9nagement du territoire,\u00a0pr\u00e9cise le motif de la gr\u00e8ve de ces travailleurs : \u00ab Ils ne sont pas en gr\u00e8ve parce que leurs salaires ne sont pas pay\u00e9s, mais parce qu&rsquo;ils demandent une augmentation. \u00bb<\/p>\n<p>Pour M. Fofana, il est important de rappeler que les municipalit\u00e9s ont recrut\u00e9 \u00ab 16 000 agents et que l&rsquo;augmentation de leurs salaires repr\u00e9sente environ 21 milliards de francs CFA. Pour un gouvernement nouvellement install\u00e9, demander de r\u00e9soudre un probl\u00e8me de cette envergure en deux mois, c&rsquo;est ignorer les enjeux de cette augmentation. Nous devons faire preuve de plus de conciliation \u00bb, a t-il sugg\u00e9r\u00e9 \u00e0 l\u2019occasion de la 5\u00e8me\u00a0r\u00e9union du comit\u00e9 national de pilotage du programme Nekkal.<\/p>\n<p>Il rappelle aux gr\u00e9vistes qu\u2019avant d\u2019\u00eatre ministre, il \u00e9tait conseiller technique dans ce minist\u00e8re et qu\u2019il a contribu\u00e9 \u00e0 la cr\u00e9ation de la fonction publique locale. \u00ab Nous avons sensibilis\u00e9 les agents sur l&rsquo;impact budg\u00e9taire et les v\u00e9rifications n\u00e9cessaires, car une augmentation n\u00e9cessite des r\u00e9unions de travail. Nous avons pris les r\u00eanes du pays avec de nombreuses difficult\u00e9s. J&rsquo;appelle donc les travailleurs \u00e0 reprendre le travail et \u00e0 respecter le service minimum, car les S\u00e9n\u00e9galais ont besoin de ces documents essentiels \u00bb, a-t-il demand\u00e9 aux gr\u00e9vistes.<\/p>\n<p>A rappeler\u00a0que depuis pr\u00e8s de deux ans, les travailleurs des collectivit\u00e9s territoriales du S\u00e9n\u00e9gal observent une gr\u00e8ve avec des mots d\u2019ordre reconduits syst\u00e9matiquement, au grand dam des usagers du service public administratif des mairies et conseils d\u00e9partementaux.<\/p>\n<div class=\"publi-apres-le-contenu\" style=\"margin-top: 10px;margin-bottom: 10px;margin-left: auto;margin-right: auto;text-align: center;\" id=\"publi-3281351570\"><div class=\"publi-adlabel\">Publicit\u00e9<\/div><script async src=\"\/\/pagead2.googlesyndication.com\/pagead\/js\/adsbygoogle.js?client=ca-pub-4089586018074219\" crossorigin=\"anonymous\"><\/script><ins class=\"adsbygoogle\" style=\"display:block;\" data-ad-client=\"ca-pub-4089586018074219\" \ndata-ad-slot=\"2087940154\" \ndata-ad-format=\"auto\"><\/ins>\n<script> \n(adsbygoogle = window.adsbygoogle || []).push({}); \n<\/script>\n<\/div>","protected":false},"excerpt":{"rendered":"<p>La gr\u00e8ve des travailleurs des collectivit\u00e9s territoriales pourrait se prolonger. En effet, leur ministre de tutelle leur a tenu un discours de v\u00e9rit\u00e9 qui risque de ne pas les satisfaire. Moussa Bala Fofana a affirm\u00e9 que le nouveau gouvernement ne peut pas s&rsquo;acquitter de cette dette, qui s&rsquo;\u00e9l\u00e8ve \u00e0 21 milliards de FCFA, en l&rsquo;espace de deux mois. D&#8217;embl\u00e9e, le ministre de\u00a0l&rsquo;Urbanisme, des Collectivit\u00e9s territoriales et de l&rsquo;Am\u00e9nagement du territoire,\u00a0pr\u00e9cise le motif de la gr\u00e8ve de ces travailleurs : \u00ab Ils ne sont pas en gr\u00e8ve parce que leurs salaires ne sont pas pay\u00e9s, mais parce qu&rsquo;ils demandent une augmentation. \u00bb Pour M. Fofana, il est important de rappeler que les municipalit\u00e9s ont recrut\u00e9 \u00ab 16 000 agents et que l&rsquo;augmentation de leurs salaires repr\u00e9sente environ 21 milliards de francs CFA. Pour un gouvernement nouvellement install\u00e9, demander de r\u00e9soudre un probl\u00e8me de cette envergure en deux mois, c&rsquo;est ignorer les enjeux de cette augmentation. Nous devons faire preuve de plus de conciliation \u00bb, a t-il sugg\u00e9r\u00e9 \u00e0 l\u2019occasion de la 5\u00e8me\u00a0r\u00e9union du comit\u00e9 national de pilotage du programme Nekkal. Il rappelle aux gr\u00e9vistes qu\u2019avant d\u2019\u00eatre ministre, il \u00e9tait conseiller technique dans ce minist\u00e8re et qu\u2019il a contribu\u00e9 \u00e0 la cr\u00e9ation de la fonction publique locale. \u00ab Nous avons sensibilis\u00e9 les agents sur l&rsquo;impact budg\u00e9taire et les v\u00e9rifications n\u00e9cessaires, car une augmentation n\u00e9cessite des r\u00e9unions de travail. Nous avons pris les r\u00eanes du pays avec de nombreuses difficult\u00e9s. J&rsquo;appelle donc les travailleurs \u00e0 reprendre le travail et \u00e0 respecter le service minimum, car les S\u00e9n\u00e9galais ont besoin de ces documents essentiels \u00bb, a-t-il demand\u00e9 aux gr\u00e9vistes. A rappeler\u00a0que depuis pr\u00e8s de deux ans, les travailleurs des collectivit\u00e9s territoriales du S\u00e9n\u00e9gal observent une gr\u00e8ve avec des mots d\u2019ordre reconduits syst\u00e9matiquement, au grand dam des usagers du service public administratif des mairies et conseils d\u00e9partementaux.<\/p>\n","protected":false},"author":15,"featured_media":33596,"comment_status":"open","ping_status":"open","sticky":false,"template":"","format":"standard","meta":{"_jetpack_memberships_contains_paid_content":false,"footnotes":""},"categories":[375,550,549,3,376,1],"tags":[6211,6209,6213,6205,6210,6206,6214,6207,6212,6208],"class_list":["post-33571","post","type-post","status-publish","format-standard","has-post-thumbnail","hentry","category-actualites","category-afrique-monde","category-economie","category-politique","category-securite-justice","category-non-classe","tag-des-collectivites-territoriales-et-de-lamenagement-du-territoire","tag-en-lespace-de-deux-mois","tag-ils-ne-sont-pas-en-greve-parce-que-leurs-salaires-ne-sont-pas-payes","tag-la-greve-des-travailleurs-des-collectivites-territoriales-pourrait-se-prolonger","tag-le-ministre-de-lurbanisme","tag-leur-ministre-de-tutelle-leur-a-tenu-un-discours-de-verite-qui-risque-de-ne-pas-les-satisfaire","tag-mais-parce-quils-demandent-une-augmentation","tag-moussa-bala-fofana-a-affirme-que-le-nouveau-gouvernement-ne-peut-pas-sacquitter-de-cette-dette","tag-precise-le-motif-de-la-greve-de-ces-travailleurs","tag-qui-seleve-a-21-milliards-de-fcfa","entry","has-media","owp-thumbs-layout-horizontal","owp-btn-normal","owp-tabs-layout-horizontal","has-no-thumbnails","has-product-nav"],"yoast_head":"<!-- This site is optimized with the Yoast SEO plugin v25.5 - https:\/\/yoast.com\/wordpress\/plugins\/seo\/ -->\n<title>Moussa Balla Fofana donne des pr\u00e9cisions: \u00ab un nouveau r\u00e9gime ne peut r\u00e9gler un probl\u00e8me de 21 milliards en 2 mois \u00bb - LE PUBLIC<\/title>\n<meta name=\"robots\" content=\"index, follow, max-snippet:-1, max-image-preview:large, max-video-preview:-1\" \/>\n<link rel=\"canonical\" href=\"https:\/\/www.public.sn\/index.php\/2024\/06\/26\/moussa-balla-fofana-donne-des-precisions-un-nouveau-regime-ne-peut-regler-un-probleme-de-21-milliards-en-2-mois\/\" \/>\n<meta property=\"og:locale\" content=\"fr_FR\" \/>\n<meta property=\"og:type\" content=\"article\" \/>\n<meta property=\"og:title\" content=\"Moussa Balla Fofana donne des pr\u00e9cisions: \u00ab un nouveau r\u00e9gime ne peut r\u00e9gler un probl\u00e8me de 21 milliards en 2 mois \u00bb - LE PUBLIC\" \/>\n<meta property=\"og:description\" content=\"La gr\u00e8ve des travailleurs des collectivit\u00e9s territoriales pourrait se prolonger. En effet, leur ministre de tutelle leur a tenu un discours de v\u00e9rit\u00e9 qui risque de ne pas les satisfaire. Moussa Bala Fofana a affirm\u00e9 que le nouveau gouvernement ne peut pas s&rsquo;acquitter de cette dette, qui s&rsquo;\u00e9l\u00e8ve \u00e0 21 milliards de FCFA, en l&rsquo;espace de deux mois. D&#8217;embl\u00e9e, le ministre de\u00a0l&rsquo;Urbanisme, des Collectivit\u00e9s territoriales et de l&rsquo;Am\u00e9nagement du territoire,\u00a0pr\u00e9cise le motif de la gr\u00e8ve de ces travailleurs : \u00ab Ils ne sont pas en gr\u00e8ve parce que leurs salaires ne sont pas pay\u00e9s, mais parce qu&rsquo;ils demandent une augmentation. \u00bb Pour M. Fofana, il est important de rappeler que les municipalit\u00e9s ont recrut\u00e9 \u00ab 16 000 agents et que l&rsquo;augmentation de leurs salaires repr\u00e9sente environ 21 milliards de francs CFA. Pour un gouvernement nouvellement install\u00e9, demander de r\u00e9soudre un probl\u00e8me de cette envergure en deux mois, c&rsquo;est ignorer les enjeux de cette augmentation. Nous devons faire preuve de plus de conciliation \u00bb, a t-il sugg\u00e9r\u00e9 \u00e0 l\u2019occasion de la 5\u00e8me\u00a0r\u00e9union du comit\u00e9 national de pilotage du programme Nekkal. Il rappelle aux gr\u00e9vistes qu\u2019avant d\u2019\u00eatre ministre, il \u00e9tait conseiller technique dans ce minist\u00e8re et qu\u2019il a contribu\u00e9 \u00e0 la cr\u00e9ation de la fonction publique locale. \u00ab Nous avons sensibilis\u00e9 les agents sur l&rsquo;impact budg\u00e9taire et les v\u00e9rifications n\u00e9cessaires, car une augmentation n\u00e9cessite des r\u00e9unions de travail. Nous avons pris les r\u00eanes du pays avec de nombreuses difficult\u00e9s. J&rsquo;appelle donc les travailleurs \u00e0 reprendre le travail et \u00e0 respecter le service minimum, car les S\u00e9n\u00e9galais ont besoin de ces documents essentiels \u00bb, a-t-il demand\u00e9 aux gr\u00e9vistes. A rappeler\u00a0que depuis pr\u00e8s de deux ans, les travailleurs des collectivit\u00e9s territoriales du S\u00e9n\u00e9gal observent une gr\u00e8ve avec des mots d\u2019ordre reconduits syst\u00e9matiquement, au grand dam des usagers du service public administratif des mairies et conseils d\u00e9partementaux.\" \/>\n<meta property=\"og:url\" content=\"https:\/\/www.public.sn\/index.php\/2024\/06\/26\/moussa-balla-fofana-donne-des-precisions-un-nouveau-regime-ne-peut-regler-un-probleme-de-21-milliards-en-2-mois\/\" \/>\n<meta property=\"og:site_name\" content=\"LE PUBLIC\" \/>\n<meta property=\"article:published_time\" content=\"2024-06-26T11:54:10+00:00\" \/>\n<meta property=\"og:image\" content=\"https:\/\/www.public.sn\/wp-content\/uploads\/2024\/06\/WhatsApp-Image-2024-06-08-at-19.17.45.jpeg\" \/>\n\t<meta property=\"og:image:width\" content=\"1280\" \/>\n\t<meta property=\"og:image:height\" content=\"960\" \/>\n\t<meta property=\"og:image:type\" content=\"image\/jpeg\" \/>\n<meta name=\"author\" content=\"Baye Amath THIAM\" \/>\n<meta name=\"twitter:card\" content=\"summary_large_image\" \/>\n<meta name=\"twitter:label1\" content=\"\u00c9crit par\" \/>\n\t<meta name=\"twitter:data1\" content=\"Baye Amath THIAM\" \/>\n\t<meta name=\"twitter:label2\" content=\"Dur\u00e9e de lecture estim\u00e9e\" \/>\n\t<meta name=\"twitter:data2\" content=\"2 minutes\" \/>\n<script type=\"application\/ld+json\" class=\"yoast-schema-graph\">{\"@context\":\"https:\/\/schema.org\",\"@graph\":[{\"@type\":\"Article\",\"@id\":\"https:\/\/www.public.sn\/index.php\/2024\/06\/26\/moussa-balla-fofana-donne-des-precisions-un-nouveau-regime-ne-peut-regler-un-probleme-de-21-milliards-en-2-mois\/#article\",\"isPartOf\":{\"@id\":\"https:\/\/www.public.sn\/index.php\/2024\/06\/26\/moussa-balla-fofana-donne-des-precisions-un-nouveau-regime-ne-peut-regler-un-probleme-de-21-milliards-en-2-mois\/\"},\"author\":{\"name\":\"Baye Amath THIAM\",\"@id\":\"https:\/\/www.public.sn\/#\/schema\/person\/f77cd9ce05d8fb925eb038378ee6899d\"},\"headline\":\"Moussa Balla Fofana donne des pr\u00e9cisions: \u00ab un nouveau r\u00e9gime ne peut r\u00e9gler un probl\u00e8me de 21 milliards en 2 mois \u00bb\",\"datePublished\":\"2024-06-26T11:54:10+00:00\",\"mainEntityOfPage\":{\"@id\":\"https:\/\/www.public.sn\/index.php\/2024\/06\/26\/moussa-balla-fofana-donne-des-precisions-un-nouveau-regime-ne-peut-regler-un-probleme-de-21-milliards-en-2-mois\/\"},\"wordCount\":355,\"commentCount\":0,\"publisher\":{\"@id\":\"https:\/\/www.public.sn\/#organization\"},\"image\":{\"@id\":\"https:\/\/www.public.sn\/index.php\/2024\/06\/26\/moussa-balla-fofana-donne-des-precisions-un-nouveau-regime-ne-peut-regler-un-probleme-de-21-milliards-en-2-mois\/#primaryimage\"},\"thumbnailUrl\":\"https:\/\/www.public.sn\/wp-content\/uploads\/2024\/06\/WhatsApp-Image-2024-06-08-at-19.17.45.jpeg\",\"keywords\":[\"des Collectivit\u00e9s territoriales et de l'Am\u00e9nagement du territoire\",\"en l'espace de deux mois.\",\"Ils ne sont pas en gr\u00e8ve parce que leurs salaires ne sont pas pay\u00e9s\",\"La gr\u00e8ve des travailleurs des collectivit\u00e9s territoriales pourrait se prolonger.\",\"le ministre de\u00a0l'Urbanisme\",\"leur ministre de tutelle leur a tenu un discours de v\u00e9rit\u00e9 qui risque de ne pas les satisfaire.\",\"mais parce qu'ils demandent une augmentation. \u00bb\",\"Moussa Bala Fofana a affirm\u00e9 que le nouveau gouvernement ne peut pas s'acquitter de cette dette\",\"pr\u00e9cise le motif de la gr\u00e8ve de ces travailleurs :\",\"qui s'\u00e9l\u00e8ve \u00e0 21 milliards de FCFA\"],\"articleSection\":[\"ACTUALIT\u00c9S\",\"AFRIQUE &amp; MONDE\",\"\u00c9CONOMIE\",\"POLITIQUE\",\"S\u00c9CURIT\u00c9 &amp; JUSTICE\",\"S\u00c9N\u00c9GAL\"],\"inLanguage\":\"fr-FR\",\"potentialAction\":[{\"@type\":\"CommentAction\",\"name\":\"Comment\",\"target\":[\"https:\/\/www.public.sn\/index.php\/2024\/06\/26\/moussa-balla-fofana-donne-des-precisions-un-nouveau-regime-ne-peut-regler-un-probleme-de-21-milliards-en-2-mois\/#respond\"]}]},{\"@type\":\"WebPage\",\"@id\":\"https:\/\/www.public.sn\/index.php\/2024\/06\/26\/moussa-balla-fofana-donne-des-precisions-un-nouveau-regime-ne-peut-regler-un-probleme-de-21-milliards-en-2-mois\/\",\"url\":\"https:\/\/www.public.sn\/index.php\/2024\/06\/26\/moussa-balla-fofana-donne-des-precisions-un-nouveau-regime-ne-peut-regler-un-probleme-de-21-milliards-en-2-mois\/\",\"name\":\"Moussa Balla Fofana donne des pr\u00e9cisions: \u00ab un nouveau r\u00e9gime ne peut r\u00e9gler un probl\u00e8me de 21 milliards en 2 mois \u00bb - LE PUBLIC\",\"isPartOf\":{\"@id\":\"https:\/\/www.public.sn\/#website\"},\"primaryImageOfPage\":{\"@id\":\"https:\/\/www.public.sn\/index.php\/2024\/06\/26\/moussa-balla-fofana-donne-des-precisions-un-nouveau-regime-ne-peut-regler-un-probleme-de-21-milliards-en-2-mois\/#primaryimage\"},\"image\":{\"@id\":\"https:\/\/www.public.sn\/index.php\/2024\/06\/26\/moussa-balla-fofana-donne-des-precisions-un-nouveau-regime-ne-peut-regler-un-probleme-de-21-milliards-en-2-mois\/#primaryimage\"},\"thumbnailUrl\":\"https:\/\/www.public.sn\/wp-content\/uploads\/2024\/06\/WhatsApp-Image-2024-06-08-at-19.17.45.jpeg\",\"datePublished\":\"2024-06-26T11:54:10+00:00\",\"breadcrumb\":{\"@id\":\"https:\/\/www.public.sn\/index.php\/2024\/06\/26\/moussa-balla-fofana-donne-des-precisions-un-nouveau-regime-ne-peut-regler-un-probleme-de-21-milliards-en-2-mois\/#breadcrumb\"},\"inLanguage\":\"fr-FR\",\"potentialAction\":[{\"@type\":\"ReadAction\",\"target\":[\"https:\/\/www.public.sn\/index.php\/2024\/06\/26\/moussa-balla-fofana-donne-des-precisions-un-nouveau-regime-ne-peut-regler-un-probleme-de-21-milliards-en-2-mois\/\"]}]},{\"@type\":\"ImageObject\",\"inLanguage\":\"fr-FR\",\"@id\":\"https:\/\/www.public.sn\/index.php\/2024\/06\/26\/moussa-balla-fofana-donne-des-precisions-un-nouveau-regime-ne-peut-regler-un-probleme-de-21-milliards-en-2-mois\/#primaryimage\",\"url\":\"https:\/\/www.public.sn\/wp-content\/uploads\/2024\/06\/WhatsApp-Image-2024-06-08-at-19.17.45.jpeg\",\"contentUrl\":\"https:\/\/www.public.sn\/wp-content\/uploads\/2024\/06\/WhatsApp-Image-2024-06-08-at-19.17.45.jpeg\",\"width\":1280,\"height\":960},{\"@type\":\"BreadcrumbList\",\"@id\":\"https:\/\/www.public.sn\/index.php\/2024\/06\/26\/moussa-balla-fofana-donne-des-precisions-un-nouveau-regime-ne-peut-regler-un-probleme-de-21-milliards-en-2-mois\/#breadcrumb\",\"itemListElement\":[{\"@type\":\"ListItem\",\"position\":1,\"name\":\"Accueil\",\"item\":\"https:\/\/www.public.sn\/\"},{\"@type\":\"ListItem\",\"position\":2,\"name\":\"Moussa Balla Fofana donne des pr\u00e9cisions: \u00ab un nouveau r\u00e9gime ne peut r\u00e9gler un probl\u00e8me de 21 milliards en 2 mois \u00bb\"}]},{\"@type\":\"WebSite\",\"@id\":\"https:\/\/www.public.sn\/#website\",\"url\":\"https:\/\/www.public.sn\/\",\"name\":\"LE PUBLIC\",\"description\":\"\",\"publisher\":{\"@id\":\"https:\/\/www.public.sn\/#organization\"},\"potentialAction\":[{\"@type\":\"SearchAction\",\"target\":{\"@type\":\"EntryPoint\",\"urlTemplate\":\"https:\/\/www.public.sn\/?s={search_term_string}\"},\"query-input\":{\"@type\":\"PropertyValueSpecification\",\"valueRequired\":true,\"valueName\":\"search_term_string\"}}],\"inLanguage\":\"fr-FR\"},{\"@type\":\"Organization\",\"@id\":\"https:\/\/www.public.sn\/#organization\",\"name\":\"LE PUBLIC\",\"url\":\"https:\/\/www.public.sn\/\",\"logo\":{\"@type\":\"ImageObject\",\"inLanguage\":\"fr-FR\",\"@id\":\"https:\/\/www.public.sn\/#\/schema\/logo\/image\/\",\"url\":\"https:\/\/www.public.sn\/wp-content\/uploads\/2024\/05\/cropped-LOGO-PUBLIC.SN_.png\",\"contentUrl\":\"https:\/\/www.public.sn\/wp-content\/uploads\/2024\/05\/cropped-LOGO-PUBLIC.SN_.png\",\"width\":682,\"height\":192,\"caption\":\"LE PUBLIC\"},\"image\":{\"@id\":\"https:\/\/www.public.sn\/#\/schema\/logo\/image\/\"}},{\"@type\":\"Person\",\"@id\":\"https:\/\/www.public.sn\/#\/schema\/person\/f77cd9ce05d8fb925eb038378ee6899d\",\"name\":\"Baye Amath THIAM\",\"image\":{\"@type\":\"ImageObject\",\"inLanguage\":\"fr-FR\",\"@id\":\"https:\/\/www.public.sn\/#\/schema\/person\/image\/\",\"url\":\"https:\/\/secure.gravatar.com\/avatar\/7eb863ef1336b6f8a2ad921469701e52f094a61c698fab02f5af742ed813612d?s=96&d=mm&r=g\",\"contentUrl\":\"https:\/\/secure.gravatar.com\/avatar\/7eb863ef1336b6f8a2ad921469701e52f094a61c698fab02f5af742ed813612d?s=96&d=mm&r=g\",\"caption\":\"Baye Amath THIAM\"},\"url\":\"https:\/\/www.public.sn\/index.php\/author\/thiamba24\/\"}]}<\/script>\n<!-- \/ Yoast SEO plugin. -->","yoast_head_json":{"title":"Moussa Balla Fofana donne des pr\u00e9cisions: \u00ab un nouveau r\u00e9gime ne peut r\u00e9gler un probl\u00e8me de 21 milliards en 2 mois \u00bb - LE PUBLIC","robots":{"index":"index","follow":"follow","max-snippet":"max-snippet:-1","max-image-preview":"max-image-preview:large","max-video-preview":"max-video-preview:-1"},"canonical":"https:\/\/www.public.sn\/index.php\/2024\/06\/26\/moussa-balla-fofana-donne-des-precisions-un-nouveau-regime-ne-peut-regler-un-probleme-de-21-milliards-en-2-mois\/","og_locale":"fr_FR","og_type":"article","og_title":"Moussa Balla Fofana donne des pr\u00e9cisions: \u00ab un nouveau r\u00e9gime ne peut r\u00e9gler un probl\u00e8me de 21 milliards en 2 mois \u00bb - LE PUBLIC","og_description":"La gr\u00e8ve des travailleurs des collectivit\u00e9s territoriales pourrait se prolonger. En effet, leur ministre de tutelle leur a tenu un discours de v\u00e9rit\u00e9 qui risque de ne pas les satisfaire. Moussa Bala Fofana a affirm\u00e9 que le nouveau gouvernement ne peut pas s&rsquo;acquitter de cette dette, qui s&rsquo;\u00e9l\u00e8ve \u00e0 21 milliards de FCFA, en l&rsquo;espace de deux mois. D&#8217;embl\u00e9e, le ministre de\u00a0l&rsquo;Urbanisme, des Collectivit\u00e9s territoriales et de l&rsquo;Am\u00e9nagement du territoire,\u00a0pr\u00e9cise le motif de la gr\u00e8ve de ces travailleurs : \u00ab Ils ne sont pas en gr\u00e8ve parce que leurs salaires ne sont pas pay\u00e9s, mais parce qu&rsquo;ils demandent une augmentation. \u00bb Pour M. Fofana, il est important de rappeler que les municipalit\u00e9s ont recrut\u00e9 \u00ab 16 000 agents et que l&rsquo;augmentation de leurs salaires repr\u00e9sente environ 21 milliards de francs CFA. Pour un gouvernement nouvellement install\u00e9, demander de r\u00e9soudre un probl\u00e8me de cette envergure en deux mois, c&rsquo;est ignorer les enjeux de cette augmentation. Nous devons faire preuve de plus de conciliation \u00bb, a t-il sugg\u00e9r\u00e9 \u00e0 l\u2019occasion de la 5\u00e8me\u00a0r\u00e9union du comit\u00e9 national de pilotage du programme Nekkal. Il rappelle aux gr\u00e9vistes qu\u2019avant d\u2019\u00eatre ministre, il \u00e9tait conseiller technique dans ce minist\u00e8re et qu\u2019il a contribu\u00e9 \u00e0 la cr\u00e9ation de la fonction publique locale. \u00ab Nous avons sensibilis\u00e9 les agents sur l&rsquo;impact budg\u00e9taire et les v\u00e9rifications n\u00e9cessaires, car une augmentation n\u00e9cessite des r\u00e9unions de travail. Nous avons pris les r\u00eanes du pays avec de nombreuses difficult\u00e9s. J&rsquo;appelle donc les travailleurs \u00e0 reprendre le travail et \u00e0 respecter le service minimum, car les S\u00e9n\u00e9galais ont besoin de ces documents essentiels \u00bb, a-t-il demand\u00e9 aux gr\u00e9vistes. A rappeler\u00a0que depuis pr\u00e8s de deux ans, les travailleurs des collectivit\u00e9s territoriales du S\u00e9n\u00e9gal observent une gr\u00e8ve avec des mots d\u2019ordre reconduits syst\u00e9matiquement, au grand dam des usagers du service public administratif des mairies et conseils d\u00e9partementaux.","og_url":"https:\/\/www.public.sn\/index.php\/2024\/06\/26\/moussa-balla-fofana-donne-des-precisions-un-nouveau-regime-ne-peut-regler-un-probleme-de-21-milliards-en-2-mois\/","og_site_name":"LE PUBLIC","article_published_time":"2024-06-26T11:54:10+00:00","og_image":[{"width":1280,"height":960,"url":"https:\/\/www.public.sn\/wp-content\/uploads\/2024\/06\/WhatsApp-Image-2024-06-08-at-19.17.45.jpeg","type":"image\/jpeg"}],"author":"Baye Amath THIAM","twitter_card":"summary_large_image","twitter_misc":{"\u00c9crit par":"Baye Amath THIAM","Dur\u00e9e de lecture estim\u00e9e":"2 minutes"},"schema":{"@context":"https:\/\/schema.org","@graph":[{"@type":"Article","@id":"https:\/\/www.public.sn\/index.php\/2024\/06\/26\/moussa-balla-fofana-donne-des-precisions-un-nouveau-regime-ne-peut-regler-un-probleme-de-21-milliards-en-2-mois\/#article","isPartOf":{"@id":"https:\/\/www.public.sn\/index.php\/2024\/06\/26\/moussa-balla-fofana-donne-des-precisions-un-nouveau-regime-ne-peut-regler-un-probleme-de-21-milliards-en-2-mois\/"},"author":{"name":"Baye Amath THIAM","@id":"https:\/\/www.public.sn\/#\/schema\/person\/f77cd9ce05d8fb925eb038378ee6899d"},"headline":"Moussa Balla Fofana donne des pr\u00e9cisions: \u00ab un nouveau r\u00e9gime ne peut r\u00e9gler un probl\u00e8me de 21 milliards en 2 mois \u00bb","datePublished":"2024-06-26T11:54:10+00:00","mainEntityOfPage":{"@id":"https:\/\/www.public.sn\/index.php\/2024\/06\/26\/moussa-balla-fofana-donne-des-precisions-un-nouveau-regime-ne-peut-regler-un-probleme-de-21-milliards-en-2-mois\/"},"wordCount":355,"commentCount":0,"publisher":{"@id":"https:\/\/www.public.sn\/#organization"},"image":{"@id":"https:\/\/www.public.sn\/index.php\/2024\/06\/26\/moussa-balla-fofana-donne-des-precisions-un-nouveau-regime-ne-peut-regler-un-probleme-de-21-milliards-en-2-mois\/#primaryimage"},"thumbnailUrl":"https:\/\/www.public.sn\/wp-content\/uploads\/2024\/06\/WhatsApp-Image-2024-06-08-at-19.17.45.jpeg","keywords":["des Collectivit\u00e9s territoriales et de l'Am\u00e9nagement du territoire","en l'espace de deux mois.","Ils ne sont pas en gr\u00e8ve parce que leurs salaires ne sont pas pay\u00e9s","La gr\u00e8ve des travailleurs des collectivit\u00e9s territoriales pourrait se prolonger.","le ministre de\u00a0l'Urbanisme","leur ministre de tutelle leur a tenu un discours de v\u00e9rit\u00e9 qui risque de ne pas les satisfaire.","mais parce qu'ils demandent une augmentation. \u00bb","Moussa Bala Fofana a affirm\u00e9 que le nouveau gouvernement ne peut pas s'acquitter de cette dette","pr\u00e9cise le motif de la gr\u00e8ve de ces travailleurs :","qui s'\u00e9l\u00e8ve \u00e0 21 milliards de FCFA"],"articleSection":["ACTUALIT\u00c9S","AFRIQUE &amp; MONDE","\u00c9CONOMIE","POLITIQUE","S\u00c9CURIT\u00c9 &amp; JUSTICE","S\u00c9N\u00c9GAL"],"inLanguage":"fr-FR","potentialAction":[{"@type":"CommentAction","name":"Comment","target":["https:\/\/www.public.sn\/index.php\/2024\/06\/26\/moussa-balla-fofana-donne-des-precisions-un-nouveau-regime-ne-peut-regler-un-probleme-de-21-milliards-en-2-mois\/#respond"]}]},{"@type":"WebPage","@id":"https:\/\/www.public.sn\/index.php\/2024\/06\/26\/moussa-balla-fofana-donne-des-precisions-un-nouveau-regime-ne-peut-regler-un-probleme-de-21-milliards-en-2-mois\/","url":"https:\/\/www.public.sn\/index.php\/2024\/06\/26\/moussa-balla-fofana-donne-des-precisions-un-nouveau-regime-ne-peut-regler-un-probleme-de-21-milliards-en-2-mois\/","name":"Moussa Balla Fofana donne des pr\u00e9cisions: \u00ab un nouveau r\u00e9gime ne peut r\u00e9gler un probl\u00e8me de 21 milliards en 2 mois \u00bb - LE PUBLIC","isPartOf":{"@id":"https:\/\/www.public.sn\/#website"},"primaryImageOfPage":{"@id":"https:\/\/www.public.sn\/index.php\/2024\/06\/26\/moussa-balla-fofana-donne-des-precisions-un-nouveau-regime-ne-peut-regler-un-probleme-de-21-milliards-en-2-mois\/#primaryimage"},"image":{"@id":"https:\/\/www.public.sn\/index.php\/2024\/06\/26\/moussa-balla-fofana-donne-des-precisions-un-nouveau-regime-ne-peut-regler-un-probleme-de-21-milliards-en-2-mois\/#primaryimage"},"thumbnailUrl":"https:\/\/www.public.sn\/wp-content\/uploads\/2024\/06\/WhatsApp-Image-2024-06-08-at-19.17.45.jpeg","datePublished":"2024-06-26T11:54:10+00:00","breadcrumb":{"@id":"https:\/\/www.public.sn\/index.php\/2024\/06\/26\/moussa-balla-fofana-donne-des-precisions-un-nouveau-regime-ne-peut-regler-un-probleme-de-21-milliards-en-2-mois\/#breadcrumb"},"inLanguage":"fr-FR","potentialAction":[{"@type":"ReadAction","target":["https:\/\/www.public.sn\/index.php\/2024\/06\/26\/moussa-balla-fofana-donne-des-precisions-un-nouveau-regime-ne-peut-regler-un-probleme-de-21-milliards-en-2-mois\/"]}]},{"@type":"ImageObject","inLanguage":"fr-FR","@id":"https:\/\/www.public.sn\/index.php\/2024\/06\/26\/moussa-balla-fofana-donne-des-precisions-un-nouveau-regime-ne-peut-regler-un-probleme-de-21-milliards-en-2-mois\/#primaryimage","url":"https:\/\/www.public.sn\/wp-content\/uploads\/2024\/06\/WhatsApp-Image-2024-06-08-at-19.17.45.jpeg","contentUrl":"https:\/\/www.public.sn\/wp-content\/uploads\/2024\/06\/WhatsApp-Image-2024-06-08-at-19.17.45.jpeg","width":1280,"height":960},{"@type":"BreadcrumbList","@id":"https:\/\/www.public.sn\/index.php\/2024\/06\/26\/moussa-balla-fofana-donne-des-precisions-un-nouveau-regime-ne-peut-regler-un-probleme-de-21-milliards-en-2-mois\/#breadcrumb","itemListElement":[{"@type":"ListItem","position":1,"name":"Accueil","item":"https:\/\/www.public.sn\/"},{"@type":"ListItem","position":2,"name":"Moussa Balla Fofana donne des pr\u00e9cisions: \u00ab un nouveau r\u00e9gime ne peut r\u00e9gler un probl\u00e8me de 21 milliards en 2 mois \u00bb"}]},{"@type":"WebSite","@id":"https:\/\/www.public.sn\/#website","url":"https:\/\/www.public.sn\/","name":"LE PUBLIC","description":"","publisher":{"@id":"https:\/\/www.public.sn\/#organization"},"potentialAction":[{"@type":"SearchAction","target":{"@type":"EntryPoint","urlTemplate":"https:\/\/www.public.sn\/?s={search_term_string}"},"query-input":{"@type":"PropertyValueSpecification","valueRequired":true,"valueName":"search_term_string"}}],"inLanguage":"fr-FR"},{"@type":"Organization","@id":"https:\/\/www.public.sn\/#organization","name":"LE PUBLIC","url":"https:\/\/www.public.sn\/","logo":{"@type":"ImageObject","inLanguage":"fr-FR","@id":"https:\/\/www.public.sn\/#\/schema\/logo\/image\/","url":"https:\/\/www.public.sn\/wp-content\/uploads\/2024\/05\/cropped-LOGO-PUBLIC.SN_.png","contentUrl":"https:\/\/www.public.sn\/wp-content\/uploads\/2024\/05\/cropped-LOGO-PUBLIC.SN_.png","width":682,"height":192,"caption":"LE PUBLIC"},"image":{"@id":"https:\/\/www.public.sn\/#\/schema\/logo\/image\/"}},{"@type":"Person","@id":"https:\/\/www.public.sn\/#\/schema\/person\/f77cd9ce05d8fb925eb038378ee6899d","name":"Baye Amath THIAM","image":{"@type":"ImageObject","inLanguage":"fr-FR","@id":"https:\/\/www.public.sn\/#\/schema\/person\/image\/","url":"https:\/\/secure.gravatar.com\/avatar\/7eb863ef1336b6f8a2ad921469701e52f094a61c698fab02f5af742ed813612d?s=96&d=mm&r=g","contentUrl":"https:\/\/secure.gravatar.com\/avatar\/7eb863ef1336b6f8a2ad921469701e52f094a61c698fab02f5af742ed813612d?s=96&d=mm&r=g","caption":"Baye Amath THIAM"},"url":"https:\/\/www.public.sn\/index.php\/author\/thiamba24\/"}]}},"jetpack_featured_media_url":"https:\/\/www.public.sn\/wp-content\/uploads\/2024\/06\/WhatsApp-Image-2024-06-08-at-19.17.45.jpeg","jetpack_sharing_enabled":true,"_links":{"self":[{"href":"https:\/\/www.public.sn\/index.php\/wp-json\/wp\/v2\/posts\/33571","targetHints":{"allow":["GET"]}}],"collection":[{"href":"https:\/\/www.public.sn\/index.php\/wp-json\/wp\/v2\/posts"}],"about":[{"href":"https:\/\/www.public.sn\/index.php\/wp-json\/wp\/v2\/types\/post"}],"author":[{"embeddable":true,"href":"https:\/\/www.public.sn\/index.php\/wp-json\/wp\/v2\/users\/15"}],"replies":[{"embeddable":true,"href":"https:\/\/www.public.sn\/index.php\/wp-json\/wp\/v2\/comments?post=33571"}],"version-history":[{"count":1,"href":"https:\/\/www.public.sn\/index.php\/wp-json\/wp\/v2\/posts\/33571\/revisions"}],"predecessor-version":[{"id":33597,"href":"https:\/\/www.public.sn\/index.php\/wp-json\/wp\/v2\/posts\/33571\/revisions\/33597"}],"wp:featuredmedia":[{"embeddable":true,"href":"https:\/\/www.public.sn\/index.php\/wp-json\/wp\/v2\/media\/33596"}],"wp:attachment":[{"href":"https:\/\/www.public.sn\/index.php\/wp-json\/wp\/v2\/media?parent=33571"}],"wp:term":[{"taxonomy":"category","embeddable":true,"href":"https:\/\/www.public.sn\/index.php\/wp-json\/wp\/v2\/categories?post=33571"},{"taxonomy":"post_tag","embeddable":true,"href":"https:\/\/www.public.sn\/index.php\/wp-json\/wp\/v2\/tags?post=33571"}],"curies":[{"name":"wp","href":"https:\/\/api.w.org\/{rel}","templated":true}]}}