{"id":33648,"date":"2024-06-28T10:42:46","date_gmt":"2024-06-28T10:42:46","guid":{"rendered":"https:\/\/www.public.sn\/?p=33648"},"modified":"2024-06-28T10:42:46","modified_gmt":"2024-06-28T10:42:46","slug":"declaration-de-politique-generale-guy-marius-sagna-adresse-une-lettre-a-ousmane-sonko","status":"publish","type":"post","link":"https:\/\/www.public.sn\/index.php\/2024\/06\/28\/declaration-de-politique-generale-guy-marius-sagna-adresse-une-lettre-a-ousmane-sonko\/","title":{"rendered":"D\u00e9claration de politique g\u00e9n\u00e9rale: Guy Marius Sagna adresse une lettre \u00e0 Ousmane Sonko"},"content":{"rendered":"<p>La pol\u00e9mique autour de la D\u00e9claration de Politique G\u00e9n\u00e9rale (DPG) du premier ministre ne cesse de faire couler l&rsquo;encre en ce moment. Le d\u00e9put\u00e9 du groupe parlementaire Yewwi Askan Wi, Guy Marius Sagna s&rsquo;est exprim\u00e9 sur le sujet en affirmant avoir envoy\u00e9 une lettre au premier ministre Ousmane Sonko pour lui demander de ne pas se pr\u00e9senter \u00e0 l&rsquo;Assembl\u00e9e nationale.<\/p><div class=\"publi-paragraphe1\" style=\"margin-top: 10px;margin-bottom: 10px;margin-left: auto;margin-right: auto;text-align: center;\" id=\"publi-2288077551\"><div class=\"publi-adlabel\">Publicit\u00e9<\/div><script async src=\"\/\/pagead2.googlesyndication.com\/pagead\/js\/adsbygoogle.js?client=ca-pub-4089586018074219\" crossorigin=\"anonymous\"><\/script><ins class=\"adsbygoogle\" style=\"display:block;\" data-ad-client=\"ca-pub-4089586018074219\" \ndata-ad-slot=\"2087940154\" \ndata-ad-format=\"auto\"><\/ins>\n<script> \n(adsbygoogle = window.adsbygoogle || []).push({}); \n<\/script>\n<\/div>\n<p>Ainsi, consid\u00e8re Guy Marius Sagna, \u00ab la loi n\u00b02019-10 du 14 mai 2019 portant r\u00e9vision de la Constitution a supprim\u00e9 le poste de Premier Ministre. Pour \u00eatre en conformit\u00e9 avec cette r\u00e9forme constitutionnelle, l\u2019Assembl\u00e9e nationale, \u00e0 travers la loi organique n\u00b02019-14 du 28 octobre 2019, avait enlev\u00e9 toutes les dispositions relatives au Premier Ministre de son R\u00e8glement int\u00e9rieur, notamment les articles 97, 98, 99 portant respectivement sur la d\u00e9claration de politique g\u00e9n\u00e9rale, sur la question de confiance et sur la motion de censure. Par la suite, le 10 d\u00e9cembre 2021, l\u2019Assembl\u00e9e nationale a adopt\u00e9 le projet de loi constitutionnelle n\u00b038-2021 qui restaure le poste de Premier Ministre. Cependant, depuis la restauration du poste de Premier Ministre, l\u2019Assembl\u00e9e nationale n\u2019a toujours pas mis \u00e0 jour son R\u00e8glement int\u00e9rieur. Au lieu de modifier \u00e0 nouveau son R\u00e8glement int\u00e9rieur afin de r\u00e9int\u00e9grer les dispositions relatives au Premier Ministre abrog\u00e9es depuis la loi n\u00b02019-14 du 28 octobre 2019, Guy Marius Sagna pr\u00e9cise que le pr\u00e9sident de l\u2019Assembl\u00e9e nationale conduit les travaux de l\u2019institution avec \u00ab un faux R\u00e8glement int\u00e9rieur qui fait r\u00e9f\u00e9rence \u00e0 des dispositions sur le Premier Ministre abrog\u00e9es depuis bient\u00f4t cinq ans \u00bb. Au regard de toutes ces consid\u00e9rations, Guy Marius Sagna invite solennellement le premier ministre Ousmane Sonko \u00ab \u00e0 ne pas tenir votre d\u00e9claration de politique g\u00e9n\u00e9rale tant que les dispositions relatives au Premier Ministre n\u2019ont pas \u00e9t\u00e9 r\u00e9int\u00e9gr\u00e9es dans le R\u00e8glement int\u00e9rieur de l\u2019Assembl\u00e9e nationale \u00bb. <\/p>\n<p>Avant  de finir son propos, le d\u00e9put\u00e9 Guy Marius Sagna a rappel\u00e9 que le 08 d\u00e9cembre 2022 il avait \u00e9crit au premier ministre Amadou Ba pour lui demander de ne pas venir \u00e0 l&rsquo;Assembl\u00e9e nationale car le r\u00e8glement int\u00e9rieur de l&rsquo;Assembl\u00e9e nationale ne reconna\u00eet pas le poste de premier ministre.<\/p>\n<div class=\"publi-apres-le-contenu\" style=\"margin-top: 10px;margin-bottom: 10px;margin-left: auto;margin-right: auto;text-align: center;\" id=\"publi-1270825391\"><div class=\"publi-adlabel\">Publicit\u00e9<\/div><script async src=\"\/\/pagead2.googlesyndication.com\/pagead\/js\/adsbygoogle.js?client=ca-pub-4089586018074219\" crossorigin=\"anonymous\"><\/script><ins class=\"adsbygoogle\" style=\"display:block;\" data-ad-client=\"ca-pub-4089586018074219\" \ndata-ad-slot=\"2087940154\" \ndata-ad-format=\"auto\"><\/ins>\n<script> \n(adsbygoogle = window.adsbygoogle || []).push({}); \n<\/script>\n<\/div>","protected":false},"excerpt":{"rendered":"<p>La pol\u00e9mique autour de la D\u00e9claration de Politique G\u00e9n\u00e9rale (DPG) du premier ministre ne cesse de faire couler l&rsquo;encre en ce moment. Le d\u00e9put\u00e9 du groupe parlementaire Yewwi Askan Wi, Guy Marius Sagna s&rsquo;est exprim\u00e9 sur le sujet en affirmant avoir envoy\u00e9 une lettre au premier ministre Ousmane Sonko pour lui demander de ne pas se pr\u00e9senter \u00e0 l&rsquo;Assembl\u00e9e nationale. Ainsi, consid\u00e8re Guy Marius Sagna, \u00ab la loi n\u00b02019-10 du 14 mai 2019 portant r\u00e9vision de la Constitution a supprim\u00e9 le poste de Premier Ministre. Pour \u00eatre en conformit\u00e9 avec cette r\u00e9forme constitutionnelle, l\u2019Assembl\u00e9e nationale, \u00e0 travers la loi organique n\u00b02019-14 du 28 octobre 2019, avait enlev\u00e9 toutes les dispositions relatives au Premier Ministre de son R\u00e8glement int\u00e9rieur, notamment les articles 97, 98, 99 portant respectivement sur la d\u00e9claration de politique g\u00e9n\u00e9rale, sur la question de confiance et sur la motion de censure. Par la suite, le 10 d\u00e9cembre 2021, l\u2019Assembl\u00e9e nationale a adopt\u00e9 le projet de loi constitutionnelle n\u00b038-2021 qui restaure le poste de Premier Ministre. Cependant, depuis la restauration du poste de Premier Ministre, l\u2019Assembl\u00e9e nationale n\u2019a toujours pas mis \u00e0 jour son R\u00e8glement int\u00e9rieur. Au lieu de modifier \u00e0 nouveau son R\u00e8glement int\u00e9rieur afin de r\u00e9int\u00e9grer les dispositions relatives au Premier Ministre abrog\u00e9es depuis la loi n\u00b02019-14 du 28 octobre 2019, Guy Marius Sagna pr\u00e9cise que le pr\u00e9sident de l\u2019Assembl\u00e9e nationale conduit les travaux de l\u2019institution avec \u00ab un faux R\u00e8glement int\u00e9rieur qui fait r\u00e9f\u00e9rence \u00e0 des dispositions sur le Premier Ministre abrog\u00e9es depuis bient\u00f4t cinq ans \u00bb. Au regard de toutes ces consid\u00e9rations, Guy Marius Sagna invite solennellement le premier ministre Ousmane Sonko \u00ab \u00e0 ne pas tenir votre d\u00e9claration de politique g\u00e9n\u00e9rale tant que les dispositions relatives au Premier Ministre n\u2019ont pas \u00e9t\u00e9 r\u00e9int\u00e9gr\u00e9es dans le R\u00e8glement int\u00e9rieur de l\u2019Assembl\u00e9e nationale \u00bb. Avant de finir son propos, le d\u00e9put\u00e9 Guy Marius Sagna a rappel\u00e9 que le 08 d\u00e9cembre 2022 il avait \u00e9crit au premier ministre Amadou Ba pour lui demander de ne pas venir \u00e0 l&rsquo;Assembl\u00e9e nationale car le r\u00e8glement int\u00e9rieur de l&rsquo;Assembl\u00e9e nationale ne reconna\u00eet pas le poste de premier ministre.<\/p>\n","protected":false},"author":15,"featured_media":33650,"comment_status":"open","ping_status":"open","sticky":false,"template":"","format":"standard","meta":{"_jetpack_memberships_contains_paid_content":false,"footnotes":""},"categories":[375,961,3,376,1,4],"tags":[12,3770,112,16,6244],"class_list":["post-33648","post","type-post","status-publish","format-standard","has-post-thumbnail","hentry","category-actualites","category-medias","category-politique","category-securite-justice","category-non-classe","category-societe","tag-assemblee-nationale","tag-declaration-de-politique-generale-2","tag-guy-marius-sagna","tag-ousmane-sonko","tag-polemique","entry","has-media","owp-thumbs-layout-horizontal","owp-btn-normal","owp-tabs-layout-horizontal","has-no-thumbnails","has-product-nav"],"yoast_head":"<!-- This site is optimized with the Yoast SEO plugin v25.5 - https:\/\/yoast.com\/wordpress\/plugins\/seo\/ -->\n<title>D\u00e9claration de politique g\u00e9n\u00e9rale: Guy Marius Sagna adresse une lettre \u00e0 Ousmane Sonko - LE PUBLIC<\/title>\n<meta name=\"robots\" content=\"index, follow, max-snippet:-1, max-image-preview:large, max-video-preview:-1\" \/>\n<link rel=\"canonical\" href=\"https:\/\/www.public.sn\/index.php\/2024\/06\/28\/declaration-de-politique-generale-guy-marius-sagna-adresse-une-lettre-a-ousmane-sonko\/\" \/>\n<meta property=\"og:locale\" content=\"fr_FR\" \/>\n<meta property=\"og:type\" content=\"article\" \/>\n<meta property=\"og:title\" content=\"D\u00e9claration de politique g\u00e9n\u00e9rale: Guy Marius Sagna adresse une lettre \u00e0 Ousmane Sonko - LE PUBLIC\" \/>\n<meta property=\"og:description\" content=\"La pol\u00e9mique autour de la D\u00e9claration de Politique G\u00e9n\u00e9rale (DPG) du premier ministre ne cesse de faire couler l&rsquo;encre en ce moment. Le d\u00e9put\u00e9 du groupe parlementaire Yewwi Askan Wi, Guy Marius Sagna s&rsquo;est exprim\u00e9 sur le sujet en affirmant avoir envoy\u00e9 une lettre au premier ministre Ousmane Sonko pour lui demander de ne pas se pr\u00e9senter \u00e0 l&rsquo;Assembl\u00e9e nationale. Ainsi, consid\u00e8re Guy Marius Sagna, \u00ab la loi n\u00b02019-10 du 14 mai 2019 portant r\u00e9vision de la Constitution a supprim\u00e9 le poste de Premier Ministre. Pour \u00eatre en conformit\u00e9 avec cette r\u00e9forme constitutionnelle, l\u2019Assembl\u00e9e nationale, \u00e0 travers la loi organique n\u00b02019-14 du 28 octobre 2019, avait enlev\u00e9 toutes les dispositions relatives au Premier Ministre de son R\u00e8glement int\u00e9rieur, notamment les articles 97, 98, 99 portant respectivement sur la d\u00e9claration de politique g\u00e9n\u00e9rale, sur la question de confiance et sur la motion de censure. Par la suite, le 10 d\u00e9cembre 2021, l\u2019Assembl\u00e9e nationale a adopt\u00e9 le projet de loi constitutionnelle n\u00b038-2021 qui restaure le poste de Premier Ministre. Cependant, depuis la restauration du poste de Premier Ministre, l\u2019Assembl\u00e9e nationale n\u2019a toujours pas mis \u00e0 jour son R\u00e8glement int\u00e9rieur. Au lieu de modifier \u00e0 nouveau son R\u00e8glement int\u00e9rieur afin de r\u00e9int\u00e9grer les dispositions relatives au Premier Ministre abrog\u00e9es depuis la loi n\u00b02019-14 du 28 octobre 2019, Guy Marius Sagna pr\u00e9cise que le pr\u00e9sident de l\u2019Assembl\u00e9e nationale conduit les travaux de l\u2019institution avec \u00ab un faux R\u00e8glement int\u00e9rieur qui fait r\u00e9f\u00e9rence \u00e0 des dispositions sur le Premier Ministre abrog\u00e9es depuis bient\u00f4t cinq ans \u00bb. Au regard de toutes ces consid\u00e9rations, Guy Marius Sagna invite solennellement le premier ministre Ousmane Sonko \u00ab \u00e0 ne pas tenir votre d\u00e9claration de politique g\u00e9n\u00e9rale tant que les dispositions relatives au Premier Ministre n\u2019ont pas \u00e9t\u00e9 r\u00e9int\u00e9gr\u00e9es dans le R\u00e8glement int\u00e9rieur de l\u2019Assembl\u00e9e nationale \u00bb. Avant de finir son propos, le d\u00e9put\u00e9 Guy Marius Sagna a rappel\u00e9 que le 08 d\u00e9cembre 2022 il avait \u00e9crit au premier ministre Amadou Ba pour lui demander de ne pas venir \u00e0 l&rsquo;Assembl\u00e9e nationale car le r\u00e8glement int\u00e9rieur de l&rsquo;Assembl\u00e9e nationale ne reconna\u00eet pas le poste de premier ministre.\" \/>\n<meta property=\"og:url\" content=\"https:\/\/www.public.sn\/index.php\/2024\/06\/28\/declaration-de-politique-generale-guy-marius-sagna-adresse-une-lettre-a-ousmane-sonko\/\" \/>\n<meta property=\"og:site_name\" content=\"LE PUBLIC\" \/>\n<meta property=\"article:published_time\" content=\"2024-06-28T10:42:46+00:00\" \/>\n<meta property=\"og:image\" content=\"https:\/\/www.public.sn\/wp-content\/uploads\/2024\/06\/74411094-51763426.webp\" \/>\n\t<meta property=\"og:image:width\" content=\"800\" \/>\n\t<meta property=\"og:image:height\" content=\"445\" \/>\n\t<meta property=\"og:image:type\" content=\"image\/webp\" \/>\n<meta name=\"author\" content=\"Baye Amath THIAM\" \/>\n<meta name=\"twitter:card\" content=\"summary_large_image\" \/>\n<meta name=\"twitter:label1\" content=\"\u00c9crit par\" \/>\n\t<meta name=\"twitter:data1\" content=\"Baye Amath THIAM\" \/>\n\t<meta name=\"twitter:label2\" content=\"Dur\u00e9e de lecture estim\u00e9e\" \/>\n\t<meta name=\"twitter:data2\" content=\"1 minute\" \/>\n<script type=\"application\/ld+json\" class=\"yoast-schema-graph\">{\"@context\":\"https:\/\/schema.org\",\"@graph\":[{\"@type\":\"Article\",\"@id\":\"https:\/\/www.public.sn\/index.php\/2024\/06\/28\/declaration-de-politique-generale-guy-marius-sagna-adresse-une-lettre-a-ousmane-sonko\/#article\",\"isPartOf\":{\"@id\":\"https:\/\/www.public.sn\/index.php\/2024\/06\/28\/declaration-de-politique-generale-guy-marius-sagna-adresse-une-lettre-a-ousmane-sonko\/\"},\"author\":{\"name\":\"Baye Amath THIAM\",\"@id\":\"https:\/\/www.public.sn\/#\/schema\/person\/f77cd9ce05d8fb925eb038378ee6899d\"},\"headline\":\"D\u00e9claration de politique g\u00e9n\u00e9rale: Guy Marius Sagna adresse une lettre \u00e0 Ousmane Sonko\",\"datePublished\":\"2024-06-28T10:42:46+00:00\",\"mainEntityOfPage\":{\"@id\":\"https:\/\/www.public.sn\/index.php\/2024\/06\/28\/declaration-de-politique-generale-guy-marius-sagna-adresse-une-lettre-a-ousmane-sonko\/\"},\"wordCount\":401,\"commentCount\":0,\"publisher\":{\"@id\":\"https:\/\/www.public.sn\/#organization\"},\"image\":{\"@id\":\"https:\/\/www.public.sn\/index.php\/2024\/06\/28\/declaration-de-politique-generale-guy-marius-sagna-adresse-une-lettre-a-ousmane-sonko\/#primaryimage\"},\"thumbnailUrl\":\"https:\/\/www.public.sn\/wp-content\/uploads\/2024\/06\/74411094-51763426.webp\",\"keywords\":[\"Assembl\u00e9e Nationale\",\"declaration de politique generale\",\"Guy Marius Sagna\",\"Ousmane Sonko\",\"pol\u00e9mique\"],\"articleSection\":[\"ACTUALIT\u00c9S\",\"M\u00c9DIAS\",\"POLITIQUE\",\"S\u00c9CURIT\u00c9 &amp; JUSTICE\",\"S\u00c9N\u00c9GAL\",\"SOCIETE\"],\"inLanguage\":\"fr-FR\",\"potentialAction\":[{\"@type\":\"CommentAction\",\"name\":\"Comment\",\"target\":[\"https:\/\/www.public.sn\/index.php\/2024\/06\/28\/declaration-de-politique-generale-guy-marius-sagna-adresse-une-lettre-a-ousmane-sonko\/#respond\"]}]},{\"@type\":\"WebPage\",\"@id\":\"https:\/\/www.public.sn\/index.php\/2024\/06\/28\/declaration-de-politique-generale-guy-marius-sagna-adresse-une-lettre-a-ousmane-sonko\/\",\"url\":\"https:\/\/www.public.sn\/index.php\/2024\/06\/28\/declaration-de-politique-generale-guy-marius-sagna-adresse-une-lettre-a-ousmane-sonko\/\",\"name\":\"D\u00e9claration de politique g\u00e9n\u00e9rale: Guy Marius Sagna adresse une lettre \u00e0 Ousmane Sonko - LE PUBLIC\",\"isPartOf\":{\"@id\":\"https:\/\/www.public.sn\/#website\"},\"primaryImageOfPage\":{\"@id\":\"https:\/\/www.public.sn\/index.php\/2024\/06\/28\/declaration-de-politique-generale-guy-marius-sagna-adresse-une-lettre-a-ousmane-sonko\/#primaryimage\"},\"image\":{\"@id\":\"https:\/\/www.public.sn\/index.php\/2024\/06\/28\/declaration-de-politique-generale-guy-marius-sagna-adresse-une-lettre-a-ousmane-sonko\/#primaryimage\"},\"thumbnailUrl\":\"https:\/\/www.public.sn\/wp-content\/uploads\/2024\/06\/74411094-51763426.webp\",\"datePublished\":\"2024-06-28T10:42:46+00:00\",\"breadcrumb\":{\"@id\":\"https:\/\/www.public.sn\/index.php\/2024\/06\/28\/declaration-de-politique-generale-guy-marius-sagna-adresse-une-lettre-a-ousmane-sonko\/#breadcrumb\"},\"inLanguage\":\"fr-FR\",\"potentialAction\":[{\"@type\":\"ReadAction\",\"target\":[\"https:\/\/www.public.sn\/index.php\/2024\/06\/28\/declaration-de-politique-generale-guy-marius-sagna-adresse-une-lettre-a-ousmane-sonko\/\"]}]},{\"@type\":\"ImageObject\",\"inLanguage\":\"fr-FR\",\"@id\":\"https:\/\/www.public.sn\/index.php\/2024\/06\/28\/declaration-de-politique-generale-guy-marius-sagna-adresse-une-lettre-a-ousmane-sonko\/#primaryimage\",\"url\":\"https:\/\/www.public.sn\/wp-content\/uploads\/2024\/06\/74411094-51763426.webp\",\"contentUrl\":\"https:\/\/www.public.sn\/wp-content\/uploads\/2024\/06\/74411094-51763426.webp\",\"width\":800,\"height\":445},{\"@type\":\"BreadcrumbList\",\"@id\":\"https:\/\/www.public.sn\/index.php\/2024\/06\/28\/declaration-de-politique-generale-guy-marius-sagna-adresse-une-lettre-a-ousmane-sonko\/#breadcrumb\",\"itemListElement\":[{\"@type\":\"ListItem\",\"position\":1,\"name\":\"Accueil\",\"item\":\"https:\/\/www.public.sn\/\"},{\"@type\":\"ListItem\",\"position\":2,\"name\":\"D\u00e9claration de politique g\u00e9n\u00e9rale: Guy Marius Sagna adresse une lettre \u00e0 Ousmane Sonko\"}]},{\"@type\":\"WebSite\",\"@id\":\"https:\/\/www.public.sn\/#website\",\"url\":\"https:\/\/www.public.sn\/\",\"name\":\"LE PUBLIC\",\"description\":\"\",\"publisher\":{\"@id\":\"https:\/\/www.public.sn\/#organization\"},\"potentialAction\":[{\"@type\":\"SearchAction\",\"target\":{\"@type\":\"EntryPoint\",\"urlTemplate\":\"https:\/\/www.public.sn\/?s={search_term_string}\"},\"query-input\":{\"@type\":\"PropertyValueSpecification\",\"valueRequired\":true,\"valueName\":\"search_term_string\"}}],\"inLanguage\":\"fr-FR\"},{\"@type\":\"Organization\",\"@id\":\"https:\/\/www.public.sn\/#organization\",\"name\":\"LE PUBLIC\",\"url\":\"https:\/\/www.public.sn\/\",\"logo\":{\"@type\":\"ImageObject\",\"inLanguage\":\"fr-FR\",\"@id\":\"https:\/\/www.public.sn\/#\/schema\/logo\/image\/\",\"url\":\"https:\/\/www.public.sn\/wp-content\/uploads\/2024\/05\/cropped-LOGO-PUBLIC.SN_.png\",\"contentUrl\":\"https:\/\/www.public.sn\/wp-content\/uploads\/2024\/05\/cropped-LOGO-PUBLIC.SN_.png\",\"width\":682,\"height\":192,\"caption\":\"LE PUBLIC\"},\"image\":{\"@id\":\"https:\/\/www.public.sn\/#\/schema\/logo\/image\/\"}},{\"@type\":\"Person\",\"@id\":\"https:\/\/www.public.sn\/#\/schema\/person\/f77cd9ce05d8fb925eb038378ee6899d\",\"name\":\"Baye Amath THIAM\",\"image\":{\"@type\":\"ImageObject\",\"inLanguage\":\"fr-FR\",\"@id\":\"https:\/\/www.public.sn\/#\/schema\/person\/image\/\",\"url\":\"https:\/\/secure.gravatar.com\/avatar\/7eb863ef1336b6f8a2ad921469701e52f094a61c698fab02f5af742ed813612d?s=96&d=mm&r=g\",\"contentUrl\":\"https:\/\/secure.gravatar.com\/avatar\/7eb863ef1336b6f8a2ad921469701e52f094a61c698fab02f5af742ed813612d?s=96&d=mm&r=g\",\"caption\":\"Baye Amath THIAM\"},\"url\":\"https:\/\/www.public.sn\/index.php\/author\/thiamba24\/\"}]}<\/script>\n<!-- \/ Yoast SEO plugin. -->","yoast_head_json":{"title":"D\u00e9claration de politique g\u00e9n\u00e9rale: Guy Marius Sagna adresse une lettre \u00e0 Ousmane Sonko - LE PUBLIC","robots":{"index":"index","follow":"follow","max-snippet":"max-snippet:-1","max-image-preview":"max-image-preview:large","max-video-preview":"max-video-preview:-1"},"canonical":"https:\/\/www.public.sn\/index.php\/2024\/06\/28\/declaration-de-politique-generale-guy-marius-sagna-adresse-une-lettre-a-ousmane-sonko\/","og_locale":"fr_FR","og_type":"article","og_title":"D\u00e9claration de politique g\u00e9n\u00e9rale: Guy Marius Sagna adresse une lettre \u00e0 Ousmane Sonko - LE PUBLIC","og_description":"La pol\u00e9mique autour de la D\u00e9claration de Politique G\u00e9n\u00e9rale (DPG) du premier ministre ne cesse de faire couler l&rsquo;encre en ce moment. Le d\u00e9put\u00e9 du groupe parlementaire Yewwi Askan Wi, Guy Marius Sagna s&rsquo;est exprim\u00e9 sur le sujet en affirmant avoir envoy\u00e9 une lettre au premier ministre Ousmane Sonko pour lui demander de ne pas se pr\u00e9senter \u00e0 l&rsquo;Assembl\u00e9e nationale. Ainsi, consid\u00e8re Guy Marius Sagna, \u00ab la loi n\u00b02019-10 du 14 mai 2019 portant r\u00e9vision de la Constitution a supprim\u00e9 le poste de Premier Ministre. Pour \u00eatre en conformit\u00e9 avec cette r\u00e9forme constitutionnelle, l\u2019Assembl\u00e9e nationale, \u00e0 travers la loi organique n\u00b02019-14 du 28 octobre 2019, avait enlev\u00e9 toutes les dispositions relatives au Premier Ministre de son R\u00e8glement int\u00e9rieur, notamment les articles 97, 98, 99 portant respectivement sur la d\u00e9claration de politique g\u00e9n\u00e9rale, sur la question de confiance et sur la motion de censure. Par la suite, le 10 d\u00e9cembre 2021, l\u2019Assembl\u00e9e nationale a adopt\u00e9 le projet de loi constitutionnelle n\u00b038-2021 qui restaure le poste de Premier Ministre. Cependant, depuis la restauration du poste de Premier Ministre, l\u2019Assembl\u00e9e nationale n\u2019a toujours pas mis \u00e0 jour son R\u00e8glement int\u00e9rieur. Au lieu de modifier \u00e0 nouveau son R\u00e8glement int\u00e9rieur afin de r\u00e9int\u00e9grer les dispositions relatives au Premier Ministre abrog\u00e9es depuis la loi n\u00b02019-14 du 28 octobre 2019, Guy Marius Sagna pr\u00e9cise que le pr\u00e9sident de l\u2019Assembl\u00e9e nationale conduit les travaux de l\u2019institution avec \u00ab un faux R\u00e8glement int\u00e9rieur qui fait r\u00e9f\u00e9rence \u00e0 des dispositions sur le Premier Ministre abrog\u00e9es depuis bient\u00f4t cinq ans \u00bb. Au regard de toutes ces consid\u00e9rations, Guy Marius Sagna invite solennellement le premier ministre Ousmane Sonko \u00ab \u00e0 ne pas tenir votre d\u00e9claration de politique g\u00e9n\u00e9rale tant que les dispositions relatives au Premier Ministre n\u2019ont pas \u00e9t\u00e9 r\u00e9int\u00e9gr\u00e9es dans le R\u00e8glement int\u00e9rieur de l\u2019Assembl\u00e9e nationale \u00bb. Avant de finir son propos, le d\u00e9put\u00e9 Guy Marius Sagna a rappel\u00e9 que le 08 d\u00e9cembre 2022 il avait \u00e9crit au premier ministre Amadou Ba pour lui demander de ne pas venir \u00e0 l&rsquo;Assembl\u00e9e nationale car le r\u00e8glement int\u00e9rieur de l&rsquo;Assembl\u00e9e nationale ne reconna\u00eet pas le poste de premier ministre.","og_url":"https:\/\/www.public.sn\/index.php\/2024\/06\/28\/declaration-de-politique-generale-guy-marius-sagna-adresse-une-lettre-a-ousmane-sonko\/","og_site_name":"LE PUBLIC","article_published_time":"2024-06-28T10:42:46+00:00","og_image":[{"width":800,"height":445,"url":"https:\/\/www.public.sn\/wp-content\/uploads\/2024\/06\/74411094-51763426.webp","type":"image\/webp"}],"author":"Baye Amath THIAM","twitter_card":"summary_large_image","twitter_misc":{"\u00c9crit par":"Baye Amath THIAM","Dur\u00e9e de lecture estim\u00e9e":"1 minute"},"schema":{"@context":"https:\/\/schema.org","@graph":[{"@type":"Article","@id":"https:\/\/www.public.sn\/index.php\/2024\/06\/28\/declaration-de-politique-generale-guy-marius-sagna-adresse-une-lettre-a-ousmane-sonko\/#article","isPartOf":{"@id":"https:\/\/www.public.sn\/index.php\/2024\/06\/28\/declaration-de-politique-generale-guy-marius-sagna-adresse-une-lettre-a-ousmane-sonko\/"},"author":{"name":"Baye Amath THIAM","@id":"https:\/\/www.public.sn\/#\/schema\/person\/f77cd9ce05d8fb925eb038378ee6899d"},"headline":"D\u00e9claration de politique g\u00e9n\u00e9rale: Guy Marius Sagna adresse une lettre \u00e0 Ousmane Sonko","datePublished":"2024-06-28T10:42:46+00:00","mainEntityOfPage":{"@id":"https:\/\/www.public.sn\/index.php\/2024\/06\/28\/declaration-de-politique-generale-guy-marius-sagna-adresse-une-lettre-a-ousmane-sonko\/"},"wordCount":401,"commentCount":0,"publisher":{"@id":"https:\/\/www.public.sn\/#organization"},"image":{"@id":"https:\/\/www.public.sn\/index.php\/2024\/06\/28\/declaration-de-politique-generale-guy-marius-sagna-adresse-une-lettre-a-ousmane-sonko\/#primaryimage"},"thumbnailUrl":"https:\/\/www.public.sn\/wp-content\/uploads\/2024\/06\/74411094-51763426.webp","keywords":["Assembl\u00e9e Nationale","declaration de politique generale","Guy Marius Sagna","Ousmane Sonko","pol\u00e9mique"],"articleSection":["ACTUALIT\u00c9S","M\u00c9DIAS","POLITIQUE","S\u00c9CURIT\u00c9 &amp; JUSTICE","S\u00c9N\u00c9GAL","SOCIETE"],"inLanguage":"fr-FR","potentialAction":[{"@type":"CommentAction","name":"Comment","target":["https:\/\/www.public.sn\/index.php\/2024\/06\/28\/declaration-de-politique-generale-guy-marius-sagna-adresse-une-lettre-a-ousmane-sonko\/#respond"]}]},{"@type":"WebPage","@id":"https:\/\/www.public.sn\/index.php\/2024\/06\/28\/declaration-de-politique-generale-guy-marius-sagna-adresse-une-lettre-a-ousmane-sonko\/","url":"https:\/\/www.public.sn\/index.php\/2024\/06\/28\/declaration-de-politique-generale-guy-marius-sagna-adresse-une-lettre-a-ousmane-sonko\/","name":"D\u00e9claration de politique g\u00e9n\u00e9rale: Guy Marius Sagna adresse une lettre \u00e0 Ousmane Sonko - LE PUBLIC","isPartOf":{"@id":"https:\/\/www.public.sn\/#website"},"primaryImageOfPage":{"@id":"https:\/\/www.public.sn\/index.php\/2024\/06\/28\/declaration-de-politique-generale-guy-marius-sagna-adresse-une-lettre-a-ousmane-sonko\/#primaryimage"},"image":{"@id":"https:\/\/www.public.sn\/index.php\/2024\/06\/28\/declaration-de-politique-generale-guy-marius-sagna-adresse-une-lettre-a-ousmane-sonko\/#primaryimage"},"thumbnailUrl":"https:\/\/www.public.sn\/wp-content\/uploads\/2024\/06\/74411094-51763426.webp","datePublished":"2024-06-28T10:42:46+00:00","breadcrumb":{"@id":"https:\/\/www.public.sn\/index.php\/2024\/06\/28\/declaration-de-politique-generale-guy-marius-sagna-adresse-une-lettre-a-ousmane-sonko\/#breadcrumb"},"inLanguage":"fr-FR","potentialAction":[{"@type":"ReadAction","target":["https:\/\/www.public.sn\/index.php\/2024\/06\/28\/declaration-de-politique-generale-guy-marius-sagna-adresse-une-lettre-a-ousmane-sonko\/"]}]},{"@type":"ImageObject","inLanguage":"fr-FR","@id":"https:\/\/www.public.sn\/index.php\/2024\/06\/28\/declaration-de-politique-generale-guy-marius-sagna-adresse-une-lettre-a-ousmane-sonko\/#primaryimage","url":"https:\/\/www.public.sn\/wp-content\/uploads\/2024\/06\/74411094-51763426.webp","contentUrl":"https:\/\/www.public.sn\/wp-content\/uploads\/2024\/06\/74411094-51763426.webp","width":800,"height":445},{"@type":"BreadcrumbList","@id":"https:\/\/www.public.sn\/index.php\/2024\/06\/28\/declaration-de-politique-generale-guy-marius-sagna-adresse-une-lettre-a-ousmane-sonko\/#breadcrumb","itemListElement":[{"@type":"ListItem","position":1,"name":"Accueil","item":"https:\/\/www.public.sn\/"},{"@type":"ListItem","position":2,"name":"D\u00e9claration de politique g\u00e9n\u00e9rale: Guy Marius Sagna adresse une lettre \u00e0 Ousmane Sonko"}]},{"@type":"WebSite","@id":"https:\/\/www.public.sn\/#website","url":"https:\/\/www.public.sn\/","name":"LE PUBLIC","description":"","publisher":{"@id":"https:\/\/www.public.sn\/#organization"},"potentialAction":[{"@type":"SearchAction","target":{"@type":"EntryPoint","urlTemplate":"https:\/\/www.public.sn\/?s={search_term_string}"},"query-input":{"@type":"PropertyValueSpecification","valueRequired":true,"valueName":"search_term_string"}}],"inLanguage":"fr-FR"},{"@type":"Organization","@id":"https:\/\/www.public.sn\/#organization","name":"LE PUBLIC","url":"https:\/\/www.public.sn\/","logo":{"@type":"ImageObject","inLanguage":"fr-FR","@id":"https:\/\/www.public.sn\/#\/schema\/logo\/image\/","url":"https:\/\/www.public.sn\/wp-content\/uploads\/2024\/05\/cropped-LOGO-PUBLIC.SN_.png","contentUrl":"https:\/\/www.public.sn\/wp-content\/uploads\/2024\/05\/cropped-LOGO-PUBLIC.SN_.png","width":682,"height":192,"caption":"LE PUBLIC"},"image":{"@id":"https:\/\/www.public.sn\/#\/schema\/logo\/image\/"}},{"@type":"Person","@id":"https:\/\/www.public.sn\/#\/schema\/person\/f77cd9ce05d8fb925eb038378ee6899d","name":"Baye Amath THIAM","image":{"@type":"ImageObject","inLanguage":"fr-FR","@id":"https:\/\/www.public.sn\/#\/schema\/person\/image\/","url":"https:\/\/secure.gravatar.com\/avatar\/7eb863ef1336b6f8a2ad921469701e52f094a61c698fab02f5af742ed813612d?s=96&d=mm&r=g","contentUrl":"https:\/\/secure.gravatar.com\/avatar\/7eb863ef1336b6f8a2ad921469701e52f094a61c698fab02f5af742ed813612d?s=96&d=mm&r=g","caption":"Baye Amath THIAM"},"url":"https:\/\/www.public.sn\/index.php\/author\/thiamba24\/"}]}},"jetpack_featured_media_url":"https:\/\/www.public.sn\/wp-content\/uploads\/2024\/06\/74411094-51763426.webp","jetpack_sharing_enabled":true,"_links":{"self":[{"href":"https:\/\/www.public.sn\/index.php\/wp-json\/wp\/v2\/posts\/33648","targetHints":{"allow":["GET"]}}],"collection":[{"href":"https:\/\/www.public.sn\/index.php\/wp-json\/wp\/v2\/posts"}],"about":[{"href":"https:\/\/www.public.sn\/index.php\/wp-json\/wp\/v2\/types\/post"}],"author":[{"embeddable":true,"href":"https:\/\/www.public.sn\/index.php\/wp-json\/wp\/v2\/users\/15"}],"replies":[{"embeddable":true,"href":"https:\/\/www.public.sn\/index.php\/wp-json\/wp\/v2\/comments?post=33648"}],"version-history":[{"count":1,"href":"https:\/\/www.public.sn\/index.php\/wp-json\/wp\/v2\/posts\/33648\/revisions"}],"predecessor-version":[{"id":33651,"href":"https:\/\/www.public.sn\/index.php\/wp-json\/wp\/v2\/posts\/33648\/revisions\/33651"}],"wp:featuredmedia":[{"embeddable":true,"href":"https:\/\/www.public.sn\/index.php\/wp-json\/wp\/v2\/media\/33650"}],"wp:attachment":[{"href":"https:\/\/www.public.sn\/index.php\/wp-json\/wp\/v2\/media?parent=33648"}],"wp:term":[{"taxonomy":"category","embeddable":true,"href":"https:\/\/www.public.sn\/index.php\/wp-json\/wp\/v2\/categories?post=33648"},{"taxonomy":"post_tag","embeddable":true,"href":"https:\/\/www.public.sn\/index.php\/wp-json\/wp\/v2\/tags?post=33648"}],"curies":[{"name":"wp","href":"https:\/\/api.w.org\/{rel}","templated":true}]}}