{"id":33654,"date":"2024-06-28T13:50:18","date_gmt":"2024-06-28T13:50:18","guid":{"rendered":"https:\/\/www.public.sn\/?p=33654"},"modified":"2024-06-28T13:54:59","modified_gmt":"2024-06-28T13:54:59","slug":"declaration-de-politique-generale-de-ousmane-sonko-aminata-toure-clarifie-les-choses","status":"publish","type":"post","link":"https:\/\/www.public.sn\/index.php\/2024\/06\/28\/declaration-de-politique-generale-de-ousmane-sonko-aminata-toure-clarifie-les-choses\/","title":{"rendered":"D\u00e9claration de Politique G\u00e9n\u00e9rale de Ousmane Sonko : Aminata Tour\u00e9 clarifie les choses"},"content":{"rendered":"<p>la d\u00e9claration de politique g\u00e9n\u00e9rale (DPG) que le Premier ministre Ousmane Sonko tarde \u00e0 faire, a ouvert un d\u00e9bat qui invite tout le monde \u00e0 se d\u00e9marquer pour mieux connaitre les enjeux.<\/p><div class=\"publi-paragraphe1\" style=\"margin-top: 10px;margin-bottom: 10px;margin-left: auto;margin-right: auto;text-align: center;\" id=\"publi-2469684038\"><div class=\"publi-adlabel\">Publicit\u00e9<\/div><script async src=\"\/\/pagead2.googlesyndication.com\/pagead\/js\/adsbygoogle.js?client=ca-pub-4089586018074219\" crossorigin=\"anonymous\"><\/script><ins class=\"adsbygoogle\" style=\"display:block;\" data-ad-client=\"ca-pub-4089586018074219\" \ndata-ad-slot=\"2087940154\" \ndata-ad-format=\"auto\"><\/ins>\n<script> \n(adsbygoogle = window.adsbygoogle || []).push({}); \n<\/script>\n<\/div>\n<p>Par la meme ocasion l&rsquo;ancienne Premier ministre, Aminata (Mimi) Tour\u00e9 se joint au d\u00e9bat. Pour elle, Ousmane Sonko ne doit pas faire cette DPG devant une assembl\u00e9e nationale qui ne refl\u00e8te plus la volont\u00e9 populaire depuis l&rsquo;\u00e9lection de Bassirou Diomaye Faye (et qui pourrait \u00eatre dissoute dans les prochains mois). <\/p>\n<p>C&rsquo;est dans cette perspective que l&rsquo;ancienne premiere Ministre pr\u00e9cise que: \u00ab\u00a0Une d\u00e9claration de politique g\u00e9n\u00e9rale devant une Assembl\u00e9e nationale qui ne refl\u00e8te pas la volont\u00e9 populaire n\u2019a aucun sens. L\u2019actuelle Assembl\u00e9e nationale ne refl\u00e8te en rien la volont\u00e9 populaire exprim\u00e9e le 24 mars dernier. Le candidat de la Coalition Benno Bokk Yakaar artificiellement majoritaire \u00e0 l\u2019Assembl\u00e9e nationale Amadou Ba a \u00e9t\u00e9 battu d\u00e8s le 1er tour en ne r\u00e9coltant que 35% des suffrages. Pourquoi le Premier ministre devrait  pr\u00e9senter une d\u00e9claration de politique g\u00e9n\u00e9rale devant une Assembl\u00e9e nationale qui n\u2019a plus aucune l\u00e9gitimit\u00e9?\u00a0\u00bb, se demande Mimi Tour\u00e9. <\/p>\n<p>Elle reste tr\u00e8s optimiste pour le nouveau r\u00e9gime dirig\u00e9 par Diomaye et Sonko: \u00ab\u00a0La volont\u00e9 de changement des S\u00e9n\u00e9galais a \u00e9t\u00e9 nette et franche en \u00e9lisant le Pr\u00e9sident Bassirou Diomaye Faye \u00e0  54%.  Donc que l\u2019on aille r\u00e9solument vers la dissolution de l\u2019Assembl\u00e9e Nationale d\u00e8s le 31 juillet et qu\u2019une nouvelle Assembl\u00e9e nationale soit \u00e9lue et alors la DPG du Premier ministre aura du sens, il pr\u00e9sentera alors la vision et les perspectives de son gouvernement \u00e0 des d\u00e9put\u00e9s l\u00e9gitimement \u00e9lus pour les cinq prochaines ann\u00e9es\u00a0\u00bb, a ajout\u00e9 l&rsquo;ancienne PM.<\/p>\n<div class=\"publi-apres-le-contenu\" style=\"margin-top: 10px;margin-bottom: 10px;margin-left: auto;margin-right: auto;text-align: center;\" id=\"publi-84499433\"><div class=\"publi-adlabel\">Publicit\u00e9<\/div><script async src=\"\/\/pagead2.googlesyndication.com\/pagead\/js\/adsbygoogle.js?client=ca-pub-4089586018074219\" crossorigin=\"anonymous\"><\/script><ins class=\"adsbygoogle\" style=\"display:block;\" data-ad-client=\"ca-pub-4089586018074219\" \ndata-ad-slot=\"2087940154\" \ndata-ad-format=\"auto\"><\/ins>\n<script> \n(adsbygoogle = window.adsbygoogle || []).push({}); \n<\/script>\n<\/div>","protected":false},"excerpt":{"rendered":"<p>la d\u00e9claration de politique g\u00e9n\u00e9rale (DPG) que le Premier ministre Ousmane Sonko tarde \u00e0 faire, a ouvert un d\u00e9bat qui invite tout le monde \u00e0 se d\u00e9marquer pour mieux connaitre les enjeux. Par la meme ocasion l&rsquo;ancienne Premier ministre, Aminata (Mimi) Tour\u00e9 se joint au d\u00e9bat. Pour elle, Ousmane Sonko ne doit pas faire cette DPG devant une assembl\u00e9e nationale qui ne refl\u00e8te plus la volont\u00e9 populaire depuis l&rsquo;\u00e9lection de Bassirou Diomaye Faye (et qui pourrait \u00eatre dissoute dans les prochains mois). C&rsquo;est dans cette perspective que l&rsquo;ancienne premiere Ministre pr\u00e9cise que: \u00ab\u00a0Une d\u00e9claration de politique g\u00e9n\u00e9rale devant une Assembl\u00e9e nationale qui ne refl\u00e8te pas la volont\u00e9 populaire n\u2019a aucun sens. L\u2019actuelle Assembl\u00e9e nationale ne refl\u00e8te en rien la volont\u00e9 populaire exprim\u00e9e le 24 mars dernier. Le candidat de la Coalition Benno Bokk Yakaar artificiellement majoritaire \u00e0 l\u2019Assembl\u00e9e nationale Amadou Ba a \u00e9t\u00e9 battu d\u00e8s le 1er tour en ne r\u00e9coltant que 35% des suffrages. Pourquoi le Premier ministre devrait pr\u00e9senter une d\u00e9claration de politique g\u00e9n\u00e9rale devant une Assembl\u00e9e nationale qui n\u2019a plus aucune l\u00e9gitimit\u00e9?\u00a0\u00bb, se demande Mimi Tour\u00e9. Elle reste tr\u00e8s optimiste pour le nouveau r\u00e9gime dirig\u00e9 par Diomaye et Sonko: \u00ab\u00a0La volont\u00e9 de changement des S\u00e9n\u00e9galais a \u00e9t\u00e9 nette et franche en \u00e9lisant le Pr\u00e9sident Bassirou Diomaye Faye \u00e0 54%. Donc que l\u2019on aille r\u00e9solument vers la dissolution de l\u2019Assembl\u00e9e Nationale d\u00e8s le 31 juillet et qu\u2019une nouvelle Assembl\u00e9e nationale soit \u00e9lue et alors la DPG du Premier ministre aura du sens, il pr\u00e9sentera alors la vision et les perspectives de son gouvernement \u00e0 des d\u00e9put\u00e9s l\u00e9gitimement \u00e9lus pour les cinq prochaines ann\u00e9es\u00a0\u00bb, a ajout\u00e9 l&rsquo;ancienne PM.<\/p>\n","protected":false},"author":15,"featured_media":33656,"comment_status":"open","ping_status":"open","sticky":false,"template":"","format":"standard","meta":{"_jetpack_memberships_contains_paid_content":false,"footnotes":""},"categories":[375,550,549,3728,3724,3,376,1],"tags":[6248,3759,6246,6247,6245,6070],"class_list":["post-33654","post","type-post","status-publish","format-standard","has-post-thumbnail","hentry","category-actualites","category-afrique-monde","category-economie","category-internationale","category-justice","category-politique","category-securite-justice","category-non-classe","tag-diomaye-et-sonko","tag-dpg","tag-lancienne-premier-ministre","tag-lactuelle-assemblee-nationale","tag-la-declaration-de-politique-generale","tag-le-premier-ministre-ousmane-sonko","entry","has-media","owp-thumbs-layout-horizontal","owp-btn-normal","owp-tabs-layout-horizontal","has-no-thumbnails","has-product-nav"],"yoast_head":"<!-- This site is optimized with the Yoast SEO plugin v25.5 - https:\/\/yoast.com\/wordpress\/plugins\/seo\/ -->\n<title>D\u00e9claration de Politique G\u00e9n\u00e9rale de Ousmane Sonko : Aminata Tour\u00e9 clarifie les choses - LE PUBLIC<\/title>\n<meta name=\"robots\" content=\"index, follow, max-snippet:-1, max-image-preview:large, max-video-preview:-1\" \/>\n<link rel=\"canonical\" href=\"https:\/\/www.public.sn\/index.php\/2024\/06\/28\/declaration-de-politique-generale-de-ousmane-sonko-aminata-toure-clarifie-les-choses\/\" \/>\n<meta property=\"og:locale\" content=\"fr_FR\" \/>\n<meta property=\"og:type\" content=\"article\" \/>\n<meta property=\"og:title\" content=\"D\u00e9claration de Politique G\u00e9n\u00e9rale de Ousmane Sonko : Aminata Tour\u00e9 clarifie les choses - LE PUBLIC\" \/>\n<meta property=\"og:description\" content=\"la d\u00e9claration de politique g\u00e9n\u00e9rale (DPG) que le Premier ministre Ousmane Sonko tarde \u00e0 faire, a ouvert un d\u00e9bat qui invite tout le monde \u00e0 se d\u00e9marquer pour mieux connaitre les enjeux. Par la meme ocasion l&rsquo;ancienne Premier ministre, Aminata (Mimi) Tour\u00e9 se joint au d\u00e9bat. Pour elle, Ousmane Sonko ne doit pas faire cette DPG devant une assembl\u00e9e nationale qui ne refl\u00e8te plus la volont\u00e9 populaire depuis l&rsquo;\u00e9lection de Bassirou Diomaye Faye (et qui pourrait \u00eatre dissoute dans les prochains mois). C&rsquo;est dans cette perspective que l&rsquo;ancienne premiere Ministre pr\u00e9cise que: \u00ab\u00a0Une d\u00e9claration de politique g\u00e9n\u00e9rale devant une Assembl\u00e9e nationale qui ne refl\u00e8te pas la volont\u00e9 populaire n\u2019a aucun sens. L\u2019actuelle Assembl\u00e9e nationale ne refl\u00e8te en rien la volont\u00e9 populaire exprim\u00e9e le 24 mars dernier. Le candidat de la Coalition Benno Bokk Yakaar artificiellement majoritaire \u00e0 l\u2019Assembl\u00e9e nationale Amadou Ba a \u00e9t\u00e9 battu d\u00e8s le 1er tour en ne r\u00e9coltant que 35% des suffrages. Pourquoi le Premier ministre devrait pr\u00e9senter une d\u00e9claration de politique g\u00e9n\u00e9rale devant une Assembl\u00e9e nationale qui n\u2019a plus aucune l\u00e9gitimit\u00e9?\u00a0\u00bb, se demande Mimi Tour\u00e9. Elle reste tr\u00e8s optimiste pour le nouveau r\u00e9gime dirig\u00e9 par Diomaye et Sonko: \u00ab\u00a0La volont\u00e9 de changement des S\u00e9n\u00e9galais a \u00e9t\u00e9 nette et franche en \u00e9lisant le Pr\u00e9sident Bassirou Diomaye Faye \u00e0 54%. Donc que l\u2019on aille r\u00e9solument vers la dissolution de l\u2019Assembl\u00e9e Nationale d\u00e8s le 31 juillet et qu\u2019une nouvelle Assembl\u00e9e nationale soit \u00e9lue et alors la DPG du Premier ministre aura du sens, il pr\u00e9sentera alors la vision et les perspectives de son gouvernement \u00e0 des d\u00e9put\u00e9s l\u00e9gitimement \u00e9lus pour les cinq prochaines ann\u00e9es\u00a0\u00bb, a ajout\u00e9 l&rsquo;ancienne PM.\" \/>\n<meta property=\"og:url\" content=\"https:\/\/www.public.sn\/index.php\/2024\/06\/28\/declaration-de-politique-generale-de-ousmane-sonko-aminata-toure-clarifie-les-choses\/\" \/>\n<meta property=\"og:site_name\" content=\"LE PUBLIC\" \/>\n<meta property=\"article:published_time\" content=\"2024-06-28T13:50:18+00:00\" \/>\n<meta property=\"article:modified_time\" content=\"2024-06-28T13:54:59+00:00\" \/>\n<meta property=\"og:image\" content=\"https:\/\/www.public.sn\/wp-content\/uploads\/2024\/06\/mimi-vs-sonko-1-1080x900-1.png\" \/>\n\t<meta property=\"og:image:width\" content=\"1080\" \/>\n\t<meta property=\"og:image:height\" content=\"900\" \/>\n\t<meta property=\"og:image:type\" content=\"image\/png\" \/>\n<meta name=\"author\" content=\"Baye Amath THIAM\" \/>\n<meta name=\"twitter:card\" content=\"summary_large_image\" \/>\n<meta name=\"twitter:label1\" content=\"\u00c9crit par\" \/>\n\t<meta name=\"twitter:data1\" content=\"Baye Amath THIAM\" \/>\n\t<meta name=\"twitter:label2\" content=\"Dur\u00e9e de lecture estim\u00e9e\" \/>\n\t<meta name=\"twitter:data2\" content=\"2 minutes\" \/>\n<script type=\"application\/ld+json\" class=\"yoast-schema-graph\">{\"@context\":\"https:\/\/schema.org\",\"@graph\":[{\"@type\":\"Article\",\"@id\":\"https:\/\/www.public.sn\/index.php\/2024\/06\/28\/declaration-de-politique-generale-de-ousmane-sonko-aminata-toure-clarifie-les-choses\/#article\",\"isPartOf\":{\"@id\":\"https:\/\/www.public.sn\/index.php\/2024\/06\/28\/declaration-de-politique-generale-de-ousmane-sonko-aminata-toure-clarifie-les-choses\/\"},\"author\":{\"name\":\"Baye Amath THIAM\",\"@id\":\"https:\/\/www.public.sn\/#\/schema\/person\/f77cd9ce05d8fb925eb038378ee6899d\"},\"headline\":\"D\u00e9claration de Politique G\u00e9n\u00e9rale de Ousmane Sonko : Aminata Tour\u00e9 clarifie les choses\",\"datePublished\":\"2024-06-28T13:50:18+00:00\",\"dateModified\":\"2024-06-28T13:54:59+00:00\",\"mainEntityOfPage\":{\"@id\":\"https:\/\/www.public.sn\/index.php\/2024\/06\/28\/declaration-de-politique-generale-de-ousmane-sonko-aminata-toure-clarifie-les-choses\/\"},\"wordCount\":323,\"commentCount\":0,\"publisher\":{\"@id\":\"https:\/\/www.public.sn\/#organization\"},\"image\":{\"@id\":\"https:\/\/www.public.sn\/index.php\/2024\/06\/28\/declaration-de-politique-generale-de-ousmane-sonko-aminata-toure-clarifie-les-choses\/#primaryimage\"},\"thumbnailUrl\":\"https:\/\/www.public.sn\/wp-content\/uploads\/2024\/06\/mimi-vs-sonko-1-1080x900-1.png\",\"keywords\":[\"Diomaye et Sonko\",\"DPG\",\"l'ancienne Premier ministre\",\"L\u2019actuelle Assembl\u00e9e nationale\",\"la d\u00e9claration de politique g\u00e9n\u00e9rale\",\"le Premier ministre Ousmane Sonko\"],\"articleSection\":[\"ACTUALIT\u00c9S\",\"AFRIQUE &amp; MONDE\",\"\u00c9CONOMIE\",\"internationale\",\"justice\",\"POLITIQUE\",\"S\u00c9CURIT\u00c9 &amp; JUSTICE\",\"S\u00c9N\u00c9GAL\"],\"inLanguage\":\"fr-FR\",\"potentialAction\":[{\"@type\":\"CommentAction\",\"name\":\"Comment\",\"target\":[\"https:\/\/www.public.sn\/index.php\/2024\/06\/28\/declaration-de-politique-generale-de-ousmane-sonko-aminata-toure-clarifie-les-choses\/#respond\"]}]},{\"@type\":\"WebPage\",\"@id\":\"https:\/\/www.public.sn\/index.php\/2024\/06\/28\/declaration-de-politique-generale-de-ousmane-sonko-aminata-toure-clarifie-les-choses\/\",\"url\":\"https:\/\/www.public.sn\/index.php\/2024\/06\/28\/declaration-de-politique-generale-de-ousmane-sonko-aminata-toure-clarifie-les-choses\/\",\"name\":\"D\u00e9claration de Politique G\u00e9n\u00e9rale de Ousmane Sonko : Aminata Tour\u00e9 clarifie les choses - LE PUBLIC\",\"isPartOf\":{\"@id\":\"https:\/\/www.public.sn\/#website\"},\"primaryImageOfPage\":{\"@id\":\"https:\/\/www.public.sn\/index.php\/2024\/06\/28\/declaration-de-politique-generale-de-ousmane-sonko-aminata-toure-clarifie-les-choses\/#primaryimage\"},\"image\":{\"@id\":\"https:\/\/www.public.sn\/index.php\/2024\/06\/28\/declaration-de-politique-generale-de-ousmane-sonko-aminata-toure-clarifie-les-choses\/#primaryimage\"},\"thumbnailUrl\":\"https:\/\/www.public.sn\/wp-content\/uploads\/2024\/06\/mimi-vs-sonko-1-1080x900-1.png\",\"datePublished\":\"2024-06-28T13:50:18+00:00\",\"dateModified\":\"2024-06-28T13:54:59+00:00\",\"breadcrumb\":{\"@id\":\"https:\/\/www.public.sn\/index.php\/2024\/06\/28\/declaration-de-politique-generale-de-ousmane-sonko-aminata-toure-clarifie-les-choses\/#breadcrumb\"},\"inLanguage\":\"fr-FR\",\"potentialAction\":[{\"@type\":\"ReadAction\",\"target\":[\"https:\/\/www.public.sn\/index.php\/2024\/06\/28\/declaration-de-politique-generale-de-ousmane-sonko-aminata-toure-clarifie-les-choses\/\"]}]},{\"@type\":\"ImageObject\",\"inLanguage\":\"fr-FR\",\"@id\":\"https:\/\/www.public.sn\/index.php\/2024\/06\/28\/declaration-de-politique-generale-de-ousmane-sonko-aminata-toure-clarifie-les-choses\/#primaryimage\",\"url\":\"https:\/\/www.public.sn\/wp-content\/uploads\/2024\/06\/mimi-vs-sonko-1-1080x900-1.png\",\"contentUrl\":\"https:\/\/www.public.sn\/wp-content\/uploads\/2024\/06\/mimi-vs-sonko-1-1080x900-1.png\",\"width\":1080,\"height\":900},{\"@type\":\"BreadcrumbList\",\"@id\":\"https:\/\/www.public.sn\/index.php\/2024\/06\/28\/declaration-de-politique-generale-de-ousmane-sonko-aminata-toure-clarifie-les-choses\/#breadcrumb\",\"itemListElement\":[{\"@type\":\"ListItem\",\"position\":1,\"name\":\"Accueil\",\"item\":\"https:\/\/www.public.sn\/\"},{\"@type\":\"ListItem\",\"position\":2,\"name\":\"D\u00e9claration de Politique G\u00e9n\u00e9rale de Ousmane Sonko : Aminata Tour\u00e9 clarifie les choses\"}]},{\"@type\":\"WebSite\",\"@id\":\"https:\/\/www.public.sn\/#website\",\"url\":\"https:\/\/www.public.sn\/\",\"name\":\"LE PUBLIC\",\"description\":\"\",\"publisher\":{\"@id\":\"https:\/\/www.public.sn\/#organization\"},\"potentialAction\":[{\"@type\":\"SearchAction\",\"target\":{\"@type\":\"EntryPoint\",\"urlTemplate\":\"https:\/\/www.public.sn\/?s={search_term_string}\"},\"query-input\":{\"@type\":\"PropertyValueSpecification\",\"valueRequired\":true,\"valueName\":\"search_term_string\"}}],\"inLanguage\":\"fr-FR\"},{\"@type\":\"Organization\",\"@id\":\"https:\/\/www.public.sn\/#organization\",\"name\":\"LE PUBLIC\",\"url\":\"https:\/\/www.public.sn\/\",\"logo\":{\"@type\":\"ImageObject\",\"inLanguage\":\"fr-FR\",\"@id\":\"https:\/\/www.public.sn\/#\/schema\/logo\/image\/\",\"url\":\"https:\/\/www.public.sn\/wp-content\/uploads\/2024\/05\/cropped-LOGO-PUBLIC.SN_.png\",\"contentUrl\":\"https:\/\/www.public.sn\/wp-content\/uploads\/2024\/05\/cropped-LOGO-PUBLIC.SN_.png\",\"width\":682,\"height\":192,\"caption\":\"LE PUBLIC\"},\"image\":{\"@id\":\"https:\/\/www.public.sn\/#\/schema\/logo\/image\/\"}},{\"@type\":\"Person\",\"@id\":\"https:\/\/www.public.sn\/#\/schema\/person\/f77cd9ce05d8fb925eb038378ee6899d\",\"name\":\"Baye Amath THIAM\",\"image\":{\"@type\":\"ImageObject\",\"inLanguage\":\"fr-FR\",\"@id\":\"https:\/\/www.public.sn\/#\/schema\/person\/image\/\",\"url\":\"https:\/\/secure.gravatar.com\/avatar\/7eb863ef1336b6f8a2ad921469701e52f094a61c698fab02f5af742ed813612d?s=96&d=mm&r=g\",\"contentUrl\":\"https:\/\/secure.gravatar.com\/avatar\/7eb863ef1336b6f8a2ad921469701e52f094a61c698fab02f5af742ed813612d?s=96&d=mm&r=g\",\"caption\":\"Baye Amath THIAM\"},\"url\":\"https:\/\/www.public.sn\/index.php\/author\/thiamba24\/\"}]}<\/script>\n<!-- \/ Yoast SEO plugin. -->","yoast_head_json":{"title":"D\u00e9claration de Politique G\u00e9n\u00e9rale de Ousmane Sonko : Aminata Tour\u00e9 clarifie les choses - LE PUBLIC","robots":{"index":"index","follow":"follow","max-snippet":"max-snippet:-1","max-image-preview":"max-image-preview:large","max-video-preview":"max-video-preview:-1"},"canonical":"https:\/\/www.public.sn\/index.php\/2024\/06\/28\/declaration-de-politique-generale-de-ousmane-sonko-aminata-toure-clarifie-les-choses\/","og_locale":"fr_FR","og_type":"article","og_title":"D\u00e9claration de Politique G\u00e9n\u00e9rale de Ousmane Sonko : Aminata Tour\u00e9 clarifie les choses - LE PUBLIC","og_description":"la d\u00e9claration de politique g\u00e9n\u00e9rale (DPG) que le Premier ministre Ousmane Sonko tarde \u00e0 faire, a ouvert un d\u00e9bat qui invite tout le monde \u00e0 se d\u00e9marquer pour mieux connaitre les enjeux. Par la meme ocasion l&rsquo;ancienne Premier ministre, Aminata (Mimi) Tour\u00e9 se joint au d\u00e9bat. Pour elle, Ousmane Sonko ne doit pas faire cette DPG devant une assembl\u00e9e nationale qui ne refl\u00e8te plus la volont\u00e9 populaire depuis l&rsquo;\u00e9lection de Bassirou Diomaye Faye (et qui pourrait \u00eatre dissoute dans les prochains mois). C&rsquo;est dans cette perspective que l&rsquo;ancienne premiere Ministre pr\u00e9cise que: \u00ab\u00a0Une d\u00e9claration de politique g\u00e9n\u00e9rale devant une Assembl\u00e9e nationale qui ne refl\u00e8te pas la volont\u00e9 populaire n\u2019a aucun sens. L\u2019actuelle Assembl\u00e9e nationale ne refl\u00e8te en rien la volont\u00e9 populaire exprim\u00e9e le 24 mars dernier. Le candidat de la Coalition Benno Bokk Yakaar artificiellement majoritaire \u00e0 l\u2019Assembl\u00e9e nationale Amadou Ba a \u00e9t\u00e9 battu d\u00e8s le 1er tour en ne r\u00e9coltant que 35% des suffrages. Pourquoi le Premier ministre devrait pr\u00e9senter une d\u00e9claration de politique g\u00e9n\u00e9rale devant une Assembl\u00e9e nationale qui n\u2019a plus aucune l\u00e9gitimit\u00e9?\u00a0\u00bb, se demande Mimi Tour\u00e9. Elle reste tr\u00e8s optimiste pour le nouveau r\u00e9gime dirig\u00e9 par Diomaye et Sonko: \u00ab\u00a0La volont\u00e9 de changement des S\u00e9n\u00e9galais a \u00e9t\u00e9 nette et franche en \u00e9lisant le Pr\u00e9sident Bassirou Diomaye Faye \u00e0 54%. Donc que l\u2019on aille r\u00e9solument vers la dissolution de l\u2019Assembl\u00e9e Nationale d\u00e8s le 31 juillet et qu\u2019une nouvelle Assembl\u00e9e nationale soit \u00e9lue et alors la DPG du Premier ministre aura du sens, il pr\u00e9sentera alors la vision et les perspectives de son gouvernement \u00e0 des d\u00e9put\u00e9s l\u00e9gitimement \u00e9lus pour les cinq prochaines ann\u00e9es\u00a0\u00bb, a ajout\u00e9 l&rsquo;ancienne PM.","og_url":"https:\/\/www.public.sn\/index.php\/2024\/06\/28\/declaration-de-politique-generale-de-ousmane-sonko-aminata-toure-clarifie-les-choses\/","og_site_name":"LE PUBLIC","article_published_time":"2024-06-28T13:50:18+00:00","article_modified_time":"2024-06-28T13:54:59+00:00","og_image":[{"width":1080,"height":900,"url":"https:\/\/www.public.sn\/wp-content\/uploads\/2024\/06\/mimi-vs-sonko-1-1080x900-1.png","type":"image\/png"}],"author":"Baye Amath THIAM","twitter_card":"summary_large_image","twitter_misc":{"\u00c9crit par":"Baye Amath THIAM","Dur\u00e9e de lecture estim\u00e9e":"2 minutes"},"schema":{"@context":"https:\/\/schema.org","@graph":[{"@type":"Article","@id":"https:\/\/www.public.sn\/index.php\/2024\/06\/28\/declaration-de-politique-generale-de-ousmane-sonko-aminata-toure-clarifie-les-choses\/#article","isPartOf":{"@id":"https:\/\/www.public.sn\/index.php\/2024\/06\/28\/declaration-de-politique-generale-de-ousmane-sonko-aminata-toure-clarifie-les-choses\/"},"author":{"name":"Baye Amath THIAM","@id":"https:\/\/www.public.sn\/#\/schema\/person\/f77cd9ce05d8fb925eb038378ee6899d"},"headline":"D\u00e9claration de Politique G\u00e9n\u00e9rale de Ousmane Sonko : Aminata Tour\u00e9 clarifie les choses","datePublished":"2024-06-28T13:50:18+00:00","dateModified":"2024-06-28T13:54:59+00:00","mainEntityOfPage":{"@id":"https:\/\/www.public.sn\/index.php\/2024\/06\/28\/declaration-de-politique-generale-de-ousmane-sonko-aminata-toure-clarifie-les-choses\/"},"wordCount":323,"commentCount":0,"publisher":{"@id":"https:\/\/www.public.sn\/#organization"},"image":{"@id":"https:\/\/www.public.sn\/index.php\/2024\/06\/28\/declaration-de-politique-generale-de-ousmane-sonko-aminata-toure-clarifie-les-choses\/#primaryimage"},"thumbnailUrl":"https:\/\/www.public.sn\/wp-content\/uploads\/2024\/06\/mimi-vs-sonko-1-1080x900-1.png","keywords":["Diomaye et Sonko","DPG","l'ancienne Premier ministre","L\u2019actuelle Assembl\u00e9e nationale","la d\u00e9claration de politique g\u00e9n\u00e9rale","le Premier ministre Ousmane Sonko"],"articleSection":["ACTUALIT\u00c9S","AFRIQUE &amp; MONDE","\u00c9CONOMIE","internationale","justice","POLITIQUE","S\u00c9CURIT\u00c9 &amp; JUSTICE","S\u00c9N\u00c9GAL"],"inLanguage":"fr-FR","potentialAction":[{"@type":"CommentAction","name":"Comment","target":["https:\/\/www.public.sn\/index.php\/2024\/06\/28\/declaration-de-politique-generale-de-ousmane-sonko-aminata-toure-clarifie-les-choses\/#respond"]}]},{"@type":"WebPage","@id":"https:\/\/www.public.sn\/index.php\/2024\/06\/28\/declaration-de-politique-generale-de-ousmane-sonko-aminata-toure-clarifie-les-choses\/","url":"https:\/\/www.public.sn\/index.php\/2024\/06\/28\/declaration-de-politique-generale-de-ousmane-sonko-aminata-toure-clarifie-les-choses\/","name":"D\u00e9claration de Politique G\u00e9n\u00e9rale de Ousmane Sonko : Aminata Tour\u00e9 clarifie les choses - LE PUBLIC","isPartOf":{"@id":"https:\/\/www.public.sn\/#website"},"primaryImageOfPage":{"@id":"https:\/\/www.public.sn\/index.php\/2024\/06\/28\/declaration-de-politique-generale-de-ousmane-sonko-aminata-toure-clarifie-les-choses\/#primaryimage"},"image":{"@id":"https:\/\/www.public.sn\/index.php\/2024\/06\/28\/declaration-de-politique-generale-de-ousmane-sonko-aminata-toure-clarifie-les-choses\/#primaryimage"},"thumbnailUrl":"https:\/\/www.public.sn\/wp-content\/uploads\/2024\/06\/mimi-vs-sonko-1-1080x900-1.png","datePublished":"2024-06-28T13:50:18+00:00","dateModified":"2024-06-28T13:54:59+00:00","breadcrumb":{"@id":"https:\/\/www.public.sn\/index.php\/2024\/06\/28\/declaration-de-politique-generale-de-ousmane-sonko-aminata-toure-clarifie-les-choses\/#breadcrumb"},"inLanguage":"fr-FR","potentialAction":[{"@type":"ReadAction","target":["https:\/\/www.public.sn\/index.php\/2024\/06\/28\/declaration-de-politique-generale-de-ousmane-sonko-aminata-toure-clarifie-les-choses\/"]}]},{"@type":"ImageObject","inLanguage":"fr-FR","@id":"https:\/\/www.public.sn\/index.php\/2024\/06\/28\/declaration-de-politique-generale-de-ousmane-sonko-aminata-toure-clarifie-les-choses\/#primaryimage","url":"https:\/\/www.public.sn\/wp-content\/uploads\/2024\/06\/mimi-vs-sonko-1-1080x900-1.png","contentUrl":"https:\/\/www.public.sn\/wp-content\/uploads\/2024\/06\/mimi-vs-sonko-1-1080x900-1.png","width":1080,"height":900},{"@type":"BreadcrumbList","@id":"https:\/\/www.public.sn\/index.php\/2024\/06\/28\/declaration-de-politique-generale-de-ousmane-sonko-aminata-toure-clarifie-les-choses\/#breadcrumb","itemListElement":[{"@type":"ListItem","position":1,"name":"Accueil","item":"https:\/\/www.public.sn\/"},{"@type":"ListItem","position":2,"name":"D\u00e9claration de Politique G\u00e9n\u00e9rale de Ousmane Sonko : Aminata Tour\u00e9 clarifie les choses"}]},{"@type":"WebSite","@id":"https:\/\/www.public.sn\/#website","url":"https:\/\/www.public.sn\/","name":"LE PUBLIC","description":"","publisher":{"@id":"https:\/\/www.public.sn\/#organization"},"potentialAction":[{"@type":"SearchAction","target":{"@type":"EntryPoint","urlTemplate":"https:\/\/www.public.sn\/?s={search_term_string}"},"query-input":{"@type":"PropertyValueSpecification","valueRequired":true,"valueName":"search_term_string"}}],"inLanguage":"fr-FR"},{"@type":"Organization","@id":"https:\/\/www.public.sn\/#organization","name":"LE PUBLIC","url":"https:\/\/www.public.sn\/","logo":{"@type":"ImageObject","inLanguage":"fr-FR","@id":"https:\/\/www.public.sn\/#\/schema\/logo\/image\/","url":"https:\/\/www.public.sn\/wp-content\/uploads\/2024\/05\/cropped-LOGO-PUBLIC.SN_.png","contentUrl":"https:\/\/www.public.sn\/wp-content\/uploads\/2024\/05\/cropped-LOGO-PUBLIC.SN_.png","width":682,"height":192,"caption":"LE PUBLIC"},"image":{"@id":"https:\/\/www.public.sn\/#\/schema\/logo\/image\/"}},{"@type":"Person","@id":"https:\/\/www.public.sn\/#\/schema\/person\/f77cd9ce05d8fb925eb038378ee6899d","name":"Baye Amath THIAM","image":{"@type":"ImageObject","inLanguage":"fr-FR","@id":"https:\/\/www.public.sn\/#\/schema\/person\/image\/","url":"https:\/\/secure.gravatar.com\/avatar\/7eb863ef1336b6f8a2ad921469701e52f094a61c698fab02f5af742ed813612d?s=96&d=mm&r=g","contentUrl":"https:\/\/secure.gravatar.com\/avatar\/7eb863ef1336b6f8a2ad921469701e52f094a61c698fab02f5af742ed813612d?s=96&d=mm&r=g","caption":"Baye Amath THIAM"},"url":"https:\/\/www.public.sn\/index.php\/author\/thiamba24\/"}]}},"jetpack_featured_media_url":"https:\/\/www.public.sn\/wp-content\/uploads\/2024\/06\/mimi-vs-sonko-1-1080x900-1.png","jetpack_sharing_enabled":true,"_links":{"self":[{"href":"https:\/\/www.public.sn\/index.php\/wp-json\/wp\/v2\/posts\/33654","targetHints":{"allow":["GET"]}}],"collection":[{"href":"https:\/\/www.public.sn\/index.php\/wp-json\/wp\/v2\/posts"}],"about":[{"href":"https:\/\/www.public.sn\/index.php\/wp-json\/wp\/v2\/types\/post"}],"author":[{"embeddable":true,"href":"https:\/\/www.public.sn\/index.php\/wp-json\/wp\/v2\/users\/15"}],"replies":[{"embeddable":true,"href":"https:\/\/www.public.sn\/index.php\/wp-json\/wp\/v2\/comments?post=33654"}],"version-history":[{"count":1,"href":"https:\/\/www.public.sn\/index.php\/wp-json\/wp\/v2\/posts\/33654\/revisions"}],"predecessor-version":[{"id":33655,"href":"https:\/\/www.public.sn\/index.php\/wp-json\/wp\/v2\/posts\/33654\/revisions\/33655"}],"wp:featuredmedia":[{"embeddable":true,"href":"https:\/\/www.public.sn\/index.php\/wp-json\/wp\/v2\/media\/33656"}],"wp:attachment":[{"href":"https:\/\/www.public.sn\/index.php\/wp-json\/wp\/v2\/media?parent=33654"}],"wp:term":[{"taxonomy":"category","embeddable":true,"href":"https:\/\/www.public.sn\/index.php\/wp-json\/wp\/v2\/categories?post=33654"},{"taxonomy":"post_tag","embeddable":true,"href":"https:\/\/www.public.sn\/index.php\/wp-json\/wp\/v2\/tags?post=33654"}],"curies":[{"name":"wp","href":"https:\/\/api.w.org\/{rel}","templated":true}]}}