{"id":33663,"date":"2024-06-28T18:40:18","date_gmt":"2024-06-28T18:40:18","guid":{"rendered":"https:\/\/www.public.sn\/?p=33663"},"modified":"2024-06-28T18:40:18","modified_gmt":"2024-06-28T18:40:18","slug":"dpg-ousmane-sonko-repond-a-la-lettre-de-guy-marius-sagna","status":"publish","type":"post","link":"https:\/\/www.public.sn\/index.php\/2024\/06\/28\/dpg-ousmane-sonko-repond-a-la-lettre-de-guy-marius-sagna\/","title":{"rendered":"DPG : Ousmane Sonko r\u00e9pond \u00e0 la lettre de Guy Marius Sagna"},"content":{"rendered":"<p>La pol\u00e9mique fait rage autour de la D\u00e9claration de politique g\u00e9n\u00e9rale que doit faire le Premier ministre Ousmane Sonko. Accus\u00e9 par l\u2019opposition de ne pas \u00eatre pr\u00eat \u00e0 faire face aux d\u00e9put\u00e9s craignant de faire l\u2019objet d\u2019une motion de censure, le chef du gouvernement a r\u00e9it\u00e9r\u00e9 son \u00ab impatience \u00e0 tenir cet exercice \u00bb. A travers une lettre r\u00e9ponse au d\u00e9put\u00e9 Guy Marius Sagna qui l\u2019avait interpell\u00e9 sur la question, le chef du gouvernement apporte des pr\u00e9cisions concernant sa d\u00e9claration tant attendue. Il a ainsi soulign\u00e9 que si cette \u00ab carence \u00bb persiste, d\u2019ici le 15 juillet 2024, il s\u2019adonnera \u00e0 l\u2019exercice, mais ce sera \u00ab devant une assembl\u00e9e constitu\u00e9e du peuple s\u00e9n\u00e9galais souverain, de partenaires du S\u00e9n\u00e9gal et d&rsquo;un jury compos\u00e9 d\u2019universitaires, d\u2019intellectuels et d\u2019acteurs citoyens apolitiques \u00bb.<\/p><div class=\"publi-paragraphe1\" style=\"margin-top: 10px;margin-bottom: 10px;margin-left: auto;margin-right: auto;text-align: center;\" id=\"publi-239887525\"><div class=\"publi-adlabel\">Publicit\u00e9<\/div><script async src=\"\/\/pagead2.googlesyndication.com\/pagead\/js\/adsbygoogle.js?client=ca-pub-4089586018074219\" crossorigin=\"anonymous\"><\/script><ins class=\"adsbygoogle\" style=\"display:block;\" data-ad-client=\"ca-pub-4089586018074219\" \ndata-ad-slot=\"2087940154\" \ndata-ad-format=\"auto\"><\/ins>\n<script> \n(adsbygoogle = window.adsbygoogle || []).push({}); \n<\/script>\n<\/div>\n<p>Voici la lettre qu&rsquo;il a adress\u00e9 en r\u00e9ponse au d\u00e9put\u00e9 Guy Marius Sagna:<\/p>\n<p>Honorable d\u00e9put\u00e9 Guy Marius SAGNA,<\/p>\n<p> J\u2019ai bien re\u00e7u votre interpellation, \u00e0 propos de la d\u00e9claration de politique g\u00e9n\u00e9rale du Premier Ministre, qui appelle de ma part les r\u00e9ponses et pr\u00e9cisions ci-apr\u00e8s.<\/p>\n<p> 1. Ma d\u00e9claration de politique g\u00e9n\u00e9rale (DPG) est pr\u00eate , et je vous r\u00e9it\u00e8re toute mon impatience \u00e0 tenir cet exercice de pr\u00e9sentation des grands axes des politiques publiques et de l\u2019action du Gouvernement suivant les orientations du Pr\u00e9sident de la R\u00e9publique.<\/p>\n<p> 2. l\u2019article 55 de la Constitution oblige le Premier ministre \u00e0 faire sa DPG devant l\u2019Assembl\u00e9e nationale  sans pr\u00e9ciser les d\u00e9lais et la proc\u00e9dure qui rel\u00e8vent du R\u00e8glement int\u00e9rieur de l\u2019Assembl\u00e9e nationale (loi organique n\u00b0 2002-20 du 15 mai 2002, modifi\u00e9e). <\/p>\n<p> 3. Les dispositions du R\u00e8glement int\u00e9rieur de l\u2019Assembl\u00e9e nationale qui fixaient les d\u00e9lais et la proc\u00e9dure de la DPG, ainsi que toutes r\u00e9f\u00e9rences au Premier ministre, ont \u00e9t\u00e9 abrog\u00e9es  de la loi organique portant r\u00e8glement int\u00e9rieur de l\u2019Assembl\u00e9e nationale depuis 2019, suite \u00e0 la suppression du poste de Premier ministre (loi organique n\u00b0 2019-14.<\/p>\n<p> 4. Le R\u00e8glement int\u00e9rieur de l\u2019Assembl\u00e9e nationale en vigueur  ne tient pas compte du Premier ministre puisqu\u2019il n\u2019a pas \u00e9t\u00e9 actualis\u00e9 suite \u00e0 la restauration du poste de Premier ministre par la loi n\u00b02021-41 du 20 d\u00e9cembre 2021 portant r\u00e9vision de la ConstitutionEn cons\u00e9quence, dans un souci constant de respect de la s\u00e9paration des pouvoirs et du principe de l\u00e9galit\u00e9, Je ne tiendrai ma DPG devant cette Assembl\u00e9e qu&rsquo;une fois que la majorit\u00e9 parlementaire se sera amend\u00e9e en r\u00e9inscrivant dans le r\u00e8glement int\u00e9rieur l\u2019ensemble des dispositions relatives au Premier ministre.<\/p>\n<p> En cas de carence de l\u2019Assembl\u00e9e, d\u2019ici le 15 juillet 2024, je tiendrai ma D\u00e9claration de Politique g\u00e9n\u00e9rale devant une assembl\u00e9e constitu\u00e9e du peuple s\u00e9n\u00e9galais souverain, de partenaires du S\u00e9n\u00e9gal et d&rsquo;un jury compos\u00e9 d\u2019universitaires, d\u2019intellectuels et d\u2019acteurs citoyens apolitiques. Ce sera l\u2019occasion d\u2019un d\u00e9bat libre, ouvert et, \u00e0 coup s\u00fbr, de qualit\u00e9 largement sup\u00e9rieure.<\/p>\n<p>Jub &#8211; Jubbal &#8211; Jubbanti<\/p>\n<div class=\"publi-apres-le-contenu\" style=\"margin-top: 10px;margin-bottom: 10px;margin-left: auto;margin-right: auto;text-align: center;\" id=\"publi-2795133553\"><div class=\"publi-adlabel\">Publicit\u00e9<\/div><script async src=\"\/\/pagead2.googlesyndication.com\/pagead\/js\/adsbygoogle.js?client=ca-pub-4089586018074219\" crossorigin=\"anonymous\"><\/script><ins class=\"adsbygoogle\" style=\"display:block;\" data-ad-client=\"ca-pub-4089586018074219\" \ndata-ad-slot=\"2087940154\" \ndata-ad-format=\"auto\"><\/ins>\n<script> \n(adsbygoogle = window.adsbygoogle || []).push({}); \n<\/script>\n<\/div>","protected":false},"excerpt":{"rendered":"<p>La pol\u00e9mique fait rage autour de la D\u00e9claration de politique g\u00e9n\u00e9rale que doit faire le Premier ministre Ousmane Sonko. Accus\u00e9 par l\u2019opposition de ne pas \u00eatre pr\u00eat \u00e0 faire face aux d\u00e9put\u00e9s craignant de faire l\u2019objet d\u2019une motion de censure, le chef du gouvernement a r\u00e9it\u00e9r\u00e9 son \u00ab impatience \u00e0 tenir cet exercice \u00bb. A travers une lettre r\u00e9ponse au d\u00e9put\u00e9 Guy Marius Sagna qui l\u2019avait interpell\u00e9 sur la question, le chef du gouvernement apporte des pr\u00e9cisions concernant sa d\u00e9claration tant attendue. Il a ainsi soulign\u00e9 que si cette \u00ab carence \u00bb persiste, d\u2019ici le 15 juillet 2024, il s\u2019adonnera \u00e0 l\u2019exercice, mais ce sera \u00ab devant une assembl\u00e9e constitu\u00e9e du peuple s\u00e9n\u00e9galais souverain, de partenaires du S\u00e9n\u00e9gal et d&rsquo;un jury compos\u00e9 d\u2019universitaires, d\u2019intellectuels et d\u2019acteurs citoyens apolitiques \u00bb. Voici la lettre qu&rsquo;il a adress\u00e9 en r\u00e9ponse au d\u00e9put\u00e9 Guy Marius Sagna: Honorable d\u00e9put\u00e9 Guy Marius SAGNA, J\u2019ai bien re\u00e7u votre interpellation, \u00e0 propos de la d\u00e9claration de politique g\u00e9n\u00e9rale du Premier Ministre, qui appelle de ma part les r\u00e9ponses et pr\u00e9cisions ci-apr\u00e8s. 1. Ma d\u00e9claration de politique g\u00e9n\u00e9rale (DPG) est pr\u00eate , et je vous r\u00e9it\u00e8re toute mon impatience \u00e0 tenir cet exercice de pr\u00e9sentation des grands axes des politiques publiques et de l\u2019action du Gouvernement suivant les orientations du Pr\u00e9sident de la R\u00e9publique. 2. l\u2019article 55 de la Constitution oblige le Premier ministre \u00e0 faire sa DPG devant l\u2019Assembl\u00e9e nationale sans pr\u00e9ciser les d\u00e9lais et la proc\u00e9dure qui rel\u00e8vent du R\u00e8glement int\u00e9rieur de l\u2019Assembl\u00e9e nationale (loi organique n\u00b0 2002-20 du 15 mai 2002, modifi\u00e9e). 3. Les dispositions du R\u00e8glement int\u00e9rieur de l\u2019Assembl\u00e9e nationale qui fixaient les d\u00e9lais et la proc\u00e9dure de la DPG, ainsi que toutes r\u00e9f\u00e9rences au Premier ministre, ont \u00e9t\u00e9 abrog\u00e9es de la loi organique portant r\u00e8glement int\u00e9rieur de l\u2019Assembl\u00e9e nationale depuis 2019, suite \u00e0 la suppression du poste de Premier ministre (loi organique n\u00b0 2019-14. 4. Le R\u00e8glement int\u00e9rieur de l\u2019Assembl\u00e9e nationale en vigueur ne tient pas compte du Premier ministre puisqu\u2019il n\u2019a pas \u00e9t\u00e9 actualis\u00e9 suite \u00e0 la restauration du poste de Premier ministre par la loi n\u00b02021-41 du 20 d\u00e9cembre 2021 portant r\u00e9vision de la ConstitutionEn cons\u00e9quence, dans un souci constant de respect de la s\u00e9paration des pouvoirs et du principe de l\u00e9galit\u00e9, Je ne tiendrai ma DPG devant cette Assembl\u00e9e qu&rsquo;une fois que la majorit\u00e9 parlementaire se sera amend\u00e9e en r\u00e9inscrivant dans le r\u00e8glement int\u00e9rieur l\u2019ensemble des dispositions relatives au Premier ministre. En cas de carence de l\u2019Assembl\u00e9e, d\u2019ici le 15 juillet 2024, je tiendrai ma D\u00e9claration de Politique g\u00e9n\u00e9rale devant une assembl\u00e9e constitu\u00e9e du peuple s\u00e9n\u00e9galais souverain, de partenaires du S\u00e9n\u00e9gal et d&rsquo;un jury compos\u00e9 d\u2019universitaires, d\u2019intellectuels et d\u2019acteurs citoyens apolitiques. Ce sera l\u2019occasion d\u2019un d\u00e9bat libre, ouvert et, \u00e0 coup s\u00fbr, de qualit\u00e9 largement sup\u00e9rieure. Jub &#8211; Jubbal &#8211; Jubbanti<\/p>\n","protected":false},"author":15,"featured_media":33664,"comment_status":"open","ping_status":"open","sticky":false,"template":"","format":"standard","meta":{"_jetpack_memberships_contains_paid_content":false,"footnotes":""},"categories":[375,1023,3724,961,3,376,1,4],"tags":[12,3759,112,17,16,6244],"class_list":["post-33663","post","type-post","status-publish","format-standard","has-post-thumbnail","hentry","category-actualites","category-buzz","category-justice","category-medias","category-politique","category-securite-justice","category-non-classe","category-societe","tag-assemblee-nationale","tag-dpg","tag-guy-marius-sagna","tag-opposition","tag-ousmane-sonko","tag-polemique","entry","has-media","owp-thumbs-layout-horizontal","owp-btn-normal","owp-tabs-layout-horizontal","has-no-thumbnails","has-product-nav"],"yoast_head":"<!-- This site is optimized with the Yoast SEO plugin v25.5 - https:\/\/yoast.com\/wordpress\/plugins\/seo\/ -->\n<title>DPG : Ousmane Sonko r\u00e9pond \u00e0 la lettre de Guy Marius Sagna - LE PUBLIC<\/title>\n<meta name=\"robots\" content=\"index, follow, max-snippet:-1, max-image-preview:large, max-video-preview:-1\" \/>\n<link rel=\"canonical\" href=\"https:\/\/www.public.sn\/index.php\/2024\/06\/28\/dpg-ousmane-sonko-repond-a-la-lettre-de-guy-marius-sagna\/\" \/>\n<meta property=\"og:locale\" content=\"fr_FR\" \/>\n<meta property=\"og:type\" content=\"article\" \/>\n<meta property=\"og:title\" content=\"DPG : Ousmane Sonko r\u00e9pond \u00e0 la lettre de Guy Marius Sagna - LE PUBLIC\" \/>\n<meta property=\"og:description\" content=\"La pol\u00e9mique fait rage autour de la D\u00e9claration de politique g\u00e9n\u00e9rale que doit faire le Premier ministre Ousmane Sonko. Accus\u00e9 par l\u2019opposition de ne pas \u00eatre pr\u00eat \u00e0 faire face aux d\u00e9put\u00e9s craignant de faire l\u2019objet d\u2019une motion de censure, le chef du gouvernement a r\u00e9it\u00e9r\u00e9 son \u00ab impatience \u00e0 tenir cet exercice \u00bb. A travers une lettre r\u00e9ponse au d\u00e9put\u00e9 Guy Marius Sagna qui l\u2019avait interpell\u00e9 sur la question, le chef du gouvernement apporte des pr\u00e9cisions concernant sa d\u00e9claration tant attendue. Il a ainsi soulign\u00e9 que si cette \u00ab carence \u00bb persiste, d\u2019ici le 15 juillet 2024, il s\u2019adonnera \u00e0 l\u2019exercice, mais ce sera \u00ab devant une assembl\u00e9e constitu\u00e9e du peuple s\u00e9n\u00e9galais souverain, de partenaires du S\u00e9n\u00e9gal et d&rsquo;un jury compos\u00e9 d\u2019universitaires, d\u2019intellectuels et d\u2019acteurs citoyens apolitiques \u00bb. Voici la lettre qu&rsquo;il a adress\u00e9 en r\u00e9ponse au d\u00e9put\u00e9 Guy Marius Sagna: Honorable d\u00e9put\u00e9 Guy Marius SAGNA, J\u2019ai bien re\u00e7u votre interpellation, \u00e0 propos de la d\u00e9claration de politique g\u00e9n\u00e9rale du Premier Ministre, qui appelle de ma part les r\u00e9ponses et pr\u00e9cisions ci-apr\u00e8s. 1. Ma d\u00e9claration de politique g\u00e9n\u00e9rale (DPG) est pr\u00eate , et je vous r\u00e9it\u00e8re toute mon impatience \u00e0 tenir cet exercice de pr\u00e9sentation des grands axes des politiques publiques et de l\u2019action du Gouvernement suivant les orientations du Pr\u00e9sident de la R\u00e9publique. 2. l\u2019article 55 de la Constitution oblige le Premier ministre \u00e0 faire sa DPG devant l\u2019Assembl\u00e9e nationale sans pr\u00e9ciser les d\u00e9lais et la proc\u00e9dure qui rel\u00e8vent du R\u00e8glement int\u00e9rieur de l\u2019Assembl\u00e9e nationale (loi organique n\u00b0 2002-20 du 15 mai 2002, modifi\u00e9e). 3. Les dispositions du R\u00e8glement int\u00e9rieur de l\u2019Assembl\u00e9e nationale qui fixaient les d\u00e9lais et la proc\u00e9dure de la DPG, ainsi que toutes r\u00e9f\u00e9rences au Premier ministre, ont \u00e9t\u00e9 abrog\u00e9es de la loi organique portant r\u00e8glement int\u00e9rieur de l\u2019Assembl\u00e9e nationale depuis 2019, suite \u00e0 la suppression du poste de Premier ministre (loi organique n\u00b0 2019-14. 4. Le R\u00e8glement int\u00e9rieur de l\u2019Assembl\u00e9e nationale en vigueur ne tient pas compte du Premier ministre puisqu\u2019il n\u2019a pas \u00e9t\u00e9 actualis\u00e9 suite \u00e0 la restauration du poste de Premier ministre par la loi n\u00b02021-41 du 20 d\u00e9cembre 2021 portant r\u00e9vision de la ConstitutionEn cons\u00e9quence, dans un souci constant de respect de la s\u00e9paration des pouvoirs et du principe de l\u00e9galit\u00e9, Je ne tiendrai ma DPG devant cette Assembl\u00e9e qu&rsquo;une fois que la majorit\u00e9 parlementaire se sera amend\u00e9e en r\u00e9inscrivant dans le r\u00e8glement int\u00e9rieur l\u2019ensemble des dispositions relatives au Premier ministre. En cas de carence de l\u2019Assembl\u00e9e, d\u2019ici le 15 juillet 2024, je tiendrai ma D\u00e9claration de Politique g\u00e9n\u00e9rale devant une assembl\u00e9e constitu\u00e9e du peuple s\u00e9n\u00e9galais souverain, de partenaires du S\u00e9n\u00e9gal et d&rsquo;un jury compos\u00e9 d\u2019universitaires, d\u2019intellectuels et d\u2019acteurs citoyens apolitiques. Ce sera l\u2019occasion d\u2019un d\u00e9bat libre, ouvert et, \u00e0 coup s\u00fbr, de qualit\u00e9 largement sup\u00e9rieure. Jub &#8211; Jubbal &#8211; Jubbanti\" \/>\n<meta property=\"og:url\" content=\"https:\/\/www.public.sn\/index.php\/2024\/06\/28\/dpg-ousmane-sonko-repond-a-la-lettre-de-guy-marius-sagna\/\" \/>\n<meta property=\"og:site_name\" content=\"LE PUBLIC\" \/>\n<meta property=\"article:published_time\" content=\"2024-06-28T18:40:18+00:00\" \/>\n<meta property=\"og:image\" content=\"https:\/\/www.public.sn\/wp-content\/uploads\/2024\/06\/sonkoPm.jpeg\" \/>\n\t<meta property=\"og:image:width\" content=\"612\" \/>\n\t<meta property=\"og:image:height\" content=\"298\" \/>\n\t<meta property=\"og:image:type\" content=\"image\/jpeg\" \/>\n<meta name=\"author\" content=\"Baye Amath THIAM\" \/>\n<meta name=\"twitter:card\" content=\"summary_large_image\" \/>\n<meta name=\"twitter:label1\" content=\"\u00c9crit par\" \/>\n\t<meta name=\"twitter:data1\" content=\"Baye Amath THIAM\" \/>\n\t<meta name=\"twitter:label2\" content=\"Dur\u00e9e de lecture estim\u00e9e\" \/>\n\t<meta name=\"twitter:data2\" content=\"1 minute\" \/>\n<script type=\"application\/ld+json\" class=\"yoast-schema-graph\">{\"@context\":\"https:\/\/schema.org\",\"@graph\":[{\"@type\":\"Article\",\"@id\":\"https:\/\/www.public.sn\/index.php\/2024\/06\/28\/dpg-ousmane-sonko-repond-a-la-lettre-de-guy-marius-sagna\/#article\",\"isPartOf\":{\"@id\":\"https:\/\/www.public.sn\/index.php\/2024\/06\/28\/dpg-ousmane-sonko-repond-a-la-lettre-de-guy-marius-sagna\/\"},\"author\":{\"name\":\"Baye Amath THIAM\",\"@id\":\"https:\/\/www.public.sn\/#\/schema\/person\/f77cd9ce05d8fb925eb038378ee6899d\"},\"headline\":\"DPG : Ousmane Sonko r\u00e9pond \u00e0 la lettre de Guy Marius Sagna\",\"datePublished\":\"2024-06-28T18:40:18+00:00\",\"mainEntityOfPage\":{\"@id\":\"https:\/\/www.public.sn\/index.php\/2024\/06\/28\/dpg-ousmane-sonko-repond-a-la-lettre-de-guy-marius-sagna\/\"},\"wordCount\":554,\"commentCount\":0,\"publisher\":{\"@id\":\"https:\/\/www.public.sn\/#organization\"},\"image\":{\"@id\":\"https:\/\/www.public.sn\/index.php\/2024\/06\/28\/dpg-ousmane-sonko-repond-a-la-lettre-de-guy-marius-sagna\/#primaryimage\"},\"thumbnailUrl\":\"https:\/\/www.public.sn\/wp-content\/uploads\/2024\/06\/sonkoPm.jpeg\",\"keywords\":[\"Assembl\u00e9e Nationale\",\"DPG\",\"Guy Marius Sagna\",\"Opposition\",\"Ousmane Sonko\",\"pol\u00e9mique\"],\"articleSection\":[\"ACTUALIT\u00c9S\",\"BUZZ\",\"justice\",\"M\u00c9DIAS\",\"POLITIQUE\",\"S\u00c9CURIT\u00c9 &amp; JUSTICE\",\"S\u00c9N\u00c9GAL\",\"SOCIETE\"],\"inLanguage\":\"fr-FR\",\"potentialAction\":[{\"@type\":\"CommentAction\",\"name\":\"Comment\",\"target\":[\"https:\/\/www.public.sn\/index.php\/2024\/06\/28\/dpg-ousmane-sonko-repond-a-la-lettre-de-guy-marius-sagna\/#respond\"]}]},{\"@type\":\"WebPage\",\"@id\":\"https:\/\/www.public.sn\/index.php\/2024\/06\/28\/dpg-ousmane-sonko-repond-a-la-lettre-de-guy-marius-sagna\/\",\"url\":\"https:\/\/www.public.sn\/index.php\/2024\/06\/28\/dpg-ousmane-sonko-repond-a-la-lettre-de-guy-marius-sagna\/\",\"name\":\"DPG : Ousmane Sonko r\u00e9pond \u00e0 la lettre de Guy Marius Sagna - LE PUBLIC\",\"isPartOf\":{\"@id\":\"https:\/\/www.public.sn\/#website\"},\"primaryImageOfPage\":{\"@id\":\"https:\/\/www.public.sn\/index.php\/2024\/06\/28\/dpg-ousmane-sonko-repond-a-la-lettre-de-guy-marius-sagna\/#primaryimage\"},\"image\":{\"@id\":\"https:\/\/www.public.sn\/index.php\/2024\/06\/28\/dpg-ousmane-sonko-repond-a-la-lettre-de-guy-marius-sagna\/#primaryimage\"},\"thumbnailUrl\":\"https:\/\/www.public.sn\/wp-content\/uploads\/2024\/06\/sonkoPm.jpeg\",\"datePublished\":\"2024-06-28T18:40:18+00:00\",\"breadcrumb\":{\"@id\":\"https:\/\/www.public.sn\/index.php\/2024\/06\/28\/dpg-ousmane-sonko-repond-a-la-lettre-de-guy-marius-sagna\/#breadcrumb\"},\"inLanguage\":\"fr-FR\",\"potentialAction\":[{\"@type\":\"ReadAction\",\"target\":[\"https:\/\/www.public.sn\/index.php\/2024\/06\/28\/dpg-ousmane-sonko-repond-a-la-lettre-de-guy-marius-sagna\/\"]}]},{\"@type\":\"ImageObject\",\"inLanguage\":\"fr-FR\",\"@id\":\"https:\/\/www.public.sn\/index.php\/2024\/06\/28\/dpg-ousmane-sonko-repond-a-la-lettre-de-guy-marius-sagna\/#primaryimage\",\"url\":\"https:\/\/www.public.sn\/wp-content\/uploads\/2024\/06\/sonkoPm.jpeg\",\"contentUrl\":\"https:\/\/www.public.sn\/wp-content\/uploads\/2024\/06\/sonkoPm.jpeg\",\"width\":612,\"height\":298},{\"@type\":\"BreadcrumbList\",\"@id\":\"https:\/\/www.public.sn\/index.php\/2024\/06\/28\/dpg-ousmane-sonko-repond-a-la-lettre-de-guy-marius-sagna\/#breadcrumb\",\"itemListElement\":[{\"@type\":\"ListItem\",\"position\":1,\"name\":\"Accueil\",\"item\":\"https:\/\/www.public.sn\/\"},{\"@type\":\"ListItem\",\"position\":2,\"name\":\"DPG : Ousmane Sonko r\u00e9pond \u00e0 la lettre de Guy Marius Sagna\"}]},{\"@type\":\"WebSite\",\"@id\":\"https:\/\/www.public.sn\/#website\",\"url\":\"https:\/\/www.public.sn\/\",\"name\":\"LE PUBLIC\",\"description\":\"\",\"publisher\":{\"@id\":\"https:\/\/www.public.sn\/#organization\"},\"potentialAction\":[{\"@type\":\"SearchAction\",\"target\":{\"@type\":\"EntryPoint\",\"urlTemplate\":\"https:\/\/www.public.sn\/?s={search_term_string}\"},\"query-input\":{\"@type\":\"PropertyValueSpecification\",\"valueRequired\":true,\"valueName\":\"search_term_string\"}}],\"inLanguage\":\"fr-FR\"},{\"@type\":\"Organization\",\"@id\":\"https:\/\/www.public.sn\/#organization\",\"name\":\"LE PUBLIC\",\"url\":\"https:\/\/www.public.sn\/\",\"logo\":{\"@type\":\"ImageObject\",\"inLanguage\":\"fr-FR\",\"@id\":\"https:\/\/www.public.sn\/#\/schema\/logo\/image\/\",\"url\":\"https:\/\/www.public.sn\/wp-content\/uploads\/2024\/05\/cropped-LOGO-PUBLIC.SN_.png\",\"contentUrl\":\"https:\/\/www.public.sn\/wp-content\/uploads\/2024\/05\/cropped-LOGO-PUBLIC.SN_.png\",\"width\":682,\"height\":192,\"caption\":\"LE PUBLIC\"},\"image\":{\"@id\":\"https:\/\/www.public.sn\/#\/schema\/logo\/image\/\"}},{\"@type\":\"Person\",\"@id\":\"https:\/\/www.public.sn\/#\/schema\/person\/f77cd9ce05d8fb925eb038378ee6899d\",\"name\":\"Baye Amath THIAM\",\"image\":{\"@type\":\"ImageObject\",\"inLanguage\":\"fr-FR\",\"@id\":\"https:\/\/www.public.sn\/#\/schema\/person\/image\/\",\"url\":\"https:\/\/secure.gravatar.com\/avatar\/7eb863ef1336b6f8a2ad921469701e52f094a61c698fab02f5af742ed813612d?s=96&d=mm&r=g\",\"contentUrl\":\"https:\/\/secure.gravatar.com\/avatar\/7eb863ef1336b6f8a2ad921469701e52f094a61c698fab02f5af742ed813612d?s=96&d=mm&r=g\",\"caption\":\"Baye Amath THIAM\"},\"url\":\"https:\/\/www.public.sn\/index.php\/author\/thiamba24\/\"}]}<\/script>\n<!-- \/ Yoast SEO plugin. -->","yoast_head_json":{"title":"DPG : Ousmane Sonko r\u00e9pond \u00e0 la lettre de Guy Marius Sagna - LE PUBLIC","robots":{"index":"index","follow":"follow","max-snippet":"max-snippet:-1","max-image-preview":"max-image-preview:large","max-video-preview":"max-video-preview:-1"},"canonical":"https:\/\/www.public.sn\/index.php\/2024\/06\/28\/dpg-ousmane-sonko-repond-a-la-lettre-de-guy-marius-sagna\/","og_locale":"fr_FR","og_type":"article","og_title":"DPG : Ousmane Sonko r\u00e9pond \u00e0 la lettre de Guy Marius Sagna - LE PUBLIC","og_description":"La pol\u00e9mique fait rage autour de la D\u00e9claration de politique g\u00e9n\u00e9rale que doit faire le Premier ministre Ousmane Sonko. Accus\u00e9 par l\u2019opposition de ne pas \u00eatre pr\u00eat \u00e0 faire face aux d\u00e9put\u00e9s craignant de faire l\u2019objet d\u2019une motion de censure, le chef du gouvernement a r\u00e9it\u00e9r\u00e9 son \u00ab impatience \u00e0 tenir cet exercice \u00bb. A travers une lettre r\u00e9ponse au d\u00e9put\u00e9 Guy Marius Sagna qui l\u2019avait interpell\u00e9 sur la question, le chef du gouvernement apporte des pr\u00e9cisions concernant sa d\u00e9claration tant attendue. Il a ainsi soulign\u00e9 que si cette \u00ab carence \u00bb persiste, d\u2019ici le 15 juillet 2024, il s\u2019adonnera \u00e0 l\u2019exercice, mais ce sera \u00ab devant une assembl\u00e9e constitu\u00e9e du peuple s\u00e9n\u00e9galais souverain, de partenaires du S\u00e9n\u00e9gal et d&rsquo;un jury compos\u00e9 d\u2019universitaires, d\u2019intellectuels et d\u2019acteurs citoyens apolitiques \u00bb. Voici la lettre qu&rsquo;il a adress\u00e9 en r\u00e9ponse au d\u00e9put\u00e9 Guy Marius Sagna: Honorable d\u00e9put\u00e9 Guy Marius SAGNA, J\u2019ai bien re\u00e7u votre interpellation, \u00e0 propos de la d\u00e9claration de politique g\u00e9n\u00e9rale du Premier Ministre, qui appelle de ma part les r\u00e9ponses et pr\u00e9cisions ci-apr\u00e8s. 1. Ma d\u00e9claration de politique g\u00e9n\u00e9rale (DPG) est pr\u00eate , et je vous r\u00e9it\u00e8re toute mon impatience \u00e0 tenir cet exercice de pr\u00e9sentation des grands axes des politiques publiques et de l\u2019action du Gouvernement suivant les orientations du Pr\u00e9sident de la R\u00e9publique. 2. l\u2019article 55 de la Constitution oblige le Premier ministre \u00e0 faire sa DPG devant l\u2019Assembl\u00e9e nationale sans pr\u00e9ciser les d\u00e9lais et la proc\u00e9dure qui rel\u00e8vent du R\u00e8glement int\u00e9rieur de l\u2019Assembl\u00e9e nationale (loi organique n\u00b0 2002-20 du 15 mai 2002, modifi\u00e9e). 3. Les dispositions du R\u00e8glement int\u00e9rieur de l\u2019Assembl\u00e9e nationale qui fixaient les d\u00e9lais et la proc\u00e9dure de la DPG, ainsi que toutes r\u00e9f\u00e9rences au Premier ministre, ont \u00e9t\u00e9 abrog\u00e9es de la loi organique portant r\u00e8glement int\u00e9rieur de l\u2019Assembl\u00e9e nationale depuis 2019, suite \u00e0 la suppression du poste de Premier ministre (loi organique n\u00b0 2019-14. 4. Le R\u00e8glement int\u00e9rieur de l\u2019Assembl\u00e9e nationale en vigueur ne tient pas compte du Premier ministre puisqu\u2019il n\u2019a pas \u00e9t\u00e9 actualis\u00e9 suite \u00e0 la restauration du poste de Premier ministre par la loi n\u00b02021-41 du 20 d\u00e9cembre 2021 portant r\u00e9vision de la ConstitutionEn cons\u00e9quence, dans un souci constant de respect de la s\u00e9paration des pouvoirs et du principe de l\u00e9galit\u00e9, Je ne tiendrai ma DPG devant cette Assembl\u00e9e qu&rsquo;une fois que la majorit\u00e9 parlementaire se sera amend\u00e9e en r\u00e9inscrivant dans le r\u00e8glement int\u00e9rieur l\u2019ensemble des dispositions relatives au Premier ministre. En cas de carence de l\u2019Assembl\u00e9e, d\u2019ici le 15 juillet 2024, je tiendrai ma D\u00e9claration de Politique g\u00e9n\u00e9rale devant une assembl\u00e9e constitu\u00e9e du peuple s\u00e9n\u00e9galais souverain, de partenaires du S\u00e9n\u00e9gal et d&rsquo;un jury compos\u00e9 d\u2019universitaires, d\u2019intellectuels et d\u2019acteurs citoyens apolitiques. Ce sera l\u2019occasion d\u2019un d\u00e9bat libre, ouvert et, \u00e0 coup s\u00fbr, de qualit\u00e9 largement sup\u00e9rieure. Jub &#8211; Jubbal &#8211; Jubbanti","og_url":"https:\/\/www.public.sn\/index.php\/2024\/06\/28\/dpg-ousmane-sonko-repond-a-la-lettre-de-guy-marius-sagna\/","og_site_name":"LE PUBLIC","article_published_time":"2024-06-28T18:40:18+00:00","og_image":[{"width":612,"height":298,"url":"https:\/\/www.public.sn\/wp-content\/uploads\/2024\/06\/sonkoPm.jpeg","type":"image\/jpeg"}],"author":"Baye Amath THIAM","twitter_card":"summary_large_image","twitter_misc":{"\u00c9crit par":"Baye Amath THIAM","Dur\u00e9e de lecture estim\u00e9e":"1 minute"},"schema":{"@context":"https:\/\/schema.org","@graph":[{"@type":"Article","@id":"https:\/\/www.public.sn\/index.php\/2024\/06\/28\/dpg-ousmane-sonko-repond-a-la-lettre-de-guy-marius-sagna\/#article","isPartOf":{"@id":"https:\/\/www.public.sn\/index.php\/2024\/06\/28\/dpg-ousmane-sonko-repond-a-la-lettre-de-guy-marius-sagna\/"},"author":{"name":"Baye Amath THIAM","@id":"https:\/\/www.public.sn\/#\/schema\/person\/f77cd9ce05d8fb925eb038378ee6899d"},"headline":"DPG : Ousmane Sonko r\u00e9pond \u00e0 la lettre de Guy Marius Sagna","datePublished":"2024-06-28T18:40:18+00:00","mainEntityOfPage":{"@id":"https:\/\/www.public.sn\/index.php\/2024\/06\/28\/dpg-ousmane-sonko-repond-a-la-lettre-de-guy-marius-sagna\/"},"wordCount":554,"commentCount":0,"publisher":{"@id":"https:\/\/www.public.sn\/#organization"},"image":{"@id":"https:\/\/www.public.sn\/index.php\/2024\/06\/28\/dpg-ousmane-sonko-repond-a-la-lettre-de-guy-marius-sagna\/#primaryimage"},"thumbnailUrl":"https:\/\/www.public.sn\/wp-content\/uploads\/2024\/06\/sonkoPm.jpeg","keywords":["Assembl\u00e9e Nationale","DPG","Guy Marius Sagna","Opposition","Ousmane Sonko","pol\u00e9mique"],"articleSection":["ACTUALIT\u00c9S","BUZZ","justice","M\u00c9DIAS","POLITIQUE","S\u00c9CURIT\u00c9 &amp; JUSTICE","S\u00c9N\u00c9GAL","SOCIETE"],"inLanguage":"fr-FR","potentialAction":[{"@type":"CommentAction","name":"Comment","target":["https:\/\/www.public.sn\/index.php\/2024\/06\/28\/dpg-ousmane-sonko-repond-a-la-lettre-de-guy-marius-sagna\/#respond"]}]},{"@type":"WebPage","@id":"https:\/\/www.public.sn\/index.php\/2024\/06\/28\/dpg-ousmane-sonko-repond-a-la-lettre-de-guy-marius-sagna\/","url":"https:\/\/www.public.sn\/index.php\/2024\/06\/28\/dpg-ousmane-sonko-repond-a-la-lettre-de-guy-marius-sagna\/","name":"DPG : Ousmane Sonko r\u00e9pond \u00e0 la lettre de Guy Marius Sagna - LE PUBLIC","isPartOf":{"@id":"https:\/\/www.public.sn\/#website"},"primaryImageOfPage":{"@id":"https:\/\/www.public.sn\/index.php\/2024\/06\/28\/dpg-ousmane-sonko-repond-a-la-lettre-de-guy-marius-sagna\/#primaryimage"},"image":{"@id":"https:\/\/www.public.sn\/index.php\/2024\/06\/28\/dpg-ousmane-sonko-repond-a-la-lettre-de-guy-marius-sagna\/#primaryimage"},"thumbnailUrl":"https:\/\/www.public.sn\/wp-content\/uploads\/2024\/06\/sonkoPm.jpeg","datePublished":"2024-06-28T18:40:18+00:00","breadcrumb":{"@id":"https:\/\/www.public.sn\/index.php\/2024\/06\/28\/dpg-ousmane-sonko-repond-a-la-lettre-de-guy-marius-sagna\/#breadcrumb"},"inLanguage":"fr-FR","potentialAction":[{"@type":"ReadAction","target":["https:\/\/www.public.sn\/index.php\/2024\/06\/28\/dpg-ousmane-sonko-repond-a-la-lettre-de-guy-marius-sagna\/"]}]},{"@type":"ImageObject","inLanguage":"fr-FR","@id":"https:\/\/www.public.sn\/index.php\/2024\/06\/28\/dpg-ousmane-sonko-repond-a-la-lettre-de-guy-marius-sagna\/#primaryimage","url":"https:\/\/www.public.sn\/wp-content\/uploads\/2024\/06\/sonkoPm.jpeg","contentUrl":"https:\/\/www.public.sn\/wp-content\/uploads\/2024\/06\/sonkoPm.jpeg","width":612,"height":298},{"@type":"BreadcrumbList","@id":"https:\/\/www.public.sn\/index.php\/2024\/06\/28\/dpg-ousmane-sonko-repond-a-la-lettre-de-guy-marius-sagna\/#breadcrumb","itemListElement":[{"@type":"ListItem","position":1,"name":"Accueil","item":"https:\/\/www.public.sn\/"},{"@type":"ListItem","position":2,"name":"DPG : Ousmane Sonko r\u00e9pond \u00e0 la lettre de Guy Marius Sagna"}]},{"@type":"WebSite","@id":"https:\/\/www.public.sn\/#website","url":"https:\/\/www.public.sn\/","name":"LE PUBLIC","description":"","publisher":{"@id":"https:\/\/www.public.sn\/#organization"},"potentialAction":[{"@type":"SearchAction","target":{"@type":"EntryPoint","urlTemplate":"https:\/\/www.public.sn\/?s={search_term_string}"},"query-input":{"@type":"PropertyValueSpecification","valueRequired":true,"valueName":"search_term_string"}}],"inLanguage":"fr-FR"},{"@type":"Organization","@id":"https:\/\/www.public.sn\/#organization","name":"LE PUBLIC","url":"https:\/\/www.public.sn\/","logo":{"@type":"ImageObject","inLanguage":"fr-FR","@id":"https:\/\/www.public.sn\/#\/schema\/logo\/image\/","url":"https:\/\/www.public.sn\/wp-content\/uploads\/2024\/05\/cropped-LOGO-PUBLIC.SN_.png","contentUrl":"https:\/\/www.public.sn\/wp-content\/uploads\/2024\/05\/cropped-LOGO-PUBLIC.SN_.png","width":682,"height":192,"caption":"LE PUBLIC"},"image":{"@id":"https:\/\/www.public.sn\/#\/schema\/logo\/image\/"}},{"@type":"Person","@id":"https:\/\/www.public.sn\/#\/schema\/person\/f77cd9ce05d8fb925eb038378ee6899d","name":"Baye Amath THIAM","image":{"@type":"ImageObject","inLanguage":"fr-FR","@id":"https:\/\/www.public.sn\/#\/schema\/person\/image\/","url":"https:\/\/secure.gravatar.com\/avatar\/7eb863ef1336b6f8a2ad921469701e52f094a61c698fab02f5af742ed813612d?s=96&d=mm&r=g","contentUrl":"https:\/\/secure.gravatar.com\/avatar\/7eb863ef1336b6f8a2ad921469701e52f094a61c698fab02f5af742ed813612d?s=96&d=mm&r=g","caption":"Baye Amath THIAM"},"url":"https:\/\/www.public.sn\/index.php\/author\/thiamba24\/"}]}},"jetpack_featured_media_url":"https:\/\/www.public.sn\/wp-content\/uploads\/2024\/06\/sonkoPm.jpeg","jetpack_sharing_enabled":true,"_links":{"self":[{"href":"https:\/\/www.public.sn\/index.php\/wp-json\/wp\/v2\/posts\/33663","targetHints":{"allow":["GET"]}}],"collection":[{"href":"https:\/\/www.public.sn\/index.php\/wp-json\/wp\/v2\/posts"}],"about":[{"href":"https:\/\/www.public.sn\/index.php\/wp-json\/wp\/v2\/types\/post"}],"author":[{"embeddable":true,"href":"https:\/\/www.public.sn\/index.php\/wp-json\/wp\/v2\/users\/15"}],"replies":[{"embeddable":true,"href":"https:\/\/www.public.sn\/index.php\/wp-json\/wp\/v2\/comments?post=33663"}],"version-history":[{"count":1,"href":"https:\/\/www.public.sn\/index.php\/wp-json\/wp\/v2\/posts\/33663\/revisions"}],"predecessor-version":[{"id":33665,"href":"https:\/\/www.public.sn\/index.php\/wp-json\/wp\/v2\/posts\/33663\/revisions\/33665"}],"wp:featuredmedia":[{"embeddable":true,"href":"https:\/\/www.public.sn\/index.php\/wp-json\/wp\/v2\/media\/33664"}],"wp:attachment":[{"href":"https:\/\/www.public.sn\/index.php\/wp-json\/wp\/v2\/media?parent=33663"}],"wp:term":[{"taxonomy":"category","embeddable":true,"href":"https:\/\/www.public.sn\/index.php\/wp-json\/wp\/v2\/categories?post=33663"},{"taxonomy":"post_tag","embeddable":true,"href":"https:\/\/www.public.sn\/index.php\/wp-json\/wp\/v2\/tags?post=33663"}],"curies":[{"name":"wp","href":"https:\/\/api.w.org\/{rel}","templated":true}]}}