{"id":33773,"date":"2024-07-03T13:21:45","date_gmt":"2024-07-03T13:21:45","guid":{"rendered":"https:\/\/www.public.sn\/?p=33773"},"modified":"2024-07-03T13:21:45","modified_gmt":"2024-07-03T13:21:45","slug":"circulaire-le-ministre-de-linterieur-jean-baptiste-tine-repond-aux-maires","status":"publish","type":"post","link":"https:\/\/www.public.sn\/index.php\/2024\/07\/03\/circulaire-le-ministre-de-linterieur-jean-baptiste-tine-repond-aux-maires\/","title":{"rendered":"Circulaire: le ministre de l&rsquo;int\u00e9rieur Jean Baptiste Tine r\u00e9pond aux maires"},"content":{"rendered":"<p>Le ministre de l\u2019Int\u00e9rieur, le G\u00e9n\u00e9ral Jean Baptiste Tine, a apport\u00e9 des \u00e9claircissements conernant la pol\u00e9mique autour de sa circulaire adress\u00e9e aux autorit\u00e9s administratives et dans laquelle il leur demande de proc\u00e9der au d\u00e9sencombrement de la voie publique. Selon lui, ledit document n&rsquo;\u00e9tait pas destin\u00e9 aux maires.  <\/p><div class=\"publi-paragraphe1\" style=\"margin-top: 10px;margin-bottom: 10px;margin-left: auto;margin-right: auto;text-align: center;\" id=\"publi-3048344094\"><div class=\"publi-adlabel\">Publicit\u00e9<\/div><script async src=\"\/\/pagead2.googlesyndication.com\/pagead\/js\/adsbygoogle.js?client=ca-pub-4089586018074219\" crossorigin=\"anonymous\"><\/script><ins class=\"adsbygoogle\" style=\"display:block;\" data-ad-client=\"ca-pub-4089586018074219\" \ndata-ad-slot=\"2087940154\" \ndata-ad-format=\"auto\"><\/ins>\n<script> \n(adsbygoogle = window.adsbygoogle || []).push({}); \n<\/script>\n<\/div>\n<p>Lors d\u2019une rencontre \u00e0 la Primature le 2 juillet 2024 avec les commer\u00e7ants, les habitants de Colobane et les chefs de quartier, Jean Baptiste Tine a expliqu\u00e9 que sa circulaire du 7 mai 2024 \u00e9tait en fait destin\u00e9e aux autorit\u00e9s administratives. \u00ab Ma circulaire s\u2019adressait aux autorit\u00e9s administratives. Est-ce qu&rsquo;il y a eu des probl\u00e8mes au niveau de Rufisque ? Il n&rsquo;y a pas beaucoup de probl\u00e8mes \u00e0 Rufisque parce que le truc \u00e9tait bien encadr\u00e9. Je pense que vous avez d&rsquo;autres probl\u00e8mes \u00e0 Colobane et tout le monde s&rsquo;est engouffr\u00e9 dedans. Et ce n&rsquo;est pas tr\u00e8s bien \u00bb, a-t-il soulign\u00e9.  <\/p>\n<p>Avant d&rsquo;ajouter : \u00ab C&rsquo;est la premi\u00e8re fois que je vois un maire qui n&rsquo;est pas destinataire  d&rsquo;une circulaire qui dit que c&rsquo;est le ministre de l&rsquo;Int\u00e9rieur qui m&rsquo;a charg\u00e9 de le faire. Le ministre de l&rsquo;Int\u00e9rieur ne sugg\u00e8re rien aux maires. Parce qu&rsquo;il y a ce qu&rsquo;on appelle des pouvoirs d\u00e9centralis\u00e9es \u00bb.  <\/p>\n<p>Cette d\u00e9claration survient apr\u00e8s que le Premier ministre Ousmane Sonko a inform\u00e9 ne pas avoir \u00e9t\u00e9 au courant de ladite circulaire, bien que celle-ci ait \u00e9t\u00e9 largement diffus\u00e9e le 7 mai dernier. Pour rappel, depuis quelque temps, les mairies de la capitale dakaroise et le pr\u00e9fet de Dakar proc\u00e8dent \u00e0 des d\u00e9guerpissements des marchands ambulants qui occupent la voie publique. \u00c0 Colobane, les op\u00e9rations men\u00e9es depuis lundi dernier ont d\u00e9log\u00e9 des centaines de marchands ambulants.<\/p>\n<div class=\"publi-apres-le-contenu\" style=\"margin-top: 10px;margin-bottom: 10px;margin-left: auto;margin-right: auto;text-align: center;\" id=\"publi-119880094\"><div class=\"publi-adlabel\">Publicit\u00e9<\/div><script async src=\"\/\/pagead2.googlesyndication.com\/pagead\/js\/adsbygoogle.js?client=ca-pub-4089586018074219\" crossorigin=\"anonymous\"><\/script><ins class=\"adsbygoogle\" style=\"display:block;\" data-ad-client=\"ca-pub-4089586018074219\" \ndata-ad-slot=\"2087940154\" \ndata-ad-format=\"auto\"><\/ins>\n<script> \n(adsbygoogle = window.adsbygoogle || []).push({}); \n<\/script>\n<\/div>","protected":false},"excerpt":{"rendered":"<p>Le ministre de l\u2019Int\u00e9rieur, le G\u00e9n\u00e9ral Jean Baptiste Tine, a apport\u00e9 des \u00e9claircissements conernant la pol\u00e9mique autour de sa circulaire adress\u00e9e aux autorit\u00e9s administratives et dans laquelle il leur demande de proc\u00e9der au d\u00e9sencombrement de la voie publique. Selon lui, ledit document n&rsquo;\u00e9tait pas destin\u00e9 aux maires. Lors d\u2019une rencontre \u00e0 la Primature le 2 juillet 2024 avec les commer\u00e7ants, les habitants de Colobane et les chefs de quartier, Jean Baptiste Tine a expliqu\u00e9 que sa circulaire du 7 mai 2024 \u00e9tait en fait destin\u00e9e aux autorit\u00e9s administratives. \u00ab Ma circulaire s\u2019adressait aux autorit\u00e9s administratives. Est-ce qu&rsquo;il y a eu des probl\u00e8mes au niveau de Rufisque ? Il n&rsquo;y a pas beaucoup de probl\u00e8mes \u00e0 Rufisque parce que le truc \u00e9tait bien encadr\u00e9. Je pense que vous avez d&rsquo;autres probl\u00e8mes \u00e0 Colobane et tout le monde s&rsquo;est engouffr\u00e9 dedans. Et ce n&rsquo;est pas tr\u00e8s bien \u00bb, a-t-il soulign\u00e9. Avant d&rsquo;ajouter : \u00ab C&rsquo;est la premi\u00e8re fois que je vois un maire qui n&rsquo;est pas destinataire d&rsquo;une circulaire qui dit que c&rsquo;est le ministre de l&rsquo;Int\u00e9rieur qui m&rsquo;a charg\u00e9 de le faire. Le ministre de l&rsquo;Int\u00e9rieur ne sugg\u00e8re rien aux maires. Parce qu&rsquo;il y a ce qu&rsquo;on appelle des pouvoirs d\u00e9centralis\u00e9es \u00bb. Cette d\u00e9claration survient apr\u00e8s que le Premier ministre Ousmane Sonko a inform\u00e9 ne pas avoir \u00e9t\u00e9 au courant de ladite circulaire, bien que celle-ci ait \u00e9t\u00e9 largement diffus\u00e9e le 7 mai dernier. Pour rappel, depuis quelque temps, les mairies de la capitale dakaroise et le pr\u00e9fet de Dakar proc\u00e8dent \u00e0 des d\u00e9guerpissements des marchands ambulants qui occupent la voie publique. \u00c0 Colobane, les op\u00e9rations men\u00e9es depuis lundi dernier ont d\u00e9log\u00e9 des centaines de marchands ambulants.<\/p>\n","protected":false},"author":15,"featured_media":33774,"comment_status":"open","ping_status":"open","sticky":false,"template":"","format":"standard","meta":{"_jetpack_memberships_contains_paid_content":false,"footnotes":""},"categories":[375,9,549,3724,961,3,376,1,4],"tags":[6293,1284,6294,4093,16],"class_list":["post-33773","post","type-post","status-publish","format-standard","has-post-thumbnail","hentry","category-actualites","category-communique","category-economie","category-justice","category-medias","category-politique","category-securite-justice","category-non-classe","category-societe","tag-circulaire","tag-colobane","tag-jean-baptiste-tine","tag-ministre-de-linterieur","tag-ousmane-sonko","entry","has-media","owp-thumbs-layout-horizontal","owp-btn-normal","owp-tabs-layout-horizontal","has-no-thumbnails","has-product-nav"],"yoast_head":"<!-- This site is optimized with the Yoast SEO plugin v25.5 - https:\/\/yoast.com\/wordpress\/plugins\/seo\/ -->\n<title>Circulaire: le ministre de l&#039;int\u00e9rieur Jean Baptiste Tine r\u00e9pond aux maires - LE PUBLIC<\/title>\n<meta name=\"robots\" content=\"index, follow, max-snippet:-1, max-image-preview:large, max-video-preview:-1\" \/>\n<link rel=\"canonical\" href=\"https:\/\/www.public.sn\/index.php\/2024\/07\/03\/circulaire-le-ministre-de-linterieur-jean-baptiste-tine-repond-aux-maires\/\" \/>\n<meta property=\"og:locale\" content=\"fr_FR\" \/>\n<meta property=\"og:type\" content=\"article\" \/>\n<meta property=\"og:title\" content=\"Circulaire: le ministre de l&#039;int\u00e9rieur Jean Baptiste Tine r\u00e9pond aux maires - LE PUBLIC\" \/>\n<meta property=\"og:description\" content=\"Le ministre de l\u2019Int\u00e9rieur, le G\u00e9n\u00e9ral Jean Baptiste Tine, a apport\u00e9 des \u00e9claircissements conernant la pol\u00e9mique autour de sa circulaire adress\u00e9e aux autorit\u00e9s administratives et dans laquelle il leur demande de proc\u00e9der au d\u00e9sencombrement de la voie publique. Selon lui, ledit document n&rsquo;\u00e9tait pas destin\u00e9 aux maires. Lors d\u2019une rencontre \u00e0 la Primature le 2 juillet 2024 avec les commer\u00e7ants, les habitants de Colobane et les chefs de quartier, Jean Baptiste Tine a expliqu\u00e9 que sa circulaire du 7 mai 2024 \u00e9tait en fait destin\u00e9e aux autorit\u00e9s administratives. \u00ab Ma circulaire s\u2019adressait aux autorit\u00e9s administratives. Est-ce qu&rsquo;il y a eu des probl\u00e8mes au niveau de Rufisque ? Il n&rsquo;y a pas beaucoup de probl\u00e8mes \u00e0 Rufisque parce que le truc \u00e9tait bien encadr\u00e9. Je pense que vous avez d&rsquo;autres probl\u00e8mes \u00e0 Colobane et tout le monde s&rsquo;est engouffr\u00e9 dedans. Et ce n&rsquo;est pas tr\u00e8s bien \u00bb, a-t-il soulign\u00e9. Avant d&rsquo;ajouter : \u00ab C&rsquo;est la premi\u00e8re fois que je vois un maire qui n&rsquo;est pas destinataire d&rsquo;une circulaire qui dit que c&rsquo;est le ministre de l&rsquo;Int\u00e9rieur qui m&rsquo;a charg\u00e9 de le faire. Le ministre de l&rsquo;Int\u00e9rieur ne sugg\u00e8re rien aux maires. Parce qu&rsquo;il y a ce qu&rsquo;on appelle des pouvoirs d\u00e9centralis\u00e9es \u00bb. Cette d\u00e9claration survient apr\u00e8s que le Premier ministre Ousmane Sonko a inform\u00e9 ne pas avoir \u00e9t\u00e9 au courant de ladite circulaire, bien que celle-ci ait \u00e9t\u00e9 largement diffus\u00e9e le 7 mai dernier. Pour rappel, depuis quelque temps, les mairies de la capitale dakaroise et le pr\u00e9fet de Dakar proc\u00e8dent \u00e0 des d\u00e9guerpissements des marchands ambulants qui occupent la voie publique. \u00c0 Colobane, les op\u00e9rations men\u00e9es depuis lundi dernier ont d\u00e9log\u00e9 des centaines de marchands ambulants.\" \/>\n<meta property=\"og:url\" content=\"https:\/\/www.public.sn\/index.php\/2024\/07\/03\/circulaire-le-ministre-de-linterieur-jean-baptiste-tine-repond-aux-maires\/\" \/>\n<meta property=\"og:site_name\" content=\"LE PUBLIC\" \/>\n<meta property=\"article:published_time\" content=\"2024-07-03T13:21:45+00:00\" \/>\n<meta property=\"og:image\" content=\"https:\/\/www.public.sn\/wp-content\/uploads\/2024\/07\/1712648169767-860x645-1.jpg\" \/>\n\t<meta property=\"og:image:width\" content=\"860\" \/>\n\t<meta property=\"og:image:height\" content=\"645\" \/>\n\t<meta property=\"og:image:type\" content=\"image\/jpeg\" \/>\n<meta name=\"author\" content=\"Baye Amath THIAM\" \/>\n<meta name=\"twitter:card\" content=\"summary_large_image\" \/>\n<meta name=\"twitter:label1\" content=\"\u00c9crit par\" \/>\n\t<meta name=\"twitter:data1\" content=\"Baye Amath THIAM\" \/>\n\t<meta name=\"twitter:label2\" content=\"Dur\u00e9e de lecture estim\u00e9e\" \/>\n\t<meta name=\"twitter:data2\" content=\"1 minute\" \/>\n<script type=\"application\/ld+json\" class=\"yoast-schema-graph\">{\"@context\":\"https:\/\/schema.org\",\"@graph\":[{\"@type\":\"Article\",\"@id\":\"https:\/\/www.public.sn\/index.php\/2024\/07\/03\/circulaire-le-ministre-de-linterieur-jean-baptiste-tine-repond-aux-maires\/#article\",\"isPartOf\":{\"@id\":\"https:\/\/www.public.sn\/index.php\/2024\/07\/03\/circulaire-le-ministre-de-linterieur-jean-baptiste-tine-repond-aux-maires\/\"},\"author\":{\"name\":\"Baye Amath THIAM\",\"@id\":\"https:\/\/www.public.sn\/#\/schema\/person\/f77cd9ce05d8fb925eb038378ee6899d\"},\"headline\":\"Circulaire: le ministre de l&rsquo;int\u00e9rieur Jean Baptiste Tine r\u00e9pond aux maires\",\"datePublished\":\"2024-07-03T13:21:45+00:00\",\"mainEntityOfPage\":{\"@id\":\"https:\/\/www.public.sn\/index.php\/2024\/07\/03\/circulaire-le-ministre-de-linterieur-jean-baptiste-tine-repond-aux-maires\/\"},\"wordCount\":308,\"commentCount\":0,\"publisher\":{\"@id\":\"https:\/\/www.public.sn\/#organization\"},\"image\":{\"@id\":\"https:\/\/www.public.sn\/index.php\/2024\/07\/03\/circulaire-le-ministre-de-linterieur-jean-baptiste-tine-repond-aux-maires\/#primaryimage\"},\"thumbnailUrl\":\"https:\/\/www.public.sn\/wp-content\/uploads\/2024\/07\/1712648169767-860x645-1.jpg\",\"keywords\":[\"Circulaire\",\"colobane\",\"Jean Baptiste Tine\",\"Ministre de l'interieur\",\"Ousmane Sonko\"],\"articleSection\":[\"ACTUALIT\u00c9S\",\"COMMUNIQU\u00c9\",\"\u00c9CONOMIE\",\"justice\",\"M\u00c9DIAS\",\"POLITIQUE\",\"S\u00c9CURIT\u00c9 &amp; JUSTICE\",\"S\u00c9N\u00c9GAL\",\"SOCIETE\"],\"inLanguage\":\"fr-FR\",\"potentialAction\":[{\"@type\":\"CommentAction\",\"name\":\"Comment\",\"target\":[\"https:\/\/www.public.sn\/index.php\/2024\/07\/03\/circulaire-le-ministre-de-linterieur-jean-baptiste-tine-repond-aux-maires\/#respond\"]}]},{\"@type\":\"WebPage\",\"@id\":\"https:\/\/www.public.sn\/index.php\/2024\/07\/03\/circulaire-le-ministre-de-linterieur-jean-baptiste-tine-repond-aux-maires\/\",\"url\":\"https:\/\/www.public.sn\/index.php\/2024\/07\/03\/circulaire-le-ministre-de-linterieur-jean-baptiste-tine-repond-aux-maires\/\",\"name\":\"Circulaire: le ministre de l'int\u00e9rieur Jean Baptiste Tine r\u00e9pond aux maires - LE PUBLIC\",\"isPartOf\":{\"@id\":\"https:\/\/www.public.sn\/#website\"},\"primaryImageOfPage\":{\"@id\":\"https:\/\/www.public.sn\/index.php\/2024\/07\/03\/circulaire-le-ministre-de-linterieur-jean-baptiste-tine-repond-aux-maires\/#primaryimage\"},\"image\":{\"@id\":\"https:\/\/www.public.sn\/index.php\/2024\/07\/03\/circulaire-le-ministre-de-linterieur-jean-baptiste-tine-repond-aux-maires\/#primaryimage\"},\"thumbnailUrl\":\"https:\/\/www.public.sn\/wp-content\/uploads\/2024\/07\/1712648169767-860x645-1.jpg\",\"datePublished\":\"2024-07-03T13:21:45+00:00\",\"breadcrumb\":{\"@id\":\"https:\/\/www.public.sn\/index.php\/2024\/07\/03\/circulaire-le-ministre-de-linterieur-jean-baptiste-tine-repond-aux-maires\/#breadcrumb\"},\"inLanguage\":\"fr-FR\",\"potentialAction\":[{\"@type\":\"ReadAction\",\"target\":[\"https:\/\/www.public.sn\/index.php\/2024\/07\/03\/circulaire-le-ministre-de-linterieur-jean-baptiste-tine-repond-aux-maires\/\"]}]},{\"@type\":\"ImageObject\",\"inLanguage\":\"fr-FR\",\"@id\":\"https:\/\/www.public.sn\/index.php\/2024\/07\/03\/circulaire-le-ministre-de-linterieur-jean-baptiste-tine-repond-aux-maires\/#primaryimage\",\"url\":\"https:\/\/www.public.sn\/wp-content\/uploads\/2024\/07\/1712648169767-860x645-1.jpg\",\"contentUrl\":\"https:\/\/www.public.sn\/wp-content\/uploads\/2024\/07\/1712648169767-860x645-1.jpg\",\"width\":860,\"height\":645},{\"@type\":\"BreadcrumbList\",\"@id\":\"https:\/\/www.public.sn\/index.php\/2024\/07\/03\/circulaire-le-ministre-de-linterieur-jean-baptiste-tine-repond-aux-maires\/#breadcrumb\",\"itemListElement\":[{\"@type\":\"ListItem\",\"position\":1,\"name\":\"Accueil\",\"item\":\"https:\/\/www.public.sn\/\"},{\"@type\":\"ListItem\",\"position\":2,\"name\":\"Circulaire: le ministre de l&rsquo;int\u00e9rieur Jean Baptiste Tine r\u00e9pond aux maires\"}]},{\"@type\":\"WebSite\",\"@id\":\"https:\/\/www.public.sn\/#website\",\"url\":\"https:\/\/www.public.sn\/\",\"name\":\"LE PUBLIC\",\"description\":\"\",\"publisher\":{\"@id\":\"https:\/\/www.public.sn\/#organization\"},\"potentialAction\":[{\"@type\":\"SearchAction\",\"target\":{\"@type\":\"EntryPoint\",\"urlTemplate\":\"https:\/\/www.public.sn\/?s={search_term_string}\"},\"query-input\":{\"@type\":\"PropertyValueSpecification\",\"valueRequired\":true,\"valueName\":\"search_term_string\"}}],\"inLanguage\":\"fr-FR\"},{\"@type\":\"Organization\",\"@id\":\"https:\/\/www.public.sn\/#organization\",\"name\":\"LE PUBLIC\",\"url\":\"https:\/\/www.public.sn\/\",\"logo\":{\"@type\":\"ImageObject\",\"inLanguage\":\"fr-FR\",\"@id\":\"https:\/\/www.public.sn\/#\/schema\/logo\/image\/\",\"url\":\"https:\/\/www.public.sn\/wp-content\/uploads\/2024\/05\/cropped-LOGO-PUBLIC.SN_.png\",\"contentUrl\":\"https:\/\/www.public.sn\/wp-content\/uploads\/2024\/05\/cropped-LOGO-PUBLIC.SN_.png\",\"width\":682,\"height\":192,\"caption\":\"LE PUBLIC\"},\"image\":{\"@id\":\"https:\/\/www.public.sn\/#\/schema\/logo\/image\/\"}},{\"@type\":\"Person\",\"@id\":\"https:\/\/www.public.sn\/#\/schema\/person\/f77cd9ce05d8fb925eb038378ee6899d\",\"name\":\"Baye Amath THIAM\",\"image\":{\"@type\":\"ImageObject\",\"inLanguage\":\"fr-FR\",\"@id\":\"https:\/\/www.public.sn\/#\/schema\/person\/image\/\",\"url\":\"https:\/\/secure.gravatar.com\/avatar\/7eb863ef1336b6f8a2ad921469701e52f094a61c698fab02f5af742ed813612d?s=96&d=mm&r=g\",\"contentUrl\":\"https:\/\/secure.gravatar.com\/avatar\/7eb863ef1336b6f8a2ad921469701e52f094a61c698fab02f5af742ed813612d?s=96&d=mm&r=g\",\"caption\":\"Baye Amath THIAM\"},\"url\":\"https:\/\/www.public.sn\/index.php\/author\/thiamba24\/\"}]}<\/script>\n<!-- \/ Yoast SEO plugin. -->","yoast_head_json":{"title":"Circulaire: le ministre de l'int\u00e9rieur Jean Baptiste Tine r\u00e9pond aux maires - LE PUBLIC","robots":{"index":"index","follow":"follow","max-snippet":"max-snippet:-1","max-image-preview":"max-image-preview:large","max-video-preview":"max-video-preview:-1"},"canonical":"https:\/\/www.public.sn\/index.php\/2024\/07\/03\/circulaire-le-ministre-de-linterieur-jean-baptiste-tine-repond-aux-maires\/","og_locale":"fr_FR","og_type":"article","og_title":"Circulaire: le ministre de l'int\u00e9rieur Jean Baptiste Tine r\u00e9pond aux maires - LE PUBLIC","og_description":"Le ministre de l\u2019Int\u00e9rieur, le G\u00e9n\u00e9ral Jean Baptiste Tine, a apport\u00e9 des \u00e9claircissements conernant la pol\u00e9mique autour de sa circulaire adress\u00e9e aux autorit\u00e9s administratives et dans laquelle il leur demande de proc\u00e9der au d\u00e9sencombrement de la voie publique. Selon lui, ledit document n&rsquo;\u00e9tait pas destin\u00e9 aux maires. Lors d\u2019une rencontre \u00e0 la Primature le 2 juillet 2024 avec les commer\u00e7ants, les habitants de Colobane et les chefs de quartier, Jean Baptiste Tine a expliqu\u00e9 que sa circulaire du 7 mai 2024 \u00e9tait en fait destin\u00e9e aux autorit\u00e9s administratives. \u00ab Ma circulaire s\u2019adressait aux autorit\u00e9s administratives. Est-ce qu&rsquo;il y a eu des probl\u00e8mes au niveau de Rufisque ? Il n&rsquo;y a pas beaucoup de probl\u00e8mes \u00e0 Rufisque parce que le truc \u00e9tait bien encadr\u00e9. Je pense que vous avez d&rsquo;autres probl\u00e8mes \u00e0 Colobane et tout le monde s&rsquo;est engouffr\u00e9 dedans. Et ce n&rsquo;est pas tr\u00e8s bien \u00bb, a-t-il soulign\u00e9. Avant d&rsquo;ajouter : \u00ab C&rsquo;est la premi\u00e8re fois que je vois un maire qui n&rsquo;est pas destinataire d&rsquo;une circulaire qui dit que c&rsquo;est le ministre de l&rsquo;Int\u00e9rieur qui m&rsquo;a charg\u00e9 de le faire. Le ministre de l&rsquo;Int\u00e9rieur ne sugg\u00e8re rien aux maires. Parce qu&rsquo;il y a ce qu&rsquo;on appelle des pouvoirs d\u00e9centralis\u00e9es \u00bb. Cette d\u00e9claration survient apr\u00e8s que le Premier ministre Ousmane Sonko a inform\u00e9 ne pas avoir \u00e9t\u00e9 au courant de ladite circulaire, bien que celle-ci ait \u00e9t\u00e9 largement diffus\u00e9e le 7 mai dernier. Pour rappel, depuis quelque temps, les mairies de la capitale dakaroise et le pr\u00e9fet de Dakar proc\u00e8dent \u00e0 des d\u00e9guerpissements des marchands ambulants qui occupent la voie publique. \u00c0 Colobane, les op\u00e9rations men\u00e9es depuis lundi dernier ont d\u00e9log\u00e9 des centaines de marchands ambulants.","og_url":"https:\/\/www.public.sn\/index.php\/2024\/07\/03\/circulaire-le-ministre-de-linterieur-jean-baptiste-tine-repond-aux-maires\/","og_site_name":"LE PUBLIC","article_published_time":"2024-07-03T13:21:45+00:00","og_image":[{"width":860,"height":645,"url":"https:\/\/www.public.sn\/wp-content\/uploads\/2024\/07\/1712648169767-860x645-1.jpg","type":"image\/jpeg"}],"author":"Baye Amath THIAM","twitter_card":"summary_large_image","twitter_misc":{"\u00c9crit par":"Baye Amath THIAM","Dur\u00e9e de lecture estim\u00e9e":"1 minute"},"schema":{"@context":"https:\/\/schema.org","@graph":[{"@type":"Article","@id":"https:\/\/www.public.sn\/index.php\/2024\/07\/03\/circulaire-le-ministre-de-linterieur-jean-baptiste-tine-repond-aux-maires\/#article","isPartOf":{"@id":"https:\/\/www.public.sn\/index.php\/2024\/07\/03\/circulaire-le-ministre-de-linterieur-jean-baptiste-tine-repond-aux-maires\/"},"author":{"name":"Baye Amath THIAM","@id":"https:\/\/www.public.sn\/#\/schema\/person\/f77cd9ce05d8fb925eb038378ee6899d"},"headline":"Circulaire: le ministre de l&rsquo;int\u00e9rieur Jean Baptiste Tine r\u00e9pond aux maires","datePublished":"2024-07-03T13:21:45+00:00","mainEntityOfPage":{"@id":"https:\/\/www.public.sn\/index.php\/2024\/07\/03\/circulaire-le-ministre-de-linterieur-jean-baptiste-tine-repond-aux-maires\/"},"wordCount":308,"commentCount":0,"publisher":{"@id":"https:\/\/www.public.sn\/#organization"},"image":{"@id":"https:\/\/www.public.sn\/index.php\/2024\/07\/03\/circulaire-le-ministre-de-linterieur-jean-baptiste-tine-repond-aux-maires\/#primaryimage"},"thumbnailUrl":"https:\/\/www.public.sn\/wp-content\/uploads\/2024\/07\/1712648169767-860x645-1.jpg","keywords":["Circulaire","colobane","Jean Baptiste Tine","Ministre de l'interieur","Ousmane Sonko"],"articleSection":["ACTUALIT\u00c9S","COMMUNIQU\u00c9","\u00c9CONOMIE","justice","M\u00c9DIAS","POLITIQUE","S\u00c9CURIT\u00c9 &amp; JUSTICE","S\u00c9N\u00c9GAL","SOCIETE"],"inLanguage":"fr-FR","potentialAction":[{"@type":"CommentAction","name":"Comment","target":["https:\/\/www.public.sn\/index.php\/2024\/07\/03\/circulaire-le-ministre-de-linterieur-jean-baptiste-tine-repond-aux-maires\/#respond"]}]},{"@type":"WebPage","@id":"https:\/\/www.public.sn\/index.php\/2024\/07\/03\/circulaire-le-ministre-de-linterieur-jean-baptiste-tine-repond-aux-maires\/","url":"https:\/\/www.public.sn\/index.php\/2024\/07\/03\/circulaire-le-ministre-de-linterieur-jean-baptiste-tine-repond-aux-maires\/","name":"Circulaire: le ministre de l'int\u00e9rieur Jean Baptiste Tine r\u00e9pond aux maires - LE PUBLIC","isPartOf":{"@id":"https:\/\/www.public.sn\/#website"},"primaryImageOfPage":{"@id":"https:\/\/www.public.sn\/index.php\/2024\/07\/03\/circulaire-le-ministre-de-linterieur-jean-baptiste-tine-repond-aux-maires\/#primaryimage"},"image":{"@id":"https:\/\/www.public.sn\/index.php\/2024\/07\/03\/circulaire-le-ministre-de-linterieur-jean-baptiste-tine-repond-aux-maires\/#primaryimage"},"thumbnailUrl":"https:\/\/www.public.sn\/wp-content\/uploads\/2024\/07\/1712648169767-860x645-1.jpg","datePublished":"2024-07-03T13:21:45+00:00","breadcrumb":{"@id":"https:\/\/www.public.sn\/index.php\/2024\/07\/03\/circulaire-le-ministre-de-linterieur-jean-baptiste-tine-repond-aux-maires\/#breadcrumb"},"inLanguage":"fr-FR","potentialAction":[{"@type":"ReadAction","target":["https:\/\/www.public.sn\/index.php\/2024\/07\/03\/circulaire-le-ministre-de-linterieur-jean-baptiste-tine-repond-aux-maires\/"]}]},{"@type":"ImageObject","inLanguage":"fr-FR","@id":"https:\/\/www.public.sn\/index.php\/2024\/07\/03\/circulaire-le-ministre-de-linterieur-jean-baptiste-tine-repond-aux-maires\/#primaryimage","url":"https:\/\/www.public.sn\/wp-content\/uploads\/2024\/07\/1712648169767-860x645-1.jpg","contentUrl":"https:\/\/www.public.sn\/wp-content\/uploads\/2024\/07\/1712648169767-860x645-1.jpg","width":860,"height":645},{"@type":"BreadcrumbList","@id":"https:\/\/www.public.sn\/index.php\/2024\/07\/03\/circulaire-le-ministre-de-linterieur-jean-baptiste-tine-repond-aux-maires\/#breadcrumb","itemListElement":[{"@type":"ListItem","position":1,"name":"Accueil","item":"https:\/\/www.public.sn\/"},{"@type":"ListItem","position":2,"name":"Circulaire: le ministre de l&rsquo;int\u00e9rieur Jean Baptiste Tine r\u00e9pond aux maires"}]},{"@type":"WebSite","@id":"https:\/\/www.public.sn\/#website","url":"https:\/\/www.public.sn\/","name":"LE PUBLIC","description":"","publisher":{"@id":"https:\/\/www.public.sn\/#organization"},"potentialAction":[{"@type":"SearchAction","target":{"@type":"EntryPoint","urlTemplate":"https:\/\/www.public.sn\/?s={search_term_string}"},"query-input":{"@type":"PropertyValueSpecification","valueRequired":true,"valueName":"search_term_string"}}],"inLanguage":"fr-FR"},{"@type":"Organization","@id":"https:\/\/www.public.sn\/#organization","name":"LE PUBLIC","url":"https:\/\/www.public.sn\/","logo":{"@type":"ImageObject","inLanguage":"fr-FR","@id":"https:\/\/www.public.sn\/#\/schema\/logo\/image\/","url":"https:\/\/www.public.sn\/wp-content\/uploads\/2024\/05\/cropped-LOGO-PUBLIC.SN_.png","contentUrl":"https:\/\/www.public.sn\/wp-content\/uploads\/2024\/05\/cropped-LOGO-PUBLIC.SN_.png","width":682,"height":192,"caption":"LE PUBLIC"},"image":{"@id":"https:\/\/www.public.sn\/#\/schema\/logo\/image\/"}},{"@type":"Person","@id":"https:\/\/www.public.sn\/#\/schema\/person\/f77cd9ce05d8fb925eb038378ee6899d","name":"Baye Amath THIAM","image":{"@type":"ImageObject","inLanguage":"fr-FR","@id":"https:\/\/www.public.sn\/#\/schema\/person\/image\/","url":"https:\/\/secure.gravatar.com\/avatar\/7eb863ef1336b6f8a2ad921469701e52f094a61c698fab02f5af742ed813612d?s=96&d=mm&r=g","contentUrl":"https:\/\/secure.gravatar.com\/avatar\/7eb863ef1336b6f8a2ad921469701e52f094a61c698fab02f5af742ed813612d?s=96&d=mm&r=g","caption":"Baye Amath THIAM"},"url":"https:\/\/www.public.sn\/index.php\/author\/thiamba24\/"}]}},"jetpack_featured_media_url":"https:\/\/www.public.sn\/wp-content\/uploads\/2024\/07\/1712648169767-860x645-1.jpg","jetpack_sharing_enabled":true,"_links":{"self":[{"href":"https:\/\/www.public.sn\/index.php\/wp-json\/wp\/v2\/posts\/33773","targetHints":{"allow":["GET"]}}],"collection":[{"href":"https:\/\/www.public.sn\/index.php\/wp-json\/wp\/v2\/posts"}],"about":[{"href":"https:\/\/www.public.sn\/index.php\/wp-json\/wp\/v2\/types\/post"}],"author":[{"embeddable":true,"href":"https:\/\/www.public.sn\/index.php\/wp-json\/wp\/v2\/users\/15"}],"replies":[{"embeddable":true,"href":"https:\/\/www.public.sn\/index.php\/wp-json\/wp\/v2\/comments?post=33773"}],"version-history":[{"count":1,"href":"https:\/\/www.public.sn\/index.php\/wp-json\/wp\/v2\/posts\/33773\/revisions"}],"predecessor-version":[{"id":33777,"href":"https:\/\/www.public.sn\/index.php\/wp-json\/wp\/v2\/posts\/33773\/revisions\/33777"}],"wp:featuredmedia":[{"embeddable":true,"href":"https:\/\/www.public.sn\/index.php\/wp-json\/wp\/v2\/media\/33774"}],"wp:attachment":[{"href":"https:\/\/www.public.sn\/index.php\/wp-json\/wp\/v2\/media?parent=33773"}],"wp:term":[{"taxonomy":"category","embeddable":true,"href":"https:\/\/www.public.sn\/index.php\/wp-json\/wp\/v2\/categories?post=33773"},{"taxonomy":"post_tag","embeddable":true,"href":"https:\/\/www.public.sn\/index.php\/wp-json\/wp\/v2\/tags?post=33773"}],"curies":[{"name":"wp","href":"https:\/\/api.w.org\/{rel}","templated":true}]}}