{"id":33785,"date":"2024-07-03T14:27:17","date_gmt":"2024-07-03T14:27:17","guid":{"rendered":"https:\/\/www.public.sn\/?p=33785"},"modified":"2024-07-03T14:27:17","modified_gmt":"2024-07-03T14:27:17","slug":"reponse-dousmane-sonko-aux-marchands-ambulants-nous-ne-naccepterons-pas-de-pression","status":"publish","type":"post","link":"https:\/\/www.public.sn\/index.php\/2024\/07\/03\/reponse-dousmane-sonko-aux-marchands-ambulants-nous-ne-naccepterons-pas-de-pression\/","title":{"rendered":"R\u00e9ponse d&rsquo;Ousmane Sonko aux marchands ambulants \u00ab\u00a0nous ne n&rsquo;accepterons pas de pression\u00a0\u00bb"},"content":{"rendered":"<p>Le Premier ministre Ousmane Sonko a re\u00e7u mardi 2 juillet, \u00e0 la Primature, une d\u00e9l\u00e9gation de commer\u00e7ants et d&rsquo;habitants de la Commune de Colobane (Dakar). Le chef du gouvernement leur a demand\u00e9 plus de temps pour r\u00e9gler le probl\u00e8me des d\u00e9sencombrements. Par contre, il a clairement indiqu\u00e9 aux marchands ambulants qu\u2019il n\u2019acceptera pas de pression.<\/p><div class=\"publi-paragraphe1\" style=\"margin-top: 10px;margin-bottom: 10px;margin-left: auto;margin-right: auto;text-align: center;\" id=\"publi-3690687914\"><div class=\"publi-adlabel\">Publicit\u00e9<\/div><script async src=\"\/\/pagead2.googlesyndication.com\/pagead\/js\/adsbygoogle.js?client=ca-pub-4089586018074219\" crossorigin=\"anonymous\"><\/script><ins class=\"adsbygoogle\" style=\"display:block;\" data-ad-client=\"ca-pub-4089586018074219\" \ndata-ad-slot=\"2087940154\" \ndata-ad-format=\"auto\"><\/ins>\n<script> \n(adsbygoogle = window.adsbygoogle || []).push({}); \n<\/script>\n<\/div>\n<p>\u00ab Il faut savoir g\u00e9rer une situation. Notre \u00e9quipe vient d\u2019\u00eatre install\u00e9e alors il nous faut du temps pour mettre en place un bon programme pour pouvoir d\u00e9rouler. Nous sommes dans un pays qui a toujours subit des pressions. Nous n\u2019allons pas accepter cela. Le gouvernement n\u2019est pas dans une dynamique \u00e9lectoraliste. Un mandat rel\u00e8ve de l\u2019ordre divin \u00bb, a d\u00e9clar\u00e9 Ousmane Sonko.<\/p>\n<p>A cet effet, le chef du gouvernement se veut ferme sur la question : \u00ab Ce qui est sur, d\u2019ailleurs, nous avons donn\u00e9 des instructions. Nous ne laisserons personne occuper les espaces publics. D\u2019une mani\u00e8re anarchique \u00bb.  <\/p>\n<p>Autour d&rsquo;une table, les \u00e9changes ont port\u00e9 sur les solutions globales \u00e0 apporter aux enjeux du march\u00e9 et du cadre de vie. Apr\u00e8s sa descente sur le terrain Colobane reste toujours dans le panier du gouvernement.   <\/p>\n<div class=\"publi-apres-le-contenu\" style=\"margin-top: 10px;margin-bottom: 10px;margin-left: auto;margin-right: auto;text-align: center;\" id=\"publi-2920653078\"><div class=\"publi-adlabel\">Publicit\u00e9<\/div><script async src=\"\/\/pagead2.googlesyndication.com\/pagead\/js\/adsbygoogle.js?client=ca-pub-4089586018074219\" crossorigin=\"anonymous\"><\/script><ins class=\"adsbygoogle\" style=\"display:block;\" data-ad-client=\"ca-pub-4089586018074219\" \ndata-ad-slot=\"2087940154\" \ndata-ad-format=\"auto\"><\/ins>\n<script> \n(adsbygoogle = window.adsbygoogle || []).push({}); \n<\/script>\n<\/div>","protected":false},"excerpt":{"rendered":"<p>Le Premier ministre Ousmane Sonko a re\u00e7u mardi 2 juillet, \u00e0 la Primature, une d\u00e9l\u00e9gation de commer\u00e7ants et d&rsquo;habitants de la Commune de Colobane (Dakar). Le chef du gouvernement leur a demand\u00e9 plus de temps pour r\u00e9gler le probl\u00e8me des d\u00e9sencombrements. Par contre, il a clairement indiqu\u00e9 aux marchands ambulants qu\u2019il n\u2019acceptera pas de pression. \u00ab Il faut savoir g\u00e9rer une situation. Notre \u00e9quipe vient d\u2019\u00eatre install\u00e9e alors il nous faut du temps pour mettre en place un bon programme pour pouvoir d\u00e9rouler. Nous sommes dans un pays qui a toujours subit des pressions. Nous n\u2019allons pas accepter cela. Le gouvernement n\u2019est pas dans une dynamique \u00e9lectoraliste. Un mandat rel\u00e8ve de l\u2019ordre divin \u00bb, a d\u00e9clar\u00e9 Ousmane Sonko. A cet effet, le chef du gouvernement se veut ferme sur la question : \u00ab Ce qui est sur, d\u2019ailleurs, nous avons donn\u00e9 des instructions. Nous ne laisserons personne occuper les espaces publics. D\u2019une mani\u00e8re anarchique \u00bb. Autour d&rsquo;une table, les \u00e9changes ont port\u00e9 sur les solutions globales \u00e0 apporter aux enjeux du march\u00e9 et du cadre de vie. Apr\u00e8s sa descente sur le terrain Colobane reste toujours dans le panier du gouvernement.<\/p>\n","protected":false},"author":15,"featured_media":33786,"comment_status":"open","ping_status":"open","sticky":false,"template":"","format":"standard","meta":{"_jetpack_memberships_contains_paid_content":false,"footnotes":""},"categories":[375,550,549,376,1,4,1052],"tags":[6310,6315,6314,6312,6316,6070,6313,6309,6311],"class_list":["post-33785","post","type-post","status-publish","format-standard","has-post-thumbnail","hentry","category-actualites","category-afrique-monde","category-economie","category-securite-justice","category-non-classe","category-societe","category-transport","tag-a-la-primature","tag-aux-marchands-ambulants-quil-nacceptera-pas-de-pression","tag-il-a-clairement-indique-aux-marchands-ambulants","tag-le-chef-du-gouvernement-leur-a-demande-plus-de-temps-pour-regler-le-probleme-des-desencombrements","tag-le-chef-du-gouvernement-se-veut-ferme-sur-la-question","tag-le-premier-ministre-ousmane-sonko","tag-par-contre","tag-sonko-a-recu-mardi-2-juillet","tag-une-delegation-de-commercants-et-dhabitants-de-la-commune-de-colobane-dakar","entry","has-media","owp-thumbs-layout-horizontal","owp-btn-normal","owp-tabs-layout-horizontal","has-no-thumbnails","has-product-nav"],"yoast_head":"<!-- This site is optimized with the Yoast SEO plugin v25.5 - https:\/\/yoast.com\/wordpress\/plugins\/seo\/ -->\n<title>R\u00e9ponse d&#039;Ousmane Sonko aux marchands ambulants &quot;nous ne n&#039;accepterons pas de pression&quot; - LE PUBLIC<\/title>\n<meta name=\"robots\" content=\"index, follow, max-snippet:-1, max-image-preview:large, max-video-preview:-1\" \/>\n<link rel=\"canonical\" href=\"https:\/\/www.public.sn\/index.php\/2024\/07\/03\/reponse-dousmane-sonko-aux-marchands-ambulants-nous-ne-naccepterons-pas-de-pression\/\" \/>\n<meta property=\"og:locale\" content=\"fr_FR\" \/>\n<meta property=\"og:type\" content=\"article\" \/>\n<meta property=\"og:title\" content=\"R\u00e9ponse d&#039;Ousmane Sonko aux marchands ambulants &quot;nous ne n&#039;accepterons pas de pression&quot; - LE PUBLIC\" \/>\n<meta property=\"og:description\" content=\"Le Premier ministre Ousmane Sonko a re\u00e7u mardi 2 juillet, \u00e0 la Primature, une d\u00e9l\u00e9gation de commer\u00e7ants et d&rsquo;habitants de la Commune de Colobane (Dakar). Le chef du gouvernement leur a demand\u00e9 plus de temps pour r\u00e9gler le probl\u00e8me des d\u00e9sencombrements. Par contre, il a clairement indiqu\u00e9 aux marchands ambulants qu\u2019il n\u2019acceptera pas de pression. \u00ab Il faut savoir g\u00e9rer une situation. Notre \u00e9quipe vient d\u2019\u00eatre install\u00e9e alors il nous faut du temps pour mettre en place un bon programme pour pouvoir d\u00e9rouler. Nous sommes dans un pays qui a toujours subit des pressions. Nous n\u2019allons pas accepter cela. Le gouvernement n\u2019est pas dans une dynamique \u00e9lectoraliste. Un mandat rel\u00e8ve de l\u2019ordre divin \u00bb, a d\u00e9clar\u00e9 Ousmane Sonko. A cet effet, le chef du gouvernement se veut ferme sur la question : \u00ab Ce qui est sur, d\u2019ailleurs, nous avons donn\u00e9 des instructions. Nous ne laisserons personne occuper les espaces publics. D\u2019une mani\u00e8re anarchique \u00bb. Autour d&rsquo;une table, les \u00e9changes ont port\u00e9 sur les solutions globales \u00e0 apporter aux enjeux du march\u00e9 et du cadre de vie. Apr\u00e8s sa descente sur le terrain Colobane reste toujours dans le panier du gouvernement.\" \/>\n<meta property=\"og:url\" content=\"https:\/\/www.public.sn\/index.php\/2024\/07\/03\/reponse-dousmane-sonko-aux-marchands-ambulants-nous-ne-naccepterons-pas-de-pression\/\" \/>\n<meta property=\"og:site_name\" content=\"LE PUBLIC\" \/>\n<meta property=\"article:published_time\" content=\"2024-07-03T14:27:17+00:00\" \/>\n<meta property=\"og:image\" content=\"https:\/\/www.public.sn\/wp-content\/uploads\/2024\/07\/FofQkZjWAAIWh7y.jpg\" \/>\n\t<meta property=\"og:image:width\" content=\"1024\" \/>\n\t<meta property=\"og:image:height\" content=\"576\" \/>\n\t<meta property=\"og:image:type\" content=\"image\/jpeg\" \/>\n<meta name=\"author\" content=\"Baye Amath THIAM\" \/>\n<meta name=\"twitter:card\" content=\"summary_large_image\" \/>\n<meta name=\"twitter:label1\" content=\"\u00c9crit par\" \/>\n\t<meta name=\"twitter:data1\" content=\"Baye Amath THIAM\" \/>\n\t<meta name=\"twitter:label2\" content=\"Dur\u00e9e de lecture estim\u00e9e\" \/>\n\t<meta name=\"twitter:data2\" content=\"1 minute\" \/>\n<script type=\"application\/ld+json\" class=\"yoast-schema-graph\">{\"@context\":\"https:\/\/schema.org\",\"@graph\":[{\"@type\":\"Article\",\"@id\":\"https:\/\/www.public.sn\/index.php\/2024\/07\/03\/reponse-dousmane-sonko-aux-marchands-ambulants-nous-ne-naccepterons-pas-de-pression\/#article\",\"isPartOf\":{\"@id\":\"https:\/\/www.public.sn\/index.php\/2024\/07\/03\/reponse-dousmane-sonko-aux-marchands-ambulants-nous-ne-naccepterons-pas-de-pression\/\"},\"author\":{\"name\":\"Baye Amath THIAM\",\"@id\":\"https:\/\/www.public.sn\/#\/schema\/person\/f77cd9ce05d8fb925eb038378ee6899d\"},\"headline\":\"R\u00e9ponse d&rsquo;Ousmane Sonko aux marchands ambulants \u00ab\u00a0nous ne n&rsquo;accepterons pas de pression\u00a0\u00bb\",\"datePublished\":\"2024-07-03T14:27:17+00:00\",\"mainEntityOfPage\":{\"@id\":\"https:\/\/www.public.sn\/index.php\/2024\/07\/03\/reponse-dousmane-sonko-aux-marchands-ambulants-nous-ne-naccepterons-pas-de-pression\/\"},\"wordCount\":218,\"commentCount\":0,\"publisher\":{\"@id\":\"https:\/\/www.public.sn\/#organization\"},\"image\":{\"@id\":\"https:\/\/www.public.sn\/index.php\/2024\/07\/03\/reponse-dousmane-sonko-aux-marchands-ambulants-nous-ne-naccepterons-pas-de-pression\/#primaryimage\"},\"thumbnailUrl\":\"https:\/\/www.public.sn\/wp-content\/uploads\/2024\/07\/FofQkZjWAAIWh7y.jpg\",\"keywords\":[\"\u00e0 la Primature\",\"aux marchands ambulants qu\u2019il n\u2019acceptera pas de pression.\",\"il a clairement indiqu\u00e9 aux marchands ambulants\",\"Le chef du gouvernement leur a demand\u00e9 plus de temps pour r\u00e9gler le probl\u00e8me des d\u00e9sencombrements.\",\"le chef du gouvernement se veut ferme sur la question\",\"le Premier ministre Ousmane Sonko\",\"Par contre\",\"Sonko a re\u00e7u mardi 2 juillet\",\"une d\u00e9l\u00e9gation de commer\u00e7ants et d'habitants de la Commune de Colobane (Dakar).\"],\"articleSection\":[\"ACTUALIT\u00c9S\",\"AFRIQUE &amp; MONDE\",\"\u00c9CONOMIE\",\"S\u00c9CURIT\u00c9 &amp; JUSTICE\",\"S\u00c9N\u00c9GAL\",\"SOCIETE\",\"TRANSPORT\"],\"inLanguage\":\"fr-FR\",\"potentialAction\":[{\"@type\":\"CommentAction\",\"name\":\"Comment\",\"target\":[\"https:\/\/www.public.sn\/index.php\/2024\/07\/03\/reponse-dousmane-sonko-aux-marchands-ambulants-nous-ne-naccepterons-pas-de-pression\/#respond\"]}]},{\"@type\":\"WebPage\",\"@id\":\"https:\/\/www.public.sn\/index.php\/2024\/07\/03\/reponse-dousmane-sonko-aux-marchands-ambulants-nous-ne-naccepterons-pas-de-pression\/\",\"url\":\"https:\/\/www.public.sn\/index.php\/2024\/07\/03\/reponse-dousmane-sonko-aux-marchands-ambulants-nous-ne-naccepterons-pas-de-pression\/\",\"name\":\"R\u00e9ponse d'Ousmane Sonko aux marchands ambulants \\\"nous ne n'accepterons pas de pression\\\" - LE PUBLIC\",\"isPartOf\":{\"@id\":\"https:\/\/www.public.sn\/#website\"},\"primaryImageOfPage\":{\"@id\":\"https:\/\/www.public.sn\/index.php\/2024\/07\/03\/reponse-dousmane-sonko-aux-marchands-ambulants-nous-ne-naccepterons-pas-de-pression\/#primaryimage\"},\"image\":{\"@id\":\"https:\/\/www.public.sn\/index.php\/2024\/07\/03\/reponse-dousmane-sonko-aux-marchands-ambulants-nous-ne-naccepterons-pas-de-pression\/#primaryimage\"},\"thumbnailUrl\":\"https:\/\/www.public.sn\/wp-content\/uploads\/2024\/07\/FofQkZjWAAIWh7y.jpg\",\"datePublished\":\"2024-07-03T14:27:17+00:00\",\"breadcrumb\":{\"@id\":\"https:\/\/www.public.sn\/index.php\/2024\/07\/03\/reponse-dousmane-sonko-aux-marchands-ambulants-nous-ne-naccepterons-pas-de-pression\/#breadcrumb\"},\"inLanguage\":\"fr-FR\",\"potentialAction\":[{\"@type\":\"ReadAction\",\"target\":[\"https:\/\/www.public.sn\/index.php\/2024\/07\/03\/reponse-dousmane-sonko-aux-marchands-ambulants-nous-ne-naccepterons-pas-de-pression\/\"]}]},{\"@type\":\"ImageObject\",\"inLanguage\":\"fr-FR\",\"@id\":\"https:\/\/www.public.sn\/index.php\/2024\/07\/03\/reponse-dousmane-sonko-aux-marchands-ambulants-nous-ne-naccepterons-pas-de-pression\/#primaryimage\",\"url\":\"https:\/\/www.public.sn\/wp-content\/uploads\/2024\/07\/FofQkZjWAAIWh7y.jpg\",\"contentUrl\":\"https:\/\/www.public.sn\/wp-content\/uploads\/2024\/07\/FofQkZjWAAIWh7y.jpg\",\"width\":1024,\"height\":576},{\"@type\":\"BreadcrumbList\",\"@id\":\"https:\/\/www.public.sn\/index.php\/2024\/07\/03\/reponse-dousmane-sonko-aux-marchands-ambulants-nous-ne-naccepterons-pas-de-pression\/#breadcrumb\",\"itemListElement\":[{\"@type\":\"ListItem\",\"position\":1,\"name\":\"Accueil\",\"item\":\"https:\/\/www.public.sn\/\"},{\"@type\":\"ListItem\",\"position\":2,\"name\":\"R\u00e9ponse d&rsquo;Ousmane Sonko aux marchands ambulants \u00ab\u00a0nous ne n&rsquo;accepterons pas de pression\u00a0\u00bb\"}]},{\"@type\":\"WebSite\",\"@id\":\"https:\/\/www.public.sn\/#website\",\"url\":\"https:\/\/www.public.sn\/\",\"name\":\"LE PUBLIC\",\"description\":\"\",\"publisher\":{\"@id\":\"https:\/\/www.public.sn\/#organization\"},\"potentialAction\":[{\"@type\":\"SearchAction\",\"target\":{\"@type\":\"EntryPoint\",\"urlTemplate\":\"https:\/\/www.public.sn\/?s={search_term_string}\"},\"query-input\":{\"@type\":\"PropertyValueSpecification\",\"valueRequired\":true,\"valueName\":\"search_term_string\"}}],\"inLanguage\":\"fr-FR\"},{\"@type\":\"Organization\",\"@id\":\"https:\/\/www.public.sn\/#organization\",\"name\":\"LE PUBLIC\",\"url\":\"https:\/\/www.public.sn\/\",\"logo\":{\"@type\":\"ImageObject\",\"inLanguage\":\"fr-FR\",\"@id\":\"https:\/\/www.public.sn\/#\/schema\/logo\/image\/\",\"url\":\"https:\/\/www.public.sn\/wp-content\/uploads\/2024\/05\/cropped-LOGO-PUBLIC.SN_.png\",\"contentUrl\":\"https:\/\/www.public.sn\/wp-content\/uploads\/2024\/05\/cropped-LOGO-PUBLIC.SN_.png\",\"width\":682,\"height\":192,\"caption\":\"LE PUBLIC\"},\"image\":{\"@id\":\"https:\/\/www.public.sn\/#\/schema\/logo\/image\/\"}},{\"@type\":\"Person\",\"@id\":\"https:\/\/www.public.sn\/#\/schema\/person\/f77cd9ce05d8fb925eb038378ee6899d\",\"name\":\"Baye Amath THIAM\",\"image\":{\"@type\":\"ImageObject\",\"inLanguage\":\"fr-FR\",\"@id\":\"https:\/\/www.public.sn\/#\/schema\/person\/image\/\",\"url\":\"https:\/\/secure.gravatar.com\/avatar\/7eb863ef1336b6f8a2ad921469701e52f094a61c698fab02f5af742ed813612d?s=96&d=mm&r=g\",\"contentUrl\":\"https:\/\/secure.gravatar.com\/avatar\/7eb863ef1336b6f8a2ad921469701e52f094a61c698fab02f5af742ed813612d?s=96&d=mm&r=g\",\"caption\":\"Baye Amath THIAM\"},\"url\":\"https:\/\/www.public.sn\/index.php\/author\/thiamba24\/\"}]}<\/script>\n<!-- \/ Yoast SEO plugin. -->","yoast_head_json":{"title":"R\u00e9ponse d'Ousmane Sonko aux marchands ambulants \"nous ne n'accepterons pas de pression\" - LE PUBLIC","robots":{"index":"index","follow":"follow","max-snippet":"max-snippet:-1","max-image-preview":"max-image-preview:large","max-video-preview":"max-video-preview:-1"},"canonical":"https:\/\/www.public.sn\/index.php\/2024\/07\/03\/reponse-dousmane-sonko-aux-marchands-ambulants-nous-ne-naccepterons-pas-de-pression\/","og_locale":"fr_FR","og_type":"article","og_title":"R\u00e9ponse d'Ousmane Sonko aux marchands ambulants \"nous ne n'accepterons pas de pression\" - LE PUBLIC","og_description":"Le Premier ministre Ousmane Sonko a re\u00e7u mardi 2 juillet, \u00e0 la Primature, une d\u00e9l\u00e9gation de commer\u00e7ants et d&rsquo;habitants de la Commune de Colobane (Dakar). Le chef du gouvernement leur a demand\u00e9 plus de temps pour r\u00e9gler le probl\u00e8me des d\u00e9sencombrements. Par contre, il a clairement indiqu\u00e9 aux marchands ambulants qu\u2019il n\u2019acceptera pas de pression. \u00ab Il faut savoir g\u00e9rer une situation. Notre \u00e9quipe vient d\u2019\u00eatre install\u00e9e alors il nous faut du temps pour mettre en place un bon programme pour pouvoir d\u00e9rouler. Nous sommes dans un pays qui a toujours subit des pressions. Nous n\u2019allons pas accepter cela. Le gouvernement n\u2019est pas dans une dynamique \u00e9lectoraliste. Un mandat rel\u00e8ve de l\u2019ordre divin \u00bb, a d\u00e9clar\u00e9 Ousmane Sonko. A cet effet, le chef du gouvernement se veut ferme sur la question : \u00ab Ce qui est sur, d\u2019ailleurs, nous avons donn\u00e9 des instructions. Nous ne laisserons personne occuper les espaces publics. D\u2019une mani\u00e8re anarchique \u00bb. Autour d&rsquo;une table, les \u00e9changes ont port\u00e9 sur les solutions globales \u00e0 apporter aux enjeux du march\u00e9 et du cadre de vie. Apr\u00e8s sa descente sur le terrain Colobane reste toujours dans le panier du gouvernement.","og_url":"https:\/\/www.public.sn\/index.php\/2024\/07\/03\/reponse-dousmane-sonko-aux-marchands-ambulants-nous-ne-naccepterons-pas-de-pression\/","og_site_name":"LE PUBLIC","article_published_time":"2024-07-03T14:27:17+00:00","og_image":[{"width":1024,"height":576,"url":"https:\/\/www.public.sn\/wp-content\/uploads\/2024\/07\/FofQkZjWAAIWh7y.jpg","type":"image\/jpeg"}],"author":"Baye Amath THIAM","twitter_card":"summary_large_image","twitter_misc":{"\u00c9crit par":"Baye Amath THIAM","Dur\u00e9e de lecture estim\u00e9e":"1 minute"},"schema":{"@context":"https:\/\/schema.org","@graph":[{"@type":"Article","@id":"https:\/\/www.public.sn\/index.php\/2024\/07\/03\/reponse-dousmane-sonko-aux-marchands-ambulants-nous-ne-naccepterons-pas-de-pression\/#article","isPartOf":{"@id":"https:\/\/www.public.sn\/index.php\/2024\/07\/03\/reponse-dousmane-sonko-aux-marchands-ambulants-nous-ne-naccepterons-pas-de-pression\/"},"author":{"name":"Baye Amath THIAM","@id":"https:\/\/www.public.sn\/#\/schema\/person\/f77cd9ce05d8fb925eb038378ee6899d"},"headline":"R\u00e9ponse d&rsquo;Ousmane Sonko aux marchands ambulants \u00ab\u00a0nous ne n&rsquo;accepterons pas de pression\u00a0\u00bb","datePublished":"2024-07-03T14:27:17+00:00","mainEntityOfPage":{"@id":"https:\/\/www.public.sn\/index.php\/2024\/07\/03\/reponse-dousmane-sonko-aux-marchands-ambulants-nous-ne-naccepterons-pas-de-pression\/"},"wordCount":218,"commentCount":0,"publisher":{"@id":"https:\/\/www.public.sn\/#organization"},"image":{"@id":"https:\/\/www.public.sn\/index.php\/2024\/07\/03\/reponse-dousmane-sonko-aux-marchands-ambulants-nous-ne-naccepterons-pas-de-pression\/#primaryimage"},"thumbnailUrl":"https:\/\/www.public.sn\/wp-content\/uploads\/2024\/07\/FofQkZjWAAIWh7y.jpg","keywords":["\u00e0 la Primature","aux marchands ambulants qu\u2019il n\u2019acceptera pas de pression.","il a clairement indiqu\u00e9 aux marchands ambulants","Le chef du gouvernement leur a demand\u00e9 plus de temps pour r\u00e9gler le probl\u00e8me des d\u00e9sencombrements.","le chef du gouvernement se veut ferme sur la question","le Premier ministre Ousmane Sonko","Par contre","Sonko a re\u00e7u mardi 2 juillet","une d\u00e9l\u00e9gation de commer\u00e7ants et d'habitants de la Commune de Colobane (Dakar)."],"articleSection":["ACTUALIT\u00c9S","AFRIQUE &amp; MONDE","\u00c9CONOMIE","S\u00c9CURIT\u00c9 &amp; JUSTICE","S\u00c9N\u00c9GAL","SOCIETE","TRANSPORT"],"inLanguage":"fr-FR","potentialAction":[{"@type":"CommentAction","name":"Comment","target":["https:\/\/www.public.sn\/index.php\/2024\/07\/03\/reponse-dousmane-sonko-aux-marchands-ambulants-nous-ne-naccepterons-pas-de-pression\/#respond"]}]},{"@type":"WebPage","@id":"https:\/\/www.public.sn\/index.php\/2024\/07\/03\/reponse-dousmane-sonko-aux-marchands-ambulants-nous-ne-naccepterons-pas-de-pression\/","url":"https:\/\/www.public.sn\/index.php\/2024\/07\/03\/reponse-dousmane-sonko-aux-marchands-ambulants-nous-ne-naccepterons-pas-de-pression\/","name":"R\u00e9ponse d'Ousmane Sonko aux marchands ambulants \"nous ne n'accepterons pas de pression\" - LE PUBLIC","isPartOf":{"@id":"https:\/\/www.public.sn\/#website"},"primaryImageOfPage":{"@id":"https:\/\/www.public.sn\/index.php\/2024\/07\/03\/reponse-dousmane-sonko-aux-marchands-ambulants-nous-ne-naccepterons-pas-de-pression\/#primaryimage"},"image":{"@id":"https:\/\/www.public.sn\/index.php\/2024\/07\/03\/reponse-dousmane-sonko-aux-marchands-ambulants-nous-ne-naccepterons-pas-de-pression\/#primaryimage"},"thumbnailUrl":"https:\/\/www.public.sn\/wp-content\/uploads\/2024\/07\/FofQkZjWAAIWh7y.jpg","datePublished":"2024-07-03T14:27:17+00:00","breadcrumb":{"@id":"https:\/\/www.public.sn\/index.php\/2024\/07\/03\/reponse-dousmane-sonko-aux-marchands-ambulants-nous-ne-naccepterons-pas-de-pression\/#breadcrumb"},"inLanguage":"fr-FR","potentialAction":[{"@type":"ReadAction","target":["https:\/\/www.public.sn\/index.php\/2024\/07\/03\/reponse-dousmane-sonko-aux-marchands-ambulants-nous-ne-naccepterons-pas-de-pression\/"]}]},{"@type":"ImageObject","inLanguage":"fr-FR","@id":"https:\/\/www.public.sn\/index.php\/2024\/07\/03\/reponse-dousmane-sonko-aux-marchands-ambulants-nous-ne-naccepterons-pas-de-pression\/#primaryimage","url":"https:\/\/www.public.sn\/wp-content\/uploads\/2024\/07\/FofQkZjWAAIWh7y.jpg","contentUrl":"https:\/\/www.public.sn\/wp-content\/uploads\/2024\/07\/FofQkZjWAAIWh7y.jpg","width":1024,"height":576},{"@type":"BreadcrumbList","@id":"https:\/\/www.public.sn\/index.php\/2024\/07\/03\/reponse-dousmane-sonko-aux-marchands-ambulants-nous-ne-naccepterons-pas-de-pression\/#breadcrumb","itemListElement":[{"@type":"ListItem","position":1,"name":"Accueil","item":"https:\/\/www.public.sn\/"},{"@type":"ListItem","position":2,"name":"R\u00e9ponse d&rsquo;Ousmane Sonko aux marchands ambulants \u00ab\u00a0nous ne n&rsquo;accepterons pas de pression\u00a0\u00bb"}]},{"@type":"WebSite","@id":"https:\/\/www.public.sn\/#website","url":"https:\/\/www.public.sn\/","name":"LE PUBLIC","description":"","publisher":{"@id":"https:\/\/www.public.sn\/#organization"},"potentialAction":[{"@type":"SearchAction","target":{"@type":"EntryPoint","urlTemplate":"https:\/\/www.public.sn\/?s={search_term_string}"},"query-input":{"@type":"PropertyValueSpecification","valueRequired":true,"valueName":"search_term_string"}}],"inLanguage":"fr-FR"},{"@type":"Organization","@id":"https:\/\/www.public.sn\/#organization","name":"LE PUBLIC","url":"https:\/\/www.public.sn\/","logo":{"@type":"ImageObject","inLanguage":"fr-FR","@id":"https:\/\/www.public.sn\/#\/schema\/logo\/image\/","url":"https:\/\/www.public.sn\/wp-content\/uploads\/2024\/05\/cropped-LOGO-PUBLIC.SN_.png","contentUrl":"https:\/\/www.public.sn\/wp-content\/uploads\/2024\/05\/cropped-LOGO-PUBLIC.SN_.png","width":682,"height":192,"caption":"LE PUBLIC"},"image":{"@id":"https:\/\/www.public.sn\/#\/schema\/logo\/image\/"}},{"@type":"Person","@id":"https:\/\/www.public.sn\/#\/schema\/person\/f77cd9ce05d8fb925eb038378ee6899d","name":"Baye Amath THIAM","image":{"@type":"ImageObject","inLanguage":"fr-FR","@id":"https:\/\/www.public.sn\/#\/schema\/person\/image\/","url":"https:\/\/secure.gravatar.com\/avatar\/7eb863ef1336b6f8a2ad921469701e52f094a61c698fab02f5af742ed813612d?s=96&d=mm&r=g","contentUrl":"https:\/\/secure.gravatar.com\/avatar\/7eb863ef1336b6f8a2ad921469701e52f094a61c698fab02f5af742ed813612d?s=96&d=mm&r=g","caption":"Baye Amath THIAM"},"url":"https:\/\/www.public.sn\/index.php\/author\/thiamba24\/"}]}},"jetpack_featured_media_url":"https:\/\/www.public.sn\/wp-content\/uploads\/2024\/07\/FofQkZjWAAIWh7y.jpg","jetpack_sharing_enabled":true,"_links":{"self":[{"href":"https:\/\/www.public.sn\/index.php\/wp-json\/wp\/v2\/posts\/33785","targetHints":{"allow":["GET"]}}],"collection":[{"href":"https:\/\/www.public.sn\/index.php\/wp-json\/wp\/v2\/posts"}],"about":[{"href":"https:\/\/www.public.sn\/index.php\/wp-json\/wp\/v2\/types\/post"}],"author":[{"embeddable":true,"href":"https:\/\/www.public.sn\/index.php\/wp-json\/wp\/v2\/users\/15"}],"replies":[{"embeddable":true,"href":"https:\/\/www.public.sn\/index.php\/wp-json\/wp\/v2\/comments?post=33785"}],"version-history":[{"count":1,"href":"https:\/\/www.public.sn\/index.php\/wp-json\/wp\/v2\/posts\/33785\/revisions"}],"predecessor-version":[{"id":33787,"href":"https:\/\/www.public.sn\/index.php\/wp-json\/wp\/v2\/posts\/33785\/revisions\/33787"}],"wp:featuredmedia":[{"embeddable":true,"href":"https:\/\/www.public.sn\/index.php\/wp-json\/wp\/v2\/media\/33786"}],"wp:attachment":[{"href":"https:\/\/www.public.sn\/index.php\/wp-json\/wp\/v2\/media?parent=33785"}],"wp:term":[{"taxonomy":"category","embeddable":true,"href":"https:\/\/www.public.sn\/index.php\/wp-json\/wp\/v2\/categories?post=33785"},{"taxonomy":"post_tag","embeddable":true,"href":"https:\/\/www.public.sn\/index.php\/wp-json\/wp\/v2\/tags?post=33785"}],"curies":[{"name":"wp","href":"https:\/\/api.w.org\/{rel}","templated":true}]}}