{"id":33796,"date":"2024-07-04T10:55:40","date_gmt":"2024-07-04T10:55:40","guid":{"rendered":"https:\/\/www.public.sn\/?p=33796"},"modified":"2024-07-04T10:56:02","modified_gmt":"2024-07-04T10:56:02","slug":"assemblee-nationale-le-pds-introduit-une-demande-pour-la-modification-du-reglement-et-restaure-le-poste-du-pm","status":"publish","type":"post","link":"https:\/\/www.public.sn\/index.php\/2024\/07\/04\/assemblee-nationale-le-pds-introduit-une-demande-pour-la-modification-du-reglement-et-restaure-le-poste-du-pm\/","title":{"rendered":"Assembl\u00e9e nationale : Le PDS introduit une demande pour la modification du r\u00e8glement et restaure le poste du PM"},"content":{"rendered":"<p>Des sapeurs-pompiers sont entr\u00e9s en jeu \u00e0 Assembl\u00e9e nationale, pour temp\u00e9rer les ardeurs et faire baisser la tension. Il s\u2019agit des d\u00e9put\u00e9s du PDS, qui ont introduit une demande d\u2019examen modifiant le r\u00e8glement et restaurant le poste du Premier Ministre.<\/p><div class=\"publi-paragraphe1\" style=\"margin-top: 10px;margin-bottom: 10px;margin-left: auto;margin-right: auto;text-align: center;\" id=\"publi-959977162\"><div class=\"publi-adlabel\">Publicit\u00e9<\/div><script async src=\"\/\/pagead2.googlesyndication.com\/pagead\/js\/adsbygoogle.js?client=ca-pub-4089586018074219\" crossorigin=\"anonymous\"><\/script><ins class=\"adsbygoogle\" style=\"display:block;\" data-ad-client=\"ca-pub-4089586018074219\" \ndata-ad-slot=\"2087940154\" \ndata-ad-format=\"auto\"><\/ins>\n<script> \n(adsbygoogle = window.adsbygoogle || []).push({}); \n<\/script>\n<\/div>\n<p>\u00ab Avec deux autres d\u00e9put\u00e9s, les Honorables Ibrahima Diop et Abo Thiam, nous venons de d\u00e9poser une demande d\u2019examen d\u2019une proposition de loi modifiant et compl\u00e9tant le r\u00e8glement int\u00e9rieur, afin de r\u00e9actualiser le RI, quant \u00e0 la restauration du poste de Premier ministre \u00bb, nous informe une note parvenue au Groupe PUBLIC SN.<\/p>\n<p>Voici la lettre dans son int\u00e9gralit\u00e9, adress\u00e9e au pr\u00e9sident de l\u2019Assembl\u00e9e nationale, Amadou Mame Diop.<\/p>\n<p>\u00c0<br \/>\nMonsieur Amadou Mame Diop<br \/>\nPr\u00e9sident de l\u2019Assembl\u00e9e nationale<\/p>\n<p>Objet : examen d\u2019une proposition de loi organique<\/p>\n<p>Monsieur le Pr\u00e9sident,<br \/>\nJe vous fais parvenir, ci-joint, conform\u00e9ment aux dispositions de l\u2019article 60 du r\u00e8glement int\u00e9rieur de l\u2019Assembl\u00e9e nationale, en mon nom propre et au nom de mes coll\u00e8gues (Honorables Ibrahima Diop et Serigne Abo Mbacke Thiam) une demande d\u2019examen d\u2019une proposition de loi organique modifiant et compl\u00e9tant le R\u00e8glement int\u00e9rieur de l\u2019Assembl\u00e9e nationale.<\/p>\n<p>Cette initiative a essentiellement pour objet de mettre \u00e0 jour ledit r\u00e8glement, suite \u00e0 la restauration du poste de Premier ministre par la loi n\u00b02021- 41 du 20 d\u00e9cembre 2021 portant r\u00e9vision de la Constitution.<\/p>\n<p>Vous en souhaitant bonne r\u00e9ception, veuillez agr\u00e9er, Monsieur le Pr\u00e9sident, l\u2019assurance de ma haute consid\u00e9ration.<\/p>\n<div class=\"publi-apres-le-contenu\" style=\"margin-top: 10px;margin-bottom: 10px;margin-left: auto;margin-right: auto;text-align: center;\" id=\"publi-3905383411\"><div class=\"publi-adlabel\">Publicit\u00e9<\/div><script async src=\"\/\/pagead2.googlesyndication.com\/pagead\/js\/adsbygoogle.js?client=ca-pub-4089586018074219\" crossorigin=\"anonymous\"><\/script><ins class=\"adsbygoogle\" style=\"display:block;\" data-ad-client=\"ca-pub-4089586018074219\" \ndata-ad-slot=\"2087940154\" \ndata-ad-format=\"auto\"><\/ins>\n<script> \n(adsbygoogle = window.adsbygoogle || []).push({}); \n<\/script>\n<\/div>","protected":false},"excerpt":{"rendered":"<p>Des sapeurs-pompiers sont entr\u00e9s en jeu \u00e0 Assembl\u00e9e nationale, pour temp\u00e9rer les ardeurs et faire baisser la tension. Il s\u2019agit des d\u00e9put\u00e9s du PDS, qui ont introduit une demande d\u2019examen modifiant le r\u00e8glement et restaurant le poste du Premier Ministre. \u00ab Avec deux autres d\u00e9put\u00e9s, les Honorables Ibrahima Diop et Abo Thiam, nous venons de d\u00e9poser une demande d\u2019examen d\u2019une proposition de loi modifiant et compl\u00e9tant le r\u00e8glement int\u00e9rieur, afin de r\u00e9actualiser le RI, quant \u00e0 la restauration du poste de Premier ministre \u00bb, nous informe une note parvenue au Groupe PUBLIC SN. Voici la lettre dans son int\u00e9gralit\u00e9, adress\u00e9e au pr\u00e9sident de l\u2019Assembl\u00e9e nationale, Amadou Mame Diop. \u00c0 Monsieur Amadou Mame Diop Pr\u00e9sident de l\u2019Assembl\u00e9e nationale Objet : examen d\u2019une proposition de loi organique Monsieur le Pr\u00e9sident, Je vous fais parvenir, ci-joint, conform\u00e9ment aux dispositions de l\u2019article 60 du r\u00e8glement int\u00e9rieur de l\u2019Assembl\u00e9e nationale, en mon nom propre et au nom de mes coll\u00e8gues (Honorables Ibrahima Diop et Serigne Abo Mbacke Thiam) une demande d\u2019examen d\u2019une proposition de loi organique modifiant et compl\u00e9tant le R\u00e8glement int\u00e9rieur de l\u2019Assembl\u00e9e nationale. Cette initiative a essentiellement pour objet de mettre \u00e0 jour ledit r\u00e8glement, suite \u00e0 la restauration du poste de Premier ministre par la loi n\u00b02021- 41 du 20 d\u00e9cembre 2021 portant r\u00e9vision de la Constitution. Vous en souhaitant bonne r\u00e9ception, veuillez agr\u00e9er, Monsieur le Pr\u00e9sident, l\u2019assurance de ma haute consid\u00e9ration.<\/p>\n","protected":false},"author":15,"featured_media":33797,"comment_status":"open","ping_status":"open","sticky":false,"template":"","format":"standard","meta":{"_jetpack_memberships_contains_paid_content":false,"footnotes":""},"categories":[375,550,9,3728,3,376,1],"tags":[12,6330,6324,6326,6329,6328,6327,6325],"class_list":["post-33796","post","type-post","status-publish","format-standard","has-post-thumbnail","hentry","category-actualites","category-afrique-monde","category-communique","category-internationale","category-politique","category-securite-justice","category-non-classe","tag-assemblee-nationale","tag-conformement-aux-dispositions-de-larticle-60-du-reglement-interieur-de-lassemblee-nationale","tag-des-sapeurs-pompiers-sont-entres-en-jeu-a-assemblee","tag-il-sagit-des-deputes-du-pds","tag-la-restauration-du-poste-de-premier-ministre","tag-les-honorables-ibrahima-diop-et-abo-thiam","tag-ont-introduit-une-demande-dexamen-modifiant-le-reglement-et-restaurant-le-poste-du-premier-ministre","tag-pour-temperer-les-ardeurs-et-faire-baisser-la-tension","entry","has-media","owp-thumbs-layout-horizontal","owp-btn-normal","owp-tabs-layout-horizontal","has-no-thumbnails","has-product-nav"],"yoast_head":"<!-- This site is optimized with the Yoast SEO plugin v25.5 - https:\/\/yoast.com\/wordpress\/plugins\/seo\/ -->\n<title>Assembl\u00e9e nationale : Le PDS introduit une demande pour la modification du r\u00e8glement et restaure le poste du PM - LE PUBLIC<\/title>\n<meta name=\"robots\" content=\"index, follow, max-snippet:-1, max-image-preview:large, max-video-preview:-1\" \/>\n<link rel=\"canonical\" href=\"https:\/\/www.public.sn\/index.php\/2024\/07\/04\/assemblee-nationale-le-pds-introduit-une-demande-pour-la-modification-du-reglement-et-restaure-le-poste-du-pm\/\" \/>\n<meta property=\"og:locale\" content=\"fr_FR\" \/>\n<meta property=\"og:type\" content=\"article\" \/>\n<meta property=\"og:title\" content=\"Assembl\u00e9e nationale : Le PDS introduit une demande pour la modification du r\u00e8glement et restaure le poste du PM - LE PUBLIC\" \/>\n<meta property=\"og:description\" content=\"Des sapeurs-pompiers sont entr\u00e9s en jeu \u00e0 Assembl\u00e9e nationale, pour temp\u00e9rer les ardeurs et faire baisser la tension. Il s\u2019agit des d\u00e9put\u00e9s du PDS, qui ont introduit une demande d\u2019examen modifiant le r\u00e8glement et restaurant le poste du Premier Ministre. \u00ab Avec deux autres d\u00e9put\u00e9s, les Honorables Ibrahima Diop et Abo Thiam, nous venons de d\u00e9poser une demande d\u2019examen d\u2019une proposition de loi modifiant et compl\u00e9tant le r\u00e8glement int\u00e9rieur, afin de r\u00e9actualiser le RI, quant \u00e0 la restauration du poste de Premier ministre \u00bb, nous informe une note parvenue au Groupe PUBLIC SN. Voici la lettre dans son int\u00e9gralit\u00e9, adress\u00e9e au pr\u00e9sident de l\u2019Assembl\u00e9e nationale, Amadou Mame Diop. \u00c0 Monsieur Amadou Mame Diop Pr\u00e9sident de l\u2019Assembl\u00e9e nationale Objet : examen d\u2019une proposition de loi organique Monsieur le Pr\u00e9sident, Je vous fais parvenir, ci-joint, conform\u00e9ment aux dispositions de l\u2019article 60 du r\u00e8glement int\u00e9rieur de l\u2019Assembl\u00e9e nationale, en mon nom propre et au nom de mes coll\u00e8gues (Honorables Ibrahima Diop et Serigne Abo Mbacke Thiam) une demande d\u2019examen d\u2019une proposition de loi organique modifiant et compl\u00e9tant le R\u00e8glement int\u00e9rieur de l\u2019Assembl\u00e9e nationale. Cette initiative a essentiellement pour objet de mettre \u00e0 jour ledit r\u00e8glement, suite \u00e0 la restauration du poste de Premier ministre par la loi n\u00b02021- 41 du 20 d\u00e9cembre 2021 portant r\u00e9vision de la Constitution. Vous en souhaitant bonne r\u00e9ception, veuillez agr\u00e9er, Monsieur le Pr\u00e9sident, l\u2019assurance de ma haute consid\u00e9ration.\" \/>\n<meta property=\"og:url\" content=\"https:\/\/www.public.sn\/index.php\/2024\/07\/04\/assemblee-nationale-le-pds-introduit-une-demande-pour-la-modification-du-reglement-et-restaure-le-poste-du-pm\/\" \/>\n<meta property=\"og:site_name\" content=\"LE PUBLIC\" \/>\n<meta property=\"article:published_time\" content=\"2024-07-04T10:55:40+00:00\" \/>\n<meta property=\"article:modified_time\" content=\"2024-07-04T10:56:02+00:00\" \/>\n<meta property=\"og:image\" content=\"https:\/\/www.public.sn\/wp-content\/uploads\/2024\/07\/IMG_2150-768x512-1.jpeg\" \/>\n\t<meta property=\"og:image:width\" content=\"768\" \/>\n\t<meta property=\"og:image:height\" content=\"512\" \/>\n\t<meta property=\"og:image:type\" content=\"image\/jpeg\" \/>\n<meta name=\"author\" content=\"Baye Amath THIAM\" \/>\n<meta name=\"twitter:card\" content=\"summary_large_image\" \/>\n<meta name=\"twitter:label1\" content=\"\u00c9crit par\" \/>\n\t<meta name=\"twitter:data1\" content=\"Baye Amath THIAM\" \/>\n\t<meta name=\"twitter:label2\" content=\"Dur\u00e9e de lecture estim\u00e9e\" \/>\n\t<meta name=\"twitter:data2\" content=\"2 minutes\" \/>\n<script type=\"application\/ld+json\" class=\"yoast-schema-graph\">{\"@context\":\"https:\/\/schema.org\",\"@graph\":[{\"@type\":\"Article\",\"@id\":\"https:\/\/www.public.sn\/index.php\/2024\/07\/04\/assemblee-nationale-le-pds-introduit-une-demande-pour-la-modification-du-reglement-et-restaure-le-poste-du-pm\/#article\",\"isPartOf\":{\"@id\":\"https:\/\/www.public.sn\/index.php\/2024\/07\/04\/assemblee-nationale-le-pds-introduit-une-demande-pour-la-modification-du-reglement-et-restaure-le-poste-du-pm\/\"},\"author\":{\"name\":\"Baye Amath THIAM\",\"@id\":\"https:\/\/www.public.sn\/#\/schema\/person\/f77cd9ce05d8fb925eb038378ee6899d\"},\"headline\":\"Assembl\u00e9e nationale : Le PDS introduit une demande pour la modification du r\u00e8glement et restaure le poste du PM\",\"datePublished\":\"2024-07-04T10:55:40+00:00\",\"dateModified\":\"2024-07-04T10:56:02+00:00\",\"mainEntityOfPage\":{\"@id\":\"https:\/\/www.public.sn\/index.php\/2024\/07\/04\/assemblee-nationale-le-pds-introduit-une-demande-pour-la-modification-du-reglement-et-restaure-le-poste-du-pm\/\"},\"wordCount\":288,\"commentCount\":0,\"publisher\":{\"@id\":\"https:\/\/www.public.sn\/#organization\"},\"image\":{\"@id\":\"https:\/\/www.public.sn\/index.php\/2024\/07\/04\/assemblee-nationale-le-pds-introduit-une-demande-pour-la-modification-du-reglement-et-restaure-le-poste-du-pm\/#primaryimage\"},\"thumbnailUrl\":\"https:\/\/www.public.sn\/wp-content\/uploads\/2024\/07\/IMG_2150-768x512-1.jpeg\",\"keywords\":[\"Assembl\u00e9e Nationale\",\"conform\u00e9ment aux dispositions de l\u2019article 60 du r\u00e8glement int\u00e9rieur de l\u2019Assembl\u00e9e nationale\",\"Des sapeurs-pompiers sont entr\u00e9s en jeu \u00e0 Assembl\u00e9e\",\"Il s\u2019agit des d\u00e9put\u00e9s du PDS\",\"la restauration du poste de Premier ministre\",\"les Honorables Ibrahima Diop et Abo Thiam\",\"ont introduit une demande d\u2019examen modifiant le r\u00e8glement et restaurant le poste du Premier Ministre.\",\"pour temp\u00e9rer les ardeurs et faire baisser la tension.\"],\"articleSection\":[\"ACTUALIT\u00c9S\",\"AFRIQUE &amp; MONDE\",\"COMMUNIQU\u00c9\",\"internationale\",\"POLITIQUE\",\"S\u00c9CURIT\u00c9 &amp; JUSTICE\",\"S\u00c9N\u00c9GAL\"],\"inLanguage\":\"fr-FR\",\"potentialAction\":[{\"@type\":\"CommentAction\",\"name\":\"Comment\",\"target\":[\"https:\/\/www.public.sn\/index.php\/2024\/07\/04\/assemblee-nationale-le-pds-introduit-une-demande-pour-la-modification-du-reglement-et-restaure-le-poste-du-pm\/#respond\"]}]},{\"@type\":\"WebPage\",\"@id\":\"https:\/\/www.public.sn\/index.php\/2024\/07\/04\/assemblee-nationale-le-pds-introduit-une-demande-pour-la-modification-du-reglement-et-restaure-le-poste-du-pm\/\",\"url\":\"https:\/\/www.public.sn\/index.php\/2024\/07\/04\/assemblee-nationale-le-pds-introduit-une-demande-pour-la-modification-du-reglement-et-restaure-le-poste-du-pm\/\",\"name\":\"Assembl\u00e9e nationale : Le PDS introduit une demande pour la modification du r\u00e8glement et restaure le poste du PM - LE PUBLIC\",\"isPartOf\":{\"@id\":\"https:\/\/www.public.sn\/#website\"},\"primaryImageOfPage\":{\"@id\":\"https:\/\/www.public.sn\/index.php\/2024\/07\/04\/assemblee-nationale-le-pds-introduit-une-demande-pour-la-modification-du-reglement-et-restaure-le-poste-du-pm\/#primaryimage\"},\"image\":{\"@id\":\"https:\/\/www.public.sn\/index.php\/2024\/07\/04\/assemblee-nationale-le-pds-introduit-une-demande-pour-la-modification-du-reglement-et-restaure-le-poste-du-pm\/#primaryimage\"},\"thumbnailUrl\":\"https:\/\/www.public.sn\/wp-content\/uploads\/2024\/07\/IMG_2150-768x512-1.jpeg\",\"datePublished\":\"2024-07-04T10:55:40+00:00\",\"dateModified\":\"2024-07-04T10:56:02+00:00\",\"breadcrumb\":{\"@id\":\"https:\/\/www.public.sn\/index.php\/2024\/07\/04\/assemblee-nationale-le-pds-introduit-une-demande-pour-la-modification-du-reglement-et-restaure-le-poste-du-pm\/#breadcrumb\"},\"inLanguage\":\"fr-FR\",\"potentialAction\":[{\"@type\":\"ReadAction\",\"target\":[\"https:\/\/www.public.sn\/index.php\/2024\/07\/04\/assemblee-nationale-le-pds-introduit-une-demande-pour-la-modification-du-reglement-et-restaure-le-poste-du-pm\/\"]}]},{\"@type\":\"ImageObject\",\"inLanguage\":\"fr-FR\",\"@id\":\"https:\/\/www.public.sn\/index.php\/2024\/07\/04\/assemblee-nationale-le-pds-introduit-une-demande-pour-la-modification-du-reglement-et-restaure-le-poste-du-pm\/#primaryimage\",\"url\":\"https:\/\/www.public.sn\/wp-content\/uploads\/2024\/07\/IMG_2150-768x512-1.jpeg\",\"contentUrl\":\"https:\/\/www.public.sn\/wp-content\/uploads\/2024\/07\/IMG_2150-768x512-1.jpeg\",\"width\":768,\"height\":512},{\"@type\":\"BreadcrumbList\",\"@id\":\"https:\/\/www.public.sn\/index.php\/2024\/07\/04\/assemblee-nationale-le-pds-introduit-une-demande-pour-la-modification-du-reglement-et-restaure-le-poste-du-pm\/#breadcrumb\",\"itemListElement\":[{\"@type\":\"ListItem\",\"position\":1,\"name\":\"Accueil\",\"item\":\"https:\/\/www.public.sn\/\"},{\"@type\":\"ListItem\",\"position\":2,\"name\":\"Assembl\u00e9e nationale : Le PDS introduit une demande pour la modification du r\u00e8glement et restaure le poste du PM\"}]},{\"@type\":\"WebSite\",\"@id\":\"https:\/\/www.public.sn\/#website\",\"url\":\"https:\/\/www.public.sn\/\",\"name\":\"LE PUBLIC\",\"description\":\"\",\"publisher\":{\"@id\":\"https:\/\/www.public.sn\/#organization\"},\"potentialAction\":[{\"@type\":\"SearchAction\",\"target\":{\"@type\":\"EntryPoint\",\"urlTemplate\":\"https:\/\/www.public.sn\/?s={search_term_string}\"},\"query-input\":{\"@type\":\"PropertyValueSpecification\",\"valueRequired\":true,\"valueName\":\"search_term_string\"}}],\"inLanguage\":\"fr-FR\"},{\"@type\":\"Organization\",\"@id\":\"https:\/\/www.public.sn\/#organization\",\"name\":\"LE PUBLIC\",\"url\":\"https:\/\/www.public.sn\/\",\"logo\":{\"@type\":\"ImageObject\",\"inLanguage\":\"fr-FR\",\"@id\":\"https:\/\/www.public.sn\/#\/schema\/logo\/image\/\",\"url\":\"https:\/\/www.public.sn\/wp-content\/uploads\/2024\/05\/cropped-LOGO-PUBLIC.SN_.png\",\"contentUrl\":\"https:\/\/www.public.sn\/wp-content\/uploads\/2024\/05\/cropped-LOGO-PUBLIC.SN_.png\",\"width\":682,\"height\":192,\"caption\":\"LE PUBLIC\"},\"image\":{\"@id\":\"https:\/\/www.public.sn\/#\/schema\/logo\/image\/\"}},{\"@type\":\"Person\",\"@id\":\"https:\/\/www.public.sn\/#\/schema\/person\/f77cd9ce05d8fb925eb038378ee6899d\",\"name\":\"Baye Amath THIAM\",\"image\":{\"@type\":\"ImageObject\",\"inLanguage\":\"fr-FR\",\"@id\":\"https:\/\/www.public.sn\/#\/schema\/person\/image\/\",\"url\":\"https:\/\/secure.gravatar.com\/avatar\/7eb863ef1336b6f8a2ad921469701e52f094a61c698fab02f5af742ed813612d?s=96&d=mm&r=g\",\"contentUrl\":\"https:\/\/secure.gravatar.com\/avatar\/7eb863ef1336b6f8a2ad921469701e52f094a61c698fab02f5af742ed813612d?s=96&d=mm&r=g\",\"caption\":\"Baye Amath THIAM\"},\"url\":\"https:\/\/www.public.sn\/index.php\/author\/thiamba24\/\"}]}<\/script>\n<!-- \/ Yoast SEO plugin. -->","yoast_head_json":{"title":"Assembl\u00e9e nationale : Le PDS introduit une demande pour la modification du r\u00e8glement et restaure le poste du PM - LE PUBLIC","robots":{"index":"index","follow":"follow","max-snippet":"max-snippet:-1","max-image-preview":"max-image-preview:large","max-video-preview":"max-video-preview:-1"},"canonical":"https:\/\/www.public.sn\/index.php\/2024\/07\/04\/assemblee-nationale-le-pds-introduit-une-demande-pour-la-modification-du-reglement-et-restaure-le-poste-du-pm\/","og_locale":"fr_FR","og_type":"article","og_title":"Assembl\u00e9e nationale : Le PDS introduit une demande pour la modification du r\u00e8glement et restaure le poste du PM - LE PUBLIC","og_description":"Des sapeurs-pompiers sont entr\u00e9s en jeu \u00e0 Assembl\u00e9e nationale, pour temp\u00e9rer les ardeurs et faire baisser la tension. Il s\u2019agit des d\u00e9put\u00e9s du PDS, qui ont introduit une demande d\u2019examen modifiant le r\u00e8glement et restaurant le poste du Premier Ministre. \u00ab Avec deux autres d\u00e9put\u00e9s, les Honorables Ibrahima Diop et Abo Thiam, nous venons de d\u00e9poser une demande d\u2019examen d\u2019une proposition de loi modifiant et compl\u00e9tant le r\u00e8glement int\u00e9rieur, afin de r\u00e9actualiser le RI, quant \u00e0 la restauration du poste de Premier ministre \u00bb, nous informe une note parvenue au Groupe PUBLIC SN. Voici la lettre dans son int\u00e9gralit\u00e9, adress\u00e9e au pr\u00e9sident de l\u2019Assembl\u00e9e nationale, Amadou Mame Diop. \u00c0 Monsieur Amadou Mame Diop Pr\u00e9sident de l\u2019Assembl\u00e9e nationale Objet : examen d\u2019une proposition de loi organique Monsieur le Pr\u00e9sident, Je vous fais parvenir, ci-joint, conform\u00e9ment aux dispositions de l\u2019article 60 du r\u00e8glement int\u00e9rieur de l\u2019Assembl\u00e9e nationale, en mon nom propre et au nom de mes coll\u00e8gues (Honorables Ibrahima Diop et Serigne Abo Mbacke Thiam) une demande d\u2019examen d\u2019une proposition de loi organique modifiant et compl\u00e9tant le R\u00e8glement int\u00e9rieur de l\u2019Assembl\u00e9e nationale. Cette initiative a essentiellement pour objet de mettre \u00e0 jour ledit r\u00e8glement, suite \u00e0 la restauration du poste de Premier ministre par la loi n\u00b02021- 41 du 20 d\u00e9cembre 2021 portant r\u00e9vision de la Constitution. Vous en souhaitant bonne r\u00e9ception, veuillez agr\u00e9er, Monsieur le Pr\u00e9sident, l\u2019assurance de ma haute consid\u00e9ration.","og_url":"https:\/\/www.public.sn\/index.php\/2024\/07\/04\/assemblee-nationale-le-pds-introduit-une-demande-pour-la-modification-du-reglement-et-restaure-le-poste-du-pm\/","og_site_name":"LE PUBLIC","article_published_time":"2024-07-04T10:55:40+00:00","article_modified_time":"2024-07-04T10:56:02+00:00","og_image":[{"width":768,"height":512,"url":"https:\/\/www.public.sn\/wp-content\/uploads\/2024\/07\/IMG_2150-768x512-1.jpeg","type":"image\/jpeg"}],"author":"Baye Amath THIAM","twitter_card":"summary_large_image","twitter_misc":{"\u00c9crit par":"Baye Amath THIAM","Dur\u00e9e de lecture estim\u00e9e":"2 minutes"},"schema":{"@context":"https:\/\/schema.org","@graph":[{"@type":"Article","@id":"https:\/\/www.public.sn\/index.php\/2024\/07\/04\/assemblee-nationale-le-pds-introduit-une-demande-pour-la-modification-du-reglement-et-restaure-le-poste-du-pm\/#article","isPartOf":{"@id":"https:\/\/www.public.sn\/index.php\/2024\/07\/04\/assemblee-nationale-le-pds-introduit-une-demande-pour-la-modification-du-reglement-et-restaure-le-poste-du-pm\/"},"author":{"name":"Baye Amath THIAM","@id":"https:\/\/www.public.sn\/#\/schema\/person\/f77cd9ce05d8fb925eb038378ee6899d"},"headline":"Assembl\u00e9e nationale : Le PDS introduit une demande pour la modification du r\u00e8glement et restaure le poste du PM","datePublished":"2024-07-04T10:55:40+00:00","dateModified":"2024-07-04T10:56:02+00:00","mainEntityOfPage":{"@id":"https:\/\/www.public.sn\/index.php\/2024\/07\/04\/assemblee-nationale-le-pds-introduit-une-demande-pour-la-modification-du-reglement-et-restaure-le-poste-du-pm\/"},"wordCount":288,"commentCount":0,"publisher":{"@id":"https:\/\/www.public.sn\/#organization"},"image":{"@id":"https:\/\/www.public.sn\/index.php\/2024\/07\/04\/assemblee-nationale-le-pds-introduit-une-demande-pour-la-modification-du-reglement-et-restaure-le-poste-du-pm\/#primaryimage"},"thumbnailUrl":"https:\/\/www.public.sn\/wp-content\/uploads\/2024\/07\/IMG_2150-768x512-1.jpeg","keywords":["Assembl\u00e9e Nationale","conform\u00e9ment aux dispositions de l\u2019article 60 du r\u00e8glement int\u00e9rieur de l\u2019Assembl\u00e9e nationale","Des sapeurs-pompiers sont entr\u00e9s en jeu \u00e0 Assembl\u00e9e","Il s\u2019agit des d\u00e9put\u00e9s du PDS","la restauration du poste de Premier ministre","les Honorables Ibrahima Diop et Abo Thiam","ont introduit une demande d\u2019examen modifiant le r\u00e8glement et restaurant le poste du Premier Ministre.","pour temp\u00e9rer les ardeurs et faire baisser la tension."],"articleSection":["ACTUALIT\u00c9S","AFRIQUE &amp; MONDE","COMMUNIQU\u00c9","internationale","POLITIQUE","S\u00c9CURIT\u00c9 &amp; JUSTICE","S\u00c9N\u00c9GAL"],"inLanguage":"fr-FR","potentialAction":[{"@type":"CommentAction","name":"Comment","target":["https:\/\/www.public.sn\/index.php\/2024\/07\/04\/assemblee-nationale-le-pds-introduit-une-demande-pour-la-modification-du-reglement-et-restaure-le-poste-du-pm\/#respond"]}]},{"@type":"WebPage","@id":"https:\/\/www.public.sn\/index.php\/2024\/07\/04\/assemblee-nationale-le-pds-introduit-une-demande-pour-la-modification-du-reglement-et-restaure-le-poste-du-pm\/","url":"https:\/\/www.public.sn\/index.php\/2024\/07\/04\/assemblee-nationale-le-pds-introduit-une-demande-pour-la-modification-du-reglement-et-restaure-le-poste-du-pm\/","name":"Assembl\u00e9e nationale : Le PDS introduit une demande pour la modification du r\u00e8glement et restaure le poste du PM - LE PUBLIC","isPartOf":{"@id":"https:\/\/www.public.sn\/#website"},"primaryImageOfPage":{"@id":"https:\/\/www.public.sn\/index.php\/2024\/07\/04\/assemblee-nationale-le-pds-introduit-une-demande-pour-la-modification-du-reglement-et-restaure-le-poste-du-pm\/#primaryimage"},"image":{"@id":"https:\/\/www.public.sn\/index.php\/2024\/07\/04\/assemblee-nationale-le-pds-introduit-une-demande-pour-la-modification-du-reglement-et-restaure-le-poste-du-pm\/#primaryimage"},"thumbnailUrl":"https:\/\/www.public.sn\/wp-content\/uploads\/2024\/07\/IMG_2150-768x512-1.jpeg","datePublished":"2024-07-04T10:55:40+00:00","dateModified":"2024-07-04T10:56:02+00:00","breadcrumb":{"@id":"https:\/\/www.public.sn\/index.php\/2024\/07\/04\/assemblee-nationale-le-pds-introduit-une-demande-pour-la-modification-du-reglement-et-restaure-le-poste-du-pm\/#breadcrumb"},"inLanguage":"fr-FR","potentialAction":[{"@type":"ReadAction","target":["https:\/\/www.public.sn\/index.php\/2024\/07\/04\/assemblee-nationale-le-pds-introduit-une-demande-pour-la-modification-du-reglement-et-restaure-le-poste-du-pm\/"]}]},{"@type":"ImageObject","inLanguage":"fr-FR","@id":"https:\/\/www.public.sn\/index.php\/2024\/07\/04\/assemblee-nationale-le-pds-introduit-une-demande-pour-la-modification-du-reglement-et-restaure-le-poste-du-pm\/#primaryimage","url":"https:\/\/www.public.sn\/wp-content\/uploads\/2024\/07\/IMG_2150-768x512-1.jpeg","contentUrl":"https:\/\/www.public.sn\/wp-content\/uploads\/2024\/07\/IMG_2150-768x512-1.jpeg","width":768,"height":512},{"@type":"BreadcrumbList","@id":"https:\/\/www.public.sn\/index.php\/2024\/07\/04\/assemblee-nationale-le-pds-introduit-une-demande-pour-la-modification-du-reglement-et-restaure-le-poste-du-pm\/#breadcrumb","itemListElement":[{"@type":"ListItem","position":1,"name":"Accueil","item":"https:\/\/www.public.sn\/"},{"@type":"ListItem","position":2,"name":"Assembl\u00e9e nationale : Le PDS introduit une demande pour la modification du r\u00e8glement et restaure le poste du PM"}]},{"@type":"WebSite","@id":"https:\/\/www.public.sn\/#website","url":"https:\/\/www.public.sn\/","name":"LE PUBLIC","description":"","publisher":{"@id":"https:\/\/www.public.sn\/#organization"},"potentialAction":[{"@type":"SearchAction","target":{"@type":"EntryPoint","urlTemplate":"https:\/\/www.public.sn\/?s={search_term_string}"},"query-input":{"@type":"PropertyValueSpecification","valueRequired":true,"valueName":"search_term_string"}}],"inLanguage":"fr-FR"},{"@type":"Organization","@id":"https:\/\/www.public.sn\/#organization","name":"LE PUBLIC","url":"https:\/\/www.public.sn\/","logo":{"@type":"ImageObject","inLanguage":"fr-FR","@id":"https:\/\/www.public.sn\/#\/schema\/logo\/image\/","url":"https:\/\/www.public.sn\/wp-content\/uploads\/2024\/05\/cropped-LOGO-PUBLIC.SN_.png","contentUrl":"https:\/\/www.public.sn\/wp-content\/uploads\/2024\/05\/cropped-LOGO-PUBLIC.SN_.png","width":682,"height":192,"caption":"LE PUBLIC"},"image":{"@id":"https:\/\/www.public.sn\/#\/schema\/logo\/image\/"}},{"@type":"Person","@id":"https:\/\/www.public.sn\/#\/schema\/person\/f77cd9ce05d8fb925eb038378ee6899d","name":"Baye Amath THIAM","image":{"@type":"ImageObject","inLanguage":"fr-FR","@id":"https:\/\/www.public.sn\/#\/schema\/person\/image\/","url":"https:\/\/secure.gravatar.com\/avatar\/7eb863ef1336b6f8a2ad921469701e52f094a61c698fab02f5af742ed813612d?s=96&d=mm&r=g","contentUrl":"https:\/\/secure.gravatar.com\/avatar\/7eb863ef1336b6f8a2ad921469701e52f094a61c698fab02f5af742ed813612d?s=96&d=mm&r=g","caption":"Baye Amath THIAM"},"url":"https:\/\/www.public.sn\/index.php\/author\/thiamba24\/"}]}},"jetpack_featured_media_url":"https:\/\/www.public.sn\/wp-content\/uploads\/2024\/07\/IMG_2150-768x512-1.jpeg","jetpack_sharing_enabled":true,"_links":{"self":[{"href":"https:\/\/www.public.sn\/index.php\/wp-json\/wp\/v2\/posts\/33796","targetHints":{"allow":["GET"]}}],"collection":[{"href":"https:\/\/www.public.sn\/index.php\/wp-json\/wp\/v2\/posts"}],"about":[{"href":"https:\/\/www.public.sn\/index.php\/wp-json\/wp\/v2\/types\/post"}],"author":[{"embeddable":true,"href":"https:\/\/www.public.sn\/index.php\/wp-json\/wp\/v2\/users\/15"}],"replies":[{"embeddable":true,"href":"https:\/\/www.public.sn\/index.php\/wp-json\/wp\/v2\/comments?post=33796"}],"version-history":[{"count":1,"href":"https:\/\/www.public.sn\/index.php\/wp-json\/wp\/v2\/posts\/33796\/revisions"}],"predecessor-version":[{"id":33798,"href":"https:\/\/www.public.sn\/index.php\/wp-json\/wp\/v2\/posts\/33796\/revisions\/33798"}],"wp:featuredmedia":[{"embeddable":true,"href":"https:\/\/www.public.sn\/index.php\/wp-json\/wp\/v2\/media\/33797"}],"wp:attachment":[{"href":"https:\/\/www.public.sn\/index.php\/wp-json\/wp\/v2\/media?parent=33796"}],"wp:term":[{"taxonomy":"category","embeddable":true,"href":"https:\/\/www.public.sn\/index.php\/wp-json\/wp\/v2\/categories?post=33796"},{"taxonomy":"post_tag","embeddable":true,"href":"https:\/\/www.public.sn\/index.php\/wp-json\/wp\/v2\/tags?post=33796"}],"curies":[{"name":"wp","href":"https:\/\/api.w.org\/{rel}","templated":true}]}}