{"id":33814,"date":"2024-07-04T12:25:01","date_gmt":"2024-07-04T12:25:01","guid":{"rendered":"https:\/\/www.public.sn\/?p=33814"},"modified":"2024-07-04T12:25:13","modified_gmt":"2024-07-04T12:25:13","slug":"conseil-des-ministres-coordination-et-suivi-de-la-mise-en-oeuvre-de-la-nouvelle-politique-ferroviaire-du-senegal","status":"publish","type":"post","link":"https:\/\/www.public.sn\/index.php\/2024\/07\/04\/conseil-des-ministres-coordination-et-suivi-de-la-mise-en-oeuvre-de-la-nouvelle-politique-ferroviaire-du-senegal\/","title":{"rendered":"Conseil des ministres : Coordination et suivi de la mise en \u0153uvre de la nouvelle politique ferroviaire du S\u00e9n\u00e9gal"},"content":{"rendered":"<p>Le pr\u00e9sident de la R\u00e9publique, Bassirou Diomaye Faye, a demand\u00e9 mercredi au Premier ministre, Ousmane Sonko, de r\u00e9fl\u00e9chir \u00e0 la tenue prochaine d\u2019un comit\u00e9 strat\u00e9gique consacr\u00e9e \u00e0 la politique ferroviaire du S\u00e9n\u00e9gal.<\/p><div class=\"publi-paragraphe1\" style=\"margin-top: 10px;margin-bottom: 10px;margin-left: auto;margin-right: auto;text-align: center;\" id=\"publi-2363792756\"><div class=\"publi-adlabel\">Publicit\u00e9<\/div><script async src=\"\/\/pagead2.googlesyndication.com\/pagead\/js\/adsbygoogle.js?client=ca-pub-4089586018074219\" crossorigin=\"anonymous\"><\/script><ins class=\"adsbygoogle\" style=\"display:block;\" data-ad-client=\"ca-pub-4089586018074219\" \ndata-ad-slot=\"2087940154\" \ndata-ad-format=\"auto\"><\/ins>\n<script> \n(adsbygoogle = window.adsbygoogle || []).push({}); \n<\/script>\n<\/div>\n<p>Selon le communiqu\u00e9 du Conseil des ministres, parvenu \u00e0 l\u2019APS, cette rencontre, dont la date n\u2019a pas \u00e9t\u00e9 pr\u00e9cis\u00e9e, va servir de \u201ccadre institutionnel innovant de supervision, de coordination et de suivi de la mise en \u0153uvre de la nouvelle politique ferroviaire du S\u00e9n\u00e9gal\u201d.<\/p>\n<p>Le chef de l\u2019\u00c9tat a en outre soulign\u00e9 \u201cl\u2019urgence d\u2019\u00e9valuer les activit\u00e9s, les projets et les financements des Chemins de fer du S\u00e9n\u00e9gal (CFS), de la Soci\u00e9t\u00e9 nationale de gestion du patrimoine du Train Express r\u00e9gional (SENTER) et des Grands Trains du S\u00e9n\u00e9gal (GTS-SA)\u201d.<\/p>\n<p>Le pr\u00e9sident Faye a \u00e9galement invit\u00e9 le ministre des Infrastructures, des Transports terrestres et a\u00e9riens \u00e0 pr\u00e9parer, sous la supervision du Premier ministre, \u201cun sch\u00e9ma national de d\u00e9veloppement ferroviaire\u201d, incluant la planification des investissements relatifs \u00e0 l\u2019entretien et \u00e0 la modernisation du r\u00e9seau par la r\u00e9alisation de nouvelles voies, infrastructures et gares ferroviaires.<\/p>\n<p>Ce sch\u00e9ma devrait \u00eatre adoss\u00e9 \u00e0 \u201cun mode de financement pertinent du secteur\u201d ferroviaire, selon le communiqu\u00e9 du Conseil des ministres.<\/p>\n<div class=\"publi-apres-le-contenu\" style=\"margin-top: 10px;margin-bottom: 10px;margin-left: auto;margin-right: auto;text-align: center;\" id=\"publi-2636889140\"><div class=\"publi-adlabel\">Publicit\u00e9<\/div><script async src=\"\/\/pagead2.googlesyndication.com\/pagead\/js\/adsbygoogle.js?client=ca-pub-4089586018074219\" crossorigin=\"anonymous\"><\/script><ins class=\"adsbygoogle\" style=\"display:block;\" data-ad-client=\"ca-pub-4089586018074219\" \ndata-ad-slot=\"2087940154\" \ndata-ad-format=\"auto\"><\/ins>\n<script> \n(adsbygoogle = window.adsbygoogle || []).push({}); \n<\/script>\n<\/div>","protected":false},"excerpt":{"rendered":"<p>Le pr\u00e9sident de la R\u00e9publique, Bassirou Diomaye Faye, a demand\u00e9 mercredi au Premier ministre, Ousmane Sonko, de r\u00e9fl\u00e9chir \u00e0 la tenue prochaine d\u2019un comit\u00e9 strat\u00e9gique consacr\u00e9e \u00e0 la politique ferroviaire du S\u00e9n\u00e9gal. Selon le communiqu\u00e9 du Conseil des ministres, parvenu \u00e0 l\u2019APS, cette rencontre, dont la date n\u2019a pas \u00e9t\u00e9 pr\u00e9cis\u00e9e, va servir de \u201ccadre institutionnel innovant de supervision, de coordination et de suivi de la mise en \u0153uvre de la nouvelle politique ferroviaire du S\u00e9n\u00e9gal\u201d. Le chef de l\u2019\u00c9tat a en outre soulign\u00e9 \u201cl\u2019urgence d\u2019\u00e9valuer les activit\u00e9s, les projets et les financements des Chemins de fer du S\u00e9n\u00e9gal (CFS), de la Soci\u00e9t\u00e9 nationale de gestion du patrimoine du Train Express r\u00e9gional (SENTER) et des Grands Trains du S\u00e9n\u00e9gal (GTS-SA)\u201d. Le pr\u00e9sident Faye a \u00e9galement invit\u00e9 le ministre des Infrastructures, des Transports terrestres et a\u00e9riens \u00e0 pr\u00e9parer, sous la supervision du Premier ministre, \u201cun sch\u00e9ma national de d\u00e9veloppement ferroviaire\u201d, incluant la planification des investissements relatifs \u00e0 l\u2019entretien et \u00e0 la modernisation du r\u00e9seau par la r\u00e9alisation de nouvelles voies, infrastructures et gares ferroviaires. Ce sch\u00e9ma devrait \u00eatre adoss\u00e9 \u00e0 \u201cun mode de financement pertinent du secteur\u201d ferroviaire, selon le communiqu\u00e9 du Conseil des ministres.<\/p>\n","protected":false},"author":15,"featured_media":33815,"comment_status":"open","ping_status":"open","sticky":false,"template":"","format":"standard","meta":{"_jetpack_memberships_contains_paid_content":false,"footnotes":""},"categories":[375,550,9,549,3,376,1,1052],"tags":[6347,3678,6348,6349,5718,16],"class_list":["post-33814","post","type-post","status-publish","format-standard","has-post-thumbnail","hentry","category-actualites","category-afrique-monde","category-communique","category-economie","category-politique","category-securite-justice","category-non-classe","category-transport","tag-a-demande-mercredi-au-premier-ministre","tag-bassirou-diomaye-faye","tag-de","tag-de-reflechir-a-la-tenue-prochaine-dun-comite-strategique-consacree-a-la-politique-ferroviaire-du-senegal","tag-le-president-de-la-republique","tag-ousmane-sonko","entry","has-media","owp-thumbs-layout-horizontal","owp-btn-normal","owp-tabs-layout-horizontal","has-no-thumbnails","has-product-nav"],"yoast_head":"<!-- This site is optimized with the Yoast SEO plugin v25.5 - https:\/\/yoast.com\/wordpress\/plugins\/seo\/ -->\n<title>Conseil des ministres : Coordination et suivi de la mise en \u0153uvre de la nouvelle politique ferroviaire du S\u00e9n\u00e9gal - LE PUBLIC<\/title>\n<meta name=\"robots\" content=\"index, follow, max-snippet:-1, max-image-preview:large, max-video-preview:-1\" \/>\n<link rel=\"canonical\" href=\"https:\/\/www.public.sn\/index.php\/2024\/07\/04\/conseil-des-ministres-coordination-et-suivi-de-la-mise-en-oeuvre-de-la-nouvelle-politique-ferroviaire-du-senegal\/\" \/>\n<meta property=\"og:locale\" content=\"fr_FR\" \/>\n<meta property=\"og:type\" content=\"article\" \/>\n<meta property=\"og:title\" content=\"Conseil des ministres : Coordination et suivi de la mise en \u0153uvre de la nouvelle politique ferroviaire du S\u00e9n\u00e9gal - LE PUBLIC\" \/>\n<meta property=\"og:description\" content=\"Le pr\u00e9sident de la R\u00e9publique, Bassirou Diomaye Faye, a demand\u00e9 mercredi au Premier ministre, Ousmane Sonko, de r\u00e9fl\u00e9chir \u00e0 la tenue prochaine d\u2019un comit\u00e9 strat\u00e9gique consacr\u00e9e \u00e0 la politique ferroviaire du S\u00e9n\u00e9gal. Selon le communiqu\u00e9 du Conseil des ministres, parvenu \u00e0 l\u2019APS, cette rencontre, dont la date n\u2019a pas \u00e9t\u00e9 pr\u00e9cis\u00e9e, va servir de \u201ccadre institutionnel innovant de supervision, de coordination et de suivi de la mise en \u0153uvre de la nouvelle politique ferroviaire du S\u00e9n\u00e9gal\u201d. Le chef de l\u2019\u00c9tat a en outre soulign\u00e9 \u201cl\u2019urgence d\u2019\u00e9valuer les activit\u00e9s, les projets et les financements des Chemins de fer du S\u00e9n\u00e9gal (CFS), de la Soci\u00e9t\u00e9 nationale de gestion du patrimoine du Train Express r\u00e9gional (SENTER) et des Grands Trains du S\u00e9n\u00e9gal (GTS-SA)\u201d. Le pr\u00e9sident Faye a \u00e9galement invit\u00e9 le ministre des Infrastructures, des Transports terrestres et a\u00e9riens \u00e0 pr\u00e9parer, sous la supervision du Premier ministre, \u201cun sch\u00e9ma national de d\u00e9veloppement ferroviaire\u201d, incluant la planification des investissements relatifs \u00e0 l\u2019entretien et \u00e0 la modernisation du r\u00e9seau par la r\u00e9alisation de nouvelles voies, infrastructures et gares ferroviaires. Ce sch\u00e9ma devrait \u00eatre adoss\u00e9 \u00e0 \u201cun mode de financement pertinent du secteur\u201d ferroviaire, selon le communiqu\u00e9 du Conseil des ministres.\" \/>\n<meta property=\"og:url\" content=\"https:\/\/www.public.sn\/index.php\/2024\/07\/04\/conseil-des-ministres-coordination-et-suivi-de-la-mise-en-oeuvre-de-la-nouvelle-politique-ferroviaire-du-senegal\/\" \/>\n<meta property=\"og:site_name\" content=\"LE PUBLIC\" \/>\n<meta property=\"article:published_time\" content=\"2024-07-04T12:25:01+00:00\" \/>\n<meta property=\"article:modified_time\" content=\"2024-07-04T12:25:13+00:00\" \/>\n<meta property=\"og:image\" content=\"https:\/\/www.public.sn\/wp-content\/uploads\/2024\/07\/1er-conseil-des-ministres-diomaye-sonko-1-780x470-1.jpg\" \/>\n\t<meta property=\"og:image:width\" content=\"780\" \/>\n\t<meta property=\"og:image:height\" content=\"470\" \/>\n\t<meta property=\"og:image:type\" content=\"image\/jpeg\" \/>\n<meta name=\"author\" content=\"Baye Amath THIAM\" \/>\n<meta name=\"twitter:card\" content=\"summary_large_image\" \/>\n<meta name=\"twitter:label1\" content=\"\u00c9crit par\" \/>\n\t<meta name=\"twitter:data1\" content=\"Baye Amath THIAM\" \/>\n\t<meta name=\"twitter:label2\" content=\"Dur\u00e9e de lecture estim\u00e9e\" \/>\n\t<meta name=\"twitter:data2\" content=\"2 minutes\" \/>\n<script type=\"application\/ld+json\" class=\"yoast-schema-graph\">{\"@context\":\"https:\/\/schema.org\",\"@graph\":[{\"@type\":\"Article\",\"@id\":\"https:\/\/www.public.sn\/index.php\/2024\/07\/04\/conseil-des-ministres-coordination-et-suivi-de-la-mise-en-oeuvre-de-la-nouvelle-politique-ferroviaire-du-senegal\/#article\",\"isPartOf\":{\"@id\":\"https:\/\/www.public.sn\/index.php\/2024\/07\/04\/conseil-des-ministres-coordination-et-suivi-de-la-mise-en-oeuvre-de-la-nouvelle-politique-ferroviaire-du-senegal\/\"},\"author\":{\"name\":\"Baye Amath THIAM\",\"@id\":\"https:\/\/www.public.sn\/#\/schema\/person\/f77cd9ce05d8fb925eb038378ee6899d\"},\"headline\":\"Conseil des ministres : Coordination et suivi de la mise en \u0153uvre de la nouvelle politique ferroviaire du S\u00e9n\u00e9gal\",\"datePublished\":\"2024-07-04T12:25:01+00:00\",\"dateModified\":\"2024-07-04T12:25:13+00:00\",\"mainEntityOfPage\":{\"@id\":\"https:\/\/www.public.sn\/index.php\/2024\/07\/04\/conseil-des-ministres-coordination-et-suivi-de-la-mise-en-oeuvre-de-la-nouvelle-politique-ferroviaire-du-senegal\/\"},\"wordCount\":241,\"commentCount\":0,\"publisher\":{\"@id\":\"https:\/\/www.public.sn\/#organization\"},\"image\":{\"@id\":\"https:\/\/www.public.sn\/index.php\/2024\/07\/04\/conseil-des-ministres-coordination-et-suivi-de-la-mise-en-oeuvre-de-la-nouvelle-politique-ferroviaire-du-senegal\/#primaryimage\"},\"thumbnailUrl\":\"https:\/\/www.public.sn\/wp-content\/uploads\/2024\/07\/1er-conseil-des-ministres-diomaye-sonko-1-780x470-1.jpg\",\"keywords\":[\"a demand\u00e9 mercredi au Premier ministre\",\"bassirou diomaye faye\",\"de\",\"de r\u00e9fl\u00e9chir \u00e0 la tenue prochaine d\u2019un comit\u00e9 strat\u00e9gique consacr\u00e9e \u00e0 la politique ferroviaire du S\u00e9n\u00e9gal.\",\"le Pr\u00e9sident de la R\u00e9publique\",\"Ousmane Sonko\"],\"articleSection\":[\"ACTUALIT\u00c9S\",\"AFRIQUE &amp; MONDE\",\"COMMUNIQU\u00c9\",\"\u00c9CONOMIE\",\"POLITIQUE\",\"S\u00c9CURIT\u00c9 &amp; JUSTICE\",\"S\u00c9N\u00c9GAL\",\"TRANSPORT\"],\"inLanguage\":\"fr-FR\",\"potentialAction\":[{\"@type\":\"CommentAction\",\"name\":\"Comment\",\"target\":[\"https:\/\/www.public.sn\/index.php\/2024\/07\/04\/conseil-des-ministres-coordination-et-suivi-de-la-mise-en-oeuvre-de-la-nouvelle-politique-ferroviaire-du-senegal\/#respond\"]}]},{\"@type\":\"WebPage\",\"@id\":\"https:\/\/www.public.sn\/index.php\/2024\/07\/04\/conseil-des-ministres-coordination-et-suivi-de-la-mise-en-oeuvre-de-la-nouvelle-politique-ferroviaire-du-senegal\/\",\"url\":\"https:\/\/www.public.sn\/index.php\/2024\/07\/04\/conseil-des-ministres-coordination-et-suivi-de-la-mise-en-oeuvre-de-la-nouvelle-politique-ferroviaire-du-senegal\/\",\"name\":\"Conseil des ministres : Coordination et suivi de la mise en \u0153uvre de la nouvelle politique ferroviaire du S\u00e9n\u00e9gal - LE PUBLIC\",\"isPartOf\":{\"@id\":\"https:\/\/www.public.sn\/#website\"},\"primaryImageOfPage\":{\"@id\":\"https:\/\/www.public.sn\/index.php\/2024\/07\/04\/conseil-des-ministres-coordination-et-suivi-de-la-mise-en-oeuvre-de-la-nouvelle-politique-ferroviaire-du-senegal\/#primaryimage\"},\"image\":{\"@id\":\"https:\/\/www.public.sn\/index.php\/2024\/07\/04\/conseil-des-ministres-coordination-et-suivi-de-la-mise-en-oeuvre-de-la-nouvelle-politique-ferroviaire-du-senegal\/#primaryimage\"},\"thumbnailUrl\":\"https:\/\/www.public.sn\/wp-content\/uploads\/2024\/07\/1er-conseil-des-ministres-diomaye-sonko-1-780x470-1.jpg\",\"datePublished\":\"2024-07-04T12:25:01+00:00\",\"dateModified\":\"2024-07-04T12:25:13+00:00\",\"breadcrumb\":{\"@id\":\"https:\/\/www.public.sn\/index.php\/2024\/07\/04\/conseil-des-ministres-coordination-et-suivi-de-la-mise-en-oeuvre-de-la-nouvelle-politique-ferroviaire-du-senegal\/#breadcrumb\"},\"inLanguage\":\"fr-FR\",\"potentialAction\":[{\"@type\":\"ReadAction\",\"target\":[\"https:\/\/www.public.sn\/index.php\/2024\/07\/04\/conseil-des-ministres-coordination-et-suivi-de-la-mise-en-oeuvre-de-la-nouvelle-politique-ferroviaire-du-senegal\/\"]}]},{\"@type\":\"ImageObject\",\"inLanguage\":\"fr-FR\",\"@id\":\"https:\/\/www.public.sn\/index.php\/2024\/07\/04\/conseil-des-ministres-coordination-et-suivi-de-la-mise-en-oeuvre-de-la-nouvelle-politique-ferroviaire-du-senegal\/#primaryimage\",\"url\":\"https:\/\/www.public.sn\/wp-content\/uploads\/2024\/07\/1er-conseil-des-ministres-diomaye-sonko-1-780x470-1.jpg\",\"contentUrl\":\"https:\/\/www.public.sn\/wp-content\/uploads\/2024\/07\/1er-conseil-des-ministres-diomaye-sonko-1-780x470-1.jpg\",\"width\":780,\"height\":470},{\"@type\":\"BreadcrumbList\",\"@id\":\"https:\/\/www.public.sn\/index.php\/2024\/07\/04\/conseil-des-ministres-coordination-et-suivi-de-la-mise-en-oeuvre-de-la-nouvelle-politique-ferroviaire-du-senegal\/#breadcrumb\",\"itemListElement\":[{\"@type\":\"ListItem\",\"position\":1,\"name\":\"Accueil\",\"item\":\"https:\/\/www.public.sn\/\"},{\"@type\":\"ListItem\",\"position\":2,\"name\":\"Conseil des ministres : Coordination et suivi de la mise en \u0153uvre de la nouvelle politique ferroviaire du S\u00e9n\u00e9gal\"}]},{\"@type\":\"WebSite\",\"@id\":\"https:\/\/www.public.sn\/#website\",\"url\":\"https:\/\/www.public.sn\/\",\"name\":\"LE PUBLIC\",\"description\":\"\",\"publisher\":{\"@id\":\"https:\/\/www.public.sn\/#organization\"},\"potentialAction\":[{\"@type\":\"SearchAction\",\"target\":{\"@type\":\"EntryPoint\",\"urlTemplate\":\"https:\/\/www.public.sn\/?s={search_term_string}\"},\"query-input\":{\"@type\":\"PropertyValueSpecification\",\"valueRequired\":true,\"valueName\":\"search_term_string\"}}],\"inLanguage\":\"fr-FR\"},{\"@type\":\"Organization\",\"@id\":\"https:\/\/www.public.sn\/#organization\",\"name\":\"LE PUBLIC\",\"url\":\"https:\/\/www.public.sn\/\",\"logo\":{\"@type\":\"ImageObject\",\"inLanguage\":\"fr-FR\",\"@id\":\"https:\/\/www.public.sn\/#\/schema\/logo\/image\/\",\"url\":\"https:\/\/www.public.sn\/wp-content\/uploads\/2024\/05\/cropped-LOGO-PUBLIC.SN_.png\",\"contentUrl\":\"https:\/\/www.public.sn\/wp-content\/uploads\/2024\/05\/cropped-LOGO-PUBLIC.SN_.png\",\"width\":682,\"height\":192,\"caption\":\"LE PUBLIC\"},\"image\":{\"@id\":\"https:\/\/www.public.sn\/#\/schema\/logo\/image\/\"}},{\"@type\":\"Person\",\"@id\":\"https:\/\/www.public.sn\/#\/schema\/person\/f77cd9ce05d8fb925eb038378ee6899d\",\"name\":\"Baye Amath THIAM\",\"image\":{\"@type\":\"ImageObject\",\"inLanguage\":\"fr-FR\",\"@id\":\"https:\/\/www.public.sn\/#\/schema\/person\/image\/\",\"url\":\"https:\/\/secure.gravatar.com\/avatar\/7eb863ef1336b6f8a2ad921469701e52f094a61c698fab02f5af742ed813612d?s=96&d=mm&r=g\",\"contentUrl\":\"https:\/\/secure.gravatar.com\/avatar\/7eb863ef1336b6f8a2ad921469701e52f094a61c698fab02f5af742ed813612d?s=96&d=mm&r=g\",\"caption\":\"Baye Amath THIAM\"},\"url\":\"https:\/\/www.public.sn\/index.php\/author\/thiamba24\/\"}]}<\/script>\n<!-- \/ Yoast SEO plugin. -->","yoast_head_json":{"title":"Conseil des ministres : Coordination et suivi de la mise en \u0153uvre de la nouvelle politique ferroviaire du S\u00e9n\u00e9gal - LE PUBLIC","robots":{"index":"index","follow":"follow","max-snippet":"max-snippet:-1","max-image-preview":"max-image-preview:large","max-video-preview":"max-video-preview:-1"},"canonical":"https:\/\/www.public.sn\/index.php\/2024\/07\/04\/conseil-des-ministres-coordination-et-suivi-de-la-mise-en-oeuvre-de-la-nouvelle-politique-ferroviaire-du-senegal\/","og_locale":"fr_FR","og_type":"article","og_title":"Conseil des ministres : Coordination et suivi de la mise en \u0153uvre de la nouvelle politique ferroviaire du S\u00e9n\u00e9gal - LE PUBLIC","og_description":"Le pr\u00e9sident de la R\u00e9publique, Bassirou Diomaye Faye, a demand\u00e9 mercredi au Premier ministre, Ousmane Sonko, de r\u00e9fl\u00e9chir \u00e0 la tenue prochaine d\u2019un comit\u00e9 strat\u00e9gique consacr\u00e9e \u00e0 la politique ferroviaire du S\u00e9n\u00e9gal. Selon le communiqu\u00e9 du Conseil des ministres, parvenu \u00e0 l\u2019APS, cette rencontre, dont la date n\u2019a pas \u00e9t\u00e9 pr\u00e9cis\u00e9e, va servir de \u201ccadre institutionnel innovant de supervision, de coordination et de suivi de la mise en \u0153uvre de la nouvelle politique ferroviaire du S\u00e9n\u00e9gal\u201d. Le chef de l\u2019\u00c9tat a en outre soulign\u00e9 \u201cl\u2019urgence d\u2019\u00e9valuer les activit\u00e9s, les projets et les financements des Chemins de fer du S\u00e9n\u00e9gal (CFS), de la Soci\u00e9t\u00e9 nationale de gestion du patrimoine du Train Express r\u00e9gional (SENTER) et des Grands Trains du S\u00e9n\u00e9gal (GTS-SA)\u201d. Le pr\u00e9sident Faye a \u00e9galement invit\u00e9 le ministre des Infrastructures, des Transports terrestres et a\u00e9riens \u00e0 pr\u00e9parer, sous la supervision du Premier ministre, \u201cun sch\u00e9ma national de d\u00e9veloppement ferroviaire\u201d, incluant la planification des investissements relatifs \u00e0 l\u2019entretien et \u00e0 la modernisation du r\u00e9seau par la r\u00e9alisation de nouvelles voies, infrastructures et gares ferroviaires. Ce sch\u00e9ma devrait \u00eatre adoss\u00e9 \u00e0 \u201cun mode de financement pertinent du secteur\u201d ferroviaire, selon le communiqu\u00e9 du Conseil des ministres.","og_url":"https:\/\/www.public.sn\/index.php\/2024\/07\/04\/conseil-des-ministres-coordination-et-suivi-de-la-mise-en-oeuvre-de-la-nouvelle-politique-ferroviaire-du-senegal\/","og_site_name":"LE PUBLIC","article_published_time":"2024-07-04T12:25:01+00:00","article_modified_time":"2024-07-04T12:25:13+00:00","og_image":[{"width":780,"height":470,"url":"https:\/\/www.public.sn\/wp-content\/uploads\/2024\/07\/1er-conseil-des-ministres-diomaye-sonko-1-780x470-1.jpg","type":"image\/jpeg"}],"author":"Baye Amath THIAM","twitter_card":"summary_large_image","twitter_misc":{"\u00c9crit par":"Baye Amath THIAM","Dur\u00e9e de lecture estim\u00e9e":"2 minutes"},"schema":{"@context":"https:\/\/schema.org","@graph":[{"@type":"Article","@id":"https:\/\/www.public.sn\/index.php\/2024\/07\/04\/conseil-des-ministres-coordination-et-suivi-de-la-mise-en-oeuvre-de-la-nouvelle-politique-ferroviaire-du-senegal\/#article","isPartOf":{"@id":"https:\/\/www.public.sn\/index.php\/2024\/07\/04\/conseil-des-ministres-coordination-et-suivi-de-la-mise-en-oeuvre-de-la-nouvelle-politique-ferroviaire-du-senegal\/"},"author":{"name":"Baye Amath THIAM","@id":"https:\/\/www.public.sn\/#\/schema\/person\/f77cd9ce05d8fb925eb038378ee6899d"},"headline":"Conseil des ministres : Coordination et suivi de la mise en \u0153uvre de la nouvelle politique ferroviaire du S\u00e9n\u00e9gal","datePublished":"2024-07-04T12:25:01+00:00","dateModified":"2024-07-04T12:25:13+00:00","mainEntityOfPage":{"@id":"https:\/\/www.public.sn\/index.php\/2024\/07\/04\/conseil-des-ministres-coordination-et-suivi-de-la-mise-en-oeuvre-de-la-nouvelle-politique-ferroviaire-du-senegal\/"},"wordCount":241,"commentCount":0,"publisher":{"@id":"https:\/\/www.public.sn\/#organization"},"image":{"@id":"https:\/\/www.public.sn\/index.php\/2024\/07\/04\/conseil-des-ministres-coordination-et-suivi-de-la-mise-en-oeuvre-de-la-nouvelle-politique-ferroviaire-du-senegal\/#primaryimage"},"thumbnailUrl":"https:\/\/www.public.sn\/wp-content\/uploads\/2024\/07\/1er-conseil-des-ministres-diomaye-sonko-1-780x470-1.jpg","keywords":["a demand\u00e9 mercredi au Premier ministre","bassirou diomaye faye","de","de r\u00e9fl\u00e9chir \u00e0 la tenue prochaine d\u2019un comit\u00e9 strat\u00e9gique consacr\u00e9e \u00e0 la politique ferroviaire du S\u00e9n\u00e9gal.","le Pr\u00e9sident de la R\u00e9publique","Ousmane Sonko"],"articleSection":["ACTUALIT\u00c9S","AFRIQUE &amp; MONDE","COMMUNIQU\u00c9","\u00c9CONOMIE","POLITIQUE","S\u00c9CURIT\u00c9 &amp; JUSTICE","S\u00c9N\u00c9GAL","TRANSPORT"],"inLanguage":"fr-FR","potentialAction":[{"@type":"CommentAction","name":"Comment","target":["https:\/\/www.public.sn\/index.php\/2024\/07\/04\/conseil-des-ministres-coordination-et-suivi-de-la-mise-en-oeuvre-de-la-nouvelle-politique-ferroviaire-du-senegal\/#respond"]}]},{"@type":"WebPage","@id":"https:\/\/www.public.sn\/index.php\/2024\/07\/04\/conseil-des-ministres-coordination-et-suivi-de-la-mise-en-oeuvre-de-la-nouvelle-politique-ferroviaire-du-senegal\/","url":"https:\/\/www.public.sn\/index.php\/2024\/07\/04\/conseil-des-ministres-coordination-et-suivi-de-la-mise-en-oeuvre-de-la-nouvelle-politique-ferroviaire-du-senegal\/","name":"Conseil des ministres : Coordination et suivi de la mise en \u0153uvre de la nouvelle politique ferroviaire du S\u00e9n\u00e9gal - LE PUBLIC","isPartOf":{"@id":"https:\/\/www.public.sn\/#website"},"primaryImageOfPage":{"@id":"https:\/\/www.public.sn\/index.php\/2024\/07\/04\/conseil-des-ministres-coordination-et-suivi-de-la-mise-en-oeuvre-de-la-nouvelle-politique-ferroviaire-du-senegal\/#primaryimage"},"image":{"@id":"https:\/\/www.public.sn\/index.php\/2024\/07\/04\/conseil-des-ministres-coordination-et-suivi-de-la-mise-en-oeuvre-de-la-nouvelle-politique-ferroviaire-du-senegal\/#primaryimage"},"thumbnailUrl":"https:\/\/www.public.sn\/wp-content\/uploads\/2024\/07\/1er-conseil-des-ministres-diomaye-sonko-1-780x470-1.jpg","datePublished":"2024-07-04T12:25:01+00:00","dateModified":"2024-07-04T12:25:13+00:00","breadcrumb":{"@id":"https:\/\/www.public.sn\/index.php\/2024\/07\/04\/conseil-des-ministres-coordination-et-suivi-de-la-mise-en-oeuvre-de-la-nouvelle-politique-ferroviaire-du-senegal\/#breadcrumb"},"inLanguage":"fr-FR","potentialAction":[{"@type":"ReadAction","target":["https:\/\/www.public.sn\/index.php\/2024\/07\/04\/conseil-des-ministres-coordination-et-suivi-de-la-mise-en-oeuvre-de-la-nouvelle-politique-ferroviaire-du-senegal\/"]}]},{"@type":"ImageObject","inLanguage":"fr-FR","@id":"https:\/\/www.public.sn\/index.php\/2024\/07\/04\/conseil-des-ministres-coordination-et-suivi-de-la-mise-en-oeuvre-de-la-nouvelle-politique-ferroviaire-du-senegal\/#primaryimage","url":"https:\/\/www.public.sn\/wp-content\/uploads\/2024\/07\/1er-conseil-des-ministres-diomaye-sonko-1-780x470-1.jpg","contentUrl":"https:\/\/www.public.sn\/wp-content\/uploads\/2024\/07\/1er-conseil-des-ministres-diomaye-sonko-1-780x470-1.jpg","width":780,"height":470},{"@type":"BreadcrumbList","@id":"https:\/\/www.public.sn\/index.php\/2024\/07\/04\/conseil-des-ministres-coordination-et-suivi-de-la-mise-en-oeuvre-de-la-nouvelle-politique-ferroviaire-du-senegal\/#breadcrumb","itemListElement":[{"@type":"ListItem","position":1,"name":"Accueil","item":"https:\/\/www.public.sn\/"},{"@type":"ListItem","position":2,"name":"Conseil des ministres : Coordination et suivi de la mise en \u0153uvre de la nouvelle politique ferroviaire du S\u00e9n\u00e9gal"}]},{"@type":"WebSite","@id":"https:\/\/www.public.sn\/#website","url":"https:\/\/www.public.sn\/","name":"LE PUBLIC","description":"","publisher":{"@id":"https:\/\/www.public.sn\/#organization"},"potentialAction":[{"@type":"SearchAction","target":{"@type":"EntryPoint","urlTemplate":"https:\/\/www.public.sn\/?s={search_term_string}"},"query-input":{"@type":"PropertyValueSpecification","valueRequired":true,"valueName":"search_term_string"}}],"inLanguage":"fr-FR"},{"@type":"Organization","@id":"https:\/\/www.public.sn\/#organization","name":"LE PUBLIC","url":"https:\/\/www.public.sn\/","logo":{"@type":"ImageObject","inLanguage":"fr-FR","@id":"https:\/\/www.public.sn\/#\/schema\/logo\/image\/","url":"https:\/\/www.public.sn\/wp-content\/uploads\/2024\/05\/cropped-LOGO-PUBLIC.SN_.png","contentUrl":"https:\/\/www.public.sn\/wp-content\/uploads\/2024\/05\/cropped-LOGO-PUBLIC.SN_.png","width":682,"height":192,"caption":"LE PUBLIC"},"image":{"@id":"https:\/\/www.public.sn\/#\/schema\/logo\/image\/"}},{"@type":"Person","@id":"https:\/\/www.public.sn\/#\/schema\/person\/f77cd9ce05d8fb925eb038378ee6899d","name":"Baye Amath THIAM","image":{"@type":"ImageObject","inLanguage":"fr-FR","@id":"https:\/\/www.public.sn\/#\/schema\/person\/image\/","url":"https:\/\/secure.gravatar.com\/avatar\/7eb863ef1336b6f8a2ad921469701e52f094a61c698fab02f5af742ed813612d?s=96&d=mm&r=g","contentUrl":"https:\/\/secure.gravatar.com\/avatar\/7eb863ef1336b6f8a2ad921469701e52f094a61c698fab02f5af742ed813612d?s=96&d=mm&r=g","caption":"Baye Amath THIAM"},"url":"https:\/\/www.public.sn\/index.php\/author\/thiamba24\/"}]}},"jetpack_featured_media_url":"https:\/\/www.public.sn\/wp-content\/uploads\/2024\/07\/1er-conseil-des-ministres-diomaye-sonko-1-780x470-1.jpg","jetpack_sharing_enabled":true,"_links":{"self":[{"href":"https:\/\/www.public.sn\/index.php\/wp-json\/wp\/v2\/posts\/33814","targetHints":{"allow":["GET"]}}],"collection":[{"href":"https:\/\/www.public.sn\/index.php\/wp-json\/wp\/v2\/posts"}],"about":[{"href":"https:\/\/www.public.sn\/index.php\/wp-json\/wp\/v2\/types\/post"}],"author":[{"embeddable":true,"href":"https:\/\/www.public.sn\/index.php\/wp-json\/wp\/v2\/users\/15"}],"replies":[{"embeddable":true,"href":"https:\/\/www.public.sn\/index.php\/wp-json\/wp\/v2\/comments?post=33814"}],"version-history":[{"count":1,"href":"https:\/\/www.public.sn\/index.php\/wp-json\/wp\/v2\/posts\/33814\/revisions"}],"predecessor-version":[{"id":33816,"href":"https:\/\/www.public.sn\/index.php\/wp-json\/wp\/v2\/posts\/33814\/revisions\/33816"}],"wp:featuredmedia":[{"embeddable":true,"href":"https:\/\/www.public.sn\/index.php\/wp-json\/wp\/v2\/media\/33815"}],"wp:attachment":[{"href":"https:\/\/www.public.sn\/index.php\/wp-json\/wp\/v2\/media?parent=33814"}],"wp:term":[{"taxonomy":"category","embeddable":true,"href":"https:\/\/www.public.sn\/index.php\/wp-json\/wp\/v2\/categories?post=33814"},{"taxonomy":"post_tag","embeddable":true,"href":"https:\/\/www.public.sn\/index.php\/wp-json\/wp\/v2\/tags?post=33814"}],"curies":[{"name":"wp","href":"https:\/\/api.w.org\/{rel}","templated":true}]}}