{"id":33835,"date":"2024-07-05T12:07:26","date_gmt":"2024-07-05T12:07:26","guid":{"rendered":"https:\/\/www.public.sn\/?p=33835"},"modified":"2024-07-05T12:07:26","modified_gmt":"2024-07-05T12:07:26","slug":"saisie-des-comptes-de-gfm-birane-ndour-lache-ses-verites","status":"publish","type":"post","link":"https:\/\/www.public.sn\/index.php\/2024\/07\/05\/saisie-des-comptes-de-gfm-birane-ndour-lache-ses-verites\/","title":{"rendered":"Saisie des comptes de GFM : Birane Ndour  l\u00e2che ses v\u00e9rit\u00e9s"},"content":{"rendered":"<p>Apr\u00e8s les groupes Avenir communication, dirig\u00e9 par Madiambal Diagne, et Wal fadjri, fond\u00e9 par feu Sidy Lamine Niass, le Groupe Futurs M\u00e9dias (GFM) a vu ses comptes bloqu\u00e9s par le fisc. La r\u00e9v\u00e9lation est du directeur g\u00e9n\u00e9ral du groupe, Birane Ndour. Le fils de Youssou Ndour pr\u00e9cise que les comptes de l&rsquo;entreprise qu\u2019il dirige sont \u00abbloqu\u00e9s depuis des semaines\u00bb.<\/p><div class=\"publi-paragraphe1\" style=\"margin-top: 10px;margin-bottom: 10px;margin-left: auto;margin-right: auto;text-align: center;\" id=\"publi-2820221307\"><div class=\"publi-adlabel\">Publicit\u00e9<\/div><script async src=\"\/\/pagead2.googlesyndication.com\/pagead\/js\/adsbygoogle.js?client=ca-pub-4089586018074219\" crossorigin=\"anonymous\"><\/script><ins class=\"adsbygoogle\" style=\"display:block;\" data-ad-client=\"ca-pub-4089586018074219\" \ndata-ad-slot=\"2087940154\" \ndata-ad-format=\"auto\"><\/ins>\n<script> \n(adsbygoogle = window.adsbygoogle || []).push({}); \n<\/script>\n<\/div>\n<p>Repris par L\u2019Observateur, l\u2019un des invit\u00e9s de l\u2019\u00e9dition sp\u00e9ciale sur la cha\u00eene t\u00e9l\u00e9 du groupe, TFM, se l\u00e2che : \u00abLes gens taxent souvent GFM comme \u00e9tant un groupe qui ne s\u2019acquitte pas de ses imp\u00f4ts. Je ne dirigerai jamais un groupe qui ne s&rsquo;acquitte pas de ses imp\u00f4ts. GFM paie ses imp\u00f4ts. Le bon discours serait : &lsquo;GFM doit de l&rsquo;argent au Fisc&rsquo;, comme presque toutes les entreprises et je pense que c&rsquo;est normal. Les comptes de GFM ont \u00e9t\u00e9 bloqu\u00e9s depuis des semaines, mais on a pr\u00e9f\u00e9r\u00e9 rester dignes dans cette dure \u00e9preuve parce que nous avons l&rsquo;habitude des Avis \u00e0 tiers d\u00e9tenteur (ARD).\u00bb<\/p>\n<p>Birane Ndour confesse que GFM, \u00e0 l\u2019instar des autres groupes de m\u00e9dias, ploie sous ses charges : \u00abQuand on a un groupe avec 700 employ\u00e9s avec une masse salariale assez cons\u00e9quente, il y a trois taxes dont vous devez vous acquitter. La premi\u00e8re s\u2019appelle VRS (Versement de la retenue \u00e0 la source), la TVA (Taxe sur la valeur ajout\u00e9e) et BRS (Bordereau de retenue \u00e0 la source).  [&#8230;] Toutes [les entreprises de presse] sont dans l\u2019agonie. Ce que les gens pensent est diff\u00e9rent de la r\u00e9alit\u00e9. Quand vous asphyxiez la presse, vous asphyxiez une partie de votre d\u00e9mocratie.\u00bb<\/p>\n<p>\u00abJe suis d\u2019accord avec le gouvernement sur la gestion de la fiscalit\u00e9. Dans un pays qui se g\u00e8re avec les recettes fiscales et douani\u00e8res, il est normal que les gens s\u2019acquittent de leurs imp\u00f4ts. Mais, cela ne doit pas \u00eatre une fiscalit\u00e9 punitive\u00bb, plaide le patron de GFM. <\/p>\n<p>Birane Ndour \u00e9tait aux c\u00f4t\u00e9s de Mamadou Ibra Kane du CDEPS, de Seydina Aba Gu\u00e8ye de la Convention des jeunes reporters et d\u2019Alioune Tine de la soci\u00e9t\u00e9 civile. <\/p>\n<div class=\"publi-apres-le-contenu\" style=\"margin-top: 10px;margin-bottom: 10px;margin-left: auto;margin-right: auto;text-align: center;\" id=\"publi-1251670040\"><div class=\"publi-adlabel\">Publicit\u00e9<\/div><script async src=\"\/\/pagead2.googlesyndication.com\/pagead\/js\/adsbygoogle.js?client=ca-pub-4089586018074219\" crossorigin=\"anonymous\"><\/script><ins class=\"adsbygoogle\" style=\"display:block;\" data-ad-client=\"ca-pub-4089586018074219\" \ndata-ad-slot=\"2087940154\" \ndata-ad-format=\"auto\"><\/ins>\n<script> \n(adsbygoogle = window.adsbygoogle || []).push({}); \n<\/script>\n<\/div>","protected":false},"excerpt":{"rendered":"<p>Apr\u00e8s les groupes Avenir communication, dirig\u00e9 par Madiambal Diagne, et Wal fadjri, fond\u00e9 par feu Sidy Lamine Niass, le Groupe Futurs M\u00e9dias (GFM) a vu ses comptes bloqu\u00e9s par le fisc. La r\u00e9v\u00e9lation est du directeur g\u00e9n\u00e9ral du groupe, Birane Ndour. Le fils de Youssou Ndour pr\u00e9cise que les comptes de l&rsquo;entreprise qu\u2019il dirige sont \u00abbloqu\u00e9s depuis des semaines\u00bb. Repris par L\u2019Observateur, l\u2019un des invit\u00e9s de l\u2019\u00e9dition sp\u00e9ciale sur la cha\u00eene t\u00e9l\u00e9 du groupe, TFM, se l\u00e2che : \u00abLes gens taxent souvent GFM comme \u00e9tant un groupe qui ne s\u2019acquitte pas de ses imp\u00f4ts. Je ne dirigerai jamais un groupe qui ne s&rsquo;acquitte pas de ses imp\u00f4ts. GFM paie ses imp\u00f4ts. Le bon discours serait : &lsquo;GFM doit de l&rsquo;argent au Fisc&rsquo;, comme presque toutes les entreprises et je pense que c&rsquo;est normal. Les comptes de GFM ont \u00e9t\u00e9 bloqu\u00e9s depuis des semaines, mais on a pr\u00e9f\u00e9r\u00e9 rester dignes dans cette dure \u00e9preuve parce que nous avons l&rsquo;habitude des Avis \u00e0 tiers d\u00e9tenteur (ARD).\u00bb Birane Ndour confesse que GFM, \u00e0 l\u2019instar des autres groupes de m\u00e9dias, ploie sous ses charges : \u00abQuand on a un groupe avec 700 employ\u00e9s avec une masse salariale assez cons\u00e9quente, il y a trois taxes dont vous devez vous acquitter. La premi\u00e8re s\u2019appelle VRS (Versement de la retenue \u00e0 la source), la TVA (Taxe sur la valeur ajout\u00e9e) et BRS (Bordereau de retenue \u00e0 la source). [&#8230;] Toutes [les entreprises de presse] sont dans l\u2019agonie. Ce que les gens pensent est diff\u00e9rent de la r\u00e9alit\u00e9. Quand vous asphyxiez la presse, vous asphyxiez une partie de votre d\u00e9mocratie.\u00bb \u00abJe suis d\u2019accord avec le gouvernement sur la gestion de la fiscalit\u00e9. Dans un pays qui se g\u00e8re avec les recettes fiscales et douani\u00e8res, il est normal que les gens s\u2019acquittent de leurs imp\u00f4ts. Mais, cela ne doit pas \u00eatre une fiscalit\u00e9 punitive\u00bb, plaide le patron de GFM. Birane Ndour \u00e9tait aux c\u00f4t\u00e9s de Mamadou Ibra Kane du CDEPS, de Seydina Aba Gu\u00e8ye de la Convention des jeunes reporters et d\u2019Alioune Tine de la soci\u00e9t\u00e9 civile.<\/p>\n","protected":false},"author":15,"featured_media":33836,"comment_status":"open","ping_status":"open","sticky":false,"template":"","format":"standard","meta":{"_jetpack_memberships_contains_paid_content":false,"footnotes":""},"categories":[375,1575,549,3724,961,3,376,1,4],"tags":[2228,3880,963,6355,509],"class_list":["post-33835","post","type-post","status-publish","format-standard","has-post-thumbnail","hentry","category-actualites","category-contributions","category-economie","category-justice","category-medias","category-politique","category-securite-justice","category-non-classe","category-societe","tag-birane-ndour","tag-fisc","tag-gfm","tag-saisie-des-comptes-de-gfm","tag-youssou-ndour","entry","has-media","owp-thumbs-layout-horizontal","owp-btn-normal","owp-tabs-layout-horizontal","has-no-thumbnails","has-product-nav"],"yoast_head":"<!-- This site is optimized with the Yoast SEO plugin v25.5 - https:\/\/yoast.com\/wordpress\/plugins\/seo\/ -->\n<title>Saisie des comptes de GFM : Birane Ndour l\u00e2che ses v\u00e9rit\u00e9s - LE PUBLIC<\/title>\n<meta name=\"robots\" content=\"index, follow, max-snippet:-1, max-image-preview:large, max-video-preview:-1\" \/>\n<link rel=\"canonical\" href=\"https:\/\/www.public.sn\/index.php\/2024\/07\/05\/saisie-des-comptes-de-gfm-birane-ndour-lache-ses-verites\/\" \/>\n<meta property=\"og:locale\" content=\"fr_FR\" \/>\n<meta property=\"og:type\" content=\"article\" \/>\n<meta property=\"og:title\" content=\"Saisie des comptes de GFM : Birane Ndour l\u00e2che ses v\u00e9rit\u00e9s - LE PUBLIC\" \/>\n<meta property=\"og:description\" content=\"Apr\u00e8s les groupes Avenir communication, dirig\u00e9 par Madiambal Diagne, et Wal fadjri, fond\u00e9 par feu Sidy Lamine Niass, le Groupe Futurs M\u00e9dias (GFM) a vu ses comptes bloqu\u00e9s par le fisc. La r\u00e9v\u00e9lation est du directeur g\u00e9n\u00e9ral du groupe, Birane Ndour. Le fils de Youssou Ndour pr\u00e9cise que les comptes de l&rsquo;entreprise qu\u2019il dirige sont \u00abbloqu\u00e9s depuis des semaines\u00bb. Repris par L\u2019Observateur, l\u2019un des invit\u00e9s de l\u2019\u00e9dition sp\u00e9ciale sur la cha\u00eene t\u00e9l\u00e9 du groupe, TFM, se l\u00e2che : \u00abLes gens taxent souvent GFM comme \u00e9tant un groupe qui ne s\u2019acquitte pas de ses imp\u00f4ts. Je ne dirigerai jamais un groupe qui ne s&rsquo;acquitte pas de ses imp\u00f4ts. GFM paie ses imp\u00f4ts. Le bon discours serait : &lsquo;GFM doit de l&rsquo;argent au Fisc&rsquo;, comme presque toutes les entreprises et je pense que c&rsquo;est normal. Les comptes de GFM ont \u00e9t\u00e9 bloqu\u00e9s depuis des semaines, mais on a pr\u00e9f\u00e9r\u00e9 rester dignes dans cette dure \u00e9preuve parce que nous avons l&rsquo;habitude des Avis \u00e0 tiers d\u00e9tenteur (ARD).\u00bb Birane Ndour confesse que GFM, \u00e0 l\u2019instar des autres groupes de m\u00e9dias, ploie sous ses charges : \u00abQuand on a un groupe avec 700 employ\u00e9s avec une masse salariale assez cons\u00e9quente, il y a trois taxes dont vous devez vous acquitter. La premi\u00e8re s\u2019appelle VRS (Versement de la retenue \u00e0 la source), la TVA (Taxe sur la valeur ajout\u00e9e) et BRS (Bordereau de retenue \u00e0 la source). [&#8230;] Toutes [les entreprises de presse] sont dans l\u2019agonie. Ce que les gens pensent est diff\u00e9rent de la r\u00e9alit\u00e9. Quand vous asphyxiez la presse, vous asphyxiez une partie de votre d\u00e9mocratie.\u00bb \u00abJe suis d\u2019accord avec le gouvernement sur la gestion de la fiscalit\u00e9. Dans un pays qui se g\u00e8re avec les recettes fiscales et douani\u00e8res, il est normal que les gens s\u2019acquittent de leurs imp\u00f4ts. Mais, cela ne doit pas \u00eatre une fiscalit\u00e9 punitive\u00bb, plaide le patron de GFM. Birane Ndour \u00e9tait aux c\u00f4t\u00e9s de Mamadou Ibra Kane du CDEPS, de Seydina Aba Gu\u00e8ye de la Convention des jeunes reporters et d\u2019Alioune Tine de la soci\u00e9t\u00e9 civile.\" \/>\n<meta property=\"og:url\" content=\"https:\/\/www.public.sn\/index.php\/2024\/07\/05\/saisie-des-comptes-de-gfm-birane-ndour-lache-ses-verites\/\" \/>\n<meta property=\"og:site_name\" content=\"LE PUBLIC\" \/>\n<meta property=\"article:published_time\" content=\"2024-07-05T12:07:26+00:00\" \/>\n<meta property=\"og:image\" content=\"https:\/\/www.public.sn\/wp-content\/uploads\/2024\/07\/5a-696x357-1.jpg\" \/>\n\t<meta property=\"og:image:width\" content=\"696\" \/>\n\t<meta property=\"og:image:height\" content=\"357\" \/>\n\t<meta property=\"og:image:type\" content=\"image\/jpeg\" \/>\n<meta name=\"author\" content=\"Baye Amath THIAM\" \/>\n<meta name=\"twitter:card\" content=\"summary_large_image\" \/>\n<meta name=\"twitter:label1\" content=\"\u00c9crit par\" \/>\n\t<meta name=\"twitter:data1\" content=\"Baye Amath THIAM\" \/>\n\t<meta name=\"twitter:label2\" content=\"Dur\u00e9e de lecture estim\u00e9e\" \/>\n\t<meta name=\"twitter:data2\" content=\"1 minute\" \/>\n<script type=\"application\/ld+json\" class=\"yoast-schema-graph\">{\"@context\":\"https:\/\/schema.org\",\"@graph\":[{\"@type\":\"Article\",\"@id\":\"https:\/\/www.public.sn\/index.php\/2024\/07\/05\/saisie-des-comptes-de-gfm-birane-ndour-lache-ses-verites\/#article\",\"isPartOf\":{\"@id\":\"https:\/\/www.public.sn\/index.php\/2024\/07\/05\/saisie-des-comptes-de-gfm-birane-ndour-lache-ses-verites\/\"},\"author\":{\"name\":\"Baye Amath THIAM\",\"@id\":\"https:\/\/www.public.sn\/#\/schema\/person\/f77cd9ce05d8fb925eb038378ee6899d\"},\"headline\":\"Saisie des comptes de GFM : Birane Ndour l\u00e2che ses v\u00e9rit\u00e9s\",\"datePublished\":\"2024-07-05T12:07:26+00:00\",\"mainEntityOfPage\":{\"@id\":\"https:\/\/www.public.sn\/index.php\/2024\/07\/05\/saisie-des-comptes-de-gfm-birane-ndour-lache-ses-verites\/\"},\"wordCount\":389,\"commentCount\":0,\"publisher\":{\"@id\":\"https:\/\/www.public.sn\/#organization\"},\"image\":{\"@id\":\"https:\/\/www.public.sn\/index.php\/2024\/07\/05\/saisie-des-comptes-de-gfm-birane-ndour-lache-ses-verites\/#primaryimage\"},\"thumbnailUrl\":\"https:\/\/www.public.sn\/wp-content\/uploads\/2024\/07\/5a-696x357-1.jpg\",\"keywords\":[\"birane ndour\",\"Fisc\",\"Gfm\",\"Saisie des comptes de GFM\",\"Youssou Ndour\"],\"articleSection\":[\"ACTUALIT\u00c9S\",\"CONTRIBUTIONS\",\"\u00c9CONOMIE\",\"justice\",\"M\u00c9DIAS\",\"POLITIQUE\",\"S\u00c9CURIT\u00c9 &amp; JUSTICE\",\"S\u00c9N\u00c9GAL\",\"SOCIETE\"],\"inLanguage\":\"fr-FR\",\"potentialAction\":[{\"@type\":\"CommentAction\",\"name\":\"Comment\",\"target\":[\"https:\/\/www.public.sn\/index.php\/2024\/07\/05\/saisie-des-comptes-de-gfm-birane-ndour-lache-ses-verites\/#respond\"]}]},{\"@type\":\"WebPage\",\"@id\":\"https:\/\/www.public.sn\/index.php\/2024\/07\/05\/saisie-des-comptes-de-gfm-birane-ndour-lache-ses-verites\/\",\"url\":\"https:\/\/www.public.sn\/index.php\/2024\/07\/05\/saisie-des-comptes-de-gfm-birane-ndour-lache-ses-verites\/\",\"name\":\"Saisie des comptes de GFM : Birane Ndour l\u00e2che ses v\u00e9rit\u00e9s - LE PUBLIC\",\"isPartOf\":{\"@id\":\"https:\/\/www.public.sn\/#website\"},\"primaryImageOfPage\":{\"@id\":\"https:\/\/www.public.sn\/index.php\/2024\/07\/05\/saisie-des-comptes-de-gfm-birane-ndour-lache-ses-verites\/#primaryimage\"},\"image\":{\"@id\":\"https:\/\/www.public.sn\/index.php\/2024\/07\/05\/saisie-des-comptes-de-gfm-birane-ndour-lache-ses-verites\/#primaryimage\"},\"thumbnailUrl\":\"https:\/\/www.public.sn\/wp-content\/uploads\/2024\/07\/5a-696x357-1.jpg\",\"datePublished\":\"2024-07-05T12:07:26+00:00\",\"breadcrumb\":{\"@id\":\"https:\/\/www.public.sn\/index.php\/2024\/07\/05\/saisie-des-comptes-de-gfm-birane-ndour-lache-ses-verites\/#breadcrumb\"},\"inLanguage\":\"fr-FR\",\"potentialAction\":[{\"@type\":\"ReadAction\",\"target\":[\"https:\/\/www.public.sn\/index.php\/2024\/07\/05\/saisie-des-comptes-de-gfm-birane-ndour-lache-ses-verites\/\"]}]},{\"@type\":\"ImageObject\",\"inLanguage\":\"fr-FR\",\"@id\":\"https:\/\/www.public.sn\/index.php\/2024\/07\/05\/saisie-des-comptes-de-gfm-birane-ndour-lache-ses-verites\/#primaryimage\",\"url\":\"https:\/\/www.public.sn\/wp-content\/uploads\/2024\/07\/5a-696x357-1.jpg\",\"contentUrl\":\"https:\/\/www.public.sn\/wp-content\/uploads\/2024\/07\/5a-696x357-1.jpg\",\"width\":696,\"height\":357},{\"@type\":\"BreadcrumbList\",\"@id\":\"https:\/\/www.public.sn\/index.php\/2024\/07\/05\/saisie-des-comptes-de-gfm-birane-ndour-lache-ses-verites\/#breadcrumb\",\"itemListElement\":[{\"@type\":\"ListItem\",\"position\":1,\"name\":\"Accueil\",\"item\":\"https:\/\/www.public.sn\/\"},{\"@type\":\"ListItem\",\"position\":2,\"name\":\"Saisie des comptes de GFM : Birane Ndour l\u00e2che ses v\u00e9rit\u00e9s\"}]},{\"@type\":\"WebSite\",\"@id\":\"https:\/\/www.public.sn\/#website\",\"url\":\"https:\/\/www.public.sn\/\",\"name\":\"LE PUBLIC\",\"description\":\"\",\"publisher\":{\"@id\":\"https:\/\/www.public.sn\/#organization\"},\"potentialAction\":[{\"@type\":\"SearchAction\",\"target\":{\"@type\":\"EntryPoint\",\"urlTemplate\":\"https:\/\/www.public.sn\/?s={search_term_string}\"},\"query-input\":{\"@type\":\"PropertyValueSpecification\",\"valueRequired\":true,\"valueName\":\"search_term_string\"}}],\"inLanguage\":\"fr-FR\"},{\"@type\":\"Organization\",\"@id\":\"https:\/\/www.public.sn\/#organization\",\"name\":\"LE PUBLIC\",\"url\":\"https:\/\/www.public.sn\/\",\"logo\":{\"@type\":\"ImageObject\",\"inLanguage\":\"fr-FR\",\"@id\":\"https:\/\/www.public.sn\/#\/schema\/logo\/image\/\",\"url\":\"https:\/\/www.public.sn\/wp-content\/uploads\/2024\/05\/cropped-LOGO-PUBLIC.SN_.png\",\"contentUrl\":\"https:\/\/www.public.sn\/wp-content\/uploads\/2024\/05\/cropped-LOGO-PUBLIC.SN_.png\",\"width\":682,\"height\":192,\"caption\":\"LE PUBLIC\"},\"image\":{\"@id\":\"https:\/\/www.public.sn\/#\/schema\/logo\/image\/\"}},{\"@type\":\"Person\",\"@id\":\"https:\/\/www.public.sn\/#\/schema\/person\/f77cd9ce05d8fb925eb038378ee6899d\",\"name\":\"Baye Amath THIAM\",\"image\":{\"@type\":\"ImageObject\",\"inLanguage\":\"fr-FR\",\"@id\":\"https:\/\/www.public.sn\/#\/schema\/person\/image\/\",\"url\":\"https:\/\/secure.gravatar.com\/avatar\/7eb863ef1336b6f8a2ad921469701e52f094a61c698fab02f5af742ed813612d?s=96&d=mm&r=g\",\"contentUrl\":\"https:\/\/secure.gravatar.com\/avatar\/7eb863ef1336b6f8a2ad921469701e52f094a61c698fab02f5af742ed813612d?s=96&d=mm&r=g\",\"caption\":\"Baye Amath THIAM\"},\"url\":\"https:\/\/www.public.sn\/index.php\/author\/thiamba24\/\"}]}<\/script>\n<!-- \/ Yoast SEO plugin. -->","yoast_head_json":{"title":"Saisie des comptes de GFM : Birane Ndour l\u00e2che ses v\u00e9rit\u00e9s - LE PUBLIC","robots":{"index":"index","follow":"follow","max-snippet":"max-snippet:-1","max-image-preview":"max-image-preview:large","max-video-preview":"max-video-preview:-1"},"canonical":"https:\/\/www.public.sn\/index.php\/2024\/07\/05\/saisie-des-comptes-de-gfm-birane-ndour-lache-ses-verites\/","og_locale":"fr_FR","og_type":"article","og_title":"Saisie des comptes de GFM : Birane Ndour l\u00e2che ses v\u00e9rit\u00e9s - LE PUBLIC","og_description":"Apr\u00e8s les groupes Avenir communication, dirig\u00e9 par Madiambal Diagne, et Wal fadjri, fond\u00e9 par feu Sidy Lamine Niass, le Groupe Futurs M\u00e9dias (GFM) a vu ses comptes bloqu\u00e9s par le fisc. La r\u00e9v\u00e9lation est du directeur g\u00e9n\u00e9ral du groupe, Birane Ndour. Le fils de Youssou Ndour pr\u00e9cise que les comptes de l&rsquo;entreprise qu\u2019il dirige sont \u00abbloqu\u00e9s depuis des semaines\u00bb. Repris par L\u2019Observateur, l\u2019un des invit\u00e9s de l\u2019\u00e9dition sp\u00e9ciale sur la cha\u00eene t\u00e9l\u00e9 du groupe, TFM, se l\u00e2che : \u00abLes gens taxent souvent GFM comme \u00e9tant un groupe qui ne s\u2019acquitte pas de ses imp\u00f4ts. Je ne dirigerai jamais un groupe qui ne s&rsquo;acquitte pas de ses imp\u00f4ts. GFM paie ses imp\u00f4ts. Le bon discours serait : &lsquo;GFM doit de l&rsquo;argent au Fisc&rsquo;, comme presque toutes les entreprises et je pense que c&rsquo;est normal. Les comptes de GFM ont \u00e9t\u00e9 bloqu\u00e9s depuis des semaines, mais on a pr\u00e9f\u00e9r\u00e9 rester dignes dans cette dure \u00e9preuve parce que nous avons l&rsquo;habitude des Avis \u00e0 tiers d\u00e9tenteur (ARD).\u00bb Birane Ndour confesse que GFM, \u00e0 l\u2019instar des autres groupes de m\u00e9dias, ploie sous ses charges : \u00abQuand on a un groupe avec 700 employ\u00e9s avec une masse salariale assez cons\u00e9quente, il y a trois taxes dont vous devez vous acquitter. La premi\u00e8re s\u2019appelle VRS (Versement de la retenue \u00e0 la source), la TVA (Taxe sur la valeur ajout\u00e9e) et BRS (Bordereau de retenue \u00e0 la source). [&#8230;] Toutes [les entreprises de presse] sont dans l\u2019agonie. Ce que les gens pensent est diff\u00e9rent de la r\u00e9alit\u00e9. Quand vous asphyxiez la presse, vous asphyxiez une partie de votre d\u00e9mocratie.\u00bb \u00abJe suis d\u2019accord avec le gouvernement sur la gestion de la fiscalit\u00e9. Dans un pays qui se g\u00e8re avec les recettes fiscales et douani\u00e8res, il est normal que les gens s\u2019acquittent de leurs imp\u00f4ts. Mais, cela ne doit pas \u00eatre une fiscalit\u00e9 punitive\u00bb, plaide le patron de GFM. Birane Ndour \u00e9tait aux c\u00f4t\u00e9s de Mamadou Ibra Kane du CDEPS, de Seydina Aba Gu\u00e8ye de la Convention des jeunes reporters et d\u2019Alioune Tine de la soci\u00e9t\u00e9 civile.","og_url":"https:\/\/www.public.sn\/index.php\/2024\/07\/05\/saisie-des-comptes-de-gfm-birane-ndour-lache-ses-verites\/","og_site_name":"LE PUBLIC","article_published_time":"2024-07-05T12:07:26+00:00","og_image":[{"width":696,"height":357,"url":"https:\/\/www.public.sn\/wp-content\/uploads\/2024\/07\/5a-696x357-1.jpg","type":"image\/jpeg"}],"author":"Baye Amath THIAM","twitter_card":"summary_large_image","twitter_misc":{"\u00c9crit par":"Baye Amath THIAM","Dur\u00e9e de lecture estim\u00e9e":"1 minute"},"schema":{"@context":"https:\/\/schema.org","@graph":[{"@type":"Article","@id":"https:\/\/www.public.sn\/index.php\/2024\/07\/05\/saisie-des-comptes-de-gfm-birane-ndour-lache-ses-verites\/#article","isPartOf":{"@id":"https:\/\/www.public.sn\/index.php\/2024\/07\/05\/saisie-des-comptes-de-gfm-birane-ndour-lache-ses-verites\/"},"author":{"name":"Baye Amath THIAM","@id":"https:\/\/www.public.sn\/#\/schema\/person\/f77cd9ce05d8fb925eb038378ee6899d"},"headline":"Saisie des comptes de GFM : Birane Ndour l\u00e2che ses v\u00e9rit\u00e9s","datePublished":"2024-07-05T12:07:26+00:00","mainEntityOfPage":{"@id":"https:\/\/www.public.sn\/index.php\/2024\/07\/05\/saisie-des-comptes-de-gfm-birane-ndour-lache-ses-verites\/"},"wordCount":389,"commentCount":0,"publisher":{"@id":"https:\/\/www.public.sn\/#organization"},"image":{"@id":"https:\/\/www.public.sn\/index.php\/2024\/07\/05\/saisie-des-comptes-de-gfm-birane-ndour-lache-ses-verites\/#primaryimage"},"thumbnailUrl":"https:\/\/www.public.sn\/wp-content\/uploads\/2024\/07\/5a-696x357-1.jpg","keywords":["birane ndour","Fisc","Gfm","Saisie des comptes de GFM","Youssou Ndour"],"articleSection":["ACTUALIT\u00c9S","CONTRIBUTIONS","\u00c9CONOMIE","justice","M\u00c9DIAS","POLITIQUE","S\u00c9CURIT\u00c9 &amp; JUSTICE","S\u00c9N\u00c9GAL","SOCIETE"],"inLanguage":"fr-FR","potentialAction":[{"@type":"CommentAction","name":"Comment","target":["https:\/\/www.public.sn\/index.php\/2024\/07\/05\/saisie-des-comptes-de-gfm-birane-ndour-lache-ses-verites\/#respond"]}]},{"@type":"WebPage","@id":"https:\/\/www.public.sn\/index.php\/2024\/07\/05\/saisie-des-comptes-de-gfm-birane-ndour-lache-ses-verites\/","url":"https:\/\/www.public.sn\/index.php\/2024\/07\/05\/saisie-des-comptes-de-gfm-birane-ndour-lache-ses-verites\/","name":"Saisie des comptes de GFM : Birane Ndour l\u00e2che ses v\u00e9rit\u00e9s - LE PUBLIC","isPartOf":{"@id":"https:\/\/www.public.sn\/#website"},"primaryImageOfPage":{"@id":"https:\/\/www.public.sn\/index.php\/2024\/07\/05\/saisie-des-comptes-de-gfm-birane-ndour-lache-ses-verites\/#primaryimage"},"image":{"@id":"https:\/\/www.public.sn\/index.php\/2024\/07\/05\/saisie-des-comptes-de-gfm-birane-ndour-lache-ses-verites\/#primaryimage"},"thumbnailUrl":"https:\/\/www.public.sn\/wp-content\/uploads\/2024\/07\/5a-696x357-1.jpg","datePublished":"2024-07-05T12:07:26+00:00","breadcrumb":{"@id":"https:\/\/www.public.sn\/index.php\/2024\/07\/05\/saisie-des-comptes-de-gfm-birane-ndour-lache-ses-verites\/#breadcrumb"},"inLanguage":"fr-FR","potentialAction":[{"@type":"ReadAction","target":["https:\/\/www.public.sn\/index.php\/2024\/07\/05\/saisie-des-comptes-de-gfm-birane-ndour-lache-ses-verites\/"]}]},{"@type":"ImageObject","inLanguage":"fr-FR","@id":"https:\/\/www.public.sn\/index.php\/2024\/07\/05\/saisie-des-comptes-de-gfm-birane-ndour-lache-ses-verites\/#primaryimage","url":"https:\/\/www.public.sn\/wp-content\/uploads\/2024\/07\/5a-696x357-1.jpg","contentUrl":"https:\/\/www.public.sn\/wp-content\/uploads\/2024\/07\/5a-696x357-1.jpg","width":696,"height":357},{"@type":"BreadcrumbList","@id":"https:\/\/www.public.sn\/index.php\/2024\/07\/05\/saisie-des-comptes-de-gfm-birane-ndour-lache-ses-verites\/#breadcrumb","itemListElement":[{"@type":"ListItem","position":1,"name":"Accueil","item":"https:\/\/www.public.sn\/"},{"@type":"ListItem","position":2,"name":"Saisie des comptes de GFM : Birane Ndour l\u00e2che ses v\u00e9rit\u00e9s"}]},{"@type":"WebSite","@id":"https:\/\/www.public.sn\/#website","url":"https:\/\/www.public.sn\/","name":"LE PUBLIC","description":"","publisher":{"@id":"https:\/\/www.public.sn\/#organization"},"potentialAction":[{"@type":"SearchAction","target":{"@type":"EntryPoint","urlTemplate":"https:\/\/www.public.sn\/?s={search_term_string}"},"query-input":{"@type":"PropertyValueSpecification","valueRequired":true,"valueName":"search_term_string"}}],"inLanguage":"fr-FR"},{"@type":"Organization","@id":"https:\/\/www.public.sn\/#organization","name":"LE PUBLIC","url":"https:\/\/www.public.sn\/","logo":{"@type":"ImageObject","inLanguage":"fr-FR","@id":"https:\/\/www.public.sn\/#\/schema\/logo\/image\/","url":"https:\/\/www.public.sn\/wp-content\/uploads\/2024\/05\/cropped-LOGO-PUBLIC.SN_.png","contentUrl":"https:\/\/www.public.sn\/wp-content\/uploads\/2024\/05\/cropped-LOGO-PUBLIC.SN_.png","width":682,"height":192,"caption":"LE PUBLIC"},"image":{"@id":"https:\/\/www.public.sn\/#\/schema\/logo\/image\/"}},{"@type":"Person","@id":"https:\/\/www.public.sn\/#\/schema\/person\/f77cd9ce05d8fb925eb038378ee6899d","name":"Baye Amath THIAM","image":{"@type":"ImageObject","inLanguage":"fr-FR","@id":"https:\/\/www.public.sn\/#\/schema\/person\/image\/","url":"https:\/\/secure.gravatar.com\/avatar\/7eb863ef1336b6f8a2ad921469701e52f094a61c698fab02f5af742ed813612d?s=96&d=mm&r=g","contentUrl":"https:\/\/secure.gravatar.com\/avatar\/7eb863ef1336b6f8a2ad921469701e52f094a61c698fab02f5af742ed813612d?s=96&d=mm&r=g","caption":"Baye Amath THIAM"},"url":"https:\/\/www.public.sn\/index.php\/author\/thiamba24\/"}]}},"jetpack_featured_media_url":"https:\/\/www.public.sn\/wp-content\/uploads\/2024\/07\/5a-696x357-1.jpg","jetpack_sharing_enabled":true,"_links":{"self":[{"href":"https:\/\/www.public.sn\/index.php\/wp-json\/wp\/v2\/posts\/33835","targetHints":{"allow":["GET"]}}],"collection":[{"href":"https:\/\/www.public.sn\/index.php\/wp-json\/wp\/v2\/posts"}],"about":[{"href":"https:\/\/www.public.sn\/index.php\/wp-json\/wp\/v2\/types\/post"}],"author":[{"embeddable":true,"href":"https:\/\/www.public.sn\/index.php\/wp-json\/wp\/v2\/users\/15"}],"replies":[{"embeddable":true,"href":"https:\/\/www.public.sn\/index.php\/wp-json\/wp\/v2\/comments?post=33835"}],"version-history":[{"count":1,"href":"https:\/\/www.public.sn\/index.php\/wp-json\/wp\/v2\/posts\/33835\/revisions"}],"predecessor-version":[{"id":33837,"href":"https:\/\/www.public.sn\/index.php\/wp-json\/wp\/v2\/posts\/33835\/revisions\/33837"}],"wp:featuredmedia":[{"embeddable":true,"href":"https:\/\/www.public.sn\/index.php\/wp-json\/wp\/v2\/media\/33836"}],"wp:attachment":[{"href":"https:\/\/www.public.sn\/index.php\/wp-json\/wp\/v2\/media?parent=33835"}],"wp:term":[{"taxonomy":"category","embeddable":true,"href":"https:\/\/www.public.sn\/index.php\/wp-json\/wp\/v2\/categories?post=33835"},{"taxonomy":"post_tag","embeddable":true,"href":"https:\/\/www.public.sn\/index.php\/wp-json\/wp\/v2\/tags?post=33835"}],"curies":[{"name":"wp","href":"https:\/\/api.w.org\/{rel}","templated":true}]}}