{"id":33856,"date":"2024-07-05T21:01:58","date_gmt":"2024-07-05T21:01:58","guid":{"rendered":"https:\/\/www.public.sn\/?p=33856"},"modified":"2024-07-05T21:01:58","modified_gmt":"2024-07-05T21:01:58","slug":"presse-la-convention-des-jeunes-reporters-du-senegal-cjrs-recu-au-palais-de-la-republique","status":"publish","type":"post","link":"https:\/\/www.public.sn\/index.php\/2024\/07\/05\/presse-la-convention-des-jeunes-reporters-du-senegal-cjrs-recu-au-palais-de-la-republique\/","title":{"rendered":"PRESSE : La Convention des Jeunes Reporters du S\u00e9n\u00e9gal (CJRS) re\u00e7u au palais de la R\u00e9publique"},"content":{"rendered":"<p>Le Pr\u00e9sident de la R\u00e9publique, Bassirou Diomaye Faye, a re\u00e7u aujourd\u2019hui au palais de la R\u00e9publique la d\u00e9l\u00e9gation de la Convention des Jeunes Reporters du S\u00e9n\u00e9gal (CJRS). <\/p><div class=\"publi-paragraphe1\" style=\"margin-top: 10px;margin-bottom: 10px;margin-left: auto;margin-right: auto;text-align: center;\" id=\"publi-3322796801\"><div class=\"publi-adlabel\">Publicit\u00e9<\/div><script async src=\"\/\/pagead2.googlesyndication.com\/pagead\/js\/adsbygoogle.js?client=ca-pub-4089586018074219\" crossorigin=\"anonymous\"><\/script><ins class=\"adsbygoogle\" style=\"display:block;\" data-ad-client=\"ca-pub-4089586018074219\" \ndata-ad-slot=\"2087940154\" \ndata-ad-format=\"auto\"><\/ins>\n<script> \n(adsbygoogle = window.adsbygoogle || []).push({}); \n<\/script>\n<\/div>\n<p>Migui Marame Ndiaye, pr\u00e9sident de la CJRS, a expos\u00e9 les d\u00e9fis auxquels sont confront\u00e9s les journalistes s\u00e9n\u00e9galais, notamment la pr\u00e9carit\u00e9 salariale, les besoins en formation et les questions de s\u00e9curit\u00e9. Les jeunes reporters ont \u00e9galement plaid\u00e9 pour une fiscalit\u00e9 plus flexible pour les groupes de presse, tout en appelant au respect strict du code de la presse.<\/p>\n<p>Le Pr\u00e9sident Faye a salu\u00e9 l&rsquo;engagement de la CJRS pour une presse \u00e9thique et dynamique, affirmant que ces enjeux s&rsquo;alignent sur la vision gouvernementale de la bonne gouvernance. Le Chef de l\u2019\u00c9tat a \u00e9galement insist\u00e9 sur l&rsquo;importance de la justice fiscale et du respect des lois, des \u00e9l\u00e9ments cruciaux pour la consolidation de la d\u00e9mocratie s\u00e9n\u00e9galaise.<\/p>\n<p>Dans ce contexte, le Pr\u00e9sident a r\u00e9it\u00e9r\u00e9 son soutien ind\u00e9fectible \u00e0 la presse, qu&rsquo;il consid\u00e8re comme un pilier essentiel de la soci\u00e9t\u00e9 s\u00e9n\u00e9galaise. Cette rencontre intervient alors que la CJRS c\u00e9l\u00e8bre cette ann\u00e9e son 20e anniversaire avec un gala et la remise du prix Mame Less Camara pour l&rsquo;excellence en journalisme d&rsquo;investigation.<\/p>\n<p>\u00ab\u00a0Votre travail est vital pour notre nation, et nous sommes d\u00e9termin\u00e9s \u00e0 soutenir une presse libre et responsable\u00a0\u00bb, a d\u00e9clar\u00e9 le Pr\u00e9sident.<\/p>\n<div class=\"publi-apres-le-contenu\" style=\"margin-top: 10px;margin-bottom: 10px;margin-left: auto;margin-right: auto;text-align: center;\" id=\"publi-3811017554\"><div class=\"publi-adlabel\">Publicit\u00e9<\/div><script async src=\"\/\/pagead2.googlesyndication.com\/pagead\/js\/adsbygoogle.js?client=ca-pub-4089586018074219\" crossorigin=\"anonymous\"><\/script><ins class=\"adsbygoogle\" style=\"display:block;\" data-ad-client=\"ca-pub-4089586018074219\" \ndata-ad-slot=\"2087940154\" \ndata-ad-format=\"auto\"><\/ins>\n<script> \n(adsbygoogle = window.adsbygoogle || []).push({}); \n<\/script>\n<\/div>","protected":false},"excerpt":{"rendered":"<p>Le Pr\u00e9sident de la R\u00e9publique, Bassirou Diomaye Faye, a re\u00e7u aujourd\u2019hui au palais de la R\u00e9publique la d\u00e9l\u00e9gation de la Convention des Jeunes Reporters du S\u00e9n\u00e9gal (CJRS). Migui Marame Ndiaye, pr\u00e9sident de la CJRS, a expos\u00e9 les d\u00e9fis auxquels sont confront\u00e9s les journalistes s\u00e9n\u00e9galais, notamment la pr\u00e9carit\u00e9 salariale, les besoins en formation et les questions de s\u00e9curit\u00e9. Les jeunes reporters ont \u00e9galement plaid\u00e9 pour une fiscalit\u00e9 plus flexible pour les groupes de presse, tout en appelant au respect strict du code de la presse. Le Pr\u00e9sident Faye a salu\u00e9 l&rsquo;engagement de la CJRS pour une presse \u00e9thique et dynamique, affirmant que ces enjeux s&rsquo;alignent sur la vision gouvernementale de la bonne gouvernance. Le Chef de l\u2019\u00c9tat a \u00e9galement insist\u00e9 sur l&rsquo;importance de la justice fiscale et du respect des lois, des \u00e9l\u00e9ments cruciaux pour la consolidation de la d\u00e9mocratie s\u00e9n\u00e9galaise. Dans ce contexte, le Pr\u00e9sident a r\u00e9it\u00e9r\u00e9 son soutien ind\u00e9fectible \u00e0 la presse, qu&rsquo;il consid\u00e8re comme un pilier essentiel de la soci\u00e9t\u00e9 s\u00e9n\u00e9galaise. Cette rencontre intervient alors que la CJRS c\u00e9l\u00e8bre cette ann\u00e9e son 20e anniversaire avec un gala et la remise du prix Mame Less Camara pour l&rsquo;excellence en journalisme d&rsquo;investigation. \u00ab\u00a0Votre travail est vital pour notre nation, et nous sommes d\u00e9termin\u00e9s \u00e0 soutenir une presse libre et responsable\u00a0\u00bb, a d\u00e9clar\u00e9 le Pr\u00e9sident.<\/p>\n","protected":false},"author":15,"featured_media":33857,"comment_status":"open","ping_status":"open","sticky":false,"template":"","format":"standard","meta":{"_jetpack_memberships_contains_paid_content":false,"footnotes":""},"categories":[375,550,549,3728,844,1,4,4478],"tags":[6378,6374,3678,6375,5718,6376,6377],"class_list":["post-33856","post","type-post","status-publish","format-standard","has-post-thumbnail","hentry","category-actualites","category-afrique-monde","category-economie","category-internationale","category-revue-de-presse","category-non-classe","category-societe","category-telecommunication","tag-a-expose-les-defis-auxquels-sont-confrontes-les-journalistes-senegalais","tag-a-recu-aujourdhui-au-palais-de-la-republique","tag-bassirou-diomaye-faye","tag-la-delegation-de-la-convention-des-jeunes-reporters-du-senegal-cjrs","tag-le-president-de-la-republique","tag-migui-marame-ndiaye","tag-president-de-la-cjrs","entry","has-media","owp-thumbs-layout-horizontal","owp-btn-normal","owp-tabs-layout-horizontal","has-no-thumbnails","has-product-nav"],"yoast_head":"<!-- This site is optimized with the Yoast SEO plugin v25.5 - https:\/\/yoast.com\/wordpress\/plugins\/seo\/ -->\n<title>PRESSE : La Convention des Jeunes Reporters du S\u00e9n\u00e9gal (CJRS) re\u00e7u au palais de la R\u00e9publique - LE PUBLIC<\/title>\n<meta name=\"robots\" content=\"index, follow, max-snippet:-1, max-image-preview:large, max-video-preview:-1\" \/>\n<link rel=\"canonical\" href=\"https:\/\/www.public.sn\/index.php\/2024\/07\/05\/presse-la-convention-des-jeunes-reporters-du-senegal-cjrs-recu-au-palais-de-la-republique\/\" \/>\n<meta property=\"og:locale\" content=\"fr_FR\" \/>\n<meta property=\"og:type\" content=\"article\" \/>\n<meta property=\"og:title\" content=\"PRESSE : La Convention des Jeunes Reporters du S\u00e9n\u00e9gal (CJRS) re\u00e7u au palais de la R\u00e9publique - LE PUBLIC\" \/>\n<meta property=\"og:description\" content=\"Le Pr\u00e9sident de la R\u00e9publique, Bassirou Diomaye Faye, a re\u00e7u aujourd\u2019hui au palais de la R\u00e9publique la d\u00e9l\u00e9gation de la Convention des Jeunes Reporters du S\u00e9n\u00e9gal (CJRS). Migui Marame Ndiaye, pr\u00e9sident de la CJRS, a expos\u00e9 les d\u00e9fis auxquels sont confront\u00e9s les journalistes s\u00e9n\u00e9galais, notamment la pr\u00e9carit\u00e9 salariale, les besoins en formation et les questions de s\u00e9curit\u00e9. Les jeunes reporters ont \u00e9galement plaid\u00e9 pour une fiscalit\u00e9 plus flexible pour les groupes de presse, tout en appelant au respect strict du code de la presse. Le Pr\u00e9sident Faye a salu\u00e9 l&rsquo;engagement de la CJRS pour une presse \u00e9thique et dynamique, affirmant que ces enjeux s&rsquo;alignent sur la vision gouvernementale de la bonne gouvernance. Le Chef de l\u2019\u00c9tat a \u00e9galement insist\u00e9 sur l&rsquo;importance de la justice fiscale et du respect des lois, des \u00e9l\u00e9ments cruciaux pour la consolidation de la d\u00e9mocratie s\u00e9n\u00e9galaise. Dans ce contexte, le Pr\u00e9sident a r\u00e9it\u00e9r\u00e9 son soutien ind\u00e9fectible \u00e0 la presse, qu&rsquo;il consid\u00e8re comme un pilier essentiel de la soci\u00e9t\u00e9 s\u00e9n\u00e9galaise. Cette rencontre intervient alors que la CJRS c\u00e9l\u00e8bre cette ann\u00e9e son 20e anniversaire avec un gala et la remise du prix Mame Less Camara pour l&rsquo;excellence en journalisme d&rsquo;investigation. \u00ab\u00a0Votre travail est vital pour notre nation, et nous sommes d\u00e9termin\u00e9s \u00e0 soutenir une presse libre et responsable\u00a0\u00bb, a d\u00e9clar\u00e9 le Pr\u00e9sident.\" \/>\n<meta property=\"og:url\" content=\"https:\/\/www.public.sn\/index.php\/2024\/07\/05\/presse-la-convention-des-jeunes-reporters-du-senegal-cjrs-recu-au-palais-de-la-republique\/\" \/>\n<meta property=\"og:site_name\" content=\"LE PUBLIC\" \/>\n<meta property=\"article:published_time\" content=\"2024-07-05T21:01:58+00:00\" \/>\n<meta property=\"og:image\" content=\"https:\/\/www.public.sn\/wp-content\/uploads\/2024\/07\/a52c45ab-b709-485a-9bc5-e5c343e2661f.jpeg\" \/>\n\t<meta property=\"og:image:width\" content=\"1600\" \/>\n\t<meta property=\"og:image:height\" content=\"900\" \/>\n\t<meta property=\"og:image:type\" content=\"image\/jpeg\" \/>\n<meta name=\"author\" content=\"Baye Amath THIAM\" \/>\n<meta name=\"twitter:card\" content=\"summary_large_image\" \/>\n<meta name=\"twitter:label1\" content=\"\u00c9crit par\" \/>\n\t<meta name=\"twitter:data1\" content=\"Baye Amath THIAM\" \/>\n\t<meta name=\"twitter:label2\" content=\"Dur\u00e9e de lecture estim\u00e9e\" \/>\n\t<meta name=\"twitter:data2\" content=\"1 minute\" \/>\n<script type=\"application\/ld+json\" class=\"yoast-schema-graph\">{\"@context\":\"https:\/\/schema.org\",\"@graph\":[{\"@type\":\"Article\",\"@id\":\"https:\/\/www.public.sn\/index.php\/2024\/07\/05\/presse-la-convention-des-jeunes-reporters-du-senegal-cjrs-recu-au-palais-de-la-republique\/#article\",\"isPartOf\":{\"@id\":\"https:\/\/www.public.sn\/index.php\/2024\/07\/05\/presse-la-convention-des-jeunes-reporters-du-senegal-cjrs-recu-au-palais-de-la-republique\/\"},\"author\":{\"name\":\"Baye Amath THIAM\",\"@id\":\"https:\/\/www.public.sn\/#\/schema\/person\/f77cd9ce05d8fb925eb038378ee6899d\"},\"headline\":\"PRESSE : La Convention des Jeunes Reporters du S\u00e9n\u00e9gal (CJRS) re\u00e7u au palais de la R\u00e9publique\",\"datePublished\":\"2024-07-05T21:01:58+00:00\",\"mainEntityOfPage\":{\"@id\":\"https:\/\/www.public.sn\/index.php\/2024\/07\/05\/presse-la-convention-des-jeunes-reporters-du-senegal-cjrs-recu-au-palais-de-la-republique\/\"},\"wordCount\":268,\"commentCount\":0,\"publisher\":{\"@id\":\"https:\/\/www.public.sn\/#organization\"},\"image\":{\"@id\":\"https:\/\/www.public.sn\/index.php\/2024\/07\/05\/presse-la-convention-des-jeunes-reporters-du-senegal-cjrs-recu-au-palais-de-la-republique\/#primaryimage\"},\"thumbnailUrl\":\"https:\/\/www.public.sn\/wp-content\/uploads\/2024\/07\/a52c45ab-b709-485a-9bc5-e5c343e2661f.jpeg\",\"keywords\":[\"a expos\u00e9 les d\u00e9fis auxquels sont confront\u00e9s les journalistes s\u00e9n\u00e9galais\",\"a re\u00e7u aujourd\u2019hui au palais de la R\u00e9publique\",\"bassirou diomaye faye\",\"la d\u00e9l\u00e9gation de la Convention des Jeunes Reporters du S\u00e9n\u00e9gal (CJRS).\",\"le Pr\u00e9sident de la R\u00e9publique\",\"Migui Marame Ndiaye\",\"pr\u00e9sident de la CJRS\"],\"articleSection\":[\"ACTUALIT\u00c9S\",\"AFRIQUE &amp; MONDE\",\"\u00c9CONOMIE\",\"internationale\",\"REVUE DE PRESSE\",\"S\u00c9N\u00c9GAL\",\"SOCIETE\",\"T\u00c9L\u00c9COMMUNICATION\"],\"inLanguage\":\"fr-FR\",\"potentialAction\":[{\"@type\":\"CommentAction\",\"name\":\"Comment\",\"target\":[\"https:\/\/www.public.sn\/index.php\/2024\/07\/05\/presse-la-convention-des-jeunes-reporters-du-senegal-cjrs-recu-au-palais-de-la-republique\/#respond\"]}]},{\"@type\":\"WebPage\",\"@id\":\"https:\/\/www.public.sn\/index.php\/2024\/07\/05\/presse-la-convention-des-jeunes-reporters-du-senegal-cjrs-recu-au-palais-de-la-republique\/\",\"url\":\"https:\/\/www.public.sn\/index.php\/2024\/07\/05\/presse-la-convention-des-jeunes-reporters-du-senegal-cjrs-recu-au-palais-de-la-republique\/\",\"name\":\"PRESSE : La Convention des Jeunes Reporters du S\u00e9n\u00e9gal (CJRS) re\u00e7u au palais de la R\u00e9publique - LE PUBLIC\",\"isPartOf\":{\"@id\":\"https:\/\/www.public.sn\/#website\"},\"primaryImageOfPage\":{\"@id\":\"https:\/\/www.public.sn\/index.php\/2024\/07\/05\/presse-la-convention-des-jeunes-reporters-du-senegal-cjrs-recu-au-palais-de-la-republique\/#primaryimage\"},\"image\":{\"@id\":\"https:\/\/www.public.sn\/index.php\/2024\/07\/05\/presse-la-convention-des-jeunes-reporters-du-senegal-cjrs-recu-au-palais-de-la-republique\/#primaryimage\"},\"thumbnailUrl\":\"https:\/\/www.public.sn\/wp-content\/uploads\/2024\/07\/a52c45ab-b709-485a-9bc5-e5c343e2661f.jpeg\",\"datePublished\":\"2024-07-05T21:01:58+00:00\",\"breadcrumb\":{\"@id\":\"https:\/\/www.public.sn\/index.php\/2024\/07\/05\/presse-la-convention-des-jeunes-reporters-du-senegal-cjrs-recu-au-palais-de-la-republique\/#breadcrumb\"},\"inLanguage\":\"fr-FR\",\"potentialAction\":[{\"@type\":\"ReadAction\",\"target\":[\"https:\/\/www.public.sn\/index.php\/2024\/07\/05\/presse-la-convention-des-jeunes-reporters-du-senegal-cjrs-recu-au-palais-de-la-republique\/\"]}]},{\"@type\":\"ImageObject\",\"inLanguage\":\"fr-FR\",\"@id\":\"https:\/\/www.public.sn\/index.php\/2024\/07\/05\/presse-la-convention-des-jeunes-reporters-du-senegal-cjrs-recu-au-palais-de-la-republique\/#primaryimage\",\"url\":\"https:\/\/www.public.sn\/wp-content\/uploads\/2024\/07\/a52c45ab-b709-485a-9bc5-e5c343e2661f.jpeg\",\"contentUrl\":\"https:\/\/www.public.sn\/wp-content\/uploads\/2024\/07\/a52c45ab-b709-485a-9bc5-e5c343e2661f.jpeg\",\"width\":1600,\"height\":900},{\"@type\":\"BreadcrumbList\",\"@id\":\"https:\/\/www.public.sn\/index.php\/2024\/07\/05\/presse-la-convention-des-jeunes-reporters-du-senegal-cjrs-recu-au-palais-de-la-republique\/#breadcrumb\",\"itemListElement\":[{\"@type\":\"ListItem\",\"position\":1,\"name\":\"Accueil\",\"item\":\"https:\/\/www.public.sn\/\"},{\"@type\":\"ListItem\",\"position\":2,\"name\":\"PRESSE : La Convention des Jeunes Reporters du S\u00e9n\u00e9gal (CJRS) re\u00e7u au palais de la R\u00e9publique\"}]},{\"@type\":\"WebSite\",\"@id\":\"https:\/\/www.public.sn\/#website\",\"url\":\"https:\/\/www.public.sn\/\",\"name\":\"LE PUBLIC\",\"description\":\"\",\"publisher\":{\"@id\":\"https:\/\/www.public.sn\/#organization\"},\"potentialAction\":[{\"@type\":\"SearchAction\",\"target\":{\"@type\":\"EntryPoint\",\"urlTemplate\":\"https:\/\/www.public.sn\/?s={search_term_string}\"},\"query-input\":{\"@type\":\"PropertyValueSpecification\",\"valueRequired\":true,\"valueName\":\"search_term_string\"}}],\"inLanguage\":\"fr-FR\"},{\"@type\":\"Organization\",\"@id\":\"https:\/\/www.public.sn\/#organization\",\"name\":\"LE PUBLIC\",\"url\":\"https:\/\/www.public.sn\/\",\"logo\":{\"@type\":\"ImageObject\",\"inLanguage\":\"fr-FR\",\"@id\":\"https:\/\/www.public.sn\/#\/schema\/logo\/image\/\",\"url\":\"https:\/\/www.public.sn\/wp-content\/uploads\/2024\/05\/cropped-LOGO-PUBLIC.SN_.png\",\"contentUrl\":\"https:\/\/www.public.sn\/wp-content\/uploads\/2024\/05\/cropped-LOGO-PUBLIC.SN_.png\",\"width\":682,\"height\":192,\"caption\":\"LE PUBLIC\"},\"image\":{\"@id\":\"https:\/\/www.public.sn\/#\/schema\/logo\/image\/\"}},{\"@type\":\"Person\",\"@id\":\"https:\/\/www.public.sn\/#\/schema\/person\/f77cd9ce05d8fb925eb038378ee6899d\",\"name\":\"Baye Amath THIAM\",\"image\":{\"@type\":\"ImageObject\",\"inLanguage\":\"fr-FR\",\"@id\":\"https:\/\/www.public.sn\/#\/schema\/person\/image\/\",\"url\":\"https:\/\/secure.gravatar.com\/avatar\/7eb863ef1336b6f8a2ad921469701e52f094a61c698fab02f5af742ed813612d?s=96&d=mm&r=g\",\"contentUrl\":\"https:\/\/secure.gravatar.com\/avatar\/7eb863ef1336b6f8a2ad921469701e52f094a61c698fab02f5af742ed813612d?s=96&d=mm&r=g\",\"caption\":\"Baye Amath THIAM\"},\"url\":\"https:\/\/www.public.sn\/index.php\/author\/thiamba24\/\"}]}<\/script>\n<!-- \/ Yoast SEO plugin. -->","yoast_head_json":{"title":"PRESSE : La Convention des Jeunes Reporters du S\u00e9n\u00e9gal (CJRS) re\u00e7u au palais de la R\u00e9publique - LE PUBLIC","robots":{"index":"index","follow":"follow","max-snippet":"max-snippet:-1","max-image-preview":"max-image-preview:large","max-video-preview":"max-video-preview:-1"},"canonical":"https:\/\/www.public.sn\/index.php\/2024\/07\/05\/presse-la-convention-des-jeunes-reporters-du-senegal-cjrs-recu-au-palais-de-la-republique\/","og_locale":"fr_FR","og_type":"article","og_title":"PRESSE : La Convention des Jeunes Reporters du S\u00e9n\u00e9gal (CJRS) re\u00e7u au palais de la R\u00e9publique - LE PUBLIC","og_description":"Le Pr\u00e9sident de la R\u00e9publique, Bassirou Diomaye Faye, a re\u00e7u aujourd\u2019hui au palais de la R\u00e9publique la d\u00e9l\u00e9gation de la Convention des Jeunes Reporters du S\u00e9n\u00e9gal (CJRS). Migui Marame Ndiaye, pr\u00e9sident de la CJRS, a expos\u00e9 les d\u00e9fis auxquels sont confront\u00e9s les journalistes s\u00e9n\u00e9galais, notamment la pr\u00e9carit\u00e9 salariale, les besoins en formation et les questions de s\u00e9curit\u00e9. Les jeunes reporters ont \u00e9galement plaid\u00e9 pour une fiscalit\u00e9 plus flexible pour les groupes de presse, tout en appelant au respect strict du code de la presse. Le Pr\u00e9sident Faye a salu\u00e9 l&rsquo;engagement de la CJRS pour une presse \u00e9thique et dynamique, affirmant que ces enjeux s&rsquo;alignent sur la vision gouvernementale de la bonne gouvernance. Le Chef de l\u2019\u00c9tat a \u00e9galement insist\u00e9 sur l&rsquo;importance de la justice fiscale et du respect des lois, des \u00e9l\u00e9ments cruciaux pour la consolidation de la d\u00e9mocratie s\u00e9n\u00e9galaise. Dans ce contexte, le Pr\u00e9sident a r\u00e9it\u00e9r\u00e9 son soutien ind\u00e9fectible \u00e0 la presse, qu&rsquo;il consid\u00e8re comme un pilier essentiel de la soci\u00e9t\u00e9 s\u00e9n\u00e9galaise. Cette rencontre intervient alors que la CJRS c\u00e9l\u00e8bre cette ann\u00e9e son 20e anniversaire avec un gala et la remise du prix Mame Less Camara pour l&rsquo;excellence en journalisme d&rsquo;investigation. \u00ab\u00a0Votre travail est vital pour notre nation, et nous sommes d\u00e9termin\u00e9s \u00e0 soutenir une presse libre et responsable\u00a0\u00bb, a d\u00e9clar\u00e9 le Pr\u00e9sident.","og_url":"https:\/\/www.public.sn\/index.php\/2024\/07\/05\/presse-la-convention-des-jeunes-reporters-du-senegal-cjrs-recu-au-palais-de-la-republique\/","og_site_name":"LE PUBLIC","article_published_time":"2024-07-05T21:01:58+00:00","og_image":[{"width":1600,"height":900,"url":"https:\/\/www.public.sn\/wp-content\/uploads\/2024\/07\/a52c45ab-b709-485a-9bc5-e5c343e2661f.jpeg","type":"image\/jpeg"}],"author":"Baye Amath THIAM","twitter_card":"summary_large_image","twitter_misc":{"\u00c9crit par":"Baye Amath THIAM","Dur\u00e9e de lecture estim\u00e9e":"1 minute"},"schema":{"@context":"https:\/\/schema.org","@graph":[{"@type":"Article","@id":"https:\/\/www.public.sn\/index.php\/2024\/07\/05\/presse-la-convention-des-jeunes-reporters-du-senegal-cjrs-recu-au-palais-de-la-republique\/#article","isPartOf":{"@id":"https:\/\/www.public.sn\/index.php\/2024\/07\/05\/presse-la-convention-des-jeunes-reporters-du-senegal-cjrs-recu-au-palais-de-la-republique\/"},"author":{"name":"Baye Amath THIAM","@id":"https:\/\/www.public.sn\/#\/schema\/person\/f77cd9ce05d8fb925eb038378ee6899d"},"headline":"PRESSE : La Convention des Jeunes Reporters du S\u00e9n\u00e9gal (CJRS) re\u00e7u au palais de la R\u00e9publique","datePublished":"2024-07-05T21:01:58+00:00","mainEntityOfPage":{"@id":"https:\/\/www.public.sn\/index.php\/2024\/07\/05\/presse-la-convention-des-jeunes-reporters-du-senegal-cjrs-recu-au-palais-de-la-republique\/"},"wordCount":268,"commentCount":0,"publisher":{"@id":"https:\/\/www.public.sn\/#organization"},"image":{"@id":"https:\/\/www.public.sn\/index.php\/2024\/07\/05\/presse-la-convention-des-jeunes-reporters-du-senegal-cjrs-recu-au-palais-de-la-republique\/#primaryimage"},"thumbnailUrl":"https:\/\/www.public.sn\/wp-content\/uploads\/2024\/07\/a52c45ab-b709-485a-9bc5-e5c343e2661f.jpeg","keywords":["a expos\u00e9 les d\u00e9fis auxquels sont confront\u00e9s les journalistes s\u00e9n\u00e9galais","a re\u00e7u aujourd\u2019hui au palais de la R\u00e9publique","bassirou diomaye faye","la d\u00e9l\u00e9gation de la Convention des Jeunes Reporters du S\u00e9n\u00e9gal (CJRS).","le Pr\u00e9sident de la R\u00e9publique","Migui Marame Ndiaye","pr\u00e9sident de la CJRS"],"articleSection":["ACTUALIT\u00c9S","AFRIQUE &amp; MONDE","\u00c9CONOMIE","internationale","REVUE DE PRESSE","S\u00c9N\u00c9GAL","SOCIETE","T\u00c9L\u00c9COMMUNICATION"],"inLanguage":"fr-FR","potentialAction":[{"@type":"CommentAction","name":"Comment","target":["https:\/\/www.public.sn\/index.php\/2024\/07\/05\/presse-la-convention-des-jeunes-reporters-du-senegal-cjrs-recu-au-palais-de-la-republique\/#respond"]}]},{"@type":"WebPage","@id":"https:\/\/www.public.sn\/index.php\/2024\/07\/05\/presse-la-convention-des-jeunes-reporters-du-senegal-cjrs-recu-au-palais-de-la-republique\/","url":"https:\/\/www.public.sn\/index.php\/2024\/07\/05\/presse-la-convention-des-jeunes-reporters-du-senegal-cjrs-recu-au-palais-de-la-republique\/","name":"PRESSE : La Convention des Jeunes Reporters du S\u00e9n\u00e9gal (CJRS) re\u00e7u au palais de la R\u00e9publique - LE PUBLIC","isPartOf":{"@id":"https:\/\/www.public.sn\/#website"},"primaryImageOfPage":{"@id":"https:\/\/www.public.sn\/index.php\/2024\/07\/05\/presse-la-convention-des-jeunes-reporters-du-senegal-cjrs-recu-au-palais-de-la-republique\/#primaryimage"},"image":{"@id":"https:\/\/www.public.sn\/index.php\/2024\/07\/05\/presse-la-convention-des-jeunes-reporters-du-senegal-cjrs-recu-au-palais-de-la-republique\/#primaryimage"},"thumbnailUrl":"https:\/\/www.public.sn\/wp-content\/uploads\/2024\/07\/a52c45ab-b709-485a-9bc5-e5c343e2661f.jpeg","datePublished":"2024-07-05T21:01:58+00:00","breadcrumb":{"@id":"https:\/\/www.public.sn\/index.php\/2024\/07\/05\/presse-la-convention-des-jeunes-reporters-du-senegal-cjrs-recu-au-palais-de-la-republique\/#breadcrumb"},"inLanguage":"fr-FR","potentialAction":[{"@type":"ReadAction","target":["https:\/\/www.public.sn\/index.php\/2024\/07\/05\/presse-la-convention-des-jeunes-reporters-du-senegal-cjrs-recu-au-palais-de-la-republique\/"]}]},{"@type":"ImageObject","inLanguage":"fr-FR","@id":"https:\/\/www.public.sn\/index.php\/2024\/07\/05\/presse-la-convention-des-jeunes-reporters-du-senegal-cjrs-recu-au-palais-de-la-republique\/#primaryimage","url":"https:\/\/www.public.sn\/wp-content\/uploads\/2024\/07\/a52c45ab-b709-485a-9bc5-e5c343e2661f.jpeg","contentUrl":"https:\/\/www.public.sn\/wp-content\/uploads\/2024\/07\/a52c45ab-b709-485a-9bc5-e5c343e2661f.jpeg","width":1600,"height":900},{"@type":"BreadcrumbList","@id":"https:\/\/www.public.sn\/index.php\/2024\/07\/05\/presse-la-convention-des-jeunes-reporters-du-senegal-cjrs-recu-au-palais-de-la-republique\/#breadcrumb","itemListElement":[{"@type":"ListItem","position":1,"name":"Accueil","item":"https:\/\/www.public.sn\/"},{"@type":"ListItem","position":2,"name":"PRESSE : La Convention des Jeunes Reporters du S\u00e9n\u00e9gal (CJRS) re\u00e7u au palais de la R\u00e9publique"}]},{"@type":"WebSite","@id":"https:\/\/www.public.sn\/#website","url":"https:\/\/www.public.sn\/","name":"LE PUBLIC","description":"","publisher":{"@id":"https:\/\/www.public.sn\/#organization"},"potentialAction":[{"@type":"SearchAction","target":{"@type":"EntryPoint","urlTemplate":"https:\/\/www.public.sn\/?s={search_term_string}"},"query-input":{"@type":"PropertyValueSpecification","valueRequired":true,"valueName":"search_term_string"}}],"inLanguage":"fr-FR"},{"@type":"Organization","@id":"https:\/\/www.public.sn\/#organization","name":"LE PUBLIC","url":"https:\/\/www.public.sn\/","logo":{"@type":"ImageObject","inLanguage":"fr-FR","@id":"https:\/\/www.public.sn\/#\/schema\/logo\/image\/","url":"https:\/\/www.public.sn\/wp-content\/uploads\/2024\/05\/cropped-LOGO-PUBLIC.SN_.png","contentUrl":"https:\/\/www.public.sn\/wp-content\/uploads\/2024\/05\/cropped-LOGO-PUBLIC.SN_.png","width":682,"height":192,"caption":"LE PUBLIC"},"image":{"@id":"https:\/\/www.public.sn\/#\/schema\/logo\/image\/"}},{"@type":"Person","@id":"https:\/\/www.public.sn\/#\/schema\/person\/f77cd9ce05d8fb925eb038378ee6899d","name":"Baye Amath THIAM","image":{"@type":"ImageObject","inLanguage":"fr-FR","@id":"https:\/\/www.public.sn\/#\/schema\/person\/image\/","url":"https:\/\/secure.gravatar.com\/avatar\/7eb863ef1336b6f8a2ad921469701e52f094a61c698fab02f5af742ed813612d?s=96&d=mm&r=g","contentUrl":"https:\/\/secure.gravatar.com\/avatar\/7eb863ef1336b6f8a2ad921469701e52f094a61c698fab02f5af742ed813612d?s=96&d=mm&r=g","caption":"Baye Amath THIAM"},"url":"https:\/\/www.public.sn\/index.php\/author\/thiamba24\/"}]}},"jetpack_featured_media_url":"https:\/\/www.public.sn\/wp-content\/uploads\/2024\/07\/a52c45ab-b709-485a-9bc5-e5c343e2661f.jpeg","jetpack_sharing_enabled":true,"_links":{"self":[{"href":"https:\/\/www.public.sn\/index.php\/wp-json\/wp\/v2\/posts\/33856","targetHints":{"allow":["GET"]}}],"collection":[{"href":"https:\/\/www.public.sn\/index.php\/wp-json\/wp\/v2\/posts"}],"about":[{"href":"https:\/\/www.public.sn\/index.php\/wp-json\/wp\/v2\/types\/post"}],"author":[{"embeddable":true,"href":"https:\/\/www.public.sn\/index.php\/wp-json\/wp\/v2\/users\/15"}],"replies":[{"embeddable":true,"href":"https:\/\/www.public.sn\/index.php\/wp-json\/wp\/v2\/comments?post=33856"}],"version-history":[{"count":1,"href":"https:\/\/www.public.sn\/index.php\/wp-json\/wp\/v2\/posts\/33856\/revisions"}],"predecessor-version":[{"id":33858,"href":"https:\/\/www.public.sn\/index.php\/wp-json\/wp\/v2\/posts\/33856\/revisions\/33858"}],"wp:featuredmedia":[{"embeddable":true,"href":"https:\/\/www.public.sn\/index.php\/wp-json\/wp\/v2\/media\/33857"}],"wp:attachment":[{"href":"https:\/\/www.public.sn\/index.php\/wp-json\/wp\/v2\/media?parent=33856"}],"wp:term":[{"taxonomy":"category","embeddable":true,"href":"https:\/\/www.public.sn\/index.php\/wp-json\/wp\/v2\/categories?post=33856"},{"taxonomy":"post_tag","embeddable":true,"href":"https:\/\/www.public.sn\/index.php\/wp-json\/wp\/v2\/tags?post=33856"}],"curies":[{"name":"wp","href":"https:\/\/api.w.org\/{rel}","templated":true}]}}