{"id":33872,"date":"2024-07-06T13:19:51","date_gmt":"2024-07-06T13:19:51","guid":{"rendered":"https:\/\/www.public.sn\/?p=33872"},"modified":"2024-07-06T13:19:51","modified_gmt":"2024-07-06T13:19:51","slug":"sabar-de-fillettes-a-louga-lenquete-bouclee","status":"publish","type":"post","link":"https:\/\/www.public.sn\/index.php\/2024\/07\/06\/sabar-de-fillettes-a-louga-lenquete-bouclee\/","title":{"rendered":"Sabar de \u00ab\u00a0Fillettes\u00a0\u00bb \u00e0 Louga: l&rsquo;enqu\u00eate boucl\u00e9e"},"content":{"rendered":"<p>Le commissariat central de Louga, actionn\u00e9 par le Procureur, a boucl\u00e9 son enqu\u00eate relative au sabar des fillettes \u00e0 Louga.<br \/>\nCes derni\u00e8res dont l&rsquo;\u00e2ge varie entre 6 et 10 ans, ont choqu\u00e9 la toile de par leurs danses obsc\u00e8nes lors de cet \u00e9v\u00e9nement. <\/p><div class=\"publi-paragraphe1\" style=\"margin-top: 10px;margin-bottom: 10px;margin-left: auto;margin-right: auto;text-align: center;\" id=\"publi-2511656691\"><div class=\"publi-adlabel\">Publicit\u00e9<\/div><script async src=\"\/\/pagead2.googlesyndication.com\/pagead\/js\/adsbygoogle.js?client=ca-pub-4089586018074219\" crossorigin=\"anonymous\"><\/script><ins class=\"adsbygoogle\" style=\"display:block;\" data-ad-client=\"ca-pub-4089586018074219\" \ndata-ad-slot=\"2087940154\" \ndata-ad-format=\"auto\"><\/ins>\n<script> \n(adsbygoogle = window.adsbygoogle || []).push({}); \n<\/script>\n<\/div>\n<p>Sept personnes, impliqu\u00e9es dans ce dossier, ont \u00e9t\u00e9 d\u00e9f\u00e9r\u00e9es ce jeudi pour association de malfaiteurs, collecte, stockage et diffusion d\u2019images contraires aux bonnes m\u0153urs et incitation \u00e0 la d\u00e9bauche sur mineures, pr\u00e9cise l&rsquo;Observateur qui donne l&rsquo;information. <\/p>\n<p>Parmi les mis en cause, le jeune K. Fofana, r\u00e9parateur de t\u00e9l\u00e9phone, traqu\u00e9 par les techniciens de la Division sp\u00e9ciale de la cybercriminalit\u00e9 (DSC), a reconnu avoir diffus\u00e9 la vid\u00e9o. A sa d\u00e9charge, il a d\u00e9clar\u00e9, repris par le journal, \u00abqu\u2019il ignorait que la diffusion d\u2019une telle vid\u00e9o \u00e9tait interdite par la loi\u00bb. <\/p>\n<p>Le percussionniste N. Samb, 22 ans, a \u00e9t\u00e9 aussi interpell\u00e9. Face aux enqu\u00eateurs, le batteur de \u00ab tam tam \u00bb a balanc\u00e9 la dame W. Samb, qui dit-il, \u00abavait sollicit\u00e9 ses services\u00bb. <\/p>\n<p>Cueillie \u00e0 son tour, l\u2019organisatrice, une commer\u00e7ante \u00e2g\u00e9e d\u2019une trentaine d\u2019ann\u00e9es, a expliqu\u00e9 \u00abavoir organis\u00e9 cette activit\u00e9 culturelle sur la demande des filles de son quartier\u00bb.<\/p>\n<p>La maman d\u2019une des fillettes identifi\u00e9es a \u00e9t\u00e9 aussi arr\u00eat\u00e9e. Il s\u2019agit de D. Diaw, qui a avou\u00e9 \u00ab avoir donn\u00e9 de l\u2019argent \u00e0 sa fille pour qu\u2019elle cotise\u00bb. Une autre fille, N. G., en classe de CI, a soutenu avoir utilis\u00e9 une ruse pour tromper la vigilance de sa m\u00e8re. \u00abLorsque je partais au \u2018\u2019sabar\u2019\u2019, je portais une tenue d\u00e9cente car ma m\u00e8re l\u2019avait exig\u00e9. Cependant, \u00e0 l\u2019insu de ma maman, je suis all\u00e9e au \u2018\u2019sabar\u2019\u2019 en portant un accoutrement ind\u00e9cent \u00bb, a-t-elle expliqu\u00e9. <\/p>\n<p>\u00abAu d\u00e9part, mes amies et moi avions d\u00e9cid\u00e9 de porter nos v\u00eatements de la Tabaski avant de changer d\u2019avis \u00bb, confesse une des participantes, O.B, \u00e9l\u00e8ve en classe de CE1. <\/p>\n<p>C\u2019est ainsi que la dame T. Sow a \u00e9t\u00e9 arr\u00eat\u00e9e pour avoir pr\u00eat\u00e9 aux deux jeunes filles des ceintures de perles. \u00ab Elles sont venues chez moi pour m\u2019emprunter des ceintures de perles. J\u2019avais refus\u00e9 dans un premier temps, mais par la suite, j\u2019ai accept\u00e9 pour leur faire plaisir \u00bb, a-t-elle tent\u00e9 de se d\u00e9douaner. <\/p>\n<p>Il est reproch\u00e9 \u00e0 la derni\u00e8re mise en cause, N. Kh. K, d\u2019avoir pr\u00eat\u00e9 un petit pagne \u00e0 l\u2019une des fillettes. <\/p>\n<p>Dans un communiqu\u00e9 rendu public jeudi, le chef du Parquet de Louga, Cheikh Tidiane Ndour, a d\u00e9j\u00e0 averti que \u00abla loi sera appliqu\u00e9e dans toute sa rigueur\u00bb pour des \u00abfaits d\u2019une particuli\u00e8re gravit\u00e9\u00bb, rappelle le quotidien d\u2019information.<\/p>\n<div class=\"publi-apres-le-contenu\" style=\"margin-top: 10px;margin-bottom: 10px;margin-left: auto;margin-right: auto;text-align: center;\" id=\"publi-1921231458\"><div class=\"publi-adlabel\">Publicit\u00e9<\/div><script async src=\"\/\/pagead2.googlesyndication.com\/pagead\/js\/adsbygoogle.js?client=ca-pub-4089586018074219\" crossorigin=\"anonymous\"><\/script><ins class=\"adsbygoogle\" style=\"display:block;\" data-ad-client=\"ca-pub-4089586018074219\" \ndata-ad-slot=\"2087940154\" \ndata-ad-format=\"auto\"><\/ins>\n<script> \n(adsbygoogle = window.adsbygoogle || []).push({}); \n<\/script>\n<\/div>","protected":false},"excerpt":{"rendered":"<p>Le commissariat central de Louga, actionn\u00e9 par le Procureur, a boucl\u00e9 son enqu\u00eate relative au sabar des fillettes \u00e0 Louga. Ces derni\u00e8res dont l&rsquo;\u00e2ge varie entre 6 et 10 ans, ont choqu\u00e9 la toile de par leurs danses obsc\u00e8nes lors de cet \u00e9v\u00e9nement. Sept personnes, impliqu\u00e9es dans ce dossier, ont \u00e9t\u00e9 d\u00e9f\u00e9r\u00e9es ce jeudi pour association de malfaiteurs, collecte, stockage et diffusion d\u2019images contraires aux bonnes m\u0153urs et incitation \u00e0 la d\u00e9bauche sur mineures, pr\u00e9cise l&rsquo;Observateur qui donne l&rsquo;information. Parmi les mis en cause, le jeune K. Fofana, r\u00e9parateur de t\u00e9l\u00e9phone, traqu\u00e9 par les techniciens de la Division sp\u00e9ciale de la cybercriminalit\u00e9 (DSC), a reconnu avoir diffus\u00e9 la vid\u00e9o. A sa d\u00e9charge, il a d\u00e9clar\u00e9, repris par le journal, \u00abqu\u2019il ignorait que la diffusion d\u2019une telle vid\u00e9o \u00e9tait interdite par la loi\u00bb. Le percussionniste N. Samb, 22 ans, a \u00e9t\u00e9 aussi interpell\u00e9. Face aux enqu\u00eateurs, le batteur de \u00ab tam tam \u00bb a balanc\u00e9 la dame W. Samb, qui dit-il, \u00abavait sollicit\u00e9 ses services\u00bb. Cueillie \u00e0 son tour, l\u2019organisatrice, une commer\u00e7ante \u00e2g\u00e9e d\u2019une trentaine d\u2019ann\u00e9es, a expliqu\u00e9 \u00abavoir organis\u00e9 cette activit\u00e9 culturelle sur la demande des filles de son quartier\u00bb. La maman d\u2019une des fillettes identifi\u00e9es a \u00e9t\u00e9 aussi arr\u00eat\u00e9e. Il s\u2019agit de D. Diaw, qui a avou\u00e9 \u00ab avoir donn\u00e9 de l\u2019argent \u00e0 sa fille pour qu\u2019elle cotise\u00bb. Une autre fille, N. G., en classe de CI, a soutenu avoir utilis\u00e9 une ruse pour tromper la vigilance de sa m\u00e8re. \u00abLorsque je partais au \u2018\u2019sabar\u2019\u2019, je portais une tenue d\u00e9cente car ma m\u00e8re l\u2019avait exig\u00e9. Cependant, \u00e0 l\u2019insu de ma maman, je suis all\u00e9e au \u2018\u2019sabar\u2019\u2019 en portant un accoutrement ind\u00e9cent \u00bb, a-t-elle expliqu\u00e9. \u00abAu d\u00e9part, mes amies et moi avions d\u00e9cid\u00e9 de porter nos v\u00eatements de la Tabaski avant de changer d\u2019avis \u00bb, confesse une des participantes, O.B, \u00e9l\u00e8ve en classe de CE1. C\u2019est ainsi que la dame T. Sow a \u00e9t\u00e9 arr\u00eat\u00e9e pour avoir pr\u00eat\u00e9 aux deux jeunes filles des ceintures de perles. \u00ab Elles sont venues chez moi pour m\u2019emprunter des ceintures de perles. J\u2019avais refus\u00e9 dans un premier temps, mais par la suite, j\u2019ai accept\u00e9 pour leur faire plaisir \u00bb, a-t-elle tent\u00e9 de se d\u00e9douaner. Il est reproch\u00e9 \u00e0 la derni\u00e8re mise en cause, N. Kh. K, d\u2019avoir pr\u00eat\u00e9 un petit pagne \u00e0 l\u2019une des fillettes. Dans un communiqu\u00e9 rendu public jeudi, le chef du Parquet de Louga, Cheikh Tidiane Ndour, a d\u00e9j\u00e0 averti que \u00abla loi sera appliqu\u00e9e dans toute sa rigueur\u00bb pour des \u00abfaits d\u2019une particuli\u00e8re gravit\u00e9\u00bb, rappelle le quotidien d\u2019information.<\/p>\n","protected":false},"author":15,"featured_media":33874,"comment_status":"open","ping_status":"open","sticky":false,"template":"","format":"standard","meta":{"_jetpack_memberships_contains_paid_content":false,"footnotes":""},"categories":[375,1023,9,379,961,1,4],"tags":[6383,6384,1110,103,6382],"class_list":["post-33872","post","type-post","status-publish","format-standard","has-post-thumbnail","hentry","category-actualites","category-buzz","category-communique","category-faits-divers","category-medias","category-non-classe","category-societe","tag-danses-obscenes","tag-lenquete","tag-louga","tag-procureur","tag-sabar-de-fillettes","entry","has-media","owp-thumbs-layout-horizontal","owp-btn-normal","owp-tabs-layout-horizontal","has-no-thumbnails","has-product-nav"],"yoast_head":"<!-- This site is optimized with the Yoast SEO plugin v25.5 - https:\/\/yoast.com\/wordpress\/plugins\/seo\/ -->\n<title>Sabar de &quot;Fillettes&quot; \u00e0 Louga: l&#039;enqu\u00eate boucl\u00e9e - LE PUBLIC<\/title>\n<meta name=\"robots\" content=\"index, follow, max-snippet:-1, max-image-preview:large, max-video-preview:-1\" \/>\n<link rel=\"canonical\" href=\"https:\/\/www.public.sn\/index.php\/2024\/07\/06\/sabar-de-fillettes-a-louga-lenquete-bouclee\/\" \/>\n<meta property=\"og:locale\" content=\"fr_FR\" \/>\n<meta property=\"og:type\" content=\"article\" \/>\n<meta property=\"og:title\" content=\"Sabar de &quot;Fillettes&quot; \u00e0 Louga: l&#039;enqu\u00eate boucl\u00e9e - LE PUBLIC\" \/>\n<meta property=\"og:description\" content=\"Le commissariat central de Louga, actionn\u00e9 par le Procureur, a boucl\u00e9 son enqu\u00eate relative au sabar des fillettes \u00e0 Louga. Ces derni\u00e8res dont l&rsquo;\u00e2ge varie entre 6 et 10 ans, ont choqu\u00e9 la toile de par leurs danses obsc\u00e8nes lors de cet \u00e9v\u00e9nement. Sept personnes, impliqu\u00e9es dans ce dossier, ont \u00e9t\u00e9 d\u00e9f\u00e9r\u00e9es ce jeudi pour association de malfaiteurs, collecte, stockage et diffusion d\u2019images contraires aux bonnes m\u0153urs et incitation \u00e0 la d\u00e9bauche sur mineures, pr\u00e9cise l&rsquo;Observateur qui donne l&rsquo;information. Parmi les mis en cause, le jeune K. Fofana, r\u00e9parateur de t\u00e9l\u00e9phone, traqu\u00e9 par les techniciens de la Division sp\u00e9ciale de la cybercriminalit\u00e9 (DSC), a reconnu avoir diffus\u00e9 la vid\u00e9o. A sa d\u00e9charge, il a d\u00e9clar\u00e9, repris par le journal, \u00abqu\u2019il ignorait que la diffusion d\u2019une telle vid\u00e9o \u00e9tait interdite par la loi\u00bb. Le percussionniste N. Samb, 22 ans, a \u00e9t\u00e9 aussi interpell\u00e9. Face aux enqu\u00eateurs, le batteur de \u00ab tam tam \u00bb a balanc\u00e9 la dame W. Samb, qui dit-il, \u00abavait sollicit\u00e9 ses services\u00bb. Cueillie \u00e0 son tour, l\u2019organisatrice, une commer\u00e7ante \u00e2g\u00e9e d\u2019une trentaine d\u2019ann\u00e9es, a expliqu\u00e9 \u00abavoir organis\u00e9 cette activit\u00e9 culturelle sur la demande des filles de son quartier\u00bb. La maman d\u2019une des fillettes identifi\u00e9es a \u00e9t\u00e9 aussi arr\u00eat\u00e9e. Il s\u2019agit de D. Diaw, qui a avou\u00e9 \u00ab avoir donn\u00e9 de l\u2019argent \u00e0 sa fille pour qu\u2019elle cotise\u00bb. Une autre fille, N. G., en classe de CI, a soutenu avoir utilis\u00e9 une ruse pour tromper la vigilance de sa m\u00e8re. \u00abLorsque je partais au \u2018\u2019sabar\u2019\u2019, je portais une tenue d\u00e9cente car ma m\u00e8re l\u2019avait exig\u00e9. Cependant, \u00e0 l\u2019insu de ma maman, je suis all\u00e9e au \u2018\u2019sabar\u2019\u2019 en portant un accoutrement ind\u00e9cent \u00bb, a-t-elle expliqu\u00e9. \u00abAu d\u00e9part, mes amies et moi avions d\u00e9cid\u00e9 de porter nos v\u00eatements de la Tabaski avant de changer d\u2019avis \u00bb, confesse une des participantes, O.B, \u00e9l\u00e8ve en classe de CE1. C\u2019est ainsi que la dame T. Sow a \u00e9t\u00e9 arr\u00eat\u00e9e pour avoir pr\u00eat\u00e9 aux deux jeunes filles des ceintures de perles. \u00ab Elles sont venues chez moi pour m\u2019emprunter des ceintures de perles. J\u2019avais refus\u00e9 dans un premier temps, mais par la suite, j\u2019ai accept\u00e9 pour leur faire plaisir \u00bb, a-t-elle tent\u00e9 de se d\u00e9douaner. Il est reproch\u00e9 \u00e0 la derni\u00e8re mise en cause, N. Kh. K, d\u2019avoir pr\u00eat\u00e9 un petit pagne \u00e0 l\u2019une des fillettes. Dans un communiqu\u00e9 rendu public jeudi, le chef du Parquet de Louga, Cheikh Tidiane Ndour, a d\u00e9j\u00e0 averti que \u00abla loi sera appliqu\u00e9e dans toute sa rigueur\u00bb pour des \u00abfaits d\u2019une particuli\u00e8re gravit\u00e9\u00bb, rappelle le quotidien d\u2019information.\" \/>\n<meta property=\"og:url\" content=\"https:\/\/www.public.sn\/index.php\/2024\/07\/06\/sabar-de-fillettes-a-louga-lenquete-bouclee\/\" \/>\n<meta property=\"og:site_name\" content=\"LE PUBLIC\" \/>\n<meta property=\"article:published_time\" content=\"2024-07-06T13:19:51+00:00\" \/>\n<meta property=\"og:image\" content=\"https:\/\/www.public.sn\/wp-content\/uploads\/2024\/07\/Sabar-Louga1.jpg\" \/>\n\t<meta property=\"og:image:width\" content=\"961\" \/>\n\t<meta property=\"og:image:height\" content=\"1600\" \/>\n\t<meta property=\"og:image:type\" content=\"image\/jpeg\" \/>\n<meta name=\"author\" content=\"Baye Amath THIAM\" \/>\n<meta name=\"twitter:card\" content=\"summary_large_image\" \/>\n<meta name=\"twitter:label1\" content=\"\u00c9crit par\" \/>\n\t<meta name=\"twitter:data1\" content=\"Baye Amath THIAM\" \/>\n\t<meta name=\"twitter:label2\" content=\"Dur\u00e9e de lecture estim\u00e9e\" \/>\n\t<meta name=\"twitter:data2\" content=\"1 minute\" \/>\n<script type=\"application\/ld+json\" class=\"yoast-schema-graph\">{\"@context\":\"https:\/\/schema.org\",\"@graph\":[{\"@type\":\"Article\",\"@id\":\"https:\/\/www.public.sn\/index.php\/2024\/07\/06\/sabar-de-fillettes-a-louga-lenquete-bouclee\/#article\",\"isPartOf\":{\"@id\":\"https:\/\/www.public.sn\/index.php\/2024\/07\/06\/sabar-de-fillettes-a-louga-lenquete-bouclee\/\"},\"author\":{\"name\":\"Baye Amath THIAM\",\"@id\":\"https:\/\/www.public.sn\/#\/schema\/person\/f77cd9ce05d8fb925eb038378ee6899d\"},\"headline\":\"Sabar de \u00ab\u00a0Fillettes\u00a0\u00bb \u00e0 Louga: l&rsquo;enqu\u00eate boucl\u00e9e\",\"datePublished\":\"2024-07-06T13:19:51+00:00\",\"mainEntityOfPage\":{\"@id\":\"https:\/\/www.public.sn\/index.php\/2024\/07\/06\/sabar-de-fillettes-a-louga-lenquete-bouclee\/\"},\"wordCount\":476,\"commentCount\":0,\"publisher\":{\"@id\":\"https:\/\/www.public.sn\/#organization\"},\"image\":{\"@id\":\"https:\/\/www.public.sn\/index.php\/2024\/07\/06\/sabar-de-fillettes-a-louga-lenquete-bouclee\/#primaryimage\"},\"thumbnailUrl\":\"https:\/\/www.public.sn\/wp-content\/uploads\/2024\/07\/Sabar-Louga1.jpg\",\"keywords\":[\"danses obsc\u00e8nes\",\"l'enqu\u00eate\",\"Louga\",\"Procureur\",\"Sabar de \\\"Fillettes\\\"\"],\"articleSection\":[\"ACTUALIT\u00c9S\",\"BUZZ\",\"COMMUNIQU\u00c9\",\"FAITS DIVERS\",\"M\u00c9DIAS\",\"S\u00c9N\u00c9GAL\",\"SOCIETE\"],\"inLanguage\":\"fr-FR\",\"potentialAction\":[{\"@type\":\"CommentAction\",\"name\":\"Comment\",\"target\":[\"https:\/\/www.public.sn\/index.php\/2024\/07\/06\/sabar-de-fillettes-a-louga-lenquete-bouclee\/#respond\"]}]},{\"@type\":\"WebPage\",\"@id\":\"https:\/\/www.public.sn\/index.php\/2024\/07\/06\/sabar-de-fillettes-a-louga-lenquete-bouclee\/\",\"url\":\"https:\/\/www.public.sn\/index.php\/2024\/07\/06\/sabar-de-fillettes-a-louga-lenquete-bouclee\/\",\"name\":\"Sabar de \\\"Fillettes\\\" \u00e0 Louga: l'enqu\u00eate boucl\u00e9e - LE PUBLIC\",\"isPartOf\":{\"@id\":\"https:\/\/www.public.sn\/#website\"},\"primaryImageOfPage\":{\"@id\":\"https:\/\/www.public.sn\/index.php\/2024\/07\/06\/sabar-de-fillettes-a-louga-lenquete-bouclee\/#primaryimage\"},\"image\":{\"@id\":\"https:\/\/www.public.sn\/index.php\/2024\/07\/06\/sabar-de-fillettes-a-louga-lenquete-bouclee\/#primaryimage\"},\"thumbnailUrl\":\"https:\/\/www.public.sn\/wp-content\/uploads\/2024\/07\/Sabar-Louga1.jpg\",\"datePublished\":\"2024-07-06T13:19:51+00:00\",\"breadcrumb\":{\"@id\":\"https:\/\/www.public.sn\/index.php\/2024\/07\/06\/sabar-de-fillettes-a-louga-lenquete-bouclee\/#breadcrumb\"},\"inLanguage\":\"fr-FR\",\"potentialAction\":[{\"@type\":\"ReadAction\",\"target\":[\"https:\/\/www.public.sn\/index.php\/2024\/07\/06\/sabar-de-fillettes-a-louga-lenquete-bouclee\/\"]}]},{\"@type\":\"ImageObject\",\"inLanguage\":\"fr-FR\",\"@id\":\"https:\/\/www.public.sn\/index.php\/2024\/07\/06\/sabar-de-fillettes-a-louga-lenquete-bouclee\/#primaryimage\",\"url\":\"https:\/\/www.public.sn\/wp-content\/uploads\/2024\/07\/Sabar-Louga1.jpg\",\"contentUrl\":\"https:\/\/www.public.sn\/wp-content\/uploads\/2024\/07\/Sabar-Louga1.jpg\",\"width\":961,\"height\":1600},{\"@type\":\"BreadcrumbList\",\"@id\":\"https:\/\/www.public.sn\/index.php\/2024\/07\/06\/sabar-de-fillettes-a-louga-lenquete-bouclee\/#breadcrumb\",\"itemListElement\":[{\"@type\":\"ListItem\",\"position\":1,\"name\":\"Accueil\",\"item\":\"https:\/\/www.public.sn\/\"},{\"@type\":\"ListItem\",\"position\":2,\"name\":\"Sabar de \u00ab\u00a0Fillettes\u00a0\u00bb \u00e0 Louga: l&rsquo;enqu\u00eate boucl\u00e9e\"}]},{\"@type\":\"WebSite\",\"@id\":\"https:\/\/www.public.sn\/#website\",\"url\":\"https:\/\/www.public.sn\/\",\"name\":\"LE PUBLIC\",\"description\":\"\",\"publisher\":{\"@id\":\"https:\/\/www.public.sn\/#organization\"},\"potentialAction\":[{\"@type\":\"SearchAction\",\"target\":{\"@type\":\"EntryPoint\",\"urlTemplate\":\"https:\/\/www.public.sn\/?s={search_term_string}\"},\"query-input\":{\"@type\":\"PropertyValueSpecification\",\"valueRequired\":true,\"valueName\":\"search_term_string\"}}],\"inLanguage\":\"fr-FR\"},{\"@type\":\"Organization\",\"@id\":\"https:\/\/www.public.sn\/#organization\",\"name\":\"LE PUBLIC\",\"url\":\"https:\/\/www.public.sn\/\",\"logo\":{\"@type\":\"ImageObject\",\"inLanguage\":\"fr-FR\",\"@id\":\"https:\/\/www.public.sn\/#\/schema\/logo\/image\/\",\"url\":\"https:\/\/www.public.sn\/wp-content\/uploads\/2024\/05\/cropped-LOGO-PUBLIC.SN_.png\",\"contentUrl\":\"https:\/\/www.public.sn\/wp-content\/uploads\/2024\/05\/cropped-LOGO-PUBLIC.SN_.png\",\"width\":682,\"height\":192,\"caption\":\"LE PUBLIC\"},\"image\":{\"@id\":\"https:\/\/www.public.sn\/#\/schema\/logo\/image\/\"}},{\"@type\":\"Person\",\"@id\":\"https:\/\/www.public.sn\/#\/schema\/person\/f77cd9ce05d8fb925eb038378ee6899d\",\"name\":\"Baye Amath THIAM\",\"image\":{\"@type\":\"ImageObject\",\"inLanguage\":\"fr-FR\",\"@id\":\"https:\/\/www.public.sn\/#\/schema\/person\/image\/\",\"url\":\"https:\/\/secure.gravatar.com\/avatar\/7eb863ef1336b6f8a2ad921469701e52f094a61c698fab02f5af742ed813612d?s=96&d=mm&r=g\",\"contentUrl\":\"https:\/\/secure.gravatar.com\/avatar\/7eb863ef1336b6f8a2ad921469701e52f094a61c698fab02f5af742ed813612d?s=96&d=mm&r=g\",\"caption\":\"Baye Amath THIAM\"},\"url\":\"https:\/\/www.public.sn\/index.php\/author\/thiamba24\/\"}]}<\/script>\n<!-- \/ Yoast SEO plugin. -->","yoast_head_json":{"title":"Sabar de \"Fillettes\" \u00e0 Louga: l'enqu\u00eate boucl\u00e9e - LE PUBLIC","robots":{"index":"index","follow":"follow","max-snippet":"max-snippet:-1","max-image-preview":"max-image-preview:large","max-video-preview":"max-video-preview:-1"},"canonical":"https:\/\/www.public.sn\/index.php\/2024\/07\/06\/sabar-de-fillettes-a-louga-lenquete-bouclee\/","og_locale":"fr_FR","og_type":"article","og_title":"Sabar de \"Fillettes\" \u00e0 Louga: l'enqu\u00eate boucl\u00e9e - LE PUBLIC","og_description":"Le commissariat central de Louga, actionn\u00e9 par le Procureur, a boucl\u00e9 son enqu\u00eate relative au sabar des fillettes \u00e0 Louga. Ces derni\u00e8res dont l&rsquo;\u00e2ge varie entre 6 et 10 ans, ont choqu\u00e9 la toile de par leurs danses obsc\u00e8nes lors de cet \u00e9v\u00e9nement. Sept personnes, impliqu\u00e9es dans ce dossier, ont \u00e9t\u00e9 d\u00e9f\u00e9r\u00e9es ce jeudi pour association de malfaiteurs, collecte, stockage et diffusion d\u2019images contraires aux bonnes m\u0153urs et incitation \u00e0 la d\u00e9bauche sur mineures, pr\u00e9cise l&rsquo;Observateur qui donne l&rsquo;information. Parmi les mis en cause, le jeune K. Fofana, r\u00e9parateur de t\u00e9l\u00e9phone, traqu\u00e9 par les techniciens de la Division sp\u00e9ciale de la cybercriminalit\u00e9 (DSC), a reconnu avoir diffus\u00e9 la vid\u00e9o. A sa d\u00e9charge, il a d\u00e9clar\u00e9, repris par le journal, \u00abqu\u2019il ignorait que la diffusion d\u2019une telle vid\u00e9o \u00e9tait interdite par la loi\u00bb. Le percussionniste N. Samb, 22 ans, a \u00e9t\u00e9 aussi interpell\u00e9. Face aux enqu\u00eateurs, le batteur de \u00ab tam tam \u00bb a balanc\u00e9 la dame W. Samb, qui dit-il, \u00abavait sollicit\u00e9 ses services\u00bb. Cueillie \u00e0 son tour, l\u2019organisatrice, une commer\u00e7ante \u00e2g\u00e9e d\u2019une trentaine d\u2019ann\u00e9es, a expliqu\u00e9 \u00abavoir organis\u00e9 cette activit\u00e9 culturelle sur la demande des filles de son quartier\u00bb. La maman d\u2019une des fillettes identifi\u00e9es a \u00e9t\u00e9 aussi arr\u00eat\u00e9e. Il s\u2019agit de D. Diaw, qui a avou\u00e9 \u00ab avoir donn\u00e9 de l\u2019argent \u00e0 sa fille pour qu\u2019elle cotise\u00bb. Une autre fille, N. G., en classe de CI, a soutenu avoir utilis\u00e9 une ruse pour tromper la vigilance de sa m\u00e8re. \u00abLorsque je partais au \u2018\u2019sabar\u2019\u2019, je portais une tenue d\u00e9cente car ma m\u00e8re l\u2019avait exig\u00e9. Cependant, \u00e0 l\u2019insu de ma maman, je suis all\u00e9e au \u2018\u2019sabar\u2019\u2019 en portant un accoutrement ind\u00e9cent \u00bb, a-t-elle expliqu\u00e9. \u00abAu d\u00e9part, mes amies et moi avions d\u00e9cid\u00e9 de porter nos v\u00eatements de la Tabaski avant de changer d\u2019avis \u00bb, confesse une des participantes, O.B, \u00e9l\u00e8ve en classe de CE1. C\u2019est ainsi que la dame T. Sow a \u00e9t\u00e9 arr\u00eat\u00e9e pour avoir pr\u00eat\u00e9 aux deux jeunes filles des ceintures de perles. \u00ab Elles sont venues chez moi pour m\u2019emprunter des ceintures de perles. J\u2019avais refus\u00e9 dans un premier temps, mais par la suite, j\u2019ai accept\u00e9 pour leur faire plaisir \u00bb, a-t-elle tent\u00e9 de se d\u00e9douaner. Il est reproch\u00e9 \u00e0 la derni\u00e8re mise en cause, N. Kh. K, d\u2019avoir pr\u00eat\u00e9 un petit pagne \u00e0 l\u2019une des fillettes. Dans un communiqu\u00e9 rendu public jeudi, le chef du Parquet de Louga, Cheikh Tidiane Ndour, a d\u00e9j\u00e0 averti que \u00abla loi sera appliqu\u00e9e dans toute sa rigueur\u00bb pour des \u00abfaits d\u2019une particuli\u00e8re gravit\u00e9\u00bb, rappelle le quotidien d\u2019information.","og_url":"https:\/\/www.public.sn\/index.php\/2024\/07\/06\/sabar-de-fillettes-a-louga-lenquete-bouclee\/","og_site_name":"LE PUBLIC","article_published_time":"2024-07-06T13:19:51+00:00","og_image":[{"width":961,"height":1600,"url":"https:\/\/www.public.sn\/wp-content\/uploads\/2024\/07\/Sabar-Louga1.jpg","type":"image\/jpeg"}],"author":"Baye Amath THIAM","twitter_card":"summary_large_image","twitter_misc":{"\u00c9crit par":"Baye Amath THIAM","Dur\u00e9e de lecture estim\u00e9e":"1 minute"},"schema":{"@context":"https:\/\/schema.org","@graph":[{"@type":"Article","@id":"https:\/\/www.public.sn\/index.php\/2024\/07\/06\/sabar-de-fillettes-a-louga-lenquete-bouclee\/#article","isPartOf":{"@id":"https:\/\/www.public.sn\/index.php\/2024\/07\/06\/sabar-de-fillettes-a-louga-lenquete-bouclee\/"},"author":{"name":"Baye Amath THIAM","@id":"https:\/\/www.public.sn\/#\/schema\/person\/f77cd9ce05d8fb925eb038378ee6899d"},"headline":"Sabar de \u00ab\u00a0Fillettes\u00a0\u00bb \u00e0 Louga: l&rsquo;enqu\u00eate boucl\u00e9e","datePublished":"2024-07-06T13:19:51+00:00","mainEntityOfPage":{"@id":"https:\/\/www.public.sn\/index.php\/2024\/07\/06\/sabar-de-fillettes-a-louga-lenquete-bouclee\/"},"wordCount":476,"commentCount":0,"publisher":{"@id":"https:\/\/www.public.sn\/#organization"},"image":{"@id":"https:\/\/www.public.sn\/index.php\/2024\/07\/06\/sabar-de-fillettes-a-louga-lenquete-bouclee\/#primaryimage"},"thumbnailUrl":"https:\/\/www.public.sn\/wp-content\/uploads\/2024\/07\/Sabar-Louga1.jpg","keywords":["danses obsc\u00e8nes","l'enqu\u00eate","Louga","Procureur","Sabar de \"Fillettes\""],"articleSection":["ACTUALIT\u00c9S","BUZZ","COMMUNIQU\u00c9","FAITS DIVERS","M\u00c9DIAS","S\u00c9N\u00c9GAL","SOCIETE"],"inLanguage":"fr-FR","potentialAction":[{"@type":"CommentAction","name":"Comment","target":["https:\/\/www.public.sn\/index.php\/2024\/07\/06\/sabar-de-fillettes-a-louga-lenquete-bouclee\/#respond"]}]},{"@type":"WebPage","@id":"https:\/\/www.public.sn\/index.php\/2024\/07\/06\/sabar-de-fillettes-a-louga-lenquete-bouclee\/","url":"https:\/\/www.public.sn\/index.php\/2024\/07\/06\/sabar-de-fillettes-a-louga-lenquete-bouclee\/","name":"Sabar de \"Fillettes\" \u00e0 Louga: l'enqu\u00eate boucl\u00e9e - LE PUBLIC","isPartOf":{"@id":"https:\/\/www.public.sn\/#website"},"primaryImageOfPage":{"@id":"https:\/\/www.public.sn\/index.php\/2024\/07\/06\/sabar-de-fillettes-a-louga-lenquete-bouclee\/#primaryimage"},"image":{"@id":"https:\/\/www.public.sn\/index.php\/2024\/07\/06\/sabar-de-fillettes-a-louga-lenquete-bouclee\/#primaryimage"},"thumbnailUrl":"https:\/\/www.public.sn\/wp-content\/uploads\/2024\/07\/Sabar-Louga1.jpg","datePublished":"2024-07-06T13:19:51+00:00","breadcrumb":{"@id":"https:\/\/www.public.sn\/index.php\/2024\/07\/06\/sabar-de-fillettes-a-louga-lenquete-bouclee\/#breadcrumb"},"inLanguage":"fr-FR","potentialAction":[{"@type":"ReadAction","target":["https:\/\/www.public.sn\/index.php\/2024\/07\/06\/sabar-de-fillettes-a-louga-lenquete-bouclee\/"]}]},{"@type":"ImageObject","inLanguage":"fr-FR","@id":"https:\/\/www.public.sn\/index.php\/2024\/07\/06\/sabar-de-fillettes-a-louga-lenquete-bouclee\/#primaryimage","url":"https:\/\/www.public.sn\/wp-content\/uploads\/2024\/07\/Sabar-Louga1.jpg","contentUrl":"https:\/\/www.public.sn\/wp-content\/uploads\/2024\/07\/Sabar-Louga1.jpg","width":961,"height":1600},{"@type":"BreadcrumbList","@id":"https:\/\/www.public.sn\/index.php\/2024\/07\/06\/sabar-de-fillettes-a-louga-lenquete-bouclee\/#breadcrumb","itemListElement":[{"@type":"ListItem","position":1,"name":"Accueil","item":"https:\/\/www.public.sn\/"},{"@type":"ListItem","position":2,"name":"Sabar de \u00ab\u00a0Fillettes\u00a0\u00bb \u00e0 Louga: l&rsquo;enqu\u00eate boucl\u00e9e"}]},{"@type":"WebSite","@id":"https:\/\/www.public.sn\/#website","url":"https:\/\/www.public.sn\/","name":"LE PUBLIC","description":"","publisher":{"@id":"https:\/\/www.public.sn\/#organization"},"potentialAction":[{"@type":"SearchAction","target":{"@type":"EntryPoint","urlTemplate":"https:\/\/www.public.sn\/?s={search_term_string}"},"query-input":{"@type":"PropertyValueSpecification","valueRequired":true,"valueName":"search_term_string"}}],"inLanguage":"fr-FR"},{"@type":"Organization","@id":"https:\/\/www.public.sn\/#organization","name":"LE PUBLIC","url":"https:\/\/www.public.sn\/","logo":{"@type":"ImageObject","inLanguage":"fr-FR","@id":"https:\/\/www.public.sn\/#\/schema\/logo\/image\/","url":"https:\/\/www.public.sn\/wp-content\/uploads\/2024\/05\/cropped-LOGO-PUBLIC.SN_.png","contentUrl":"https:\/\/www.public.sn\/wp-content\/uploads\/2024\/05\/cropped-LOGO-PUBLIC.SN_.png","width":682,"height":192,"caption":"LE PUBLIC"},"image":{"@id":"https:\/\/www.public.sn\/#\/schema\/logo\/image\/"}},{"@type":"Person","@id":"https:\/\/www.public.sn\/#\/schema\/person\/f77cd9ce05d8fb925eb038378ee6899d","name":"Baye Amath THIAM","image":{"@type":"ImageObject","inLanguage":"fr-FR","@id":"https:\/\/www.public.sn\/#\/schema\/person\/image\/","url":"https:\/\/secure.gravatar.com\/avatar\/7eb863ef1336b6f8a2ad921469701e52f094a61c698fab02f5af742ed813612d?s=96&d=mm&r=g","contentUrl":"https:\/\/secure.gravatar.com\/avatar\/7eb863ef1336b6f8a2ad921469701e52f094a61c698fab02f5af742ed813612d?s=96&d=mm&r=g","caption":"Baye Amath THIAM"},"url":"https:\/\/www.public.sn\/index.php\/author\/thiamba24\/"}]}},"jetpack_featured_media_url":"https:\/\/www.public.sn\/wp-content\/uploads\/2024\/07\/Sabar-Louga1.jpg","jetpack_sharing_enabled":true,"_links":{"self":[{"href":"https:\/\/www.public.sn\/index.php\/wp-json\/wp\/v2\/posts\/33872","targetHints":{"allow":["GET"]}}],"collection":[{"href":"https:\/\/www.public.sn\/index.php\/wp-json\/wp\/v2\/posts"}],"about":[{"href":"https:\/\/www.public.sn\/index.php\/wp-json\/wp\/v2\/types\/post"}],"author":[{"embeddable":true,"href":"https:\/\/www.public.sn\/index.php\/wp-json\/wp\/v2\/users\/15"}],"replies":[{"embeddable":true,"href":"https:\/\/www.public.sn\/index.php\/wp-json\/wp\/v2\/comments?post=33872"}],"version-history":[{"count":1,"href":"https:\/\/www.public.sn\/index.php\/wp-json\/wp\/v2\/posts\/33872\/revisions"}],"predecessor-version":[{"id":33875,"href":"https:\/\/www.public.sn\/index.php\/wp-json\/wp\/v2\/posts\/33872\/revisions\/33875"}],"wp:featuredmedia":[{"embeddable":true,"href":"https:\/\/www.public.sn\/index.php\/wp-json\/wp\/v2\/media\/33874"}],"wp:attachment":[{"href":"https:\/\/www.public.sn\/index.php\/wp-json\/wp\/v2\/media?parent=33872"}],"wp:term":[{"taxonomy":"category","embeddable":true,"href":"https:\/\/www.public.sn\/index.php\/wp-json\/wp\/v2\/categories?post=33872"},{"taxonomy":"post_tag","embeddable":true,"href":"https:\/\/www.public.sn\/index.php\/wp-json\/wp\/v2\/tags?post=33872"}],"curies":[{"name":"wp","href":"https:\/\/api.w.org\/{rel}","templated":true}]}}