{"id":339,"date":"2022-08-21T09:34:24","date_gmt":"2022-08-21T07:34:24","guid":{"rendered":"https:\/\/www.public.sn\/?p=339"},"modified":"2022-08-21T09:34:25","modified_gmt":"2022-08-21T07:34:25","slug":"meteo-lanacim-annonce-des-orages-pluies-et-coups-de-vents-pour-les-prochaines-heures","status":"publish","type":"post","link":"https:\/\/www.public.sn\/index.php\/2022\/08\/21\/meteo-lanacim-annonce-des-orages-pluies-et-coups-de-vents-pour-les-prochaines-heures\/","title":{"rendered":"M\u00e9t\u00e9o : L&rsquo;Anacim annonce des orages, pluies et coups de vents pour les prochaines heures."},"content":{"rendered":"\n<p>L\u2019Agence Nationale de l\u2019Aviation Civile et de la M\u00e9t\u00e9orologie (ANACIM) a publi\u00e9 ses derni\u00e8res pr\u00e9visions. Comme pour ces jours pr\u00e9c\u00e9dents, il y aura de la pluie dans une grande partie du pays. <\/p><div class=\"publi-paragraphe1\" style=\"margin-top: 10px;margin-bottom: 10px;margin-left: auto;margin-right: auto;text-align: center;\" id=\"publi-950515212\"><div class=\"publi-adlabel\">Publicit\u00e9<\/div><script async src=\"\/\/pagead2.googlesyndication.com\/pagead\/js\/adsbygoogle.js?client=ca-pub-4089586018074219\" crossorigin=\"anonymous\"><\/script><ins class=\"adsbygoogle\" style=\"display:block;\" data-ad-client=\"ca-pub-4089586018074219\" \ndata-ad-slot=\"2087940154\" \ndata-ad-format=\"auto\"><\/ins>\n<script> \n(adsbygoogle = window.adsbygoogle || []).push({}); \n<\/script>\n<\/div>\n\n\n\n<p><em>\u00ab\u00a0Cette nuit, des orages accompagn\u00e9s de pluies et de coups de vents assez forts sont attendus dans les r\u00e9gions Est (K\u00e9dougou, Tamba), Nord (Matam, Podor, Lingu\u00e8re) et Centre (Diourbel, Kaolack, Kaffrine)\u00a0\u00bb<\/em>, fait-elle savoir l&rsquo;ANACIM.<\/p>\n\n\n\n<p><em>\u00ab\u00a0Cependant, au petit matin, les activit\u00e9s pluvieuses \u00e9volueront vers les r\u00e9gions proches du littoral (Ziguinchor, Fatick, Thies, Dakar, Louga, Saint-Louis)\u00a0\u00bb,<\/em> conclut l\u2019Agence nationale de l\u2019aviation civile et de la m\u00e9t\u00e9orologie.<\/p>\n\n\n\n<p><em>R\u00e9daction Public SN<\/em><\/p>\n<div class=\"publi-apres-le-contenu\" style=\"margin-top: 10px;margin-bottom: 10px;margin-left: auto;margin-right: auto;text-align: center;\" id=\"publi-1069037293\"><div class=\"publi-adlabel\">Publicit\u00e9<\/div><script async src=\"\/\/pagead2.googlesyndication.com\/pagead\/js\/adsbygoogle.js?client=ca-pub-4089586018074219\" crossorigin=\"anonymous\"><\/script><ins class=\"adsbygoogle\" style=\"display:block;\" data-ad-client=\"ca-pub-4089586018074219\" \ndata-ad-slot=\"2087940154\" \ndata-ad-format=\"auto\"><\/ins>\n<script> \n(adsbygoogle = window.adsbygoogle || []).push({}); \n<\/script>\n<\/div>","protected":false},"excerpt":{"rendered":"<p>L\u2019Agence Nationale de l\u2019Aviation Civile et de la M\u00e9t\u00e9orologie (ANACIM) a publi\u00e9 ses derni\u00e8res pr\u00e9visions. Comme pour ces jours pr\u00e9c\u00e9dents, il y aura de la pluie dans une grande partie du pays. \u00ab\u00a0Cette nuit, des orages accompagn\u00e9s de pluies et de coups de vents assez forts sont attendus dans les r\u00e9gions Est (K\u00e9dougou, Tamba), Nord (Matam, Podor, Lingu\u00e8re) et Centre (Diourbel, Kaolack, Kaffrine)\u00a0\u00bb, fait-elle savoir l&rsquo;ANACIM. \u00ab\u00a0Cependant, au petit matin, les activit\u00e9s pluvieuses \u00e9volueront vers les r\u00e9gions proches du littoral (Ziguinchor, Fatick, Thies, Dakar, Louga, Saint-Louis)\u00a0\u00bb, conclut l\u2019Agence nationale de l\u2019aviation civile et de la m\u00e9t\u00e9orologie. R\u00e9daction Public SN<\/p>\n","protected":false},"author":1,"featured_media":340,"comment_status":"open","ping_status":"open","sticky":false,"template":"","format":"standard","meta":{"_jetpack_memberships_contains_paid_content":false,"footnotes":""},"categories":[4],"tags":[74,75,150,151,76],"class_list":["post-339","post","type-post","status-publish","format-standard","has-post-thumbnail","hentry","category-societe","tag-anacim","tag-dakar","tag-meteo","tag-orages","tag-pluies","entry","has-media","owp-thumbs-layout-horizontal","owp-btn-normal","owp-tabs-layout-horizontal","has-no-thumbnails","has-product-nav"],"yoast_head":"<!-- This site is optimized with the Yoast SEO plugin v25.5 - https:\/\/yoast.com\/wordpress\/plugins\/seo\/ -->\n<title>M\u00e9t\u00e9o : L&#039;Anacim annonce des orages, pluies et coups de vents pour les prochaines heures. - LE PUBLIC<\/title>\n<meta name=\"robots\" content=\"index, follow, max-snippet:-1, max-image-preview:large, max-video-preview:-1\" \/>\n<link rel=\"canonical\" href=\"https:\/\/www.public.sn\/index.php\/2022\/08\/21\/meteo-lanacim-annonce-des-orages-pluies-et-coups-de-vents-pour-les-prochaines-heures\/\" \/>\n<meta property=\"og:locale\" content=\"fr_FR\" \/>\n<meta property=\"og:type\" content=\"article\" \/>\n<meta property=\"og:title\" content=\"M\u00e9t\u00e9o : L&#039;Anacim annonce des orages, pluies et coups de vents pour les prochaines heures. - LE PUBLIC\" \/>\n<meta property=\"og:description\" content=\"L\u2019Agence Nationale de l\u2019Aviation Civile et de la M\u00e9t\u00e9orologie (ANACIM) a publi\u00e9 ses derni\u00e8res pr\u00e9visions. Comme pour ces jours pr\u00e9c\u00e9dents, il y aura de la pluie dans une grande partie du pays. \u00ab\u00a0Cette nuit, des orages accompagn\u00e9s de pluies et de coups de vents assez forts sont attendus dans les r\u00e9gions Est (K\u00e9dougou, Tamba), Nord (Matam, Podor, Lingu\u00e8re) et Centre (Diourbel, Kaolack, Kaffrine)\u00a0\u00bb, fait-elle savoir l&rsquo;ANACIM. \u00ab\u00a0Cependant, au petit matin, les activit\u00e9s pluvieuses \u00e9volueront vers les r\u00e9gions proches du littoral (Ziguinchor, Fatick, Thies, Dakar, Louga, Saint-Louis)\u00a0\u00bb, conclut l\u2019Agence nationale de l\u2019aviation civile et de la m\u00e9t\u00e9orologie. R\u00e9daction Public SN\" \/>\n<meta property=\"og:url\" content=\"https:\/\/www.public.sn\/index.php\/2022\/08\/21\/meteo-lanacim-annonce-des-orages-pluies-et-coups-de-vents-pour-les-prochaines-heures\/\" \/>\n<meta property=\"og:site_name\" content=\"LE PUBLIC\" \/>\n<meta property=\"article:published_time\" content=\"2022-08-21T07:34:24+00:00\" \/>\n<meta property=\"article:modified_time\" content=\"2022-08-21T07:34:25+00:00\" \/>\n<meta property=\"og:image\" content=\"https:\/\/www.public.sn\/wp-content\/uploads\/2022\/08\/8862b665eae89284a327c23e90ef3d-80475-1.jpeg\" \/>\n\t<meta property=\"og:image:width\" content=\"1200\" \/>\n\t<meta property=\"og:image:height\" content=\"630\" \/>\n\t<meta property=\"og:image:type\" content=\"image\/jpeg\" \/>\n<meta name=\"author\" content=\"LA REDACTION\" \/>\n<meta name=\"twitter:card\" content=\"summary_large_image\" \/>\n<meta name=\"twitter:label1\" content=\"\u00c9crit par\" \/>\n\t<meta name=\"twitter:data1\" content=\"LA REDACTION\" \/>\n\t<meta name=\"twitter:label2\" content=\"Dur\u00e9e de lecture estim\u00e9e\" \/>\n\t<meta name=\"twitter:data2\" content=\"1 minute\" \/>\n<script type=\"application\/ld+json\" class=\"yoast-schema-graph\">{\"@context\":\"https:\/\/schema.org\",\"@graph\":[{\"@type\":\"Article\",\"@id\":\"https:\/\/www.public.sn\/index.php\/2022\/08\/21\/meteo-lanacim-annonce-des-orages-pluies-et-coups-de-vents-pour-les-prochaines-heures\/#article\",\"isPartOf\":{\"@id\":\"https:\/\/www.public.sn\/index.php\/2022\/08\/21\/meteo-lanacim-annonce-des-orages-pluies-et-coups-de-vents-pour-les-prochaines-heures\/\"},\"author\":{\"name\":\"LA REDACTION\",\"@id\":\"https:\/\/www.public.sn\/#\/schema\/person\/e3f4a11b037d4203902db148f9bc8d5a\"},\"headline\":\"M\u00e9t\u00e9o : L&rsquo;Anacim annonce des orages, pluies et coups de vents pour les prochaines heures.\",\"datePublished\":\"2022-08-21T07:34:24+00:00\",\"dateModified\":\"2022-08-21T07:34:25+00:00\",\"mainEntityOfPage\":{\"@id\":\"https:\/\/www.public.sn\/index.php\/2022\/08\/21\/meteo-lanacim-annonce-des-orages-pluies-et-coups-de-vents-pour-les-prochaines-heures\/\"},\"wordCount\":134,\"commentCount\":0,\"publisher\":{\"@id\":\"https:\/\/www.public.sn\/#organization\"},\"image\":{\"@id\":\"https:\/\/www.public.sn\/index.php\/2022\/08\/21\/meteo-lanacim-annonce-des-orages-pluies-et-coups-de-vents-pour-les-prochaines-heures\/#primaryimage\"},\"thumbnailUrl\":\"https:\/\/www.public.sn\/wp-content\/uploads\/2022\/08\/8862b665eae89284a327c23e90ef3d-80475-1.jpeg\",\"keywords\":[\"Anacim\",\"Dakar\",\"M\u00e9t\u00e9o\",\"Orages\",\"Pluies\"],\"articleSection\":[\"SOCIETE\"],\"inLanguage\":\"fr-FR\",\"potentialAction\":[{\"@type\":\"CommentAction\",\"name\":\"Comment\",\"target\":[\"https:\/\/www.public.sn\/index.php\/2022\/08\/21\/meteo-lanacim-annonce-des-orages-pluies-et-coups-de-vents-pour-les-prochaines-heures\/#respond\"]}]},{\"@type\":\"WebPage\",\"@id\":\"https:\/\/www.public.sn\/index.php\/2022\/08\/21\/meteo-lanacim-annonce-des-orages-pluies-et-coups-de-vents-pour-les-prochaines-heures\/\",\"url\":\"https:\/\/www.public.sn\/index.php\/2022\/08\/21\/meteo-lanacim-annonce-des-orages-pluies-et-coups-de-vents-pour-les-prochaines-heures\/\",\"name\":\"M\u00e9t\u00e9o : L'Anacim annonce des orages, pluies et coups de vents pour les prochaines heures. - LE PUBLIC\",\"isPartOf\":{\"@id\":\"https:\/\/www.public.sn\/#website\"},\"primaryImageOfPage\":{\"@id\":\"https:\/\/www.public.sn\/index.php\/2022\/08\/21\/meteo-lanacim-annonce-des-orages-pluies-et-coups-de-vents-pour-les-prochaines-heures\/#primaryimage\"},\"image\":{\"@id\":\"https:\/\/www.public.sn\/index.php\/2022\/08\/21\/meteo-lanacim-annonce-des-orages-pluies-et-coups-de-vents-pour-les-prochaines-heures\/#primaryimage\"},\"thumbnailUrl\":\"https:\/\/www.public.sn\/wp-content\/uploads\/2022\/08\/8862b665eae89284a327c23e90ef3d-80475-1.jpeg\",\"datePublished\":\"2022-08-21T07:34:24+00:00\",\"dateModified\":\"2022-08-21T07:34:25+00:00\",\"breadcrumb\":{\"@id\":\"https:\/\/www.public.sn\/index.php\/2022\/08\/21\/meteo-lanacim-annonce-des-orages-pluies-et-coups-de-vents-pour-les-prochaines-heures\/#breadcrumb\"},\"inLanguage\":\"fr-FR\",\"potentialAction\":[{\"@type\":\"ReadAction\",\"target\":[\"https:\/\/www.public.sn\/index.php\/2022\/08\/21\/meteo-lanacim-annonce-des-orages-pluies-et-coups-de-vents-pour-les-prochaines-heures\/\"]}]},{\"@type\":\"ImageObject\",\"inLanguage\":\"fr-FR\",\"@id\":\"https:\/\/www.public.sn\/index.php\/2022\/08\/21\/meteo-lanacim-annonce-des-orages-pluies-et-coups-de-vents-pour-les-prochaines-heures\/#primaryimage\",\"url\":\"https:\/\/www.public.sn\/wp-content\/uploads\/2022\/08\/8862b665eae89284a327c23e90ef3d-80475-1.jpeg\",\"contentUrl\":\"https:\/\/www.public.sn\/wp-content\/uploads\/2022\/08\/8862b665eae89284a327c23e90ef3d-80475-1.jpeg\",\"width\":1200,\"height\":630},{\"@type\":\"BreadcrumbList\",\"@id\":\"https:\/\/www.public.sn\/index.php\/2022\/08\/21\/meteo-lanacim-annonce-des-orages-pluies-et-coups-de-vents-pour-les-prochaines-heures\/#breadcrumb\",\"itemListElement\":[{\"@type\":\"ListItem\",\"position\":1,\"name\":\"Accueil\",\"item\":\"https:\/\/www.public.sn\/\"},{\"@type\":\"ListItem\",\"position\":2,\"name\":\"M\u00e9t\u00e9o : L&rsquo;Anacim annonce des orages, pluies et coups de vents pour les prochaines heures.\"}]},{\"@type\":\"WebSite\",\"@id\":\"https:\/\/www.public.sn\/#website\",\"url\":\"https:\/\/www.public.sn\/\",\"name\":\"LE PUBLIC\",\"description\":\"\",\"publisher\":{\"@id\":\"https:\/\/www.public.sn\/#organization\"},\"potentialAction\":[{\"@type\":\"SearchAction\",\"target\":{\"@type\":\"EntryPoint\",\"urlTemplate\":\"https:\/\/www.public.sn\/?s={search_term_string}\"},\"query-input\":{\"@type\":\"PropertyValueSpecification\",\"valueRequired\":true,\"valueName\":\"search_term_string\"}}],\"inLanguage\":\"fr-FR\"},{\"@type\":\"Organization\",\"@id\":\"https:\/\/www.public.sn\/#organization\",\"name\":\"LE PUBLIC\",\"url\":\"https:\/\/www.public.sn\/\",\"logo\":{\"@type\":\"ImageObject\",\"inLanguage\":\"fr-FR\",\"@id\":\"https:\/\/www.public.sn\/#\/schema\/logo\/image\/\",\"url\":\"https:\/\/www.public.sn\/wp-content\/uploads\/2024\/05\/cropped-LOGO-PUBLIC.SN_.png\",\"contentUrl\":\"https:\/\/www.public.sn\/wp-content\/uploads\/2024\/05\/cropped-LOGO-PUBLIC.SN_.png\",\"width\":682,\"height\":192,\"caption\":\"LE PUBLIC\"},\"image\":{\"@id\":\"https:\/\/www.public.sn\/#\/schema\/logo\/image\/\"}},{\"@type\":\"Person\",\"@id\":\"https:\/\/www.public.sn\/#\/schema\/person\/e3f4a11b037d4203902db148f9bc8d5a\",\"name\":\"LA REDACTION\",\"image\":{\"@type\":\"ImageObject\",\"inLanguage\":\"fr-FR\",\"@id\":\"https:\/\/www.public.sn\/#\/schema\/person\/image\/\",\"url\":\"https:\/\/secure.gravatar.com\/avatar\/d6c030db45db2883c075085c5d6c6258654a801a93766b49af0b82d4f454e2a5?s=96&d=mm&r=g\",\"contentUrl\":\"https:\/\/secure.gravatar.com\/avatar\/d6c030db45db2883c075085c5d6c6258654a801a93766b49af0b82d4f454e2a5?s=96&d=mm&r=g\",\"caption\":\"LA REDACTION\"},\"sameAs\":[\"http:\/\/www.public.sn\"],\"url\":\"https:\/\/www.public.sn\/index.php\/author\/admin7324\/\"}]}<\/script>\n<!-- \/ Yoast SEO plugin. -->","yoast_head_json":{"title":"M\u00e9t\u00e9o : L'Anacim annonce des orages, pluies et coups de vents pour les prochaines heures. - LE PUBLIC","robots":{"index":"index","follow":"follow","max-snippet":"max-snippet:-1","max-image-preview":"max-image-preview:large","max-video-preview":"max-video-preview:-1"},"canonical":"https:\/\/www.public.sn\/index.php\/2022\/08\/21\/meteo-lanacim-annonce-des-orages-pluies-et-coups-de-vents-pour-les-prochaines-heures\/","og_locale":"fr_FR","og_type":"article","og_title":"M\u00e9t\u00e9o : L'Anacim annonce des orages, pluies et coups de vents pour les prochaines heures. - LE PUBLIC","og_description":"L\u2019Agence Nationale de l\u2019Aviation Civile et de la M\u00e9t\u00e9orologie (ANACIM) a publi\u00e9 ses derni\u00e8res pr\u00e9visions. Comme pour ces jours pr\u00e9c\u00e9dents, il y aura de la pluie dans une grande partie du pays. \u00ab\u00a0Cette nuit, des orages accompagn\u00e9s de pluies et de coups de vents assez forts sont attendus dans les r\u00e9gions Est (K\u00e9dougou, Tamba), Nord (Matam, Podor, Lingu\u00e8re) et Centre (Diourbel, Kaolack, Kaffrine)\u00a0\u00bb, fait-elle savoir l&rsquo;ANACIM. \u00ab\u00a0Cependant, au petit matin, les activit\u00e9s pluvieuses \u00e9volueront vers les r\u00e9gions proches du littoral (Ziguinchor, Fatick, Thies, Dakar, Louga, Saint-Louis)\u00a0\u00bb, conclut l\u2019Agence nationale de l\u2019aviation civile et de la m\u00e9t\u00e9orologie. R\u00e9daction Public SN","og_url":"https:\/\/www.public.sn\/index.php\/2022\/08\/21\/meteo-lanacim-annonce-des-orages-pluies-et-coups-de-vents-pour-les-prochaines-heures\/","og_site_name":"LE PUBLIC","article_published_time":"2022-08-21T07:34:24+00:00","article_modified_time":"2022-08-21T07:34:25+00:00","og_image":[{"width":1200,"height":630,"url":"https:\/\/www.public.sn\/wp-content\/uploads\/2022\/08\/8862b665eae89284a327c23e90ef3d-80475-1.jpeg","type":"image\/jpeg"}],"author":"LA REDACTION","twitter_card":"summary_large_image","twitter_misc":{"\u00c9crit par":"LA REDACTION","Dur\u00e9e de lecture estim\u00e9e":"1 minute"},"schema":{"@context":"https:\/\/schema.org","@graph":[{"@type":"Article","@id":"https:\/\/www.public.sn\/index.php\/2022\/08\/21\/meteo-lanacim-annonce-des-orages-pluies-et-coups-de-vents-pour-les-prochaines-heures\/#article","isPartOf":{"@id":"https:\/\/www.public.sn\/index.php\/2022\/08\/21\/meteo-lanacim-annonce-des-orages-pluies-et-coups-de-vents-pour-les-prochaines-heures\/"},"author":{"name":"LA REDACTION","@id":"https:\/\/www.public.sn\/#\/schema\/person\/e3f4a11b037d4203902db148f9bc8d5a"},"headline":"M\u00e9t\u00e9o : L&rsquo;Anacim annonce des orages, pluies et coups de vents pour les prochaines heures.","datePublished":"2022-08-21T07:34:24+00:00","dateModified":"2022-08-21T07:34:25+00:00","mainEntityOfPage":{"@id":"https:\/\/www.public.sn\/index.php\/2022\/08\/21\/meteo-lanacim-annonce-des-orages-pluies-et-coups-de-vents-pour-les-prochaines-heures\/"},"wordCount":134,"commentCount":0,"publisher":{"@id":"https:\/\/www.public.sn\/#organization"},"image":{"@id":"https:\/\/www.public.sn\/index.php\/2022\/08\/21\/meteo-lanacim-annonce-des-orages-pluies-et-coups-de-vents-pour-les-prochaines-heures\/#primaryimage"},"thumbnailUrl":"https:\/\/www.public.sn\/wp-content\/uploads\/2022\/08\/8862b665eae89284a327c23e90ef3d-80475-1.jpeg","keywords":["Anacim","Dakar","M\u00e9t\u00e9o","Orages","Pluies"],"articleSection":["SOCIETE"],"inLanguage":"fr-FR","potentialAction":[{"@type":"CommentAction","name":"Comment","target":["https:\/\/www.public.sn\/index.php\/2022\/08\/21\/meteo-lanacim-annonce-des-orages-pluies-et-coups-de-vents-pour-les-prochaines-heures\/#respond"]}]},{"@type":"WebPage","@id":"https:\/\/www.public.sn\/index.php\/2022\/08\/21\/meteo-lanacim-annonce-des-orages-pluies-et-coups-de-vents-pour-les-prochaines-heures\/","url":"https:\/\/www.public.sn\/index.php\/2022\/08\/21\/meteo-lanacim-annonce-des-orages-pluies-et-coups-de-vents-pour-les-prochaines-heures\/","name":"M\u00e9t\u00e9o : L'Anacim annonce des orages, pluies et coups de vents pour les prochaines heures. - LE PUBLIC","isPartOf":{"@id":"https:\/\/www.public.sn\/#website"},"primaryImageOfPage":{"@id":"https:\/\/www.public.sn\/index.php\/2022\/08\/21\/meteo-lanacim-annonce-des-orages-pluies-et-coups-de-vents-pour-les-prochaines-heures\/#primaryimage"},"image":{"@id":"https:\/\/www.public.sn\/index.php\/2022\/08\/21\/meteo-lanacim-annonce-des-orages-pluies-et-coups-de-vents-pour-les-prochaines-heures\/#primaryimage"},"thumbnailUrl":"https:\/\/www.public.sn\/wp-content\/uploads\/2022\/08\/8862b665eae89284a327c23e90ef3d-80475-1.jpeg","datePublished":"2022-08-21T07:34:24+00:00","dateModified":"2022-08-21T07:34:25+00:00","breadcrumb":{"@id":"https:\/\/www.public.sn\/index.php\/2022\/08\/21\/meteo-lanacim-annonce-des-orages-pluies-et-coups-de-vents-pour-les-prochaines-heures\/#breadcrumb"},"inLanguage":"fr-FR","potentialAction":[{"@type":"ReadAction","target":["https:\/\/www.public.sn\/index.php\/2022\/08\/21\/meteo-lanacim-annonce-des-orages-pluies-et-coups-de-vents-pour-les-prochaines-heures\/"]}]},{"@type":"ImageObject","inLanguage":"fr-FR","@id":"https:\/\/www.public.sn\/index.php\/2022\/08\/21\/meteo-lanacim-annonce-des-orages-pluies-et-coups-de-vents-pour-les-prochaines-heures\/#primaryimage","url":"https:\/\/www.public.sn\/wp-content\/uploads\/2022\/08\/8862b665eae89284a327c23e90ef3d-80475-1.jpeg","contentUrl":"https:\/\/www.public.sn\/wp-content\/uploads\/2022\/08\/8862b665eae89284a327c23e90ef3d-80475-1.jpeg","width":1200,"height":630},{"@type":"BreadcrumbList","@id":"https:\/\/www.public.sn\/index.php\/2022\/08\/21\/meteo-lanacim-annonce-des-orages-pluies-et-coups-de-vents-pour-les-prochaines-heures\/#breadcrumb","itemListElement":[{"@type":"ListItem","position":1,"name":"Accueil","item":"https:\/\/www.public.sn\/"},{"@type":"ListItem","position":2,"name":"M\u00e9t\u00e9o : L&rsquo;Anacim annonce des orages, pluies et coups de vents pour les prochaines heures."}]},{"@type":"WebSite","@id":"https:\/\/www.public.sn\/#website","url":"https:\/\/www.public.sn\/","name":"LE PUBLIC","description":"","publisher":{"@id":"https:\/\/www.public.sn\/#organization"},"potentialAction":[{"@type":"SearchAction","target":{"@type":"EntryPoint","urlTemplate":"https:\/\/www.public.sn\/?s={search_term_string}"},"query-input":{"@type":"PropertyValueSpecification","valueRequired":true,"valueName":"search_term_string"}}],"inLanguage":"fr-FR"},{"@type":"Organization","@id":"https:\/\/www.public.sn\/#organization","name":"LE PUBLIC","url":"https:\/\/www.public.sn\/","logo":{"@type":"ImageObject","inLanguage":"fr-FR","@id":"https:\/\/www.public.sn\/#\/schema\/logo\/image\/","url":"https:\/\/www.public.sn\/wp-content\/uploads\/2024\/05\/cropped-LOGO-PUBLIC.SN_.png","contentUrl":"https:\/\/www.public.sn\/wp-content\/uploads\/2024\/05\/cropped-LOGO-PUBLIC.SN_.png","width":682,"height":192,"caption":"LE PUBLIC"},"image":{"@id":"https:\/\/www.public.sn\/#\/schema\/logo\/image\/"}},{"@type":"Person","@id":"https:\/\/www.public.sn\/#\/schema\/person\/e3f4a11b037d4203902db148f9bc8d5a","name":"LA REDACTION","image":{"@type":"ImageObject","inLanguage":"fr-FR","@id":"https:\/\/www.public.sn\/#\/schema\/person\/image\/","url":"https:\/\/secure.gravatar.com\/avatar\/d6c030db45db2883c075085c5d6c6258654a801a93766b49af0b82d4f454e2a5?s=96&d=mm&r=g","contentUrl":"https:\/\/secure.gravatar.com\/avatar\/d6c030db45db2883c075085c5d6c6258654a801a93766b49af0b82d4f454e2a5?s=96&d=mm&r=g","caption":"LA REDACTION"},"sameAs":["http:\/\/www.public.sn"],"url":"https:\/\/www.public.sn\/index.php\/author\/admin7324\/"}]}},"jetpack_featured_media_url":"https:\/\/www.public.sn\/wp-content\/uploads\/2022\/08\/8862b665eae89284a327c23e90ef3d-80475-1.jpeg","jetpack_sharing_enabled":true,"_links":{"self":[{"href":"https:\/\/www.public.sn\/index.php\/wp-json\/wp\/v2\/posts\/339","targetHints":{"allow":["GET"]}}],"collection":[{"href":"https:\/\/www.public.sn\/index.php\/wp-json\/wp\/v2\/posts"}],"about":[{"href":"https:\/\/www.public.sn\/index.php\/wp-json\/wp\/v2\/types\/post"}],"author":[{"embeddable":true,"href":"https:\/\/www.public.sn\/index.php\/wp-json\/wp\/v2\/users\/1"}],"replies":[{"embeddable":true,"href":"https:\/\/www.public.sn\/index.php\/wp-json\/wp\/v2\/comments?post=339"}],"version-history":[{"count":1,"href":"https:\/\/www.public.sn\/index.php\/wp-json\/wp\/v2\/posts\/339\/revisions"}],"predecessor-version":[{"id":341,"href":"https:\/\/www.public.sn\/index.php\/wp-json\/wp\/v2\/posts\/339\/revisions\/341"}],"wp:featuredmedia":[{"embeddable":true,"href":"https:\/\/www.public.sn\/index.php\/wp-json\/wp\/v2\/media\/340"}],"wp:attachment":[{"href":"https:\/\/www.public.sn\/index.php\/wp-json\/wp\/v2\/media?parent=339"}],"wp:term":[{"taxonomy":"category","embeddable":true,"href":"https:\/\/www.public.sn\/index.php\/wp-json\/wp\/v2\/categories?post=339"},{"taxonomy":"post_tag","embeddable":true,"href":"https:\/\/www.public.sn\/index.php\/wp-json\/wp\/v2\/tags?post=339"}],"curies":[{"name":"wp","href":"https:\/\/api.w.org\/{rel}","templated":true}]}}