{"id":33907,"date":"2024-07-06T15:24:52","date_gmt":"2024-07-06T15:24:52","guid":{"rendered":"https:\/\/www.public.sn\/?p=33907"},"modified":"2024-07-06T19:17:51","modified_gmt":"2024-07-06T19:17:51","slug":"setal-sunu-reww-ousmane-sonko-a-lance-la-deuxieme-journee-du-set-setal-a-saint-louis","status":"publish","type":"post","link":"https:\/\/www.public.sn\/index.php\/2024\/07\/06\/setal-sunu-reww-ousmane-sonko-a-lance-la-deuxieme-journee-du-set-setal-a-saint-louis\/","title":{"rendered":"Setal Sunu Reww : Ousmane Sonko a lanc\u00e9 la deuxi\u00e8me journ\u00e9e du Set Setal \u00e0 Saint Louis"},"content":{"rendered":"<p>Setal Sunu Reww initi\u00e9 par le Pr\u00e9sident de la R\u00e9publique Bassirou Diomaye Faye. Pour la deuxi\u00e9me \u00e9dition le Premier ministre Ousmane Sonko a proc\u00e9d\u00e9, ce samedi 6 juillet, \u00e0 Guet Ndar, un quartier de p\u00e9cheurs de la commune de Saint-Louis, au lancement officiel de la deuxi\u00e8me journ\u00e9e nationale \u2018\u2019setal sunu r\u00e9\u00e9w\u2019\u2019, une initiative de mobilisation sociale lanc\u00e9e pour amener les populations \u00e0 participer \u00e0 la prise en charge de la propret\u00e9 et du cadre de vie dans leurs quartiers, a constat\u00e9 l\u2019APS. <\/p><div class=\"publi-paragraphe1\" style=\"margin-top: 10px;margin-bottom: 10px;margin-left: auto;margin-right: auto;text-align: center;\" id=\"publi-3861165210\"><div class=\"publi-adlabel\">Publicit\u00e9<\/div><script async src=\"\/\/pagead2.googlesyndication.com\/pagead\/js\/adsbygoogle.js?client=ca-pub-4089586018074219\" crossorigin=\"anonymous\"><\/script><ins class=\"adsbygoogle\" style=\"display:block;\" data-ad-client=\"ca-pub-4089586018074219\" \ndata-ad-slot=\"2087940154\" \ndata-ad-format=\"auto\"><\/ins>\n<script> \n(adsbygoogle = window.adsbygoogle || []).push({}); \n<\/script>\n<\/div>\n<p>Arriv\u00e9 \u00e0 la veille de la journ\u00e9e du nettoyage accompagn\u00e9 du ministre de l\u2019Hygi\u00e8ne et de l\u2019Assainissement, Cheikh Tidiane Di\u00e8ye, et des autorit\u00e9s administratives et locales de la r\u00e9gion, il a donn\u00e9 le coup de balai marquant le d\u00e9marrage officiel des op\u00e9rations d\u2019investissement humain de cette deuxi\u00e8me journ\u00e9e \u2018\u2019s\u00e9tal sunu r\u00e9\u00e9w\u2019\u2019 . <\/p>\n<p>Par la m\u00eame occasion, Des agents de la Soci\u00e9t\u00e9 nationale de gestion int\u00e9gr\u00e9e des d\u00e9chets (SONAGED), du Fonds d\u2019entretien roturier autonome (FERA), des \u00e9l\u00e8ves gendarmes et des militaires munis de pelles, de r\u00e2teaux et autres \u00e9quipements de nettoiement ont particip\u00e9 \u00e0 cette op\u00e9ration de nettoyage de la plage de Nguet Ndar et des rues du quartier. <\/p>\n<p>Un dispositif d\u2019engins lourds compos\u00e9 de pelles m\u00e9caniques et de camions-bennes a \u00e9t\u00e9 d\u00e9ploy\u00e9 pour l\u2019\u00e9vacuation des d\u00e9chets collect\u00e9s. <\/p>\n<p>Le Premier ministre Ousmane Sonko est arriv\u00e9 \u00e0 Saint-Louis vendredi dans la soir\u00e9e. <\/p>\n<div class=\"publi-apres-le-contenu\" style=\"margin-top: 10px;margin-bottom: 10px;margin-left: auto;margin-right: auto;text-align: center;\" id=\"publi-1398182757\"><div class=\"publi-adlabel\">Publicit\u00e9<\/div><script async src=\"\/\/pagead2.googlesyndication.com\/pagead\/js\/adsbygoogle.js?client=ca-pub-4089586018074219\" crossorigin=\"anonymous\"><\/script><ins class=\"adsbygoogle\" style=\"display:block;\" data-ad-client=\"ca-pub-4089586018074219\" \ndata-ad-slot=\"2087940154\" \ndata-ad-format=\"auto\"><\/ins>\n<script> \n(adsbygoogle = window.adsbygoogle || []).push({}); \n<\/script>\n<\/div>","protected":false},"excerpt":{"rendered":"<p>Setal Sunu Reww initi\u00e9 par le Pr\u00e9sident de la R\u00e9publique Bassirou Diomaye Faye. Pour la deuxi\u00e9me \u00e9dition le Premier ministre Ousmane Sonko a proc\u00e9d\u00e9, ce samedi 6 juillet, \u00e0 Guet Ndar, un quartier de p\u00e9cheurs de la commune de Saint-Louis, au lancement officiel de la deuxi\u00e8me journ\u00e9e nationale \u2018\u2019setal sunu r\u00e9\u00e9w\u2019\u2019, une initiative de mobilisation sociale lanc\u00e9e pour amener les populations \u00e0 participer \u00e0 la prise en charge de la propret\u00e9 et du cadre de vie dans leurs quartiers, a constat\u00e9 l\u2019APS. Arriv\u00e9 \u00e0 la veille de la journ\u00e9e du nettoyage accompagn\u00e9 du ministre de l\u2019Hygi\u00e8ne et de l\u2019Assainissement, Cheikh Tidiane Di\u00e8ye, et des autorit\u00e9s administratives et locales de la r\u00e9gion, il a donn\u00e9 le coup de balai marquant le d\u00e9marrage officiel des op\u00e9rations d\u2019investissement humain de cette deuxi\u00e8me journ\u00e9e \u2018\u2019s\u00e9tal sunu r\u00e9\u00e9w\u2019\u2019 . Par la m\u00eame occasion, Des agents de la Soci\u00e9t\u00e9 nationale de gestion int\u00e9gr\u00e9e des d\u00e9chets (SONAGED), du Fonds d\u2019entretien roturier autonome (FERA), des \u00e9l\u00e8ves gendarmes et des militaires munis de pelles, de r\u00e2teaux et autres \u00e9quipements de nettoiement ont particip\u00e9 \u00e0 cette op\u00e9ration de nettoyage de la plage de Nguet Ndar et des rues du quartier. Un dispositif d\u2019engins lourds compos\u00e9 de pelles m\u00e9caniques et de camions-bennes a \u00e9t\u00e9 d\u00e9ploy\u00e9 pour l\u2019\u00e9vacuation des d\u00e9chets collect\u00e9s. Le Premier ministre Ousmane Sonko est arriv\u00e9 \u00e0 Saint-Louis vendredi dans la soir\u00e9e.<\/p>\n","protected":false},"author":15,"featured_media":33908,"comment_status":"open","ping_status":"open","sticky":false,"template":"","format":"standard","meta":{"_jetpack_memberships_contains_paid_content":false,"footnotes":""},"categories":[375,3728,4],"tags":[6404,6406,6403,6407,6408,5829,6402,6401,6405],"class_list":["post-33907","post","type-post","status-publish","format-standard","has-post-thumbnail","hentry","category-actualites","category-internationale","category-societe","tag-a-guet-ndar","tag-accompagne-du-ministre-de-lhygiene-et-de-lassainissement","tag-ce-samedi-6-juillet","tag-cheikh-tidiane-dieye","tag-et-des-autorites-administratives-et-locales-de-la-region","tag-le-president-de-la-republique-bassirou-diomaye-faye","tag-pour-la-deuxieme-edition-le-premier-ministre-ousmane-sonko-a-procede","tag-setal-sunu-reww-initie-par-le-president-de-la-republique","tag-un-quartier-de-pecheurs-de-la-commune-de-saint-louis","entry","has-media","owp-thumbs-layout-horizontal","owp-btn-normal","owp-tabs-layout-horizontal","has-no-thumbnails","has-product-nav"],"yoast_head":"<!-- This site is optimized with the Yoast SEO plugin v25.5 - https:\/\/yoast.com\/wordpress\/plugins\/seo\/ -->\n<title>Setal Sunu Reww : Ousmane Sonko a lanc\u00e9 la deuxi\u00e8me journ\u00e9e du Set Setal \u00e0 Saint Louis - LE PUBLIC<\/title>\n<meta name=\"robots\" content=\"index, follow, max-snippet:-1, max-image-preview:large, max-video-preview:-1\" \/>\n<link rel=\"canonical\" href=\"https:\/\/www.public.sn\/index.php\/2024\/07\/06\/setal-sunu-reww-ousmane-sonko-a-lance-la-deuxieme-journee-du-set-setal-a-saint-louis\/\" \/>\n<meta property=\"og:locale\" content=\"fr_FR\" \/>\n<meta property=\"og:type\" content=\"article\" \/>\n<meta property=\"og:title\" content=\"Setal Sunu Reww : Ousmane Sonko a lanc\u00e9 la deuxi\u00e8me journ\u00e9e du Set Setal \u00e0 Saint Louis - LE PUBLIC\" \/>\n<meta property=\"og:description\" content=\"Setal Sunu Reww initi\u00e9 par le Pr\u00e9sident de la R\u00e9publique Bassirou Diomaye Faye. Pour la deuxi\u00e9me \u00e9dition le Premier ministre Ousmane Sonko a proc\u00e9d\u00e9, ce samedi 6 juillet, \u00e0 Guet Ndar, un quartier de p\u00e9cheurs de la commune de Saint-Louis, au lancement officiel de la deuxi\u00e8me journ\u00e9e nationale \u2018\u2019setal sunu r\u00e9\u00e9w\u2019\u2019, une initiative de mobilisation sociale lanc\u00e9e pour amener les populations \u00e0 participer \u00e0 la prise en charge de la propret\u00e9 et du cadre de vie dans leurs quartiers, a constat\u00e9 l\u2019APS. Arriv\u00e9 \u00e0 la veille de la journ\u00e9e du nettoyage accompagn\u00e9 du ministre de l\u2019Hygi\u00e8ne et de l\u2019Assainissement, Cheikh Tidiane Di\u00e8ye, et des autorit\u00e9s administratives et locales de la r\u00e9gion, il a donn\u00e9 le coup de balai marquant le d\u00e9marrage officiel des op\u00e9rations d\u2019investissement humain de cette deuxi\u00e8me journ\u00e9e \u2018\u2019s\u00e9tal sunu r\u00e9\u00e9w\u2019\u2019 . Par la m\u00eame occasion, Des agents de la Soci\u00e9t\u00e9 nationale de gestion int\u00e9gr\u00e9e des d\u00e9chets (SONAGED), du Fonds d\u2019entretien roturier autonome (FERA), des \u00e9l\u00e8ves gendarmes et des militaires munis de pelles, de r\u00e2teaux et autres \u00e9quipements de nettoiement ont particip\u00e9 \u00e0 cette op\u00e9ration de nettoyage de la plage de Nguet Ndar et des rues du quartier. Un dispositif d\u2019engins lourds compos\u00e9 de pelles m\u00e9caniques et de camions-bennes a \u00e9t\u00e9 d\u00e9ploy\u00e9 pour l\u2019\u00e9vacuation des d\u00e9chets collect\u00e9s. Le Premier ministre Ousmane Sonko est arriv\u00e9 \u00e0 Saint-Louis vendredi dans la soir\u00e9e.\" \/>\n<meta property=\"og:url\" content=\"https:\/\/www.public.sn\/index.php\/2024\/07\/06\/setal-sunu-reww-ousmane-sonko-a-lance-la-deuxieme-journee-du-set-setal-a-saint-louis\/\" \/>\n<meta property=\"og:site_name\" content=\"LE PUBLIC\" \/>\n<meta property=\"article:published_time\" content=\"2024-07-06T15:24:52+00:00\" \/>\n<meta property=\"article:modified_time\" content=\"2024-07-06T19:17:51+00:00\" \/>\n<meta property=\"og:image\" content=\"https:\/\/www.public.sn\/wp-content\/uploads\/2024\/07\/Capture-decran-2024-07-06-a-15.07.01.png\" \/>\n\t<meta property=\"og:image:width\" content=\"814\" \/>\n\t<meta property=\"og:image:height\" content=\"510\" \/>\n\t<meta property=\"og:image:type\" content=\"image\/png\" \/>\n<meta name=\"author\" content=\"Baye Amath THIAM\" \/>\n<meta name=\"twitter:card\" content=\"summary_large_image\" \/>\n<meta name=\"twitter:label1\" content=\"\u00c9crit par\" \/>\n\t<meta name=\"twitter:data1\" content=\"Baye Amath THIAM\" \/>\n\t<meta name=\"twitter:label2\" content=\"Dur\u00e9e de lecture estim\u00e9e\" \/>\n\t<meta name=\"twitter:data2\" content=\"2 minutes\" \/>\n<script type=\"application\/ld+json\" class=\"yoast-schema-graph\">{\"@context\":\"https:\/\/schema.org\",\"@graph\":[{\"@type\":\"Article\",\"@id\":\"https:\/\/www.public.sn\/index.php\/2024\/07\/06\/setal-sunu-reww-ousmane-sonko-a-lance-la-deuxieme-journee-du-set-setal-a-saint-louis\/#article\",\"isPartOf\":{\"@id\":\"https:\/\/www.public.sn\/index.php\/2024\/07\/06\/setal-sunu-reww-ousmane-sonko-a-lance-la-deuxieme-journee-du-set-setal-a-saint-louis\/\"},\"author\":{\"name\":\"Baye Amath THIAM\",\"@id\":\"https:\/\/www.public.sn\/#\/schema\/person\/f77cd9ce05d8fb925eb038378ee6899d\"},\"headline\":\"Setal Sunu Reww : Ousmane Sonko a lanc\u00e9 la deuxi\u00e8me journ\u00e9e du Set Setal \u00e0 Saint Louis\",\"datePublished\":\"2024-07-06T15:24:52+00:00\",\"dateModified\":\"2024-07-06T19:17:51+00:00\",\"mainEntityOfPage\":{\"@id\":\"https:\/\/www.public.sn\/index.php\/2024\/07\/06\/setal-sunu-reww-ousmane-sonko-a-lance-la-deuxieme-journee-du-set-setal-a-saint-louis\/\"},\"wordCount\":271,\"commentCount\":0,\"publisher\":{\"@id\":\"https:\/\/www.public.sn\/#organization\"},\"image\":{\"@id\":\"https:\/\/www.public.sn\/index.php\/2024\/07\/06\/setal-sunu-reww-ousmane-sonko-a-lance-la-deuxieme-journee-du-set-setal-a-saint-louis\/#primaryimage\"},\"thumbnailUrl\":\"https:\/\/www.public.sn\/wp-content\/uploads\/2024\/07\/Capture-decran-2024-07-06-a-15.07.01.png\",\"keywords\":[\"\u00e0 Guet Ndar\",\"accompagn\u00e9 du ministre de l\u2019Hygi\u00e8ne et de l\u2019Assainissement\",\"ce samedi 6 juillet\",\"Cheikh Tidiane Di\u00e8ye\",\"et des autorit\u00e9s administratives et locales de la r\u00e9gion\",\"le pr\u00e9sident de la R\u00e9publique Bassirou Diomaye Faye\",\"Pour la deuxi\u00e9me \u00e9dition le Premier ministre Ousmane Sonko a proc\u00e9d\u00e9\",\"Setal Sunu Reww initi\u00e9 par le Pr\u00e9sident de la R\u00e9publique\",\"un quartier de p\u00e9cheurs de la commune de Saint-Louis\"],\"articleSection\":[\"ACTUALIT\u00c9S\",\"internationale\",\"SOCIETE\"],\"inLanguage\":\"fr-FR\",\"potentialAction\":[{\"@type\":\"CommentAction\",\"name\":\"Comment\",\"target\":[\"https:\/\/www.public.sn\/index.php\/2024\/07\/06\/setal-sunu-reww-ousmane-sonko-a-lance-la-deuxieme-journee-du-set-setal-a-saint-louis\/#respond\"]}]},{\"@type\":\"WebPage\",\"@id\":\"https:\/\/www.public.sn\/index.php\/2024\/07\/06\/setal-sunu-reww-ousmane-sonko-a-lance-la-deuxieme-journee-du-set-setal-a-saint-louis\/\",\"url\":\"https:\/\/www.public.sn\/index.php\/2024\/07\/06\/setal-sunu-reww-ousmane-sonko-a-lance-la-deuxieme-journee-du-set-setal-a-saint-louis\/\",\"name\":\"Setal Sunu Reww : Ousmane Sonko a lanc\u00e9 la deuxi\u00e8me journ\u00e9e du Set Setal \u00e0 Saint Louis - LE PUBLIC\",\"isPartOf\":{\"@id\":\"https:\/\/www.public.sn\/#website\"},\"primaryImageOfPage\":{\"@id\":\"https:\/\/www.public.sn\/index.php\/2024\/07\/06\/setal-sunu-reww-ousmane-sonko-a-lance-la-deuxieme-journee-du-set-setal-a-saint-louis\/#primaryimage\"},\"image\":{\"@id\":\"https:\/\/www.public.sn\/index.php\/2024\/07\/06\/setal-sunu-reww-ousmane-sonko-a-lance-la-deuxieme-journee-du-set-setal-a-saint-louis\/#primaryimage\"},\"thumbnailUrl\":\"https:\/\/www.public.sn\/wp-content\/uploads\/2024\/07\/Capture-decran-2024-07-06-a-15.07.01.png\",\"datePublished\":\"2024-07-06T15:24:52+00:00\",\"dateModified\":\"2024-07-06T19:17:51+00:00\",\"breadcrumb\":{\"@id\":\"https:\/\/www.public.sn\/index.php\/2024\/07\/06\/setal-sunu-reww-ousmane-sonko-a-lance-la-deuxieme-journee-du-set-setal-a-saint-louis\/#breadcrumb\"},\"inLanguage\":\"fr-FR\",\"potentialAction\":[{\"@type\":\"ReadAction\",\"target\":[\"https:\/\/www.public.sn\/index.php\/2024\/07\/06\/setal-sunu-reww-ousmane-sonko-a-lance-la-deuxieme-journee-du-set-setal-a-saint-louis\/\"]}]},{\"@type\":\"ImageObject\",\"inLanguage\":\"fr-FR\",\"@id\":\"https:\/\/www.public.sn\/index.php\/2024\/07\/06\/setal-sunu-reww-ousmane-sonko-a-lance-la-deuxieme-journee-du-set-setal-a-saint-louis\/#primaryimage\",\"url\":\"https:\/\/www.public.sn\/wp-content\/uploads\/2024\/07\/Capture-decran-2024-07-06-a-15.07.01.png\",\"contentUrl\":\"https:\/\/www.public.sn\/wp-content\/uploads\/2024\/07\/Capture-decran-2024-07-06-a-15.07.01.png\",\"width\":814,\"height\":510},{\"@type\":\"BreadcrumbList\",\"@id\":\"https:\/\/www.public.sn\/index.php\/2024\/07\/06\/setal-sunu-reww-ousmane-sonko-a-lance-la-deuxieme-journee-du-set-setal-a-saint-louis\/#breadcrumb\",\"itemListElement\":[{\"@type\":\"ListItem\",\"position\":1,\"name\":\"Accueil\",\"item\":\"https:\/\/www.public.sn\/\"},{\"@type\":\"ListItem\",\"position\":2,\"name\":\"Setal Sunu Reww : Ousmane Sonko a lanc\u00e9 la deuxi\u00e8me journ\u00e9e du Set Setal \u00e0 Saint Louis\"}]},{\"@type\":\"WebSite\",\"@id\":\"https:\/\/www.public.sn\/#website\",\"url\":\"https:\/\/www.public.sn\/\",\"name\":\"LE PUBLIC\",\"description\":\"\",\"publisher\":{\"@id\":\"https:\/\/www.public.sn\/#organization\"},\"potentialAction\":[{\"@type\":\"SearchAction\",\"target\":{\"@type\":\"EntryPoint\",\"urlTemplate\":\"https:\/\/www.public.sn\/?s={search_term_string}\"},\"query-input\":{\"@type\":\"PropertyValueSpecification\",\"valueRequired\":true,\"valueName\":\"search_term_string\"}}],\"inLanguage\":\"fr-FR\"},{\"@type\":\"Organization\",\"@id\":\"https:\/\/www.public.sn\/#organization\",\"name\":\"LE PUBLIC\",\"url\":\"https:\/\/www.public.sn\/\",\"logo\":{\"@type\":\"ImageObject\",\"inLanguage\":\"fr-FR\",\"@id\":\"https:\/\/www.public.sn\/#\/schema\/logo\/image\/\",\"url\":\"https:\/\/www.public.sn\/wp-content\/uploads\/2024\/05\/cropped-LOGO-PUBLIC.SN_.png\",\"contentUrl\":\"https:\/\/www.public.sn\/wp-content\/uploads\/2024\/05\/cropped-LOGO-PUBLIC.SN_.png\",\"width\":682,\"height\":192,\"caption\":\"LE PUBLIC\"},\"image\":{\"@id\":\"https:\/\/www.public.sn\/#\/schema\/logo\/image\/\"}},{\"@type\":\"Person\",\"@id\":\"https:\/\/www.public.sn\/#\/schema\/person\/f77cd9ce05d8fb925eb038378ee6899d\",\"name\":\"Baye Amath THIAM\",\"image\":{\"@type\":\"ImageObject\",\"inLanguage\":\"fr-FR\",\"@id\":\"https:\/\/www.public.sn\/#\/schema\/person\/image\/\",\"url\":\"https:\/\/secure.gravatar.com\/avatar\/7eb863ef1336b6f8a2ad921469701e52f094a61c698fab02f5af742ed813612d?s=96&d=mm&r=g\",\"contentUrl\":\"https:\/\/secure.gravatar.com\/avatar\/7eb863ef1336b6f8a2ad921469701e52f094a61c698fab02f5af742ed813612d?s=96&d=mm&r=g\",\"caption\":\"Baye Amath THIAM\"},\"url\":\"https:\/\/www.public.sn\/index.php\/author\/thiamba24\/\"}]}<\/script>\n<!-- \/ Yoast SEO plugin. -->","yoast_head_json":{"title":"Setal Sunu Reww : Ousmane Sonko a lanc\u00e9 la deuxi\u00e8me journ\u00e9e du Set Setal \u00e0 Saint Louis - LE PUBLIC","robots":{"index":"index","follow":"follow","max-snippet":"max-snippet:-1","max-image-preview":"max-image-preview:large","max-video-preview":"max-video-preview:-1"},"canonical":"https:\/\/www.public.sn\/index.php\/2024\/07\/06\/setal-sunu-reww-ousmane-sonko-a-lance-la-deuxieme-journee-du-set-setal-a-saint-louis\/","og_locale":"fr_FR","og_type":"article","og_title":"Setal Sunu Reww : Ousmane Sonko a lanc\u00e9 la deuxi\u00e8me journ\u00e9e du Set Setal \u00e0 Saint Louis - LE PUBLIC","og_description":"Setal Sunu Reww initi\u00e9 par le Pr\u00e9sident de la R\u00e9publique Bassirou Diomaye Faye. Pour la deuxi\u00e9me \u00e9dition le Premier ministre Ousmane Sonko a proc\u00e9d\u00e9, ce samedi 6 juillet, \u00e0 Guet Ndar, un quartier de p\u00e9cheurs de la commune de Saint-Louis, au lancement officiel de la deuxi\u00e8me journ\u00e9e nationale \u2018\u2019setal sunu r\u00e9\u00e9w\u2019\u2019, une initiative de mobilisation sociale lanc\u00e9e pour amener les populations \u00e0 participer \u00e0 la prise en charge de la propret\u00e9 et du cadre de vie dans leurs quartiers, a constat\u00e9 l\u2019APS. Arriv\u00e9 \u00e0 la veille de la journ\u00e9e du nettoyage accompagn\u00e9 du ministre de l\u2019Hygi\u00e8ne et de l\u2019Assainissement, Cheikh Tidiane Di\u00e8ye, et des autorit\u00e9s administratives et locales de la r\u00e9gion, il a donn\u00e9 le coup de balai marquant le d\u00e9marrage officiel des op\u00e9rations d\u2019investissement humain de cette deuxi\u00e8me journ\u00e9e \u2018\u2019s\u00e9tal sunu r\u00e9\u00e9w\u2019\u2019 . Par la m\u00eame occasion, Des agents de la Soci\u00e9t\u00e9 nationale de gestion int\u00e9gr\u00e9e des d\u00e9chets (SONAGED), du Fonds d\u2019entretien roturier autonome (FERA), des \u00e9l\u00e8ves gendarmes et des militaires munis de pelles, de r\u00e2teaux et autres \u00e9quipements de nettoiement ont particip\u00e9 \u00e0 cette op\u00e9ration de nettoyage de la plage de Nguet Ndar et des rues du quartier. Un dispositif d\u2019engins lourds compos\u00e9 de pelles m\u00e9caniques et de camions-bennes a \u00e9t\u00e9 d\u00e9ploy\u00e9 pour l\u2019\u00e9vacuation des d\u00e9chets collect\u00e9s. Le Premier ministre Ousmane Sonko est arriv\u00e9 \u00e0 Saint-Louis vendredi dans la soir\u00e9e.","og_url":"https:\/\/www.public.sn\/index.php\/2024\/07\/06\/setal-sunu-reww-ousmane-sonko-a-lance-la-deuxieme-journee-du-set-setal-a-saint-louis\/","og_site_name":"LE PUBLIC","article_published_time":"2024-07-06T15:24:52+00:00","article_modified_time":"2024-07-06T19:17:51+00:00","og_image":[{"width":814,"height":510,"url":"https:\/\/www.public.sn\/wp-content\/uploads\/2024\/07\/Capture-decran-2024-07-06-a-15.07.01.png","type":"image\/png"}],"author":"Baye Amath THIAM","twitter_card":"summary_large_image","twitter_misc":{"\u00c9crit par":"Baye Amath THIAM","Dur\u00e9e de lecture estim\u00e9e":"2 minutes"},"schema":{"@context":"https:\/\/schema.org","@graph":[{"@type":"Article","@id":"https:\/\/www.public.sn\/index.php\/2024\/07\/06\/setal-sunu-reww-ousmane-sonko-a-lance-la-deuxieme-journee-du-set-setal-a-saint-louis\/#article","isPartOf":{"@id":"https:\/\/www.public.sn\/index.php\/2024\/07\/06\/setal-sunu-reww-ousmane-sonko-a-lance-la-deuxieme-journee-du-set-setal-a-saint-louis\/"},"author":{"name":"Baye Amath THIAM","@id":"https:\/\/www.public.sn\/#\/schema\/person\/f77cd9ce05d8fb925eb038378ee6899d"},"headline":"Setal Sunu Reww : Ousmane Sonko a lanc\u00e9 la deuxi\u00e8me journ\u00e9e du Set Setal \u00e0 Saint Louis","datePublished":"2024-07-06T15:24:52+00:00","dateModified":"2024-07-06T19:17:51+00:00","mainEntityOfPage":{"@id":"https:\/\/www.public.sn\/index.php\/2024\/07\/06\/setal-sunu-reww-ousmane-sonko-a-lance-la-deuxieme-journee-du-set-setal-a-saint-louis\/"},"wordCount":271,"commentCount":0,"publisher":{"@id":"https:\/\/www.public.sn\/#organization"},"image":{"@id":"https:\/\/www.public.sn\/index.php\/2024\/07\/06\/setal-sunu-reww-ousmane-sonko-a-lance-la-deuxieme-journee-du-set-setal-a-saint-louis\/#primaryimage"},"thumbnailUrl":"https:\/\/www.public.sn\/wp-content\/uploads\/2024\/07\/Capture-decran-2024-07-06-a-15.07.01.png","keywords":["\u00e0 Guet Ndar","accompagn\u00e9 du ministre de l\u2019Hygi\u00e8ne et de l\u2019Assainissement","ce samedi 6 juillet","Cheikh Tidiane Di\u00e8ye","et des autorit\u00e9s administratives et locales de la r\u00e9gion","le pr\u00e9sident de la R\u00e9publique Bassirou Diomaye Faye","Pour la deuxi\u00e9me \u00e9dition le Premier ministre Ousmane Sonko a proc\u00e9d\u00e9","Setal Sunu Reww initi\u00e9 par le Pr\u00e9sident de la R\u00e9publique","un quartier de p\u00e9cheurs de la commune de Saint-Louis"],"articleSection":["ACTUALIT\u00c9S","internationale","SOCIETE"],"inLanguage":"fr-FR","potentialAction":[{"@type":"CommentAction","name":"Comment","target":["https:\/\/www.public.sn\/index.php\/2024\/07\/06\/setal-sunu-reww-ousmane-sonko-a-lance-la-deuxieme-journee-du-set-setal-a-saint-louis\/#respond"]}]},{"@type":"WebPage","@id":"https:\/\/www.public.sn\/index.php\/2024\/07\/06\/setal-sunu-reww-ousmane-sonko-a-lance-la-deuxieme-journee-du-set-setal-a-saint-louis\/","url":"https:\/\/www.public.sn\/index.php\/2024\/07\/06\/setal-sunu-reww-ousmane-sonko-a-lance-la-deuxieme-journee-du-set-setal-a-saint-louis\/","name":"Setal Sunu Reww : Ousmane Sonko a lanc\u00e9 la deuxi\u00e8me journ\u00e9e du Set Setal \u00e0 Saint Louis - LE PUBLIC","isPartOf":{"@id":"https:\/\/www.public.sn\/#website"},"primaryImageOfPage":{"@id":"https:\/\/www.public.sn\/index.php\/2024\/07\/06\/setal-sunu-reww-ousmane-sonko-a-lance-la-deuxieme-journee-du-set-setal-a-saint-louis\/#primaryimage"},"image":{"@id":"https:\/\/www.public.sn\/index.php\/2024\/07\/06\/setal-sunu-reww-ousmane-sonko-a-lance-la-deuxieme-journee-du-set-setal-a-saint-louis\/#primaryimage"},"thumbnailUrl":"https:\/\/www.public.sn\/wp-content\/uploads\/2024\/07\/Capture-decran-2024-07-06-a-15.07.01.png","datePublished":"2024-07-06T15:24:52+00:00","dateModified":"2024-07-06T19:17:51+00:00","breadcrumb":{"@id":"https:\/\/www.public.sn\/index.php\/2024\/07\/06\/setal-sunu-reww-ousmane-sonko-a-lance-la-deuxieme-journee-du-set-setal-a-saint-louis\/#breadcrumb"},"inLanguage":"fr-FR","potentialAction":[{"@type":"ReadAction","target":["https:\/\/www.public.sn\/index.php\/2024\/07\/06\/setal-sunu-reww-ousmane-sonko-a-lance-la-deuxieme-journee-du-set-setal-a-saint-louis\/"]}]},{"@type":"ImageObject","inLanguage":"fr-FR","@id":"https:\/\/www.public.sn\/index.php\/2024\/07\/06\/setal-sunu-reww-ousmane-sonko-a-lance-la-deuxieme-journee-du-set-setal-a-saint-louis\/#primaryimage","url":"https:\/\/www.public.sn\/wp-content\/uploads\/2024\/07\/Capture-decran-2024-07-06-a-15.07.01.png","contentUrl":"https:\/\/www.public.sn\/wp-content\/uploads\/2024\/07\/Capture-decran-2024-07-06-a-15.07.01.png","width":814,"height":510},{"@type":"BreadcrumbList","@id":"https:\/\/www.public.sn\/index.php\/2024\/07\/06\/setal-sunu-reww-ousmane-sonko-a-lance-la-deuxieme-journee-du-set-setal-a-saint-louis\/#breadcrumb","itemListElement":[{"@type":"ListItem","position":1,"name":"Accueil","item":"https:\/\/www.public.sn\/"},{"@type":"ListItem","position":2,"name":"Setal Sunu Reww : Ousmane Sonko a lanc\u00e9 la deuxi\u00e8me journ\u00e9e du Set Setal \u00e0 Saint Louis"}]},{"@type":"WebSite","@id":"https:\/\/www.public.sn\/#website","url":"https:\/\/www.public.sn\/","name":"LE PUBLIC","description":"","publisher":{"@id":"https:\/\/www.public.sn\/#organization"},"potentialAction":[{"@type":"SearchAction","target":{"@type":"EntryPoint","urlTemplate":"https:\/\/www.public.sn\/?s={search_term_string}"},"query-input":{"@type":"PropertyValueSpecification","valueRequired":true,"valueName":"search_term_string"}}],"inLanguage":"fr-FR"},{"@type":"Organization","@id":"https:\/\/www.public.sn\/#organization","name":"LE PUBLIC","url":"https:\/\/www.public.sn\/","logo":{"@type":"ImageObject","inLanguage":"fr-FR","@id":"https:\/\/www.public.sn\/#\/schema\/logo\/image\/","url":"https:\/\/www.public.sn\/wp-content\/uploads\/2024\/05\/cropped-LOGO-PUBLIC.SN_.png","contentUrl":"https:\/\/www.public.sn\/wp-content\/uploads\/2024\/05\/cropped-LOGO-PUBLIC.SN_.png","width":682,"height":192,"caption":"LE PUBLIC"},"image":{"@id":"https:\/\/www.public.sn\/#\/schema\/logo\/image\/"}},{"@type":"Person","@id":"https:\/\/www.public.sn\/#\/schema\/person\/f77cd9ce05d8fb925eb038378ee6899d","name":"Baye Amath THIAM","image":{"@type":"ImageObject","inLanguage":"fr-FR","@id":"https:\/\/www.public.sn\/#\/schema\/person\/image\/","url":"https:\/\/secure.gravatar.com\/avatar\/7eb863ef1336b6f8a2ad921469701e52f094a61c698fab02f5af742ed813612d?s=96&d=mm&r=g","contentUrl":"https:\/\/secure.gravatar.com\/avatar\/7eb863ef1336b6f8a2ad921469701e52f094a61c698fab02f5af742ed813612d?s=96&d=mm&r=g","caption":"Baye Amath THIAM"},"url":"https:\/\/www.public.sn\/index.php\/author\/thiamba24\/"}]}},"jetpack_featured_media_url":"https:\/\/www.public.sn\/wp-content\/uploads\/2024\/07\/Capture-decran-2024-07-06-a-15.07.01.png","jetpack_sharing_enabled":true,"_links":{"self":[{"href":"https:\/\/www.public.sn\/index.php\/wp-json\/wp\/v2\/posts\/33907","targetHints":{"allow":["GET"]}}],"collection":[{"href":"https:\/\/www.public.sn\/index.php\/wp-json\/wp\/v2\/posts"}],"about":[{"href":"https:\/\/www.public.sn\/index.php\/wp-json\/wp\/v2\/types\/post"}],"author":[{"embeddable":true,"href":"https:\/\/www.public.sn\/index.php\/wp-json\/wp\/v2\/users\/15"}],"replies":[{"embeddable":true,"href":"https:\/\/www.public.sn\/index.php\/wp-json\/wp\/v2\/comments?post=33907"}],"version-history":[{"count":1,"href":"https:\/\/www.public.sn\/index.php\/wp-json\/wp\/v2\/posts\/33907\/revisions"}],"predecessor-version":[{"id":33909,"href":"https:\/\/www.public.sn\/index.php\/wp-json\/wp\/v2\/posts\/33907\/revisions\/33909"}],"wp:featuredmedia":[{"embeddable":true,"href":"https:\/\/www.public.sn\/index.php\/wp-json\/wp\/v2\/media\/33908"}],"wp:attachment":[{"href":"https:\/\/www.public.sn\/index.php\/wp-json\/wp\/v2\/media?parent=33907"}],"wp:term":[{"taxonomy":"category","embeddable":true,"href":"https:\/\/www.public.sn\/index.php\/wp-json\/wp\/v2\/categories?post=33907"},{"taxonomy":"post_tag","embeddable":true,"href":"https:\/\/www.public.sn\/index.php\/wp-json\/wp\/v2\/tags?post=33907"}],"curies":[{"name":"wp","href":"https:\/\/api.w.org\/{rel}","templated":true}]}}