{"id":33938,"date":"2024-07-08T10:57:26","date_gmt":"2024-07-08T10:57:26","guid":{"rendered":"https:\/\/www.public.sn\/?p=33938"},"modified":"2024-07-08T10:57:26","modified_gmt":"2024-07-08T10:57:26","slug":"cedeao-retrait-du-mali-du-burkina-faso-et-du-niger-pire-des-scenarios-et-une-grande-blessure-au-panafricanisme-selon-pr-bassirou-diomaye-faye","status":"publish","type":"post","link":"https:\/\/www.public.sn\/index.php\/2024\/07\/08\/cedeao-retrait-du-mali-du-burkina-faso-et-du-niger-pire-des-scenarios-et-une-grande-blessure-au-panafricanisme-selon-pr-bassirou-diomaye-faye\/","title":{"rendered":"CEDEAO : Retrait du Mali, du Burkina Faso et du Niger, \u2019\u2019 pire des sc\u00e9narios et une grande blessure au panafricanisme\u201d, selon PR. Bassirou Diomaye Faye"},"content":{"rendered":"<p>Le pr\u00e9sident de la R\u00e9publique du S\u00e9n\u00e9gal, Bassirou Diomaye Faye, a insist\u00e9 dimanche \u00e0 Abuja sur l\u2019imp\u00e9ratif d\u2019\u00e9viter un retrait du Burkina Faso, du Mali et du Niger de la Cedeao, estimant que la sortie de ces \u201dtrois pays fr\u00e8res\u201d serait le \u201d\u2019pire des sc\u00e9narios et une grande blessure au panafricanisme\u201d. <\/p><div class=\"publi-paragraphe1\" style=\"margin-top: 10px;margin-bottom: 10px;margin-left: auto;margin-right: auto;text-align: center;\" id=\"publi-1268145159\"><div class=\"publi-adlabel\">Publicit\u00e9<\/div><script async src=\"\/\/pagead2.googlesyndication.com\/pagead\/js\/adsbygoogle.js?client=ca-pub-4089586018074219\" crossorigin=\"anonymous\"><\/script><ins class=\"adsbygoogle\" style=\"display:block;\" data-ad-client=\"ca-pub-4089586018074219\" \ndata-ad-slot=\"2087940154\" \ndata-ad-format=\"auto\"><\/ins>\n<script> \n(adsbygoogle = window.adsbygoogle || []).push({}); \n<\/script>\n<\/div>\n<p>\u2018\u2019Nous devons tout faire pour \u00e9viter le retrait des trois pays fr\u00e8res de la Cedeao. Ce serait le pire des sc\u00e9narios et une grande blessure au panafricanisme que les p\u00e8res fondateurs nous ont l\u00e9gu\u00e9 et que nous avons la responsabilit\u00e9 historique de sauvegarder et de transmettre aux g\u00e9n\u00e9rations futures\u2019\u2019, a-t-il notamment d\u00e9clar\u00e9. <\/p>\n<p>Le chef de l\u2019Etat s\u00e9n\u00e9galais intervenait au 65e Sommet ordinaire des chefs d\u2019Etat et de gouvernement de la Communaut\u00e9 \u00e9conomique des Etats de l\u2019Afrique de l\u2019ouest. La rencontre au sommet, organis\u00e9e dans la capitale politique du Nigeria, s\u2019est tenue au lendemain de l\u2019annonce de la constitution d\u2019une conf\u00e9d\u00e9ration d\u00e9nomm\u00e9e Alliance des Etats du Sahel (AES) et regroupant le Burkina Faso, le Mali et le Niger. <\/p>\n<p>Les chefs d\u2019Etat de ces trois pays, Ibrahim Traor\u00e9, Assimi Go\u00efta et Abdourahaman Tiani, r\u00e9unis en sommet la veille dans la capitale du Niger, ont ent\u00e9rin\u00e9 le trait\u00e9 mat\u00e9rialisant l\u2019av\u00e8nement de cette conf\u00e9d\u00e9ration tout en r\u00e9it\u00e9rant leur d\u00e9cision irr\u00e9vocable de se retirer de la Cedeao. <\/p>\n<p>\u2018\u2019Il me semble n\u00e9cessaire d\u2019engager les r\u00e9formes idoines pour adapter la Cedeao aux r\u00e9alit\u00e9s de son temps et consolider notre marche collective vers nos objectifs communs\u2019\u2019, a affirm\u00e9 Bassirou Diomaye Faye dans son allocution. Il a, dans le m\u00eame temps, assur\u00e9 ses coll\u00e8gues du soutien du S\u00e9n\u00e9gal \u00e0 la r\u00e9vision du Protocole additionnel sur la d\u00e9mocratie et la bonne gouvernance, en estimant que son adaptation allait contribuer \u00e0 la sauvegarde des id\u00e9aux d\u00e9mocratiques qui font sa raison d\u2019\u00eatre.<\/p>\n<div class=\"publi-apres-le-contenu\" style=\"margin-top: 10px;margin-bottom: 10px;margin-left: auto;margin-right: auto;text-align: center;\" id=\"publi-526726945\"><div class=\"publi-adlabel\">Publicit\u00e9<\/div><script async src=\"\/\/pagead2.googlesyndication.com\/pagead\/js\/adsbygoogle.js?client=ca-pub-4089586018074219\" crossorigin=\"anonymous\"><\/script><ins class=\"adsbygoogle\" style=\"display:block;\" data-ad-client=\"ca-pub-4089586018074219\" \ndata-ad-slot=\"2087940154\" \ndata-ad-format=\"auto\"><\/ins>\n<script> \n(adsbygoogle = window.adsbygoogle || []).push({}); \n<\/script>\n<\/div>","protected":false},"excerpt":{"rendered":"<p>Le pr\u00e9sident de la R\u00e9publique du S\u00e9n\u00e9gal, Bassirou Diomaye Faye, a insist\u00e9 dimanche \u00e0 Abuja sur l\u2019imp\u00e9ratif d\u2019\u00e9viter un retrait du Burkina Faso, du Mali et du Niger de la Cedeao, estimant que la sortie de ces \u201dtrois pays fr\u00e8res\u201d serait le \u201d\u2019pire des sc\u00e9narios et une grande blessure au panafricanisme\u201d. \u2018\u2019Nous devons tout faire pour \u00e9viter le retrait des trois pays fr\u00e8res de la Cedeao. Ce serait le pire des sc\u00e9narios et une grande blessure au panafricanisme que les p\u00e8res fondateurs nous ont l\u00e9gu\u00e9 et que nous avons la responsabilit\u00e9 historique de sauvegarder et de transmettre aux g\u00e9n\u00e9rations futures\u2019\u2019, a-t-il notamment d\u00e9clar\u00e9. Le chef de l\u2019Etat s\u00e9n\u00e9galais intervenait au 65e Sommet ordinaire des chefs d\u2019Etat et de gouvernement de la Communaut\u00e9 \u00e9conomique des Etats de l\u2019Afrique de l\u2019ouest. La rencontre au sommet, organis\u00e9e dans la capitale politique du Nigeria, s\u2019est tenue au lendemain de l\u2019annonce de la constitution d\u2019une conf\u00e9d\u00e9ration d\u00e9nomm\u00e9e Alliance des Etats du Sahel (AES) et regroupant le Burkina Faso, le Mali et le Niger. Les chefs d\u2019Etat de ces trois pays, Ibrahim Traor\u00e9, Assimi Go\u00efta et Abdourahaman Tiani, r\u00e9unis en sommet la veille dans la capitale du Niger, ont ent\u00e9rin\u00e9 le trait\u00e9 mat\u00e9rialisant l\u2019av\u00e8nement de cette conf\u00e9d\u00e9ration tout en r\u00e9it\u00e9rant leur d\u00e9cision irr\u00e9vocable de se retirer de la Cedeao. \u2018\u2019Il me semble n\u00e9cessaire d\u2019engager les r\u00e9formes idoines pour adapter la Cedeao aux r\u00e9alit\u00e9s de son temps et consolider notre marche collective vers nos objectifs communs\u2019\u2019, a affirm\u00e9 Bassirou Diomaye Faye dans son allocution. Il a, dans le m\u00eame temps, assur\u00e9 ses coll\u00e8gues du soutien du S\u00e9n\u00e9gal \u00e0 la r\u00e9vision du Protocole additionnel sur la d\u00e9mocratie et la bonne gouvernance, en estimant que son adaptation allait contribuer \u00e0 la sauvegarde des id\u00e9aux d\u00e9mocratiques qui font sa raison d\u2019\u00eatre.<\/p>\n","protected":false},"author":15,"featured_media":33941,"comment_status":"open","ping_status":"open","sticky":false,"template":"","format":"standard","meta":{"_jetpack_memberships_contains_paid_content":false,"footnotes":""},"categories":[375,550,549,3728,3724,602,376,1],"tags":[6434,3678,6440,6436,6437,6433,6438,6441,6432,6439,6435],"class_list":["post-33938","post","type-post","status-publish","format-standard","has-post-thumbnail","hentry","category-actualites","category-afrique-monde","category-economie","category-internationale","category-justice","category-partenaires","category-securite-justice","category-non-classe","tag-a-insiste-dimanche-a-abuja-sur-limperatif-deviter-un-retrait","tag-bassirou-diomaye-faye","tag-confederation-denommee-alliance-des-etats-du-sahel-aes-et-regroupant-le-burkina-faso","tag-du-mali-et-du-niger-de-la-cedeao","tag-estimant-que-la-sortie-de-ces-trois-pays-freres","tag-faye","tag-la-sortie-de-ces-trois-pays-freres-serait-le-pire-des-scenarios-et-une-grande-blessure-au-panafricanisme","tag-le-mali-et-le-niger","tag-le-president-de-la-republique-du-senegal","tag-pour-eviter-le-retrait-des-trois-pays-freres-de-la-cedeao","tag-un-retrait-du-burkina-faso","entry","has-media","owp-thumbs-layout-horizontal","owp-btn-normal","owp-tabs-layout-horizontal","has-no-thumbnails","has-product-nav"],"yoast_head":"<!-- This site is optimized with the Yoast SEO plugin v25.5 - https:\/\/yoast.com\/wordpress\/plugins\/seo\/ -->\n<title>CEDEAO : Retrait du Mali, du Burkina Faso et du Niger, \u2019\u2019 pire des sc\u00e9narios et une grande blessure au panafricanisme\u201d, selon PR. Bassirou Diomaye Faye - LE PUBLIC<\/title>\n<meta name=\"robots\" content=\"index, follow, max-snippet:-1, max-image-preview:large, max-video-preview:-1\" \/>\n<link rel=\"canonical\" href=\"https:\/\/www.public.sn\/index.php\/2024\/07\/08\/cedeao-retrait-du-mali-du-burkina-faso-et-du-niger-pire-des-scenarios-et-une-grande-blessure-au-panafricanisme-selon-pr-bassirou-diomaye-faye\/\" \/>\n<meta property=\"og:locale\" content=\"fr_FR\" \/>\n<meta property=\"og:type\" content=\"article\" \/>\n<meta property=\"og:title\" content=\"CEDEAO : Retrait du Mali, du Burkina Faso et du Niger, \u2019\u2019 pire des sc\u00e9narios et une grande blessure au panafricanisme\u201d, selon PR. Bassirou Diomaye Faye - LE PUBLIC\" \/>\n<meta property=\"og:description\" content=\"Le pr\u00e9sident de la R\u00e9publique du S\u00e9n\u00e9gal, Bassirou Diomaye Faye, a insist\u00e9 dimanche \u00e0 Abuja sur l\u2019imp\u00e9ratif d\u2019\u00e9viter un retrait du Burkina Faso, du Mali et du Niger de la Cedeao, estimant que la sortie de ces \u201dtrois pays fr\u00e8res\u201d serait le \u201d\u2019pire des sc\u00e9narios et une grande blessure au panafricanisme\u201d. \u2018\u2019Nous devons tout faire pour \u00e9viter le retrait des trois pays fr\u00e8res de la Cedeao. Ce serait le pire des sc\u00e9narios et une grande blessure au panafricanisme que les p\u00e8res fondateurs nous ont l\u00e9gu\u00e9 et que nous avons la responsabilit\u00e9 historique de sauvegarder et de transmettre aux g\u00e9n\u00e9rations futures\u2019\u2019, a-t-il notamment d\u00e9clar\u00e9. Le chef de l\u2019Etat s\u00e9n\u00e9galais intervenait au 65e Sommet ordinaire des chefs d\u2019Etat et de gouvernement de la Communaut\u00e9 \u00e9conomique des Etats de l\u2019Afrique de l\u2019ouest. La rencontre au sommet, organis\u00e9e dans la capitale politique du Nigeria, s\u2019est tenue au lendemain de l\u2019annonce de la constitution d\u2019une conf\u00e9d\u00e9ration d\u00e9nomm\u00e9e Alliance des Etats du Sahel (AES) et regroupant le Burkina Faso, le Mali et le Niger. Les chefs d\u2019Etat de ces trois pays, Ibrahim Traor\u00e9, Assimi Go\u00efta et Abdourahaman Tiani, r\u00e9unis en sommet la veille dans la capitale du Niger, ont ent\u00e9rin\u00e9 le trait\u00e9 mat\u00e9rialisant l\u2019av\u00e8nement de cette conf\u00e9d\u00e9ration tout en r\u00e9it\u00e9rant leur d\u00e9cision irr\u00e9vocable de se retirer de la Cedeao. \u2018\u2019Il me semble n\u00e9cessaire d\u2019engager les r\u00e9formes idoines pour adapter la Cedeao aux r\u00e9alit\u00e9s de son temps et consolider notre marche collective vers nos objectifs communs\u2019\u2019, a affirm\u00e9 Bassirou Diomaye Faye dans son allocution. Il a, dans le m\u00eame temps, assur\u00e9 ses coll\u00e8gues du soutien du S\u00e9n\u00e9gal \u00e0 la r\u00e9vision du Protocole additionnel sur la d\u00e9mocratie et la bonne gouvernance, en estimant que son adaptation allait contribuer \u00e0 la sauvegarde des id\u00e9aux d\u00e9mocratiques qui font sa raison d\u2019\u00eatre.\" \/>\n<meta property=\"og:url\" content=\"https:\/\/www.public.sn\/index.php\/2024\/07\/08\/cedeao-retrait-du-mali-du-burkina-faso-et-du-niger-pire-des-scenarios-et-une-grande-blessure-au-panafricanisme-selon-pr-bassirou-diomaye-faye\/\" \/>\n<meta property=\"og:site_name\" content=\"LE PUBLIC\" \/>\n<meta property=\"article:published_time\" content=\"2024-07-08T10:57:26+00:00\" \/>\n<meta property=\"og:image\" content=\"https:\/\/www.public.sn\/wp-content\/uploads\/2024\/07\/449841281_891247406370166_5193582350107096660_n.jpg\" \/>\n\t<meta property=\"og:image:width\" content=\"1280\" \/>\n\t<meta property=\"og:image:height\" content=\"853\" \/>\n\t<meta property=\"og:image:type\" content=\"image\/jpeg\" \/>\n<meta name=\"author\" content=\"Baye Amath THIAM\" \/>\n<meta name=\"twitter:card\" content=\"summary_large_image\" \/>\n<meta name=\"twitter:label1\" content=\"\u00c9crit par\" \/>\n\t<meta name=\"twitter:data1\" content=\"Baye Amath THIAM\" \/>\n\t<meta name=\"twitter:label2\" content=\"Dur\u00e9e de lecture estim\u00e9e\" \/>\n\t<meta name=\"twitter:data2\" content=\"2 minutes\" \/>\n<script type=\"application\/ld+json\" class=\"yoast-schema-graph\">{\"@context\":\"https:\/\/schema.org\",\"@graph\":[{\"@type\":\"Article\",\"@id\":\"https:\/\/www.public.sn\/index.php\/2024\/07\/08\/cedeao-retrait-du-mali-du-burkina-faso-et-du-niger-pire-des-scenarios-et-une-grande-blessure-au-panafricanisme-selon-pr-bassirou-diomaye-faye\/#article\",\"isPartOf\":{\"@id\":\"https:\/\/www.public.sn\/index.php\/2024\/07\/08\/cedeao-retrait-du-mali-du-burkina-faso-et-du-niger-pire-des-scenarios-et-une-grande-blessure-au-panafricanisme-selon-pr-bassirou-diomaye-faye\/\"},\"author\":{\"name\":\"Baye Amath THIAM\",\"@id\":\"https:\/\/www.public.sn\/#\/schema\/person\/f77cd9ce05d8fb925eb038378ee6899d\"},\"headline\":\"CEDEAO : Retrait du Mali, du Burkina Faso et du Niger, \u2019\u2019 pire des sc\u00e9narios et une grande blessure au panafricanisme\u201d, selon PR. Bassirou Diomaye Faye\",\"datePublished\":\"2024-07-08T10:57:26+00:00\",\"mainEntityOfPage\":{\"@id\":\"https:\/\/www.public.sn\/index.php\/2024\/07\/08\/cedeao-retrait-du-mali-du-burkina-faso-et-du-niger-pire-des-scenarios-et-une-grande-blessure-au-panafricanisme-selon-pr-bassirou-diomaye-faye\/\"},\"wordCount\":370,\"commentCount\":0,\"publisher\":{\"@id\":\"https:\/\/www.public.sn\/#organization\"},\"image\":{\"@id\":\"https:\/\/www.public.sn\/index.php\/2024\/07\/08\/cedeao-retrait-du-mali-du-burkina-faso-et-du-niger-pire-des-scenarios-et-une-grande-blessure-au-panafricanisme-selon-pr-bassirou-diomaye-faye\/#primaryimage\"},\"thumbnailUrl\":\"https:\/\/www.public.sn\/wp-content\/uploads\/2024\/07\/449841281_891247406370166_5193582350107096660_n.jpg\",\"keywords\":[\"a insist\u00e9 dimanche \u00e0 Abuja sur l\u2019imp\u00e9ratif d\u2019\u00e9viter un retrait\",\"bassirou diomaye faye\",\"conf\u00e9d\u00e9ration d\u00e9nomm\u00e9e Alliance des Etats du Sahel (AES) et regroupant le Burkina Faso\",\"du Mali et du Niger de la Cedeao\",\"estimant que la sortie de ces \u201dtrois pays fr\u00e8res\u201d\",\"Faye\",\"la sortie de ces \u201dtrois pays fr\u00e8res\u201d serait le \u201d\u2019pire des sc\u00e9narios et une grande blessure au panafricanisme\u201d.\",\"le Mali et le Niger.\",\"Le pr\u00e9sident de la R\u00e9publique du S\u00e9n\u00e9gal\",\"pour \u00e9viter le retrait des trois pays fr\u00e8res de la Cedeao.\",\"un retrait du Burkina Faso\"],\"articleSection\":[\"ACTUALIT\u00c9S\",\"AFRIQUE &amp; MONDE\",\"\u00c9CONOMIE\",\"internationale\",\"justice\",\"PARTENAIRES\",\"S\u00c9CURIT\u00c9 &amp; JUSTICE\",\"S\u00c9N\u00c9GAL\"],\"inLanguage\":\"fr-FR\",\"potentialAction\":[{\"@type\":\"CommentAction\",\"name\":\"Comment\",\"target\":[\"https:\/\/www.public.sn\/index.php\/2024\/07\/08\/cedeao-retrait-du-mali-du-burkina-faso-et-du-niger-pire-des-scenarios-et-une-grande-blessure-au-panafricanisme-selon-pr-bassirou-diomaye-faye\/#respond\"]}]},{\"@type\":\"WebPage\",\"@id\":\"https:\/\/www.public.sn\/index.php\/2024\/07\/08\/cedeao-retrait-du-mali-du-burkina-faso-et-du-niger-pire-des-scenarios-et-une-grande-blessure-au-panafricanisme-selon-pr-bassirou-diomaye-faye\/\",\"url\":\"https:\/\/www.public.sn\/index.php\/2024\/07\/08\/cedeao-retrait-du-mali-du-burkina-faso-et-du-niger-pire-des-scenarios-et-une-grande-blessure-au-panafricanisme-selon-pr-bassirou-diomaye-faye\/\",\"name\":\"CEDEAO : Retrait du Mali, du Burkina Faso et du Niger, \u2019\u2019 pire des sc\u00e9narios et une grande blessure au panafricanisme\u201d, selon PR. Bassirou Diomaye Faye - LE PUBLIC\",\"isPartOf\":{\"@id\":\"https:\/\/www.public.sn\/#website\"},\"primaryImageOfPage\":{\"@id\":\"https:\/\/www.public.sn\/index.php\/2024\/07\/08\/cedeao-retrait-du-mali-du-burkina-faso-et-du-niger-pire-des-scenarios-et-une-grande-blessure-au-panafricanisme-selon-pr-bassirou-diomaye-faye\/#primaryimage\"},\"image\":{\"@id\":\"https:\/\/www.public.sn\/index.php\/2024\/07\/08\/cedeao-retrait-du-mali-du-burkina-faso-et-du-niger-pire-des-scenarios-et-une-grande-blessure-au-panafricanisme-selon-pr-bassirou-diomaye-faye\/#primaryimage\"},\"thumbnailUrl\":\"https:\/\/www.public.sn\/wp-content\/uploads\/2024\/07\/449841281_891247406370166_5193582350107096660_n.jpg\",\"datePublished\":\"2024-07-08T10:57:26+00:00\",\"breadcrumb\":{\"@id\":\"https:\/\/www.public.sn\/index.php\/2024\/07\/08\/cedeao-retrait-du-mali-du-burkina-faso-et-du-niger-pire-des-scenarios-et-une-grande-blessure-au-panafricanisme-selon-pr-bassirou-diomaye-faye\/#breadcrumb\"},\"inLanguage\":\"fr-FR\",\"potentialAction\":[{\"@type\":\"ReadAction\",\"target\":[\"https:\/\/www.public.sn\/index.php\/2024\/07\/08\/cedeao-retrait-du-mali-du-burkina-faso-et-du-niger-pire-des-scenarios-et-une-grande-blessure-au-panafricanisme-selon-pr-bassirou-diomaye-faye\/\"]}]},{\"@type\":\"ImageObject\",\"inLanguage\":\"fr-FR\",\"@id\":\"https:\/\/www.public.sn\/index.php\/2024\/07\/08\/cedeao-retrait-du-mali-du-burkina-faso-et-du-niger-pire-des-scenarios-et-une-grande-blessure-au-panafricanisme-selon-pr-bassirou-diomaye-faye\/#primaryimage\",\"url\":\"https:\/\/www.public.sn\/wp-content\/uploads\/2024\/07\/449841281_891247406370166_5193582350107096660_n.jpg\",\"contentUrl\":\"https:\/\/www.public.sn\/wp-content\/uploads\/2024\/07\/449841281_891247406370166_5193582350107096660_n.jpg\",\"width\":1280,\"height\":853},{\"@type\":\"BreadcrumbList\",\"@id\":\"https:\/\/www.public.sn\/index.php\/2024\/07\/08\/cedeao-retrait-du-mali-du-burkina-faso-et-du-niger-pire-des-scenarios-et-une-grande-blessure-au-panafricanisme-selon-pr-bassirou-diomaye-faye\/#breadcrumb\",\"itemListElement\":[{\"@type\":\"ListItem\",\"position\":1,\"name\":\"Accueil\",\"item\":\"https:\/\/www.public.sn\/\"},{\"@type\":\"ListItem\",\"position\":2,\"name\":\"CEDEAO : Retrait du Mali, du Burkina Faso et du Niger, \u2019\u2019 pire des sc\u00e9narios et une grande blessure au panafricanisme\u201d, selon PR. Bassirou Diomaye Faye\"}]},{\"@type\":\"WebSite\",\"@id\":\"https:\/\/www.public.sn\/#website\",\"url\":\"https:\/\/www.public.sn\/\",\"name\":\"LE PUBLIC\",\"description\":\"\",\"publisher\":{\"@id\":\"https:\/\/www.public.sn\/#organization\"},\"potentialAction\":[{\"@type\":\"SearchAction\",\"target\":{\"@type\":\"EntryPoint\",\"urlTemplate\":\"https:\/\/www.public.sn\/?s={search_term_string}\"},\"query-input\":{\"@type\":\"PropertyValueSpecification\",\"valueRequired\":true,\"valueName\":\"search_term_string\"}}],\"inLanguage\":\"fr-FR\"},{\"@type\":\"Organization\",\"@id\":\"https:\/\/www.public.sn\/#organization\",\"name\":\"LE PUBLIC\",\"url\":\"https:\/\/www.public.sn\/\",\"logo\":{\"@type\":\"ImageObject\",\"inLanguage\":\"fr-FR\",\"@id\":\"https:\/\/www.public.sn\/#\/schema\/logo\/image\/\",\"url\":\"https:\/\/www.public.sn\/wp-content\/uploads\/2024\/05\/cropped-LOGO-PUBLIC.SN_.png\",\"contentUrl\":\"https:\/\/www.public.sn\/wp-content\/uploads\/2024\/05\/cropped-LOGO-PUBLIC.SN_.png\",\"width\":682,\"height\":192,\"caption\":\"LE PUBLIC\"},\"image\":{\"@id\":\"https:\/\/www.public.sn\/#\/schema\/logo\/image\/\"}},{\"@type\":\"Person\",\"@id\":\"https:\/\/www.public.sn\/#\/schema\/person\/f77cd9ce05d8fb925eb038378ee6899d\",\"name\":\"Baye Amath THIAM\",\"image\":{\"@type\":\"ImageObject\",\"inLanguage\":\"fr-FR\",\"@id\":\"https:\/\/www.public.sn\/#\/schema\/person\/image\/\",\"url\":\"https:\/\/secure.gravatar.com\/avatar\/7eb863ef1336b6f8a2ad921469701e52f094a61c698fab02f5af742ed813612d?s=96&d=mm&r=g\",\"contentUrl\":\"https:\/\/secure.gravatar.com\/avatar\/7eb863ef1336b6f8a2ad921469701e52f094a61c698fab02f5af742ed813612d?s=96&d=mm&r=g\",\"caption\":\"Baye Amath THIAM\"},\"url\":\"https:\/\/www.public.sn\/index.php\/author\/thiamba24\/\"}]}<\/script>\n<!-- \/ Yoast SEO plugin. -->","yoast_head_json":{"title":"CEDEAO : Retrait du Mali, du Burkina Faso et du Niger, \u2019\u2019 pire des sc\u00e9narios et une grande blessure au panafricanisme\u201d, selon PR. Bassirou Diomaye Faye - LE PUBLIC","robots":{"index":"index","follow":"follow","max-snippet":"max-snippet:-1","max-image-preview":"max-image-preview:large","max-video-preview":"max-video-preview:-1"},"canonical":"https:\/\/www.public.sn\/index.php\/2024\/07\/08\/cedeao-retrait-du-mali-du-burkina-faso-et-du-niger-pire-des-scenarios-et-une-grande-blessure-au-panafricanisme-selon-pr-bassirou-diomaye-faye\/","og_locale":"fr_FR","og_type":"article","og_title":"CEDEAO : Retrait du Mali, du Burkina Faso et du Niger, \u2019\u2019 pire des sc\u00e9narios et une grande blessure au panafricanisme\u201d, selon PR. Bassirou Diomaye Faye - LE PUBLIC","og_description":"Le pr\u00e9sident de la R\u00e9publique du S\u00e9n\u00e9gal, Bassirou Diomaye Faye, a insist\u00e9 dimanche \u00e0 Abuja sur l\u2019imp\u00e9ratif d\u2019\u00e9viter un retrait du Burkina Faso, du Mali et du Niger de la Cedeao, estimant que la sortie de ces \u201dtrois pays fr\u00e8res\u201d serait le \u201d\u2019pire des sc\u00e9narios et une grande blessure au panafricanisme\u201d. \u2018\u2019Nous devons tout faire pour \u00e9viter le retrait des trois pays fr\u00e8res de la Cedeao. Ce serait le pire des sc\u00e9narios et une grande blessure au panafricanisme que les p\u00e8res fondateurs nous ont l\u00e9gu\u00e9 et que nous avons la responsabilit\u00e9 historique de sauvegarder et de transmettre aux g\u00e9n\u00e9rations futures\u2019\u2019, a-t-il notamment d\u00e9clar\u00e9. Le chef de l\u2019Etat s\u00e9n\u00e9galais intervenait au 65e Sommet ordinaire des chefs d\u2019Etat et de gouvernement de la Communaut\u00e9 \u00e9conomique des Etats de l\u2019Afrique de l\u2019ouest. La rencontre au sommet, organis\u00e9e dans la capitale politique du Nigeria, s\u2019est tenue au lendemain de l\u2019annonce de la constitution d\u2019une conf\u00e9d\u00e9ration d\u00e9nomm\u00e9e Alliance des Etats du Sahel (AES) et regroupant le Burkina Faso, le Mali et le Niger. Les chefs d\u2019Etat de ces trois pays, Ibrahim Traor\u00e9, Assimi Go\u00efta et Abdourahaman Tiani, r\u00e9unis en sommet la veille dans la capitale du Niger, ont ent\u00e9rin\u00e9 le trait\u00e9 mat\u00e9rialisant l\u2019av\u00e8nement de cette conf\u00e9d\u00e9ration tout en r\u00e9it\u00e9rant leur d\u00e9cision irr\u00e9vocable de se retirer de la Cedeao. \u2018\u2019Il me semble n\u00e9cessaire d\u2019engager les r\u00e9formes idoines pour adapter la Cedeao aux r\u00e9alit\u00e9s de son temps et consolider notre marche collective vers nos objectifs communs\u2019\u2019, a affirm\u00e9 Bassirou Diomaye Faye dans son allocution. Il a, dans le m\u00eame temps, assur\u00e9 ses coll\u00e8gues du soutien du S\u00e9n\u00e9gal \u00e0 la r\u00e9vision du Protocole additionnel sur la d\u00e9mocratie et la bonne gouvernance, en estimant que son adaptation allait contribuer \u00e0 la sauvegarde des id\u00e9aux d\u00e9mocratiques qui font sa raison d\u2019\u00eatre.","og_url":"https:\/\/www.public.sn\/index.php\/2024\/07\/08\/cedeao-retrait-du-mali-du-burkina-faso-et-du-niger-pire-des-scenarios-et-une-grande-blessure-au-panafricanisme-selon-pr-bassirou-diomaye-faye\/","og_site_name":"LE PUBLIC","article_published_time":"2024-07-08T10:57:26+00:00","og_image":[{"width":1280,"height":853,"url":"https:\/\/www.public.sn\/wp-content\/uploads\/2024\/07\/449841281_891247406370166_5193582350107096660_n.jpg","type":"image\/jpeg"}],"author":"Baye Amath THIAM","twitter_card":"summary_large_image","twitter_misc":{"\u00c9crit par":"Baye Amath THIAM","Dur\u00e9e de lecture estim\u00e9e":"2 minutes"},"schema":{"@context":"https:\/\/schema.org","@graph":[{"@type":"Article","@id":"https:\/\/www.public.sn\/index.php\/2024\/07\/08\/cedeao-retrait-du-mali-du-burkina-faso-et-du-niger-pire-des-scenarios-et-une-grande-blessure-au-panafricanisme-selon-pr-bassirou-diomaye-faye\/#article","isPartOf":{"@id":"https:\/\/www.public.sn\/index.php\/2024\/07\/08\/cedeao-retrait-du-mali-du-burkina-faso-et-du-niger-pire-des-scenarios-et-une-grande-blessure-au-panafricanisme-selon-pr-bassirou-diomaye-faye\/"},"author":{"name":"Baye Amath THIAM","@id":"https:\/\/www.public.sn\/#\/schema\/person\/f77cd9ce05d8fb925eb038378ee6899d"},"headline":"CEDEAO : Retrait du Mali, du Burkina Faso et du Niger, \u2019\u2019 pire des sc\u00e9narios et une grande blessure au panafricanisme\u201d, selon PR. Bassirou Diomaye Faye","datePublished":"2024-07-08T10:57:26+00:00","mainEntityOfPage":{"@id":"https:\/\/www.public.sn\/index.php\/2024\/07\/08\/cedeao-retrait-du-mali-du-burkina-faso-et-du-niger-pire-des-scenarios-et-une-grande-blessure-au-panafricanisme-selon-pr-bassirou-diomaye-faye\/"},"wordCount":370,"commentCount":0,"publisher":{"@id":"https:\/\/www.public.sn\/#organization"},"image":{"@id":"https:\/\/www.public.sn\/index.php\/2024\/07\/08\/cedeao-retrait-du-mali-du-burkina-faso-et-du-niger-pire-des-scenarios-et-une-grande-blessure-au-panafricanisme-selon-pr-bassirou-diomaye-faye\/#primaryimage"},"thumbnailUrl":"https:\/\/www.public.sn\/wp-content\/uploads\/2024\/07\/449841281_891247406370166_5193582350107096660_n.jpg","keywords":["a insist\u00e9 dimanche \u00e0 Abuja sur l\u2019imp\u00e9ratif d\u2019\u00e9viter un retrait","bassirou diomaye faye","conf\u00e9d\u00e9ration d\u00e9nomm\u00e9e Alliance des Etats du Sahel (AES) et regroupant le Burkina Faso","du Mali et du Niger de la Cedeao","estimant que la sortie de ces \u201dtrois pays fr\u00e8res\u201d","Faye","la sortie de ces \u201dtrois pays fr\u00e8res\u201d serait le \u201d\u2019pire des sc\u00e9narios et une grande blessure au panafricanisme\u201d.","le Mali et le Niger.","Le pr\u00e9sident de la R\u00e9publique du S\u00e9n\u00e9gal","pour \u00e9viter le retrait des trois pays fr\u00e8res de la Cedeao.","un retrait du Burkina Faso"],"articleSection":["ACTUALIT\u00c9S","AFRIQUE &amp; MONDE","\u00c9CONOMIE","internationale","justice","PARTENAIRES","S\u00c9CURIT\u00c9 &amp; JUSTICE","S\u00c9N\u00c9GAL"],"inLanguage":"fr-FR","potentialAction":[{"@type":"CommentAction","name":"Comment","target":["https:\/\/www.public.sn\/index.php\/2024\/07\/08\/cedeao-retrait-du-mali-du-burkina-faso-et-du-niger-pire-des-scenarios-et-une-grande-blessure-au-panafricanisme-selon-pr-bassirou-diomaye-faye\/#respond"]}]},{"@type":"WebPage","@id":"https:\/\/www.public.sn\/index.php\/2024\/07\/08\/cedeao-retrait-du-mali-du-burkina-faso-et-du-niger-pire-des-scenarios-et-une-grande-blessure-au-panafricanisme-selon-pr-bassirou-diomaye-faye\/","url":"https:\/\/www.public.sn\/index.php\/2024\/07\/08\/cedeao-retrait-du-mali-du-burkina-faso-et-du-niger-pire-des-scenarios-et-une-grande-blessure-au-panafricanisme-selon-pr-bassirou-diomaye-faye\/","name":"CEDEAO : Retrait du Mali, du Burkina Faso et du Niger, \u2019\u2019 pire des sc\u00e9narios et une grande blessure au panafricanisme\u201d, selon PR. Bassirou Diomaye Faye - LE PUBLIC","isPartOf":{"@id":"https:\/\/www.public.sn\/#website"},"primaryImageOfPage":{"@id":"https:\/\/www.public.sn\/index.php\/2024\/07\/08\/cedeao-retrait-du-mali-du-burkina-faso-et-du-niger-pire-des-scenarios-et-une-grande-blessure-au-panafricanisme-selon-pr-bassirou-diomaye-faye\/#primaryimage"},"image":{"@id":"https:\/\/www.public.sn\/index.php\/2024\/07\/08\/cedeao-retrait-du-mali-du-burkina-faso-et-du-niger-pire-des-scenarios-et-une-grande-blessure-au-panafricanisme-selon-pr-bassirou-diomaye-faye\/#primaryimage"},"thumbnailUrl":"https:\/\/www.public.sn\/wp-content\/uploads\/2024\/07\/449841281_891247406370166_5193582350107096660_n.jpg","datePublished":"2024-07-08T10:57:26+00:00","breadcrumb":{"@id":"https:\/\/www.public.sn\/index.php\/2024\/07\/08\/cedeao-retrait-du-mali-du-burkina-faso-et-du-niger-pire-des-scenarios-et-une-grande-blessure-au-panafricanisme-selon-pr-bassirou-diomaye-faye\/#breadcrumb"},"inLanguage":"fr-FR","potentialAction":[{"@type":"ReadAction","target":["https:\/\/www.public.sn\/index.php\/2024\/07\/08\/cedeao-retrait-du-mali-du-burkina-faso-et-du-niger-pire-des-scenarios-et-une-grande-blessure-au-panafricanisme-selon-pr-bassirou-diomaye-faye\/"]}]},{"@type":"ImageObject","inLanguage":"fr-FR","@id":"https:\/\/www.public.sn\/index.php\/2024\/07\/08\/cedeao-retrait-du-mali-du-burkina-faso-et-du-niger-pire-des-scenarios-et-une-grande-blessure-au-panafricanisme-selon-pr-bassirou-diomaye-faye\/#primaryimage","url":"https:\/\/www.public.sn\/wp-content\/uploads\/2024\/07\/449841281_891247406370166_5193582350107096660_n.jpg","contentUrl":"https:\/\/www.public.sn\/wp-content\/uploads\/2024\/07\/449841281_891247406370166_5193582350107096660_n.jpg","width":1280,"height":853},{"@type":"BreadcrumbList","@id":"https:\/\/www.public.sn\/index.php\/2024\/07\/08\/cedeao-retrait-du-mali-du-burkina-faso-et-du-niger-pire-des-scenarios-et-une-grande-blessure-au-panafricanisme-selon-pr-bassirou-diomaye-faye\/#breadcrumb","itemListElement":[{"@type":"ListItem","position":1,"name":"Accueil","item":"https:\/\/www.public.sn\/"},{"@type":"ListItem","position":2,"name":"CEDEAO : Retrait du Mali, du Burkina Faso et du Niger, \u2019\u2019 pire des sc\u00e9narios et une grande blessure au panafricanisme\u201d, selon PR. Bassirou Diomaye Faye"}]},{"@type":"WebSite","@id":"https:\/\/www.public.sn\/#website","url":"https:\/\/www.public.sn\/","name":"LE PUBLIC","description":"","publisher":{"@id":"https:\/\/www.public.sn\/#organization"},"potentialAction":[{"@type":"SearchAction","target":{"@type":"EntryPoint","urlTemplate":"https:\/\/www.public.sn\/?s={search_term_string}"},"query-input":{"@type":"PropertyValueSpecification","valueRequired":true,"valueName":"search_term_string"}}],"inLanguage":"fr-FR"},{"@type":"Organization","@id":"https:\/\/www.public.sn\/#organization","name":"LE PUBLIC","url":"https:\/\/www.public.sn\/","logo":{"@type":"ImageObject","inLanguage":"fr-FR","@id":"https:\/\/www.public.sn\/#\/schema\/logo\/image\/","url":"https:\/\/www.public.sn\/wp-content\/uploads\/2024\/05\/cropped-LOGO-PUBLIC.SN_.png","contentUrl":"https:\/\/www.public.sn\/wp-content\/uploads\/2024\/05\/cropped-LOGO-PUBLIC.SN_.png","width":682,"height":192,"caption":"LE PUBLIC"},"image":{"@id":"https:\/\/www.public.sn\/#\/schema\/logo\/image\/"}},{"@type":"Person","@id":"https:\/\/www.public.sn\/#\/schema\/person\/f77cd9ce05d8fb925eb038378ee6899d","name":"Baye Amath THIAM","image":{"@type":"ImageObject","inLanguage":"fr-FR","@id":"https:\/\/www.public.sn\/#\/schema\/person\/image\/","url":"https:\/\/secure.gravatar.com\/avatar\/7eb863ef1336b6f8a2ad921469701e52f094a61c698fab02f5af742ed813612d?s=96&d=mm&r=g","contentUrl":"https:\/\/secure.gravatar.com\/avatar\/7eb863ef1336b6f8a2ad921469701e52f094a61c698fab02f5af742ed813612d?s=96&d=mm&r=g","caption":"Baye Amath THIAM"},"url":"https:\/\/www.public.sn\/index.php\/author\/thiamba24\/"}]}},"jetpack_featured_media_url":"https:\/\/www.public.sn\/wp-content\/uploads\/2024\/07\/449841281_891247406370166_5193582350107096660_n.jpg","jetpack_sharing_enabled":true,"_links":{"self":[{"href":"https:\/\/www.public.sn\/index.php\/wp-json\/wp\/v2\/posts\/33938","targetHints":{"allow":["GET"]}}],"collection":[{"href":"https:\/\/www.public.sn\/index.php\/wp-json\/wp\/v2\/posts"}],"about":[{"href":"https:\/\/www.public.sn\/index.php\/wp-json\/wp\/v2\/types\/post"}],"author":[{"embeddable":true,"href":"https:\/\/www.public.sn\/index.php\/wp-json\/wp\/v2\/users\/15"}],"replies":[{"embeddable":true,"href":"https:\/\/www.public.sn\/index.php\/wp-json\/wp\/v2\/comments?post=33938"}],"version-history":[{"count":1,"href":"https:\/\/www.public.sn\/index.php\/wp-json\/wp\/v2\/posts\/33938\/revisions"}],"predecessor-version":[{"id":33942,"href":"https:\/\/www.public.sn\/index.php\/wp-json\/wp\/v2\/posts\/33938\/revisions\/33942"}],"wp:featuredmedia":[{"embeddable":true,"href":"https:\/\/www.public.sn\/index.php\/wp-json\/wp\/v2\/media\/33941"}],"wp:attachment":[{"href":"https:\/\/www.public.sn\/index.php\/wp-json\/wp\/v2\/media?parent=33938"}],"wp:term":[{"taxonomy":"category","embeddable":true,"href":"https:\/\/www.public.sn\/index.php\/wp-json\/wp\/v2\/categories?post=33938"},{"taxonomy":"post_tag","embeddable":true,"href":"https:\/\/www.public.sn\/index.php\/wp-json\/wp\/v2\/tags?post=33938"}],"curies":[{"name":"wp","href":"https:\/\/api.w.org\/{rel}","templated":true}]}}